{"id":249587,"date":"2025-07-08T15:32:00","date_gmt":"2025-07-08T12:32:00","guid":{"rendered":"https:\/\/vof-news.eu\/le-parquet-europeen-ouvre-une-enquete-sur-le-rn-et-ses-allies-au-parlement-europeen-suspectes-davoir-mis-en-place-un-systeme-illegal-pour-financer-des-associations\/"},"modified":"2025-07-08T15:32:24","modified_gmt":"2025-07-08T12:32:24","slug":"le-parquet-europeen-ouvre-une-enquete-sur-le-rn-et-ses-allies-au-parlement-europeen-suspectes-davoir-mis-en-place-un-systeme-illegal-pour-financer-des-associations","status":"publish","type":"post","link":"https:\/\/vof-news.eu\/fr\/le-parquet-europeen-ouvre-une-enquete-sur-le-rn-et-ses-allies-au-parlement-europeen-suspectes-davoir-mis-en-place-un-systeme-illegal-pour-financer-des-associations\/","title":{"rendered":"Le parquet europ\u00e9en ouvre une enqu\u00eate sur le RN et ses alli\u00e9s au Parlement europ\u00e9en, suspect\u00e9s d\u2019avoir mis en place un syst\u00e8me ill\u00e9gal pour financer des associations"},"content":{"rendered":"<article>\n<p>Le parquet europ\u00e9en a annonc\u00e9 mardi 8\u00a0juillet avoir ouvert une enqu\u00eate sur le Rassemblement national (RN) et ses alli\u00e9s d\u2019extr\u00eame droite au Parlement europ\u00e9en, soup\u00e7onn\u00e9s de diverses irr\u00e9gularit\u00e9s financi\u00e8res. La porte-parole du parquet qui a communiqu\u00e9 l\u2019information \u00e0 l\u2019Agence France-Presse n\u2019a pas souhait\u00e9 donner davantage de d\u00e9tails .<\/p>\n<section>   <\/section>\n<p>Avec ses alli\u00e9s de l\u2019ex-groupe Identit\u00e9 et D\u00e9mocratie (ID), le RN est suspect\u00e9 d\u2019avoir  plus de 4,3\u00a0millions d\u2019euros entre 2019 et 2024, selon un rapport de la direction des affaires financi\u00e8res de l\u2019institution bruxelloise, r\u00e9v\u00e9l\u00e9 par  et ses partenaires (l\u2019\u00e9mission allemande d\u2019investigation , le magazine allemand\u00a0\u00a0et l\u2019hebdomadaire autrichien\u00a0) le 3\u00a0juillet.<\/p>\n<p>Si la formation fran\u00e7aise n\u2019a exerc\u00e9, durant cette p\u00e9riode, ni la pr\u00e9sidence ni le secr\u00e9tariat g\u00e9n\u00e9ral de cette coalition (\u00e0 l\u2019\u00e9poque domin\u00e9e par la Ligue du Nord italienne), la majeure partie de cette somme a b\u00e9n\u00e9fici\u00e9 \u00e0 deux soci\u00e9t\u00e9s li\u00e9es \u00e0 des proches de M<sup>me<\/sup> Le Pen\u00a0: son ancien conseiller Fr\u00e9d\u00e9ric Chatillon et son \u00e9pouse Sighild Blanc.<\/p>\n<p>D\u2019apr\u00e8s ce document, l\u2019agence de communication e-Politic a ainsi per\u00e7u 1,7\u00a0million d\u2019euros apr\u00e8s un appel d\u2019offres  et entach\u00e9 de  selon les inspecteurs bruxellois, qui estiment par cons\u00e9quent que . M\u00eame chose pour l\u2019entreprise Unanime, qui a empoch\u00e9 plus de 1,4\u00a0million d\u2019euros pour des travaux d\u2019impression, de surcro\u00eet sous-trait\u00e9s \u00e0 moindre co\u00fbt, avec une marge \u00e9valu\u00e9e \u00e0 260\u00a0000\u00a0euros.<\/p>\n<p>Marine Le Pen a \u00e9t\u00e9 condamn\u00e9e fin mars en France <a href=\"https:\/\/www.lemonde.fr\/societe\/article\/2025\/03\/31\/condamnation-de-marine-le-pen-la-sanction-d-un-systeme-destine-a-constituer-une-veritable-manne-financiere-pour-le-parti-et-de-ses-auteurs_6589044_3224.html\" rel=\"nofollow\">dans une affaire distincte, dite des assistants parlementaires europ\u00e9ens<\/a>. Elle lui a valu une condamnation la rendant in\u00e9ligible \u00e0 toute \u00e9lection &#8211; pr\u00e9sidentielle ou l\u00e9gislative &#8211; au moins jusqu\u2019\u00e0 son proc\u00e8s en appel pr\u00e9vu d\u2019ici l\u2019\u00e9t\u00e9 2026. La semaine derni\u00e8re, la responsable d\u2019extr\u00eame droite a affirm\u00e9 ne pas avoir eu connaissance du nouveau dossier visant sa famille politique. , avait-elle d\u00e9clar\u00e9.<\/p>\n<section>   <\/section>\n<section>\n<p> <span>Le Monde avec AFP<\/span> <\/p>\n<\/section>\n<section>\n<section>\n<header>   <\/header>\n<section>\n<section> <a href=\"https:\/\/abo.lemonde.fr\/?lmd_medium=BOUTONS_LMFR&amp;lmd_campaign=CONTRIBUTION_ARTICLE\" rel=\"nofollow\">S\u2019abonner<\/a> <\/section>\n<\/section>\n<section><\/section>\n<\/section>\n<p>Contribuer<\/p>\n<p> <a href=\"https:\/\/www.lemonde.fr\/syndication\/\" rel=\"nofollow\">R\u00e9utiliser ce contenu<\/a> <\/section>\n<\/article>\n","protected":false},"excerpt":{"rendered":"<p>Le parquet europ\u00e9en a annonc\u00e9 mardi 8\u00a0juillet avoir ouvert une enqu\u00eate sur le Rassemblement national (RN) et ses alli\u00e9s d\u2019extr\u00eame droite au Parlement europ\u00e9en, soup\u00e7onn\u00e9s de diverses irr\u00e9gularit\u00e9s financi\u00e8res. La porte-parole du parquet qui a communiqu\u00e9 l\u2019information \u00e0 l\u2019Agence France-Presse n\u2019a pas souhait\u00e9 donner davantage de d\u00e9tails . Avec ses alli\u00e9s de l\u2019ex-groupe Identit\u00e9 et<\/p>\n","protected":false},"author":1,"featured_media":0,"comment_status":"open","ping_status":"open","sticky":false,"template":"","format":"standard","meta":{"footnotes":""},"categories":[68],"tags":[],"class_list":["post-249587","post","type-post","status-publish","format-standard","hentry","category-politics-fr"],"acf":[],"yoast_head":"<!-- This site is optimized with the Yoast SEO plugin v22.9 - https:\/\/yoast.com\/wordpress\/plugins\/seo\/ -->\n<title>Le parquet europ\u00e9en ouvre une enqu\u00eate sur le RN et ses alli\u00e9s au Parlement europ\u00e9en, suspect\u00e9s d\u2019avoir mis en place un syst\u00e8me ill\u00e9gal pour financer des associations - vof-news.eu<\/title>\n<meta name=\"description\" content=\"Le parquet europ\u00e9en a annonc\u00e9 mardi 8\u00a0juillet avoir ouvert une enqu\u00eate sur le Rassemblement national (RN) et ses alli\u00e9s d\u2019extr\u00eame droite au Parlement europ\u00e9en, soup\u00e7onn\u00e9s de diverses irr\u00e9gularit\u00e9s financi\u00e8res. La porte-parole du parquet qui a communiqu\u00e9 l\u2019information \u00e0 l\u2019Agence France-Presse n\u2019a pas souhait\u00e9 donner davantage de d\u00e9tails .   Avec ses alli\u00e9s de l\u2019ex-groupe Identit\u00e9 et D\u00e9mocratie (ID), le RN est suspect\u00e9 d\u2019avoir plus de 4,3\u00a0millions d\u2019euros entre 2019 et 2024, selon un rapport de la direction des affaires financi\u00e8res de l\u2019institution bruxelloise, r\u00e9v\u00e9l\u00e9 par et ses partenaires (l\u2019\u00e9mission allemande d\u2019investigation , le magazine allemand\u00a0\u00a0et l\u2019hebdomadaire autrichien\u00a0) le 3\u00a0juillet. Si la formation fran\u00e7aise n\u2019a exerc\u00e9, durant cette p\u00e9riode, ni la pr\u00e9sidence ni le secr\u00e9tariat g\u00e9n\u00e9ral de cette coalition (\u00e0 l\u2019\u00e9poque domin\u00e9e par la Ligue du Nord italienne), la majeure partie de cette somme a b\u00e9n\u00e9fici\u00e9 \u00e0 deux soci\u00e9t\u00e9s li\u00e9es \u00e0 des proches de Mme Le Pen\u00a0: son ancien conseiller Fr\u00e9d\u00e9ric Chatillon et son \u00e9pouse Sighild Blanc. D\u2019apr\u00e8s ce document, l\u2019agence de communication e-Politic a ainsi per\u00e7u 1,7\u00a0million d\u2019euros apr\u00e8s un appel d\u2019offres et entach\u00e9 de selon les inspecteurs bruxellois, qui estiment par cons\u00e9quent que . M\u00eame chose pour l\u2019entreprise Unanime, qui a empoch\u00e9 plus de 1,4\u00a0million d\u2019euros pour des travaux d\u2019impression, de surcro\u00eet sous-trait\u00e9s \u00e0 moindre co\u00fbt, avec une marge \u00e9valu\u00e9e \u00e0 260\u00a0000\u00a0euros. Marine Le Pen a \u00e9t\u00e9 condamn\u00e9e fin mars en France dans une affaire distincte, dite des assistants parlementaires europ\u00e9ens. Elle lui a valu une condamnation la rendant in\u00e9ligible \u00e0 toute \u00e9lection - pr\u00e9sidentielle ou l\u00e9gislative - au moins jusqu\u2019\u00e0 son proc\u00e8s en appel pr\u00e9vu d\u2019ici l\u2019\u00e9t\u00e9 2026. La semaine derni\u00e8re, la responsable d\u2019extr\u00eame droite a affirm\u00e9 ne pas avoir eu connaissance du nouveau dossier visant sa famille politique. , avait-elle d\u00e9clar\u00e9.    Le Monde avec AFP      S\u2019abonner   Contribuer R\u00e9utiliser ce contenu\" \/>\n<meta name=\"robots\" content=\"noindex, follow, max-snippet:-1, max-image-preview:large, max-video-preview:-1\" \/>\n<meta property=\"og:locale\" content=\"fr_FR\" \/>\n<meta property=\"og:type\" content=\"article\" \/>\n<meta property=\"og:title\" content=\"Le parquet europ\u00e9en ouvre une enqu\u00eate sur le RN et ses alli\u00e9s au Parlement europ\u00e9en, suspect\u00e9s d\u2019avoir mis en place un syst\u00e8me ill\u00e9gal pour financer des associations - vof-news.eu\" \/>\n<meta property=\"og:description\" content=\"Le parquet europ\u00e9en a annonc\u00e9 mardi 8\u00a0juillet avoir ouvert une enqu\u00eate sur le Rassemblement national (RN) et ses alli\u00e9s d\u2019extr\u00eame droite au Parlement europ\u00e9en, soup\u00e7onn\u00e9s de diverses irr\u00e9gularit\u00e9s financi\u00e8res. La porte-parole du parquet qui a communiqu\u00e9 l\u2019information \u00e0 l\u2019Agence France-Presse n\u2019a pas souhait\u00e9 donner davantage de d\u00e9tails .   Avec ses alli\u00e9s de l\u2019ex-groupe Identit\u00e9 et D\u00e9mocratie (ID), le RN est suspect\u00e9 d\u2019avoir plus de 4,3\u00a0millions d\u2019euros entre 2019 et 2024, selon un rapport de la direction des affaires financi\u00e8res de l\u2019institution bruxelloise, r\u00e9v\u00e9l\u00e9 par et ses partenaires (l\u2019\u00e9mission allemande d\u2019investigation , le magazine allemand\u00a0\u00a0et l\u2019hebdomadaire autrichien\u00a0) le 3\u00a0juillet. Si la formation fran\u00e7aise n\u2019a exerc\u00e9, durant cette p\u00e9riode, ni la pr\u00e9sidence ni le secr\u00e9tariat g\u00e9n\u00e9ral de cette coalition (\u00e0 l\u2019\u00e9poque domin\u00e9e par la Ligue du Nord italienne), la majeure partie de cette somme a b\u00e9n\u00e9fici\u00e9 \u00e0 deux soci\u00e9t\u00e9s li\u00e9es \u00e0 des proches de Mme Le Pen\u00a0: son ancien conseiller Fr\u00e9d\u00e9ric Chatillon et son \u00e9pouse Sighild Blanc. D\u2019apr\u00e8s ce document, l\u2019agence de communication e-Politic a ainsi per\u00e7u 1,7\u00a0million d\u2019euros apr\u00e8s un appel d\u2019offres et entach\u00e9 de selon les inspecteurs bruxellois, qui estiment par cons\u00e9quent que . M\u00eame chose pour l\u2019entreprise Unanime, qui a empoch\u00e9 plus de 1,4\u00a0million d\u2019euros pour des travaux d\u2019impression, de surcro\u00eet sous-trait\u00e9s \u00e0 moindre co\u00fbt, avec une marge \u00e9valu\u00e9e \u00e0 260\u00a0000\u00a0euros. Marine Le Pen a \u00e9t\u00e9 condamn\u00e9e fin mars en France dans une affaire distincte, dite des assistants parlementaires europ\u00e9ens. Elle lui a valu une condamnation la rendant in\u00e9ligible \u00e0 toute \u00e9lection - pr\u00e9sidentielle ou l\u00e9gislative - au moins jusqu\u2019\u00e0 son proc\u00e8s en appel pr\u00e9vu d\u2019ici l\u2019\u00e9t\u00e9 2026. La semaine derni\u00e8re, la responsable d\u2019extr\u00eame droite a affirm\u00e9 ne pas avoir eu connaissance du nouveau dossier visant sa famille politique. , avait-elle d\u00e9clar\u00e9.    Le Monde avec AFP      S\u2019abonner   Contribuer R\u00e9utiliser ce contenu\" \/>\n<meta property=\"og:url\" content=\"https:\/\/vof-news.eu\/fr\/le-parquet-europeen-ouvre-une-enquete-sur-le-rn-et-ses-allies-au-parlement-europeen-suspectes-davoir-mis-en-place-un-systeme-illegal-pour-financer-des-associations\/\" \/>\n<meta property=\"og:site_name\" content=\"vof-news.eu\" \/>\n<meta property=\"article:published_time\" content=\"2025-07-08T12:32:00+00:00\" \/>\n<meta property=\"article:modified_time\" content=\"2025-07-08T12:32:24+00:00\" \/>\n<meta name=\"author\" content=\"Author\" \/>\n<meta name=\"twitter:card\" content=\"summary_large_image\" \/>\n<meta name=\"twitter:label1\" content=\"\u00c9crit par\" \/>\n\t<meta name=\"twitter:data1\" content=\"Author\" \/>\n\t<meta name=\"twitter:label2\" content=\"Dur\u00e9e de lecture estim\u00e9e\" \/>\n\t<meta name=\"twitter:data2\" content=\"2 minutes\" \/>\n<script type=\"application\/ld+json\" class=\"yoast-schema-graph\">{\"@context\":\"https:\/\/schema.org\",\"@graph\":[{\"@type\":\"WebPage\",\"@id\":\"https:\/\/vof-news.eu\/fr\/le-parquet-europeen-ouvre-une-enquete-sur-le-rn-et-ses-allies-au-parlement-europeen-suspectes-davoir-mis-en-place-un-systeme-illegal-pour-financer-des-associations\/\",\"url\":\"https:\/\/vof-news.eu\/fr\/le-parquet-europeen-ouvre-une-enquete-sur-le-rn-et-ses-allies-au-parlement-europeen-suspectes-davoir-mis-en-place-un-systeme-illegal-pour-financer-des-associations\/\",\"name\":\"Le parquet europ\u00e9en ouvre une enqu\u00eate sur le RN et ses alli\u00e9s au Parlement europ\u00e9en, suspect\u00e9s d\u2019avoir mis en place un syst\u00e8me ill\u00e9gal pour financer des associations - vof-news.eu\",\"isPartOf\":{\"@id\":\"https:\/\/vof-news.eu\/fr\/#website\"},\"datePublished\":\"2025-07-08T12:32:00+00:00\",\"dateModified\":\"2025-07-08T12:32:24+00:00\",\"author\":{\"@id\":\"https:\/\/vof-news.eu\/fr\/#\/schema\/person\/f6a2a4309f0561835797fd8c19b333ed\"},\"description\":\"Le parquet europ\u00e9en a annonc\u00e9 mardi 8\u00a0juillet avoir ouvert une enqu\u00eate sur le Rassemblement national (RN) et ses alli\u00e9s d\u2019extr\u00eame droite au Parlement europ\u00e9en, soup\u00e7onn\u00e9s de diverses irr\u00e9gularit\u00e9s financi\u00e8res. La porte-parole du parquet qui a communiqu\u00e9 l\u2019information \u00e0 l\u2019Agence France-Presse n\u2019a pas souhait\u00e9 donner davantage de d\u00e9tails . Avec ses alli\u00e9s de l\u2019ex-groupe Identit\u00e9 et D\u00e9mocratie (ID), le RN est suspect\u00e9 d\u2019avoir plus de 4,3\u00a0millions d\u2019euros entre 2019 et 2024, selon un rapport de la direction des affaires financi\u00e8res de l\u2019institution bruxelloise, r\u00e9v\u00e9l\u00e9 par et ses partenaires (l\u2019\u00e9mission allemande d\u2019investigation , le magazine allemand\u00a0\u00a0et l\u2019hebdomadaire autrichien\u00a0) le 3\u00a0juillet. Si la formation fran\u00e7aise n\u2019a exerc\u00e9, durant cette p\u00e9riode, ni la pr\u00e9sidence ni le secr\u00e9tariat g\u00e9n\u00e9ral de cette coalition (\u00e0 l\u2019\u00e9poque domin\u00e9e par la Ligue du Nord italienne), la majeure partie de cette somme a b\u00e9n\u00e9fici\u00e9 \u00e0 deux soci\u00e9t\u00e9s li\u00e9es \u00e0 des proches de Mme Le Pen\u00a0: son ancien conseiller Fr\u00e9d\u00e9ric Chatillon et son \u00e9pouse Sighild Blanc. D\u2019apr\u00e8s ce document, l\u2019agence de communication e-Politic a ainsi per\u00e7u 1,7\u00a0million d\u2019euros apr\u00e8s un appel d\u2019offres et entach\u00e9 de selon les inspecteurs bruxellois, qui estiment par cons\u00e9quent que . M\u00eame chose pour l\u2019entreprise Unanime, qui a empoch\u00e9 plus de 1,4\u00a0million d\u2019euros pour des travaux d\u2019impression, de surcro\u00eet sous-trait\u00e9s \u00e0 moindre co\u00fbt, avec une marge \u00e9valu\u00e9e \u00e0 260\u00a0000\u00a0euros. Marine Le Pen a \u00e9t\u00e9 condamn\u00e9e fin mars en France dans une affaire distincte, dite des assistants parlementaires europ\u00e9ens. Elle lui a valu une condamnation la rendant in\u00e9ligible \u00e0 toute \u00e9lection - pr\u00e9sidentielle ou l\u00e9gislative - au moins jusqu\u2019\u00e0 son proc\u00e8s en appel pr\u00e9vu d\u2019ici l\u2019\u00e9t\u00e9 2026. La semaine derni\u00e8re, la responsable d\u2019extr\u00eame droite a affirm\u00e9 ne pas avoir eu connaissance du nouveau dossier visant sa famille politique. , avait-elle d\u00e9clar\u00e9. Le Monde avec AFP S\u2019abonner Contribuer R\u00e9utiliser ce contenu\",\"breadcrumb\":{\"@id\":\"https:\/\/vof-news.eu\/fr\/le-parquet-europeen-ouvre-une-enquete-sur-le-rn-et-ses-allies-au-parlement-europeen-suspectes-davoir-mis-en-place-un-systeme-illegal-pour-financer-des-associations\/#breadcrumb\"},\"inLanguage\":\"fr-FR\",\"potentialAction\":[{\"@type\":\"ReadAction\",\"target\":[\"https:\/\/vof-news.eu\/fr\/le-parquet-europeen-ouvre-une-enquete-sur-le-rn-et-ses-allies-au-parlement-europeen-suspectes-davoir-mis-en-place-un-systeme-illegal-pour-financer-des-associations\/\"]}]},{\"@type\":\"BreadcrumbList\",\"@id\":\"https:\/\/vof-news.eu\/fr\/le-parquet-europeen-ouvre-une-enquete-sur-le-rn-et-ses-allies-au-parlement-europeen-suspectes-davoir-mis-en-place-un-systeme-illegal-pour-financer-des-associations\/#breadcrumb\",\"itemListElement\":[{\"@type\":\"ListItem\",\"position\":1,\"name\":\"Home\",\"item\":\"https:\/\/vof-news.eu\/fr\/\"},{\"@type\":\"ListItem\",\"position\":2,\"name\":\"Le parquet europ\u00e9en ouvre une enqu\u00eate sur le RN et ses alli\u00e9s au Parlement europ\u00e9en, suspect\u00e9s d\u2019avoir mis en place un syst\u00e8me ill\u00e9gal pour financer des associations\"}]},{\"@type\":\"WebSite\",\"@id\":\"https:\/\/vof-news.eu\/fr\/#website\",\"url\":\"https:\/\/vof-news.eu\/fr\/\",\"name\":\"vof-news.eu\",\"description\":\"\",\"potentialAction\":[{\"@type\":\"SearchAction\",\"target\":{\"@type\":\"EntryPoint\",\"urlTemplate\":\"https:\/\/vof-news.eu\/fr\/?s={search_term_string}\"},\"query-input\":\"required name=search_term_string\"}],\"inLanguage\":\"fr-FR\"},{\"@type\":\"Person\",\"@id\":\"https:\/\/vof-news.eu\/fr\/#\/schema\/person\/f6a2a4309f0561835797fd8c19b333ed\",\"name\":\"Author\",\"image\":{\"@type\":\"ImageObject\",\"inLanguage\":\"fr-FR\",\"@id\":\"https:\/\/vof-news.eu\/fr\/#\/schema\/person\/image\/\",\"url\":\"https:\/\/secure.gravatar.com\/avatar\/b67e614b1b25b3e9c0c239efdd2fde5ab015b5affd6f1c3c85911ca4b384e790?s=96&d=mm&r=g\",\"contentUrl\":\"https:\/\/secure.gravatar.com\/avatar\/b67e614b1b25b3e9c0c239efdd2fde5ab015b5affd6f1c3c85911ca4b384e790?s=96&d=mm&r=g\",\"caption\":\"Author\"},\"sameAs\":[\"http:\/\/vof-news.eu\"],\"url\":\"https:\/\/vof-news.eu\/fr\/author\/zwt6qxnjulxbnyg\/\"}]}<\/script>\n<!-- \/ Yoast SEO plugin. -->","yoast_head_json":{"title":"Le parquet europ\u00e9en ouvre une enqu\u00eate sur le RN et ses alli\u00e9s au Parlement europ\u00e9en, suspect\u00e9s d\u2019avoir mis en place un syst\u00e8me ill\u00e9gal pour financer des associations - vof-news.eu","description":"Le parquet europ\u00e9en a annonc\u00e9 mardi 8\u00a0juillet avoir ouvert une enqu\u00eate sur le Rassemblement national (RN) et ses alli\u00e9s d\u2019extr\u00eame droite au Parlement europ\u00e9en, soup\u00e7onn\u00e9s de diverses irr\u00e9gularit\u00e9s financi\u00e8res. La porte-parole du parquet qui a communiqu\u00e9 l\u2019information \u00e0 l\u2019Agence France-Presse n\u2019a pas souhait\u00e9 donner davantage de d\u00e9tails .   Avec ses alli\u00e9s de l\u2019ex-groupe Identit\u00e9 et D\u00e9mocratie (ID), le RN est suspect\u00e9 d\u2019avoir plus de 4,3\u00a0millions d\u2019euros entre 2019 et 2024, selon un rapport de la direction des affaires financi\u00e8res de l\u2019institution bruxelloise, r\u00e9v\u00e9l\u00e9 par et ses partenaires (l\u2019\u00e9mission allemande d\u2019investigation , le magazine allemand\u00a0\u00a0et l\u2019hebdomadaire autrichien\u00a0) le 3\u00a0juillet. Si la formation fran\u00e7aise n\u2019a exerc\u00e9, durant cette p\u00e9riode, ni la pr\u00e9sidence ni le secr\u00e9tariat g\u00e9n\u00e9ral de cette coalition (\u00e0 l\u2019\u00e9poque domin\u00e9e par la Ligue du Nord italienne), la majeure partie de cette somme a b\u00e9n\u00e9fici\u00e9 \u00e0 deux soci\u00e9t\u00e9s li\u00e9es \u00e0 des proches de Mme Le Pen\u00a0: son ancien conseiller Fr\u00e9d\u00e9ric Chatillon et son \u00e9pouse Sighild Blanc. D\u2019apr\u00e8s ce document, l\u2019agence de communication e-Politic a ainsi per\u00e7u 1,7\u00a0million d\u2019euros apr\u00e8s un appel d\u2019offres et entach\u00e9 de selon les inspecteurs bruxellois, qui estiment par cons\u00e9quent que . M\u00eame chose pour l\u2019entreprise Unanime, qui a empoch\u00e9 plus de 1,4\u00a0million d\u2019euros pour des travaux d\u2019impression, de surcro\u00eet sous-trait\u00e9s \u00e0 moindre co\u00fbt, avec une marge \u00e9valu\u00e9e \u00e0 260\u00a0000\u00a0euros. Marine Le Pen a \u00e9t\u00e9 condamn\u00e9e fin mars en France dans une affaire distincte, dite des assistants parlementaires europ\u00e9ens. Elle lui a valu une condamnation la rendant in\u00e9ligible \u00e0 toute \u00e9lection - pr\u00e9sidentielle ou l\u00e9gislative - au moins jusqu\u2019\u00e0 son proc\u00e8s en appel pr\u00e9vu d\u2019ici l\u2019\u00e9t\u00e9 2026. La semaine derni\u00e8re, la responsable d\u2019extr\u00eame droite a affirm\u00e9 ne pas avoir eu connaissance du nouveau dossier visant sa famille politique. , avait-elle d\u00e9clar\u00e9.    Le Monde avec AFP      S\u2019abonner   Contribuer R\u00e9utiliser ce contenu","robots":{"index":"noindex","follow":"follow","max-snippet":"max-snippet:-1","max-image-preview":"max-image-preview:large","max-video-preview":"max-video-preview:-1"},"og_locale":"fr_FR","og_type":"article","og_title":"Le parquet europ\u00e9en ouvre une enqu\u00eate sur le RN et ses alli\u00e9s au Parlement europ\u00e9en, suspect\u00e9s d\u2019avoir mis en place un syst\u00e8me ill\u00e9gal pour financer des associations - vof-news.eu","og_description":"Le parquet europ\u00e9en a annonc\u00e9 mardi 8\u00a0juillet avoir ouvert une enqu\u00eate sur le Rassemblement national (RN) et ses alli\u00e9s d\u2019extr\u00eame droite au Parlement europ\u00e9en, soup\u00e7onn\u00e9s de diverses irr\u00e9gularit\u00e9s financi\u00e8res. La porte-parole du parquet qui a communiqu\u00e9 l\u2019information \u00e0 l\u2019Agence France-Presse n\u2019a pas souhait\u00e9 donner davantage de d\u00e9tails .   Avec ses alli\u00e9s de l\u2019ex-groupe Identit\u00e9 et D\u00e9mocratie (ID), le RN est suspect\u00e9 d\u2019avoir plus de 4,3\u00a0millions d\u2019euros entre 2019 et 2024, selon un rapport de la direction des affaires financi\u00e8res de l\u2019institution bruxelloise, r\u00e9v\u00e9l\u00e9 par et ses partenaires (l\u2019\u00e9mission allemande d\u2019investigation , le magazine allemand\u00a0\u00a0et l\u2019hebdomadaire autrichien\u00a0) le 3\u00a0juillet. Si la formation fran\u00e7aise n\u2019a exerc\u00e9, durant cette p\u00e9riode, ni la pr\u00e9sidence ni le secr\u00e9tariat g\u00e9n\u00e9ral de cette coalition (\u00e0 l\u2019\u00e9poque domin\u00e9e par la Ligue du Nord italienne), la majeure partie de cette somme a b\u00e9n\u00e9fici\u00e9 \u00e0 deux soci\u00e9t\u00e9s li\u00e9es \u00e0 des proches de Mme Le Pen\u00a0: son ancien conseiller Fr\u00e9d\u00e9ric Chatillon et son \u00e9pouse Sighild Blanc. D\u2019apr\u00e8s ce document, l\u2019agence de communication e-Politic a ainsi per\u00e7u 1,7\u00a0million d\u2019euros apr\u00e8s un appel d\u2019offres et entach\u00e9 de selon les inspecteurs bruxellois, qui estiment par cons\u00e9quent que . M\u00eame chose pour l\u2019entreprise Unanime, qui a empoch\u00e9 plus de 1,4\u00a0million d\u2019euros pour des travaux d\u2019impression, de surcro\u00eet sous-trait\u00e9s \u00e0 moindre co\u00fbt, avec une marge \u00e9valu\u00e9e \u00e0 260\u00a0000\u00a0euros. Marine Le Pen a \u00e9t\u00e9 condamn\u00e9e fin mars en France dans une affaire distincte, dite des assistants parlementaires europ\u00e9ens. Elle lui a valu une condamnation la rendant in\u00e9ligible \u00e0 toute \u00e9lection - pr\u00e9sidentielle ou l\u00e9gislative - au moins jusqu\u2019\u00e0 son proc\u00e8s en appel pr\u00e9vu d\u2019ici l\u2019\u00e9t\u00e9 2026. La semaine derni\u00e8re, la responsable d\u2019extr\u00eame droite a affirm\u00e9 ne pas avoir eu connaissance du nouveau dossier visant sa famille politique. , avait-elle d\u00e9clar\u00e9.    Le Monde avec AFP      S\u2019abonner   Contribuer R\u00e9utiliser ce contenu","og_url":"https:\/\/vof-news.eu\/fr\/le-parquet-europeen-ouvre-une-enquete-sur-le-rn-et-ses-allies-au-parlement-europeen-suspectes-davoir-mis-en-place-un-systeme-illegal-pour-financer-des-associations\/","og_site_name":"vof-news.eu","article_published_time":"2025-07-08T12:32:00+00:00","article_modified_time":"2025-07-08T12:32:24+00:00","author":"Author","twitter_card":"summary_large_image","twitter_misc":{"\u00c9crit par":"Author","Dur\u00e9e de lecture estim\u00e9e":"2 minutes"},"schema":{"@context":"https:\/\/schema.org","@graph":[{"@type":"WebPage","@id":"https:\/\/vof-news.eu\/fr\/le-parquet-europeen-ouvre-une-enquete-sur-le-rn-et-ses-allies-au-parlement-europeen-suspectes-davoir-mis-en-place-un-systeme-illegal-pour-financer-des-associations\/","url":"https:\/\/vof-news.eu\/fr\/le-parquet-europeen-ouvre-une-enquete-sur-le-rn-et-ses-allies-au-parlement-europeen-suspectes-davoir-mis-en-place-un-systeme-illegal-pour-financer-des-associations\/","name":"Le parquet europ\u00e9en ouvre une enqu\u00eate sur le RN et ses alli\u00e9s au Parlement europ\u00e9en, suspect\u00e9s d\u2019avoir mis en place un syst\u00e8me ill\u00e9gal pour financer des associations - vof-news.eu","isPartOf":{"@id":"https:\/\/vof-news.eu\/fr\/#website"},"datePublished":"2025-07-08T12:32:00+00:00","dateModified":"2025-07-08T12:32:24+00:00","author":{"@id":"https:\/\/vof-news.eu\/fr\/#\/schema\/person\/f6a2a4309f0561835797fd8c19b333ed"},"description":"Le parquet europ\u00e9en a annonc\u00e9 mardi 8\u00a0juillet avoir ouvert une enqu\u00eate sur le Rassemblement national (RN) et ses alli\u00e9s d\u2019extr\u00eame droite au Parlement europ\u00e9en, soup\u00e7onn\u00e9s de diverses irr\u00e9gularit\u00e9s financi\u00e8res. La porte-parole du parquet qui a communiqu\u00e9 l\u2019information \u00e0 l\u2019Agence France-Presse n\u2019a pas souhait\u00e9 donner davantage de d\u00e9tails . Avec ses alli\u00e9s de l\u2019ex-groupe Identit\u00e9 et D\u00e9mocratie (ID), le RN est suspect\u00e9 d\u2019avoir plus de 4,3\u00a0millions d\u2019euros entre 2019 et 2024, selon un rapport de la direction des affaires financi\u00e8res de l\u2019institution bruxelloise, r\u00e9v\u00e9l\u00e9 par et ses partenaires (l\u2019\u00e9mission allemande d\u2019investigation , le magazine allemand\u00a0\u00a0et l\u2019hebdomadaire autrichien\u00a0) le 3\u00a0juillet. Si la formation fran\u00e7aise n\u2019a exerc\u00e9, durant cette p\u00e9riode, ni la pr\u00e9sidence ni le secr\u00e9tariat g\u00e9n\u00e9ral de cette coalition (\u00e0 l\u2019\u00e9poque domin\u00e9e par la Ligue du Nord italienne), la majeure partie de cette somme a b\u00e9n\u00e9fici\u00e9 \u00e0 deux soci\u00e9t\u00e9s li\u00e9es \u00e0 des proches de Mme Le Pen\u00a0: son ancien conseiller Fr\u00e9d\u00e9ric Chatillon et son \u00e9pouse Sighild Blanc. D\u2019apr\u00e8s ce document, l\u2019agence de communication e-Politic a ainsi per\u00e7u 1,7\u00a0million d\u2019euros apr\u00e8s un appel d\u2019offres et entach\u00e9 de selon les inspecteurs bruxellois, qui estiment par cons\u00e9quent que . M\u00eame chose pour l\u2019entreprise Unanime, qui a empoch\u00e9 plus de 1,4\u00a0million d\u2019euros pour des travaux d\u2019impression, de surcro\u00eet sous-trait\u00e9s \u00e0 moindre co\u00fbt, avec une marge \u00e9valu\u00e9e \u00e0 260\u00a0000\u00a0euros. Marine Le Pen a \u00e9t\u00e9 condamn\u00e9e fin mars en France dans une affaire distincte, dite des assistants parlementaires europ\u00e9ens. Elle lui a valu une condamnation la rendant in\u00e9ligible \u00e0 toute \u00e9lection - pr\u00e9sidentielle ou l\u00e9gislative - au moins jusqu\u2019\u00e0 son proc\u00e8s en appel pr\u00e9vu d\u2019ici l\u2019\u00e9t\u00e9 2026. La semaine derni\u00e8re, la responsable d\u2019extr\u00eame droite a affirm\u00e9 ne pas avoir eu connaissance du nouveau dossier visant sa famille politique. , avait-elle d\u00e9clar\u00e9. Le Monde avec AFP S\u2019abonner Contribuer R\u00e9utiliser ce contenu","breadcrumb":{"@id":"https:\/\/vof-news.eu\/fr\/le-parquet-europeen-ouvre-une-enquete-sur-le-rn-et-ses-allies-au-parlement-europeen-suspectes-davoir-mis-en-place-un-systeme-illegal-pour-financer-des-associations\/#breadcrumb"},"inLanguage":"fr-FR","potentialAction":[{"@type":"ReadAction","target":["https:\/\/vof-news.eu\/fr\/le-parquet-europeen-ouvre-une-enquete-sur-le-rn-et-ses-allies-au-parlement-europeen-suspectes-davoir-mis-en-place-un-systeme-illegal-pour-financer-des-associations\/"]}]},{"@type":"BreadcrumbList","@id":"https:\/\/vof-news.eu\/fr\/le-parquet-europeen-ouvre-une-enquete-sur-le-rn-et-ses-allies-au-parlement-europeen-suspectes-davoir-mis-en-place-un-systeme-illegal-pour-financer-des-associations\/#breadcrumb","itemListElement":[{"@type":"ListItem","position":1,"name":"Home","item":"https:\/\/vof-news.eu\/fr\/"},{"@type":"ListItem","position":2,"name":"Le parquet europ\u00e9en ouvre une enqu\u00eate sur le RN et ses alli\u00e9s au Parlement europ\u00e9en, suspect\u00e9s d\u2019avoir mis en place un syst\u00e8me ill\u00e9gal pour financer des associations"}]},{"@type":"WebSite","@id":"https:\/\/vof-news.eu\/fr\/#website","url":"https:\/\/vof-news.eu\/fr\/","name":"vof-news.eu","description":"","potentialAction":[{"@type":"SearchAction","target":{"@type":"EntryPoint","urlTemplate":"https:\/\/vof-news.eu\/fr\/?s={search_term_string}"},"query-input":"required name=search_term_string"}],"inLanguage":"fr-FR"},{"@type":"Person","@id":"https:\/\/vof-news.eu\/fr\/#\/schema\/person\/f6a2a4309f0561835797fd8c19b333ed","name":"Author","image":{"@type":"ImageObject","inLanguage":"fr-FR","@id":"https:\/\/vof-news.eu\/fr\/#\/schema\/person\/image\/","url":"https:\/\/secure.gravatar.com\/avatar\/b67e614b1b25b3e9c0c239efdd2fde5ab015b5affd6f1c3c85911ca4b384e790?s=96&d=mm&r=g","contentUrl":"https:\/\/secure.gravatar.com\/avatar\/b67e614b1b25b3e9c0c239efdd2fde5ab015b5affd6f1c3c85911ca4b384e790?s=96&d=mm&r=g","caption":"Author"},"sameAs":["http:\/\/vof-news.eu"],"url":"https:\/\/vof-news.eu\/fr\/author\/zwt6qxnjulxbnyg\/"}]}},"yoast_meta":{"yoast_wpseo_title":"","yoast_wpseo_metadesc":"","yoast_wpseo_canonical":""},"_links":{"self":[{"href":"https:\/\/vof-news.eu\/fr\/wp-json\/wp\/v2\/posts\/249587","targetHints":{"allow":["GET"]}}],"collection":[{"href":"https:\/\/vof-news.eu\/fr\/wp-json\/wp\/v2\/posts"}],"about":[{"href":"https:\/\/vof-news.eu\/fr\/wp-json\/wp\/v2\/types\/post"}],"author":[{"embeddable":true,"href":"https:\/\/vof-news.eu\/fr\/wp-json\/wp\/v2\/users\/1"}],"replies":[{"embeddable":true,"href":"https:\/\/vof-news.eu\/fr\/wp-json\/wp\/v2\/comments?post=249587"}],"version-history":[{"count":1,"href":"https:\/\/vof-news.eu\/fr\/wp-json\/wp\/v2\/posts\/249587\/revisions"}],"predecessor-version":[{"id":249588,"href":"https:\/\/vof-news.eu\/fr\/wp-json\/wp\/v2\/posts\/249587\/revisions\/249588"}],"wp:attachment":[{"href":"https:\/\/vof-news.eu\/fr\/wp-json\/wp\/v2\/media?parent=249587"}],"wp:term":[{"taxonomy":"category","embeddable":true,"href":"https:\/\/vof-news.eu\/fr\/wp-json\/wp\/v2\/categories?post=249587"},{"taxonomy":"post_tag","embeddable":true,"href":"https:\/\/vof-news.eu\/fr\/wp-json\/wp\/v2\/tags?post=249587"}],"curies":[{"name":"wp","href":"https:\/\/api.w.org\/{rel}","templated":true}]}}