{"id":249515,"date":"2025-07-08T13:36:19","date_gmt":"2025-07-08T10:36:19","guid":{"rendered":"https:\/\/vof-news.eu\/guerre-en-ukraine-nouvelle-volte-face-des-etats-unis-sur-les-livraisons-darmes-a-kiev\/"},"modified":"2025-07-08T13:36:38","modified_gmt":"2025-07-08T10:36:38","slug":"guerre-en-ukraine-nouvelle-volte-face-des-etats-unis-sur-les-livraisons-darmes-a-kiev","status":"publish","type":"post","link":"https:\/\/vof-news.eu\/fr\/guerre-en-ukraine-nouvelle-volte-face-des-etats-unis-sur-les-livraisons-darmes-a-kiev\/","title":{"rendered":"Guerre en Ukraine\u00a0: nouvelle volte-face des Etats-Unis sur les livraisons d\u2019armes \u00e0 Kiev"},"content":{"rendered":"<article>\n<p>Une semaine seulement apr\u00e8s la r\u00e9v\u00e9lation d\u2019une pause dans les livraisons d\u2019armes am\u00e9ricaines en faveur de l\u2019Ukraine, Donald Trump a annonc\u00e9 leur reprise, lundi 7\u00a0juillet, en marge d\u2019un d\u00eener de travail avec le premier ministre isra\u00e9lien, Benyamin N\u00e9tanyahou. \u00bb, a assur\u00e9 le pr\u00e9sident des Etats-Unis. Les Ukrainiens \u00ab\u00a0\u00bb, a ajout\u00e9 Donald Trump.<\/p>\n<p>Assis \u00e0 la gauche du pr\u00e9sident, son secr\u00e9taire \u00e0 la d\u00e9fense, Pete Hegseth, a silencieusement approuv\u00e9 ces propos en hochant la t\u00eate. La pause concernant des livraisons d\u00e9cid\u00e9es par l\u2019administration pr\u00e9c\u00e9dente \u00e9tait venue pourtant de ses propres services, prenant de court les autorit\u00e9s ukrainiennes et leurs alli\u00e9s europ\u00e9ens, comme de nombreux \u00e9lus du Congr\u00e8s, y compris r\u00e9publicains, favorables \u00e0 une plus grande solidarit\u00e9 \u00e0 l\u2019\u00e9gard de Kiev.<\/p>\n<section>   <\/section>\n<p>Une porte-parole adjointe de la Maison Blanche, interrog\u00e9e par le site  qui avait r\u00e9v\u00e9l\u00e9 l\u2019arr\u00eat des livraisons, le 1<sup>er<\/sup>\u00a0juillet, avait justifi\u00e9 la d\u00e9cision, expliquant qu\u2019elle visait \u00ab\u00bb.<\/p>\n<p><strong>Il vous reste 60.12% de cet article \u00e0 lire. La suite est r\u00e9serv\u00e9e aux abonn\u00e9s.<\/strong><\/p>\n<\/article>\n","protected":false},"excerpt":{"rendered":"<p>Une semaine seulement apr\u00e8s la r\u00e9v\u00e9lation d\u2019une pause dans les livraisons d\u2019armes am\u00e9ricaines en faveur de l\u2019Ukraine, Donald Trump a annonc\u00e9 leur reprise, lundi 7\u00a0juillet, en marge d\u2019un d\u00eener de travail avec le premier ministre isra\u00e9lien, Benyamin N\u00e9tanyahou. \u00bb, a assur\u00e9 le pr\u00e9sident des Etats-Unis. Les Ukrainiens \u00ab\u00a0\u00bb, a ajout\u00e9 Donald Trump. Assis \u00e0 la<\/p>\n","protected":false},"author":1,"featured_media":249516,"comment_status":"open","ping_status":"open","sticky":false,"template":"","format":"standard","meta":{"footnotes":""},"categories":[115],"tags":[],"class_list":["post-249515","post","type-post","status-publish","format-standard","has-post-thumbnail","hentry","category-war-chronicles-fr"],"acf":[],"yoast_head":"<!-- This site is optimized with the Yoast SEO plugin v22.9 - https:\/\/yoast.com\/wordpress\/plugins\/seo\/ -->\n<title>Guerre en Ukraine\u00a0: nouvelle volte-face des Etats-Unis sur les livraisons d\u2019armes \u00e0 Kiev - vof-news.eu<\/title>\n<meta name=\"description\" content=\"Une semaine seulement apr\u00e8s la r\u00e9v\u00e9lation d\u2019une pause dans les livraisons d\u2019armes am\u00e9ricaines en faveur de l\u2019Ukraine, Donald Trump a annonc\u00e9 leur reprise, lundi 7\u00a0juillet, en marge d\u2019un d\u00eener de travail avec le premier ministre isra\u00e9lien, Benyamin N\u00e9tanyahou. \u00bb, a assur\u00e9 le pr\u00e9sident des Etats-Unis. Les Ukrainiens \u00ab\u00a0\u00bb, a ajout\u00e9 Donald Trump. Assis \u00e0 la gauche du pr\u00e9sident, son secr\u00e9taire \u00e0 la d\u00e9fense, Pete Hegseth, a silencieusement approuv\u00e9 ces propos en hochant la t\u00eate. La pause concernant des livraisons d\u00e9cid\u00e9es par l\u2019administration pr\u00e9c\u00e9dente \u00e9tait venue pourtant de ses propres services, prenant de court les autorit\u00e9s ukrainiennes et leurs alli\u00e9s europ\u00e9ens, comme de nombreux \u00e9lus du Congr\u00e8s, y compris r\u00e9publicains, favorables \u00e0 une plus grande solidarit\u00e9 \u00e0 l\u2019\u00e9gard de Kiev.   Une porte-parole adjointe de la Maison Blanche, interrog\u00e9e par le site qui avait r\u00e9v\u00e9l\u00e9 l\u2019arr\u00eat des livraisons, le 1er\u00a0juillet, avait justifi\u00e9 la d\u00e9cision, expliquant qu\u2019elle visait \u00ab\u00bb. Il vous reste 60.12% de cet article \u00e0 lire. La suite est r\u00e9serv\u00e9e aux abonn\u00e9s.\" \/>\n<meta name=\"robots\" content=\"noindex, follow, max-snippet:-1, max-image-preview:large, max-video-preview:-1\" \/>\n<meta property=\"og:locale\" content=\"fr_FR\" \/>\n<meta property=\"og:type\" content=\"article\" \/>\n<meta property=\"og:title\" content=\"Guerre en Ukraine\u00a0: nouvelle volte-face des Etats-Unis sur les livraisons d\u2019armes \u00e0 Kiev - vof-news.eu\" \/>\n<meta property=\"og:description\" content=\"Une semaine seulement apr\u00e8s la r\u00e9v\u00e9lation d\u2019une pause dans les livraisons d\u2019armes am\u00e9ricaines en faveur de l\u2019Ukraine, Donald Trump a annonc\u00e9 leur reprise, lundi 7\u00a0juillet, en marge d\u2019un d\u00eener de travail avec le premier ministre isra\u00e9lien, Benyamin N\u00e9tanyahou. \u00bb, a assur\u00e9 le pr\u00e9sident des Etats-Unis. Les Ukrainiens \u00ab\u00a0\u00bb, a ajout\u00e9 Donald Trump. Assis \u00e0 la gauche du pr\u00e9sident, son secr\u00e9taire \u00e0 la d\u00e9fense, Pete Hegseth, a silencieusement approuv\u00e9 ces propos en hochant la t\u00eate. La pause concernant des livraisons d\u00e9cid\u00e9es par l\u2019administration pr\u00e9c\u00e9dente \u00e9tait venue pourtant de ses propres services, prenant de court les autorit\u00e9s ukrainiennes et leurs alli\u00e9s europ\u00e9ens, comme de nombreux \u00e9lus du Congr\u00e8s, y compris r\u00e9publicains, favorables \u00e0 une plus grande solidarit\u00e9 \u00e0 l\u2019\u00e9gard de Kiev.   Une porte-parole adjointe de la Maison Blanche, interrog\u00e9e par le site qui avait r\u00e9v\u00e9l\u00e9 l\u2019arr\u00eat des livraisons, le 1er\u00a0juillet, avait justifi\u00e9 la d\u00e9cision, expliquant qu\u2019elle visait \u00ab\u00bb. Il vous reste 60.12% de cet article \u00e0 lire. La suite est r\u00e9serv\u00e9e aux abonn\u00e9s.\" \/>\n<meta property=\"og:url\" content=\"https:\/\/vof-news.eu\/fr\/guerre-en-ukraine-nouvelle-volte-face-des-etats-unis-sur-les-livraisons-darmes-a-kiev\/\" \/>\n<meta property=\"og:site_name\" content=\"vof-news.eu\" \/>\n<meta property=\"article:published_time\" content=\"2025-07-08T10:36:19+00:00\" \/>\n<meta property=\"article:modified_time\" content=\"2025-07-08T10:36:38+00:00\" \/>\n<meta property=\"og:image\" content=\"https:\/\/vof-news.eu\/wp-content\/uploads\/2025\/07\/bc9531b_ftp-import-images-1-0jy9maf03jta-2025-07-08t001612z-1402129793-rc2zhfaf09ic-rtrmadp-3-usa-israel.jpg\" \/>\n\t<meta property=\"og:image:width\" content=\"664\" \/>\n\t<meta property=\"og:image:height\" content=\"443\" \/>\n\t<meta property=\"og:image:type\" content=\"image\/jpeg\" \/>\n<meta name=\"author\" content=\"Author\" \/>\n<meta name=\"twitter:card\" content=\"summary_large_image\" \/>\n<meta name=\"twitter:label1\" content=\"\u00c9crit par\" \/>\n\t<meta name=\"twitter:data1\" content=\"Author\" \/>\n\t<meta name=\"twitter:label2\" content=\"Dur\u00e9e de lecture estim\u00e9e\" \/>\n\t<meta name=\"twitter:data2\" content=\"1 minute\" \/>\n<script type=\"application\/ld+json\" class=\"yoast-schema-graph\">{\"@context\":\"https:\/\/schema.org\",\"@graph\":[{\"@type\":\"WebPage\",\"@id\":\"https:\/\/vof-news.eu\/fr\/guerre-en-ukraine-nouvelle-volte-face-des-etats-unis-sur-les-livraisons-darmes-a-kiev\/\",\"url\":\"https:\/\/vof-news.eu\/fr\/guerre-en-ukraine-nouvelle-volte-face-des-etats-unis-sur-les-livraisons-darmes-a-kiev\/\",\"name\":\"Guerre en Ukraine\u00a0: nouvelle volte-face des Etats-Unis sur les livraisons d\u2019armes \u00e0 Kiev - vof-news.eu\",\"isPartOf\":{\"@id\":\"https:\/\/vof-news.eu\/fr\/#website\"},\"primaryImageOfPage\":{\"@id\":\"https:\/\/vof-news.eu\/fr\/guerre-en-ukraine-nouvelle-volte-face-des-etats-unis-sur-les-livraisons-darmes-a-kiev\/#primaryimage\"},\"image\":{\"@id\":\"https:\/\/vof-news.eu\/fr\/guerre-en-ukraine-nouvelle-volte-face-des-etats-unis-sur-les-livraisons-darmes-a-kiev\/#primaryimage\"},\"thumbnailUrl\":\"https:\/\/vof-news.eu\/wp-content\/uploads\/2025\/07\/bc9531b_ftp-import-images-1-0jy9maf03jta-2025-07-08t001612z-1402129793-rc2zhfaf09ic-rtrmadp-3-usa-israel.jpg\",\"datePublished\":\"2025-07-08T10:36:19+00:00\",\"dateModified\":\"2025-07-08T10:36:38+00:00\",\"author\":{\"@id\":\"https:\/\/vof-news.eu\/fr\/#\/schema\/person\/f6a2a4309f0561835797fd8c19b333ed\"},\"description\":\"Une semaine seulement apr\u00e8s la r\u00e9v\u00e9lation d\u2019une pause dans les livraisons d\u2019armes am\u00e9ricaines en faveur de l\u2019Ukraine, Donald Trump a annonc\u00e9 leur reprise, lundi 7\u00a0juillet, en marge d\u2019un d\u00eener de travail avec le premier ministre isra\u00e9lien, Benyamin N\u00e9tanyahou. \u00bb, a assur\u00e9 le pr\u00e9sident des Etats-Unis. Les Ukrainiens \u00ab\u00a0\u00bb, a ajout\u00e9 Donald Trump. Assis \u00e0 la gauche du pr\u00e9sident, son secr\u00e9taire \u00e0 la d\u00e9fense, Pete Hegseth, a silencieusement approuv\u00e9 ces propos en hochant la t\u00eate. La pause concernant des livraisons d\u00e9cid\u00e9es par l\u2019administration pr\u00e9c\u00e9dente \u00e9tait venue pourtant de ses propres services, prenant de court les autorit\u00e9s ukrainiennes et leurs alli\u00e9s europ\u00e9ens, comme de nombreux \u00e9lus du Congr\u00e8s, y compris r\u00e9publicains, favorables \u00e0 une plus grande solidarit\u00e9 \u00e0 l\u2019\u00e9gard de Kiev. Une porte-parole adjointe de la Maison Blanche, interrog\u00e9e par le site qui avait r\u00e9v\u00e9l\u00e9 l\u2019arr\u00eat des livraisons, le 1er\u00a0juillet, avait justifi\u00e9 la d\u00e9cision, expliquant qu\u2019elle visait \u00ab\u00bb. Il vous reste 60.12% de cet article \u00e0 lire. La suite est r\u00e9serv\u00e9e aux abonn\u00e9s.\",\"breadcrumb\":{\"@id\":\"https:\/\/vof-news.eu\/fr\/guerre-en-ukraine-nouvelle-volte-face-des-etats-unis-sur-les-livraisons-darmes-a-kiev\/#breadcrumb\"},\"inLanguage\":\"fr-FR\",\"potentialAction\":[{\"@type\":\"ReadAction\",\"target\":[\"https:\/\/vof-news.eu\/fr\/guerre-en-ukraine-nouvelle-volte-face-des-etats-unis-sur-les-livraisons-darmes-a-kiev\/\"]}]},{\"@type\":\"ImageObject\",\"inLanguage\":\"fr-FR\",\"@id\":\"https:\/\/vof-news.eu\/fr\/guerre-en-ukraine-nouvelle-volte-face-des-etats-unis-sur-les-livraisons-darmes-a-kiev\/#primaryimage\",\"url\":\"https:\/\/vof-news.eu\/wp-content\/uploads\/2025\/07\/bc9531b_ftp-import-images-1-0jy9maf03jta-2025-07-08t001612z-1402129793-rc2zhfaf09ic-rtrmadp-3-usa-israel.jpg\",\"contentUrl\":\"https:\/\/vof-news.eu\/wp-content\/uploads\/2025\/07\/bc9531b_ftp-import-images-1-0jy9maf03jta-2025-07-08t001612z-1402129793-rc2zhfaf09ic-rtrmadp-3-usa-israel.jpg\",\"width\":664,\"height\":443},{\"@type\":\"BreadcrumbList\",\"@id\":\"https:\/\/vof-news.eu\/fr\/guerre-en-ukraine-nouvelle-volte-face-des-etats-unis-sur-les-livraisons-darmes-a-kiev\/#breadcrumb\",\"itemListElement\":[{\"@type\":\"ListItem\",\"position\":1,\"name\":\"Home\",\"item\":\"https:\/\/vof-news.eu\/fr\/\"},{\"@type\":\"ListItem\",\"position\":2,\"name\":\"Guerre en Ukraine\u00a0: nouvelle volte-face des Etats-Unis sur les livraisons d\u2019armes \u00e0 Kiev\"}]},{\"@type\":\"WebSite\",\"@id\":\"https:\/\/vof-news.eu\/fr\/#website\",\"url\":\"https:\/\/vof-news.eu\/fr\/\",\"name\":\"vof-news.eu\",\"description\":\"\",\"potentialAction\":[{\"@type\":\"SearchAction\",\"target\":{\"@type\":\"EntryPoint\",\"urlTemplate\":\"https:\/\/vof-news.eu\/fr\/?s={search_term_string}\"},\"query-input\":\"required name=search_term_string\"}],\"inLanguage\":\"fr-FR\"},{\"@type\":\"Person\",\"@id\":\"https:\/\/vof-news.eu\/fr\/#\/schema\/person\/f6a2a4309f0561835797fd8c19b333ed\",\"name\":\"Author\",\"image\":{\"@type\":\"ImageObject\",\"inLanguage\":\"fr-FR\",\"@id\":\"https:\/\/vof-news.eu\/fr\/#\/schema\/person\/image\/\",\"url\":\"https:\/\/secure.gravatar.com\/avatar\/b67e614b1b25b3e9c0c239efdd2fde5ab015b5affd6f1c3c85911ca4b384e790?s=96&d=mm&r=g\",\"contentUrl\":\"https:\/\/secure.gravatar.com\/avatar\/b67e614b1b25b3e9c0c239efdd2fde5ab015b5affd6f1c3c85911ca4b384e790?s=96&d=mm&r=g\",\"caption\":\"Author\"},\"sameAs\":[\"http:\/\/vof-news.eu\"],\"url\":\"https:\/\/vof-news.eu\/fr\/author\/zwt6qxnjulxbnyg\/\"}]}<\/script>\n<!-- \/ Yoast SEO plugin. -->","yoast_head_json":{"title":"Guerre en Ukraine\u00a0: nouvelle volte-face des Etats-Unis sur les livraisons d\u2019armes \u00e0 Kiev - vof-news.eu","description":"Une semaine seulement apr\u00e8s la r\u00e9v\u00e9lation d\u2019une pause dans les livraisons d\u2019armes am\u00e9ricaines en faveur de l\u2019Ukraine, Donald Trump a annonc\u00e9 leur reprise, lundi 7\u00a0juillet, en marge d\u2019un d\u00eener de travail avec le premier ministre isra\u00e9lien, Benyamin N\u00e9tanyahou. \u00bb, a assur\u00e9 le pr\u00e9sident des Etats-Unis. Les Ukrainiens \u00ab\u00a0\u00bb, a ajout\u00e9 Donald Trump. Assis \u00e0 la gauche du pr\u00e9sident, son secr\u00e9taire \u00e0 la d\u00e9fense, Pete Hegseth, a silencieusement approuv\u00e9 ces propos en hochant la t\u00eate. La pause concernant des livraisons d\u00e9cid\u00e9es par l\u2019administration pr\u00e9c\u00e9dente \u00e9tait venue pourtant de ses propres services, prenant de court les autorit\u00e9s ukrainiennes et leurs alli\u00e9s europ\u00e9ens, comme de nombreux \u00e9lus du Congr\u00e8s, y compris r\u00e9publicains, favorables \u00e0 une plus grande solidarit\u00e9 \u00e0 l\u2019\u00e9gard de Kiev.   Une porte-parole adjointe de la Maison Blanche, interrog\u00e9e par le site qui avait r\u00e9v\u00e9l\u00e9 l\u2019arr\u00eat des livraisons, le 1er\u00a0juillet, avait justifi\u00e9 la d\u00e9cision, expliquant qu\u2019elle visait \u00ab\u00bb. Il vous reste 60.12% de cet article \u00e0 lire. La suite est r\u00e9serv\u00e9e aux abonn\u00e9s.","robots":{"index":"noindex","follow":"follow","max-snippet":"max-snippet:-1","max-image-preview":"max-image-preview:large","max-video-preview":"max-video-preview:-1"},"og_locale":"fr_FR","og_type":"article","og_title":"Guerre en Ukraine\u00a0: nouvelle volte-face des Etats-Unis sur les livraisons d\u2019armes \u00e0 Kiev - vof-news.eu","og_description":"Une semaine seulement apr\u00e8s la r\u00e9v\u00e9lation d\u2019une pause dans les livraisons d\u2019armes am\u00e9ricaines en faveur de l\u2019Ukraine, Donald Trump a annonc\u00e9 leur reprise, lundi 7\u00a0juillet, en marge d\u2019un d\u00eener de travail avec le premier ministre isra\u00e9lien, Benyamin N\u00e9tanyahou. \u00bb, a assur\u00e9 le pr\u00e9sident des Etats-Unis. Les Ukrainiens \u00ab\u00a0\u00bb, a ajout\u00e9 Donald Trump. Assis \u00e0 la gauche du pr\u00e9sident, son secr\u00e9taire \u00e0 la d\u00e9fense, Pete Hegseth, a silencieusement approuv\u00e9 ces propos en hochant la t\u00eate. La pause concernant des livraisons d\u00e9cid\u00e9es par l\u2019administration pr\u00e9c\u00e9dente \u00e9tait venue pourtant de ses propres services, prenant de court les autorit\u00e9s ukrainiennes et leurs alli\u00e9s europ\u00e9ens, comme de nombreux \u00e9lus du Congr\u00e8s, y compris r\u00e9publicains, favorables \u00e0 une plus grande solidarit\u00e9 \u00e0 l\u2019\u00e9gard de Kiev.   Une porte-parole adjointe de la Maison Blanche, interrog\u00e9e par le site qui avait r\u00e9v\u00e9l\u00e9 l\u2019arr\u00eat des livraisons, le 1er\u00a0juillet, avait justifi\u00e9 la d\u00e9cision, expliquant qu\u2019elle visait \u00ab\u00bb. Il vous reste 60.12% de cet article \u00e0 lire. La suite est r\u00e9serv\u00e9e aux abonn\u00e9s.","og_url":"https:\/\/vof-news.eu\/fr\/guerre-en-ukraine-nouvelle-volte-face-des-etats-unis-sur-les-livraisons-darmes-a-kiev\/","og_site_name":"vof-news.eu","article_published_time":"2025-07-08T10:36:19+00:00","article_modified_time":"2025-07-08T10:36:38+00:00","og_image":[{"width":664,"height":443,"url":"https:\/\/vof-news.eu\/wp-content\/uploads\/2025\/07\/bc9531b_ftp-import-images-1-0jy9maf03jta-2025-07-08t001612z-1402129793-rc2zhfaf09ic-rtrmadp-3-usa-israel.jpg","type":"image\/jpeg"}],"author":"Author","twitter_card":"summary_large_image","twitter_misc":{"\u00c9crit par":"Author","Dur\u00e9e de lecture estim\u00e9e":"1 minute"},"schema":{"@context":"https:\/\/schema.org","@graph":[{"@type":"WebPage","@id":"https:\/\/vof-news.eu\/fr\/guerre-en-ukraine-nouvelle-volte-face-des-etats-unis-sur-les-livraisons-darmes-a-kiev\/","url":"https:\/\/vof-news.eu\/fr\/guerre-en-ukraine-nouvelle-volte-face-des-etats-unis-sur-les-livraisons-darmes-a-kiev\/","name":"Guerre en Ukraine\u00a0: nouvelle volte-face des Etats-Unis sur les livraisons d\u2019armes \u00e0 Kiev - vof-news.eu","isPartOf":{"@id":"https:\/\/vof-news.eu\/fr\/#website"},"primaryImageOfPage":{"@id":"https:\/\/vof-news.eu\/fr\/guerre-en-ukraine-nouvelle-volte-face-des-etats-unis-sur-les-livraisons-darmes-a-kiev\/#primaryimage"},"image":{"@id":"https:\/\/vof-news.eu\/fr\/guerre-en-ukraine-nouvelle-volte-face-des-etats-unis-sur-les-livraisons-darmes-a-kiev\/#primaryimage"},"thumbnailUrl":"https:\/\/vof-news.eu\/wp-content\/uploads\/2025\/07\/bc9531b_ftp-import-images-1-0jy9maf03jta-2025-07-08t001612z-1402129793-rc2zhfaf09ic-rtrmadp-3-usa-israel.jpg","datePublished":"2025-07-08T10:36:19+00:00","dateModified":"2025-07-08T10:36:38+00:00","author":{"@id":"https:\/\/vof-news.eu\/fr\/#\/schema\/person\/f6a2a4309f0561835797fd8c19b333ed"},"description":"Une semaine seulement apr\u00e8s la r\u00e9v\u00e9lation d\u2019une pause dans les livraisons d\u2019armes am\u00e9ricaines en faveur de l\u2019Ukraine, Donald Trump a annonc\u00e9 leur reprise, lundi 7\u00a0juillet, en marge d\u2019un d\u00eener de travail avec le premier ministre isra\u00e9lien, Benyamin N\u00e9tanyahou. \u00bb, a assur\u00e9 le pr\u00e9sident des Etats-Unis. Les Ukrainiens \u00ab\u00a0\u00bb, a ajout\u00e9 Donald Trump. Assis \u00e0 la gauche du pr\u00e9sident, son secr\u00e9taire \u00e0 la d\u00e9fense, Pete Hegseth, a silencieusement approuv\u00e9 ces propos en hochant la t\u00eate. La pause concernant des livraisons d\u00e9cid\u00e9es par l\u2019administration pr\u00e9c\u00e9dente \u00e9tait venue pourtant de ses propres services, prenant de court les autorit\u00e9s ukrainiennes et leurs alli\u00e9s europ\u00e9ens, comme de nombreux \u00e9lus du Congr\u00e8s, y compris r\u00e9publicains, favorables \u00e0 une plus grande solidarit\u00e9 \u00e0 l\u2019\u00e9gard de Kiev. Une porte-parole adjointe de la Maison Blanche, interrog\u00e9e par le site qui avait r\u00e9v\u00e9l\u00e9 l\u2019arr\u00eat des livraisons, le 1er\u00a0juillet, avait justifi\u00e9 la d\u00e9cision, expliquant qu\u2019elle visait \u00ab\u00bb. Il vous reste 60.12% de cet article \u00e0 lire. La suite est r\u00e9serv\u00e9e aux abonn\u00e9s.","breadcrumb":{"@id":"https:\/\/vof-news.eu\/fr\/guerre-en-ukraine-nouvelle-volte-face-des-etats-unis-sur-les-livraisons-darmes-a-kiev\/#breadcrumb"},"inLanguage":"fr-FR","potentialAction":[{"@type":"ReadAction","target":["https:\/\/vof-news.eu\/fr\/guerre-en-ukraine-nouvelle-volte-face-des-etats-unis-sur-les-livraisons-darmes-a-kiev\/"]}]},{"@type":"ImageObject","inLanguage":"fr-FR","@id":"https:\/\/vof-news.eu\/fr\/guerre-en-ukraine-nouvelle-volte-face-des-etats-unis-sur-les-livraisons-darmes-a-kiev\/#primaryimage","url":"https:\/\/vof-news.eu\/wp-content\/uploads\/2025\/07\/bc9531b_ftp-import-images-1-0jy9maf03jta-2025-07-08t001612z-1402129793-rc2zhfaf09ic-rtrmadp-3-usa-israel.jpg","contentUrl":"https:\/\/vof-news.eu\/wp-content\/uploads\/2025\/07\/bc9531b_ftp-import-images-1-0jy9maf03jta-2025-07-08t001612z-1402129793-rc2zhfaf09ic-rtrmadp-3-usa-israel.jpg","width":664,"height":443},{"@type":"BreadcrumbList","@id":"https:\/\/vof-news.eu\/fr\/guerre-en-ukraine-nouvelle-volte-face-des-etats-unis-sur-les-livraisons-darmes-a-kiev\/#breadcrumb","itemListElement":[{"@type":"ListItem","position":1,"name":"Home","item":"https:\/\/vof-news.eu\/fr\/"},{"@type":"ListItem","position":2,"name":"Guerre en Ukraine\u00a0: nouvelle volte-face des Etats-Unis sur les livraisons d\u2019armes \u00e0 Kiev"}]},{"@type":"WebSite","@id":"https:\/\/vof-news.eu\/fr\/#website","url":"https:\/\/vof-news.eu\/fr\/","name":"vof-news.eu","description":"","potentialAction":[{"@type":"SearchAction","target":{"@type":"EntryPoint","urlTemplate":"https:\/\/vof-news.eu\/fr\/?s={search_term_string}"},"query-input":"required name=search_term_string"}],"inLanguage":"fr-FR"},{"@type":"Person","@id":"https:\/\/vof-news.eu\/fr\/#\/schema\/person\/f6a2a4309f0561835797fd8c19b333ed","name":"Author","image":{"@type":"ImageObject","inLanguage":"fr-FR","@id":"https:\/\/vof-news.eu\/fr\/#\/schema\/person\/image\/","url":"https:\/\/secure.gravatar.com\/avatar\/b67e614b1b25b3e9c0c239efdd2fde5ab015b5affd6f1c3c85911ca4b384e790?s=96&d=mm&r=g","contentUrl":"https:\/\/secure.gravatar.com\/avatar\/b67e614b1b25b3e9c0c239efdd2fde5ab015b5affd6f1c3c85911ca4b384e790?s=96&d=mm&r=g","caption":"Author"},"sameAs":["http:\/\/vof-news.eu"],"url":"https:\/\/vof-news.eu\/fr\/author\/zwt6qxnjulxbnyg\/"}]}},"yoast_meta":{"yoast_wpseo_title":"","yoast_wpseo_metadesc":"","yoast_wpseo_canonical":""},"_links":{"self":[{"href":"https:\/\/vof-news.eu\/fr\/wp-json\/wp\/v2\/posts\/249515","targetHints":{"allow":["GET"]}}],"collection":[{"href":"https:\/\/vof-news.eu\/fr\/wp-json\/wp\/v2\/posts"}],"about":[{"href":"https:\/\/vof-news.eu\/fr\/wp-json\/wp\/v2\/types\/post"}],"author":[{"embeddable":true,"href":"https:\/\/vof-news.eu\/fr\/wp-json\/wp\/v2\/users\/1"}],"replies":[{"embeddable":true,"href":"https:\/\/vof-news.eu\/fr\/wp-json\/wp\/v2\/comments?post=249515"}],"version-history":[{"count":1,"href":"https:\/\/vof-news.eu\/fr\/wp-json\/wp\/v2\/posts\/249515\/revisions"}],"predecessor-version":[{"id":249522,"href":"https:\/\/vof-news.eu\/fr\/wp-json\/wp\/v2\/posts\/249515\/revisions\/249522"}],"wp:featuredmedia":[{"embeddable":true,"href":"https:\/\/vof-news.eu\/fr\/wp-json\/wp\/v2\/media\/249516"}],"wp:attachment":[{"href":"https:\/\/vof-news.eu\/fr\/wp-json\/wp\/v2\/media?parent=249515"}],"wp:term":[{"taxonomy":"category","embeddable":true,"href":"https:\/\/vof-news.eu\/fr\/wp-json\/wp\/v2\/categories?post=249515"},{"taxonomy":"post_tag","embeddable":true,"href":"https:\/\/vof-news.eu\/fr\/wp-json\/wp\/v2\/tags?post=249515"}],"curies":[{"name":"wp","href":"https:\/\/api.w.org\/{rel}","templated":true}]}}