{"id":249499,"date":"2025-07-08T13:34:05","date_gmt":"2025-07-08T10:34:05","guid":{"rendered":"https:\/\/vof-news.eu\/les-travailleurs-pauvres-nouveau-public-des-associations-de-solidarite\/"},"modified":"2025-07-08T13:34:41","modified_gmt":"2025-07-08T10:34:41","slug":"les-travailleurs-pauvres-nouveau-public-des-associations-de-solidarite","status":"publish","type":"post","link":"https:\/\/vof-news.eu\/fr\/les-travailleurs-pauvres-nouveau-public-des-associations-de-solidarite\/","title":{"rendered":"Les \u00ab\u00a0travailleurs pauvres\u00a0\u00bb, nouveau public des associations de solidarit\u00e9"},"content":{"rendered":"<article>\n<p>, regrette Carole Jacon, 48\u00a0ans, qui vit pr\u00e8s de Bourg-en-Bresse, dans l\u2019Ain. Son propos r\u00e9sonne avec <a href=\"https:\/\/www.insee.fr\/fr\/statistiques\/8600989\" rel=\"nofollow\">les chiffres publi\u00e9s, lundi 7\u00a0juillet<\/a>, par l\u2019Insee, qui montrent que les \u00ab\u00a0travailleurs pauvres\u00a0\u00bb repr\u00e9sentaient 8,3\u00a0% des personnes en emploi en\u00a02023, contre 7,3\u00a0% en\u00a02021. Elle-m\u00eame en fait partie\u00a0: m\u00e8re isol\u00e9e ayant connu un burn-out, elle termine un contrat de professionnalisation pour travailler dans la protection de l\u2019enfance et per\u00e7oit, avec une fille \u00e0 charge, 1\u00a0426\u00a0euros de smic, 250\u00a0euros de prime d\u2019activit\u00e9 et 120\u00a0euros de pension alimentaire, longtemps vers\u00e9e de fa\u00e7on irr\u00e9guli\u00e8re.<\/p>\n<p>Elle se situe ainsi sous le seuil\u00a0de pauvret\u00e9 de 2023, fix\u00e9 \u00e0 1\u00a0832\u00a0euros pour une famille monoparentale avec un enfant de plus de 14\u00a0ans. Une fois ses charges d\u00e9duites, dont 640\u00a0euros d\u2019emprunt immobilier, 200\u00a0euros d\u2019eau, de gaz et d\u2019\u00e9lectricit\u00e9, et 159\u00a0euros de saisie sur salaire li\u00e9s \u00e0 une dette contract\u00e9e par son ex-mari, le reste \u00e0 vivre ne d\u00e9passe pas 20\u00a0euros par jour pour deux, ce qui ne suffit pas \u00e0 se nourrir, \u00e0 s\u2019habiller, \u00e0 se d\u00e9placer et \u00e0 faire face aux impr\u00e9vus.<\/p>\n<p><strong>Il vous reste 82.96% de cet article \u00e0 lire. La suite est r\u00e9serv\u00e9e aux abonn\u00e9s.<\/strong><\/p>\n<\/article>\n","protected":false},"excerpt":{"rendered":"<p>, regrette Carole Jacon, 48\u00a0ans, qui vit pr\u00e8s de Bourg-en-Bresse, dans l\u2019Ain. Son propos r\u00e9sonne avec les chiffres publi\u00e9s, lundi 7\u00a0juillet, par l\u2019Insee, qui montrent que les \u00ab\u00a0travailleurs pauvres\u00a0\u00bb repr\u00e9sentaient 8,3\u00a0% des personnes en emploi en\u00a02023, contre 7,3\u00a0% en\u00a02021. Elle-m\u00eame en fait partie\u00a0: m\u00e8re isol\u00e9e ayant connu un burn-out, elle termine un contrat de professionnalisation<\/p>\n","protected":false},"author":1,"featured_media":249500,"comment_status":"open","ping_status":"open","sticky":false,"template":"","format":"standard","meta":{"footnotes":""},"categories":[58],"tags":[],"class_list":["post-249499","post","type-post","status-publish","format-standard","has-post-thumbnail","hentry","category-business-fr"],"acf":[],"yoast_head":"<!-- This site is optimized with the Yoast SEO plugin v22.9 - https:\/\/yoast.com\/wordpress\/plugins\/seo\/ -->\n<title>Les \u00ab\u00a0travailleurs pauvres\u00a0\u00bb, nouveau public des associations de solidarit\u00e9 - vof-news.eu<\/title>\n<meta name=\"description\" content=\", regrette Carole Jacon, 48\u00a0ans, qui vit pr\u00e8s de Bourg-en-Bresse, dans l\u2019Ain. Son propos r\u00e9sonne avec les chiffres publi\u00e9s, lundi 7\u00a0juillet, par l\u2019Insee, qui montrent que les \u00ab\u00a0travailleurs pauvres\u00a0\u00bb repr\u00e9sentaient 8,3\u00a0% des personnes en emploi en\u00a02023, contre 7,3\u00a0% en\u00a02021. Elle-m\u00eame en fait partie\u00a0: m\u00e8re isol\u00e9e ayant connu un burn-out, elle termine un contrat de professionnalisation pour travailler dans la protection de l\u2019enfance et per\u00e7oit, avec une fille \u00e0 charge, 1\u00a0426\u00a0euros de smic, 250\u00a0euros de prime d\u2019activit\u00e9 et 120\u00a0euros de pension alimentaire, longtemps vers\u00e9e de fa\u00e7on irr\u00e9guli\u00e8re. Elle se situe ainsi sous le seuil\u00a0de pauvret\u00e9 de 2023, fix\u00e9 \u00e0 1\u00a0832\u00a0euros pour une famille monoparentale avec un enfant de plus de 14\u00a0ans. Une fois ses charges d\u00e9duites, dont 640\u00a0euros d\u2019emprunt immobilier, 200\u00a0euros d\u2019eau, de gaz et d\u2019\u00e9lectricit\u00e9, et 159\u00a0euros de saisie sur salaire li\u00e9s \u00e0 une dette contract\u00e9e par son ex-mari, le reste \u00e0 vivre ne d\u00e9passe pas 20\u00a0euros par jour pour deux, ce qui ne suffit pas \u00e0 se nourrir, \u00e0 s\u2019habiller, \u00e0 se d\u00e9placer et \u00e0 faire face aux impr\u00e9vus. Il vous reste 82.96% de cet article \u00e0 lire. La suite est r\u00e9serv\u00e9e aux abonn\u00e9s.\" \/>\n<meta name=\"robots\" content=\"noindex, follow, max-snippet:-1, max-image-preview:large, max-video-preview:-1\" \/>\n<meta property=\"og:locale\" content=\"fr_FR\" \/>\n<meta property=\"og:type\" content=\"article\" \/>\n<meta property=\"og:title\" content=\"Les \u00ab\u00a0travailleurs pauvres\u00a0\u00bb, nouveau public des associations de solidarit\u00e9 - vof-news.eu\" \/>\n<meta property=\"og:description\" content=\", regrette Carole Jacon, 48\u00a0ans, qui vit pr\u00e8s de Bourg-en-Bresse, dans l\u2019Ain. Son propos r\u00e9sonne avec les chiffres publi\u00e9s, lundi 7\u00a0juillet, par l\u2019Insee, qui montrent que les \u00ab\u00a0travailleurs pauvres\u00a0\u00bb repr\u00e9sentaient 8,3\u00a0% des personnes en emploi en\u00a02023, contre 7,3\u00a0% en\u00a02021. Elle-m\u00eame en fait partie\u00a0: m\u00e8re isol\u00e9e ayant connu un burn-out, elle termine un contrat de professionnalisation pour travailler dans la protection de l\u2019enfance et per\u00e7oit, avec une fille \u00e0 charge, 1\u00a0426\u00a0euros de smic, 250\u00a0euros de prime d\u2019activit\u00e9 et 120\u00a0euros de pension alimentaire, longtemps vers\u00e9e de fa\u00e7on irr\u00e9guli\u00e8re. Elle se situe ainsi sous le seuil\u00a0de pauvret\u00e9 de 2023, fix\u00e9 \u00e0 1\u00a0832\u00a0euros pour une famille monoparentale avec un enfant de plus de 14\u00a0ans. Une fois ses charges d\u00e9duites, dont 640\u00a0euros d\u2019emprunt immobilier, 200\u00a0euros d\u2019eau, de gaz et d\u2019\u00e9lectricit\u00e9, et 159\u00a0euros de saisie sur salaire li\u00e9s \u00e0 une dette contract\u00e9e par son ex-mari, le reste \u00e0 vivre ne d\u00e9passe pas 20\u00a0euros par jour pour deux, ce qui ne suffit pas \u00e0 se nourrir, \u00e0 s\u2019habiller, \u00e0 se d\u00e9placer et \u00e0 faire face aux impr\u00e9vus. Il vous reste 82.96% de cet article \u00e0 lire. La suite est r\u00e9serv\u00e9e aux abonn\u00e9s.\" \/>\n<meta property=\"og:url\" content=\"https:\/\/vof-news.eu\/fr\/les-travailleurs-pauvres-nouveau-public-des-associations-de-solidarite\/\" \/>\n<meta property=\"og:site_name\" content=\"vof-news.eu\" \/>\n<meta property=\"article:published_time\" content=\"2025-07-08T10:34:05+00:00\" \/>\n<meta property=\"article:modified_time\" content=\"2025-07-08T10:34:41+00:00\" \/>\n<meta property=\"og:image\" content=\"https:\/\/vof-news.eu\/wp-content\/uploads\/2025\/07\/476d3ce_upload-1-p30co8wey4qq-sif-massy-gratacap-03.jpeg\" \/>\n\t<meta property=\"og:image:width\" content=\"664\" \/>\n\t<meta property=\"og:image:height\" content=\"498\" \/>\n\t<meta property=\"og:image:type\" content=\"image\/jpeg\" \/>\n<meta name=\"author\" content=\"Author\" \/>\n<meta name=\"twitter:card\" content=\"summary_large_image\" \/>\n<meta name=\"twitter:label1\" content=\"\u00c9crit par\" \/>\n\t<meta name=\"twitter:data1\" content=\"Author\" \/>\n\t<meta name=\"twitter:label2\" content=\"Dur\u00e9e de lecture estim\u00e9e\" \/>\n\t<meta name=\"twitter:data2\" content=\"1 minute\" \/>\n<script type=\"application\/ld+json\" class=\"yoast-schema-graph\">{\"@context\":\"https:\/\/schema.org\",\"@graph\":[{\"@type\":\"WebPage\",\"@id\":\"https:\/\/vof-news.eu\/fr\/les-travailleurs-pauvres-nouveau-public-des-associations-de-solidarite\/\",\"url\":\"https:\/\/vof-news.eu\/fr\/les-travailleurs-pauvres-nouveau-public-des-associations-de-solidarite\/\",\"name\":\"Les \u00ab\u00a0travailleurs pauvres\u00a0\u00bb, nouveau public des associations de solidarit\u00e9 - vof-news.eu\",\"isPartOf\":{\"@id\":\"https:\/\/vof-news.eu\/fr\/#website\"},\"primaryImageOfPage\":{\"@id\":\"https:\/\/vof-news.eu\/fr\/les-travailleurs-pauvres-nouveau-public-des-associations-de-solidarite\/#primaryimage\"},\"image\":{\"@id\":\"https:\/\/vof-news.eu\/fr\/les-travailleurs-pauvres-nouveau-public-des-associations-de-solidarite\/#primaryimage\"},\"thumbnailUrl\":\"https:\/\/vof-news.eu\/wp-content\/uploads\/2025\/07\/476d3ce_upload-1-p30co8wey4qq-sif-massy-gratacap-03.jpeg\",\"datePublished\":\"2025-07-08T10:34:05+00:00\",\"dateModified\":\"2025-07-08T10:34:41+00:00\",\"author\":{\"@id\":\"https:\/\/vof-news.eu\/fr\/#\/schema\/person\/f6a2a4309f0561835797fd8c19b333ed\"},\"description\":\", regrette Carole Jacon, 48\u00a0ans, qui vit pr\u00e8s de Bourg-en-Bresse, dans l\u2019Ain. Son propos r\u00e9sonne avec les chiffres publi\u00e9s, lundi 7\u00a0juillet, par l\u2019Insee, qui montrent que les \u00ab\u00a0travailleurs pauvres\u00a0\u00bb repr\u00e9sentaient 8,3\u00a0% des personnes en emploi en\u00a02023, contre 7,3\u00a0% en\u00a02021. Elle-m\u00eame en fait partie\u00a0: m\u00e8re isol\u00e9e ayant connu un burn-out, elle termine un contrat de professionnalisation pour travailler dans la protection de l\u2019enfance et per\u00e7oit, avec une fille \u00e0 charge, 1\u00a0426\u00a0euros de smic, 250\u00a0euros de prime d\u2019activit\u00e9 et 120\u00a0euros de pension alimentaire, longtemps vers\u00e9e de fa\u00e7on irr\u00e9guli\u00e8re. Elle se situe ainsi sous le seuil\u00a0de pauvret\u00e9 de 2023, fix\u00e9 \u00e0 1\u00a0832\u00a0euros pour une famille monoparentale avec un enfant de plus de 14\u00a0ans. Une fois ses charges d\u00e9duites, dont 640\u00a0euros d\u2019emprunt immobilier, 200\u00a0euros d\u2019eau, de gaz et d\u2019\u00e9lectricit\u00e9, et 159\u00a0euros de saisie sur salaire li\u00e9s \u00e0 une dette contract\u00e9e par son ex-mari, le reste \u00e0 vivre ne d\u00e9passe pas 20\u00a0euros par jour pour deux, ce qui ne suffit pas \u00e0 se nourrir, \u00e0 s\u2019habiller, \u00e0 se d\u00e9placer et \u00e0 faire face aux impr\u00e9vus. Il vous reste 82.96% de cet article \u00e0 lire. La suite est r\u00e9serv\u00e9e aux abonn\u00e9s.\",\"breadcrumb\":{\"@id\":\"https:\/\/vof-news.eu\/fr\/les-travailleurs-pauvres-nouveau-public-des-associations-de-solidarite\/#breadcrumb\"},\"inLanguage\":\"fr-FR\",\"potentialAction\":[{\"@type\":\"ReadAction\",\"target\":[\"https:\/\/vof-news.eu\/fr\/les-travailleurs-pauvres-nouveau-public-des-associations-de-solidarite\/\"]}]},{\"@type\":\"ImageObject\",\"inLanguage\":\"fr-FR\",\"@id\":\"https:\/\/vof-news.eu\/fr\/les-travailleurs-pauvres-nouveau-public-des-associations-de-solidarite\/#primaryimage\",\"url\":\"https:\/\/vof-news.eu\/wp-content\/uploads\/2025\/07\/476d3ce_upload-1-p30co8wey4qq-sif-massy-gratacap-03.jpeg\",\"contentUrl\":\"https:\/\/vof-news.eu\/wp-content\/uploads\/2025\/07\/476d3ce_upload-1-p30co8wey4qq-sif-massy-gratacap-03.jpeg\",\"width\":664,\"height\":498},{\"@type\":\"BreadcrumbList\",\"@id\":\"https:\/\/vof-news.eu\/fr\/les-travailleurs-pauvres-nouveau-public-des-associations-de-solidarite\/#breadcrumb\",\"itemListElement\":[{\"@type\":\"ListItem\",\"position\":1,\"name\":\"Home\",\"item\":\"https:\/\/vof-news.eu\/fr\/\"},{\"@type\":\"ListItem\",\"position\":2,\"name\":\"Les \u00ab\u00a0travailleurs pauvres\u00a0\u00bb, nouveau public des associations de solidarit\u00e9\"}]},{\"@type\":\"WebSite\",\"@id\":\"https:\/\/vof-news.eu\/fr\/#website\",\"url\":\"https:\/\/vof-news.eu\/fr\/\",\"name\":\"vof-news.eu\",\"description\":\"\",\"potentialAction\":[{\"@type\":\"SearchAction\",\"target\":{\"@type\":\"EntryPoint\",\"urlTemplate\":\"https:\/\/vof-news.eu\/fr\/?s={search_term_string}\"},\"query-input\":\"required name=search_term_string\"}],\"inLanguage\":\"fr-FR\"},{\"@type\":\"Person\",\"@id\":\"https:\/\/vof-news.eu\/fr\/#\/schema\/person\/f6a2a4309f0561835797fd8c19b333ed\",\"name\":\"Author\",\"image\":{\"@type\":\"ImageObject\",\"inLanguage\":\"fr-FR\",\"@id\":\"https:\/\/vof-news.eu\/fr\/#\/schema\/person\/image\/\",\"url\":\"https:\/\/secure.gravatar.com\/avatar\/b67e614b1b25b3e9c0c239efdd2fde5ab015b5affd6f1c3c85911ca4b384e790?s=96&d=mm&r=g\",\"contentUrl\":\"https:\/\/secure.gravatar.com\/avatar\/b67e614b1b25b3e9c0c239efdd2fde5ab015b5affd6f1c3c85911ca4b384e790?s=96&d=mm&r=g\",\"caption\":\"Author\"},\"sameAs\":[\"http:\/\/vof-news.eu\"],\"url\":\"https:\/\/vof-news.eu\/fr\/author\/zwt6qxnjulxbnyg\/\"}]}<\/script>\n<!-- \/ Yoast SEO plugin. -->","yoast_head_json":{"title":"Les \u00ab\u00a0travailleurs pauvres\u00a0\u00bb, nouveau public des associations de solidarit\u00e9 - vof-news.eu","description":", regrette Carole Jacon, 48\u00a0ans, qui vit pr\u00e8s de Bourg-en-Bresse, dans l\u2019Ain. Son propos r\u00e9sonne avec les chiffres publi\u00e9s, lundi 7\u00a0juillet, par l\u2019Insee, qui montrent que les \u00ab\u00a0travailleurs pauvres\u00a0\u00bb repr\u00e9sentaient 8,3\u00a0% des personnes en emploi en\u00a02023, contre 7,3\u00a0% en\u00a02021. Elle-m\u00eame en fait partie\u00a0: m\u00e8re isol\u00e9e ayant connu un burn-out, elle termine un contrat de professionnalisation pour travailler dans la protection de l\u2019enfance et per\u00e7oit, avec une fille \u00e0 charge, 1\u00a0426\u00a0euros de smic, 250\u00a0euros de prime d\u2019activit\u00e9 et 120\u00a0euros de pension alimentaire, longtemps vers\u00e9e de fa\u00e7on irr\u00e9guli\u00e8re. Elle se situe ainsi sous le seuil\u00a0de pauvret\u00e9 de 2023, fix\u00e9 \u00e0 1\u00a0832\u00a0euros pour une famille monoparentale avec un enfant de plus de 14\u00a0ans. Une fois ses charges d\u00e9duites, dont 640\u00a0euros d\u2019emprunt immobilier, 200\u00a0euros d\u2019eau, de gaz et d\u2019\u00e9lectricit\u00e9, et 159\u00a0euros de saisie sur salaire li\u00e9s \u00e0 une dette contract\u00e9e par son ex-mari, le reste \u00e0 vivre ne d\u00e9passe pas 20\u00a0euros par jour pour deux, ce qui ne suffit pas \u00e0 se nourrir, \u00e0 s\u2019habiller, \u00e0 se d\u00e9placer et \u00e0 faire face aux impr\u00e9vus. Il vous reste 82.96% de cet article \u00e0 lire. La suite est r\u00e9serv\u00e9e aux abonn\u00e9s.","robots":{"index":"noindex","follow":"follow","max-snippet":"max-snippet:-1","max-image-preview":"max-image-preview:large","max-video-preview":"max-video-preview:-1"},"og_locale":"fr_FR","og_type":"article","og_title":"Les \u00ab\u00a0travailleurs pauvres\u00a0\u00bb, nouveau public des associations de solidarit\u00e9 - vof-news.eu","og_description":", regrette Carole Jacon, 48\u00a0ans, qui vit pr\u00e8s de Bourg-en-Bresse, dans l\u2019Ain. Son propos r\u00e9sonne avec les chiffres publi\u00e9s, lundi 7\u00a0juillet, par l\u2019Insee, qui montrent que les \u00ab\u00a0travailleurs pauvres\u00a0\u00bb repr\u00e9sentaient 8,3\u00a0% des personnes en emploi en\u00a02023, contre 7,3\u00a0% en\u00a02021. Elle-m\u00eame en fait partie\u00a0: m\u00e8re isol\u00e9e ayant connu un burn-out, elle termine un contrat de professionnalisation pour travailler dans la protection de l\u2019enfance et per\u00e7oit, avec une fille \u00e0 charge, 1\u00a0426\u00a0euros de smic, 250\u00a0euros de prime d\u2019activit\u00e9 et 120\u00a0euros de pension alimentaire, longtemps vers\u00e9e de fa\u00e7on irr\u00e9guli\u00e8re. Elle se situe ainsi sous le seuil\u00a0de pauvret\u00e9 de 2023, fix\u00e9 \u00e0 1\u00a0832\u00a0euros pour une famille monoparentale avec un enfant de plus de 14\u00a0ans. Une fois ses charges d\u00e9duites, dont 640\u00a0euros d\u2019emprunt immobilier, 200\u00a0euros d\u2019eau, de gaz et d\u2019\u00e9lectricit\u00e9, et 159\u00a0euros de saisie sur salaire li\u00e9s \u00e0 une dette contract\u00e9e par son ex-mari, le reste \u00e0 vivre ne d\u00e9passe pas 20\u00a0euros par jour pour deux, ce qui ne suffit pas \u00e0 se nourrir, \u00e0 s\u2019habiller, \u00e0 se d\u00e9placer et \u00e0 faire face aux impr\u00e9vus. Il vous reste 82.96% de cet article \u00e0 lire. La suite est r\u00e9serv\u00e9e aux abonn\u00e9s.","og_url":"https:\/\/vof-news.eu\/fr\/les-travailleurs-pauvres-nouveau-public-des-associations-de-solidarite\/","og_site_name":"vof-news.eu","article_published_time":"2025-07-08T10:34:05+00:00","article_modified_time":"2025-07-08T10:34:41+00:00","og_image":[{"width":664,"height":498,"url":"https:\/\/vof-news.eu\/wp-content\/uploads\/2025\/07\/476d3ce_upload-1-p30co8wey4qq-sif-massy-gratacap-03.jpeg","type":"image\/jpeg"}],"author":"Author","twitter_card":"summary_large_image","twitter_misc":{"\u00c9crit par":"Author","Dur\u00e9e de lecture estim\u00e9e":"1 minute"},"schema":{"@context":"https:\/\/schema.org","@graph":[{"@type":"WebPage","@id":"https:\/\/vof-news.eu\/fr\/les-travailleurs-pauvres-nouveau-public-des-associations-de-solidarite\/","url":"https:\/\/vof-news.eu\/fr\/les-travailleurs-pauvres-nouveau-public-des-associations-de-solidarite\/","name":"Les \u00ab\u00a0travailleurs pauvres\u00a0\u00bb, nouveau public des associations de solidarit\u00e9 - vof-news.eu","isPartOf":{"@id":"https:\/\/vof-news.eu\/fr\/#website"},"primaryImageOfPage":{"@id":"https:\/\/vof-news.eu\/fr\/les-travailleurs-pauvres-nouveau-public-des-associations-de-solidarite\/#primaryimage"},"image":{"@id":"https:\/\/vof-news.eu\/fr\/les-travailleurs-pauvres-nouveau-public-des-associations-de-solidarite\/#primaryimage"},"thumbnailUrl":"https:\/\/vof-news.eu\/wp-content\/uploads\/2025\/07\/476d3ce_upload-1-p30co8wey4qq-sif-massy-gratacap-03.jpeg","datePublished":"2025-07-08T10:34:05+00:00","dateModified":"2025-07-08T10:34:41+00:00","author":{"@id":"https:\/\/vof-news.eu\/fr\/#\/schema\/person\/f6a2a4309f0561835797fd8c19b333ed"},"description":", regrette Carole Jacon, 48\u00a0ans, qui vit pr\u00e8s de Bourg-en-Bresse, dans l\u2019Ain. Son propos r\u00e9sonne avec les chiffres publi\u00e9s, lundi 7\u00a0juillet, par l\u2019Insee, qui montrent que les \u00ab\u00a0travailleurs pauvres\u00a0\u00bb repr\u00e9sentaient 8,3\u00a0% des personnes en emploi en\u00a02023, contre 7,3\u00a0% en\u00a02021. Elle-m\u00eame en fait partie\u00a0: m\u00e8re isol\u00e9e ayant connu un burn-out, elle termine un contrat de professionnalisation pour travailler dans la protection de l\u2019enfance et per\u00e7oit, avec une fille \u00e0 charge, 1\u00a0426\u00a0euros de smic, 250\u00a0euros de prime d\u2019activit\u00e9 et 120\u00a0euros de pension alimentaire, longtemps vers\u00e9e de fa\u00e7on irr\u00e9guli\u00e8re. Elle se situe ainsi sous le seuil\u00a0de pauvret\u00e9 de 2023, fix\u00e9 \u00e0 1\u00a0832\u00a0euros pour une famille monoparentale avec un enfant de plus de 14\u00a0ans. Une fois ses charges d\u00e9duites, dont 640\u00a0euros d\u2019emprunt immobilier, 200\u00a0euros d\u2019eau, de gaz et d\u2019\u00e9lectricit\u00e9, et 159\u00a0euros de saisie sur salaire li\u00e9s \u00e0 une dette contract\u00e9e par son ex-mari, le reste \u00e0 vivre ne d\u00e9passe pas 20\u00a0euros par jour pour deux, ce qui ne suffit pas \u00e0 se nourrir, \u00e0 s\u2019habiller, \u00e0 se d\u00e9placer et \u00e0 faire face aux impr\u00e9vus. Il vous reste 82.96% de cet article \u00e0 lire. La suite est r\u00e9serv\u00e9e aux abonn\u00e9s.","breadcrumb":{"@id":"https:\/\/vof-news.eu\/fr\/les-travailleurs-pauvres-nouveau-public-des-associations-de-solidarite\/#breadcrumb"},"inLanguage":"fr-FR","potentialAction":[{"@type":"ReadAction","target":["https:\/\/vof-news.eu\/fr\/les-travailleurs-pauvres-nouveau-public-des-associations-de-solidarite\/"]}]},{"@type":"ImageObject","inLanguage":"fr-FR","@id":"https:\/\/vof-news.eu\/fr\/les-travailleurs-pauvres-nouveau-public-des-associations-de-solidarite\/#primaryimage","url":"https:\/\/vof-news.eu\/wp-content\/uploads\/2025\/07\/476d3ce_upload-1-p30co8wey4qq-sif-massy-gratacap-03.jpeg","contentUrl":"https:\/\/vof-news.eu\/wp-content\/uploads\/2025\/07\/476d3ce_upload-1-p30co8wey4qq-sif-massy-gratacap-03.jpeg","width":664,"height":498},{"@type":"BreadcrumbList","@id":"https:\/\/vof-news.eu\/fr\/les-travailleurs-pauvres-nouveau-public-des-associations-de-solidarite\/#breadcrumb","itemListElement":[{"@type":"ListItem","position":1,"name":"Home","item":"https:\/\/vof-news.eu\/fr\/"},{"@type":"ListItem","position":2,"name":"Les \u00ab\u00a0travailleurs pauvres\u00a0\u00bb, nouveau public des associations de solidarit\u00e9"}]},{"@type":"WebSite","@id":"https:\/\/vof-news.eu\/fr\/#website","url":"https:\/\/vof-news.eu\/fr\/","name":"vof-news.eu","description":"","potentialAction":[{"@type":"SearchAction","target":{"@type":"EntryPoint","urlTemplate":"https:\/\/vof-news.eu\/fr\/?s={search_term_string}"},"query-input":"required name=search_term_string"}],"inLanguage":"fr-FR"},{"@type":"Person","@id":"https:\/\/vof-news.eu\/fr\/#\/schema\/person\/f6a2a4309f0561835797fd8c19b333ed","name":"Author","image":{"@type":"ImageObject","inLanguage":"fr-FR","@id":"https:\/\/vof-news.eu\/fr\/#\/schema\/person\/image\/","url":"https:\/\/secure.gravatar.com\/avatar\/b67e614b1b25b3e9c0c239efdd2fde5ab015b5affd6f1c3c85911ca4b384e790?s=96&d=mm&r=g","contentUrl":"https:\/\/secure.gravatar.com\/avatar\/b67e614b1b25b3e9c0c239efdd2fde5ab015b5affd6f1c3c85911ca4b384e790?s=96&d=mm&r=g","caption":"Author"},"sameAs":["http:\/\/vof-news.eu"],"url":"https:\/\/vof-news.eu\/fr\/author\/zwt6qxnjulxbnyg\/"}]}},"yoast_meta":{"yoast_wpseo_title":"","yoast_wpseo_metadesc":"","yoast_wpseo_canonical":""},"_links":{"self":[{"href":"https:\/\/vof-news.eu\/fr\/wp-json\/wp\/v2\/posts\/249499","targetHints":{"allow":["GET"]}}],"collection":[{"href":"https:\/\/vof-news.eu\/fr\/wp-json\/wp\/v2\/posts"}],"about":[{"href":"https:\/\/vof-news.eu\/fr\/wp-json\/wp\/v2\/types\/post"}],"author":[{"embeddable":true,"href":"https:\/\/vof-news.eu\/fr\/wp-json\/wp\/v2\/users\/1"}],"replies":[{"embeddable":true,"href":"https:\/\/vof-news.eu\/fr\/wp-json\/wp\/v2\/comments?post=249499"}],"version-history":[{"count":1,"href":"https:\/\/vof-news.eu\/fr\/wp-json\/wp\/v2\/posts\/249499\/revisions"}],"predecessor-version":[{"id":249506,"href":"https:\/\/vof-news.eu\/fr\/wp-json\/wp\/v2\/posts\/249499\/revisions\/249506"}],"wp:featuredmedia":[{"embeddable":true,"href":"https:\/\/vof-news.eu\/fr\/wp-json\/wp\/v2\/media\/249500"}],"wp:attachment":[{"href":"https:\/\/vof-news.eu\/fr\/wp-json\/wp\/v2\/media?parent=249499"}],"wp:term":[{"taxonomy":"category","embeddable":true,"href":"https:\/\/vof-news.eu\/fr\/wp-json\/wp\/v2\/categories?post=249499"},{"taxonomy":"post_tag","embeddable":true,"href":"https:\/\/vof-news.eu\/fr\/wp-json\/wp\/v2\/tags?post=249499"}],"curies":[{"name":"wp","href":"https:\/\/api.w.org\/{rel}","templated":true}]}}