{"id":249479,"date":"2025-07-08T13:30:09","date_gmt":"2025-07-08T10:30:09","guid":{"rendered":"https:\/\/vof-news.eu\/pauvrete-le-decevant-bilan-demmanuel-macron\/"},"modified":"2025-07-08T13:30:37","modified_gmt":"2025-07-08T10:30:37","slug":"pauvrete-le-decevant-bilan-demmanuel-macron","status":"publish","type":"post","link":"https:\/\/vof-news.eu\/fr\/pauvrete-le-decevant-bilan-demmanuel-macron\/","title":{"rendered":"Pauvret\u00e9\u00a0: le d\u00e9cevant bilan d\u2019Emmanuel Macron"},"content":{"rendered":"<article>\n<p><span>D<\/span>\u00e8s 2018, Emmanuel Macron avait<strong> <\/strong>lanc\u00e9 un plan ambitieux de lutte contre la pauvret\u00e9 avec la promesse de l\u2019\u00e9radiquer \u00e0 moyen terme. Alors que la fin de son second quinquennat se profile, le bilan reste tr\u00e8s d\u00e9cevant. Apr\u00e8s avoir longtemps stagn\u00e9 \u00e0 un haut niveau, <a href=\"https:\/\/www.lemonde.fr\/societe\/article\/2024\/12\/03\/l-observatoire-des-inegalites-documente-la-montee-lente-de-la-pauvrete_6428013_3224.html\" rel=\"nofollow\">le fl\u00e9au est reparti \u00e0 la hausse<\/a>, selon les chiffres de l\u2019Insee publi\u00e9s lundi 7\u00a0juillet, dans le cadre son \u00e9tude annuelle portant sur 2023.<a href=\"https:\/\/www.lemonde.fr\/societe\/article\/2025\/07\/07\/la-pauvrete-et-les-inegalites-au-plus-haut-depuis-trente-ans_6619650_3224.html\" rel=\"nofollow\"> Le taux de pauvret\u00e9 n\u2019avait jamais \u00e9t\u00e9 aussi \u00e9lev\u00e9 en France depuis trente ans<\/a>, actant l\u2019\u00e9chec d\u2019une politique qui n\u2019a pas su s\u2019attaquer de fa\u00e7on structurelle \u00e0 un ph\u00e9nom\u00e8ne qui sape la coh\u00e9sion du pays.<\/p>\n<p>Si la politique du \u00ab\u00a0quoi qu\u2019il en co\u00fbte\u00a0\u00bb mise en \u0153uvre dans la foul\u00e9e de la crise sanitaire a \u00e9vit\u00e9 que la pauvret\u00e9 n\u2019explose, elle a \u00e9t\u00e9 insuffisamment cibl\u00e9e et n\u2019a pas permis d\u2019en pr\u00e9server durablement les personnes. Pis, depuis l\u2019arr\u00eat des mesures d\u2019accompagnement pour att\u00e9nuer les effets de l\u2019inflation, le taux de pauvret\u00e9 est en forte augmentation, \u00e0 15,4\u00a0%, et 650\u00a0000\u00a0personnes ont bascul\u00e9 dans cette cat\u00e9gorie en seulement un an.<\/p>\n<p>Cette tendance n\u2019est pas due \u00e0 un appauvrissement g\u00e9n\u00e9ralis\u00e9 du pays, mais au d\u00e9crochage des plus fragiles, qui ont davantage subi l\u2019impact de l\u2019inflation. Car, malgr\u00e9 un niveau de redistribution parmi les plus \u00e9lev\u00e9s du monde, la France se distingue par une hausse des in\u00e9galit\u00e9s. Pendant que le niveau de vie des 10\u00a0% les plus riches a augment\u00e9, celui des 10\u00a0% les plus pauvres a baiss\u00e9, creusant encore un peu plus les \u00e9carts. La situation se rapproche de ce qu\u2019elle \u00e9tait dans les ann\u00e9es 1970, constate l\u2019Insee.<\/p>\n<p>Cette aggravation du taux de pauvret\u00e9 est d\u2019autant plus inqui\u00e9tante que le pays demeure en croissance, m\u00eame faible, et que le ch\u00f4mage reste contenu, malgr\u00e9 une l\u00e9g\u00e8re remont\u00e9e ces derniers mois. Contrairement aux p\u00e9riodes pr\u00e9c\u00e9dentes, l\u2019am\u00e9lioration de la situation de l\u2019emploi n\u2019a pas contribu\u00e9 au recul de la pauvret\u00e9. Sortir du ch\u00f4mage en\u00a02023 ne garantit pas de pouvoir am\u00e9liorer sa condition. Ce ph\u00e9nom\u00e8ne de travailleurs pauvres a \u00e9t\u00e9 accentu\u00e9 par l\u2019augmentation des temps partiels subis et le d\u00e9veloppement du statut de microentrepreneur, qui ne permet pas toujours de gagner suffisamment pour s\u2019extraire de la pauvret\u00e9. Quant \u00e0 la r\u00e9forme de l\u2019assurance-ch\u00f4mage de 2021, en durcissant les r\u00e8gles d\u2019indemnisation, elle a abouti \u00e0 une hausse du taux de pauvret\u00e9 parmi les sans-emploi.<\/p>\n<p>La r\u00e9cente <a href=\"https:\/\/www.lemonde.fr\/societe\/article\/2025\/03\/01\/solidarite-a-la-source-des-demarches-simplifiees-pour-le-rsa-et-la-prime-d-activite_6570916_3224.html\" rel=\"nofollow\">simplification du versement des aides<\/a>, alors que pr\u00e8s d\u2019un tiers des allocataires ne les r\u00e9clame pas, va dans la bonne direction, mais la mesure ne s\u2019attaque pas aux causes structurelles de la pauvret\u00e9. Celle-ci doit \u00eatre prise \u00e0 la racine et l\u2019accent doit \u00eatre mis sur la pr\u00e9vention plut\u00f4t que sur la r\u00e9paration a posteriori des d\u00e9g\u00e2ts sociaux. Cela passe par des politiques de long terme afin de lutter contre le d\u00e9crochage scolaire, les in\u00e9galit\u00e9s de sant\u00e9 ou le mal-logement.<\/p>\n<p>Fran\u00e7ois Bayrou s\u2019est engag\u00e9, selon les repr\u00e9sentants d\u2019associations de solidarit\u00e9 qui l\u2019ont rencontr\u00e9 le 3\u00a0juillet, \u00e0 fixer un objectif chiffr\u00e9 de r\u00e9duction de la pauvret\u00e9, comme pr\u00e9vu par la loi du 1<sup>er<\/sup>\u00a0f\u00e9vrier\u00a02008. Encore faudra-t-il accompagner un tel objectif d\u2019une strat\u00e9gie ambitieuse, en\u00a0agissant sur les multiples d\u00e9terminants de la pauvret\u00e9 et en assumant d\u2019investir sur la dur\u00e9e. Au regard du contexte budg\u00e9taire et de l\u2019absence de majorit\u00e9 \u00e0 l\u2019Assembl\u00e9e nationale, cette volont\u00e9 risque de faire long feu comme les promesses du pr\u00e9sident de la R\u00e9publique, qui, sept ans apr\u00e8s avoir \u00e9t\u00e9 formul\u00e9es, sont rest\u00e9es lettre morte.<\/p>\n<section>   <\/section>\n<section>\n<p> <span>Le Monde<\/span> <\/p>\n<\/p>\n<\/section>\n<section>\n<section>\n<header>   <\/header>\n<section>\n<section> <a href=\"https:\/\/abo.lemonde.fr\/?lmd_medium=BOUTONS_LMFR&amp;lmd_campaign=CONTRIBUTION_ARTICLE\" rel=\"nofollow\">S\u2019abonner<\/a> <\/section>\n<\/section>\n<section><\/section>\n<\/section>\n<p>Contribuer<\/p>\n<p> <a href=\"https:\/\/www.lemonde.fr\/syndication\/\" rel=\"nofollow\">R\u00e9utiliser ce contenu<\/a> <\/section>\n<\/article>\n","protected":false},"excerpt":{"rendered":"<p>D\u00e8s 2018, Emmanuel Macron avait lanc\u00e9 un plan ambitieux de lutte contre la pauvret\u00e9 avec la promesse de l\u2019\u00e9radiquer \u00e0 moyen terme. Alors que la fin de son second quinquennat se profile, le bilan reste tr\u00e8s d\u00e9cevant. Apr\u00e8s avoir longtemps stagn\u00e9 \u00e0 un haut niveau, le fl\u00e9au est reparti \u00e0 la hausse, selon les chiffres<\/p>\n","protected":false},"author":1,"featured_media":249480,"comment_status":"open","ping_status":"open","sticky":false,"template":"","format":"standard","meta":{"footnotes":""},"categories":[53],"tags":[],"class_list":["post-249479","post","type-post","status-publish","format-standard","has-post-thumbnail","hentry","category-main-news-fr"],"acf":[],"yoast_head":"<!-- This site is optimized with the Yoast SEO plugin v22.9 - https:\/\/yoast.com\/wordpress\/plugins\/seo\/ -->\n<title>Pauvret\u00e9\u00a0: le d\u00e9cevant bilan d\u2019Emmanuel Macron - vof-news.eu<\/title>\n<meta name=\"description\" content=\"D\u00e8s 2018, Emmanuel Macron avait lanc\u00e9 un plan ambitieux de lutte contre la pauvret\u00e9 avec la promesse de l\u2019\u00e9radiquer \u00e0 moyen terme. Alors que la fin de son second quinquennat se profile, le bilan reste tr\u00e8s d\u00e9cevant. Apr\u00e8s avoir longtemps stagn\u00e9 \u00e0 un haut niveau, le fl\u00e9au est reparti \u00e0 la hausse, selon les chiffres de l\u2019Insee publi\u00e9s lundi 7\u00a0juillet, dans le cadre son \u00e9tude annuelle portant sur 2023. Le taux de pauvret\u00e9 n\u2019avait jamais \u00e9t\u00e9 aussi \u00e9lev\u00e9 en France depuis trente ans, actant l\u2019\u00e9chec d\u2019une politique qui n\u2019a pas su s\u2019attaquer de fa\u00e7on structurelle \u00e0 un ph\u00e9nom\u00e8ne qui sape la coh\u00e9sion du pays. Si la politique du \u00ab\u00a0quoi qu\u2019il en co\u00fbte\u00a0\u00bb mise en \u0153uvre dans la foul\u00e9e de la crise sanitaire a \u00e9vit\u00e9 que la pauvret\u00e9 n\u2019explose, elle a \u00e9t\u00e9 insuffisamment cibl\u00e9e et n\u2019a pas permis d\u2019en pr\u00e9server durablement les personnes. Pis, depuis l\u2019arr\u00eat des mesures d\u2019accompagnement pour att\u00e9nuer les effets de l\u2019inflation, le taux de pauvret\u00e9 est en forte augmentation, \u00e0 15,4\u00a0%, et 650\u00a0000\u00a0personnes ont bascul\u00e9 dans cette cat\u00e9gorie en seulement un an. Cette tendance n\u2019est pas due \u00e0 un appauvrissement g\u00e9n\u00e9ralis\u00e9 du pays, mais au d\u00e9crochage des plus fragiles, qui ont davantage subi l\u2019impact de l\u2019inflation. Car, malgr\u00e9 un niveau de redistribution parmi les plus \u00e9lev\u00e9s du monde, la France se distingue par une hausse des in\u00e9galit\u00e9s. Pendant que le niveau de vie des 10\u00a0% les plus riches a augment\u00e9, celui des 10\u00a0% les plus pauvres a baiss\u00e9, creusant encore un peu plus les \u00e9carts. La situation se rapproche de ce qu\u2019elle \u00e9tait dans les ann\u00e9es 1970, constate l\u2019Insee.  Cette aggravation du taux de pauvret\u00e9 est d\u2019autant plus inqui\u00e9tante que le pays demeure en croissance, m\u00eame faible, et que le ch\u00f4mage reste contenu, malgr\u00e9 une l\u00e9g\u00e8re remont\u00e9e ces derniers mois. Contrairement aux p\u00e9riodes pr\u00e9c\u00e9dentes, l\u2019am\u00e9lioration de la situation de l\u2019emploi n\u2019a pas contribu\u00e9 au recul de la pauvret\u00e9. Sortir du ch\u00f4mage en\u00a02023 ne garantit pas de pouvoir am\u00e9liorer sa condition. Ce ph\u00e9nom\u00e8ne de travailleurs pauvres a \u00e9t\u00e9 accentu\u00e9 par l\u2019augmentation des temps partiels subis et le d\u00e9veloppement du statut de microentrepreneur, qui ne permet pas toujours de gagner suffisamment pour s\u2019extraire de la pauvret\u00e9. Quant \u00e0 la r\u00e9forme de l\u2019assurance-ch\u00f4mage de 2021, en durcissant les r\u00e8gles d\u2019indemnisation, elle a abouti \u00e0 une hausse du taux de pauvret\u00e9 parmi les sans-emploi. La r\u00e9cente simplification du versement des aides, alors que pr\u00e8s d\u2019un tiers des allocataires ne les r\u00e9clame pas, va dans la bonne direction, mais la mesure ne s\u2019attaque pas aux causes structurelles de la pauvret\u00e9. Celle-ci doit \u00eatre prise \u00e0 la racine et l\u2019accent doit \u00eatre mis sur la pr\u00e9vention plut\u00f4t que sur la r\u00e9paration a posteriori des d\u00e9g\u00e2ts sociaux. Cela passe par des politiques de long terme afin de lutter contre le d\u00e9crochage scolaire, les in\u00e9galit\u00e9s de sant\u00e9 ou le mal-logement. Fran\u00e7ois Bayrou s\u2019est engag\u00e9, selon les repr\u00e9sentants d\u2019associations de solidarit\u00e9 qui l\u2019ont rencontr\u00e9 le 3\u00a0juillet, \u00e0 fixer un objectif chiffr\u00e9 de r\u00e9duction de la pauvret\u00e9, comme pr\u00e9vu par la loi du 1er\u00a0f\u00e9vrier\u00a02008. Encore faudra-t-il accompagner un tel objectif d\u2019une strat\u00e9gie ambitieuse, en\u00a0agissant sur les multiples d\u00e9terminants de la pauvret\u00e9 et en assumant d\u2019investir sur la dur\u00e9e. Au regard du contexte budg\u00e9taire et de l\u2019absence de majorit\u00e9 \u00e0 l\u2019Assembl\u00e9e nationale, cette volont\u00e9 risque de faire long feu comme les promesses du pr\u00e9sident de la R\u00e9publique, qui, sept ans apr\u00e8s avoir \u00e9t\u00e9 formul\u00e9es, sont rest\u00e9es lettre morte.    Le Monde      S\u2019abonner   Contribuer R\u00e9utiliser ce contenu\" \/>\n<meta name=\"robots\" content=\"noindex, follow, max-snippet:-1, max-image-preview:large, max-video-preview:-1\" \/>\n<meta property=\"og:locale\" content=\"fr_FR\" \/>\n<meta property=\"og:type\" content=\"article\" \/>\n<meta property=\"og:title\" content=\"Pauvret\u00e9\u00a0: le d\u00e9cevant bilan d\u2019Emmanuel Macron - vof-news.eu\" \/>\n<meta property=\"og:description\" content=\"D\u00e8s 2018, Emmanuel Macron avait lanc\u00e9 un plan ambitieux de lutte contre la pauvret\u00e9 avec la promesse de l\u2019\u00e9radiquer \u00e0 moyen terme. Alors que la fin de son second quinquennat se profile, le bilan reste tr\u00e8s d\u00e9cevant. Apr\u00e8s avoir longtemps stagn\u00e9 \u00e0 un haut niveau, le fl\u00e9au est reparti \u00e0 la hausse, selon les chiffres de l\u2019Insee publi\u00e9s lundi 7\u00a0juillet, dans le cadre son \u00e9tude annuelle portant sur 2023. Le taux de pauvret\u00e9 n\u2019avait jamais \u00e9t\u00e9 aussi \u00e9lev\u00e9 en France depuis trente ans, actant l\u2019\u00e9chec d\u2019une politique qui n\u2019a pas su s\u2019attaquer de fa\u00e7on structurelle \u00e0 un ph\u00e9nom\u00e8ne qui sape la coh\u00e9sion du pays. Si la politique du \u00ab\u00a0quoi qu\u2019il en co\u00fbte\u00a0\u00bb mise en \u0153uvre dans la foul\u00e9e de la crise sanitaire a \u00e9vit\u00e9 que la pauvret\u00e9 n\u2019explose, elle a \u00e9t\u00e9 insuffisamment cibl\u00e9e et n\u2019a pas permis d\u2019en pr\u00e9server durablement les personnes. Pis, depuis l\u2019arr\u00eat des mesures d\u2019accompagnement pour att\u00e9nuer les effets de l\u2019inflation, le taux de pauvret\u00e9 est en forte augmentation, \u00e0 15,4\u00a0%, et 650\u00a0000\u00a0personnes ont bascul\u00e9 dans cette cat\u00e9gorie en seulement un an. Cette tendance n\u2019est pas due \u00e0 un appauvrissement g\u00e9n\u00e9ralis\u00e9 du pays, mais au d\u00e9crochage des plus fragiles, qui ont davantage subi l\u2019impact de l\u2019inflation. Car, malgr\u00e9 un niveau de redistribution parmi les plus \u00e9lev\u00e9s du monde, la France se distingue par une hausse des in\u00e9galit\u00e9s. Pendant que le niveau de vie des 10\u00a0% les plus riches a augment\u00e9, celui des 10\u00a0% les plus pauvres a baiss\u00e9, creusant encore un peu plus les \u00e9carts. La situation se rapproche de ce qu\u2019elle \u00e9tait dans les ann\u00e9es 1970, constate l\u2019Insee.  Cette aggravation du taux de pauvret\u00e9 est d\u2019autant plus inqui\u00e9tante que le pays demeure en croissance, m\u00eame faible, et que le ch\u00f4mage reste contenu, malgr\u00e9 une l\u00e9g\u00e8re remont\u00e9e ces derniers mois. Contrairement aux p\u00e9riodes pr\u00e9c\u00e9dentes, l\u2019am\u00e9lioration de la situation de l\u2019emploi n\u2019a pas contribu\u00e9 au recul de la pauvret\u00e9. Sortir du ch\u00f4mage en\u00a02023 ne garantit pas de pouvoir am\u00e9liorer sa condition. Ce ph\u00e9nom\u00e8ne de travailleurs pauvres a \u00e9t\u00e9 accentu\u00e9 par l\u2019augmentation des temps partiels subis et le d\u00e9veloppement du statut de microentrepreneur, qui ne permet pas toujours de gagner suffisamment pour s\u2019extraire de la pauvret\u00e9. Quant \u00e0 la r\u00e9forme de l\u2019assurance-ch\u00f4mage de 2021, en durcissant les r\u00e8gles d\u2019indemnisation, elle a abouti \u00e0 une hausse du taux de pauvret\u00e9 parmi les sans-emploi. La r\u00e9cente simplification du versement des aides, alors que pr\u00e8s d\u2019un tiers des allocataires ne les r\u00e9clame pas, va dans la bonne direction, mais la mesure ne s\u2019attaque pas aux causes structurelles de la pauvret\u00e9. Celle-ci doit \u00eatre prise \u00e0 la racine et l\u2019accent doit \u00eatre mis sur la pr\u00e9vention plut\u00f4t que sur la r\u00e9paration a posteriori des d\u00e9g\u00e2ts sociaux. Cela passe par des politiques de long terme afin de lutter contre le d\u00e9crochage scolaire, les in\u00e9galit\u00e9s de sant\u00e9 ou le mal-logement. Fran\u00e7ois Bayrou s\u2019est engag\u00e9, selon les repr\u00e9sentants d\u2019associations de solidarit\u00e9 qui l\u2019ont rencontr\u00e9 le 3\u00a0juillet, \u00e0 fixer un objectif chiffr\u00e9 de r\u00e9duction de la pauvret\u00e9, comme pr\u00e9vu par la loi du 1er\u00a0f\u00e9vrier\u00a02008. Encore faudra-t-il accompagner un tel objectif d\u2019une strat\u00e9gie ambitieuse, en\u00a0agissant sur les multiples d\u00e9terminants de la pauvret\u00e9 et en assumant d\u2019investir sur la dur\u00e9e. Au regard du contexte budg\u00e9taire et de l\u2019absence de majorit\u00e9 \u00e0 l\u2019Assembl\u00e9e nationale, cette volont\u00e9 risque de faire long feu comme les promesses du pr\u00e9sident de la R\u00e9publique, qui, sept ans apr\u00e8s avoir \u00e9t\u00e9 formul\u00e9es, sont rest\u00e9es lettre morte.    Le Monde      S\u2019abonner   Contribuer R\u00e9utiliser ce contenu\" \/>\n<meta property=\"og:url\" content=\"https:\/\/vof-news.eu\/fr\/pauvrete-le-decevant-bilan-demmanuel-macron\/\" \/>\n<meta property=\"og:site_name\" content=\"vof-news.eu\" \/>\n<meta property=\"article:published_time\" content=\"2025-07-08T10:30:09+00:00\" \/>\n<meta property=\"article:modified_time\" content=\"2025-07-08T10:30:37+00:00\" \/>\n<meta property=\"og:image\" content=\"https:\/\/vof-news.eu\/wp-content\/uploads\/2025\/07\/fda1df4_upload-1-9vzqpstntdk9-000-36pl8ph-copie.jpg\" \/>\n\t<meta property=\"og:image:width\" content=\"664\" \/>\n\t<meta property=\"og:image:height\" content=\"443\" \/>\n\t<meta property=\"og:image:type\" content=\"image\/jpeg\" \/>\n<meta name=\"author\" content=\"Author\" \/>\n<meta name=\"twitter:card\" content=\"summary_large_image\" \/>\n<meta name=\"twitter:label1\" content=\"\u00c9crit par\" \/>\n\t<meta name=\"twitter:data1\" content=\"Author\" \/>\n\t<meta name=\"twitter:label2\" content=\"Dur\u00e9e de lecture estim\u00e9e\" \/>\n\t<meta name=\"twitter:data2\" content=\"3 minutes\" \/>\n<script type=\"application\/ld+json\" class=\"yoast-schema-graph\">{\"@context\":\"https:\/\/schema.org\",\"@graph\":[{\"@type\":\"WebPage\",\"@id\":\"https:\/\/vof-news.eu\/fr\/pauvrete-le-decevant-bilan-demmanuel-macron\/\",\"url\":\"https:\/\/vof-news.eu\/fr\/pauvrete-le-decevant-bilan-demmanuel-macron\/\",\"name\":\"Pauvret\u00e9\u00a0: le d\u00e9cevant bilan d\u2019Emmanuel Macron - vof-news.eu\",\"isPartOf\":{\"@id\":\"https:\/\/vof-news.eu\/fr\/#website\"},\"primaryImageOfPage\":{\"@id\":\"https:\/\/vof-news.eu\/fr\/pauvrete-le-decevant-bilan-demmanuel-macron\/#primaryimage\"},\"image\":{\"@id\":\"https:\/\/vof-news.eu\/fr\/pauvrete-le-decevant-bilan-demmanuel-macron\/#primaryimage\"},\"thumbnailUrl\":\"https:\/\/vof-news.eu\/wp-content\/uploads\/2025\/07\/fda1df4_upload-1-9vzqpstntdk9-000-36pl8ph-copie.jpg\",\"datePublished\":\"2025-07-08T10:30:09+00:00\",\"dateModified\":\"2025-07-08T10:30:37+00:00\",\"author\":{\"@id\":\"https:\/\/vof-news.eu\/fr\/#\/schema\/person\/f6a2a4309f0561835797fd8c19b333ed\"},\"description\":\"D\u00e8s 2018, Emmanuel Macron avait lanc\u00e9 un plan ambitieux de lutte contre la pauvret\u00e9 avec la promesse de l\u2019\u00e9radiquer \u00e0 moyen terme. Alors que la fin de son second quinquennat se profile, le bilan reste tr\u00e8s d\u00e9cevant. Apr\u00e8s avoir longtemps stagn\u00e9 \u00e0 un haut niveau, le fl\u00e9au est reparti \u00e0 la hausse, selon les chiffres de l\u2019Insee publi\u00e9s lundi 7\u00a0juillet, dans le cadre son \u00e9tude annuelle portant sur 2023. Le taux de pauvret\u00e9 n\u2019avait jamais \u00e9t\u00e9 aussi \u00e9lev\u00e9 en France depuis trente ans, actant l\u2019\u00e9chec d\u2019une politique qui n\u2019a pas su s\u2019attaquer de fa\u00e7on structurelle \u00e0 un ph\u00e9nom\u00e8ne qui sape la coh\u00e9sion du pays. Si la politique du \u00ab\u00a0quoi qu\u2019il en co\u00fbte\u00a0\u00bb mise en \u0153uvre dans la foul\u00e9e de la crise sanitaire a \u00e9vit\u00e9 que la pauvret\u00e9 n\u2019explose, elle a \u00e9t\u00e9 insuffisamment cibl\u00e9e et n\u2019a pas permis d\u2019en pr\u00e9server durablement les personnes. Pis, depuis l\u2019arr\u00eat des mesures d\u2019accompagnement pour att\u00e9nuer les effets de l\u2019inflation, le taux de pauvret\u00e9 est en forte augmentation, \u00e0 15,4\u00a0%, et 650\u00a0000\u00a0personnes ont bascul\u00e9 dans cette cat\u00e9gorie en seulement un an. Cette tendance n\u2019est pas due \u00e0 un appauvrissement g\u00e9n\u00e9ralis\u00e9 du pays, mais au d\u00e9crochage des plus fragiles, qui ont davantage subi l\u2019impact de l\u2019inflation. Car, malgr\u00e9 un niveau de redistribution parmi les plus \u00e9lev\u00e9s du monde, la France se distingue par une hausse des in\u00e9galit\u00e9s. Pendant que le niveau de vie des 10\u00a0% les plus riches a augment\u00e9, celui des 10\u00a0% les plus pauvres a baiss\u00e9, creusant encore un peu plus les \u00e9carts. La situation se rapproche de ce qu\u2019elle \u00e9tait dans les ann\u00e9es 1970, constate l\u2019Insee. Cette aggravation du taux de pauvret\u00e9 est d\u2019autant plus inqui\u00e9tante que le pays demeure en croissance, m\u00eame faible, et que le ch\u00f4mage reste contenu, malgr\u00e9 une l\u00e9g\u00e8re remont\u00e9e ces derniers mois. Contrairement aux p\u00e9riodes pr\u00e9c\u00e9dentes, l\u2019am\u00e9lioration de la situation de l\u2019emploi n\u2019a pas contribu\u00e9 au recul de la pauvret\u00e9. Sortir du ch\u00f4mage en\u00a02023 ne garantit pas de pouvoir am\u00e9liorer sa condition. Ce ph\u00e9nom\u00e8ne de travailleurs pauvres a \u00e9t\u00e9 accentu\u00e9 par l\u2019augmentation des temps partiels subis et le d\u00e9veloppement du statut de microentrepreneur, qui ne permet pas toujours de gagner suffisamment pour s\u2019extraire de la pauvret\u00e9. Quant \u00e0 la r\u00e9forme de l\u2019assurance-ch\u00f4mage de 2021, en durcissant les r\u00e8gles d\u2019indemnisation, elle a abouti \u00e0 une hausse du taux de pauvret\u00e9 parmi les sans-emploi. La r\u00e9cente simplification du versement des aides, alors que pr\u00e8s d\u2019un tiers des allocataires ne les r\u00e9clame pas, va dans la bonne direction, mais la mesure ne s\u2019attaque pas aux causes structurelles de la pauvret\u00e9. Celle-ci doit \u00eatre prise \u00e0 la racine et l\u2019accent doit \u00eatre mis sur la pr\u00e9vention plut\u00f4t que sur la r\u00e9paration a posteriori des d\u00e9g\u00e2ts sociaux. Cela passe par des politiques de long terme afin de lutter contre le d\u00e9crochage scolaire, les in\u00e9galit\u00e9s de sant\u00e9 ou le mal-logement. Fran\u00e7ois Bayrou s\u2019est engag\u00e9, selon les repr\u00e9sentants d\u2019associations de solidarit\u00e9 qui l\u2019ont rencontr\u00e9 le 3\u00a0juillet, \u00e0 fixer un objectif chiffr\u00e9 de r\u00e9duction de la pauvret\u00e9, comme pr\u00e9vu par la loi du 1er\u00a0f\u00e9vrier\u00a02008. Encore faudra-t-il accompagner un tel objectif d\u2019une strat\u00e9gie ambitieuse, en\u00a0agissant sur les multiples d\u00e9terminants de la pauvret\u00e9 et en assumant d\u2019investir sur la dur\u00e9e. Au regard du contexte budg\u00e9taire et de l\u2019absence de majorit\u00e9 \u00e0 l\u2019Assembl\u00e9e nationale, cette volont\u00e9 risque de faire long feu comme les promesses du pr\u00e9sident de la R\u00e9publique, qui, sept ans apr\u00e8s avoir \u00e9t\u00e9 formul\u00e9es, sont rest\u00e9es lettre morte. Le Monde S\u2019abonner Contribuer R\u00e9utiliser ce contenu\",\"breadcrumb\":{\"@id\":\"https:\/\/vof-news.eu\/fr\/pauvrete-le-decevant-bilan-demmanuel-macron\/#breadcrumb\"},\"inLanguage\":\"fr-FR\",\"potentialAction\":[{\"@type\":\"ReadAction\",\"target\":[\"https:\/\/vof-news.eu\/fr\/pauvrete-le-decevant-bilan-demmanuel-macron\/\"]}]},{\"@type\":\"ImageObject\",\"inLanguage\":\"fr-FR\",\"@id\":\"https:\/\/vof-news.eu\/fr\/pauvrete-le-decevant-bilan-demmanuel-macron\/#primaryimage\",\"url\":\"https:\/\/vof-news.eu\/wp-content\/uploads\/2025\/07\/fda1df4_upload-1-9vzqpstntdk9-000-36pl8ph-copie.jpg\",\"contentUrl\":\"https:\/\/vof-news.eu\/wp-content\/uploads\/2025\/07\/fda1df4_upload-1-9vzqpstntdk9-000-36pl8ph-copie.jpg\",\"width\":664,\"height\":443},{\"@type\":\"BreadcrumbList\",\"@id\":\"https:\/\/vof-news.eu\/fr\/pauvrete-le-decevant-bilan-demmanuel-macron\/#breadcrumb\",\"itemListElement\":[{\"@type\":\"ListItem\",\"position\":1,\"name\":\"Home\",\"item\":\"https:\/\/vof-news.eu\/fr\/\"},{\"@type\":\"ListItem\",\"position\":2,\"name\":\"Pauvret\u00e9\u00a0: le d\u00e9cevant bilan d\u2019Emmanuel Macron\"}]},{\"@type\":\"WebSite\",\"@id\":\"https:\/\/vof-news.eu\/fr\/#website\",\"url\":\"https:\/\/vof-news.eu\/fr\/\",\"name\":\"vof-news.eu\",\"description\":\"\",\"potentialAction\":[{\"@type\":\"SearchAction\",\"target\":{\"@type\":\"EntryPoint\",\"urlTemplate\":\"https:\/\/vof-news.eu\/fr\/?s={search_term_string}\"},\"query-input\":\"required name=search_term_string\"}],\"inLanguage\":\"fr-FR\"},{\"@type\":\"Person\",\"@id\":\"https:\/\/vof-news.eu\/fr\/#\/schema\/person\/f6a2a4309f0561835797fd8c19b333ed\",\"name\":\"Author\",\"image\":{\"@type\":\"ImageObject\",\"inLanguage\":\"fr-FR\",\"@id\":\"https:\/\/vof-news.eu\/fr\/#\/schema\/person\/image\/\",\"url\":\"https:\/\/secure.gravatar.com\/avatar\/b67e614b1b25b3e9c0c239efdd2fde5ab015b5affd6f1c3c85911ca4b384e790?s=96&d=mm&r=g\",\"contentUrl\":\"https:\/\/secure.gravatar.com\/avatar\/b67e614b1b25b3e9c0c239efdd2fde5ab015b5affd6f1c3c85911ca4b384e790?s=96&d=mm&r=g\",\"caption\":\"Author\"},\"sameAs\":[\"http:\/\/vof-news.eu\"],\"url\":\"https:\/\/vof-news.eu\/fr\/author\/zwt6qxnjulxbnyg\/\"}]}<\/script>\n<!-- \/ Yoast SEO plugin. -->","yoast_head_json":{"title":"Pauvret\u00e9\u00a0: le d\u00e9cevant bilan d\u2019Emmanuel Macron - vof-news.eu","description":"D\u00e8s 2018, Emmanuel Macron avait lanc\u00e9 un plan ambitieux de lutte contre la pauvret\u00e9 avec la promesse de l\u2019\u00e9radiquer \u00e0 moyen terme. Alors que la fin de son second quinquennat se profile, le bilan reste tr\u00e8s d\u00e9cevant. Apr\u00e8s avoir longtemps stagn\u00e9 \u00e0 un haut niveau, le fl\u00e9au est reparti \u00e0 la hausse, selon les chiffres de l\u2019Insee publi\u00e9s lundi 7\u00a0juillet, dans le cadre son \u00e9tude annuelle portant sur 2023. Le taux de pauvret\u00e9 n\u2019avait jamais \u00e9t\u00e9 aussi \u00e9lev\u00e9 en France depuis trente ans, actant l\u2019\u00e9chec d\u2019une politique qui n\u2019a pas su s\u2019attaquer de fa\u00e7on structurelle \u00e0 un ph\u00e9nom\u00e8ne qui sape la coh\u00e9sion du pays. Si la politique du \u00ab\u00a0quoi qu\u2019il en co\u00fbte\u00a0\u00bb mise en \u0153uvre dans la foul\u00e9e de la crise sanitaire a \u00e9vit\u00e9 que la pauvret\u00e9 n\u2019explose, elle a \u00e9t\u00e9 insuffisamment cibl\u00e9e et n\u2019a pas permis d\u2019en pr\u00e9server durablement les personnes. Pis, depuis l\u2019arr\u00eat des mesures d\u2019accompagnement pour att\u00e9nuer les effets de l\u2019inflation, le taux de pauvret\u00e9 est en forte augmentation, \u00e0 15,4\u00a0%, et 650\u00a0000\u00a0personnes ont bascul\u00e9 dans cette cat\u00e9gorie en seulement un an. Cette tendance n\u2019est pas due \u00e0 un appauvrissement g\u00e9n\u00e9ralis\u00e9 du pays, mais au d\u00e9crochage des plus fragiles, qui ont davantage subi l\u2019impact de l\u2019inflation. Car, malgr\u00e9 un niveau de redistribution parmi les plus \u00e9lev\u00e9s du monde, la France se distingue par une hausse des in\u00e9galit\u00e9s. Pendant que le niveau de vie des 10\u00a0% les plus riches a augment\u00e9, celui des 10\u00a0% les plus pauvres a baiss\u00e9, creusant encore un peu plus les \u00e9carts. La situation se rapproche de ce qu\u2019elle \u00e9tait dans les ann\u00e9es 1970, constate l\u2019Insee.  Cette aggravation du taux de pauvret\u00e9 est d\u2019autant plus inqui\u00e9tante que le pays demeure en croissance, m\u00eame faible, et que le ch\u00f4mage reste contenu, malgr\u00e9 une l\u00e9g\u00e8re remont\u00e9e ces derniers mois. Contrairement aux p\u00e9riodes pr\u00e9c\u00e9dentes, l\u2019am\u00e9lioration de la situation de l\u2019emploi n\u2019a pas contribu\u00e9 au recul de la pauvret\u00e9. Sortir du ch\u00f4mage en\u00a02023 ne garantit pas de pouvoir am\u00e9liorer sa condition. Ce ph\u00e9nom\u00e8ne de travailleurs pauvres a \u00e9t\u00e9 accentu\u00e9 par l\u2019augmentation des temps partiels subis et le d\u00e9veloppement du statut de microentrepreneur, qui ne permet pas toujours de gagner suffisamment pour s\u2019extraire de la pauvret\u00e9. Quant \u00e0 la r\u00e9forme de l\u2019assurance-ch\u00f4mage de 2021, en durcissant les r\u00e8gles d\u2019indemnisation, elle a abouti \u00e0 une hausse du taux de pauvret\u00e9 parmi les sans-emploi. La r\u00e9cente simplification du versement des aides, alors que pr\u00e8s d\u2019un tiers des allocataires ne les r\u00e9clame pas, va dans la bonne direction, mais la mesure ne s\u2019attaque pas aux causes structurelles de la pauvret\u00e9. Celle-ci doit \u00eatre prise \u00e0 la racine et l\u2019accent doit \u00eatre mis sur la pr\u00e9vention plut\u00f4t que sur la r\u00e9paration a posteriori des d\u00e9g\u00e2ts sociaux. Cela passe par des politiques de long terme afin de lutter contre le d\u00e9crochage scolaire, les in\u00e9galit\u00e9s de sant\u00e9 ou le mal-logement. Fran\u00e7ois Bayrou s\u2019est engag\u00e9, selon les repr\u00e9sentants d\u2019associations de solidarit\u00e9 qui l\u2019ont rencontr\u00e9 le 3\u00a0juillet, \u00e0 fixer un objectif chiffr\u00e9 de r\u00e9duction de la pauvret\u00e9, comme pr\u00e9vu par la loi du 1er\u00a0f\u00e9vrier\u00a02008. Encore faudra-t-il accompagner un tel objectif d\u2019une strat\u00e9gie ambitieuse, en\u00a0agissant sur les multiples d\u00e9terminants de la pauvret\u00e9 et en assumant d\u2019investir sur la dur\u00e9e. Au regard du contexte budg\u00e9taire et de l\u2019absence de majorit\u00e9 \u00e0 l\u2019Assembl\u00e9e nationale, cette volont\u00e9 risque de faire long feu comme les promesses du pr\u00e9sident de la R\u00e9publique, qui, sept ans apr\u00e8s avoir \u00e9t\u00e9 formul\u00e9es, sont rest\u00e9es lettre morte.    Le Monde      S\u2019abonner   Contribuer R\u00e9utiliser ce contenu","robots":{"index":"noindex","follow":"follow","max-snippet":"max-snippet:-1","max-image-preview":"max-image-preview:large","max-video-preview":"max-video-preview:-1"},"og_locale":"fr_FR","og_type":"article","og_title":"Pauvret\u00e9\u00a0: le d\u00e9cevant bilan d\u2019Emmanuel Macron - vof-news.eu","og_description":"D\u00e8s 2018, Emmanuel Macron avait lanc\u00e9 un plan ambitieux de lutte contre la pauvret\u00e9 avec la promesse de l\u2019\u00e9radiquer \u00e0 moyen terme. Alors que la fin de son second quinquennat se profile, le bilan reste tr\u00e8s d\u00e9cevant. Apr\u00e8s avoir longtemps stagn\u00e9 \u00e0 un haut niveau, le fl\u00e9au est reparti \u00e0 la hausse, selon les chiffres de l\u2019Insee publi\u00e9s lundi 7\u00a0juillet, dans le cadre son \u00e9tude annuelle portant sur 2023. Le taux de pauvret\u00e9 n\u2019avait jamais \u00e9t\u00e9 aussi \u00e9lev\u00e9 en France depuis trente ans, actant l\u2019\u00e9chec d\u2019une politique qui n\u2019a pas su s\u2019attaquer de fa\u00e7on structurelle \u00e0 un ph\u00e9nom\u00e8ne qui sape la coh\u00e9sion du pays. Si la politique du \u00ab\u00a0quoi qu\u2019il en co\u00fbte\u00a0\u00bb mise en \u0153uvre dans la foul\u00e9e de la crise sanitaire a \u00e9vit\u00e9 que la pauvret\u00e9 n\u2019explose, elle a \u00e9t\u00e9 insuffisamment cibl\u00e9e et n\u2019a pas permis d\u2019en pr\u00e9server durablement les personnes. Pis, depuis l\u2019arr\u00eat des mesures d\u2019accompagnement pour att\u00e9nuer les effets de l\u2019inflation, le taux de pauvret\u00e9 est en forte augmentation, \u00e0 15,4\u00a0%, et 650\u00a0000\u00a0personnes ont bascul\u00e9 dans cette cat\u00e9gorie en seulement un an. Cette tendance n\u2019est pas due \u00e0 un appauvrissement g\u00e9n\u00e9ralis\u00e9 du pays, mais au d\u00e9crochage des plus fragiles, qui ont davantage subi l\u2019impact de l\u2019inflation. Car, malgr\u00e9 un niveau de redistribution parmi les plus \u00e9lev\u00e9s du monde, la France se distingue par une hausse des in\u00e9galit\u00e9s. Pendant que le niveau de vie des 10\u00a0% les plus riches a augment\u00e9, celui des 10\u00a0% les plus pauvres a baiss\u00e9, creusant encore un peu plus les \u00e9carts. La situation se rapproche de ce qu\u2019elle \u00e9tait dans les ann\u00e9es 1970, constate l\u2019Insee.  Cette aggravation du taux de pauvret\u00e9 est d\u2019autant plus inqui\u00e9tante que le pays demeure en croissance, m\u00eame faible, et que le ch\u00f4mage reste contenu, malgr\u00e9 une l\u00e9g\u00e8re remont\u00e9e ces derniers mois. Contrairement aux p\u00e9riodes pr\u00e9c\u00e9dentes, l\u2019am\u00e9lioration de la situation de l\u2019emploi n\u2019a pas contribu\u00e9 au recul de la pauvret\u00e9. Sortir du ch\u00f4mage en\u00a02023 ne garantit pas de pouvoir am\u00e9liorer sa condition. Ce ph\u00e9nom\u00e8ne de travailleurs pauvres a \u00e9t\u00e9 accentu\u00e9 par l\u2019augmentation des temps partiels subis et le d\u00e9veloppement du statut de microentrepreneur, qui ne permet pas toujours de gagner suffisamment pour s\u2019extraire de la pauvret\u00e9. Quant \u00e0 la r\u00e9forme de l\u2019assurance-ch\u00f4mage de 2021, en durcissant les r\u00e8gles d\u2019indemnisation, elle a abouti \u00e0 une hausse du taux de pauvret\u00e9 parmi les sans-emploi. La r\u00e9cente simplification du versement des aides, alors que pr\u00e8s d\u2019un tiers des allocataires ne les r\u00e9clame pas, va dans la bonne direction, mais la mesure ne s\u2019attaque pas aux causes structurelles de la pauvret\u00e9. Celle-ci doit \u00eatre prise \u00e0 la racine et l\u2019accent doit \u00eatre mis sur la pr\u00e9vention plut\u00f4t que sur la r\u00e9paration a posteriori des d\u00e9g\u00e2ts sociaux. Cela passe par des politiques de long terme afin de lutter contre le d\u00e9crochage scolaire, les in\u00e9galit\u00e9s de sant\u00e9 ou le mal-logement. Fran\u00e7ois Bayrou s\u2019est engag\u00e9, selon les repr\u00e9sentants d\u2019associations de solidarit\u00e9 qui l\u2019ont rencontr\u00e9 le 3\u00a0juillet, \u00e0 fixer un objectif chiffr\u00e9 de r\u00e9duction de la pauvret\u00e9, comme pr\u00e9vu par la loi du 1er\u00a0f\u00e9vrier\u00a02008. Encore faudra-t-il accompagner un tel objectif d\u2019une strat\u00e9gie ambitieuse, en\u00a0agissant sur les multiples d\u00e9terminants de la pauvret\u00e9 et en assumant d\u2019investir sur la dur\u00e9e. Au regard du contexte budg\u00e9taire et de l\u2019absence de majorit\u00e9 \u00e0 l\u2019Assembl\u00e9e nationale, cette volont\u00e9 risque de faire long feu comme les promesses du pr\u00e9sident de la R\u00e9publique, qui, sept ans apr\u00e8s avoir \u00e9t\u00e9 formul\u00e9es, sont rest\u00e9es lettre morte.    Le Monde      S\u2019abonner   Contribuer R\u00e9utiliser ce contenu","og_url":"https:\/\/vof-news.eu\/fr\/pauvrete-le-decevant-bilan-demmanuel-macron\/","og_site_name":"vof-news.eu","article_published_time":"2025-07-08T10:30:09+00:00","article_modified_time":"2025-07-08T10:30:37+00:00","og_image":[{"width":664,"height":443,"url":"https:\/\/vof-news.eu\/wp-content\/uploads\/2025\/07\/fda1df4_upload-1-9vzqpstntdk9-000-36pl8ph-copie.jpg","type":"image\/jpeg"}],"author":"Author","twitter_card":"summary_large_image","twitter_misc":{"\u00c9crit par":"Author","Dur\u00e9e de lecture estim\u00e9e":"3 minutes"},"schema":{"@context":"https:\/\/schema.org","@graph":[{"@type":"WebPage","@id":"https:\/\/vof-news.eu\/fr\/pauvrete-le-decevant-bilan-demmanuel-macron\/","url":"https:\/\/vof-news.eu\/fr\/pauvrete-le-decevant-bilan-demmanuel-macron\/","name":"Pauvret\u00e9\u00a0: le d\u00e9cevant bilan d\u2019Emmanuel Macron - vof-news.eu","isPartOf":{"@id":"https:\/\/vof-news.eu\/fr\/#website"},"primaryImageOfPage":{"@id":"https:\/\/vof-news.eu\/fr\/pauvrete-le-decevant-bilan-demmanuel-macron\/#primaryimage"},"image":{"@id":"https:\/\/vof-news.eu\/fr\/pauvrete-le-decevant-bilan-demmanuel-macron\/#primaryimage"},"thumbnailUrl":"https:\/\/vof-news.eu\/wp-content\/uploads\/2025\/07\/fda1df4_upload-1-9vzqpstntdk9-000-36pl8ph-copie.jpg","datePublished":"2025-07-08T10:30:09+00:00","dateModified":"2025-07-08T10:30:37+00:00","author":{"@id":"https:\/\/vof-news.eu\/fr\/#\/schema\/person\/f6a2a4309f0561835797fd8c19b333ed"},"description":"D\u00e8s 2018, Emmanuel Macron avait lanc\u00e9 un plan ambitieux de lutte contre la pauvret\u00e9 avec la promesse de l\u2019\u00e9radiquer \u00e0 moyen terme. Alors que la fin de son second quinquennat se profile, le bilan reste tr\u00e8s d\u00e9cevant. Apr\u00e8s avoir longtemps stagn\u00e9 \u00e0 un haut niveau, le fl\u00e9au est reparti \u00e0 la hausse, selon les chiffres de l\u2019Insee publi\u00e9s lundi 7\u00a0juillet, dans le cadre son \u00e9tude annuelle portant sur 2023. Le taux de pauvret\u00e9 n\u2019avait jamais \u00e9t\u00e9 aussi \u00e9lev\u00e9 en France depuis trente ans, actant l\u2019\u00e9chec d\u2019une politique qui n\u2019a pas su s\u2019attaquer de fa\u00e7on structurelle \u00e0 un ph\u00e9nom\u00e8ne qui sape la coh\u00e9sion du pays. Si la politique du \u00ab\u00a0quoi qu\u2019il en co\u00fbte\u00a0\u00bb mise en \u0153uvre dans la foul\u00e9e de la crise sanitaire a \u00e9vit\u00e9 que la pauvret\u00e9 n\u2019explose, elle a \u00e9t\u00e9 insuffisamment cibl\u00e9e et n\u2019a pas permis d\u2019en pr\u00e9server durablement les personnes. Pis, depuis l\u2019arr\u00eat des mesures d\u2019accompagnement pour att\u00e9nuer les effets de l\u2019inflation, le taux de pauvret\u00e9 est en forte augmentation, \u00e0 15,4\u00a0%, et 650\u00a0000\u00a0personnes ont bascul\u00e9 dans cette cat\u00e9gorie en seulement un an. Cette tendance n\u2019est pas due \u00e0 un appauvrissement g\u00e9n\u00e9ralis\u00e9 du pays, mais au d\u00e9crochage des plus fragiles, qui ont davantage subi l\u2019impact de l\u2019inflation. Car, malgr\u00e9 un niveau de redistribution parmi les plus \u00e9lev\u00e9s du monde, la France se distingue par une hausse des in\u00e9galit\u00e9s. Pendant que le niveau de vie des 10\u00a0% les plus riches a augment\u00e9, celui des 10\u00a0% les plus pauvres a baiss\u00e9, creusant encore un peu plus les \u00e9carts. La situation se rapproche de ce qu\u2019elle \u00e9tait dans les ann\u00e9es 1970, constate l\u2019Insee. Cette aggravation du taux de pauvret\u00e9 est d\u2019autant plus inqui\u00e9tante que le pays demeure en croissance, m\u00eame faible, et que le ch\u00f4mage reste contenu, malgr\u00e9 une l\u00e9g\u00e8re remont\u00e9e ces derniers mois. Contrairement aux p\u00e9riodes pr\u00e9c\u00e9dentes, l\u2019am\u00e9lioration de la situation de l\u2019emploi n\u2019a pas contribu\u00e9 au recul de la pauvret\u00e9. Sortir du ch\u00f4mage en\u00a02023 ne garantit pas de pouvoir am\u00e9liorer sa condition. Ce ph\u00e9nom\u00e8ne de travailleurs pauvres a \u00e9t\u00e9 accentu\u00e9 par l\u2019augmentation des temps partiels subis et le d\u00e9veloppement du statut de microentrepreneur, qui ne permet pas toujours de gagner suffisamment pour s\u2019extraire de la pauvret\u00e9. Quant \u00e0 la r\u00e9forme de l\u2019assurance-ch\u00f4mage de 2021, en durcissant les r\u00e8gles d\u2019indemnisation, elle a abouti \u00e0 une hausse du taux de pauvret\u00e9 parmi les sans-emploi. La r\u00e9cente simplification du versement des aides, alors que pr\u00e8s d\u2019un tiers des allocataires ne les r\u00e9clame pas, va dans la bonne direction, mais la mesure ne s\u2019attaque pas aux causes structurelles de la pauvret\u00e9. Celle-ci doit \u00eatre prise \u00e0 la racine et l\u2019accent doit \u00eatre mis sur la pr\u00e9vention plut\u00f4t que sur la r\u00e9paration a posteriori des d\u00e9g\u00e2ts sociaux. Cela passe par des politiques de long terme afin de lutter contre le d\u00e9crochage scolaire, les in\u00e9galit\u00e9s de sant\u00e9 ou le mal-logement. Fran\u00e7ois Bayrou s\u2019est engag\u00e9, selon les repr\u00e9sentants d\u2019associations de solidarit\u00e9 qui l\u2019ont rencontr\u00e9 le 3\u00a0juillet, \u00e0 fixer un objectif chiffr\u00e9 de r\u00e9duction de la pauvret\u00e9, comme pr\u00e9vu par la loi du 1er\u00a0f\u00e9vrier\u00a02008. Encore faudra-t-il accompagner un tel objectif d\u2019une strat\u00e9gie ambitieuse, en\u00a0agissant sur les multiples d\u00e9terminants de la pauvret\u00e9 et en assumant d\u2019investir sur la dur\u00e9e. Au regard du contexte budg\u00e9taire et de l\u2019absence de majorit\u00e9 \u00e0 l\u2019Assembl\u00e9e nationale, cette volont\u00e9 risque de faire long feu comme les promesses du pr\u00e9sident de la R\u00e9publique, qui, sept ans apr\u00e8s avoir \u00e9t\u00e9 formul\u00e9es, sont rest\u00e9es lettre morte. Le Monde S\u2019abonner Contribuer R\u00e9utiliser ce contenu","breadcrumb":{"@id":"https:\/\/vof-news.eu\/fr\/pauvrete-le-decevant-bilan-demmanuel-macron\/#breadcrumb"},"inLanguage":"fr-FR","potentialAction":[{"@type":"ReadAction","target":["https:\/\/vof-news.eu\/fr\/pauvrete-le-decevant-bilan-demmanuel-macron\/"]}]},{"@type":"ImageObject","inLanguage":"fr-FR","@id":"https:\/\/vof-news.eu\/fr\/pauvrete-le-decevant-bilan-demmanuel-macron\/#primaryimage","url":"https:\/\/vof-news.eu\/wp-content\/uploads\/2025\/07\/fda1df4_upload-1-9vzqpstntdk9-000-36pl8ph-copie.jpg","contentUrl":"https:\/\/vof-news.eu\/wp-content\/uploads\/2025\/07\/fda1df4_upload-1-9vzqpstntdk9-000-36pl8ph-copie.jpg","width":664,"height":443},{"@type":"BreadcrumbList","@id":"https:\/\/vof-news.eu\/fr\/pauvrete-le-decevant-bilan-demmanuel-macron\/#breadcrumb","itemListElement":[{"@type":"ListItem","position":1,"name":"Home","item":"https:\/\/vof-news.eu\/fr\/"},{"@type":"ListItem","position":2,"name":"Pauvret\u00e9\u00a0: le d\u00e9cevant bilan d\u2019Emmanuel Macron"}]},{"@type":"WebSite","@id":"https:\/\/vof-news.eu\/fr\/#website","url":"https:\/\/vof-news.eu\/fr\/","name":"vof-news.eu","description":"","potentialAction":[{"@type":"SearchAction","target":{"@type":"EntryPoint","urlTemplate":"https:\/\/vof-news.eu\/fr\/?s={search_term_string}"},"query-input":"required name=search_term_string"}],"inLanguage":"fr-FR"},{"@type":"Person","@id":"https:\/\/vof-news.eu\/fr\/#\/schema\/person\/f6a2a4309f0561835797fd8c19b333ed","name":"Author","image":{"@type":"ImageObject","inLanguage":"fr-FR","@id":"https:\/\/vof-news.eu\/fr\/#\/schema\/person\/image\/","url":"https:\/\/secure.gravatar.com\/avatar\/b67e614b1b25b3e9c0c239efdd2fde5ab015b5affd6f1c3c85911ca4b384e790?s=96&d=mm&r=g","contentUrl":"https:\/\/secure.gravatar.com\/avatar\/b67e614b1b25b3e9c0c239efdd2fde5ab015b5affd6f1c3c85911ca4b384e790?s=96&d=mm&r=g","caption":"Author"},"sameAs":["http:\/\/vof-news.eu"],"url":"https:\/\/vof-news.eu\/fr\/author\/zwt6qxnjulxbnyg\/"}]}},"yoast_meta":{"yoast_wpseo_title":"","yoast_wpseo_metadesc":"","yoast_wpseo_canonical":""},"_links":{"self":[{"href":"https:\/\/vof-news.eu\/fr\/wp-json\/wp\/v2\/posts\/249479","targetHints":{"allow":["GET"]}}],"collection":[{"href":"https:\/\/vof-news.eu\/fr\/wp-json\/wp\/v2\/posts"}],"about":[{"href":"https:\/\/vof-news.eu\/fr\/wp-json\/wp\/v2\/types\/post"}],"author":[{"embeddable":true,"href":"https:\/\/vof-news.eu\/fr\/wp-json\/wp\/v2\/users\/1"}],"replies":[{"embeddable":true,"href":"https:\/\/vof-news.eu\/fr\/wp-json\/wp\/v2\/comments?post=249479"}],"version-history":[{"count":1,"href":"https:\/\/vof-news.eu\/fr\/wp-json\/wp\/v2\/posts\/249479\/revisions"}],"predecessor-version":[{"id":249486,"href":"https:\/\/vof-news.eu\/fr\/wp-json\/wp\/v2\/posts\/249479\/revisions\/249486"}],"wp:featuredmedia":[{"embeddable":true,"href":"https:\/\/vof-news.eu\/fr\/wp-json\/wp\/v2\/media\/249480"}],"wp:attachment":[{"href":"https:\/\/vof-news.eu\/fr\/wp-json\/wp\/v2\/media?parent=249479"}],"wp:term":[{"taxonomy":"category","embeddable":true,"href":"https:\/\/vof-news.eu\/fr\/wp-json\/wp\/v2\/categories?post=249479"},{"taxonomy":"post_tag","embeddable":true,"href":"https:\/\/vof-news.eu\/fr\/wp-json\/wp\/v2\/tags?post=249479"}],"curies":[{"name":"wp","href":"https:\/\/api.w.org\/{rel}","templated":true}]}}