{"id":249447,"date":"2025-07-08T11:31:41","date_gmt":"2025-07-08T08:31:41","guid":{"rendered":"https:\/\/vof-news.eu\/les-expositions-scientifiques-a-ne-pas-rater-cet-ete-dans-toute-la-france\/"},"modified":"2025-07-08T11:31:55","modified_gmt":"2025-07-08T08:31:55","slug":"les-expositions-scientifiques-a-ne-pas-rater-cet-ete-dans-toute-la-france","status":"publish","type":"post","link":"https:\/\/vof-news.eu\/fr\/les-expositions-scientifiques-a-ne-pas-rater-cet-ete-dans-toute-la-france\/","title":{"rendered":"Les expositions scientifiques \u00e0 ne pas rater cet \u00e9t\u00e9 dans toute la France"},"content":{"rendered":"<article>\n<p>LA LISTE DE LA MATINALE<\/p>\n<p>Pour les vacances, les journalistes du service Sciences du ont s\u00e9lectionn\u00e9 plusieurs expositions \u00e0 voir, de Morlaix (Finist\u00e8re) \u00e0 Nice en passant par Amboise (Indre-et-Loire), Paris et Strasbourg. Quelle que soit l\u2019autoroute que vous emprunterez, elle vous m\u00e8nera forc\u00e9ment vers une escale savante.<\/p>\n<h3>La revanche des Gaulois, \u00e0 N\u00eemes<\/h3>\n<p>Ah ces Gaulois, ces sauvages chevelus et barbus, leurs banquets, leurs menhirs et leurs for\u00eats imp\u00e9n\u00e9trables\u00a0! Avec l\u2019exposition intitul\u00e9e \u00ab\u00a0Gaulois mais Romains\u00a0! Chefs-d\u2019\u0153uvre du Mus\u00e9e d\u2019arch\u00e9ologie nationale\u00a0\u00bb, le Mus\u00e9e de la romanit\u00e9, \u00e0 N\u00eemes, ouvert en\u00a02018 et qui vient de passer la barre du million de visiteurs, questionne ces clich\u00e9s et propose de repenser le r\u00e9cit de cette p\u00e9riode. Comme l\u2019annonce son titre clin d\u2019\u0153il, l\u2019exposition ne se prive pas de jouer sur l\u2019humour, en particulier lors d\u2019une vid\u00e9o introductive dont les r\u00e9f\u00e9rences grand public interpellent m\u00eame les plus jeunes.<\/p>\n<p>En progressant dans les salles, le propos s\u2019\u00e9toffe et explore des aspects m\u00e9connus de la Gaule romaine. Les travaux des arch\u00e9ologues sur le sujet ne manquent pas. Ils reconstituent le quotidien de ces populations \u2013 on parlerait plut\u00f4t de peuples \u2013 organis\u00e9es autour de territoires distincts, mais que Jules C\u00e9sar unifie artificiellement en les d\u00e9nommant \u00ab\u00a0Gaulois\u00a0\u00bb.<\/p>\n<p><strong>Il vous reste 86.85% de cet article \u00e0 lire. La suite est r\u00e9serv\u00e9e aux abonn\u00e9s.<\/strong><\/p>\n<\/article>\n","protected":false},"excerpt":{"rendered":"<p>LA LISTE DE LA MATINALE Pour les vacances, les journalistes du service Sciences du ont s\u00e9lectionn\u00e9 plusieurs expositions \u00e0 voir, de Morlaix (Finist\u00e8re) \u00e0 Nice en passant par Amboise (Indre-et-Loire), Paris et Strasbourg. Quelle que soit l\u2019autoroute que vous emprunterez, elle vous m\u00e8nera forc\u00e9ment vers une escale savante. La revanche des Gaulois, \u00e0 N\u00eemes Ah<\/p>\n","protected":false},"author":1,"featured_media":249448,"comment_status":"open","ping_status":"open","sticky":false,"template":"","format":"standard","meta":{"footnotes":""},"categories":[63],"tags":[],"class_list":["post-249447","post","type-post","status-publish","format-standard","has-post-thumbnail","hentry","category-culture-fr"],"acf":[],"yoast_head":"<!-- This site is optimized with the Yoast SEO plugin v22.9 - https:\/\/yoast.com\/wordpress\/plugins\/seo\/ -->\n<title>Les expositions scientifiques \u00e0 ne pas rater cet \u00e9t\u00e9 dans toute la France - vof-news.eu<\/title>\n<meta name=\"description\" content=\"LA LISTE DE LA MATINALE Pour les vacances, les journalistes du service Sciences du ont s\u00e9lectionn\u00e9 plusieurs expositions \u00e0 voir, de Morlaix (Finist\u00e8re) \u00e0 Nice en passant par Amboise (Indre-et-Loire), Paris et Strasbourg. Quelle que soit l\u2019autoroute que vous emprunterez, elle vous m\u00e8nera forc\u00e9ment vers une escale savante. La revanche des Gaulois, \u00e0 N\u00eemes  Ah ces Gaulois, ces sauvages chevelus et barbus, leurs banquets, leurs menhirs et leurs for\u00eats imp\u00e9n\u00e9trables\u00a0! Avec l\u2019exposition intitul\u00e9e \u00ab\u00a0Gaulois mais Romains\u00a0! Chefs-d\u2019\u0153uvre du Mus\u00e9e d\u2019arch\u00e9ologie nationale\u00a0\u00bb, le Mus\u00e9e de la romanit\u00e9, \u00e0 N\u00eemes, ouvert en\u00a02018 et qui vient de passer la barre du million de visiteurs, questionne ces clich\u00e9s et propose de repenser le r\u00e9cit de cette p\u00e9riode. Comme l\u2019annonce son titre clin d\u2019\u0153il, l\u2019exposition ne se prive pas de jouer sur l\u2019humour, en particulier lors d\u2019une vid\u00e9o introductive dont les r\u00e9f\u00e9rences grand public interpellent m\u00eame les plus jeunes. En progressant dans les salles, le propos s\u2019\u00e9toffe et explore des aspects m\u00e9connus de la Gaule romaine. Les travaux des arch\u00e9ologues sur le sujet ne manquent pas. Ils reconstituent le quotidien de ces populations \u2013 on parlerait plut\u00f4t de peuples \u2013 organis\u00e9es autour de territoires distincts, mais que Jules C\u00e9sar unifie artificiellement en les d\u00e9nommant \u00ab\u00a0Gaulois\u00a0\u00bb. Il vous reste 86.85% de cet article \u00e0 lire. La suite est r\u00e9serv\u00e9e aux abonn\u00e9s.\" \/>\n<meta name=\"robots\" content=\"noindex, follow, max-snippet:-1, max-image-preview:large, max-video-preview:-1\" \/>\n<meta property=\"og:locale\" content=\"fr_FR\" \/>\n<meta property=\"og:type\" content=\"article\" \/>\n<meta property=\"og:title\" content=\"Les expositions scientifiques \u00e0 ne pas rater cet \u00e9t\u00e9 dans toute la France - vof-news.eu\" \/>\n<meta property=\"og:description\" content=\"LA LISTE DE LA MATINALE Pour les vacances, les journalistes du service Sciences du ont s\u00e9lectionn\u00e9 plusieurs expositions \u00e0 voir, de Morlaix (Finist\u00e8re) \u00e0 Nice en passant par Amboise (Indre-et-Loire), Paris et Strasbourg. Quelle que soit l\u2019autoroute que vous emprunterez, elle vous m\u00e8nera forc\u00e9ment vers une escale savante. La revanche des Gaulois, \u00e0 N\u00eemes  Ah ces Gaulois, ces sauvages chevelus et barbus, leurs banquets, leurs menhirs et leurs for\u00eats imp\u00e9n\u00e9trables\u00a0! Avec l\u2019exposition intitul\u00e9e \u00ab\u00a0Gaulois mais Romains\u00a0! Chefs-d\u2019\u0153uvre du Mus\u00e9e d\u2019arch\u00e9ologie nationale\u00a0\u00bb, le Mus\u00e9e de la romanit\u00e9, \u00e0 N\u00eemes, ouvert en\u00a02018 et qui vient de passer la barre du million de visiteurs, questionne ces clich\u00e9s et propose de repenser le r\u00e9cit de cette p\u00e9riode. Comme l\u2019annonce son titre clin d\u2019\u0153il, l\u2019exposition ne se prive pas de jouer sur l\u2019humour, en particulier lors d\u2019une vid\u00e9o introductive dont les r\u00e9f\u00e9rences grand public interpellent m\u00eame les plus jeunes. En progressant dans les salles, le propos s\u2019\u00e9toffe et explore des aspects m\u00e9connus de la Gaule romaine. Les travaux des arch\u00e9ologues sur le sujet ne manquent pas. Ils reconstituent le quotidien de ces populations \u2013 on parlerait plut\u00f4t de peuples \u2013 organis\u00e9es autour de territoires distincts, mais que Jules C\u00e9sar unifie artificiellement en les d\u00e9nommant \u00ab\u00a0Gaulois\u00a0\u00bb. Il vous reste 86.85% de cet article \u00e0 lire. La suite est r\u00e9serv\u00e9e aux abonn\u00e9s.\" \/>\n<meta property=\"og:url\" content=\"https:\/\/vof-news.eu\/fr\/les-expositions-scientifiques-a-ne-pas-rater-cet-ete-dans-toute-la-france\/\" \/>\n<meta property=\"og:site_name\" content=\"vof-news.eu\" \/>\n<meta property=\"article:published_time\" content=\"2025-07-08T08:31:41+00:00\" \/>\n<meta property=\"article:modified_time\" content=\"2025-07-08T08:31:55+00:00\" \/>\n<meta property=\"og:image\" content=\"https:\/\/vof-news.eu\/wp-content\/uploads\/2025\/07\/e675e2d_upload-1-v5q0gfcqpbyx-img-3164-a-musei-e-de-la-romanitei-a-nii-mes-1.jpg\" \/>\n\t<meta property=\"og:image:width\" content=\"664\" \/>\n\t<meta property=\"og:image:height\" content=\"498\" \/>\n\t<meta property=\"og:image:type\" content=\"image\/jpeg\" \/>\n<meta name=\"author\" content=\"Author\" \/>\n<meta name=\"twitter:card\" content=\"summary_large_image\" \/>\n<meta name=\"twitter:label1\" content=\"\u00c9crit par\" \/>\n\t<meta name=\"twitter:data1\" content=\"Author\" \/>\n\t<meta name=\"twitter:label2\" content=\"Dur\u00e9e de lecture estim\u00e9e\" \/>\n\t<meta name=\"twitter:data2\" content=\"1 minute\" \/>\n<script type=\"application\/ld+json\" class=\"yoast-schema-graph\">{\"@context\":\"https:\/\/schema.org\",\"@graph\":[{\"@type\":\"WebPage\",\"@id\":\"https:\/\/vof-news.eu\/fr\/les-expositions-scientifiques-a-ne-pas-rater-cet-ete-dans-toute-la-france\/\",\"url\":\"https:\/\/vof-news.eu\/fr\/les-expositions-scientifiques-a-ne-pas-rater-cet-ete-dans-toute-la-france\/\",\"name\":\"Les expositions scientifiques \u00e0 ne pas rater cet \u00e9t\u00e9 dans toute la France - vof-news.eu\",\"isPartOf\":{\"@id\":\"https:\/\/vof-news.eu\/fr\/#website\"},\"primaryImageOfPage\":{\"@id\":\"https:\/\/vof-news.eu\/fr\/les-expositions-scientifiques-a-ne-pas-rater-cet-ete-dans-toute-la-france\/#primaryimage\"},\"image\":{\"@id\":\"https:\/\/vof-news.eu\/fr\/les-expositions-scientifiques-a-ne-pas-rater-cet-ete-dans-toute-la-france\/#primaryimage\"},\"thumbnailUrl\":\"https:\/\/vof-news.eu\/wp-content\/uploads\/2025\/07\/e675e2d_upload-1-v5q0gfcqpbyx-img-3164-a-musei-e-de-la-romanitei-a-nii-mes-1.jpg\",\"datePublished\":\"2025-07-08T08:31:41+00:00\",\"dateModified\":\"2025-07-08T08:31:55+00:00\",\"author\":{\"@id\":\"https:\/\/vof-news.eu\/fr\/#\/schema\/person\/f6a2a4309f0561835797fd8c19b333ed\"},\"description\":\"LA LISTE DE LA MATINALE Pour les vacances, les journalistes du service Sciences du ont s\u00e9lectionn\u00e9 plusieurs expositions \u00e0 voir, de Morlaix (Finist\u00e8re) \u00e0 Nice en passant par Amboise (Indre-et-Loire), Paris et Strasbourg. Quelle que soit l\u2019autoroute que vous emprunterez, elle vous m\u00e8nera forc\u00e9ment vers une escale savante. La revanche des Gaulois, \u00e0 N\u00eemes Ah ces Gaulois, ces sauvages chevelus et barbus, leurs banquets, leurs menhirs et leurs for\u00eats imp\u00e9n\u00e9trables\u00a0! Avec l\u2019exposition intitul\u00e9e \u00ab\u00a0Gaulois mais Romains\u00a0! Chefs-d\u2019\u0153uvre du Mus\u00e9e d\u2019arch\u00e9ologie nationale\u00a0\u00bb, le Mus\u00e9e de la romanit\u00e9, \u00e0 N\u00eemes, ouvert en\u00a02018 et qui vient de passer la barre du million de visiteurs, questionne ces clich\u00e9s et propose de repenser le r\u00e9cit de cette p\u00e9riode. Comme l\u2019annonce son titre clin d\u2019\u0153il, l\u2019exposition ne se prive pas de jouer sur l\u2019humour, en particulier lors d\u2019une vid\u00e9o introductive dont les r\u00e9f\u00e9rences grand public interpellent m\u00eame les plus jeunes. En progressant dans les salles, le propos s\u2019\u00e9toffe et explore des aspects m\u00e9connus de la Gaule romaine. Les travaux des arch\u00e9ologues sur le sujet ne manquent pas. Ils reconstituent le quotidien de ces populations \u2013 on parlerait plut\u00f4t de peuples \u2013 organis\u00e9es autour de territoires distincts, mais que Jules C\u00e9sar unifie artificiellement en les d\u00e9nommant \u00ab\u00a0Gaulois\u00a0\u00bb. Il vous reste 86.85% de cet article \u00e0 lire. La suite est r\u00e9serv\u00e9e aux abonn\u00e9s.\",\"breadcrumb\":{\"@id\":\"https:\/\/vof-news.eu\/fr\/les-expositions-scientifiques-a-ne-pas-rater-cet-ete-dans-toute-la-france\/#breadcrumb\"},\"inLanguage\":\"fr-FR\",\"potentialAction\":[{\"@type\":\"ReadAction\",\"target\":[\"https:\/\/vof-news.eu\/fr\/les-expositions-scientifiques-a-ne-pas-rater-cet-ete-dans-toute-la-france\/\"]}]},{\"@type\":\"ImageObject\",\"inLanguage\":\"fr-FR\",\"@id\":\"https:\/\/vof-news.eu\/fr\/les-expositions-scientifiques-a-ne-pas-rater-cet-ete-dans-toute-la-france\/#primaryimage\",\"url\":\"https:\/\/vof-news.eu\/wp-content\/uploads\/2025\/07\/e675e2d_upload-1-v5q0gfcqpbyx-img-3164-a-musei-e-de-la-romanitei-a-nii-mes-1.jpg\",\"contentUrl\":\"https:\/\/vof-news.eu\/wp-content\/uploads\/2025\/07\/e675e2d_upload-1-v5q0gfcqpbyx-img-3164-a-musei-e-de-la-romanitei-a-nii-mes-1.jpg\",\"width\":664,\"height\":498},{\"@type\":\"BreadcrumbList\",\"@id\":\"https:\/\/vof-news.eu\/fr\/les-expositions-scientifiques-a-ne-pas-rater-cet-ete-dans-toute-la-france\/#breadcrumb\",\"itemListElement\":[{\"@type\":\"ListItem\",\"position\":1,\"name\":\"Home\",\"item\":\"https:\/\/vof-news.eu\/fr\/\"},{\"@type\":\"ListItem\",\"position\":2,\"name\":\"Les expositions scientifiques \u00e0 ne pas rater cet \u00e9t\u00e9 dans toute la France\"}]},{\"@type\":\"WebSite\",\"@id\":\"https:\/\/vof-news.eu\/fr\/#website\",\"url\":\"https:\/\/vof-news.eu\/fr\/\",\"name\":\"vof-news.eu\",\"description\":\"\",\"potentialAction\":[{\"@type\":\"SearchAction\",\"target\":{\"@type\":\"EntryPoint\",\"urlTemplate\":\"https:\/\/vof-news.eu\/fr\/?s={search_term_string}\"},\"query-input\":\"required name=search_term_string\"}],\"inLanguage\":\"fr-FR\"},{\"@type\":\"Person\",\"@id\":\"https:\/\/vof-news.eu\/fr\/#\/schema\/person\/f6a2a4309f0561835797fd8c19b333ed\",\"name\":\"Author\",\"image\":{\"@type\":\"ImageObject\",\"inLanguage\":\"fr-FR\",\"@id\":\"https:\/\/vof-news.eu\/fr\/#\/schema\/person\/image\/\",\"url\":\"https:\/\/secure.gravatar.com\/avatar\/b67e614b1b25b3e9c0c239efdd2fde5ab015b5affd6f1c3c85911ca4b384e790?s=96&d=mm&r=g\",\"contentUrl\":\"https:\/\/secure.gravatar.com\/avatar\/b67e614b1b25b3e9c0c239efdd2fde5ab015b5affd6f1c3c85911ca4b384e790?s=96&d=mm&r=g\",\"caption\":\"Author\"},\"sameAs\":[\"http:\/\/vof-news.eu\"],\"url\":\"https:\/\/vof-news.eu\/fr\/author\/zwt6qxnjulxbnyg\/\"}]}<\/script>\n<!-- \/ Yoast SEO plugin. -->","yoast_head_json":{"title":"Les expositions scientifiques \u00e0 ne pas rater cet \u00e9t\u00e9 dans toute la France - vof-news.eu","description":"LA LISTE DE LA MATINALE Pour les vacances, les journalistes du service Sciences du ont s\u00e9lectionn\u00e9 plusieurs expositions \u00e0 voir, de Morlaix (Finist\u00e8re) \u00e0 Nice en passant par Amboise (Indre-et-Loire), Paris et Strasbourg. Quelle que soit l\u2019autoroute que vous emprunterez, elle vous m\u00e8nera forc\u00e9ment vers une escale savante. La revanche des Gaulois, \u00e0 N\u00eemes  Ah ces Gaulois, ces sauvages chevelus et barbus, leurs banquets, leurs menhirs et leurs for\u00eats imp\u00e9n\u00e9trables\u00a0! Avec l\u2019exposition intitul\u00e9e \u00ab\u00a0Gaulois mais Romains\u00a0! Chefs-d\u2019\u0153uvre du Mus\u00e9e d\u2019arch\u00e9ologie nationale\u00a0\u00bb, le Mus\u00e9e de la romanit\u00e9, \u00e0 N\u00eemes, ouvert en\u00a02018 et qui vient de passer la barre du million de visiteurs, questionne ces clich\u00e9s et propose de repenser le r\u00e9cit de cette p\u00e9riode. Comme l\u2019annonce son titre clin d\u2019\u0153il, l\u2019exposition ne se prive pas de jouer sur l\u2019humour, en particulier lors d\u2019une vid\u00e9o introductive dont les r\u00e9f\u00e9rences grand public interpellent m\u00eame les plus jeunes. En progressant dans les salles, le propos s\u2019\u00e9toffe et explore des aspects m\u00e9connus de la Gaule romaine. Les travaux des arch\u00e9ologues sur le sujet ne manquent pas. Ils reconstituent le quotidien de ces populations \u2013 on parlerait plut\u00f4t de peuples \u2013 organis\u00e9es autour de territoires distincts, mais que Jules C\u00e9sar unifie artificiellement en les d\u00e9nommant \u00ab\u00a0Gaulois\u00a0\u00bb. Il vous reste 86.85% de cet article \u00e0 lire. La suite est r\u00e9serv\u00e9e aux abonn\u00e9s.","robots":{"index":"noindex","follow":"follow","max-snippet":"max-snippet:-1","max-image-preview":"max-image-preview:large","max-video-preview":"max-video-preview:-1"},"og_locale":"fr_FR","og_type":"article","og_title":"Les expositions scientifiques \u00e0 ne pas rater cet \u00e9t\u00e9 dans toute la France - vof-news.eu","og_description":"LA LISTE DE LA MATINALE Pour les vacances, les journalistes du service Sciences du ont s\u00e9lectionn\u00e9 plusieurs expositions \u00e0 voir, de Morlaix (Finist\u00e8re) \u00e0 Nice en passant par Amboise (Indre-et-Loire), Paris et Strasbourg. Quelle que soit l\u2019autoroute que vous emprunterez, elle vous m\u00e8nera forc\u00e9ment vers une escale savante. La revanche des Gaulois, \u00e0 N\u00eemes  Ah ces Gaulois, ces sauvages chevelus et barbus, leurs banquets, leurs menhirs et leurs for\u00eats imp\u00e9n\u00e9trables\u00a0! Avec l\u2019exposition intitul\u00e9e \u00ab\u00a0Gaulois mais Romains\u00a0! Chefs-d\u2019\u0153uvre du Mus\u00e9e d\u2019arch\u00e9ologie nationale\u00a0\u00bb, le Mus\u00e9e de la romanit\u00e9, \u00e0 N\u00eemes, ouvert en\u00a02018 et qui vient de passer la barre du million de visiteurs, questionne ces clich\u00e9s et propose de repenser le r\u00e9cit de cette p\u00e9riode. Comme l\u2019annonce son titre clin d\u2019\u0153il, l\u2019exposition ne se prive pas de jouer sur l\u2019humour, en particulier lors d\u2019une vid\u00e9o introductive dont les r\u00e9f\u00e9rences grand public interpellent m\u00eame les plus jeunes. En progressant dans les salles, le propos s\u2019\u00e9toffe et explore des aspects m\u00e9connus de la Gaule romaine. Les travaux des arch\u00e9ologues sur le sujet ne manquent pas. Ils reconstituent le quotidien de ces populations \u2013 on parlerait plut\u00f4t de peuples \u2013 organis\u00e9es autour de territoires distincts, mais que Jules C\u00e9sar unifie artificiellement en les d\u00e9nommant \u00ab\u00a0Gaulois\u00a0\u00bb. Il vous reste 86.85% de cet article \u00e0 lire. La suite est r\u00e9serv\u00e9e aux abonn\u00e9s.","og_url":"https:\/\/vof-news.eu\/fr\/les-expositions-scientifiques-a-ne-pas-rater-cet-ete-dans-toute-la-france\/","og_site_name":"vof-news.eu","article_published_time":"2025-07-08T08:31:41+00:00","article_modified_time":"2025-07-08T08:31:55+00:00","og_image":[{"width":664,"height":498,"url":"https:\/\/vof-news.eu\/wp-content\/uploads\/2025\/07\/e675e2d_upload-1-v5q0gfcqpbyx-img-3164-a-musei-e-de-la-romanitei-a-nii-mes-1.jpg","type":"image\/jpeg"}],"author":"Author","twitter_card":"summary_large_image","twitter_misc":{"\u00c9crit par":"Author","Dur\u00e9e de lecture estim\u00e9e":"1 minute"},"schema":{"@context":"https:\/\/schema.org","@graph":[{"@type":"WebPage","@id":"https:\/\/vof-news.eu\/fr\/les-expositions-scientifiques-a-ne-pas-rater-cet-ete-dans-toute-la-france\/","url":"https:\/\/vof-news.eu\/fr\/les-expositions-scientifiques-a-ne-pas-rater-cet-ete-dans-toute-la-france\/","name":"Les expositions scientifiques \u00e0 ne pas rater cet \u00e9t\u00e9 dans toute la France - vof-news.eu","isPartOf":{"@id":"https:\/\/vof-news.eu\/fr\/#website"},"primaryImageOfPage":{"@id":"https:\/\/vof-news.eu\/fr\/les-expositions-scientifiques-a-ne-pas-rater-cet-ete-dans-toute-la-france\/#primaryimage"},"image":{"@id":"https:\/\/vof-news.eu\/fr\/les-expositions-scientifiques-a-ne-pas-rater-cet-ete-dans-toute-la-france\/#primaryimage"},"thumbnailUrl":"https:\/\/vof-news.eu\/wp-content\/uploads\/2025\/07\/e675e2d_upload-1-v5q0gfcqpbyx-img-3164-a-musei-e-de-la-romanitei-a-nii-mes-1.jpg","datePublished":"2025-07-08T08:31:41+00:00","dateModified":"2025-07-08T08:31:55+00:00","author":{"@id":"https:\/\/vof-news.eu\/fr\/#\/schema\/person\/f6a2a4309f0561835797fd8c19b333ed"},"description":"LA LISTE DE LA MATINALE Pour les vacances, les journalistes du service Sciences du ont s\u00e9lectionn\u00e9 plusieurs expositions \u00e0 voir, de Morlaix (Finist\u00e8re) \u00e0 Nice en passant par Amboise (Indre-et-Loire), Paris et Strasbourg. Quelle que soit l\u2019autoroute que vous emprunterez, elle vous m\u00e8nera forc\u00e9ment vers une escale savante. La revanche des Gaulois, \u00e0 N\u00eemes Ah ces Gaulois, ces sauvages chevelus et barbus, leurs banquets, leurs menhirs et leurs for\u00eats imp\u00e9n\u00e9trables\u00a0! Avec l\u2019exposition intitul\u00e9e \u00ab\u00a0Gaulois mais Romains\u00a0! Chefs-d\u2019\u0153uvre du Mus\u00e9e d\u2019arch\u00e9ologie nationale\u00a0\u00bb, le Mus\u00e9e de la romanit\u00e9, \u00e0 N\u00eemes, ouvert en\u00a02018 et qui vient de passer la barre du million de visiteurs, questionne ces clich\u00e9s et propose de repenser le r\u00e9cit de cette p\u00e9riode. Comme l\u2019annonce son titre clin d\u2019\u0153il, l\u2019exposition ne se prive pas de jouer sur l\u2019humour, en particulier lors d\u2019une vid\u00e9o introductive dont les r\u00e9f\u00e9rences grand public interpellent m\u00eame les plus jeunes. En progressant dans les salles, le propos s\u2019\u00e9toffe et explore des aspects m\u00e9connus de la Gaule romaine. Les travaux des arch\u00e9ologues sur le sujet ne manquent pas. Ils reconstituent le quotidien de ces populations \u2013 on parlerait plut\u00f4t de peuples \u2013 organis\u00e9es autour de territoires distincts, mais que Jules C\u00e9sar unifie artificiellement en les d\u00e9nommant \u00ab\u00a0Gaulois\u00a0\u00bb. Il vous reste 86.85% de cet article \u00e0 lire. La suite est r\u00e9serv\u00e9e aux abonn\u00e9s.","breadcrumb":{"@id":"https:\/\/vof-news.eu\/fr\/les-expositions-scientifiques-a-ne-pas-rater-cet-ete-dans-toute-la-france\/#breadcrumb"},"inLanguage":"fr-FR","potentialAction":[{"@type":"ReadAction","target":["https:\/\/vof-news.eu\/fr\/les-expositions-scientifiques-a-ne-pas-rater-cet-ete-dans-toute-la-france\/"]}]},{"@type":"ImageObject","inLanguage":"fr-FR","@id":"https:\/\/vof-news.eu\/fr\/les-expositions-scientifiques-a-ne-pas-rater-cet-ete-dans-toute-la-france\/#primaryimage","url":"https:\/\/vof-news.eu\/wp-content\/uploads\/2025\/07\/e675e2d_upload-1-v5q0gfcqpbyx-img-3164-a-musei-e-de-la-romanitei-a-nii-mes-1.jpg","contentUrl":"https:\/\/vof-news.eu\/wp-content\/uploads\/2025\/07\/e675e2d_upload-1-v5q0gfcqpbyx-img-3164-a-musei-e-de-la-romanitei-a-nii-mes-1.jpg","width":664,"height":498},{"@type":"BreadcrumbList","@id":"https:\/\/vof-news.eu\/fr\/les-expositions-scientifiques-a-ne-pas-rater-cet-ete-dans-toute-la-france\/#breadcrumb","itemListElement":[{"@type":"ListItem","position":1,"name":"Home","item":"https:\/\/vof-news.eu\/fr\/"},{"@type":"ListItem","position":2,"name":"Les expositions scientifiques \u00e0 ne pas rater cet \u00e9t\u00e9 dans toute la France"}]},{"@type":"WebSite","@id":"https:\/\/vof-news.eu\/fr\/#website","url":"https:\/\/vof-news.eu\/fr\/","name":"vof-news.eu","description":"","potentialAction":[{"@type":"SearchAction","target":{"@type":"EntryPoint","urlTemplate":"https:\/\/vof-news.eu\/fr\/?s={search_term_string}"},"query-input":"required name=search_term_string"}],"inLanguage":"fr-FR"},{"@type":"Person","@id":"https:\/\/vof-news.eu\/fr\/#\/schema\/person\/f6a2a4309f0561835797fd8c19b333ed","name":"Author","image":{"@type":"ImageObject","inLanguage":"fr-FR","@id":"https:\/\/vof-news.eu\/fr\/#\/schema\/person\/image\/","url":"https:\/\/secure.gravatar.com\/avatar\/b67e614b1b25b3e9c0c239efdd2fde5ab015b5affd6f1c3c85911ca4b384e790?s=96&d=mm&r=g","contentUrl":"https:\/\/secure.gravatar.com\/avatar\/b67e614b1b25b3e9c0c239efdd2fde5ab015b5affd6f1c3c85911ca4b384e790?s=96&d=mm&r=g","caption":"Author"},"sameAs":["http:\/\/vof-news.eu"],"url":"https:\/\/vof-news.eu\/fr\/author\/zwt6qxnjulxbnyg\/"}]}},"yoast_meta":{"yoast_wpseo_title":"","yoast_wpseo_metadesc":"","yoast_wpseo_canonical":""},"_links":{"self":[{"href":"https:\/\/vof-news.eu\/fr\/wp-json\/wp\/v2\/posts\/249447","targetHints":{"allow":["GET"]}}],"collection":[{"href":"https:\/\/vof-news.eu\/fr\/wp-json\/wp\/v2\/posts"}],"about":[{"href":"https:\/\/vof-news.eu\/fr\/wp-json\/wp\/v2\/types\/post"}],"author":[{"embeddable":true,"href":"https:\/\/vof-news.eu\/fr\/wp-json\/wp\/v2\/users\/1"}],"replies":[{"embeddable":true,"href":"https:\/\/vof-news.eu\/fr\/wp-json\/wp\/v2\/comments?post=249447"}],"version-history":[{"count":1,"href":"https:\/\/vof-news.eu\/fr\/wp-json\/wp\/v2\/posts\/249447\/revisions"}],"predecessor-version":[{"id":249454,"href":"https:\/\/vof-news.eu\/fr\/wp-json\/wp\/v2\/posts\/249447\/revisions\/249454"}],"wp:featuredmedia":[{"embeddable":true,"href":"https:\/\/vof-news.eu\/fr\/wp-json\/wp\/v2\/media\/249448"}],"wp:attachment":[{"href":"https:\/\/vof-news.eu\/fr\/wp-json\/wp\/v2\/media?parent=249447"}],"wp:term":[{"taxonomy":"category","embeddable":true,"href":"https:\/\/vof-news.eu\/fr\/wp-json\/wp\/v2\/categories?post=249447"},{"taxonomy":"post_tag","embeddable":true,"href":"https:\/\/vof-news.eu\/fr\/wp-json\/wp\/v2\/tags?post=249447"}],"curies":[{"name":"wp","href":"https:\/\/api.w.org\/{rel}","templated":true}]}}