{"id":249431,"date":"2025-07-08T11:30:11","date_gmt":"2025-07-08T08:30:11","guid":{"rendered":"https:\/\/vof-news.eu\/affaire-mbappe-contre-le-psg-un-retrait-de-plainte-et-des-discussions-en-coulisses\/"},"modified":"2025-07-08T11:30:24","modified_gmt":"2025-07-08T08:30:24","slug":"affaire-mbappe-contre-le-psg-un-retrait-de-plainte-et-des-discussions-en-coulisses","status":"publish","type":"post","link":"https:\/\/vof-news.eu\/fr\/affaire-mbappe-contre-le-psg-un-retrait-de-plainte-et-des-discussions-en-coulisses\/","title":{"rendered":"Affaire Mbapp\u00e9 contre le PSG\u00a0: un retrait de plainte et des discussions en coulisses"},"content":{"rendered":"<article>\n<p>Pour l\u2019\u00e9tat-major du Paris Saint-Germain (PSG), l\u2019information tombait \u00e0 pic, \u00e0 quarante-huit heures des retrouvailles sportives entre le club et son ex-buteur Kylian Mbapp\u00e9. Avant la demi-finale de la Coupe du monde des clubs opposant mercredi 9\u00a0juillet le PSG au Real Madrid (21\u00a0heures, heure de Paris), a r\u00e9v\u00e9l\u00e9, lundi, que\u00a0les avocats du num\u00e9ro\u00a09\u00a0des \u00ab\u00a0Merengue\u00a0\u00bb venaient de retirer une plainte p\u00e9nale d\u00e9pos\u00e9e en mai pour \u00ab\u00a0harc\u00e8lement moral et tentative d\u2019extorsion de signature\u00a0\u00bb.<\/p>\n<section>   <\/section>\n<p>Un retrait que le quotidien sportif per\u00e7oit comme un geste d\u2019apaisement dans le litige opposant le club parisien et le joueur. La star r\u00e9clame au PSG, depuis plus d\u2019un an, 55\u00a0millions d\u2019euros de salaires et primes impay\u00e9s et pr\u00e9vus dans son contrat de travail. En vain.<\/p>\n<p>Derri\u00e8re ce retrait de plainte, act\u00e9 soudainement lundi matin par le joueur, il y a eu un rapprochement et des discussions men\u00e9es secr\u00e8tement entre le clan Mbapp\u00e9 et Nasser Al-Khela\u00effi, en marge de la Coupe du monde des clubs, comme  est en mesure de le confirmer. Selon plusieurs proches du dossier, il existe une  Sollicit\u00e9, le PSG n\u2019a pas souhait\u00e9 commenter mais r\u00e9it\u00e8re son souhait de trouver une<\/p>\n<p><strong>Il vous reste 74.76% de cet article \u00e0 lire. La suite est r\u00e9serv\u00e9e aux abonn\u00e9s.<\/strong><\/p>\n<\/article>\n","protected":false},"excerpt":{"rendered":"<p>Pour l\u2019\u00e9tat-major du Paris Saint-Germain (PSG), l\u2019information tombait \u00e0 pic, \u00e0 quarante-huit heures des retrouvailles sportives entre le club et son ex-buteur Kylian Mbapp\u00e9. Avant la demi-finale de la Coupe du monde des clubs opposant mercredi 9\u00a0juillet le PSG au Real Madrid (21\u00a0heures, heure de Paris), a r\u00e9v\u00e9l\u00e9, lundi, que\u00a0les avocats du num\u00e9ro\u00a09\u00a0des \u00ab\u00a0Merengue\u00a0\u00bb venaient<\/p>\n","protected":false},"author":1,"featured_media":249432,"comment_status":"open","ping_status":"open","sticky":false,"template":"","format":"standard","meta":{"footnotes":""},"categories":[73],"tags":[],"class_list":["post-249431","post","type-post","status-publish","format-standard","has-post-thumbnail","hentry","category-sport-fr"],"acf":[],"yoast_head":"<!-- This site is optimized with the Yoast SEO plugin v22.9 - https:\/\/yoast.com\/wordpress\/plugins\/seo\/ -->\n<title>Affaire Mbapp\u00e9 contre le PSG\u00a0: un retrait de plainte et des discussions en coulisses - vof-news.eu<\/title>\n<meta name=\"description\" content=\"Pour l\u2019\u00e9tat-major du Paris Saint-Germain (PSG), l\u2019information tombait \u00e0 pic, \u00e0 quarante-huit heures des retrouvailles sportives entre le club et son ex-buteur Kylian Mbapp\u00e9. Avant la demi-finale de la Coupe du monde des clubs opposant mercredi 9\u00a0juillet le PSG au Real Madrid (21\u00a0heures, heure de Paris), a r\u00e9v\u00e9l\u00e9, lundi, que\u00a0les avocats du num\u00e9ro\u00a09\u00a0des \u00ab\u00a0Merengue\u00a0\u00bb venaient de retirer une plainte p\u00e9nale d\u00e9pos\u00e9e en mai pour \u00ab\u00a0harc\u00e8lement moral et tentative d\u2019extorsion de signature\u00a0\u00bb.   Un retrait que le quotidien sportif per\u00e7oit comme un geste d\u2019apaisement dans le litige opposant le club parisien et le joueur. La star r\u00e9clame au PSG, depuis plus d\u2019un an, 55\u00a0millions d\u2019euros de salaires et primes impay\u00e9s et pr\u00e9vus dans son contrat de travail. En vain. Derri\u00e8re ce retrait de plainte, act\u00e9 soudainement lundi matin par le joueur, il y a eu un rapprochement et des discussions men\u00e9es secr\u00e8tement entre le clan Mbapp\u00e9 et Nasser Al-Khela\u00effi, en marge de la Coupe du monde des clubs, comme est en mesure de le confirmer. Selon plusieurs proches du dossier, il existe une Sollicit\u00e9, le PSG n\u2019a pas souhait\u00e9 commenter mais r\u00e9it\u00e8re son souhait de trouver une Il vous reste 74.76% de cet article \u00e0 lire. La suite est r\u00e9serv\u00e9e aux abonn\u00e9s.\" \/>\n<meta name=\"robots\" content=\"noindex, follow, max-snippet:-1, max-image-preview:large, max-video-preview:-1\" \/>\n<meta property=\"og:locale\" content=\"fr_FR\" \/>\n<meta property=\"og:type\" content=\"article\" \/>\n<meta property=\"og:title\" content=\"Affaire Mbapp\u00e9 contre le PSG\u00a0: un retrait de plainte et des discussions en coulisses - vof-news.eu\" \/>\n<meta property=\"og:description\" content=\"Pour l\u2019\u00e9tat-major du Paris Saint-Germain (PSG), l\u2019information tombait \u00e0 pic, \u00e0 quarante-huit heures des retrouvailles sportives entre le club et son ex-buteur Kylian Mbapp\u00e9. Avant la demi-finale de la Coupe du monde des clubs opposant mercredi 9\u00a0juillet le PSG au Real Madrid (21\u00a0heures, heure de Paris), a r\u00e9v\u00e9l\u00e9, lundi, que\u00a0les avocats du num\u00e9ro\u00a09\u00a0des \u00ab\u00a0Merengue\u00a0\u00bb venaient de retirer une plainte p\u00e9nale d\u00e9pos\u00e9e en mai pour \u00ab\u00a0harc\u00e8lement moral et tentative d\u2019extorsion de signature\u00a0\u00bb.   Un retrait que le quotidien sportif per\u00e7oit comme un geste d\u2019apaisement dans le litige opposant le club parisien et le joueur. La star r\u00e9clame au PSG, depuis plus d\u2019un an, 55\u00a0millions d\u2019euros de salaires et primes impay\u00e9s et pr\u00e9vus dans son contrat de travail. En vain. Derri\u00e8re ce retrait de plainte, act\u00e9 soudainement lundi matin par le joueur, il y a eu un rapprochement et des discussions men\u00e9es secr\u00e8tement entre le clan Mbapp\u00e9 et Nasser Al-Khela\u00effi, en marge de la Coupe du monde des clubs, comme est en mesure de le confirmer. Selon plusieurs proches du dossier, il existe une Sollicit\u00e9, le PSG n\u2019a pas souhait\u00e9 commenter mais r\u00e9it\u00e8re son souhait de trouver une Il vous reste 74.76% de cet article \u00e0 lire. La suite est r\u00e9serv\u00e9e aux abonn\u00e9s.\" \/>\n<meta property=\"og:url\" content=\"https:\/\/vof-news.eu\/fr\/affaire-mbappe-contre-le-psg-un-retrait-de-plainte-et-des-discussions-en-coulisses\/\" \/>\n<meta property=\"og:site_name\" content=\"vof-news.eu\" \/>\n<meta property=\"article:published_time\" content=\"2025-07-08T08:30:11+00:00\" \/>\n<meta property=\"article:modified_time\" content=\"2025-07-08T08:30:24+00:00\" \/>\n<meta property=\"og:image\" content=\"https:\/\/vof-news.eu\/wp-content\/uploads\/2025\/07\/e30994d_ftp-import-images-1-58fzxvovueit-5340475-01-06.jpg\" \/>\n\t<meta property=\"og:image:width\" content=\"664\" \/>\n\t<meta property=\"og:image:height\" content=\"443\" \/>\n\t<meta property=\"og:image:type\" content=\"image\/jpeg\" \/>\n<meta name=\"author\" content=\"Author\" \/>\n<meta name=\"twitter:card\" content=\"summary_large_image\" \/>\n<meta name=\"twitter:label1\" content=\"\u00c9crit par\" \/>\n\t<meta name=\"twitter:data1\" content=\"Author\" \/>\n\t<meta name=\"twitter:label2\" content=\"Dur\u00e9e de lecture estim\u00e9e\" \/>\n\t<meta name=\"twitter:data2\" content=\"1 minute\" \/>\n<script type=\"application\/ld+json\" class=\"yoast-schema-graph\">{\"@context\":\"https:\/\/schema.org\",\"@graph\":[{\"@type\":\"WebPage\",\"@id\":\"https:\/\/vof-news.eu\/fr\/affaire-mbappe-contre-le-psg-un-retrait-de-plainte-et-des-discussions-en-coulisses\/\",\"url\":\"https:\/\/vof-news.eu\/fr\/affaire-mbappe-contre-le-psg-un-retrait-de-plainte-et-des-discussions-en-coulisses\/\",\"name\":\"Affaire Mbapp\u00e9 contre le PSG\u00a0: un retrait de plainte et des discussions en coulisses - vof-news.eu\",\"isPartOf\":{\"@id\":\"https:\/\/vof-news.eu\/fr\/#website\"},\"primaryImageOfPage\":{\"@id\":\"https:\/\/vof-news.eu\/fr\/affaire-mbappe-contre-le-psg-un-retrait-de-plainte-et-des-discussions-en-coulisses\/#primaryimage\"},\"image\":{\"@id\":\"https:\/\/vof-news.eu\/fr\/affaire-mbappe-contre-le-psg-un-retrait-de-plainte-et-des-discussions-en-coulisses\/#primaryimage\"},\"thumbnailUrl\":\"https:\/\/vof-news.eu\/wp-content\/uploads\/2025\/07\/e30994d_ftp-import-images-1-58fzxvovueit-5340475-01-06.jpg\",\"datePublished\":\"2025-07-08T08:30:11+00:00\",\"dateModified\":\"2025-07-08T08:30:24+00:00\",\"author\":{\"@id\":\"https:\/\/vof-news.eu\/fr\/#\/schema\/person\/f6a2a4309f0561835797fd8c19b333ed\"},\"description\":\"Pour l\u2019\u00e9tat-major du Paris Saint-Germain (PSG), l\u2019information tombait \u00e0 pic, \u00e0 quarante-huit heures des retrouvailles sportives entre le club et son ex-buteur Kylian Mbapp\u00e9. Avant la demi-finale de la Coupe du monde des clubs opposant mercredi 9\u00a0juillet le PSG au Real Madrid (21\u00a0heures, heure de Paris), a r\u00e9v\u00e9l\u00e9, lundi, que\u00a0les avocats du num\u00e9ro\u00a09\u00a0des \u00ab\u00a0Merengue\u00a0\u00bb venaient de retirer une plainte p\u00e9nale d\u00e9pos\u00e9e en mai pour \u00ab\u00a0harc\u00e8lement moral et tentative d\u2019extorsion de signature\u00a0\u00bb. Un retrait que le quotidien sportif per\u00e7oit comme un geste d\u2019apaisement dans le litige opposant le club parisien et le joueur. La star r\u00e9clame au PSG, depuis plus d\u2019un an, 55\u00a0millions d\u2019euros de salaires et primes impay\u00e9s et pr\u00e9vus dans son contrat de travail. En vain. Derri\u00e8re ce retrait de plainte, act\u00e9 soudainement lundi matin par le joueur, il y a eu un rapprochement et des discussions men\u00e9es secr\u00e8tement entre le clan Mbapp\u00e9 et Nasser Al-Khela\u00effi, en marge de la Coupe du monde des clubs, comme est en mesure de le confirmer. Selon plusieurs proches du dossier, il existe une Sollicit\u00e9, le PSG n\u2019a pas souhait\u00e9 commenter mais r\u00e9it\u00e8re son souhait de trouver une Il vous reste 74.76% de cet article \u00e0 lire. La suite est r\u00e9serv\u00e9e aux abonn\u00e9s.\",\"breadcrumb\":{\"@id\":\"https:\/\/vof-news.eu\/fr\/affaire-mbappe-contre-le-psg-un-retrait-de-plainte-et-des-discussions-en-coulisses\/#breadcrumb\"},\"inLanguage\":\"fr-FR\",\"potentialAction\":[{\"@type\":\"ReadAction\",\"target\":[\"https:\/\/vof-news.eu\/fr\/affaire-mbappe-contre-le-psg-un-retrait-de-plainte-et-des-discussions-en-coulisses\/\"]}]},{\"@type\":\"ImageObject\",\"inLanguage\":\"fr-FR\",\"@id\":\"https:\/\/vof-news.eu\/fr\/affaire-mbappe-contre-le-psg-un-retrait-de-plainte-et-des-discussions-en-coulisses\/#primaryimage\",\"url\":\"https:\/\/vof-news.eu\/wp-content\/uploads\/2025\/07\/e30994d_ftp-import-images-1-58fzxvovueit-5340475-01-06.jpg\",\"contentUrl\":\"https:\/\/vof-news.eu\/wp-content\/uploads\/2025\/07\/e30994d_ftp-import-images-1-58fzxvovueit-5340475-01-06.jpg\",\"width\":664,\"height\":443},{\"@type\":\"BreadcrumbList\",\"@id\":\"https:\/\/vof-news.eu\/fr\/affaire-mbappe-contre-le-psg-un-retrait-de-plainte-et-des-discussions-en-coulisses\/#breadcrumb\",\"itemListElement\":[{\"@type\":\"ListItem\",\"position\":1,\"name\":\"Home\",\"item\":\"https:\/\/vof-news.eu\/fr\/\"},{\"@type\":\"ListItem\",\"position\":2,\"name\":\"Affaire Mbapp\u00e9 contre le PSG\u00a0: un retrait de plainte et des discussions en coulisses\"}]},{\"@type\":\"WebSite\",\"@id\":\"https:\/\/vof-news.eu\/fr\/#website\",\"url\":\"https:\/\/vof-news.eu\/fr\/\",\"name\":\"vof-news.eu\",\"description\":\"\",\"potentialAction\":[{\"@type\":\"SearchAction\",\"target\":{\"@type\":\"EntryPoint\",\"urlTemplate\":\"https:\/\/vof-news.eu\/fr\/?s={search_term_string}\"},\"query-input\":\"required name=search_term_string\"}],\"inLanguage\":\"fr-FR\"},{\"@type\":\"Person\",\"@id\":\"https:\/\/vof-news.eu\/fr\/#\/schema\/person\/f6a2a4309f0561835797fd8c19b333ed\",\"name\":\"Author\",\"image\":{\"@type\":\"ImageObject\",\"inLanguage\":\"fr-FR\",\"@id\":\"https:\/\/vof-news.eu\/fr\/#\/schema\/person\/image\/\",\"url\":\"https:\/\/secure.gravatar.com\/avatar\/b67e614b1b25b3e9c0c239efdd2fde5ab015b5affd6f1c3c85911ca4b384e790?s=96&d=mm&r=g\",\"contentUrl\":\"https:\/\/secure.gravatar.com\/avatar\/b67e614b1b25b3e9c0c239efdd2fde5ab015b5affd6f1c3c85911ca4b384e790?s=96&d=mm&r=g\",\"caption\":\"Author\"},\"sameAs\":[\"http:\/\/vof-news.eu\"],\"url\":\"https:\/\/vof-news.eu\/fr\/author\/zwt6qxnjulxbnyg\/\"}]}<\/script>\n<!-- \/ Yoast SEO plugin. -->","yoast_head_json":{"title":"Affaire Mbapp\u00e9 contre le PSG\u00a0: un retrait de plainte et des discussions en coulisses - vof-news.eu","description":"Pour l\u2019\u00e9tat-major du Paris Saint-Germain (PSG), l\u2019information tombait \u00e0 pic, \u00e0 quarante-huit heures des retrouvailles sportives entre le club et son ex-buteur Kylian Mbapp\u00e9. Avant la demi-finale de la Coupe du monde des clubs opposant mercredi 9\u00a0juillet le PSG au Real Madrid (21\u00a0heures, heure de Paris), a r\u00e9v\u00e9l\u00e9, lundi, que\u00a0les avocats du num\u00e9ro\u00a09\u00a0des \u00ab\u00a0Merengue\u00a0\u00bb venaient de retirer une plainte p\u00e9nale d\u00e9pos\u00e9e en mai pour \u00ab\u00a0harc\u00e8lement moral et tentative d\u2019extorsion de signature\u00a0\u00bb.   Un retrait que le quotidien sportif per\u00e7oit comme un geste d\u2019apaisement dans le litige opposant le club parisien et le joueur. La star r\u00e9clame au PSG, depuis plus d\u2019un an, 55\u00a0millions d\u2019euros de salaires et primes impay\u00e9s et pr\u00e9vus dans son contrat de travail. En vain. Derri\u00e8re ce retrait de plainte, act\u00e9 soudainement lundi matin par le joueur, il y a eu un rapprochement et des discussions men\u00e9es secr\u00e8tement entre le clan Mbapp\u00e9 et Nasser Al-Khela\u00effi, en marge de la Coupe du monde des clubs, comme est en mesure de le confirmer. Selon plusieurs proches du dossier, il existe une Sollicit\u00e9, le PSG n\u2019a pas souhait\u00e9 commenter mais r\u00e9it\u00e8re son souhait de trouver une Il vous reste 74.76% de cet article \u00e0 lire. La suite est r\u00e9serv\u00e9e aux abonn\u00e9s.","robots":{"index":"noindex","follow":"follow","max-snippet":"max-snippet:-1","max-image-preview":"max-image-preview:large","max-video-preview":"max-video-preview:-1"},"og_locale":"fr_FR","og_type":"article","og_title":"Affaire Mbapp\u00e9 contre le PSG\u00a0: un retrait de plainte et des discussions en coulisses - vof-news.eu","og_description":"Pour l\u2019\u00e9tat-major du Paris Saint-Germain (PSG), l\u2019information tombait \u00e0 pic, \u00e0 quarante-huit heures des retrouvailles sportives entre le club et son ex-buteur Kylian Mbapp\u00e9. Avant la demi-finale de la Coupe du monde des clubs opposant mercredi 9\u00a0juillet le PSG au Real Madrid (21\u00a0heures, heure de Paris), a r\u00e9v\u00e9l\u00e9, lundi, que\u00a0les avocats du num\u00e9ro\u00a09\u00a0des \u00ab\u00a0Merengue\u00a0\u00bb venaient de retirer une plainte p\u00e9nale d\u00e9pos\u00e9e en mai pour \u00ab\u00a0harc\u00e8lement moral et tentative d\u2019extorsion de signature\u00a0\u00bb.   Un retrait que le quotidien sportif per\u00e7oit comme un geste d\u2019apaisement dans le litige opposant le club parisien et le joueur. La star r\u00e9clame au PSG, depuis plus d\u2019un an, 55\u00a0millions d\u2019euros de salaires et primes impay\u00e9s et pr\u00e9vus dans son contrat de travail. En vain. Derri\u00e8re ce retrait de plainte, act\u00e9 soudainement lundi matin par le joueur, il y a eu un rapprochement et des discussions men\u00e9es secr\u00e8tement entre le clan Mbapp\u00e9 et Nasser Al-Khela\u00effi, en marge de la Coupe du monde des clubs, comme est en mesure de le confirmer. Selon plusieurs proches du dossier, il existe une Sollicit\u00e9, le PSG n\u2019a pas souhait\u00e9 commenter mais r\u00e9it\u00e8re son souhait de trouver une Il vous reste 74.76% de cet article \u00e0 lire. La suite est r\u00e9serv\u00e9e aux abonn\u00e9s.","og_url":"https:\/\/vof-news.eu\/fr\/affaire-mbappe-contre-le-psg-un-retrait-de-plainte-et-des-discussions-en-coulisses\/","og_site_name":"vof-news.eu","article_published_time":"2025-07-08T08:30:11+00:00","article_modified_time":"2025-07-08T08:30:24+00:00","og_image":[{"width":664,"height":443,"url":"https:\/\/vof-news.eu\/wp-content\/uploads\/2025\/07\/e30994d_ftp-import-images-1-58fzxvovueit-5340475-01-06.jpg","type":"image\/jpeg"}],"author":"Author","twitter_card":"summary_large_image","twitter_misc":{"\u00c9crit par":"Author","Dur\u00e9e de lecture estim\u00e9e":"1 minute"},"schema":{"@context":"https:\/\/schema.org","@graph":[{"@type":"WebPage","@id":"https:\/\/vof-news.eu\/fr\/affaire-mbappe-contre-le-psg-un-retrait-de-plainte-et-des-discussions-en-coulisses\/","url":"https:\/\/vof-news.eu\/fr\/affaire-mbappe-contre-le-psg-un-retrait-de-plainte-et-des-discussions-en-coulisses\/","name":"Affaire Mbapp\u00e9 contre le PSG\u00a0: un retrait de plainte et des discussions en coulisses - vof-news.eu","isPartOf":{"@id":"https:\/\/vof-news.eu\/fr\/#website"},"primaryImageOfPage":{"@id":"https:\/\/vof-news.eu\/fr\/affaire-mbappe-contre-le-psg-un-retrait-de-plainte-et-des-discussions-en-coulisses\/#primaryimage"},"image":{"@id":"https:\/\/vof-news.eu\/fr\/affaire-mbappe-contre-le-psg-un-retrait-de-plainte-et-des-discussions-en-coulisses\/#primaryimage"},"thumbnailUrl":"https:\/\/vof-news.eu\/wp-content\/uploads\/2025\/07\/e30994d_ftp-import-images-1-58fzxvovueit-5340475-01-06.jpg","datePublished":"2025-07-08T08:30:11+00:00","dateModified":"2025-07-08T08:30:24+00:00","author":{"@id":"https:\/\/vof-news.eu\/fr\/#\/schema\/person\/f6a2a4309f0561835797fd8c19b333ed"},"description":"Pour l\u2019\u00e9tat-major du Paris Saint-Germain (PSG), l\u2019information tombait \u00e0 pic, \u00e0 quarante-huit heures des retrouvailles sportives entre le club et son ex-buteur Kylian Mbapp\u00e9. Avant la demi-finale de la Coupe du monde des clubs opposant mercredi 9\u00a0juillet le PSG au Real Madrid (21\u00a0heures, heure de Paris), a r\u00e9v\u00e9l\u00e9, lundi, que\u00a0les avocats du num\u00e9ro\u00a09\u00a0des \u00ab\u00a0Merengue\u00a0\u00bb venaient de retirer une plainte p\u00e9nale d\u00e9pos\u00e9e en mai pour \u00ab\u00a0harc\u00e8lement moral et tentative d\u2019extorsion de signature\u00a0\u00bb. Un retrait que le quotidien sportif per\u00e7oit comme un geste d\u2019apaisement dans le litige opposant le club parisien et le joueur. La star r\u00e9clame au PSG, depuis plus d\u2019un an, 55\u00a0millions d\u2019euros de salaires et primes impay\u00e9s et pr\u00e9vus dans son contrat de travail. En vain. Derri\u00e8re ce retrait de plainte, act\u00e9 soudainement lundi matin par le joueur, il y a eu un rapprochement et des discussions men\u00e9es secr\u00e8tement entre le clan Mbapp\u00e9 et Nasser Al-Khela\u00effi, en marge de la Coupe du monde des clubs, comme est en mesure de le confirmer. Selon plusieurs proches du dossier, il existe une Sollicit\u00e9, le PSG n\u2019a pas souhait\u00e9 commenter mais r\u00e9it\u00e8re son souhait de trouver une Il vous reste 74.76% de cet article \u00e0 lire. La suite est r\u00e9serv\u00e9e aux abonn\u00e9s.","breadcrumb":{"@id":"https:\/\/vof-news.eu\/fr\/affaire-mbappe-contre-le-psg-un-retrait-de-plainte-et-des-discussions-en-coulisses\/#breadcrumb"},"inLanguage":"fr-FR","potentialAction":[{"@type":"ReadAction","target":["https:\/\/vof-news.eu\/fr\/affaire-mbappe-contre-le-psg-un-retrait-de-plainte-et-des-discussions-en-coulisses\/"]}]},{"@type":"ImageObject","inLanguage":"fr-FR","@id":"https:\/\/vof-news.eu\/fr\/affaire-mbappe-contre-le-psg-un-retrait-de-plainte-et-des-discussions-en-coulisses\/#primaryimage","url":"https:\/\/vof-news.eu\/wp-content\/uploads\/2025\/07\/e30994d_ftp-import-images-1-58fzxvovueit-5340475-01-06.jpg","contentUrl":"https:\/\/vof-news.eu\/wp-content\/uploads\/2025\/07\/e30994d_ftp-import-images-1-58fzxvovueit-5340475-01-06.jpg","width":664,"height":443},{"@type":"BreadcrumbList","@id":"https:\/\/vof-news.eu\/fr\/affaire-mbappe-contre-le-psg-un-retrait-de-plainte-et-des-discussions-en-coulisses\/#breadcrumb","itemListElement":[{"@type":"ListItem","position":1,"name":"Home","item":"https:\/\/vof-news.eu\/fr\/"},{"@type":"ListItem","position":2,"name":"Affaire Mbapp\u00e9 contre le PSG\u00a0: un retrait de plainte et des discussions en coulisses"}]},{"@type":"WebSite","@id":"https:\/\/vof-news.eu\/fr\/#website","url":"https:\/\/vof-news.eu\/fr\/","name":"vof-news.eu","description":"","potentialAction":[{"@type":"SearchAction","target":{"@type":"EntryPoint","urlTemplate":"https:\/\/vof-news.eu\/fr\/?s={search_term_string}"},"query-input":"required name=search_term_string"}],"inLanguage":"fr-FR"},{"@type":"Person","@id":"https:\/\/vof-news.eu\/fr\/#\/schema\/person\/f6a2a4309f0561835797fd8c19b333ed","name":"Author","image":{"@type":"ImageObject","inLanguage":"fr-FR","@id":"https:\/\/vof-news.eu\/fr\/#\/schema\/person\/image\/","url":"https:\/\/secure.gravatar.com\/avatar\/b67e614b1b25b3e9c0c239efdd2fde5ab015b5affd6f1c3c85911ca4b384e790?s=96&d=mm&r=g","contentUrl":"https:\/\/secure.gravatar.com\/avatar\/b67e614b1b25b3e9c0c239efdd2fde5ab015b5affd6f1c3c85911ca4b384e790?s=96&d=mm&r=g","caption":"Author"},"sameAs":["http:\/\/vof-news.eu"],"url":"https:\/\/vof-news.eu\/fr\/author\/zwt6qxnjulxbnyg\/"}]}},"yoast_meta":{"yoast_wpseo_title":"","yoast_wpseo_metadesc":"","yoast_wpseo_canonical":""},"_links":{"self":[{"href":"https:\/\/vof-news.eu\/fr\/wp-json\/wp\/v2\/posts\/249431","targetHints":{"allow":["GET"]}}],"collection":[{"href":"https:\/\/vof-news.eu\/fr\/wp-json\/wp\/v2\/posts"}],"about":[{"href":"https:\/\/vof-news.eu\/fr\/wp-json\/wp\/v2\/types\/post"}],"author":[{"embeddable":true,"href":"https:\/\/vof-news.eu\/fr\/wp-json\/wp\/v2\/users\/1"}],"replies":[{"embeddable":true,"href":"https:\/\/vof-news.eu\/fr\/wp-json\/wp\/v2\/comments?post=249431"}],"version-history":[{"count":1,"href":"https:\/\/vof-news.eu\/fr\/wp-json\/wp\/v2\/posts\/249431\/revisions"}],"predecessor-version":[{"id":249438,"href":"https:\/\/vof-news.eu\/fr\/wp-json\/wp\/v2\/posts\/249431\/revisions\/249438"}],"wp:featuredmedia":[{"embeddable":true,"href":"https:\/\/vof-news.eu\/fr\/wp-json\/wp\/v2\/media\/249432"}],"wp:attachment":[{"href":"https:\/\/vof-news.eu\/fr\/wp-json\/wp\/v2\/media?parent=249431"}],"wp:term":[{"taxonomy":"category","embeddable":true,"href":"https:\/\/vof-news.eu\/fr\/wp-json\/wp\/v2\/categories?post=249431"},{"taxonomy":"post_tag","embeddable":true,"href":"https:\/\/vof-news.eu\/fr\/wp-json\/wp\/v2\/tags?post=249431"}],"curies":[{"name":"wp","href":"https:\/\/api.w.org\/{rel}","templated":true}]}}