{"id":249366,"date":"2025-07-08T09:31:21","date_gmt":"2025-07-08T06:31:21","guid":{"rendered":"https:\/\/vof-news.eu\/audiences-radio-france-inter-franceinfo-et-europe-1-progressent-ici-ex-france-bleu-a-la-peine\/"},"modified":"2025-07-08T09:31:46","modified_gmt":"2025-07-08T06:31:46","slug":"audiences-radio-france-inter-franceinfo-et-europe-1-progressent-ici-ex-france-bleu-a-la-peine","status":"publish","type":"post","link":"https:\/\/vof-news.eu\/fr\/audiences-radio-france-inter-franceinfo-et-europe-1-progressent-ici-ex-france-bleu-a-la-peine\/","title":{"rendered":"Audiences radio\u00a0: France Inter, Franceinfo et Europe 1 progressent, Ici (ex-France Bleu) \u00e0 la peine"},"content":{"rendered":"<article>\n<p>Jamais le m\u00e9dia radiophonique ne s\u2019est si mal port\u00e9. Avec 66,7\u00a0% d\u2019audience cumul\u00e9e pour le total radio contre 68,1\u00a0% en\u00a02024 \u00e0 la m\u00eame p\u00e9riode, la d\u00e9sertion se poursuit, selon les chiffres de M\u00e9diam\u00e9trie. Concr\u00e8tement, cela signifie que 555\u00a0000 personnes ont d\u00e9laiss\u00e9 la radio, selon la vague d\u2019avril \u00e0 juin annonc\u00e9e mardi 8\u00a0juillet, comparativement \u00e0 avril-juin\u00a02024.<\/p>\n<p>Plusieurs stations parviennent malgr\u00e9 tout \u00e0 convaincre de nouveaux auditeurs. Avec 12,4\u00a0% d\u2019audience cumul\u00e9e, France Inter grimpe de 0,2 point par rapport \u00e0 la m\u00eame p\u00e9riode en\u00a02024, soit 155\u00a0000 auditeurs suppl\u00e9mentaires, et conserve sa place de premi\u00e8re radio de France. , souligne Ad\u00e8le Van Reeth, la patronne de la radio, <a href=\"https:\/\/www.lemonde.fr\/economie\/article\/2025\/06\/19\/lea-salame-quitte-la-matinale-de-france-inter-pour-le-20-heures-de-france-2-le-mercato-dans-les-medias-bat-son-plein_6614618_3234.html\" rel=\"nofollow\">qui a perdu L\u00e9a Salam\u00e9, partie pour le \u00ab\u00a020\u00a0heures\u00a0\u00bb<\/a> de France 2,<a href=\"https:\/\/www.lemonde.fr\/economie\/article\/2025\/06\/26\/benjamin-duhamel-va-quitter-bfm-tv-pour-coanimer-la-matinale-de-france-inter-nora-hamadi-a-la-revue-de-presse_6616018_3234.html\" rel=\"nofollow\"> remplac\u00e9e par Benjamin Duhamel \u00e0 la matinale<\/a>. Aussi, Franceinfo  malgr\u00e9 une actualit\u00e9 , salue sa directrice, Agn\u00e8s Vahramian, avec 8,4\u00a0% d\u2019audience cumul\u00e9e (+ 0,2 point), soit 4,77\u00a0millions d\u2019auditeurs quotidiens.<\/p>\n<p><strong>Il vous reste 69.9% de cet article \u00e0 lire. La suite est r\u00e9serv\u00e9e aux abonn\u00e9s.<\/strong><\/p>\n<\/article>\n","protected":false},"excerpt":{"rendered":"<p>Jamais le m\u00e9dia radiophonique ne s\u2019est si mal port\u00e9. Avec 66,7\u00a0% d\u2019audience cumul\u00e9e pour le total radio contre 68,1\u00a0% en\u00a02024 \u00e0 la m\u00eame p\u00e9riode, la d\u00e9sertion se poursuit, selon les chiffres de M\u00e9diam\u00e9trie. Concr\u00e8tement, cela signifie que 555\u00a0000 personnes ont d\u00e9laiss\u00e9 la radio, selon la vague d\u2019avril \u00e0 juin annonc\u00e9e mardi 8\u00a0juillet, comparativement \u00e0 avril-juin\u00a02024.<\/p>\n","protected":false},"author":1,"featured_media":249367,"comment_status":"open","ping_status":"open","sticky":false,"template":"","format":"standard","meta":{"footnotes":""},"categories":[58],"tags":[],"class_list":["post-249366","post","type-post","status-publish","format-standard","has-post-thumbnail","hentry","category-business-fr"],"acf":[],"yoast_head":"<!-- This site is optimized with the Yoast SEO plugin v22.9 - https:\/\/yoast.com\/wordpress\/plugins\/seo\/ -->\n<title>Audiences radio\u00a0: France Inter, Franceinfo et Europe 1 progressent, Ici (ex-France Bleu) \u00e0 la peine - vof-news.eu<\/title>\n<meta name=\"description\" content=\"Jamais le m\u00e9dia radiophonique ne s\u2019est si mal port\u00e9. Avec 66,7\u00a0% d\u2019audience cumul\u00e9e pour le total radio contre 68,1\u00a0% en\u00a02024 \u00e0 la m\u00eame p\u00e9riode, la d\u00e9sertion se poursuit, selon les chiffres de M\u00e9diam\u00e9trie. Concr\u00e8tement, cela signifie que 555\u00a0000 personnes ont d\u00e9laiss\u00e9 la radio, selon la vague d\u2019avril \u00e0 juin annonc\u00e9e mardi 8\u00a0juillet, comparativement \u00e0 avril-juin\u00a02024. Plusieurs stations parviennent malgr\u00e9 tout \u00e0 convaincre de nouveaux auditeurs. Avec 12,4\u00a0% d\u2019audience cumul\u00e9e, France Inter grimpe de 0,2 point par rapport \u00e0 la m\u00eame p\u00e9riode en\u00a02024, soit 155\u00a0000 auditeurs suppl\u00e9mentaires, et conserve sa place de premi\u00e8re radio de France. , souligne Ad\u00e8le Van Reeth, la patronne de la radio, qui a perdu L\u00e9a Salam\u00e9, partie pour le \u00ab\u00a020\u00a0heures\u00a0\u00bb de France 2, remplac\u00e9e par Benjamin Duhamel \u00e0 la matinale. Aussi, Franceinfo malgr\u00e9 une actualit\u00e9 , salue sa directrice, Agn\u00e8s Vahramian, avec 8,4\u00a0% d\u2019audience cumul\u00e9e (+ 0,2 point), soit 4,77\u00a0millions d\u2019auditeurs quotidiens. Il vous reste 69.9% de cet article \u00e0 lire. La suite est r\u00e9serv\u00e9e aux abonn\u00e9s.\" \/>\n<meta name=\"robots\" content=\"noindex, follow, max-snippet:-1, max-image-preview:large, max-video-preview:-1\" \/>\n<meta property=\"og:locale\" content=\"fr_FR\" \/>\n<meta property=\"og:type\" content=\"article\" \/>\n<meta property=\"og:title\" content=\"Audiences radio\u00a0: France Inter, Franceinfo et Europe 1 progressent, Ici (ex-France Bleu) \u00e0 la peine - vof-news.eu\" \/>\n<meta property=\"og:description\" content=\"Jamais le m\u00e9dia radiophonique ne s\u2019est si mal port\u00e9. Avec 66,7\u00a0% d\u2019audience cumul\u00e9e pour le total radio contre 68,1\u00a0% en\u00a02024 \u00e0 la m\u00eame p\u00e9riode, la d\u00e9sertion se poursuit, selon les chiffres de M\u00e9diam\u00e9trie. Concr\u00e8tement, cela signifie que 555\u00a0000 personnes ont d\u00e9laiss\u00e9 la radio, selon la vague d\u2019avril \u00e0 juin annonc\u00e9e mardi 8\u00a0juillet, comparativement \u00e0 avril-juin\u00a02024. Plusieurs stations parviennent malgr\u00e9 tout \u00e0 convaincre de nouveaux auditeurs. Avec 12,4\u00a0% d\u2019audience cumul\u00e9e, France Inter grimpe de 0,2 point par rapport \u00e0 la m\u00eame p\u00e9riode en\u00a02024, soit 155\u00a0000 auditeurs suppl\u00e9mentaires, et conserve sa place de premi\u00e8re radio de France. , souligne Ad\u00e8le Van Reeth, la patronne de la radio, qui a perdu L\u00e9a Salam\u00e9, partie pour le \u00ab\u00a020\u00a0heures\u00a0\u00bb de France 2, remplac\u00e9e par Benjamin Duhamel \u00e0 la matinale. Aussi, Franceinfo malgr\u00e9 une actualit\u00e9 , salue sa directrice, Agn\u00e8s Vahramian, avec 8,4\u00a0% d\u2019audience cumul\u00e9e (+ 0,2 point), soit 4,77\u00a0millions d\u2019auditeurs quotidiens. Il vous reste 69.9% de cet article \u00e0 lire. La suite est r\u00e9serv\u00e9e aux abonn\u00e9s.\" \/>\n<meta property=\"og:url\" content=\"https:\/\/vof-news.eu\/fr\/audiences-radio-france-inter-franceinfo-et-europe-1-progressent-ici-ex-france-bleu-a-la-peine\/\" \/>\n<meta property=\"og:site_name\" content=\"vof-news.eu\" \/>\n<meta property=\"article:published_time\" content=\"2025-07-08T06:31:21+00:00\" \/>\n<meta property=\"article:modified_time\" content=\"2025-07-08T06:31:46+00:00\" \/>\n<meta property=\"og:image\" content=\"https:\/\/vof-news.eu\/wp-content\/uploads\/2025\/07\/ad041ab_upload-1-4fb1dfixpift-000-par8321542.jpg\" \/>\n\t<meta property=\"og:image:width\" content=\"664\" \/>\n\t<meta property=\"og:image:height\" content=\"443\" \/>\n\t<meta property=\"og:image:type\" content=\"image\/jpeg\" \/>\n<meta name=\"author\" content=\"Author\" \/>\n<meta name=\"twitter:card\" content=\"summary_large_image\" \/>\n<meta name=\"twitter:label1\" content=\"\u00c9crit par\" \/>\n\t<meta name=\"twitter:data1\" content=\"Author\" \/>\n\t<meta name=\"twitter:label2\" content=\"Dur\u00e9e de lecture estim\u00e9e\" \/>\n\t<meta name=\"twitter:data2\" content=\"1 minute\" \/>\n<script type=\"application\/ld+json\" class=\"yoast-schema-graph\">{\"@context\":\"https:\/\/schema.org\",\"@graph\":[{\"@type\":\"WebPage\",\"@id\":\"https:\/\/vof-news.eu\/fr\/audiences-radio-france-inter-franceinfo-et-europe-1-progressent-ici-ex-france-bleu-a-la-peine\/\",\"url\":\"https:\/\/vof-news.eu\/fr\/audiences-radio-france-inter-franceinfo-et-europe-1-progressent-ici-ex-france-bleu-a-la-peine\/\",\"name\":\"Audiences radio\u00a0: France Inter, Franceinfo et Europe 1 progressent, Ici (ex-France Bleu) \u00e0 la peine - vof-news.eu\",\"isPartOf\":{\"@id\":\"https:\/\/vof-news.eu\/fr\/#website\"},\"primaryImageOfPage\":{\"@id\":\"https:\/\/vof-news.eu\/fr\/audiences-radio-france-inter-franceinfo-et-europe-1-progressent-ici-ex-france-bleu-a-la-peine\/#primaryimage\"},\"image\":{\"@id\":\"https:\/\/vof-news.eu\/fr\/audiences-radio-france-inter-franceinfo-et-europe-1-progressent-ici-ex-france-bleu-a-la-peine\/#primaryimage\"},\"thumbnailUrl\":\"https:\/\/vof-news.eu\/wp-content\/uploads\/2025\/07\/ad041ab_upload-1-4fb1dfixpift-000-par8321542.jpg\",\"datePublished\":\"2025-07-08T06:31:21+00:00\",\"dateModified\":\"2025-07-08T06:31:46+00:00\",\"author\":{\"@id\":\"https:\/\/vof-news.eu\/fr\/#\/schema\/person\/f6a2a4309f0561835797fd8c19b333ed\"},\"description\":\"Jamais le m\u00e9dia radiophonique ne s\u2019est si mal port\u00e9. Avec 66,7\u00a0% d\u2019audience cumul\u00e9e pour le total radio contre 68,1\u00a0% en\u00a02024 \u00e0 la m\u00eame p\u00e9riode, la d\u00e9sertion se poursuit, selon les chiffres de M\u00e9diam\u00e9trie. Concr\u00e8tement, cela signifie que 555\u00a0000 personnes ont d\u00e9laiss\u00e9 la radio, selon la vague d\u2019avril \u00e0 juin annonc\u00e9e mardi 8\u00a0juillet, comparativement \u00e0 avril-juin\u00a02024. Plusieurs stations parviennent malgr\u00e9 tout \u00e0 convaincre de nouveaux auditeurs. Avec 12,4\u00a0% d\u2019audience cumul\u00e9e, France Inter grimpe de 0,2 point par rapport \u00e0 la m\u00eame p\u00e9riode en\u00a02024, soit 155\u00a0000 auditeurs suppl\u00e9mentaires, et conserve sa place de premi\u00e8re radio de France. , souligne Ad\u00e8le Van Reeth, la patronne de la radio, qui a perdu L\u00e9a Salam\u00e9, partie pour le \u00ab\u00a020\u00a0heures\u00a0\u00bb de France 2, remplac\u00e9e par Benjamin Duhamel \u00e0 la matinale. Aussi, Franceinfo malgr\u00e9 une actualit\u00e9 , salue sa directrice, Agn\u00e8s Vahramian, avec 8,4\u00a0% d\u2019audience cumul\u00e9e (+ 0,2 point), soit 4,77\u00a0millions d\u2019auditeurs quotidiens. Il vous reste 69.9% de cet article \u00e0 lire. La suite est r\u00e9serv\u00e9e aux abonn\u00e9s.\",\"breadcrumb\":{\"@id\":\"https:\/\/vof-news.eu\/fr\/audiences-radio-france-inter-franceinfo-et-europe-1-progressent-ici-ex-france-bleu-a-la-peine\/#breadcrumb\"},\"inLanguage\":\"fr-FR\",\"potentialAction\":[{\"@type\":\"ReadAction\",\"target\":[\"https:\/\/vof-news.eu\/fr\/audiences-radio-france-inter-franceinfo-et-europe-1-progressent-ici-ex-france-bleu-a-la-peine\/\"]}]},{\"@type\":\"ImageObject\",\"inLanguage\":\"fr-FR\",\"@id\":\"https:\/\/vof-news.eu\/fr\/audiences-radio-france-inter-franceinfo-et-europe-1-progressent-ici-ex-france-bleu-a-la-peine\/#primaryimage\",\"url\":\"https:\/\/vof-news.eu\/wp-content\/uploads\/2025\/07\/ad041ab_upload-1-4fb1dfixpift-000-par8321542.jpg\",\"contentUrl\":\"https:\/\/vof-news.eu\/wp-content\/uploads\/2025\/07\/ad041ab_upload-1-4fb1dfixpift-000-par8321542.jpg\",\"width\":664,\"height\":443},{\"@type\":\"BreadcrumbList\",\"@id\":\"https:\/\/vof-news.eu\/fr\/audiences-radio-france-inter-franceinfo-et-europe-1-progressent-ici-ex-france-bleu-a-la-peine\/#breadcrumb\",\"itemListElement\":[{\"@type\":\"ListItem\",\"position\":1,\"name\":\"Home\",\"item\":\"https:\/\/vof-news.eu\/fr\/\"},{\"@type\":\"ListItem\",\"position\":2,\"name\":\"Audiences radio\u00a0: France Inter, Franceinfo et Europe 1 progressent, Ici (ex-France Bleu) \u00e0 la peine\"}]},{\"@type\":\"WebSite\",\"@id\":\"https:\/\/vof-news.eu\/fr\/#website\",\"url\":\"https:\/\/vof-news.eu\/fr\/\",\"name\":\"vof-news.eu\",\"description\":\"\",\"potentialAction\":[{\"@type\":\"SearchAction\",\"target\":{\"@type\":\"EntryPoint\",\"urlTemplate\":\"https:\/\/vof-news.eu\/fr\/?s={search_term_string}\"},\"query-input\":\"required name=search_term_string\"}],\"inLanguage\":\"fr-FR\"},{\"@type\":\"Person\",\"@id\":\"https:\/\/vof-news.eu\/fr\/#\/schema\/person\/f6a2a4309f0561835797fd8c19b333ed\",\"name\":\"Author\",\"image\":{\"@type\":\"ImageObject\",\"inLanguage\":\"fr-FR\",\"@id\":\"https:\/\/vof-news.eu\/fr\/#\/schema\/person\/image\/\",\"url\":\"https:\/\/secure.gravatar.com\/avatar\/b67e614b1b25b3e9c0c239efdd2fde5ab015b5affd6f1c3c85911ca4b384e790?s=96&d=mm&r=g\",\"contentUrl\":\"https:\/\/secure.gravatar.com\/avatar\/b67e614b1b25b3e9c0c239efdd2fde5ab015b5affd6f1c3c85911ca4b384e790?s=96&d=mm&r=g\",\"caption\":\"Author\"},\"sameAs\":[\"http:\/\/vof-news.eu\"],\"url\":\"https:\/\/vof-news.eu\/fr\/author\/zwt6qxnjulxbnyg\/\"}]}<\/script>\n<!-- \/ Yoast SEO plugin. -->","yoast_head_json":{"title":"Audiences radio\u00a0: France Inter, Franceinfo et Europe 1 progressent, Ici (ex-France Bleu) \u00e0 la peine - vof-news.eu","description":"Jamais le m\u00e9dia radiophonique ne s\u2019est si mal port\u00e9. Avec 66,7\u00a0% d\u2019audience cumul\u00e9e pour le total radio contre 68,1\u00a0% en\u00a02024 \u00e0 la m\u00eame p\u00e9riode, la d\u00e9sertion se poursuit, selon les chiffres de M\u00e9diam\u00e9trie. Concr\u00e8tement, cela signifie que 555\u00a0000 personnes ont d\u00e9laiss\u00e9 la radio, selon la vague d\u2019avril \u00e0 juin annonc\u00e9e mardi 8\u00a0juillet, comparativement \u00e0 avril-juin\u00a02024. Plusieurs stations parviennent malgr\u00e9 tout \u00e0 convaincre de nouveaux auditeurs. Avec 12,4\u00a0% d\u2019audience cumul\u00e9e, France Inter grimpe de 0,2 point par rapport \u00e0 la m\u00eame p\u00e9riode en\u00a02024, soit 155\u00a0000 auditeurs suppl\u00e9mentaires, et conserve sa place de premi\u00e8re radio de France. , souligne Ad\u00e8le Van Reeth, la patronne de la radio, qui a perdu L\u00e9a Salam\u00e9, partie pour le \u00ab\u00a020\u00a0heures\u00a0\u00bb de France 2, remplac\u00e9e par Benjamin Duhamel \u00e0 la matinale. Aussi, Franceinfo malgr\u00e9 une actualit\u00e9 , salue sa directrice, Agn\u00e8s Vahramian, avec 8,4\u00a0% d\u2019audience cumul\u00e9e (+ 0,2 point), soit 4,77\u00a0millions d\u2019auditeurs quotidiens. Il vous reste 69.9% de cet article \u00e0 lire. La suite est r\u00e9serv\u00e9e aux abonn\u00e9s.","robots":{"index":"noindex","follow":"follow","max-snippet":"max-snippet:-1","max-image-preview":"max-image-preview:large","max-video-preview":"max-video-preview:-1"},"og_locale":"fr_FR","og_type":"article","og_title":"Audiences radio\u00a0: France Inter, Franceinfo et Europe 1 progressent, Ici (ex-France Bleu) \u00e0 la peine - vof-news.eu","og_description":"Jamais le m\u00e9dia radiophonique ne s\u2019est si mal port\u00e9. Avec 66,7\u00a0% d\u2019audience cumul\u00e9e pour le total radio contre 68,1\u00a0% en\u00a02024 \u00e0 la m\u00eame p\u00e9riode, la d\u00e9sertion se poursuit, selon les chiffres de M\u00e9diam\u00e9trie. Concr\u00e8tement, cela signifie que 555\u00a0000 personnes ont d\u00e9laiss\u00e9 la radio, selon la vague d\u2019avril \u00e0 juin annonc\u00e9e mardi 8\u00a0juillet, comparativement \u00e0 avril-juin\u00a02024. Plusieurs stations parviennent malgr\u00e9 tout \u00e0 convaincre de nouveaux auditeurs. Avec 12,4\u00a0% d\u2019audience cumul\u00e9e, France Inter grimpe de 0,2 point par rapport \u00e0 la m\u00eame p\u00e9riode en\u00a02024, soit 155\u00a0000 auditeurs suppl\u00e9mentaires, et conserve sa place de premi\u00e8re radio de France. , souligne Ad\u00e8le Van Reeth, la patronne de la radio, qui a perdu L\u00e9a Salam\u00e9, partie pour le \u00ab\u00a020\u00a0heures\u00a0\u00bb de France 2, remplac\u00e9e par Benjamin Duhamel \u00e0 la matinale. Aussi, Franceinfo malgr\u00e9 une actualit\u00e9 , salue sa directrice, Agn\u00e8s Vahramian, avec 8,4\u00a0% d\u2019audience cumul\u00e9e (+ 0,2 point), soit 4,77\u00a0millions d\u2019auditeurs quotidiens. Il vous reste 69.9% de cet article \u00e0 lire. La suite est r\u00e9serv\u00e9e aux abonn\u00e9s.","og_url":"https:\/\/vof-news.eu\/fr\/audiences-radio-france-inter-franceinfo-et-europe-1-progressent-ici-ex-france-bleu-a-la-peine\/","og_site_name":"vof-news.eu","article_published_time":"2025-07-08T06:31:21+00:00","article_modified_time":"2025-07-08T06:31:46+00:00","og_image":[{"width":664,"height":443,"url":"https:\/\/vof-news.eu\/wp-content\/uploads\/2025\/07\/ad041ab_upload-1-4fb1dfixpift-000-par8321542.jpg","type":"image\/jpeg"}],"author":"Author","twitter_card":"summary_large_image","twitter_misc":{"\u00c9crit par":"Author","Dur\u00e9e de lecture estim\u00e9e":"1 minute"},"schema":{"@context":"https:\/\/schema.org","@graph":[{"@type":"WebPage","@id":"https:\/\/vof-news.eu\/fr\/audiences-radio-france-inter-franceinfo-et-europe-1-progressent-ici-ex-france-bleu-a-la-peine\/","url":"https:\/\/vof-news.eu\/fr\/audiences-radio-france-inter-franceinfo-et-europe-1-progressent-ici-ex-france-bleu-a-la-peine\/","name":"Audiences radio\u00a0: France Inter, Franceinfo et Europe 1 progressent, Ici (ex-France Bleu) \u00e0 la peine - vof-news.eu","isPartOf":{"@id":"https:\/\/vof-news.eu\/fr\/#website"},"primaryImageOfPage":{"@id":"https:\/\/vof-news.eu\/fr\/audiences-radio-france-inter-franceinfo-et-europe-1-progressent-ici-ex-france-bleu-a-la-peine\/#primaryimage"},"image":{"@id":"https:\/\/vof-news.eu\/fr\/audiences-radio-france-inter-franceinfo-et-europe-1-progressent-ici-ex-france-bleu-a-la-peine\/#primaryimage"},"thumbnailUrl":"https:\/\/vof-news.eu\/wp-content\/uploads\/2025\/07\/ad041ab_upload-1-4fb1dfixpift-000-par8321542.jpg","datePublished":"2025-07-08T06:31:21+00:00","dateModified":"2025-07-08T06:31:46+00:00","author":{"@id":"https:\/\/vof-news.eu\/fr\/#\/schema\/person\/f6a2a4309f0561835797fd8c19b333ed"},"description":"Jamais le m\u00e9dia radiophonique ne s\u2019est si mal port\u00e9. Avec 66,7\u00a0% d\u2019audience cumul\u00e9e pour le total radio contre 68,1\u00a0% en\u00a02024 \u00e0 la m\u00eame p\u00e9riode, la d\u00e9sertion se poursuit, selon les chiffres de M\u00e9diam\u00e9trie. Concr\u00e8tement, cela signifie que 555\u00a0000 personnes ont d\u00e9laiss\u00e9 la radio, selon la vague d\u2019avril \u00e0 juin annonc\u00e9e mardi 8\u00a0juillet, comparativement \u00e0 avril-juin\u00a02024. Plusieurs stations parviennent malgr\u00e9 tout \u00e0 convaincre de nouveaux auditeurs. Avec 12,4\u00a0% d\u2019audience cumul\u00e9e, France Inter grimpe de 0,2 point par rapport \u00e0 la m\u00eame p\u00e9riode en\u00a02024, soit 155\u00a0000 auditeurs suppl\u00e9mentaires, et conserve sa place de premi\u00e8re radio de France. , souligne Ad\u00e8le Van Reeth, la patronne de la radio, qui a perdu L\u00e9a Salam\u00e9, partie pour le \u00ab\u00a020\u00a0heures\u00a0\u00bb de France 2, remplac\u00e9e par Benjamin Duhamel \u00e0 la matinale. Aussi, Franceinfo malgr\u00e9 une actualit\u00e9 , salue sa directrice, Agn\u00e8s Vahramian, avec 8,4\u00a0% d\u2019audience cumul\u00e9e (+ 0,2 point), soit 4,77\u00a0millions d\u2019auditeurs quotidiens. Il vous reste 69.9% de cet article \u00e0 lire. La suite est r\u00e9serv\u00e9e aux abonn\u00e9s.","breadcrumb":{"@id":"https:\/\/vof-news.eu\/fr\/audiences-radio-france-inter-franceinfo-et-europe-1-progressent-ici-ex-france-bleu-a-la-peine\/#breadcrumb"},"inLanguage":"fr-FR","potentialAction":[{"@type":"ReadAction","target":["https:\/\/vof-news.eu\/fr\/audiences-radio-france-inter-franceinfo-et-europe-1-progressent-ici-ex-france-bleu-a-la-peine\/"]}]},{"@type":"ImageObject","inLanguage":"fr-FR","@id":"https:\/\/vof-news.eu\/fr\/audiences-radio-france-inter-franceinfo-et-europe-1-progressent-ici-ex-france-bleu-a-la-peine\/#primaryimage","url":"https:\/\/vof-news.eu\/wp-content\/uploads\/2025\/07\/ad041ab_upload-1-4fb1dfixpift-000-par8321542.jpg","contentUrl":"https:\/\/vof-news.eu\/wp-content\/uploads\/2025\/07\/ad041ab_upload-1-4fb1dfixpift-000-par8321542.jpg","width":664,"height":443},{"@type":"BreadcrumbList","@id":"https:\/\/vof-news.eu\/fr\/audiences-radio-france-inter-franceinfo-et-europe-1-progressent-ici-ex-france-bleu-a-la-peine\/#breadcrumb","itemListElement":[{"@type":"ListItem","position":1,"name":"Home","item":"https:\/\/vof-news.eu\/fr\/"},{"@type":"ListItem","position":2,"name":"Audiences radio\u00a0: France Inter, Franceinfo et Europe 1 progressent, Ici (ex-France Bleu) \u00e0 la peine"}]},{"@type":"WebSite","@id":"https:\/\/vof-news.eu\/fr\/#website","url":"https:\/\/vof-news.eu\/fr\/","name":"vof-news.eu","description":"","potentialAction":[{"@type":"SearchAction","target":{"@type":"EntryPoint","urlTemplate":"https:\/\/vof-news.eu\/fr\/?s={search_term_string}"},"query-input":"required name=search_term_string"}],"inLanguage":"fr-FR"},{"@type":"Person","@id":"https:\/\/vof-news.eu\/fr\/#\/schema\/person\/f6a2a4309f0561835797fd8c19b333ed","name":"Author","image":{"@type":"ImageObject","inLanguage":"fr-FR","@id":"https:\/\/vof-news.eu\/fr\/#\/schema\/person\/image\/","url":"https:\/\/secure.gravatar.com\/avatar\/b67e614b1b25b3e9c0c239efdd2fde5ab015b5affd6f1c3c85911ca4b384e790?s=96&d=mm&r=g","contentUrl":"https:\/\/secure.gravatar.com\/avatar\/b67e614b1b25b3e9c0c239efdd2fde5ab015b5affd6f1c3c85911ca4b384e790?s=96&d=mm&r=g","caption":"Author"},"sameAs":["http:\/\/vof-news.eu"],"url":"https:\/\/vof-news.eu\/fr\/author\/zwt6qxnjulxbnyg\/"}]}},"yoast_meta":{"yoast_wpseo_title":"","yoast_wpseo_metadesc":"","yoast_wpseo_canonical":""},"_links":{"self":[{"href":"https:\/\/vof-news.eu\/fr\/wp-json\/wp\/v2\/posts\/249366","targetHints":{"allow":["GET"]}}],"collection":[{"href":"https:\/\/vof-news.eu\/fr\/wp-json\/wp\/v2\/posts"}],"about":[{"href":"https:\/\/vof-news.eu\/fr\/wp-json\/wp\/v2\/types\/post"}],"author":[{"embeddable":true,"href":"https:\/\/vof-news.eu\/fr\/wp-json\/wp\/v2\/users\/1"}],"replies":[{"embeddable":true,"href":"https:\/\/vof-news.eu\/fr\/wp-json\/wp\/v2\/comments?post=249366"}],"version-history":[{"count":1,"href":"https:\/\/vof-news.eu\/fr\/wp-json\/wp\/v2\/posts\/249366\/revisions"}],"predecessor-version":[{"id":249373,"href":"https:\/\/vof-news.eu\/fr\/wp-json\/wp\/v2\/posts\/249366\/revisions\/249373"}],"wp:featuredmedia":[{"embeddable":true,"href":"https:\/\/vof-news.eu\/fr\/wp-json\/wp\/v2\/media\/249367"}],"wp:attachment":[{"href":"https:\/\/vof-news.eu\/fr\/wp-json\/wp\/v2\/media?parent=249366"}],"wp:term":[{"taxonomy":"category","embeddable":true,"href":"https:\/\/vof-news.eu\/fr\/wp-json\/wp\/v2\/categories?post=249366"},{"taxonomy":"post_tag","embeddable":true,"href":"https:\/\/vof-news.eu\/fr\/wp-json\/wp\/v2\/tags?post=249366"}],"curies":[{"name":"wp","href":"https:\/\/api.w.org\/{rel}","templated":true}]}}