{"id":249358,"date":"2025-07-08T09:30:12","date_gmt":"2025-07-08T06:30:12","guid":{"rendered":"https:\/\/vof-news.eu\/tour-de-france-2025-le-parcours-de-la-quatrieme-etape\/"},"modified":"2025-07-08T09:30:43","modified_gmt":"2025-07-08T06:30:43","slug":"tour-de-france-2025-le-parcours-de-la-quatrieme-etape","status":"publish","type":"post","link":"https:\/\/vof-news.eu\/fr\/tour-de-france-2025-le-parcours-de-la-quatrieme-etape\/","title":{"rendered":"Tour de France 2025\u00a0: le parcours de la quatri\u00e8me \u00e9tape"},"content":{"rendered":"<article>\n<p>Apr\u00e8s le d\u00e9part de la 4<sup>e<\/sup> \u00e9tape, \u00e0 Amiens, ce mardi 8\u00a0juillet, \u00e0 13\u00a0h\u00a035, les coureurs du <a href=\"https:\/\/www.lemonde.fr\/sport\/article\/2024\/10\/29\/cyclisme-le-tour-de-france-2025-fera-la-part-belle-aux-grimpeurs_6364955_3242.html\" rel=\"nofollow\">Tour de France<\/a> vont traverser une partie de la Somme, de l\u2019Oise et de l\u2019Eure avant d\u2019arriver \u00e0 Rouen, pr\u00e9fecture de la Seine-Maritime. Un redoutable encha\u00eenement de c\u00f4tes attend le peloton dans la partie finale de l\u2019\u00e9tape.<\/p>\n<section>   <\/section>\n<p>Sur le parcours de 174,2\u00a0kilom\u00e8tres de cette quatri\u00e8me \u00e9tape, les 128\u00a0premiers promettent d\u2019\u00eatre plut\u00f4t calmes, sans difficult\u00e9s majeures, sauf en cas de vent prononc\u00e9. Mais, \u00e0 partir de la c\u00f4te Jacques-Anquetil (3,5\u00a0kilom\u00e8tres \u00e0 3,6\u00a0%, 4<sup>e<\/sup> cat\u00e9gorie), l\u2019encha\u00eenement de quatre difficult\u00e9s de 4<sup>e<\/sup> et de 3<sup>e<\/sup> cat\u00e9gories sur une trentaine de\u00a0kilom\u00e8tres peut donner lieu \u00e0 un s\u00e9rieux affrontement entre coureurs.<\/p>\n<p>Que ce soit dans la c\u00f4te de Belbeuf (1,3\u00a0kilom\u00e8tre \u00e0 9,1\u00a0%, 3<sup>e<\/sup> cat\u00e9gorie), dans la c\u00f4te de Bonsecours (900\u00a0m\u00e8tres \u00e0 7,2\u00a0%, 4<sup>e<\/sup> cat\u00e9gorie) devant la st\u00e8le Jean-Robic, dans celle de la Grand\u2019Mare (1,8\u00a0kilom\u00e8tre \u00e0 5\u00a0%, 4<sup>e<\/sup> cat\u00e9gorie) ou dans le final, avec la rampe Saint-Hilaire (800\u00a0m\u00e8tres \u00e0 10,6\u00a0%, 3<sup>e<\/sup> cat\u00e9gorie), les meilleurs puncheurs du peloton auront mati\u00e8re \u00e0 s\u2019exprimer avant la descente longue de 5\u00a0kilom\u00e8tres vers Rouen.<\/p>\n<section>   <\/section>\n<p>Les derni\u00e8res ascensions pourraient aussi \u00eatre un terrain favorable \u00e0 des attaques pour les candidats \u00e0 une belle place au classement g\u00e9n\u00e9ral. Les sprinteurs pourraient \u00e9prouver des difficult\u00e9s \u00e0 suivre le rythme dans ce final, mais si l\u2019un ou plusieurs d\u2019entre eux parviennent \u00e0 rester au contact de la t\u00eate de course, leurs chances de passer la ligne en vainqueur seront r\u00e9elles. R\u00e9ponse ce mardi vers 17\u00a0h\u00a030.<\/p>\n<section>   <\/section>\n<section>\n<p> <span><a href=\"https:\/\/www.lemonde.fr\/signataires\/service-sports\/\" rel=\"nofollow\"> <span>Service Sports<\/span><\/a><\/span> <\/p>\n<\/section>\n<section>\n<section>\n<header>   <\/header>\n<section>\n<section> <a href=\"https:\/\/abo.lemonde.fr\/?lmd_medium=BOUTONS_LMFR&amp;lmd_campaign=CONTRIBUTION_ARTICLE\" rel=\"nofollow\">S\u2019abonner<\/a> <\/section>\n<\/section>\n<section><\/section>\n<\/section>\n<p>Contribuer<\/p>\n<p> <a href=\"https:\/\/www.lemonde.fr\/syndication\/\" rel=\"nofollow\">R\u00e9utiliser ce contenu<\/a> <\/section>\n<\/article>\n","protected":false},"excerpt":{"rendered":"<p>Apr\u00e8s le d\u00e9part de la 4e \u00e9tape, \u00e0 Amiens, ce mardi 8\u00a0juillet, \u00e0 13\u00a0h\u00a035, les coureurs du Tour de France vont traverser une partie de la Somme, de l\u2019Oise et de l\u2019Eure avant d\u2019arriver \u00e0 Rouen, pr\u00e9fecture de la Seine-Maritime. Un redoutable encha\u00eenement de c\u00f4tes attend le peloton dans la partie finale de l\u2019\u00e9tape. Sur<\/p>\n","protected":false},"author":1,"featured_media":249359,"comment_status":"open","ping_status":"open","sticky":false,"template":"","format":"standard","meta":{"footnotes":""},"categories":[73],"tags":[],"class_list":["post-249358","post","type-post","status-publish","format-standard","has-post-thumbnail","hentry","category-sport-fr"],"acf":[],"yoast_head":"<!-- This site is optimized with the Yoast SEO plugin v22.9 - https:\/\/yoast.com\/wordpress\/plugins\/seo\/ -->\n<title>Tour de France 2025\u00a0: le parcours de la quatri\u00e8me \u00e9tape - vof-news.eu<\/title>\n<meta name=\"description\" content=\"Apr\u00e8s le d\u00e9part de la 4e \u00e9tape, \u00e0 Amiens, ce mardi 8\u00a0juillet, \u00e0 13\u00a0h\u00a035, les coureurs du Tour de France vont traverser une partie de la Somme, de l\u2019Oise et de l\u2019Eure avant d\u2019arriver \u00e0 Rouen, pr\u00e9fecture de la Seine-Maritime. Un redoutable encha\u00eenement de c\u00f4tes attend le peloton dans la partie finale de l\u2019\u00e9tape.   Sur le parcours de 174,2\u00a0kilom\u00e8tres de cette quatri\u00e8me \u00e9tape, les 128\u00a0premiers promettent d\u2019\u00eatre plut\u00f4t calmes, sans difficult\u00e9s majeures, sauf en cas de vent prononc\u00e9. Mais, \u00e0 partir de la c\u00f4te Jacques-Anquetil (3,5\u00a0kilom\u00e8tres \u00e0 3,6\u00a0%, 4e cat\u00e9gorie), l\u2019encha\u00eenement de quatre difficult\u00e9s de 4e et de 3e cat\u00e9gories sur une trentaine de\u00a0kilom\u00e8tres peut donner lieu \u00e0 un s\u00e9rieux affrontement entre coureurs. Que ce soit dans la c\u00f4te de Belbeuf (1,3\u00a0kilom\u00e8tre \u00e0 9,1\u00a0%, 3e cat\u00e9gorie), dans la c\u00f4te de Bonsecours (900\u00a0m\u00e8tres \u00e0 7,2\u00a0%, 4e cat\u00e9gorie) devant la st\u00e8le Jean-Robic, dans celle de la Grand\u2019Mare (1,8\u00a0kilom\u00e8tre \u00e0 5\u00a0%, 4e cat\u00e9gorie) ou dans le final, avec la rampe Saint-Hilaire (800\u00a0m\u00e8tres \u00e0 10,6\u00a0%, 3e cat\u00e9gorie), les meilleurs puncheurs du peloton auront mati\u00e8re \u00e0 s\u2019exprimer avant la descente longue de 5\u00a0kilom\u00e8tres vers Rouen.   Les derni\u00e8res ascensions pourraient aussi \u00eatre un terrain favorable \u00e0 des attaques pour les candidats \u00e0 une belle place au classement g\u00e9n\u00e9ral. Les sprinteurs pourraient \u00e9prouver des difficult\u00e9s \u00e0 suivre le rythme dans ce final, mais si l\u2019un ou plusieurs d\u2019entre eux parviennent \u00e0 rester au contact de la t\u00eate de course, leurs chances de passer la ligne en vainqueur seront r\u00e9elles. R\u00e9ponse ce mardi vers 17\u00a0h\u00a030.    Service Sports      S\u2019abonner   Contribuer R\u00e9utiliser ce contenu\" \/>\n<meta name=\"robots\" content=\"noindex, follow, max-snippet:-1, max-image-preview:large, max-video-preview:-1\" \/>\n<meta property=\"og:locale\" content=\"fr_FR\" \/>\n<meta property=\"og:type\" content=\"article\" \/>\n<meta property=\"og:title\" content=\"Tour de France 2025\u00a0: le parcours de la quatri\u00e8me \u00e9tape - vof-news.eu\" \/>\n<meta property=\"og:description\" content=\"Apr\u00e8s le d\u00e9part de la 4e \u00e9tape, \u00e0 Amiens, ce mardi 8\u00a0juillet, \u00e0 13\u00a0h\u00a035, les coureurs du Tour de France vont traverser une partie de la Somme, de l\u2019Oise et de l\u2019Eure avant d\u2019arriver \u00e0 Rouen, pr\u00e9fecture de la Seine-Maritime. Un redoutable encha\u00eenement de c\u00f4tes attend le peloton dans la partie finale de l\u2019\u00e9tape.   Sur le parcours de 174,2\u00a0kilom\u00e8tres de cette quatri\u00e8me \u00e9tape, les 128\u00a0premiers promettent d\u2019\u00eatre plut\u00f4t calmes, sans difficult\u00e9s majeures, sauf en cas de vent prononc\u00e9. Mais, \u00e0 partir de la c\u00f4te Jacques-Anquetil (3,5\u00a0kilom\u00e8tres \u00e0 3,6\u00a0%, 4e cat\u00e9gorie), l\u2019encha\u00eenement de quatre difficult\u00e9s de 4e et de 3e cat\u00e9gories sur une trentaine de\u00a0kilom\u00e8tres peut donner lieu \u00e0 un s\u00e9rieux affrontement entre coureurs. Que ce soit dans la c\u00f4te de Belbeuf (1,3\u00a0kilom\u00e8tre \u00e0 9,1\u00a0%, 3e cat\u00e9gorie), dans la c\u00f4te de Bonsecours (900\u00a0m\u00e8tres \u00e0 7,2\u00a0%, 4e cat\u00e9gorie) devant la st\u00e8le Jean-Robic, dans celle de la Grand\u2019Mare (1,8\u00a0kilom\u00e8tre \u00e0 5\u00a0%, 4e cat\u00e9gorie) ou dans le final, avec la rampe Saint-Hilaire (800\u00a0m\u00e8tres \u00e0 10,6\u00a0%, 3e cat\u00e9gorie), les meilleurs puncheurs du peloton auront mati\u00e8re \u00e0 s\u2019exprimer avant la descente longue de 5\u00a0kilom\u00e8tres vers Rouen.   Les derni\u00e8res ascensions pourraient aussi \u00eatre un terrain favorable \u00e0 des attaques pour les candidats \u00e0 une belle place au classement g\u00e9n\u00e9ral. Les sprinteurs pourraient \u00e9prouver des difficult\u00e9s \u00e0 suivre le rythme dans ce final, mais si l\u2019un ou plusieurs d\u2019entre eux parviennent \u00e0 rester au contact de la t\u00eate de course, leurs chances de passer la ligne en vainqueur seront r\u00e9elles. R\u00e9ponse ce mardi vers 17\u00a0h\u00a030.    Service Sports      S\u2019abonner   Contribuer R\u00e9utiliser ce contenu\" \/>\n<meta property=\"og:url\" content=\"https:\/\/vof-news.eu\/fr\/tour-de-france-2025-le-parcours-de-la-quatrieme-etape\/\" \/>\n<meta property=\"og:site_name\" content=\"vof-news.eu\" \/>\n<meta property=\"article:published_time\" content=\"2025-07-08T06:30:12+00:00\" \/>\n<meta property=\"article:modified_time\" content=\"2025-07-08T06:30:43+00:00\" \/>\n<meta property=\"og:image\" content=\"https:\/\/vof-news.eu\/wp-content\/uploads\/2025\/07\/88a0d61_upload-1-thgfczijpzpz-tdf25-profil-et04-page-0001.jpg\" \/>\n\t<meta property=\"og:image:width\" content=\"664\" \/>\n\t<meta property=\"og:image:height\" content=\"522\" \/>\n\t<meta property=\"og:image:type\" content=\"image\/jpeg\" \/>\n<meta name=\"author\" content=\"Author\" \/>\n<meta name=\"twitter:card\" content=\"summary_large_image\" \/>\n<meta name=\"twitter:label1\" content=\"\u00c9crit par\" \/>\n\t<meta name=\"twitter:data1\" content=\"Author\" \/>\n\t<meta name=\"twitter:label2\" content=\"Dur\u00e9e de lecture estim\u00e9e\" \/>\n\t<meta name=\"twitter:data2\" content=\"1 minute\" \/>\n<script type=\"application\/ld+json\" class=\"yoast-schema-graph\">{\"@context\":\"https:\/\/schema.org\",\"@graph\":[{\"@type\":\"WebPage\",\"@id\":\"https:\/\/vof-news.eu\/fr\/tour-de-france-2025-le-parcours-de-la-quatrieme-etape\/\",\"url\":\"https:\/\/vof-news.eu\/fr\/tour-de-france-2025-le-parcours-de-la-quatrieme-etape\/\",\"name\":\"Tour de France 2025\u00a0: le parcours de la quatri\u00e8me \u00e9tape - vof-news.eu\",\"isPartOf\":{\"@id\":\"https:\/\/vof-news.eu\/fr\/#website\"},\"primaryImageOfPage\":{\"@id\":\"https:\/\/vof-news.eu\/fr\/tour-de-france-2025-le-parcours-de-la-quatrieme-etape\/#primaryimage\"},\"image\":{\"@id\":\"https:\/\/vof-news.eu\/fr\/tour-de-france-2025-le-parcours-de-la-quatrieme-etape\/#primaryimage\"},\"thumbnailUrl\":\"https:\/\/vof-news.eu\/wp-content\/uploads\/2025\/07\/88a0d61_upload-1-thgfczijpzpz-tdf25-profil-et04-page-0001.jpg\",\"datePublished\":\"2025-07-08T06:30:12+00:00\",\"dateModified\":\"2025-07-08T06:30:43+00:00\",\"author\":{\"@id\":\"https:\/\/vof-news.eu\/fr\/#\/schema\/person\/f6a2a4309f0561835797fd8c19b333ed\"},\"description\":\"Apr\u00e8s le d\u00e9part de la 4e \u00e9tape, \u00e0 Amiens, ce mardi 8\u00a0juillet, \u00e0 13\u00a0h\u00a035, les coureurs du Tour de France vont traverser une partie de la Somme, de l\u2019Oise et de l\u2019Eure avant d\u2019arriver \u00e0 Rouen, pr\u00e9fecture de la Seine-Maritime. Un redoutable encha\u00eenement de c\u00f4tes attend le peloton dans la partie finale de l\u2019\u00e9tape. Sur le parcours de 174,2\u00a0kilom\u00e8tres de cette quatri\u00e8me \u00e9tape, les 128\u00a0premiers promettent d\u2019\u00eatre plut\u00f4t calmes, sans difficult\u00e9s majeures, sauf en cas de vent prononc\u00e9. Mais, \u00e0 partir de la c\u00f4te Jacques-Anquetil (3,5\u00a0kilom\u00e8tres \u00e0 3,6\u00a0%, 4e cat\u00e9gorie), l\u2019encha\u00eenement de quatre difficult\u00e9s de 4e et de 3e cat\u00e9gories sur une trentaine de\u00a0kilom\u00e8tres peut donner lieu \u00e0 un s\u00e9rieux affrontement entre coureurs. Que ce soit dans la c\u00f4te de Belbeuf (1,3\u00a0kilom\u00e8tre \u00e0 9,1\u00a0%, 3e cat\u00e9gorie), dans la c\u00f4te de Bonsecours (900\u00a0m\u00e8tres \u00e0 7,2\u00a0%, 4e cat\u00e9gorie) devant la st\u00e8le Jean-Robic, dans celle de la Grand\u2019Mare (1,8\u00a0kilom\u00e8tre \u00e0 5\u00a0%, 4e cat\u00e9gorie) ou dans le final, avec la rampe Saint-Hilaire (800\u00a0m\u00e8tres \u00e0 10,6\u00a0%, 3e cat\u00e9gorie), les meilleurs puncheurs du peloton auront mati\u00e8re \u00e0 s\u2019exprimer avant la descente longue de 5\u00a0kilom\u00e8tres vers Rouen. Les derni\u00e8res ascensions pourraient aussi \u00eatre un terrain favorable \u00e0 des attaques pour les candidats \u00e0 une belle place au classement g\u00e9n\u00e9ral. Les sprinteurs pourraient \u00e9prouver des difficult\u00e9s \u00e0 suivre le rythme dans ce final, mais si l\u2019un ou plusieurs d\u2019entre eux parviennent \u00e0 rester au contact de la t\u00eate de course, leurs chances de passer la ligne en vainqueur seront r\u00e9elles. R\u00e9ponse ce mardi vers 17\u00a0h\u00a030. Service Sports S\u2019abonner Contribuer R\u00e9utiliser ce contenu\",\"breadcrumb\":{\"@id\":\"https:\/\/vof-news.eu\/fr\/tour-de-france-2025-le-parcours-de-la-quatrieme-etape\/#breadcrumb\"},\"inLanguage\":\"fr-FR\",\"potentialAction\":[{\"@type\":\"ReadAction\",\"target\":[\"https:\/\/vof-news.eu\/fr\/tour-de-france-2025-le-parcours-de-la-quatrieme-etape\/\"]}]},{\"@type\":\"ImageObject\",\"inLanguage\":\"fr-FR\",\"@id\":\"https:\/\/vof-news.eu\/fr\/tour-de-france-2025-le-parcours-de-la-quatrieme-etape\/#primaryimage\",\"url\":\"https:\/\/vof-news.eu\/wp-content\/uploads\/2025\/07\/88a0d61_upload-1-thgfczijpzpz-tdf25-profil-et04-page-0001.jpg\",\"contentUrl\":\"https:\/\/vof-news.eu\/wp-content\/uploads\/2025\/07\/88a0d61_upload-1-thgfczijpzpz-tdf25-profil-et04-page-0001.jpg\",\"width\":664,\"height\":522},{\"@type\":\"BreadcrumbList\",\"@id\":\"https:\/\/vof-news.eu\/fr\/tour-de-france-2025-le-parcours-de-la-quatrieme-etape\/#breadcrumb\",\"itemListElement\":[{\"@type\":\"ListItem\",\"position\":1,\"name\":\"Home\",\"item\":\"https:\/\/vof-news.eu\/fr\/\"},{\"@type\":\"ListItem\",\"position\":2,\"name\":\"Tour de France 2025\u00a0: le parcours de la quatri\u00e8me \u00e9tape\"}]},{\"@type\":\"WebSite\",\"@id\":\"https:\/\/vof-news.eu\/fr\/#website\",\"url\":\"https:\/\/vof-news.eu\/fr\/\",\"name\":\"vof-news.eu\",\"description\":\"\",\"potentialAction\":[{\"@type\":\"SearchAction\",\"target\":{\"@type\":\"EntryPoint\",\"urlTemplate\":\"https:\/\/vof-news.eu\/fr\/?s={search_term_string}\"},\"query-input\":\"required name=search_term_string\"}],\"inLanguage\":\"fr-FR\"},{\"@type\":\"Person\",\"@id\":\"https:\/\/vof-news.eu\/fr\/#\/schema\/person\/f6a2a4309f0561835797fd8c19b333ed\",\"name\":\"Author\",\"image\":{\"@type\":\"ImageObject\",\"inLanguage\":\"fr-FR\",\"@id\":\"https:\/\/vof-news.eu\/fr\/#\/schema\/person\/image\/\",\"url\":\"https:\/\/secure.gravatar.com\/avatar\/b67e614b1b25b3e9c0c239efdd2fde5ab015b5affd6f1c3c85911ca4b384e790?s=96&d=mm&r=g\",\"contentUrl\":\"https:\/\/secure.gravatar.com\/avatar\/b67e614b1b25b3e9c0c239efdd2fde5ab015b5affd6f1c3c85911ca4b384e790?s=96&d=mm&r=g\",\"caption\":\"Author\"},\"sameAs\":[\"http:\/\/vof-news.eu\"],\"url\":\"https:\/\/vof-news.eu\/fr\/author\/zwt6qxnjulxbnyg\/\"}]}<\/script>\n<!-- \/ Yoast SEO plugin. -->","yoast_head_json":{"title":"Tour de France 2025\u00a0: le parcours de la quatri\u00e8me \u00e9tape - vof-news.eu","description":"Apr\u00e8s le d\u00e9part de la 4e \u00e9tape, \u00e0 Amiens, ce mardi 8\u00a0juillet, \u00e0 13\u00a0h\u00a035, les coureurs du Tour de France vont traverser une partie de la Somme, de l\u2019Oise et de l\u2019Eure avant d\u2019arriver \u00e0 Rouen, pr\u00e9fecture de la Seine-Maritime. Un redoutable encha\u00eenement de c\u00f4tes attend le peloton dans la partie finale de l\u2019\u00e9tape.   Sur le parcours de 174,2\u00a0kilom\u00e8tres de cette quatri\u00e8me \u00e9tape, les 128\u00a0premiers promettent d\u2019\u00eatre plut\u00f4t calmes, sans difficult\u00e9s majeures, sauf en cas de vent prononc\u00e9. Mais, \u00e0 partir de la c\u00f4te Jacques-Anquetil (3,5\u00a0kilom\u00e8tres \u00e0 3,6\u00a0%, 4e cat\u00e9gorie), l\u2019encha\u00eenement de quatre difficult\u00e9s de 4e et de 3e cat\u00e9gories sur une trentaine de\u00a0kilom\u00e8tres peut donner lieu \u00e0 un s\u00e9rieux affrontement entre coureurs. Que ce soit dans la c\u00f4te de Belbeuf (1,3\u00a0kilom\u00e8tre \u00e0 9,1\u00a0%, 3e cat\u00e9gorie), dans la c\u00f4te de Bonsecours (900\u00a0m\u00e8tres \u00e0 7,2\u00a0%, 4e cat\u00e9gorie) devant la st\u00e8le Jean-Robic, dans celle de la Grand\u2019Mare (1,8\u00a0kilom\u00e8tre \u00e0 5\u00a0%, 4e cat\u00e9gorie) ou dans le final, avec la rampe Saint-Hilaire (800\u00a0m\u00e8tres \u00e0 10,6\u00a0%, 3e cat\u00e9gorie), les meilleurs puncheurs du peloton auront mati\u00e8re \u00e0 s\u2019exprimer avant la descente longue de 5\u00a0kilom\u00e8tres vers Rouen.   Les derni\u00e8res ascensions pourraient aussi \u00eatre un terrain favorable \u00e0 des attaques pour les candidats \u00e0 une belle place au classement g\u00e9n\u00e9ral. Les sprinteurs pourraient \u00e9prouver des difficult\u00e9s \u00e0 suivre le rythme dans ce final, mais si l\u2019un ou plusieurs d\u2019entre eux parviennent \u00e0 rester au contact de la t\u00eate de course, leurs chances de passer la ligne en vainqueur seront r\u00e9elles. R\u00e9ponse ce mardi vers 17\u00a0h\u00a030.    Service Sports      S\u2019abonner   Contribuer R\u00e9utiliser ce contenu","robots":{"index":"noindex","follow":"follow","max-snippet":"max-snippet:-1","max-image-preview":"max-image-preview:large","max-video-preview":"max-video-preview:-1"},"og_locale":"fr_FR","og_type":"article","og_title":"Tour de France 2025\u00a0: le parcours de la quatri\u00e8me \u00e9tape - vof-news.eu","og_description":"Apr\u00e8s le d\u00e9part de la 4e \u00e9tape, \u00e0 Amiens, ce mardi 8\u00a0juillet, \u00e0 13\u00a0h\u00a035, les coureurs du Tour de France vont traverser une partie de la Somme, de l\u2019Oise et de l\u2019Eure avant d\u2019arriver \u00e0 Rouen, pr\u00e9fecture de la Seine-Maritime. Un redoutable encha\u00eenement de c\u00f4tes attend le peloton dans la partie finale de l\u2019\u00e9tape.   Sur le parcours de 174,2\u00a0kilom\u00e8tres de cette quatri\u00e8me \u00e9tape, les 128\u00a0premiers promettent d\u2019\u00eatre plut\u00f4t calmes, sans difficult\u00e9s majeures, sauf en cas de vent prononc\u00e9. Mais, \u00e0 partir de la c\u00f4te Jacques-Anquetil (3,5\u00a0kilom\u00e8tres \u00e0 3,6\u00a0%, 4e cat\u00e9gorie), l\u2019encha\u00eenement de quatre difficult\u00e9s de 4e et de 3e cat\u00e9gories sur une trentaine de\u00a0kilom\u00e8tres peut donner lieu \u00e0 un s\u00e9rieux affrontement entre coureurs. Que ce soit dans la c\u00f4te de Belbeuf (1,3\u00a0kilom\u00e8tre \u00e0 9,1\u00a0%, 3e cat\u00e9gorie), dans la c\u00f4te de Bonsecours (900\u00a0m\u00e8tres \u00e0 7,2\u00a0%, 4e cat\u00e9gorie) devant la st\u00e8le Jean-Robic, dans celle de la Grand\u2019Mare (1,8\u00a0kilom\u00e8tre \u00e0 5\u00a0%, 4e cat\u00e9gorie) ou dans le final, avec la rampe Saint-Hilaire (800\u00a0m\u00e8tres \u00e0 10,6\u00a0%, 3e cat\u00e9gorie), les meilleurs puncheurs du peloton auront mati\u00e8re \u00e0 s\u2019exprimer avant la descente longue de 5\u00a0kilom\u00e8tres vers Rouen.   Les derni\u00e8res ascensions pourraient aussi \u00eatre un terrain favorable \u00e0 des attaques pour les candidats \u00e0 une belle place au classement g\u00e9n\u00e9ral. Les sprinteurs pourraient \u00e9prouver des difficult\u00e9s \u00e0 suivre le rythme dans ce final, mais si l\u2019un ou plusieurs d\u2019entre eux parviennent \u00e0 rester au contact de la t\u00eate de course, leurs chances de passer la ligne en vainqueur seront r\u00e9elles. R\u00e9ponse ce mardi vers 17\u00a0h\u00a030.    Service Sports      S\u2019abonner   Contribuer R\u00e9utiliser ce contenu","og_url":"https:\/\/vof-news.eu\/fr\/tour-de-france-2025-le-parcours-de-la-quatrieme-etape\/","og_site_name":"vof-news.eu","article_published_time":"2025-07-08T06:30:12+00:00","article_modified_time":"2025-07-08T06:30:43+00:00","og_image":[{"width":664,"height":522,"url":"https:\/\/vof-news.eu\/wp-content\/uploads\/2025\/07\/88a0d61_upload-1-thgfczijpzpz-tdf25-profil-et04-page-0001.jpg","type":"image\/jpeg"}],"author":"Author","twitter_card":"summary_large_image","twitter_misc":{"\u00c9crit par":"Author","Dur\u00e9e de lecture estim\u00e9e":"1 minute"},"schema":{"@context":"https:\/\/schema.org","@graph":[{"@type":"WebPage","@id":"https:\/\/vof-news.eu\/fr\/tour-de-france-2025-le-parcours-de-la-quatrieme-etape\/","url":"https:\/\/vof-news.eu\/fr\/tour-de-france-2025-le-parcours-de-la-quatrieme-etape\/","name":"Tour de France 2025\u00a0: le parcours de la quatri\u00e8me \u00e9tape - vof-news.eu","isPartOf":{"@id":"https:\/\/vof-news.eu\/fr\/#website"},"primaryImageOfPage":{"@id":"https:\/\/vof-news.eu\/fr\/tour-de-france-2025-le-parcours-de-la-quatrieme-etape\/#primaryimage"},"image":{"@id":"https:\/\/vof-news.eu\/fr\/tour-de-france-2025-le-parcours-de-la-quatrieme-etape\/#primaryimage"},"thumbnailUrl":"https:\/\/vof-news.eu\/wp-content\/uploads\/2025\/07\/88a0d61_upload-1-thgfczijpzpz-tdf25-profil-et04-page-0001.jpg","datePublished":"2025-07-08T06:30:12+00:00","dateModified":"2025-07-08T06:30:43+00:00","author":{"@id":"https:\/\/vof-news.eu\/fr\/#\/schema\/person\/f6a2a4309f0561835797fd8c19b333ed"},"description":"Apr\u00e8s le d\u00e9part de la 4e \u00e9tape, \u00e0 Amiens, ce mardi 8\u00a0juillet, \u00e0 13\u00a0h\u00a035, les coureurs du Tour de France vont traverser une partie de la Somme, de l\u2019Oise et de l\u2019Eure avant d\u2019arriver \u00e0 Rouen, pr\u00e9fecture de la Seine-Maritime. Un redoutable encha\u00eenement de c\u00f4tes attend le peloton dans la partie finale de l\u2019\u00e9tape. Sur le parcours de 174,2\u00a0kilom\u00e8tres de cette quatri\u00e8me \u00e9tape, les 128\u00a0premiers promettent d\u2019\u00eatre plut\u00f4t calmes, sans difficult\u00e9s majeures, sauf en cas de vent prononc\u00e9. Mais, \u00e0 partir de la c\u00f4te Jacques-Anquetil (3,5\u00a0kilom\u00e8tres \u00e0 3,6\u00a0%, 4e cat\u00e9gorie), l\u2019encha\u00eenement de quatre difficult\u00e9s de 4e et de 3e cat\u00e9gories sur une trentaine de\u00a0kilom\u00e8tres peut donner lieu \u00e0 un s\u00e9rieux affrontement entre coureurs. Que ce soit dans la c\u00f4te de Belbeuf (1,3\u00a0kilom\u00e8tre \u00e0 9,1\u00a0%, 3e cat\u00e9gorie), dans la c\u00f4te de Bonsecours (900\u00a0m\u00e8tres \u00e0 7,2\u00a0%, 4e cat\u00e9gorie) devant la st\u00e8le Jean-Robic, dans celle de la Grand\u2019Mare (1,8\u00a0kilom\u00e8tre \u00e0 5\u00a0%, 4e cat\u00e9gorie) ou dans le final, avec la rampe Saint-Hilaire (800\u00a0m\u00e8tres \u00e0 10,6\u00a0%, 3e cat\u00e9gorie), les meilleurs puncheurs du peloton auront mati\u00e8re \u00e0 s\u2019exprimer avant la descente longue de 5\u00a0kilom\u00e8tres vers Rouen. Les derni\u00e8res ascensions pourraient aussi \u00eatre un terrain favorable \u00e0 des attaques pour les candidats \u00e0 une belle place au classement g\u00e9n\u00e9ral. Les sprinteurs pourraient \u00e9prouver des difficult\u00e9s \u00e0 suivre le rythme dans ce final, mais si l\u2019un ou plusieurs d\u2019entre eux parviennent \u00e0 rester au contact de la t\u00eate de course, leurs chances de passer la ligne en vainqueur seront r\u00e9elles. R\u00e9ponse ce mardi vers 17\u00a0h\u00a030. Service Sports S\u2019abonner Contribuer R\u00e9utiliser ce contenu","breadcrumb":{"@id":"https:\/\/vof-news.eu\/fr\/tour-de-france-2025-le-parcours-de-la-quatrieme-etape\/#breadcrumb"},"inLanguage":"fr-FR","potentialAction":[{"@type":"ReadAction","target":["https:\/\/vof-news.eu\/fr\/tour-de-france-2025-le-parcours-de-la-quatrieme-etape\/"]}]},{"@type":"ImageObject","inLanguage":"fr-FR","@id":"https:\/\/vof-news.eu\/fr\/tour-de-france-2025-le-parcours-de-la-quatrieme-etape\/#primaryimage","url":"https:\/\/vof-news.eu\/wp-content\/uploads\/2025\/07\/88a0d61_upload-1-thgfczijpzpz-tdf25-profil-et04-page-0001.jpg","contentUrl":"https:\/\/vof-news.eu\/wp-content\/uploads\/2025\/07\/88a0d61_upload-1-thgfczijpzpz-tdf25-profil-et04-page-0001.jpg","width":664,"height":522},{"@type":"BreadcrumbList","@id":"https:\/\/vof-news.eu\/fr\/tour-de-france-2025-le-parcours-de-la-quatrieme-etape\/#breadcrumb","itemListElement":[{"@type":"ListItem","position":1,"name":"Home","item":"https:\/\/vof-news.eu\/fr\/"},{"@type":"ListItem","position":2,"name":"Tour de France 2025\u00a0: le parcours de la quatri\u00e8me \u00e9tape"}]},{"@type":"WebSite","@id":"https:\/\/vof-news.eu\/fr\/#website","url":"https:\/\/vof-news.eu\/fr\/","name":"vof-news.eu","description":"","potentialAction":[{"@type":"SearchAction","target":{"@type":"EntryPoint","urlTemplate":"https:\/\/vof-news.eu\/fr\/?s={search_term_string}"},"query-input":"required name=search_term_string"}],"inLanguage":"fr-FR"},{"@type":"Person","@id":"https:\/\/vof-news.eu\/fr\/#\/schema\/person\/f6a2a4309f0561835797fd8c19b333ed","name":"Author","image":{"@type":"ImageObject","inLanguage":"fr-FR","@id":"https:\/\/vof-news.eu\/fr\/#\/schema\/person\/image\/","url":"https:\/\/secure.gravatar.com\/avatar\/b67e614b1b25b3e9c0c239efdd2fde5ab015b5affd6f1c3c85911ca4b384e790?s=96&d=mm&r=g","contentUrl":"https:\/\/secure.gravatar.com\/avatar\/b67e614b1b25b3e9c0c239efdd2fde5ab015b5affd6f1c3c85911ca4b384e790?s=96&d=mm&r=g","caption":"Author"},"sameAs":["http:\/\/vof-news.eu"],"url":"https:\/\/vof-news.eu\/fr\/author\/zwt6qxnjulxbnyg\/"}]}},"yoast_meta":{"yoast_wpseo_title":"","yoast_wpseo_metadesc":"","yoast_wpseo_canonical":""},"_links":{"self":[{"href":"https:\/\/vof-news.eu\/fr\/wp-json\/wp\/v2\/posts\/249358","targetHints":{"allow":["GET"]}}],"collection":[{"href":"https:\/\/vof-news.eu\/fr\/wp-json\/wp\/v2\/posts"}],"about":[{"href":"https:\/\/vof-news.eu\/fr\/wp-json\/wp\/v2\/types\/post"}],"author":[{"embeddable":true,"href":"https:\/\/vof-news.eu\/fr\/wp-json\/wp\/v2\/users\/1"}],"replies":[{"embeddable":true,"href":"https:\/\/vof-news.eu\/fr\/wp-json\/wp\/v2\/comments?post=249358"}],"version-history":[{"count":1,"href":"https:\/\/vof-news.eu\/fr\/wp-json\/wp\/v2\/posts\/249358\/revisions"}],"predecessor-version":[{"id":249365,"href":"https:\/\/vof-news.eu\/fr\/wp-json\/wp\/v2\/posts\/249358\/revisions\/249365"}],"wp:featuredmedia":[{"embeddable":true,"href":"https:\/\/vof-news.eu\/fr\/wp-json\/wp\/v2\/media\/249359"}],"wp:attachment":[{"href":"https:\/\/vof-news.eu\/fr\/wp-json\/wp\/v2\/media?parent=249358"}],"wp:term":[{"taxonomy":"category","embeddable":true,"href":"https:\/\/vof-news.eu\/fr\/wp-json\/wp\/v2\/categories?post=249358"},{"taxonomy":"post_tag","embeddable":true,"href":"https:\/\/vof-news.eu\/fr\/wp-json\/wp\/v2\/tags?post=249358"}],"curies":[{"name":"wp","href":"https:\/\/api.w.org\/{rel}","templated":true}]}}