{"id":249292,"date":"2025-07-08T07:31:34","date_gmt":"2025-07-08T04:31:34","guid":{"rendered":"https:\/\/vof-news.eu\/lassemblee-nationale-se-saisit-du-statut-de-lelu-pour-repondre-au-malaise-des-maires\/"},"modified":"2025-07-08T07:31:48","modified_gmt":"2025-07-08T04:31:48","slug":"lassemblee-nationale-se-saisit-du-statut-de-lelu-pour-repondre-au-malaise-des-maires","status":"publish","type":"post","link":"https:\/\/vof-news.eu\/fr\/lassemblee-nationale-se-saisit-du-statut-de-lelu-pour-repondre-au-malaise-des-maires\/","title":{"rendered":"L\u2019Assembl\u00e9e nationale se saisit du statut de l\u2019\u00e9lu pour r\u00e9pondre au malaise des maires"},"content":{"rendered":"<article>\n<p>A moins d\u2019un an des \u00e9lections municipales de 2026, il \u00e9tait temps de mettre le sujet sur la table de l\u2019Assembl\u00e9e nationale. D\u00e9j\u00e0 valid\u00e9 par le S\u00e9nat en janvier\u00a02024 mais frein\u00e9 par la dissolution de juin, le texte portant cr\u00e9ation d\u2019un statut de l\u2019\u00e9lu local, vieux serpent de mer parlementaire, arrive enfin au Palais-Bourbon en bout de course de la session extraordinaire. Les d\u00e9bats devaient commencer ce lundi 7\u00a0juillet et se poursuivre sur la semaine.<\/p>\n<p>D\u00e9pos\u00e9e par l\u2019ancienne s\u00e9natrice (Union centriste) d\u2019Ille-et-Vilaine Fran\u00e7oise Gatel, aujourd\u2019hui ministre d\u00e9l\u00e9gu\u00e9e charg\u00e9e de la ruralit\u00e9, cette proposition de loi (PPL) transpartisane vise \u00e0 , rappelle son co-rapporteur, le d\u00e9put\u00e9 (socialiste) de la Haute-Vienne St\u00e9phane Delautrette, afin d\u2019avoir .<\/p>\n<p>Le texte s\u2019adresse en particulier aux repr\u00e9sentants des petites communes alors qu\u2019une \u00e9tude du centre de recherches politiques de Sciences Po (Cevipof), en partenariat avec l\u2019Association des maires de France (AMF), publi\u00e9e en juin, indiquait que 2\u00a0189 maires avaient d\u00e9missionn\u00e9 entre juillet\u00a02020 et mars\u00a02025, soit environ 6\u00a0% des \u00e9diles. Un , selon l\u2019institut.<\/p>\n<p><strong>Il vous reste 82.63% de cet article \u00e0 lire. La suite est r\u00e9serv\u00e9e aux abonn\u00e9s.<\/strong><\/p>\n<\/article>\n","protected":false},"excerpt":{"rendered":"<p>A moins d\u2019un an des \u00e9lections municipales de 2026, il \u00e9tait temps de mettre le sujet sur la table de l\u2019Assembl\u00e9e nationale. D\u00e9j\u00e0 valid\u00e9 par le S\u00e9nat en janvier\u00a02024 mais frein\u00e9 par la dissolution de juin, le texte portant cr\u00e9ation d\u2019un statut de l\u2019\u00e9lu local, vieux serpent de mer parlementaire, arrive enfin au Palais-Bourbon en<\/p>\n","protected":false},"author":1,"featured_media":249293,"comment_status":"open","ping_status":"open","sticky":false,"template":"","format":"standard","meta":{"footnotes":""},"categories":[68],"tags":[],"class_list":["post-249292","post","type-post","status-publish","format-standard","has-post-thumbnail","hentry","category-politics-fr"],"acf":[],"yoast_head":"<!-- This site is optimized with the Yoast SEO plugin v22.9 - https:\/\/yoast.com\/wordpress\/plugins\/seo\/ -->\n<title>L\u2019Assembl\u00e9e nationale se saisit du statut de l\u2019\u00e9lu pour r\u00e9pondre au malaise des maires - vof-news.eu<\/title>\n<meta name=\"description\" content=\"A moins d\u2019un an des \u00e9lections municipales de 2026, il \u00e9tait temps de mettre le sujet sur la table de l\u2019Assembl\u00e9e nationale. D\u00e9j\u00e0 valid\u00e9 par le S\u00e9nat en janvier\u00a02024 mais frein\u00e9 par la dissolution de juin, le texte portant cr\u00e9ation d\u2019un statut de l\u2019\u00e9lu local, vieux serpent de mer parlementaire, arrive enfin au Palais-Bourbon en bout de course de la session extraordinaire. Les d\u00e9bats devaient commencer ce lundi 7\u00a0juillet et se poursuivre sur la semaine. D\u00e9pos\u00e9e par l\u2019ancienne s\u00e9natrice (Union centriste) d\u2019Ille-et-Vilaine Fran\u00e7oise Gatel, aujourd\u2019hui ministre d\u00e9l\u00e9gu\u00e9e charg\u00e9e de la ruralit\u00e9, cette proposition de loi (PPL) transpartisane vise \u00e0 , rappelle son co-rapporteur, le d\u00e9put\u00e9 (socialiste) de la Haute-Vienne St\u00e9phane Delautrette, afin d\u2019avoir . Le texte s\u2019adresse en particulier aux repr\u00e9sentants des petites communes alors qu\u2019une \u00e9tude du centre de recherches politiques de Sciences Po (Cevipof), en partenariat avec l\u2019Association des maires de France (AMF), publi\u00e9e en juin, indiquait que 2\u00a0189 maires avaient d\u00e9missionn\u00e9 entre juillet\u00a02020 et mars\u00a02025, soit environ 6\u00a0% des \u00e9diles. Un , selon l\u2019institut. Il vous reste 82.63% de cet article \u00e0 lire. La suite est r\u00e9serv\u00e9e aux abonn\u00e9s.\" \/>\n<meta name=\"robots\" content=\"noindex, follow, max-snippet:-1, max-image-preview:large, max-video-preview:-1\" \/>\n<meta property=\"og:locale\" content=\"fr_FR\" \/>\n<meta property=\"og:type\" content=\"article\" \/>\n<meta property=\"og:title\" content=\"L\u2019Assembl\u00e9e nationale se saisit du statut de l\u2019\u00e9lu pour r\u00e9pondre au malaise des maires - vof-news.eu\" \/>\n<meta property=\"og:description\" content=\"A moins d\u2019un an des \u00e9lections municipales de 2026, il \u00e9tait temps de mettre le sujet sur la table de l\u2019Assembl\u00e9e nationale. D\u00e9j\u00e0 valid\u00e9 par le S\u00e9nat en janvier\u00a02024 mais frein\u00e9 par la dissolution de juin, le texte portant cr\u00e9ation d\u2019un statut de l\u2019\u00e9lu local, vieux serpent de mer parlementaire, arrive enfin au Palais-Bourbon en bout de course de la session extraordinaire. Les d\u00e9bats devaient commencer ce lundi 7\u00a0juillet et se poursuivre sur la semaine. D\u00e9pos\u00e9e par l\u2019ancienne s\u00e9natrice (Union centriste) d\u2019Ille-et-Vilaine Fran\u00e7oise Gatel, aujourd\u2019hui ministre d\u00e9l\u00e9gu\u00e9e charg\u00e9e de la ruralit\u00e9, cette proposition de loi (PPL) transpartisane vise \u00e0 , rappelle son co-rapporteur, le d\u00e9put\u00e9 (socialiste) de la Haute-Vienne St\u00e9phane Delautrette, afin d\u2019avoir . Le texte s\u2019adresse en particulier aux repr\u00e9sentants des petites communes alors qu\u2019une \u00e9tude du centre de recherches politiques de Sciences Po (Cevipof), en partenariat avec l\u2019Association des maires de France (AMF), publi\u00e9e en juin, indiquait que 2\u00a0189 maires avaient d\u00e9missionn\u00e9 entre juillet\u00a02020 et mars\u00a02025, soit environ 6\u00a0% des \u00e9diles. Un , selon l\u2019institut. Il vous reste 82.63% de cet article \u00e0 lire. La suite est r\u00e9serv\u00e9e aux abonn\u00e9s.\" \/>\n<meta property=\"og:url\" content=\"https:\/\/vof-news.eu\/fr\/lassemblee-nationale-se-saisit-du-statut-de-lelu-pour-repondre-au-malaise-des-maires\/\" \/>\n<meta property=\"og:site_name\" content=\"vof-news.eu\" \/>\n<meta property=\"article:published_time\" content=\"2025-07-08T04:31:34+00:00\" \/>\n<meta property=\"article:modified_time\" content=\"2025-07-08T04:31:48+00:00\" \/>\n<meta property=\"og:image\" content=\"https:\/\/vof-news.eu\/wp-content\/uploads\/2025\/07\/871dbb1_upload-1-lda7gbnowuki-jmug250701043.jpg\" \/>\n\t<meta property=\"og:image:width\" content=\"664\" \/>\n\t<meta property=\"og:image:height\" content=\"443\" \/>\n\t<meta property=\"og:image:type\" content=\"image\/jpeg\" \/>\n<meta name=\"author\" content=\"Author\" \/>\n<meta name=\"twitter:card\" content=\"summary_large_image\" \/>\n<meta name=\"twitter:label1\" content=\"\u00c9crit par\" \/>\n\t<meta name=\"twitter:data1\" content=\"Author\" \/>\n\t<meta name=\"twitter:label2\" content=\"Dur\u00e9e de lecture estim\u00e9e\" \/>\n\t<meta name=\"twitter:data2\" content=\"1 minute\" \/>\n<script type=\"application\/ld+json\" class=\"yoast-schema-graph\">{\"@context\":\"https:\/\/schema.org\",\"@graph\":[{\"@type\":\"WebPage\",\"@id\":\"https:\/\/vof-news.eu\/fr\/lassemblee-nationale-se-saisit-du-statut-de-lelu-pour-repondre-au-malaise-des-maires\/\",\"url\":\"https:\/\/vof-news.eu\/fr\/lassemblee-nationale-se-saisit-du-statut-de-lelu-pour-repondre-au-malaise-des-maires\/\",\"name\":\"L\u2019Assembl\u00e9e nationale se saisit du statut de l\u2019\u00e9lu pour r\u00e9pondre au malaise des maires - vof-news.eu\",\"isPartOf\":{\"@id\":\"https:\/\/vof-news.eu\/fr\/#website\"},\"primaryImageOfPage\":{\"@id\":\"https:\/\/vof-news.eu\/fr\/lassemblee-nationale-se-saisit-du-statut-de-lelu-pour-repondre-au-malaise-des-maires\/#primaryimage\"},\"image\":{\"@id\":\"https:\/\/vof-news.eu\/fr\/lassemblee-nationale-se-saisit-du-statut-de-lelu-pour-repondre-au-malaise-des-maires\/#primaryimage\"},\"thumbnailUrl\":\"https:\/\/vof-news.eu\/wp-content\/uploads\/2025\/07\/871dbb1_upload-1-lda7gbnowuki-jmug250701043.jpg\",\"datePublished\":\"2025-07-08T04:31:34+00:00\",\"dateModified\":\"2025-07-08T04:31:48+00:00\",\"author\":{\"@id\":\"https:\/\/vof-news.eu\/fr\/#\/schema\/person\/f6a2a4309f0561835797fd8c19b333ed\"},\"description\":\"A moins d\u2019un an des \u00e9lections municipales de 2026, il \u00e9tait temps de mettre le sujet sur la table de l\u2019Assembl\u00e9e nationale. D\u00e9j\u00e0 valid\u00e9 par le S\u00e9nat en janvier\u00a02024 mais frein\u00e9 par la dissolution de juin, le texte portant cr\u00e9ation d\u2019un statut de l\u2019\u00e9lu local, vieux serpent de mer parlementaire, arrive enfin au Palais-Bourbon en bout de course de la session extraordinaire. Les d\u00e9bats devaient commencer ce lundi 7\u00a0juillet et se poursuivre sur la semaine. D\u00e9pos\u00e9e par l\u2019ancienne s\u00e9natrice (Union centriste) d\u2019Ille-et-Vilaine Fran\u00e7oise Gatel, aujourd\u2019hui ministre d\u00e9l\u00e9gu\u00e9e charg\u00e9e de la ruralit\u00e9, cette proposition de loi (PPL) transpartisane vise \u00e0 , rappelle son co-rapporteur, le d\u00e9put\u00e9 (socialiste) de la Haute-Vienne St\u00e9phane Delautrette, afin d\u2019avoir . Le texte s\u2019adresse en particulier aux repr\u00e9sentants des petites communes alors qu\u2019une \u00e9tude du centre de recherches politiques de Sciences Po (Cevipof), en partenariat avec l\u2019Association des maires de France (AMF), publi\u00e9e en juin, indiquait que 2\u00a0189 maires avaient d\u00e9missionn\u00e9 entre juillet\u00a02020 et mars\u00a02025, soit environ 6\u00a0% des \u00e9diles. Un , selon l\u2019institut. Il vous reste 82.63% de cet article \u00e0 lire. La suite est r\u00e9serv\u00e9e aux abonn\u00e9s.\",\"breadcrumb\":{\"@id\":\"https:\/\/vof-news.eu\/fr\/lassemblee-nationale-se-saisit-du-statut-de-lelu-pour-repondre-au-malaise-des-maires\/#breadcrumb\"},\"inLanguage\":\"fr-FR\",\"potentialAction\":[{\"@type\":\"ReadAction\",\"target\":[\"https:\/\/vof-news.eu\/fr\/lassemblee-nationale-se-saisit-du-statut-de-lelu-pour-repondre-au-malaise-des-maires\/\"]}]},{\"@type\":\"ImageObject\",\"inLanguage\":\"fr-FR\",\"@id\":\"https:\/\/vof-news.eu\/fr\/lassemblee-nationale-se-saisit-du-statut-de-lelu-pour-repondre-au-malaise-des-maires\/#primaryimage\",\"url\":\"https:\/\/vof-news.eu\/wp-content\/uploads\/2025\/07\/871dbb1_upload-1-lda7gbnowuki-jmug250701043.jpg\",\"contentUrl\":\"https:\/\/vof-news.eu\/wp-content\/uploads\/2025\/07\/871dbb1_upload-1-lda7gbnowuki-jmug250701043.jpg\",\"width\":664,\"height\":443},{\"@type\":\"BreadcrumbList\",\"@id\":\"https:\/\/vof-news.eu\/fr\/lassemblee-nationale-se-saisit-du-statut-de-lelu-pour-repondre-au-malaise-des-maires\/#breadcrumb\",\"itemListElement\":[{\"@type\":\"ListItem\",\"position\":1,\"name\":\"Home\",\"item\":\"https:\/\/vof-news.eu\/fr\/\"},{\"@type\":\"ListItem\",\"position\":2,\"name\":\"L\u2019Assembl\u00e9e nationale se saisit du statut de l\u2019\u00e9lu pour r\u00e9pondre au malaise des maires\"}]},{\"@type\":\"WebSite\",\"@id\":\"https:\/\/vof-news.eu\/fr\/#website\",\"url\":\"https:\/\/vof-news.eu\/fr\/\",\"name\":\"vof-news.eu\",\"description\":\"\",\"potentialAction\":[{\"@type\":\"SearchAction\",\"target\":{\"@type\":\"EntryPoint\",\"urlTemplate\":\"https:\/\/vof-news.eu\/fr\/?s={search_term_string}\"},\"query-input\":\"required name=search_term_string\"}],\"inLanguage\":\"fr-FR\"},{\"@type\":\"Person\",\"@id\":\"https:\/\/vof-news.eu\/fr\/#\/schema\/person\/f6a2a4309f0561835797fd8c19b333ed\",\"name\":\"Author\",\"image\":{\"@type\":\"ImageObject\",\"inLanguage\":\"fr-FR\",\"@id\":\"https:\/\/vof-news.eu\/fr\/#\/schema\/person\/image\/\",\"url\":\"https:\/\/secure.gravatar.com\/avatar\/b67e614b1b25b3e9c0c239efdd2fde5ab015b5affd6f1c3c85911ca4b384e790?s=96&d=mm&r=g\",\"contentUrl\":\"https:\/\/secure.gravatar.com\/avatar\/b67e614b1b25b3e9c0c239efdd2fde5ab015b5affd6f1c3c85911ca4b384e790?s=96&d=mm&r=g\",\"caption\":\"Author\"},\"sameAs\":[\"http:\/\/vof-news.eu\"],\"url\":\"https:\/\/vof-news.eu\/fr\/author\/zwt6qxnjulxbnyg\/\"}]}<\/script>\n<!-- \/ Yoast SEO plugin. -->","yoast_head_json":{"title":"L\u2019Assembl\u00e9e nationale se saisit du statut de l\u2019\u00e9lu pour r\u00e9pondre au malaise des maires - vof-news.eu","description":"A moins d\u2019un an des \u00e9lections municipales de 2026, il \u00e9tait temps de mettre le sujet sur la table de l\u2019Assembl\u00e9e nationale. D\u00e9j\u00e0 valid\u00e9 par le S\u00e9nat en janvier\u00a02024 mais frein\u00e9 par la dissolution de juin, le texte portant cr\u00e9ation d\u2019un statut de l\u2019\u00e9lu local, vieux serpent de mer parlementaire, arrive enfin au Palais-Bourbon en bout de course de la session extraordinaire. Les d\u00e9bats devaient commencer ce lundi 7\u00a0juillet et se poursuivre sur la semaine. D\u00e9pos\u00e9e par l\u2019ancienne s\u00e9natrice (Union centriste) d\u2019Ille-et-Vilaine Fran\u00e7oise Gatel, aujourd\u2019hui ministre d\u00e9l\u00e9gu\u00e9e charg\u00e9e de la ruralit\u00e9, cette proposition de loi (PPL) transpartisane vise \u00e0 , rappelle son co-rapporteur, le d\u00e9put\u00e9 (socialiste) de la Haute-Vienne St\u00e9phane Delautrette, afin d\u2019avoir . Le texte s\u2019adresse en particulier aux repr\u00e9sentants des petites communes alors qu\u2019une \u00e9tude du centre de recherches politiques de Sciences Po (Cevipof), en partenariat avec l\u2019Association des maires de France (AMF), publi\u00e9e en juin, indiquait que 2\u00a0189 maires avaient d\u00e9missionn\u00e9 entre juillet\u00a02020 et mars\u00a02025, soit environ 6\u00a0% des \u00e9diles. Un , selon l\u2019institut. Il vous reste 82.63% de cet article \u00e0 lire. La suite est r\u00e9serv\u00e9e aux abonn\u00e9s.","robots":{"index":"noindex","follow":"follow","max-snippet":"max-snippet:-1","max-image-preview":"max-image-preview:large","max-video-preview":"max-video-preview:-1"},"og_locale":"fr_FR","og_type":"article","og_title":"L\u2019Assembl\u00e9e nationale se saisit du statut de l\u2019\u00e9lu pour r\u00e9pondre au malaise des maires - vof-news.eu","og_description":"A moins d\u2019un an des \u00e9lections municipales de 2026, il \u00e9tait temps de mettre le sujet sur la table de l\u2019Assembl\u00e9e nationale. D\u00e9j\u00e0 valid\u00e9 par le S\u00e9nat en janvier\u00a02024 mais frein\u00e9 par la dissolution de juin, le texte portant cr\u00e9ation d\u2019un statut de l\u2019\u00e9lu local, vieux serpent de mer parlementaire, arrive enfin au Palais-Bourbon en bout de course de la session extraordinaire. Les d\u00e9bats devaient commencer ce lundi 7\u00a0juillet et se poursuivre sur la semaine. D\u00e9pos\u00e9e par l\u2019ancienne s\u00e9natrice (Union centriste) d\u2019Ille-et-Vilaine Fran\u00e7oise Gatel, aujourd\u2019hui ministre d\u00e9l\u00e9gu\u00e9e charg\u00e9e de la ruralit\u00e9, cette proposition de loi (PPL) transpartisane vise \u00e0 , rappelle son co-rapporteur, le d\u00e9put\u00e9 (socialiste) de la Haute-Vienne St\u00e9phane Delautrette, afin d\u2019avoir . Le texte s\u2019adresse en particulier aux repr\u00e9sentants des petites communes alors qu\u2019une \u00e9tude du centre de recherches politiques de Sciences Po (Cevipof), en partenariat avec l\u2019Association des maires de France (AMF), publi\u00e9e en juin, indiquait que 2\u00a0189 maires avaient d\u00e9missionn\u00e9 entre juillet\u00a02020 et mars\u00a02025, soit environ 6\u00a0% des \u00e9diles. Un , selon l\u2019institut. Il vous reste 82.63% de cet article \u00e0 lire. La suite est r\u00e9serv\u00e9e aux abonn\u00e9s.","og_url":"https:\/\/vof-news.eu\/fr\/lassemblee-nationale-se-saisit-du-statut-de-lelu-pour-repondre-au-malaise-des-maires\/","og_site_name":"vof-news.eu","article_published_time":"2025-07-08T04:31:34+00:00","article_modified_time":"2025-07-08T04:31:48+00:00","og_image":[{"width":664,"height":443,"url":"https:\/\/vof-news.eu\/wp-content\/uploads\/2025\/07\/871dbb1_upload-1-lda7gbnowuki-jmug250701043.jpg","type":"image\/jpeg"}],"author":"Author","twitter_card":"summary_large_image","twitter_misc":{"\u00c9crit par":"Author","Dur\u00e9e de lecture estim\u00e9e":"1 minute"},"schema":{"@context":"https:\/\/schema.org","@graph":[{"@type":"WebPage","@id":"https:\/\/vof-news.eu\/fr\/lassemblee-nationale-se-saisit-du-statut-de-lelu-pour-repondre-au-malaise-des-maires\/","url":"https:\/\/vof-news.eu\/fr\/lassemblee-nationale-se-saisit-du-statut-de-lelu-pour-repondre-au-malaise-des-maires\/","name":"L\u2019Assembl\u00e9e nationale se saisit du statut de l\u2019\u00e9lu pour r\u00e9pondre au malaise des maires - vof-news.eu","isPartOf":{"@id":"https:\/\/vof-news.eu\/fr\/#website"},"primaryImageOfPage":{"@id":"https:\/\/vof-news.eu\/fr\/lassemblee-nationale-se-saisit-du-statut-de-lelu-pour-repondre-au-malaise-des-maires\/#primaryimage"},"image":{"@id":"https:\/\/vof-news.eu\/fr\/lassemblee-nationale-se-saisit-du-statut-de-lelu-pour-repondre-au-malaise-des-maires\/#primaryimage"},"thumbnailUrl":"https:\/\/vof-news.eu\/wp-content\/uploads\/2025\/07\/871dbb1_upload-1-lda7gbnowuki-jmug250701043.jpg","datePublished":"2025-07-08T04:31:34+00:00","dateModified":"2025-07-08T04:31:48+00:00","author":{"@id":"https:\/\/vof-news.eu\/fr\/#\/schema\/person\/f6a2a4309f0561835797fd8c19b333ed"},"description":"A moins d\u2019un an des \u00e9lections municipales de 2026, il \u00e9tait temps de mettre le sujet sur la table de l\u2019Assembl\u00e9e nationale. D\u00e9j\u00e0 valid\u00e9 par le S\u00e9nat en janvier\u00a02024 mais frein\u00e9 par la dissolution de juin, le texte portant cr\u00e9ation d\u2019un statut de l\u2019\u00e9lu local, vieux serpent de mer parlementaire, arrive enfin au Palais-Bourbon en bout de course de la session extraordinaire. Les d\u00e9bats devaient commencer ce lundi 7\u00a0juillet et se poursuivre sur la semaine. D\u00e9pos\u00e9e par l\u2019ancienne s\u00e9natrice (Union centriste) d\u2019Ille-et-Vilaine Fran\u00e7oise Gatel, aujourd\u2019hui ministre d\u00e9l\u00e9gu\u00e9e charg\u00e9e de la ruralit\u00e9, cette proposition de loi (PPL) transpartisane vise \u00e0 , rappelle son co-rapporteur, le d\u00e9put\u00e9 (socialiste) de la Haute-Vienne St\u00e9phane Delautrette, afin d\u2019avoir . Le texte s\u2019adresse en particulier aux repr\u00e9sentants des petites communes alors qu\u2019une \u00e9tude du centre de recherches politiques de Sciences Po (Cevipof), en partenariat avec l\u2019Association des maires de France (AMF), publi\u00e9e en juin, indiquait que 2\u00a0189 maires avaient d\u00e9missionn\u00e9 entre juillet\u00a02020 et mars\u00a02025, soit environ 6\u00a0% des \u00e9diles. Un , selon l\u2019institut. Il vous reste 82.63% de cet article \u00e0 lire. La suite est r\u00e9serv\u00e9e aux abonn\u00e9s.","breadcrumb":{"@id":"https:\/\/vof-news.eu\/fr\/lassemblee-nationale-se-saisit-du-statut-de-lelu-pour-repondre-au-malaise-des-maires\/#breadcrumb"},"inLanguage":"fr-FR","potentialAction":[{"@type":"ReadAction","target":["https:\/\/vof-news.eu\/fr\/lassemblee-nationale-se-saisit-du-statut-de-lelu-pour-repondre-au-malaise-des-maires\/"]}]},{"@type":"ImageObject","inLanguage":"fr-FR","@id":"https:\/\/vof-news.eu\/fr\/lassemblee-nationale-se-saisit-du-statut-de-lelu-pour-repondre-au-malaise-des-maires\/#primaryimage","url":"https:\/\/vof-news.eu\/wp-content\/uploads\/2025\/07\/871dbb1_upload-1-lda7gbnowuki-jmug250701043.jpg","contentUrl":"https:\/\/vof-news.eu\/wp-content\/uploads\/2025\/07\/871dbb1_upload-1-lda7gbnowuki-jmug250701043.jpg","width":664,"height":443},{"@type":"BreadcrumbList","@id":"https:\/\/vof-news.eu\/fr\/lassemblee-nationale-se-saisit-du-statut-de-lelu-pour-repondre-au-malaise-des-maires\/#breadcrumb","itemListElement":[{"@type":"ListItem","position":1,"name":"Home","item":"https:\/\/vof-news.eu\/fr\/"},{"@type":"ListItem","position":2,"name":"L\u2019Assembl\u00e9e nationale se saisit du statut de l\u2019\u00e9lu pour r\u00e9pondre au malaise des maires"}]},{"@type":"WebSite","@id":"https:\/\/vof-news.eu\/fr\/#website","url":"https:\/\/vof-news.eu\/fr\/","name":"vof-news.eu","description":"","potentialAction":[{"@type":"SearchAction","target":{"@type":"EntryPoint","urlTemplate":"https:\/\/vof-news.eu\/fr\/?s={search_term_string}"},"query-input":"required name=search_term_string"}],"inLanguage":"fr-FR"},{"@type":"Person","@id":"https:\/\/vof-news.eu\/fr\/#\/schema\/person\/f6a2a4309f0561835797fd8c19b333ed","name":"Author","image":{"@type":"ImageObject","inLanguage":"fr-FR","@id":"https:\/\/vof-news.eu\/fr\/#\/schema\/person\/image\/","url":"https:\/\/secure.gravatar.com\/avatar\/b67e614b1b25b3e9c0c239efdd2fde5ab015b5affd6f1c3c85911ca4b384e790?s=96&d=mm&r=g","contentUrl":"https:\/\/secure.gravatar.com\/avatar\/b67e614b1b25b3e9c0c239efdd2fde5ab015b5affd6f1c3c85911ca4b384e790?s=96&d=mm&r=g","caption":"Author"},"sameAs":["http:\/\/vof-news.eu"],"url":"https:\/\/vof-news.eu\/fr\/author\/zwt6qxnjulxbnyg\/"}]}},"yoast_meta":{"yoast_wpseo_title":"","yoast_wpseo_metadesc":"","yoast_wpseo_canonical":""},"_links":{"self":[{"href":"https:\/\/vof-news.eu\/fr\/wp-json\/wp\/v2\/posts\/249292","targetHints":{"allow":["GET"]}}],"collection":[{"href":"https:\/\/vof-news.eu\/fr\/wp-json\/wp\/v2\/posts"}],"about":[{"href":"https:\/\/vof-news.eu\/fr\/wp-json\/wp\/v2\/types\/post"}],"author":[{"embeddable":true,"href":"https:\/\/vof-news.eu\/fr\/wp-json\/wp\/v2\/users\/1"}],"replies":[{"embeddable":true,"href":"https:\/\/vof-news.eu\/fr\/wp-json\/wp\/v2\/comments?post=249292"}],"version-history":[{"count":1,"href":"https:\/\/vof-news.eu\/fr\/wp-json\/wp\/v2\/posts\/249292\/revisions"}],"predecessor-version":[{"id":249299,"href":"https:\/\/vof-news.eu\/fr\/wp-json\/wp\/v2\/posts\/249292\/revisions\/249299"}],"wp:featuredmedia":[{"embeddable":true,"href":"https:\/\/vof-news.eu\/fr\/wp-json\/wp\/v2\/media\/249293"}],"wp:attachment":[{"href":"https:\/\/vof-news.eu\/fr\/wp-json\/wp\/v2\/media?parent=249292"}],"wp:term":[{"taxonomy":"category","embeddable":true,"href":"https:\/\/vof-news.eu\/fr\/wp-json\/wp\/v2\/categories?post=249292"},{"taxonomy":"post_tag","embeddable":true,"href":"https:\/\/vof-news.eu\/fr\/wp-json\/wp\/v2\/tags?post=249292"}],"curies":[{"name":"wp","href":"https:\/\/api.w.org\/{rel}","templated":true}]}}