{"id":249290,"date":"2025-07-08T07:30:36","date_gmt":"2025-07-08T04:30:36","guid":{"rendered":"https:\/\/vof-news.eu\/sante-quelle-mutuelle-pour-quel-profil\/"},"modified":"2025-07-08T07:31:02","modified_gmt":"2025-07-08T04:31:02","slug":"sante-quelle-mutuelle-pour-quel-profil","status":"publish","type":"post","link":"https:\/\/vof-news.eu\/fr\/sante-quelle-mutuelle-pour-quel-profil\/","title":{"rendered":"Sant\u00e9\u00a0: quelle mutuelle pour quel profil\u00a0?"},"content":{"rendered":"<article>\n<p>Bien choisir sa mutuelle peut vite tourner au casse-t\u00eate, et, <a href=\"https:\/\/www.lemonde.fr\/argent\/article\/2025\/01\/11\/mutuelles-sante-pourquoi-les-prix-des-cotisations-augmentent-encore-en-2025_6492180_1657007.html\" rel=\"nofollow\">face \u00e0 l\u2019inflation des primes<\/a>, tout le monde n\u2019a pas la m\u00eame libert\u00e9 d\u2019agir. Sauf exception, les salari\u00e9s b\u00e9n\u00e9ficient du contrat collectif de leur entreprise, qui prend en charge au moins la moiti\u00e9 des cotisations. Ce sont plut\u00f4t les travailleurs ind\u00e9pendants, les retrait\u00e9s, les \u00e9tudiants ou les sans-emploi qui ont int\u00e9r\u00eat \u00e0 r\u00e9\u00e9valuer leurs garanties. Et ce, d\u2019autant plus qu\u2019ils peuvent changer de mutuelle \u00e0 tout moment et sans p\u00e9nalit\u00e9s, \u00e0 condition que le contrat en cours ait plus d\u2019un an.<\/p>\n<p>Mais, tarif\u00e9s \u00e0 l\u2019\u00e2ge, les contrats individuels sont plus on\u00e9reux que les mutuelles d\u2019entreprise qui, elles, reposent sur une meilleure mutualisation des risques. Pas \u00e9tonnant, donc, que les retrait\u00e9s soient les premi\u00e8res victimes de la hausse des tarifs. , confirme Arthur Martiano, directeur g\u00e9n\u00e9ral du comparateur LeLynx.fr.<\/p>\n<h2>Lister ses d\u00e9penses les plus fr\u00e9quentes<\/h2>\n<p>L\u2019\u00e2ge est contraignant, mais la composition du foyer doit influencer le choix d\u2019une offre plut\u00f4t qu\u2019une autre. , souligne Arthur Martiano. Un d\u00e9m\u00e9nagement appelle aussi \u00e0 r\u00e9examiner ses garanties\u00a0: , pr\u00e9vient-il. Tous profils confondus, en\u00a02024, le montant moyen des cotisations \u00e9tait de 552\u00a0euros \u00e0 l\u2019ann\u00e9e en Bretagne, alors que la prime moyenne s\u2019\u00e9levait \u00e0 683\u00a0euros en Ile-de-France et m\u00eame 788\u00a0euros en Corse, d\u2019apr\u00e8s les chiffres de LeLynx.fr.<\/p>\n<p>Au-del\u00e0 de l\u2019\u00e2ge, de la composition du foyer et de la localit\u00e9, il convient de lister les d\u00e9penses de sant\u00e9 les plus fr\u00e9quentes et on\u00e9reuses.conseille Olivier Moustacakis, cofondateur du comparateur en ligne Assurland. <\/p>\n<p><strong>Il vous reste 59.58% de cet article \u00e0 lire. La suite est r\u00e9serv\u00e9e aux abonn\u00e9s.<\/strong><\/p>\n<\/article>\n","protected":false},"excerpt":{"rendered":"<p>Bien choisir sa mutuelle peut vite tourner au casse-t\u00eate, et, face \u00e0 l\u2019inflation des primes, tout le monde n\u2019a pas la m\u00eame libert\u00e9 d\u2019agir. Sauf exception, les salari\u00e9s b\u00e9n\u00e9ficient du contrat collectif de leur entreprise, qui prend en charge au moins la moiti\u00e9 des cotisations. Ce sont plut\u00f4t les travailleurs ind\u00e9pendants, les retrait\u00e9s, les \u00e9tudiants<\/p>\n","protected":false},"author":1,"featured_media":0,"comment_status":"open","ping_status":"open","sticky":false,"template":"","format":"standard","meta":{"footnotes":""},"categories":[53],"tags":[],"class_list":["post-249290","post","type-post","status-publish","format-standard","hentry","category-main-news-fr"],"acf":[],"yoast_head":"<!-- This site is optimized with the Yoast SEO plugin v22.9 - https:\/\/yoast.com\/wordpress\/plugins\/seo\/ -->\n<title>Sant\u00e9\u00a0: quelle mutuelle pour quel profil\u00a0? - vof-news.eu<\/title>\n<meta name=\"description\" content=\"Bien choisir sa mutuelle peut vite tourner au casse-t\u00eate, et, face \u00e0 l\u2019inflation des primes, tout le monde n\u2019a pas la m\u00eame libert\u00e9 d\u2019agir. Sauf exception, les salari\u00e9s b\u00e9n\u00e9ficient du contrat collectif de leur entreprise, qui prend en charge au moins la moiti\u00e9 des cotisations. Ce sont plut\u00f4t les travailleurs ind\u00e9pendants, les retrait\u00e9s, les \u00e9tudiants ou les sans-emploi qui ont int\u00e9r\u00eat \u00e0 r\u00e9\u00e9valuer leurs garanties. Et ce, d\u2019autant plus qu\u2019ils peuvent changer de mutuelle \u00e0 tout moment et sans p\u00e9nalit\u00e9s, \u00e0 condition que le contrat en cours ait plus d\u2019un an. Mais, tarif\u00e9s \u00e0 l\u2019\u00e2ge, les contrats individuels sont plus on\u00e9reux que les mutuelles d\u2019entreprise qui, elles, reposent sur une meilleure mutualisation des risques. Pas \u00e9tonnant, donc, que les retrait\u00e9s soient les premi\u00e8res victimes de la hausse des tarifs. , confirme Arthur Martiano, directeur g\u00e9n\u00e9ral du comparateur LeLynx.fr. Lister ses d\u00e9penses les plus fr\u00e9quentes L\u2019\u00e2ge est contraignant, mais la composition du foyer doit influencer le choix d\u2019une offre plut\u00f4t qu\u2019une autre. , souligne Arthur Martiano. Un d\u00e9m\u00e9nagement appelle aussi \u00e0 r\u00e9examiner ses garanties\u00a0: , pr\u00e9vient-il. Tous profils confondus, en\u00a02024, le montant moyen des cotisations \u00e9tait de 552\u00a0euros \u00e0 l\u2019ann\u00e9e en Bretagne, alors que la prime moyenne s\u2019\u00e9levait \u00e0 683\u00a0euros en Ile-de-France et m\u00eame 788\u00a0euros en Corse, d\u2019apr\u00e8s les chiffres de LeLynx.fr. Au-del\u00e0 de l\u2019\u00e2ge, de la composition du foyer et de la localit\u00e9, il convient de lister les d\u00e9penses de sant\u00e9 les plus fr\u00e9quentes et on\u00e9reuses.conseille Olivier Moustacakis, cofondateur du comparateur en ligne Assurland. Il vous reste 59.58% de cet article \u00e0 lire. La suite est r\u00e9serv\u00e9e aux abonn\u00e9s.\" \/>\n<meta name=\"robots\" content=\"noindex, follow, max-snippet:-1, max-image-preview:large, max-video-preview:-1\" \/>\n<meta property=\"og:locale\" content=\"fr_FR\" \/>\n<meta property=\"og:type\" content=\"article\" \/>\n<meta property=\"og:title\" content=\"Sant\u00e9\u00a0: quelle mutuelle pour quel profil\u00a0? - vof-news.eu\" \/>\n<meta property=\"og:description\" content=\"Bien choisir sa mutuelle peut vite tourner au casse-t\u00eate, et, face \u00e0 l\u2019inflation des primes, tout le monde n\u2019a pas la m\u00eame libert\u00e9 d\u2019agir. Sauf exception, les salari\u00e9s b\u00e9n\u00e9ficient du contrat collectif de leur entreprise, qui prend en charge au moins la moiti\u00e9 des cotisations. Ce sont plut\u00f4t les travailleurs ind\u00e9pendants, les retrait\u00e9s, les \u00e9tudiants ou les sans-emploi qui ont int\u00e9r\u00eat \u00e0 r\u00e9\u00e9valuer leurs garanties. Et ce, d\u2019autant plus qu\u2019ils peuvent changer de mutuelle \u00e0 tout moment et sans p\u00e9nalit\u00e9s, \u00e0 condition que le contrat en cours ait plus d\u2019un an. Mais, tarif\u00e9s \u00e0 l\u2019\u00e2ge, les contrats individuels sont plus on\u00e9reux que les mutuelles d\u2019entreprise qui, elles, reposent sur une meilleure mutualisation des risques. Pas \u00e9tonnant, donc, que les retrait\u00e9s soient les premi\u00e8res victimes de la hausse des tarifs. , confirme Arthur Martiano, directeur g\u00e9n\u00e9ral du comparateur LeLynx.fr. Lister ses d\u00e9penses les plus fr\u00e9quentes L\u2019\u00e2ge est contraignant, mais la composition du foyer doit influencer le choix d\u2019une offre plut\u00f4t qu\u2019une autre. , souligne Arthur Martiano. Un d\u00e9m\u00e9nagement appelle aussi \u00e0 r\u00e9examiner ses garanties\u00a0: , pr\u00e9vient-il. Tous profils confondus, en\u00a02024, le montant moyen des cotisations \u00e9tait de 552\u00a0euros \u00e0 l\u2019ann\u00e9e en Bretagne, alors que la prime moyenne s\u2019\u00e9levait \u00e0 683\u00a0euros en Ile-de-France et m\u00eame 788\u00a0euros en Corse, d\u2019apr\u00e8s les chiffres de LeLynx.fr. Au-del\u00e0 de l\u2019\u00e2ge, de la composition du foyer et de la localit\u00e9, il convient de lister les d\u00e9penses de sant\u00e9 les plus fr\u00e9quentes et on\u00e9reuses.conseille Olivier Moustacakis, cofondateur du comparateur en ligne Assurland. Il vous reste 59.58% de cet article \u00e0 lire. La suite est r\u00e9serv\u00e9e aux abonn\u00e9s.\" \/>\n<meta property=\"og:url\" content=\"https:\/\/vof-news.eu\/fr\/sante-quelle-mutuelle-pour-quel-profil\/\" \/>\n<meta property=\"og:site_name\" content=\"vof-news.eu\" \/>\n<meta property=\"article:published_time\" content=\"2025-07-08T04:30:36+00:00\" \/>\n<meta property=\"article:modified_time\" content=\"2025-07-08T04:31:02+00:00\" \/>\n<meta name=\"author\" content=\"Author\" \/>\n<meta name=\"twitter:card\" content=\"summary_large_image\" \/>\n<meta name=\"twitter:label1\" content=\"\u00c9crit par\" \/>\n\t<meta name=\"twitter:data1\" content=\"Author\" \/>\n\t<meta name=\"twitter:label2\" content=\"Dur\u00e9e de lecture estim\u00e9e\" \/>\n\t<meta name=\"twitter:data2\" content=\"1 minute\" \/>\n<script type=\"application\/ld+json\" class=\"yoast-schema-graph\">{\"@context\":\"https:\/\/schema.org\",\"@graph\":[{\"@type\":\"WebPage\",\"@id\":\"https:\/\/vof-news.eu\/fr\/sante-quelle-mutuelle-pour-quel-profil\/\",\"url\":\"https:\/\/vof-news.eu\/fr\/sante-quelle-mutuelle-pour-quel-profil\/\",\"name\":\"Sant\u00e9\u00a0: quelle mutuelle pour quel profil\u00a0? - vof-news.eu\",\"isPartOf\":{\"@id\":\"https:\/\/vof-news.eu\/fr\/#website\"},\"datePublished\":\"2025-07-08T04:30:36+00:00\",\"dateModified\":\"2025-07-08T04:31:02+00:00\",\"author\":{\"@id\":\"https:\/\/vof-news.eu\/fr\/#\/schema\/person\/f6a2a4309f0561835797fd8c19b333ed\"},\"description\":\"Bien choisir sa mutuelle peut vite tourner au casse-t\u00eate, et, face \u00e0 l\u2019inflation des primes, tout le monde n\u2019a pas la m\u00eame libert\u00e9 d\u2019agir. Sauf exception, les salari\u00e9s b\u00e9n\u00e9ficient du contrat collectif de leur entreprise, qui prend en charge au moins la moiti\u00e9 des cotisations. Ce sont plut\u00f4t les travailleurs ind\u00e9pendants, les retrait\u00e9s, les \u00e9tudiants ou les sans-emploi qui ont int\u00e9r\u00eat \u00e0 r\u00e9\u00e9valuer leurs garanties. Et ce, d\u2019autant plus qu\u2019ils peuvent changer de mutuelle \u00e0 tout moment et sans p\u00e9nalit\u00e9s, \u00e0 condition que le contrat en cours ait plus d\u2019un an. Mais, tarif\u00e9s \u00e0 l\u2019\u00e2ge, les contrats individuels sont plus on\u00e9reux que les mutuelles d\u2019entreprise qui, elles, reposent sur une meilleure mutualisation des risques. Pas \u00e9tonnant, donc, que les retrait\u00e9s soient les premi\u00e8res victimes de la hausse des tarifs. , confirme Arthur Martiano, directeur g\u00e9n\u00e9ral du comparateur LeLynx.fr. Lister ses d\u00e9penses les plus fr\u00e9quentes L\u2019\u00e2ge est contraignant, mais la composition du foyer doit influencer le choix d\u2019une offre plut\u00f4t qu\u2019une autre. , souligne Arthur Martiano. Un d\u00e9m\u00e9nagement appelle aussi \u00e0 r\u00e9examiner ses garanties\u00a0: , pr\u00e9vient-il. Tous profils confondus, en\u00a02024, le montant moyen des cotisations \u00e9tait de 552\u00a0euros \u00e0 l\u2019ann\u00e9e en Bretagne, alors que la prime moyenne s\u2019\u00e9levait \u00e0 683\u00a0euros en Ile-de-France et m\u00eame 788\u00a0euros en Corse, d\u2019apr\u00e8s les chiffres de LeLynx.fr. Au-del\u00e0 de l\u2019\u00e2ge, de la composition du foyer et de la localit\u00e9, il convient de lister les d\u00e9penses de sant\u00e9 les plus fr\u00e9quentes et on\u00e9reuses.conseille Olivier Moustacakis, cofondateur du comparateur en ligne Assurland. Il vous reste 59.58% de cet article \u00e0 lire. La suite est r\u00e9serv\u00e9e aux abonn\u00e9s.\",\"breadcrumb\":{\"@id\":\"https:\/\/vof-news.eu\/fr\/sante-quelle-mutuelle-pour-quel-profil\/#breadcrumb\"},\"inLanguage\":\"fr-FR\",\"potentialAction\":[{\"@type\":\"ReadAction\",\"target\":[\"https:\/\/vof-news.eu\/fr\/sante-quelle-mutuelle-pour-quel-profil\/\"]}]},{\"@type\":\"BreadcrumbList\",\"@id\":\"https:\/\/vof-news.eu\/fr\/sante-quelle-mutuelle-pour-quel-profil\/#breadcrumb\",\"itemListElement\":[{\"@type\":\"ListItem\",\"position\":1,\"name\":\"Home\",\"item\":\"https:\/\/vof-news.eu\/fr\/\"},{\"@type\":\"ListItem\",\"position\":2,\"name\":\"Sant\u00e9\u00a0: quelle mutuelle pour quel profil\u00a0?\"}]},{\"@type\":\"WebSite\",\"@id\":\"https:\/\/vof-news.eu\/fr\/#website\",\"url\":\"https:\/\/vof-news.eu\/fr\/\",\"name\":\"vof-news.eu\",\"description\":\"\",\"potentialAction\":[{\"@type\":\"SearchAction\",\"target\":{\"@type\":\"EntryPoint\",\"urlTemplate\":\"https:\/\/vof-news.eu\/fr\/?s={search_term_string}\"},\"query-input\":\"required name=search_term_string\"}],\"inLanguage\":\"fr-FR\"},{\"@type\":\"Person\",\"@id\":\"https:\/\/vof-news.eu\/fr\/#\/schema\/person\/f6a2a4309f0561835797fd8c19b333ed\",\"name\":\"Author\",\"image\":{\"@type\":\"ImageObject\",\"inLanguage\":\"fr-FR\",\"@id\":\"https:\/\/vof-news.eu\/fr\/#\/schema\/person\/image\/\",\"url\":\"https:\/\/secure.gravatar.com\/avatar\/b67e614b1b25b3e9c0c239efdd2fde5ab015b5affd6f1c3c85911ca4b384e790?s=96&d=mm&r=g\",\"contentUrl\":\"https:\/\/secure.gravatar.com\/avatar\/b67e614b1b25b3e9c0c239efdd2fde5ab015b5affd6f1c3c85911ca4b384e790?s=96&d=mm&r=g\",\"caption\":\"Author\"},\"sameAs\":[\"http:\/\/vof-news.eu\"],\"url\":\"https:\/\/vof-news.eu\/fr\/author\/zwt6qxnjulxbnyg\/\"}]}<\/script>\n<!-- \/ Yoast SEO plugin. -->","yoast_head_json":{"title":"Sant\u00e9\u00a0: quelle mutuelle pour quel profil\u00a0? - vof-news.eu","description":"Bien choisir sa mutuelle peut vite tourner au casse-t\u00eate, et, face \u00e0 l\u2019inflation des primes, tout le monde n\u2019a pas la m\u00eame libert\u00e9 d\u2019agir. Sauf exception, les salari\u00e9s b\u00e9n\u00e9ficient du contrat collectif de leur entreprise, qui prend en charge au moins la moiti\u00e9 des cotisations. Ce sont plut\u00f4t les travailleurs ind\u00e9pendants, les retrait\u00e9s, les \u00e9tudiants ou les sans-emploi qui ont int\u00e9r\u00eat \u00e0 r\u00e9\u00e9valuer leurs garanties. Et ce, d\u2019autant plus qu\u2019ils peuvent changer de mutuelle \u00e0 tout moment et sans p\u00e9nalit\u00e9s, \u00e0 condition que le contrat en cours ait plus d\u2019un an. Mais, tarif\u00e9s \u00e0 l\u2019\u00e2ge, les contrats individuels sont plus on\u00e9reux que les mutuelles d\u2019entreprise qui, elles, reposent sur une meilleure mutualisation des risques. Pas \u00e9tonnant, donc, que les retrait\u00e9s soient les premi\u00e8res victimes de la hausse des tarifs. , confirme Arthur Martiano, directeur g\u00e9n\u00e9ral du comparateur LeLynx.fr. Lister ses d\u00e9penses les plus fr\u00e9quentes L\u2019\u00e2ge est contraignant, mais la composition du foyer doit influencer le choix d\u2019une offre plut\u00f4t qu\u2019une autre. , souligne Arthur Martiano. Un d\u00e9m\u00e9nagement appelle aussi \u00e0 r\u00e9examiner ses garanties\u00a0: , pr\u00e9vient-il. Tous profils confondus, en\u00a02024, le montant moyen des cotisations \u00e9tait de 552\u00a0euros \u00e0 l\u2019ann\u00e9e en Bretagne, alors que la prime moyenne s\u2019\u00e9levait \u00e0 683\u00a0euros en Ile-de-France et m\u00eame 788\u00a0euros en Corse, d\u2019apr\u00e8s les chiffres de LeLynx.fr. Au-del\u00e0 de l\u2019\u00e2ge, de la composition du foyer et de la localit\u00e9, il convient de lister les d\u00e9penses de sant\u00e9 les plus fr\u00e9quentes et on\u00e9reuses.conseille Olivier Moustacakis, cofondateur du comparateur en ligne Assurland. Il vous reste 59.58% de cet article \u00e0 lire. La suite est r\u00e9serv\u00e9e aux abonn\u00e9s.","robots":{"index":"noindex","follow":"follow","max-snippet":"max-snippet:-1","max-image-preview":"max-image-preview:large","max-video-preview":"max-video-preview:-1"},"og_locale":"fr_FR","og_type":"article","og_title":"Sant\u00e9\u00a0: quelle mutuelle pour quel profil\u00a0? - vof-news.eu","og_description":"Bien choisir sa mutuelle peut vite tourner au casse-t\u00eate, et, face \u00e0 l\u2019inflation des primes, tout le monde n\u2019a pas la m\u00eame libert\u00e9 d\u2019agir. Sauf exception, les salari\u00e9s b\u00e9n\u00e9ficient du contrat collectif de leur entreprise, qui prend en charge au moins la moiti\u00e9 des cotisations. Ce sont plut\u00f4t les travailleurs ind\u00e9pendants, les retrait\u00e9s, les \u00e9tudiants ou les sans-emploi qui ont int\u00e9r\u00eat \u00e0 r\u00e9\u00e9valuer leurs garanties. Et ce, d\u2019autant plus qu\u2019ils peuvent changer de mutuelle \u00e0 tout moment et sans p\u00e9nalit\u00e9s, \u00e0 condition que le contrat en cours ait plus d\u2019un an. Mais, tarif\u00e9s \u00e0 l\u2019\u00e2ge, les contrats individuels sont plus on\u00e9reux que les mutuelles d\u2019entreprise qui, elles, reposent sur une meilleure mutualisation des risques. Pas \u00e9tonnant, donc, que les retrait\u00e9s soient les premi\u00e8res victimes de la hausse des tarifs. , confirme Arthur Martiano, directeur g\u00e9n\u00e9ral du comparateur LeLynx.fr. Lister ses d\u00e9penses les plus fr\u00e9quentes L\u2019\u00e2ge est contraignant, mais la composition du foyer doit influencer le choix d\u2019une offre plut\u00f4t qu\u2019une autre. , souligne Arthur Martiano. Un d\u00e9m\u00e9nagement appelle aussi \u00e0 r\u00e9examiner ses garanties\u00a0: , pr\u00e9vient-il. Tous profils confondus, en\u00a02024, le montant moyen des cotisations \u00e9tait de 552\u00a0euros \u00e0 l\u2019ann\u00e9e en Bretagne, alors que la prime moyenne s\u2019\u00e9levait \u00e0 683\u00a0euros en Ile-de-France et m\u00eame 788\u00a0euros en Corse, d\u2019apr\u00e8s les chiffres de LeLynx.fr. Au-del\u00e0 de l\u2019\u00e2ge, de la composition du foyer et de la localit\u00e9, il convient de lister les d\u00e9penses de sant\u00e9 les plus fr\u00e9quentes et on\u00e9reuses.conseille Olivier Moustacakis, cofondateur du comparateur en ligne Assurland. Il vous reste 59.58% de cet article \u00e0 lire. La suite est r\u00e9serv\u00e9e aux abonn\u00e9s.","og_url":"https:\/\/vof-news.eu\/fr\/sante-quelle-mutuelle-pour-quel-profil\/","og_site_name":"vof-news.eu","article_published_time":"2025-07-08T04:30:36+00:00","article_modified_time":"2025-07-08T04:31:02+00:00","author":"Author","twitter_card":"summary_large_image","twitter_misc":{"\u00c9crit par":"Author","Dur\u00e9e de lecture estim\u00e9e":"1 minute"},"schema":{"@context":"https:\/\/schema.org","@graph":[{"@type":"WebPage","@id":"https:\/\/vof-news.eu\/fr\/sante-quelle-mutuelle-pour-quel-profil\/","url":"https:\/\/vof-news.eu\/fr\/sante-quelle-mutuelle-pour-quel-profil\/","name":"Sant\u00e9\u00a0: quelle mutuelle pour quel profil\u00a0? - vof-news.eu","isPartOf":{"@id":"https:\/\/vof-news.eu\/fr\/#website"},"datePublished":"2025-07-08T04:30:36+00:00","dateModified":"2025-07-08T04:31:02+00:00","author":{"@id":"https:\/\/vof-news.eu\/fr\/#\/schema\/person\/f6a2a4309f0561835797fd8c19b333ed"},"description":"Bien choisir sa mutuelle peut vite tourner au casse-t\u00eate, et, face \u00e0 l\u2019inflation des primes, tout le monde n\u2019a pas la m\u00eame libert\u00e9 d\u2019agir. Sauf exception, les salari\u00e9s b\u00e9n\u00e9ficient du contrat collectif de leur entreprise, qui prend en charge au moins la moiti\u00e9 des cotisations. Ce sont plut\u00f4t les travailleurs ind\u00e9pendants, les retrait\u00e9s, les \u00e9tudiants ou les sans-emploi qui ont int\u00e9r\u00eat \u00e0 r\u00e9\u00e9valuer leurs garanties. Et ce, d\u2019autant plus qu\u2019ils peuvent changer de mutuelle \u00e0 tout moment et sans p\u00e9nalit\u00e9s, \u00e0 condition que le contrat en cours ait plus d\u2019un an. Mais, tarif\u00e9s \u00e0 l\u2019\u00e2ge, les contrats individuels sont plus on\u00e9reux que les mutuelles d\u2019entreprise qui, elles, reposent sur une meilleure mutualisation des risques. Pas \u00e9tonnant, donc, que les retrait\u00e9s soient les premi\u00e8res victimes de la hausse des tarifs. , confirme Arthur Martiano, directeur g\u00e9n\u00e9ral du comparateur LeLynx.fr. Lister ses d\u00e9penses les plus fr\u00e9quentes L\u2019\u00e2ge est contraignant, mais la composition du foyer doit influencer le choix d\u2019une offre plut\u00f4t qu\u2019une autre. , souligne Arthur Martiano. Un d\u00e9m\u00e9nagement appelle aussi \u00e0 r\u00e9examiner ses garanties\u00a0: , pr\u00e9vient-il. Tous profils confondus, en\u00a02024, le montant moyen des cotisations \u00e9tait de 552\u00a0euros \u00e0 l\u2019ann\u00e9e en Bretagne, alors que la prime moyenne s\u2019\u00e9levait \u00e0 683\u00a0euros en Ile-de-France et m\u00eame 788\u00a0euros en Corse, d\u2019apr\u00e8s les chiffres de LeLynx.fr. Au-del\u00e0 de l\u2019\u00e2ge, de la composition du foyer et de la localit\u00e9, il convient de lister les d\u00e9penses de sant\u00e9 les plus fr\u00e9quentes et on\u00e9reuses.conseille Olivier Moustacakis, cofondateur du comparateur en ligne Assurland. Il vous reste 59.58% de cet article \u00e0 lire. La suite est r\u00e9serv\u00e9e aux abonn\u00e9s.","breadcrumb":{"@id":"https:\/\/vof-news.eu\/fr\/sante-quelle-mutuelle-pour-quel-profil\/#breadcrumb"},"inLanguage":"fr-FR","potentialAction":[{"@type":"ReadAction","target":["https:\/\/vof-news.eu\/fr\/sante-quelle-mutuelle-pour-quel-profil\/"]}]},{"@type":"BreadcrumbList","@id":"https:\/\/vof-news.eu\/fr\/sante-quelle-mutuelle-pour-quel-profil\/#breadcrumb","itemListElement":[{"@type":"ListItem","position":1,"name":"Home","item":"https:\/\/vof-news.eu\/fr\/"},{"@type":"ListItem","position":2,"name":"Sant\u00e9\u00a0: quelle mutuelle pour quel profil\u00a0?"}]},{"@type":"WebSite","@id":"https:\/\/vof-news.eu\/fr\/#website","url":"https:\/\/vof-news.eu\/fr\/","name":"vof-news.eu","description":"","potentialAction":[{"@type":"SearchAction","target":{"@type":"EntryPoint","urlTemplate":"https:\/\/vof-news.eu\/fr\/?s={search_term_string}"},"query-input":"required name=search_term_string"}],"inLanguage":"fr-FR"},{"@type":"Person","@id":"https:\/\/vof-news.eu\/fr\/#\/schema\/person\/f6a2a4309f0561835797fd8c19b333ed","name":"Author","image":{"@type":"ImageObject","inLanguage":"fr-FR","@id":"https:\/\/vof-news.eu\/fr\/#\/schema\/person\/image\/","url":"https:\/\/secure.gravatar.com\/avatar\/b67e614b1b25b3e9c0c239efdd2fde5ab015b5affd6f1c3c85911ca4b384e790?s=96&d=mm&r=g","contentUrl":"https:\/\/secure.gravatar.com\/avatar\/b67e614b1b25b3e9c0c239efdd2fde5ab015b5affd6f1c3c85911ca4b384e790?s=96&d=mm&r=g","caption":"Author"},"sameAs":["http:\/\/vof-news.eu"],"url":"https:\/\/vof-news.eu\/fr\/author\/zwt6qxnjulxbnyg\/"}]}},"yoast_meta":{"yoast_wpseo_title":"","yoast_wpseo_metadesc":"","yoast_wpseo_canonical":""},"_links":{"self":[{"href":"https:\/\/vof-news.eu\/fr\/wp-json\/wp\/v2\/posts\/249290","targetHints":{"allow":["GET"]}}],"collection":[{"href":"https:\/\/vof-news.eu\/fr\/wp-json\/wp\/v2\/posts"}],"about":[{"href":"https:\/\/vof-news.eu\/fr\/wp-json\/wp\/v2\/types\/post"}],"author":[{"embeddable":true,"href":"https:\/\/vof-news.eu\/fr\/wp-json\/wp\/v2\/users\/1"}],"replies":[{"embeddable":true,"href":"https:\/\/vof-news.eu\/fr\/wp-json\/wp\/v2\/comments?post=249290"}],"version-history":[{"count":1,"href":"https:\/\/vof-news.eu\/fr\/wp-json\/wp\/v2\/posts\/249290\/revisions"}],"predecessor-version":[{"id":249291,"href":"https:\/\/vof-news.eu\/fr\/wp-json\/wp\/v2\/posts\/249290\/revisions\/249291"}],"wp:attachment":[{"href":"https:\/\/vof-news.eu\/fr\/wp-json\/wp\/v2\/media?parent=249290"}],"wp:term":[{"taxonomy":"category","embeddable":true,"href":"https:\/\/vof-news.eu\/fr\/wp-json\/wp\/v2\/categories?post=249290"},{"taxonomy":"post_tag","embeddable":true,"href":"https:\/\/vof-news.eu\/fr\/wp-json\/wp\/v2\/tags?post=249290"}],"curies":[{"name":"wp","href":"https:\/\/api.w.org\/{rel}","templated":true}]}}