{"id":249232,"date":"2025-07-08T03:31:35","date_gmt":"2025-07-08T00:31:35","guid":{"rendered":"https:\/\/vof-news.eu\/affaire-jeffrey-epstein-le-ministere-de-la-justice-americain-et-le-fbi-ecartent-toute-nouvelle-revelation\/"},"modified":"2025-07-08T03:32:03","modified_gmt":"2025-07-08T00:32:03","slug":"affaire-jeffrey-epstein-le-ministere-de-la-justice-americain-et-le-fbi-ecartent-toute-nouvelle-revelation","status":"publish","type":"post","link":"https:\/\/vof-news.eu\/fr\/affaire-jeffrey-epstein-le-ministere-de-la-justice-americain-et-le-fbi-ecartent-toute-nouvelle-revelation\/","title":{"rendered":"Affaire Jeffrey Epstein\u00a0: le minist\u00e8re de la justice am\u00e9ricain et le FBI \u00e9cartent toute nouvelle r\u00e9v\u00e9lation"},"content":{"rendered":"<article>\n<p>Le minist\u00e8re am\u00e9ricain de la justice et le FBI ont annonc\u00e9, lundi 7\u00a0juillet, n\u2019avoir d\u00e9couvert aucun \u00e9l\u00e9ment nouveau dans le dossier du financier am\u00e9ricain Jeffrey Epstein, mort en prison avant d\u2019\u00eatre jug\u00e9 pour crimes sexuels, qui justifierait la publication de nouveaux documents.<\/p>\n<p>Dans un m\u00e9morandum conjoint, le minist\u00e8re et le FBI, la police f\u00e9d\u00e9rale, confirment le suicide en prison de Jeffrey Epstein et affirment n\u2019avoir d\u00e9couvert lors d\u2019un examen approfondi de la totalit\u00e9 du dossier ni  de son r\u00e9seau d\u2019exploitation sexuelle ni .<\/p>\n<p>La mort de Jeffrey Epstein, retrouv\u00e9 pendu dans sa cellule \u00e0 New York le 10\u00a0ao\u00fbt\u00a02019, a aliment\u00e9 d\u2019innombrables th\u00e9ories complotistes selon lesquelles il aurait \u00e9t\u00e9 assassin\u00e9 pour emp\u00eacher des r\u00e9v\u00e9lations embarrassantes pour toute une s\u00e9rie de personnalit\u00e9s de premier plan. Parmi ses nombreux contacts figuraient l\u2019ancien pr\u00e9sident Bill Clinton ou encore Donald Trump, sans qu\u2019aucun comportement ill\u00e9gal ou r\u00e9pr\u00e9hensible ne leur ait \u00e9t\u00e9 reproch\u00e9.<\/p>\n<p>Le milliardaire <a href=\"https:\/\/www.lemonde.fr\/international\/article\/2025\/06\/11\/elon-musk-regrette-d-etre-alle-trop-loin-dans-ses-critiques-contre-donald-trump_6612190_3210.html\" rel=\"nofollow\">Elon Musk y avait fait allusion en juin<\/a> au paroxysme de sa rupture publique avec Donald Trump, en d\u00e9clarant sur X que celui-ci apparaissait  et que c\u2019\u00e9tait  pour laquelle ce dossier n\u2019avait pas \u00e9t\u00e9 int\u00e9gralement rendu public. Un message qu\u2019il avait ensuite supprim\u00e9.<\/p>\n<section>   <\/section>\n<h2>\u00ab\u00a0Aucune publication suppl\u00e9mentaire ne serait appropri\u00e9e\u00a0\u00bb<\/h2>\n<p>Apr\u00e8s avoir pass\u00e9 en revue l\u2019ensemble des pi\u00e8ces du dossier, le minist\u00e8re et le FBI n\u2019ont , selon le m\u00e9morandum. , d\u00e9clarent-ils, soulignant que . En cons\u00e9quence, , selon le texte.<\/p>\n<p>Ils corroborent \u00e9galement la th\u00e8se du suicide en prison de Jeffrey Epstein, d\u00e9j\u00e0 \u00e9tablie par la m\u00e9decine l\u00e9gale et le FBI et confirm\u00e9e en\u00a02023 par le minist\u00e8re de la justice, citant notamment l\u2019analyse vid\u00e9o de la section de la prison o\u00f9 il \u00e9tait d\u00e9tenu.<\/p>\n<p>En f\u00e9vrier, la ministre de la justice am\u00e9ricaine, Pam Bondi, a rendu publics au nom de  de nombreux documents du dossier Epstein, qui ne contenaient aucune r\u00e9v\u00e9lation majeure.<\/p>\n<section>   <\/section>\n<p>La complice et compagne de Jeffrey Epstein, Ghislaine Maxwell, a \u00e9t\u00e9 condamn\u00e9e \u00e0 vingt ans de prison en juin\u00a02022 \u00e0 New York.<\/p>\n<section>\n<p> <span>Le Monde avec AFP<\/span> <\/p>\n<\/section>\n<section>\n<section>\n<header>   <\/header>\n<section>\n<section> <a href=\"https:\/\/abo.lemonde.fr\/?lmd_medium=BOUTONS_LMFR&amp;lmd_campaign=CONTRIBUTION_ARTICLE\" rel=\"nofollow\">S\u2019abonner<\/a> <\/section>\n<\/section>\n<section><\/section>\n<\/section>\n<p>Contribuer<\/p>\n<p> <a href=\"https:\/\/www.lemonde.fr\/syndication\/\" rel=\"nofollow\">R\u00e9utiliser ce contenu<\/a> <\/section>\n<\/article>\n","protected":false},"excerpt":{"rendered":"<p>Le minist\u00e8re am\u00e9ricain de la justice et le FBI ont annonc\u00e9, lundi 7\u00a0juillet, n\u2019avoir d\u00e9couvert aucun \u00e9l\u00e9ment nouveau dans le dossier du financier am\u00e9ricain Jeffrey Epstein, mort en prison avant d\u2019\u00eatre jug\u00e9 pour crimes sexuels, qui justifierait la publication de nouveaux documents. Dans un m\u00e9morandum conjoint, le minist\u00e8re et le FBI, la police f\u00e9d\u00e9rale, confirment<\/p>\n","protected":false},"author":1,"featured_media":249233,"comment_status":"open","ping_status":"open","sticky":false,"template":"","format":"standard","meta":{"footnotes":""},"categories":[53],"tags":[],"class_list":["post-249232","post","type-post","status-publish","format-standard","has-post-thumbnail","hentry","category-main-news-fr"],"acf":[],"yoast_head":"<!-- This site is optimized with the Yoast SEO plugin v22.9 - https:\/\/yoast.com\/wordpress\/plugins\/seo\/ -->\n<title>Affaire Jeffrey Epstein\u00a0: le minist\u00e8re de la justice am\u00e9ricain et le FBI \u00e9cartent toute nouvelle r\u00e9v\u00e9lation - vof-news.eu<\/title>\n<meta name=\"description\" content=\"Le minist\u00e8re am\u00e9ricain de la justice et le FBI ont annonc\u00e9, lundi 7\u00a0juillet, n\u2019avoir d\u00e9couvert aucun \u00e9l\u00e9ment nouveau dans le dossier du financier am\u00e9ricain Jeffrey Epstein, mort en prison avant d\u2019\u00eatre jug\u00e9 pour crimes sexuels, qui justifierait la publication de nouveaux documents. Dans un m\u00e9morandum conjoint, le minist\u00e8re et le FBI, la police f\u00e9d\u00e9rale, confirment le suicide en prison de Jeffrey Epstein et affirment n\u2019avoir d\u00e9couvert lors d\u2019un examen approfondi de la totalit\u00e9 du dossier ni de son r\u00e9seau d\u2019exploitation sexuelle ni . La mort de Jeffrey Epstein, retrouv\u00e9 pendu dans sa cellule \u00e0 New York le 10\u00a0ao\u00fbt\u00a02019, a aliment\u00e9 d\u2019innombrables th\u00e9ories complotistes selon lesquelles il aurait \u00e9t\u00e9 assassin\u00e9 pour emp\u00eacher des r\u00e9v\u00e9lations embarrassantes pour toute une s\u00e9rie de personnalit\u00e9s de premier plan. Parmi ses nombreux contacts figuraient l\u2019ancien pr\u00e9sident Bill Clinton ou encore Donald Trump, sans qu\u2019aucun comportement ill\u00e9gal ou r\u00e9pr\u00e9hensible ne leur ait \u00e9t\u00e9 reproch\u00e9. Le milliardaire Elon Musk y avait fait allusion en juin au paroxysme de sa rupture publique avec Donald Trump, en d\u00e9clarant sur X que celui-ci apparaissait et que c\u2019\u00e9tait pour laquelle ce dossier n\u2019avait pas \u00e9t\u00e9 int\u00e9gralement rendu public. Un message qu\u2019il avait ensuite supprim\u00e9.   \u00ab\u00a0Aucune publication suppl\u00e9mentaire ne serait appropri\u00e9e\u00a0\u00bb Apr\u00e8s avoir pass\u00e9 en revue l\u2019ensemble des pi\u00e8ces du dossier, le minist\u00e8re et le FBI n\u2019ont , selon le m\u00e9morandum. , d\u00e9clarent-ils, soulignant que . En cons\u00e9quence, , selon le texte. Ils corroborent \u00e9galement la th\u00e8se du suicide en prison de Jeffrey Epstein, d\u00e9j\u00e0 \u00e9tablie par la m\u00e9decine l\u00e9gale et le FBI et confirm\u00e9e en\u00a02023 par le minist\u00e8re de la justice, citant notamment l\u2019analyse vid\u00e9o de la section de la prison o\u00f9 il \u00e9tait d\u00e9tenu. En f\u00e9vrier, la ministre de la justice am\u00e9ricaine, Pam Bondi, a rendu publics au nom de de nombreux documents du dossier Epstein, qui ne contenaient aucune r\u00e9v\u00e9lation majeure.   La complice et compagne de Jeffrey Epstein, Ghislaine Maxwell, a \u00e9t\u00e9 condamn\u00e9e \u00e0 vingt ans de prison en juin\u00a02022 \u00e0 New York.  Le Monde avec AFP      S\u2019abonner   Contribuer R\u00e9utiliser ce contenu\" \/>\n<meta name=\"robots\" content=\"noindex, follow, max-snippet:-1, max-image-preview:large, max-video-preview:-1\" \/>\n<meta property=\"og:locale\" content=\"fr_FR\" \/>\n<meta property=\"og:type\" content=\"article\" \/>\n<meta property=\"og:title\" content=\"Affaire Jeffrey Epstein\u00a0: le minist\u00e8re de la justice am\u00e9ricain et le FBI \u00e9cartent toute nouvelle r\u00e9v\u00e9lation - vof-news.eu\" \/>\n<meta property=\"og:description\" content=\"Le minist\u00e8re am\u00e9ricain de la justice et le FBI ont annonc\u00e9, lundi 7\u00a0juillet, n\u2019avoir d\u00e9couvert aucun \u00e9l\u00e9ment nouveau dans le dossier du financier am\u00e9ricain Jeffrey Epstein, mort en prison avant d\u2019\u00eatre jug\u00e9 pour crimes sexuels, qui justifierait la publication de nouveaux documents. Dans un m\u00e9morandum conjoint, le minist\u00e8re et le FBI, la police f\u00e9d\u00e9rale, confirment le suicide en prison de Jeffrey Epstein et affirment n\u2019avoir d\u00e9couvert lors d\u2019un examen approfondi de la totalit\u00e9 du dossier ni de son r\u00e9seau d\u2019exploitation sexuelle ni . La mort de Jeffrey Epstein, retrouv\u00e9 pendu dans sa cellule \u00e0 New York le 10\u00a0ao\u00fbt\u00a02019, a aliment\u00e9 d\u2019innombrables th\u00e9ories complotistes selon lesquelles il aurait \u00e9t\u00e9 assassin\u00e9 pour emp\u00eacher des r\u00e9v\u00e9lations embarrassantes pour toute une s\u00e9rie de personnalit\u00e9s de premier plan. Parmi ses nombreux contacts figuraient l\u2019ancien pr\u00e9sident Bill Clinton ou encore Donald Trump, sans qu\u2019aucun comportement ill\u00e9gal ou r\u00e9pr\u00e9hensible ne leur ait \u00e9t\u00e9 reproch\u00e9. Le milliardaire Elon Musk y avait fait allusion en juin au paroxysme de sa rupture publique avec Donald Trump, en d\u00e9clarant sur X que celui-ci apparaissait et que c\u2019\u00e9tait pour laquelle ce dossier n\u2019avait pas \u00e9t\u00e9 int\u00e9gralement rendu public. Un message qu\u2019il avait ensuite supprim\u00e9.   \u00ab\u00a0Aucune publication suppl\u00e9mentaire ne serait appropri\u00e9e\u00a0\u00bb Apr\u00e8s avoir pass\u00e9 en revue l\u2019ensemble des pi\u00e8ces du dossier, le minist\u00e8re et le FBI n\u2019ont , selon le m\u00e9morandum. , d\u00e9clarent-ils, soulignant que . En cons\u00e9quence, , selon le texte. Ils corroborent \u00e9galement la th\u00e8se du suicide en prison de Jeffrey Epstein, d\u00e9j\u00e0 \u00e9tablie par la m\u00e9decine l\u00e9gale et le FBI et confirm\u00e9e en\u00a02023 par le minist\u00e8re de la justice, citant notamment l\u2019analyse vid\u00e9o de la section de la prison o\u00f9 il \u00e9tait d\u00e9tenu. En f\u00e9vrier, la ministre de la justice am\u00e9ricaine, Pam Bondi, a rendu publics au nom de de nombreux documents du dossier Epstein, qui ne contenaient aucune r\u00e9v\u00e9lation majeure.   La complice et compagne de Jeffrey Epstein, Ghislaine Maxwell, a \u00e9t\u00e9 condamn\u00e9e \u00e0 vingt ans de prison en juin\u00a02022 \u00e0 New York.  Le Monde avec AFP      S\u2019abonner   Contribuer R\u00e9utiliser ce contenu\" \/>\n<meta property=\"og:url\" content=\"https:\/\/vof-news.eu\/fr\/affaire-jeffrey-epstein-le-ministere-de-la-justice-americain-et-le-fbi-ecartent-toute-nouvelle-revelation\/\" \/>\n<meta property=\"og:site_name\" content=\"vof-news.eu\" \/>\n<meta property=\"article:published_time\" content=\"2025-07-08T00:31:35+00:00\" \/>\n<meta property=\"article:modified_time\" content=\"2025-07-08T00:32:03+00:00\" \/>\n<meta property=\"og:image\" content=\"https:\/\/vof-news.eu\/wp-content\/uploads\/2025\/07\/b014263_ftp-import-images-1-4tw2pet2xe6n-8c7d29d49e864bf282d06ee283727f61-0-ab48587e6ee04a15b86f7fdc4e710ee1.jpg\" \/>\n\t<meta property=\"og:image:width\" content=\"664\" \/>\n\t<meta property=\"og:image:height\" content=\"443\" \/>\n\t<meta property=\"og:image:type\" content=\"image\/jpeg\" \/>\n<meta name=\"author\" content=\"Author\" \/>\n<meta name=\"twitter:card\" content=\"summary_large_image\" \/>\n<meta name=\"twitter:label1\" content=\"\u00c9crit par\" \/>\n\t<meta name=\"twitter:data1\" content=\"Author\" \/>\n\t<meta name=\"twitter:label2\" content=\"Dur\u00e9e de lecture estim\u00e9e\" \/>\n\t<meta name=\"twitter:data2\" content=\"2 minutes\" \/>\n<script type=\"application\/ld+json\" class=\"yoast-schema-graph\">{\"@context\":\"https:\/\/schema.org\",\"@graph\":[{\"@type\":\"WebPage\",\"@id\":\"https:\/\/vof-news.eu\/fr\/affaire-jeffrey-epstein-le-ministere-de-la-justice-americain-et-le-fbi-ecartent-toute-nouvelle-revelation\/\",\"url\":\"https:\/\/vof-news.eu\/fr\/affaire-jeffrey-epstein-le-ministere-de-la-justice-americain-et-le-fbi-ecartent-toute-nouvelle-revelation\/\",\"name\":\"Affaire Jeffrey Epstein\u00a0: le minist\u00e8re de la justice am\u00e9ricain et le FBI \u00e9cartent toute nouvelle r\u00e9v\u00e9lation - vof-news.eu\",\"isPartOf\":{\"@id\":\"https:\/\/vof-news.eu\/fr\/#website\"},\"primaryImageOfPage\":{\"@id\":\"https:\/\/vof-news.eu\/fr\/affaire-jeffrey-epstein-le-ministere-de-la-justice-americain-et-le-fbi-ecartent-toute-nouvelle-revelation\/#primaryimage\"},\"image\":{\"@id\":\"https:\/\/vof-news.eu\/fr\/affaire-jeffrey-epstein-le-ministere-de-la-justice-americain-et-le-fbi-ecartent-toute-nouvelle-revelation\/#primaryimage\"},\"thumbnailUrl\":\"https:\/\/vof-news.eu\/wp-content\/uploads\/2025\/07\/b014263_ftp-import-images-1-4tw2pet2xe6n-8c7d29d49e864bf282d06ee283727f61-0-ab48587e6ee04a15b86f7fdc4e710ee1.jpg\",\"datePublished\":\"2025-07-08T00:31:35+00:00\",\"dateModified\":\"2025-07-08T00:32:03+00:00\",\"author\":{\"@id\":\"https:\/\/vof-news.eu\/fr\/#\/schema\/person\/f6a2a4309f0561835797fd8c19b333ed\"},\"description\":\"Le minist\u00e8re am\u00e9ricain de la justice et le FBI ont annonc\u00e9, lundi 7\u00a0juillet, n\u2019avoir d\u00e9couvert aucun \u00e9l\u00e9ment nouveau dans le dossier du financier am\u00e9ricain Jeffrey Epstein, mort en prison avant d\u2019\u00eatre jug\u00e9 pour crimes sexuels, qui justifierait la publication de nouveaux documents. Dans un m\u00e9morandum conjoint, le minist\u00e8re et le FBI, la police f\u00e9d\u00e9rale, confirment le suicide en prison de Jeffrey Epstein et affirment n\u2019avoir d\u00e9couvert lors d\u2019un examen approfondi de la totalit\u00e9 du dossier ni de son r\u00e9seau d\u2019exploitation sexuelle ni . La mort de Jeffrey Epstein, retrouv\u00e9 pendu dans sa cellule \u00e0 New York le 10\u00a0ao\u00fbt\u00a02019, a aliment\u00e9 d\u2019innombrables th\u00e9ories complotistes selon lesquelles il aurait \u00e9t\u00e9 assassin\u00e9 pour emp\u00eacher des r\u00e9v\u00e9lations embarrassantes pour toute une s\u00e9rie de personnalit\u00e9s de premier plan. Parmi ses nombreux contacts figuraient l\u2019ancien pr\u00e9sident Bill Clinton ou encore Donald Trump, sans qu\u2019aucun comportement ill\u00e9gal ou r\u00e9pr\u00e9hensible ne leur ait \u00e9t\u00e9 reproch\u00e9. Le milliardaire Elon Musk y avait fait allusion en juin au paroxysme de sa rupture publique avec Donald Trump, en d\u00e9clarant sur X que celui-ci apparaissait et que c\u2019\u00e9tait pour laquelle ce dossier n\u2019avait pas \u00e9t\u00e9 int\u00e9gralement rendu public. Un message qu\u2019il avait ensuite supprim\u00e9. \u00ab\u00a0Aucune publication suppl\u00e9mentaire ne serait appropri\u00e9e\u00a0\u00bb Apr\u00e8s avoir pass\u00e9 en revue l\u2019ensemble des pi\u00e8ces du dossier, le minist\u00e8re et le FBI n\u2019ont , selon le m\u00e9morandum. , d\u00e9clarent-ils, soulignant que . En cons\u00e9quence, , selon le texte. Ils corroborent \u00e9galement la th\u00e8se du suicide en prison de Jeffrey Epstein, d\u00e9j\u00e0 \u00e9tablie par la m\u00e9decine l\u00e9gale et le FBI et confirm\u00e9e en\u00a02023 par le minist\u00e8re de la justice, citant notamment l\u2019analyse vid\u00e9o de la section de la prison o\u00f9 il \u00e9tait d\u00e9tenu. En f\u00e9vrier, la ministre de la justice am\u00e9ricaine, Pam Bondi, a rendu publics au nom de de nombreux documents du dossier Epstein, qui ne contenaient aucune r\u00e9v\u00e9lation majeure. La complice et compagne de Jeffrey Epstein, Ghislaine Maxwell, a \u00e9t\u00e9 condamn\u00e9e \u00e0 vingt ans de prison en juin\u00a02022 \u00e0 New York. Le Monde avec AFP S\u2019abonner Contribuer R\u00e9utiliser ce contenu\",\"breadcrumb\":{\"@id\":\"https:\/\/vof-news.eu\/fr\/affaire-jeffrey-epstein-le-ministere-de-la-justice-americain-et-le-fbi-ecartent-toute-nouvelle-revelation\/#breadcrumb\"},\"inLanguage\":\"fr-FR\",\"potentialAction\":[{\"@type\":\"ReadAction\",\"target\":[\"https:\/\/vof-news.eu\/fr\/affaire-jeffrey-epstein-le-ministere-de-la-justice-americain-et-le-fbi-ecartent-toute-nouvelle-revelation\/\"]}]},{\"@type\":\"ImageObject\",\"inLanguage\":\"fr-FR\",\"@id\":\"https:\/\/vof-news.eu\/fr\/affaire-jeffrey-epstein-le-ministere-de-la-justice-americain-et-le-fbi-ecartent-toute-nouvelle-revelation\/#primaryimage\",\"url\":\"https:\/\/vof-news.eu\/wp-content\/uploads\/2025\/07\/b014263_ftp-import-images-1-4tw2pet2xe6n-8c7d29d49e864bf282d06ee283727f61-0-ab48587e6ee04a15b86f7fdc4e710ee1.jpg\",\"contentUrl\":\"https:\/\/vof-news.eu\/wp-content\/uploads\/2025\/07\/b014263_ftp-import-images-1-4tw2pet2xe6n-8c7d29d49e864bf282d06ee283727f61-0-ab48587e6ee04a15b86f7fdc4e710ee1.jpg\",\"width\":664,\"height\":443},{\"@type\":\"BreadcrumbList\",\"@id\":\"https:\/\/vof-news.eu\/fr\/affaire-jeffrey-epstein-le-ministere-de-la-justice-americain-et-le-fbi-ecartent-toute-nouvelle-revelation\/#breadcrumb\",\"itemListElement\":[{\"@type\":\"ListItem\",\"position\":1,\"name\":\"Home\",\"item\":\"https:\/\/vof-news.eu\/fr\/\"},{\"@type\":\"ListItem\",\"position\":2,\"name\":\"Affaire Jeffrey Epstein\u00a0: le minist\u00e8re de la justice am\u00e9ricain et le FBI \u00e9cartent toute nouvelle r\u00e9v\u00e9lation\"}]},{\"@type\":\"WebSite\",\"@id\":\"https:\/\/vof-news.eu\/fr\/#website\",\"url\":\"https:\/\/vof-news.eu\/fr\/\",\"name\":\"vof-news.eu\",\"description\":\"\",\"potentialAction\":[{\"@type\":\"SearchAction\",\"target\":{\"@type\":\"EntryPoint\",\"urlTemplate\":\"https:\/\/vof-news.eu\/fr\/?s={search_term_string}\"},\"query-input\":\"required name=search_term_string\"}],\"inLanguage\":\"fr-FR\"},{\"@type\":\"Person\",\"@id\":\"https:\/\/vof-news.eu\/fr\/#\/schema\/person\/f6a2a4309f0561835797fd8c19b333ed\",\"name\":\"Author\",\"image\":{\"@type\":\"ImageObject\",\"inLanguage\":\"fr-FR\",\"@id\":\"https:\/\/vof-news.eu\/fr\/#\/schema\/person\/image\/\",\"url\":\"https:\/\/secure.gravatar.com\/avatar\/b67e614b1b25b3e9c0c239efdd2fde5ab015b5affd6f1c3c85911ca4b384e790?s=96&d=mm&r=g\",\"contentUrl\":\"https:\/\/secure.gravatar.com\/avatar\/b67e614b1b25b3e9c0c239efdd2fde5ab015b5affd6f1c3c85911ca4b384e790?s=96&d=mm&r=g\",\"caption\":\"Author\"},\"sameAs\":[\"http:\/\/vof-news.eu\"],\"url\":\"https:\/\/vof-news.eu\/fr\/author\/zwt6qxnjulxbnyg\/\"}]}<\/script>\n<!-- \/ Yoast SEO plugin. -->","yoast_head_json":{"title":"Affaire Jeffrey Epstein\u00a0: le minist\u00e8re de la justice am\u00e9ricain et le FBI \u00e9cartent toute nouvelle r\u00e9v\u00e9lation - vof-news.eu","description":"Le minist\u00e8re am\u00e9ricain de la justice et le FBI ont annonc\u00e9, lundi 7\u00a0juillet, n\u2019avoir d\u00e9couvert aucun \u00e9l\u00e9ment nouveau dans le dossier du financier am\u00e9ricain Jeffrey Epstein, mort en prison avant d\u2019\u00eatre jug\u00e9 pour crimes sexuels, qui justifierait la publication de nouveaux documents. Dans un m\u00e9morandum conjoint, le minist\u00e8re et le FBI, la police f\u00e9d\u00e9rale, confirment le suicide en prison de Jeffrey Epstein et affirment n\u2019avoir d\u00e9couvert lors d\u2019un examen approfondi de la totalit\u00e9 du dossier ni de son r\u00e9seau d\u2019exploitation sexuelle ni . La mort de Jeffrey Epstein, retrouv\u00e9 pendu dans sa cellule \u00e0 New York le 10\u00a0ao\u00fbt\u00a02019, a aliment\u00e9 d\u2019innombrables th\u00e9ories complotistes selon lesquelles il aurait \u00e9t\u00e9 assassin\u00e9 pour emp\u00eacher des r\u00e9v\u00e9lations embarrassantes pour toute une s\u00e9rie de personnalit\u00e9s de premier plan. Parmi ses nombreux contacts figuraient l\u2019ancien pr\u00e9sident Bill Clinton ou encore Donald Trump, sans qu\u2019aucun comportement ill\u00e9gal ou r\u00e9pr\u00e9hensible ne leur ait \u00e9t\u00e9 reproch\u00e9. Le milliardaire Elon Musk y avait fait allusion en juin au paroxysme de sa rupture publique avec Donald Trump, en d\u00e9clarant sur X que celui-ci apparaissait et que c\u2019\u00e9tait pour laquelle ce dossier n\u2019avait pas \u00e9t\u00e9 int\u00e9gralement rendu public. Un message qu\u2019il avait ensuite supprim\u00e9.   \u00ab\u00a0Aucune publication suppl\u00e9mentaire ne serait appropri\u00e9e\u00a0\u00bb Apr\u00e8s avoir pass\u00e9 en revue l\u2019ensemble des pi\u00e8ces du dossier, le minist\u00e8re et le FBI n\u2019ont , selon le m\u00e9morandum. , d\u00e9clarent-ils, soulignant que . En cons\u00e9quence, , selon le texte. Ils corroborent \u00e9galement la th\u00e8se du suicide en prison de Jeffrey Epstein, d\u00e9j\u00e0 \u00e9tablie par la m\u00e9decine l\u00e9gale et le FBI et confirm\u00e9e en\u00a02023 par le minist\u00e8re de la justice, citant notamment l\u2019analyse vid\u00e9o de la section de la prison o\u00f9 il \u00e9tait d\u00e9tenu. En f\u00e9vrier, la ministre de la justice am\u00e9ricaine, Pam Bondi, a rendu publics au nom de de nombreux documents du dossier Epstein, qui ne contenaient aucune r\u00e9v\u00e9lation majeure.   La complice et compagne de Jeffrey Epstein, Ghislaine Maxwell, a \u00e9t\u00e9 condamn\u00e9e \u00e0 vingt ans de prison en juin\u00a02022 \u00e0 New York.  Le Monde avec AFP      S\u2019abonner   Contribuer R\u00e9utiliser ce contenu","robots":{"index":"noindex","follow":"follow","max-snippet":"max-snippet:-1","max-image-preview":"max-image-preview:large","max-video-preview":"max-video-preview:-1"},"og_locale":"fr_FR","og_type":"article","og_title":"Affaire Jeffrey Epstein\u00a0: le minist\u00e8re de la justice am\u00e9ricain et le FBI \u00e9cartent toute nouvelle r\u00e9v\u00e9lation - vof-news.eu","og_description":"Le minist\u00e8re am\u00e9ricain de la justice et le FBI ont annonc\u00e9, lundi 7\u00a0juillet, n\u2019avoir d\u00e9couvert aucun \u00e9l\u00e9ment nouveau dans le dossier du financier am\u00e9ricain Jeffrey Epstein, mort en prison avant d\u2019\u00eatre jug\u00e9 pour crimes sexuels, qui justifierait la publication de nouveaux documents. Dans un m\u00e9morandum conjoint, le minist\u00e8re et le FBI, la police f\u00e9d\u00e9rale, confirment le suicide en prison de Jeffrey Epstein et affirment n\u2019avoir d\u00e9couvert lors d\u2019un examen approfondi de la totalit\u00e9 du dossier ni de son r\u00e9seau d\u2019exploitation sexuelle ni . La mort de Jeffrey Epstein, retrouv\u00e9 pendu dans sa cellule \u00e0 New York le 10\u00a0ao\u00fbt\u00a02019, a aliment\u00e9 d\u2019innombrables th\u00e9ories complotistes selon lesquelles il aurait \u00e9t\u00e9 assassin\u00e9 pour emp\u00eacher des r\u00e9v\u00e9lations embarrassantes pour toute une s\u00e9rie de personnalit\u00e9s de premier plan. Parmi ses nombreux contacts figuraient l\u2019ancien pr\u00e9sident Bill Clinton ou encore Donald Trump, sans qu\u2019aucun comportement ill\u00e9gal ou r\u00e9pr\u00e9hensible ne leur ait \u00e9t\u00e9 reproch\u00e9. Le milliardaire Elon Musk y avait fait allusion en juin au paroxysme de sa rupture publique avec Donald Trump, en d\u00e9clarant sur X que celui-ci apparaissait et que c\u2019\u00e9tait pour laquelle ce dossier n\u2019avait pas \u00e9t\u00e9 int\u00e9gralement rendu public. Un message qu\u2019il avait ensuite supprim\u00e9.   \u00ab\u00a0Aucune publication suppl\u00e9mentaire ne serait appropri\u00e9e\u00a0\u00bb Apr\u00e8s avoir pass\u00e9 en revue l\u2019ensemble des pi\u00e8ces du dossier, le minist\u00e8re et le FBI n\u2019ont , selon le m\u00e9morandum. , d\u00e9clarent-ils, soulignant que . En cons\u00e9quence, , selon le texte. Ils corroborent \u00e9galement la th\u00e8se du suicide en prison de Jeffrey Epstein, d\u00e9j\u00e0 \u00e9tablie par la m\u00e9decine l\u00e9gale et le FBI et confirm\u00e9e en\u00a02023 par le minist\u00e8re de la justice, citant notamment l\u2019analyse vid\u00e9o de la section de la prison o\u00f9 il \u00e9tait d\u00e9tenu. En f\u00e9vrier, la ministre de la justice am\u00e9ricaine, Pam Bondi, a rendu publics au nom de de nombreux documents du dossier Epstein, qui ne contenaient aucune r\u00e9v\u00e9lation majeure.   La complice et compagne de Jeffrey Epstein, Ghislaine Maxwell, a \u00e9t\u00e9 condamn\u00e9e \u00e0 vingt ans de prison en juin\u00a02022 \u00e0 New York.  Le Monde avec AFP      S\u2019abonner   Contribuer R\u00e9utiliser ce contenu","og_url":"https:\/\/vof-news.eu\/fr\/affaire-jeffrey-epstein-le-ministere-de-la-justice-americain-et-le-fbi-ecartent-toute-nouvelle-revelation\/","og_site_name":"vof-news.eu","article_published_time":"2025-07-08T00:31:35+00:00","article_modified_time":"2025-07-08T00:32:03+00:00","og_image":[{"width":664,"height":443,"url":"https:\/\/vof-news.eu\/wp-content\/uploads\/2025\/07\/b014263_ftp-import-images-1-4tw2pet2xe6n-8c7d29d49e864bf282d06ee283727f61-0-ab48587e6ee04a15b86f7fdc4e710ee1.jpg","type":"image\/jpeg"}],"author":"Author","twitter_card":"summary_large_image","twitter_misc":{"\u00c9crit par":"Author","Dur\u00e9e de lecture estim\u00e9e":"2 minutes"},"schema":{"@context":"https:\/\/schema.org","@graph":[{"@type":"WebPage","@id":"https:\/\/vof-news.eu\/fr\/affaire-jeffrey-epstein-le-ministere-de-la-justice-americain-et-le-fbi-ecartent-toute-nouvelle-revelation\/","url":"https:\/\/vof-news.eu\/fr\/affaire-jeffrey-epstein-le-ministere-de-la-justice-americain-et-le-fbi-ecartent-toute-nouvelle-revelation\/","name":"Affaire Jeffrey Epstein\u00a0: le minist\u00e8re de la justice am\u00e9ricain et le FBI \u00e9cartent toute nouvelle r\u00e9v\u00e9lation - vof-news.eu","isPartOf":{"@id":"https:\/\/vof-news.eu\/fr\/#website"},"primaryImageOfPage":{"@id":"https:\/\/vof-news.eu\/fr\/affaire-jeffrey-epstein-le-ministere-de-la-justice-americain-et-le-fbi-ecartent-toute-nouvelle-revelation\/#primaryimage"},"image":{"@id":"https:\/\/vof-news.eu\/fr\/affaire-jeffrey-epstein-le-ministere-de-la-justice-americain-et-le-fbi-ecartent-toute-nouvelle-revelation\/#primaryimage"},"thumbnailUrl":"https:\/\/vof-news.eu\/wp-content\/uploads\/2025\/07\/b014263_ftp-import-images-1-4tw2pet2xe6n-8c7d29d49e864bf282d06ee283727f61-0-ab48587e6ee04a15b86f7fdc4e710ee1.jpg","datePublished":"2025-07-08T00:31:35+00:00","dateModified":"2025-07-08T00:32:03+00:00","author":{"@id":"https:\/\/vof-news.eu\/fr\/#\/schema\/person\/f6a2a4309f0561835797fd8c19b333ed"},"description":"Le minist\u00e8re am\u00e9ricain de la justice et le FBI ont annonc\u00e9, lundi 7\u00a0juillet, n\u2019avoir d\u00e9couvert aucun \u00e9l\u00e9ment nouveau dans le dossier du financier am\u00e9ricain Jeffrey Epstein, mort en prison avant d\u2019\u00eatre jug\u00e9 pour crimes sexuels, qui justifierait la publication de nouveaux documents. Dans un m\u00e9morandum conjoint, le minist\u00e8re et le FBI, la police f\u00e9d\u00e9rale, confirment le suicide en prison de Jeffrey Epstein et affirment n\u2019avoir d\u00e9couvert lors d\u2019un examen approfondi de la totalit\u00e9 du dossier ni de son r\u00e9seau d\u2019exploitation sexuelle ni . La mort de Jeffrey Epstein, retrouv\u00e9 pendu dans sa cellule \u00e0 New York le 10\u00a0ao\u00fbt\u00a02019, a aliment\u00e9 d\u2019innombrables th\u00e9ories complotistes selon lesquelles il aurait \u00e9t\u00e9 assassin\u00e9 pour emp\u00eacher des r\u00e9v\u00e9lations embarrassantes pour toute une s\u00e9rie de personnalit\u00e9s de premier plan. Parmi ses nombreux contacts figuraient l\u2019ancien pr\u00e9sident Bill Clinton ou encore Donald Trump, sans qu\u2019aucun comportement ill\u00e9gal ou r\u00e9pr\u00e9hensible ne leur ait \u00e9t\u00e9 reproch\u00e9. Le milliardaire Elon Musk y avait fait allusion en juin au paroxysme de sa rupture publique avec Donald Trump, en d\u00e9clarant sur X que celui-ci apparaissait et que c\u2019\u00e9tait pour laquelle ce dossier n\u2019avait pas \u00e9t\u00e9 int\u00e9gralement rendu public. Un message qu\u2019il avait ensuite supprim\u00e9. \u00ab\u00a0Aucune publication suppl\u00e9mentaire ne serait appropri\u00e9e\u00a0\u00bb Apr\u00e8s avoir pass\u00e9 en revue l\u2019ensemble des pi\u00e8ces du dossier, le minist\u00e8re et le FBI n\u2019ont , selon le m\u00e9morandum. , d\u00e9clarent-ils, soulignant que . En cons\u00e9quence, , selon le texte. Ils corroborent \u00e9galement la th\u00e8se du suicide en prison de Jeffrey Epstein, d\u00e9j\u00e0 \u00e9tablie par la m\u00e9decine l\u00e9gale et le FBI et confirm\u00e9e en\u00a02023 par le minist\u00e8re de la justice, citant notamment l\u2019analyse vid\u00e9o de la section de la prison o\u00f9 il \u00e9tait d\u00e9tenu. En f\u00e9vrier, la ministre de la justice am\u00e9ricaine, Pam Bondi, a rendu publics au nom de de nombreux documents du dossier Epstein, qui ne contenaient aucune r\u00e9v\u00e9lation majeure. La complice et compagne de Jeffrey Epstein, Ghislaine Maxwell, a \u00e9t\u00e9 condamn\u00e9e \u00e0 vingt ans de prison en juin\u00a02022 \u00e0 New York. Le Monde avec AFP S\u2019abonner Contribuer R\u00e9utiliser ce contenu","breadcrumb":{"@id":"https:\/\/vof-news.eu\/fr\/affaire-jeffrey-epstein-le-ministere-de-la-justice-americain-et-le-fbi-ecartent-toute-nouvelle-revelation\/#breadcrumb"},"inLanguage":"fr-FR","potentialAction":[{"@type":"ReadAction","target":["https:\/\/vof-news.eu\/fr\/affaire-jeffrey-epstein-le-ministere-de-la-justice-americain-et-le-fbi-ecartent-toute-nouvelle-revelation\/"]}]},{"@type":"ImageObject","inLanguage":"fr-FR","@id":"https:\/\/vof-news.eu\/fr\/affaire-jeffrey-epstein-le-ministere-de-la-justice-americain-et-le-fbi-ecartent-toute-nouvelle-revelation\/#primaryimage","url":"https:\/\/vof-news.eu\/wp-content\/uploads\/2025\/07\/b014263_ftp-import-images-1-4tw2pet2xe6n-8c7d29d49e864bf282d06ee283727f61-0-ab48587e6ee04a15b86f7fdc4e710ee1.jpg","contentUrl":"https:\/\/vof-news.eu\/wp-content\/uploads\/2025\/07\/b014263_ftp-import-images-1-4tw2pet2xe6n-8c7d29d49e864bf282d06ee283727f61-0-ab48587e6ee04a15b86f7fdc4e710ee1.jpg","width":664,"height":443},{"@type":"BreadcrumbList","@id":"https:\/\/vof-news.eu\/fr\/affaire-jeffrey-epstein-le-ministere-de-la-justice-americain-et-le-fbi-ecartent-toute-nouvelle-revelation\/#breadcrumb","itemListElement":[{"@type":"ListItem","position":1,"name":"Home","item":"https:\/\/vof-news.eu\/fr\/"},{"@type":"ListItem","position":2,"name":"Affaire Jeffrey Epstein\u00a0: le minist\u00e8re de la justice am\u00e9ricain et le FBI \u00e9cartent toute nouvelle r\u00e9v\u00e9lation"}]},{"@type":"WebSite","@id":"https:\/\/vof-news.eu\/fr\/#website","url":"https:\/\/vof-news.eu\/fr\/","name":"vof-news.eu","description":"","potentialAction":[{"@type":"SearchAction","target":{"@type":"EntryPoint","urlTemplate":"https:\/\/vof-news.eu\/fr\/?s={search_term_string}"},"query-input":"required name=search_term_string"}],"inLanguage":"fr-FR"},{"@type":"Person","@id":"https:\/\/vof-news.eu\/fr\/#\/schema\/person\/f6a2a4309f0561835797fd8c19b333ed","name":"Author","image":{"@type":"ImageObject","inLanguage":"fr-FR","@id":"https:\/\/vof-news.eu\/fr\/#\/schema\/person\/image\/","url":"https:\/\/secure.gravatar.com\/avatar\/b67e614b1b25b3e9c0c239efdd2fde5ab015b5affd6f1c3c85911ca4b384e790?s=96&d=mm&r=g","contentUrl":"https:\/\/secure.gravatar.com\/avatar\/b67e614b1b25b3e9c0c239efdd2fde5ab015b5affd6f1c3c85911ca4b384e790?s=96&d=mm&r=g","caption":"Author"},"sameAs":["http:\/\/vof-news.eu"],"url":"https:\/\/vof-news.eu\/fr\/author\/zwt6qxnjulxbnyg\/"}]}},"yoast_meta":{"yoast_wpseo_title":"","yoast_wpseo_metadesc":"","yoast_wpseo_canonical":""},"_links":{"self":[{"href":"https:\/\/vof-news.eu\/fr\/wp-json\/wp\/v2\/posts\/249232","targetHints":{"allow":["GET"]}}],"collection":[{"href":"https:\/\/vof-news.eu\/fr\/wp-json\/wp\/v2\/posts"}],"about":[{"href":"https:\/\/vof-news.eu\/fr\/wp-json\/wp\/v2\/types\/post"}],"author":[{"embeddable":true,"href":"https:\/\/vof-news.eu\/fr\/wp-json\/wp\/v2\/users\/1"}],"replies":[{"embeddable":true,"href":"https:\/\/vof-news.eu\/fr\/wp-json\/wp\/v2\/comments?post=249232"}],"version-history":[{"count":1,"href":"https:\/\/vof-news.eu\/fr\/wp-json\/wp\/v2\/posts\/249232\/revisions"}],"predecessor-version":[{"id":249239,"href":"https:\/\/vof-news.eu\/fr\/wp-json\/wp\/v2\/posts\/249232\/revisions\/249239"}],"wp:featuredmedia":[{"embeddable":true,"href":"https:\/\/vof-news.eu\/fr\/wp-json\/wp\/v2\/media\/249233"}],"wp:attachment":[{"href":"https:\/\/vof-news.eu\/fr\/wp-json\/wp\/v2\/media?parent=249232"}],"wp:term":[{"taxonomy":"category","embeddable":true,"href":"https:\/\/vof-news.eu\/fr\/wp-json\/wp\/v2\/categories?post=249232"},{"taxonomy":"post_tag","embeddable":true,"href":"https:\/\/vof-news.eu\/fr\/wp-json\/wp\/v2\/tags?post=249232"}],"curies":[{"name":"wp","href":"https:\/\/api.w.org\/{rel}","templated":true}]}}