{"id":249166,"date":"2025-07-07T23:30:09","date_gmt":"2025-07-07T20:30:09","guid":{"rendered":"https:\/\/vof-news.eu\/attentat-de-conde-sur-sarthe-michael-chiolo-le-principal-accuse-condamne-a-la-perpetuite-incompressible\/"},"modified":"2025-07-07T23:30:36","modified_gmt":"2025-07-07T20:30:36","slug":"attentat-de-conde-sur-sarthe-michael-chiolo-le-principal-accuse-condamne-a-la-perpetuite-incompressible","status":"publish","type":"post","link":"https:\/\/vof-news.eu\/fr\/attentat-de-conde-sur-sarthe-michael-chiolo-le-principal-accuse-condamne-a-la-perpetuite-incompressible\/","title":{"rendered":"Attentat de Cond\u00e9-sur-Sarthe\u00a0: Micha\u00ebl Chiolo, le principal accus\u00e9, condamn\u00e9 \u00e0 la perp\u00e9tuit\u00e9 incompressible"},"content":{"rendered":"<article>\n<p>Micha\u00ebl Chiolo, principal accus\u00e9 du proc\u00e8s de l\u2019attentat au couteau contre deux surveillants de la prison de Cond\u00e9-sur-Sarthe (Orne), le 5\u00a0mars\u00a02019, a \u00e9t\u00e9 condamn\u00e9, lundi 7\u00a0juillet, par la cour d\u2019assises sp\u00e9ciale de Paris, \u00e0 la perp\u00e9tuit\u00e9 incompressible \u2013 la plus lourde peine pr\u00e9vue par le code p\u00e9nal fran\u00e7ais. Une condamnation conforme \u00e0 celle requise contre le Mosellan de 33\u00a0ans, <a href=\"https:\/\/www.lemonde.fr\/societe\/article\/2025\/06\/19\/au-proces-de-l-attentat-djihadiste-de-conde-sur-sarthe-la-colere-enfouie-d-un-accuse-en-quete-de-radicalite_6614645_3224.html\" rel=\"nofollow\">ex-sympathisant n\u00e9onazi et d\u00e9linquant de droit commun radicalis\u00e9 en prison<\/a>.<\/p>\n<section>   <\/section>\n<p>Le 5\u00a0mars\u00a02019, Micha\u00ebl Chilio et sa compagne, Hanane Aboulhana, qui lui rendait visite, avaient gri\u00e8vement bless\u00e9 deux surveillants avec deux couteaux en c\u00e9ramique dans l\u2019enceinte de la prison. Le couple s\u2019\u00e9tait ensuite retranch\u00e9 pendant pr\u00e8s de dix heures dans l\u2019unit\u00e9 de vie familiale de l\u2019\u00e9tablissement. Apr\u00e8s plusieurs tentatives de n\u00e9gociation, les forces d\u2019intervention de la police avaient lanc\u00e9 l\u2019assaut, blessant Micha\u00ebl Chiolo et tuant Hanane Aboulhana, 34\u00a0ans.<\/p>\n<h2>Un acte revendiqu\u00e9<\/h2>\n<p>Tout au long de son proc\u00e8s, Micha\u00ebl Chiolo, jug\u00e9 pour tentative d\u2019assassinat et qui revendique pleinement son acte en le justifiant par son engagement djihadiste et son ressentiment \u00e0 l\u2019\u00e9gard de l\u2019administration p\u00e9nitentiaire, <a href=\"https:\/\/www.lemonde.fr\/societe\/article\/2025\/06\/28\/au-proces-de-l-attentat-de-conde-sur-sarthe-les-menaces-de-l-accuse-si-je-tenais-un-couteau-vous-ne-me-parleriez-pas-comme-ca_6616251_3224.html\" rel=\"nofollow\">n\u2019a cess\u00e9 d\u2019\u00eatre dans la provocation<\/a>.<\/p>\n<p>Il a ainsi affirm\u00e9  les exactions de l\u2019Etat islamique. Invit\u00e9 \u00e0 prendre la parole avant que la cour ne se retire pour d\u00e9lib\u00e9rer, Micha\u00ebl Chiolo a choisi le silence apr\u00e8s  [ses].<\/p>\n<p>, a plaid\u00e9 vendredi l\u2019un de ses avocats, Romain Ruiz. , a notamment affirm\u00e9 l\u2019avocat en demandant \u00e0 la cour si elle entendait juger son client , et lui demandant .<\/p>\n<p>A ce jour, seuls deux hommes ex\u00e9cutent une peine de perp\u00e9tuit\u00e9 incompressible en France\u00a0: <a href=\"https:\/\/www.lemonde.fr\/societe\/article\/2022\/06\/29\/attentats-du-13-novembre-salah-abdeslam-condamne-a-la-prison-a-vie-des-peines-de-quatre-ans-a-la-perpetuite-pour-les-autres-accuses_6132628_3224.html\" rel=\"nofollow\">Salah Abdeslam, l\u2019un des auteurs des attentats du 13\u00a0novembre\u00a02015<\/a>, et <a href=\"https:\/\/www.lemonde.fr\/societe\/article\/2025\/02\/26\/attentat-de-la-basilique-de-nice-brahim-aouissaoui-condamne-a-la-perpetuite-incompressible_6565691_3224.html\" rel=\"nofollow\">Brahim Aouissaoui, l\u2019auteur de l\u2019attentat de la basilique de Nice<\/a>, le 29\u00a0octobre\u00a02020.<\/p>\n<section>   <\/section>\n<section>\n<p> <span>Le Monde avec AFP<\/span> <\/p>\n<\/section>\n<section>\n<section>\n<header>   <\/header>\n<section>\n<section> <a href=\"https:\/\/abo.lemonde.fr\/?lmd_medium=BOUTONS_LMFR&amp;lmd_campaign=CONTRIBUTION_ARTICLE\" rel=\"nofollow\">S\u2019abonner<\/a> <\/section>\n<\/section>\n<section><\/section>\n<\/section>\n<p>Contribuer<\/p>\n<p> <a href=\"https:\/\/www.lemonde.fr\/syndication\/\" rel=\"nofollow\">R\u00e9utiliser ce contenu<\/a> <\/section>\n<\/article>\n","protected":false},"excerpt":{"rendered":"<p>Micha\u00ebl Chiolo, principal accus\u00e9 du proc\u00e8s de l\u2019attentat au couteau contre deux surveillants de la prison de Cond\u00e9-sur-Sarthe (Orne), le 5\u00a0mars\u00a02019, a \u00e9t\u00e9 condamn\u00e9, lundi 7\u00a0juillet, par la cour d\u2019assises sp\u00e9ciale de Paris, \u00e0 la perp\u00e9tuit\u00e9 incompressible \u2013 la plus lourde peine pr\u00e9vue par le code p\u00e9nal fran\u00e7ais. Une condamnation conforme \u00e0 celle requise contre<\/p>\n","protected":false},"author":1,"featured_media":249167,"comment_status":"open","ping_status":"open","sticky":false,"template":"","format":"standard","meta":{"footnotes":""},"categories":[53],"tags":[],"class_list":["post-249166","post","type-post","status-publish","format-standard","has-post-thumbnail","hentry","category-main-news-fr"],"acf":[],"yoast_head":"<!-- This site is optimized with the Yoast SEO plugin v22.9 - https:\/\/yoast.com\/wordpress\/plugins\/seo\/ -->\n<title>Attentat de Cond\u00e9-sur-Sarthe\u00a0: Micha\u00ebl Chiolo, le principal accus\u00e9, condamn\u00e9 \u00e0 la perp\u00e9tuit\u00e9 incompressible - vof-news.eu<\/title>\n<meta name=\"description\" content=\"Micha\u00ebl Chiolo, principal accus\u00e9 du proc\u00e8s de l\u2019attentat au couteau contre deux surveillants de la prison de Cond\u00e9-sur-Sarthe (Orne), le 5\u00a0mars\u00a02019, a \u00e9t\u00e9 condamn\u00e9, lundi 7\u00a0juillet, par la cour d\u2019assises sp\u00e9ciale de Paris, \u00e0 la perp\u00e9tuit\u00e9 incompressible \u2013 la plus lourde peine pr\u00e9vue par le code p\u00e9nal fran\u00e7ais. Une condamnation conforme \u00e0 celle requise contre le Mosellan de 33\u00a0ans, ex-sympathisant n\u00e9onazi et d\u00e9linquant de droit commun radicalis\u00e9 en prison.   Le 5\u00a0mars\u00a02019, Micha\u00ebl Chilio et sa compagne, Hanane Aboulhana, qui lui rendait visite, avaient gri\u00e8vement bless\u00e9 deux surveillants avec deux couteaux en c\u00e9ramique dans l\u2019enceinte de la prison. Le couple s\u2019\u00e9tait ensuite retranch\u00e9 pendant pr\u00e8s de dix heures dans l\u2019unit\u00e9 de vie familiale de l\u2019\u00e9tablissement. Apr\u00e8s plusieurs tentatives de n\u00e9gociation, les forces d\u2019intervention de la police avaient lanc\u00e9 l\u2019assaut, blessant Micha\u00ebl Chiolo et tuant Hanane Aboulhana, 34\u00a0ans. Un acte revendiqu\u00e9 Tout au long de son proc\u00e8s, Micha\u00ebl Chiolo, jug\u00e9 pour tentative d\u2019assassinat et qui revendique pleinement son acte en le justifiant par son engagement djihadiste et son ressentiment \u00e0 l\u2019\u00e9gard de l\u2019administration p\u00e9nitentiaire, n\u2019a cess\u00e9 d\u2019\u00eatre dans la provocation. Il a ainsi affirm\u00e9 les exactions de l\u2019Etat islamique. Invit\u00e9 \u00e0 prendre la parole avant que la cour ne se retire pour d\u00e9lib\u00e9rer, Micha\u00ebl Chiolo a choisi le silence apr\u00e8s [ses]. , a plaid\u00e9 vendredi l\u2019un de ses avocats, Romain Ruiz. , a notamment affirm\u00e9 l\u2019avocat en demandant \u00e0 la cour si elle entendait juger son client , et lui demandant . A ce jour, seuls deux hommes ex\u00e9cutent une peine de perp\u00e9tuit\u00e9 incompressible en France\u00a0: Salah Abdeslam, l\u2019un des auteurs des attentats du 13\u00a0novembre\u00a02015, et Brahim Aouissaoui, l\u2019auteur de l\u2019attentat de la basilique de Nice, le 29\u00a0octobre\u00a02020.    Le Monde avec AFP      S\u2019abonner   Contribuer R\u00e9utiliser ce contenu\" \/>\n<meta name=\"robots\" content=\"noindex, follow, max-snippet:-1, max-image-preview:large, max-video-preview:-1\" \/>\n<meta property=\"og:locale\" content=\"fr_FR\" \/>\n<meta property=\"og:type\" content=\"article\" \/>\n<meta property=\"og:title\" content=\"Attentat de Cond\u00e9-sur-Sarthe\u00a0: Micha\u00ebl Chiolo, le principal accus\u00e9, condamn\u00e9 \u00e0 la perp\u00e9tuit\u00e9 incompressible - vof-news.eu\" \/>\n<meta property=\"og:description\" content=\"Micha\u00ebl Chiolo, principal accus\u00e9 du proc\u00e8s de l\u2019attentat au couteau contre deux surveillants de la prison de Cond\u00e9-sur-Sarthe (Orne), le 5\u00a0mars\u00a02019, a \u00e9t\u00e9 condamn\u00e9, lundi 7\u00a0juillet, par la cour d\u2019assises sp\u00e9ciale de Paris, \u00e0 la perp\u00e9tuit\u00e9 incompressible \u2013 la plus lourde peine pr\u00e9vue par le code p\u00e9nal fran\u00e7ais. Une condamnation conforme \u00e0 celle requise contre le Mosellan de 33\u00a0ans, ex-sympathisant n\u00e9onazi et d\u00e9linquant de droit commun radicalis\u00e9 en prison.   Le 5\u00a0mars\u00a02019, Micha\u00ebl Chilio et sa compagne, Hanane Aboulhana, qui lui rendait visite, avaient gri\u00e8vement bless\u00e9 deux surveillants avec deux couteaux en c\u00e9ramique dans l\u2019enceinte de la prison. Le couple s\u2019\u00e9tait ensuite retranch\u00e9 pendant pr\u00e8s de dix heures dans l\u2019unit\u00e9 de vie familiale de l\u2019\u00e9tablissement. Apr\u00e8s plusieurs tentatives de n\u00e9gociation, les forces d\u2019intervention de la police avaient lanc\u00e9 l\u2019assaut, blessant Micha\u00ebl Chiolo et tuant Hanane Aboulhana, 34\u00a0ans. Un acte revendiqu\u00e9 Tout au long de son proc\u00e8s, Micha\u00ebl Chiolo, jug\u00e9 pour tentative d\u2019assassinat et qui revendique pleinement son acte en le justifiant par son engagement djihadiste et son ressentiment \u00e0 l\u2019\u00e9gard de l\u2019administration p\u00e9nitentiaire, n\u2019a cess\u00e9 d\u2019\u00eatre dans la provocation. Il a ainsi affirm\u00e9 les exactions de l\u2019Etat islamique. Invit\u00e9 \u00e0 prendre la parole avant que la cour ne se retire pour d\u00e9lib\u00e9rer, Micha\u00ebl Chiolo a choisi le silence apr\u00e8s [ses]. , a plaid\u00e9 vendredi l\u2019un de ses avocats, Romain Ruiz. , a notamment affirm\u00e9 l\u2019avocat en demandant \u00e0 la cour si elle entendait juger son client , et lui demandant . A ce jour, seuls deux hommes ex\u00e9cutent une peine de perp\u00e9tuit\u00e9 incompressible en France\u00a0: Salah Abdeslam, l\u2019un des auteurs des attentats du 13\u00a0novembre\u00a02015, et Brahim Aouissaoui, l\u2019auteur de l\u2019attentat de la basilique de Nice, le 29\u00a0octobre\u00a02020.    Le Monde avec AFP      S\u2019abonner   Contribuer R\u00e9utiliser ce contenu\" \/>\n<meta property=\"og:url\" content=\"https:\/\/vof-news.eu\/fr\/attentat-de-conde-sur-sarthe-michael-chiolo-le-principal-accuse-condamne-a-la-perpetuite-incompressible\/\" \/>\n<meta property=\"og:site_name\" content=\"vof-news.eu\" \/>\n<meta property=\"article:published_time\" content=\"2025-07-07T20:30:09+00:00\" \/>\n<meta property=\"article:modified_time\" content=\"2025-07-07T20:30:36+00:00\" \/>\n<meta property=\"og:image\" content=\"https:\/\/vof-news.eu\/wp-content\/uploads\/2025\/07\/d42e35e_ftp-import-images-1-7up35vsx6rb6-5332556-01-06.jpg\" \/>\n\t<meta property=\"og:image:width\" content=\"664\" \/>\n\t<meta property=\"og:image:height\" content=\"443\" \/>\n\t<meta property=\"og:image:type\" content=\"image\/jpeg\" \/>\n<meta name=\"author\" content=\"Author\" \/>\n<meta name=\"twitter:card\" content=\"summary_large_image\" \/>\n<meta name=\"twitter:label1\" content=\"\u00c9crit par\" \/>\n\t<meta name=\"twitter:data1\" content=\"Author\" \/>\n\t<meta name=\"twitter:label2\" content=\"Dur\u00e9e de lecture estim\u00e9e\" \/>\n\t<meta name=\"twitter:data2\" content=\"2 minutes\" \/>\n<script type=\"application\/ld+json\" class=\"yoast-schema-graph\">{\"@context\":\"https:\/\/schema.org\",\"@graph\":[{\"@type\":\"WebPage\",\"@id\":\"https:\/\/vof-news.eu\/fr\/attentat-de-conde-sur-sarthe-michael-chiolo-le-principal-accuse-condamne-a-la-perpetuite-incompressible\/\",\"url\":\"https:\/\/vof-news.eu\/fr\/attentat-de-conde-sur-sarthe-michael-chiolo-le-principal-accuse-condamne-a-la-perpetuite-incompressible\/\",\"name\":\"Attentat de Cond\u00e9-sur-Sarthe\u00a0: Micha\u00ebl Chiolo, le principal accus\u00e9, condamn\u00e9 \u00e0 la perp\u00e9tuit\u00e9 incompressible - vof-news.eu\",\"isPartOf\":{\"@id\":\"https:\/\/vof-news.eu\/fr\/#website\"},\"primaryImageOfPage\":{\"@id\":\"https:\/\/vof-news.eu\/fr\/attentat-de-conde-sur-sarthe-michael-chiolo-le-principal-accuse-condamne-a-la-perpetuite-incompressible\/#primaryimage\"},\"image\":{\"@id\":\"https:\/\/vof-news.eu\/fr\/attentat-de-conde-sur-sarthe-michael-chiolo-le-principal-accuse-condamne-a-la-perpetuite-incompressible\/#primaryimage\"},\"thumbnailUrl\":\"https:\/\/vof-news.eu\/wp-content\/uploads\/2025\/07\/d42e35e_ftp-import-images-1-7up35vsx6rb6-5332556-01-06.jpg\",\"datePublished\":\"2025-07-07T20:30:09+00:00\",\"dateModified\":\"2025-07-07T20:30:36+00:00\",\"author\":{\"@id\":\"https:\/\/vof-news.eu\/fr\/#\/schema\/person\/f6a2a4309f0561835797fd8c19b333ed\"},\"description\":\"Micha\u00ebl Chiolo, principal accus\u00e9 du proc\u00e8s de l\u2019attentat au couteau contre deux surveillants de la prison de Cond\u00e9-sur-Sarthe (Orne), le 5\u00a0mars\u00a02019, a \u00e9t\u00e9 condamn\u00e9, lundi 7\u00a0juillet, par la cour d\u2019assises sp\u00e9ciale de Paris, \u00e0 la perp\u00e9tuit\u00e9 incompressible \u2013 la plus lourde peine pr\u00e9vue par le code p\u00e9nal fran\u00e7ais. Une condamnation conforme \u00e0 celle requise contre le Mosellan de 33\u00a0ans, ex-sympathisant n\u00e9onazi et d\u00e9linquant de droit commun radicalis\u00e9 en prison. Le 5\u00a0mars\u00a02019, Micha\u00ebl Chilio et sa compagne, Hanane Aboulhana, qui lui rendait visite, avaient gri\u00e8vement bless\u00e9 deux surveillants avec deux couteaux en c\u00e9ramique dans l\u2019enceinte de la prison. Le couple s\u2019\u00e9tait ensuite retranch\u00e9 pendant pr\u00e8s de dix heures dans l\u2019unit\u00e9 de vie familiale de l\u2019\u00e9tablissement. Apr\u00e8s plusieurs tentatives de n\u00e9gociation, les forces d\u2019intervention de la police avaient lanc\u00e9 l\u2019assaut, blessant Micha\u00ebl Chiolo et tuant Hanane Aboulhana, 34\u00a0ans. Un acte revendiqu\u00e9 Tout au long de son proc\u00e8s, Micha\u00ebl Chiolo, jug\u00e9 pour tentative d\u2019assassinat et qui revendique pleinement son acte en le justifiant par son engagement djihadiste et son ressentiment \u00e0 l\u2019\u00e9gard de l\u2019administration p\u00e9nitentiaire, n\u2019a cess\u00e9 d\u2019\u00eatre dans la provocation. Il a ainsi affirm\u00e9 les exactions de l\u2019Etat islamique. Invit\u00e9 \u00e0 prendre la parole avant que la cour ne se retire pour d\u00e9lib\u00e9rer, Micha\u00ebl Chiolo a choisi le silence apr\u00e8s [ses]. , a plaid\u00e9 vendredi l\u2019un de ses avocats, Romain Ruiz. , a notamment affirm\u00e9 l\u2019avocat en demandant \u00e0 la cour si elle entendait juger son client , et lui demandant . A ce jour, seuls deux hommes ex\u00e9cutent une peine de perp\u00e9tuit\u00e9 incompressible en France\u00a0: Salah Abdeslam, l\u2019un des auteurs des attentats du 13\u00a0novembre\u00a02015, et Brahim Aouissaoui, l\u2019auteur de l\u2019attentat de la basilique de Nice, le 29\u00a0octobre\u00a02020. Le Monde avec AFP S\u2019abonner Contribuer R\u00e9utiliser ce contenu\",\"breadcrumb\":{\"@id\":\"https:\/\/vof-news.eu\/fr\/attentat-de-conde-sur-sarthe-michael-chiolo-le-principal-accuse-condamne-a-la-perpetuite-incompressible\/#breadcrumb\"},\"inLanguage\":\"fr-FR\",\"potentialAction\":[{\"@type\":\"ReadAction\",\"target\":[\"https:\/\/vof-news.eu\/fr\/attentat-de-conde-sur-sarthe-michael-chiolo-le-principal-accuse-condamne-a-la-perpetuite-incompressible\/\"]}]},{\"@type\":\"ImageObject\",\"inLanguage\":\"fr-FR\",\"@id\":\"https:\/\/vof-news.eu\/fr\/attentat-de-conde-sur-sarthe-michael-chiolo-le-principal-accuse-condamne-a-la-perpetuite-incompressible\/#primaryimage\",\"url\":\"https:\/\/vof-news.eu\/wp-content\/uploads\/2025\/07\/d42e35e_ftp-import-images-1-7up35vsx6rb6-5332556-01-06.jpg\",\"contentUrl\":\"https:\/\/vof-news.eu\/wp-content\/uploads\/2025\/07\/d42e35e_ftp-import-images-1-7up35vsx6rb6-5332556-01-06.jpg\",\"width\":664,\"height\":443},{\"@type\":\"BreadcrumbList\",\"@id\":\"https:\/\/vof-news.eu\/fr\/attentat-de-conde-sur-sarthe-michael-chiolo-le-principal-accuse-condamne-a-la-perpetuite-incompressible\/#breadcrumb\",\"itemListElement\":[{\"@type\":\"ListItem\",\"position\":1,\"name\":\"Home\",\"item\":\"https:\/\/vof-news.eu\/fr\/\"},{\"@type\":\"ListItem\",\"position\":2,\"name\":\"Attentat de Cond\u00e9-sur-Sarthe\u00a0: Micha\u00ebl Chiolo, le principal accus\u00e9, condamn\u00e9 \u00e0 la perp\u00e9tuit\u00e9 incompressible\"}]},{\"@type\":\"WebSite\",\"@id\":\"https:\/\/vof-news.eu\/fr\/#website\",\"url\":\"https:\/\/vof-news.eu\/fr\/\",\"name\":\"vof-news.eu\",\"description\":\"\",\"potentialAction\":[{\"@type\":\"SearchAction\",\"target\":{\"@type\":\"EntryPoint\",\"urlTemplate\":\"https:\/\/vof-news.eu\/fr\/?s={search_term_string}\"},\"query-input\":\"required name=search_term_string\"}],\"inLanguage\":\"fr-FR\"},{\"@type\":\"Person\",\"@id\":\"https:\/\/vof-news.eu\/fr\/#\/schema\/person\/f6a2a4309f0561835797fd8c19b333ed\",\"name\":\"Author\",\"image\":{\"@type\":\"ImageObject\",\"inLanguage\":\"fr-FR\",\"@id\":\"https:\/\/vof-news.eu\/fr\/#\/schema\/person\/image\/\",\"url\":\"https:\/\/secure.gravatar.com\/avatar\/b67e614b1b25b3e9c0c239efdd2fde5ab015b5affd6f1c3c85911ca4b384e790?s=96&d=mm&r=g\",\"contentUrl\":\"https:\/\/secure.gravatar.com\/avatar\/b67e614b1b25b3e9c0c239efdd2fde5ab015b5affd6f1c3c85911ca4b384e790?s=96&d=mm&r=g\",\"caption\":\"Author\"},\"sameAs\":[\"http:\/\/vof-news.eu\"],\"url\":\"https:\/\/vof-news.eu\/fr\/author\/zwt6qxnjulxbnyg\/\"}]}<\/script>\n<!-- \/ Yoast SEO plugin. -->","yoast_head_json":{"title":"Attentat de Cond\u00e9-sur-Sarthe\u00a0: Micha\u00ebl Chiolo, le principal accus\u00e9, condamn\u00e9 \u00e0 la perp\u00e9tuit\u00e9 incompressible - vof-news.eu","description":"Micha\u00ebl Chiolo, principal accus\u00e9 du proc\u00e8s de l\u2019attentat au couteau contre deux surveillants de la prison de Cond\u00e9-sur-Sarthe (Orne), le 5\u00a0mars\u00a02019, a \u00e9t\u00e9 condamn\u00e9, lundi 7\u00a0juillet, par la cour d\u2019assises sp\u00e9ciale de Paris, \u00e0 la perp\u00e9tuit\u00e9 incompressible \u2013 la plus lourde peine pr\u00e9vue par le code p\u00e9nal fran\u00e7ais. Une condamnation conforme \u00e0 celle requise contre le Mosellan de 33\u00a0ans, ex-sympathisant n\u00e9onazi et d\u00e9linquant de droit commun radicalis\u00e9 en prison.   Le 5\u00a0mars\u00a02019, Micha\u00ebl Chilio et sa compagne, Hanane Aboulhana, qui lui rendait visite, avaient gri\u00e8vement bless\u00e9 deux surveillants avec deux couteaux en c\u00e9ramique dans l\u2019enceinte de la prison. Le couple s\u2019\u00e9tait ensuite retranch\u00e9 pendant pr\u00e8s de dix heures dans l\u2019unit\u00e9 de vie familiale de l\u2019\u00e9tablissement. Apr\u00e8s plusieurs tentatives de n\u00e9gociation, les forces d\u2019intervention de la police avaient lanc\u00e9 l\u2019assaut, blessant Micha\u00ebl Chiolo et tuant Hanane Aboulhana, 34\u00a0ans. Un acte revendiqu\u00e9 Tout au long de son proc\u00e8s, Micha\u00ebl Chiolo, jug\u00e9 pour tentative d\u2019assassinat et qui revendique pleinement son acte en le justifiant par son engagement djihadiste et son ressentiment \u00e0 l\u2019\u00e9gard de l\u2019administration p\u00e9nitentiaire, n\u2019a cess\u00e9 d\u2019\u00eatre dans la provocation. Il a ainsi affirm\u00e9 les exactions de l\u2019Etat islamique. Invit\u00e9 \u00e0 prendre la parole avant que la cour ne se retire pour d\u00e9lib\u00e9rer, Micha\u00ebl Chiolo a choisi le silence apr\u00e8s [ses]. , a plaid\u00e9 vendredi l\u2019un de ses avocats, Romain Ruiz. , a notamment affirm\u00e9 l\u2019avocat en demandant \u00e0 la cour si elle entendait juger son client , et lui demandant . A ce jour, seuls deux hommes ex\u00e9cutent une peine de perp\u00e9tuit\u00e9 incompressible en France\u00a0: Salah Abdeslam, l\u2019un des auteurs des attentats du 13\u00a0novembre\u00a02015, et Brahim Aouissaoui, l\u2019auteur de l\u2019attentat de la basilique de Nice, le 29\u00a0octobre\u00a02020.    Le Monde avec AFP      S\u2019abonner   Contribuer R\u00e9utiliser ce contenu","robots":{"index":"noindex","follow":"follow","max-snippet":"max-snippet:-1","max-image-preview":"max-image-preview:large","max-video-preview":"max-video-preview:-1"},"og_locale":"fr_FR","og_type":"article","og_title":"Attentat de Cond\u00e9-sur-Sarthe\u00a0: Micha\u00ebl Chiolo, le principal accus\u00e9, condamn\u00e9 \u00e0 la perp\u00e9tuit\u00e9 incompressible - vof-news.eu","og_description":"Micha\u00ebl Chiolo, principal accus\u00e9 du proc\u00e8s de l\u2019attentat au couteau contre deux surveillants de la prison de Cond\u00e9-sur-Sarthe (Orne), le 5\u00a0mars\u00a02019, a \u00e9t\u00e9 condamn\u00e9, lundi 7\u00a0juillet, par la cour d\u2019assises sp\u00e9ciale de Paris, \u00e0 la perp\u00e9tuit\u00e9 incompressible \u2013 la plus lourde peine pr\u00e9vue par le code p\u00e9nal fran\u00e7ais. Une condamnation conforme \u00e0 celle requise contre le Mosellan de 33\u00a0ans, ex-sympathisant n\u00e9onazi et d\u00e9linquant de droit commun radicalis\u00e9 en prison.   Le 5\u00a0mars\u00a02019, Micha\u00ebl Chilio et sa compagne, Hanane Aboulhana, qui lui rendait visite, avaient gri\u00e8vement bless\u00e9 deux surveillants avec deux couteaux en c\u00e9ramique dans l\u2019enceinte de la prison. Le couple s\u2019\u00e9tait ensuite retranch\u00e9 pendant pr\u00e8s de dix heures dans l\u2019unit\u00e9 de vie familiale de l\u2019\u00e9tablissement. Apr\u00e8s plusieurs tentatives de n\u00e9gociation, les forces d\u2019intervention de la police avaient lanc\u00e9 l\u2019assaut, blessant Micha\u00ebl Chiolo et tuant Hanane Aboulhana, 34\u00a0ans. Un acte revendiqu\u00e9 Tout au long de son proc\u00e8s, Micha\u00ebl Chiolo, jug\u00e9 pour tentative d\u2019assassinat et qui revendique pleinement son acte en le justifiant par son engagement djihadiste et son ressentiment \u00e0 l\u2019\u00e9gard de l\u2019administration p\u00e9nitentiaire, n\u2019a cess\u00e9 d\u2019\u00eatre dans la provocation. Il a ainsi affirm\u00e9 les exactions de l\u2019Etat islamique. Invit\u00e9 \u00e0 prendre la parole avant que la cour ne se retire pour d\u00e9lib\u00e9rer, Micha\u00ebl Chiolo a choisi le silence apr\u00e8s [ses]. , a plaid\u00e9 vendredi l\u2019un de ses avocats, Romain Ruiz. , a notamment affirm\u00e9 l\u2019avocat en demandant \u00e0 la cour si elle entendait juger son client , et lui demandant . A ce jour, seuls deux hommes ex\u00e9cutent une peine de perp\u00e9tuit\u00e9 incompressible en France\u00a0: Salah Abdeslam, l\u2019un des auteurs des attentats du 13\u00a0novembre\u00a02015, et Brahim Aouissaoui, l\u2019auteur de l\u2019attentat de la basilique de Nice, le 29\u00a0octobre\u00a02020.    Le Monde avec AFP      S\u2019abonner   Contribuer R\u00e9utiliser ce contenu","og_url":"https:\/\/vof-news.eu\/fr\/attentat-de-conde-sur-sarthe-michael-chiolo-le-principal-accuse-condamne-a-la-perpetuite-incompressible\/","og_site_name":"vof-news.eu","article_published_time":"2025-07-07T20:30:09+00:00","article_modified_time":"2025-07-07T20:30:36+00:00","og_image":[{"width":664,"height":443,"url":"https:\/\/vof-news.eu\/wp-content\/uploads\/2025\/07\/d42e35e_ftp-import-images-1-7up35vsx6rb6-5332556-01-06.jpg","type":"image\/jpeg"}],"author":"Author","twitter_card":"summary_large_image","twitter_misc":{"\u00c9crit par":"Author","Dur\u00e9e de lecture estim\u00e9e":"2 minutes"},"schema":{"@context":"https:\/\/schema.org","@graph":[{"@type":"WebPage","@id":"https:\/\/vof-news.eu\/fr\/attentat-de-conde-sur-sarthe-michael-chiolo-le-principal-accuse-condamne-a-la-perpetuite-incompressible\/","url":"https:\/\/vof-news.eu\/fr\/attentat-de-conde-sur-sarthe-michael-chiolo-le-principal-accuse-condamne-a-la-perpetuite-incompressible\/","name":"Attentat de Cond\u00e9-sur-Sarthe\u00a0: Micha\u00ebl Chiolo, le principal accus\u00e9, condamn\u00e9 \u00e0 la perp\u00e9tuit\u00e9 incompressible - vof-news.eu","isPartOf":{"@id":"https:\/\/vof-news.eu\/fr\/#website"},"primaryImageOfPage":{"@id":"https:\/\/vof-news.eu\/fr\/attentat-de-conde-sur-sarthe-michael-chiolo-le-principal-accuse-condamne-a-la-perpetuite-incompressible\/#primaryimage"},"image":{"@id":"https:\/\/vof-news.eu\/fr\/attentat-de-conde-sur-sarthe-michael-chiolo-le-principal-accuse-condamne-a-la-perpetuite-incompressible\/#primaryimage"},"thumbnailUrl":"https:\/\/vof-news.eu\/wp-content\/uploads\/2025\/07\/d42e35e_ftp-import-images-1-7up35vsx6rb6-5332556-01-06.jpg","datePublished":"2025-07-07T20:30:09+00:00","dateModified":"2025-07-07T20:30:36+00:00","author":{"@id":"https:\/\/vof-news.eu\/fr\/#\/schema\/person\/f6a2a4309f0561835797fd8c19b333ed"},"description":"Micha\u00ebl Chiolo, principal accus\u00e9 du proc\u00e8s de l\u2019attentat au couteau contre deux surveillants de la prison de Cond\u00e9-sur-Sarthe (Orne), le 5\u00a0mars\u00a02019, a \u00e9t\u00e9 condamn\u00e9, lundi 7\u00a0juillet, par la cour d\u2019assises sp\u00e9ciale de Paris, \u00e0 la perp\u00e9tuit\u00e9 incompressible \u2013 la plus lourde peine pr\u00e9vue par le code p\u00e9nal fran\u00e7ais. Une condamnation conforme \u00e0 celle requise contre le Mosellan de 33\u00a0ans, ex-sympathisant n\u00e9onazi et d\u00e9linquant de droit commun radicalis\u00e9 en prison. Le 5\u00a0mars\u00a02019, Micha\u00ebl Chilio et sa compagne, Hanane Aboulhana, qui lui rendait visite, avaient gri\u00e8vement bless\u00e9 deux surveillants avec deux couteaux en c\u00e9ramique dans l\u2019enceinte de la prison. Le couple s\u2019\u00e9tait ensuite retranch\u00e9 pendant pr\u00e8s de dix heures dans l\u2019unit\u00e9 de vie familiale de l\u2019\u00e9tablissement. Apr\u00e8s plusieurs tentatives de n\u00e9gociation, les forces d\u2019intervention de la police avaient lanc\u00e9 l\u2019assaut, blessant Micha\u00ebl Chiolo et tuant Hanane Aboulhana, 34\u00a0ans. Un acte revendiqu\u00e9 Tout au long de son proc\u00e8s, Micha\u00ebl Chiolo, jug\u00e9 pour tentative d\u2019assassinat et qui revendique pleinement son acte en le justifiant par son engagement djihadiste et son ressentiment \u00e0 l\u2019\u00e9gard de l\u2019administration p\u00e9nitentiaire, n\u2019a cess\u00e9 d\u2019\u00eatre dans la provocation. Il a ainsi affirm\u00e9 les exactions de l\u2019Etat islamique. Invit\u00e9 \u00e0 prendre la parole avant que la cour ne se retire pour d\u00e9lib\u00e9rer, Micha\u00ebl Chiolo a choisi le silence apr\u00e8s [ses]. , a plaid\u00e9 vendredi l\u2019un de ses avocats, Romain Ruiz. , a notamment affirm\u00e9 l\u2019avocat en demandant \u00e0 la cour si elle entendait juger son client , et lui demandant . A ce jour, seuls deux hommes ex\u00e9cutent une peine de perp\u00e9tuit\u00e9 incompressible en France\u00a0: Salah Abdeslam, l\u2019un des auteurs des attentats du 13\u00a0novembre\u00a02015, et Brahim Aouissaoui, l\u2019auteur de l\u2019attentat de la basilique de Nice, le 29\u00a0octobre\u00a02020. Le Monde avec AFP S\u2019abonner Contribuer R\u00e9utiliser ce contenu","breadcrumb":{"@id":"https:\/\/vof-news.eu\/fr\/attentat-de-conde-sur-sarthe-michael-chiolo-le-principal-accuse-condamne-a-la-perpetuite-incompressible\/#breadcrumb"},"inLanguage":"fr-FR","potentialAction":[{"@type":"ReadAction","target":["https:\/\/vof-news.eu\/fr\/attentat-de-conde-sur-sarthe-michael-chiolo-le-principal-accuse-condamne-a-la-perpetuite-incompressible\/"]}]},{"@type":"ImageObject","inLanguage":"fr-FR","@id":"https:\/\/vof-news.eu\/fr\/attentat-de-conde-sur-sarthe-michael-chiolo-le-principal-accuse-condamne-a-la-perpetuite-incompressible\/#primaryimage","url":"https:\/\/vof-news.eu\/wp-content\/uploads\/2025\/07\/d42e35e_ftp-import-images-1-7up35vsx6rb6-5332556-01-06.jpg","contentUrl":"https:\/\/vof-news.eu\/wp-content\/uploads\/2025\/07\/d42e35e_ftp-import-images-1-7up35vsx6rb6-5332556-01-06.jpg","width":664,"height":443},{"@type":"BreadcrumbList","@id":"https:\/\/vof-news.eu\/fr\/attentat-de-conde-sur-sarthe-michael-chiolo-le-principal-accuse-condamne-a-la-perpetuite-incompressible\/#breadcrumb","itemListElement":[{"@type":"ListItem","position":1,"name":"Home","item":"https:\/\/vof-news.eu\/fr\/"},{"@type":"ListItem","position":2,"name":"Attentat de Cond\u00e9-sur-Sarthe\u00a0: Micha\u00ebl Chiolo, le principal accus\u00e9, condamn\u00e9 \u00e0 la perp\u00e9tuit\u00e9 incompressible"}]},{"@type":"WebSite","@id":"https:\/\/vof-news.eu\/fr\/#website","url":"https:\/\/vof-news.eu\/fr\/","name":"vof-news.eu","description":"","potentialAction":[{"@type":"SearchAction","target":{"@type":"EntryPoint","urlTemplate":"https:\/\/vof-news.eu\/fr\/?s={search_term_string}"},"query-input":"required name=search_term_string"}],"inLanguage":"fr-FR"},{"@type":"Person","@id":"https:\/\/vof-news.eu\/fr\/#\/schema\/person\/f6a2a4309f0561835797fd8c19b333ed","name":"Author","image":{"@type":"ImageObject","inLanguage":"fr-FR","@id":"https:\/\/vof-news.eu\/fr\/#\/schema\/person\/image\/","url":"https:\/\/secure.gravatar.com\/avatar\/b67e614b1b25b3e9c0c239efdd2fde5ab015b5affd6f1c3c85911ca4b384e790?s=96&d=mm&r=g","contentUrl":"https:\/\/secure.gravatar.com\/avatar\/b67e614b1b25b3e9c0c239efdd2fde5ab015b5affd6f1c3c85911ca4b384e790?s=96&d=mm&r=g","caption":"Author"},"sameAs":["http:\/\/vof-news.eu"],"url":"https:\/\/vof-news.eu\/fr\/author\/zwt6qxnjulxbnyg\/"}]}},"yoast_meta":{"yoast_wpseo_title":"","yoast_wpseo_metadesc":"","yoast_wpseo_canonical":""},"_links":{"self":[{"href":"https:\/\/vof-news.eu\/fr\/wp-json\/wp\/v2\/posts\/249166","targetHints":{"allow":["GET"]}}],"collection":[{"href":"https:\/\/vof-news.eu\/fr\/wp-json\/wp\/v2\/posts"}],"about":[{"href":"https:\/\/vof-news.eu\/fr\/wp-json\/wp\/v2\/types\/post"}],"author":[{"embeddable":true,"href":"https:\/\/vof-news.eu\/fr\/wp-json\/wp\/v2\/users\/1"}],"replies":[{"embeddable":true,"href":"https:\/\/vof-news.eu\/fr\/wp-json\/wp\/v2\/comments?post=249166"}],"version-history":[{"count":1,"href":"https:\/\/vof-news.eu\/fr\/wp-json\/wp\/v2\/posts\/249166\/revisions"}],"predecessor-version":[{"id":249173,"href":"https:\/\/vof-news.eu\/fr\/wp-json\/wp\/v2\/posts\/249166\/revisions\/249173"}],"wp:featuredmedia":[{"embeddable":true,"href":"https:\/\/vof-news.eu\/fr\/wp-json\/wp\/v2\/media\/249167"}],"wp:attachment":[{"href":"https:\/\/vof-news.eu\/fr\/wp-json\/wp\/v2\/media?parent=249166"}],"wp:term":[{"taxonomy":"category","embeddable":true,"href":"https:\/\/vof-news.eu\/fr\/wp-json\/wp\/v2\/categories?post=249166"},{"taxonomy":"post_tag","embeddable":true,"href":"https:\/\/vof-news.eu\/fr\/wp-json\/wp\/v2\/tags?post=249166"}],"curies":[{"name":"wp","href":"https:\/\/api.w.org\/{rel}","templated":true}]}}