{"id":249094,"date":"2025-07-07T21:34:10","date_gmt":"2025-07-07T18:34:10","guid":{"rendered":"https:\/\/vof-news.eu\/sfr-les-dessous-de-la-mega-panne-du-16-juin\/"},"modified":"2025-07-07T21:34:44","modified_gmt":"2025-07-07T18:34:44","slug":"sfr-les-dessous-de-la-mega-panne-du-16-juin","status":"publish","type":"post","link":"https:\/\/vof-news.eu\/fr\/sfr-les-dessous-de-la-mega-panne-du-16-juin\/","title":{"rendered":"SFR\u00a0: les dessous de la m\u00e9ga panne du 16\u00a0juin"},"content":{"rendered":"<article>\n<p>C\u2019\u00e9tait, dit-il,  de sa . Mardi 1<sup>er<\/sup>\u00a0juillet, lors d\u2019une  avec les salari\u00e9s de SFR, \u00e0 laquelle  a eu acc\u00e8s, Olivier Tailfer, le directeur ex\u00e9cutif r\u00e9seau de l\u2019op\u00e9rateur, a lev\u00e9 le voile sur <a href=\"https:\/\/www.lemonde.fr\/economie\/article\/2025\/06\/16\/le-reseau-de-sfr-affecte-par-une-panne_6613550_3234.html\" rel=\"nofollow\">la panne massive du 16\u00a0juin<\/a>. Ce jour-l\u00e0, un grand nombre d\u2019abonn\u00e9s mobiles et de clients entreprises du num\u00e9ro deux fran\u00e7ais des t\u00e9l\u00e9coms ont connu, dans tout le pays, de s\u00e9rieuses difficult\u00e9s \u00e0 se connecter \u00e0 Internet ou \u00e0 passer des appels.<\/p>\n<p>C\u2019est \u00e0 10\u00a0heures que les probl\u00e8mes ont commenc\u00e9, au lancement , raconte Olivier Tailfer. Elles visaient, d\u00e9taille le dirigeant, \u00e0 impl\u00e9menter un  sur des routeurs, des \u00e9quipements permettant d\u2019acheminer les flux de donn\u00e9es. Cette op\u00e9ration technique n\u2019avait a priori rien de sensible, argue une source proche du dossier, d\u2019autant que d\u2019autres, de m\u00eame nature, avaient \u00e9t\u00e9 men\u00e9es correctement les jours pr\u00e9c\u00e9dents. Cela explique pourquoi elle a \u00e9t\u00e9 programm\u00e9e dans la matin\u00e9e \u2013 et non pendant la nuit, \u00e0 l\u2019instar des mises \u00e0 jour les plus critiques, pr\u00e9cis\u00e9ment pour limiter l\u2019impact d\u2019\u00e9ventuels dysfonctionnements.<\/p>\n<p><strong>Il vous reste 62.49% de cet article \u00e0 lire. La suite est r\u00e9serv\u00e9e aux abonn\u00e9s.<\/strong><\/p>\n<\/article>\n","protected":false},"excerpt":{"rendered":"<p>C\u2019\u00e9tait, dit-il, de sa . Mardi 1er\u00a0juillet, lors d\u2019une avec les salari\u00e9s de SFR, \u00e0 laquelle a eu acc\u00e8s, Olivier Tailfer, le directeur ex\u00e9cutif r\u00e9seau de l\u2019op\u00e9rateur, a lev\u00e9 le voile sur la panne massive du 16\u00a0juin. Ce jour-l\u00e0, un grand nombre d\u2019abonn\u00e9s mobiles et de clients entreprises du num\u00e9ro deux fran\u00e7ais des t\u00e9l\u00e9coms ont<\/p>\n","protected":false},"author":1,"featured_media":249095,"comment_status":"open","ping_status":"open","sticky":false,"template":"","format":"standard","meta":{"footnotes":""},"categories":[58],"tags":[],"class_list":["post-249094","post","type-post","status-publish","format-standard","has-post-thumbnail","hentry","category-business-fr"],"acf":[],"yoast_head":"<!-- This site is optimized with the Yoast SEO plugin v22.9 - https:\/\/yoast.com\/wordpress\/plugins\/seo\/ -->\n<title>SFR\u00a0: les dessous de la m\u00e9ga panne du 16\u00a0juin - vof-news.eu<\/title>\n<meta name=\"description\" content=\"C\u2019\u00e9tait, dit-il, de sa . Mardi 1er\u00a0juillet, lors d\u2019une avec les salari\u00e9s de SFR, \u00e0 laquelle a eu acc\u00e8s, Olivier Tailfer, le directeur ex\u00e9cutif r\u00e9seau de l\u2019op\u00e9rateur, a lev\u00e9 le voile sur la panne massive du 16\u00a0juin. Ce jour-l\u00e0, un grand nombre d\u2019abonn\u00e9s mobiles et de clients entreprises du num\u00e9ro deux fran\u00e7ais des t\u00e9l\u00e9coms ont connu, dans tout le pays, de s\u00e9rieuses difficult\u00e9s \u00e0 se connecter \u00e0 Internet ou \u00e0 passer des appels. C\u2019est \u00e0 10\u00a0heures que les probl\u00e8mes ont commenc\u00e9, au lancement , raconte Olivier Tailfer. Elles visaient, d\u00e9taille le dirigeant, \u00e0 impl\u00e9menter un sur des routeurs, des \u00e9quipements permettant d\u2019acheminer les flux de donn\u00e9es. Cette op\u00e9ration technique n\u2019avait a priori rien de sensible, argue une source proche du dossier, d\u2019autant que d\u2019autres, de m\u00eame nature, avaient \u00e9t\u00e9 men\u00e9es correctement les jours pr\u00e9c\u00e9dents. Cela explique pourquoi elle a \u00e9t\u00e9 programm\u00e9e dans la matin\u00e9e \u2013 et non pendant la nuit, \u00e0 l\u2019instar des mises \u00e0 jour les plus critiques, pr\u00e9cis\u00e9ment pour limiter l\u2019impact d\u2019\u00e9ventuels dysfonctionnements. Il vous reste 62.49% de cet article \u00e0 lire. La suite est r\u00e9serv\u00e9e aux abonn\u00e9s.\" \/>\n<meta name=\"robots\" content=\"noindex, follow, max-snippet:-1, max-image-preview:large, max-video-preview:-1\" \/>\n<meta property=\"og:locale\" content=\"fr_FR\" \/>\n<meta property=\"og:type\" content=\"article\" \/>\n<meta property=\"og:title\" content=\"SFR\u00a0: les dessous de la m\u00e9ga panne du 16\u00a0juin - vof-news.eu\" \/>\n<meta property=\"og:description\" content=\"C\u2019\u00e9tait, dit-il, de sa . Mardi 1er\u00a0juillet, lors d\u2019une avec les salari\u00e9s de SFR, \u00e0 laquelle a eu acc\u00e8s, Olivier Tailfer, le directeur ex\u00e9cutif r\u00e9seau de l\u2019op\u00e9rateur, a lev\u00e9 le voile sur la panne massive du 16\u00a0juin. Ce jour-l\u00e0, un grand nombre d\u2019abonn\u00e9s mobiles et de clients entreprises du num\u00e9ro deux fran\u00e7ais des t\u00e9l\u00e9coms ont connu, dans tout le pays, de s\u00e9rieuses difficult\u00e9s \u00e0 se connecter \u00e0 Internet ou \u00e0 passer des appels. C\u2019est \u00e0 10\u00a0heures que les probl\u00e8mes ont commenc\u00e9, au lancement , raconte Olivier Tailfer. Elles visaient, d\u00e9taille le dirigeant, \u00e0 impl\u00e9menter un sur des routeurs, des \u00e9quipements permettant d\u2019acheminer les flux de donn\u00e9es. Cette op\u00e9ration technique n\u2019avait a priori rien de sensible, argue une source proche du dossier, d\u2019autant que d\u2019autres, de m\u00eame nature, avaient \u00e9t\u00e9 men\u00e9es correctement les jours pr\u00e9c\u00e9dents. Cela explique pourquoi elle a \u00e9t\u00e9 programm\u00e9e dans la matin\u00e9e \u2013 et non pendant la nuit, \u00e0 l\u2019instar des mises \u00e0 jour les plus critiques, pr\u00e9cis\u00e9ment pour limiter l\u2019impact d\u2019\u00e9ventuels dysfonctionnements. Il vous reste 62.49% de cet article \u00e0 lire. La suite est r\u00e9serv\u00e9e aux abonn\u00e9s.\" \/>\n<meta property=\"og:url\" content=\"https:\/\/vof-news.eu\/fr\/sfr-les-dessous-de-la-mega-panne-du-16-juin\/\" \/>\n<meta property=\"og:site_name\" content=\"vof-news.eu\" \/>\n<meta property=\"article:published_time\" content=\"2025-07-07T18:34:10+00:00\" \/>\n<meta property=\"article:modified_time\" content=\"2025-07-07T18:34:44+00:00\" \/>\n<meta property=\"og:image\" content=\"https:\/\/vof-news.eu\/wp-content\/uploads\/2025\/07\/cd8e59c_upload-1-hi2pkhp4azc1-000-62km6hj.jpg\" \/>\n\t<meta property=\"og:image:width\" content=\"664\" \/>\n\t<meta property=\"og:image:height\" content=\"443\" \/>\n\t<meta property=\"og:image:type\" content=\"image\/jpeg\" \/>\n<meta name=\"author\" content=\"Author\" \/>\n<meta name=\"twitter:card\" content=\"summary_large_image\" \/>\n<meta name=\"twitter:label1\" content=\"\u00c9crit par\" \/>\n\t<meta name=\"twitter:data1\" content=\"Author\" \/>\n\t<meta name=\"twitter:label2\" content=\"Dur\u00e9e de lecture estim\u00e9e\" \/>\n\t<meta name=\"twitter:data2\" content=\"1 minute\" \/>\n<script type=\"application\/ld+json\" class=\"yoast-schema-graph\">{\"@context\":\"https:\/\/schema.org\",\"@graph\":[{\"@type\":\"WebPage\",\"@id\":\"https:\/\/vof-news.eu\/fr\/sfr-les-dessous-de-la-mega-panne-du-16-juin\/\",\"url\":\"https:\/\/vof-news.eu\/fr\/sfr-les-dessous-de-la-mega-panne-du-16-juin\/\",\"name\":\"SFR\u00a0: les dessous de la m\u00e9ga panne du 16\u00a0juin - vof-news.eu\",\"isPartOf\":{\"@id\":\"https:\/\/vof-news.eu\/fr\/#website\"},\"primaryImageOfPage\":{\"@id\":\"https:\/\/vof-news.eu\/fr\/sfr-les-dessous-de-la-mega-panne-du-16-juin\/#primaryimage\"},\"image\":{\"@id\":\"https:\/\/vof-news.eu\/fr\/sfr-les-dessous-de-la-mega-panne-du-16-juin\/#primaryimage\"},\"thumbnailUrl\":\"https:\/\/vof-news.eu\/wp-content\/uploads\/2025\/07\/cd8e59c_upload-1-hi2pkhp4azc1-000-62km6hj.jpg\",\"datePublished\":\"2025-07-07T18:34:10+00:00\",\"dateModified\":\"2025-07-07T18:34:44+00:00\",\"author\":{\"@id\":\"https:\/\/vof-news.eu\/fr\/#\/schema\/person\/f6a2a4309f0561835797fd8c19b333ed\"},\"description\":\"C\u2019\u00e9tait, dit-il, de sa . Mardi 1er\u00a0juillet, lors d\u2019une avec les salari\u00e9s de SFR, \u00e0 laquelle a eu acc\u00e8s, Olivier Tailfer, le directeur ex\u00e9cutif r\u00e9seau de l\u2019op\u00e9rateur, a lev\u00e9 le voile sur la panne massive du 16\u00a0juin. Ce jour-l\u00e0, un grand nombre d\u2019abonn\u00e9s mobiles et de clients entreprises du num\u00e9ro deux fran\u00e7ais des t\u00e9l\u00e9coms ont connu, dans tout le pays, de s\u00e9rieuses difficult\u00e9s \u00e0 se connecter \u00e0 Internet ou \u00e0 passer des appels. C\u2019est \u00e0 10\u00a0heures que les probl\u00e8mes ont commenc\u00e9, au lancement , raconte Olivier Tailfer. Elles visaient, d\u00e9taille le dirigeant, \u00e0 impl\u00e9menter un sur des routeurs, des \u00e9quipements permettant d\u2019acheminer les flux de donn\u00e9es. Cette op\u00e9ration technique n\u2019avait a priori rien de sensible, argue une source proche du dossier, d\u2019autant que d\u2019autres, de m\u00eame nature, avaient \u00e9t\u00e9 men\u00e9es correctement les jours pr\u00e9c\u00e9dents. Cela explique pourquoi elle a \u00e9t\u00e9 programm\u00e9e dans la matin\u00e9e \u2013 et non pendant la nuit, \u00e0 l\u2019instar des mises \u00e0 jour les plus critiques, pr\u00e9cis\u00e9ment pour limiter l\u2019impact d\u2019\u00e9ventuels dysfonctionnements. Il vous reste 62.49% de cet article \u00e0 lire. La suite est r\u00e9serv\u00e9e aux abonn\u00e9s.\",\"breadcrumb\":{\"@id\":\"https:\/\/vof-news.eu\/fr\/sfr-les-dessous-de-la-mega-panne-du-16-juin\/#breadcrumb\"},\"inLanguage\":\"fr-FR\",\"potentialAction\":[{\"@type\":\"ReadAction\",\"target\":[\"https:\/\/vof-news.eu\/fr\/sfr-les-dessous-de-la-mega-panne-du-16-juin\/\"]}]},{\"@type\":\"ImageObject\",\"inLanguage\":\"fr-FR\",\"@id\":\"https:\/\/vof-news.eu\/fr\/sfr-les-dessous-de-la-mega-panne-du-16-juin\/#primaryimage\",\"url\":\"https:\/\/vof-news.eu\/wp-content\/uploads\/2025\/07\/cd8e59c_upload-1-hi2pkhp4azc1-000-62km6hj.jpg\",\"contentUrl\":\"https:\/\/vof-news.eu\/wp-content\/uploads\/2025\/07\/cd8e59c_upload-1-hi2pkhp4azc1-000-62km6hj.jpg\",\"width\":664,\"height\":443},{\"@type\":\"BreadcrumbList\",\"@id\":\"https:\/\/vof-news.eu\/fr\/sfr-les-dessous-de-la-mega-panne-du-16-juin\/#breadcrumb\",\"itemListElement\":[{\"@type\":\"ListItem\",\"position\":1,\"name\":\"Home\",\"item\":\"https:\/\/vof-news.eu\/fr\/\"},{\"@type\":\"ListItem\",\"position\":2,\"name\":\"SFR\u00a0: les dessous de la m\u00e9ga panne du 16\u00a0juin\"}]},{\"@type\":\"WebSite\",\"@id\":\"https:\/\/vof-news.eu\/fr\/#website\",\"url\":\"https:\/\/vof-news.eu\/fr\/\",\"name\":\"vof-news.eu\",\"description\":\"\",\"potentialAction\":[{\"@type\":\"SearchAction\",\"target\":{\"@type\":\"EntryPoint\",\"urlTemplate\":\"https:\/\/vof-news.eu\/fr\/?s={search_term_string}\"},\"query-input\":\"required name=search_term_string\"}],\"inLanguage\":\"fr-FR\"},{\"@type\":\"Person\",\"@id\":\"https:\/\/vof-news.eu\/fr\/#\/schema\/person\/f6a2a4309f0561835797fd8c19b333ed\",\"name\":\"Author\",\"image\":{\"@type\":\"ImageObject\",\"inLanguage\":\"fr-FR\",\"@id\":\"https:\/\/vof-news.eu\/fr\/#\/schema\/person\/image\/\",\"url\":\"https:\/\/secure.gravatar.com\/avatar\/b67e614b1b25b3e9c0c239efdd2fde5ab015b5affd6f1c3c85911ca4b384e790?s=96&d=mm&r=g\",\"contentUrl\":\"https:\/\/secure.gravatar.com\/avatar\/b67e614b1b25b3e9c0c239efdd2fde5ab015b5affd6f1c3c85911ca4b384e790?s=96&d=mm&r=g\",\"caption\":\"Author\"},\"sameAs\":[\"http:\/\/vof-news.eu\"],\"url\":\"https:\/\/vof-news.eu\/fr\/author\/zwt6qxnjulxbnyg\/\"}]}<\/script>\n<!-- \/ Yoast SEO plugin. -->","yoast_head_json":{"title":"SFR\u00a0: les dessous de la m\u00e9ga panne du 16\u00a0juin - vof-news.eu","description":"C\u2019\u00e9tait, dit-il, de sa . Mardi 1er\u00a0juillet, lors d\u2019une avec les salari\u00e9s de SFR, \u00e0 laquelle a eu acc\u00e8s, Olivier Tailfer, le directeur ex\u00e9cutif r\u00e9seau de l\u2019op\u00e9rateur, a lev\u00e9 le voile sur la panne massive du 16\u00a0juin. Ce jour-l\u00e0, un grand nombre d\u2019abonn\u00e9s mobiles et de clients entreprises du num\u00e9ro deux fran\u00e7ais des t\u00e9l\u00e9coms ont connu, dans tout le pays, de s\u00e9rieuses difficult\u00e9s \u00e0 se connecter \u00e0 Internet ou \u00e0 passer des appels. C\u2019est \u00e0 10\u00a0heures que les probl\u00e8mes ont commenc\u00e9, au lancement , raconte Olivier Tailfer. Elles visaient, d\u00e9taille le dirigeant, \u00e0 impl\u00e9menter un sur des routeurs, des \u00e9quipements permettant d\u2019acheminer les flux de donn\u00e9es. Cette op\u00e9ration technique n\u2019avait a priori rien de sensible, argue une source proche du dossier, d\u2019autant que d\u2019autres, de m\u00eame nature, avaient \u00e9t\u00e9 men\u00e9es correctement les jours pr\u00e9c\u00e9dents. Cela explique pourquoi elle a \u00e9t\u00e9 programm\u00e9e dans la matin\u00e9e \u2013 et non pendant la nuit, \u00e0 l\u2019instar des mises \u00e0 jour les plus critiques, pr\u00e9cis\u00e9ment pour limiter l\u2019impact d\u2019\u00e9ventuels dysfonctionnements. Il vous reste 62.49% de cet article \u00e0 lire. La suite est r\u00e9serv\u00e9e aux abonn\u00e9s.","robots":{"index":"noindex","follow":"follow","max-snippet":"max-snippet:-1","max-image-preview":"max-image-preview:large","max-video-preview":"max-video-preview:-1"},"og_locale":"fr_FR","og_type":"article","og_title":"SFR\u00a0: les dessous de la m\u00e9ga panne du 16\u00a0juin - vof-news.eu","og_description":"C\u2019\u00e9tait, dit-il, de sa . Mardi 1er\u00a0juillet, lors d\u2019une avec les salari\u00e9s de SFR, \u00e0 laquelle a eu acc\u00e8s, Olivier Tailfer, le directeur ex\u00e9cutif r\u00e9seau de l\u2019op\u00e9rateur, a lev\u00e9 le voile sur la panne massive du 16\u00a0juin. Ce jour-l\u00e0, un grand nombre d\u2019abonn\u00e9s mobiles et de clients entreprises du num\u00e9ro deux fran\u00e7ais des t\u00e9l\u00e9coms ont connu, dans tout le pays, de s\u00e9rieuses difficult\u00e9s \u00e0 se connecter \u00e0 Internet ou \u00e0 passer des appels. C\u2019est \u00e0 10\u00a0heures que les probl\u00e8mes ont commenc\u00e9, au lancement , raconte Olivier Tailfer. Elles visaient, d\u00e9taille le dirigeant, \u00e0 impl\u00e9menter un sur des routeurs, des \u00e9quipements permettant d\u2019acheminer les flux de donn\u00e9es. Cette op\u00e9ration technique n\u2019avait a priori rien de sensible, argue une source proche du dossier, d\u2019autant que d\u2019autres, de m\u00eame nature, avaient \u00e9t\u00e9 men\u00e9es correctement les jours pr\u00e9c\u00e9dents. Cela explique pourquoi elle a \u00e9t\u00e9 programm\u00e9e dans la matin\u00e9e \u2013 et non pendant la nuit, \u00e0 l\u2019instar des mises \u00e0 jour les plus critiques, pr\u00e9cis\u00e9ment pour limiter l\u2019impact d\u2019\u00e9ventuels dysfonctionnements. Il vous reste 62.49% de cet article \u00e0 lire. La suite est r\u00e9serv\u00e9e aux abonn\u00e9s.","og_url":"https:\/\/vof-news.eu\/fr\/sfr-les-dessous-de-la-mega-panne-du-16-juin\/","og_site_name":"vof-news.eu","article_published_time":"2025-07-07T18:34:10+00:00","article_modified_time":"2025-07-07T18:34:44+00:00","og_image":[{"width":664,"height":443,"url":"https:\/\/vof-news.eu\/wp-content\/uploads\/2025\/07\/cd8e59c_upload-1-hi2pkhp4azc1-000-62km6hj.jpg","type":"image\/jpeg"}],"author":"Author","twitter_card":"summary_large_image","twitter_misc":{"\u00c9crit par":"Author","Dur\u00e9e de lecture estim\u00e9e":"1 minute"},"schema":{"@context":"https:\/\/schema.org","@graph":[{"@type":"WebPage","@id":"https:\/\/vof-news.eu\/fr\/sfr-les-dessous-de-la-mega-panne-du-16-juin\/","url":"https:\/\/vof-news.eu\/fr\/sfr-les-dessous-de-la-mega-panne-du-16-juin\/","name":"SFR\u00a0: les dessous de la m\u00e9ga panne du 16\u00a0juin - vof-news.eu","isPartOf":{"@id":"https:\/\/vof-news.eu\/fr\/#website"},"primaryImageOfPage":{"@id":"https:\/\/vof-news.eu\/fr\/sfr-les-dessous-de-la-mega-panne-du-16-juin\/#primaryimage"},"image":{"@id":"https:\/\/vof-news.eu\/fr\/sfr-les-dessous-de-la-mega-panne-du-16-juin\/#primaryimage"},"thumbnailUrl":"https:\/\/vof-news.eu\/wp-content\/uploads\/2025\/07\/cd8e59c_upload-1-hi2pkhp4azc1-000-62km6hj.jpg","datePublished":"2025-07-07T18:34:10+00:00","dateModified":"2025-07-07T18:34:44+00:00","author":{"@id":"https:\/\/vof-news.eu\/fr\/#\/schema\/person\/f6a2a4309f0561835797fd8c19b333ed"},"description":"C\u2019\u00e9tait, dit-il, de sa . Mardi 1er\u00a0juillet, lors d\u2019une avec les salari\u00e9s de SFR, \u00e0 laquelle a eu acc\u00e8s, Olivier Tailfer, le directeur ex\u00e9cutif r\u00e9seau de l\u2019op\u00e9rateur, a lev\u00e9 le voile sur la panne massive du 16\u00a0juin. Ce jour-l\u00e0, un grand nombre d\u2019abonn\u00e9s mobiles et de clients entreprises du num\u00e9ro deux fran\u00e7ais des t\u00e9l\u00e9coms ont connu, dans tout le pays, de s\u00e9rieuses difficult\u00e9s \u00e0 se connecter \u00e0 Internet ou \u00e0 passer des appels. C\u2019est \u00e0 10\u00a0heures que les probl\u00e8mes ont commenc\u00e9, au lancement , raconte Olivier Tailfer. Elles visaient, d\u00e9taille le dirigeant, \u00e0 impl\u00e9menter un sur des routeurs, des \u00e9quipements permettant d\u2019acheminer les flux de donn\u00e9es. Cette op\u00e9ration technique n\u2019avait a priori rien de sensible, argue une source proche du dossier, d\u2019autant que d\u2019autres, de m\u00eame nature, avaient \u00e9t\u00e9 men\u00e9es correctement les jours pr\u00e9c\u00e9dents. Cela explique pourquoi elle a \u00e9t\u00e9 programm\u00e9e dans la matin\u00e9e \u2013 et non pendant la nuit, \u00e0 l\u2019instar des mises \u00e0 jour les plus critiques, pr\u00e9cis\u00e9ment pour limiter l\u2019impact d\u2019\u00e9ventuels dysfonctionnements. Il vous reste 62.49% de cet article \u00e0 lire. La suite est r\u00e9serv\u00e9e aux abonn\u00e9s.","breadcrumb":{"@id":"https:\/\/vof-news.eu\/fr\/sfr-les-dessous-de-la-mega-panne-du-16-juin\/#breadcrumb"},"inLanguage":"fr-FR","potentialAction":[{"@type":"ReadAction","target":["https:\/\/vof-news.eu\/fr\/sfr-les-dessous-de-la-mega-panne-du-16-juin\/"]}]},{"@type":"ImageObject","inLanguage":"fr-FR","@id":"https:\/\/vof-news.eu\/fr\/sfr-les-dessous-de-la-mega-panne-du-16-juin\/#primaryimage","url":"https:\/\/vof-news.eu\/wp-content\/uploads\/2025\/07\/cd8e59c_upload-1-hi2pkhp4azc1-000-62km6hj.jpg","contentUrl":"https:\/\/vof-news.eu\/wp-content\/uploads\/2025\/07\/cd8e59c_upload-1-hi2pkhp4azc1-000-62km6hj.jpg","width":664,"height":443},{"@type":"BreadcrumbList","@id":"https:\/\/vof-news.eu\/fr\/sfr-les-dessous-de-la-mega-panne-du-16-juin\/#breadcrumb","itemListElement":[{"@type":"ListItem","position":1,"name":"Home","item":"https:\/\/vof-news.eu\/fr\/"},{"@type":"ListItem","position":2,"name":"SFR\u00a0: les dessous de la m\u00e9ga panne du 16\u00a0juin"}]},{"@type":"WebSite","@id":"https:\/\/vof-news.eu\/fr\/#website","url":"https:\/\/vof-news.eu\/fr\/","name":"vof-news.eu","description":"","potentialAction":[{"@type":"SearchAction","target":{"@type":"EntryPoint","urlTemplate":"https:\/\/vof-news.eu\/fr\/?s={search_term_string}"},"query-input":"required name=search_term_string"}],"inLanguage":"fr-FR"},{"@type":"Person","@id":"https:\/\/vof-news.eu\/fr\/#\/schema\/person\/f6a2a4309f0561835797fd8c19b333ed","name":"Author","image":{"@type":"ImageObject","inLanguage":"fr-FR","@id":"https:\/\/vof-news.eu\/fr\/#\/schema\/person\/image\/","url":"https:\/\/secure.gravatar.com\/avatar\/b67e614b1b25b3e9c0c239efdd2fde5ab015b5affd6f1c3c85911ca4b384e790?s=96&d=mm&r=g","contentUrl":"https:\/\/secure.gravatar.com\/avatar\/b67e614b1b25b3e9c0c239efdd2fde5ab015b5affd6f1c3c85911ca4b384e790?s=96&d=mm&r=g","caption":"Author"},"sameAs":["http:\/\/vof-news.eu"],"url":"https:\/\/vof-news.eu\/fr\/author\/zwt6qxnjulxbnyg\/"}]}},"yoast_meta":{"yoast_wpseo_title":"","yoast_wpseo_metadesc":"","yoast_wpseo_canonical":""},"_links":{"self":[{"href":"https:\/\/vof-news.eu\/fr\/wp-json\/wp\/v2\/posts\/249094","targetHints":{"allow":["GET"]}}],"collection":[{"href":"https:\/\/vof-news.eu\/fr\/wp-json\/wp\/v2\/posts"}],"about":[{"href":"https:\/\/vof-news.eu\/fr\/wp-json\/wp\/v2\/types\/post"}],"author":[{"embeddable":true,"href":"https:\/\/vof-news.eu\/fr\/wp-json\/wp\/v2\/users\/1"}],"replies":[{"embeddable":true,"href":"https:\/\/vof-news.eu\/fr\/wp-json\/wp\/v2\/comments?post=249094"}],"version-history":[{"count":1,"href":"https:\/\/vof-news.eu\/fr\/wp-json\/wp\/v2\/posts\/249094\/revisions"}],"predecessor-version":[{"id":249101,"href":"https:\/\/vof-news.eu\/fr\/wp-json\/wp\/v2\/posts\/249094\/revisions\/249101"}],"wp:featuredmedia":[{"embeddable":true,"href":"https:\/\/vof-news.eu\/fr\/wp-json\/wp\/v2\/media\/249095"}],"wp:attachment":[{"href":"https:\/\/vof-news.eu\/fr\/wp-json\/wp\/v2\/media?parent=249094"}],"wp:term":[{"taxonomy":"category","embeddable":true,"href":"https:\/\/vof-news.eu\/fr\/wp-json\/wp\/v2\/categories?post=249094"},{"taxonomy":"post_tag","embeddable":true,"href":"https:\/\/vof-news.eu\/fr\/wp-json\/wp\/v2\/tags?post=249094"}],"curies":[{"name":"wp","href":"https:\/\/api.w.org\/{rel}","templated":true}]}}