{"id":249086,"date":"2025-07-07T21:33:06","date_gmt":"2025-07-07T18:33:06","guid":{"rendered":"https:\/\/vof-news.eu\/tour-de-france-2025-le-resume-de-la-troisieme-etape-remportee-au-sprint-par-tim-merlier-et-jalonnee-de-violentes-chutes\/"},"modified":"2025-07-07T21:33:38","modified_gmt":"2025-07-07T18:33:38","slug":"tour-de-france-2025-le-resume-de-la-troisieme-etape-remportee-au-sprint-par-tim-merlier-et-jalonnee-de-violentes-chutes","status":"publish","type":"post","link":"https:\/\/vof-news.eu\/fr\/tour-de-france-2025-le-resume-de-la-troisieme-etape-remportee-au-sprint-par-tim-merlier-et-jalonnee-de-violentes-chutes\/","title":{"rendered":"Tour de France 2025\u00a0: le r\u00e9sum\u00e9 de la troisi\u00e8me \u00e9tape, remport\u00e9e au sprint par Tim Merlier et jalonn\u00e9e de violentes chutes"},"content":{"rendered":"<article>\n<p>Haut du maillot compl\u00e8tement arrach\u00e9, \u00e9paules r\u00e2p\u00e9es, mollets ensanglant\u00e9s\u2026 <a href=\"https:\/\/www.lemonde.fr\/sport\/article\/2025\/07\/07\/tour-de-france-2025-le-parcours-de-la-troisieme-etape_6619586_3242.html\" rel=\"nofollow\">La troisi\u00e8me \u00e9tape du Tour de France<\/a> ne devait \u00eatre qu\u2019une promenade de sant\u00e9, en conclusion d\u2019un triptyque inaugural dans le Nord. Il en a pourtant r\u00e9sult\u00e9 un festival de chutes en tous genres laissant le peloton exsangue. C\u2019est finalement Tim Merlier (Soudal-Quick Step) qui s\u2019est impos\u00e9, lundi 7\u00a0juillet, \u00e0 Dunkerque, devant l\u2019Italien Jonathan Milan (Lidl-Trek) au terme d\u2019un final houleux, qui a notamment vu Jordi Meeus et Remco Evenepoel partir \u00e0 la faute \u00e0 trois kilom\u00e8tres de l\u2019arriv\u00e9e, puis Bol, Renard et Penho\u00ebt finir au tapis dans le dernier kilom\u00e8tre.<\/p>\n<p>Le N\u00e9erlandais Mathieu van der Poel conserve quant \u00e0 lui le maillot jaune\u00a0tandis que son co\u00e9quipier Jasper Philipsen a \u00e9t\u00e9 contraint \u00e0 l\u2019abandon, apr\u00e8s avoir \u00e9t\u00e9 percut\u00e9 par Bryan Coquard lui-m\u00eame pr\u00e9alablement au contact avec le Belge Laurenz Rex (Intermarch\u00e9-Wanty).<\/p>\n<h2><strong>Ce qu\u2019il faut retenir<\/strong><\/h2>\n<ul>\n<li><strong>Le cador\u00a0: <\/strong>Tim Merlier<\/li>\n<\/ul>\n<p>Bienheureux celui qui aurait pu pr\u00e9voir comment allait se terminer la journ\u00e9e, plomb\u00e9e par les chutes sur les routes humides du Nord. Evitant les chutes (et les t\u00e9lescopages) et portant l\u2019estocade dans la derni\u00e8re ligne droite, Tim Merlier a montr\u00e9 qu\u2019il \u00e9tait le plus fort aujourd\u2019hui. Pi\u00e9g\u00e9 samedi dans une cassure, le Belge tient sa revanche et s\u2019offre par la m\u00eame occasion une deuxi\u00e8me victoire d\u2019\u00e9tape sur le Tour de France, apr\u00e8s celle de 2021\u00a0\u00e0 Pontivy (Morbihan).<\/p>\n<ul>\n<li><strong>Le fil de l\u2019\u00e9tape<\/strong><\/li>\n<\/ul>\n<p>Apr\u00e8s deux \u00e9tapes nerveuses, les 178,3\u00a0kilom\u00e8tres entre Valenciennes et Dunkerque (Nord) ont donn\u00e9 lieu \u00e0 une longue procession \u00e0 une vitesse moyenne peu \u00e9lev\u00e9e. Le peloton est sorti de sa torpeur \u00e0 60\u00a0kilom\u00e8tres de l\u2019arriv\u00e9e, pour le sprint interm\u00e9diaire. Mais la lourde chute de Jasper Philipsen (Alpecin-Deceuninck), percut\u00e9 par Bryan Coquard, a douch\u00e9 toutes vell\u00e9it\u00e9s. Seul Tim Wellens (UAE Team Emirates-XRG) s\u2019est un temps extirp\u00e9 du peloton pour filer en solitaire vers le sommet du mont Cassel. La course s\u2019est v\u00e9ritablement jou\u00e9e dans les dix derniers kilom\u00e8tres puis lors d\u2019un sprint massif, qui a de nouveau provoqu\u00e9 plusieurs chutes.<\/p>\n<ul>\n<li><strong>La phrase<\/strong><\/li>\n<\/ul>\n<p> a r\u00e9agi Bryan Coquard, les larmes aux yeux, au micro de France T\u00e9l\u00e9visions.<\/p>\n<p><strong>Le tournant de la journ\u00e9e<\/strong><\/p>\n<p>A l\u2019approche du sprint interm\u00e9diaire, Jasper Philipsen, vainqueur de la premi\u00e8re \u00e9tape \u00e0 Lille, a violemment chut\u00e9 apr\u00e8s avoir \u00e9t\u00e9 percut\u00e9 par le Fran\u00e7ais Bryan Coquard. Pris en charge par le service m\u00e9dical, le coureur belge a \u00e9t\u00e9 contraint \u00e0 l\u2019abandon. Un coup dur pour l\u2019\u00e9quipe Alpecin-Deceuninck, qui avait id\u00e9alement lanc\u00e9 son Tour avec deux premi\u00e8res journ\u00e9es de r\u00eave, marqu\u00e9es par la victoire et le maillot jaune de Philipsen lors de la premi\u00e8re \u00e9tape, puis celle de Mathieu van der Poel \u00e0 Boulogne-sur-Mer (Pas-de-Calais).<\/p>\n<p><strong>La strat\u00e9gie du jour<\/strong><\/p>\n<p>Le tour de passe-passe de Tim Wellens, nouveau maillot \u00e0 pois avec l\u2019assentiment de son co\u00e9quipier et leader Tadej Pogacar. Le champion de Belgique a pris la t\u00eate de course pour prendre le point du classement de la montagne au sommet du mont Cassel, \u00e0 30,9\u00a0km de la ligne, avant de se relever et de reprendre sa place dans le peloton. De quoi d\u00e9poss\u00e9der Pogacar du maillot \u00e0 pois de meilleur grimpeur\u2026 et lui \u00e9viter les contraintes du protocole en fin d\u2019\u00e9tape.<\/p>\n<ul>\n<li><strong>La note\u00a0: <\/strong>C-<\/li>\n<\/ul>\n<p>Une premi\u00e8re partie d\u2019\u00e9tape ennuyante, de la pluie, des chutes qui ont tu\u00e9 dans l\u2019\u0153uf tout suspense\u00a0: nous accordons la note de C- \u00e0 cette \u00e9tape. Notre \u00e9chelle de notation va de A \u00e0 E.<\/p>\n<ul>\n<li><strong>Le classement g\u00e9n\u00e9ral\u00a0:<\/strong><\/li>\n<\/ul>\n<ol>\n<li>Mathieu van der Poel (Alpecin-Deceuninck) en 12\u00a0h\u00a055\u00a0min 37<\/li>\n<li>Tadej Pogacar (UAE Team Emirates-XRG) \u00e0 4\u00a0s<\/li>\n<li>Jonas Vingegaard (Visma-Lease a Bike) \u00e0 6\u00a0s<\/li>\n<li>K\u00e9vin Vauquelin (Ark\u00e9a-B&amp;B Hotels) \u00e0 10\u00a0s<\/li>\n<li>Matteo Jorgenson (Visma-Lease a Bike) \u00e0 10\u00a0s<\/li>\n<li>Enric Mas (Movistar) \u00e0 10\u00a0s<\/li>\n<li>Joseph Blackmore (Israel-Premier Tech) \u00e0 41\u00a0s<\/li>\n<li>Tobias Halland Johannessen (Uno-X Mobility) \u00e0 41\u00a0s<\/li>\n<li>Ben O\u2019Connor (Jayco-AlUla) \u00e0 41\u00a0s<\/li>\n<li>Emanuel Buchmann (Cofidis) \u00e0 49\u00a0s<\/li>\n<\/ol>\n<ul>\n<li><strong>Le maillot jaune\u00a0: <\/strong>Mathieu van der Poel<strong> <\/strong>(Alpecin-Deceuninck)<\/li>\n<li><strong>Le maillot \u00e0 pois\u00a0: <\/strong>Tim Wellens (UAE Team Emirates-XRG)<\/li>\n<li><strong>Le maillot blanc\u00a0: <\/strong>K\u00e9vin Vauquelin (Ark\u00e9a-B&amp;B Hotels)<\/li>\n<li><strong>Le maillot vert\u00a0: <\/strong>Jonathan Milan (Lidl-Trek)<\/li>\n<li><strong>Le prix de la combativit\u00e9\u00a0: <\/strong>Non remis.<\/li>\n<li><strong>L\u2019image du jour\u00a0:<\/strong><\/li>\n<\/ul>\n<section>\n<p> <span><a href=\"https:\/\/www.lemonde.fr\/signataires\/service-sports\/\" rel=\"nofollow\"> <span>Service Sports<\/span><\/a><\/span> <\/p>\n<\/section>\n<section>\n<section>\n<header>   <\/header>\n<section>\n<section> <a href=\"https:\/\/abo.lemonde.fr\/?lmd_medium=BOUTONS_LMFR&amp;lmd_campaign=CONTRIBUTION_ARTICLE\" rel=\"nofollow\">S\u2019abonner<\/a> <\/section>\n<\/section>\n<section><\/section>\n<\/section>\n<p>Contribuer<\/p>\n<p> <a href=\"https:\/\/www.lemonde.fr\/syndication\/\" rel=\"nofollow\">R\u00e9utiliser ce contenu<\/a> <\/section>\n<\/article>\n","protected":false},"excerpt":{"rendered":"<p>Haut du maillot compl\u00e8tement arrach\u00e9, \u00e9paules r\u00e2p\u00e9es, mollets ensanglant\u00e9s\u2026 La troisi\u00e8me \u00e9tape du Tour de France ne devait \u00eatre qu\u2019une promenade de sant\u00e9, en conclusion d\u2019un triptyque inaugural dans le Nord. Il en a pourtant r\u00e9sult\u00e9 un festival de chutes en tous genres laissant le peloton exsangue. C\u2019est finalement Tim Merlier (Soudal-Quick Step) qui s\u2019est<\/p>\n","protected":false},"author":1,"featured_media":249087,"comment_status":"open","ping_status":"open","sticky":false,"template":"","format":"standard","meta":{"footnotes":""},"categories":[73],"tags":[],"class_list":["post-249086","post","type-post","status-publish","format-standard","has-post-thumbnail","hentry","category-sport-fr"],"acf":[],"yoast_head":"<!-- This site is optimized with the Yoast SEO plugin v22.9 - https:\/\/yoast.com\/wordpress\/plugins\/seo\/ -->\n<title>Tour de France 2025\u00a0: le r\u00e9sum\u00e9 de la troisi\u00e8me \u00e9tape, remport\u00e9e au sprint par Tim Merlier et jalonn\u00e9e de violentes chutes - vof-news.eu<\/title>\n<meta name=\"description\" content=\"Haut du maillot compl\u00e8tement arrach\u00e9, \u00e9paules r\u00e2p\u00e9es, mollets ensanglant\u00e9s\u2026 La troisi\u00e8me \u00e9tape du Tour de France ne devait \u00eatre qu\u2019une promenade de sant\u00e9, en conclusion d\u2019un triptyque inaugural dans le Nord. Il en a pourtant r\u00e9sult\u00e9 un festival de chutes en tous genres laissant le peloton exsangue. C\u2019est finalement Tim Merlier (Soudal-Quick Step) qui s\u2019est impos\u00e9, lundi 7\u00a0juillet, \u00e0 Dunkerque, devant l\u2019Italien Jonathan Milan (Lidl-Trek) au terme d\u2019un final houleux, qui a notamment vu Jordi Meeus et Remco Evenepoel partir \u00e0 la faute \u00e0 trois kilom\u00e8tres de l\u2019arriv\u00e9e, puis Bol, Renard et Penho\u00ebt finir au tapis dans le dernier kilom\u00e8tre. Le N\u00e9erlandais Mathieu van der Poel conserve quant \u00e0 lui le maillot jaune\u00a0tandis que son co\u00e9quipier Jasper Philipsen a \u00e9t\u00e9 contraint \u00e0 l\u2019abandon, apr\u00e8s avoir \u00e9t\u00e9 percut\u00e9 par Bryan Coquard lui-m\u00eame pr\u00e9alablement au contact avec le Belge Laurenz Rex (Intermarch\u00e9-Wanty). Ce qu\u2019il faut retenir Le cador\u00a0: Tim Merlier Bienheureux celui qui aurait pu pr\u00e9voir comment allait se terminer la journ\u00e9e, plomb\u00e9e par les chutes sur les routes humides du Nord. Evitant les chutes (et les t\u00e9lescopages) et portant l\u2019estocade dans la derni\u00e8re ligne droite, Tim Merlier a montr\u00e9 qu\u2019il \u00e9tait le plus fort aujourd\u2019hui. Pi\u00e9g\u00e9 samedi dans une cassure, le Belge tient sa revanche et s\u2019offre par la m\u00eame occasion une deuxi\u00e8me victoire d\u2019\u00e9tape sur le Tour de France, apr\u00e8s celle de 2021\u00a0\u00e0 Pontivy (Morbihan). Le fil de l\u2019\u00e9tape Apr\u00e8s deux \u00e9tapes nerveuses, les 178,3\u00a0kilom\u00e8tres entre Valenciennes et Dunkerque (Nord) ont donn\u00e9 lieu \u00e0 une longue procession \u00e0 une vitesse moyenne peu \u00e9lev\u00e9e. Le peloton est sorti de sa torpeur \u00e0 60\u00a0kilom\u00e8tres de l\u2019arriv\u00e9e, pour le sprint interm\u00e9diaire. Mais la lourde chute de Jasper Philipsen (Alpecin-Deceuninck), percut\u00e9 par Bryan Coquard, a douch\u00e9 toutes vell\u00e9it\u00e9s. Seul Tim Wellens (UAE Team Emirates-XRG) s\u2019est un temps extirp\u00e9 du peloton pour filer en solitaire vers le sommet du mont Cassel. La course s\u2019est v\u00e9ritablement jou\u00e9e dans les dix derniers kilom\u00e8tres puis lors d\u2019un sprint massif, qui a de nouveau provoqu\u00e9 plusieurs chutes. La phrase a r\u00e9agi Bryan Coquard, les larmes aux yeux, au micro de France T\u00e9l\u00e9visions. Le tournant de la journ\u00e9e A l\u2019approche du sprint interm\u00e9diaire, Jasper Philipsen, vainqueur de la premi\u00e8re \u00e9tape \u00e0 Lille, a violemment chut\u00e9 apr\u00e8s avoir \u00e9t\u00e9 percut\u00e9 par le Fran\u00e7ais Bryan Coquard. Pris en charge par le service m\u00e9dical, le coureur belge a \u00e9t\u00e9 contraint \u00e0 l\u2019abandon. Un coup dur pour l\u2019\u00e9quipe Alpecin-Deceuninck, qui avait id\u00e9alement lanc\u00e9 son Tour avec deux premi\u00e8res journ\u00e9es de r\u00eave, marqu\u00e9es par la victoire et le maillot jaune de Philipsen lors de la premi\u00e8re \u00e9tape, puis celle de Mathieu van der Poel \u00e0 Boulogne-sur-Mer (Pas-de-Calais). La strat\u00e9gie du jour Le tour de passe-passe de Tim Wellens, nouveau maillot \u00e0 pois avec l\u2019assentiment de son co\u00e9quipier et leader Tadej Pogacar. Le champion de Belgique a pris la t\u00eate de course pour prendre le point du classement de la montagne au sommet du mont Cassel, \u00e0 30,9\u00a0km de la ligne, avant de se relever et de reprendre sa place dans le peloton. De quoi d\u00e9poss\u00e9der Pogacar du maillot \u00e0 pois de meilleur grimpeur\u2026 et lui \u00e9viter les contraintes du protocole en fin d\u2019\u00e9tape. La note\u00a0: C- Une premi\u00e8re partie d\u2019\u00e9tape ennuyante, de la pluie, des chutes qui ont tu\u00e9 dans l\u2019\u0153uf tout suspense\u00a0: nous accordons la note de C- \u00e0 cette \u00e9tape. Notre \u00e9chelle de notation va de A \u00e0 E. Le classement g\u00e9n\u00e9ral\u00a0: Mathieu van der Poel (Alpecin-Deceuninck) en 12\u00a0h\u00a055\u00a0min 37Tadej Pogacar (UAE Team Emirates-XRG) \u00e0 4\u00a0sJonas Vingegaard (Visma-Lease a Bike) \u00e0 6\u00a0sK\u00e9vin Vauquelin (Ark\u00e9a-B&amp;B Hotels) \u00e0 10\u00a0sMatteo Jorgenson (Visma-Lease a Bike) \u00e0 10\u00a0sEnric Mas (Movistar) \u00e0 10\u00a0sJoseph Blackmore (Israel-Premier Tech) \u00e0 41\u00a0sTobias Halland Johannessen (Uno-X Mobility) \u00e0 41\u00a0sBen O\u2019Connor (Jayco-AlUla) \u00e0 41\u00a0sEmanuel Buchmann (Cofidis) \u00e0 49\u00a0s Le maillot jaune\u00a0: Mathieu van der Poel (Alpecin-Deceuninck)Le maillot \u00e0 pois\u00a0: Tim Wellens (UAE Team Emirates-XRG)Le maillot blanc\u00a0: K\u00e9vin Vauquelin (Ark\u00e9a-B&amp;B Hotels)Le maillot vert\u00a0: Jonathan Milan (Lidl-Trek)Le prix de la combativit\u00e9\u00a0: Non remis.L\u2019image du jour\u00a0:   Service Sports      S\u2019abonner   Contribuer R\u00e9utiliser ce contenu\" \/>\n<meta name=\"robots\" content=\"noindex, follow, max-snippet:-1, max-image-preview:large, max-video-preview:-1\" \/>\n<meta property=\"og:locale\" content=\"fr_FR\" \/>\n<meta property=\"og:type\" content=\"article\" \/>\n<meta property=\"og:title\" content=\"Tour de France 2025\u00a0: le r\u00e9sum\u00e9 de la troisi\u00e8me \u00e9tape, remport\u00e9e au sprint par Tim Merlier et jalonn\u00e9e de violentes chutes - vof-news.eu\" \/>\n<meta property=\"og:description\" content=\"Haut du maillot compl\u00e8tement arrach\u00e9, \u00e9paules r\u00e2p\u00e9es, mollets ensanglant\u00e9s\u2026 La troisi\u00e8me \u00e9tape du Tour de France ne devait \u00eatre qu\u2019une promenade de sant\u00e9, en conclusion d\u2019un triptyque inaugural dans le Nord. Il en a pourtant r\u00e9sult\u00e9 un festival de chutes en tous genres laissant le peloton exsangue. C\u2019est finalement Tim Merlier (Soudal-Quick Step) qui s\u2019est impos\u00e9, lundi 7\u00a0juillet, \u00e0 Dunkerque, devant l\u2019Italien Jonathan Milan (Lidl-Trek) au terme d\u2019un final houleux, qui a notamment vu Jordi Meeus et Remco Evenepoel partir \u00e0 la faute \u00e0 trois kilom\u00e8tres de l\u2019arriv\u00e9e, puis Bol, Renard et Penho\u00ebt finir au tapis dans le dernier kilom\u00e8tre. Le N\u00e9erlandais Mathieu van der Poel conserve quant \u00e0 lui le maillot jaune\u00a0tandis que son co\u00e9quipier Jasper Philipsen a \u00e9t\u00e9 contraint \u00e0 l\u2019abandon, apr\u00e8s avoir \u00e9t\u00e9 percut\u00e9 par Bryan Coquard lui-m\u00eame pr\u00e9alablement au contact avec le Belge Laurenz Rex (Intermarch\u00e9-Wanty). Ce qu\u2019il faut retenir Le cador\u00a0: Tim Merlier Bienheureux celui qui aurait pu pr\u00e9voir comment allait se terminer la journ\u00e9e, plomb\u00e9e par les chutes sur les routes humides du Nord. Evitant les chutes (et les t\u00e9lescopages) et portant l\u2019estocade dans la derni\u00e8re ligne droite, Tim Merlier a montr\u00e9 qu\u2019il \u00e9tait le plus fort aujourd\u2019hui. Pi\u00e9g\u00e9 samedi dans une cassure, le Belge tient sa revanche et s\u2019offre par la m\u00eame occasion une deuxi\u00e8me victoire d\u2019\u00e9tape sur le Tour de France, apr\u00e8s celle de 2021\u00a0\u00e0 Pontivy (Morbihan). Le fil de l\u2019\u00e9tape Apr\u00e8s deux \u00e9tapes nerveuses, les 178,3\u00a0kilom\u00e8tres entre Valenciennes et Dunkerque (Nord) ont donn\u00e9 lieu \u00e0 une longue procession \u00e0 une vitesse moyenne peu \u00e9lev\u00e9e. Le peloton est sorti de sa torpeur \u00e0 60\u00a0kilom\u00e8tres de l\u2019arriv\u00e9e, pour le sprint interm\u00e9diaire. Mais la lourde chute de Jasper Philipsen (Alpecin-Deceuninck), percut\u00e9 par Bryan Coquard, a douch\u00e9 toutes vell\u00e9it\u00e9s. Seul Tim Wellens (UAE Team Emirates-XRG) s\u2019est un temps extirp\u00e9 du peloton pour filer en solitaire vers le sommet du mont Cassel. La course s\u2019est v\u00e9ritablement jou\u00e9e dans les dix derniers kilom\u00e8tres puis lors d\u2019un sprint massif, qui a de nouveau provoqu\u00e9 plusieurs chutes. La phrase a r\u00e9agi Bryan Coquard, les larmes aux yeux, au micro de France T\u00e9l\u00e9visions. Le tournant de la journ\u00e9e A l\u2019approche du sprint interm\u00e9diaire, Jasper Philipsen, vainqueur de la premi\u00e8re \u00e9tape \u00e0 Lille, a violemment chut\u00e9 apr\u00e8s avoir \u00e9t\u00e9 percut\u00e9 par le Fran\u00e7ais Bryan Coquard. Pris en charge par le service m\u00e9dical, le coureur belge a \u00e9t\u00e9 contraint \u00e0 l\u2019abandon. Un coup dur pour l\u2019\u00e9quipe Alpecin-Deceuninck, qui avait id\u00e9alement lanc\u00e9 son Tour avec deux premi\u00e8res journ\u00e9es de r\u00eave, marqu\u00e9es par la victoire et le maillot jaune de Philipsen lors de la premi\u00e8re \u00e9tape, puis celle de Mathieu van der Poel \u00e0 Boulogne-sur-Mer (Pas-de-Calais). La strat\u00e9gie du jour Le tour de passe-passe de Tim Wellens, nouveau maillot \u00e0 pois avec l\u2019assentiment de son co\u00e9quipier et leader Tadej Pogacar. Le champion de Belgique a pris la t\u00eate de course pour prendre le point du classement de la montagne au sommet du mont Cassel, \u00e0 30,9\u00a0km de la ligne, avant de se relever et de reprendre sa place dans le peloton. De quoi d\u00e9poss\u00e9der Pogacar du maillot \u00e0 pois de meilleur grimpeur\u2026 et lui \u00e9viter les contraintes du protocole en fin d\u2019\u00e9tape. La note\u00a0: C- Une premi\u00e8re partie d\u2019\u00e9tape ennuyante, de la pluie, des chutes qui ont tu\u00e9 dans l\u2019\u0153uf tout suspense\u00a0: nous accordons la note de C- \u00e0 cette \u00e9tape. Notre \u00e9chelle de notation va de A \u00e0 E. Le classement g\u00e9n\u00e9ral\u00a0: Mathieu van der Poel (Alpecin-Deceuninck) en 12\u00a0h\u00a055\u00a0min 37Tadej Pogacar (UAE Team Emirates-XRG) \u00e0 4\u00a0sJonas Vingegaard (Visma-Lease a Bike) \u00e0 6\u00a0sK\u00e9vin Vauquelin (Ark\u00e9a-B&amp;B Hotels) \u00e0 10\u00a0sMatteo Jorgenson (Visma-Lease a Bike) \u00e0 10\u00a0sEnric Mas (Movistar) \u00e0 10\u00a0sJoseph Blackmore (Israel-Premier Tech) \u00e0 41\u00a0sTobias Halland Johannessen (Uno-X Mobility) \u00e0 41\u00a0sBen O\u2019Connor (Jayco-AlUla) \u00e0 41\u00a0sEmanuel Buchmann (Cofidis) \u00e0 49\u00a0s Le maillot jaune\u00a0: Mathieu van der Poel (Alpecin-Deceuninck)Le maillot \u00e0 pois\u00a0: Tim Wellens (UAE Team Emirates-XRG)Le maillot blanc\u00a0: K\u00e9vin Vauquelin (Ark\u00e9a-B&amp;B Hotels)Le maillot vert\u00a0: Jonathan Milan (Lidl-Trek)Le prix de la combativit\u00e9\u00a0: Non remis.L\u2019image du jour\u00a0:   Service Sports      S\u2019abonner   Contribuer R\u00e9utiliser ce contenu\" \/>\n<meta property=\"og:url\" content=\"https:\/\/vof-news.eu\/fr\/tour-de-france-2025-le-resume-de-la-troisieme-etape-remportee-au-sprint-par-tim-merlier-et-jalonnee-de-violentes-chutes\/\" \/>\n<meta property=\"og:site_name\" content=\"vof-news.eu\" \/>\n<meta property=\"article:published_time\" content=\"2025-07-07T18:33:06+00:00\" \/>\n<meta property=\"article:modified_time\" content=\"2025-07-07T18:33:38+00:00\" \/>\n<meta property=\"og:image\" content=\"https:\/\/vof-news.eu\/wp-content\/uploads\/2025\/07\/d99d6c3_ftp-import-images-1-h1s3jkb73gjf-5352614-01-06.jpg\" \/>\n\t<meta property=\"og:image:width\" content=\"664\" \/>\n\t<meta property=\"og:image:height\" content=\"443\" \/>\n\t<meta property=\"og:image:type\" content=\"image\/jpeg\" \/>\n<meta name=\"author\" content=\"Author\" \/>\n<meta name=\"twitter:card\" content=\"summary_large_image\" \/>\n<meta name=\"twitter:label1\" content=\"\u00c9crit par\" \/>\n\t<meta name=\"twitter:data1\" content=\"Author\" \/>\n\t<meta name=\"twitter:label2\" content=\"Dur\u00e9e de lecture estim\u00e9e\" \/>\n\t<meta name=\"twitter:data2\" content=\"4 minutes\" \/>\n<script type=\"application\/ld+json\" class=\"yoast-schema-graph\">{\"@context\":\"https:\/\/schema.org\",\"@graph\":[{\"@type\":\"WebPage\",\"@id\":\"https:\/\/vof-news.eu\/fr\/tour-de-france-2025-le-resume-de-la-troisieme-etape-remportee-au-sprint-par-tim-merlier-et-jalonnee-de-violentes-chutes\/\",\"url\":\"https:\/\/vof-news.eu\/fr\/tour-de-france-2025-le-resume-de-la-troisieme-etape-remportee-au-sprint-par-tim-merlier-et-jalonnee-de-violentes-chutes\/\",\"name\":\"Tour de France 2025\u00a0: le r\u00e9sum\u00e9 de la troisi\u00e8me \u00e9tape, remport\u00e9e au sprint par Tim Merlier et jalonn\u00e9e de violentes chutes - vof-news.eu\",\"isPartOf\":{\"@id\":\"https:\/\/vof-news.eu\/fr\/#website\"},\"primaryImageOfPage\":{\"@id\":\"https:\/\/vof-news.eu\/fr\/tour-de-france-2025-le-resume-de-la-troisieme-etape-remportee-au-sprint-par-tim-merlier-et-jalonnee-de-violentes-chutes\/#primaryimage\"},\"image\":{\"@id\":\"https:\/\/vof-news.eu\/fr\/tour-de-france-2025-le-resume-de-la-troisieme-etape-remportee-au-sprint-par-tim-merlier-et-jalonnee-de-violentes-chutes\/#primaryimage\"},\"thumbnailUrl\":\"https:\/\/vof-news.eu\/wp-content\/uploads\/2025\/07\/d99d6c3_ftp-import-images-1-h1s3jkb73gjf-5352614-01-06.jpg\",\"datePublished\":\"2025-07-07T18:33:06+00:00\",\"dateModified\":\"2025-07-07T18:33:38+00:00\",\"author\":{\"@id\":\"https:\/\/vof-news.eu\/fr\/#\/schema\/person\/f6a2a4309f0561835797fd8c19b333ed\"},\"description\":\"Haut du maillot compl\u00e8tement arrach\u00e9, \u00e9paules r\u00e2p\u00e9es, mollets ensanglant\u00e9s\u2026 La troisi\u00e8me \u00e9tape du Tour de France ne devait \u00eatre qu\u2019une promenade de sant\u00e9, en conclusion d\u2019un triptyque inaugural dans le Nord. Il en a pourtant r\u00e9sult\u00e9 un festival de chutes en tous genres laissant le peloton exsangue. C\u2019est finalement Tim Merlier (Soudal-Quick Step) qui s\u2019est impos\u00e9, lundi 7\u00a0juillet, \u00e0 Dunkerque, devant l\u2019Italien Jonathan Milan (Lidl-Trek) au terme d\u2019un final houleux, qui a notamment vu Jordi Meeus et Remco Evenepoel partir \u00e0 la faute \u00e0 trois kilom\u00e8tres de l\u2019arriv\u00e9e, puis Bol, Renard et Penho\u00ebt finir au tapis dans le dernier kilom\u00e8tre. Le N\u00e9erlandais Mathieu van der Poel conserve quant \u00e0 lui le maillot jaune\u00a0tandis que son co\u00e9quipier Jasper Philipsen a \u00e9t\u00e9 contraint \u00e0 l\u2019abandon, apr\u00e8s avoir \u00e9t\u00e9 percut\u00e9 par Bryan Coquard lui-m\u00eame pr\u00e9alablement au contact avec le Belge Laurenz Rex (Intermarch\u00e9-Wanty). Ce qu\u2019il faut retenir Le cador\u00a0: Tim Merlier Bienheureux celui qui aurait pu pr\u00e9voir comment allait se terminer la journ\u00e9e, plomb\u00e9e par les chutes sur les routes humides du Nord. Evitant les chutes (et les t\u00e9lescopages) et portant l\u2019estocade dans la derni\u00e8re ligne droite, Tim Merlier a montr\u00e9 qu\u2019il \u00e9tait le plus fort aujourd\u2019hui. Pi\u00e9g\u00e9 samedi dans une cassure, le Belge tient sa revanche et s\u2019offre par la m\u00eame occasion une deuxi\u00e8me victoire d\u2019\u00e9tape sur le Tour de France, apr\u00e8s celle de 2021\u00a0\u00e0 Pontivy (Morbihan). Le fil de l\u2019\u00e9tape Apr\u00e8s deux \u00e9tapes nerveuses, les 178,3\u00a0kilom\u00e8tres entre Valenciennes et Dunkerque (Nord) ont donn\u00e9 lieu \u00e0 une longue procession \u00e0 une vitesse moyenne peu \u00e9lev\u00e9e. Le peloton est sorti de sa torpeur \u00e0 60\u00a0kilom\u00e8tres de l\u2019arriv\u00e9e, pour le sprint interm\u00e9diaire. Mais la lourde chute de Jasper Philipsen (Alpecin-Deceuninck), percut\u00e9 par Bryan Coquard, a douch\u00e9 toutes vell\u00e9it\u00e9s. Seul Tim Wellens (UAE Team Emirates-XRG) s\u2019est un temps extirp\u00e9 du peloton pour filer en solitaire vers le sommet du mont Cassel. La course s\u2019est v\u00e9ritablement jou\u00e9e dans les dix derniers kilom\u00e8tres puis lors d\u2019un sprint massif, qui a de nouveau provoqu\u00e9 plusieurs chutes. La phrase a r\u00e9agi Bryan Coquard, les larmes aux yeux, au micro de France T\u00e9l\u00e9visions. Le tournant de la journ\u00e9e A l\u2019approche du sprint interm\u00e9diaire, Jasper Philipsen, vainqueur de la premi\u00e8re \u00e9tape \u00e0 Lille, a violemment chut\u00e9 apr\u00e8s avoir \u00e9t\u00e9 percut\u00e9 par le Fran\u00e7ais Bryan Coquard. Pris en charge par le service m\u00e9dical, le coureur belge a \u00e9t\u00e9 contraint \u00e0 l\u2019abandon. Un coup dur pour l\u2019\u00e9quipe Alpecin-Deceuninck, qui avait id\u00e9alement lanc\u00e9 son Tour avec deux premi\u00e8res journ\u00e9es de r\u00eave, marqu\u00e9es par la victoire et le maillot jaune de Philipsen lors de la premi\u00e8re \u00e9tape, puis celle de Mathieu van der Poel \u00e0 Boulogne-sur-Mer (Pas-de-Calais). La strat\u00e9gie du jour Le tour de passe-passe de Tim Wellens, nouveau maillot \u00e0 pois avec l\u2019assentiment de son co\u00e9quipier et leader Tadej Pogacar. Le champion de Belgique a pris la t\u00eate de course pour prendre le point du classement de la montagne au sommet du mont Cassel, \u00e0 30,9\u00a0km de la ligne, avant de se relever et de reprendre sa place dans le peloton. De quoi d\u00e9poss\u00e9der Pogacar du maillot \u00e0 pois de meilleur grimpeur\u2026 et lui \u00e9viter les contraintes du protocole en fin d\u2019\u00e9tape. La note\u00a0: C- Une premi\u00e8re partie d\u2019\u00e9tape ennuyante, de la pluie, des chutes qui ont tu\u00e9 dans l\u2019\u0153uf tout suspense\u00a0: nous accordons la note de C- \u00e0 cette \u00e9tape. Notre \u00e9chelle de notation va de A \u00e0 E. Le classement g\u00e9n\u00e9ral\u00a0: Mathieu van der Poel (Alpecin-Deceuninck) en 12\u00a0h\u00a055\u00a0min 37Tadej Pogacar (UAE Team Emirates-XRG) \u00e0 4\u00a0sJonas Vingegaard (Visma-Lease a Bike) \u00e0 6\u00a0sK\u00e9vin Vauquelin (Ark\u00e9a-B&amp;B Hotels) \u00e0 10\u00a0sMatteo Jorgenson (Visma-Lease a Bike) \u00e0 10\u00a0sEnric Mas (Movistar) \u00e0 10\u00a0sJoseph Blackmore (Israel-Premier Tech) \u00e0 41\u00a0sTobias Halland Johannessen (Uno-X Mobility) \u00e0 41\u00a0sBen O\u2019Connor (Jayco-AlUla) \u00e0 41\u00a0sEmanuel Buchmann (Cofidis) \u00e0 49\u00a0s Le maillot jaune\u00a0: Mathieu van der Poel (Alpecin-Deceuninck)Le maillot \u00e0 pois\u00a0: Tim Wellens (UAE Team Emirates-XRG)Le maillot blanc\u00a0: K\u00e9vin Vauquelin (Ark\u00e9a-B&amp;B Hotels)Le maillot vert\u00a0: Jonathan Milan (Lidl-Trek)Le prix de la combativit\u00e9\u00a0: Non remis.L\u2019image du jour\u00a0: Service Sports S\u2019abonner Contribuer R\u00e9utiliser ce contenu\",\"breadcrumb\":{\"@id\":\"https:\/\/vof-news.eu\/fr\/tour-de-france-2025-le-resume-de-la-troisieme-etape-remportee-au-sprint-par-tim-merlier-et-jalonnee-de-violentes-chutes\/#breadcrumb\"},\"inLanguage\":\"fr-FR\",\"potentialAction\":[{\"@type\":\"ReadAction\",\"target\":[\"https:\/\/vof-news.eu\/fr\/tour-de-france-2025-le-resume-de-la-troisieme-etape-remportee-au-sprint-par-tim-merlier-et-jalonnee-de-violentes-chutes\/\"]}]},{\"@type\":\"ImageObject\",\"inLanguage\":\"fr-FR\",\"@id\":\"https:\/\/vof-news.eu\/fr\/tour-de-france-2025-le-resume-de-la-troisieme-etape-remportee-au-sprint-par-tim-merlier-et-jalonnee-de-violentes-chutes\/#primaryimage\",\"url\":\"https:\/\/vof-news.eu\/wp-content\/uploads\/2025\/07\/d99d6c3_ftp-import-images-1-h1s3jkb73gjf-5352614-01-06.jpg\",\"contentUrl\":\"https:\/\/vof-news.eu\/wp-content\/uploads\/2025\/07\/d99d6c3_ftp-import-images-1-h1s3jkb73gjf-5352614-01-06.jpg\",\"width\":664,\"height\":443},{\"@type\":\"BreadcrumbList\",\"@id\":\"https:\/\/vof-news.eu\/fr\/tour-de-france-2025-le-resume-de-la-troisieme-etape-remportee-au-sprint-par-tim-merlier-et-jalonnee-de-violentes-chutes\/#breadcrumb\",\"itemListElement\":[{\"@type\":\"ListItem\",\"position\":1,\"name\":\"Home\",\"item\":\"https:\/\/vof-news.eu\/fr\/\"},{\"@type\":\"ListItem\",\"position\":2,\"name\":\"Tour de France 2025\u00a0: le r\u00e9sum\u00e9 de la troisi\u00e8me \u00e9tape, remport\u00e9e au sprint par Tim Merlier et jalonn\u00e9e de violentes chutes\"}]},{\"@type\":\"WebSite\",\"@id\":\"https:\/\/vof-news.eu\/fr\/#website\",\"url\":\"https:\/\/vof-news.eu\/fr\/\",\"name\":\"vof-news.eu\",\"description\":\"\",\"potentialAction\":[{\"@type\":\"SearchAction\",\"target\":{\"@type\":\"EntryPoint\",\"urlTemplate\":\"https:\/\/vof-news.eu\/fr\/?s={search_term_string}\"},\"query-input\":\"required name=search_term_string\"}],\"inLanguage\":\"fr-FR\"},{\"@type\":\"Person\",\"@id\":\"https:\/\/vof-news.eu\/fr\/#\/schema\/person\/f6a2a4309f0561835797fd8c19b333ed\",\"name\":\"Author\",\"image\":{\"@type\":\"ImageObject\",\"inLanguage\":\"fr-FR\",\"@id\":\"https:\/\/vof-news.eu\/fr\/#\/schema\/person\/image\/\",\"url\":\"https:\/\/secure.gravatar.com\/avatar\/b67e614b1b25b3e9c0c239efdd2fde5ab015b5affd6f1c3c85911ca4b384e790?s=96&d=mm&r=g\",\"contentUrl\":\"https:\/\/secure.gravatar.com\/avatar\/b67e614b1b25b3e9c0c239efdd2fde5ab015b5affd6f1c3c85911ca4b384e790?s=96&d=mm&r=g\",\"caption\":\"Author\"},\"sameAs\":[\"http:\/\/vof-news.eu\"],\"url\":\"https:\/\/vof-news.eu\/fr\/author\/zwt6qxnjulxbnyg\/\"}]}<\/script>\n<!-- \/ Yoast SEO plugin. -->","yoast_head_json":{"title":"Tour de France 2025\u00a0: le r\u00e9sum\u00e9 de la troisi\u00e8me \u00e9tape, remport\u00e9e au sprint par Tim Merlier et jalonn\u00e9e de violentes chutes - vof-news.eu","description":"Haut du maillot compl\u00e8tement arrach\u00e9, \u00e9paules r\u00e2p\u00e9es, mollets ensanglant\u00e9s\u2026 La troisi\u00e8me \u00e9tape du Tour de France ne devait \u00eatre qu\u2019une promenade de sant\u00e9, en conclusion d\u2019un triptyque inaugural dans le Nord. Il en a pourtant r\u00e9sult\u00e9 un festival de chutes en tous genres laissant le peloton exsangue. C\u2019est finalement Tim Merlier (Soudal-Quick Step) qui s\u2019est impos\u00e9, lundi 7\u00a0juillet, \u00e0 Dunkerque, devant l\u2019Italien Jonathan Milan (Lidl-Trek) au terme d\u2019un final houleux, qui a notamment vu Jordi Meeus et Remco Evenepoel partir \u00e0 la faute \u00e0 trois kilom\u00e8tres de l\u2019arriv\u00e9e, puis Bol, Renard et Penho\u00ebt finir au tapis dans le dernier kilom\u00e8tre. Le N\u00e9erlandais Mathieu van der Poel conserve quant \u00e0 lui le maillot jaune\u00a0tandis que son co\u00e9quipier Jasper Philipsen a \u00e9t\u00e9 contraint \u00e0 l\u2019abandon, apr\u00e8s avoir \u00e9t\u00e9 percut\u00e9 par Bryan Coquard lui-m\u00eame pr\u00e9alablement au contact avec le Belge Laurenz Rex (Intermarch\u00e9-Wanty). Ce qu\u2019il faut retenir Le cador\u00a0: Tim Merlier Bienheureux celui qui aurait pu pr\u00e9voir comment allait se terminer la journ\u00e9e, plomb\u00e9e par les chutes sur les routes humides du Nord. Evitant les chutes (et les t\u00e9lescopages) et portant l\u2019estocade dans la derni\u00e8re ligne droite, Tim Merlier a montr\u00e9 qu\u2019il \u00e9tait le plus fort aujourd\u2019hui. Pi\u00e9g\u00e9 samedi dans une cassure, le Belge tient sa revanche et s\u2019offre par la m\u00eame occasion une deuxi\u00e8me victoire d\u2019\u00e9tape sur le Tour de France, apr\u00e8s celle de 2021\u00a0\u00e0 Pontivy (Morbihan). Le fil de l\u2019\u00e9tape Apr\u00e8s deux \u00e9tapes nerveuses, les 178,3\u00a0kilom\u00e8tres entre Valenciennes et Dunkerque (Nord) ont donn\u00e9 lieu \u00e0 une longue procession \u00e0 une vitesse moyenne peu \u00e9lev\u00e9e. Le peloton est sorti de sa torpeur \u00e0 60\u00a0kilom\u00e8tres de l\u2019arriv\u00e9e, pour le sprint interm\u00e9diaire. Mais la lourde chute de Jasper Philipsen (Alpecin-Deceuninck), percut\u00e9 par Bryan Coquard, a douch\u00e9 toutes vell\u00e9it\u00e9s. Seul Tim Wellens (UAE Team Emirates-XRG) s\u2019est un temps extirp\u00e9 du peloton pour filer en solitaire vers le sommet du mont Cassel. La course s\u2019est v\u00e9ritablement jou\u00e9e dans les dix derniers kilom\u00e8tres puis lors d\u2019un sprint massif, qui a de nouveau provoqu\u00e9 plusieurs chutes. La phrase a r\u00e9agi Bryan Coquard, les larmes aux yeux, au micro de France T\u00e9l\u00e9visions. Le tournant de la journ\u00e9e A l\u2019approche du sprint interm\u00e9diaire, Jasper Philipsen, vainqueur de la premi\u00e8re \u00e9tape \u00e0 Lille, a violemment chut\u00e9 apr\u00e8s avoir \u00e9t\u00e9 percut\u00e9 par le Fran\u00e7ais Bryan Coquard. Pris en charge par le service m\u00e9dical, le coureur belge a \u00e9t\u00e9 contraint \u00e0 l\u2019abandon. Un coup dur pour l\u2019\u00e9quipe Alpecin-Deceuninck, qui avait id\u00e9alement lanc\u00e9 son Tour avec deux premi\u00e8res journ\u00e9es de r\u00eave, marqu\u00e9es par la victoire et le maillot jaune de Philipsen lors de la premi\u00e8re \u00e9tape, puis celle de Mathieu van der Poel \u00e0 Boulogne-sur-Mer (Pas-de-Calais). La strat\u00e9gie du jour Le tour de passe-passe de Tim Wellens, nouveau maillot \u00e0 pois avec l\u2019assentiment de son co\u00e9quipier et leader Tadej Pogacar. Le champion de Belgique a pris la t\u00eate de course pour prendre le point du classement de la montagne au sommet du mont Cassel, \u00e0 30,9\u00a0km de la ligne, avant de se relever et de reprendre sa place dans le peloton. De quoi d\u00e9poss\u00e9der Pogacar du maillot \u00e0 pois de meilleur grimpeur\u2026 et lui \u00e9viter les contraintes du protocole en fin d\u2019\u00e9tape. La note\u00a0: C- Une premi\u00e8re partie d\u2019\u00e9tape ennuyante, de la pluie, des chutes qui ont tu\u00e9 dans l\u2019\u0153uf tout suspense\u00a0: nous accordons la note de C- \u00e0 cette \u00e9tape. Notre \u00e9chelle de notation va de A \u00e0 E. Le classement g\u00e9n\u00e9ral\u00a0: Mathieu van der Poel (Alpecin-Deceuninck) en 12\u00a0h\u00a055\u00a0min 37Tadej Pogacar (UAE Team Emirates-XRG) \u00e0 4\u00a0sJonas Vingegaard (Visma-Lease a Bike) \u00e0 6\u00a0sK\u00e9vin Vauquelin (Ark\u00e9a-B&amp;B Hotels) \u00e0 10\u00a0sMatteo Jorgenson (Visma-Lease a Bike) \u00e0 10\u00a0sEnric Mas (Movistar) \u00e0 10\u00a0sJoseph Blackmore (Israel-Premier Tech) \u00e0 41\u00a0sTobias Halland Johannessen (Uno-X Mobility) \u00e0 41\u00a0sBen O\u2019Connor (Jayco-AlUla) \u00e0 41\u00a0sEmanuel Buchmann (Cofidis) \u00e0 49\u00a0s Le maillot jaune\u00a0: Mathieu van der Poel (Alpecin-Deceuninck)Le maillot \u00e0 pois\u00a0: Tim Wellens (UAE Team Emirates-XRG)Le maillot blanc\u00a0: K\u00e9vin Vauquelin (Ark\u00e9a-B&amp;B Hotels)Le maillot vert\u00a0: Jonathan Milan (Lidl-Trek)Le prix de la combativit\u00e9\u00a0: Non remis.L\u2019image du jour\u00a0:   Service Sports      S\u2019abonner   Contribuer R\u00e9utiliser ce contenu","robots":{"index":"noindex","follow":"follow","max-snippet":"max-snippet:-1","max-image-preview":"max-image-preview:large","max-video-preview":"max-video-preview:-1"},"og_locale":"fr_FR","og_type":"article","og_title":"Tour de France 2025\u00a0: le r\u00e9sum\u00e9 de la troisi\u00e8me \u00e9tape, remport\u00e9e au sprint par Tim Merlier et jalonn\u00e9e de violentes chutes - vof-news.eu","og_description":"Haut du maillot compl\u00e8tement arrach\u00e9, \u00e9paules r\u00e2p\u00e9es, mollets ensanglant\u00e9s\u2026 La troisi\u00e8me \u00e9tape du Tour de France ne devait \u00eatre qu\u2019une promenade de sant\u00e9, en conclusion d\u2019un triptyque inaugural dans le Nord. Il en a pourtant r\u00e9sult\u00e9 un festival de chutes en tous genres laissant le peloton exsangue. C\u2019est finalement Tim Merlier (Soudal-Quick Step) qui s\u2019est impos\u00e9, lundi 7\u00a0juillet, \u00e0 Dunkerque, devant l\u2019Italien Jonathan Milan (Lidl-Trek) au terme d\u2019un final houleux, qui a notamment vu Jordi Meeus et Remco Evenepoel partir \u00e0 la faute \u00e0 trois kilom\u00e8tres de l\u2019arriv\u00e9e, puis Bol, Renard et Penho\u00ebt finir au tapis dans le dernier kilom\u00e8tre. Le N\u00e9erlandais Mathieu van der Poel conserve quant \u00e0 lui le maillot jaune\u00a0tandis que son co\u00e9quipier Jasper Philipsen a \u00e9t\u00e9 contraint \u00e0 l\u2019abandon, apr\u00e8s avoir \u00e9t\u00e9 percut\u00e9 par Bryan Coquard lui-m\u00eame pr\u00e9alablement au contact avec le Belge Laurenz Rex (Intermarch\u00e9-Wanty). Ce qu\u2019il faut retenir Le cador\u00a0: Tim Merlier Bienheureux celui qui aurait pu pr\u00e9voir comment allait se terminer la journ\u00e9e, plomb\u00e9e par les chutes sur les routes humides du Nord. Evitant les chutes (et les t\u00e9lescopages) et portant l\u2019estocade dans la derni\u00e8re ligne droite, Tim Merlier a montr\u00e9 qu\u2019il \u00e9tait le plus fort aujourd\u2019hui. Pi\u00e9g\u00e9 samedi dans une cassure, le Belge tient sa revanche et s\u2019offre par la m\u00eame occasion une deuxi\u00e8me victoire d\u2019\u00e9tape sur le Tour de France, apr\u00e8s celle de 2021\u00a0\u00e0 Pontivy (Morbihan). Le fil de l\u2019\u00e9tape Apr\u00e8s deux \u00e9tapes nerveuses, les 178,3\u00a0kilom\u00e8tres entre Valenciennes et Dunkerque (Nord) ont donn\u00e9 lieu \u00e0 une longue procession \u00e0 une vitesse moyenne peu \u00e9lev\u00e9e. Le peloton est sorti de sa torpeur \u00e0 60\u00a0kilom\u00e8tres de l\u2019arriv\u00e9e, pour le sprint interm\u00e9diaire. Mais la lourde chute de Jasper Philipsen (Alpecin-Deceuninck), percut\u00e9 par Bryan Coquard, a douch\u00e9 toutes vell\u00e9it\u00e9s. Seul Tim Wellens (UAE Team Emirates-XRG) s\u2019est un temps extirp\u00e9 du peloton pour filer en solitaire vers le sommet du mont Cassel. La course s\u2019est v\u00e9ritablement jou\u00e9e dans les dix derniers kilom\u00e8tres puis lors d\u2019un sprint massif, qui a de nouveau provoqu\u00e9 plusieurs chutes. La phrase a r\u00e9agi Bryan Coquard, les larmes aux yeux, au micro de France T\u00e9l\u00e9visions. Le tournant de la journ\u00e9e A l\u2019approche du sprint interm\u00e9diaire, Jasper Philipsen, vainqueur de la premi\u00e8re \u00e9tape \u00e0 Lille, a violemment chut\u00e9 apr\u00e8s avoir \u00e9t\u00e9 percut\u00e9 par le Fran\u00e7ais Bryan Coquard. Pris en charge par le service m\u00e9dical, le coureur belge a \u00e9t\u00e9 contraint \u00e0 l\u2019abandon. Un coup dur pour l\u2019\u00e9quipe Alpecin-Deceuninck, qui avait id\u00e9alement lanc\u00e9 son Tour avec deux premi\u00e8res journ\u00e9es de r\u00eave, marqu\u00e9es par la victoire et le maillot jaune de Philipsen lors de la premi\u00e8re \u00e9tape, puis celle de Mathieu van der Poel \u00e0 Boulogne-sur-Mer (Pas-de-Calais). La strat\u00e9gie du jour Le tour de passe-passe de Tim Wellens, nouveau maillot \u00e0 pois avec l\u2019assentiment de son co\u00e9quipier et leader Tadej Pogacar. Le champion de Belgique a pris la t\u00eate de course pour prendre le point du classement de la montagne au sommet du mont Cassel, \u00e0 30,9\u00a0km de la ligne, avant de se relever et de reprendre sa place dans le peloton. De quoi d\u00e9poss\u00e9der Pogacar du maillot \u00e0 pois de meilleur grimpeur\u2026 et lui \u00e9viter les contraintes du protocole en fin d\u2019\u00e9tape. La note\u00a0: C- Une premi\u00e8re partie d\u2019\u00e9tape ennuyante, de la pluie, des chutes qui ont tu\u00e9 dans l\u2019\u0153uf tout suspense\u00a0: nous accordons la note de C- \u00e0 cette \u00e9tape. Notre \u00e9chelle de notation va de A \u00e0 E. Le classement g\u00e9n\u00e9ral\u00a0: Mathieu van der Poel (Alpecin-Deceuninck) en 12\u00a0h\u00a055\u00a0min 37Tadej Pogacar (UAE Team Emirates-XRG) \u00e0 4\u00a0sJonas Vingegaard (Visma-Lease a Bike) \u00e0 6\u00a0sK\u00e9vin Vauquelin (Ark\u00e9a-B&amp;B Hotels) \u00e0 10\u00a0sMatteo Jorgenson (Visma-Lease a Bike) \u00e0 10\u00a0sEnric Mas (Movistar) \u00e0 10\u00a0sJoseph Blackmore (Israel-Premier Tech) \u00e0 41\u00a0sTobias Halland Johannessen (Uno-X Mobility) \u00e0 41\u00a0sBen O\u2019Connor (Jayco-AlUla) \u00e0 41\u00a0sEmanuel Buchmann (Cofidis) \u00e0 49\u00a0s Le maillot jaune\u00a0: Mathieu van der Poel (Alpecin-Deceuninck)Le maillot \u00e0 pois\u00a0: Tim Wellens (UAE Team Emirates-XRG)Le maillot blanc\u00a0: K\u00e9vin Vauquelin (Ark\u00e9a-B&amp;B Hotels)Le maillot vert\u00a0: Jonathan Milan (Lidl-Trek)Le prix de la combativit\u00e9\u00a0: Non remis.L\u2019image du jour\u00a0:   Service Sports      S\u2019abonner   Contribuer R\u00e9utiliser ce contenu","og_url":"https:\/\/vof-news.eu\/fr\/tour-de-france-2025-le-resume-de-la-troisieme-etape-remportee-au-sprint-par-tim-merlier-et-jalonnee-de-violentes-chutes\/","og_site_name":"vof-news.eu","article_published_time":"2025-07-07T18:33:06+00:00","article_modified_time":"2025-07-07T18:33:38+00:00","og_image":[{"width":664,"height":443,"url":"https:\/\/vof-news.eu\/wp-content\/uploads\/2025\/07\/d99d6c3_ftp-import-images-1-h1s3jkb73gjf-5352614-01-06.jpg","type":"image\/jpeg"}],"author":"Author","twitter_card":"summary_large_image","twitter_misc":{"\u00c9crit par":"Author","Dur\u00e9e de lecture estim\u00e9e":"4 minutes"},"schema":{"@context":"https:\/\/schema.org","@graph":[{"@type":"WebPage","@id":"https:\/\/vof-news.eu\/fr\/tour-de-france-2025-le-resume-de-la-troisieme-etape-remportee-au-sprint-par-tim-merlier-et-jalonnee-de-violentes-chutes\/","url":"https:\/\/vof-news.eu\/fr\/tour-de-france-2025-le-resume-de-la-troisieme-etape-remportee-au-sprint-par-tim-merlier-et-jalonnee-de-violentes-chutes\/","name":"Tour de France 2025\u00a0: le r\u00e9sum\u00e9 de la troisi\u00e8me \u00e9tape, remport\u00e9e au sprint par Tim Merlier et jalonn\u00e9e de violentes chutes - vof-news.eu","isPartOf":{"@id":"https:\/\/vof-news.eu\/fr\/#website"},"primaryImageOfPage":{"@id":"https:\/\/vof-news.eu\/fr\/tour-de-france-2025-le-resume-de-la-troisieme-etape-remportee-au-sprint-par-tim-merlier-et-jalonnee-de-violentes-chutes\/#primaryimage"},"image":{"@id":"https:\/\/vof-news.eu\/fr\/tour-de-france-2025-le-resume-de-la-troisieme-etape-remportee-au-sprint-par-tim-merlier-et-jalonnee-de-violentes-chutes\/#primaryimage"},"thumbnailUrl":"https:\/\/vof-news.eu\/wp-content\/uploads\/2025\/07\/d99d6c3_ftp-import-images-1-h1s3jkb73gjf-5352614-01-06.jpg","datePublished":"2025-07-07T18:33:06+00:00","dateModified":"2025-07-07T18:33:38+00:00","author":{"@id":"https:\/\/vof-news.eu\/fr\/#\/schema\/person\/f6a2a4309f0561835797fd8c19b333ed"},"description":"Haut du maillot compl\u00e8tement arrach\u00e9, \u00e9paules r\u00e2p\u00e9es, mollets ensanglant\u00e9s\u2026 La troisi\u00e8me \u00e9tape du Tour de France ne devait \u00eatre qu\u2019une promenade de sant\u00e9, en conclusion d\u2019un triptyque inaugural dans le Nord. Il en a pourtant r\u00e9sult\u00e9 un festival de chutes en tous genres laissant le peloton exsangue. C\u2019est finalement Tim Merlier (Soudal-Quick Step) qui s\u2019est impos\u00e9, lundi 7\u00a0juillet, \u00e0 Dunkerque, devant l\u2019Italien Jonathan Milan (Lidl-Trek) au terme d\u2019un final houleux, qui a notamment vu Jordi Meeus et Remco Evenepoel partir \u00e0 la faute \u00e0 trois kilom\u00e8tres de l\u2019arriv\u00e9e, puis Bol, Renard et Penho\u00ebt finir au tapis dans le dernier kilom\u00e8tre. Le N\u00e9erlandais Mathieu van der Poel conserve quant \u00e0 lui le maillot jaune\u00a0tandis que son co\u00e9quipier Jasper Philipsen a \u00e9t\u00e9 contraint \u00e0 l\u2019abandon, apr\u00e8s avoir \u00e9t\u00e9 percut\u00e9 par Bryan Coquard lui-m\u00eame pr\u00e9alablement au contact avec le Belge Laurenz Rex (Intermarch\u00e9-Wanty). Ce qu\u2019il faut retenir Le cador\u00a0: Tim Merlier Bienheureux celui qui aurait pu pr\u00e9voir comment allait se terminer la journ\u00e9e, plomb\u00e9e par les chutes sur les routes humides du Nord. Evitant les chutes (et les t\u00e9lescopages) et portant l\u2019estocade dans la derni\u00e8re ligne droite, Tim Merlier a montr\u00e9 qu\u2019il \u00e9tait le plus fort aujourd\u2019hui. Pi\u00e9g\u00e9 samedi dans une cassure, le Belge tient sa revanche et s\u2019offre par la m\u00eame occasion une deuxi\u00e8me victoire d\u2019\u00e9tape sur le Tour de France, apr\u00e8s celle de 2021\u00a0\u00e0 Pontivy (Morbihan). Le fil de l\u2019\u00e9tape Apr\u00e8s deux \u00e9tapes nerveuses, les 178,3\u00a0kilom\u00e8tres entre Valenciennes et Dunkerque (Nord) ont donn\u00e9 lieu \u00e0 une longue procession \u00e0 une vitesse moyenne peu \u00e9lev\u00e9e. Le peloton est sorti de sa torpeur \u00e0 60\u00a0kilom\u00e8tres de l\u2019arriv\u00e9e, pour le sprint interm\u00e9diaire. Mais la lourde chute de Jasper Philipsen (Alpecin-Deceuninck), percut\u00e9 par Bryan Coquard, a douch\u00e9 toutes vell\u00e9it\u00e9s. Seul Tim Wellens (UAE Team Emirates-XRG) s\u2019est un temps extirp\u00e9 du peloton pour filer en solitaire vers le sommet du mont Cassel. La course s\u2019est v\u00e9ritablement jou\u00e9e dans les dix derniers kilom\u00e8tres puis lors d\u2019un sprint massif, qui a de nouveau provoqu\u00e9 plusieurs chutes. La phrase a r\u00e9agi Bryan Coquard, les larmes aux yeux, au micro de France T\u00e9l\u00e9visions. Le tournant de la journ\u00e9e A l\u2019approche du sprint interm\u00e9diaire, Jasper Philipsen, vainqueur de la premi\u00e8re \u00e9tape \u00e0 Lille, a violemment chut\u00e9 apr\u00e8s avoir \u00e9t\u00e9 percut\u00e9 par le Fran\u00e7ais Bryan Coquard. Pris en charge par le service m\u00e9dical, le coureur belge a \u00e9t\u00e9 contraint \u00e0 l\u2019abandon. Un coup dur pour l\u2019\u00e9quipe Alpecin-Deceuninck, qui avait id\u00e9alement lanc\u00e9 son Tour avec deux premi\u00e8res journ\u00e9es de r\u00eave, marqu\u00e9es par la victoire et le maillot jaune de Philipsen lors de la premi\u00e8re \u00e9tape, puis celle de Mathieu van der Poel \u00e0 Boulogne-sur-Mer (Pas-de-Calais). La strat\u00e9gie du jour Le tour de passe-passe de Tim Wellens, nouveau maillot \u00e0 pois avec l\u2019assentiment de son co\u00e9quipier et leader Tadej Pogacar. Le champion de Belgique a pris la t\u00eate de course pour prendre le point du classement de la montagne au sommet du mont Cassel, \u00e0 30,9\u00a0km de la ligne, avant de se relever et de reprendre sa place dans le peloton. De quoi d\u00e9poss\u00e9der Pogacar du maillot \u00e0 pois de meilleur grimpeur\u2026 et lui \u00e9viter les contraintes du protocole en fin d\u2019\u00e9tape. La note\u00a0: C- Une premi\u00e8re partie d\u2019\u00e9tape ennuyante, de la pluie, des chutes qui ont tu\u00e9 dans l\u2019\u0153uf tout suspense\u00a0: nous accordons la note de C- \u00e0 cette \u00e9tape. Notre \u00e9chelle de notation va de A \u00e0 E. Le classement g\u00e9n\u00e9ral\u00a0: Mathieu van der Poel (Alpecin-Deceuninck) en 12\u00a0h\u00a055\u00a0min 37Tadej Pogacar (UAE Team Emirates-XRG) \u00e0 4\u00a0sJonas Vingegaard (Visma-Lease a Bike) \u00e0 6\u00a0sK\u00e9vin Vauquelin (Ark\u00e9a-B&amp;B Hotels) \u00e0 10\u00a0sMatteo Jorgenson (Visma-Lease a Bike) \u00e0 10\u00a0sEnric Mas (Movistar) \u00e0 10\u00a0sJoseph Blackmore (Israel-Premier Tech) \u00e0 41\u00a0sTobias Halland Johannessen (Uno-X Mobility) \u00e0 41\u00a0sBen O\u2019Connor (Jayco-AlUla) \u00e0 41\u00a0sEmanuel Buchmann (Cofidis) \u00e0 49\u00a0s Le maillot jaune\u00a0: Mathieu van der Poel (Alpecin-Deceuninck)Le maillot \u00e0 pois\u00a0: Tim Wellens (UAE Team Emirates-XRG)Le maillot blanc\u00a0: K\u00e9vin Vauquelin (Ark\u00e9a-B&amp;B Hotels)Le maillot vert\u00a0: Jonathan Milan (Lidl-Trek)Le prix de la combativit\u00e9\u00a0: Non remis.L\u2019image du jour\u00a0: Service Sports S\u2019abonner Contribuer R\u00e9utiliser ce contenu","breadcrumb":{"@id":"https:\/\/vof-news.eu\/fr\/tour-de-france-2025-le-resume-de-la-troisieme-etape-remportee-au-sprint-par-tim-merlier-et-jalonnee-de-violentes-chutes\/#breadcrumb"},"inLanguage":"fr-FR","potentialAction":[{"@type":"ReadAction","target":["https:\/\/vof-news.eu\/fr\/tour-de-france-2025-le-resume-de-la-troisieme-etape-remportee-au-sprint-par-tim-merlier-et-jalonnee-de-violentes-chutes\/"]}]},{"@type":"ImageObject","inLanguage":"fr-FR","@id":"https:\/\/vof-news.eu\/fr\/tour-de-france-2025-le-resume-de-la-troisieme-etape-remportee-au-sprint-par-tim-merlier-et-jalonnee-de-violentes-chutes\/#primaryimage","url":"https:\/\/vof-news.eu\/wp-content\/uploads\/2025\/07\/d99d6c3_ftp-import-images-1-h1s3jkb73gjf-5352614-01-06.jpg","contentUrl":"https:\/\/vof-news.eu\/wp-content\/uploads\/2025\/07\/d99d6c3_ftp-import-images-1-h1s3jkb73gjf-5352614-01-06.jpg","width":664,"height":443},{"@type":"BreadcrumbList","@id":"https:\/\/vof-news.eu\/fr\/tour-de-france-2025-le-resume-de-la-troisieme-etape-remportee-au-sprint-par-tim-merlier-et-jalonnee-de-violentes-chutes\/#breadcrumb","itemListElement":[{"@type":"ListItem","position":1,"name":"Home","item":"https:\/\/vof-news.eu\/fr\/"},{"@type":"ListItem","position":2,"name":"Tour de France 2025\u00a0: le r\u00e9sum\u00e9 de la troisi\u00e8me \u00e9tape, remport\u00e9e au sprint par Tim Merlier et jalonn\u00e9e de violentes chutes"}]},{"@type":"WebSite","@id":"https:\/\/vof-news.eu\/fr\/#website","url":"https:\/\/vof-news.eu\/fr\/","name":"vof-news.eu","description":"","potentialAction":[{"@type":"SearchAction","target":{"@type":"EntryPoint","urlTemplate":"https:\/\/vof-news.eu\/fr\/?s={search_term_string}"},"query-input":"required name=search_term_string"}],"inLanguage":"fr-FR"},{"@type":"Person","@id":"https:\/\/vof-news.eu\/fr\/#\/schema\/person\/f6a2a4309f0561835797fd8c19b333ed","name":"Author","image":{"@type":"ImageObject","inLanguage":"fr-FR","@id":"https:\/\/vof-news.eu\/fr\/#\/schema\/person\/image\/","url":"https:\/\/secure.gravatar.com\/avatar\/b67e614b1b25b3e9c0c239efdd2fde5ab015b5affd6f1c3c85911ca4b384e790?s=96&d=mm&r=g","contentUrl":"https:\/\/secure.gravatar.com\/avatar\/b67e614b1b25b3e9c0c239efdd2fde5ab015b5affd6f1c3c85911ca4b384e790?s=96&d=mm&r=g","caption":"Author"},"sameAs":["http:\/\/vof-news.eu"],"url":"https:\/\/vof-news.eu\/fr\/author\/zwt6qxnjulxbnyg\/"}]}},"yoast_meta":{"yoast_wpseo_title":"","yoast_wpseo_metadesc":"","yoast_wpseo_canonical":""},"_links":{"self":[{"href":"https:\/\/vof-news.eu\/fr\/wp-json\/wp\/v2\/posts\/249086","targetHints":{"allow":["GET"]}}],"collection":[{"href":"https:\/\/vof-news.eu\/fr\/wp-json\/wp\/v2\/posts"}],"about":[{"href":"https:\/\/vof-news.eu\/fr\/wp-json\/wp\/v2\/types\/post"}],"author":[{"embeddable":true,"href":"https:\/\/vof-news.eu\/fr\/wp-json\/wp\/v2\/users\/1"}],"replies":[{"embeddable":true,"href":"https:\/\/vof-news.eu\/fr\/wp-json\/wp\/v2\/comments?post=249086"}],"version-history":[{"count":1,"href":"https:\/\/vof-news.eu\/fr\/wp-json\/wp\/v2\/posts\/249086\/revisions"}],"predecessor-version":[{"id":249093,"href":"https:\/\/vof-news.eu\/fr\/wp-json\/wp\/v2\/posts\/249086\/revisions\/249093"}],"wp:featuredmedia":[{"embeddable":true,"href":"https:\/\/vof-news.eu\/fr\/wp-json\/wp\/v2\/media\/249087"}],"wp:attachment":[{"href":"https:\/\/vof-news.eu\/fr\/wp-json\/wp\/v2\/media?parent=249086"}],"wp:term":[{"taxonomy":"category","embeddable":true,"href":"https:\/\/vof-news.eu\/fr\/wp-json\/wp\/v2\/categories?post=249086"},{"taxonomy":"post_tag","embeddable":true,"href":"https:\/\/vof-news.eu\/fr\/wp-json\/wp\/v2\/tags?post=249086"}],"curies":[{"name":"wp","href":"https:\/\/api.w.org\/{rel}","templated":true}]}}