{"id":249070,"date":"2025-07-07T21:31:52","date_gmt":"2025-07-07T18:31:52","guid":{"rendered":"https:\/\/vof-news.eu\/emmanuel-macron-en-visite-detat-a-londres-pour-tourner-la-page-du-brexit\/"},"modified":"2025-07-07T21:32:08","modified_gmt":"2025-07-07T18:32:08","slug":"emmanuel-macron-en-visite-detat-a-londres-pour-tourner-la-page-du-brexit","status":"publish","type":"post","link":"https:\/\/vof-news.eu\/fr\/emmanuel-macron-en-visite-detat-a-londres-pour-tourner-la-page-du-brexit\/","title":{"rendered":"Emmanuel Macron en visite d\u2019Etat \u00e0 Londres pour tourner la page du Brexit"},"content":{"rendered":"<article>\n<p>Du 8\u00a0au 10\u00a0juillet, Emmanuel Macron est en visite d\u2019Etat au Royaume-Uni. Discussions sur l\u2019Ukraine, migration transmanche et coop\u00e9ration dans le nucl\u00e9aire civil figurent au programme, mais, surtout, beaucoup de gestes symboliques et d\u2019apparat, la royaut\u00e9 britannique ne l\u00e9sinant jamais sur la pompe pour honorer ses h\u00f4tes.<\/p>\n<p>Le chef de l\u2019Etat et son \u00e9pouse commenceront leur visite mardi au ch\u00e2teau de Windsor, accueillis par le roi Charles\u00a0III \u2013\u00a0qui a fait de ce site mill\u00e9naire sa principale r\u00e9sidence\u00a0\u2013 et par la reine consort, Camilla. Il se rendra ensuite \u00e0 Londres, pour une visite de l\u2019abbaye de Westminster, l\u2019\u00e9quivalent pour les Britanniques de la basilique de Saint-Denis (Seine-Saint-Denis), o\u00f9 sont inhum\u00e9s 30\u00a0rois et reines.<\/p>\n<p>M.\u00a0Macron prononcera ensuite un discours face aux lords et aux d\u00e9put\u00e9s, r\u00e9unis dans le palais de Westminster. Il retournera ensuite \u00e0 Windsor pour un d\u00eener d\u2019Etat, apr\u00e8s avoir d\u00e9pos\u00e9 des gerbes au pied des statues des deux hommes politiques les plus honor\u00e9s des deux pays voisins\u00a0: celle de Winston Churchill faisant face \u00e0 Big Ben, et celle de Charles de Gaulle, \u00e9rig\u00e9e \u00e0 Carlton Gardens, en face de l\u2019immeuble ayant h\u00e9berg\u00e9 le gouvernement fran\u00e7ais en exil, en\u00a01940.<\/p>\n<p><strong>Il vous reste 82.36% de cet article \u00e0 lire. La suite est r\u00e9serv\u00e9e aux abonn\u00e9s.<\/strong><\/p>\n<\/article>\n","protected":false},"excerpt":{"rendered":"<p>Du 8\u00a0au 10\u00a0juillet, Emmanuel Macron est en visite d\u2019Etat au Royaume-Uni. Discussions sur l\u2019Ukraine, migration transmanche et coop\u00e9ration dans le nucl\u00e9aire civil figurent au programme, mais, surtout, beaucoup de gestes symboliques et d\u2019apparat, la royaut\u00e9 britannique ne l\u00e9sinant jamais sur la pompe pour honorer ses h\u00f4tes. Le chef de l\u2019Etat et son \u00e9pouse commenceront leur<\/p>\n","protected":false},"author":1,"featured_media":249071,"comment_status":"open","ping_status":"open","sticky":false,"template":"","format":"standard","meta":{"footnotes":""},"categories":[68],"tags":[],"class_list":["post-249070","post","type-post","status-publish","format-standard","has-post-thumbnail","hentry","category-politics-fr"],"acf":[],"yoast_head":"<!-- This site is optimized with the Yoast SEO plugin v22.9 - https:\/\/yoast.com\/wordpress\/plugins\/seo\/ -->\n<title>Emmanuel Macron en visite d\u2019Etat \u00e0 Londres pour tourner la page du Brexit - vof-news.eu<\/title>\n<meta name=\"description\" content=\"Du 8\u00a0au 10\u00a0juillet, Emmanuel Macron est en visite d\u2019Etat au Royaume-Uni. Discussions sur l\u2019Ukraine, migration transmanche et coop\u00e9ration dans le nucl\u00e9aire civil figurent au programme, mais, surtout, beaucoup de gestes symboliques et d\u2019apparat, la royaut\u00e9 britannique ne l\u00e9sinant jamais sur la pompe pour honorer ses h\u00f4tes. Le chef de l\u2019Etat et son \u00e9pouse commenceront leur visite mardi au ch\u00e2teau de Windsor, accueillis par le roi Charles\u00a0III \u2013\u00a0qui a fait de ce site mill\u00e9naire sa principale r\u00e9sidence\u00a0\u2013 et par la reine consort, Camilla. Il se rendra ensuite \u00e0 Londres, pour une visite de l\u2019abbaye de Westminster, l\u2019\u00e9quivalent pour les Britanniques de la basilique de Saint-Denis (Seine-Saint-Denis), o\u00f9 sont inhum\u00e9s 30\u00a0rois et reines. M.\u00a0Macron prononcera ensuite un discours face aux lords et aux d\u00e9put\u00e9s, r\u00e9unis dans le palais de Westminster. Il retournera ensuite \u00e0 Windsor pour un d\u00eener d\u2019Etat, apr\u00e8s avoir d\u00e9pos\u00e9 des gerbes au pied des statues des deux hommes politiques les plus honor\u00e9s des deux pays voisins\u00a0: celle de Winston Churchill faisant face \u00e0 Big Ben, et celle de Charles de Gaulle, \u00e9rig\u00e9e \u00e0 Carlton Gardens, en face de l\u2019immeuble ayant h\u00e9berg\u00e9 le gouvernement fran\u00e7ais en exil, en\u00a01940. Il vous reste 82.36% de cet article \u00e0 lire. La suite est r\u00e9serv\u00e9e aux abonn\u00e9s.\" \/>\n<meta name=\"robots\" content=\"noindex, follow, max-snippet:-1, max-image-preview:large, max-video-preview:-1\" \/>\n<meta property=\"og:locale\" content=\"fr_FR\" \/>\n<meta property=\"og:type\" content=\"article\" \/>\n<meta property=\"og:title\" content=\"Emmanuel Macron en visite d\u2019Etat \u00e0 Londres pour tourner la page du Brexit - vof-news.eu\" \/>\n<meta property=\"og:description\" content=\"Du 8\u00a0au 10\u00a0juillet, Emmanuel Macron est en visite d\u2019Etat au Royaume-Uni. Discussions sur l\u2019Ukraine, migration transmanche et coop\u00e9ration dans le nucl\u00e9aire civil figurent au programme, mais, surtout, beaucoup de gestes symboliques et d\u2019apparat, la royaut\u00e9 britannique ne l\u00e9sinant jamais sur la pompe pour honorer ses h\u00f4tes. Le chef de l\u2019Etat et son \u00e9pouse commenceront leur visite mardi au ch\u00e2teau de Windsor, accueillis par le roi Charles\u00a0III \u2013\u00a0qui a fait de ce site mill\u00e9naire sa principale r\u00e9sidence\u00a0\u2013 et par la reine consort, Camilla. Il se rendra ensuite \u00e0 Londres, pour une visite de l\u2019abbaye de Westminster, l\u2019\u00e9quivalent pour les Britanniques de la basilique de Saint-Denis (Seine-Saint-Denis), o\u00f9 sont inhum\u00e9s 30\u00a0rois et reines. M.\u00a0Macron prononcera ensuite un discours face aux lords et aux d\u00e9put\u00e9s, r\u00e9unis dans le palais de Westminster. Il retournera ensuite \u00e0 Windsor pour un d\u00eener d\u2019Etat, apr\u00e8s avoir d\u00e9pos\u00e9 des gerbes au pied des statues des deux hommes politiques les plus honor\u00e9s des deux pays voisins\u00a0: celle de Winston Churchill faisant face \u00e0 Big Ben, et celle de Charles de Gaulle, \u00e9rig\u00e9e \u00e0 Carlton Gardens, en face de l\u2019immeuble ayant h\u00e9berg\u00e9 le gouvernement fran\u00e7ais en exil, en\u00a01940. Il vous reste 82.36% de cet article \u00e0 lire. La suite est r\u00e9serv\u00e9e aux abonn\u00e9s.\" \/>\n<meta property=\"og:url\" content=\"https:\/\/vof-news.eu\/fr\/emmanuel-macron-en-visite-detat-a-londres-pour-tourner-la-page-du-brexit\/\" \/>\n<meta property=\"og:site_name\" content=\"vof-news.eu\" \/>\n<meta property=\"article:published_time\" content=\"2025-07-07T18:31:52+00:00\" \/>\n<meta property=\"article:modified_time\" content=\"2025-07-07T18:32:08+00:00\" \/>\n<meta property=\"og:image\" content=\"https:\/\/vof-news.eu\/wp-content\/uploads\/2025\/07\/e3ea298_upload-1-8cc2at4zoqba-jmug250616071.jpg\" \/>\n\t<meta property=\"og:image:width\" content=\"664\" \/>\n\t<meta property=\"og:image:height\" content=\"443\" \/>\n\t<meta property=\"og:image:type\" content=\"image\/jpeg\" \/>\n<meta name=\"author\" content=\"Author\" \/>\n<meta name=\"twitter:card\" content=\"summary_large_image\" \/>\n<meta name=\"twitter:label1\" content=\"\u00c9crit par\" \/>\n\t<meta name=\"twitter:data1\" content=\"Author\" \/>\n\t<meta name=\"twitter:label2\" content=\"Dur\u00e9e de lecture estim\u00e9e\" \/>\n\t<meta name=\"twitter:data2\" content=\"1 minute\" \/>\n<script type=\"application\/ld+json\" class=\"yoast-schema-graph\">{\"@context\":\"https:\/\/schema.org\",\"@graph\":[{\"@type\":\"WebPage\",\"@id\":\"https:\/\/vof-news.eu\/fr\/emmanuel-macron-en-visite-detat-a-londres-pour-tourner-la-page-du-brexit\/\",\"url\":\"https:\/\/vof-news.eu\/fr\/emmanuel-macron-en-visite-detat-a-londres-pour-tourner-la-page-du-brexit\/\",\"name\":\"Emmanuel Macron en visite d\u2019Etat \u00e0 Londres pour tourner la page du Brexit - vof-news.eu\",\"isPartOf\":{\"@id\":\"https:\/\/vof-news.eu\/fr\/#website\"},\"primaryImageOfPage\":{\"@id\":\"https:\/\/vof-news.eu\/fr\/emmanuel-macron-en-visite-detat-a-londres-pour-tourner-la-page-du-brexit\/#primaryimage\"},\"image\":{\"@id\":\"https:\/\/vof-news.eu\/fr\/emmanuel-macron-en-visite-detat-a-londres-pour-tourner-la-page-du-brexit\/#primaryimage\"},\"thumbnailUrl\":\"https:\/\/vof-news.eu\/wp-content\/uploads\/2025\/07\/e3ea298_upload-1-8cc2at4zoqba-jmug250616071.jpg\",\"datePublished\":\"2025-07-07T18:31:52+00:00\",\"dateModified\":\"2025-07-07T18:32:08+00:00\",\"author\":{\"@id\":\"https:\/\/vof-news.eu\/fr\/#\/schema\/person\/f6a2a4309f0561835797fd8c19b333ed\"},\"description\":\"Du 8\u00a0au 10\u00a0juillet, Emmanuel Macron est en visite d\u2019Etat au Royaume-Uni. Discussions sur l\u2019Ukraine, migration transmanche et coop\u00e9ration dans le nucl\u00e9aire civil figurent au programme, mais, surtout, beaucoup de gestes symboliques et d\u2019apparat, la royaut\u00e9 britannique ne l\u00e9sinant jamais sur la pompe pour honorer ses h\u00f4tes. Le chef de l\u2019Etat et son \u00e9pouse commenceront leur visite mardi au ch\u00e2teau de Windsor, accueillis par le roi Charles\u00a0III \u2013\u00a0qui a fait de ce site mill\u00e9naire sa principale r\u00e9sidence\u00a0\u2013 et par la reine consort, Camilla. Il se rendra ensuite \u00e0 Londres, pour une visite de l\u2019abbaye de Westminster, l\u2019\u00e9quivalent pour les Britanniques de la basilique de Saint-Denis (Seine-Saint-Denis), o\u00f9 sont inhum\u00e9s 30\u00a0rois et reines. M.\u00a0Macron prononcera ensuite un discours face aux lords et aux d\u00e9put\u00e9s, r\u00e9unis dans le palais de Westminster. Il retournera ensuite \u00e0 Windsor pour un d\u00eener d\u2019Etat, apr\u00e8s avoir d\u00e9pos\u00e9 des gerbes au pied des statues des deux hommes politiques les plus honor\u00e9s des deux pays voisins\u00a0: celle de Winston Churchill faisant face \u00e0 Big Ben, et celle de Charles de Gaulle, \u00e9rig\u00e9e \u00e0 Carlton Gardens, en face de l\u2019immeuble ayant h\u00e9berg\u00e9 le gouvernement fran\u00e7ais en exil, en\u00a01940. Il vous reste 82.36% de cet article \u00e0 lire. La suite est r\u00e9serv\u00e9e aux abonn\u00e9s.\",\"breadcrumb\":{\"@id\":\"https:\/\/vof-news.eu\/fr\/emmanuel-macron-en-visite-detat-a-londres-pour-tourner-la-page-du-brexit\/#breadcrumb\"},\"inLanguage\":\"fr-FR\",\"potentialAction\":[{\"@type\":\"ReadAction\",\"target\":[\"https:\/\/vof-news.eu\/fr\/emmanuel-macron-en-visite-detat-a-londres-pour-tourner-la-page-du-brexit\/\"]}]},{\"@type\":\"ImageObject\",\"inLanguage\":\"fr-FR\",\"@id\":\"https:\/\/vof-news.eu\/fr\/emmanuel-macron-en-visite-detat-a-londres-pour-tourner-la-page-du-brexit\/#primaryimage\",\"url\":\"https:\/\/vof-news.eu\/wp-content\/uploads\/2025\/07\/e3ea298_upload-1-8cc2at4zoqba-jmug250616071.jpg\",\"contentUrl\":\"https:\/\/vof-news.eu\/wp-content\/uploads\/2025\/07\/e3ea298_upload-1-8cc2at4zoqba-jmug250616071.jpg\",\"width\":664,\"height\":443},{\"@type\":\"BreadcrumbList\",\"@id\":\"https:\/\/vof-news.eu\/fr\/emmanuel-macron-en-visite-detat-a-londres-pour-tourner-la-page-du-brexit\/#breadcrumb\",\"itemListElement\":[{\"@type\":\"ListItem\",\"position\":1,\"name\":\"Home\",\"item\":\"https:\/\/vof-news.eu\/fr\/\"},{\"@type\":\"ListItem\",\"position\":2,\"name\":\"Emmanuel Macron en visite d\u2019Etat \u00e0 Londres pour tourner la page du Brexit\"}]},{\"@type\":\"WebSite\",\"@id\":\"https:\/\/vof-news.eu\/fr\/#website\",\"url\":\"https:\/\/vof-news.eu\/fr\/\",\"name\":\"vof-news.eu\",\"description\":\"\",\"potentialAction\":[{\"@type\":\"SearchAction\",\"target\":{\"@type\":\"EntryPoint\",\"urlTemplate\":\"https:\/\/vof-news.eu\/fr\/?s={search_term_string}\"},\"query-input\":\"required name=search_term_string\"}],\"inLanguage\":\"fr-FR\"},{\"@type\":\"Person\",\"@id\":\"https:\/\/vof-news.eu\/fr\/#\/schema\/person\/f6a2a4309f0561835797fd8c19b333ed\",\"name\":\"Author\",\"image\":{\"@type\":\"ImageObject\",\"inLanguage\":\"fr-FR\",\"@id\":\"https:\/\/vof-news.eu\/fr\/#\/schema\/person\/image\/\",\"url\":\"https:\/\/secure.gravatar.com\/avatar\/b67e614b1b25b3e9c0c239efdd2fde5ab015b5affd6f1c3c85911ca4b384e790?s=96&d=mm&r=g\",\"contentUrl\":\"https:\/\/secure.gravatar.com\/avatar\/b67e614b1b25b3e9c0c239efdd2fde5ab015b5affd6f1c3c85911ca4b384e790?s=96&d=mm&r=g\",\"caption\":\"Author\"},\"sameAs\":[\"http:\/\/vof-news.eu\"],\"url\":\"https:\/\/vof-news.eu\/fr\/author\/zwt6qxnjulxbnyg\/\"}]}<\/script>\n<!-- \/ Yoast SEO plugin. -->","yoast_head_json":{"title":"Emmanuel Macron en visite d\u2019Etat \u00e0 Londres pour tourner la page du Brexit - vof-news.eu","description":"Du 8\u00a0au 10\u00a0juillet, Emmanuel Macron est en visite d\u2019Etat au Royaume-Uni. Discussions sur l\u2019Ukraine, migration transmanche et coop\u00e9ration dans le nucl\u00e9aire civil figurent au programme, mais, surtout, beaucoup de gestes symboliques et d\u2019apparat, la royaut\u00e9 britannique ne l\u00e9sinant jamais sur la pompe pour honorer ses h\u00f4tes. Le chef de l\u2019Etat et son \u00e9pouse commenceront leur visite mardi au ch\u00e2teau de Windsor, accueillis par le roi Charles\u00a0III \u2013\u00a0qui a fait de ce site mill\u00e9naire sa principale r\u00e9sidence\u00a0\u2013 et par la reine consort, Camilla. Il se rendra ensuite \u00e0 Londres, pour une visite de l\u2019abbaye de Westminster, l\u2019\u00e9quivalent pour les Britanniques de la basilique de Saint-Denis (Seine-Saint-Denis), o\u00f9 sont inhum\u00e9s 30\u00a0rois et reines. M.\u00a0Macron prononcera ensuite un discours face aux lords et aux d\u00e9put\u00e9s, r\u00e9unis dans le palais de Westminster. Il retournera ensuite \u00e0 Windsor pour un d\u00eener d\u2019Etat, apr\u00e8s avoir d\u00e9pos\u00e9 des gerbes au pied des statues des deux hommes politiques les plus honor\u00e9s des deux pays voisins\u00a0: celle de Winston Churchill faisant face \u00e0 Big Ben, et celle de Charles de Gaulle, \u00e9rig\u00e9e \u00e0 Carlton Gardens, en face de l\u2019immeuble ayant h\u00e9berg\u00e9 le gouvernement fran\u00e7ais en exil, en\u00a01940. Il vous reste 82.36% de cet article \u00e0 lire. La suite est r\u00e9serv\u00e9e aux abonn\u00e9s.","robots":{"index":"noindex","follow":"follow","max-snippet":"max-snippet:-1","max-image-preview":"max-image-preview:large","max-video-preview":"max-video-preview:-1"},"og_locale":"fr_FR","og_type":"article","og_title":"Emmanuel Macron en visite d\u2019Etat \u00e0 Londres pour tourner la page du Brexit - vof-news.eu","og_description":"Du 8\u00a0au 10\u00a0juillet, Emmanuel Macron est en visite d\u2019Etat au Royaume-Uni. Discussions sur l\u2019Ukraine, migration transmanche et coop\u00e9ration dans le nucl\u00e9aire civil figurent au programme, mais, surtout, beaucoup de gestes symboliques et d\u2019apparat, la royaut\u00e9 britannique ne l\u00e9sinant jamais sur la pompe pour honorer ses h\u00f4tes. Le chef de l\u2019Etat et son \u00e9pouse commenceront leur visite mardi au ch\u00e2teau de Windsor, accueillis par le roi Charles\u00a0III \u2013\u00a0qui a fait de ce site mill\u00e9naire sa principale r\u00e9sidence\u00a0\u2013 et par la reine consort, Camilla. Il se rendra ensuite \u00e0 Londres, pour une visite de l\u2019abbaye de Westminster, l\u2019\u00e9quivalent pour les Britanniques de la basilique de Saint-Denis (Seine-Saint-Denis), o\u00f9 sont inhum\u00e9s 30\u00a0rois et reines. M.\u00a0Macron prononcera ensuite un discours face aux lords et aux d\u00e9put\u00e9s, r\u00e9unis dans le palais de Westminster. Il retournera ensuite \u00e0 Windsor pour un d\u00eener d\u2019Etat, apr\u00e8s avoir d\u00e9pos\u00e9 des gerbes au pied des statues des deux hommes politiques les plus honor\u00e9s des deux pays voisins\u00a0: celle de Winston Churchill faisant face \u00e0 Big Ben, et celle de Charles de Gaulle, \u00e9rig\u00e9e \u00e0 Carlton Gardens, en face de l\u2019immeuble ayant h\u00e9berg\u00e9 le gouvernement fran\u00e7ais en exil, en\u00a01940. Il vous reste 82.36% de cet article \u00e0 lire. La suite est r\u00e9serv\u00e9e aux abonn\u00e9s.","og_url":"https:\/\/vof-news.eu\/fr\/emmanuel-macron-en-visite-detat-a-londres-pour-tourner-la-page-du-brexit\/","og_site_name":"vof-news.eu","article_published_time":"2025-07-07T18:31:52+00:00","article_modified_time":"2025-07-07T18:32:08+00:00","og_image":[{"width":664,"height":443,"url":"https:\/\/vof-news.eu\/wp-content\/uploads\/2025\/07\/e3ea298_upload-1-8cc2at4zoqba-jmug250616071.jpg","type":"image\/jpeg"}],"author":"Author","twitter_card":"summary_large_image","twitter_misc":{"\u00c9crit par":"Author","Dur\u00e9e de lecture estim\u00e9e":"1 minute"},"schema":{"@context":"https:\/\/schema.org","@graph":[{"@type":"WebPage","@id":"https:\/\/vof-news.eu\/fr\/emmanuel-macron-en-visite-detat-a-londres-pour-tourner-la-page-du-brexit\/","url":"https:\/\/vof-news.eu\/fr\/emmanuel-macron-en-visite-detat-a-londres-pour-tourner-la-page-du-brexit\/","name":"Emmanuel Macron en visite d\u2019Etat \u00e0 Londres pour tourner la page du Brexit - vof-news.eu","isPartOf":{"@id":"https:\/\/vof-news.eu\/fr\/#website"},"primaryImageOfPage":{"@id":"https:\/\/vof-news.eu\/fr\/emmanuel-macron-en-visite-detat-a-londres-pour-tourner-la-page-du-brexit\/#primaryimage"},"image":{"@id":"https:\/\/vof-news.eu\/fr\/emmanuel-macron-en-visite-detat-a-londres-pour-tourner-la-page-du-brexit\/#primaryimage"},"thumbnailUrl":"https:\/\/vof-news.eu\/wp-content\/uploads\/2025\/07\/e3ea298_upload-1-8cc2at4zoqba-jmug250616071.jpg","datePublished":"2025-07-07T18:31:52+00:00","dateModified":"2025-07-07T18:32:08+00:00","author":{"@id":"https:\/\/vof-news.eu\/fr\/#\/schema\/person\/f6a2a4309f0561835797fd8c19b333ed"},"description":"Du 8\u00a0au 10\u00a0juillet, Emmanuel Macron est en visite d\u2019Etat au Royaume-Uni. Discussions sur l\u2019Ukraine, migration transmanche et coop\u00e9ration dans le nucl\u00e9aire civil figurent au programme, mais, surtout, beaucoup de gestes symboliques et d\u2019apparat, la royaut\u00e9 britannique ne l\u00e9sinant jamais sur la pompe pour honorer ses h\u00f4tes. Le chef de l\u2019Etat et son \u00e9pouse commenceront leur visite mardi au ch\u00e2teau de Windsor, accueillis par le roi Charles\u00a0III \u2013\u00a0qui a fait de ce site mill\u00e9naire sa principale r\u00e9sidence\u00a0\u2013 et par la reine consort, Camilla. Il se rendra ensuite \u00e0 Londres, pour une visite de l\u2019abbaye de Westminster, l\u2019\u00e9quivalent pour les Britanniques de la basilique de Saint-Denis (Seine-Saint-Denis), o\u00f9 sont inhum\u00e9s 30\u00a0rois et reines. M.\u00a0Macron prononcera ensuite un discours face aux lords et aux d\u00e9put\u00e9s, r\u00e9unis dans le palais de Westminster. Il retournera ensuite \u00e0 Windsor pour un d\u00eener d\u2019Etat, apr\u00e8s avoir d\u00e9pos\u00e9 des gerbes au pied des statues des deux hommes politiques les plus honor\u00e9s des deux pays voisins\u00a0: celle de Winston Churchill faisant face \u00e0 Big Ben, et celle de Charles de Gaulle, \u00e9rig\u00e9e \u00e0 Carlton Gardens, en face de l\u2019immeuble ayant h\u00e9berg\u00e9 le gouvernement fran\u00e7ais en exil, en\u00a01940. Il vous reste 82.36% de cet article \u00e0 lire. La suite est r\u00e9serv\u00e9e aux abonn\u00e9s.","breadcrumb":{"@id":"https:\/\/vof-news.eu\/fr\/emmanuel-macron-en-visite-detat-a-londres-pour-tourner-la-page-du-brexit\/#breadcrumb"},"inLanguage":"fr-FR","potentialAction":[{"@type":"ReadAction","target":["https:\/\/vof-news.eu\/fr\/emmanuel-macron-en-visite-detat-a-londres-pour-tourner-la-page-du-brexit\/"]}]},{"@type":"ImageObject","inLanguage":"fr-FR","@id":"https:\/\/vof-news.eu\/fr\/emmanuel-macron-en-visite-detat-a-londres-pour-tourner-la-page-du-brexit\/#primaryimage","url":"https:\/\/vof-news.eu\/wp-content\/uploads\/2025\/07\/e3ea298_upload-1-8cc2at4zoqba-jmug250616071.jpg","contentUrl":"https:\/\/vof-news.eu\/wp-content\/uploads\/2025\/07\/e3ea298_upload-1-8cc2at4zoqba-jmug250616071.jpg","width":664,"height":443},{"@type":"BreadcrumbList","@id":"https:\/\/vof-news.eu\/fr\/emmanuel-macron-en-visite-detat-a-londres-pour-tourner-la-page-du-brexit\/#breadcrumb","itemListElement":[{"@type":"ListItem","position":1,"name":"Home","item":"https:\/\/vof-news.eu\/fr\/"},{"@type":"ListItem","position":2,"name":"Emmanuel Macron en visite d\u2019Etat \u00e0 Londres pour tourner la page du Brexit"}]},{"@type":"WebSite","@id":"https:\/\/vof-news.eu\/fr\/#website","url":"https:\/\/vof-news.eu\/fr\/","name":"vof-news.eu","description":"","potentialAction":[{"@type":"SearchAction","target":{"@type":"EntryPoint","urlTemplate":"https:\/\/vof-news.eu\/fr\/?s={search_term_string}"},"query-input":"required name=search_term_string"}],"inLanguage":"fr-FR"},{"@type":"Person","@id":"https:\/\/vof-news.eu\/fr\/#\/schema\/person\/f6a2a4309f0561835797fd8c19b333ed","name":"Author","image":{"@type":"ImageObject","inLanguage":"fr-FR","@id":"https:\/\/vof-news.eu\/fr\/#\/schema\/person\/image\/","url":"https:\/\/secure.gravatar.com\/avatar\/b67e614b1b25b3e9c0c239efdd2fde5ab015b5affd6f1c3c85911ca4b384e790?s=96&d=mm&r=g","contentUrl":"https:\/\/secure.gravatar.com\/avatar\/b67e614b1b25b3e9c0c239efdd2fde5ab015b5affd6f1c3c85911ca4b384e790?s=96&d=mm&r=g","caption":"Author"},"sameAs":["http:\/\/vof-news.eu"],"url":"https:\/\/vof-news.eu\/fr\/author\/zwt6qxnjulxbnyg\/"}]}},"yoast_meta":{"yoast_wpseo_title":"","yoast_wpseo_metadesc":"","yoast_wpseo_canonical":""},"_links":{"self":[{"href":"https:\/\/vof-news.eu\/fr\/wp-json\/wp\/v2\/posts\/249070","targetHints":{"allow":["GET"]}}],"collection":[{"href":"https:\/\/vof-news.eu\/fr\/wp-json\/wp\/v2\/posts"}],"about":[{"href":"https:\/\/vof-news.eu\/fr\/wp-json\/wp\/v2\/types\/post"}],"author":[{"embeddable":true,"href":"https:\/\/vof-news.eu\/fr\/wp-json\/wp\/v2\/users\/1"}],"replies":[{"embeddable":true,"href":"https:\/\/vof-news.eu\/fr\/wp-json\/wp\/v2\/comments?post=249070"}],"version-history":[{"count":1,"href":"https:\/\/vof-news.eu\/fr\/wp-json\/wp\/v2\/posts\/249070\/revisions"}],"predecessor-version":[{"id":249077,"href":"https:\/\/vof-news.eu\/fr\/wp-json\/wp\/v2\/posts\/249070\/revisions\/249077"}],"wp:featuredmedia":[{"embeddable":true,"href":"https:\/\/vof-news.eu\/fr\/wp-json\/wp\/v2\/media\/249071"}],"wp:attachment":[{"href":"https:\/\/vof-news.eu\/fr\/wp-json\/wp\/v2\/media?parent=249070"}],"wp:term":[{"taxonomy":"category","embeddable":true,"href":"https:\/\/vof-news.eu\/fr\/wp-json\/wp\/v2\/categories?post=249070"},{"taxonomy":"post_tag","embeddable":true,"href":"https:\/\/vof-news.eu\/fr\/wp-json\/wp\/v2\/tags?post=249070"}],"curies":[{"name":"wp","href":"https:\/\/api.w.org\/{rel}","templated":true}]}}