{"id":249062,"date":"2025-07-07T21:31:21","date_gmt":"2025-07-07T18:31:21","guid":{"rendered":"https:\/\/vof-news.eu\/olivier-marleix-depute-lr-et-ancien-chef-de-groupe-est-mort\/"},"modified":"2025-07-07T21:31:36","modified_gmt":"2025-07-07T18:31:36","slug":"olivier-marleix-depute-lr-et-ancien-chef-de-groupe-est-mort","status":"publish","type":"post","link":"https:\/\/vof-news.eu\/fr\/olivier-marleix-depute-lr-et-ancien-chef-de-groupe-est-mort\/","title":{"rendered":"Olivier Marleix, d\u00e9put\u00e9 LR et ancien chef de groupe, est mort"},"content":{"rendered":"<article>\n<p>Quand il racontait ses premiers \u00e9mois politiques, Olivier Marleix remontait tr\u00e8s loin. Au souvenir de cet enfant de pas encore 6\u00a0ans venu \u00e9couter Jacques Chirac lors du congr\u00e8s fondateur du RPR, porte de Versailles. Ag\u00e9 de 54\u00a0ans, le d\u00e9put\u00e9 Les R\u00e9publicains (LR) d\u2019Eure-et-Loire a mis fin \u00e0 ses jours, lundi 7\u00a0juillet. Les gendarmes ont trouv\u00e9 son corps peu apr\u00e8s 15\u00a0heures \u00e0 son domicile d\u2019Anet, apr\u00e8s avoir \u00e9t\u00e9 alert\u00e9s par des proches inquiets de ne pas avoir de ses nouvelles. , a indiqu\u00e9 \u00e0 l\u2019Agence France-Presse le procureur de la R\u00e9publique de Chartres, Fr\u00e9d\u00e9ric Chevallier.<\/p>\n<p>La mort brutale de cette personnalit\u00e9 de l\u2019Assembl\u00e9e nationale (il \u00e9tait d\u00e9put\u00e9 depuis 2012) a provoqu\u00e9 un \u00e9moi g\u00e9n\u00e9ral., salue sur X l\u2019\u00ab\u00a0insoumis\u00a0\u00bb Jean-Luc M\u00e9lenchon. \u00ab\u00a0, a r\u00e9agi, \u00e9galement sur X, Marine Le Pen, pr\u00e9sidente du groupe Rassemblement national (RN) \u00e0 l\u2019Assembl\u00e9e nationale. \u00ab\u00a0\u00a0\u00bb, lui a rendu hommage l\u2019ancien pr\u00e9sident de la R\u00e9publique, Nicolas Sarkozy, dont Olivier Marleix fut le conseiller.<\/p>\n<p><strong>Il vous reste 72.22% de cet article \u00e0 lire. La suite est r\u00e9serv\u00e9e aux abonn\u00e9s.<\/strong><\/p>\n<\/article>\n","protected":false},"excerpt":{"rendered":"<p>Quand il racontait ses premiers \u00e9mois politiques, Olivier Marleix remontait tr\u00e8s loin. Au souvenir de cet enfant de pas encore 6\u00a0ans venu \u00e9couter Jacques Chirac lors du congr\u00e8s fondateur du RPR, porte de Versailles. Ag\u00e9 de 54\u00a0ans, le d\u00e9put\u00e9 Les R\u00e9publicains (LR) d\u2019Eure-et-Loire a mis fin \u00e0 ses jours, lundi 7\u00a0juillet. Les gendarmes ont trouv\u00e9<\/p>\n","protected":false},"author":1,"featured_media":249063,"comment_status":"open","ping_status":"open","sticky":false,"template":"","format":"standard","meta":{"footnotes":""},"categories":[68],"tags":[],"class_list":["post-249062","post","type-post","status-publish","format-standard","has-post-thumbnail","hentry","category-politics-fr"],"acf":[],"yoast_head":"<!-- This site is optimized with the Yoast SEO plugin v22.9 - https:\/\/yoast.com\/wordpress\/plugins\/seo\/ -->\n<title>Olivier Marleix, d\u00e9put\u00e9 LR et ancien chef de groupe, est mort - vof-news.eu<\/title>\n<meta name=\"description\" content=\"Quand il racontait ses premiers \u00e9mois politiques, Olivier Marleix remontait tr\u00e8s loin. Au souvenir de cet enfant de pas encore 6\u00a0ans venu \u00e9couter Jacques Chirac lors du congr\u00e8s fondateur du RPR, porte de Versailles. Ag\u00e9 de 54\u00a0ans, le d\u00e9put\u00e9 Les R\u00e9publicains (LR) d\u2019Eure-et-Loire a mis fin \u00e0 ses jours, lundi 7\u00a0juillet. Les gendarmes ont trouv\u00e9 son corps peu apr\u00e8s 15\u00a0heures \u00e0 son domicile d\u2019Anet, apr\u00e8s avoir \u00e9t\u00e9 alert\u00e9s par des proches inquiets de ne pas avoir de ses nouvelles. , a indiqu\u00e9 \u00e0 l\u2019Agence France-Presse le procureur de la R\u00e9publique de Chartres, Fr\u00e9d\u00e9ric Chevallier. La mort brutale de cette personnalit\u00e9 de l\u2019Assembl\u00e9e nationale (il \u00e9tait d\u00e9put\u00e9 depuis 2012) a provoqu\u00e9 un \u00e9moi g\u00e9n\u00e9ral., salue sur X l\u2019\u00ab\u00a0insoumis\u00a0\u00bb Jean-Luc M\u00e9lenchon. \u00ab\u00a0, a r\u00e9agi, \u00e9galement sur X, Marine Le Pen, pr\u00e9sidente du groupe Rassemblement national (RN) \u00e0 l\u2019Assembl\u00e9e nationale. \u00ab\u00a0\u00a0\u00bb, lui a rendu hommage l\u2019ancien pr\u00e9sident de la R\u00e9publique, Nicolas Sarkozy, dont Olivier Marleix fut le conseiller. Il vous reste 72.22% de cet article \u00e0 lire. La suite est r\u00e9serv\u00e9e aux abonn\u00e9s.\" \/>\n<meta name=\"robots\" content=\"noindex, follow, max-snippet:-1, max-image-preview:large, max-video-preview:-1\" \/>\n<meta property=\"og:locale\" content=\"fr_FR\" \/>\n<meta property=\"og:type\" content=\"article\" \/>\n<meta property=\"og:title\" content=\"Olivier Marleix, d\u00e9put\u00e9 LR et ancien chef de groupe, est mort - vof-news.eu\" \/>\n<meta property=\"og:description\" content=\"Quand il racontait ses premiers \u00e9mois politiques, Olivier Marleix remontait tr\u00e8s loin. Au souvenir de cet enfant de pas encore 6\u00a0ans venu \u00e9couter Jacques Chirac lors du congr\u00e8s fondateur du RPR, porte de Versailles. Ag\u00e9 de 54\u00a0ans, le d\u00e9put\u00e9 Les R\u00e9publicains (LR) d\u2019Eure-et-Loire a mis fin \u00e0 ses jours, lundi 7\u00a0juillet. Les gendarmes ont trouv\u00e9 son corps peu apr\u00e8s 15\u00a0heures \u00e0 son domicile d\u2019Anet, apr\u00e8s avoir \u00e9t\u00e9 alert\u00e9s par des proches inquiets de ne pas avoir de ses nouvelles. , a indiqu\u00e9 \u00e0 l\u2019Agence France-Presse le procureur de la R\u00e9publique de Chartres, Fr\u00e9d\u00e9ric Chevallier. La mort brutale de cette personnalit\u00e9 de l\u2019Assembl\u00e9e nationale (il \u00e9tait d\u00e9put\u00e9 depuis 2012) a provoqu\u00e9 un \u00e9moi g\u00e9n\u00e9ral., salue sur X l\u2019\u00ab\u00a0insoumis\u00a0\u00bb Jean-Luc M\u00e9lenchon. \u00ab\u00a0, a r\u00e9agi, \u00e9galement sur X, Marine Le Pen, pr\u00e9sidente du groupe Rassemblement national (RN) \u00e0 l\u2019Assembl\u00e9e nationale. \u00ab\u00a0\u00a0\u00bb, lui a rendu hommage l\u2019ancien pr\u00e9sident de la R\u00e9publique, Nicolas Sarkozy, dont Olivier Marleix fut le conseiller. Il vous reste 72.22% de cet article \u00e0 lire. La suite est r\u00e9serv\u00e9e aux abonn\u00e9s.\" \/>\n<meta property=\"og:url\" content=\"https:\/\/vof-news.eu\/fr\/olivier-marleix-depute-lr-et-ancien-chef-de-groupe-est-mort\/\" \/>\n<meta property=\"og:site_name\" content=\"vof-news.eu\" \/>\n<meta property=\"article:published_time\" content=\"2025-07-07T18:31:21+00:00\" \/>\n<meta property=\"article:modified_time\" content=\"2025-07-07T18:31:36+00:00\" \/>\n<meta property=\"og:image\" content=\"https:\/\/vof-news.eu\/wp-content\/uploads\/2025\/07\/d4f0aae_upload-1-ulxw8j5tqr2m-cbi1154019.jpg\" \/>\n\t<meta property=\"og:image:width\" content=\"664\" \/>\n\t<meta property=\"og:image:height\" content=\"443\" \/>\n\t<meta property=\"og:image:type\" content=\"image\/jpeg\" \/>\n<meta name=\"author\" content=\"Author\" \/>\n<meta name=\"twitter:card\" content=\"summary_large_image\" \/>\n<meta name=\"twitter:label1\" content=\"\u00c9crit par\" \/>\n\t<meta name=\"twitter:data1\" content=\"Author\" \/>\n\t<meta name=\"twitter:label2\" content=\"Dur\u00e9e de lecture estim\u00e9e\" \/>\n\t<meta name=\"twitter:data2\" content=\"1 minute\" \/>\n<script type=\"application\/ld+json\" class=\"yoast-schema-graph\">{\"@context\":\"https:\/\/schema.org\",\"@graph\":[{\"@type\":\"WebPage\",\"@id\":\"https:\/\/vof-news.eu\/fr\/olivier-marleix-depute-lr-et-ancien-chef-de-groupe-est-mort\/\",\"url\":\"https:\/\/vof-news.eu\/fr\/olivier-marleix-depute-lr-et-ancien-chef-de-groupe-est-mort\/\",\"name\":\"Olivier Marleix, d\u00e9put\u00e9 LR et ancien chef de groupe, est mort - vof-news.eu\",\"isPartOf\":{\"@id\":\"https:\/\/vof-news.eu\/fr\/#website\"},\"primaryImageOfPage\":{\"@id\":\"https:\/\/vof-news.eu\/fr\/olivier-marleix-depute-lr-et-ancien-chef-de-groupe-est-mort\/#primaryimage\"},\"image\":{\"@id\":\"https:\/\/vof-news.eu\/fr\/olivier-marleix-depute-lr-et-ancien-chef-de-groupe-est-mort\/#primaryimage\"},\"thumbnailUrl\":\"https:\/\/vof-news.eu\/wp-content\/uploads\/2025\/07\/d4f0aae_upload-1-ulxw8j5tqr2m-cbi1154019.jpg\",\"datePublished\":\"2025-07-07T18:31:21+00:00\",\"dateModified\":\"2025-07-07T18:31:36+00:00\",\"author\":{\"@id\":\"https:\/\/vof-news.eu\/fr\/#\/schema\/person\/f6a2a4309f0561835797fd8c19b333ed\"},\"description\":\"Quand il racontait ses premiers \u00e9mois politiques, Olivier Marleix remontait tr\u00e8s loin. Au souvenir de cet enfant de pas encore 6\u00a0ans venu \u00e9couter Jacques Chirac lors du congr\u00e8s fondateur du RPR, porte de Versailles. Ag\u00e9 de 54\u00a0ans, le d\u00e9put\u00e9 Les R\u00e9publicains (LR) d\u2019Eure-et-Loire a mis fin \u00e0 ses jours, lundi 7\u00a0juillet. Les gendarmes ont trouv\u00e9 son corps peu apr\u00e8s 15\u00a0heures \u00e0 son domicile d\u2019Anet, apr\u00e8s avoir \u00e9t\u00e9 alert\u00e9s par des proches inquiets de ne pas avoir de ses nouvelles. , a indiqu\u00e9 \u00e0 l\u2019Agence France-Presse le procureur de la R\u00e9publique de Chartres, Fr\u00e9d\u00e9ric Chevallier. La mort brutale de cette personnalit\u00e9 de l\u2019Assembl\u00e9e nationale (il \u00e9tait d\u00e9put\u00e9 depuis 2012) a provoqu\u00e9 un \u00e9moi g\u00e9n\u00e9ral., salue sur X l\u2019\u00ab\u00a0insoumis\u00a0\u00bb Jean-Luc M\u00e9lenchon. \u00ab\u00a0, a r\u00e9agi, \u00e9galement sur X, Marine Le Pen, pr\u00e9sidente du groupe Rassemblement national (RN) \u00e0 l\u2019Assembl\u00e9e nationale. \u00ab\u00a0\u00a0\u00bb, lui a rendu hommage l\u2019ancien pr\u00e9sident de la R\u00e9publique, Nicolas Sarkozy, dont Olivier Marleix fut le conseiller. Il vous reste 72.22% de cet article \u00e0 lire. La suite est r\u00e9serv\u00e9e aux abonn\u00e9s.\",\"breadcrumb\":{\"@id\":\"https:\/\/vof-news.eu\/fr\/olivier-marleix-depute-lr-et-ancien-chef-de-groupe-est-mort\/#breadcrumb\"},\"inLanguage\":\"fr-FR\",\"potentialAction\":[{\"@type\":\"ReadAction\",\"target\":[\"https:\/\/vof-news.eu\/fr\/olivier-marleix-depute-lr-et-ancien-chef-de-groupe-est-mort\/\"]}]},{\"@type\":\"ImageObject\",\"inLanguage\":\"fr-FR\",\"@id\":\"https:\/\/vof-news.eu\/fr\/olivier-marleix-depute-lr-et-ancien-chef-de-groupe-est-mort\/#primaryimage\",\"url\":\"https:\/\/vof-news.eu\/wp-content\/uploads\/2025\/07\/d4f0aae_upload-1-ulxw8j5tqr2m-cbi1154019.jpg\",\"contentUrl\":\"https:\/\/vof-news.eu\/wp-content\/uploads\/2025\/07\/d4f0aae_upload-1-ulxw8j5tqr2m-cbi1154019.jpg\",\"width\":664,\"height\":443},{\"@type\":\"BreadcrumbList\",\"@id\":\"https:\/\/vof-news.eu\/fr\/olivier-marleix-depute-lr-et-ancien-chef-de-groupe-est-mort\/#breadcrumb\",\"itemListElement\":[{\"@type\":\"ListItem\",\"position\":1,\"name\":\"Home\",\"item\":\"https:\/\/vof-news.eu\/fr\/\"},{\"@type\":\"ListItem\",\"position\":2,\"name\":\"Olivier Marleix, d\u00e9put\u00e9 LR et ancien chef de groupe, est mort\"}]},{\"@type\":\"WebSite\",\"@id\":\"https:\/\/vof-news.eu\/fr\/#website\",\"url\":\"https:\/\/vof-news.eu\/fr\/\",\"name\":\"vof-news.eu\",\"description\":\"\",\"potentialAction\":[{\"@type\":\"SearchAction\",\"target\":{\"@type\":\"EntryPoint\",\"urlTemplate\":\"https:\/\/vof-news.eu\/fr\/?s={search_term_string}\"},\"query-input\":\"required name=search_term_string\"}],\"inLanguage\":\"fr-FR\"},{\"@type\":\"Person\",\"@id\":\"https:\/\/vof-news.eu\/fr\/#\/schema\/person\/f6a2a4309f0561835797fd8c19b333ed\",\"name\":\"Author\",\"image\":{\"@type\":\"ImageObject\",\"inLanguage\":\"fr-FR\",\"@id\":\"https:\/\/vof-news.eu\/fr\/#\/schema\/person\/image\/\",\"url\":\"https:\/\/secure.gravatar.com\/avatar\/b67e614b1b25b3e9c0c239efdd2fde5ab015b5affd6f1c3c85911ca4b384e790?s=96&d=mm&r=g\",\"contentUrl\":\"https:\/\/secure.gravatar.com\/avatar\/b67e614b1b25b3e9c0c239efdd2fde5ab015b5affd6f1c3c85911ca4b384e790?s=96&d=mm&r=g\",\"caption\":\"Author\"},\"sameAs\":[\"http:\/\/vof-news.eu\"],\"url\":\"https:\/\/vof-news.eu\/fr\/author\/zwt6qxnjulxbnyg\/\"}]}<\/script>\n<!-- \/ Yoast SEO plugin. -->","yoast_head_json":{"title":"Olivier Marleix, d\u00e9put\u00e9 LR et ancien chef de groupe, est mort - vof-news.eu","description":"Quand il racontait ses premiers \u00e9mois politiques, Olivier Marleix remontait tr\u00e8s loin. Au souvenir de cet enfant de pas encore 6\u00a0ans venu \u00e9couter Jacques Chirac lors du congr\u00e8s fondateur du RPR, porte de Versailles. Ag\u00e9 de 54\u00a0ans, le d\u00e9put\u00e9 Les R\u00e9publicains (LR) d\u2019Eure-et-Loire a mis fin \u00e0 ses jours, lundi 7\u00a0juillet. Les gendarmes ont trouv\u00e9 son corps peu apr\u00e8s 15\u00a0heures \u00e0 son domicile d\u2019Anet, apr\u00e8s avoir \u00e9t\u00e9 alert\u00e9s par des proches inquiets de ne pas avoir de ses nouvelles. , a indiqu\u00e9 \u00e0 l\u2019Agence France-Presse le procureur de la R\u00e9publique de Chartres, Fr\u00e9d\u00e9ric Chevallier. La mort brutale de cette personnalit\u00e9 de l\u2019Assembl\u00e9e nationale (il \u00e9tait d\u00e9put\u00e9 depuis 2012) a provoqu\u00e9 un \u00e9moi g\u00e9n\u00e9ral., salue sur X l\u2019\u00ab\u00a0insoumis\u00a0\u00bb Jean-Luc M\u00e9lenchon. \u00ab\u00a0, a r\u00e9agi, \u00e9galement sur X, Marine Le Pen, pr\u00e9sidente du groupe Rassemblement national (RN) \u00e0 l\u2019Assembl\u00e9e nationale. \u00ab\u00a0\u00a0\u00bb, lui a rendu hommage l\u2019ancien pr\u00e9sident de la R\u00e9publique, Nicolas Sarkozy, dont Olivier Marleix fut le conseiller. Il vous reste 72.22% de cet article \u00e0 lire. La suite est r\u00e9serv\u00e9e aux abonn\u00e9s.","robots":{"index":"noindex","follow":"follow","max-snippet":"max-snippet:-1","max-image-preview":"max-image-preview:large","max-video-preview":"max-video-preview:-1"},"og_locale":"fr_FR","og_type":"article","og_title":"Olivier Marleix, d\u00e9put\u00e9 LR et ancien chef de groupe, est mort - vof-news.eu","og_description":"Quand il racontait ses premiers \u00e9mois politiques, Olivier Marleix remontait tr\u00e8s loin. Au souvenir de cet enfant de pas encore 6\u00a0ans venu \u00e9couter Jacques Chirac lors du congr\u00e8s fondateur du RPR, porte de Versailles. Ag\u00e9 de 54\u00a0ans, le d\u00e9put\u00e9 Les R\u00e9publicains (LR) d\u2019Eure-et-Loire a mis fin \u00e0 ses jours, lundi 7\u00a0juillet. Les gendarmes ont trouv\u00e9 son corps peu apr\u00e8s 15\u00a0heures \u00e0 son domicile d\u2019Anet, apr\u00e8s avoir \u00e9t\u00e9 alert\u00e9s par des proches inquiets de ne pas avoir de ses nouvelles. , a indiqu\u00e9 \u00e0 l\u2019Agence France-Presse le procureur de la R\u00e9publique de Chartres, Fr\u00e9d\u00e9ric Chevallier. La mort brutale de cette personnalit\u00e9 de l\u2019Assembl\u00e9e nationale (il \u00e9tait d\u00e9put\u00e9 depuis 2012) a provoqu\u00e9 un \u00e9moi g\u00e9n\u00e9ral., salue sur X l\u2019\u00ab\u00a0insoumis\u00a0\u00bb Jean-Luc M\u00e9lenchon. \u00ab\u00a0, a r\u00e9agi, \u00e9galement sur X, Marine Le Pen, pr\u00e9sidente du groupe Rassemblement national (RN) \u00e0 l\u2019Assembl\u00e9e nationale. \u00ab\u00a0\u00a0\u00bb, lui a rendu hommage l\u2019ancien pr\u00e9sident de la R\u00e9publique, Nicolas Sarkozy, dont Olivier Marleix fut le conseiller. Il vous reste 72.22% de cet article \u00e0 lire. La suite est r\u00e9serv\u00e9e aux abonn\u00e9s.","og_url":"https:\/\/vof-news.eu\/fr\/olivier-marleix-depute-lr-et-ancien-chef-de-groupe-est-mort\/","og_site_name":"vof-news.eu","article_published_time":"2025-07-07T18:31:21+00:00","article_modified_time":"2025-07-07T18:31:36+00:00","og_image":[{"width":664,"height":443,"url":"https:\/\/vof-news.eu\/wp-content\/uploads\/2025\/07\/d4f0aae_upload-1-ulxw8j5tqr2m-cbi1154019.jpg","type":"image\/jpeg"}],"author":"Author","twitter_card":"summary_large_image","twitter_misc":{"\u00c9crit par":"Author","Dur\u00e9e de lecture estim\u00e9e":"1 minute"},"schema":{"@context":"https:\/\/schema.org","@graph":[{"@type":"WebPage","@id":"https:\/\/vof-news.eu\/fr\/olivier-marleix-depute-lr-et-ancien-chef-de-groupe-est-mort\/","url":"https:\/\/vof-news.eu\/fr\/olivier-marleix-depute-lr-et-ancien-chef-de-groupe-est-mort\/","name":"Olivier Marleix, d\u00e9put\u00e9 LR et ancien chef de groupe, est mort - vof-news.eu","isPartOf":{"@id":"https:\/\/vof-news.eu\/fr\/#website"},"primaryImageOfPage":{"@id":"https:\/\/vof-news.eu\/fr\/olivier-marleix-depute-lr-et-ancien-chef-de-groupe-est-mort\/#primaryimage"},"image":{"@id":"https:\/\/vof-news.eu\/fr\/olivier-marleix-depute-lr-et-ancien-chef-de-groupe-est-mort\/#primaryimage"},"thumbnailUrl":"https:\/\/vof-news.eu\/wp-content\/uploads\/2025\/07\/d4f0aae_upload-1-ulxw8j5tqr2m-cbi1154019.jpg","datePublished":"2025-07-07T18:31:21+00:00","dateModified":"2025-07-07T18:31:36+00:00","author":{"@id":"https:\/\/vof-news.eu\/fr\/#\/schema\/person\/f6a2a4309f0561835797fd8c19b333ed"},"description":"Quand il racontait ses premiers \u00e9mois politiques, Olivier Marleix remontait tr\u00e8s loin. Au souvenir de cet enfant de pas encore 6\u00a0ans venu \u00e9couter Jacques Chirac lors du congr\u00e8s fondateur du RPR, porte de Versailles. Ag\u00e9 de 54\u00a0ans, le d\u00e9put\u00e9 Les R\u00e9publicains (LR) d\u2019Eure-et-Loire a mis fin \u00e0 ses jours, lundi 7\u00a0juillet. Les gendarmes ont trouv\u00e9 son corps peu apr\u00e8s 15\u00a0heures \u00e0 son domicile d\u2019Anet, apr\u00e8s avoir \u00e9t\u00e9 alert\u00e9s par des proches inquiets de ne pas avoir de ses nouvelles. , a indiqu\u00e9 \u00e0 l\u2019Agence France-Presse le procureur de la R\u00e9publique de Chartres, Fr\u00e9d\u00e9ric Chevallier. La mort brutale de cette personnalit\u00e9 de l\u2019Assembl\u00e9e nationale (il \u00e9tait d\u00e9put\u00e9 depuis 2012) a provoqu\u00e9 un \u00e9moi g\u00e9n\u00e9ral., salue sur X l\u2019\u00ab\u00a0insoumis\u00a0\u00bb Jean-Luc M\u00e9lenchon. \u00ab\u00a0, a r\u00e9agi, \u00e9galement sur X, Marine Le Pen, pr\u00e9sidente du groupe Rassemblement national (RN) \u00e0 l\u2019Assembl\u00e9e nationale. \u00ab\u00a0\u00a0\u00bb, lui a rendu hommage l\u2019ancien pr\u00e9sident de la R\u00e9publique, Nicolas Sarkozy, dont Olivier Marleix fut le conseiller. Il vous reste 72.22% de cet article \u00e0 lire. La suite est r\u00e9serv\u00e9e aux abonn\u00e9s.","breadcrumb":{"@id":"https:\/\/vof-news.eu\/fr\/olivier-marleix-depute-lr-et-ancien-chef-de-groupe-est-mort\/#breadcrumb"},"inLanguage":"fr-FR","potentialAction":[{"@type":"ReadAction","target":["https:\/\/vof-news.eu\/fr\/olivier-marleix-depute-lr-et-ancien-chef-de-groupe-est-mort\/"]}]},{"@type":"ImageObject","inLanguage":"fr-FR","@id":"https:\/\/vof-news.eu\/fr\/olivier-marleix-depute-lr-et-ancien-chef-de-groupe-est-mort\/#primaryimage","url":"https:\/\/vof-news.eu\/wp-content\/uploads\/2025\/07\/d4f0aae_upload-1-ulxw8j5tqr2m-cbi1154019.jpg","contentUrl":"https:\/\/vof-news.eu\/wp-content\/uploads\/2025\/07\/d4f0aae_upload-1-ulxw8j5tqr2m-cbi1154019.jpg","width":664,"height":443},{"@type":"BreadcrumbList","@id":"https:\/\/vof-news.eu\/fr\/olivier-marleix-depute-lr-et-ancien-chef-de-groupe-est-mort\/#breadcrumb","itemListElement":[{"@type":"ListItem","position":1,"name":"Home","item":"https:\/\/vof-news.eu\/fr\/"},{"@type":"ListItem","position":2,"name":"Olivier Marleix, d\u00e9put\u00e9 LR et ancien chef de groupe, est mort"}]},{"@type":"WebSite","@id":"https:\/\/vof-news.eu\/fr\/#website","url":"https:\/\/vof-news.eu\/fr\/","name":"vof-news.eu","description":"","potentialAction":[{"@type":"SearchAction","target":{"@type":"EntryPoint","urlTemplate":"https:\/\/vof-news.eu\/fr\/?s={search_term_string}"},"query-input":"required name=search_term_string"}],"inLanguage":"fr-FR"},{"@type":"Person","@id":"https:\/\/vof-news.eu\/fr\/#\/schema\/person\/f6a2a4309f0561835797fd8c19b333ed","name":"Author","image":{"@type":"ImageObject","inLanguage":"fr-FR","@id":"https:\/\/vof-news.eu\/fr\/#\/schema\/person\/image\/","url":"https:\/\/secure.gravatar.com\/avatar\/b67e614b1b25b3e9c0c239efdd2fde5ab015b5affd6f1c3c85911ca4b384e790?s=96&d=mm&r=g","contentUrl":"https:\/\/secure.gravatar.com\/avatar\/b67e614b1b25b3e9c0c239efdd2fde5ab015b5affd6f1c3c85911ca4b384e790?s=96&d=mm&r=g","caption":"Author"},"sameAs":["http:\/\/vof-news.eu"],"url":"https:\/\/vof-news.eu\/fr\/author\/zwt6qxnjulxbnyg\/"}]}},"yoast_meta":{"yoast_wpseo_title":"","yoast_wpseo_metadesc":"","yoast_wpseo_canonical":""},"_links":{"self":[{"href":"https:\/\/vof-news.eu\/fr\/wp-json\/wp\/v2\/posts\/249062","targetHints":{"allow":["GET"]}}],"collection":[{"href":"https:\/\/vof-news.eu\/fr\/wp-json\/wp\/v2\/posts"}],"about":[{"href":"https:\/\/vof-news.eu\/fr\/wp-json\/wp\/v2\/types\/post"}],"author":[{"embeddable":true,"href":"https:\/\/vof-news.eu\/fr\/wp-json\/wp\/v2\/users\/1"}],"replies":[{"embeddable":true,"href":"https:\/\/vof-news.eu\/fr\/wp-json\/wp\/v2\/comments?post=249062"}],"version-history":[{"count":1,"href":"https:\/\/vof-news.eu\/fr\/wp-json\/wp\/v2\/posts\/249062\/revisions"}],"predecessor-version":[{"id":249069,"href":"https:\/\/vof-news.eu\/fr\/wp-json\/wp\/v2\/posts\/249062\/revisions\/249069"}],"wp:featuredmedia":[{"embeddable":true,"href":"https:\/\/vof-news.eu\/fr\/wp-json\/wp\/v2\/media\/249063"}],"wp:attachment":[{"href":"https:\/\/vof-news.eu\/fr\/wp-json\/wp\/v2\/media?parent=249062"}],"wp:term":[{"taxonomy":"category","embeddable":true,"href":"https:\/\/vof-news.eu\/fr\/wp-json\/wp\/v2\/categories?post=249062"},{"taxonomy":"post_tag","embeddable":true,"href":"https:\/\/vof-news.eu\/fr\/wp-json\/wp\/v2\/tags?post=249062"}],"curies":[{"name":"wp","href":"https:\/\/api.w.org\/{rel}","templated":true}]}}