{"id":249054,"date":"2025-07-07T21:30:10","date_gmt":"2025-07-07T18:30:10","guid":{"rendered":"https:\/\/vof-news.eu\/au-proces-de-la-rue-daubagne-les-grands-oublies-de-linstruction-condamnes-plus-severement\/"},"modified":"2025-07-07T21:30:42","modified_gmt":"2025-07-07T18:30:42","slug":"au-proces-de-la-rue-daubagne-les-grands-oublies-de-linstruction-condamnes-plus-severement","status":"publish","type":"post","link":"https:\/\/vof-news.eu\/fr\/au-proces-de-la-rue-daubagne-les-grands-oublies-de-linstruction-condamnes-plus-severement\/","title":{"rendered":"Au proc\u00e8s de la rue d\u2019Aubagne, \u00ab\u00a0les grands oubli\u00e9s de l\u2019instruction\u00a0\u00bb condamn\u00e9s plus s\u00e9v\u00e8rement"},"content":{"rendered":"<article>\n<p>Le jugement \u00ab\u00a0de la rue d\u2019Aubagne\u00a0\u00bb, rendu lundi 7 juillet, \u00e9tait tout autant attendu pour la sanction des responsabilit\u00e9s dans l\u2019effondrement, le 5 novembre 2018, de deux immeubles dans le c\u0153ur historique de Marseille \u2013 faisant huit morts \u2013 que pour sa valeur embl\u00e9matique dans la lutte contre l\u2019habitat indigne engag\u00e9e dans la seconde ville de France. Le tribunal correctionnel de Marseille n\u2019a pas vraiment fait le choix de la s\u00e9v\u00e9rit\u00e9 \u00e0 laquelle l\u2019invitait le parquet, en d\u00e9cembre 2024.<\/p>\n<section>   <\/section>\n<p><a href=\"https:\/\/www.lemonde.fr\/societe\/article\/2024\/11\/07\/effondrements-de-la-rue-d-aubagne-le-proces-d-une-chaine-de-negligences-et-d-aveuglements_6380877_3224.html\" rel=\"nofollow\">Dans un renversement de l\u2019\u00e9chelle des responsabilit\u00e9s<\/a>, \u00ab\u00a0les fautes les plus graves\u00a0\u00bb \u00e9choient aux derniers venus dans ce dossier. Jamais mis en cause au cours des cinq ans d\u2019instruction,\u00a0 simplement entendus comme t\u00e9moins, des propri\u00e9taires\u00a0de l\u2019immeuble du 65 rue d\u2019Aubagne, o\u00f9 sont mortes les huit victimes, sont beaucoup plus stigmatis\u00e9s par les juges que les responsables institutionnels. Adjoint au maire en charge de la s\u00e9curit\u00e9 civile, expert judiciaire en mati\u00e8re d\u2019immeubles en p\u00e9ril, cabinet de syndic\u2026 avaient \u00e9t\u00e9, eux, mis en examen et renvoy\u00e9s devant le tribunal par les juges d\u2019instruction.<\/p>\n<p><strong>Il vous reste 86.58% de cet article \u00e0 lire. La suite est r\u00e9serv\u00e9e aux abonn\u00e9s.<\/strong><\/p>\n<\/article>\n","protected":false},"excerpt":{"rendered":"<p>Le jugement \u00ab\u00a0de la rue d\u2019Aubagne\u00a0\u00bb, rendu lundi 7 juillet, \u00e9tait tout autant attendu pour la sanction des responsabilit\u00e9s dans l\u2019effondrement, le 5 novembre 2018, de deux immeubles dans le c\u0153ur historique de Marseille \u2013 faisant huit morts \u2013 que pour sa valeur embl\u00e9matique dans la lutte contre l\u2019habitat indigne engag\u00e9e dans la seconde ville<\/p>\n","protected":false},"author":1,"featured_media":249055,"comment_status":"open","ping_status":"open","sticky":false,"template":"","format":"standard","meta":{"footnotes":""},"categories":[53],"tags":[],"class_list":["post-249054","post","type-post","status-publish","format-standard","has-post-thumbnail","hentry","category-main-news-fr"],"acf":[],"yoast_head":"<!-- This site is optimized with the Yoast SEO plugin v22.9 - https:\/\/yoast.com\/wordpress\/plugins\/seo\/ -->\n<title>Au proc\u00e8s de la rue d\u2019Aubagne, \u00ab\u00a0les grands oubli\u00e9s de l\u2019instruction\u00a0\u00bb condamn\u00e9s plus s\u00e9v\u00e8rement - vof-news.eu<\/title>\n<meta name=\"description\" content=\"Le jugement \u00ab\u00a0de la rue d\u2019Aubagne\u00a0\u00bb, rendu lundi 7 juillet, \u00e9tait tout autant attendu pour la sanction des responsabilit\u00e9s dans l\u2019effondrement, le 5 novembre 2018, de deux immeubles dans le c\u0153ur historique de Marseille \u2013 faisant huit morts \u2013 que pour sa valeur embl\u00e9matique dans la lutte contre l\u2019habitat indigne engag\u00e9e dans la seconde ville de France. Le tribunal correctionnel de Marseille n\u2019a pas vraiment fait le choix de la s\u00e9v\u00e9rit\u00e9 \u00e0 laquelle l\u2019invitait le parquet, en d\u00e9cembre 2024.   Dans un renversement de l\u2019\u00e9chelle des responsabilit\u00e9s, \u00ab\u00a0les fautes les plus graves\u00a0\u00bb \u00e9choient aux derniers venus dans ce dossier. Jamais mis en cause au cours des cinq ans d\u2019instruction,\u00a0 simplement entendus comme t\u00e9moins, des propri\u00e9taires\u00a0de l\u2019immeuble du 65 rue d\u2019Aubagne, o\u00f9 sont mortes les huit victimes, sont beaucoup plus stigmatis\u00e9s par les juges que les responsables institutionnels. Adjoint au maire en charge de la s\u00e9curit\u00e9 civile, expert judiciaire en mati\u00e8re d\u2019immeubles en p\u00e9ril, cabinet de syndic\u2026 avaient \u00e9t\u00e9, eux, mis en examen et renvoy\u00e9s devant le tribunal par les juges d\u2019instruction. Il vous reste 86.58% de cet article \u00e0 lire. La suite est r\u00e9serv\u00e9e aux abonn\u00e9s.\" \/>\n<meta name=\"robots\" content=\"noindex, follow, max-snippet:-1, max-image-preview:large, max-video-preview:-1\" \/>\n<meta property=\"og:locale\" content=\"fr_FR\" \/>\n<meta property=\"og:type\" content=\"article\" \/>\n<meta property=\"og:title\" content=\"Au proc\u00e8s de la rue d\u2019Aubagne, \u00ab\u00a0les grands oubli\u00e9s de l\u2019instruction\u00a0\u00bb condamn\u00e9s plus s\u00e9v\u00e8rement - vof-news.eu\" \/>\n<meta property=\"og:description\" content=\"Le jugement \u00ab\u00a0de la rue d\u2019Aubagne\u00a0\u00bb, rendu lundi 7 juillet, \u00e9tait tout autant attendu pour la sanction des responsabilit\u00e9s dans l\u2019effondrement, le 5 novembre 2018, de deux immeubles dans le c\u0153ur historique de Marseille \u2013 faisant huit morts \u2013 que pour sa valeur embl\u00e9matique dans la lutte contre l\u2019habitat indigne engag\u00e9e dans la seconde ville de France. Le tribunal correctionnel de Marseille n\u2019a pas vraiment fait le choix de la s\u00e9v\u00e9rit\u00e9 \u00e0 laquelle l\u2019invitait le parquet, en d\u00e9cembre 2024.   Dans un renversement de l\u2019\u00e9chelle des responsabilit\u00e9s, \u00ab\u00a0les fautes les plus graves\u00a0\u00bb \u00e9choient aux derniers venus dans ce dossier. Jamais mis en cause au cours des cinq ans d\u2019instruction,\u00a0 simplement entendus comme t\u00e9moins, des propri\u00e9taires\u00a0de l\u2019immeuble du 65 rue d\u2019Aubagne, o\u00f9 sont mortes les huit victimes, sont beaucoup plus stigmatis\u00e9s par les juges que les responsables institutionnels. Adjoint au maire en charge de la s\u00e9curit\u00e9 civile, expert judiciaire en mati\u00e8re d\u2019immeubles en p\u00e9ril, cabinet de syndic\u2026 avaient \u00e9t\u00e9, eux, mis en examen et renvoy\u00e9s devant le tribunal par les juges d\u2019instruction. Il vous reste 86.58% de cet article \u00e0 lire. La suite est r\u00e9serv\u00e9e aux abonn\u00e9s.\" \/>\n<meta property=\"og:url\" content=\"https:\/\/vof-news.eu\/fr\/au-proces-de-la-rue-daubagne-les-grands-oublies-de-linstruction-condamnes-plus-severement\/\" \/>\n<meta property=\"og:site_name\" content=\"vof-news.eu\" \/>\n<meta property=\"article:published_time\" content=\"2025-07-07T18:30:10+00:00\" \/>\n<meta property=\"article:modified_time\" content=\"2025-07-07T18:30:42+00:00\" \/>\n<meta property=\"og:image\" content=\"https:\/\/vof-news.eu\/wp-content\/uploads\/2025\/07\/87b74b5_upload-1-5zfwvuzy8b44-000-1al7uu.jpg\" \/>\n\t<meta property=\"og:image:width\" content=\"664\" \/>\n\t<meta property=\"og:image:height\" content=\"442\" \/>\n\t<meta property=\"og:image:type\" content=\"image\/jpeg\" \/>\n<meta name=\"author\" content=\"Author\" \/>\n<meta name=\"twitter:card\" content=\"summary_large_image\" \/>\n<meta name=\"twitter:label1\" content=\"\u00c9crit par\" \/>\n\t<meta name=\"twitter:data1\" content=\"Author\" \/>\n\t<meta name=\"twitter:label2\" content=\"Dur\u00e9e de lecture estim\u00e9e\" \/>\n\t<meta name=\"twitter:data2\" content=\"1 minute\" \/>\n<script type=\"application\/ld+json\" class=\"yoast-schema-graph\">{\"@context\":\"https:\/\/schema.org\",\"@graph\":[{\"@type\":\"WebPage\",\"@id\":\"https:\/\/vof-news.eu\/fr\/au-proces-de-la-rue-daubagne-les-grands-oublies-de-linstruction-condamnes-plus-severement\/\",\"url\":\"https:\/\/vof-news.eu\/fr\/au-proces-de-la-rue-daubagne-les-grands-oublies-de-linstruction-condamnes-plus-severement\/\",\"name\":\"Au proc\u00e8s de la rue d\u2019Aubagne, \u00ab\u00a0les grands oubli\u00e9s de l\u2019instruction\u00a0\u00bb condamn\u00e9s plus s\u00e9v\u00e8rement - vof-news.eu\",\"isPartOf\":{\"@id\":\"https:\/\/vof-news.eu\/fr\/#website\"},\"primaryImageOfPage\":{\"@id\":\"https:\/\/vof-news.eu\/fr\/au-proces-de-la-rue-daubagne-les-grands-oublies-de-linstruction-condamnes-plus-severement\/#primaryimage\"},\"image\":{\"@id\":\"https:\/\/vof-news.eu\/fr\/au-proces-de-la-rue-daubagne-les-grands-oublies-de-linstruction-condamnes-plus-severement\/#primaryimage\"},\"thumbnailUrl\":\"https:\/\/vof-news.eu\/wp-content\/uploads\/2025\/07\/87b74b5_upload-1-5zfwvuzy8b44-000-1al7uu.jpg\",\"datePublished\":\"2025-07-07T18:30:10+00:00\",\"dateModified\":\"2025-07-07T18:30:42+00:00\",\"author\":{\"@id\":\"https:\/\/vof-news.eu\/fr\/#\/schema\/person\/f6a2a4309f0561835797fd8c19b333ed\"},\"description\":\"Le jugement \u00ab\u00a0de la rue d\u2019Aubagne\u00a0\u00bb, rendu lundi 7 juillet, \u00e9tait tout autant attendu pour la sanction des responsabilit\u00e9s dans l\u2019effondrement, le 5 novembre 2018, de deux immeubles dans le c\u0153ur historique de Marseille \u2013 faisant huit morts \u2013 que pour sa valeur embl\u00e9matique dans la lutte contre l\u2019habitat indigne engag\u00e9e dans la seconde ville de France. Le tribunal correctionnel de Marseille n\u2019a pas vraiment fait le choix de la s\u00e9v\u00e9rit\u00e9 \u00e0 laquelle l\u2019invitait le parquet, en d\u00e9cembre 2024. Dans un renversement de l\u2019\u00e9chelle des responsabilit\u00e9s, \u00ab\u00a0les fautes les plus graves\u00a0\u00bb \u00e9choient aux derniers venus dans ce dossier. Jamais mis en cause au cours des cinq ans d\u2019instruction,\u00a0 simplement entendus comme t\u00e9moins, des propri\u00e9taires\u00a0de l\u2019immeuble du 65 rue d\u2019Aubagne, o\u00f9 sont mortes les huit victimes, sont beaucoup plus stigmatis\u00e9s par les juges que les responsables institutionnels. Adjoint au maire en charge de la s\u00e9curit\u00e9 civile, expert judiciaire en mati\u00e8re d\u2019immeubles en p\u00e9ril, cabinet de syndic\u2026 avaient \u00e9t\u00e9, eux, mis en examen et renvoy\u00e9s devant le tribunal par les juges d\u2019instruction. Il vous reste 86.58% de cet article \u00e0 lire. La suite est r\u00e9serv\u00e9e aux abonn\u00e9s.\",\"breadcrumb\":{\"@id\":\"https:\/\/vof-news.eu\/fr\/au-proces-de-la-rue-daubagne-les-grands-oublies-de-linstruction-condamnes-plus-severement\/#breadcrumb\"},\"inLanguage\":\"fr-FR\",\"potentialAction\":[{\"@type\":\"ReadAction\",\"target\":[\"https:\/\/vof-news.eu\/fr\/au-proces-de-la-rue-daubagne-les-grands-oublies-de-linstruction-condamnes-plus-severement\/\"]}]},{\"@type\":\"ImageObject\",\"inLanguage\":\"fr-FR\",\"@id\":\"https:\/\/vof-news.eu\/fr\/au-proces-de-la-rue-daubagne-les-grands-oublies-de-linstruction-condamnes-plus-severement\/#primaryimage\",\"url\":\"https:\/\/vof-news.eu\/wp-content\/uploads\/2025\/07\/87b74b5_upload-1-5zfwvuzy8b44-000-1al7uu.jpg\",\"contentUrl\":\"https:\/\/vof-news.eu\/wp-content\/uploads\/2025\/07\/87b74b5_upload-1-5zfwvuzy8b44-000-1al7uu.jpg\",\"width\":664,\"height\":442},{\"@type\":\"BreadcrumbList\",\"@id\":\"https:\/\/vof-news.eu\/fr\/au-proces-de-la-rue-daubagne-les-grands-oublies-de-linstruction-condamnes-plus-severement\/#breadcrumb\",\"itemListElement\":[{\"@type\":\"ListItem\",\"position\":1,\"name\":\"Home\",\"item\":\"https:\/\/vof-news.eu\/fr\/\"},{\"@type\":\"ListItem\",\"position\":2,\"name\":\"Au proc\u00e8s de la rue d\u2019Aubagne, \u00ab\u00a0les grands oubli\u00e9s de l\u2019instruction\u00a0\u00bb condamn\u00e9s plus s\u00e9v\u00e8rement\"}]},{\"@type\":\"WebSite\",\"@id\":\"https:\/\/vof-news.eu\/fr\/#website\",\"url\":\"https:\/\/vof-news.eu\/fr\/\",\"name\":\"vof-news.eu\",\"description\":\"\",\"potentialAction\":[{\"@type\":\"SearchAction\",\"target\":{\"@type\":\"EntryPoint\",\"urlTemplate\":\"https:\/\/vof-news.eu\/fr\/?s={search_term_string}\"},\"query-input\":\"required name=search_term_string\"}],\"inLanguage\":\"fr-FR\"},{\"@type\":\"Person\",\"@id\":\"https:\/\/vof-news.eu\/fr\/#\/schema\/person\/f6a2a4309f0561835797fd8c19b333ed\",\"name\":\"Author\",\"image\":{\"@type\":\"ImageObject\",\"inLanguage\":\"fr-FR\",\"@id\":\"https:\/\/vof-news.eu\/fr\/#\/schema\/person\/image\/\",\"url\":\"https:\/\/secure.gravatar.com\/avatar\/b67e614b1b25b3e9c0c239efdd2fde5ab015b5affd6f1c3c85911ca4b384e790?s=96&d=mm&r=g\",\"contentUrl\":\"https:\/\/secure.gravatar.com\/avatar\/b67e614b1b25b3e9c0c239efdd2fde5ab015b5affd6f1c3c85911ca4b384e790?s=96&d=mm&r=g\",\"caption\":\"Author\"},\"sameAs\":[\"http:\/\/vof-news.eu\"],\"url\":\"https:\/\/vof-news.eu\/fr\/author\/zwt6qxnjulxbnyg\/\"}]}<\/script>\n<!-- \/ Yoast SEO plugin. -->","yoast_head_json":{"title":"Au proc\u00e8s de la rue d\u2019Aubagne, \u00ab\u00a0les grands oubli\u00e9s de l\u2019instruction\u00a0\u00bb condamn\u00e9s plus s\u00e9v\u00e8rement - vof-news.eu","description":"Le jugement \u00ab\u00a0de la rue d\u2019Aubagne\u00a0\u00bb, rendu lundi 7 juillet, \u00e9tait tout autant attendu pour la sanction des responsabilit\u00e9s dans l\u2019effondrement, le 5 novembre 2018, de deux immeubles dans le c\u0153ur historique de Marseille \u2013 faisant huit morts \u2013 que pour sa valeur embl\u00e9matique dans la lutte contre l\u2019habitat indigne engag\u00e9e dans la seconde ville de France. Le tribunal correctionnel de Marseille n\u2019a pas vraiment fait le choix de la s\u00e9v\u00e9rit\u00e9 \u00e0 laquelle l\u2019invitait le parquet, en d\u00e9cembre 2024.   Dans un renversement de l\u2019\u00e9chelle des responsabilit\u00e9s, \u00ab\u00a0les fautes les plus graves\u00a0\u00bb \u00e9choient aux derniers venus dans ce dossier. Jamais mis en cause au cours des cinq ans d\u2019instruction,\u00a0 simplement entendus comme t\u00e9moins, des propri\u00e9taires\u00a0de l\u2019immeuble du 65 rue d\u2019Aubagne, o\u00f9 sont mortes les huit victimes, sont beaucoup plus stigmatis\u00e9s par les juges que les responsables institutionnels. Adjoint au maire en charge de la s\u00e9curit\u00e9 civile, expert judiciaire en mati\u00e8re d\u2019immeubles en p\u00e9ril, cabinet de syndic\u2026 avaient \u00e9t\u00e9, eux, mis en examen et renvoy\u00e9s devant le tribunal par les juges d\u2019instruction. Il vous reste 86.58% de cet article \u00e0 lire. La suite est r\u00e9serv\u00e9e aux abonn\u00e9s.","robots":{"index":"noindex","follow":"follow","max-snippet":"max-snippet:-1","max-image-preview":"max-image-preview:large","max-video-preview":"max-video-preview:-1"},"og_locale":"fr_FR","og_type":"article","og_title":"Au proc\u00e8s de la rue d\u2019Aubagne, \u00ab\u00a0les grands oubli\u00e9s de l\u2019instruction\u00a0\u00bb condamn\u00e9s plus s\u00e9v\u00e8rement - vof-news.eu","og_description":"Le jugement \u00ab\u00a0de la rue d\u2019Aubagne\u00a0\u00bb, rendu lundi 7 juillet, \u00e9tait tout autant attendu pour la sanction des responsabilit\u00e9s dans l\u2019effondrement, le 5 novembre 2018, de deux immeubles dans le c\u0153ur historique de Marseille \u2013 faisant huit morts \u2013 que pour sa valeur embl\u00e9matique dans la lutte contre l\u2019habitat indigne engag\u00e9e dans la seconde ville de France. Le tribunal correctionnel de Marseille n\u2019a pas vraiment fait le choix de la s\u00e9v\u00e9rit\u00e9 \u00e0 laquelle l\u2019invitait le parquet, en d\u00e9cembre 2024.   Dans un renversement de l\u2019\u00e9chelle des responsabilit\u00e9s, \u00ab\u00a0les fautes les plus graves\u00a0\u00bb \u00e9choient aux derniers venus dans ce dossier. Jamais mis en cause au cours des cinq ans d\u2019instruction,\u00a0 simplement entendus comme t\u00e9moins, des propri\u00e9taires\u00a0de l\u2019immeuble du 65 rue d\u2019Aubagne, o\u00f9 sont mortes les huit victimes, sont beaucoup plus stigmatis\u00e9s par les juges que les responsables institutionnels. Adjoint au maire en charge de la s\u00e9curit\u00e9 civile, expert judiciaire en mati\u00e8re d\u2019immeubles en p\u00e9ril, cabinet de syndic\u2026 avaient \u00e9t\u00e9, eux, mis en examen et renvoy\u00e9s devant le tribunal par les juges d\u2019instruction. Il vous reste 86.58% de cet article \u00e0 lire. La suite est r\u00e9serv\u00e9e aux abonn\u00e9s.","og_url":"https:\/\/vof-news.eu\/fr\/au-proces-de-la-rue-daubagne-les-grands-oublies-de-linstruction-condamnes-plus-severement\/","og_site_name":"vof-news.eu","article_published_time":"2025-07-07T18:30:10+00:00","article_modified_time":"2025-07-07T18:30:42+00:00","og_image":[{"width":664,"height":442,"url":"https:\/\/vof-news.eu\/wp-content\/uploads\/2025\/07\/87b74b5_upload-1-5zfwvuzy8b44-000-1al7uu.jpg","type":"image\/jpeg"}],"author":"Author","twitter_card":"summary_large_image","twitter_misc":{"\u00c9crit par":"Author","Dur\u00e9e de lecture estim\u00e9e":"1 minute"},"schema":{"@context":"https:\/\/schema.org","@graph":[{"@type":"WebPage","@id":"https:\/\/vof-news.eu\/fr\/au-proces-de-la-rue-daubagne-les-grands-oublies-de-linstruction-condamnes-plus-severement\/","url":"https:\/\/vof-news.eu\/fr\/au-proces-de-la-rue-daubagne-les-grands-oublies-de-linstruction-condamnes-plus-severement\/","name":"Au proc\u00e8s de la rue d\u2019Aubagne, \u00ab\u00a0les grands oubli\u00e9s de l\u2019instruction\u00a0\u00bb condamn\u00e9s plus s\u00e9v\u00e8rement - vof-news.eu","isPartOf":{"@id":"https:\/\/vof-news.eu\/fr\/#website"},"primaryImageOfPage":{"@id":"https:\/\/vof-news.eu\/fr\/au-proces-de-la-rue-daubagne-les-grands-oublies-de-linstruction-condamnes-plus-severement\/#primaryimage"},"image":{"@id":"https:\/\/vof-news.eu\/fr\/au-proces-de-la-rue-daubagne-les-grands-oublies-de-linstruction-condamnes-plus-severement\/#primaryimage"},"thumbnailUrl":"https:\/\/vof-news.eu\/wp-content\/uploads\/2025\/07\/87b74b5_upload-1-5zfwvuzy8b44-000-1al7uu.jpg","datePublished":"2025-07-07T18:30:10+00:00","dateModified":"2025-07-07T18:30:42+00:00","author":{"@id":"https:\/\/vof-news.eu\/fr\/#\/schema\/person\/f6a2a4309f0561835797fd8c19b333ed"},"description":"Le jugement \u00ab\u00a0de la rue d\u2019Aubagne\u00a0\u00bb, rendu lundi 7 juillet, \u00e9tait tout autant attendu pour la sanction des responsabilit\u00e9s dans l\u2019effondrement, le 5 novembre 2018, de deux immeubles dans le c\u0153ur historique de Marseille \u2013 faisant huit morts \u2013 que pour sa valeur embl\u00e9matique dans la lutte contre l\u2019habitat indigne engag\u00e9e dans la seconde ville de France. Le tribunal correctionnel de Marseille n\u2019a pas vraiment fait le choix de la s\u00e9v\u00e9rit\u00e9 \u00e0 laquelle l\u2019invitait le parquet, en d\u00e9cembre 2024. Dans un renversement de l\u2019\u00e9chelle des responsabilit\u00e9s, \u00ab\u00a0les fautes les plus graves\u00a0\u00bb \u00e9choient aux derniers venus dans ce dossier. Jamais mis en cause au cours des cinq ans d\u2019instruction,\u00a0 simplement entendus comme t\u00e9moins, des propri\u00e9taires\u00a0de l\u2019immeuble du 65 rue d\u2019Aubagne, o\u00f9 sont mortes les huit victimes, sont beaucoup plus stigmatis\u00e9s par les juges que les responsables institutionnels. Adjoint au maire en charge de la s\u00e9curit\u00e9 civile, expert judiciaire en mati\u00e8re d\u2019immeubles en p\u00e9ril, cabinet de syndic\u2026 avaient \u00e9t\u00e9, eux, mis en examen et renvoy\u00e9s devant le tribunal par les juges d\u2019instruction. Il vous reste 86.58% de cet article \u00e0 lire. La suite est r\u00e9serv\u00e9e aux abonn\u00e9s.","breadcrumb":{"@id":"https:\/\/vof-news.eu\/fr\/au-proces-de-la-rue-daubagne-les-grands-oublies-de-linstruction-condamnes-plus-severement\/#breadcrumb"},"inLanguage":"fr-FR","potentialAction":[{"@type":"ReadAction","target":["https:\/\/vof-news.eu\/fr\/au-proces-de-la-rue-daubagne-les-grands-oublies-de-linstruction-condamnes-plus-severement\/"]}]},{"@type":"ImageObject","inLanguage":"fr-FR","@id":"https:\/\/vof-news.eu\/fr\/au-proces-de-la-rue-daubagne-les-grands-oublies-de-linstruction-condamnes-plus-severement\/#primaryimage","url":"https:\/\/vof-news.eu\/wp-content\/uploads\/2025\/07\/87b74b5_upload-1-5zfwvuzy8b44-000-1al7uu.jpg","contentUrl":"https:\/\/vof-news.eu\/wp-content\/uploads\/2025\/07\/87b74b5_upload-1-5zfwvuzy8b44-000-1al7uu.jpg","width":664,"height":442},{"@type":"BreadcrumbList","@id":"https:\/\/vof-news.eu\/fr\/au-proces-de-la-rue-daubagne-les-grands-oublies-de-linstruction-condamnes-plus-severement\/#breadcrumb","itemListElement":[{"@type":"ListItem","position":1,"name":"Home","item":"https:\/\/vof-news.eu\/fr\/"},{"@type":"ListItem","position":2,"name":"Au proc\u00e8s de la rue d\u2019Aubagne, \u00ab\u00a0les grands oubli\u00e9s de l\u2019instruction\u00a0\u00bb condamn\u00e9s plus s\u00e9v\u00e8rement"}]},{"@type":"WebSite","@id":"https:\/\/vof-news.eu\/fr\/#website","url":"https:\/\/vof-news.eu\/fr\/","name":"vof-news.eu","description":"","potentialAction":[{"@type":"SearchAction","target":{"@type":"EntryPoint","urlTemplate":"https:\/\/vof-news.eu\/fr\/?s={search_term_string}"},"query-input":"required name=search_term_string"}],"inLanguage":"fr-FR"},{"@type":"Person","@id":"https:\/\/vof-news.eu\/fr\/#\/schema\/person\/f6a2a4309f0561835797fd8c19b333ed","name":"Author","image":{"@type":"ImageObject","inLanguage":"fr-FR","@id":"https:\/\/vof-news.eu\/fr\/#\/schema\/person\/image\/","url":"https:\/\/secure.gravatar.com\/avatar\/b67e614b1b25b3e9c0c239efdd2fde5ab015b5affd6f1c3c85911ca4b384e790?s=96&d=mm&r=g","contentUrl":"https:\/\/secure.gravatar.com\/avatar\/b67e614b1b25b3e9c0c239efdd2fde5ab015b5affd6f1c3c85911ca4b384e790?s=96&d=mm&r=g","caption":"Author"},"sameAs":["http:\/\/vof-news.eu"],"url":"https:\/\/vof-news.eu\/fr\/author\/zwt6qxnjulxbnyg\/"}]}},"yoast_meta":{"yoast_wpseo_title":"","yoast_wpseo_metadesc":"","yoast_wpseo_canonical":""},"_links":{"self":[{"href":"https:\/\/vof-news.eu\/fr\/wp-json\/wp\/v2\/posts\/249054","targetHints":{"allow":["GET"]}}],"collection":[{"href":"https:\/\/vof-news.eu\/fr\/wp-json\/wp\/v2\/posts"}],"about":[{"href":"https:\/\/vof-news.eu\/fr\/wp-json\/wp\/v2\/types\/post"}],"author":[{"embeddable":true,"href":"https:\/\/vof-news.eu\/fr\/wp-json\/wp\/v2\/users\/1"}],"replies":[{"embeddable":true,"href":"https:\/\/vof-news.eu\/fr\/wp-json\/wp\/v2\/comments?post=249054"}],"version-history":[{"count":1,"href":"https:\/\/vof-news.eu\/fr\/wp-json\/wp\/v2\/posts\/249054\/revisions"}],"predecessor-version":[{"id":249061,"href":"https:\/\/vof-news.eu\/fr\/wp-json\/wp\/v2\/posts\/249054\/revisions\/249061"}],"wp:featuredmedia":[{"embeddable":true,"href":"https:\/\/vof-news.eu\/fr\/wp-json\/wp\/v2\/media\/249055"}],"wp:attachment":[{"href":"https:\/\/vof-news.eu\/fr\/wp-json\/wp\/v2\/media?parent=249054"}],"wp:term":[{"taxonomy":"category","embeddable":true,"href":"https:\/\/vof-news.eu\/fr\/wp-json\/wp\/v2\/categories?post=249054"},{"taxonomy":"post_tag","embeddable":true,"href":"https:\/\/vof-news.eu\/fr\/wp-json\/wp\/v2\/tags?post=249054"}],"curies":[{"name":"wp","href":"https:\/\/api.w.org\/{rel}","templated":true}]}}