{"id":248996,"date":"2025-07-07T19:36:54","date_gmt":"2025-07-07T16:36:54","guid":{"rendered":"https:\/\/vof-news.eu\/histoires-de-voix-sur-france-inter-une-serie-qui-donne-envie-de-chanter\/"},"modified":"2025-07-07T19:37:21","modified_gmt":"2025-07-07T16:37:21","slug":"histoires-de-voix-sur-france-inter-une-serie-qui-donne-envie-de-chanter","status":"publish","type":"post","link":"https:\/\/vof-news.eu\/fr\/histoires-de-voix-sur-france-inter-une-serie-qui-donne-envie-de-chanter\/","title":{"rendered":"\u00ab\u00a0Histoires de voix\u00a0\u00bb, sur France Inter\u00a0: une s\u00e9rie qui donne envie de chanter"},"content":{"rendered":"<article>\n<blockquote>\n<p>FRANCE INTER \u2013 \u00c0 LA DEMANDE \u2013 PODCAST<\/p>\n<\/blockquote>\n<p>S\u00e9rie en neuf \u00e9pisodes (diffus\u00e9e le week-end sur France Inter et podcastable \u00e0 l\u2019envi),  pourrait bien vous donner envie de pousser la chansonnette sur la route des vacances. En effet, c\u2019est \u00e0 un voyage au pays de la voix chant\u00e9e que nous convient les M\u00e9dias francophones publics (Radio-Canada, RTBF, RTS) avec le concours de l\u2019Institut national de l\u2019audiovisuel (INA) pour les archives.<\/p>\n<p>Ainsi, l\u2019on pourra fredonner sur les chansons d\u2019Edith Piaf, de Dalida, Jacques Brel ou d\u2019Aretha Franklin, comme sur celles de C\u00e9line Dion et Zaho de Sagazan. Ecouter, aussi, ce qu\u2019elles et ils ont \u00e0 nous dire \u00e0 travers quelques extraits d\u2019interviews mythiques (merci, notamment, \u00e0 Jacques Chancel).<\/p>\n<p>Au d\u00e9but de l\u2019\u00e9pisode 1, <a href=\"https:\/\/www.lemonde.fr\/culture\/article\/2019\/09\/26\/dadaistes-et-rebelles-c-etait-comme-ca-les-rita-mitsouko_6013094_3246.html\" rel=\"nofollow\">Catherine Ringer<\/a> confie que . L\u2019autrice et interpr\u00e8te de Rita Mitsouko se souvient de sa grand-m\u00e8re qui, avec une voix de t\u00eate, entonnait\u00a0: Elle se souvient aussi de son p\u00e8re, juif polonais, et des berceuses qu\u2019il lui chantait, notamment . Elle dit son admiration pour Barbara, Piaf, <a href=\"https:\/\/www.lemonde.fr\/culture\/article\/2025\/02\/03\/l-astre-oum-kalsoum-brille-toujours-sur-la-philharmonie-de-paris_6528768_3246.html\" rel=\"nofollow\">Oum Kalsoum<\/a>, <a href=\"https:\/\/www.lemonde.fr\/disparitions\/article\/2020\/05\/23\/mort-de-mory-kante-le-griot-electrique_6040540_3382.html\" rel=\"nofollow\">Mory Kant\u00e9<\/a> ou encore <a href=\"https:\/\/www.lemonde.fr\/disparitions\/article\/2011\/12\/20\/cesaria-evora_1620500_3382.html\" rel=\"nofollow\">Cesaria Evora<\/a>\u00a0:<\/p>\n<p><strong>Il vous reste 53.71% de cet article \u00e0 lire. La suite est r\u00e9serv\u00e9e aux abonn\u00e9s.<\/strong><\/p>\n<\/article>\n","protected":false},"excerpt":{"rendered":"<p>FRANCE INTER \u2013 \u00c0 LA DEMANDE \u2013 PODCAST S\u00e9rie en neuf \u00e9pisodes (diffus\u00e9e le week-end sur France Inter et podcastable \u00e0 l\u2019envi), pourrait bien vous donner envie de pousser la chansonnette sur la route des vacances. En effet, c\u2019est \u00e0 un voyage au pays de la voix chant\u00e9e que nous convient les M\u00e9dias francophones publics<\/p>\n","protected":false},"author":1,"featured_media":248997,"comment_status":"open","ping_status":"open","sticky":false,"template":"","format":"standard","meta":{"footnotes":""},"categories":[63],"tags":[],"class_list":["post-248996","post","type-post","status-publish","format-standard","has-post-thumbnail","hentry","category-culture-fr"],"acf":[],"yoast_head":"<!-- This site is optimized with the Yoast SEO plugin v22.9 - https:\/\/yoast.com\/wordpress\/plugins\/seo\/ -->\n<title>\u00ab\u00a0Histoires de voix\u00a0\u00bb, sur France Inter\u00a0: une s\u00e9rie qui donne envie de chanter - vof-news.eu<\/title>\n<meta name=\"description\" content=\"FRANCE INTER \u2013 \u00c0 LA DEMANDE \u2013 PODCAST S\u00e9rie en neuf \u00e9pisodes (diffus\u00e9e le week-end sur France Inter et podcastable \u00e0 l\u2019envi), pourrait bien vous donner envie de pousser la chansonnette sur la route des vacances. En effet, c\u2019est \u00e0 un voyage au pays de la voix chant\u00e9e que nous convient les M\u00e9dias francophones publics (Radio-Canada, RTBF, RTS) avec le concours de l\u2019Institut national de l\u2019audiovisuel (INA) pour les archives. Ainsi, l\u2019on pourra fredonner sur les chansons d\u2019Edith Piaf, de Dalida, Jacques Brel ou d\u2019Aretha Franklin, comme sur celles de C\u00e9line Dion et Zaho de Sagazan. Ecouter, aussi, ce qu\u2019elles et ils ont \u00e0 nous dire \u00e0 travers quelques extraits d\u2019interviews mythiques (merci, notamment, \u00e0 Jacques Chancel). Au d\u00e9but de l\u2019\u00e9pisode 1, Catherine Ringer confie que . L\u2019autrice et interpr\u00e8te de Rita Mitsouko se souvient de sa grand-m\u00e8re qui, avec une voix de t\u00eate, entonnait\u00a0: Elle se souvient aussi de son p\u00e8re, juif polonais, et des berceuses qu\u2019il lui chantait, notamment . Elle dit son admiration pour Barbara, Piaf, Oum Kalsoum, Mory Kant\u00e9 ou encore Cesaria Evora\u00a0: Il vous reste 53.71% de cet article \u00e0 lire. La suite est r\u00e9serv\u00e9e aux abonn\u00e9s.\" \/>\n<meta name=\"robots\" content=\"noindex, follow, max-snippet:-1, max-image-preview:large, max-video-preview:-1\" \/>\n<meta property=\"og:locale\" content=\"fr_FR\" \/>\n<meta property=\"og:type\" content=\"article\" \/>\n<meta property=\"og:title\" content=\"\u00ab\u00a0Histoires de voix\u00a0\u00bb, sur France Inter\u00a0: une s\u00e9rie qui donne envie de chanter - vof-news.eu\" \/>\n<meta property=\"og:description\" content=\"FRANCE INTER \u2013 \u00c0 LA DEMANDE \u2013 PODCAST S\u00e9rie en neuf \u00e9pisodes (diffus\u00e9e le week-end sur France Inter et podcastable \u00e0 l\u2019envi), pourrait bien vous donner envie de pousser la chansonnette sur la route des vacances. En effet, c\u2019est \u00e0 un voyage au pays de la voix chant\u00e9e que nous convient les M\u00e9dias francophones publics (Radio-Canada, RTBF, RTS) avec le concours de l\u2019Institut national de l\u2019audiovisuel (INA) pour les archives. Ainsi, l\u2019on pourra fredonner sur les chansons d\u2019Edith Piaf, de Dalida, Jacques Brel ou d\u2019Aretha Franklin, comme sur celles de C\u00e9line Dion et Zaho de Sagazan. Ecouter, aussi, ce qu\u2019elles et ils ont \u00e0 nous dire \u00e0 travers quelques extraits d\u2019interviews mythiques (merci, notamment, \u00e0 Jacques Chancel). Au d\u00e9but de l\u2019\u00e9pisode 1, Catherine Ringer confie que . L\u2019autrice et interpr\u00e8te de Rita Mitsouko se souvient de sa grand-m\u00e8re qui, avec une voix de t\u00eate, entonnait\u00a0: Elle se souvient aussi de son p\u00e8re, juif polonais, et des berceuses qu\u2019il lui chantait, notamment . Elle dit son admiration pour Barbara, Piaf, Oum Kalsoum, Mory Kant\u00e9 ou encore Cesaria Evora\u00a0: Il vous reste 53.71% de cet article \u00e0 lire. La suite est r\u00e9serv\u00e9e aux abonn\u00e9s.\" \/>\n<meta property=\"og:url\" content=\"https:\/\/vof-news.eu\/fr\/histoires-de-voix-sur-france-inter-une-serie-qui-donne-envie-de-chanter\/\" \/>\n<meta property=\"og:site_name\" content=\"vof-news.eu\" \/>\n<meta property=\"article:published_time\" content=\"2025-07-07T16:36:54+00:00\" \/>\n<meta property=\"article:modified_time\" content=\"2025-07-07T16:37:21+00:00\" \/>\n<meta property=\"og:image\" content=\"https:\/\/vof-news.eu\/wp-content\/uploads\/2025\/07\/8515f1c_upload-1-igl6bd2c4s7a-000-par2003062315513.jpg\" \/>\n\t<meta property=\"og:image:width\" content=\"664\" \/>\n\t<meta property=\"og:image:height\" content=\"441\" \/>\n\t<meta property=\"og:image:type\" content=\"image\/jpeg\" \/>\n<meta name=\"author\" content=\"Author\" \/>\n<meta name=\"twitter:card\" content=\"summary_large_image\" \/>\n<meta name=\"twitter:label1\" content=\"\u00c9crit par\" \/>\n\t<meta name=\"twitter:data1\" content=\"Author\" \/>\n\t<meta name=\"twitter:label2\" content=\"Dur\u00e9e de lecture estim\u00e9e\" \/>\n\t<meta name=\"twitter:data2\" content=\"1 minute\" \/>\n<script type=\"application\/ld+json\" class=\"yoast-schema-graph\">{\"@context\":\"https:\/\/schema.org\",\"@graph\":[{\"@type\":\"WebPage\",\"@id\":\"https:\/\/vof-news.eu\/fr\/histoires-de-voix-sur-france-inter-une-serie-qui-donne-envie-de-chanter\/\",\"url\":\"https:\/\/vof-news.eu\/fr\/histoires-de-voix-sur-france-inter-une-serie-qui-donne-envie-de-chanter\/\",\"name\":\"\u00ab\u00a0Histoires de voix\u00a0\u00bb, sur France Inter\u00a0: une s\u00e9rie qui donne envie de chanter - vof-news.eu\",\"isPartOf\":{\"@id\":\"https:\/\/vof-news.eu\/fr\/#website\"},\"primaryImageOfPage\":{\"@id\":\"https:\/\/vof-news.eu\/fr\/histoires-de-voix-sur-france-inter-une-serie-qui-donne-envie-de-chanter\/#primaryimage\"},\"image\":{\"@id\":\"https:\/\/vof-news.eu\/fr\/histoires-de-voix-sur-france-inter-une-serie-qui-donne-envie-de-chanter\/#primaryimage\"},\"thumbnailUrl\":\"https:\/\/vof-news.eu\/wp-content\/uploads\/2025\/07\/8515f1c_upload-1-igl6bd2c4s7a-000-par2003062315513.jpg\",\"datePublished\":\"2025-07-07T16:36:54+00:00\",\"dateModified\":\"2025-07-07T16:37:21+00:00\",\"author\":{\"@id\":\"https:\/\/vof-news.eu\/fr\/#\/schema\/person\/f6a2a4309f0561835797fd8c19b333ed\"},\"description\":\"FRANCE INTER \u2013 \u00c0 LA DEMANDE \u2013 PODCAST S\u00e9rie en neuf \u00e9pisodes (diffus\u00e9e le week-end sur France Inter et podcastable \u00e0 l\u2019envi), pourrait bien vous donner envie de pousser la chansonnette sur la route des vacances. En effet, c\u2019est \u00e0 un voyage au pays de la voix chant\u00e9e que nous convient les M\u00e9dias francophones publics (Radio-Canada, RTBF, RTS) avec le concours de l\u2019Institut national de l\u2019audiovisuel (INA) pour les archives. Ainsi, l\u2019on pourra fredonner sur les chansons d\u2019Edith Piaf, de Dalida, Jacques Brel ou d\u2019Aretha Franklin, comme sur celles de C\u00e9line Dion et Zaho de Sagazan. Ecouter, aussi, ce qu\u2019elles et ils ont \u00e0 nous dire \u00e0 travers quelques extraits d\u2019interviews mythiques (merci, notamment, \u00e0 Jacques Chancel). Au d\u00e9but de l\u2019\u00e9pisode 1, Catherine Ringer confie que . L\u2019autrice et interpr\u00e8te de Rita Mitsouko se souvient de sa grand-m\u00e8re qui, avec une voix de t\u00eate, entonnait\u00a0: Elle se souvient aussi de son p\u00e8re, juif polonais, et des berceuses qu\u2019il lui chantait, notamment . Elle dit son admiration pour Barbara, Piaf, Oum Kalsoum, Mory Kant\u00e9 ou encore Cesaria Evora\u00a0: Il vous reste 53.71% de cet article \u00e0 lire. La suite est r\u00e9serv\u00e9e aux abonn\u00e9s.\",\"breadcrumb\":{\"@id\":\"https:\/\/vof-news.eu\/fr\/histoires-de-voix-sur-france-inter-une-serie-qui-donne-envie-de-chanter\/#breadcrumb\"},\"inLanguage\":\"fr-FR\",\"potentialAction\":[{\"@type\":\"ReadAction\",\"target\":[\"https:\/\/vof-news.eu\/fr\/histoires-de-voix-sur-france-inter-une-serie-qui-donne-envie-de-chanter\/\"]}]},{\"@type\":\"ImageObject\",\"inLanguage\":\"fr-FR\",\"@id\":\"https:\/\/vof-news.eu\/fr\/histoires-de-voix-sur-france-inter-une-serie-qui-donne-envie-de-chanter\/#primaryimage\",\"url\":\"https:\/\/vof-news.eu\/wp-content\/uploads\/2025\/07\/8515f1c_upload-1-igl6bd2c4s7a-000-par2003062315513.jpg\",\"contentUrl\":\"https:\/\/vof-news.eu\/wp-content\/uploads\/2025\/07\/8515f1c_upload-1-igl6bd2c4s7a-000-par2003062315513.jpg\",\"width\":664,\"height\":441},{\"@type\":\"BreadcrumbList\",\"@id\":\"https:\/\/vof-news.eu\/fr\/histoires-de-voix-sur-france-inter-une-serie-qui-donne-envie-de-chanter\/#breadcrumb\",\"itemListElement\":[{\"@type\":\"ListItem\",\"position\":1,\"name\":\"Home\",\"item\":\"https:\/\/vof-news.eu\/fr\/\"},{\"@type\":\"ListItem\",\"position\":2,\"name\":\"\u00ab\u00a0Histoires de voix\u00a0\u00bb, sur France Inter\u00a0: une s\u00e9rie qui donne envie de chanter\"}]},{\"@type\":\"WebSite\",\"@id\":\"https:\/\/vof-news.eu\/fr\/#website\",\"url\":\"https:\/\/vof-news.eu\/fr\/\",\"name\":\"vof-news.eu\",\"description\":\"\",\"potentialAction\":[{\"@type\":\"SearchAction\",\"target\":{\"@type\":\"EntryPoint\",\"urlTemplate\":\"https:\/\/vof-news.eu\/fr\/?s={search_term_string}\"},\"query-input\":\"required name=search_term_string\"}],\"inLanguage\":\"fr-FR\"},{\"@type\":\"Person\",\"@id\":\"https:\/\/vof-news.eu\/fr\/#\/schema\/person\/f6a2a4309f0561835797fd8c19b333ed\",\"name\":\"Author\",\"image\":{\"@type\":\"ImageObject\",\"inLanguage\":\"fr-FR\",\"@id\":\"https:\/\/vof-news.eu\/fr\/#\/schema\/person\/image\/\",\"url\":\"https:\/\/secure.gravatar.com\/avatar\/b67e614b1b25b3e9c0c239efdd2fde5ab015b5affd6f1c3c85911ca4b384e790?s=96&d=mm&r=g\",\"contentUrl\":\"https:\/\/secure.gravatar.com\/avatar\/b67e614b1b25b3e9c0c239efdd2fde5ab015b5affd6f1c3c85911ca4b384e790?s=96&d=mm&r=g\",\"caption\":\"Author\"},\"sameAs\":[\"http:\/\/vof-news.eu\"],\"url\":\"https:\/\/vof-news.eu\/fr\/author\/zwt6qxnjulxbnyg\/\"}]}<\/script>\n<!-- \/ Yoast SEO plugin. -->","yoast_head_json":{"title":"\u00ab\u00a0Histoires de voix\u00a0\u00bb, sur France Inter\u00a0: une s\u00e9rie qui donne envie de chanter - vof-news.eu","description":"FRANCE INTER \u2013 \u00c0 LA DEMANDE \u2013 PODCAST S\u00e9rie en neuf \u00e9pisodes (diffus\u00e9e le week-end sur France Inter et podcastable \u00e0 l\u2019envi), pourrait bien vous donner envie de pousser la chansonnette sur la route des vacances. En effet, c\u2019est \u00e0 un voyage au pays de la voix chant\u00e9e que nous convient les M\u00e9dias francophones publics (Radio-Canada, RTBF, RTS) avec le concours de l\u2019Institut national de l\u2019audiovisuel (INA) pour les archives. Ainsi, l\u2019on pourra fredonner sur les chansons d\u2019Edith Piaf, de Dalida, Jacques Brel ou d\u2019Aretha Franklin, comme sur celles de C\u00e9line Dion et Zaho de Sagazan. Ecouter, aussi, ce qu\u2019elles et ils ont \u00e0 nous dire \u00e0 travers quelques extraits d\u2019interviews mythiques (merci, notamment, \u00e0 Jacques Chancel). Au d\u00e9but de l\u2019\u00e9pisode 1, Catherine Ringer confie que . L\u2019autrice et interpr\u00e8te de Rita Mitsouko se souvient de sa grand-m\u00e8re qui, avec une voix de t\u00eate, entonnait\u00a0: Elle se souvient aussi de son p\u00e8re, juif polonais, et des berceuses qu\u2019il lui chantait, notamment . Elle dit son admiration pour Barbara, Piaf, Oum Kalsoum, Mory Kant\u00e9 ou encore Cesaria Evora\u00a0: Il vous reste 53.71% de cet article \u00e0 lire. La suite est r\u00e9serv\u00e9e aux abonn\u00e9s.","robots":{"index":"noindex","follow":"follow","max-snippet":"max-snippet:-1","max-image-preview":"max-image-preview:large","max-video-preview":"max-video-preview:-1"},"og_locale":"fr_FR","og_type":"article","og_title":"\u00ab\u00a0Histoires de voix\u00a0\u00bb, sur France Inter\u00a0: une s\u00e9rie qui donne envie de chanter - vof-news.eu","og_description":"FRANCE INTER \u2013 \u00c0 LA DEMANDE \u2013 PODCAST S\u00e9rie en neuf \u00e9pisodes (diffus\u00e9e le week-end sur France Inter et podcastable \u00e0 l\u2019envi), pourrait bien vous donner envie de pousser la chansonnette sur la route des vacances. En effet, c\u2019est \u00e0 un voyage au pays de la voix chant\u00e9e que nous convient les M\u00e9dias francophones publics (Radio-Canada, RTBF, RTS) avec le concours de l\u2019Institut national de l\u2019audiovisuel (INA) pour les archives. Ainsi, l\u2019on pourra fredonner sur les chansons d\u2019Edith Piaf, de Dalida, Jacques Brel ou d\u2019Aretha Franklin, comme sur celles de C\u00e9line Dion et Zaho de Sagazan. Ecouter, aussi, ce qu\u2019elles et ils ont \u00e0 nous dire \u00e0 travers quelques extraits d\u2019interviews mythiques (merci, notamment, \u00e0 Jacques Chancel). Au d\u00e9but de l\u2019\u00e9pisode 1, Catherine Ringer confie que . L\u2019autrice et interpr\u00e8te de Rita Mitsouko se souvient de sa grand-m\u00e8re qui, avec une voix de t\u00eate, entonnait\u00a0: Elle se souvient aussi de son p\u00e8re, juif polonais, et des berceuses qu\u2019il lui chantait, notamment . Elle dit son admiration pour Barbara, Piaf, Oum Kalsoum, Mory Kant\u00e9 ou encore Cesaria Evora\u00a0: Il vous reste 53.71% de cet article \u00e0 lire. La suite est r\u00e9serv\u00e9e aux abonn\u00e9s.","og_url":"https:\/\/vof-news.eu\/fr\/histoires-de-voix-sur-france-inter-une-serie-qui-donne-envie-de-chanter\/","og_site_name":"vof-news.eu","article_published_time":"2025-07-07T16:36:54+00:00","article_modified_time":"2025-07-07T16:37:21+00:00","og_image":[{"width":664,"height":441,"url":"https:\/\/vof-news.eu\/wp-content\/uploads\/2025\/07\/8515f1c_upload-1-igl6bd2c4s7a-000-par2003062315513.jpg","type":"image\/jpeg"}],"author":"Author","twitter_card":"summary_large_image","twitter_misc":{"\u00c9crit par":"Author","Dur\u00e9e de lecture estim\u00e9e":"1 minute"},"schema":{"@context":"https:\/\/schema.org","@graph":[{"@type":"WebPage","@id":"https:\/\/vof-news.eu\/fr\/histoires-de-voix-sur-france-inter-une-serie-qui-donne-envie-de-chanter\/","url":"https:\/\/vof-news.eu\/fr\/histoires-de-voix-sur-france-inter-une-serie-qui-donne-envie-de-chanter\/","name":"\u00ab\u00a0Histoires de voix\u00a0\u00bb, sur France Inter\u00a0: une s\u00e9rie qui donne envie de chanter - vof-news.eu","isPartOf":{"@id":"https:\/\/vof-news.eu\/fr\/#website"},"primaryImageOfPage":{"@id":"https:\/\/vof-news.eu\/fr\/histoires-de-voix-sur-france-inter-une-serie-qui-donne-envie-de-chanter\/#primaryimage"},"image":{"@id":"https:\/\/vof-news.eu\/fr\/histoires-de-voix-sur-france-inter-une-serie-qui-donne-envie-de-chanter\/#primaryimage"},"thumbnailUrl":"https:\/\/vof-news.eu\/wp-content\/uploads\/2025\/07\/8515f1c_upload-1-igl6bd2c4s7a-000-par2003062315513.jpg","datePublished":"2025-07-07T16:36:54+00:00","dateModified":"2025-07-07T16:37:21+00:00","author":{"@id":"https:\/\/vof-news.eu\/fr\/#\/schema\/person\/f6a2a4309f0561835797fd8c19b333ed"},"description":"FRANCE INTER \u2013 \u00c0 LA DEMANDE \u2013 PODCAST S\u00e9rie en neuf \u00e9pisodes (diffus\u00e9e le week-end sur France Inter et podcastable \u00e0 l\u2019envi), pourrait bien vous donner envie de pousser la chansonnette sur la route des vacances. En effet, c\u2019est \u00e0 un voyage au pays de la voix chant\u00e9e que nous convient les M\u00e9dias francophones publics (Radio-Canada, RTBF, RTS) avec le concours de l\u2019Institut national de l\u2019audiovisuel (INA) pour les archives. Ainsi, l\u2019on pourra fredonner sur les chansons d\u2019Edith Piaf, de Dalida, Jacques Brel ou d\u2019Aretha Franklin, comme sur celles de C\u00e9line Dion et Zaho de Sagazan. Ecouter, aussi, ce qu\u2019elles et ils ont \u00e0 nous dire \u00e0 travers quelques extraits d\u2019interviews mythiques (merci, notamment, \u00e0 Jacques Chancel). Au d\u00e9but de l\u2019\u00e9pisode 1, Catherine Ringer confie que . L\u2019autrice et interpr\u00e8te de Rita Mitsouko se souvient de sa grand-m\u00e8re qui, avec une voix de t\u00eate, entonnait\u00a0: Elle se souvient aussi de son p\u00e8re, juif polonais, et des berceuses qu\u2019il lui chantait, notamment . Elle dit son admiration pour Barbara, Piaf, Oum Kalsoum, Mory Kant\u00e9 ou encore Cesaria Evora\u00a0: Il vous reste 53.71% de cet article \u00e0 lire. La suite est r\u00e9serv\u00e9e aux abonn\u00e9s.","breadcrumb":{"@id":"https:\/\/vof-news.eu\/fr\/histoires-de-voix-sur-france-inter-une-serie-qui-donne-envie-de-chanter\/#breadcrumb"},"inLanguage":"fr-FR","potentialAction":[{"@type":"ReadAction","target":["https:\/\/vof-news.eu\/fr\/histoires-de-voix-sur-france-inter-une-serie-qui-donne-envie-de-chanter\/"]}]},{"@type":"ImageObject","inLanguage":"fr-FR","@id":"https:\/\/vof-news.eu\/fr\/histoires-de-voix-sur-france-inter-une-serie-qui-donne-envie-de-chanter\/#primaryimage","url":"https:\/\/vof-news.eu\/wp-content\/uploads\/2025\/07\/8515f1c_upload-1-igl6bd2c4s7a-000-par2003062315513.jpg","contentUrl":"https:\/\/vof-news.eu\/wp-content\/uploads\/2025\/07\/8515f1c_upload-1-igl6bd2c4s7a-000-par2003062315513.jpg","width":664,"height":441},{"@type":"BreadcrumbList","@id":"https:\/\/vof-news.eu\/fr\/histoires-de-voix-sur-france-inter-une-serie-qui-donne-envie-de-chanter\/#breadcrumb","itemListElement":[{"@type":"ListItem","position":1,"name":"Home","item":"https:\/\/vof-news.eu\/fr\/"},{"@type":"ListItem","position":2,"name":"\u00ab\u00a0Histoires de voix\u00a0\u00bb, sur France Inter\u00a0: une s\u00e9rie qui donne envie de chanter"}]},{"@type":"WebSite","@id":"https:\/\/vof-news.eu\/fr\/#website","url":"https:\/\/vof-news.eu\/fr\/","name":"vof-news.eu","description":"","potentialAction":[{"@type":"SearchAction","target":{"@type":"EntryPoint","urlTemplate":"https:\/\/vof-news.eu\/fr\/?s={search_term_string}"},"query-input":"required name=search_term_string"}],"inLanguage":"fr-FR"},{"@type":"Person","@id":"https:\/\/vof-news.eu\/fr\/#\/schema\/person\/f6a2a4309f0561835797fd8c19b333ed","name":"Author","image":{"@type":"ImageObject","inLanguage":"fr-FR","@id":"https:\/\/vof-news.eu\/fr\/#\/schema\/person\/image\/","url":"https:\/\/secure.gravatar.com\/avatar\/b67e614b1b25b3e9c0c239efdd2fde5ab015b5affd6f1c3c85911ca4b384e790?s=96&d=mm&r=g","contentUrl":"https:\/\/secure.gravatar.com\/avatar\/b67e614b1b25b3e9c0c239efdd2fde5ab015b5affd6f1c3c85911ca4b384e790?s=96&d=mm&r=g","caption":"Author"},"sameAs":["http:\/\/vof-news.eu"],"url":"https:\/\/vof-news.eu\/fr\/author\/zwt6qxnjulxbnyg\/"}]}},"yoast_meta":{"yoast_wpseo_title":"","yoast_wpseo_metadesc":"","yoast_wpseo_canonical":""},"_links":{"self":[{"href":"https:\/\/vof-news.eu\/fr\/wp-json\/wp\/v2\/posts\/248996","targetHints":{"allow":["GET"]}}],"collection":[{"href":"https:\/\/vof-news.eu\/fr\/wp-json\/wp\/v2\/posts"}],"about":[{"href":"https:\/\/vof-news.eu\/fr\/wp-json\/wp\/v2\/types\/post"}],"author":[{"embeddable":true,"href":"https:\/\/vof-news.eu\/fr\/wp-json\/wp\/v2\/users\/1"}],"replies":[{"embeddable":true,"href":"https:\/\/vof-news.eu\/fr\/wp-json\/wp\/v2\/comments?post=248996"}],"version-history":[{"count":1,"href":"https:\/\/vof-news.eu\/fr\/wp-json\/wp\/v2\/posts\/248996\/revisions"}],"predecessor-version":[{"id":249003,"href":"https:\/\/vof-news.eu\/fr\/wp-json\/wp\/v2\/posts\/248996\/revisions\/249003"}],"wp:featuredmedia":[{"embeddable":true,"href":"https:\/\/vof-news.eu\/fr\/wp-json\/wp\/v2\/media\/248997"}],"wp:attachment":[{"href":"https:\/\/vof-news.eu\/fr\/wp-json\/wp\/v2\/media?parent=248996"}],"wp:term":[{"taxonomy":"category","embeddable":true,"href":"https:\/\/vof-news.eu\/fr\/wp-json\/wp\/v2\/categories?post=248996"},{"taxonomy":"post_tag","embeddable":true,"href":"https:\/\/vof-news.eu\/fr\/wp-json\/wp\/v2\/tags?post=248996"}],"curies":[{"name":"wp","href":"https:\/\/api.w.org\/{rel}","templated":true}]}}