{"id":248972,"date":"2025-07-07T19:34:21","date_gmt":"2025-07-07T16:34:21","guid":{"rendered":"https:\/\/vof-news.eu\/la-pauvrete-et-les-inegalites-au-plus-haut-depuis-trente-ans\/"},"modified":"2025-07-07T19:34:41","modified_gmt":"2025-07-07T16:34:41","slug":"la-pauvrete-et-les-inegalites-au-plus-haut-depuis-trente-ans","status":"publish","type":"post","link":"https:\/\/vof-news.eu\/fr\/la-pauvrete-et-les-inegalites-au-plus-haut-depuis-trente-ans\/","title":{"rendered":"La pauvret\u00e9 et les in\u00e9galit\u00e9s au plus haut depuis trente ans"},"content":{"rendered":"<article>\n<p>Cela fait presque trente ans que l\u2019Institut national de la statistique et des \u00e9tudes \u00e9conomiques (Insee) mesure chaque ann\u00e9e la pauvret\u00e9 et les in\u00e9galit\u00e9s au sein de la population de France m\u00e9tropolitaine vivant en logement ordinaire. Et jamais celles-ci n\u2019avaient atteint les sommets enregistr\u00e9s pour l\u2019ann\u00e9e 2023, et publi\u00e9s lundi 7\u00a0juillet\u00a0: 9,8\u00a0millions d\u2019habitants vivent sous le seuil de pauvret\u00e9 mon\u00e9taire, fix\u00e9 \u00e0 60\u00a0% du revenu mensuel m\u00e9dian, soit 1\u00a0288\u00a0euros.<\/p>\n<p>Six cent cinquante mille\u00a0personnes ont bascul\u00e9 dans la pauvret\u00e9 en l\u2019espace d\u2019une ann\u00e9e, soit la progression la plus forte depuis 1996, d\u00e9but de la m\u00e9thode de calcul actuelle. Le taux de pauvret\u00e9 a atteint 15,4\u00a0%, apr\u00e8s 14,4\u00a0% en\u00a02022, soit un niveau et une hausse \u00e9galement record. Il en va de m\u00eame concernant les in\u00e9galit\u00e9s\u00a0: les 20\u00a0% les plus riches ont eu des revenus 4,5\u00a0fois sup\u00e9rieurs aux 20\u00a0% les plus pauvres, un \u00e9cart historique. , affirme Michel Du\u00e9e, chef du d\u00e9partement des ressources et des conditions de vie des m\u00e9nages de l\u2019Insee.<\/p>\n<p><strong>Il vous reste 67.02% de cet article \u00e0 lire. La suite est r\u00e9serv\u00e9e aux abonn\u00e9s.<\/strong><\/p>\n<\/article>\n","protected":false},"excerpt":{"rendered":"<p>Cela fait presque trente ans que l\u2019Institut national de la statistique et des \u00e9tudes \u00e9conomiques (Insee) mesure chaque ann\u00e9e la pauvret\u00e9 et les in\u00e9galit\u00e9s au sein de la population de France m\u00e9tropolitaine vivant en logement ordinaire. Et jamais celles-ci n\u2019avaient atteint les sommets enregistr\u00e9s pour l\u2019ann\u00e9e 2023, et publi\u00e9s lundi 7\u00a0juillet\u00a0: 9,8\u00a0millions d\u2019habitants vivent sous<\/p>\n","protected":false},"author":1,"featured_media":248973,"comment_status":"open","ping_status":"open","sticky":false,"template":"","format":"standard","meta":{"footnotes":""},"categories":[58],"tags":[],"class_list":["post-248972","post","type-post","status-publish","format-standard","has-post-thumbnail","hentry","category-business-fr"],"acf":[],"yoast_head":"<!-- This site is optimized with the Yoast SEO plugin v22.9 - https:\/\/yoast.com\/wordpress\/plugins\/seo\/ -->\n<title>La pauvret\u00e9 et les in\u00e9galit\u00e9s au plus haut depuis trente ans - vof-news.eu<\/title>\n<meta name=\"description\" content=\"Cela fait presque trente ans que l\u2019Institut national de la statistique et des \u00e9tudes \u00e9conomiques (Insee) mesure chaque ann\u00e9e la pauvret\u00e9 et les in\u00e9galit\u00e9s au sein de la population de France m\u00e9tropolitaine vivant en logement ordinaire. Et jamais celles-ci n\u2019avaient atteint les sommets enregistr\u00e9s pour l\u2019ann\u00e9e 2023, et publi\u00e9s lundi 7\u00a0juillet\u00a0: 9,8\u00a0millions d\u2019habitants vivent sous le seuil de pauvret\u00e9 mon\u00e9taire, fix\u00e9 \u00e0 60\u00a0% du revenu mensuel m\u00e9dian, soit 1\u00a0288\u00a0euros.  Six cent cinquante mille\u00a0personnes ont bascul\u00e9 dans la pauvret\u00e9 en l\u2019espace d\u2019une ann\u00e9e, soit la progression la plus forte depuis 1996, d\u00e9but de la m\u00e9thode de calcul actuelle. Le taux de pauvret\u00e9 a atteint 15,4\u00a0%, apr\u00e8s 14,4\u00a0% en\u00a02022, soit un niveau et une hausse \u00e9galement record. Il en va de m\u00eame concernant les in\u00e9galit\u00e9s\u00a0: les 20\u00a0% les plus riches ont eu des revenus 4,5\u00a0fois sup\u00e9rieurs aux 20\u00a0% les plus pauvres, un \u00e9cart historique. , affirme Michel Du\u00e9e, chef du d\u00e9partement des ressources et des conditions de vie des m\u00e9nages de l\u2019Insee. Il vous reste 67.02% de cet article \u00e0 lire. La suite est r\u00e9serv\u00e9e aux abonn\u00e9s.\" \/>\n<meta name=\"robots\" content=\"noindex, follow, max-snippet:-1, max-image-preview:large, max-video-preview:-1\" \/>\n<meta property=\"og:locale\" content=\"fr_FR\" \/>\n<meta property=\"og:type\" content=\"article\" \/>\n<meta property=\"og:title\" content=\"La pauvret\u00e9 et les in\u00e9galit\u00e9s au plus haut depuis trente ans - vof-news.eu\" \/>\n<meta property=\"og:description\" content=\"Cela fait presque trente ans que l\u2019Institut national de la statistique et des \u00e9tudes \u00e9conomiques (Insee) mesure chaque ann\u00e9e la pauvret\u00e9 et les in\u00e9galit\u00e9s au sein de la population de France m\u00e9tropolitaine vivant en logement ordinaire. Et jamais celles-ci n\u2019avaient atteint les sommets enregistr\u00e9s pour l\u2019ann\u00e9e 2023, et publi\u00e9s lundi 7\u00a0juillet\u00a0: 9,8\u00a0millions d\u2019habitants vivent sous le seuil de pauvret\u00e9 mon\u00e9taire, fix\u00e9 \u00e0 60\u00a0% du revenu mensuel m\u00e9dian, soit 1\u00a0288\u00a0euros.  Six cent cinquante mille\u00a0personnes ont bascul\u00e9 dans la pauvret\u00e9 en l\u2019espace d\u2019une ann\u00e9e, soit la progression la plus forte depuis 1996, d\u00e9but de la m\u00e9thode de calcul actuelle. Le taux de pauvret\u00e9 a atteint 15,4\u00a0%, apr\u00e8s 14,4\u00a0% en\u00a02022, soit un niveau et une hausse \u00e9galement record. Il en va de m\u00eame concernant les in\u00e9galit\u00e9s\u00a0: les 20\u00a0% les plus riches ont eu des revenus 4,5\u00a0fois sup\u00e9rieurs aux 20\u00a0% les plus pauvres, un \u00e9cart historique. , affirme Michel Du\u00e9e, chef du d\u00e9partement des ressources et des conditions de vie des m\u00e9nages de l\u2019Insee. Il vous reste 67.02% de cet article \u00e0 lire. La suite est r\u00e9serv\u00e9e aux abonn\u00e9s.\" \/>\n<meta property=\"og:url\" content=\"https:\/\/vof-news.eu\/fr\/la-pauvrete-et-les-inegalites-au-plus-haut-depuis-trente-ans\/\" \/>\n<meta property=\"og:site_name\" content=\"vof-news.eu\" \/>\n<meta property=\"article:published_time\" content=\"2025-07-07T16:34:21+00:00\" \/>\n<meta property=\"article:modified_time\" content=\"2025-07-07T16:34:41+00:00\" \/>\n<meta property=\"og:image\" content=\"https:\/\/vof-news.eu\/wp-content\/uploads\/2025\/07\/d1adafe_upload-1-wpr1hdocd02e-sif-massy-gratacap-14.jpeg\" \/>\n\t<meta property=\"og:image:width\" content=\"664\" \/>\n\t<meta property=\"og:image:height\" content=\"498\" \/>\n\t<meta property=\"og:image:type\" content=\"image\/jpeg\" \/>\n<meta name=\"author\" content=\"Author\" \/>\n<meta name=\"twitter:card\" content=\"summary_large_image\" \/>\n<meta name=\"twitter:label1\" content=\"\u00c9crit par\" \/>\n\t<meta name=\"twitter:data1\" content=\"Author\" \/>\n\t<meta name=\"twitter:label2\" content=\"Dur\u00e9e de lecture estim\u00e9e\" \/>\n\t<meta name=\"twitter:data2\" content=\"1 minute\" \/>\n<script type=\"application\/ld+json\" class=\"yoast-schema-graph\">{\"@context\":\"https:\/\/schema.org\",\"@graph\":[{\"@type\":\"WebPage\",\"@id\":\"https:\/\/vof-news.eu\/fr\/la-pauvrete-et-les-inegalites-au-plus-haut-depuis-trente-ans\/\",\"url\":\"https:\/\/vof-news.eu\/fr\/la-pauvrete-et-les-inegalites-au-plus-haut-depuis-trente-ans\/\",\"name\":\"La pauvret\u00e9 et les in\u00e9galit\u00e9s au plus haut depuis trente ans - vof-news.eu\",\"isPartOf\":{\"@id\":\"https:\/\/vof-news.eu\/fr\/#website\"},\"primaryImageOfPage\":{\"@id\":\"https:\/\/vof-news.eu\/fr\/la-pauvrete-et-les-inegalites-au-plus-haut-depuis-trente-ans\/#primaryimage\"},\"image\":{\"@id\":\"https:\/\/vof-news.eu\/fr\/la-pauvrete-et-les-inegalites-au-plus-haut-depuis-trente-ans\/#primaryimage\"},\"thumbnailUrl\":\"https:\/\/vof-news.eu\/wp-content\/uploads\/2025\/07\/d1adafe_upload-1-wpr1hdocd02e-sif-massy-gratacap-14.jpeg\",\"datePublished\":\"2025-07-07T16:34:21+00:00\",\"dateModified\":\"2025-07-07T16:34:41+00:00\",\"author\":{\"@id\":\"https:\/\/vof-news.eu\/fr\/#\/schema\/person\/f6a2a4309f0561835797fd8c19b333ed\"},\"description\":\"Cela fait presque trente ans que l\u2019Institut national de la statistique et des \u00e9tudes \u00e9conomiques (Insee) mesure chaque ann\u00e9e la pauvret\u00e9 et les in\u00e9galit\u00e9s au sein de la population de France m\u00e9tropolitaine vivant en logement ordinaire. Et jamais celles-ci n\u2019avaient atteint les sommets enregistr\u00e9s pour l\u2019ann\u00e9e 2023, et publi\u00e9s lundi 7\u00a0juillet\u00a0: 9,8\u00a0millions d\u2019habitants vivent sous le seuil de pauvret\u00e9 mon\u00e9taire, fix\u00e9 \u00e0 60\u00a0% du revenu mensuel m\u00e9dian, soit 1\u00a0288\u00a0euros. Six cent cinquante mille\u00a0personnes ont bascul\u00e9 dans la pauvret\u00e9 en l\u2019espace d\u2019une ann\u00e9e, soit la progression la plus forte depuis 1996, d\u00e9but de la m\u00e9thode de calcul actuelle. Le taux de pauvret\u00e9 a atteint 15,4\u00a0%, apr\u00e8s 14,4\u00a0% en\u00a02022, soit un niveau et une hausse \u00e9galement record. Il en va de m\u00eame concernant les in\u00e9galit\u00e9s\u00a0: les 20\u00a0% les plus riches ont eu des revenus 4,5\u00a0fois sup\u00e9rieurs aux 20\u00a0% les plus pauvres, un \u00e9cart historique. , affirme Michel Du\u00e9e, chef du d\u00e9partement des ressources et des conditions de vie des m\u00e9nages de l\u2019Insee. Il vous reste 67.02% de cet article \u00e0 lire. La suite est r\u00e9serv\u00e9e aux abonn\u00e9s.\",\"breadcrumb\":{\"@id\":\"https:\/\/vof-news.eu\/fr\/la-pauvrete-et-les-inegalites-au-plus-haut-depuis-trente-ans\/#breadcrumb\"},\"inLanguage\":\"fr-FR\",\"potentialAction\":[{\"@type\":\"ReadAction\",\"target\":[\"https:\/\/vof-news.eu\/fr\/la-pauvrete-et-les-inegalites-au-plus-haut-depuis-trente-ans\/\"]}]},{\"@type\":\"ImageObject\",\"inLanguage\":\"fr-FR\",\"@id\":\"https:\/\/vof-news.eu\/fr\/la-pauvrete-et-les-inegalites-au-plus-haut-depuis-trente-ans\/#primaryimage\",\"url\":\"https:\/\/vof-news.eu\/wp-content\/uploads\/2025\/07\/d1adafe_upload-1-wpr1hdocd02e-sif-massy-gratacap-14.jpeg\",\"contentUrl\":\"https:\/\/vof-news.eu\/wp-content\/uploads\/2025\/07\/d1adafe_upload-1-wpr1hdocd02e-sif-massy-gratacap-14.jpeg\",\"width\":664,\"height\":498},{\"@type\":\"BreadcrumbList\",\"@id\":\"https:\/\/vof-news.eu\/fr\/la-pauvrete-et-les-inegalites-au-plus-haut-depuis-trente-ans\/#breadcrumb\",\"itemListElement\":[{\"@type\":\"ListItem\",\"position\":1,\"name\":\"Home\",\"item\":\"https:\/\/vof-news.eu\/fr\/\"},{\"@type\":\"ListItem\",\"position\":2,\"name\":\"La pauvret\u00e9 et les in\u00e9galit\u00e9s au plus haut depuis trente ans\"}]},{\"@type\":\"WebSite\",\"@id\":\"https:\/\/vof-news.eu\/fr\/#website\",\"url\":\"https:\/\/vof-news.eu\/fr\/\",\"name\":\"vof-news.eu\",\"description\":\"\",\"potentialAction\":[{\"@type\":\"SearchAction\",\"target\":{\"@type\":\"EntryPoint\",\"urlTemplate\":\"https:\/\/vof-news.eu\/fr\/?s={search_term_string}\"},\"query-input\":\"required name=search_term_string\"}],\"inLanguage\":\"fr-FR\"},{\"@type\":\"Person\",\"@id\":\"https:\/\/vof-news.eu\/fr\/#\/schema\/person\/f6a2a4309f0561835797fd8c19b333ed\",\"name\":\"Author\",\"image\":{\"@type\":\"ImageObject\",\"inLanguage\":\"fr-FR\",\"@id\":\"https:\/\/vof-news.eu\/fr\/#\/schema\/person\/image\/\",\"url\":\"https:\/\/secure.gravatar.com\/avatar\/b67e614b1b25b3e9c0c239efdd2fde5ab015b5affd6f1c3c85911ca4b384e790?s=96&d=mm&r=g\",\"contentUrl\":\"https:\/\/secure.gravatar.com\/avatar\/b67e614b1b25b3e9c0c239efdd2fde5ab015b5affd6f1c3c85911ca4b384e790?s=96&d=mm&r=g\",\"caption\":\"Author\"},\"sameAs\":[\"http:\/\/vof-news.eu\"],\"url\":\"https:\/\/vof-news.eu\/fr\/author\/zwt6qxnjulxbnyg\/\"}]}<\/script>\n<!-- \/ Yoast SEO plugin. -->","yoast_head_json":{"title":"La pauvret\u00e9 et les in\u00e9galit\u00e9s au plus haut depuis trente ans - vof-news.eu","description":"Cela fait presque trente ans que l\u2019Institut national de la statistique et des \u00e9tudes \u00e9conomiques (Insee) mesure chaque ann\u00e9e la pauvret\u00e9 et les in\u00e9galit\u00e9s au sein de la population de France m\u00e9tropolitaine vivant en logement ordinaire. Et jamais celles-ci n\u2019avaient atteint les sommets enregistr\u00e9s pour l\u2019ann\u00e9e 2023, et publi\u00e9s lundi 7\u00a0juillet\u00a0: 9,8\u00a0millions d\u2019habitants vivent sous le seuil de pauvret\u00e9 mon\u00e9taire, fix\u00e9 \u00e0 60\u00a0% du revenu mensuel m\u00e9dian, soit 1\u00a0288\u00a0euros.  Six cent cinquante mille\u00a0personnes ont bascul\u00e9 dans la pauvret\u00e9 en l\u2019espace d\u2019une ann\u00e9e, soit la progression la plus forte depuis 1996, d\u00e9but de la m\u00e9thode de calcul actuelle. Le taux de pauvret\u00e9 a atteint 15,4\u00a0%, apr\u00e8s 14,4\u00a0% en\u00a02022, soit un niveau et une hausse \u00e9galement record. Il en va de m\u00eame concernant les in\u00e9galit\u00e9s\u00a0: les 20\u00a0% les plus riches ont eu des revenus 4,5\u00a0fois sup\u00e9rieurs aux 20\u00a0% les plus pauvres, un \u00e9cart historique. , affirme Michel Du\u00e9e, chef du d\u00e9partement des ressources et des conditions de vie des m\u00e9nages de l\u2019Insee. Il vous reste 67.02% de cet article \u00e0 lire. La suite est r\u00e9serv\u00e9e aux abonn\u00e9s.","robots":{"index":"noindex","follow":"follow","max-snippet":"max-snippet:-1","max-image-preview":"max-image-preview:large","max-video-preview":"max-video-preview:-1"},"og_locale":"fr_FR","og_type":"article","og_title":"La pauvret\u00e9 et les in\u00e9galit\u00e9s au plus haut depuis trente ans - vof-news.eu","og_description":"Cela fait presque trente ans que l\u2019Institut national de la statistique et des \u00e9tudes \u00e9conomiques (Insee) mesure chaque ann\u00e9e la pauvret\u00e9 et les in\u00e9galit\u00e9s au sein de la population de France m\u00e9tropolitaine vivant en logement ordinaire. Et jamais celles-ci n\u2019avaient atteint les sommets enregistr\u00e9s pour l\u2019ann\u00e9e 2023, et publi\u00e9s lundi 7\u00a0juillet\u00a0: 9,8\u00a0millions d\u2019habitants vivent sous le seuil de pauvret\u00e9 mon\u00e9taire, fix\u00e9 \u00e0 60\u00a0% du revenu mensuel m\u00e9dian, soit 1\u00a0288\u00a0euros.  Six cent cinquante mille\u00a0personnes ont bascul\u00e9 dans la pauvret\u00e9 en l\u2019espace d\u2019une ann\u00e9e, soit la progression la plus forte depuis 1996, d\u00e9but de la m\u00e9thode de calcul actuelle. Le taux de pauvret\u00e9 a atteint 15,4\u00a0%, apr\u00e8s 14,4\u00a0% en\u00a02022, soit un niveau et une hausse \u00e9galement record. Il en va de m\u00eame concernant les in\u00e9galit\u00e9s\u00a0: les 20\u00a0% les plus riches ont eu des revenus 4,5\u00a0fois sup\u00e9rieurs aux 20\u00a0% les plus pauvres, un \u00e9cart historique. , affirme Michel Du\u00e9e, chef du d\u00e9partement des ressources et des conditions de vie des m\u00e9nages de l\u2019Insee. Il vous reste 67.02% de cet article \u00e0 lire. La suite est r\u00e9serv\u00e9e aux abonn\u00e9s.","og_url":"https:\/\/vof-news.eu\/fr\/la-pauvrete-et-les-inegalites-au-plus-haut-depuis-trente-ans\/","og_site_name":"vof-news.eu","article_published_time":"2025-07-07T16:34:21+00:00","article_modified_time":"2025-07-07T16:34:41+00:00","og_image":[{"width":664,"height":498,"url":"https:\/\/vof-news.eu\/wp-content\/uploads\/2025\/07\/d1adafe_upload-1-wpr1hdocd02e-sif-massy-gratacap-14.jpeg","type":"image\/jpeg"}],"author":"Author","twitter_card":"summary_large_image","twitter_misc":{"\u00c9crit par":"Author","Dur\u00e9e de lecture estim\u00e9e":"1 minute"},"schema":{"@context":"https:\/\/schema.org","@graph":[{"@type":"WebPage","@id":"https:\/\/vof-news.eu\/fr\/la-pauvrete-et-les-inegalites-au-plus-haut-depuis-trente-ans\/","url":"https:\/\/vof-news.eu\/fr\/la-pauvrete-et-les-inegalites-au-plus-haut-depuis-trente-ans\/","name":"La pauvret\u00e9 et les in\u00e9galit\u00e9s au plus haut depuis trente ans - vof-news.eu","isPartOf":{"@id":"https:\/\/vof-news.eu\/fr\/#website"},"primaryImageOfPage":{"@id":"https:\/\/vof-news.eu\/fr\/la-pauvrete-et-les-inegalites-au-plus-haut-depuis-trente-ans\/#primaryimage"},"image":{"@id":"https:\/\/vof-news.eu\/fr\/la-pauvrete-et-les-inegalites-au-plus-haut-depuis-trente-ans\/#primaryimage"},"thumbnailUrl":"https:\/\/vof-news.eu\/wp-content\/uploads\/2025\/07\/d1adafe_upload-1-wpr1hdocd02e-sif-massy-gratacap-14.jpeg","datePublished":"2025-07-07T16:34:21+00:00","dateModified":"2025-07-07T16:34:41+00:00","author":{"@id":"https:\/\/vof-news.eu\/fr\/#\/schema\/person\/f6a2a4309f0561835797fd8c19b333ed"},"description":"Cela fait presque trente ans que l\u2019Institut national de la statistique et des \u00e9tudes \u00e9conomiques (Insee) mesure chaque ann\u00e9e la pauvret\u00e9 et les in\u00e9galit\u00e9s au sein de la population de France m\u00e9tropolitaine vivant en logement ordinaire. Et jamais celles-ci n\u2019avaient atteint les sommets enregistr\u00e9s pour l\u2019ann\u00e9e 2023, et publi\u00e9s lundi 7\u00a0juillet\u00a0: 9,8\u00a0millions d\u2019habitants vivent sous le seuil de pauvret\u00e9 mon\u00e9taire, fix\u00e9 \u00e0 60\u00a0% du revenu mensuel m\u00e9dian, soit 1\u00a0288\u00a0euros. Six cent cinquante mille\u00a0personnes ont bascul\u00e9 dans la pauvret\u00e9 en l\u2019espace d\u2019une ann\u00e9e, soit la progression la plus forte depuis 1996, d\u00e9but de la m\u00e9thode de calcul actuelle. Le taux de pauvret\u00e9 a atteint 15,4\u00a0%, apr\u00e8s 14,4\u00a0% en\u00a02022, soit un niveau et une hausse \u00e9galement record. Il en va de m\u00eame concernant les in\u00e9galit\u00e9s\u00a0: les 20\u00a0% les plus riches ont eu des revenus 4,5\u00a0fois sup\u00e9rieurs aux 20\u00a0% les plus pauvres, un \u00e9cart historique. , affirme Michel Du\u00e9e, chef du d\u00e9partement des ressources et des conditions de vie des m\u00e9nages de l\u2019Insee. Il vous reste 67.02% de cet article \u00e0 lire. La suite est r\u00e9serv\u00e9e aux abonn\u00e9s.","breadcrumb":{"@id":"https:\/\/vof-news.eu\/fr\/la-pauvrete-et-les-inegalites-au-plus-haut-depuis-trente-ans\/#breadcrumb"},"inLanguage":"fr-FR","potentialAction":[{"@type":"ReadAction","target":["https:\/\/vof-news.eu\/fr\/la-pauvrete-et-les-inegalites-au-plus-haut-depuis-trente-ans\/"]}]},{"@type":"ImageObject","inLanguage":"fr-FR","@id":"https:\/\/vof-news.eu\/fr\/la-pauvrete-et-les-inegalites-au-plus-haut-depuis-trente-ans\/#primaryimage","url":"https:\/\/vof-news.eu\/wp-content\/uploads\/2025\/07\/d1adafe_upload-1-wpr1hdocd02e-sif-massy-gratacap-14.jpeg","contentUrl":"https:\/\/vof-news.eu\/wp-content\/uploads\/2025\/07\/d1adafe_upload-1-wpr1hdocd02e-sif-massy-gratacap-14.jpeg","width":664,"height":498},{"@type":"BreadcrumbList","@id":"https:\/\/vof-news.eu\/fr\/la-pauvrete-et-les-inegalites-au-plus-haut-depuis-trente-ans\/#breadcrumb","itemListElement":[{"@type":"ListItem","position":1,"name":"Home","item":"https:\/\/vof-news.eu\/fr\/"},{"@type":"ListItem","position":2,"name":"La pauvret\u00e9 et les in\u00e9galit\u00e9s au plus haut depuis trente ans"}]},{"@type":"WebSite","@id":"https:\/\/vof-news.eu\/fr\/#website","url":"https:\/\/vof-news.eu\/fr\/","name":"vof-news.eu","description":"","potentialAction":[{"@type":"SearchAction","target":{"@type":"EntryPoint","urlTemplate":"https:\/\/vof-news.eu\/fr\/?s={search_term_string}"},"query-input":"required name=search_term_string"}],"inLanguage":"fr-FR"},{"@type":"Person","@id":"https:\/\/vof-news.eu\/fr\/#\/schema\/person\/f6a2a4309f0561835797fd8c19b333ed","name":"Author","image":{"@type":"ImageObject","inLanguage":"fr-FR","@id":"https:\/\/vof-news.eu\/fr\/#\/schema\/person\/image\/","url":"https:\/\/secure.gravatar.com\/avatar\/b67e614b1b25b3e9c0c239efdd2fde5ab015b5affd6f1c3c85911ca4b384e790?s=96&d=mm&r=g","contentUrl":"https:\/\/secure.gravatar.com\/avatar\/b67e614b1b25b3e9c0c239efdd2fde5ab015b5affd6f1c3c85911ca4b384e790?s=96&d=mm&r=g","caption":"Author"},"sameAs":["http:\/\/vof-news.eu"],"url":"https:\/\/vof-news.eu\/fr\/author\/zwt6qxnjulxbnyg\/"}]}},"yoast_meta":{"yoast_wpseo_title":"","yoast_wpseo_metadesc":"","yoast_wpseo_canonical":""},"_links":{"self":[{"href":"https:\/\/vof-news.eu\/fr\/wp-json\/wp\/v2\/posts\/248972","targetHints":{"allow":["GET"]}}],"collection":[{"href":"https:\/\/vof-news.eu\/fr\/wp-json\/wp\/v2\/posts"}],"about":[{"href":"https:\/\/vof-news.eu\/fr\/wp-json\/wp\/v2\/types\/post"}],"author":[{"embeddable":true,"href":"https:\/\/vof-news.eu\/fr\/wp-json\/wp\/v2\/users\/1"}],"replies":[{"embeddable":true,"href":"https:\/\/vof-news.eu\/fr\/wp-json\/wp\/v2\/comments?post=248972"}],"version-history":[{"count":1,"href":"https:\/\/vof-news.eu\/fr\/wp-json\/wp\/v2\/posts\/248972\/revisions"}],"predecessor-version":[{"id":248979,"href":"https:\/\/vof-news.eu\/fr\/wp-json\/wp\/v2\/posts\/248972\/revisions\/248979"}],"wp:featuredmedia":[{"embeddable":true,"href":"https:\/\/vof-news.eu\/fr\/wp-json\/wp\/v2\/media\/248973"}],"wp:attachment":[{"href":"https:\/\/vof-news.eu\/fr\/wp-json\/wp\/v2\/media?parent=248972"}],"wp:term":[{"taxonomy":"category","embeddable":true,"href":"https:\/\/vof-news.eu\/fr\/wp-json\/wp\/v2\/categories?post=248972"},{"taxonomy":"post_tag","embeddable":true,"href":"https:\/\/vof-news.eu\/fr\/wp-json\/wp\/v2\/tags?post=248972"}],"curies":[{"name":"wp","href":"https:\/\/api.w.org\/{rel}","templated":true}]}}