{"id":248956,"date":"2025-07-07T19:32:08","date_gmt":"2025-07-07T16:32:08","guid":{"rendered":"https:\/\/vof-news.eu\/en-croatie-vives-critiques-apres-le-concert-geant-dun-chanteur-nationaliste-aux-sympathies-profascistes\/"},"modified":"2025-07-07T19:32:34","modified_gmt":"2025-07-07T16:32:34","slug":"en-croatie-vives-critiques-apres-le-concert-geant-dun-chanteur-nationaliste-aux-sympathies-profascistes","status":"publish","type":"post","link":"https:\/\/vof-news.eu\/fr\/en-croatie-vives-critiques-apres-le-concert-geant-dun-chanteur-nationaliste-aux-sympathies-profascistes\/","title":{"rendered":"En Croatie, vives critiques apr\u00e8s le concert g\u00e9ant d\u2019un chanteur nationaliste aux sympathies profascistes"},"content":{"rendered":"<article>\n<p>Le m\u00e9ga concert d\u2019un chanteur croate connu pour ses sympathies d\u2019extr\u00eame droite, qui a attir\u00e9 environ 450\u00a0000\u00a0fans ce week-end, suscite de vives critiques dans le pays apr\u00e8s la multiplication de symboles et slogans pronazis pendant le show. Environ 450\u00a0000 places de concert ont \u00e9t\u00e9 vendues dont 350\u00a0000 en Croatie, selon des chiffres communiqu\u00e9s par la police nationale dans un pays qui compte 3,8\u00a0millions d\u2019habitants.<\/p>\n<p>Le premier ministre croate, conservateur, dont le pays est membre de l\u2019Union europ\u00e9enne, Andrej Plenkovic, a assist\u00e9 \u00e0 la r\u00e9p\u00e9tition g\u00e9n\u00e9rale du concert et pris une photo avec le chanteur, en pr\u00e9sence du pr\u00e9sident du Parlement, Gordan Jandrokovic.<\/p>\n<p>Marko Perkovic, connu sous le nom de sc\u00e8ne de Thompson, a interdiction de se produire dans plusieurs pays en raison de ses sympathies pour le r\u00e9gime fasciste oustachi croate durant la seconde guerre mondiale. Ic\u00f4ne folk rock de l\u2019extr\u00eame droite, il s\u2019est fait conna\u00eetre par des chansons nationalistes dans les ann\u00e9es 1990, au moment du conflit serbo-croate.<\/p>\n<p>Lors du concert samedi \u00e0 l\u2019hippodrome de Zagreb, Thompson a interpr\u00e9t\u00e9 l\u2019une de ses chansons les plus connues, commen\u00e7ant par le salut oustachi \u2013  (\u00ab\u00a0Pour la patrie \u2013 Pr\u00eats\u00a0!\u00a0\u00bb) \u2013 dont la r\u00e9ponse a \u00e9t\u00e9 reprise en ch\u0153ur par la foule. Ce salut \u00e9tait \u00e9galement utilis\u00e9 par l\u2019unit\u00e9 paramilitaire HOS, aujourd\u2019hui dissoute, pendant la guerre des ann\u00e9es 1990, et le chanteur a assur\u00e9 que la chanson faisait r\u00e9f\u00e9rence \u00e0 ce conflit. De nombreux fans, qui voient en Thompson un d\u00e9fenseur des valeurs traditionnelles et religieuses, \u00e9taient v\u00eatus de tee-shirts noirs arborant le slogan .<\/p>\n<h2>\u00ab\u00a0Rh\u00e9torique dangereuse et haineuse\u00a0\u00bb<\/h2>\n<p>L\u2019utilisation massive des symboles et de slogans oustachis lors du concert a \u00e9t\u00e9 vivement critiqu\u00e9e notamment par l\u2019opposition de gauche et des ONG, et la pr\u00e9sidente du Parlement serbe, Ana Brnabic, a appel\u00e9 l\u2019Union europ\u00e9enne \u00e0 r\u00e9agir, estimant qu\u2019.<\/p>\n<p>Le ministre de l\u2019int\u00e9rieur croate, Davor Bozinovic, a, lui, d\u00e9clar\u00e9 qu\u2019il .<\/p>\n<p> [samedi] , ont d\u00e9nonc\u00e9 les sociaux-d\u00e9mocrates, principal parti d\u2019opposition.<\/p>\n<p>Pour l\u2019ONG Initiative des jeunes pour les droits de l\u2019homme, cet \u00e9v\u00e9nement [pro] et constitue une .<\/p>\n<section>  <a href=\"https:\/\/www.lemonde.fr\/memorable\/?rfextension=inread\" rel=\"nofollow\">    <\/a> <\/section>\n<p>Ces derni\u00e8res ann\u00e9es, la Croatie a montr\u00e9 une tol\u00e9rance croissante \u00e0 l\u2019\u00e9gard de son pass\u00e9 pronazi, et les autorit\u00e9s ont \u00e9t\u00e9 accus\u00e9es de ne pas en faire assez pour interdire les embl\u00e8mes oustachis dans l\u2019espace public. L\u2019Etat fantoche croate dirig\u00e9 par le r\u00e9gime oustachi, qui avait comme objectif de renverser la monarchie et de contrer la pr\u00e9dominance serbe sur le royaume de Yougoslavie, a \u00e9t\u00e9 install\u00e9 par Hitler et Mussolini en\u00a01941. Les oustachis (insurg\u00e9s en croate) ont pers\u00e9cut\u00e9 et tu\u00e9 des centaines de milliers de Serbes, de juifs, de Croates antifascistes et des Roms dans des camps de concentration pendant la seconde guerre mondiale.<\/p>\n<section>   <\/section>\n<section>\n<p> <span>Le Monde avec AFP<\/span> <\/p>\n<\/section>\n<section>\n<section>\n<header>   <\/header>\n<section>\n<section> <a href=\"https:\/\/abo.lemonde.fr\/?lmd_medium=BOUTONS_LMFR&amp;lmd_campaign=CONTRIBUTION_ARTICLE\" rel=\"nofollow\">S\u2019abonner<\/a> <\/section>\n<\/section>\n<section><\/section>\n<\/section>\n<p>Contribuer<\/p>\n<p> <a href=\"https:\/\/www.lemonde.fr\/syndication\/\" rel=\"nofollow\">R\u00e9utiliser ce contenu<\/a> <\/section>\n<\/article>\n","protected":false},"excerpt":{"rendered":"<p>Le m\u00e9ga concert d\u2019un chanteur croate connu pour ses sympathies d\u2019extr\u00eame droite, qui a attir\u00e9 environ 450\u00a0000\u00a0fans ce week-end, suscite de vives critiques dans le pays apr\u00e8s la multiplication de symboles et slogans pronazis pendant le show. Environ 450\u00a0000 places de concert ont \u00e9t\u00e9 vendues dont 350\u00a0000 en Croatie, selon des chiffres communiqu\u00e9s par la<\/p>\n","protected":false},"author":1,"featured_media":248957,"comment_status":"open","ping_status":"open","sticky":false,"template":"","format":"standard","meta":{"footnotes":""},"categories":[68],"tags":[],"class_list":["post-248956","post","type-post","status-publish","format-standard","has-post-thumbnail","hentry","category-politics-fr"],"acf":[],"yoast_head":"<!-- This site is optimized with the Yoast SEO plugin v22.9 - https:\/\/yoast.com\/wordpress\/plugins\/seo\/ -->\n<title>En Croatie, vives critiques apr\u00e8s le concert g\u00e9ant d\u2019un chanteur nationaliste aux sympathies profascistes - vof-news.eu<\/title>\n<meta name=\"description\" content=\"Le m\u00e9ga concert d\u2019un chanteur croate connu pour ses sympathies d\u2019extr\u00eame droite, qui a attir\u00e9 environ 450\u00a0000\u00a0fans ce week-end, suscite de vives critiques dans le pays apr\u00e8s la multiplication de symboles et slogans pronazis pendant le show. Environ 450\u00a0000 places de concert ont \u00e9t\u00e9 vendues dont 350\u00a0000 en Croatie, selon des chiffres communiqu\u00e9s par la police nationale dans un pays qui compte 3,8\u00a0millions d\u2019habitants. Le premier ministre croate, conservateur, dont le pays est membre de l\u2019Union europ\u00e9enne, Andrej Plenkovic, a assist\u00e9 \u00e0 la r\u00e9p\u00e9tition g\u00e9n\u00e9rale du concert et pris une photo avec le chanteur, en pr\u00e9sence du pr\u00e9sident du Parlement, Gordan Jandrokovic. Marko Perkovic, connu sous le nom de sc\u00e8ne de Thompson, a interdiction de se produire dans plusieurs pays en raison de ses sympathies pour le r\u00e9gime fasciste oustachi croate durant la seconde guerre mondiale. Ic\u00f4ne folk rock de l\u2019extr\u00eame droite, il s\u2019est fait conna\u00eetre par des chansons nationalistes dans les ann\u00e9es 1990, au moment du conflit serbo-croate. Lors du concert samedi \u00e0 l\u2019hippodrome de Zagreb, Thompson a interpr\u00e9t\u00e9 l\u2019une de ses chansons les plus connues, commen\u00e7ant par le salut oustachi \u2013 (\u00ab\u00a0Pour la patrie \u2013 Pr\u00eats\u00a0!\u00a0\u00bb) \u2013 dont la r\u00e9ponse a \u00e9t\u00e9 reprise en ch\u0153ur par la foule. Ce salut \u00e9tait \u00e9galement utilis\u00e9 par l\u2019unit\u00e9 paramilitaire HOS, aujourd\u2019hui dissoute, pendant la guerre des ann\u00e9es 1990, et le chanteur a assur\u00e9 que la chanson faisait r\u00e9f\u00e9rence \u00e0 ce conflit. De nombreux fans, qui voient en Thompson un d\u00e9fenseur des valeurs traditionnelles et religieuses, \u00e9taient v\u00eatus de tee-shirts noirs arborant le slogan . \u00ab\u00a0Rh\u00e9torique dangereuse et haineuse\u00a0\u00bb L\u2019utilisation massive des symboles et de slogans oustachis lors du concert a \u00e9t\u00e9 vivement critiqu\u00e9e notamment par l\u2019opposition de gauche et des ONG, et la pr\u00e9sidente du Parlement serbe, Ana Brnabic, a appel\u00e9 l\u2019Union europ\u00e9enne \u00e0 r\u00e9agir, estimant qu\u2019. Le ministre de l\u2019int\u00e9rieur croate, Davor Bozinovic, a, lui, d\u00e9clar\u00e9 qu\u2019il .  [samedi] , ont d\u00e9nonc\u00e9 les sociaux-d\u00e9mocrates, principal parti d\u2019opposition. Pour l\u2019ONG Initiative des jeunes pour les droits de l\u2019homme, cet \u00e9v\u00e9nement [pro] et constitue une .     Ces derni\u00e8res ann\u00e9es, la Croatie a montr\u00e9 une tol\u00e9rance croissante \u00e0 l\u2019\u00e9gard de son pass\u00e9 pronazi, et les autorit\u00e9s ont \u00e9t\u00e9 accus\u00e9es de ne pas en faire assez pour interdire les embl\u00e8mes oustachis dans l\u2019espace public. L\u2019Etat fantoche croate dirig\u00e9 par le r\u00e9gime oustachi, qui avait comme objectif de renverser la monarchie et de contrer la pr\u00e9dominance serbe sur le royaume de Yougoslavie, a \u00e9t\u00e9 install\u00e9 par Hitler et Mussolini en\u00a01941. Les oustachis (insurg\u00e9s en croate) ont pers\u00e9cut\u00e9 et tu\u00e9 des centaines de milliers de Serbes, de juifs, de Croates antifascistes et des Roms dans des camps de concentration pendant la seconde guerre mondiale.    Le Monde avec AFP      S\u2019abonner   Contribuer R\u00e9utiliser ce contenu\" \/>\n<meta name=\"robots\" content=\"noindex, follow, max-snippet:-1, max-image-preview:large, max-video-preview:-1\" \/>\n<meta property=\"og:locale\" content=\"fr_FR\" \/>\n<meta property=\"og:type\" content=\"article\" \/>\n<meta property=\"og:title\" content=\"En Croatie, vives critiques apr\u00e8s le concert g\u00e9ant d\u2019un chanteur nationaliste aux sympathies profascistes - vof-news.eu\" \/>\n<meta property=\"og:description\" content=\"Le m\u00e9ga concert d\u2019un chanteur croate connu pour ses sympathies d\u2019extr\u00eame droite, qui a attir\u00e9 environ 450\u00a0000\u00a0fans ce week-end, suscite de vives critiques dans le pays apr\u00e8s la multiplication de symboles et slogans pronazis pendant le show. Environ 450\u00a0000 places de concert ont \u00e9t\u00e9 vendues dont 350\u00a0000 en Croatie, selon des chiffres communiqu\u00e9s par la police nationale dans un pays qui compte 3,8\u00a0millions d\u2019habitants. Le premier ministre croate, conservateur, dont le pays est membre de l\u2019Union europ\u00e9enne, Andrej Plenkovic, a assist\u00e9 \u00e0 la r\u00e9p\u00e9tition g\u00e9n\u00e9rale du concert et pris une photo avec le chanteur, en pr\u00e9sence du pr\u00e9sident du Parlement, Gordan Jandrokovic. Marko Perkovic, connu sous le nom de sc\u00e8ne de Thompson, a interdiction de se produire dans plusieurs pays en raison de ses sympathies pour le r\u00e9gime fasciste oustachi croate durant la seconde guerre mondiale. Ic\u00f4ne folk rock de l\u2019extr\u00eame droite, il s\u2019est fait conna\u00eetre par des chansons nationalistes dans les ann\u00e9es 1990, au moment du conflit serbo-croate. Lors du concert samedi \u00e0 l\u2019hippodrome de Zagreb, Thompson a interpr\u00e9t\u00e9 l\u2019une de ses chansons les plus connues, commen\u00e7ant par le salut oustachi \u2013 (\u00ab\u00a0Pour la patrie \u2013 Pr\u00eats\u00a0!\u00a0\u00bb) \u2013 dont la r\u00e9ponse a \u00e9t\u00e9 reprise en ch\u0153ur par la foule. Ce salut \u00e9tait \u00e9galement utilis\u00e9 par l\u2019unit\u00e9 paramilitaire HOS, aujourd\u2019hui dissoute, pendant la guerre des ann\u00e9es 1990, et le chanteur a assur\u00e9 que la chanson faisait r\u00e9f\u00e9rence \u00e0 ce conflit. De nombreux fans, qui voient en Thompson un d\u00e9fenseur des valeurs traditionnelles et religieuses, \u00e9taient v\u00eatus de tee-shirts noirs arborant le slogan . \u00ab\u00a0Rh\u00e9torique dangereuse et haineuse\u00a0\u00bb L\u2019utilisation massive des symboles et de slogans oustachis lors du concert a \u00e9t\u00e9 vivement critiqu\u00e9e notamment par l\u2019opposition de gauche et des ONG, et la pr\u00e9sidente du Parlement serbe, Ana Brnabic, a appel\u00e9 l\u2019Union europ\u00e9enne \u00e0 r\u00e9agir, estimant qu\u2019. Le ministre de l\u2019int\u00e9rieur croate, Davor Bozinovic, a, lui, d\u00e9clar\u00e9 qu\u2019il .  [samedi] , ont d\u00e9nonc\u00e9 les sociaux-d\u00e9mocrates, principal parti d\u2019opposition. Pour l\u2019ONG Initiative des jeunes pour les droits de l\u2019homme, cet \u00e9v\u00e9nement [pro] et constitue une .     Ces derni\u00e8res ann\u00e9es, la Croatie a montr\u00e9 une tol\u00e9rance croissante \u00e0 l\u2019\u00e9gard de son pass\u00e9 pronazi, et les autorit\u00e9s ont \u00e9t\u00e9 accus\u00e9es de ne pas en faire assez pour interdire les embl\u00e8mes oustachis dans l\u2019espace public. L\u2019Etat fantoche croate dirig\u00e9 par le r\u00e9gime oustachi, qui avait comme objectif de renverser la monarchie et de contrer la pr\u00e9dominance serbe sur le royaume de Yougoslavie, a \u00e9t\u00e9 install\u00e9 par Hitler et Mussolini en\u00a01941. Les oustachis (insurg\u00e9s en croate) ont pers\u00e9cut\u00e9 et tu\u00e9 des centaines de milliers de Serbes, de juifs, de Croates antifascistes et des Roms dans des camps de concentration pendant la seconde guerre mondiale.    Le Monde avec AFP      S\u2019abonner   Contribuer R\u00e9utiliser ce contenu\" \/>\n<meta property=\"og:url\" content=\"https:\/\/vof-news.eu\/fr\/en-croatie-vives-critiques-apres-le-concert-geant-dun-chanteur-nationaliste-aux-sympathies-profascistes\/\" \/>\n<meta property=\"og:site_name\" content=\"vof-news.eu\" \/>\n<meta property=\"article:published_time\" content=\"2025-07-07T16:32:08+00:00\" \/>\n<meta property=\"article:modified_time\" content=\"2025-07-07T16:32:34+00:00\" \/>\n<meta property=\"og:image\" content=\"https:\/\/vof-news.eu\/wp-content\/uploads\/2025\/07\/1157f39_ftp-import-images-1-8ih7vshg1qaw-2025-07-05t195218z-395619689-rc2jgfatotmd-rtrmadp-3-croatia-music-concert-perkovic.jpg\" \/>\n\t<meta property=\"og:image:width\" content=\"664\" \/>\n\t<meta property=\"og:image:height\" content=\"443\" \/>\n\t<meta property=\"og:image:type\" content=\"image\/jpeg\" \/>\n<meta name=\"author\" content=\"Author\" \/>\n<meta name=\"twitter:card\" content=\"summary_large_image\" \/>\n<meta name=\"twitter:label1\" content=\"\u00c9crit par\" \/>\n\t<meta name=\"twitter:data1\" content=\"Author\" \/>\n\t<meta name=\"twitter:label2\" content=\"Dur\u00e9e de lecture estim\u00e9e\" \/>\n\t<meta name=\"twitter:data2\" content=\"3 minutes\" \/>\n<script type=\"application\/ld+json\" class=\"yoast-schema-graph\">{\"@context\":\"https:\/\/schema.org\",\"@graph\":[{\"@type\":\"WebPage\",\"@id\":\"https:\/\/vof-news.eu\/fr\/en-croatie-vives-critiques-apres-le-concert-geant-dun-chanteur-nationaliste-aux-sympathies-profascistes\/\",\"url\":\"https:\/\/vof-news.eu\/fr\/en-croatie-vives-critiques-apres-le-concert-geant-dun-chanteur-nationaliste-aux-sympathies-profascistes\/\",\"name\":\"En Croatie, vives critiques apr\u00e8s le concert g\u00e9ant d\u2019un chanteur nationaliste aux sympathies profascistes - vof-news.eu\",\"isPartOf\":{\"@id\":\"https:\/\/vof-news.eu\/fr\/#website\"},\"primaryImageOfPage\":{\"@id\":\"https:\/\/vof-news.eu\/fr\/en-croatie-vives-critiques-apres-le-concert-geant-dun-chanteur-nationaliste-aux-sympathies-profascistes\/#primaryimage\"},\"image\":{\"@id\":\"https:\/\/vof-news.eu\/fr\/en-croatie-vives-critiques-apres-le-concert-geant-dun-chanteur-nationaliste-aux-sympathies-profascistes\/#primaryimage\"},\"thumbnailUrl\":\"https:\/\/vof-news.eu\/wp-content\/uploads\/2025\/07\/1157f39_ftp-import-images-1-8ih7vshg1qaw-2025-07-05t195218z-395619689-rc2jgfatotmd-rtrmadp-3-croatia-music-concert-perkovic.jpg\",\"datePublished\":\"2025-07-07T16:32:08+00:00\",\"dateModified\":\"2025-07-07T16:32:34+00:00\",\"author\":{\"@id\":\"https:\/\/vof-news.eu\/fr\/#\/schema\/person\/f6a2a4309f0561835797fd8c19b333ed\"},\"description\":\"Le m\u00e9ga concert d\u2019un chanteur croate connu pour ses sympathies d\u2019extr\u00eame droite, qui a attir\u00e9 environ 450\u00a0000\u00a0fans ce week-end, suscite de vives critiques dans le pays apr\u00e8s la multiplication de symboles et slogans pronazis pendant le show. Environ 450\u00a0000 places de concert ont \u00e9t\u00e9 vendues dont 350\u00a0000 en Croatie, selon des chiffres communiqu\u00e9s par la police nationale dans un pays qui compte 3,8\u00a0millions d\u2019habitants. Le premier ministre croate, conservateur, dont le pays est membre de l\u2019Union europ\u00e9enne, Andrej Plenkovic, a assist\u00e9 \u00e0 la r\u00e9p\u00e9tition g\u00e9n\u00e9rale du concert et pris une photo avec le chanteur, en pr\u00e9sence du pr\u00e9sident du Parlement, Gordan Jandrokovic. Marko Perkovic, connu sous le nom de sc\u00e8ne de Thompson, a interdiction de se produire dans plusieurs pays en raison de ses sympathies pour le r\u00e9gime fasciste oustachi croate durant la seconde guerre mondiale. Ic\u00f4ne folk rock de l\u2019extr\u00eame droite, il s\u2019est fait conna\u00eetre par des chansons nationalistes dans les ann\u00e9es 1990, au moment du conflit serbo-croate. Lors du concert samedi \u00e0 l\u2019hippodrome de Zagreb, Thompson a interpr\u00e9t\u00e9 l\u2019une de ses chansons les plus connues, commen\u00e7ant par le salut oustachi \u2013 (\u00ab\u00a0Pour la patrie \u2013 Pr\u00eats\u00a0!\u00a0\u00bb) \u2013 dont la r\u00e9ponse a \u00e9t\u00e9 reprise en ch\u0153ur par la foule. Ce salut \u00e9tait \u00e9galement utilis\u00e9 par l\u2019unit\u00e9 paramilitaire HOS, aujourd\u2019hui dissoute, pendant la guerre des ann\u00e9es 1990, et le chanteur a assur\u00e9 que la chanson faisait r\u00e9f\u00e9rence \u00e0 ce conflit. De nombreux fans, qui voient en Thompson un d\u00e9fenseur des valeurs traditionnelles et religieuses, \u00e9taient v\u00eatus de tee-shirts noirs arborant le slogan . \u00ab\u00a0Rh\u00e9torique dangereuse et haineuse\u00a0\u00bb L\u2019utilisation massive des symboles et de slogans oustachis lors du concert a \u00e9t\u00e9 vivement critiqu\u00e9e notamment par l\u2019opposition de gauche et des ONG, et la pr\u00e9sidente du Parlement serbe, Ana Brnabic, a appel\u00e9 l\u2019Union europ\u00e9enne \u00e0 r\u00e9agir, estimant qu\u2019. Le ministre de l\u2019int\u00e9rieur croate, Davor Bozinovic, a, lui, d\u00e9clar\u00e9 qu\u2019il . [samedi] , ont d\u00e9nonc\u00e9 les sociaux-d\u00e9mocrates, principal parti d\u2019opposition. Pour l\u2019ONG Initiative des jeunes pour les droits de l\u2019homme, cet \u00e9v\u00e9nement [pro] et constitue une . Ces derni\u00e8res ann\u00e9es, la Croatie a montr\u00e9 une tol\u00e9rance croissante \u00e0 l\u2019\u00e9gard de son pass\u00e9 pronazi, et les autorit\u00e9s ont \u00e9t\u00e9 accus\u00e9es de ne pas en faire assez pour interdire les embl\u00e8mes oustachis dans l\u2019espace public. L\u2019Etat fantoche croate dirig\u00e9 par le r\u00e9gime oustachi, qui avait comme objectif de renverser la monarchie et de contrer la pr\u00e9dominance serbe sur le royaume de Yougoslavie, a \u00e9t\u00e9 install\u00e9 par Hitler et Mussolini en\u00a01941. Les oustachis (insurg\u00e9s en croate) ont pers\u00e9cut\u00e9 et tu\u00e9 des centaines de milliers de Serbes, de juifs, de Croates antifascistes et des Roms dans des camps de concentration pendant la seconde guerre mondiale. Le Monde avec AFP S\u2019abonner Contribuer R\u00e9utiliser ce contenu\",\"breadcrumb\":{\"@id\":\"https:\/\/vof-news.eu\/fr\/en-croatie-vives-critiques-apres-le-concert-geant-dun-chanteur-nationaliste-aux-sympathies-profascistes\/#breadcrumb\"},\"inLanguage\":\"fr-FR\",\"potentialAction\":[{\"@type\":\"ReadAction\",\"target\":[\"https:\/\/vof-news.eu\/fr\/en-croatie-vives-critiques-apres-le-concert-geant-dun-chanteur-nationaliste-aux-sympathies-profascistes\/\"]}]},{\"@type\":\"ImageObject\",\"inLanguage\":\"fr-FR\",\"@id\":\"https:\/\/vof-news.eu\/fr\/en-croatie-vives-critiques-apres-le-concert-geant-dun-chanteur-nationaliste-aux-sympathies-profascistes\/#primaryimage\",\"url\":\"https:\/\/vof-news.eu\/wp-content\/uploads\/2025\/07\/1157f39_ftp-import-images-1-8ih7vshg1qaw-2025-07-05t195218z-395619689-rc2jgfatotmd-rtrmadp-3-croatia-music-concert-perkovic.jpg\",\"contentUrl\":\"https:\/\/vof-news.eu\/wp-content\/uploads\/2025\/07\/1157f39_ftp-import-images-1-8ih7vshg1qaw-2025-07-05t195218z-395619689-rc2jgfatotmd-rtrmadp-3-croatia-music-concert-perkovic.jpg\",\"width\":664,\"height\":443},{\"@type\":\"BreadcrumbList\",\"@id\":\"https:\/\/vof-news.eu\/fr\/en-croatie-vives-critiques-apres-le-concert-geant-dun-chanteur-nationaliste-aux-sympathies-profascistes\/#breadcrumb\",\"itemListElement\":[{\"@type\":\"ListItem\",\"position\":1,\"name\":\"Home\",\"item\":\"https:\/\/vof-news.eu\/fr\/\"},{\"@type\":\"ListItem\",\"position\":2,\"name\":\"En Croatie, vives critiques apr\u00e8s le concert g\u00e9ant d\u2019un chanteur nationaliste aux sympathies profascistes\"}]},{\"@type\":\"WebSite\",\"@id\":\"https:\/\/vof-news.eu\/fr\/#website\",\"url\":\"https:\/\/vof-news.eu\/fr\/\",\"name\":\"vof-news.eu\",\"description\":\"\",\"potentialAction\":[{\"@type\":\"SearchAction\",\"target\":{\"@type\":\"EntryPoint\",\"urlTemplate\":\"https:\/\/vof-news.eu\/fr\/?s={search_term_string}\"},\"query-input\":\"required name=search_term_string\"}],\"inLanguage\":\"fr-FR\"},{\"@type\":\"Person\",\"@id\":\"https:\/\/vof-news.eu\/fr\/#\/schema\/person\/f6a2a4309f0561835797fd8c19b333ed\",\"name\":\"Author\",\"image\":{\"@type\":\"ImageObject\",\"inLanguage\":\"fr-FR\",\"@id\":\"https:\/\/vof-news.eu\/fr\/#\/schema\/person\/image\/\",\"url\":\"https:\/\/secure.gravatar.com\/avatar\/b67e614b1b25b3e9c0c239efdd2fde5ab015b5affd6f1c3c85911ca4b384e790?s=96&d=mm&r=g\",\"contentUrl\":\"https:\/\/secure.gravatar.com\/avatar\/b67e614b1b25b3e9c0c239efdd2fde5ab015b5affd6f1c3c85911ca4b384e790?s=96&d=mm&r=g\",\"caption\":\"Author\"},\"sameAs\":[\"http:\/\/vof-news.eu\"],\"url\":\"https:\/\/vof-news.eu\/fr\/author\/zwt6qxnjulxbnyg\/\"}]}<\/script>\n<!-- \/ Yoast SEO plugin. -->","yoast_head_json":{"title":"En Croatie, vives critiques apr\u00e8s le concert g\u00e9ant d\u2019un chanteur nationaliste aux sympathies profascistes - vof-news.eu","description":"Le m\u00e9ga concert d\u2019un chanteur croate connu pour ses sympathies d\u2019extr\u00eame droite, qui a attir\u00e9 environ 450\u00a0000\u00a0fans ce week-end, suscite de vives critiques dans le pays apr\u00e8s la multiplication de symboles et slogans pronazis pendant le show. Environ 450\u00a0000 places de concert ont \u00e9t\u00e9 vendues dont 350\u00a0000 en Croatie, selon des chiffres communiqu\u00e9s par la police nationale dans un pays qui compte 3,8\u00a0millions d\u2019habitants. Le premier ministre croate, conservateur, dont le pays est membre de l\u2019Union europ\u00e9enne, Andrej Plenkovic, a assist\u00e9 \u00e0 la r\u00e9p\u00e9tition g\u00e9n\u00e9rale du concert et pris une photo avec le chanteur, en pr\u00e9sence du pr\u00e9sident du Parlement, Gordan Jandrokovic. Marko Perkovic, connu sous le nom de sc\u00e8ne de Thompson, a interdiction de se produire dans plusieurs pays en raison de ses sympathies pour le r\u00e9gime fasciste oustachi croate durant la seconde guerre mondiale. Ic\u00f4ne folk rock de l\u2019extr\u00eame droite, il s\u2019est fait conna\u00eetre par des chansons nationalistes dans les ann\u00e9es 1990, au moment du conflit serbo-croate. Lors du concert samedi \u00e0 l\u2019hippodrome de Zagreb, Thompson a interpr\u00e9t\u00e9 l\u2019une de ses chansons les plus connues, commen\u00e7ant par le salut oustachi \u2013 (\u00ab\u00a0Pour la patrie \u2013 Pr\u00eats\u00a0!\u00a0\u00bb) \u2013 dont la r\u00e9ponse a \u00e9t\u00e9 reprise en ch\u0153ur par la foule. Ce salut \u00e9tait \u00e9galement utilis\u00e9 par l\u2019unit\u00e9 paramilitaire HOS, aujourd\u2019hui dissoute, pendant la guerre des ann\u00e9es 1990, et le chanteur a assur\u00e9 que la chanson faisait r\u00e9f\u00e9rence \u00e0 ce conflit. De nombreux fans, qui voient en Thompson un d\u00e9fenseur des valeurs traditionnelles et religieuses, \u00e9taient v\u00eatus de tee-shirts noirs arborant le slogan . \u00ab\u00a0Rh\u00e9torique dangereuse et haineuse\u00a0\u00bb L\u2019utilisation massive des symboles et de slogans oustachis lors du concert a \u00e9t\u00e9 vivement critiqu\u00e9e notamment par l\u2019opposition de gauche et des ONG, et la pr\u00e9sidente du Parlement serbe, Ana Brnabic, a appel\u00e9 l\u2019Union europ\u00e9enne \u00e0 r\u00e9agir, estimant qu\u2019. Le ministre de l\u2019int\u00e9rieur croate, Davor Bozinovic, a, lui, d\u00e9clar\u00e9 qu\u2019il .  [samedi] , ont d\u00e9nonc\u00e9 les sociaux-d\u00e9mocrates, principal parti d\u2019opposition. Pour l\u2019ONG Initiative des jeunes pour les droits de l\u2019homme, cet \u00e9v\u00e9nement [pro] et constitue une .     Ces derni\u00e8res ann\u00e9es, la Croatie a montr\u00e9 une tol\u00e9rance croissante \u00e0 l\u2019\u00e9gard de son pass\u00e9 pronazi, et les autorit\u00e9s ont \u00e9t\u00e9 accus\u00e9es de ne pas en faire assez pour interdire les embl\u00e8mes oustachis dans l\u2019espace public. L\u2019Etat fantoche croate dirig\u00e9 par le r\u00e9gime oustachi, qui avait comme objectif de renverser la monarchie et de contrer la pr\u00e9dominance serbe sur le royaume de Yougoslavie, a \u00e9t\u00e9 install\u00e9 par Hitler et Mussolini en\u00a01941. Les oustachis (insurg\u00e9s en croate) ont pers\u00e9cut\u00e9 et tu\u00e9 des centaines de milliers de Serbes, de juifs, de Croates antifascistes et des Roms dans des camps de concentration pendant la seconde guerre mondiale.    Le Monde avec AFP      S\u2019abonner   Contribuer R\u00e9utiliser ce contenu","robots":{"index":"noindex","follow":"follow","max-snippet":"max-snippet:-1","max-image-preview":"max-image-preview:large","max-video-preview":"max-video-preview:-1"},"og_locale":"fr_FR","og_type":"article","og_title":"En Croatie, vives critiques apr\u00e8s le concert g\u00e9ant d\u2019un chanteur nationaliste aux sympathies profascistes - vof-news.eu","og_description":"Le m\u00e9ga concert d\u2019un chanteur croate connu pour ses sympathies d\u2019extr\u00eame droite, qui a attir\u00e9 environ 450\u00a0000\u00a0fans ce week-end, suscite de vives critiques dans le pays apr\u00e8s la multiplication de symboles et slogans pronazis pendant le show. Environ 450\u00a0000 places de concert ont \u00e9t\u00e9 vendues dont 350\u00a0000 en Croatie, selon des chiffres communiqu\u00e9s par la police nationale dans un pays qui compte 3,8\u00a0millions d\u2019habitants. Le premier ministre croate, conservateur, dont le pays est membre de l\u2019Union europ\u00e9enne, Andrej Plenkovic, a assist\u00e9 \u00e0 la r\u00e9p\u00e9tition g\u00e9n\u00e9rale du concert et pris une photo avec le chanteur, en pr\u00e9sence du pr\u00e9sident du Parlement, Gordan Jandrokovic. Marko Perkovic, connu sous le nom de sc\u00e8ne de Thompson, a interdiction de se produire dans plusieurs pays en raison de ses sympathies pour le r\u00e9gime fasciste oustachi croate durant la seconde guerre mondiale. Ic\u00f4ne folk rock de l\u2019extr\u00eame droite, il s\u2019est fait conna\u00eetre par des chansons nationalistes dans les ann\u00e9es 1990, au moment du conflit serbo-croate. Lors du concert samedi \u00e0 l\u2019hippodrome de Zagreb, Thompson a interpr\u00e9t\u00e9 l\u2019une de ses chansons les plus connues, commen\u00e7ant par le salut oustachi \u2013 (\u00ab\u00a0Pour la patrie \u2013 Pr\u00eats\u00a0!\u00a0\u00bb) \u2013 dont la r\u00e9ponse a \u00e9t\u00e9 reprise en ch\u0153ur par la foule. Ce salut \u00e9tait \u00e9galement utilis\u00e9 par l\u2019unit\u00e9 paramilitaire HOS, aujourd\u2019hui dissoute, pendant la guerre des ann\u00e9es 1990, et le chanteur a assur\u00e9 que la chanson faisait r\u00e9f\u00e9rence \u00e0 ce conflit. De nombreux fans, qui voient en Thompson un d\u00e9fenseur des valeurs traditionnelles et religieuses, \u00e9taient v\u00eatus de tee-shirts noirs arborant le slogan . \u00ab\u00a0Rh\u00e9torique dangereuse et haineuse\u00a0\u00bb L\u2019utilisation massive des symboles et de slogans oustachis lors du concert a \u00e9t\u00e9 vivement critiqu\u00e9e notamment par l\u2019opposition de gauche et des ONG, et la pr\u00e9sidente du Parlement serbe, Ana Brnabic, a appel\u00e9 l\u2019Union europ\u00e9enne \u00e0 r\u00e9agir, estimant qu\u2019. Le ministre de l\u2019int\u00e9rieur croate, Davor Bozinovic, a, lui, d\u00e9clar\u00e9 qu\u2019il .  [samedi] , ont d\u00e9nonc\u00e9 les sociaux-d\u00e9mocrates, principal parti d\u2019opposition. Pour l\u2019ONG Initiative des jeunes pour les droits de l\u2019homme, cet \u00e9v\u00e9nement [pro] et constitue une .     Ces derni\u00e8res ann\u00e9es, la Croatie a montr\u00e9 une tol\u00e9rance croissante \u00e0 l\u2019\u00e9gard de son pass\u00e9 pronazi, et les autorit\u00e9s ont \u00e9t\u00e9 accus\u00e9es de ne pas en faire assez pour interdire les embl\u00e8mes oustachis dans l\u2019espace public. L\u2019Etat fantoche croate dirig\u00e9 par le r\u00e9gime oustachi, qui avait comme objectif de renverser la monarchie et de contrer la pr\u00e9dominance serbe sur le royaume de Yougoslavie, a \u00e9t\u00e9 install\u00e9 par Hitler et Mussolini en\u00a01941. Les oustachis (insurg\u00e9s en croate) ont pers\u00e9cut\u00e9 et tu\u00e9 des centaines de milliers de Serbes, de juifs, de Croates antifascistes et des Roms dans des camps de concentration pendant la seconde guerre mondiale.    Le Monde avec AFP      S\u2019abonner   Contribuer R\u00e9utiliser ce contenu","og_url":"https:\/\/vof-news.eu\/fr\/en-croatie-vives-critiques-apres-le-concert-geant-dun-chanteur-nationaliste-aux-sympathies-profascistes\/","og_site_name":"vof-news.eu","article_published_time":"2025-07-07T16:32:08+00:00","article_modified_time":"2025-07-07T16:32:34+00:00","og_image":[{"width":664,"height":443,"url":"https:\/\/vof-news.eu\/wp-content\/uploads\/2025\/07\/1157f39_ftp-import-images-1-8ih7vshg1qaw-2025-07-05t195218z-395619689-rc2jgfatotmd-rtrmadp-3-croatia-music-concert-perkovic.jpg","type":"image\/jpeg"}],"author":"Author","twitter_card":"summary_large_image","twitter_misc":{"\u00c9crit par":"Author","Dur\u00e9e de lecture estim\u00e9e":"3 minutes"},"schema":{"@context":"https:\/\/schema.org","@graph":[{"@type":"WebPage","@id":"https:\/\/vof-news.eu\/fr\/en-croatie-vives-critiques-apres-le-concert-geant-dun-chanteur-nationaliste-aux-sympathies-profascistes\/","url":"https:\/\/vof-news.eu\/fr\/en-croatie-vives-critiques-apres-le-concert-geant-dun-chanteur-nationaliste-aux-sympathies-profascistes\/","name":"En Croatie, vives critiques apr\u00e8s le concert g\u00e9ant d\u2019un chanteur nationaliste aux sympathies profascistes - vof-news.eu","isPartOf":{"@id":"https:\/\/vof-news.eu\/fr\/#website"},"primaryImageOfPage":{"@id":"https:\/\/vof-news.eu\/fr\/en-croatie-vives-critiques-apres-le-concert-geant-dun-chanteur-nationaliste-aux-sympathies-profascistes\/#primaryimage"},"image":{"@id":"https:\/\/vof-news.eu\/fr\/en-croatie-vives-critiques-apres-le-concert-geant-dun-chanteur-nationaliste-aux-sympathies-profascistes\/#primaryimage"},"thumbnailUrl":"https:\/\/vof-news.eu\/wp-content\/uploads\/2025\/07\/1157f39_ftp-import-images-1-8ih7vshg1qaw-2025-07-05t195218z-395619689-rc2jgfatotmd-rtrmadp-3-croatia-music-concert-perkovic.jpg","datePublished":"2025-07-07T16:32:08+00:00","dateModified":"2025-07-07T16:32:34+00:00","author":{"@id":"https:\/\/vof-news.eu\/fr\/#\/schema\/person\/f6a2a4309f0561835797fd8c19b333ed"},"description":"Le m\u00e9ga concert d\u2019un chanteur croate connu pour ses sympathies d\u2019extr\u00eame droite, qui a attir\u00e9 environ 450\u00a0000\u00a0fans ce week-end, suscite de vives critiques dans le pays apr\u00e8s la multiplication de symboles et slogans pronazis pendant le show. Environ 450\u00a0000 places de concert ont \u00e9t\u00e9 vendues dont 350\u00a0000 en Croatie, selon des chiffres communiqu\u00e9s par la police nationale dans un pays qui compte 3,8\u00a0millions d\u2019habitants. Le premier ministre croate, conservateur, dont le pays est membre de l\u2019Union europ\u00e9enne, Andrej Plenkovic, a assist\u00e9 \u00e0 la r\u00e9p\u00e9tition g\u00e9n\u00e9rale du concert et pris une photo avec le chanteur, en pr\u00e9sence du pr\u00e9sident du Parlement, Gordan Jandrokovic. Marko Perkovic, connu sous le nom de sc\u00e8ne de Thompson, a interdiction de se produire dans plusieurs pays en raison de ses sympathies pour le r\u00e9gime fasciste oustachi croate durant la seconde guerre mondiale. Ic\u00f4ne folk rock de l\u2019extr\u00eame droite, il s\u2019est fait conna\u00eetre par des chansons nationalistes dans les ann\u00e9es 1990, au moment du conflit serbo-croate. Lors du concert samedi \u00e0 l\u2019hippodrome de Zagreb, Thompson a interpr\u00e9t\u00e9 l\u2019une de ses chansons les plus connues, commen\u00e7ant par le salut oustachi \u2013 (\u00ab\u00a0Pour la patrie \u2013 Pr\u00eats\u00a0!\u00a0\u00bb) \u2013 dont la r\u00e9ponse a \u00e9t\u00e9 reprise en ch\u0153ur par la foule. Ce salut \u00e9tait \u00e9galement utilis\u00e9 par l\u2019unit\u00e9 paramilitaire HOS, aujourd\u2019hui dissoute, pendant la guerre des ann\u00e9es 1990, et le chanteur a assur\u00e9 que la chanson faisait r\u00e9f\u00e9rence \u00e0 ce conflit. De nombreux fans, qui voient en Thompson un d\u00e9fenseur des valeurs traditionnelles et religieuses, \u00e9taient v\u00eatus de tee-shirts noirs arborant le slogan . \u00ab\u00a0Rh\u00e9torique dangereuse et haineuse\u00a0\u00bb L\u2019utilisation massive des symboles et de slogans oustachis lors du concert a \u00e9t\u00e9 vivement critiqu\u00e9e notamment par l\u2019opposition de gauche et des ONG, et la pr\u00e9sidente du Parlement serbe, Ana Brnabic, a appel\u00e9 l\u2019Union europ\u00e9enne \u00e0 r\u00e9agir, estimant qu\u2019. Le ministre de l\u2019int\u00e9rieur croate, Davor Bozinovic, a, lui, d\u00e9clar\u00e9 qu\u2019il . [samedi] , ont d\u00e9nonc\u00e9 les sociaux-d\u00e9mocrates, principal parti d\u2019opposition. Pour l\u2019ONG Initiative des jeunes pour les droits de l\u2019homme, cet \u00e9v\u00e9nement [pro] et constitue une . Ces derni\u00e8res ann\u00e9es, la Croatie a montr\u00e9 une tol\u00e9rance croissante \u00e0 l\u2019\u00e9gard de son pass\u00e9 pronazi, et les autorit\u00e9s ont \u00e9t\u00e9 accus\u00e9es de ne pas en faire assez pour interdire les embl\u00e8mes oustachis dans l\u2019espace public. L\u2019Etat fantoche croate dirig\u00e9 par le r\u00e9gime oustachi, qui avait comme objectif de renverser la monarchie et de contrer la pr\u00e9dominance serbe sur le royaume de Yougoslavie, a \u00e9t\u00e9 install\u00e9 par Hitler et Mussolini en\u00a01941. Les oustachis (insurg\u00e9s en croate) ont pers\u00e9cut\u00e9 et tu\u00e9 des centaines de milliers de Serbes, de juifs, de Croates antifascistes et des Roms dans des camps de concentration pendant la seconde guerre mondiale. Le Monde avec AFP S\u2019abonner Contribuer R\u00e9utiliser ce contenu","breadcrumb":{"@id":"https:\/\/vof-news.eu\/fr\/en-croatie-vives-critiques-apres-le-concert-geant-dun-chanteur-nationaliste-aux-sympathies-profascistes\/#breadcrumb"},"inLanguage":"fr-FR","potentialAction":[{"@type":"ReadAction","target":["https:\/\/vof-news.eu\/fr\/en-croatie-vives-critiques-apres-le-concert-geant-dun-chanteur-nationaliste-aux-sympathies-profascistes\/"]}]},{"@type":"ImageObject","inLanguage":"fr-FR","@id":"https:\/\/vof-news.eu\/fr\/en-croatie-vives-critiques-apres-le-concert-geant-dun-chanteur-nationaliste-aux-sympathies-profascistes\/#primaryimage","url":"https:\/\/vof-news.eu\/wp-content\/uploads\/2025\/07\/1157f39_ftp-import-images-1-8ih7vshg1qaw-2025-07-05t195218z-395619689-rc2jgfatotmd-rtrmadp-3-croatia-music-concert-perkovic.jpg","contentUrl":"https:\/\/vof-news.eu\/wp-content\/uploads\/2025\/07\/1157f39_ftp-import-images-1-8ih7vshg1qaw-2025-07-05t195218z-395619689-rc2jgfatotmd-rtrmadp-3-croatia-music-concert-perkovic.jpg","width":664,"height":443},{"@type":"BreadcrumbList","@id":"https:\/\/vof-news.eu\/fr\/en-croatie-vives-critiques-apres-le-concert-geant-dun-chanteur-nationaliste-aux-sympathies-profascistes\/#breadcrumb","itemListElement":[{"@type":"ListItem","position":1,"name":"Home","item":"https:\/\/vof-news.eu\/fr\/"},{"@type":"ListItem","position":2,"name":"En Croatie, vives critiques apr\u00e8s le concert g\u00e9ant d\u2019un chanteur nationaliste aux sympathies profascistes"}]},{"@type":"WebSite","@id":"https:\/\/vof-news.eu\/fr\/#website","url":"https:\/\/vof-news.eu\/fr\/","name":"vof-news.eu","description":"","potentialAction":[{"@type":"SearchAction","target":{"@type":"EntryPoint","urlTemplate":"https:\/\/vof-news.eu\/fr\/?s={search_term_string}"},"query-input":"required name=search_term_string"}],"inLanguage":"fr-FR"},{"@type":"Person","@id":"https:\/\/vof-news.eu\/fr\/#\/schema\/person\/f6a2a4309f0561835797fd8c19b333ed","name":"Author","image":{"@type":"ImageObject","inLanguage":"fr-FR","@id":"https:\/\/vof-news.eu\/fr\/#\/schema\/person\/image\/","url":"https:\/\/secure.gravatar.com\/avatar\/b67e614b1b25b3e9c0c239efdd2fde5ab015b5affd6f1c3c85911ca4b384e790?s=96&d=mm&r=g","contentUrl":"https:\/\/secure.gravatar.com\/avatar\/b67e614b1b25b3e9c0c239efdd2fde5ab015b5affd6f1c3c85911ca4b384e790?s=96&d=mm&r=g","caption":"Author"},"sameAs":["http:\/\/vof-news.eu"],"url":"https:\/\/vof-news.eu\/fr\/author\/zwt6qxnjulxbnyg\/"}]}},"yoast_meta":{"yoast_wpseo_title":"","yoast_wpseo_metadesc":"","yoast_wpseo_canonical":""},"_links":{"self":[{"href":"https:\/\/vof-news.eu\/fr\/wp-json\/wp\/v2\/posts\/248956","targetHints":{"allow":["GET"]}}],"collection":[{"href":"https:\/\/vof-news.eu\/fr\/wp-json\/wp\/v2\/posts"}],"about":[{"href":"https:\/\/vof-news.eu\/fr\/wp-json\/wp\/v2\/types\/post"}],"author":[{"embeddable":true,"href":"https:\/\/vof-news.eu\/fr\/wp-json\/wp\/v2\/users\/1"}],"replies":[{"embeddable":true,"href":"https:\/\/vof-news.eu\/fr\/wp-json\/wp\/v2\/comments?post=248956"}],"version-history":[{"count":1,"href":"https:\/\/vof-news.eu\/fr\/wp-json\/wp\/v2\/posts\/248956\/revisions"}],"predecessor-version":[{"id":248963,"href":"https:\/\/vof-news.eu\/fr\/wp-json\/wp\/v2\/posts\/248956\/revisions\/248963"}],"wp:featuredmedia":[{"embeddable":true,"href":"https:\/\/vof-news.eu\/fr\/wp-json\/wp\/v2\/media\/248957"}],"wp:attachment":[{"href":"https:\/\/vof-news.eu\/fr\/wp-json\/wp\/v2\/media?parent=248956"}],"wp:term":[{"taxonomy":"category","embeddable":true,"href":"https:\/\/vof-news.eu\/fr\/wp-json\/wp\/v2\/categories?post=248956"},{"taxonomy":"post_tag","embeddable":true,"href":"https:\/\/vof-news.eu\/fr\/wp-json\/wp\/v2\/tags?post=248956"}],"curies":[{"name":"wp","href":"https:\/\/api.w.org\/{rel}","templated":true}]}}