{"id":248948,"date":"2025-07-07T19:31:05","date_gmt":"2025-07-07T16:31:05","guid":{"rendered":"https:\/\/vof-news.eu\/larcheveque-de-toulouse-nomme-chancelier-du-diocese-un-pretre-condamne-pour-viol-sur-mineur-en-2006\/"},"modified":"2025-07-07T19:31:34","modified_gmt":"2025-07-07T16:31:34","slug":"larcheveque-de-toulouse-nomme-chancelier-du-diocese-un-pretre-condamne-pour-viol-sur-mineur-en-2006","status":"publish","type":"post","link":"https:\/\/vof-news.eu\/fr\/larcheveque-de-toulouse-nomme-chancelier-du-diocese-un-pretre-condamne-pour-viol-sur-mineur-en-2006\/","title":{"rendered":"L\u2019archev\u00eaque de Toulouse nomme chancelier du dioc\u00e8se un pr\u00eatre condamn\u00e9 pour viol sur mineur en\u00a02006"},"content":{"rendered":"<article>\n<p>L\u2019archev\u00eaque de Toulouse a nomm\u00e9, d\u00e9but juin, un pr\u00eatre condamn\u00e9 pour viol sur mineur en\u00a02006\u00a0au poste de chancelier, une fonction \u00e0 haute responsabilit\u00e9 au sein du dioc\u00e8se, selon un d\u00e9cret publi\u00e9 sur son site Internet, rendu public lundi par le quotidien r\u00e9gional <a href=\"https:\/\/www.ladepeche.fr\/2025\/07\/07\/jai-pris-le-parti-de-la-misericorde-declare-larcheveque-de-toulouse-mgr-de-kerimel-en-nommant-chancelier-du-diocese-labbe-dominique-spina-condamne-en-12810743.php\" rel=\"nofollow\"><\/a>. Dominique Spina avait \u00e9t\u00e9 condamn\u00e9 en\u00a02006 en appel \u00e0 Tarbes (Hautes-Pyr\u00e9n\u00e9es) alors qu\u2019il \u00e9tait pr\u00eatre du dioc\u00e8se de Bayonne (Pyr\u00e9n\u00e9es-Atlantiques) \u00e0 cinq ans de prison, dont un avec sursis pour le viol d\u2019un lyc\u00e9en de 16\u00a0ans en\u00a01993.<\/p>\n<section>   <\/section>\n<p>Dans un communiqu\u00e9 transmis lundi \u00e0 l\u2019Agence France-Presse (AFP), l\u2019archev\u00eaque de Toulouse, M<sup>gr<\/sup>\u00a0Guy de Kerimel, a expliqu\u00e9 avoir  , alors qu\u2019il \u00e9tait depuis cinq ans employ\u00e9 aux archives. , poursuit l\u2019archev\u00eaque dans son communiqu\u00e9. Mais, fait-il remarquer, , fait encore savoir M<sup>gr<\/sup>\u00a0de Kerimel.<\/p>\n<h2>\u00ab\u00a0Incompr\u00e9hension\u00a0\u00bb<\/h2>\n<p>Cette nomination de Dominique Spina au poste de chancelier et de d\u00e9l\u00e9gu\u00e9 \u00e9piscopal aux mariages \u00e0 compter du 1\u1d49\u02b3\u00a0septembre , <a href=\"https:\/\/tribunechretienne.com\/que-se-passe-t-il-dans-le-diocese-de-toulouse-la-nomination-du-pere-dominique-spina-condamne-pour-viol-sur-mineur-interroge\/\" rel=\"nofollow\">a r\u00e9agi le m\u00e9dia <\/a>. Cette , souligne le m\u00e9dia.<\/p>\n<p>En\u00a02016, le pr\u00e9d\u00e9cesseur de M<sup>gr<\/sup>\u00a0de Kerimel, Robert Le Gall, avait relev\u00e9 de ses fonctions Dominique Spina, qui avait \u00e0 l\u2019\u00e9poque repris un office de pr\u00eatre charg\u00e9 de l\u2019ensemble paroissial Fronton-Bouloc-Castelnau d\u2019Estr\u00e9tefonds, pr\u00e8s de Toulouse.<\/p>\n<p>Selon le site du dioc\u00e8se, un chancelier est charg\u00e9 de l\u2019\u00e9tablissement et de la conservation des actes officiels de l\u2019archev\u00eaque, il apporte \u00e9galement aide et conseil sur l\u2019administration des sacrements aux pr\u00eatres et aux paroisses.<\/p>\n<section>   <\/section>\n<section>\n<p> <span>Le Monde avec AFP<\/span> <\/p>\n<\/section>\n<section>\n<section>\n<header>   <\/header>\n<section>\n<section> <a href=\"https:\/\/abo.lemonde.fr\/?lmd_medium=BOUTONS_LMFR&amp;lmd_campaign=CONTRIBUTION_ARTICLE\" rel=\"nofollow\">S\u2019abonner<\/a> <\/section>\n<\/section>\n<section><\/section>\n<\/section>\n<p>Contribuer<\/p>\n<p> <a href=\"https:\/\/www.lemonde.fr\/syndication\/\" rel=\"nofollow\">R\u00e9utiliser ce contenu<\/a> <\/section>\n<\/article>\n","protected":false},"excerpt":{"rendered":"<p>L\u2019archev\u00eaque de Toulouse a nomm\u00e9, d\u00e9but juin, un pr\u00eatre condamn\u00e9 pour viol sur mineur en\u00a02006\u00a0au poste de chancelier, une fonction \u00e0 haute responsabilit\u00e9 au sein du dioc\u00e8se, selon un d\u00e9cret publi\u00e9 sur son site Internet, rendu public lundi par le quotidien r\u00e9gional . Dominique Spina avait \u00e9t\u00e9 condamn\u00e9 en\u00a02006 en appel \u00e0 Tarbes (Hautes-Pyr\u00e9n\u00e9es) alors<\/p>\n","protected":false},"author":1,"featured_media":248949,"comment_status":"open","ping_status":"open","sticky":false,"template":"","format":"standard","meta":{"footnotes":""},"categories":[53],"tags":[],"class_list":["post-248948","post","type-post","status-publish","format-standard","has-post-thumbnail","hentry","category-main-news-fr"],"acf":[],"yoast_head":"<!-- This site is optimized with the Yoast SEO plugin v22.9 - https:\/\/yoast.com\/wordpress\/plugins\/seo\/ -->\n<title>L\u2019archev\u00eaque de Toulouse nomme chancelier du dioc\u00e8se un pr\u00eatre condamn\u00e9 pour viol sur mineur en\u00a02006 - vof-news.eu<\/title>\n<meta name=\"description\" content=\"L\u2019archev\u00eaque de Toulouse a nomm\u00e9, d\u00e9but juin, un pr\u00eatre condamn\u00e9 pour viol sur mineur en\u00a02006\u00a0au poste de chancelier, une fonction \u00e0 haute responsabilit\u00e9 au sein du dioc\u00e8se, selon un d\u00e9cret publi\u00e9 sur son site Internet, rendu public lundi par le quotidien r\u00e9gional . Dominique Spina avait \u00e9t\u00e9 condamn\u00e9 en\u00a02006 en appel \u00e0 Tarbes (Hautes-Pyr\u00e9n\u00e9es) alors qu\u2019il \u00e9tait pr\u00eatre du dioc\u00e8se de Bayonne (Pyr\u00e9n\u00e9es-Atlantiques) \u00e0 cinq ans de prison, dont un avec sursis pour le viol d\u2019un lyc\u00e9en de 16\u00a0ans en\u00a01993.   Dans un communiqu\u00e9 transmis lundi \u00e0 l\u2019Agence France-Presse (AFP), l\u2019archev\u00eaque de Toulouse, Mgr\u00a0Guy de Kerimel, a expliqu\u00e9 avoir , alors qu\u2019il \u00e9tait depuis cinq ans employ\u00e9 aux archives. , poursuit l\u2019archev\u00eaque dans son communiqu\u00e9. Mais, fait-il remarquer, , fait encore savoir Mgr\u00a0de Kerimel. \u00ab\u00a0Incompr\u00e9hension\u00a0\u00bb Cette nomination de Dominique Spina au poste de chancelier et de d\u00e9l\u00e9gu\u00e9 \u00e9piscopal aux mariages \u00e0 compter du 1\u1d49\u02b3\u00a0septembre , a r\u00e9agi le m\u00e9dia . Cette , souligne le m\u00e9dia. En\u00a02016, le pr\u00e9d\u00e9cesseur de Mgr\u00a0de Kerimel, Robert Le Gall, avait relev\u00e9 de ses fonctions Dominique Spina, qui avait \u00e0 l\u2019\u00e9poque repris un office de pr\u00eatre charg\u00e9 de l\u2019ensemble paroissial Fronton-Bouloc-Castelnau d\u2019Estr\u00e9tefonds, pr\u00e8s de Toulouse. Selon le site du dioc\u00e8se, un chancelier est charg\u00e9 de l\u2019\u00e9tablissement et de la conservation des actes officiels de l\u2019archev\u00eaque, il apporte \u00e9galement aide et conseil sur l\u2019administration des sacrements aux pr\u00eatres et aux paroisses.    Le Monde avec AFP      S\u2019abonner   Contribuer R\u00e9utiliser ce contenu\" \/>\n<meta name=\"robots\" content=\"noindex, follow, max-snippet:-1, max-image-preview:large, max-video-preview:-1\" \/>\n<meta property=\"og:locale\" content=\"fr_FR\" \/>\n<meta property=\"og:type\" content=\"article\" \/>\n<meta property=\"og:title\" content=\"L\u2019archev\u00eaque de Toulouse nomme chancelier du dioc\u00e8se un pr\u00eatre condamn\u00e9 pour viol sur mineur en\u00a02006 - vof-news.eu\" \/>\n<meta property=\"og:description\" content=\"L\u2019archev\u00eaque de Toulouse a nomm\u00e9, d\u00e9but juin, un pr\u00eatre condamn\u00e9 pour viol sur mineur en\u00a02006\u00a0au poste de chancelier, une fonction \u00e0 haute responsabilit\u00e9 au sein du dioc\u00e8se, selon un d\u00e9cret publi\u00e9 sur son site Internet, rendu public lundi par le quotidien r\u00e9gional . Dominique Spina avait \u00e9t\u00e9 condamn\u00e9 en\u00a02006 en appel \u00e0 Tarbes (Hautes-Pyr\u00e9n\u00e9es) alors qu\u2019il \u00e9tait pr\u00eatre du dioc\u00e8se de Bayonne (Pyr\u00e9n\u00e9es-Atlantiques) \u00e0 cinq ans de prison, dont un avec sursis pour le viol d\u2019un lyc\u00e9en de 16\u00a0ans en\u00a01993.   Dans un communiqu\u00e9 transmis lundi \u00e0 l\u2019Agence France-Presse (AFP), l\u2019archev\u00eaque de Toulouse, Mgr\u00a0Guy de Kerimel, a expliqu\u00e9 avoir , alors qu\u2019il \u00e9tait depuis cinq ans employ\u00e9 aux archives. , poursuit l\u2019archev\u00eaque dans son communiqu\u00e9. Mais, fait-il remarquer, , fait encore savoir Mgr\u00a0de Kerimel. \u00ab\u00a0Incompr\u00e9hension\u00a0\u00bb Cette nomination de Dominique Spina au poste de chancelier et de d\u00e9l\u00e9gu\u00e9 \u00e9piscopal aux mariages \u00e0 compter du 1\u1d49\u02b3\u00a0septembre , a r\u00e9agi le m\u00e9dia . Cette , souligne le m\u00e9dia. En\u00a02016, le pr\u00e9d\u00e9cesseur de Mgr\u00a0de Kerimel, Robert Le Gall, avait relev\u00e9 de ses fonctions Dominique Spina, qui avait \u00e0 l\u2019\u00e9poque repris un office de pr\u00eatre charg\u00e9 de l\u2019ensemble paroissial Fronton-Bouloc-Castelnau d\u2019Estr\u00e9tefonds, pr\u00e8s de Toulouse. Selon le site du dioc\u00e8se, un chancelier est charg\u00e9 de l\u2019\u00e9tablissement et de la conservation des actes officiels de l\u2019archev\u00eaque, il apporte \u00e9galement aide et conseil sur l\u2019administration des sacrements aux pr\u00eatres et aux paroisses.    Le Monde avec AFP      S\u2019abonner   Contribuer R\u00e9utiliser ce contenu\" \/>\n<meta property=\"og:url\" content=\"https:\/\/vof-news.eu\/fr\/larcheveque-de-toulouse-nomme-chancelier-du-diocese-un-pretre-condamne-pour-viol-sur-mineur-en-2006\/\" \/>\n<meta property=\"og:site_name\" content=\"vof-news.eu\" \/>\n<meta property=\"article:published_time\" content=\"2025-07-07T16:31:05+00:00\" \/>\n<meta property=\"article:modified_time\" content=\"2025-07-07T16:31:34+00:00\" \/>\n<meta property=\"og:image\" content=\"https:\/\/vof-news.eu\/wp-content\/uploads\/2025\/07\/c412c15_upload-1-qbcqk0zirskm-000-33a42vh.jpg\" \/>\n\t<meta property=\"og:image:width\" content=\"664\" \/>\n\t<meta property=\"og:image:height\" content=\"443\" \/>\n\t<meta property=\"og:image:type\" content=\"image\/jpeg\" \/>\n<meta name=\"author\" content=\"Author\" \/>\n<meta name=\"twitter:card\" content=\"summary_large_image\" \/>\n<meta name=\"twitter:label1\" content=\"\u00c9crit par\" \/>\n\t<meta name=\"twitter:data1\" content=\"Author\" \/>\n\t<meta name=\"twitter:label2\" content=\"Dur\u00e9e de lecture estim\u00e9e\" \/>\n\t<meta name=\"twitter:data2\" content=\"1 minute\" \/>\n<script type=\"application\/ld+json\" class=\"yoast-schema-graph\">{\"@context\":\"https:\/\/schema.org\",\"@graph\":[{\"@type\":\"WebPage\",\"@id\":\"https:\/\/vof-news.eu\/fr\/larcheveque-de-toulouse-nomme-chancelier-du-diocese-un-pretre-condamne-pour-viol-sur-mineur-en-2006\/\",\"url\":\"https:\/\/vof-news.eu\/fr\/larcheveque-de-toulouse-nomme-chancelier-du-diocese-un-pretre-condamne-pour-viol-sur-mineur-en-2006\/\",\"name\":\"L\u2019archev\u00eaque de Toulouse nomme chancelier du dioc\u00e8se un pr\u00eatre condamn\u00e9 pour viol sur mineur en\u00a02006 - vof-news.eu\",\"isPartOf\":{\"@id\":\"https:\/\/vof-news.eu\/fr\/#website\"},\"primaryImageOfPage\":{\"@id\":\"https:\/\/vof-news.eu\/fr\/larcheveque-de-toulouse-nomme-chancelier-du-diocese-un-pretre-condamne-pour-viol-sur-mineur-en-2006\/#primaryimage\"},\"image\":{\"@id\":\"https:\/\/vof-news.eu\/fr\/larcheveque-de-toulouse-nomme-chancelier-du-diocese-un-pretre-condamne-pour-viol-sur-mineur-en-2006\/#primaryimage\"},\"thumbnailUrl\":\"https:\/\/vof-news.eu\/wp-content\/uploads\/2025\/07\/c412c15_upload-1-qbcqk0zirskm-000-33a42vh.jpg\",\"datePublished\":\"2025-07-07T16:31:05+00:00\",\"dateModified\":\"2025-07-07T16:31:34+00:00\",\"author\":{\"@id\":\"https:\/\/vof-news.eu\/fr\/#\/schema\/person\/f6a2a4309f0561835797fd8c19b333ed\"},\"description\":\"L\u2019archev\u00eaque de Toulouse a nomm\u00e9, d\u00e9but juin, un pr\u00eatre condamn\u00e9 pour viol sur mineur en\u00a02006\u00a0au poste de chancelier, une fonction \u00e0 haute responsabilit\u00e9 au sein du dioc\u00e8se, selon un d\u00e9cret publi\u00e9 sur son site Internet, rendu public lundi par le quotidien r\u00e9gional . Dominique Spina avait \u00e9t\u00e9 condamn\u00e9 en\u00a02006 en appel \u00e0 Tarbes (Hautes-Pyr\u00e9n\u00e9es) alors qu\u2019il \u00e9tait pr\u00eatre du dioc\u00e8se de Bayonne (Pyr\u00e9n\u00e9es-Atlantiques) \u00e0 cinq ans de prison, dont un avec sursis pour le viol d\u2019un lyc\u00e9en de 16\u00a0ans en\u00a01993. Dans un communiqu\u00e9 transmis lundi \u00e0 l\u2019Agence France-Presse (AFP), l\u2019archev\u00eaque de Toulouse, Mgr\u00a0Guy de Kerimel, a expliqu\u00e9 avoir , alors qu\u2019il \u00e9tait depuis cinq ans employ\u00e9 aux archives. , poursuit l\u2019archev\u00eaque dans son communiqu\u00e9. Mais, fait-il remarquer, , fait encore savoir Mgr\u00a0de Kerimel. \u00ab\u00a0Incompr\u00e9hension\u00a0\u00bb Cette nomination de Dominique Spina au poste de chancelier et de d\u00e9l\u00e9gu\u00e9 \u00e9piscopal aux mariages \u00e0 compter du 1\u1d49\u02b3\u00a0septembre , a r\u00e9agi le m\u00e9dia . Cette , souligne le m\u00e9dia. En\u00a02016, le pr\u00e9d\u00e9cesseur de Mgr\u00a0de Kerimel, Robert Le Gall, avait relev\u00e9 de ses fonctions Dominique Spina, qui avait \u00e0 l\u2019\u00e9poque repris un office de pr\u00eatre charg\u00e9 de l\u2019ensemble paroissial Fronton-Bouloc-Castelnau d\u2019Estr\u00e9tefonds, pr\u00e8s de Toulouse. Selon le site du dioc\u00e8se, un chancelier est charg\u00e9 de l\u2019\u00e9tablissement et de la conservation des actes officiels de l\u2019archev\u00eaque, il apporte \u00e9galement aide et conseil sur l\u2019administration des sacrements aux pr\u00eatres et aux paroisses. Le Monde avec AFP S\u2019abonner Contribuer R\u00e9utiliser ce contenu\",\"breadcrumb\":{\"@id\":\"https:\/\/vof-news.eu\/fr\/larcheveque-de-toulouse-nomme-chancelier-du-diocese-un-pretre-condamne-pour-viol-sur-mineur-en-2006\/#breadcrumb\"},\"inLanguage\":\"fr-FR\",\"potentialAction\":[{\"@type\":\"ReadAction\",\"target\":[\"https:\/\/vof-news.eu\/fr\/larcheveque-de-toulouse-nomme-chancelier-du-diocese-un-pretre-condamne-pour-viol-sur-mineur-en-2006\/\"]}]},{\"@type\":\"ImageObject\",\"inLanguage\":\"fr-FR\",\"@id\":\"https:\/\/vof-news.eu\/fr\/larcheveque-de-toulouse-nomme-chancelier-du-diocese-un-pretre-condamne-pour-viol-sur-mineur-en-2006\/#primaryimage\",\"url\":\"https:\/\/vof-news.eu\/wp-content\/uploads\/2025\/07\/c412c15_upload-1-qbcqk0zirskm-000-33a42vh.jpg\",\"contentUrl\":\"https:\/\/vof-news.eu\/wp-content\/uploads\/2025\/07\/c412c15_upload-1-qbcqk0zirskm-000-33a42vh.jpg\",\"width\":664,\"height\":443},{\"@type\":\"BreadcrumbList\",\"@id\":\"https:\/\/vof-news.eu\/fr\/larcheveque-de-toulouse-nomme-chancelier-du-diocese-un-pretre-condamne-pour-viol-sur-mineur-en-2006\/#breadcrumb\",\"itemListElement\":[{\"@type\":\"ListItem\",\"position\":1,\"name\":\"Home\",\"item\":\"https:\/\/vof-news.eu\/fr\/\"},{\"@type\":\"ListItem\",\"position\":2,\"name\":\"L\u2019archev\u00eaque de Toulouse nomme chancelier du dioc\u00e8se un pr\u00eatre condamn\u00e9 pour viol sur mineur en\u00a02006\"}]},{\"@type\":\"WebSite\",\"@id\":\"https:\/\/vof-news.eu\/fr\/#website\",\"url\":\"https:\/\/vof-news.eu\/fr\/\",\"name\":\"vof-news.eu\",\"description\":\"\",\"potentialAction\":[{\"@type\":\"SearchAction\",\"target\":{\"@type\":\"EntryPoint\",\"urlTemplate\":\"https:\/\/vof-news.eu\/fr\/?s={search_term_string}\"},\"query-input\":\"required name=search_term_string\"}],\"inLanguage\":\"fr-FR\"},{\"@type\":\"Person\",\"@id\":\"https:\/\/vof-news.eu\/fr\/#\/schema\/person\/f6a2a4309f0561835797fd8c19b333ed\",\"name\":\"Author\",\"image\":{\"@type\":\"ImageObject\",\"inLanguage\":\"fr-FR\",\"@id\":\"https:\/\/vof-news.eu\/fr\/#\/schema\/person\/image\/\",\"url\":\"https:\/\/secure.gravatar.com\/avatar\/b67e614b1b25b3e9c0c239efdd2fde5ab015b5affd6f1c3c85911ca4b384e790?s=96&d=mm&r=g\",\"contentUrl\":\"https:\/\/secure.gravatar.com\/avatar\/b67e614b1b25b3e9c0c239efdd2fde5ab015b5affd6f1c3c85911ca4b384e790?s=96&d=mm&r=g\",\"caption\":\"Author\"},\"sameAs\":[\"http:\/\/vof-news.eu\"],\"url\":\"https:\/\/vof-news.eu\/fr\/author\/zwt6qxnjulxbnyg\/\"}]}<\/script>\n<!-- \/ Yoast SEO plugin. -->","yoast_head_json":{"title":"L\u2019archev\u00eaque de Toulouse nomme chancelier du dioc\u00e8se un pr\u00eatre condamn\u00e9 pour viol sur mineur en\u00a02006 - vof-news.eu","description":"L\u2019archev\u00eaque de Toulouse a nomm\u00e9, d\u00e9but juin, un pr\u00eatre condamn\u00e9 pour viol sur mineur en\u00a02006\u00a0au poste de chancelier, une fonction \u00e0 haute responsabilit\u00e9 au sein du dioc\u00e8se, selon un d\u00e9cret publi\u00e9 sur son site Internet, rendu public lundi par le quotidien r\u00e9gional . Dominique Spina avait \u00e9t\u00e9 condamn\u00e9 en\u00a02006 en appel \u00e0 Tarbes (Hautes-Pyr\u00e9n\u00e9es) alors qu\u2019il \u00e9tait pr\u00eatre du dioc\u00e8se de Bayonne (Pyr\u00e9n\u00e9es-Atlantiques) \u00e0 cinq ans de prison, dont un avec sursis pour le viol d\u2019un lyc\u00e9en de 16\u00a0ans en\u00a01993.   Dans un communiqu\u00e9 transmis lundi \u00e0 l\u2019Agence France-Presse (AFP), l\u2019archev\u00eaque de Toulouse, Mgr\u00a0Guy de Kerimel, a expliqu\u00e9 avoir , alors qu\u2019il \u00e9tait depuis cinq ans employ\u00e9 aux archives. , poursuit l\u2019archev\u00eaque dans son communiqu\u00e9. Mais, fait-il remarquer, , fait encore savoir Mgr\u00a0de Kerimel. \u00ab\u00a0Incompr\u00e9hension\u00a0\u00bb Cette nomination de Dominique Spina au poste de chancelier et de d\u00e9l\u00e9gu\u00e9 \u00e9piscopal aux mariages \u00e0 compter du 1\u1d49\u02b3\u00a0septembre , a r\u00e9agi le m\u00e9dia . Cette , souligne le m\u00e9dia. En\u00a02016, le pr\u00e9d\u00e9cesseur de Mgr\u00a0de Kerimel, Robert Le Gall, avait relev\u00e9 de ses fonctions Dominique Spina, qui avait \u00e0 l\u2019\u00e9poque repris un office de pr\u00eatre charg\u00e9 de l\u2019ensemble paroissial Fronton-Bouloc-Castelnau d\u2019Estr\u00e9tefonds, pr\u00e8s de Toulouse. Selon le site du dioc\u00e8se, un chancelier est charg\u00e9 de l\u2019\u00e9tablissement et de la conservation des actes officiels de l\u2019archev\u00eaque, il apporte \u00e9galement aide et conseil sur l\u2019administration des sacrements aux pr\u00eatres et aux paroisses.    Le Monde avec AFP      S\u2019abonner   Contribuer R\u00e9utiliser ce contenu","robots":{"index":"noindex","follow":"follow","max-snippet":"max-snippet:-1","max-image-preview":"max-image-preview:large","max-video-preview":"max-video-preview:-1"},"og_locale":"fr_FR","og_type":"article","og_title":"L\u2019archev\u00eaque de Toulouse nomme chancelier du dioc\u00e8se un pr\u00eatre condamn\u00e9 pour viol sur mineur en\u00a02006 - vof-news.eu","og_description":"L\u2019archev\u00eaque de Toulouse a nomm\u00e9, d\u00e9but juin, un pr\u00eatre condamn\u00e9 pour viol sur mineur en\u00a02006\u00a0au poste de chancelier, une fonction \u00e0 haute responsabilit\u00e9 au sein du dioc\u00e8se, selon un d\u00e9cret publi\u00e9 sur son site Internet, rendu public lundi par le quotidien r\u00e9gional . Dominique Spina avait \u00e9t\u00e9 condamn\u00e9 en\u00a02006 en appel \u00e0 Tarbes (Hautes-Pyr\u00e9n\u00e9es) alors qu\u2019il \u00e9tait pr\u00eatre du dioc\u00e8se de Bayonne (Pyr\u00e9n\u00e9es-Atlantiques) \u00e0 cinq ans de prison, dont un avec sursis pour le viol d\u2019un lyc\u00e9en de 16\u00a0ans en\u00a01993.   Dans un communiqu\u00e9 transmis lundi \u00e0 l\u2019Agence France-Presse (AFP), l\u2019archev\u00eaque de Toulouse, Mgr\u00a0Guy de Kerimel, a expliqu\u00e9 avoir , alors qu\u2019il \u00e9tait depuis cinq ans employ\u00e9 aux archives. , poursuit l\u2019archev\u00eaque dans son communiqu\u00e9. Mais, fait-il remarquer, , fait encore savoir Mgr\u00a0de Kerimel. \u00ab\u00a0Incompr\u00e9hension\u00a0\u00bb Cette nomination de Dominique Spina au poste de chancelier et de d\u00e9l\u00e9gu\u00e9 \u00e9piscopal aux mariages \u00e0 compter du 1\u1d49\u02b3\u00a0septembre , a r\u00e9agi le m\u00e9dia . Cette , souligne le m\u00e9dia. En\u00a02016, le pr\u00e9d\u00e9cesseur de Mgr\u00a0de Kerimel, Robert Le Gall, avait relev\u00e9 de ses fonctions Dominique Spina, qui avait \u00e0 l\u2019\u00e9poque repris un office de pr\u00eatre charg\u00e9 de l\u2019ensemble paroissial Fronton-Bouloc-Castelnau d\u2019Estr\u00e9tefonds, pr\u00e8s de Toulouse. Selon le site du dioc\u00e8se, un chancelier est charg\u00e9 de l\u2019\u00e9tablissement et de la conservation des actes officiels de l\u2019archev\u00eaque, il apporte \u00e9galement aide et conseil sur l\u2019administration des sacrements aux pr\u00eatres et aux paroisses.    Le Monde avec AFP      S\u2019abonner   Contribuer R\u00e9utiliser ce contenu","og_url":"https:\/\/vof-news.eu\/fr\/larcheveque-de-toulouse-nomme-chancelier-du-diocese-un-pretre-condamne-pour-viol-sur-mineur-en-2006\/","og_site_name":"vof-news.eu","article_published_time":"2025-07-07T16:31:05+00:00","article_modified_time":"2025-07-07T16:31:34+00:00","og_image":[{"width":664,"height":443,"url":"https:\/\/vof-news.eu\/wp-content\/uploads\/2025\/07\/c412c15_upload-1-qbcqk0zirskm-000-33a42vh.jpg","type":"image\/jpeg"}],"author":"Author","twitter_card":"summary_large_image","twitter_misc":{"\u00c9crit par":"Author","Dur\u00e9e de lecture estim\u00e9e":"1 minute"},"schema":{"@context":"https:\/\/schema.org","@graph":[{"@type":"WebPage","@id":"https:\/\/vof-news.eu\/fr\/larcheveque-de-toulouse-nomme-chancelier-du-diocese-un-pretre-condamne-pour-viol-sur-mineur-en-2006\/","url":"https:\/\/vof-news.eu\/fr\/larcheveque-de-toulouse-nomme-chancelier-du-diocese-un-pretre-condamne-pour-viol-sur-mineur-en-2006\/","name":"L\u2019archev\u00eaque de Toulouse nomme chancelier du dioc\u00e8se un pr\u00eatre condamn\u00e9 pour viol sur mineur en\u00a02006 - vof-news.eu","isPartOf":{"@id":"https:\/\/vof-news.eu\/fr\/#website"},"primaryImageOfPage":{"@id":"https:\/\/vof-news.eu\/fr\/larcheveque-de-toulouse-nomme-chancelier-du-diocese-un-pretre-condamne-pour-viol-sur-mineur-en-2006\/#primaryimage"},"image":{"@id":"https:\/\/vof-news.eu\/fr\/larcheveque-de-toulouse-nomme-chancelier-du-diocese-un-pretre-condamne-pour-viol-sur-mineur-en-2006\/#primaryimage"},"thumbnailUrl":"https:\/\/vof-news.eu\/wp-content\/uploads\/2025\/07\/c412c15_upload-1-qbcqk0zirskm-000-33a42vh.jpg","datePublished":"2025-07-07T16:31:05+00:00","dateModified":"2025-07-07T16:31:34+00:00","author":{"@id":"https:\/\/vof-news.eu\/fr\/#\/schema\/person\/f6a2a4309f0561835797fd8c19b333ed"},"description":"L\u2019archev\u00eaque de Toulouse a nomm\u00e9, d\u00e9but juin, un pr\u00eatre condamn\u00e9 pour viol sur mineur en\u00a02006\u00a0au poste de chancelier, une fonction \u00e0 haute responsabilit\u00e9 au sein du dioc\u00e8se, selon un d\u00e9cret publi\u00e9 sur son site Internet, rendu public lundi par le quotidien r\u00e9gional . Dominique Spina avait \u00e9t\u00e9 condamn\u00e9 en\u00a02006 en appel \u00e0 Tarbes (Hautes-Pyr\u00e9n\u00e9es) alors qu\u2019il \u00e9tait pr\u00eatre du dioc\u00e8se de Bayonne (Pyr\u00e9n\u00e9es-Atlantiques) \u00e0 cinq ans de prison, dont un avec sursis pour le viol d\u2019un lyc\u00e9en de 16\u00a0ans en\u00a01993. Dans un communiqu\u00e9 transmis lundi \u00e0 l\u2019Agence France-Presse (AFP), l\u2019archev\u00eaque de Toulouse, Mgr\u00a0Guy de Kerimel, a expliqu\u00e9 avoir , alors qu\u2019il \u00e9tait depuis cinq ans employ\u00e9 aux archives. , poursuit l\u2019archev\u00eaque dans son communiqu\u00e9. Mais, fait-il remarquer, , fait encore savoir Mgr\u00a0de Kerimel. \u00ab\u00a0Incompr\u00e9hension\u00a0\u00bb Cette nomination de Dominique Spina au poste de chancelier et de d\u00e9l\u00e9gu\u00e9 \u00e9piscopal aux mariages \u00e0 compter du 1\u1d49\u02b3\u00a0septembre , a r\u00e9agi le m\u00e9dia . Cette , souligne le m\u00e9dia. En\u00a02016, le pr\u00e9d\u00e9cesseur de Mgr\u00a0de Kerimel, Robert Le Gall, avait relev\u00e9 de ses fonctions Dominique Spina, qui avait \u00e0 l\u2019\u00e9poque repris un office de pr\u00eatre charg\u00e9 de l\u2019ensemble paroissial Fronton-Bouloc-Castelnau d\u2019Estr\u00e9tefonds, pr\u00e8s de Toulouse. Selon le site du dioc\u00e8se, un chancelier est charg\u00e9 de l\u2019\u00e9tablissement et de la conservation des actes officiels de l\u2019archev\u00eaque, il apporte \u00e9galement aide et conseil sur l\u2019administration des sacrements aux pr\u00eatres et aux paroisses. Le Monde avec AFP S\u2019abonner Contribuer R\u00e9utiliser ce contenu","breadcrumb":{"@id":"https:\/\/vof-news.eu\/fr\/larcheveque-de-toulouse-nomme-chancelier-du-diocese-un-pretre-condamne-pour-viol-sur-mineur-en-2006\/#breadcrumb"},"inLanguage":"fr-FR","potentialAction":[{"@type":"ReadAction","target":["https:\/\/vof-news.eu\/fr\/larcheveque-de-toulouse-nomme-chancelier-du-diocese-un-pretre-condamne-pour-viol-sur-mineur-en-2006\/"]}]},{"@type":"ImageObject","inLanguage":"fr-FR","@id":"https:\/\/vof-news.eu\/fr\/larcheveque-de-toulouse-nomme-chancelier-du-diocese-un-pretre-condamne-pour-viol-sur-mineur-en-2006\/#primaryimage","url":"https:\/\/vof-news.eu\/wp-content\/uploads\/2025\/07\/c412c15_upload-1-qbcqk0zirskm-000-33a42vh.jpg","contentUrl":"https:\/\/vof-news.eu\/wp-content\/uploads\/2025\/07\/c412c15_upload-1-qbcqk0zirskm-000-33a42vh.jpg","width":664,"height":443},{"@type":"BreadcrumbList","@id":"https:\/\/vof-news.eu\/fr\/larcheveque-de-toulouse-nomme-chancelier-du-diocese-un-pretre-condamne-pour-viol-sur-mineur-en-2006\/#breadcrumb","itemListElement":[{"@type":"ListItem","position":1,"name":"Home","item":"https:\/\/vof-news.eu\/fr\/"},{"@type":"ListItem","position":2,"name":"L\u2019archev\u00eaque de Toulouse nomme chancelier du dioc\u00e8se un pr\u00eatre condamn\u00e9 pour viol sur mineur en\u00a02006"}]},{"@type":"WebSite","@id":"https:\/\/vof-news.eu\/fr\/#website","url":"https:\/\/vof-news.eu\/fr\/","name":"vof-news.eu","description":"","potentialAction":[{"@type":"SearchAction","target":{"@type":"EntryPoint","urlTemplate":"https:\/\/vof-news.eu\/fr\/?s={search_term_string}"},"query-input":"required name=search_term_string"}],"inLanguage":"fr-FR"},{"@type":"Person","@id":"https:\/\/vof-news.eu\/fr\/#\/schema\/person\/f6a2a4309f0561835797fd8c19b333ed","name":"Author","image":{"@type":"ImageObject","inLanguage":"fr-FR","@id":"https:\/\/vof-news.eu\/fr\/#\/schema\/person\/image\/","url":"https:\/\/secure.gravatar.com\/avatar\/b67e614b1b25b3e9c0c239efdd2fde5ab015b5affd6f1c3c85911ca4b384e790?s=96&d=mm&r=g","contentUrl":"https:\/\/secure.gravatar.com\/avatar\/b67e614b1b25b3e9c0c239efdd2fde5ab015b5affd6f1c3c85911ca4b384e790?s=96&d=mm&r=g","caption":"Author"},"sameAs":["http:\/\/vof-news.eu"],"url":"https:\/\/vof-news.eu\/fr\/author\/zwt6qxnjulxbnyg\/"}]}},"yoast_meta":{"yoast_wpseo_title":"","yoast_wpseo_metadesc":"","yoast_wpseo_canonical":""},"_links":{"self":[{"href":"https:\/\/vof-news.eu\/fr\/wp-json\/wp\/v2\/posts\/248948","targetHints":{"allow":["GET"]}}],"collection":[{"href":"https:\/\/vof-news.eu\/fr\/wp-json\/wp\/v2\/posts"}],"about":[{"href":"https:\/\/vof-news.eu\/fr\/wp-json\/wp\/v2\/types\/post"}],"author":[{"embeddable":true,"href":"https:\/\/vof-news.eu\/fr\/wp-json\/wp\/v2\/users\/1"}],"replies":[{"embeddable":true,"href":"https:\/\/vof-news.eu\/fr\/wp-json\/wp\/v2\/comments?post=248948"}],"version-history":[{"count":1,"href":"https:\/\/vof-news.eu\/fr\/wp-json\/wp\/v2\/posts\/248948\/revisions"}],"predecessor-version":[{"id":248955,"href":"https:\/\/vof-news.eu\/fr\/wp-json\/wp\/v2\/posts\/248948\/revisions\/248955"}],"wp:featuredmedia":[{"embeddable":true,"href":"https:\/\/vof-news.eu\/fr\/wp-json\/wp\/v2\/media\/248949"}],"wp:attachment":[{"href":"https:\/\/vof-news.eu\/fr\/wp-json\/wp\/v2\/media?parent=248948"}],"wp:term":[{"taxonomy":"category","embeddable":true,"href":"https:\/\/vof-news.eu\/fr\/wp-json\/wp\/v2\/categories?post=248948"},{"taxonomy":"post_tag","embeddable":true,"href":"https:\/\/vof-news.eu\/fr\/wp-json\/wp\/v2\/tags?post=248948"}],"curies":[{"name":"wp","href":"https:\/\/api.w.org\/{rel}","templated":true}]}}