{"id":248870,"date":"2025-07-07T17:31:05","date_gmt":"2025-07-07T14:31:05","guid":{"rendered":"https:\/\/vof-news.eu\/lodyssee-de-raphaelle-peria-au-pays-de-la-memoire\/"},"modified":"2025-07-07T17:31:24","modified_gmt":"2025-07-07T14:31:24","slug":"lodyssee-de-raphaelle-peria-au-pays-de-la-memoire","status":"publish","type":"post","link":"https:\/\/vof-news.eu\/fr\/lodyssee-de-raphaelle-peria-au-pays-de-la-memoire\/","title":{"rendered":"L\u2019odyss\u00e9e de Rapha\u00eblle Peria au pays de la m\u00e9moire"},"content":{"rendered":"<article>\n<p>Rencontre<\/p>\n<p>Il \u00e9tait une fois, il y a bien longtemps, quatre petites filles blondes sur une p\u00e9niche, remontant le canal du Midi avec leur p\u00e8re. Une vie r\u00eav\u00e9e au rythme lent du bateau, entre l\u2019eau, le ciel et le soleil, les balades \u00e0 v\u00e9lo \u00e0 l\u2019ombre de lourds platanes au feuillage luxuriant. Mais, dans les images d\u2019enfance de Rapha\u00eblle Peria, les feuillages et les troncs se voient par\u00e9s d\u2019\u00e9tranges copeaux blancs\u00a0: ces hachures, raclures, rognures m\u00e9ticuleusement creus\u00e9es une \u00e0 une \u00e0 m\u00eame le papier photographique dessinent de nouvelles feuilles sur les arbres, plantent au sol des v\u00e9g\u00e9taux inconnus, font surgir des jungles et m\u00eame des grottes. Dans les paysages aux teintes mordor\u00e9es, les enfants hissent la voile d\u2019un canot et partent \u00e0 l\u2019aventure vers des contr\u00e9es fantastiques.<\/p>\n<p>L\u2019artiste, qui a remport\u00e9 le prix BMW Art Makers 2025, en\u00a0janvier, avec la curatrice Fanny Robin (par ailleurs directrice artistique de la Fondation Bullukian), expose aux Rencontres d\u2019Arles son projet \u00ab\u00a0Travers\u00e9e du fragment manquant\u00a0\u00bb. Elle a fait de la photo gratt\u00e9e sa sp\u00e9cialit\u00e9, voire son langage. Une fa\u00e7on pour cette trentenaire form\u00e9e \u00e0 la gravure et au dessin aux Beaux-Arts de contrer sa frustration face \u00e0 l\u2019image fixe, limit\u00e9e par ses deux dimensions.<\/p>\n<p><strong>Il vous reste 81.01% de cet article \u00e0 lire. La suite est r\u00e9serv\u00e9e aux abonn\u00e9s.<\/strong><\/p>\n<\/article>\n","protected":false},"excerpt":{"rendered":"<p>Rencontre Il \u00e9tait une fois, il y a bien longtemps, quatre petites filles blondes sur une p\u00e9niche, remontant le canal du Midi avec leur p\u00e8re. Une vie r\u00eav\u00e9e au rythme lent du bateau, entre l\u2019eau, le ciel et le soleil, les balades \u00e0 v\u00e9lo \u00e0 l\u2019ombre de lourds platanes au feuillage luxuriant. Mais, dans les<\/p>\n","protected":false},"author":1,"featured_media":248871,"comment_status":"open","ping_status":"open","sticky":false,"template":"","format":"standard","meta":{"footnotes":""},"categories":[63],"tags":[],"class_list":["post-248870","post","type-post","status-publish","format-standard","has-post-thumbnail","hentry","category-culture-fr"],"acf":[],"yoast_head":"<!-- This site is optimized with the Yoast SEO plugin v22.9 - https:\/\/yoast.com\/wordpress\/plugins\/seo\/ -->\n<title>L\u2019odyss\u00e9e de Rapha\u00eblle Peria au pays de la m\u00e9moire - vof-news.eu<\/title>\n<meta name=\"description\" content=\"Rencontre Il \u00e9tait une fois, il y a bien longtemps, quatre petites filles blondes sur une p\u00e9niche, remontant le canal du Midi avec leur p\u00e8re. Une vie r\u00eav\u00e9e au rythme lent du bateau, entre l\u2019eau, le ciel et le soleil, les balades \u00e0 v\u00e9lo \u00e0 l\u2019ombre de lourds platanes au feuillage luxuriant. Mais, dans les images d\u2019enfance de Rapha\u00eblle Peria, les feuillages et les troncs se voient par\u00e9s d\u2019\u00e9tranges copeaux blancs\u00a0: ces hachures, raclures, rognures m\u00e9ticuleusement creus\u00e9es une \u00e0 une \u00e0 m\u00eame le papier photographique dessinent de nouvelles feuilles sur les arbres, plantent au sol des v\u00e9g\u00e9taux inconnus, font surgir des jungles et m\u00eame des grottes. Dans les paysages aux teintes mordor\u00e9es, les enfants hissent la voile d\u2019un canot et partent \u00e0 l\u2019aventure vers des contr\u00e9es fantastiques. L\u2019artiste, qui a remport\u00e9 le prix BMW Art Makers 2025, en\u00a0janvier, avec la curatrice Fanny Robin (par ailleurs directrice artistique de la Fondation Bullukian), expose aux Rencontres d\u2019Arles son projet \u00ab\u00a0Travers\u00e9e du fragment manquant\u00a0\u00bb. Elle a fait de la photo gratt\u00e9e sa sp\u00e9cialit\u00e9, voire son langage. Une fa\u00e7on pour cette trentenaire form\u00e9e \u00e0 la gravure et au dessin aux Beaux-Arts de contrer sa frustration face \u00e0 l\u2019image fixe, limit\u00e9e par ses deux dimensions. Il vous reste 81.01% de cet article \u00e0 lire. La suite est r\u00e9serv\u00e9e aux abonn\u00e9s.\" \/>\n<meta name=\"robots\" content=\"noindex, follow, max-snippet:-1, max-image-preview:large, max-video-preview:-1\" \/>\n<meta property=\"og:locale\" content=\"fr_FR\" \/>\n<meta property=\"og:type\" content=\"article\" \/>\n<meta property=\"og:title\" content=\"L\u2019odyss\u00e9e de Rapha\u00eblle Peria au pays de la m\u00e9moire - vof-news.eu\" \/>\n<meta property=\"og:description\" content=\"Rencontre Il \u00e9tait une fois, il y a bien longtemps, quatre petites filles blondes sur une p\u00e9niche, remontant le canal du Midi avec leur p\u00e8re. Une vie r\u00eav\u00e9e au rythme lent du bateau, entre l\u2019eau, le ciel et le soleil, les balades \u00e0 v\u00e9lo \u00e0 l\u2019ombre de lourds platanes au feuillage luxuriant. Mais, dans les images d\u2019enfance de Rapha\u00eblle Peria, les feuillages et les troncs se voient par\u00e9s d\u2019\u00e9tranges copeaux blancs\u00a0: ces hachures, raclures, rognures m\u00e9ticuleusement creus\u00e9es une \u00e0 une \u00e0 m\u00eame le papier photographique dessinent de nouvelles feuilles sur les arbres, plantent au sol des v\u00e9g\u00e9taux inconnus, font surgir des jungles et m\u00eame des grottes. Dans les paysages aux teintes mordor\u00e9es, les enfants hissent la voile d\u2019un canot et partent \u00e0 l\u2019aventure vers des contr\u00e9es fantastiques. L\u2019artiste, qui a remport\u00e9 le prix BMW Art Makers 2025, en\u00a0janvier, avec la curatrice Fanny Robin (par ailleurs directrice artistique de la Fondation Bullukian), expose aux Rencontres d\u2019Arles son projet \u00ab\u00a0Travers\u00e9e du fragment manquant\u00a0\u00bb. Elle a fait de la photo gratt\u00e9e sa sp\u00e9cialit\u00e9, voire son langage. Une fa\u00e7on pour cette trentenaire form\u00e9e \u00e0 la gravure et au dessin aux Beaux-Arts de contrer sa frustration face \u00e0 l\u2019image fixe, limit\u00e9e par ses deux dimensions. Il vous reste 81.01% de cet article \u00e0 lire. La suite est r\u00e9serv\u00e9e aux abonn\u00e9s.\" \/>\n<meta property=\"og:url\" content=\"https:\/\/vof-news.eu\/fr\/lodyssee-de-raphaelle-peria-au-pays-de-la-memoire\/\" \/>\n<meta property=\"og:site_name\" content=\"vof-news.eu\" \/>\n<meta property=\"article:published_time\" content=\"2025-07-07T14:31:05+00:00\" \/>\n<meta property=\"article:modified_time\" content=\"2025-07-07T14:31:24+00:00\" \/>\n<meta property=\"og:image\" content=\"https:\/\/vof-news.eu\/wp-content\/uploads\/2025\/07\/972ccb6_upload-1-lnmrfykpvgwp-p90600343-highres-davidcoulon2025-fann.jpg\" \/>\n\t<meta property=\"og:image:width\" content=\"664\" \/>\n\t<meta property=\"og:image:height\" content=\"664\" \/>\n\t<meta property=\"og:image:type\" content=\"image\/jpeg\" \/>\n<meta name=\"author\" content=\"Author\" \/>\n<meta name=\"twitter:card\" content=\"summary_large_image\" \/>\n<meta name=\"twitter:label1\" content=\"\u00c9crit par\" \/>\n\t<meta name=\"twitter:data1\" content=\"Author\" \/>\n\t<meta name=\"twitter:label2\" content=\"Dur\u00e9e de lecture estim\u00e9e\" \/>\n\t<meta name=\"twitter:data2\" content=\"1 minute\" \/>\n<script type=\"application\/ld+json\" class=\"yoast-schema-graph\">{\"@context\":\"https:\/\/schema.org\",\"@graph\":[{\"@type\":\"WebPage\",\"@id\":\"https:\/\/vof-news.eu\/fr\/lodyssee-de-raphaelle-peria-au-pays-de-la-memoire\/\",\"url\":\"https:\/\/vof-news.eu\/fr\/lodyssee-de-raphaelle-peria-au-pays-de-la-memoire\/\",\"name\":\"L\u2019odyss\u00e9e de Rapha\u00eblle Peria au pays de la m\u00e9moire - vof-news.eu\",\"isPartOf\":{\"@id\":\"https:\/\/vof-news.eu\/fr\/#website\"},\"primaryImageOfPage\":{\"@id\":\"https:\/\/vof-news.eu\/fr\/lodyssee-de-raphaelle-peria-au-pays-de-la-memoire\/#primaryimage\"},\"image\":{\"@id\":\"https:\/\/vof-news.eu\/fr\/lodyssee-de-raphaelle-peria-au-pays-de-la-memoire\/#primaryimage\"},\"thumbnailUrl\":\"https:\/\/vof-news.eu\/wp-content\/uploads\/2025\/07\/972ccb6_upload-1-lnmrfykpvgwp-p90600343-highres-davidcoulon2025-fann.jpg\",\"datePublished\":\"2025-07-07T14:31:05+00:00\",\"dateModified\":\"2025-07-07T14:31:24+00:00\",\"author\":{\"@id\":\"https:\/\/vof-news.eu\/fr\/#\/schema\/person\/f6a2a4309f0561835797fd8c19b333ed\"},\"description\":\"Rencontre Il \u00e9tait une fois, il y a bien longtemps, quatre petites filles blondes sur une p\u00e9niche, remontant le canal du Midi avec leur p\u00e8re. Une vie r\u00eav\u00e9e au rythme lent du bateau, entre l\u2019eau, le ciel et le soleil, les balades \u00e0 v\u00e9lo \u00e0 l\u2019ombre de lourds platanes au feuillage luxuriant. Mais, dans les images d\u2019enfance de Rapha\u00eblle Peria, les feuillages et les troncs se voient par\u00e9s d\u2019\u00e9tranges copeaux blancs\u00a0: ces hachures, raclures, rognures m\u00e9ticuleusement creus\u00e9es une \u00e0 une \u00e0 m\u00eame le papier photographique dessinent de nouvelles feuilles sur les arbres, plantent au sol des v\u00e9g\u00e9taux inconnus, font surgir des jungles et m\u00eame des grottes. Dans les paysages aux teintes mordor\u00e9es, les enfants hissent la voile d\u2019un canot et partent \u00e0 l\u2019aventure vers des contr\u00e9es fantastiques. L\u2019artiste, qui a remport\u00e9 le prix BMW Art Makers 2025, en\u00a0janvier, avec la curatrice Fanny Robin (par ailleurs directrice artistique de la Fondation Bullukian), expose aux Rencontres d\u2019Arles son projet \u00ab\u00a0Travers\u00e9e du fragment manquant\u00a0\u00bb. Elle a fait de la photo gratt\u00e9e sa sp\u00e9cialit\u00e9, voire son langage. Une fa\u00e7on pour cette trentenaire form\u00e9e \u00e0 la gravure et au dessin aux Beaux-Arts de contrer sa frustration face \u00e0 l\u2019image fixe, limit\u00e9e par ses deux dimensions. Il vous reste 81.01% de cet article \u00e0 lire. La suite est r\u00e9serv\u00e9e aux abonn\u00e9s.\",\"breadcrumb\":{\"@id\":\"https:\/\/vof-news.eu\/fr\/lodyssee-de-raphaelle-peria-au-pays-de-la-memoire\/#breadcrumb\"},\"inLanguage\":\"fr-FR\",\"potentialAction\":[{\"@type\":\"ReadAction\",\"target\":[\"https:\/\/vof-news.eu\/fr\/lodyssee-de-raphaelle-peria-au-pays-de-la-memoire\/\"]}]},{\"@type\":\"ImageObject\",\"inLanguage\":\"fr-FR\",\"@id\":\"https:\/\/vof-news.eu\/fr\/lodyssee-de-raphaelle-peria-au-pays-de-la-memoire\/#primaryimage\",\"url\":\"https:\/\/vof-news.eu\/wp-content\/uploads\/2025\/07\/972ccb6_upload-1-lnmrfykpvgwp-p90600343-highres-davidcoulon2025-fann.jpg\",\"contentUrl\":\"https:\/\/vof-news.eu\/wp-content\/uploads\/2025\/07\/972ccb6_upload-1-lnmrfykpvgwp-p90600343-highres-davidcoulon2025-fann.jpg\",\"width\":664,\"height\":664},{\"@type\":\"BreadcrumbList\",\"@id\":\"https:\/\/vof-news.eu\/fr\/lodyssee-de-raphaelle-peria-au-pays-de-la-memoire\/#breadcrumb\",\"itemListElement\":[{\"@type\":\"ListItem\",\"position\":1,\"name\":\"Home\",\"item\":\"https:\/\/vof-news.eu\/fr\/\"},{\"@type\":\"ListItem\",\"position\":2,\"name\":\"L\u2019odyss\u00e9e de Rapha\u00eblle Peria au pays de la m\u00e9moire\"}]},{\"@type\":\"WebSite\",\"@id\":\"https:\/\/vof-news.eu\/fr\/#website\",\"url\":\"https:\/\/vof-news.eu\/fr\/\",\"name\":\"vof-news.eu\",\"description\":\"\",\"potentialAction\":[{\"@type\":\"SearchAction\",\"target\":{\"@type\":\"EntryPoint\",\"urlTemplate\":\"https:\/\/vof-news.eu\/fr\/?s={search_term_string}\"},\"query-input\":\"required name=search_term_string\"}],\"inLanguage\":\"fr-FR\"},{\"@type\":\"Person\",\"@id\":\"https:\/\/vof-news.eu\/fr\/#\/schema\/person\/f6a2a4309f0561835797fd8c19b333ed\",\"name\":\"Author\",\"image\":{\"@type\":\"ImageObject\",\"inLanguage\":\"fr-FR\",\"@id\":\"https:\/\/vof-news.eu\/fr\/#\/schema\/person\/image\/\",\"url\":\"https:\/\/secure.gravatar.com\/avatar\/b67e614b1b25b3e9c0c239efdd2fde5ab015b5affd6f1c3c85911ca4b384e790?s=96&d=mm&r=g\",\"contentUrl\":\"https:\/\/secure.gravatar.com\/avatar\/b67e614b1b25b3e9c0c239efdd2fde5ab015b5affd6f1c3c85911ca4b384e790?s=96&d=mm&r=g\",\"caption\":\"Author\"},\"sameAs\":[\"http:\/\/vof-news.eu\"],\"url\":\"https:\/\/vof-news.eu\/fr\/author\/zwt6qxnjulxbnyg\/\"}]}<\/script>\n<!-- \/ Yoast SEO plugin. -->","yoast_head_json":{"title":"L\u2019odyss\u00e9e de Rapha\u00eblle Peria au pays de la m\u00e9moire - vof-news.eu","description":"Rencontre Il \u00e9tait une fois, il y a bien longtemps, quatre petites filles blondes sur une p\u00e9niche, remontant le canal du Midi avec leur p\u00e8re. Une vie r\u00eav\u00e9e au rythme lent du bateau, entre l\u2019eau, le ciel et le soleil, les balades \u00e0 v\u00e9lo \u00e0 l\u2019ombre de lourds platanes au feuillage luxuriant. Mais, dans les images d\u2019enfance de Rapha\u00eblle Peria, les feuillages et les troncs se voient par\u00e9s d\u2019\u00e9tranges copeaux blancs\u00a0: ces hachures, raclures, rognures m\u00e9ticuleusement creus\u00e9es une \u00e0 une \u00e0 m\u00eame le papier photographique dessinent de nouvelles feuilles sur les arbres, plantent au sol des v\u00e9g\u00e9taux inconnus, font surgir des jungles et m\u00eame des grottes. Dans les paysages aux teintes mordor\u00e9es, les enfants hissent la voile d\u2019un canot et partent \u00e0 l\u2019aventure vers des contr\u00e9es fantastiques. L\u2019artiste, qui a remport\u00e9 le prix BMW Art Makers 2025, en\u00a0janvier, avec la curatrice Fanny Robin (par ailleurs directrice artistique de la Fondation Bullukian), expose aux Rencontres d\u2019Arles son projet \u00ab\u00a0Travers\u00e9e du fragment manquant\u00a0\u00bb. Elle a fait de la photo gratt\u00e9e sa sp\u00e9cialit\u00e9, voire son langage. Une fa\u00e7on pour cette trentenaire form\u00e9e \u00e0 la gravure et au dessin aux Beaux-Arts de contrer sa frustration face \u00e0 l\u2019image fixe, limit\u00e9e par ses deux dimensions. Il vous reste 81.01% de cet article \u00e0 lire. La suite est r\u00e9serv\u00e9e aux abonn\u00e9s.","robots":{"index":"noindex","follow":"follow","max-snippet":"max-snippet:-1","max-image-preview":"max-image-preview:large","max-video-preview":"max-video-preview:-1"},"og_locale":"fr_FR","og_type":"article","og_title":"L\u2019odyss\u00e9e de Rapha\u00eblle Peria au pays de la m\u00e9moire - vof-news.eu","og_description":"Rencontre Il \u00e9tait une fois, il y a bien longtemps, quatre petites filles blondes sur une p\u00e9niche, remontant le canal du Midi avec leur p\u00e8re. Une vie r\u00eav\u00e9e au rythme lent du bateau, entre l\u2019eau, le ciel et le soleil, les balades \u00e0 v\u00e9lo \u00e0 l\u2019ombre de lourds platanes au feuillage luxuriant. Mais, dans les images d\u2019enfance de Rapha\u00eblle Peria, les feuillages et les troncs se voient par\u00e9s d\u2019\u00e9tranges copeaux blancs\u00a0: ces hachures, raclures, rognures m\u00e9ticuleusement creus\u00e9es une \u00e0 une \u00e0 m\u00eame le papier photographique dessinent de nouvelles feuilles sur les arbres, plantent au sol des v\u00e9g\u00e9taux inconnus, font surgir des jungles et m\u00eame des grottes. Dans les paysages aux teintes mordor\u00e9es, les enfants hissent la voile d\u2019un canot et partent \u00e0 l\u2019aventure vers des contr\u00e9es fantastiques. L\u2019artiste, qui a remport\u00e9 le prix BMW Art Makers 2025, en\u00a0janvier, avec la curatrice Fanny Robin (par ailleurs directrice artistique de la Fondation Bullukian), expose aux Rencontres d\u2019Arles son projet \u00ab\u00a0Travers\u00e9e du fragment manquant\u00a0\u00bb. Elle a fait de la photo gratt\u00e9e sa sp\u00e9cialit\u00e9, voire son langage. Une fa\u00e7on pour cette trentenaire form\u00e9e \u00e0 la gravure et au dessin aux Beaux-Arts de contrer sa frustration face \u00e0 l\u2019image fixe, limit\u00e9e par ses deux dimensions. Il vous reste 81.01% de cet article \u00e0 lire. La suite est r\u00e9serv\u00e9e aux abonn\u00e9s.","og_url":"https:\/\/vof-news.eu\/fr\/lodyssee-de-raphaelle-peria-au-pays-de-la-memoire\/","og_site_name":"vof-news.eu","article_published_time":"2025-07-07T14:31:05+00:00","article_modified_time":"2025-07-07T14:31:24+00:00","og_image":[{"width":664,"height":664,"url":"https:\/\/vof-news.eu\/wp-content\/uploads\/2025\/07\/972ccb6_upload-1-lnmrfykpvgwp-p90600343-highres-davidcoulon2025-fann.jpg","type":"image\/jpeg"}],"author":"Author","twitter_card":"summary_large_image","twitter_misc":{"\u00c9crit par":"Author","Dur\u00e9e de lecture estim\u00e9e":"1 minute"},"schema":{"@context":"https:\/\/schema.org","@graph":[{"@type":"WebPage","@id":"https:\/\/vof-news.eu\/fr\/lodyssee-de-raphaelle-peria-au-pays-de-la-memoire\/","url":"https:\/\/vof-news.eu\/fr\/lodyssee-de-raphaelle-peria-au-pays-de-la-memoire\/","name":"L\u2019odyss\u00e9e de Rapha\u00eblle Peria au pays de la m\u00e9moire - vof-news.eu","isPartOf":{"@id":"https:\/\/vof-news.eu\/fr\/#website"},"primaryImageOfPage":{"@id":"https:\/\/vof-news.eu\/fr\/lodyssee-de-raphaelle-peria-au-pays-de-la-memoire\/#primaryimage"},"image":{"@id":"https:\/\/vof-news.eu\/fr\/lodyssee-de-raphaelle-peria-au-pays-de-la-memoire\/#primaryimage"},"thumbnailUrl":"https:\/\/vof-news.eu\/wp-content\/uploads\/2025\/07\/972ccb6_upload-1-lnmrfykpvgwp-p90600343-highres-davidcoulon2025-fann.jpg","datePublished":"2025-07-07T14:31:05+00:00","dateModified":"2025-07-07T14:31:24+00:00","author":{"@id":"https:\/\/vof-news.eu\/fr\/#\/schema\/person\/f6a2a4309f0561835797fd8c19b333ed"},"description":"Rencontre Il \u00e9tait une fois, il y a bien longtemps, quatre petites filles blondes sur une p\u00e9niche, remontant le canal du Midi avec leur p\u00e8re. Une vie r\u00eav\u00e9e au rythme lent du bateau, entre l\u2019eau, le ciel et le soleil, les balades \u00e0 v\u00e9lo \u00e0 l\u2019ombre de lourds platanes au feuillage luxuriant. Mais, dans les images d\u2019enfance de Rapha\u00eblle Peria, les feuillages et les troncs se voient par\u00e9s d\u2019\u00e9tranges copeaux blancs\u00a0: ces hachures, raclures, rognures m\u00e9ticuleusement creus\u00e9es une \u00e0 une \u00e0 m\u00eame le papier photographique dessinent de nouvelles feuilles sur les arbres, plantent au sol des v\u00e9g\u00e9taux inconnus, font surgir des jungles et m\u00eame des grottes. Dans les paysages aux teintes mordor\u00e9es, les enfants hissent la voile d\u2019un canot et partent \u00e0 l\u2019aventure vers des contr\u00e9es fantastiques. L\u2019artiste, qui a remport\u00e9 le prix BMW Art Makers 2025, en\u00a0janvier, avec la curatrice Fanny Robin (par ailleurs directrice artistique de la Fondation Bullukian), expose aux Rencontres d\u2019Arles son projet \u00ab\u00a0Travers\u00e9e du fragment manquant\u00a0\u00bb. Elle a fait de la photo gratt\u00e9e sa sp\u00e9cialit\u00e9, voire son langage. Une fa\u00e7on pour cette trentenaire form\u00e9e \u00e0 la gravure et au dessin aux Beaux-Arts de contrer sa frustration face \u00e0 l\u2019image fixe, limit\u00e9e par ses deux dimensions. Il vous reste 81.01% de cet article \u00e0 lire. La suite est r\u00e9serv\u00e9e aux abonn\u00e9s.","breadcrumb":{"@id":"https:\/\/vof-news.eu\/fr\/lodyssee-de-raphaelle-peria-au-pays-de-la-memoire\/#breadcrumb"},"inLanguage":"fr-FR","potentialAction":[{"@type":"ReadAction","target":["https:\/\/vof-news.eu\/fr\/lodyssee-de-raphaelle-peria-au-pays-de-la-memoire\/"]}]},{"@type":"ImageObject","inLanguage":"fr-FR","@id":"https:\/\/vof-news.eu\/fr\/lodyssee-de-raphaelle-peria-au-pays-de-la-memoire\/#primaryimage","url":"https:\/\/vof-news.eu\/wp-content\/uploads\/2025\/07\/972ccb6_upload-1-lnmrfykpvgwp-p90600343-highres-davidcoulon2025-fann.jpg","contentUrl":"https:\/\/vof-news.eu\/wp-content\/uploads\/2025\/07\/972ccb6_upload-1-lnmrfykpvgwp-p90600343-highres-davidcoulon2025-fann.jpg","width":664,"height":664},{"@type":"BreadcrumbList","@id":"https:\/\/vof-news.eu\/fr\/lodyssee-de-raphaelle-peria-au-pays-de-la-memoire\/#breadcrumb","itemListElement":[{"@type":"ListItem","position":1,"name":"Home","item":"https:\/\/vof-news.eu\/fr\/"},{"@type":"ListItem","position":2,"name":"L\u2019odyss\u00e9e de Rapha\u00eblle Peria au pays de la m\u00e9moire"}]},{"@type":"WebSite","@id":"https:\/\/vof-news.eu\/fr\/#website","url":"https:\/\/vof-news.eu\/fr\/","name":"vof-news.eu","description":"","potentialAction":[{"@type":"SearchAction","target":{"@type":"EntryPoint","urlTemplate":"https:\/\/vof-news.eu\/fr\/?s={search_term_string}"},"query-input":"required name=search_term_string"}],"inLanguage":"fr-FR"},{"@type":"Person","@id":"https:\/\/vof-news.eu\/fr\/#\/schema\/person\/f6a2a4309f0561835797fd8c19b333ed","name":"Author","image":{"@type":"ImageObject","inLanguage":"fr-FR","@id":"https:\/\/vof-news.eu\/fr\/#\/schema\/person\/image\/","url":"https:\/\/secure.gravatar.com\/avatar\/b67e614b1b25b3e9c0c239efdd2fde5ab015b5affd6f1c3c85911ca4b384e790?s=96&d=mm&r=g","contentUrl":"https:\/\/secure.gravatar.com\/avatar\/b67e614b1b25b3e9c0c239efdd2fde5ab015b5affd6f1c3c85911ca4b384e790?s=96&d=mm&r=g","caption":"Author"},"sameAs":["http:\/\/vof-news.eu"],"url":"https:\/\/vof-news.eu\/fr\/author\/zwt6qxnjulxbnyg\/"}]}},"yoast_meta":{"yoast_wpseo_title":"","yoast_wpseo_metadesc":"","yoast_wpseo_canonical":""},"_links":{"self":[{"href":"https:\/\/vof-news.eu\/fr\/wp-json\/wp\/v2\/posts\/248870","targetHints":{"allow":["GET"]}}],"collection":[{"href":"https:\/\/vof-news.eu\/fr\/wp-json\/wp\/v2\/posts"}],"about":[{"href":"https:\/\/vof-news.eu\/fr\/wp-json\/wp\/v2\/types\/post"}],"author":[{"embeddable":true,"href":"https:\/\/vof-news.eu\/fr\/wp-json\/wp\/v2\/users\/1"}],"replies":[{"embeddable":true,"href":"https:\/\/vof-news.eu\/fr\/wp-json\/wp\/v2\/comments?post=248870"}],"version-history":[{"count":1,"href":"https:\/\/vof-news.eu\/fr\/wp-json\/wp\/v2\/posts\/248870\/revisions"}],"predecessor-version":[{"id":248877,"href":"https:\/\/vof-news.eu\/fr\/wp-json\/wp\/v2\/posts\/248870\/revisions\/248877"}],"wp:featuredmedia":[{"embeddable":true,"href":"https:\/\/vof-news.eu\/fr\/wp-json\/wp\/v2\/media\/248871"}],"wp:attachment":[{"href":"https:\/\/vof-news.eu\/fr\/wp-json\/wp\/v2\/media?parent=248870"}],"wp:term":[{"taxonomy":"category","embeddable":true,"href":"https:\/\/vof-news.eu\/fr\/wp-json\/wp\/v2\/categories?post=248870"},{"taxonomy":"post_tag","embeddable":true,"href":"https:\/\/vof-news.eu\/fr\/wp-json\/wp\/v2\/tags?post=248870"}],"curies":[{"name":"wp","href":"https:\/\/api.w.org\/{rel}","templated":true}]}}