{"id":248738,"date":"2025-07-07T13:35:35","date_gmt":"2025-07-07T10:35:35","guid":{"rendered":"https:\/\/vof-news.eu\/decathlon-profite-du-depart-dag2r-la-mondiale-pour-afficher-ses-nouvelles-ambitions-dans-le-cyclisme-professionnel\/"},"modified":"2025-07-07T13:35:50","modified_gmt":"2025-07-07T10:35:50","slug":"decathlon-profite-du-depart-dag2r-la-mondiale-pour-afficher-ses-nouvelles-ambitions-dans-le-cyclisme-professionnel","status":"publish","type":"post","link":"https:\/\/vof-news.eu\/fr\/decathlon-profite-du-depart-dag2r-la-mondiale-pour-afficher-ses-nouvelles-ambitions-dans-le-cyclisme-professionnel\/","title":{"rendered":"Decathlon profite du d\u00e9part d\u2019AG2R La Mondiale pour afficher ses nouvelles ambitions dans le cyclisme professionnel"},"content":{"rendered":"<article>\n<p>C\u2019est une page du cyclisme professionnel fran\u00e7ais qui se tourne et, avec elle, une c\u00e9l\u00e8bre marque qui s\u2019efface. A l\u2019issue de la saison 2025, AG2R La Mondiale cessera ses activit\u00e9s de sponsor de l\u2019actuelle \u00e9quipe Decathlon-AG2R La Mondiale, comme l\u2019a annonc\u00e9, lundi 7\u00a0juillet, dans la matin\u00e9e, la formation tricolore dans un communiqu\u00e9. Cette mise en retrait s\u2019accompagne d\u2019un changement d\u2019actionnaire chez France Cyclisme, la structure juridique de l\u2019\u00e9quipe, d\u00e9tenue depuis 2022 par AG2R La Mondiale\u00a0: Decathlon en sera d\u00e9sormais seul propri\u00e9taire.<\/p>\n<section>   <\/section>\n<p>Cette annonce ne prendra effet que dans plusieurs mois, mais devrait d\u00e9j\u00e0 faire r\u00e9agir le peloton qui doit s\u2019\u00e9lancer, lundi, pour la 3\u1d49 \u00e9tape du Tour de France, entre Valenciennes et Dunkerque (Nord). Elle acte en effet la nouvelle dimension prise par la formation bas\u00e9e \u00e0 Chamb\u00e9ry (Savoie), dont les ambitions sont de plus en plus grandes depuis l\u2019arriv\u00e9e de Decathlon comme sponsor principal, en\u00a02024.<\/p>\n<p>Pr\u00e8s de trente ans apr\u00e8s son entr\u00e9e sur le circuit du cyclisme, AG2R La Mondiale va donc se retirer du peloton. L\u2019assureur \u00e9tait devenu partenaire de la formation\u00a0en\u00a01997 et sponsor principal \u00e0 partir de 2000. Decathlon est charg\u00e9 de prendre la suite. Seul, avant l\u2019arriv\u00e9e esp\u00e9r\u00e9e d\u2019un nouveau cosponsor. , assure Fabrice Heyri\u00e8s, directeur g\u00e9n\u00e9ral d\u2019AG2R La Mondiale, cit\u00e9 dans le communiqu\u00e9.<\/p>\n<p><strong>Il vous reste 73.95% de cet article \u00e0 lire. La suite est r\u00e9serv\u00e9e aux abonn\u00e9s.<\/strong><\/p>\n<\/article>\n","protected":false},"excerpt":{"rendered":"<p>C\u2019est une page du cyclisme professionnel fran\u00e7ais qui se tourne et, avec elle, une c\u00e9l\u00e8bre marque qui s\u2019efface. A l\u2019issue de la saison 2025, AG2R La Mondiale cessera ses activit\u00e9s de sponsor de l\u2019actuelle \u00e9quipe Decathlon-AG2R La Mondiale, comme l\u2019a annonc\u00e9, lundi 7\u00a0juillet, dans la matin\u00e9e, la formation tricolore dans un communiqu\u00e9. Cette mise en<\/p>\n","protected":false},"author":1,"featured_media":248739,"comment_status":"open","ping_status":"open","sticky":false,"template":"","format":"standard","meta":{"footnotes":""},"categories":[73],"tags":[],"class_list":["post-248738","post","type-post","status-publish","format-standard","has-post-thumbnail","hentry","category-sport-fr"],"acf":[],"yoast_head":"<!-- This site is optimized with the Yoast SEO plugin v22.9 - https:\/\/yoast.com\/wordpress\/plugins\/seo\/ -->\n<title>Decathlon profite du d\u00e9part d\u2019AG2R La Mondiale pour afficher ses nouvelles ambitions dans le cyclisme professionnel - vof-news.eu<\/title>\n<meta name=\"description\" content=\"C\u2019est une page du cyclisme professionnel fran\u00e7ais qui se tourne et, avec elle, une c\u00e9l\u00e8bre marque qui s\u2019efface. A l\u2019issue de la saison 2025, AG2R La Mondiale cessera ses activit\u00e9s de sponsor de l\u2019actuelle \u00e9quipe Decathlon-AG2R La Mondiale, comme l\u2019a annonc\u00e9, lundi 7\u00a0juillet, dans la matin\u00e9e, la formation tricolore dans un communiqu\u00e9. Cette mise en retrait s\u2019accompagne d\u2019un changement d\u2019actionnaire chez France Cyclisme, la structure juridique de l\u2019\u00e9quipe, d\u00e9tenue depuis 2022 par AG2R La Mondiale\u00a0: Decathlon en sera d\u00e9sormais seul propri\u00e9taire.   Cette annonce ne prendra effet que dans plusieurs mois, mais devrait d\u00e9j\u00e0 faire r\u00e9agir le peloton qui doit s\u2019\u00e9lancer, lundi, pour la 3\u1d49 \u00e9tape du Tour de France, entre Valenciennes et Dunkerque (Nord). Elle acte en effet la nouvelle dimension prise par la formation bas\u00e9e \u00e0 Chamb\u00e9ry (Savoie), dont les ambitions sont de plus en plus grandes depuis l\u2019arriv\u00e9e de Decathlon comme sponsor principal, en\u00a02024. Pr\u00e8s de trente ans apr\u00e8s son entr\u00e9e sur le circuit du cyclisme, AG2R La Mondiale va donc se retirer du peloton. L\u2019assureur \u00e9tait devenu partenaire de la formation\u00a0en\u00a01997 et sponsor principal \u00e0 partir de 2000. Decathlon est charg\u00e9 de prendre la suite. Seul, avant l\u2019arriv\u00e9e esp\u00e9r\u00e9e d\u2019un nouveau cosponsor. , assure Fabrice Heyri\u00e8s, directeur g\u00e9n\u00e9ral d\u2019AG2R La Mondiale, cit\u00e9 dans le communiqu\u00e9. Il vous reste 73.95% de cet article \u00e0 lire. La suite est r\u00e9serv\u00e9e aux abonn\u00e9s.\" \/>\n<meta name=\"robots\" content=\"noindex, follow, max-snippet:-1, max-image-preview:large, max-video-preview:-1\" \/>\n<meta property=\"og:locale\" content=\"fr_FR\" \/>\n<meta property=\"og:type\" content=\"article\" \/>\n<meta property=\"og:title\" content=\"Decathlon profite du d\u00e9part d\u2019AG2R La Mondiale pour afficher ses nouvelles ambitions dans le cyclisme professionnel - vof-news.eu\" \/>\n<meta property=\"og:description\" content=\"C\u2019est une page du cyclisme professionnel fran\u00e7ais qui se tourne et, avec elle, une c\u00e9l\u00e8bre marque qui s\u2019efface. A l\u2019issue de la saison 2025, AG2R La Mondiale cessera ses activit\u00e9s de sponsor de l\u2019actuelle \u00e9quipe Decathlon-AG2R La Mondiale, comme l\u2019a annonc\u00e9, lundi 7\u00a0juillet, dans la matin\u00e9e, la formation tricolore dans un communiqu\u00e9. Cette mise en retrait s\u2019accompagne d\u2019un changement d\u2019actionnaire chez France Cyclisme, la structure juridique de l\u2019\u00e9quipe, d\u00e9tenue depuis 2022 par AG2R La Mondiale\u00a0: Decathlon en sera d\u00e9sormais seul propri\u00e9taire.   Cette annonce ne prendra effet que dans plusieurs mois, mais devrait d\u00e9j\u00e0 faire r\u00e9agir le peloton qui doit s\u2019\u00e9lancer, lundi, pour la 3\u1d49 \u00e9tape du Tour de France, entre Valenciennes et Dunkerque (Nord). Elle acte en effet la nouvelle dimension prise par la formation bas\u00e9e \u00e0 Chamb\u00e9ry (Savoie), dont les ambitions sont de plus en plus grandes depuis l\u2019arriv\u00e9e de Decathlon comme sponsor principal, en\u00a02024. Pr\u00e8s de trente ans apr\u00e8s son entr\u00e9e sur le circuit du cyclisme, AG2R La Mondiale va donc se retirer du peloton. L\u2019assureur \u00e9tait devenu partenaire de la formation\u00a0en\u00a01997 et sponsor principal \u00e0 partir de 2000. Decathlon est charg\u00e9 de prendre la suite. Seul, avant l\u2019arriv\u00e9e esp\u00e9r\u00e9e d\u2019un nouveau cosponsor. , assure Fabrice Heyri\u00e8s, directeur g\u00e9n\u00e9ral d\u2019AG2R La Mondiale, cit\u00e9 dans le communiqu\u00e9. Il vous reste 73.95% de cet article \u00e0 lire. La suite est r\u00e9serv\u00e9e aux abonn\u00e9s.\" \/>\n<meta property=\"og:url\" content=\"https:\/\/vof-news.eu\/fr\/decathlon-profite-du-depart-dag2r-la-mondiale-pour-afficher-ses-nouvelles-ambitions-dans-le-cyclisme-professionnel\/\" \/>\n<meta property=\"og:site_name\" content=\"vof-news.eu\" \/>\n<meta property=\"article:published_time\" content=\"2025-07-07T10:35:35+00:00\" \/>\n<meta property=\"article:modified_time\" content=\"2025-07-07T10:35:50+00:00\" \/>\n<meta property=\"og:image\" content=\"https:\/\/vof-news.eu\/wp-content\/uploads\/2025\/07\/c30b387_ftp-import-images-1-o1laggb7mhim-5320566-01-06.jpg\" \/>\n\t<meta property=\"og:image:width\" content=\"664\" \/>\n\t<meta property=\"og:image:height\" content=\"443\" \/>\n\t<meta property=\"og:image:type\" content=\"image\/jpeg\" \/>\n<meta name=\"author\" content=\"Author\" \/>\n<meta name=\"twitter:card\" content=\"summary_large_image\" \/>\n<meta name=\"twitter:label1\" content=\"\u00c9crit par\" \/>\n\t<meta name=\"twitter:data1\" content=\"Author\" \/>\n\t<meta name=\"twitter:label2\" content=\"Dur\u00e9e de lecture estim\u00e9e\" \/>\n\t<meta name=\"twitter:data2\" content=\"1 minute\" \/>\n<script type=\"application\/ld+json\" class=\"yoast-schema-graph\">{\"@context\":\"https:\/\/schema.org\",\"@graph\":[{\"@type\":\"WebPage\",\"@id\":\"https:\/\/vof-news.eu\/fr\/decathlon-profite-du-depart-dag2r-la-mondiale-pour-afficher-ses-nouvelles-ambitions-dans-le-cyclisme-professionnel\/\",\"url\":\"https:\/\/vof-news.eu\/fr\/decathlon-profite-du-depart-dag2r-la-mondiale-pour-afficher-ses-nouvelles-ambitions-dans-le-cyclisme-professionnel\/\",\"name\":\"Decathlon profite du d\u00e9part d\u2019AG2R La Mondiale pour afficher ses nouvelles ambitions dans le cyclisme professionnel - vof-news.eu\",\"isPartOf\":{\"@id\":\"https:\/\/vof-news.eu\/fr\/#website\"},\"primaryImageOfPage\":{\"@id\":\"https:\/\/vof-news.eu\/fr\/decathlon-profite-du-depart-dag2r-la-mondiale-pour-afficher-ses-nouvelles-ambitions-dans-le-cyclisme-professionnel\/#primaryimage\"},\"image\":{\"@id\":\"https:\/\/vof-news.eu\/fr\/decathlon-profite-du-depart-dag2r-la-mondiale-pour-afficher-ses-nouvelles-ambitions-dans-le-cyclisme-professionnel\/#primaryimage\"},\"thumbnailUrl\":\"https:\/\/vof-news.eu\/wp-content\/uploads\/2025\/07\/c30b387_ftp-import-images-1-o1laggb7mhim-5320566-01-06.jpg\",\"datePublished\":\"2025-07-07T10:35:35+00:00\",\"dateModified\":\"2025-07-07T10:35:50+00:00\",\"author\":{\"@id\":\"https:\/\/vof-news.eu\/fr\/#\/schema\/person\/f6a2a4309f0561835797fd8c19b333ed\"},\"description\":\"C\u2019est une page du cyclisme professionnel fran\u00e7ais qui se tourne et, avec elle, une c\u00e9l\u00e8bre marque qui s\u2019efface. A l\u2019issue de la saison 2025, AG2R La Mondiale cessera ses activit\u00e9s de sponsor de l\u2019actuelle \u00e9quipe Decathlon-AG2R La Mondiale, comme l\u2019a annonc\u00e9, lundi 7\u00a0juillet, dans la matin\u00e9e, la formation tricolore dans un communiqu\u00e9. Cette mise en retrait s\u2019accompagne d\u2019un changement d\u2019actionnaire chez France Cyclisme, la structure juridique de l\u2019\u00e9quipe, d\u00e9tenue depuis 2022 par AG2R La Mondiale\u00a0: Decathlon en sera d\u00e9sormais seul propri\u00e9taire. Cette annonce ne prendra effet que dans plusieurs mois, mais devrait d\u00e9j\u00e0 faire r\u00e9agir le peloton qui doit s\u2019\u00e9lancer, lundi, pour la 3\u1d49 \u00e9tape du Tour de France, entre Valenciennes et Dunkerque (Nord). Elle acte en effet la nouvelle dimension prise par la formation bas\u00e9e \u00e0 Chamb\u00e9ry (Savoie), dont les ambitions sont de plus en plus grandes depuis l\u2019arriv\u00e9e de Decathlon comme sponsor principal, en\u00a02024. Pr\u00e8s de trente ans apr\u00e8s son entr\u00e9e sur le circuit du cyclisme, AG2R La Mondiale va donc se retirer du peloton. L\u2019assureur \u00e9tait devenu partenaire de la formation\u00a0en\u00a01997 et sponsor principal \u00e0 partir de 2000. Decathlon est charg\u00e9 de prendre la suite. Seul, avant l\u2019arriv\u00e9e esp\u00e9r\u00e9e d\u2019un nouveau cosponsor. , assure Fabrice Heyri\u00e8s, directeur g\u00e9n\u00e9ral d\u2019AG2R La Mondiale, cit\u00e9 dans le communiqu\u00e9. Il vous reste 73.95% de cet article \u00e0 lire. La suite est r\u00e9serv\u00e9e aux abonn\u00e9s.\",\"breadcrumb\":{\"@id\":\"https:\/\/vof-news.eu\/fr\/decathlon-profite-du-depart-dag2r-la-mondiale-pour-afficher-ses-nouvelles-ambitions-dans-le-cyclisme-professionnel\/#breadcrumb\"},\"inLanguage\":\"fr-FR\",\"potentialAction\":[{\"@type\":\"ReadAction\",\"target\":[\"https:\/\/vof-news.eu\/fr\/decathlon-profite-du-depart-dag2r-la-mondiale-pour-afficher-ses-nouvelles-ambitions-dans-le-cyclisme-professionnel\/\"]}]},{\"@type\":\"ImageObject\",\"inLanguage\":\"fr-FR\",\"@id\":\"https:\/\/vof-news.eu\/fr\/decathlon-profite-du-depart-dag2r-la-mondiale-pour-afficher-ses-nouvelles-ambitions-dans-le-cyclisme-professionnel\/#primaryimage\",\"url\":\"https:\/\/vof-news.eu\/wp-content\/uploads\/2025\/07\/c30b387_ftp-import-images-1-o1laggb7mhim-5320566-01-06.jpg\",\"contentUrl\":\"https:\/\/vof-news.eu\/wp-content\/uploads\/2025\/07\/c30b387_ftp-import-images-1-o1laggb7mhim-5320566-01-06.jpg\",\"width\":664,\"height\":443},{\"@type\":\"BreadcrumbList\",\"@id\":\"https:\/\/vof-news.eu\/fr\/decathlon-profite-du-depart-dag2r-la-mondiale-pour-afficher-ses-nouvelles-ambitions-dans-le-cyclisme-professionnel\/#breadcrumb\",\"itemListElement\":[{\"@type\":\"ListItem\",\"position\":1,\"name\":\"Home\",\"item\":\"https:\/\/vof-news.eu\/fr\/\"},{\"@type\":\"ListItem\",\"position\":2,\"name\":\"Decathlon profite du d\u00e9part d\u2019AG2R La Mondiale pour afficher ses nouvelles ambitions dans le cyclisme professionnel\"}]},{\"@type\":\"WebSite\",\"@id\":\"https:\/\/vof-news.eu\/fr\/#website\",\"url\":\"https:\/\/vof-news.eu\/fr\/\",\"name\":\"vof-news.eu\",\"description\":\"\",\"potentialAction\":[{\"@type\":\"SearchAction\",\"target\":{\"@type\":\"EntryPoint\",\"urlTemplate\":\"https:\/\/vof-news.eu\/fr\/?s={search_term_string}\"},\"query-input\":\"required name=search_term_string\"}],\"inLanguage\":\"fr-FR\"},{\"@type\":\"Person\",\"@id\":\"https:\/\/vof-news.eu\/fr\/#\/schema\/person\/f6a2a4309f0561835797fd8c19b333ed\",\"name\":\"Author\",\"image\":{\"@type\":\"ImageObject\",\"inLanguage\":\"fr-FR\",\"@id\":\"https:\/\/vof-news.eu\/fr\/#\/schema\/person\/image\/\",\"url\":\"https:\/\/secure.gravatar.com\/avatar\/b67e614b1b25b3e9c0c239efdd2fde5ab015b5affd6f1c3c85911ca4b384e790?s=96&d=mm&r=g\",\"contentUrl\":\"https:\/\/secure.gravatar.com\/avatar\/b67e614b1b25b3e9c0c239efdd2fde5ab015b5affd6f1c3c85911ca4b384e790?s=96&d=mm&r=g\",\"caption\":\"Author\"},\"sameAs\":[\"http:\/\/vof-news.eu\"],\"url\":\"https:\/\/vof-news.eu\/fr\/author\/zwt6qxnjulxbnyg\/\"}]}<\/script>\n<!-- \/ Yoast SEO plugin. -->","yoast_head_json":{"title":"Decathlon profite du d\u00e9part d\u2019AG2R La Mondiale pour afficher ses nouvelles ambitions dans le cyclisme professionnel - vof-news.eu","description":"C\u2019est une page du cyclisme professionnel fran\u00e7ais qui se tourne et, avec elle, une c\u00e9l\u00e8bre marque qui s\u2019efface. A l\u2019issue de la saison 2025, AG2R La Mondiale cessera ses activit\u00e9s de sponsor de l\u2019actuelle \u00e9quipe Decathlon-AG2R La Mondiale, comme l\u2019a annonc\u00e9, lundi 7\u00a0juillet, dans la matin\u00e9e, la formation tricolore dans un communiqu\u00e9. Cette mise en retrait s\u2019accompagne d\u2019un changement d\u2019actionnaire chez France Cyclisme, la structure juridique de l\u2019\u00e9quipe, d\u00e9tenue depuis 2022 par AG2R La Mondiale\u00a0: Decathlon en sera d\u00e9sormais seul propri\u00e9taire.   Cette annonce ne prendra effet que dans plusieurs mois, mais devrait d\u00e9j\u00e0 faire r\u00e9agir le peloton qui doit s\u2019\u00e9lancer, lundi, pour la 3\u1d49 \u00e9tape du Tour de France, entre Valenciennes et Dunkerque (Nord). Elle acte en effet la nouvelle dimension prise par la formation bas\u00e9e \u00e0 Chamb\u00e9ry (Savoie), dont les ambitions sont de plus en plus grandes depuis l\u2019arriv\u00e9e de Decathlon comme sponsor principal, en\u00a02024. Pr\u00e8s de trente ans apr\u00e8s son entr\u00e9e sur le circuit du cyclisme, AG2R La Mondiale va donc se retirer du peloton. L\u2019assureur \u00e9tait devenu partenaire de la formation\u00a0en\u00a01997 et sponsor principal \u00e0 partir de 2000. Decathlon est charg\u00e9 de prendre la suite. Seul, avant l\u2019arriv\u00e9e esp\u00e9r\u00e9e d\u2019un nouveau cosponsor. , assure Fabrice Heyri\u00e8s, directeur g\u00e9n\u00e9ral d\u2019AG2R La Mondiale, cit\u00e9 dans le communiqu\u00e9. Il vous reste 73.95% de cet article \u00e0 lire. La suite est r\u00e9serv\u00e9e aux abonn\u00e9s.","robots":{"index":"noindex","follow":"follow","max-snippet":"max-snippet:-1","max-image-preview":"max-image-preview:large","max-video-preview":"max-video-preview:-1"},"og_locale":"fr_FR","og_type":"article","og_title":"Decathlon profite du d\u00e9part d\u2019AG2R La Mondiale pour afficher ses nouvelles ambitions dans le cyclisme professionnel - vof-news.eu","og_description":"C\u2019est une page du cyclisme professionnel fran\u00e7ais qui se tourne et, avec elle, une c\u00e9l\u00e8bre marque qui s\u2019efface. A l\u2019issue de la saison 2025, AG2R La Mondiale cessera ses activit\u00e9s de sponsor de l\u2019actuelle \u00e9quipe Decathlon-AG2R La Mondiale, comme l\u2019a annonc\u00e9, lundi 7\u00a0juillet, dans la matin\u00e9e, la formation tricolore dans un communiqu\u00e9. Cette mise en retrait s\u2019accompagne d\u2019un changement d\u2019actionnaire chez France Cyclisme, la structure juridique de l\u2019\u00e9quipe, d\u00e9tenue depuis 2022 par AG2R La Mondiale\u00a0: Decathlon en sera d\u00e9sormais seul propri\u00e9taire.   Cette annonce ne prendra effet que dans plusieurs mois, mais devrait d\u00e9j\u00e0 faire r\u00e9agir le peloton qui doit s\u2019\u00e9lancer, lundi, pour la 3\u1d49 \u00e9tape du Tour de France, entre Valenciennes et Dunkerque (Nord). Elle acte en effet la nouvelle dimension prise par la formation bas\u00e9e \u00e0 Chamb\u00e9ry (Savoie), dont les ambitions sont de plus en plus grandes depuis l\u2019arriv\u00e9e de Decathlon comme sponsor principal, en\u00a02024. Pr\u00e8s de trente ans apr\u00e8s son entr\u00e9e sur le circuit du cyclisme, AG2R La Mondiale va donc se retirer du peloton. L\u2019assureur \u00e9tait devenu partenaire de la formation\u00a0en\u00a01997 et sponsor principal \u00e0 partir de 2000. Decathlon est charg\u00e9 de prendre la suite. Seul, avant l\u2019arriv\u00e9e esp\u00e9r\u00e9e d\u2019un nouveau cosponsor. , assure Fabrice Heyri\u00e8s, directeur g\u00e9n\u00e9ral d\u2019AG2R La Mondiale, cit\u00e9 dans le communiqu\u00e9. Il vous reste 73.95% de cet article \u00e0 lire. La suite est r\u00e9serv\u00e9e aux abonn\u00e9s.","og_url":"https:\/\/vof-news.eu\/fr\/decathlon-profite-du-depart-dag2r-la-mondiale-pour-afficher-ses-nouvelles-ambitions-dans-le-cyclisme-professionnel\/","og_site_name":"vof-news.eu","article_published_time":"2025-07-07T10:35:35+00:00","article_modified_time":"2025-07-07T10:35:50+00:00","og_image":[{"width":664,"height":443,"url":"https:\/\/vof-news.eu\/wp-content\/uploads\/2025\/07\/c30b387_ftp-import-images-1-o1laggb7mhim-5320566-01-06.jpg","type":"image\/jpeg"}],"author":"Author","twitter_card":"summary_large_image","twitter_misc":{"\u00c9crit par":"Author","Dur\u00e9e de lecture estim\u00e9e":"1 minute"},"schema":{"@context":"https:\/\/schema.org","@graph":[{"@type":"WebPage","@id":"https:\/\/vof-news.eu\/fr\/decathlon-profite-du-depart-dag2r-la-mondiale-pour-afficher-ses-nouvelles-ambitions-dans-le-cyclisme-professionnel\/","url":"https:\/\/vof-news.eu\/fr\/decathlon-profite-du-depart-dag2r-la-mondiale-pour-afficher-ses-nouvelles-ambitions-dans-le-cyclisme-professionnel\/","name":"Decathlon profite du d\u00e9part d\u2019AG2R La Mondiale pour afficher ses nouvelles ambitions dans le cyclisme professionnel - vof-news.eu","isPartOf":{"@id":"https:\/\/vof-news.eu\/fr\/#website"},"primaryImageOfPage":{"@id":"https:\/\/vof-news.eu\/fr\/decathlon-profite-du-depart-dag2r-la-mondiale-pour-afficher-ses-nouvelles-ambitions-dans-le-cyclisme-professionnel\/#primaryimage"},"image":{"@id":"https:\/\/vof-news.eu\/fr\/decathlon-profite-du-depart-dag2r-la-mondiale-pour-afficher-ses-nouvelles-ambitions-dans-le-cyclisme-professionnel\/#primaryimage"},"thumbnailUrl":"https:\/\/vof-news.eu\/wp-content\/uploads\/2025\/07\/c30b387_ftp-import-images-1-o1laggb7mhim-5320566-01-06.jpg","datePublished":"2025-07-07T10:35:35+00:00","dateModified":"2025-07-07T10:35:50+00:00","author":{"@id":"https:\/\/vof-news.eu\/fr\/#\/schema\/person\/f6a2a4309f0561835797fd8c19b333ed"},"description":"C\u2019est une page du cyclisme professionnel fran\u00e7ais qui se tourne et, avec elle, une c\u00e9l\u00e8bre marque qui s\u2019efface. A l\u2019issue de la saison 2025, AG2R La Mondiale cessera ses activit\u00e9s de sponsor de l\u2019actuelle \u00e9quipe Decathlon-AG2R La Mondiale, comme l\u2019a annonc\u00e9, lundi 7\u00a0juillet, dans la matin\u00e9e, la formation tricolore dans un communiqu\u00e9. Cette mise en retrait s\u2019accompagne d\u2019un changement d\u2019actionnaire chez France Cyclisme, la structure juridique de l\u2019\u00e9quipe, d\u00e9tenue depuis 2022 par AG2R La Mondiale\u00a0: Decathlon en sera d\u00e9sormais seul propri\u00e9taire. Cette annonce ne prendra effet que dans plusieurs mois, mais devrait d\u00e9j\u00e0 faire r\u00e9agir le peloton qui doit s\u2019\u00e9lancer, lundi, pour la 3\u1d49 \u00e9tape du Tour de France, entre Valenciennes et Dunkerque (Nord). Elle acte en effet la nouvelle dimension prise par la formation bas\u00e9e \u00e0 Chamb\u00e9ry (Savoie), dont les ambitions sont de plus en plus grandes depuis l\u2019arriv\u00e9e de Decathlon comme sponsor principal, en\u00a02024. Pr\u00e8s de trente ans apr\u00e8s son entr\u00e9e sur le circuit du cyclisme, AG2R La Mondiale va donc se retirer du peloton. L\u2019assureur \u00e9tait devenu partenaire de la formation\u00a0en\u00a01997 et sponsor principal \u00e0 partir de 2000. Decathlon est charg\u00e9 de prendre la suite. Seul, avant l\u2019arriv\u00e9e esp\u00e9r\u00e9e d\u2019un nouveau cosponsor. , assure Fabrice Heyri\u00e8s, directeur g\u00e9n\u00e9ral d\u2019AG2R La Mondiale, cit\u00e9 dans le communiqu\u00e9. Il vous reste 73.95% de cet article \u00e0 lire. La suite est r\u00e9serv\u00e9e aux abonn\u00e9s.","breadcrumb":{"@id":"https:\/\/vof-news.eu\/fr\/decathlon-profite-du-depart-dag2r-la-mondiale-pour-afficher-ses-nouvelles-ambitions-dans-le-cyclisme-professionnel\/#breadcrumb"},"inLanguage":"fr-FR","potentialAction":[{"@type":"ReadAction","target":["https:\/\/vof-news.eu\/fr\/decathlon-profite-du-depart-dag2r-la-mondiale-pour-afficher-ses-nouvelles-ambitions-dans-le-cyclisme-professionnel\/"]}]},{"@type":"ImageObject","inLanguage":"fr-FR","@id":"https:\/\/vof-news.eu\/fr\/decathlon-profite-du-depart-dag2r-la-mondiale-pour-afficher-ses-nouvelles-ambitions-dans-le-cyclisme-professionnel\/#primaryimage","url":"https:\/\/vof-news.eu\/wp-content\/uploads\/2025\/07\/c30b387_ftp-import-images-1-o1laggb7mhim-5320566-01-06.jpg","contentUrl":"https:\/\/vof-news.eu\/wp-content\/uploads\/2025\/07\/c30b387_ftp-import-images-1-o1laggb7mhim-5320566-01-06.jpg","width":664,"height":443},{"@type":"BreadcrumbList","@id":"https:\/\/vof-news.eu\/fr\/decathlon-profite-du-depart-dag2r-la-mondiale-pour-afficher-ses-nouvelles-ambitions-dans-le-cyclisme-professionnel\/#breadcrumb","itemListElement":[{"@type":"ListItem","position":1,"name":"Home","item":"https:\/\/vof-news.eu\/fr\/"},{"@type":"ListItem","position":2,"name":"Decathlon profite du d\u00e9part d\u2019AG2R La Mondiale pour afficher ses nouvelles ambitions dans le cyclisme professionnel"}]},{"@type":"WebSite","@id":"https:\/\/vof-news.eu\/fr\/#website","url":"https:\/\/vof-news.eu\/fr\/","name":"vof-news.eu","description":"","potentialAction":[{"@type":"SearchAction","target":{"@type":"EntryPoint","urlTemplate":"https:\/\/vof-news.eu\/fr\/?s={search_term_string}"},"query-input":"required name=search_term_string"}],"inLanguage":"fr-FR"},{"@type":"Person","@id":"https:\/\/vof-news.eu\/fr\/#\/schema\/person\/f6a2a4309f0561835797fd8c19b333ed","name":"Author","image":{"@type":"ImageObject","inLanguage":"fr-FR","@id":"https:\/\/vof-news.eu\/fr\/#\/schema\/person\/image\/","url":"https:\/\/secure.gravatar.com\/avatar\/b67e614b1b25b3e9c0c239efdd2fde5ab015b5affd6f1c3c85911ca4b384e790?s=96&d=mm&r=g","contentUrl":"https:\/\/secure.gravatar.com\/avatar\/b67e614b1b25b3e9c0c239efdd2fde5ab015b5affd6f1c3c85911ca4b384e790?s=96&d=mm&r=g","caption":"Author"},"sameAs":["http:\/\/vof-news.eu"],"url":"https:\/\/vof-news.eu\/fr\/author\/zwt6qxnjulxbnyg\/"}]}},"yoast_meta":{"yoast_wpseo_title":"","yoast_wpseo_metadesc":"","yoast_wpseo_canonical":""},"_links":{"self":[{"href":"https:\/\/vof-news.eu\/fr\/wp-json\/wp\/v2\/posts\/248738","targetHints":{"allow":["GET"]}}],"collection":[{"href":"https:\/\/vof-news.eu\/fr\/wp-json\/wp\/v2\/posts"}],"about":[{"href":"https:\/\/vof-news.eu\/fr\/wp-json\/wp\/v2\/types\/post"}],"author":[{"embeddable":true,"href":"https:\/\/vof-news.eu\/fr\/wp-json\/wp\/v2\/users\/1"}],"replies":[{"embeddable":true,"href":"https:\/\/vof-news.eu\/fr\/wp-json\/wp\/v2\/comments?post=248738"}],"version-history":[{"count":1,"href":"https:\/\/vof-news.eu\/fr\/wp-json\/wp\/v2\/posts\/248738\/revisions"}],"predecessor-version":[{"id":248745,"href":"https:\/\/vof-news.eu\/fr\/wp-json\/wp\/v2\/posts\/248738\/revisions\/248745"}],"wp:featuredmedia":[{"embeddable":true,"href":"https:\/\/vof-news.eu\/fr\/wp-json\/wp\/v2\/media\/248739"}],"wp:attachment":[{"href":"https:\/\/vof-news.eu\/fr\/wp-json\/wp\/v2\/media?parent=248738"}],"wp:term":[{"taxonomy":"category","embeddable":true,"href":"https:\/\/vof-news.eu\/fr\/wp-json\/wp\/v2\/categories?post=248738"},{"taxonomy":"post_tag","embeddable":true,"href":"https:\/\/vof-news.eu\/fr\/wp-json\/wp\/v2\/tags?post=248738"}],"curies":[{"name":"wp","href":"https:\/\/api.w.org\/{rel}","templated":true}]}}