{"id":248616,"date":"2025-07-07T09:32:16","date_gmt":"2025-07-07T06:32:16","guid":{"rendered":"https:\/\/vof-news.eu\/tour-de-france-2025-le-parcours-de-la-troisieme-etape\/"},"modified":"2025-07-07T09:32:39","modified_gmt":"2025-07-07T06:32:39","slug":"tour-de-france-2025-le-parcours-de-la-troisieme-etape","status":"publish","type":"post","link":"https:\/\/vof-news.eu\/fr\/tour-de-france-2025-le-parcours-de-la-troisieme-etape\/","title":{"rendered":"Tour de France 2025\u00a0: le parcours de la troisi\u00e8me \u00e9tape"},"content":{"rendered":"<article>\n<p>La troisi\u00e8me \u00e9tape de la Grande Boucle 2025, lundi 7\u00a0juillet, continue d\u2019arpenter le nord de l\u2019Hexagone, avec un parcours s\u2019\u00e9tendant de Valenciennes \u00e0 Dunkerque, dans les d\u00e9partements du Nord et du Pas-de-Calais.<\/p>\n<p>Le d\u00e9part aura lieu aux alentours de 13\u00a0h\u00a025. Les 140\u00a0premiers kilom\u00e8tres (sur 178,3) sont globalement plats. Le parcours ne compte qu\u2019une seule difficult\u00e9, le mont Cassel, r\u00e9pertori\u00e9 en 4<sup>e<\/sup> cat\u00e9gorie (2,3\u00a0kilom\u00e8tres \u00e0 3,8\u00a0%). Mais le trac\u00e9 pourrait favoriser les coups de bordure, en raison de son exposition aux vents, et augurer d\u2019une fin d\u2019\u00e9tape tendue. Le profil du parcours est favorable aux sprinteurs, dont les \u00e9quipes devraient s\u2019efforcer de condamner toute potentielle \u00e9chapp\u00e9e.<\/p>\n<section>\n<p> <span><a href=\"https:\/\/www.lemonde.fr\/signataires\/service-sports\/\" rel=\"nofollow\"> <span>Service Sports<\/span><\/a><\/span> <\/p>\n<\/section>\n<section>\n<section>\n<header>   <\/header>\n<section>\n<section> <a href=\"https:\/\/abo.lemonde.fr\/?lmd_medium=BOUTONS_LMFR&amp;lmd_campaign=CONTRIBUTION_ARTICLE\" rel=\"nofollow\">S\u2019abonner<\/a> <\/section>\n<\/section>\n<section><\/section>\n<\/section>\n<p>Contribuer<\/p>\n<p> <a href=\"https:\/\/www.lemonde.fr\/syndication\/\" rel=\"nofollow\">R\u00e9utiliser ce contenu<\/a> <\/section>\n<\/article>\n","protected":false},"excerpt":{"rendered":"<p>La troisi\u00e8me \u00e9tape de la Grande Boucle 2025, lundi 7\u00a0juillet, continue d\u2019arpenter le nord de l\u2019Hexagone, avec un parcours s\u2019\u00e9tendant de Valenciennes \u00e0 Dunkerque, dans les d\u00e9partements du Nord et du Pas-de-Calais. Le d\u00e9part aura lieu aux alentours de 13\u00a0h\u00a025. Les 140\u00a0premiers kilom\u00e8tres (sur 178,3) sont globalement plats. Le parcours ne compte qu\u2019une seule difficult\u00e9,<\/p>\n","protected":false},"author":1,"featured_media":248617,"comment_status":"open","ping_status":"open","sticky":false,"template":"","format":"standard","meta":{"footnotes":""},"categories":[73],"tags":[],"class_list":["post-248616","post","type-post","status-publish","format-standard","has-post-thumbnail","hentry","category-sport-fr"],"acf":[],"yoast_head":"<!-- This site is optimized with the Yoast SEO plugin v22.9 - https:\/\/yoast.com\/wordpress\/plugins\/seo\/ -->\n<title>Tour de France 2025\u00a0: le parcours de la troisi\u00e8me \u00e9tape - vof-news.eu<\/title>\n<meta name=\"description\" content=\"La troisi\u00e8me \u00e9tape de la Grande Boucle 2025, lundi 7\u00a0juillet, continue d\u2019arpenter le nord de l\u2019Hexagone, avec un parcours s\u2019\u00e9tendant de Valenciennes \u00e0 Dunkerque, dans les d\u00e9partements du Nord et du Pas-de-Calais. Le d\u00e9part aura lieu aux alentours de 13\u00a0h\u00a025. Les 140\u00a0premiers kilom\u00e8tres (sur 178,3) sont globalement plats. Le parcours ne compte qu\u2019une seule difficult\u00e9, le mont Cassel, r\u00e9pertori\u00e9 en 4e cat\u00e9gorie (2,3\u00a0kilom\u00e8tres \u00e0 3,8\u00a0%). Mais le trac\u00e9 pourrait favoriser les coups de bordure, en raison de son exposition aux vents, et augurer d\u2019une fin d\u2019\u00e9tape tendue. Le profil du parcours est favorable aux sprinteurs, dont les \u00e9quipes devraient s\u2019efforcer de condamner toute potentielle \u00e9chapp\u00e9e.  Service Sports      S\u2019abonner   Contribuer R\u00e9utiliser ce contenu\" \/>\n<meta name=\"robots\" content=\"noindex, follow, max-snippet:-1, max-image-preview:large, max-video-preview:-1\" \/>\n<meta property=\"og:locale\" content=\"fr_FR\" \/>\n<meta property=\"og:type\" content=\"article\" \/>\n<meta property=\"og:title\" content=\"Tour de France 2025\u00a0: le parcours de la troisi\u00e8me \u00e9tape - vof-news.eu\" \/>\n<meta property=\"og:description\" content=\"La troisi\u00e8me \u00e9tape de la Grande Boucle 2025, lundi 7\u00a0juillet, continue d\u2019arpenter le nord de l\u2019Hexagone, avec un parcours s\u2019\u00e9tendant de Valenciennes \u00e0 Dunkerque, dans les d\u00e9partements du Nord et du Pas-de-Calais. Le d\u00e9part aura lieu aux alentours de 13\u00a0h\u00a025. Les 140\u00a0premiers kilom\u00e8tres (sur 178,3) sont globalement plats. Le parcours ne compte qu\u2019une seule difficult\u00e9, le mont Cassel, r\u00e9pertori\u00e9 en 4e cat\u00e9gorie (2,3\u00a0kilom\u00e8tres \u00e0 3,8\u00a0%). Mais le trac\u00e9 pourrait favoriser les coups de bordure, en raison de son exposition aux vents, et augurer d\u2019une fin d\u2019\u00e9tape tendue. Le profil du parcours est favorable aux sprinteurs, dont les \u00e9quipes devraient s\u2019efforcer de condamner toute potentielle \u00e9chapp\u00e9e.  Service Sports      S\u2019abonner   Contribuer R\u00e9utiliser ce contenu\" \/>\n<meta property=\"og:url\" content=\"https:\/\/vof-news.eu\/fr\/tour-de-france-2025-le-parcours-de-la-troisieme-etape\/\" \/>\n<meta property=\"og:site_name\" content=\"vof-news.eu\" \/>\n<meta property=\"article:published_time\" content=\"2025-07-07T06:32:16+00:00\" \/>\n<meta property=\"article:modified_time\" content=\"2025-07-07T06:32:39+00:00\" \/>\n<meta property=\"og:image\" content=\"https:\/\/vof-news.eu\/wp-content\/uploads\/2025\/07\/3deb694_upload-1-xhgd6ya1nsaz-tdf25-profil-et03-page-0001.jpg\" \/>\n\t<meta property=\"og:image:width\" content=\"664\" \/>\n\t<meta property=\"og:image:height\" content=\"522\" \/>\n\t<meta property=\"og:image:type\" content=\"image\/jpeg\" \/>\n<meta name=\"author\" content=\"Author\" \/>\n<meta name=\"twitter:card\" content=\"summary_large_image\" \/>\n<meta name=\"twitter:label1\" content=\"\u00c9crit par\" \/>\n\t<meta name=\"twitter:data1\" content=\"Author\" \/>\n\t<meta name=\"twitter:label2\" content=\"Dur\u00e9e de lecture estim\u00e9e\" \/>\n\t<meta name=\"twitter:data2\" content=\"1 minute\" \/>\n<script type=\"application\/ld+json\" class=\"yoast-schema-graph\">{\"@context\":\"https:\/\/schema.org\",\"@graph\":[{\"@type\":\"WebPage\",\"@id\":\"https:\/\/vof-news.eu\/fr\/tour-de-france-2025-le-parcours-de-la-troisieme-etape\/\",\"url\":\"https:\/\/vof-news.eu\/fr\/tour-de-france-2025-le-parcours-de-la-troisieme-etape\/\",\"name\":\"Tour de France 2025\u00a0: le parcours de la troisi\u00e8me \u00e9tape - vof-news.eu\",\"isPartOf\":{\"@id\":\"https:\/\/vof-news.eu\/fr\/#website\"},\"primaryImageOfPage\":{\"@id\":\"https:\/\/vof-news.eu\/fr\/tour-de-france-2025-le-parcours-de-la-troisieme-etape\/#primaryimage\"},\"image\":{\"@id\":\"https:\/\/vof-news.eu\/fr\/tour-de-france-2025-le-parcours-de-la-troisieme-etape\/#primaryimage\"},\"thumbnailUrl\":\"https:\/\/vof-news.eu\/wp-content\/uploads\/2025\/07\/3deb694_upload-1-xhgd6ya1nsaz-tdf25-profil-et03-page-0001.jpg\",\"datePublished\":\"2025-07-07T06:32:16+00:00\",\"dateModified\":\"2025-07-07T06:32:39+00:00\",\"author\":{\"@id\":\"https:\/\/vof-news.eu\/fr\/#\/schema\/person\/f6a2a4309f0561835797fd8c19b333ed\"},\"description\":\"La troisi\u00e8me \u00e9tape de la Grande Boucle 2025, lundi 7\u00a0juillet, continue d\u2019arpenter le nord de l\u2019Hexagone, avec un parcours s\u2019\u00e9tendant de Valenciennes \u00e0 Dunkerque, dans les d\u00e9partements du Nord et du Pas-de-Calais. Le d\u00e9part aura lieu aux alentours de 13\u00a0h\u00a025. Les 140\u00a0premiers kilom\u00e8tres (sur 178,3) sont globalement plats. Le parcours ne compte qu\u2019une seule difficult\u00e9, le mont Cassel, r\u00e9pertori\u00e9 en 4e cat\u00e9gorie (2,3\u00a0kilom\u00e8tres \u00e0 3,8\u00a0%). Mais le trac\u00e9 pourrait favoriser les coups de bordure, en raison de son exposition aux vents, et augurer d\u2019une fin d\u2019\u00e9tape tendue. Le profil du parcours est favorable aux sprinteurs, dont les \u00e9quipes devraient s\u2019efforcer de condamner toute potentielle \u00e9chapp\u00e9e. Service Sports S\u2019abonner Contribuer R\u00e9utiliser ce contenu\",\"breadcrumb\":{\"@id\":\"https:\/\/vof-news.eu\/fr\/tour-de-france-2025-le-parcours-de-la-troisieme-etape\/#breadcrumb\"},\"inLanguage\":\"fr-FR\",\"potentialAction\":[{\"@type\":\"ReadAction\",\"target\":[\"https:\/\/vof-news.eu\/fr\/tour-de-france-2025-le-parcours-de-la-troisieme-etape\/\"]}]},{\"@type\":\"ImageObject\",\"inLanguage\":\"fr-FR\",\"@id\":\"https:\/\/vof-news.eu\/fr\/tour-de-france-2025-le-parcours-de-la-troisieme-etape\/#primaryimage\",\"url\":\"https:\/\/vof-news.eu\/wp-content\/uploads\/2025\/07\/3deb694_upload-1-xhgd6ya1nsaz-tdf25-profil-et03-page-0001.jpg\",\"contentUrl\":\"https:\/\/vof-news.eu\/wp-content\/uploads\/2025\/07\/3deb694_upload-1-xhgd6ya1nsaz-tdf25-profil-et03-page-0001.jpg\",\"width\":664,\"height\":522},{\"@type\":\"BreadcrumbList\",\"@id\":\"https:\/\/vof-news.eu\/fr\/tour-de-france-2025-le-parcours-de-la-troisieme-etape\/#breadcrumb\",\"itemListElement\":[{\"@type\":\"ListItem\",\"position\":1,\"name\":\"Home\",\"item\":\"https:\/\/vof-news.eu\/fr\/\"},{\"@type\":\"ListItem\",\"position\":2,\"name\":\"Tour de France 2025\u00a0: le parcours de la troisi\u00e8me \u00e9tape\"}]},{\"@type\":\"WebSite\",\"@id\":\"https:\/\/vof-news.eu\/fr\/#website\",\"url\":\"https:\/\/vof-news.eu\/fr\/\",\"name\":\"vof-news.eu\",\"description\":\"\",\"potentialAction\":[{\"@type\":\"SearchAction\",\"target\":{\"@type\":\"EntryPoint\",\"urlTemplate\":\"https:\/\/vof-news.eu\/fr\/?s={search_term_string}\"},\"query-input\":\"required name=search_term_string\"}],\"inLanguage\":\"fr-FR\"},{\"@type\":\"Person\",\"@id\":\"https:\/\/vof-news.eu\/fr\/#\/schema\/person\/f6a2a4309f0561835797fd8c19b333ed\",\"name\":\"Author\",\"image\":{\"@type\":\"ImageObject\",\"inLanguage\":\"fr-FR\",\"@id\":\"https:\/\/vof-news.eu\/fr\/#\/schema\/person\/image\/\",\"url\":\"https:\/\/secure.gravatar.com\/avatar\/b67e614b1b25b3e9c0c239efdd2fde5ab015b5affd6f1c3c85911ca4b384e790?s=96&d=mm&r=g\",\"contentUrl\":\"https:\/\/secure.gravatar.com\/avatar\/b67e614b1b25b3e9c0c239efdd2fde5ab015b5affd6f1c3c85911ca4b384e790?s=96&d=mm&r=g\",\"caption\":\"Author\"},\"sameAs\":[\"http:\/\/vof-news.eu\"],\"url\":\"https:\/\/vof-news.eu\/fr\/author\/zwt6qxnjulxbnyg\/\"}]}<\/script>\n<!-- \/ Yoast SEO plugin. -->","yoast_head_json":{"title":"Tour de France 2025\u00a0: le parcours de la troisi\u00e8me \u00e9tape - vof-news.eu","description":"La troisi\u00e8me \u00e9tape de la Grande Boucle 2025, lundi 7\u00a0juillet, continue d\u2019arpenter le nord de l\u2019Hexagone, avec un parcours s\u2019\u00e9tendant de Valenciennes \u00e0 Dunkerque, dans les d\u00e9partements du Nord et du Pas-de-Calais. Le d\u00e9part aura lieu aux alentours de 13\u00a0h\u00a025. Les 140\u00a0premiers kilom\u00e8tres (sur 178,3) sont globalement plats. Le parcours ne compte qu\u2019une seule difficult\u00e9, le mont Cassel, r\u00e9pertori\u00e9 en 4e cat\u00e9gorie (2,3\u00a0kilom\u00e8tres \u00e0 3,8\u00a0%). Mais le trac\u00e9 pourrait favoriser les coups de bordure, en raison de son exposition aux vents, et augurer d\u2019une fin d\u2019\u00e9tape tendue. Le profil du parcours est favorable aux sprinteurs, dont les \u00e9quipes devraient s\u2019efforcer de condamner toute potentielle \u00e9chapp\u00e9e.  Service Sports      S\u2019abonner   Contribuer R\u00e9utiliser ce contenu","robots":{"index":"noindex","follow":"follow","max-snippet":"max-snippet:-1","max-image-preview":"max-image-preview:large","max-video-preview":"max-video-preview:-1"},"og_locale":"fr_FR","og_type":"article","og_title":"Tour de France 2025\u00a0: le parcours de la troisi\u00e8me \u00e9tape - vof-news.eu","og_description":"La troisi\u00e8me \u00e9tape de la Grande Boucle 2025, lundi 7\u00a0juillet, continue d\u2019arpenter le nord de l\u2019Hexagone, avec un parcours s\u2019\u00e9tendant de Valenciennes \u00e0 Dunkerque, dans les d\u00e9partements du Nord et du Pas-de-Calais. Le d\u00e9part aura lieu aux alentours de 13\u00a0h\u00a025. Les 140\u00a0premiers kilom\u00e8tres (sur 178,3) sont globalement plats. Le parcours ne compte qu\u2019une seule difficult\u00e9, le mont Cassel, r\u00e9pertori\u00e9 en 4e cat\u00e9gorie (2,3\u00a0kilom\u00e8tres \u00e0 3,8\u00a0%). Mais le trac\u00e9 pourrait favoriser les coups de bordure, en raison de son exposition aux vents, et augurer d\u2019une fin d\u2019\u00e9tape tendue. Le profil du parcours est favorable aux sprinteurs, dont les \u00e9quipes devraient s\u2019efforcer de condamner toute potentielle \u00e9chapp\u00e9e.  Service Sports      S\u2019abonner   Contribuer R\u00e9utiliser ce contenu","og_url":"https:\/\/vof-news.eu\/fr\/tour-de-france-2025-le-parcours-de-la-troisieme-etape\/","og_site_name":"vof-news.eu","article_published_time":"2025-07-07T06:32:16+00:00","article_modified_time":"2025-07-07T06:32:39+00:00","og_image":[{"width":664,"height":522,"url":"https:\/\/vof-news.eu\/wp-content\/uploads\/2025\/07\/3deb694_upload-1-xhgd6ya1nsaz-tdf25-profil-et03-page-0001.jpg","type":"image\/jpeg"}],"author":"Author","twitter_card":"summary_large_image","twitter_misc":{"\u00c9crit par":"Author","Dur\u00e9e de lecture estim\u00e9e":"1 minute"},"schema":{"@context":"https:\/\/schema.org","@graph":[{"@type":"WebPage","@id":"https:\/\/vof-news.eu\/fr\/tour-de-france-2025-le-parcours-de-la-troisieme-etape\/","url":"https:\/\/vof-news.eu\/fr\/tour-de-france-2025-le-parcours-de-la-troisieme-etape\/","name":"Tour de France 2025\u00a0: le parcours de la troisi\u00e8me \u00e9tape - vof-news.eu","isPartOf":{"@id":"https:\/\/vof-news.eu\/fr\/#website"},"primaryImageOfPage":{"@id":"https:\/\/vof-news.eu\/fr\/tour-de-france-2025-le-parcours-de-la-troisieme-etape\/#primaryimage"},"image":{"@id":"https:\/\/vof-news.eu\/fr\/tour-de-france-2025-le-parcours-de-la-troisieme-etape\/#primaryimage"},"thumbnailUrl":"https:\/\/vof-news.eu\/wp-content\/uploads\/2025\/07\/3deb694_upload-1-xhgd6ya1nsaz-tdf25-profil-et03-page-0001.jpg","datePublished":"2025-07-07T06:32:16+00:00","dateModified":"2025-07-07T06:32:39+00:00","author":{"@id":"https:\/\/vof-news.eu\/fr\/#\/schema\/person\/f6a2a4309f0561835797fd8c19b333ed"},"description":"La troisi\u00e8me \u00e9tape de la Grande Boucle 2025, lundi 7\u00a0juillet, continue d\u2019arpenter le nord de l\u2019Hexagone, avec un parcours s\u2019\u00e9tendant de Valenciennes \u00e0 Dunkerque, dans les d\u00e9partements du Nord et du Pas-de-Calais. Le d\u00e9part aura lieu aux alentours de 13\u00a0h\u00a025. Les 140\u00a0premiers kilom\u00e8tres (sur 178,3) sont globalement plats. Le parcours ne compte qu\u2019une seule difficult\u00e9, le mont Cassel, r\u00e9pertori\u00e9 en 4e cat\u00e9gorie (2,3\u00a0kilom\u00e8tres \u00e0 3,8\u00a0%). Mais le trac\u00e9 pourrait favoriser les coups de bordure, en raison de son exposition aux vents, et augurer d\u2019une fin d\u2019\u00e9tape tendue. Le profil du parcours est favorable aux sprinteurs, dont les \u00e9quipes devraient s\u2019efforcer de condamner toute potentielle \u00e9chapp\u00e9e. Service Sports S\u2019abonner Contribuer R\u00e9utiliser ce contenu","breadcrumb":{"@id":"https:\/\/vof-news.eu\/fr\/tour-de-france-2025-le-parcours-de-la-troisieme-etape\/#breadcrumb"},"inLanguage":"fr-FR","potentialAction":[{"@type":"ReadAction","target":["https:\/\/vof-news.eu\/fr\/tour-de-france-2025-le-parcours-de-la-troisieme-etape\/"]}]},{"@type":"ImageObject","inLanguage":"fr-FR","@id":"https:\/\/vof-news.eu\/fr\/tour-de-france-2025-le-parcours-de-la-troisieme-etape\/#primaryimage","url":"https:\/\/vof-news.eu\/wp-content\/uploads\/2025\/07\/3deb694_upload-1-xhgd6ya1nsaz-tdf25-profil-et03-page-0001.jpg","contentUrl":"https:\/\/vof-news.eu\/wp-content\/uploads\/2025\/07\/3deb694_upload-1-xhgd6ya1nsaz-tdf25-profil-et03-page-0001.jpg","width":664,"height":522},{"@type":"BreadcrumbList","@id":"https:\/\/vof-news.eu\/fr\/tour-de-france-2025-le-parcours-de-la-troisieme-etape\/#breadcrumb","itemListElement":[{"@type":"ListItem","position":1,"name":"Home","item":"https:\/\/vof-news.eu\/fr\/"},{"@type":"ListItem","position":2,"name":"Tour de France 2025\u00a0: le parcours de la troisi\u00e8me \u00e9tape"}]},{"@type":"WebSite","@id":"https:\/\/vof-news.eu\/fr\/#website","url":"https:\/\/vof-news.eu\/fr\/","name":"vof-news.eu","description":"","potentialAction":[{"@type":"SearchAction","target":{"@type":"EntryPoint","urlTemplate":"https:\/\/vof-news.eu\/fr\/?s={search_term_string}"},"query-input":"required name=search_term_string"}],"inLanguage":"fr-FR"},{"@type":"Person","@id":"https:\/\/vof-news.eu\/fr\/#\/schema\/person\/f6a2a4309f0561835797fd8c19b333ed","name":"Author","image":{"@type":"ImageObject","inLanguage":"fr-FR","@id":"https:\/\/vof-news.eu\/fr\/#\/schema\/person\/image\/","url":"https:\/\/secure.gravatar.com\/avatar\/b67e614b1b25b3e9c0c239efdd2fde5ab015b5affd6f1c3c85911ca4b384e790?s=96&d=mm&r=g","contentUrl":"https:\/\/secure.gravatar.com\/avatar\/b67e614b1b25b3e9c0c239efdd2fde5ab015b5affd6f1c3c85911ca4b384e790?s=96&d=mm&r=g","caption":"Author"},"sameAs":["http:\/\/vof-news.eu"],"url":"https:\/\/vof-news.eu\/fr\/author\/zwt6qxnjulxbnyg\/"}]}},"yoast_meta":{"yoast_wpseo_title":"","yoast_wpseo_metadesc":"","yoast_wpseo_canonical":""},"_links":{"self":[{"href":"https:\/\/vof-news.eu\/fr\/wp-json\/wp\/v2\/posts\/248616","targetHints":{"allow":["GET"]}}],"collection":[{"href":"https:\/\/vof-news.eu\/fr\/wp-json\/wp\/v2\/posts"}],"about":[{"href":"https:\/\/vof-news.eu\/fr\/wp-json\/wp\/v2\/types\/post"}],"author":[{"embeddable":true,"href":"https:\/\/vof-news.eu\/fr\/wp-json\/wp\/v2\/users\/1"}],"replies":[{"embeddable":true,"href":"https:\/\/vof-news.eu\/fr\/wp-json\/wp\/v2\/comments?post=248616"}],"version-history":[{"count":1,"href":"https:\/\/vof-news.eu\/fr\/wp-json\/wp\/v2\/posts\/248616\/revisions"}],"predecessor-version":[{"id":248623,"href":"https:\/\/vof-news.eu\/fr\/wp-json\/wp\/v2\/posts\/248616\/revisions\/248623"}],"wp:featuredmedia":[{"embeddable":true,"href":"https:\/\/vof-news.eu\/fr\/wp-json\/wp\/v2\/media\/248617"}],"wp:attachment":[{"href":"https:\/\/vof-news.eu\/fr\/wp-json\/wp\/v2\/media?parent=248616"}],"wp:term":[{"taxonomy":"category","embeddable":true,"href":"https:\/\/vof-news.eu\/fr\/wp-json\/wp\/v2\/categories?post=248616"},{"taxonomy":"post_tag","embeddable":true,"href":"https:\/\/vof-news.eu\/fr\/wp-json\/wp\/v2\/tags?post=248616"}],"curies":[{"name":"wp","href":"https:\/\/api.w.org\/{rel}","templated":true}]}}