{"id":248608,"date":"2025-07-07T09:31:18","date_gmt":"2025-07-07T06:31:18","guid":{"rendered":"https:\/\/vof-news.eu\/boris-tavernier-depute-ecologiste-lalimentation-ce-nest-pas-juste-remplir-des-ventres-cest-un-acte-culturel-social-sensoriel-la-pre\/"},"modified":"2025-07-07T09:31:43","modified_gmt":"2025-07-07T06:31:43","slug":"boris-tavernier-depute-ecologiste-lalimentation-ce-nest-pas-juste-remplir-des-ventres-cest-un-acte-culturel-social-sensoriel-la-pre","status":"publish","type":"post","link":"https:\/\/vof-news.eu\/fr\/boris-tavernier-depute-ecologiste-lalimentation-ce-nest-pas-juste-remplir-des-ventres-cest-un-acte-culturel-social-sensoriel-la-pre\/","title":{"rendered":"Boris Tavernier, d\u00e9put\u00e9 \u00e9cologiste\u00a0: \u00ab\u00a0L\u2019alimentation, ce n\u2019est pas juste \u201cremplir des ventres\u201d C\u2019est un acte culturel, social, sensoriel. La pr\u00e9carit\u00e9 prive de tout cela\u00a0\u00bb"},"content":{"rendered":"<article>\n<p>Boris Tavernier est cofondateur de VRAC, association cr\u00e9\u00e9e en\u00a02013 qui lutte contre la pr\u00e9carit\u00e9 alimentaire dans les quartiers populaires, il a \u00e9t\u00e9 \u00e9lu d\u00e9put\u00e9 de la 2<sup>e<\/sup> circonscription du Rh\u00f4ne en juillet\u00a02024, affili\u00e9 au parti des Ecologistes. Il d\u00e9fend une vision \u00e9galitaire, humaniste et gourmande de la soci\u00e9t\u00e9.<\/p>\n<h3>Vous d\u00e9fendez le droit de tous \u00e0 bien se nourrir. D\u2019o\u00f9 vient votre engagement\u00a0?<\/h3>\n<p>Je suis n\u00e9 dans un milieu ouvrier du Pas-de-Calais, un village marqu\u00e9 par la pauvret\u00e9 issue de la d\u00e9sindustrialisation. Apr\u00e8s une fac \u00e0 Arras et des petits boulots \u00e0 Lyon, j\u2019ai men\u00e9 ma premi\u00e8re gr\u00e8ve dans un magasin de jouets et me suis fait licencier. Mes amis Axel Hernandez et J\u00e9r\u00f4me Duparc \u00e9taient engag\u00e9s dans le mouvement altermondialiste, et avec eux, j\u2019ai fait un p\u00e8lerinage \u00e0 v\u00e9lo, jusqu\u2019\u00e0 Millau, pour voir les ruines du <a href=\"https:\/\/www.lemonde.fr\/archives\/article\/1999\/08\/20\/quatre-militants-de-la-confederation-paysanne-incarceres-apres-le-sac-du-mcdonald-s-de-millau_3581652_1819218.html\" rel=\"nofollow\">McDo cass\u00e9 par Jos\u00e9 Bov\u00e9 en\u00a01999<\/a>. Cela nous a inspir\u00e9s pour cr\u00e9er un bar-restaurant coop\u00e9ratif, De l\u2019autre c\u00f4t\u00e9 du pont\u00a0: un joyeux repaire de militants qui d\u00e9fendait l\u2019agriculture paysanne bio et accessible. On y cuisinait, on organisait des d\u00e9bats, des projections, des concerts. C\u2019\u00e9tait une \u00e9cole politique, communautariste et culinaire. J\u2019y suis rest\u00e9 dix ans.<\/p>\n<p><strong>Il vous reste 90% de cet article \u00e0 lire. La suite est r\u00e9serv\u00e9e aux abonn\u00e9s.<\/strong><\/p>\n<\/article>\n","protected":false},"excerpt":{"rendered":"<p>Boris Tavernier est cofondateur de VRAC, association cr\u00e9\u00e9e en\u00a02013 qui lutte contre la pr\u00e9carit\u00e9 alimentaire dans les quartiers populaires, il a \u00e9t\u00e9 \u00e9lu d\u00e9put\u00e9 de la 2e circonscription du Rh\u00f4ne en juillet\u00a02024, affili\u00e9 au parti des Ecologistes. Il d\u00e9fend une vision \u00e9galitaire, humaniste et gourmande de la soci\u00e9t\u00e9. Vous d\u00e9fendez le droit de tous \u00e0<\/p>\n","protected":false},"author":1,"featured_media":248609,"comment_status":"open","ping_status":"open","sticky":false,"template":"","format":"standard","meta":{"footnotes":""},"categories":[68],"tags":[],"class_list":["post-248608","post","type-post","status-publish","format-standard","has-post-thumbnail","hentry","category-politics-fr"],"acf":[],"yoast_head":"<!-- This site is optimized with the Yoast SEO plugin v22.9 - https:\/\/yoast.com\/wordpress\/plugins\/seo\/ -->\n<title>Boris Tavernier, d\u00e9put\u00e9 \u00e9cologiste\u00a0: \u00ab\u00a0L\u2019alimentation, ce n\u2019est pas juste \u201cremplir des ventres\u201d C\u2019est un acte culturel, social, sensoriel. La pr\u00e9carit\u00e9 prive de tout cela\u00a0\u00bb - vof-news.eu<\/title>\n<meta name=\"description\" content=\"Boris Tavernier est cofondateur de VRAC, association cr\u00e9\u00e9e en\u00a02013 qui lutte contre la pr\u00e9carit\u00e9 alimentaire dans les quartiers populaires, il a \u00e9t\u00e9 \u00e9lu d\u00e9put\u00e9 de la 2e circonscription du Rh\u00f4ne en juillet\u00a02024, affili\u00e9 au parti des Ecologistes. Il d\u00e9fend une vision \u00e9galitaire, humaniste et gourmande de la soci\u00e9t\u00e9. Vous d\u00e9fendez le droit de tous \u00e0 bien se nourrir. D\u2019o\u00f9 vient votre engagement\u00a0? Je suis n\u00e9 dans un milieu ouvrier du Pas-de-Calais, un village marqu\u00e9 par la pauvret\u00e9 issue de la d\u00e9sindustrialisation. Apr\u00e8s une fac \u00e0 Arras et des petits boulots \u00e0 Lyon, j\u2019ai men\u00e9 ma premi\u00e8re gr\u00e8ve dans un magasin de jouets et me suis fait licencier. Mes amis Axel Hernandez et J\u00e9r\u00f4me Duparc \u00e9taient engag\u00e9s dans le mouvement altermondialiste, et avec eux, j\u2019ai fait un p\u00e8lerinage \u00e0 v\u00e9lo, jusqu\u2019\u00e0 Millau, pour voir les ruines du McDo cass\u00e9 par Jos\u00e9 Bov\u00e9 en\u00a01999. Cela nous a inspir\u00e9s pour cr\u00e9er un bar-restaurant coop\u00e9ratif, De l\u2019autre c\u00f4t\u00e9 du pont\u00a0: un joyeux repaire de militants qui d\u00e9fendait l\u2019agriculture paysanne bio et accessible. On y cuisinait, on organisait des d\u00e9bats, des projections, des concerts. C\u2019\u00e9tait une \u00e9cole politique, communautariste et culinaire. J\u2019y suis rest\u00e9 dix ans. Il vous reste 90% de cet article \u00e0 lire. La suite est r\u00e9serv\u00e9e aux abonn\u00e9s.\" \/>\n<meta name=\"robots\" content=\"noindex, follow, max-snippet:-1, max-image-preview:large, max-video-preview:-1\" \/>\n<meta property=\"og:locale\" content=\"fr_FR\" \/>\n<meta property=\"og:type\" content=\"article\" \/>\n<meta property=\"og:title\" content=\"Boris Tavernier, d\u00e9put\u00e9 \u00e9cologiste\u00a0: \u00ab\u00a0L\u2019alimentation, ce n\u2019est pas juste \u201cremplir des ventres\u201d C\u2019est un acte culturel, social, sensoriel. La pr\u00e9carit\u00e9 prive de tout cela\u00a0\u00bb - vof-news.eu\" \/>\n<meta property=\"og:description\" content=\"Boris Tavernier est cofondateur de VRAC, association cr\u00e9\u00e9e en\u00a02013 qui lutte contre la pr\u00e9carit\u00e9 alimentaire dans les quartiers populaires, il a \u00e9t\u00e9 \u00e9lu d\u00e9put\u00e9 de la 2e circonscription du Rh\u00f4ne en juillet\u00a02024, affili\u00e9 au parti des Ecologistes. Il d\u00e9fend une vision \u00e9galitaire, humaniste et gourmande de la soci\u00e9t\u00e9. Vous d\u00e9fendez le droit de tous \u00e0 bien se nourrir. D\u2019o\u00f9 vient votre engagement\u00a0? Je suis n\u00e9 dans un milieu ouvrier du Pas-de-Calais, un village marqu\u00e9 par la pauvret\u00e9 issue de la d\u00e9sindustrialisation. Apr\u00e8s une fac \u00e0 Arras et des petits boulots \u00e0 Lyon, j\u2019ai men\u00e9 ma premi\u00e8re gr\u00e8ve dans un magasin de jouets et me suis fait licencier. Mes amis Axel Hernandez et J\u00e9r\u00f4me Duparc \u00e9taient engag\u00e9s dans le mouvement altermondialiste, et avec eux, j\u2019ai fait un p\u00e8lerinage \u00e0 v\u00e9lo, jusqu\u2019\u00e0 Millau, pour voir les ruines du McDo cass\u00e9 par Jos\u00e9 Bov\u00e9 en\u00a01999. Cela nous a inspir\u00e9s pour cr\u00e9er un bar-restaurant coop\u00e9ratif, De l\u2019autre c\u00f4t\u00e9 du pont\u00a0: un joyeux repaire de militants qui d\u00e9fendait l\u2019agriculture paysanne bio et accessible. On y cuisinait, on organisait des d\u00e9bats, des projections, des concerts. C\u2019\u00e9tait une \u00e9cole politique, communautariste et culinaire. J\u2019y suis rest\u00e9 dix ans. Il vous reste 90% de cet article \u00e0 lire. La suite est r\u00e9serv\u00e9e aux abonn\u00e9s.\" \/>\n<meta property=\"og:url\" content=\"https:\/\/vof-news.eu\/fr\/boris-tavernier-depute-ecologiste-lalimentation-ce-nest-pas-juste-remplir-des-ventres-cest-un-acte-culturel-social-sensoriel-la-pre\/\" \/>\n<meta property=\"og:site_name\" content=\"vof-news.eu\" \/>\n<meta property=\"article:published_time\" content=\"2025-07-07T06:31:18+00:00\" \/>\n<meta property=\"article:modified_time\" content=\"2025-07-07T06:31:43+00:00\" \/>\n<meta property=\"og:image\" content=\"https:\/\/vof-news.eu\/wp-content\/uploads\/2025\/07\/501bbe0_1728453361067-000-36gx6rw-1.jpg\" \/>\n\t<meta property=\"og:image:width\" content=\"664\" \/>\n\t<meta property=\"og:image:height\" content=\"443\" \/>\n\t<meta property=\"og:image:type\" content=\"image\/jpeg\" \/>\n<meta name=\"author\" content=\"Author\" \/>\n<meta name=\"twitter:card\" content=\"summary_large_image\" \/>\n<meta name=\"twitter:label1\" content=\"\u00c9crit par\" \/>\n\t<meta name=\"twitter:data1\" content=\"Author\" \/>\n\t<meta name=\"twitter:label2\" content=\"Dur\u00e9e de lecture estim\u00e9e\" \/>\n\t<meta name=\"twitter:data2\" content=\"1 minute\" \/>\n<script type=\"application\/ld+json\" class=\"yoast-schema-graph\">{\"@context\":\"https:\/\/schema.org\",\"@graph\":[{\"@type\":\"WebPage\",\"@id\":\"https:\/\/vof-news.eu\/fr\/boris-tavernier-depute-ecologiste-lalimentation-ce-nest-pas-juste-remplir-des-ventres-cest-un-acte-culturel-social-sensoriel-la-pre\/\",\"url\":\"https:\/\/vof-news.eu\/fr\/boris-tavernier-depute-ecologiste-lalimentation-ce-nest-pas-juste-remplir-des-ventres-cest-un-acte-culturel-social-sensoriel-la-pre\/\",\"name\":\"Boris Tavernier, d\u00e9put\u00e9 \u00e9cologiste\u00a0: \u00ab\u00a0L\u2019alimentation, ce n\u2019est pas juste \u201cremplir des ventres\u201d C\u2019est un acte culturel, social, sensoriel. La pr\u00e9carit\u00e9 prive de tout cela\u00a0\u00bb - vof-news.eu\",\"isPartOf\":{\"@id\":\"https:\/\/vof-news.eu\/fr\/#website\"},\"primaryImageOfPage\":{\"@id\":\"https:\/\/vof-news.eu\/fr\/boris-tavernier-depute-ecologiste-lalimentation-ce-nest-pas-juste-remplir-des-ventres-cest-un-acte-culturel-social-sensoriel-la-pre\/#primaryimage\"},\"image\":{\"@id\":\"https:\/\/vof-news.eu\/fr\/boris-tavernier-depute-ecologiste-lalimentation-ce-nest-pas-juste-remplir-des-ventres-cest-un-acte-culturel-social-sensoriel-la-pre\/#primaryimage\"},\"thumbnailUrl\":\"https:\/\/vof-news.eu\/wp-content\/uploads\/2025\/07\/501bbe0_1728453361067-000-36gx6rw-1.jpg\",\"datePublished\":\"2025-07-07T06:31:18+00:00\",\"dateModified\":\"2025-07-07T06:31:43+00:00\",\"author\":{\"@id\":\"https:\/\/vof-news.eu\/fr\/#\/schema\/person\/f6a2a4309f0561835797fd8c19b333ed\"},\"description\":\"Boris Tavernier est cofondateur de VRAC, association cr\u00e9\u00e9e en\u00a02013 qui lutte contre la pr\u00e9carit\u00e9 alimentaire dans les quartiers populaires, il a \u00e9t\u00e9 \u00e9lu d\u00e9put\u00e9 de la 2e circonscription du Rh\u00f4ne en juillet\u00a02024, affili\u00e9 au parti des Ecologistes. Il d\u00e9fend une vision \u00e9galitaire, humaniste et gourmande de la soci\u00e9t\u00e9. Vous d\u00e9fendez le droit de tous \u00e0 bien se nourrir. D\u2019o\u00f9 vient votre engagement\u00a0? Je suis n\u00e9 dans un milieu ouvrier du Pas-de-Calais, un village marqu\u00e9 par la pauvret\u00e9 issue de la d\u00e9sindustrialisation. Apr\u00e8s une fac \u00e0 Arras et des petits boulots \u00e0 Lyon, j\u2019ai men\u00e9 ma premi\u00e8re gr\u00e8ve dans un magasin de jouets et me suis fait licencier. Mes amis Axel Hernandez et J\u00e9r\u00f4me Duparc \u00e9taient engag\u00e9s dans le mouvement altermondialiste, et avec eux, j\u2019ai fait un p\u00e8lerinage \u00e0 v\u00e9lo, jusqu\u2019\u00e0 Millau, pour voir les ruines du McDo cass\u00e9 par Jos\u00e9 Bov\u00e9 en\u00a01999. Cela nous a inspir\u00e9s pour cr\u00e9er un bar-restaurant coop\u00e9ratif, De l\u2019autre c\u00f4t\u00e9 du pont\u00a0: un joyeux repaire de militants qui d\u00e9fendait l\u2019agriculture paysanne bio et accessible. On y cuisinait, on organisait des d\u00e9bats, des projections, des concerts. C\u2019\u00e9tait une \u00e9cole politique, communautariste et culinaire. J\u2019y suis rest\u00e9 dix ans. Il vous reste 90% de cet article \u00e0 lire. La suite est r\u00e9serv\u00e9e aux abonn\u00e9s.\",\"breadcrumb\":{\"@id\":\"https:\/\/vof-news.eu\/fr\/boris-tavernier-depute-ecologiste-lalimentation-ce-nest-pas-juste-remplir-des-ventres-cest-un-acte-culturel-social-sensoriel-la-pre\/#breadcrumb\"},\"inLanguage\":\"fr-FR\",\"potentialAction\":[{\"@type\":\"ReadAction\",\"target\":[\"https:\/\/vof-news.eu\/fr\/boris-tavernier-depute-ecologiste-lalimentation-ce-nest-pas-juste-remplir-des-ventres-cest-un-acte-culturel-social-sensoriel-la-pre\/\"]}]},{\"@type\":\"ImageObject\",\"inLanguage\":\"fr-FR\",\"@id\":\"https:\/\/vof-news.eu\/fr\/boris-tavernier-depute-ecologiste-lalimentation-ce-nest-pas-juste-remplir-des-ventres-cest-un-acte-culturel-social-sensoriel-la-pre\/#primaryimage\",\"url\":\"https:\/\/vof-news.eu\/wp-content\/uploads\/2025\/07\/501bbe0_1728453361067-000-36gx6rw-1.jpg\",\"contentUrl\":\"https:\/\/vof-news.eu\/wp-content\/uploads\/2025\/07\/501bbe0_1728453361067-000-36gx6rw-1.jpg\",\"width\":664,\"height\":443},{\"@type\":\"BreadcrumbList\",\"@id\":\"https:\/\/vof-news.eu\/fr\/boris-tavernier-depute-ecologiste-lalimentation-ce-nest-pas-juste-remplir-des-ventres-cest-un-acte-culturel-social-sensoriel-la-pre\/#breadcrumb\",\"itemListElement\":[{\"@type\":\"ListItem\",\"position\":1,\"name\":\"Home\",\"item\":\"https:\/\/vof-news.eu\/fr\/\"},{\"@type\":\"ListItem\",\"position\":2,\"name\":\"Boris Tavernier, d\u00e9put\u00e9 \u00e9cologiste\u00a0: \u00ab\u00a0L\u2019alimentation, ce n\u2019est pas juste \u201cremplir des ventres\u201d C\u2019est un acte culturel, social, sensoriel. La pr\u00e9carit\u00e9 prive de tout cela\u00a0\u00bb\"}]},{\"@type\":\"WebSite\",\"@id\":\"https:\/\/vof-news.eu\/fr\/#website\",\"url\":\"https:\/\/vof-news.eu\/fr\/\",\"name\":\"vof-news.eu\",\"description\":\"\",\"potentialAction\":[{\"@type\":\"SearchAction\",\"target\":{\"@type\":\"EntryPoint\",\"urlTemplate\":\"https:\/\/vof-news.eu\/fr\/?s={search_term_string}\"},\"query-input\":\"required name=search_term_string\"}],\"inLanguage\":\"fr-FR\"},{\"@type\":\"Person\",\"@id\":\"https:\/\/vof-news.eu\/fr\/#\/schema\/person\/f6a2a4309f0561835797fd8c19b333ed\",\"name\":\"Author\",\"image\":{\"@type\":\"ImageObject\",\"inLanguage\":\"fr-FR\",\"@id\":\"https:\/\/vof-news.eu\/fr\/#\/schema\/person\/image\/\",\"url\":\"https:\/\/secure.gravatar.com\/avatar\/b67e614b1b25b3e9c0c239efdd2fde5ab015b5affd6f1c3c85911ca4b384e790?s=96&d=mm&r=g\",\"contentUrl\":\"https:\/\/secure.gravatar.com\/avatar\/b67e614b1b25b3e9c0c239efdd2fde5ab015b5affd6f1c3c85911ca4b384e790?s=96&d=mm&r=g\",\"caption\":\"Author\"},\"sameAs\":[\"http:\/\/vof-news.eu\"],\"url\":\"https:\/\/vof-news.eu\/fr\/author\/zwt6qxnjulxbnyg\/\"}]}<\/script>\n<!-- \/ Yoast SEO plugin. -->","yoast_head_json":{"title":"Boris Tavernier, d\u00e9put\u00e9 \u00e9cologiste\u00a0: \u00ab\u00a0L\u2019alimentation, ce n\u2019est pas juste \u201cremplir des ventres\u201d C\u2019est un acte culturel, social, sensoriel. La pr\u00e9carit\u00e9 prive de tout cela\u00a0\u00bb - vof-news.eu","description":"Boris Tavernier est cofondateur de VRAC, association cr\u00e9\u00e9e en\u00a02013 qui lutte contre la pr\u00e9carit\u00e9 alimentaire dans les quartiers populaires, il a \u00e9t\u00e9 \u00e9lu d\u00e9put\u00e9 de la 2e circonscription du Rh\u00f4ne en juillet\u00a02024, affili\u00e9 au parti des Ecologistes. Il d\u00e9fend une vision \u00e9galitaire, humaniste et gourmande de la soci\u00e9t\u00e9. Vous d\u00e9fendez le droit de tous \u00e0 bien se nourrir. D\u2019o\u00f9 vient votre engagement\u00a0? Je suis n\u00e9 dans un milieu ouvrier du Pas-de-Calais, un village marqu\u00e9 par la pauvret\u00e9 issue de la d\u00e9sindustrialisation. Apr\u00e8s une fac \u00e0 Arras et des petits boulots \u00e0 Lyon, j\u2019ai men\u00e9 ma premi\u00e8re gr\u00e8ve dans un magasin de jouets et me suis fait licencier. Mes amis Axel Hernandez et J\u00e9r\u00f4me Duparc \u00e9taient engag\u00e9s dans le mouvement altermondialiste, et avec eux, j\u2019ai fait un p\u00e8lerinage \u00e0 v\u00e9lo, jusqu\u2019\u00e0 Millau, pour voir les ruines du McDo cass\u00e9 par Jos\u00e9 Bov\u00e9 en\u00a01999. Cela nous a inspir\u00e9s pour cr\u00e9er un bar-restaurant coop\u00e9ratif, De l\u2019autre c\u00f4t\u00e9 du pont\u00a0: un joyeux repaire de militants qui d\u00e9fendait l\u2019agriculture paysanne bio et accessible. On y cuisinait, on organisait des d\u00e9bats, des projections, des concerts. C\u2019\u00e9tait une \u00e9cole politique, communautariste et culinaire. J\u2019y suis rest\u00e9 dix ans. Il vous reste 90% de cet article \u00e0 lire. La suite est r\u00e9serv\u00e9e aux abonn\u00e9s.","robots":{"index":"noindex","follow":"follow","max-snippet":"max-snippet:-1","max-image-preview":"max-image-preview:large","max-video-preview":"max-video-preview:-1"},"og_locale":"fr_FR","og_type":"article","og_title":"Boris Tavernier, d\u00e9put\u00e9 \u00e9cologiste\u00a0: \u00ab\u00a0L\u2019alimentation, ce n\u2019est pas juste \u201cremplir des ventres\u201d C\u2019est un acte culturel, social, sensoriel. La pr\u00e9carit\u00e9 prive de tout cela\u00a0\u00bb - vof-news.eu","og_description":"Boris Tavernier est cofondateur de VRAC, association cr\u00e9\u00e9e en\u00a02013 qui lutte contre la pr\u00e9carit\u00e9 alimentaire dans les quartiers populaires, il a \u00e9t\u00e9 \u00e9lu d\u00e9put\u00e9 de la 2e circonscription du Rh\u00f4ne en juillet\u00a02024, affili\u00e9 au parti des Ecologistes. Il d\u00e9fend une vision \u00e9galitaire, humaniste et gourmande de la soci\u00e9t\u00e9. Vous d\u00e9fendez le droit de tous \u00e0 bien se nourrir. D\u2019o\u00f9 vient votre engagement\u00a0? Je suis n\u00e9 dans un milieu ouvrier du Pas-de-Calais, un village marqu\u00e9 par la pauvret\u00e9 issue de la d\u00e9sindustrialisation. Apr\u00e8s une fac \u00e0 Arras et des petits boulots \u00e0 Lyon, j\u2019ai men\u00e9 ma premi\u00e8re gr\u00e8ve dans un magasin de jouets et me suis fait licencier. Mes amis Axel Hernandez et J\u00e9r\u00f4me Duparc \u00e9taient engag\u00e9s dans le mouvement altermondialiste, et avec eux, j\u2019ai fait un p\u00e8lerinage \u00e0 v\u00e9lo, jusqu\u2019\u00e0 Millau, pour voir les ruines du McDo cass\u00e9 par Jos\u00e9 Bov\u00e9 en\u00a01999. Cela nous a inspir\u00e9s pour cr\u00e9er un bar-restaurant coop\u00e9ratif, De l\u2019autre c\u00f4t\u00e9 du pont\u00a0: un joyeux repaire de militants qui d\u00e9fendait l\u2019agriculture paysanne bio et accessible. On y cuisinait, on organisait des d\u00e9bats, des projections, des concerts. C\u2019\u00e9tait une \u00e9cole politique, communautariste et culinaire. J\u2019y suis rest\u00e9 dix ans. Il vous reste 90% de cet article \u00e0 lire. La suite est r\u00e9serv\u00e9e aux abonn\u00e9s.","og_url":"https:\/\/vof-news.eu\/fr\/boris-tavernier-depute-ecologiste-lalimentation-ce-nest-pas-juste-remplir-des-ventres-cest-un-acte-culturel-social-sensoriel-la-pre\/","og_site_name":"vof-news.eu","article_published_time":"2025-07-07T06:31:18+00:00","article_modified_time":"2025-07-07T06:31:43+00:00","og_image":[{"width":664,"height":443,"url":"https:\/\/vof-news.eu\/wp-content\/uploads\/2025\/07\/501bbe0_1728453361067-000-36gx6rw-1.jpg","type":"image\/jpeg"}],"author":"Author","twitter_card":"summary_large_image","twitter_misc":{"\u00c9crit par":"Author","Dur\u00e9e de lecture estim\u00e9e":"1 minute"},"schema":{"@context":"https:\/\/schema.org","@graph":[{"@type":"WebPage","@id":"https:\/\/vof-news.eu\/fr\/boris-tavernier-depute-ecologiste-lalimentation-ce-nest-pas-juste-remplir-des-ventres-cest-un-acte-culturel-social-sensoriel-la-pre\/","url":"https:\/\/vof-news.eu\/fr\/boris-tavernier-depute-ecologiste-lalimentation-ce-nest-pas-juste-remplir-des-ventres-cest-un-acte-culturel-social-sensoriel-la-pre\/","name":"Boris Tavernier, d\u00e9put\u00e9 \u00e9cologiste\u00a0: \u00ab\u00a0L\u2019alimentation, ce n\u2019est pas juste \u201cremplir des ventres\u201d C\u2019est un acte culturel, social, sensoriel. La pr\u00e9carit\u00e9 prive de tout cela\u00a0\u00bb - vof-news.eu","isPartOf":{"@id":"https:\/\/vof-news.eu\/fr\/#website"},"primaryImageOfPage":{"@id":"https:\/\/vof-news.eu\/fr\/boris-tavernier-depute-ecologiste-lalimentation-ce-nest-pas-juste-remplir-des-ventres-cest-un-acte-culturel-social-sensoriel-la-pre\/#primaryimage"},"image":{"@id":"https:\/\/vof-news.eu\/fr\/boris-tavernier-depute-ecologiste-lalimentation-ce-nest-pas-juste-remplir-des-ventres-cest-un-acte-culturel-social-sensoriel-la-pre\/#primaryimage"},"thumbnailUrl":"https:\/\/vof-news.eu\/wp-content\/uploads\/2025\/07\/501bbe0_1728453361067-000-36gx6rw-1.jpg","datePublished":"2025-07-07T06:31:18+00:00","dateModified":"2025-07-07T06:31:43+00:00","author":{"@id":"https:\/\/vof-news.eu\/fr\/#\/schema\/person\/f6a2a4309f0561835797fd8c19b333ed"},"description":"Boris Tavernier est cofondateur de VRAC, association cr\u00e9\u00e9e en\u00a02013 qui lutte contre la pr\u00e9carit\u00e9 alimentaire dans les quartiers populaires, il a \u00e9t\u00e9 \u00e9lu d\u00e9put\u00e9 de la 2e circonscription du Rh\u00f4ne en juillet\u00a02024, affili\u00e9 au parti des Ecologistes. Il d\u00e9fend une vision \u00e9galitaire, humaniste et gourmande de la soci\u00e9t\u00e9. Vous d\u00e9fendez le droit de tous \u00e0 bien se nourrir. D\u2019o\u00f9 vient votre engagement\u00a0? Je suis n\u00e9 dans un milieu ouvrier du Pas-de-Calais, un village marqu\u00e9 par la pauvret\u00e9 issue de la d\u00e9sindustrialisation. Apr\u00e8s une fac \u00e0 Arras et des petits boulots \u00e0 Lyon, j\u2019ai men\u00e9 ma premi\u00e8re gr\u00e8ve dans un magasin de jouets et me suis fait licencier. Mes amis Axel Hernandez et J\u00e9r\u00f4me Duparc \u00e9taient engag\u00e9s dans le mouvement altermondialiste, et avec eux, j\u2019ai fait un p\u00e8lerinage \u00e0 v\u00e9lo, jusqu\u2019\u00e0 Millau, pour voir les ruines du McDo cass\u00e9 par Jos\u00e9 Bov\u00e9 en\u00a01999. Cela nous a inspir\u00e9s pour cr\u00e9er un bar-restaurant coop\u00e9ratif, De l\u2019autre c\u00f4t\u00e9 du pont\u00a0: un joyeux repaire de militants qui d\u00e9fendait l\u2019agriculture paysanne bio et accessible. On y cuisinait, on organisait des d\u00e9bats, des projections, des concerts. C\u2019\u00e9tait une \u00e9cole politique, communautariste et culinaire. J\u2019y suis rest\u00e9 dix ans. Il vous reste 90% de cet article \u00e0 lire. La suite est r\u00e9serv\u00e9e aux abonn\u00e9s.","breadcrumb":{"@id":"https:\/\/vof-news.eu\/fr\/boris-tavernier-depute-ecologiste-lalimentation-ce-nest-pas-juste-remplir-des-ventres-cest-un-acte-culturel-social-sensoriel-la-pre\/#breadcrumb"},"inLanguage":"fr-FR","potentialAction":[{"@type":"ReadAction","target":["https:\/\/vof-news.eu\/fr\/boris-tavernier-depute-ecologiste-lalimentation-ce-nest-pas-juste-remplir-des-ventres-cest-un-acte-culturel-social-sensoriel-la-pre\/"]}]},{"@type":"ImageObject","inLanguage":"fr-FR","@id":"https:\/\/vof-news.eu\/fr\/boris-tavernier-depute-ecologiste-lalimentation-ce-nest-pas-juste-remplir-des-ventres-cest-un-acte-culturel-social-sensoriel-la-pre\/#primaryimage","url":"https:\/\/vof-news.eu\/wp-content\/uploads\/2025\/07\/501bbe0_1728453361067-000-36gx6rw-1.jpg","contentUrl":"https:\/\/vof-news.eu\/wp-content\/uploads\/2025\/07\/501bbe0_1728453361067-000-36gx6rw-1.jpg","width":664,"height":443},{"@type":"BreadcrumbList","@id":"https:\/\/vof-news.eu\/fr\/boris-tavernier-depute-ecologiste-lalimentation-ce-nest-pas-juste-remplir-des-ventres-cest-un-acte-culturel-social-sensoriel-la-pre\/#breadcrumb","itemListElement":[{"@type":"ListItem","position":1,"name":"Home","item":"https:\/\/vof-news.eu\/fr\/"},{"@type":"ListItem","position":2,"name":"Boris Tavernier, d\u00e9put\u00e9 \u00e9cologiste\u00a0: \u00ab\u00a0L\u2019alimentation, ce n\u2019est pas juste \u201cremplir des ventres\u201d C\u2019est un acte culturel, social, sensoriel. La pr\u00e9carit\u00e9 prive de tout cela\u00a0\u00bb"}]},{"@type":"WebSite","@id":"https:\/\/vof-news.eu\/fr\/#website","url":"https:\/\/vof-news.eu\/fr\/","name":"vof-news.eu","description":"","potentialAction":[{"@type":"SearchAction","target":{"@type":"EntryPoint","urlTemplate":"https:\/\/vof-news.eu\/fr\/?s={search_term_string}"},"query-input":"required name=search_term_string"}],"inLanguage":"fr-FR"},{"@type":"Person","@id":"https:\/\/vof-news.eu\/fr\/#\/schema\/person\/f6a2a4309f0561835797fd8c19b333ed","name":"Author","image":{"@type":"ImageObject","inLanguage":"fr-FR","@id":"https:\/\/vof-news.eu\/fr\/#\/schema\/person\/image\/","url":"https:\/\/secure.gravatar.com\/avatar\/b67e614b1b25b3e9c0c239efdd2fde5ab015b5affd6f1c3c85911ca4b384e790?s=96&d=mm&r=g","contentUrl":"https:\/\/secure.gravatar.com\/avatar\/b67e614b1b25b3e9c0c239efdd2fde5ab015b5affd6f1c3c85911ca4b384e790?s=96&d=mm&r=g","caption":"Author"},"sameAs":["http:\/\/vof-news.eu"],"url":"https:\/\/vof-news.eu\/fr\/author\/zwt6qxnjulxbnyg\/"}]}},"yoast_meta":{"yoast_wpseo_title":"","yoast_wpseo_metadesc":"","yoast_wpseo_canonical":""},"_links":{"self":[{"href":"https:\/\/vof-news.eu\/fr\/wp-json\/wp\/v2\/posts\/248608","targetHints":{"allow":["GET"]}}],"collection":[{"href":"https:\/\/vof-news.eu\/fr\/wp-json\/wp\/v2\/posts"}],"about":[{"href":"https:\/\/vof-news.eu\/fr\/wp-json\/wp\/v2\/types\/post"}],"author":[{"embeddable":true,"href":"https:\/\/vof-news.eu\/fr\/wp-json\/wp\/v2\/users\/1"}],"replies":[{"embeddable":true,"href":"https:\/\/vof-news.eu\/fr\/wp-json\/wp\/v2\/comments?post=248608"}],"version-history":[{"count":1,"href":"https:\/\/vof-news.eu\/fr\/wp-json\/wp\/v2\/posts\/248608\/revisions"}],"predecessor-version":[{"id":248615,"href":"https:\/\/vof-news.eu\/fr\/wp-json\/wp\/v2\/posts\/248608\/revisions\/248615"}],"wp:featuredmedia":[{"embeddable":true,"href":"https:\/\/vof-news.eu\/fr\/wp-json\/wp\/v2\/media\/248609"}],"wp:attachment":[{"href":"https:\/\/vof-news.eu\/fr\/wp-json\/wp\/v2\/media?parent=248608"}],"wp:term":[{"taxonomy":"category","embeddable":true,"href":"https:\/\/vof-news.eu\/fr\/wp-json\/wp\/v2\/categories?post=248608"},{"taxonomy":"post_tag","embeddable":true,"href":"https:\/\/vof-news.eu\/fr\/wp-json\/wp\/v2\/tags?post=248608"}],"curies":[{"name":"wp","href":"https:\/\/api.w.org\/{rel}","templated":true}]}}