{"id":248606,"date":"2025-07-07T09:30:08","date_gmt":"2025-07-07T06:30:08","guid":{"rendered":"https:\/\/vof-news.eu\/preservons-lequilibre-fragile-mais-indispensable-entre-le-politique-et-la-justice\/"},"modified":"2025-07-07T09:30:34","modified_gmt":"2025-07-07T06:30:34","slug":"preservons-lequilibre-fragile-mais-indispensable-entre-le-politique-et-la-justice","status":"publish","type":"post","link":"https:\/\/vof-news.eu\/fr\/preservons-lequilibre-fragile-mais-indispensable-entre-le-politique-et-la-justice\/","title":{"rendered":"\u00ab\u00a0Pr\u00e9servons l\u2019\u00e9quilibre, fragile mais indispensable, entre le politique et la justice\u00a0\u00bb"},"content":{"rendered":"<article>\n<p>, \u2026 tels sont les termes utilis\u00e9s par Donald Trump pour saluer <a href=\"https:\/\/www.lemonde.fr\/international\/article\/2025\/06\/28\/aux-etats-unis-la-cour-supreme-offre-une-victoire-retentissante-a-donald-trump-en-affaiblissant-le-pouvoir-des-juges-federaux_6616231_3210.html\" rel=\"nofollow\">l\u2019arr\u00eat rendu le 27\u00a0juin par la Cour supr\u00eame des Etats-Unis<\/a>, cens\u00e9 limiter le pouvoir que se reconnaissaient les juges de bloquer les d\u00e9cisions de l\u2019ex\u00e9cutif qu\u2019ils consid\u00e8rent comme ill\u00e9gales.<\/p>\n<p>Ce jugement est intervenu le lendemain de l\u2019inauguration du parvis <a href=\"https:\/\/www.lemonde.fr\/disparitions\/article\/2024\/02\/09\/robert-badinter-est-mort_6215627_3382.html\" rel=\"nofollow\">Robert-Badinter<\/a>, devant les b\u00e2timents du tribunal judiciaire de Paris. Au cours de la c\u00e9r\u00e9monie, un ancien juge (d\u00e9mocrate) de cette m\u00eame Cour supr\u00eame a rendu hommage \u00e0 celui qui \u00e9tait son ami et dont il partageait les valeurs. Comment aurait r\u00e9agi l\u2019homme \u00e9pris de justice, <a href=\"https:\/\/www.lemonde.fr\/politique\/article\/2025\/04\/08\/robert-badinter-entrera-au-pantheon-le-9-octobre-date-anniversaire-de-la-promulgation-de-la-loi-d-abolition-de-la-peine-de-mort_6592810_823448.html\" rel=\"nofollow\">qui entrera au Panth\u00e9on le 9\u00a0octobre<\/a>, s\u2019il avait eu connaissance de cet arr\u00eat\u00a0? Il aurait pris sa plume ou il aurait pris la parole en embrassant plus largement l\u2019horizon du droit, afin de montrer qu\u2019il y a p\u00e9ril et qu\u2019il nous faut prendre garde.<\/p>\n<p>Pourquoi\u00a0? Parce que, chez nous en France, il en est aussi qui supportent de plus en plus mal les d\u00e9cisions que rend le Conseil constitutionnel lorsqu\u2019elles leur sont d\u00e9favorables. Ils aimeraient qu\u2019il sache se montrer aussi compr\u00e9hensif \u00e0 l\u2019\u00e9gard des dirigeants en place que sa coll\u00e8gue am\u00e9ricaine. Notre Conseil n\u2019est pas parfait, et sa composition m\u00e9rite sans nul doute d\u2019\u00eatre revue. Mais il repr\u00e9sente une irrempla\u00e7able garantie pour ceux qui consid\u00e8rent que le respect de la Constitution et de certains grands principes d\u00e9gag\u00e9s au fil du temps n\u2019est pas chose n\u00e9gligeable.<\/p>\n<p>N\u2019oublions pas non plus les critiques dont font de plus en plus souvent l\u2019objet nombre de d\u00e9cisions de justice, en particulier lorsqu\u2019elles mettent en cause des femmes ou des hommes politiques. On souhaiterait aussi ces juges plus dociles. La justice administrative, plut\u00f4t \u00e9pargn\u00e9e jusqu\u2019ici, n\u2019est d\u00e9sormais plus \u00e0 l\u2019abri et comme il est tentant de pr\u00e9parer en urgence une proposition de loi remettant en question la solution adopt\u00e9e par un jugement de tribunal administratif qui d\u00e9range (<a href=\"https:\/\/www.lemonde.fr\/planete\/article\/2025\/05\/15\/autoroute-a69-ministres-et-parlementaires-s-unissent-pour-contourner-la-justice-et-relancer-le-chantier_6606149_3244.html\" rel=\"nofollow\">dans le cadre du chantier contest\u00e9 de l\u2019autoroute A69<\/a>), alors que l\u2019usage des voies de recours suffit amplement.<\/p>\n<p><strong>Il vous reste 66.75% de cet article \u00e0 lire. La suite est r\u00e9serv\u00e9e aux abonn\u00e9s.<\/strong><\/p>\n<\/article>\n","protected":false},"excerpt":{"rendered":"<p>, \u2026 tels sont les termes utilis\u00e9s par Donald Trump pour saluer l\u2019arr\u00eat rendu le 27\u00a0juin par la Cour supr\u00eame des Etats-Unis, cens\u00e9 limiter le pouvoir que se reconnaissaient les juges de bloquer les d\u00e9cisions de l\u2019ex\u00e9cutif qu\u2019ils consid\u00e8rent comme ill\u00e9gales. Ce jugement est intervenu le lendemain de l\u2019inauguration du parvis Robert-Badinter, devant les b\u00e2timents<\/p>\n","protected":false},"author":1,"featured_media":0,"comment_status":"open","ping_status":"open","sticky":false,"template":"","format":"standard","meta":{"footnotes":""},"categories":[53],"tags":[],"class_list":["post-248606","post","type-post","status-publish","format-standard","hentry","category-main-news-fr"],"acf":[],"yoast_head":"<!-- This site is optimized with the Yoast SEO plugin v22.9 - https:\/\/yoast.com\/wordpress\/plugins\/seo\/ -->\n<title>\u00ab\u00a0Pr\u00e9servons l\u2019\u00e9quilibre, fragile mais indispensable, entre le politique et la justice\u00a0\u00bb - vof-news.eu<\/title>\n<meta name=\"description\" content=\", \u2026 tels sont les termes utilis\u00e9s par Donald Trump pour saluer l\u2019arr\u00eat rendu le 27\u00a0juin par la Cour supr\u00eame des Etats-Unis, cens\u00e9 limiter le pouvoir que se reconnaissaient les juges de bloquer les d\u00e9cisions de l\u2019ex\u00e9cutif qu\u2019ils consid\u00e8rent comme ill\u00e9gales. Ce jugement est intervenu le lendemain de l\u2019inauguration du parvis Robert-Badinter, devant les b\u00e2timents du tribunal judiciaire de Paris. Au cours de la c\u00e9r\u00e9monie, un ancien juge (d\u00e9mocrate) de cette m\u00eame Cour supr\u00eame a rendu hommage \u00e0 celui qui \u00e9tait son ami et dont il partageait les valeurs. Comment aurait r\u00e9agi l\u2019homme \u00e9pris de justice, qui entrera au Panth\u00e9on le 9\u00a0octobre, s\u2019il avait eu connaissance de cet arr\u00eat\u00a0? Il aurait pris sa plume ou il aurait pris la parole en embrassant plus largement l\u2019horizon du droit, afin de montrer qu\u2019il y a p\u00e9ril et qu\u2019il nous faut prendre garde. Pourquoi\u00a0? Parce que, chez nous en France, il en est aussi qui supportent de plus en plus mal les d\u00e9cisions que rend le Conseil constitutionnel lorsqu\u2019elles leur sont d\u00e9favorables. Ils aimeraient qu\u2019il sache se montrer aussi compr\u00e9hensif \u00e0 l\u2019\u00e9gard des dirigeants en place que sa coll\u00e8gue am\u00e9ricaine. Notre Conseil n\u2019est pas parfait, et sa composition m\u00e9rite sans nul doute d\u2019\u00eatre revue. Mais il repr\u00e9sente une irrempla\u00e7able garantie pour ceux qui consid\u00e8rent que le respect de la Constitution et de certains grands principes d\u00e9gag\u00e9s au fil du temps n\u2019est pas chose n\u00e9gligeable. N\u2019oublions pas non plus les critiques dont font de plus en plus souvent l\u2019objet nombre de d\u00e9cisions de justice, en particulier lorsqu\u2019elles mettent en cause des femmes ou des hommes politiques. On souhaiterait aussi ces juges plus dociles. La justice administrative, plut\u00f4t \u00e9pargn\u00e9e jusqu\u2019ici, n\u2019est d\u00e9sormais plus \u00e0 l\u2019abri et comme il est tentant de pr\u00e9parer en urgence une proposition de loi remettant en question la solution adopt\u00e9e par un jugement de tribunal administratif qui d\u00e9range (dans le cadre du chantier contest\u00e9 de l\u2019autoroute A69), alors que l\u2019usage des voies de recours suffit amplement. Il vous reste 66.75% de cet article \u00e0 lire. La suite est r\u00e9serv\u00e9e aux abonn\u00e9s.\" \/>\n<meta name=\"robots\" content=\"noindex, follow, max-snippet:-1, max-image-preview:large, max-video-preview:-1\" \/>\n<meta property=\"og:locale\" content=\"fr_FR\" \/>\n<meta property=\"og:type\" content=\"article\" \/>\n<meta property=\"og:title\" content=\"\u00ab\u00a0Pr\u00e9servons l\u2019\u00e9quilibre, fragile mais indispensable, entre le politique et la justice\u00a0\u00bb - vof-news.eu\" \/>\n<meta property=\"og:description\" content=\", \u2026 tels sont les termes utilis\u00e9s par Donald Trump pour saluer l\u2019arr\u00eat rendu le 27\u00a0juin par la Cour supr\u00eame des Etats-Unis, cens\u00e9 limiter le pouvoir que se reconnaissaient les juges de bloquer les d\u00e9cisions de l\u2019ex\u00e9cutif qu\u2019ils consid\u00e8rent comme ill\u00e9gales. Ce jugement est intervenu le lendemain de l\u2019inauguration du parvis Robert-Badinter, devant les b\u00e2timents du tribunal judiciaire de Paris. Au cours de la c\u00e9r\u00e9monie, un ancien juge (d\u00e9mocrate) de cette m\u00eame Cour supr\u00eame a rendu hommage \u00e0 celui qui \u00e9tait son ami et dont il partageait les valeurs. Comment aurait r\u00e9agi l\u2019homme \u00e9pris de justice, qui entrera au Panth\u00e9on le 9\u00a0octobre, s\u2019il avait eu connaissance de cet arr\u00eat\u00a0? Il aurait pris sa plume ou il aurait pris la parole en embrassant plus largement l\u2019horizon du droit, afin de montrer qu\u2019il y a p\u00e9ril et qu\u2019il nous faut prendre garde. Pourquoi\u00a0? Parce que, chez nous en France, il en est aussi qui supportent de plus en plus mal les d\u00e9cisions que rend le Conseil constitutionnel lorsqu\u2019elles leur sont d\u00e9favorables. Ils aimeraient qu\u2019il sache se montrer aussi compr\u00e9hensif \u00e0 l\u2019\u00e9gard des dirigeants en place que sa coll\u00e8gue am\u00e9ricaine. Notre Conseil n\u2019est pas parfait, et sa composition m\u00e9rite sans nul doute d\u2019\u00eatre revue. Mais il repr\u00e9sente une irrempla\u00e7able garantie pour ceux qui consid\u00e8rent que le respect de la Constitution et de certains grands principes d\u00e9gag\u00e9s au fil du temps n\u2019est pas chose n\u00e9gligeable. N\u2019oublions pas non plus les critiques dont font de plus en plus souvent l\u2019objet nombre de d\u00e9cisions de justice, en particulier lorsqu\u2019elles mettent en cause des femmes ou des hommes politiques. On souhaiterait aussi ces juges plus dociles. La justice administrative, plut\u00f4t \u00e9pargn\u00e9e jusqu\u2019ici, n\u2019est d\u00e9sormais plus \u00e0 l\u2019abri et comme il est tentant de pr\u00e9parer en urgence une proposition de loi remettant en question la solution adopt\u00e9e par un jugement de tribunal administratif qui d\u00e9range (dans le cadre du chantier contest\u00e9 de l\u2019autoroute A69), alors que l\u2019usage des voies de recours suffit amplement. Il vous reste 66.75% de cet article \u00e0 lire. La suite est r\u00e9serv\u00e9e aux abonn\u00e9s.\" \/>\n<meta property=\"og:url\" content=\"https:\/\/vof-news.eu\/fr\/preservons-lequilibre-fragile-mais-indispensable-entre-le-politique-et-la-justice\/\" \/>\n<meta property=\"og:site_name\" content=\"vof-news.eu\" \/>\n<meta property=\"article:published_time\" content=\"2025-07-07T06:30:08+00:00\" \/>\n<meta property=\"article:modified_time\" content=\"2025-07-07T06:30:34+00:00\" \/>\n<meta name=\"author\" content=\"Author\" \/>\n<meta name=\"twitter:card\" content=\"summary_large_image\" \/>\n<meta name=\"twitter:label1\" content=\"\u00c9crit par\" \/>\n\t<meta name=\"twitter:data1\" content=\"Author\" \/>\n\t<meta name=\"twitter:label2\" content=\"Dur\u00e9e de lecture estim\u00e9e\" \/>\n\t<meta name=\"twitter:data2\" content=\"2 minutes\" \/>\n<script type=\"application\/ld+json\" class=\"yoast-schema-graph\">{\"@context\":\"https:\/\/schema.org\",\"@graph\":[{\"@type\":\"WebPage\",\"@id\":\"https:\/\/vof-news.eu\/fr\/preservons-lequilibre-fragile-mais-indispensable-entre-le-politique-et-la-justice\/\",\"url\":\"https:\/\/vof-news.eu\/fr\/preservons-lequilibre-fragile-mais-indispensable-entre-le-politique-et-la-justice\/\",\"name\":\"\u00ab\u00a0Pr\u00e9servons l\u2019\u00e9quilibre, fragile mais indispensable, entre le politique et la justice\u00a0\u00bb - vof-news.eu\",\"isPartOf\":{\"@id\":\"https:\/\/vof-news.eu\/fr\/#website\"},\"datePublished\":\"2025-07-07T06:30:08+00:00\",\"dateModified\":\"2025-07-07T06:30:34+00:00\",\"author\":{\"@id\":\"https:\/\/vof-news.eu\/fr\/#\/schema\/person\/f6a2a4309f0561835797fd8c19b333ed\"},\"description\":\", \u2026 tels sont les termes utilis\u00e9s par Donald Trump pour saluer l\u2019arr\u00eat rendu le 27\u00a0juin par la Cour supr\u00eame des Etats-Unis, cens\u00e9 limiter le pouvoir que se reconnaissaient les juges de bloquer les d\u00e9cisions de l\u2019ex\u00e9cutif qu\u2019ils consid\u00e8rent comme ill\u00e9gales. Ce jugement est intervenu le lendemain de l\u2019inauguration du parvis Robert-Badinter, devant les b\u00e2timents du tribunal judiciaire de Paris. Au cours de la c\u00e9r\u00e9monie, un ancien juge (d\u00e9mocrate) de cette m\u00eame Cour supr\u00eame a rendu hommage \u00e0 celui qui \u00e9tait son ami et dont il partageait les valeurs. Comment aurait r\u00e9agi l\u2019homme \u00e9pris de justice, qui entrera au Panth\u00e9on le 9\u00a0octobre, s\u2019il avait eu connaissance de cet arr\u00eat\u00a0? Il aurait pris sa plume ou il aurait pris la parole en embrassant plus largement l\u2019horizon du droit, afin de montrer qu\u2019il y a p\u00e9ril et qu\u2019il nous faut prendre garde. Pourquoi\u00a0? Parce que, chez nous en France, il en est aussi qui supportent de plus en plus mal les d\u00e9cisions que rend le Conseil constitutionnel lorsqu\u2019elles leur sont d\u00e9favorables. Ils aimeraient qu\u2019il sache se montrer aussi compr\u00e9hensif \u00e0 l\u2019\u00e9gard des dirigeants en place que sa coll\u00e8gue am\u00e9ricaine. Notre Conseil n\u2019est pas parfait, et sa composition m\u00e9rite sans nul doute d\u2019\u00eatre revue. Mais il repr\u00e9sente une irrempla\u00e7able garantie pour ceux qui consid\u00e8rent que le respect de la Constitution et de certains grands principes d\u00e9gag\u00e9s au fil du temps n\u2019est pas chose n\u00e9gligeable. N\u2019oublions pas non plus les critiques dont font de plus en plus souvent l\u2019objet nombre de d\u00e9cisions de justice, en particulier lorsqu\u2019elles mettent en cause des femmes ou des hommes politiques. On souhaiterait aussi ces juges plus dociles. La justice administrative, plut\u00f4t \u00e9pargn\u00e9e jusqu\u2019ici, n\u2019est d\u00e9sormais plus \u00e0 l\u2019abri et comme il est tentant de pr\u00e9parer en urgence une proposition de loi remettant en question la solution adopt\u00e9e par un jugement de tribunal administratif qui d\u00e9range (dans le cadre du chantier contest\u00e9 de l\u2019autoroute A69), alors que l\u2019usage des voies de recours suffit amplement. Il vous reste 66.75% de cet article \u00e0 lire. La suite est r\u00e9serv\u00e9e aux abonn\u00e9s.\",\"breadcrumb\":{\"@id\":\"https:\/\/vof-news.eu\/fr\/preservons-lequilibre-fragile-mais-indispensable-entre-le-politique-et-la-justice\/#breadcrumb\"},\"inLanguage\":\"fr-FR\",\"potentialAction\":[{\"@type\":\"ReadAction\",\"target\":[\"https:\/\/vof-news.eu\/fr\/preservons-lequilibre-fragile-mais-indispensable-entre-le-politique-et-la-justice\/\"]}]},{\"@type\":\"BreadcrumbList\",\"@id\":\"https:\/\/vof-news.eu\/fr\/preservons-lequilibre-fragile-mais-indispensable-entre-le-politique-et-la-justice\/#breadcrumb\",\"itemListElement\":[{\"@type\":\"ListItem\",\"position\":1,\"name\":\"Home\",\"item\":\"https:\/\/vof-news.eu\/fr\/\"},{\"@type\":\"ListItem\",\"position\":2,\"name\":\"\u00ab\u00a0Pr\u00e9servons l\u2019\u00e9quilibre, fragile mais indispensable, entre le politique et la justice\u00a0\u00bb\"}]},{\"@type\":\"WebSite\",\"@id\":\"https:\/\/vof-news.eu\/fr\/#website\",\"url\":\"https:\/\/vof-news.eu\/fr\/\",\"name\":\"vof-news.eu\",\"description\":\"\",\"potentialAction\":[{\"@type\":\"SearchAction\",\"target\":{\"@type\":\"EntryPoint\",\"urlTemplate\":\"https:\/\/vof-news.eu\/fr\/?s={search_term_string}\"},\"query-input\":\"required name=search_term_string\"}],\"inLanguage\":\"fr-FR\"},{\"@type\":\"Person\",\"@id\":\"https:\/\/vof-news.eu\/fr\/#\/schema\/person\/f6a2a4309f0561835797fd8c19b333ed\",\"name\":\"Author\",\"image\":{\"@type\":\"ImageObject\",\"inLanguage\":\"fr-FR\",\"@id\":\"https:\/\/vof-news.eu\/fr\/#\/schema\/person\/image\/\",\"url\":\"https:\/\/secure.gravatar.com\/avatar\/b67e614b1b25b3e9c0c239efdd2fde5ab015b5affd6f1c3c85911ca4b384e790?s=96&d=mm&r=g\",\"contentUrl\":\"https:\/\/secure.gravatar.com\/avatar\/b67e614b1b25b3e9c0c239efdd2fde5ab015b5affd6f1c3c85911ca4b384e790?s=96&d=mm&r=g\",\"caption\":\"Author\"},\"sameAs\":[\"http:\/\/vof-news.eu\"],\"url\":\"https:\/\/vof-news.eu\/fr\/author\/zwt6qxnjulxbnyg\/\"}]}<\/script>\n<!-- \/ Yoast SEO plugin. -->","yoast_head_json":{"title":"\u00ab\u00a0Pr\u00e9servons l\u2019\u00e9quilibre, fragile mais indispensable, entre le politique et la justice\u00a0\u00bb - vof-news.eu","description":", \u2026 tels sont les termes utilis\u00e9s par Donald Trump pour saluer l\u2019arr\u00eat rendu le 27\u00a0juin par la Cour supr\u00eame des Etats-Unis, cens\u00e9 limiter le pouvoir que se reconnaissaient les juges de bloquer les d\u00e9cisions de l\u2019ex\u00e9cutif qu\u2019ils consid\u00e8rent comme ill\u00e9gales. Ce jugement est intervenu le lendemain de l\u2019inauguration du parvis Robert-Badinter, devant les b\u00e2timents du tribunal judiciaire de Paris. Au cours de la c\u00e9r\u00e9monie, un ancien juge (d\u00e9mocrate) de cette m\u00eame Cour supr\u00eame a rendu hommage \u00e0 celui qui \u00e9tait son ami et dont il partageait les valeurs. Comment aurait r\u00e9agi l\u2019homme \u00e9pris de justice, qui entrera au Panth\u00e9on le 9\u00a0octobre, s\u2019il avait eu connaissance de cet arr\u00eat\u00a0? Il aurait pris sa plume ou il aurait pris la parole en embrassant plus largement l\u2019horizon du droit, afin de montrer qu\u2019il y a p\u00e9ril et qu\u2019il nous faut prendre garde. Pourquoi\u00a0? Parce que, chez nous en France, il en est aussi qui supportent de plus en plus mal les d\u00e9cisions que rend le Conseil constitutionnel lorsqu\u2019elles leur sont d\u00e9favorables. Ils aimeraient qu\u2019il sache se montrer aussi compr\u00e9hensif \u00e0 l\u2019\u00e9gard des dirigeants en place que sa coll\u00e8gue am\u00e9ricaine. Notre Conseil n\u2019est pas parfait, et sa composition m\u00e9rite sans nul doute d\u2019\u00eatre revue. Mais il repr\u00e9sente une irrempla\u00e7able garantie pour ceux qui consid\u00e8rent que le respect de la Constitution et de certains grands principes d\u00e9gag\u00e9s au fil du temps n\u2019est pas chose n\u00e9gligeable. N\u2019oublions pas non plus les critiques dont font de plus en plus souvent l\u2019objet nombre de d\u00e9cisions de justice, en particulier lorsqu\u2019elles mettent en cause des femmes ou des hommes politiques. On souhaiterait aussi ces juges plus dociles. La justice administrative, plut\u00f4t \u00e9pargn\u00e9e jusqu\u2019ici, n\u2019est d\u00e9sormais plus \u00e0 l\u2019abri et comme il est tentant de pr\u00e9parer en urgence une proposition de loi remettant en question la solution adopt\u00e9e par un jugement de tribunal administratif qui d\u00e9range (dans le cadre du chantier contest\u00e9 de l\u2019autoroute A69), alors que l\u2019usage des voies de recours suffit amplement. Il vous reste 66.75% de cet article \u00e0 lire. La suite est r\u00e9serv\u00e9e aux abonn\u00e9s.","robots":{"index":"noindex","follow":"follow","max-snippet":"max-snippet:-1","max-image-preview":"max-image-preview:large","max-video-preview":"max-video-preview:-1"},"og_locale":"fr_FR","og_type":"article","og_title":"\u00ab\u00a0Pr\u00e9servons l\u2019\u00e9quilibre, fragile mais indispensable, entre le politique et la justice\u00a0\u00bb - vof-news.eu","og_description":", \u2026 tels sont les termes utilis\u00e9s par Donald Trump pour saluer l\u2019arr\u00eat rendu le 27\u00a0juin par la Cour supr\u00eame des Etats-Unis, cens\u00e9 limiter le pouvoir que se reconnaissaient les juges de bloquer les d\u00e9cisions de l\u2019ex\u00e9cutif qu\u2019ils consid\u00e8rent comme ill\u00e9gales. Ce jugement est intervenu le lendemain de l\u2019inauguration du parvis Robert-Badinter, devant les b\u00e2timents du tribunal judiciaire de Paris. Au cours de la c\u00e9r\u00e9monie, un ancien juge (d\u00e9mocrate) de cette m\u00eame Cour supr\u00eame a rendu hommage \u00e0 celui qui \u00e9tait son ami et dont il partageait les valeurs. Comment aurait r\u00e9agi l\u2019homme \u00e9pris de justice, qui entrera au Panth\u00e9on le 9\u00a0octobre, s\u2019il avait eu connaissance de cet arr\u00eat\u00a0? Il aurait pris sa plume ou il aurait pris la parole en embrassant plus largement l\u2019horizon du droit, afin de montrer qu\u2019il y a p\u00e9ril et qu\u2019il nous faut prendre garde. Pourquoi\u00a0? Parce que, chez nous en France, il en est aussi qui supportent de plus en plus mal les d\u00e9cisions que rend le Conseil constitutionnel lorsqu\u2019elles leur sont d\u00e9favorables. Ils aimeraient qu\u2019il sache se montrer aussi compr\u00e9hensif \u00e0 l\u2019\u00e9gard des dirigeants en place que sa coll\u00e8gue am\u00e9ricaine. Notre Conseil n\u2019est pas parfait, et sa composition m\u00e9rite sans nul doute d\u2019\u00eatre revue. Mais il repr\u00e9sente une irrempla\u00e7able garantie pour ceux qui consid\u00e8rent que le respect de la Constitution et de certains grands principes d\u00e9gag\u00e9s au fil du temps n\u2019est pas chose n\u00e9gligeable. N\u2019oublions pas non plus les critiques dont font de plus en plus souvent l\u2019objet nombre de d\u00e9cisions de justice, en particulier lorsqu\u2019elles mettent en cause des femmes ou des hommes politiques. On souhaiterait aussi ces juges plus dociles. La justice administrative, plut\u00f4t \u00e9pargn\u00e9e jusqu\u2019ici, n\u2019est d\u00e9sormais plus \u00e0 l\u2019abri et comme il est tentant de pr\u00e9parer en urgence une proposition de loi remettant en question la solution adopt\u00e9e par un jugement de tribunal administratif qui d\u00e9range (dans le cadre du chantier contest\u00e9 de l\u2019autoroute A69), alors que l\u2019usage des voies de recours suffit amplement. Il vous reste 66.75% de cet article \u00e0 lire. La suite est r\u00e9serv\u00e9e aux abonn\u00e9s.","og_url":"https:\/\/vof-news.eu\/fr\/preservons-lequilibre-fragile-mais-indispensable-entre-le-politique-et-la-justice\/","og_site_name":"vof-news.eu","article_published_time":"2025-07-07T06:30:08+00:00","article_modified_time":"2025-07-07T06:30:34+00:00","author":"Author","twitter_card":"summary_large_image","twitter_misc":{"\u00c9crit par":"Author","Dur\u00e9e de lecture estim\u00e9e":"2 minutes"},"schema":{"@context":"https:\/\/schema.org","@graph":[{"@type":"WebPage","@id":"https:\/\/vof-news.eu\/fr\/preservons-lequilibre-fragile-mais-indispensable-entre-le-politique-et-la-justice\/","url":"https:\/\/vof-news.eu\/fr\/preservons-lequilibre-fragile-mais-indispensable-entre-le-politique-et-la-justice\/","name":"\u00ab\u00a0Pr\u00e9servons l\u2019\u00e9quilibre, fragile mais indispensable, entre le politique et la justice\u00a0\u00bb - vof-news.eu","isPartOf":{"@id":"https:\/\/vof-news.eu\/fr\/#website"},"datePublished":"2025-07-07T06:30:08+00:00","dateModified":"2025-07-07T06:30:34+00:00","author":{"@id":"https:\/\/vof-news.eu\/fr\/#\/schema\/person\/f6a2a4309f0561835797fd8c19b333ed"},"description":", \u2026 tels sont les termes utilis\u00e9s par Donald Trump pour saluer l\u2019arr\u00eat rendu le 27\u00a0juin par la Cour supr\u00eame des Etats-Unis, cens\u00e9 limiter le pouvoir que se reconnaissaient les juges de bloquer les d\u00e9cisions de l\u2019ex\u00e9cutif qu\u2019ils consid\u00e8rent comme ill\u00e9gales. Ce jugement est intervenu le lendemain de l\u2019inauguration du parvis Robert-Badinter, devant les b\u00e2timents du tribunal judiciaire de Paris. Au cours de la c\u00e9r\u00e9monie, un ancien juge (d\u00e9mocrate) de cette m\u00eame Cour supr\u00eame a rendu hommage \u00e0 celui qui \u00e9tait son ami et dont il partageait les valeurs. Comment aurait r\u00e9agi l\u2019homme \u00e9pris de justice, qui entrera au Panth\u00e9on le 9\u00a0octobre, s\u2019il avait eu connaissance de cet arr\u00eat\u00a0? Il aurait pris sa plume ou il aurait pris la parole en embrassant plus largement l\u2019horizon du droit, afin de montrer qu\u2019il y a p\u00e9ril et qu\u2019il nous faut prendre garde. Pourquoi\u00a0? Parce que, chez nous en France, il en est aussi qui supportent de plus en plus mal les d\u00e9cisions que rend le Conseil constitutionnel lorsqu\u2019elles leur sont d\u00e9favorables. Ils aimeraient qu\u2019il sache se montrer aussi compr\u00e9hensif \u00e0 l\u2019\u00e9gard des dirigeants en place que sa coll\u00e8gue am\u00e9ricaine. Notre Conseil n\u2019est pas parfait, et sa composition m\u00e9rite sans nul doute d\u2019\u00eatre revue. Mais il repr\u00e9sente une irrempla\u00e7able garantie pour ceux qui consid\u00e8rent que le respect de la Constitution et de certains grands principes d\u00e9gag\u00e9s au fil du temps n\u2019est pas chose n\u00e9gligeable. N\u2019oublions pas non plus les critiques dont font de plus en plus souvent l\u2019objet nombre de d\u00e9cisions de justice, en particulier lorsqu\u2019elles mettent en cause des femmes ou des hommes politiques. On souhaiterait aussi ces juges plus dociles. La justice administrative, plut\u00f4t \u00e9pargn\u00e9e jusqu\u2019ici, n\u2019est d\u00e9sormais plus \u00e0 l\u2019abri et comme il est tentant de pr\u00e9parer en urgence une proposition de loi remettant en question la solution adopt\u00e9e par un jugement de tribunal administratif qui d\u00e9range (dans le cadre du chantier contest\u00e9 de l\u2019autoroute A69), alors que l\u2019usage des voies de recours suffit amplement. Il vous reste 66.75% de cet article \u00e0 lire. La suite est r\u00e9serv\u00e9e aux abonn\u00e9s.","breadcrumb":{"@id":"https:\/\/vof-news.eu\/fr\/preservons-lequilibre-fragile-mais-indispensable-entre-le-politique-et-la-justice\/#breadcrumb"},"inLanguage":"fr-FR","potentialAction":[{"@type":"ReadAction","target":["https:\/\/vof-news.eu\/fr\/preservons-lequilibre-fragile-mais-indispensable-entre-le-politique-et-la-justice\/"]}]},{"@type":"BreadcrumbList","@id":"https:\/\/vof-news.eu\/fr\/preservons-lequilibre-fragile-mais-indispensable-entre-le-politique-et-la-justice\/#breadcrumb","itemListElement":[{"@type":"ListItem","position":1,"name":"Home","item":"https:\/\/vof-news.eu\/fr\/"},{"@type":"ListItem","position":2,"name":"\u00ab\u00a0Pr\u00e9servons l\u2019\u00e9quilibre, fragile mais indispensable, entre le politique et la justice\u00a0\u00bb"}]},{"@type":"WebSite","@id":"https:\/\/vof-news.eu\/fr\/#website","url":"https:\/\/vof-news.eu\/fr\/","name":"vof-news.eu","description":"","potentialAction":[{"@type":"SearchAction","target":{"@type":"EntryPoint","urlTemplate":"https:\/\/vof-news.eu\/fr\/?s={search_term_string}"},"query-input":"required name=search_term_string"}],"inLanguage":"fr-FR"},{"@type":"Person","@id":"https:\/\/vof-news.eu\/fr\/#\/schema\/person\/f6a2a4309f0561835797fd8c19b333ed","name":"Author","image":{"@type":"ImageObject","inLanguage":"fr-FR","@id":"https:\/\/vof-news.eu\/fr\/#\/schema\/person\/image\/","url":"https:\/\/secure.gravatar.com\/avatar\/b67e614b1b25b3e9c0c239efdd2fde5ab015b5affd6f1c3c85911ca4b384e790?s=96&d=mm&r=g","contentUrl":"https:\/\/secure.gravatar.com\/avatar\/b67e614b1b25b3e9c0c239efdd2fde5ab015b5affd6f1c3c85911ca4b384e790?s=96&d=mm&r=g","caption":"Author"},"sameAs":["http:\/\/vof-news.eu"],"url":"https:\/\/vof-news.eu\/fr\/author\/zwt6qxnjulxbnyg\/"}]}},"yoast_meta":{"yoast_wpseo_title":"","yoast_wpseo_metadesc":"","yoast_wpseo_canonical":""},"_links":{"self":[{"href":"https:\/\/vof-news.eu\/fr\/wp-json\/wp\/v2\/posts\/248606","targetHints":{"allow":["GET"]}}],"collection":[{"href":"https:\/\/vof-news.eu\/fr\/wp-json\/wp\/v2\/posts"}],"about":[{"href":"https:\/\/vof-news.eu\/fr\/wp-json\/wp\/v2\/types\/post"}],"author":[{"embeddable":true,"href":"https:\/\/vof-news.eu\/fr\/wp-json\/wp\/v2\/users\/1"}],"replies":[{"embeddable":true,"href":"https:\/\/vof-news.eu\/fr\/wp-json\/wp\/v2\/comments?post=248606"}],"version-history":[{"count":1,"href":"https:\/\/vof-news.eu\/fr\/wp-json\/wp\/v2\/posts\/248606\/revisions"}],"predecessor-version":[{"id":248607,"href":"https:\/\/vof-news.eu\/fr\/wp-json\/wp\/v2\/posts\/248606\/revisions\/248607"}],"wp:attachment":[{"href":"https:\/\/vof-news.eu\/fr\/wp-json\/wp\/v2\/media?parent=248606"}],"wp:term":[{"taxonomy":"category","embeddable":true,"href":"https:\/\/vof-news.eu\/fr\/wp-json\/wp\/v2\/categories?post=248606"},{"taxonomy":"post_tag","embeddable":true,"href":"https:\/\/vof-news.eu\/fr\/wp-json\/wp\/v2\/tags?post=248606"}],"curies":[{"name":"wp","href":"https:\/\/api.w.org\/{rel}","templated":true}]}}