{"id":248582,"date":"2025-07-07T07:34:11","date_gmt":"2025-07-07T04:34:11","guid":{"rendered":"https:\/\/vof-news.eu\/en-ukraine-vladimir-poutine-fait-le-choix-de-la-guerre-longue\/"},"modified":"2025-07-07T07:34:26","modified_gmt":"2025-07-07T04:34:26","slug":"en-ukraine-vladimir-poutine-fait-le-choix-de-la-guerre-longue","status":"publish","type":"post","link":"https:\/\/vof-news.eu\/fr\/en-ukraine-vladimir-poutine-fait-le-choix-de-la-guerre-longue\/","title":{"rendered":"En Ukraine, Vladimir Poutine fait le\u00a0choix de la guerre longue"},"content":{"rendered":"<article>\n<p><span>T<\/span>out un symbole. Juste apr\u00e8s avoir parl\u00e9 pendant deux\u00a0heures, mardi 1<sup>er<\/sup>\u00a0juillet, avec Emmanuel Macron, son premier entretien t\u00e9l\u00e9phonique en trois\u00a0ans avec le pr\u00e9sident fran\u00e7ais, Vladimir Poutine a encha\u00een\u00e9 en pr\u00e9sentiel avec\u2026 Evgueni Pervychov, gouverneur de l\u2019oblast de Tambov, petite r\u00e9gion \u00e0<strong> <\/strong>400\u00a0kilom\u00e8tres de Moscou.<\/p>\n<section>   <\/section>\n<p>C\u2019est l\u2019un des  de l\u2019invasion de l\u2019Ukraine\u00a0: en r\u00e9compense pour son engagement militaire, l\u2019ex-maire et modeste d\u00e9put\u00e9 local, parti au front en volontaire, a \u00e9t\u00e9 propuls\u00e9 gouverneur en novembre\u00a02024. Depuis, M.\u00a0Pervychov est c\u00e9l\u00e9br\u00e9 en symbole, figure de la nouvelle \u00e9lite m\u00e9daill\u00e9e et d\u00e9cor\u00e9e, promue apr\u00e8s avoir combattu.<\/p>\n<p>Alors que M.\u00a0Poutine venait de r\u00e9p\u00e9ter \u00e0 M.\u00a0Macron<strong> <\/strong>son argumentaire sur la lutte contre le retour du nazisme en Europe, le pr\u00e9sident russe a pu montrer, avec M.\u00a0Pervychov, que la guerre et la victoire restent sa priorit\u00e9. L\u2019entretien avec le pr\u00e9sident fran\u00e7ais, moqu\u00e9 en Europ\u00e9en faible, est pass\u00e9 inaper\u00e7u en Russie. La rencontre avec le gouverneur, lou\u00e9 en mod\u00e8le, a au contraire \u00e9t\u00e9 largement couverte par les t\u00e9l\u00e9visions.<\/p>\n<h2>Une seule grille de lecture<\/h2>\n<p><strong>Il vous reste 81.61% de cet article \u00e0 lire. La suite est r\u00e9serv\u00e9e aux abonn\u00e9s.<\/strong><\/p>\n<\/article>\n","protected":false},"excerpt":{"rendered":"<p>Tout un symbole. Juste apr\u00e8s avoir parl\u00e9 pendant deux\u00a0heures, mardi 1er\u00a0juillet, avec Emmanuel Macron, son premier entretien t\u00e9l\u00e9phonique en trois\u00a0ans avec le pr\u00e9sident fran\u00e7ais, Vladimir Poutine a encha\u00een\u00e9 en pr\u00e9sentiel avec\u2026 Evgueni Pervychov, gouverneur de l\u2019oblast de Tambov, petite r\u00e9gion \u00e0 400\u00a0kilom\u00e8tres de Moscou. C\u2019est l\u2019un des de l\u2019invasion de l\u2019Ukraine\u00a0: en r\u00e9compense pour son<\/p>\n","protected":false},"author":1,"featured_media":248583,"comment_status":"open","ping_status":"open","sticky":false,"template":"","format":"standard","meta":{"footnotes":""},"categories":[115],"tags":[],"class_list":["post-248582","post","type-post","status-publish","format-standard","has-post-thumbnail","hentry","category-war-chronicles-fr"],"acf":[],"yoast_head":"<!-- This site is optimized with the Yoast SEO plugin v22.9 - https:\/\/yoast.com\/wordpress\/plugins\/seo\/ -->\n<title>En Ukraine, Vladimir Poutine fait le\u00a0choix de la guerre longue - vof-news.eu<\/title>\n<meta name=\"description\" content=\"Tout un symbole. Juste apr\u00e8s avoir parl\u00e9 pendant deux\u00a0heures, mardi 1er\u00a0juillet, avec Emmanuel Macron, son premier entretien t\u00e9l\u00e9phonique en trois\u00a0ans avec le pr\u00e9sident fran\u00e7ais, Vladimir Poutine a encha\u00een\u00e9 en pr\u00e9sentiel avec\u2026 Evgueni Pervychov, gouverneur de l\u2019oblast de Tambov, petite r\u00e9gion \u00e0 400\u00a0kilom\u00e8tres de Moscou.   C\u2019est l\u2019un des de l\u2019invasion de l\u2019Ukraine\u00a0: en r\u00e9compense pour son engagement militaire, l\u2019ex-maire et modeste d\u00e9put\u00e9 local, parti au front en volontaire, a \u00e9t\u00e9 propuls\u00e9 gouverneur en novembre\u00a02024. Depuis, M.\u00a0Pervychov est c\u00e9l\u00e9br\u00e9 en symbole, figure de la nouvelle \u00e9lite m\u00e9daill\u00e9e et d\u00e9cor\u00e9e, promue apr\u00e8s avoir combattu. Alors que M.\u00a0Poutine venait de r\u00e9p\u00e9ter \u00e0 M.\u00a0Macron son argumentaire sur la lutte contre le retour du nazisme en Europe, le pr\u00e9sident russe a pu montrer, avec M.\u00a0Pervychov, que la guerre et la victoire restent sa priorit\u00e9. L\u2019entretien avec le pr\u00e9sident fran\u00e7ais, moqu\u00e9 en Europ\u00e9en faible, est pass\u00e9 inaper\u00e7u en Russie. La rencontre avec le gouverneur, lou\u00e9 en mod\u00e8le, a au contraire \u00e9t\u00e9 largement couverte par les t\u00e9l\u00e9visions. Une seule grille de lecture Il vous reste 81.61% de cet article \u00e0 lire. La suite est r\u00e9serv\u00e9e aux abonn\u00e9s.\" \/>\n<meta name=\"robots\" content=\"noindex, follow, max-snippet:-1, max-image-preview:large, max-video-preview:-1\" \/>\n<meta property=\"og:locale\" content=\"fr_FR\" \/>\n<meta property=\"og:type\" content=\"article\" \/>\n<meta property=\"og:title\" content=\"En Ukraine, Vladimir Poutine fait le\u00a0choix de la guerre longue - vof-news.eu\" \/>\n<meta property=\"og:description\" content=\"Tout un symbole. Juste apr\u00e8s avoir parl\u00e9 pendant deux\u00a0heures, mardi 1er\u00a0juillet, avec Emmanuel Macron, son premier entretien t\u00e9l\u00e9phonique en trois\u00a0ans avec le pr\u00e9sident fran\u00e7ais, Vladimir Poutine a encha\u00een\u00e9 en pr\u00e9sentiel avec\u2026 Evgueni Pervychov, gouverneur de l\u2019oblast de Tambov, petite r\u00e9gion \u00e0 400\u00a0kilom\u00e8tres de Moscou.   C\u2019est l\u2019un des de l\u2019invasion de l\u2019Ukraine\u00a0: en r\u00e9compense pour son engagement militaire, l\u2019ex-maire et modeste d\u00e9put\u00e9 local, parti au front en volontaire, a \u00e9t\u00e9 propuls\u00e9 gouverneur en novembre\u00a02024. Depuis, M.\u00a0Pervychov est c\u00e9l\u00e9br\u00e9 en symbole, figure de la nouvelle \u00e9lite m\u00e9daill\u00e9e et d\u00e9cor\u00e9e, promue apr\u00e8s avoir combattu. Alors que M.\u00a0Poutine venait de r\u00e9p\u00e9ter \u00e0 M.\u00a0Macron son argumentaire sur la lutte contre le retour du nazisme en Europe, le pr\u00e9sident russe a pu montrer, avec M.\u00a0Pervychov, que la guerre et la victoire restent sa priorit\u00e9. L\u2019entretien avec le pr\u00e9sident fran\u00e7ais, moqu\u00e9 en Europ\u00e9en faible, est pass\u00e9 inaper\u00e7u en Russie. La rencontre avec le gouverneur, lou\u00e9 en mod\u00e8le, a au contraire \u00e9t\u00e9 largement couverte par les t\u00e9l\u00e9visions. Une seule grille de lecture Il vous reste 81.61% de cet article \u00e0 lire. La suite est r\u00e9serv\u00e9e aux abonn\u00e9s.\" \/>\n<meta property=\"og:url\" content=\"https:\/\/vof-news.eu\/fr\/en-ukraine-vladimir-poutine-fait-le-choix-de-la-guerre-longue\/\" \/>\n<meta property=\"og:site_name\" content=\"vof-news.eu\" \/>\n<meta property=\"article:published_time\" content=\"2025-07-07T04:34:11+00:00\" \/>\n<meta property=\"article:modified_time\" content=\"2025-07-07T04:34:26+00:00\" \/>\n<meta property=\"og:image\" content=\"https:\/\/vof-news.eu\/wp-content\/uploads\/2025\/07\/f960414_upload-1-oxlnehq9rjyx-885378.jpg\" \/>\n\t<meta property=\"og:image:width\" content=\"664\" \/>\n\t<meta property=\"og:image:height\" content=\"443\" \/>\n\t<meta property=\"og:image:type\" content=\"image\/jpeg\" \/>\n<meta name=\"author\" content=\"Author\" \/>\n<meta name=\"twitter:card\" content=\"summary_large_image\" \/>\n<meta name=\"twitter:label1\" content=\"\u00c9crit par\" \/>\n\t<meta name=\"twitter:data1\" content=\"Author\" \/>\n\t<meta name=\"twitter:label2\" content=\"Dur\u00e9e de lecture estim\u00e9e\" \/>\n\t<meta name=\"twitter:data2\" content=\"1 minute\" \/>\n<script type=\"application\/ld+json\" class=\"yoast-schema-graph\">{\"@context\":\"https:\/\/schema.org\",\"@graph\":[{\"@type\":\"WebPage\",\"@id\":\"https:\/\/vof-news.eu\/fr\/en-ukraine-vladimir-poutine-fait-le-choix-de-la-guerre-longue\/\",\"url\":\"https:\/\/vof-news.eu\/fr\/en-ukraine-vladimir-poutine-fait-le-choix-de-la-guerre-longue\/\",\"name\":\"En Ukraine, Vladimir Poutine fait le\u00a0choix de la guerre longue - vof-news.eu\",\"isPartOf\":{\"@id\":\"https:\/\/vof-news.eu\/fr\/#website\"},\"primaryImageOfPage\":{\"@id\":\"https:\/\/vof-news.eu\/fr\/en-ukraine-vladimir-poutine-fait-le-choix-de-la-guerre-longue\/#primaryimage\"},\"image\":{\"@id\":\"https:\/\/vof-news.eu\/fr\/en-ukraine-vladimir-poutine-fait-le-choix-de-la-guerre-longue\/#primaryimage\"},\"thumbnailUrl\":\"https:\/\/vof-news.eu\/wp-content\/uploads\/2025\/07\/f960414_upload-1-oxlnehq9rjyx-885378.jpg\",\"datePublished\":\"2025-07-07T04:34:11+00:00\",\"dateModified\":\"2025-07-07T04:34:26+00:00\",\"author\":{\"@id\":\"https:\/\/vof-news.eu\/fr\/#\/schema\/person\/f6a2a4309f0561835797fd8c19b333ed\"},\"description\":\"Tout un symbole. Juste apr\u00e8s avoir parl\u00e9 pendant deux\u00a0heures, mardi 1er\u00a0juillet, avec Emmanuel Macron, son premier entretien t\u00e9l\u00e9phonique en trois\u00a0ans avec le pr\u00e9sident fran\u00e7ais, Vladimir Poutine a encha\u00een\u00e9 en pr\u00e9sentiel avec\u2026 Evgueni Pervychov, gouverneur de l\u2019oblast de Tambov, petite r\u00e9gion \u00e0 400\u00a0kilom\u00e8tres de Moscou. C\u2019est l\u2019un des de l\u2019invasion de l\u2019Ukraine\u00a0: en r\u00e9compense pour son engagement militaire, l\u2019ex-maire et modeste d\u00e9put\u00e9 local, parti au front en volontaire, a \u00e9t\u00e9 propuls\u00e9 gouverneur en novembre\u00a02024. Depuis, M.\u00a0Pervychov est c\u00e9l\u00e9br\u00e9 en symbole, figure de la nouvelle \u00e9lite m\u00e9daill\u00e9e et d\u00e9cor\u00e9e, promue apr\u00e8s avoir combattu. Alors que M.\u00a0Poutine venait de r\u00e9p\u00e9ter \u00e0 M.\u00a0Macron son argumentaire sur la lutte contre le retour du nazisme en Europe, le pr\u00e9sident russe a pu montrer, avec M.\u00a0Pervychov, que la guerre et la victoire restent sa priorit\u00e9. L\u2019entretien avec le pr\u00e9sident fran\u00e7ais, moqu\u00e9 en Europ\u00e9en faible, est pass\u00e9 inaper\u00e7u en Russie. La rencontre avec le gouverneur, lou\u00e9 en mod\u00e8le, a au contraire \u00e9t\u00e9 largement couverte par les t\u00e9l\u00e9visions. Une seule grille de lecture Il vous reste 81.61% de cet article \u00e0 lire. La suite est r\u00e9serv\u00e9e aux abonn\u00e9s.\",\"breadcrumb\":{\"@id\":\"https:\/\/vof-news.eu\/fr\/en-ukraine-vladimir-poutine-fait-le-choix-de-la-guerre-longue\/#breadcrumb\"},\"inLanguage\":\"fr-FR\",\"potentialAction\":[{\"@type\":\"ReadAction\",\"target\":[\"https:\/\/vof-news.eu\/fr\/en-ukraine-vladimir-poutine-fait-le-choix-de-la-guerre-longue\/\"]}]},{\"@type\":\"ImageObject\",\"inLanguage\":\"fr-FR\",\"@id\":\"https:\/\/vof-news.eu\/fr\/en-ukraine-vladimir-poutine-fait-le-choix-de-la-guerre-longue\/#primaryimage\",\"url\":\"https:\/\/vof-news.eu\/wp-content\/uploads\/2025\/07\/f960414_upload-1-oxlnehq9rjyx-885378.jpg\",\"contentUrl\":\"https:\/\/vof-news.eu\/wp-content\/uploads\/2025\/07\/f960414_upload-1-oxlnehq9rjyx-885378.jpg\",\"width\":664,\"height\":443},{\"@type\":\"BreadcrumbList\",\"@id\":\"https:\/\/vof-news.eu\/fr\/en-ukraine-vladimir-poutine-fait-le-choix-de-la-guerre-longue\/#breadcrumb\",\"itemListElement\":[{\"@type\":\"ListItem\",\"position\":1,\"name\":\"Home\",\"item\":\"https:\/\/vof-news.eu\/fr\/\"},{\"@type\":\"ListItem\",\"position\":2,\"name\":\"En Ukraine, Vladimir Poutine fait le\u00a0choix de la guerre longue\"}]},{\"@type\":\"WebSite\",\"@id\":\"https:\/\/vof-news.eu\/fr\/#website\",\"url\":\"https:\/\/vof-news.eu\/fr\/\",\"name\":\"vof-news.eu\",\"description\":\"\",\"potentialAction\":[{\"@type\":\"SearchAction\",\"target\":{\"@type\":\"EntryPoint\",\"urlTemplate\":\"https:\/\/vof-news.eu\/fr\/?s={search_term_string}\"},\"query-input\":\"required name=search_term_string\"}],\"inLanguage\":\"fr-FR\"},{\"@type\":\"Person\",\"@id\":\"https:\/\/vof-news.eu\/fr\/#\/schema\/person\/f6a2a4309f0561835797fd8c19b333ed\",\"name\":\"Author\",\"image\":{\"@type\":\"ImageObject\",\"inLanguage\":\"fr-FR\",\"@id\":\"https:\/\/vof-news.eu\/fr\/#\/schema\/person\/image\/\",\"url\":\"https:\/\/secure.gravatar.com\/avatar\/b67e614b1b25b3e9c0c239efdd2fde5ab015b5affd6f1c3c85911ca4b384e790?s=96&d=mm&r=g\",\"contentUrl\":\"https:\/\/secure.gravatar.com\/avatar\/b67e614b1b25b3e9c0c239efdd2fde5ab015b5affd6f1c3c85911ca4b384e790?s=96&d=mm&r=g\",\"caption\":\"Author\"},\"sameAs\":[\"http:\/\/vof-news.eu\"],\"url\":\"https:\/\/vof-news.eu\/fr\/author\/zwt6qxnjulxbnyg\/\"}]}<\/script>\n<!-- \/ Yoast SEO plugin. -->","yoast_head_json":{"title":"En Ukraine, Vladimir Poutine fait le\u00a0choix de la guerre longue - vof-news.eu","description":"Tout un symbole. Juste apr\u00e8s avoir parl\u00e9 pendant deux\u00a0heures, mardi 1er\u00a0juillet, avec Emmanuel Macron, son premier entretien t\u00e9l\u00e9phonique en trois\u00a0ans avec le pr\u00e9sident fran\u00e7ais, Vladimir Poutine a encha\u00een\u00e9 en pr\u00e9sentiel avec\u2026 Evgueni Pervychov, gouverneur de l\u2019oblast de Tambov, petite r\u00e9gion \u00e0 400\u00a0kilom\u00e8tres de Moscou.   C\u2019est l\u2019un des de l\u2019invasion de l\u2019Ukraine\u00a0: en r\u00e9compense pour son engagement militaire, l\u2019ex-maire et modeste d\u00e9put\u00e9 local, parti au front en volontaire, a \u00e9t\u00e9 propuls\u00e9 gouverneur en novembre\u00a02024. Depuis, M.\u00a0Pervychov est c\u00e9l\u00e9br\u00e9 en symbole, figure de la nouvelle \u00e9lite m\u00e9daill\u00e9e et d\u00e9cor\u00e9e, promue apr\u00e8s avoir combattu. Alors que M.\u00a0Poutine venait de r\u00e9p\u00e9ter \u00e0 M.\u00a0Macron son argumentaire sur la lutte contre le retour du nazisme en Europe, le pr\u00e9sident russe a pu montrer, avec M.\u00a0Pervychov, que la guerre et la victoire restent sa priorit\u00e9. L\u2019entretien avec le pr\u00e9sident fran\u00e7ais, moqu\u00e9 en Europ\u00e9en faible, est pass\u00e9 inaper\u00e7u en Russie. La rencontre avec le gouverneur, lou\u00e9 en mod\u00e8le, a au contraire \u00e9t\u00e9 largement couverte par les t\u00e9l\u00e9visions. Une seule grille de lecture Il vous reste 81.61% de cet article \u00e0 lire. La suite est r\u00e9serv\u00e9e aux abonn\u00e9s.","robots":{"index":"noindex","follow":"follow","max-snippet":"max-snippet:-1","max-image-preview":"max-image-preview:large","max-video-preview":"max-video-preview:-1"},"og_locale":"fr_FR","og_type":"article","og_title":"En Ukraine, Vladimir Poutine fait le\u00a0choix de la guerre longue - vof-news.eu","og_description":"Tout un symbole. Juste apr\u00e8s avoir parl\u00e9 pendant deux\u00a0heures, mardi 1er\u00a0juillet, avec Emmanuel Macron, son premier entretien t\u00e9l\u00e9phonique en trois\u00a0ans avec le pr\u00e9sident fran\u00e7ais, Vladimir Poutine a encha\u00een\u00e9 en pr\u00e9sentiel avec\u2026 Evgueni Pervychov, gouverneur de l\u2019oblast de Tambov, petite r\u00e9gion \u00e0 400\u00a0kilom\u00e8tres de Moscou.   C\u2019est l\u2019un des de l\u2019invasion de l\u2019Ukraine\u00a0: en r\u00e9compense pour son engagement militaire, l\u2019ex-maire et modeste d\u00e9put\u00e9 local, parti au front en volontaire, a \u00e9t\u00e9 propuls\u00e9 gouverneur en novembre\u00a02024. Depuis, M.\u00a0Pervychov est c\u00e9l\u00e9br\u00e9 en symbole, figure de la nouvelle \u00e9lite m\u00e9daill\u00e9e et d\u00e9cor\u00e9e, promue apr\u00e8s avoir combattu. Alors que M.\u00a0Poutine venait de r\u00e9p\u00e9ter \u00e0 M.\u00a0Macron son argumentaire sur la lutte contre le retour du nazisme en Europe, le pr\u00e9sident russe a pu montrer, avec M.\u00a0Pervychov, que la guerre et la victoire restent sa priorit\u00e9. L\u2019entretien avec le pr\u00e9sident fran\u00e7ais, moqu\u00e9 en Europ\u00e9en faible, est pass\u00e9 inaper\u00e7u en Russie. La rencontre avec le gouverneur, lou\u00e9 en mod\u00e8le, a au contraire \u00e9t\u00e9 largement couverte par les t\u00e9l\u00e9visions. Une seule grille de lecture Il vous reste 81.61% de cet article \u00e0 lire. La suite est r\u00e9serv\u00e9e aux abonn\u00e9s.","og_url":"https:\/\/vof-news.eu\/fr\/en-ukraine-vladimir-poutine-fait-le-choix-de-la-guerre-longue\/","og_site_name":"vof-news.eu","article_published_time":"2025-07-07T04:34:11+00:00","article_modified_time":"2025-07-07T04:34:26+00:00","og_image":[{"width":664,"height":443,"url":"https:\/\/vof-news.eu\/wp-content\/uploads\/2025\/07\/f960414_upload-1-oxlnehq9rjyx-885378.jpg","type":"image\/jpeg"}],"author":"Author","twitter_card":"summary_large_image","twitter_misc":{"\u00c9crit par":"Author","Dur\u00e9e de lecture estim\u00e9e":"1 minute"},"schema":{"@context":"https:\/\/schema.org","@graph":[{"@type":"WebPage","@id":"https:\/\/vof-news.eu\/fr\/en-ukraine-vladimir-poutine-fait-le-choix-de-la-guerre-longue\/","url":"https:\/\/vof-news.eu\/fr\/en-ukraine-vladimir-poutine-fait-le-choix-de-la-guerre-longue\/","name":"En Ukraine, Vladimir Poutine fait le\u00a0choix de la guerre longue - vof-news.eu","isPartOf":{"@id":"https:\/\/vof-news.eu\/fr\/#website"},"primaryImageOfPage":{"@id":"https:\/\/vof-news.eu\/fr\/en-ukraine-vladimir-poutine-fait-le-choix-de-la-guerre-longue\/#primaryimage"},"image":{"@id":"https:\/\/vof-news.eu\/fr\/en-ukraine-vladimir-poutine-fait-le-choix-de-la-guerre-longue\/#primaryimage"},"thumbnailUrl":"https:\/\/vof-news.eu\/wp-content\/uploads\/2025\/07\/f960414_upload-1-oxlnehq9rjyx-885378.jpg","datePublished":"2025-07-07T04:34:11+00:00","dateModified":"2025-07-07T04:34:26+00:00","author":{"@id":"https:\/\/vof-news.eu\/fr\/#\/schema\/person\/f6a2a4309f0561835797fd8c19b333ed"},"description":"Tout un symbole. Juste apr\u00e8s avoir parl\u00e9 pendant deux\u00a0heures, mardi 1er\u00a0juillet, avec Emmanuel Macron, son premier entretien t\u00e9l\u00e9phonique en trois\u00a0ans avec le pr\u00e9sident fran\u00e7ais, Vladimir Poutine a encha\u00een\u00e9 en pr\u00e9sentiel avec\u2026 Evgueni Pervychov, gouverneur de l\u2019oblast de Tambov, petite r\u00e9gion \u00e0 400\u00a0kilom\u00e8tres de Moscou. C\u2019est l\u2019un des de l\u2019invasion de l\u2019Ukraine\u00a0: en r\u00e9compense pour son engagement militaire, l\u2019ex-maire et modeste d\u00e9put\u00e9 local, parti au front en volontaire, a \u00e9t\u00e9 propuls\u00e9 gouverneur en novembre\u00a02024. Depuis, M.\u00a0Pervychov est c\u00e9l\u00e9br\u00e9 en symbole, figure de la nouvelle \u00e9lite m\u00e9daill\u00e9e et d\u00e9cor\u00e9e, promue apr\u00e8s avoir combattu. Alors que M.\u00a0Poutine venait de r\u00e9p\u00e9ter \u00e0 M.\u00a0Macron son argumentaire sur la lutte contre le retour du nazisme en Europe, le pr\u00e9sident russe a pu montrer, avec M.\u00a0Pervychov, que la guerre et la victoire restent sa priorit\u00e9. L\u2019entretien avec le pr\u00e9sident fran\u00e7ais, moqu\u00e9 en Europ\u00e9en faible, est pass\u00e9 inaper\u00e7u en Russie. La rencontre avec le gouverneur, lou\u00e9 en mod\u00e8le, a au contraire \u00e9t\u00e9 largement couverte par les t\u00e9l\u00e9visions. Une seule grille de lecture Il vous reste 81.61% de cet article \u00e0 lire. La suite est r\u00e9serv\u00e9e aux abonn\u00e9s.","breadcrumb":{"@id":"https:\/\/vof-news.eu\/fr\/en-ukraine-vladimir-poutine-fait-le-choix-de-la-guerre-longue\/#breadcrumb"},"inLanguage":"fr-FR","potentialAction":[{"@type":"ReadAction","target":["https:\/\/vof-news.eu\/fr\/en-ukraine-vladimir-poutine-fait-le-choix-de-la-guerre-longue\/"]}]},{"@type":"ImageObject","inLanguage":"fr-FR","@id":"https:\/\/vof-news.eu\/fr\/en-ukraine-vladimir-poutine-fait-le-choix-de-la-guerre-longue\/#primaryimage","url":"https:\/\/vof-news.eu\/wp-content\/uploads\/2025\/07\/f960414_upload-1-oxlnehq9rjyx-885378.jpg","contentUrl":"https:\/\/vof-news.eu\/wp-content\/uploads\/2025\/07\/f960414_upload-1-oxlnehq9rjyx-885378.jpg","width":664,"height":443},{"@type":"BreadcrumbList","@id":"https:\/\/vof-news.eu\/fr\/en-ukraine-vladimir-poutine-fait-le-choix-de-la-guerre-longue\/#breadcrumb","itemListElement":[{"@type":"ListItem","position":1,"name":"Home","item":"https:\/\/vof-news.eu\/fr\/"},{"@type":"ListItem","position":2,"name":"En Ukraine, Vladimir Poutine fait le\u00a0choix de la guerre longue"}]},{"@type":"WebSite","@id":"https:\/\/vof-news.eu\/fr\/#website","url":"https:\/\/vof-news.eu\/fr\/","name":"vof-news.eu","description":"","potentialAction":[{"@type":"SearchAction","target":{"@type":"EntryPoint","urlTemplate":"https:\/\/vof-news.eu\/fr\/?s={search_term_string}"},"query-input":"required name=search_term_string"}],"inLanguage":"fr-FR"},{"@type":"Person","@id":"https:\/\/vof-news.eu\/fr\/#\/schema\/person\/f6a2a4309f0561835797fd8c19b333ed","name":"Author","image":{"@type":"ImageObject","inLanguage":"fr-FR","@id":"https:\/\/vof-news.eu\/fr\/#\/schema\/person\/image\/","url":"https:\/\/secure.gravatar.com\/avatar\/b67e614b1b25b3e9c0c239efdd2fde5ab015b5affd6f1c3c85911ca4b384e790?s=96&d=mm&r=g","contentUrl":"https:\/\/secure.gravatar.com\/avatar\/b67e614b1b25b3e9c0c239efdd2fde5ab015b5affd6f1c3c85911ca4b384e790?s=96&d=mm&r=g","caption":"Author"},"sameAs":["http:\/\/vof-news.eu"],"url":"https:\/\/vof-news.eu\/fr\/author\/zwt6qxnjulxbnyg\/"}]}},"yoast_meta":{"yoast_wpseo_title":"","yoast_wpseo_metadesc":"","yoast_wpseo_canonical":""},"_links":{"self":[{"href":"https:\/\/vof-news.eu\/fr\/wp-json\/wp\/v2\/posts\/248582","targetHints":{"allow":["GET"]}}],"collection":[{"href":"https:\/\/vof-news.eu\/fr\/wp-json\/wp\/v2\/posts"}],"about":[{"href":"https:\/\/vof-news.eu\/fr\/wp-json\/wp\/v2\/types\/post"}],"author":[{"embeddable":true,"href":"https:\/\/vof-news.eu\/fr\/wp-json\/wp\/v2\/users\/1"}],"replies":[{"embeddable":true,"href":"https:\/\/vof-news.eu\/fr\/wp-json\/wp\/v2\/comments?post=248582"}],"version-history":[{"count":1,"href":"https:\/\/vof-news.eu\/fr\/wp-json\/wp\/v2\/posts\/248582\/revisions"}],"predecessor-version":[{"id":248589,"href":"https:\/\/vof-news.eu\/fr\/wp-json\/wp\/v2\/posts\/248582\/revisions\/248589"}],"wp:featuredmedia":[{"embeddable":true,"href":"https:\/\/vof-news.eu\/fr\/wp-json\/wp\/v2\/media\/248583"}],"wp:attachment":[{"href":"https:\/\/vof-news.eu\/fr\/wp-json\/wp\/v2\/media?parent=248582"}],"wp:term":[{"taxonomy":"category","embeddable":true,"href":"https:\/\/vof-news.eu\/fr\/wp-json\/wp\/v2\/categories?post=248582"},{"taxonomy":"post_tag","embeddable":true,"href":"https:\/\/vof-news.eu\/fr\/wp-json\/wp\/v2\/tags?post=248582"}],"curies":[{"name":"wp","href":"https:\/\/api.w.org\/{rel}","templated":true}]}}