{"id":248574,"date":"2025-07-07T07:33:21","date_gmt":"2025-07-07T04:33:21","guid":{"rendered":"https:\/\/vof-news.eu\/diana-ross-81-ans-toujours-supreme\/"},"modified":"2025-07-07T07:33:42","modified_gmt":"2025-07-07T04:33:42","slug":"diana-ross-81-ans-toujours-supreme","status":"publish","type":"post","link":"https:\/\/vof-news.eu\/fr\/diana-ross-81-ans-toujours-supreme\/","title":{"rendered":"Diana Ross, 81\u00a0ans, toujours supr\u00eame"},"content":{"rendered":"<article>\n<p>Aux abords de l\u2019Accor Arena, salle plus commun\u00e9ment d\u00e9sign\u00e9e sous le nom de \u00ab\u00a0Bercy\u00a0\u00bb dans le 12<sup>e<\/sup>\u00a0arrondissement parisien, de pimpantes quinquag\u00e9naires ne passent pas inaper\u00e7ues ce dimanche 6\u00a0juillet. Elles ont exhum\u00e9 de leur vestiaire vestes \u00e0 paillettes et trucs \u00e0 plumes avec la promesse d\u2019une soir\u00e9e glamour.<\/p>\n<p>Il faut dire que les occasions d\u2019assister \u00e0 un concert de la chanteuse am\u00e9ricaine Diana Ross se\u00a0font rares en France. La derni\u00e8re remontait en effet \u00e0 2007, au Palais des sports de la Porte de Versailles (aujourd\u2019hui le D\u00f4me). Quant \u00e0 la premi\u00e8re venue de la diva soul et disco \u00e0 Bercy, <a href=\"https:\/\/www.lemonde.fr\/archives\/article\/1985\/11\/08\/diana-ross-a-bercy-lady-ebony_3048533_1819218.html\" rel=\"nofollow\">c\u2019\u00e9tait en\u00a01985<\/a>, alors que Diana Ross venait de quitter la maison de disques auquel son nom est \u00e9ternellement associ\u00e9, Motown, pour RCA.<\/p>\n<p><strong>Il vous reste 86.91% de cet article \u00e0 lire. La suite est r\u00e9serv\u00e9e aux abonn\u00e9s.<\/strong><\/p>\n<\/article>\n","protected":false},"excerpt":{"rendered":"<p>Aux abords de l\u2019Accor Arena, salle plus commun\u00e9ment d\u00e9sign\u00e9e sous le nom de \u00ab\u00a0Bercy\u00a0\u00bb dans le 12e\u00a0arrondissement parisien, de pimpantes quinquag\u00e9naires ne passent pas inaper\u00e7ues ce dimanche 6\u00a0juillet. Elles ont exhum\u00e9 de leur vestiaire vestes \u00e0 paillettes et trucs \u00e0 plumes avec la promesse d\u2019une soir\u00e9e glamour. Il faut dire que les occasions d\u2019assister \u00e0<\/p>\n","protected":false},"author":1,"featured_media":248575,"comment_status":"open","ping_status":"open","sticky":false,"template":"","format":"standard","meta":{"footnotes":""},"categories":[63],"tags":[],"class_list":["post-248574","post","type-post","status-publish","format-standard","has-post-thumbnail","hentry","category-culture-fr"],"acf":[],"yoast_head":"<!-- This site is optimized with the Yoast SEO plugin v22.9 - https:\/\/yoast.com\/wordpress\/plugins\/seo\/ -->\n<title>Diana Ross, 81\u00a0ans, toujours supr\u00eame - vof-news.eu<\/title>\n<meta name=\"description\" content=\"Aux abords de l\u2019Accor Arena, salle plus commun\u00e9ment d\u00e9sign\u00e9e sous le nom de \u00ab\u00a0Bercy\u00a0\u00bb dans le 12e\u00a0arrondissement parisien, de pimpantes quinquag\u00e9naires ne passent pas inaper\u00e7ues ce dimanche 6\u00a0juillet. Elles ont exhum\u00e9 de leur vestiaire vestes \u00e0 paillettes et trucs \u00e0 plumes avec la promesse d\u2019une soir\u00e9e glamour. Il faut dire que les occasions d\u2019assister \u00e0 un concert de la chanteuse am\u00e9ricaine Diana Ross se\u00a0font rares en France. La derni\u00e8re remontait en effet \u00e0 2007, au Palais des sports de la Porte de Versailles (aujourd\u2019hui le D\u00f4me). Quant \u00e0 la premi\u00e8re venue de la diva soul et disco \u00e0 Bercy, c\u2019\u00e9tait en\u00a01985, alors que Diana Ross venait de quitter la maison de disques auquel son nom est \u00e9ternellement associ\u00e9, Motown, pour RCA. Il vous reste 86.91% de cet article \u00e0 lire. La suite est r\u00e9serv\u00e9e aux abonn\u00e9s.\" \/>\n<meta name=\"robots\" content=\"noindex, follow, max-snippet:-1, max-image-preview:large, max-video-preview:-1\" \/>\n<meta property=\"og:locale\" content=\"fr_FR\" \/>\n<meta property=\"og:type\" content=\"article\" \/>\n<meta property=\"og:title\" content=\"Diana Ross, 81\u00a0ans, toujours supr\u00eame - vof-news.eu\" \/>\n<meta property=\"og:description\" content=\"Aux abords de l\u2019Accor Arena, salle plus commun\u00e9ment d\u00e9sign\u00e9e sous le nom de \u00ab\u00a0Bercy\u00a0\u00bb dans le 12e\u00a0arrondissement parisien, de pimpantes quinquag\u00e9naires ne passent pas inaper\u00e7ues ce dimanche 6\u00a0juillet. Elles ont exhum\u00e9 de leur vestiaire vestes \u00e0 paillettes et trucs \u00e0 plumes avec la promesse d\u2019une soir\u00e9e glamour. Il faut dire que les occasions d\u2019assister \u00e0 un concert de la chanteuse am\u00e9ricaine Diana Ross se\u00a0font rares en France. La derni\u00e8re remontait en effet \u00e0 2007, au Palais des sports de la Porte de Versailles (aujourd\u2019hui le D\u00f4me). Quant \u00e0 la premi\u00e8re venue de la diva soul et disco \u00e0 Bercy, c\u2019\u00e9tait en\u00a01985, alors que Diana Ross venait de quitter la maison de disques auquel son nom est \u00e9ternellement associ\u00e9, Motown, pour RCA. Il vous reste 86.91% de cet article \u00e0 lire. La suite est r\u00e9serv\u00e9e aux abonn\u00e9s.\" \/>\n<meta property=\"og:url\" content=\"https:\/\/vof-news.eu\/fr\/diana-ross-81-ans-toujours-supreme\/\" \/>\n<meta property=\"og:site_name\" content=\"vof-news.eu\" \/>\n<meta property=\"article:published_time\" content=\"2025-07-07T04:33:21+00:00\" \/>\n<meta property=\"article:modified_time\" content=\"2025-07-07T04:33:42+00:00\" \/>\n<meta property=\"og:image\" content=\"https:\/\/vof-news.eu\/wp-content\/uploads\/2025\/07\/307caf7_upload-1-rbmrlihjw64f-diana-ross-sophiajuliette-fil2024-elko6396.jpg\" \/>\n\t<meta property=\"og:image:width\" content=\"664\" \/>\n\t<meta property=\"og:image:height\" content=\"830\" \/>\n\t<meta property=\"og:image:type\" content=\"image\/jpeg\" \/>\n<meta name=\"author\" content=\"Author\" \/>\n<meta name=\"twitter:card\" content=\"summary_large_image\" \/>\n<meta name=\"twitter:label1\" content=\"\u00c9crit par\" \/>\n\t<meta name=\"twitter:data1\" content=\"Author\" \/>\n\t<meta name=\"twitter:label2\" content=\"Dur\u00e9e de lecture estim\u00e9e\" \/>\n\t<meta name=\"twitter:data2\" content=\"1 minute\" \/>\n<script type=\"application\/ld+json\" class=\"yoast-schema-graph\">{\"@context\":\"https:\/\/schema.org\",\"@graph\":[{\"@type\":\"WebPage\",\"@id\":\"https:\/\/vof-news.eu\/fr\/diana-ross-81-ans-toujours-supreme\/\",\"url\":\"https:\/\/vof-news.eu\/fr\/diana-ross-81-ans-toujours-supreme\/\",\"name\":\"Diana Ross, 81\u00a0ans, toujours supr\u00eame - vof-news.eu\",\"isPartOf\":{\"@id\":\"https:\/\/vof-news.eu\/fr\/#website\"},\"primaryImageOfPage\":{\"@id\":\"https:\/\/vof-news.eu\/fr\/diana-ross-81-ans-toujours-supreme\/#primaryimage\"},\"image\":{\"@id\":\"https:\/\/vof-news.eu\/fr\/diana-ross-81-ans-toujours-supreme\/#primaryimage\"},\"thumbnailUrl\":\"https:\/\/vof-news.eu\/wp-content\/uploads\/2025\/07\/307caf7_upload-1-rbmrlihjw64f-diana-ross-sophiajuliette-fil2024-elko6396.jpg\",\"datePublished\":\"2025-07-07T04:33:21+00:00\",\"dateModified\":\"2025-07-07T04:33:42+00:00\",\"author\":{\"@id\":\"https:\/\/vof-news.eu\/fr\/#\/schema\/person\/f6a2a4309f0561835797fd8c19b333ed\"},\"description\":\"Aux abords de l\u2019Accor Arena, salle plus commun\u00e9ment d\u00e9sign\u00e9e sous le nom de \u00ab\u00a0Bercy\u00a0\u00bb dans le 12e\u00a0arrondissement parisien, de pimpantes quinquag\u00e9naires ne passent pas inaper\u00e7ues ce dimanche 6\u00a0juillet. Elles ont exhum\u00e9 de leur vestiaire vestes \u00e0 paillettes et trucs \u00e0 plumes avec la promesse d\u2019une soir\u00e9e glamour. Il faut dire que les occasions d\u2019assister \u00e0 un concert de la chanteuse am\u00e9ricaine Diana Ross se\u00a0font rares en France. La derni\u00e8re remontait en effet \u00e0 2007, au Palais des sports de la Porte de Versailles (aujourd\u2019hui le D\u00f4me). Quant \u00e0 la premi\u00e8re venue de la diva soul et disco \u00e0 Bercy, c\u2019\u00e9tait en\u00a01985, alors que Diana Ross venait de quitter la maison de disques auquel son nom est \u00e9ternellement associ\u00e9, Motown, pour RCA. Il vous reste 86.91% de cet article \u00e0 lire. La suite est r\u00e9serv\u00e9e aux abonn\u00e9s.\",\"breadcrumb\":{\"@id\":\"https:\/\/vof-news.eu\/fr\/diana-ross-81-ans-toujours-supreme\/#breadcrumb\"},\"inLanguage\":\"fr-FR\",\"potentialAction\":[{\"@type\":\"ReadAction\",\"target\":[\"https:\/\/vof-news.eu\/fr\/diana-ross-81-ans-toujours-supreme\/\"]}]},{\"@type\":\"ImageObject\",\"inLanguage\":\"fr-FR\",\"@id\":\"https:\/\/vof-news.eu\/fr\/diana-ross-81-ans-toujours-supreme\/#primaryimage\",\"url\":\"https:\/\/vof-news.eu\/wp-content\/uploads\/2025\/07\/307caf7_upload-1-rbmrlihjw64f-diana-ross-sophiajuliette-fil2024-elko6396.jpg\",\"contentUrl\":\"https:\/\/vof-news.eu\/wp-content\/uploads\/2025\/07\/307caf7_upload-1-rbmrlihjw64f-diana-ross-sophiajuliette-fil2024-elko6396.jpg\",\"width\":664,\"height\":830},{\"@type\":\"BreadcrumbList\",\"@id\":\"https:\/\/vof-news.eu\/fr\/diana-ross-81-ans-toujours-supreme\/#breadcrumb\",\"itemListElement\":[{\"@type\":\"ListItem\",\"position\":1,\"name\":\"Home\",\"item\":\"https:\/\/vof-news.eu\/fr\/\"},{\"@type\":\"ListItem\",\"position\":2,\"name\":\"Diana Ross, 81\u00a0ans, toujours supr\u00eame\"}]},{\"@type\":\"WebSite\",\"@id\":\"https:\/\/vof-news.eu\/fr\/#website\",\"url\":\"https:\/\/vof-news.eu\/fr\/\",\"name\":\"vof-news.eu\",\"description\":\"\",\"potentialAction\":[{\"@type\":\"SearchAction\",\"target\":{\"@type\":\"EntryPoint\",\"urlTemplate\":\"https:\/\/vof-news.eu\/fr\/?s={search_term_string}\"},\"query-input\":\"required name=search_term_string\"}],\"inLanguage\":\"fr-FR\"},{\"@type\":\"Person\",\"@id\":\"https:\/\/vof-news.eu\/fr\/#\/schema\/person\/f6a2a4309f0561835797fd8c19b333ed\",\"name\":\"Author\",\"image\":{\"@type\":\"ImageObject\",\"inLanguage\":\"fr-FR\",\"@id\":\"https:\/\/vof-news.eu\/fr\/#\/schema\/person\/image\/\",\"url\":\"https:\/\/secure.gravatar.com\/avatar\/b67e614b1b25b3e9c0c239efdd2fde5ab015b5affd6f1c3c85911ca4b384e790?s=96&d=mm&r=g\",\"contentUrl\":\"https:\/\/secure.gravatar.com\/avatar\/b67e614b1b25b3e9c0c239efdd2fde5ab015b5affd6f1c3c85911ca4b384e790?s=96&d=mm&r=g\",\"caption\":\"Author\"},\"sameAs\":[\"http:\/\/vof-news.eu\"],\"url\":\"https:\/\/vof-news.eu\/fr\/author\/zwt6qxnjulxbnyg\/\"}]}<\/script>\n<!-- \/ Yoast SEO plugin. -->","yoast_head_json":{"title":"Diana Ross, 81\u00a0ans, toujours supr\u00eame - vof-news.eu","description":"Aux abords de l\u2019Accor Arena, salle plus commun\u00e9ment d\u00e9sign\u00e9e sous le nom de \u00ab\u00a0Bercy\u00a0\u00bb dans le 12e\u00a0arrondissement parisien, de pimpantes quinquag\u00e9naires ne passent pas inaper\u00e7ues ce dimanche 6\u00a0juillet. Elles ont exhum\u00e9 de leur vestiaire vestes \u00e0 paillettes et trucs \u00e0 plumes avec la promesse d\u2019une soir\u00e9e glamour. Il faut dire que les occasions d\u2019assister \u00e0 un concert de la chanteuse am\u00e9ricaine Diana Ross se\u00a0font rares en France. La derni\u00e8re remontait en effet \u00e0 2007, au Palais des sports de la Porte de Versailles (aujourd\u2019hui le D\u00f4me). Quant \u00e0 la premi\u00e8re venue de la diva soul et disco \u00e0 Bercy, c\u2019\u00e9tait en\u00a01985, alors que Diana Ross venait de quitter la maison de disques auquel son nom est \u00e9ternellement associ\u00e9, Motown, pour RCA. Il vous reste 86.91% de cet article \u00e0 lire. La suite est r\u00e9serv\u00e9e aux abonn\u00e9s.","robots":{"index":"noindex","follow":"follow","max-snippet":"max-snippet:-1","max-image-preview":"max-image-preview:large","max-video-preview":"max-video-preview:-1"},"og_locale":"fr_FR","og_type":"article","og_title":"Diana Ross, 81\u00a0ans, toujours supr\u00eame - vof-news.eu","og_description":"Aux abords de l\u2019Accor Arena, salle plus commun\u00e9ment d\u00e9sign\u00e9e sous le nom de \u00ab\u00a0Bercy\u00a0\u00bb dans le 12e\u00a0arrondissement parisien, de pimpantes quinquag\u00e9naires ne passent pas inaper\u00e7ues ce dimanche 6\u00a0juillet. Elles ont exhum\u00e9 de leur vestiaire vestes \u00e0 paillettes et trucs \u00e0 plumes avec la promesse d\u2019une soir\u00e9e glamour. Il faut dire que les occasions d\u2019assister \u00e0 un concert de la chanteuse am\u00e9ricaine Diana Ross se\u00a0font rares en France. La derni\u00e8re remontait en effet \u00e0 2007, au Palais des sports de la Porte de Versailles (aujourd\u2019hui le D\u00f4me). Quant \u00e0 la premi\u00e8re venue de la diva soul et disco \u00e0 Bercy, c\u2019\u00e9tait en\u00a01985, alors que Diana Ross venait de quitter la maison de disques auquel son nom est \u00e9ternellement associ\u00e9, Motown, pour RCA. Il vous reste 86.91% de cet article \u00e0 lire. La suite est r\u00e9serv\u00e9e aux abonn\u00e9s.","og_url":"https:\/\/vof-news.eu\/fr\/diana-ross-81-ans-toujours-supreme\/","og_site_name":"vof-news.eu","article_published_time":"2025-07-07T04:33:21+00:00","article_modified_time":"2025-07-07T04:33:42+00:00","og_image":[{"width":664,"height":830,"url":"https:\/\/vof-news.eu\/wp-content\/uploads\/2025\/07\/307caf7_upload-1-rbmrlihjw64f-diana-ross-sophiajuliette-fil2024-elko6396.jpg","type":"image\/jpeg"}],"author":"Author","twitter_card":"summary_large_image","twitter_misc":{"\u00c9crit par":"Author","Dur\u00e9e de lecture estim\u00e9e":"1 minute"},"schema":{"@context":"https:\/\/schema.org","@graph":[{"@type":"WebPage","@id":"https:\/\/vof-news.eu\/fr\/diana-ross-81-ans-toujours-supreme\/","url":"https:\/\/vof-news.eu\/fr\/diana-ross-81-ans-toujours-supreme\/","name":"Diana Ross, 81\u00a0ans, toujours supr\u00eame - vof-news.eu","isPartOf":{"@id":"https:\/\/vof-news.eu\/fr\/#website"},"primaryImageOfPage":{"@id":"https:\/\/vof-news.eu\/fr\/diana-ross-81-ans-toujours-supreme\/#primaryimage"},"image":{"@id":"https:\/\/vof-news.eu\/fr\/diana-ross-81-ans-toujours-supreme\/#primaryimage"},"thumbnailUrl":"https:\/\/vof-news.eu\/wp-content\/uploads\/2025\/07\/307caf7_upload-1-rbmrlihjw64f-diana-ross-sophiajuliette-fil2024-elko6396.jpg","datePublished":"2025-07-07T04:33:21+00:00","dateModified":"2025-07-07T04:33:42+00:00","author":{"@id":"https:\/\/vof-news.eu\/fr\/#\/schema\/person\/f6a2a4309f0561835797fd8c19b333ed"},"description":"Aux abords de l\u2019Accor Arena, salle plus commun\u00e9ment d\u00e9sign\u00e9e sous le nom de \u00ab\u00a0Bercy\u00a0\u00bb dans le 12e\u00a0arrondissement parisien, de pimpantes quinquag\u00e9naires ne passent pas inaper\u00e7ues ce dimanche 6\u00a0juillet. Elles ont exhum\u00e9 de leur vestiaire vestes \u00e0 paillettes et trucs \u00e0 plumes avec la promesse d\u2019une soir\u00e9e glamour. Il faut dire que les occasions d\u2019assister \u00e0 un concert de la chanteuse am\u00e9ricaine Diana Ross se\u00a0font rares en France. La derni\u00e8re remontait en effet \u00e0 2007, au Palais des sports de la Porte de Versailles (aujourd\u2019hui le D\u00f4me). Quant \u00e0 la premi\u00e8re venue de la diva soul et disco \u00e0 Bercy, c\u2019\u00e9tait en\u00a01985, alors que Diana Ross venait de quitter la maison de disques auquel son nom est \u00e9ternellement associ\u00e9, Motown, pour RCA. Il vous reste 86.91% de cet article \u00e0 lire. La suite est r\u00e9serv\u00e9e aux abonn\u00e9s.","breadcrumb":{"@id":"https:\/\/vof-news.eu\/fr\/diana-ross-81-ans-toujours-supreme\/#breadcrumb"},"inLanguage":"fr-FR","potentialAction":[{"@type":"ReadAction","target":["https:\/\/vof-news.eu\/fr\/diana-ross-81-ans-toujours-supreme\/"]}]},{"@type":"ImageObject","inLanguage":"fr-FR","@id":"https:\/\/vof-news.eu\/fr\/diana-ross-81-ans-toujours-supreme\/#primaryimage","url":"https:\/\/vof-news.eu\/wp-content\/uploads\/2025\/07\/307caf7_upload-1-rbmrlihjw64f-diana-ross-sophiajuliette-fil2024-elko6396.jpg","contentUrl":"https:\/\/vof-news.eu\/wp-content\/uploads\/2025\/07\/307caf7_upload-1-rbmrlihjw64f-diana-ross-sophiajuliette-fil2024-elko6396.jpg","width":664,"height":830},{"@type":"BreadcrumbList","@id":"https:\/\/vof-news.eu\/fr\/diana-ross-81-ans-toujours-supreme\/#breadcrumb","itemListElement":[{"@type":"ListItem","position":1,"name":"Home","item":"https:\/\/vof-news.eu\/fr\/"},{"@type":"ListItem","position":2,"name":"Diana Ross, 81\u00a0ans, toujours supr\u00eame"}]},{"@type":"WebSite","@id":"https:\/\/vof-news.eu\/fr\/#website","url":"https:\/\/vof-news.eu\/fr\/","name":"vof-news.eu","description":"","potentialAction":[{"@type":"SearchAction","target":{"@type":"EntryPoint","urlTemplate":"https:\/\/vof-news.eu\/fr\/?s={search_term_string}"},"query-input":"required name=search_term_string"}],"inLanguage":"fr-FR"},{"@type":"Person","@id":"https:\/\/vof-news.eu\/fr\/#\/schema\/person\/f6a2a4309f0561835797fd8c19b333ed","name":"Author","image":{"@type":"ImageObject","inLanguage":"fr-FR","@id":"https:\/\/vof-news.eu\/fr\/#\/schema\/person\/image\/","url":"https:\/\/secure.gravatar.com\/avatar\/b67e614b1b25b3e9c0c239efdd2fde5ab015b5affd6f1c3c85911ca4b384e790?s=96&d=mm&r=g","contentUrl":"https:\/\/secure.gravatar.com\/avatar\/b67e614b1b25b3e9c0c239efdd2fde5ab015b5affd6f1c3c85911ca4b384e790?s=96&d=mm&r=g","caption":"Author"},"sameAs":["http:\/\/vof-news.eu"],"url":"https:\/\/vof-news.eu\/fr\/author\/zwt6qxnjulxbnyg\/"}]}},"yoast_meta":{"yoast_wpseo_title":"","yoast_wpseo_metadesc":"","yoast_wpseo_canonical":""},"_links":{"self":[{"href":"https:\/\/vof-news.eu\/fr\/wp-json\/wp\/v2\/posts\/248574","targetHints":{"allow":["GET"]}}],"collection":[{"href":"https:\/\/vof-news.eu\/fr\/wp-json\/wp\/v2\/posts"}],"about":[{"href":"https:\/\/vof-news.eu\/fr\/wp-json\/wp\/v2\/types\/post"}],"author":[{"embeddable":true,"href":"https:\/\/vof-news.eu\/fr\/wp-json\/wp\/v2\/users\/1"}],"replies":[{"embeddable":true,"href":"https:\/\/vof-news.eu\/fr\/wp-json\/wp\/v2\/comments?post=248574"}],"version-history":[{"count":1,"href":"https:\/\/vof-news.eu\/fr\/wp-json\/wp\/v2\/posts\/248574\/revisions"}],"predecessor-version":[{"id":248581,"href":"https:\/\/vof-news.eu\/fr\/wp-json\/wp\/v2\/posts\/248574\/revisions\/248581"}],"wp:featuredmedia":[{"embeddable":true,"href":"https:\/\/vof-news.eu\/fr\/wp-json\/wp\/v2\/media\/248575"}],"wp:attachment":[{"href":"https:\/\/vof-news.eu\/fr\/wp-json\/wp\/v2\/media?parent=248574"}],"wp:term":[{"taxonomy":"category","embeddable":true,"href":"https:\/\/vof-news.eu\/fr\/wp-json\/wp\/v2\/categories?post=248574"},{"taxonomy":"post_tag","embeddable":true,"href":"https:\/\/vof-news.eu\/fr\/wp-json\/wp\/v2\/tags?post=248574"}],"curies":[{"name":"wp","href":"https:\/\/api.w.org\/{rel}","templated":true}]}}