{"id":248566,"date":"2025-07-07T07:32:28","date_gmt":"2025-07-07T04:32:28","guid":{"rendered":"https:\/\/vof-news.eu\/decors-transports-isolation-lempreinte-carbone-du-secteur-de-la-creation-artistique-passee-au-crible\/"},"modified":"2025-07-07T07:32:52","modified_gmt":"2025-07-07T04:32:52","slug":"decors-transports-isolation-lempreinte-carbone-du-secteur-de-la-creation-artistique-passee-au-crible","status":"publish","type":"post","link":"https:\/\/vof-news.eu\/fr\/decors-transports-isolation-lempreinte-carbone-du-secteur-de-la-creation-artistique-passee-au-crible\/","title":{"rendered":"D\u00e9cors, transports, isolation\u2026 L\u2019empreinte carbone du secteur de la cr\u00e9ation artistique pass\u00e9e au crible"},"content":{"rendered":"<article>\n<p>Le saviez-vous\u00a0? L\u2019Op\u00e9ra-Comique \u00e9met 1\u00a0000\u00a0tonnes d\u2019\u00e9quivalent en dioxyde de carbone (CO<sub>2<\/sub>) par an, quand l\u2019Op\u00e9ra de Paris en d\u00e9gage 42\u00a0800\u00a0tonnes, presque autant que les 78\u00a0sc\u00e8nes nationales r\u00e9unies. Globalement, la cr\u00e9ation artistique (arts visuels et spectacle vivant) p\u00e8se pour 1,3\u00a0% des \u00e9missions de CO<sub>2<\/sub> de la France, deux fois plus que le transport a\u00e9rien int\u00e9rieur. Ce qui est \u00e9norme pour un secteur dont le poids \u00e9conomique reste modeste \u2013 la culture dans son ensemble repr\u00e9sente environ 2\u00a0% du PIB de la France.<\/p>\n<p>Voici quelques enseignements de la toute premi\u00e8re \u00e9tude sur l\u2019empreinte carbone de la cr\u00e9ation artistique (hors mode et m\u00e9tiers d\u2019art), d\u00e9voil\u00e9e lundi 7\u00a0juillet par le minist\u00e8re de la culture. Le calcul r\u00e9alis\u00e9 par la direction g\u00e9n\u00e9rale de la cr\u00e9ation artistique (DGCA) avec le concours de PricewaterhouseCoopers tombe \u00e0 point alors que d\u00e9marre la saison des festivals, par nature \u00ab\u00a0polluants\u00a0\u00bb puisqu\u2019ils font venir leur public parfois de loin, impliquant des trajets en voiture ou en avion.<\/p>\n<h2>Les op\u00e9ras mauvais \u00e9l\u00e8ves<\/h2>\n<p>Depuis son arriv\u00e9e en\u00a02021 aux manettes de la DGCA, Christopher Miles a fait de la question \u00e9cologique l\u2019une de ses priorit\u00e9s. Un rapport du <a href=\"https:\/\/theshiftproject.org\/publications\/decarbonons-la-culture\/\" rel=\"nofollow\">think tank The Shift Project paru en\u00a02021<\/a> enjoignait d\u2019ailleurs \u00e0 la Rue de Valois d\u2019[de]. Pour agir efficacement, encore faut-il conna\u00eetre dans le d\u00e9tail les \u00e9missions de gaz \u00e0 effet de serre (GES), secteur par secteur. Or, les donn\u00e9es \u00e9taient jusqu\u2019\u00e0 pr\u00e9sent disparates et partielles.<\/p>\n<p><strong>Il vous reste 78.03% de cet article \u00e0 lire. La suite est r\u00e9serv\u00e9e aux abonn\u00e9s.<\/strong><\/p>\n<\/article>\n","protected":false},"excerpt":{"rendered":"<p>Le saviez-vous\u00a0? L\u2019Op\u00e9ra-Comique \u00e9met 1\u00a0000\u00a0tonnes d\u2019\u00e9quivalent en dioxyde de carbone (CO2) par an, quand l\u2019Op\u00e9ra de Paris en d\u00e9gage 42\u00a0800\u00a0tonnes, presque autant que les 78\u00a0sc\u00e8nes nationales r\u00e9unies. Globalement, la cr\u00e9ation artistique (arts visuels et spectacle vivant) p\u00e8se pour 1,3\u00a0% des \u00e9missions de CO2 de la France, deux fois plus que le transport a\u00e9rien int\u00e9rieur. Ce<\/p>\n","protected":false},"author":1,"featured_media":248567,"comment_status":"open","ping_status":"open","sticky":false,"template":"","format":"standard","meta":{"footnotes":""},"categories":[63],"tags":[],"class_list":["post-248566","post","type-post","status-publish","format-standard","has-post-thumbnail","hentry","category-culture-fr"],"acf":[],"yoast_head":"<!-- This site is optimized with the Yoast SEO plugin v22.9 - https:\/\/yoast.com\/wordpress\/plugins\/seo\/ -->\n<title>D\u00e9cors, transports, isolation\u2026 L\u2019empreinte carbone du secteur de la cr\u00e9ation artistique pass\u00e9e au crible - vof-news.eu<\/title>\n<meta name=\"description\" content=\"Le saviez-vous\u00a0? L\u2019Op\u00e9ra-Comique \u00e9met 1\u00a0000\u00a0tonnes d\u2019\u00e9quivalent en dioxyde de carbone (CO2) par an, quand l\u2019Op\u00e9ra de Paris en d\u00e9gage 42\u00a0800\u00a0tonnes, presque autant que les 78\u00a0sc\u00e8nes nationales r\u00e9unies. Globalement, la cr\u00e9ation artistique (arts visuels et spectacle vivant) p\u00e8se pour 1,3\u00a0% des \u00e9missions de CO2 de la France, deux fois plus que le transport a\u00e9rien int\u00e9rieur. Ce qui est \u00e9norme pour un secteur dont le poids \u00e9conomique reste modeste \u2013 la culture dans son ensemble repr\u00e9sente environ 2\u00a0% du PIB de la France. Voici quelques enseignements de la toute premi\u00e8re \u00e9tude sur l\u2019empreinte carbone de la cr\u00e9ation artistique (hors mode et m\u00e9tiers d\u2019art), d\u00e9voil\u00e9e lundi 7\u00a0juillet par le minist\u00e8re de la culture. Le calcul r\u00e9alis\u00e9 par la direction g\u00e9n\u00e9rale de la cr\u00e9ation artistique (DGCA) avec le concours de PricewaterhouseCoopers tombe \u00e0 point alors que d\u00e9marre la saison des festivals, par nature \u00ab\u00a0polluants\u00a0\u00bb puisqu\u2019ils font venir leur public parfois de loin, impliquant des trajets en voiture ou en avion. Les op\u00e9ras mauvais \u00e9l\u00e8ves Depuis son arriv\u00e9e en\u00a02021 aux manettes de la DGCA, Christopher Miles a fait de la question \u00e9cologique l\u2019une de ses priorit\u00e9s. Un rapport du think tank The Shift Project paru en\u00a02021 enjoignait d\u2019ailleurs \u00e0 la Rue de Valois d\u2019[de]. Pour agir efficacement, encore faut-il conna\u00eetre dans le d\u00e9tail les \u00e9missions de gaz \u00e0 effet de serre (GES), secteur par secteur. Or, les donn\u00e9es \u00e9taient jusqu\u2019\u00e0 pr\u00e9sent disparates et partielles. Il vous reste 78.03% de cet article \u00e0 lire. La suite est r\u00e9serv\u00e9e aux abonn\u00e9s.\" \/>\n<meta name=\"robots\" content=\"noindex, follow, max-snippet:-1, max-image-preview:large, max-video-preview:-1\" \/>\n<meta property=\"og:locale\" content=\"fr_FR\" \/>\n<meta property=\"og:type\" content=\"article\" \/>\n<meta property=\"og:title\" content=\"D\u00e9cors, transports, isolation\u2026 L\u2019empreinte carbone du secteur de la cr\u00e9ation artistique pass\u00e9e au crible - vof-news.eu\" \/>\n<meta property=\"og:description\" content=\"Le saviez-vous\u00a0? L\u2019Op\u00e9ra-Comique \u00e9met 1\u00a0000\u00a0tonnes d\u2019\u00e9quivalent en dioxyde de carbone (CO2) par an, quand l\u2019Op\u00e9ra de Paris en d\u00e9gage 42\u00a0800\u00a0tonnes, presque autant que les 78\u00a0sc\u00e8nes nationales r\u00e9unies. Globalement, la cr\u00e9ation artistique (arts visuels et spectacle vivant) p\u00e8se pour 1,3\u00a0% des \u00e9missions de CO2 de la France, deux fois plus que le transport a\u00e9rien int\u00e9rieur. Ce qui est \u00e9norme pour un secteur dont le poids \u00e9conomique reste modeste \u2013 la culture dans son ensemble repr\u00e9sente environ 2\u00a0% du PIB de la France. Voici quelques enseignements de la toute premi\u00e8re \u00e9tude sur l\u2019empreinte carbone de la cr\u00e9ation artistique (hors mode et m\u00e9tiers d\u2019art), d\u00e9voil\u00e9e lundi 7\u00a0juillet par le minist\u00e8re de la culture. Le calcul r\u00e9alis\u00e9 par la direction g\u00e9n\u00e9rale de la cr\u00e9ation artistique (DGCA) avec le concours de PricewaterhouseCoopers tombe \u00e0 point alors que d\u00e9marre la saison des festivals, par nature \u00ab\u00a0polluants\u00a0\u00bb puisqu\u2019ils font venir leur public parfois de loin, impliquant des trajets en voiture ou en avion. Les op\u00e9ras mauvais \u00e9l\u00e8ves Depuis son arriv\u00e9e en\u00a02021 aux manettes de la DGCA, Christopher Miles a fait de la question \u00e9cologique l\u2019une de ses priorit\u00e9s. Un rapport du think tank The Shift Project paru en\u00a02021 enjoignait d\u2019ailleurs \u00e0 la Rue de Valois d\u2019[de]. Pour agir efficacement, encore faut-il conna\u00eetre dans le d\u00e9tail les \u00e9missions de gaz \u00e0 effet de serre (GES), secteur par secteur. Or, les donn\u00e9es \u00e9taient jusqu\u2019\u00e0 pr\u00e9sent disparates et partielles. Il vous reste 78.03% de cet article \u00e0 lire. La suite est r\u00e9serv\u00e9e aux abonn\u00e9s.\" \/>\n<meta property=\"og:url\" content=\"https:\/\/vof-news.eu\/fr\/decors-transports-isolation-lempreinte-carbone-du-secteur-de-la-creation-artistique-passee-au-crible\/\" \/>\n<meta property=\"og:site_name\" content=\"vof-news.eu\" \/>\n<meta property=\"article:published_time\" content=\"2025-07-07T04:32:28+00:00\" \/>\n<meta property=\"article:modified_time\" content=\"2025-07-07T04:32:52+00:00\" \/>\n<meta property=\"og:image\" content=\"https:\/\/vof-news.eu\/wp-content\/uploads\/2025\/07\/a53a7a3_upload-1-wgg0089dmzl6-000-33e27rz.jpg\" \/>\n\t<meta property=\"og:image:width\" content=\"664\" \/>\n\t<meta property=\"og:image:height\" content=\"429\" \/>\n\t<meta property=\"og:image:type\" content=\"image\/jpeg\" \/>\n<meta name=\"author\" content=\"Author\" \/>\n<meta name=\"twitter:card\" content=\"summary_large_image\" \/>\n<meta name=\"twitter:label1\" content=\"\u00c9crit par\" \/>\n\t<meta name=\"twitter:data1\" content=\"Author\" \/>\n\t<meta name=\"twitter:label2\" content=\"Dur\u00e9e de lecture estim\u00e9e\" \/>\n\t<meta name=\"twitter:data2\" content=\"1 minute\" \/>\n<script type=\"application\/ld+json\" class=\"yoast-schema-graph\">{\"@context\":\"https:\/\/schema.org\",\"@graph\":[{\"@type\":\"WebPage\",\"@id\":\"https:\/\/vof-news.eu\/fr\/decors-transports-isolation-lempreinte-carbone-du-secteur-de-la-creation-artistique-passee-au-crible\/\",\"url\":\"https:\/\/vof-news.eu\/fr\/decors-transports-isolation-lempreinte-carbone-du-secteur-de-la-creation-artistique-passee-au-crible\/\",\"name\":\"D\u00e9cors, transports, isolation\u2026 L\u2019empreinte carbone du secteur de la cr\u00e9ation artistique pass\u00e9e au crible - vof-news.eu\",\"isPartOf\":{\"@id\":\"https:\/\/vof-news.eu\/fr\/#website\"},\"primaryImageOfPage\":{\"@id\":\"https:\/\/vof-news.eu\/fr\/decors-transports-isolation-lempreinte-carbone-du-secteur-de-la-creation-artistique-passee-au-crible\/#primaryimage\"},\"image\":{\"@id\":\"https:\/\/vof-news.eu\/fr\/decors-transports-isolation-lempreinte-carbone-du-secteur-de-la-creation-artistique-passee-au-crible\/#primaryimage\"},\"thumbnailUrl\":\"https:\/\/vof-news.eu\/wp-content\/uploads\/2025\/07\/a53a7a3_upload-1-wgg0089dmzl6-000-33e27rz.jpg\",\"datePublished\":\"2025-07-07T04:32:28+00:00\",\"dateModified\":\"2025-07-07T04:32:52+00:00\",\"author\":{\"@id\":\"https:\/\/vof-news.eu\/fr\/#\/schema\/person\/f6a2a4309f0561835797fd8c19b333ed\"},\"description\":\"Le saviez-vous\u00a0? L\u2019Op\u00e9ra-Comique \u00e9met 1\u00a0000\u00a0tonnes d\u2019\u00e9quivalent en dioxyde de carbone (CO2) par an, quand l\u2019Op\u00e9ra de Paris en d\u00e9gage 42\u00a0800\u00a0tonnes, presque autant que les 78\u00a0sc\u00e8nes nationales r\u00e9unies. Globalement, la cr\u00e9ation artistique (arts visuels et spectacle vivant) p\u00e8se pour 1,3\u00a0% des \u00e9missions de CO2 de la France, deux fois plus que le transport a\u00e9rien int\u00e9rieur. Ce qui est \u00e9norme pour un secteur dont le poids \u00e9conomique reste modeste \u2013 la culture dans son ensemble repr\u00e9sente environ 2\u00a0% du PIB de la France. Voici quelques enseignements de la toute premi\u00e8re \u00e9tude sur l\u2019empreinte carbone de la cr\u00e9ation artistique (hors mode et m\u00e9tiers d\u2019art), d\u00e9voil\u00e9e lundi 7\u00a0juillet par le minist\u00e8re de la culture. Le calcul r\u00e9alis\u00e9 par la direction g\u00e9n\u00e9rale de la cr\u00e9ation artistique (DGCA) avec le concours de PricewaterhouseCoopers tombe \u00e0 point alors que d\u00e9marre la saison des festivals, par nature \u00ab\u00a0polluants\u00a0\u00bb puisqu\u2019ils font venir leur public parfois de loin, impliquant des trajets en voiture ou en avion. Les op\u00e9ras mauvais \u00e9l\u00e8ves Depuis son arriv\u00e9e en\u00a02021 aux manettes de la DGCA, Christopher Miles a fait de la question \u00e9cologique l\u2019une de ses priorit\u00e9s. Un rapport du think tank The Shift Project paru en\u00a02021 enjoignait d\u2019ailleurs \u00e0 la Rue de Valois d\u2019[de]. Pour agir efficacement, encore faut-il conna\u00eetre dans le d\u00e9tail les \u00e9missions de gaz \u00e0 effet de serre (GES), secteur par secteur. Or, les donn\u00e9es \u00e9taient jusqu\u2019\u00e0 pr\u00e9sent disparates et partielles. Il vous reste 78.03% de cet article \u00e0 lire. La suite est r\u00e9serv\u00e9e aux abonn\u00e9s.\",\"breadcrumb\":{\"@id\":\"https:\/\/vof-news.eu\/fr\/decors-transports-isolation-lempreinte-carbone-du-secteur-de-la-creation-artistique-passee-au-crible\/#breadcrumb\"},\"inLanguage\":\"fr-FR\",\"potentialAction\":[{\"@type\":\"ReadAction\",\"target\":[\"https:\/\/vof-news.eu\/fr\/decors-transports-isolation-lempreinte-carbone-du-secteur-de-la-creation-artistique-passee-au-crible\/\"]}]},{\"@type\":\"ImageObject\",\"inLanguage\":\"fr-FR\",\"@id\":\"https:\/\/vof-news.eu\/fr\/decors-transports-isolation-lempreinte-carbone-du-secteur-de-la-creation-artistique-passee-au-crible\/#primaryimage\",\"url\":\"https:\/\/vof-news.eu\/wp-content\/uploads\/2025\/07\/a53a7a3_upload-1-wgg0089dmzl6-000-33e27rz.jpg\",\"contentUrl\":\"https:\/\/vof-news.eu\/wp-content\/uploads\/2025\/07\/a53a7a3_upload-1-wgg0089dmzl6-000-33e27rz.jpg\",\"width\":664,\"height\":429},{\"@type\":\"BreadcrumbList\",\"@id\":\"https:\/\/vof-news.eu\/fr\/decors-transports-isolation-lempreinte-carbone-du-secteur-de-la-creation-artistique-passee-au-crible\/#breadcrumb\",\"itemListElement\":[{\"@type\":\"ListItem\",\"position\":1,\"name\":\"Home\",\"item\":\"https:\/\/vof-news.eu\/fr\/\"},{\"@type\":\"ListItem\",\"position\":2,\"name\":\"D\u00e9cors, transports, isolation\u2026 L\u2019empreinte carbone du secteur de la cr\u00e9ation artistique pass\u00e9e au crible\"}]},{\"@type\":\"WebSite\",\"@id\":\"https:\/\/vof-news.eu\/fr\/#website\",\"url\":\"https:\/\/vof-news.eu\/fr\/\",\"name\":\"vof-news.eu\",\"description\":\"\",\"potentialAction\":[{\"@type\":\"SearchAction\",\"target\":{\"@type\":\"EntryPoint\",\"urlTemplate\":\"https:\/\/vof-news.eu\/fr\/?s={search_term_string}\"},\"query-input\":\"required name=search_term_string\"}],\"inLanguage\":\"fr-FR\"},{\"@type\":\"Person\",\"@id\":\"https:\/\/vof-news.eu\/fr\/#\/schema\/person\/f6a2a4309f0561835797fd8c19b333ed\",\"name\":\"Author\",\"image\":{\"@type\":\"ImageObject\",\"inLanguage\":\"fr-FR\",\"@id\":\"https:\/\/vof-news.eu\/fr\/#\/schema\/person\/image\/\",\"url\":\"https:\/\/secure.gravatar.com\/avatar\/b67e614b1b25b3e9c0c239efdd2fde5ab015b5affd6f1c3c85911ca4b384e790?s=96&d=mm&r=g\",\"contentUrl\":\"https:\/\/secure.gravatar.com\/avatar\/b67e614b1b25b3e9c0c239efdd2fde5ab015b5affd6f1c3c85911ca4b384e790?s=96&d=mm&r=g\",\"caption\":\"Author\"},\"sameAs\":[\"http:\/\/vof-news.eu\"],\"url\":\"https:\/\/vof-news.eu\/fr\/author\/zwt6qxnjulxbnyg\/\"}]}<\/script>\n<!-- \/ Yoast SEO plugin. -->","yoast_head_json":{"title":"D\u00e9cors, transports, isolation\u2026 L\u2019empreinte carbone du secteur de la cr\u00e9ation artistique pass\u00e9e au crible - vof-news.eu","description":"Le saviez-vous\u00a0? L\u2019Op\u00e9ra-Comique \u00e9met 1\u00a0000\u00a0tonnes d\u2019\u00e9quivalent en dioxyde de carbone (CO2) par an, quand l\u2019Op\u00e9ra de Paris en d\u00e9gage 42\u00a0800\u00a0tonnes, presque autant que les 78\u00a0sc\u00e8nes nationales r\u00e9unies. Globalement, la cr\u00e9ation artistique (arts visuels et spectacle vivant) p\u00e8se pour 1,3\u00a0% des \u00e9missions de CO2 de la France, deux fois plus que le transport a\u00e9rien int\u00e9rieur. Ce qui est \u00e9norme pour un secteur dont le poids \u00e9conomique reste modeste \u2013 la culture dans son ensemble repr\u00e9sente environ 2\u00a0% du PIB de la France. Voici quelques enseignements de la toute premi\u00e8re \u00e9tude sur l\u2019empreinte carbone de la cr\u00e9ation artistique (hors mode et m\u00e9tiers d\u2019art), d\u00e9voil\u00e9e lundi 7\u00a0juillet par le minist\u00e8re de la culture. Le calcul r\u00e9alis\u00e9 par la direction g\u00e9n\u00e9rale de la cr\u00e9ation artistique (DGCA) avec le concours de PricewaterhouseCoopers tombe \u00e0 point alors que d\u00e9marre la saison des festivals, par nature \u00ab\u00a0polluants\u00a0\u00bb puisqu\u2019ils font venir leur public parfois de loin, impliquant des trajets en voiture ou en avion. Les op\u00e9ras mauvais \u00e9l\u00e8ves Depuis son arriv\u00e9e en\u00a02021 aux manettes de la DGCA, Christopher Miles a fait de la question \u00e9cologique l\u2019une de ses priorit\u00e9s. Un rapport du think tank The Shift Project paru en\u00a02021 enjoignait d\u2019ailleurs \u00e0 la Rue de Valois d\u2019[de]. Pour agir efficacement, encore faut-il conna\u00eetre dans le d\u00e9tail les \u00e9missions de gaz \u00e0 effet de serre (GES), secteur par secteur. Or, les donn\u00e9es \u00e9taient jusqu\u2019\u00e0 pr\u00e9sent disparates et partielles. Il vous reste 78.03% de cet article \u00e0 lire. La suite est r\u00e9serv\u00e9e aux abonn\u00e9s.","robots":{"index":"noindex","follow":"follow","max-snippet":"max-snippet:-1","max-image-preview":"max-image-preview:large","max-video-preview":"max-video-preview:-1"},"og_locale":"fr_FR","og_type":"article","og_title":"D\u00e9cors, transports, isolation\u2026 L\u2019empreinte carbone du secteur de la cr\u00e9ation artistique pass\u00e9e au crible - vof-news.eu","og_description":"Le saviez-vous\u00a0? L\u2019Op\u00e9ra-Comique \u00e9met 1\u00a0000\u00a0tonnes d\u2019\u00e9quivalent en dioxyde de carbone (CO2) par an, quand l\u2019Op\u00e9ra de Paris en d\u00e9gage 42\u00a0800\u00a0tonnes, presque autant que les 78\u00a0sc\u00e8nes nationales r\u00e9unies. Globalement, la cr\u00e9ation artistique (arts visuels et spectacle vivant) p\u00e8se pour 1,3\u00a0% des \u00e9missions de CO2 de la France, deux fois plus que le transport a\u00e9rien int\u00e9rieur. Ce qui est \u00e9norme pour un secteur dont le poids \u00e9conomique reste modeste \u2013 la culture dans son ensemble repr\u00e9sente environ 2\u00a0% du PIB de la France. Voici quelques enseignements de la toute premi\u00e8re \u00e9tude sur l\u2019empreinte carbone de la cr\u00e9ation artistique (hors mode et m\u00e9tiers d\u2019art), d\u00e9voil\u00e9e lundi 7\u00a0juillet par le minist\u00e8re de la culture. Le calcul r\u00e9alis\u00e9 par la direction g\u00e9n\u00e9rale de la cr\u00e9ation artistique (DGCA) avec le concours de PricewaterhouseCoopers tombe \u00e0 point alors que d\u00e9marre la saison des festivals, par nature \u00ab\u00a0polluants\u00a0\u00bb puisqu\u2019ils font venir leur public parfois de loin, impliquant des trajets en voiture ou en avion. Les op\u00e9ras mauvais \u00e9l\u00e8ves Depuis son arriv\u00e9e en\u00a02021 aux manettes de la DGCA, Christopher Miles a fait de la question \u00e9cologique l\u2019une de ses priorit\u00e9s. Un rapport du think tank The Shift Project paru en\u00a02021 enjoignait d\u2019ailleurs \u00e0 la Rue de Valois d\u2019[de]. Pour agir efficacement, encore faut-il conna\u00eetre dans le d\u00e9tail les \u00e9missions de gaz \u00e0 effet de serre (GES), secteur par secteur. Or, les donn\u00e9es \u00e9taient jusqu\u2019\u00e0 pr\u00e9sent disparates et partielles. Il vous reste 78.03% de cet article \u00e0 lire. La suite est r\u00e9serv\u00e9e aux abonn\u00e9s.","og_url":"https:\/\/vof-news.eu\/fr\/decors-transports-isolation-lempreinte-carbone-du-secteur-de-la-creation-artistique-passee-au-crible\/","og_site_name":"vof-news.eu","article_published_time":"2025-07-07T04:32:28+00:00","article_modified_time":"2025-07-07T04:32:52+00:00","og_image":[{"width":664,"height":429,"url":"https:\/\/vof-news.eu\/wp-content\/uploads\/2025\/07\/a53a7a3_upload-1-wgg0089dmzl6-000-33e27rz.jpg","type":"image\/jpeg"}],"author":"Author","twitter_card":"summary_large_image","twitter_misc":{"\u00c9crit par":"Author","Dur\u00e9e de lecture estim\u00e9e":"1 minute"},"schema":{"@context":"https:\/\/schema.org","@graph":[{"@type":"WebPage","@id":"https:\/\/vof-news.eu\/fr\/decors-transports-isolation-lempreinte-carbone-du-secteur-de-la-creation-artistique-passee-au-crible\/","url":"https:\/\/vof-news.eu\/fr\/decors-transports-isolation-lempreinte-carbone-du-secteur-de-la-creation-artistique-passee-au-crible\/","name":"D\u00e9cors, transports, isolation\u2026 L\u2019empreinte carbone du secteur de la cr\u00e9ation artistique pass\u00e9e au crible - vof-news.eu","isPartOf":{"@id":"https:\/\/vof-news.eu\/fr\/#website"},"primaryImageOfPage":{"@id":"https:\/\/vof-news.eu\/fr\/decors-transports-isolation-lempreinte-carbone-du-secteur-de-la-creation-artistique-passee-au-crible\/#primaryimage"},"image":{"@id":"https:\/\/vof-news.eu\/fr\/decors-transports-isolation-lempreinte-carbone-du-secteur-de-la-creation-artistique-passee-au-crible\/#primaryimage"},"thumbnailUrl":"https:\/\/vof-news.eu\/wp-content\/uploads\/2025\/07\/a53a7a3_upload-1-wgg0089dmzl6-000-33e27rz.jpg","datePublished":"2025-07-07T04:32:28+00:00","dateModified":"2025-07-07T04:32:52+00:00","author":{"@id":"https:\/\/vof-news.eu\/fr\/#\/schema\/person\/f6a2a4309f0561835797fd8c19b333ed"},"description":"Le saviez-vous\u00a0? L\u2019Op\u00e9ra-Comique \u00e9met 1\u00a0000\u00a0tonnes d\u2019\u00e9quivalent en dioxyde de carbone (CO2) par an, quand l\u2019Op\u00e9ra de Paris en d\u00e9gage 42\u00a0800\u00a0tonnes, presque autant que les 78\u00a0sc\u00e8nes nationales r\u00e9unies. Globalement, la cr\u00e9ation artistique (arts visuels et spectacle vivant) p\u00e8se pour 1,3\u00a0% des \u00e9missions de CO2 de la France, deux fois plus que le transport a\u00e9rien int\u00e9rieur. Ce qui est \u00e9norme pour un secteur dont le poids \u00e9conomique reste modeste \u2013 la culture dans son ensemble repr\u00e9sente environ 2\u00a0% du PIB de la France. Voici quelques enseignements de la toute premi\u00e8re \u00e9tude sur l\u2019empreinte carbone de la cr\u00e9ation artistique (hors mode et m\u00e9tiers d\u2019art), d\u00e9voil\u00e9e lundi 7\u00a0juillet par le minist\u00e8re de la culture. Le calcul r\u00e9alis\u00e9 par la direction g\u00e9n\u00e9rale de la cr\u00e9ation artistique (DGCA) avec le concours de PricewaterhouseCoopers tombe \u00e0 point alors que d\u00e9marre la saison des festivals, par nature \u00ab\u00a0polluants\u00a0\u00bb puisqu\u2019ils font venir leur public parfois de loin, impliquant des trajets en voiture ou en avion. Les op\u00e9ras mauvais \u00e9l\u00e8ves Depuis son arriv\u00e9e en\u00a02021 aux manettes de la DGCA, Christopher Miles a fait de la question \u00e9cologique l\u2019une de ses priorit\u00e9s. Un rapport du think tank The Shift Project paru en\u00a02021 enjoignait d\u2019ailleurs \u00e0 la Rue de Valois d\u2019[de]. Pour agir efficacement, encore faut-il conna\u00eetre dans le d\u00e9tail les \u00e9missions de gaz \u00e0 effet de serre (GES), secteur par secteur. Or, les donn\u00e9es \u00e9taient jusqu\u2019\u00e0 pr\u00e9sent disparates et partielles. Il vous reste 78.03% de cet article \u00e0 lire. La suite est r\u00e9serv\u00e9e aux abonn\u00e9s.","breadcrumb":{"@id":"https:\/\/vof-news.eu\/fr\/decors-transports-isolation-lempreinte-carbone-du-secteur-de-la-creation-artistique-passee-au-crible\/#breadcrumb"},"inLanguage":"fr-FR","potentialAction":[{"@type":"ReadAction","target":["https:\/\/vof-news.eu\/fr\/decors-transports-isolation-lempreinte-carbone-du-secteur-de-la-creation-artistique-passee-au-crible\/"]}]},{"@type":"ImageObject","inLanguage":"fr-FR","@id":"https:\/\/vof-news.eu\/fr\/decors-transports-isolation-lempreinte-carbone-du-secteur-de-la-creation-artistique-passee-au-crible\/#primaryimage","url":"https:\/\/vof-news.eu\/wp-content\/uploads\/2025\/07\/a53a7a3_upload-1-wgg0089dmzl6-000-33e27rz.jpg","contentUrl":"https:\/\/vof-news.eu\/wp-content\/uploads\/2025\/07\/a53a7a3_upload-1-wgg0089dmzl6-000-33e27rz.jpg","width":664,"height":429},{"@type":"BreadcrumbList","@id":"https:\/\/vof-news.eu\/fr\/decors-transports-isolation-lempreinte-carbone-du-secteur-de-la-creation-artistique-passee-au-crible\/#breadcrumb","itemListElement":[{"@type":"ListItem","position":1,"name":"Home","item":"https:\/\/vof-news.eu\/fr\/"},{"@type":"ListItem","position":2,"name":"D\u00e9cors, transports, isolation\u2026 L\u2019empreinte carbone du secteur de la cr\u00e9ation artistique pass\u00e9e au crible"}]},{"@type":"WebSite","@id":"https:\/\/vof-news.eu\/fr\/#website","url":"https:\/\/vof-news.eu\/fr\/","name":"vof-news.eu","description":"","potentialAction":[{"@type":"SearchAction","target":{"@type":"EntryPoint","urlTemplate":"https:\/\/vof-news.eu\/fr\/?s={search_term_string}"},"query-input":"required name=search_term_string"}],"inLanguage":"fr-FR"},{"@type":"Person","@id":"https:\/\/vof-news.eu\/fr\/#\/schema\/person\/f6a2a4309f0561835797fd8c19b333ed","name":"Author","image":{"@type":"ImageObject","inLanguage":"fr-FR","@id":"https:\/\/vof-news.eu\/fr\/#\/schema\/person\/image\/","url":"https:\/\/secure.gravatar.com\/avatar\/b67e614b1b25b3e9c0c239efdd2fde5ab015b5affd6f1c3c85911ca4b384e790?s=96&d=mm&r=g","contentUrl":"https:\/\/secure.gravatar.com\/avatar\/b67e614b1b25b3e9c0c239efdd2fde5ab015b5affd6f1c3c85911ca4b384e790?s=96&d=mm&r=g","caption":"Author"},"sameAs":["http:\/\/vof-news.eu"],"url":"https:\/\/vof-news.eu\/fr\/author\/zwt6qxnjulxbnyg\/"}]}},"yoast_meta":{"yoast_wpseo_title":"","yoast_wpseo_metadesc":"","yoast_wpseo_canonical":""},"_links":{"self":[{"href":"https:\/\/vof-news.eu\/fr\/wp-json\/wp\/v2\/posts\/248566","targetHints":{"allow":["GET"]}}],"collection":[{"href":"https:\/\/vof-news.eu\/fr\/wp-json\/wp\/v2\/posts"}],"about":[{"href":"https:\/\/vof-news.eu\/fr\/wp-json\/wp\/v2\/types\/post"}],"author":[{"embeddable":true,"href":"https:\/\/vof-news.eu\/fr\/wp-json\/wp\/v2\/users\/1"}],"replies":[{"embeddable":true,"href":"https:\/\/vof-news.eu\/fr\/wp-json\/wp\/v2\/comments?post=248566"}],"version-history":[{"count":1,"href":"https:\/\/vof-news.eu\/fr\/wp-json\/wp\/v2\/posts\/248566\/revisions"}],"predecessor-version":[{"id":248573,"href":"https:\/\/vof-news.eu\/fr\/wp-json\/wp\/v2\/posts\/248566\/revisions\/248573"}],"wp:featuredmedia":[{"embeddable":true,"href":"https:\/\/vof-news.eu\/fr\/wp-json\/wp\/v2\/media\/248567"}],"wp:attachment":[{"href":"https:\/\/vof-news.eu\/fr\/wp-json\/wp\/v2\/media?parent=248566"}],"wp:term":[{"taxonomy":"category","embeddable":true,"href":"https:\/\/vof-news.eu\/fr\/wp-json\/wp\/v2\/categories?post=248566"},{"taxonomy":"post_tag","embeddable":true,"href":"https:\/\/vof-news.eu\/fr\/wp-json\/wp\/v2\/tags?post=248566"}],"curies":[{"name":"wp","href":"https:\/\/api.w.org\/{rel}","templated":true}]}}