{"id":248556,"date":"2025-07-07T07:31:07","date_gmt":"2025-07-07T04:31:07","guid":{"rendered":"https:\/\/vof-news.eu\/bloc-central-a-lassemblee-nationale-recit-dune-desertion-collective\/"},"modified":"2025-07-07T07:31:22","modified_gmt":"2025-07-07T04:31:22","slug":"bloc-central-a-lassemblee-nationale-recit-dune-desertion-collective","status":"publish","type":"post","link":"https:\/\/vof-news.eu\/fr\/bloc-central-a-lassemblee-nationale-recit-dune-desertion-collective\/","title":{"rendered":"Bloc central \u00e0 l\u2019Assembl\u00e9e nationale\u00a0: r\u00e9cit d\u2019une d\u00e9sertion collective"},"content":{"rendered":"<article>\n<p>L\u2019\u00e9pisode s\u2019est d\u00e9roul\u00e9 dans l\u2019apr\u00e8s-midi du vendredi 27\u00a0juin, dernier jour de l\u2019examen du projet de loi de programmation pour la refondation de Mayotte. Le Rassemblement national (RN) d\u00e9pose un amendement de suppression d\u2019article sur le circuit l\u00e9gal de distribution des m\u00e9dicaments sur l\u2019\u00eele, adopt\u00e9 \u00e0 26 voix contre 20. Quasiment \u00e0 lui tout seul (23 voix), le parti d\u2019extr\u00eame droite dicte sa loi face au reste de l\u2019H\u00e9micycle d\u00e9mobilis\u00e9, et le bloc central en particulier, cens\u00e9 d\u00e9fendre le projet de loi.<\/p>\n<p>, s\u2019offusque le d\u00e9put\u00e9 (Renaissance) des Hauts-de-Seine Gabriel Attal, pr\u00e9sident et seul repr\u00e9sentant du groupe Ensemble pour la R\u00e9publique (EPR, 93 membres) avec Prisca Thevenot, ce jour-l\u00e0. A c\u00f4t\u00e9 d\u2019eux, les \u00e9lus MoDem du groupe Les D\u00e9mocrates sont sept (sur 36) pour un seul repr\u00e9sentant du groupe Horizons (sur 34). , d\u00e9plore le ministre au banc, Manuel Valls (outre-mer).<\/p>\n<p><strong>Il vous reste 86.75% de cet article \u00e0 lire. La suite est r\u00e9serv\u00e9e aux abonn\u00e9s.<\/strong><\/p>\n<\/article>\n","protected":false},"excerpt":{"rendered":"<p>L\u2019\u00e9pisode s\u2019est d\u00e9roul\u00e9 dans l\u2019apr\u00e8s-midi du vendredi 27\u00a0juin, dernier jour de l\u2019examen du projet de loi de programmation pour la refondation de Mayotte. Le Rassemblement national (RN) d\u00e9pose un amendement de suppression d\u2019article sur le circuit l\u00e9gal de distribution des m\u00e9dicaments sur l\u2019\u00eele, adopt\u00e9 \u00e0 26 voix contre 20. Quasiment \u00e0 lui tout seul (23<\/p>\n","protected":false},"author":1,"featured_media":248557,"comment_status":"open","ping_status":"open","sticky":false,"template":"","format":"standard","meta":{"footnotes":""},"categories":[68],"tags":[],"class_list":["post-248556","post","type-post","status-publish","format-standard","has-post-thumbnail","hentry","category-politics-fr"],"acf":[],"yoast_head":"<!-- This site is optimized with the Yoast SEO plugin v22.9 - https:\/\/yoast.com\/wordpress\/plugins\/seo\/ -->\n<title>Bloc central \u00e0 l\u2019Assembl\u00e9e nationale\u00a0: r\u00e9cit d\u2019une d\u00e9sertion collective - vof-news.eu<\/title>\n<meta name=\"description\" content=\"L\u2019\u00e9pisode s\u2019est d\u00e9roul\u00e9 dans l\u2019apr\u00e8s-midi du vendredi 27\u00a0juin, dernier jour de l\u2019examen du projet de loi de programmation pour la refondation de Mayotte. Le Rassemblement national (RN) d\u00e9pose un amendement de suppression d\u2019article sur le circuit l\u00e9gal de distribution des m\u00e9dicaments sur l\u2019\u00eele, adopt\u00e9 \u00e0 26 voix contre 20. Quasiment \u00e0 lui tout seul (23 voix), le parti d\u2019extr\u00eame droite dicte sa loi face au reste de l\u2019H\u00e9micycle d\u00e9mobilis\u00e9, et le bloc central en particulier, cens\u00e9 d\u00e9fendre le projet de loi. , s\u2019offusque le d\u00e9put\u00e9 (Renaissance) des Hauts-de-Seine Gabriel Attal, pr\u00e9sident et seul repr\u00e9sentant du groupe Ensemble pour la R\u00e9publique (EPR, 93 membres) avec Prisca Thevenot, ce jour-l\u00e0. A c\u00f4t\u00e9 d\u2019eux, les \u00e9lus MoDem du groupe Les D\u00e9mocrates sont sept (sur 36) pour un seul repr\u00e9sentant du groupe Horizons (sur 34). , d\u00e9plore le ministre au banc, Manuel Valls (outre-mer). Il vous reste 86.75% de cet article \u00e0 lire. La suite est r\u00e9serv\u00e9e aux abonn\u00e9s.\" \/>\n<meta name=\"robots\" content=\"noindex, follow, max-snippet:-1, max-image-preview:large, max-video-preview:-1\" \/>\n<meta property=\"og:locale\" content=\"fr_FR\" \/>\n<meta property=\"og:type\" content=\"article\" \/>\n<meta property=\"og:title\" content=\"Bloc central \u00e0 l\u2019Assembl\u00e9e nationale\u00a0: r\u00e9cit d\u2019une d\u00e9sertion collective - vof-news.eu\" \/>\n<meta property=\"og:description\" content=\"L\u2019\u00e9pisode s\u2019est d\u00e9roul\u00e9 dans l\u2019apr\u00e8s-midi du vendredi 27\u00a0juin, dernier jour de l\u2019examen du projet de loi de programmation pour la refondation de Mayotte. Le Rassemblement national (RN) d\u00e9pose un amendement de suppression d\u2019article sur le circuit l\u00e9gal de distribution des m\u00e9dicaments sur l\u2019\u00eele, adopt\u00e9 \u00e0 26 voix contre 20. Quasiment \u00e0 lui tout seul (23 voix), le parti d\u2019extr\u00eame droite dicte sa loi face au reste de l\u2019H\u00e9micycle d\u00e9mobilis\u00e9, et le bloc central en particulier, cens\u00e9 d\u00e9fendre le projet de loi. , s\u2019offusque le d\u00e9put\u00e9 (Renaissance) des Hauts-de-Seine Gabriel Attal, pr\u00e9sident et seul repr\u00e9sentant du groupe Ensemble pour la R\u00e9publique (EPR, 93 membres) avec Prisca Thevenot, ce jour-l\u00e0. A c\u00f4t\u00e9 d\u2019eux, les \u00e9lus MoDem du groupe Les D\u00e9mocrates sont sept (sur 36) pour un seul repr\u00e9sentant du groupe Horizons (sur 34). , d\u00e9plore le ministre au banc, Manuel Valls (outre-mer). Il vous reste 86.75% de cet article \u00e0 lire. La suite est r\u00e9serv\u00e9e aux abonn\u00e9s.\" \/>\n<meta property=\"og:url\" content=\"https:\/\/vof-news.eu\/fr\/bloc-central-a-lassemblee-nationale-recit-dune-desertion-collective\/\" \/>\n<meta property=\"og:site_name\" content=\"vof-news.eu\" \/>\n<meta property=\"article:published_time\" content=\"2025-07-07T04:31:07+00:00\" \/>\n<meta property=\"article:modified_time\" content=\"2025-07-07T04:31:22+00:00\" \/>\n<meta property=\"og:image\" content=\"https:\/\/vof-news.eu\/wp-content\/uploads\/2025\/07\/205657b_upload-1-1hbklfgupflb-jmug250701040.jpg\" \/>\n\t<meta property=\"og:image:width\" content=\"664\" \/>\n\t<meta property=\"og:image:height\" content=\"443\" \/>\n\t<meta property=\"og:image:type\" content=\"image\/jpeg\" \/>\n<meta name=\"author\" content=\"Author\" \/>\n<meta name=\"twitter:card\" content=\"summary_large_image\" \/>\n<meta name=\"twitter:label1\" content=\"\u00c9crit par\" \/>\n\t<meta name=\"twitter:data1\" content=\"Author\" \/>\n\t<meta name=\"twitter:label2\" content=\"Dur\u00e9e de lecture estim\u00e9e\" \/>\n\t<meta name=\"twitter:data2\" content=\"1 minute\" \/>\n<script type=\"application\/ld+json\" class=\"yoast-schema-graph\">{\"@context\":\"https:\/\/schema.org\",\"@graph\":[{\"@type\":\"WebPage\",\"@id\":\"https:\/\/vof-news.eu\/fr\/bloc-central-a-lassemblee-nationale-recit-dune-desertion-collective\/\",\"url\":\"https:\/\/vof-news.eu\/fr\/bloc-central-a-lassemblee-nationale-recit-dune-desertion-collective\/\",\"name\":\"Bloc central \u00e0 l\u2019Assembl\u00e9e nationale\u00a0: r\u00e9cit d\u2019une d\u00e9sertion collective - vof-news.eu\",\"isPartOf\":{\"@id\":\"https:\/\/vof-news.eu\/fr\/#website\"},\"primaryImageOfPage\":{\"@id\":\"https:\/\/vof-news.eu\/fr\/bloc-central-a-lassemblee-nationale-recit-dune-desertion-collective\/#primaryimage\"},\"image\":{\"@id\":\"https:\/\/vof-news.eu\/fr\/bloc-central-a-lassemblee-nationale-recit-dune-desertion-collective\/#primaryimage\"},\"thumbnailUrl\":\"https:\/\/vof-news.eu\/wp-content\/uploads\/2025\/07\/205657b_upload-1-1hbklfgupflb-jmug250701040.jpg\",\"datePublished\":\"2025-07-07T04:31:07+00:00\",\"dateModified\":\"2025-07-07T04:31:22+00:00\",\"author\":{\"@id\":\"https:\/\/vof-news.eu\/fr\/#\/schema\/person\/f6a2a4309f0561835797fd8c19b333ed\"},\"description\":\"L\u2019\u00e9pisode s\u2019est d\u00e9roul\u00e9 dans l\u2019apr\u00e8s-midi du vendredi 27\u00a0juin, dernier jour de l\u2019examen du projet de loi de programmation pour la refondation de Mayotte. Le Rassemblement national (RN) d\u00e9pose un amendement de suppression d\u2019article sur le circuit l\u00e9gal de distribution des m\u00e9dicaments sur l\u2019\u00eele, adopt\u00e9 \u00e0 26 voix contre 20. Quasiment \u00e0 lui tout seul (23 voix), le parti d\u2019extr\u00eame droite dicte sa loi face au reste de l\u2019H\u00e9micycle d\u00e9mobilis\u00e9, et le bloc central en particulier, cens\u00e9 d\u00e9fendre le projet de loi. , s\u2019offusque le d\u00e9put\u00e9 (Renaissance) des Hauts-de-Seine Gabriel Attal, pr\u00e9sident et seul repr\u00e9sentant du groupe Ensemble pour la R\u00e9publique (EPR, 93 membres) avec Prisca Thevenot, ce jour-l\u00e0. A c\u00f4t\u00e9 d\u2019eux, les \u00e9lus MoDem du groupe Les D\u00e9mocrates sont sept (sur 36) pour un seul repr\u00e9sentant du groupe Horizons (sur 34). , d\u00e9plore le ministre au banc, Manuel Valls (outre-mer). Il vous reste 86.75% de cet article \u00e0 lire. La suite est r\u00e9serv\u00e9e aux abonn\u00e9s.\",\"breadcrumb\":{\"@id\":\"https:\/\/vof-news.eu\/fr\/bloc-central-a-lassemblee-nationale-recit-dune-desertion-collective\/#breadcrumb\"},\"inLanguage\":\"fr-FR\",\"potentialAction\":[{\"@type\":\"ReadAction\",\"target\":[\"https:\/\/vof-news.eu\/fr\/bloc-central-a-lassemblee-nationale-recit-dune-desertion-collective\/\"]}]},{\"@type\":\"ImageObject\",\"inLanguage\":\"fr-FR\",\"@id\":\"https:\/\/vof-news.eu\/fr\/bloc-central-a-lassemblee-nationale-recit-dune-desertion-collective\/#primaryimage\",\"url\":\"https:\/\/vof-news.eu\/wp-content\/uploads\/2025\/07\/205657b_upload-1-1hbklfgupflb-jmug250701040.jpg\",\"contentUrl\":\"https:\/\/vof-news.eu\/wp-content\/uploads\/2025\/07\/205657b_upload-1-1hbklfgupflb-jmug250701040.jpg\",\"width\":664,\"height\":443},{\"@type\":\"BreadcrumbList\",\"@id\":\"https:\/\/vof-news.eu\/fr\/bloc-central-a-lassemblee-nationale-recit-dune-desertion-collective\/#breadcrumb\",\"itemListElement\":[{\"@type\":\"ListItem\",\"position\":1,\"name\":\"Home\",\"item\":\"https:\/\/vof-news.eu\/fr\/\"},{\"@type\":\"ListItem\",\"position\":2,\"name\":\"Bloc central \u00e0 l\u2019Assembl\u00e9e nationale\u00a0: r\u00e9cit d\u2019une d\u00e9sertion collective\"}]},{\"@type\":\"WebSite\",\"@id\":\"https:\/\/vof-news.eu\/fr\/#website\",\"url\":\"https:\/\/vof-news.eu\/fr\/\",\"name\":\"vof-news.eu\",\"description\":\"\",\"potentialAction\":[{\"@type\":\"SearchAction\",\"target\":{\"@type\":\"EntryPoint\",\"urlTemplate\":\"https:\/\/vof-news.eu\/fr\/?s={search_term_string}\"},\"query-input\":\"required name=search_term_string\"}],\"inLanguage\":\"fr-FR\"},{\"@type\":\"Person\",\"@id\":\"https:\/\/vof-news.eu\/fr\/#\/schema\/person\/f6a2a4309f0561835797fd8c19b333ed\",\"name\":\"Author\",\"image\":{\"@type\":\"ImageObject\",\"inLanguage\":\"fr-FR\",\"@id\":\"https:\/\/vof-news.eu\/fr\/#\/schema\/person\/image\/\",\"url\":\"https:\/\/secure.gravatar.com\/avatar\/b67e614b1b25b3e9c0c239efdd2fde5ab015b5affd6f1c3c85911ca4b384e790?s=96&d=mm&r=g\",\"contentUrl\":\"https:\/\/secure.gravatar.com\/avatar\/b67e614b1b25b3e9c0c239efdd2fde5ab015b5affd6f1c3c85911ca4b384e790?s=96&d=mm&r=g\",\"caption\":\"Author\"},\"sameAs\":[\"http:\/\/vof-news.eu\"],\"url\":\"https:\/\/vof-news.eu\/fr\/author\/zwt6qxnjulxbnyg\/\"}]}<\/script>\n<!-- \/ Yoast SEO plugin. -->","yoast_head_json":{"title":"Bloc central \u00e0 l\u2019Assembl\u00e9e nationale\u00a0: r\u00e9cit d\u2019une d\u00e9sertion collective - vof-news.eu","description":"L\u2019\u00e9pisode s\u2019est d\u00e9roul\u00e9 dans l\u2019apr\u00e8s-midi du vendredi 27\u00a0juin, dernier jour de l\u2019examen du projet de loi de programmation pour la refondation de Mayotte. Le Rassemblement national (RN) d\u00e9pose un amendement de suppression d\u2019article sur le circuit l\u00e9gal de distribution des m\u00e9dicaments sur l\u2019\u00eele, adopt\u00e9 \u00e0 26 voix contre 20. Quasiment \u00e0 lui tout seul (23 voix), le parti d\u2019extr\u00eame droite dicte sa loi face au reste de l\u2019H\u00e9micycle d\u00e9mobilis\u00e9, et le bloc central en particulier, cens\u00e9 d\u00e9fendre le projet de loi. , s\u2019offusque le d\u00e9put\u00e9 (Renaissance) des Hauts-de-Seine Gabriel Attal, pr\u00e9sident et seul repr\u00e9sentant du groupe Ensemble pour la R\u00e9publique (EPR, 93 membres) avec Prisca Thevenot, ce jour-l\u00e0. A c\u00f4t\u00e9 d\u2019eux, les \u00e9lus MoDem du groupe Les D\u00e9mocrates sont sept (sur 36) pour un seul repr\u00e9sentant du groupe Horizons (sur 34). , d\u00e9plore le ministre au banc, Manuel Valls (outre-mer). Il vous reste 86.75% de cet article \u00e0 lire. La suite est r\u00e9serv\u00e9e aux abonn\u00e9s.","robots":{"index":"noindex","follow":"follow","max-snippet":"max-snippet:-1","max-image-preview":"max-image-preview:large","max-video-preview":"max-video-preview:-1"},"og_locale":"fr_FR","og_type":"article","og_title":"Bloc central \u00e0 l\u2019Assembl\u00e9e nationale\u00a0: r\u00e9cit d\u2019une d\u00e9sertion collective - vof-news.eu","og_description":"L\u2019\u00e9pisode s\u2019est d\u00e9roul\u00e9 dans l\u2019apr\u00e8s-midi du vendredi 27\u00a0juin, dernier jour de l\u2019examen du projet de loi de programmation pour la refondation de Mayotte. Le Rassemblement national (RN) d\u00e9pose un amendement de suppression d\u2019article sur le circuit l\u00e9gal de distribution des m\u00e9dicaments sur l\u2019\u00eele, adopt\u00e9 \u00e0 26 voix contre 20. Quasiment \u00e0 lui tout seul (23 voix), le parti d\u2019extr\u00eame droite dicte sa loi face au reste de l\u2019H\u00e9micycle d\u00e9mobilis\u00e9, et le bloc central en particulier, cens\u00e9 d\u00e9fendre le projet de loi. , s\u2019offusque le d\u00e9put\u00e9 (Renaissance) des Hauts-de-Seine Gabriel Attal, pr\u00e9sident et seul repr\u00e9sentant du groupe Ensemble pour la R\u00e9publique (EPR, 93 membres) avec Prisca Thevenot, ce jour-l\u00e0. A c\u00f4t\u00e9 d\u2019eux, les \u00e9lus MoDem du groupe Les D\u00e9mocrates sont sept (sur 36) pour un seul repr\u00e9sentant du groupe Horizons (sur 34). , d\u00e9plore le ministre au banc, Manuel Valls (outre-mer). Il vous reste 86.75% de cet article \u00e0 lire. La suite est r\u00e9serv\u00e9e aux abonn\u00e9s.","og_url":"https:\/\/vof-news.eu\/fr\/bloc-central-a-lassemblee-nationale-recit-dune-desertion-collective\/","og_site_name":"vof-news.eu","article_published_time":"2025-07-07T04:31:07+00:00","article_modified_time":"2025-07-07T04:31:22+00:00","og_image":[{"width":664,"height":443,"url":"https:\/\/vof-news.eu\/wp-content\/uploads\/2025\/07\/205657b_upload-1-1hbklfgupflb-jmug250701040.jpg","type":"image\/jpeg"}],"author":"Author","twitter_card":"summary_large_image","twitter_misc":{"\u00c9crit par":"Author","Dur\u00e9e de lecture estim\u00e9e":"1 minute"},"schema":{"@context":"https:\/\/schema.org","@graph":[{"@type":"WebPage","@id":"https:\/\/vof-news.eu\/fr\/bloc-central-a-lassemblee-nationale-recit-dune-desertion-collective\/","url":"https:\/\/vof-news.eu\/fr\/bloc-central-a-lassemblee-nationale-recit-dune-desertion-collective\/","name":"Bloc central \u00e0 l\u2019Assembl\u00e9e nationale\u00a0: r\u00e9cit d\u2019une d\u00e9sertion collective - vof-news.eu","isPartOf":{"@id":"https:\/\/vof-news.eu\/fr\/#website"},"primaryImageOfPage":{"@id":"https:\/\/vof-news.eu\/fr\/bloc-central-a-lassemblee-nationale-recit-dune-desertion-collective\/#primaryimage"},"image":{"@id":"https:\/\/vof-news.eu\/fr\/bloc-central-a-lassemblee-nationale-recit-dune-desertion-collective\/#primaryimage"},"thumbnailUrl":"https:\/\/vof-news.eu\/wp-content\/uploads\/2025\/07\/205657b_upload-1-1hbklfgupflb-jmug250701040.jpg","datePublished":"2025-07-07T04:31:07+00:00","dateModified":"2025-07-07T04:31:22+00:00","author":{"@id":"https:\/\/vof-news.eu\/fr\/#\/schema\/person\/f6a2a4309f0561835797fd8c19b333ed"},"description":"L\u2019\u00e9pisode s\u2019est d\u00e9roul\u00e9 dans l\u2019apr\u00e8s-midi du vendredi 27\u00a0juin, dernier jour de l\u2019examen du projet de loi de programmation pour la refondation de Mayotte. Le Rassemblement national (RN) d\u00e9pose un amendement de suppression d\u2019article sur le circuit l\u00e9gal de distribution des m\u00e9dicaments sur l\u2019\u00eele, adopt\u00e9 \u00e0 26 voix contre 20. Quasiment \u00e0 lui tout seul (23 voix), le parti d\u2019extr\u00eame droite dicte sa loi face au reste de l\u2019H\u00e9micycle d\u00e9mobilis\u00e9, et le bloc central en particulier, cens\u00e9 d\u00e9fendre le projet de loi. , s\u2019offusque le d\u00e9put\u00e9 (Renaissance) des Hauts-de-Seine Gabriel Attal, pr\u00e9sident et seul repr\u00e9sentant du groupe Ensemble pour la R\u00e9publique (EPR, 93 membres) avec Prisca Thevenot, ce jour-l\u00e0. A c\u00f4t\u00e9 d\u2019eux, les \u00e9lus MoDem du groupe Les D\u00e9mocrates sont sept (sur 36) pour un seul repr\u00e9sentant du groupe Horizons (sur 34). , d\u00e9plore le ministre au banc, Manuel Valls (outre-mer). Il vous reste 86.75% de cet article \u00e0 lire. La suite est r\u00e9serv\u00e9e aux abonn\u00e9s.","breadcrumb":{"@id":"https:\/\/vof-news.eu\/fr\/bloc-central-a-lassemblee-nationale-recit-dune-desertion-collective\/#breadcrumb"},"inLanguage":"fr-FR","potentialAction":[{"@type":"ReadAction","target":["https:\/\/vof-news.eu\/fr\/bloc-central-a-lassemblee-nationale-recit-dune-desertion-collective\/"]}]},{"@type":"ImageObject","inLanguage":"fr-FR","@id":"https:\/\/vof-news.eu\/fr\/bloc-central-a-lassemblee-nationale-recit-dune-desertion-collective\/#primaryimage","url":"https:\/\/vof-news.eu\/wp-content\/uploads\/2025\/07\/205657b_upload-1-1hbklfgupflb-jmug250701040.jpg","contentUrl":"https:\/\/vof-news.eu\/wp-content\/uploads\/2025\/07\/205657b_upload-1-1hbklfgupflb-jmug250701040.jpg","width":664,"height":443},{"@type":"BreadcrumbList","@id":"https:\/\/vof-news.eu\/fr\/bloc-central-a-lassemblee-nationale-recit-dune-desertion-collective\/#breadcrumb","itemListElement":[{"@type":"ListItem","position":1,"name":"Home","item":"https:\/\/vof-news.eu\/fr\/"},{"@type":"ListItem","position":2,"name":"Bloc central \u00e0 l\u2019Assembl\u00e9e nationale\u00a0: r\u00e9cit d\u2019une d\u00e9sertion collective"}]},{"@type":"WebSite","@id":"https:\/\/vof-news.eu\/fr\/#website","url":"https:\/\/vof-news.eu\/fr\/","name":"vof-news.eu","description":"","potentialAction":[{"@type":"SearchAction","target":{"@type":"EntryPoint","urlTemplate":"https:\/\/vof-news.eu\/fr\/?s={search_term_string}"},"query-input":"required name=search_term_string"}],"inLanguage":"fr-FR"},{"@type":"Person","@id":"https:\/\/vof-news.eu\/fr\/#\/schema\/person\/f6a2a4309f0561835797fd8c19b333ed","name":"Author","image":{"@type":"ImageObject","inLanguage":"fr-FR","@id":"https:\/\/vof-news.eu\/fr\/#\/schema\/person\/image\/","url":"https:\/\/secure.gravatar.com\/avatar\/b67e614b1b25b3e9c0c239efdd2fde5ab015b5affd6f1c3c85911ca4b384e790?s=96&d=mm&r=g","contentUrl":"https:\/\/secure.gravatar.com\/avatar\/b67e614b1b25b3e9c0c239efdd2fde5ab015b5affd6f1c3c85911ca4b384e790?s=96&d=mm&r=g","caption":"Author"},"sameAs":["http:\/\/vof-news.eu"],"url":"https:\/\/vof-news.eu\/fr\/author\/zwt6qxnjulxbnyg\/"}]}},"yoast_meta":{"yoast_wpseo_title":"","yoast_wpseo_metadesc":"","yoast_wpseo_canonical":""},"_links":{"self":[{"href":"https:\/\/vof-news.eu\/fr\/wp-json\/wp\/v2\/posts\/248556","targetHints":{"allow":["GET"]}}],"collection":[{"href":"https:\/\/vof-news.eu\/fr\/wp-json\/wp\/v2\/posts"}],"about":[{"href":"https:\/\/vof-news.eu\/fr\/wp-json\/wp\/v2\/types\/post"}],"author":[{"embeddable":true,"href":"https:\/\/vof-news.eu\/fr\/wp-json\/wp\/v2\/users\/1"}],"replies":[{"embeddable":true,"href":"https:\/\/vof-news.eu\/fr\/wp-json\/wp\/v2\/comments?post=248556"}],"version-history":[{"count":1,"href":"https:\/\/vof-news.eu\/fr\/wp-json\/wp\/v2\/posts\/248556\/revisions"}],"predecessor-version":[{"id":248563,"href":"https:\/\/vof-news.eu\/fr\/wp-json\/wp\/v2\/posts\/248556\/revisions\/248563"}],"wp:featuredmedia":[{"embeddable":true,"href":"https:\/\/vof-news.eu\/fr\/wp-json\/wp\/v2\/media\/248557"}],"wp:attachment":[{"href":"https:\/\/vof-news.eu\/fr\/wp-json\/wp\/v2\/media?parent=248556"}],"wp:term":[{"taxonomy":"category","embeddable":true,"href":"https:\/\/vof-news.eu\/fr\/wp-json\/wp\/v2\/categories?post=248556"},{"taxonomy":"post_tag","embeddable":true,"href":"https:\/\/vof-news.eu\/fr\/wp-json\/wp\/v2\/tags?post=248556"}],"curies":[{"name":"wp","href":"https:\/\/api.w.org\/{rel}","templated":true}]}}