{"id":248554,"date":"2025-07-07T07:30:06","date_gmt":"2025-07-07T04:30:06","guid":{"rendered":"https:\/\/vof-news.eu\/faute-dun-avocat-quelle-reparation-pour-le-client\/"},"modified":"2025-07-07T07:30:33","modified_gmt":"2025-07-07T04:30:33","slug":"faute-dun-avocat-quelle-reparation-pour-le-client","status":"publish","type":"post","link":"https:\/\/vof-news.eu\/fr\/faute-dun-avocat-quelle-reparation-pour-le-client\/","title":{"rendered":"Faute d\u2019un avocat\u00a0: quelle r\u00e9paration pour le client\u00a0?"},"content":{"rendered":"<article>\n<p><span>I<\/span>l arrive\u00a0(h\u00e9las) qu\u2019un avocat omette de dire \u00e0 son client qu\u2019il risque tel dommage s\u2019il prend telle d\u00e9cision. Le client qui, apr\u00e8s avoir pris ladite d\u00e9cision, subit ledit dommage, ne peut demander l\u2019indemnisation de celui-ci aupr\u00e8s des tribunaux.<\/p>\n<p>En effet, juridiquement, le lien causal entre l\u2019omission du professionnel et la survenue du dommage est consid\u00e9r\u00e9 comme incertain, au motif que le client, m\u00eame correctement inform\u00e9, aurait pu s\u2019en tenir \u00e0 la d\u00e9cision litigieuse.<\/p>\n<p>Le client ne peut que se plaindre d\u2019une , dont l\u2019indemnisation sera toujours inf\u00e9rieure au montant du dommage. Si, n\u00e9anmoins, il r\u00e9clame la seule r\u00e9paration du dommage, que doit faire le juge\u00a0? Telle est la question que pose l\u2019affaire suivante.<\/p>\n<section>   <\/section>\n<p>En\u00a0\u00a02014, la soci\u00e9t\u00e9 Unip\u00e2tis, sp\u00e9cialis\u00e9e dans la production d\u2019ingr\u00e9dients de p\u00e2tisserie, licencie pour faute son chef de fabrication, M.\u00a0X, sans que son avocat, M<sup>e<\/sup>\u00a0Y, lui conseille de lever une clause de non-concurrence qui l\u2019oblige \u00e0 verser deux ans de salaire \u00e0 M.\u00a0X, alors qu\u2019elle est en difficult\u00e9.<\/p>\n<p>En\u00a02020, elle assigne M<sup>e<\/sup>\u00a0Y pour d\u00e9faut de conseil. Son nouvel avocat demande qu\u2019il soit condamn\u00e9 \u00e0 payer le total de l\u2019indemnit\u00e9 de non-concurrence vers\u00e9e \u00e0 M.\u00a0X.\u00a0<a href=\"https:\/\/www.doctrine.fr\/d\/CA\/Versailles\/2022\/CAPAADD41E522ED5618C730?q=Versailles+Unipatis&amp;chrono=false&amp;sort_nbr_commentaire=false&amp;chrono_inverted=false&amp;sort_alphanumeric=false&amp;from=1&amp;size=5&amp;type=arret&amp;original_query_key=7a6e202be4198f807422b1447e6069b9&amp;only_top_results=true&amp;exclude_moyens=false&amp;selected_keywords=%5B%5D&amp;restrict_to_law_article_ids=%5B%5D&amp;restrict_to_initial_law_article_ids=%5B%5D&amp;restrict_to_initial_public_commentary_ids=%5B%5D&amp;restrict_to_initial_legislative_text_ids=%5B%5D&amp;restrict_to_legislative_folder_ids=%5B%5D&amp;restrict_to_decision_ids=%5B%5D&amp;restrict_to_international_tax_agreement_text_ids=%5B%5D&amp;restrict_to_international_tax_agreement_text_version_ids=%5B%5D&amp;restrict_to_collective_agreement_text_ids=%5B%5D&amp;restrict_to_collective_agreement_legal_resource_ids=%5B%5D&amp;restrict_to_international_tax_agreement_legal_resource_ids=%5B%5D&amp;restrict_to_quoted_amendment_ids=%5B%5D&amp;only_regulated_information=false&amp;position=1&amp;sourcePage=Search&amp;source=excerpt_results\" rel=\"nofollow\">La cour d\u2019appel de Versailles<\/a> en d\u00e9duit qu\u2019il\u00bb l\u2019indemnisation de la perte de chance\u00a0(seule indemnisable). Bien qu\u2019elle constate  de M<sup>e<\/sup>\u00a0Y, elle refuse toute r\u00e9paration.<\/p>\n<h2>Entre 1\u00a0%\u00a0et 99\u00a0%<\/h2>\n<p>Unip\u00e2tis se pourvoit en cassation, et son troisi\u00e8me conseil, M<sup>e<\/sup>\u00a0Vincent Rebeyrol, soutient que , comme le juge la Cour de cassation, depuis <a href=\"https:\/\/www.legifrance.gouv.fr\/juri\/id\/JURITEXT000030760246\" rel=\"nofollow\">le 17\u00a0juin\u00a02015 <\/a><a href=\"https:\/\/www.legifrance.gouv.fr\/juri\/id\/JURITEXT000030760246\" rel=\"nofollow\">(14-17.740)<\/a>.<\/p>\n<p>Las, la premi\u00e8re chambre civile d\u00e9sire abandonner cette jurisprudence. Le premier pr\u00e9sident de la Cour de cassation, Christophe Soulard, soumet alors le pourvoi \u00e0 l\u2019assembl\u00e9e pl\u00e9ni\u00e8re, o\u00f9 sont repr\u00e9sent\u00e9es toutes les chambres. <a href=\"https:\/\/www.courdecassation.fr\/agenda-des-audiences\/2025\/05\/16\/pourvoi-ndeg22-21812\" rel=\"nofollow\">Lors d\u2019une audience film\u00e9e<\/a>, M<sup>e<\/sup>\u00a0Rebeyrol affirme que la jurisprudence doit \u00eatre conserv\u00e9e, parce que .<\/p>\n<p><strong>Il vous reste 31.02% de cet article \u00e0 lire. La suite est r\u00e9serv\u00e9e aux abonn\u00e9s.<\/strong><\/p>\n<\/article>\n","protected":false},"excerpt":{"rendered":"<p>Il arrive\u00a0(h\u00e9las) qu\u2019un avocat omette de dire \u00e0 son client qu\u2019il risque tel dommage s\u2019il prend telle d\u00e9cision. Le client qui, apr\u00e8s avoir pris ladite d\u00e9cision, subit ledit dommage, ne peut demander l\u2019indemnisation de celui-ci aupr\u00e8s des tribunaux. En effet, juridiquement, le lien causal entre l\u2019omission du professionnel et la survenue du dommage est consid\u00e9r\u00e9<\/p>\n","protected":false},"author":1,"featured_media":0,"comment_status":"open","ping_status":"open","sticky":false,"template":"","format":"standard","meta":{"footnotes":""},"categories":[53],"tags":[],"class_list":["post-248554","post","type-post","status-publish","format-standard","hentry","category-main-news-fr"],"acf":[],"yoast_head":"<!-- This site is optimized with the Yoast SEO plugin v22.9 - https:\/\/yoast.com\/wordpress\/plugins\/seo\/ -->\n<title>Faute d\u2019un avocat\u00a0: quelle r\u00e9paration pour le client\u00a0? - vof-news.eu<\/title>\n<meta name=\"description\" content=\"Il arrive\u00a0(h\u00e9las) qu\u2019un avocat omette de dire \u00e0 son client qu\u2019il risque tel dommage s\u2019il prend telle d\u00e9cision. Le client qui, apr\u00e8s avoir pris ladite d\u00e9cision, subit ledit dommage, ne peut demander l\u2019indemnisation de celui-ci aupr\u00e8s des tribunaux. En effet, juridiquement, le lien causal entre l\u2019omission du professionnel et la survenue du dommage est consid\u00e9r\u00e9 comme incertain, au motif que le client, m\u00eame correctement inform\u00e9, aurait pu s\u2019en tenir \u00e0 la d\u00e9cision litigieuse. Le client ne peut que se plaindre d\u2019une , dont l\u2019indemnisation sera toujours inf\u00e9rieure au montant du dommage. Si, n\u00e9anmoins, il r\u00e9clame la seule r\u00e9paration du dommage, que doit faire le juge\u00a0? Telle est la question que pose l\u2019affaire suivante.   En\u00a0\u00a02014, la soci\u00e9t\u00e9 Unip\u00e2tis, sp\u00e9cialis\u00e9e dans la production d\u2019ingr\u00e9dients de p\u00e2tisserie, licencie pour faute son chef de fabrication, M.\u00a0X, sans que son avocat, Me\u00a0Y, lui conseille de lever une clause de non-concurrence qui l\u2019oblige \u00e0 verser deux ans de salaire \u00e0 M.\u00a0X, alors qu\u2019elle est en difficult\u00e9. En\u00a02020, elle assigne Me\u00a0Y pour d\u00e9faut de conseil. Son nouvel avocat demande qu\u2019il soit condamn\u00e9 \u00e0 payer le total de l\u2019indemnit\u00e9 de non-concurrence vers\u00e9e \u00e0 M.\u00a0X.\u00a0La cour d\u2019appel de Versailles en d\u00e9duit qu\u2019il\u00bb l\u2019indemnisation de la perte de chance\u00a0(seule indemnisable). Bien qu\u2019elle constate de Me\u00a0Y, elle refuse toute r\u00e9paration. Entre 1\u00a0%\u00a0et 99\u00a0% Unip\u00e2tis se pourvoit en cassation, et son troisi\u00e8me conseil, Me\u00a0Vincent Rebeyrol, soutient que , comme le juge la Cour de cassation, depuis le 17\u00a0juin\u00a02015 (14-17.740). Las, la premi\u00e8re chambre civile d\u00e9sire abandonner cette jurisprudence. Le premier pr\u00e9sident de la Cour de cassation, Christophe Soulard, soumet alors le pourvoi \u00e0 l\u2019assembl\u00e9e pl\u00e9ni\u00e8re, o\u00f9 sont repr\u00e9sent\u00e9es toutes les chambres. Lors d\u2019une audience film\u00e9e, Me\u00a0Rebeyrol affirme que la jurisprudence doit \u00eatre conserv\u00e9e, parce que . Il vous reste 31.02% de cet article \u00e0 lire. La suite est r\u00e9serv\u00e9e aux abonn\u00e9s.\" \/>\n<meta name=\"robots\" content=\"noindex, follow, max-snippet:-1, max-image-preview:large, max-video-preview:-1\" \/>\n<meta property=\"og:locale\" content=\"fr_FR\" \/>\n<meta property=\"og:type\" content=\"article\" \/>\n<meta property=\"og:title\" content=\"Faute d\u2019un avocat\u00a0: quelle r\u00e9paration pour le client\u00a0? - vof-news.eu\" \/>\n<meta property=\"og:description\" content=\"Il arrive\u00a0(h\u00e9las) qu\u2019un avocat omette de dire \u00e0 son client qu\u2019il risque tel dommage s\u2019il prend telle d\u00e9cision. Le client qui, apr\u00e8s avoir pris ladite d\u00e9cision, subit ledit dommage, ne peut demander l\u2019indemnisation de celui-ci aupr\u00e8s des tribunaux. En effet, juridiquement, le lien causal entre l\u2019omission du professionnel et la survenue du dommage est consid\u00e9r\u00e9 comme incertain, au motif que le client, m\u00eame correctement inform\u00e9, aurait pu s\u2019en tenir \u00e0 la d\u00e9cision litigieuse. Le client ne peut que se plaindre d\u2019une , dont l\u2019indemnisation sera toujours inf\u00e9rieure au montant du dommage. Si, n\u00e9anmoins, il r\u00e9clame la seule r\u00e9paration du dommage, que doit faire le juge\u00a0? Telle est la question que pose l\u2019affaire suivante.   En\u00a0\u00a02014, la soci\u00e9t\u00e9 Unip\u00e2tis, sp\u00e9cialis\u00e9e dans la production d\u2019ingr\u00e9dients de p\u00e2tisserie, licencie pour faute son chef de fabrication, M.\u00a0X, sans que son avocat, Me\u00a0Y, lui conseille de lever une clause de non-concurrence qui l\u2019oblige \u00e0 verser deux ans de salaire \u00e0 M.\u00a0X, alors qu\u2019elle est en difficult\u00e9. En\u00a02020, elle assigne Me\u00a0Y pour d\u00e9faut de conseil. Son nouvel avocat demande qu\u2019il soit condamn\u00e9 \u00e0 payer le total de l\u2019indemnit\u00e9 de non-concurrence vers\u00e9e \u00e0 M.\u00a0X.\u00a0La cour d\u2019appel de Versailles en d\u00e9duit qu\u2019il\u00bb l\u2019indemnisation de la perte de chance\u00a0(seule indemnisable). Bien qu\u2019elle constate de Me\u00a0Y, elle refuse toute r\u00e9paration. Entre 1\u00a0%\u00a0et 99\u00a0% Unip\u00e2tis se pourvoit en cassation, et son troisi\u00e8me conseil, Me\u00a0Vincent Rebeyrol, soutient que , comme le juge la Cour de cassation, depuis le 17\u00a0juin\u00a02015 (14-17.740). Las, la premi\u00e8re chambre civile d\u00e9sire abandonner cette jurisprudence. Le premier pr\u00e9sident de la Cour de cassation, Christophe Soulard, soumet alors le pourvoi \u00e0 l\u2019assembl\u00e9e pl\u00e9ni\u00e8re, o\u00f9 sont repr\u00e9sent\u00e9es toutes les chambres. Lors d\u2019une audience film\u00e9e, Me\u00a0Rebeyrol affirme que la jurisprudence doit \u00eatre conserv\u00e9e, parce que . Il vous reste 31.02% de cet article \u00e0 lire. La suite est r\u00e9serv\u00e9e aux abonn\u00e9s.\" \/>\n<meta property=\"og:url\" content=\"https:\/\/vof-news.eu\/fr\/faute-dun-avocat-quelle-reparation-pour-le-client\/\" \/>\n<meta property=\"og:site_name\" content=\"vof-news.eu\" \/>\n<meta property=\"article:published_time\" content=\"2025-07-07T04:30:06+00:00\" \/>\n<meta property=\"article:modified_time\" content=\"2025-07-07T04:30:33+00:00\" \/>\n<meta name=\"author\" content=\"Author\" \/>\n<meta name=\"twitter:card\" content=\"summary_large_image\" \/>\n<meta name=\"twitter:label1\" content=\"\u00c9crit par\" \/>\n\t<meta name=\"twitter:data1\" content=\"Author\" \/>\n\t<meta name=\"twitter:label2\" content=\"Dur\u00e9e de lecture estim\u00e9e\" \/>\n\t<meta name=\"twitter:data2\" content=\"2 minutes\" \/>\n<script type=\"application\/ld+json\" class=\"yoast-schema-graph\">{\"@context\":\"https:\/\/schema.org\",\"@graph\":[{\"@type\":\"WebPage\",\"@id\":\"https:\/\/vof-news.eu\/fr\/faute-dun-avocat-quelle-reparation-pour-le-client\/\",\"url\":\"https:\/\/vof-news.eu\/fr\/faute-dun-avocat-quelle-reparation-pour-le-client\/\",\"name\":\"Faute d\u2019un avocat\u00a0: quelle r\u00e9paration pour le client\u00a0? - vof-news.eu\",\"isPartOf\":{\"@id\":\"https:\/\/vof-news.eu\/fr\/#website\"},\"datePublished\":\"2025-07-07T04:30:06+00:00\",\"dateModified\":\"2025-07-07T04:30:33+00:00\",\"author\":{\"@id\":\"https:\/\/vof-news.eu\/fr\/#\/schema\/person\/f6a2a4309f0561835797fd8c19b333ed\"},\"description\":\"Il arrive\u00a0(h\u00e9las) qu\u2019un avocat omette de dire \u00e0 son client qu\u2019il risque tel dommage s\u2019il prend telle d\u00e9cision. Le client qui, apr\u00e8s avoir pris ladite d\u00e9cision, subit ledit dommage, ne peut demander l\u2019indemnisation de celui-ci aupr\u00e8s des tribunaux. En effet, juridiquement, le lien causal entre l\u2019omission du professionnel et la survenue du dommage est consid\u00e9r\u00e9 comme incertain, au motif que le client, m\u00eame correctement inform\u00e9, aurait pu s\u2019en tenir \u00e0 la d\u00e9cision litigieuse. Le client ne peut que se plaindre d\u2019une , dont l\u2019indemnisation sera toujours inf\u00e9rieure au montant du dommage. Si, n\u00e9anmoins, il r\u00e9clame la seule r\u00e9paration du dommage, que doit faire le juge\u00a0? Telle est la question que pose l\u2019affaire suivante. En\u00a0\u00a02014, la soci\u00e9t\u00e9 Unip\u00e2tis, sp\u00e9cialis\u00e9e dans la production d\u2019ingr\u00e9dients de p\u00e2tisserie, licencie pour faute son chef de fabrication, M.\u00a0X, sans que son avocat, Me\u00a0Y, lui conseille de lever une clause de non-concurrence qui l\u2019oblige \u00e0 verser deux ans de salaire \u00e0 M.\u00a0X, alors qu\u2019elle est en difficult\u00e9. En\u00a02020, elle assigne Me\u00a0Y pour d\u00e9faut de conseil. Son nouvel avocat demande qu\u2019il soit condamn\u00e9 \u00e0 payer le total de l\u2019indemnit\u00e9 de non-concurrence vers\u00e9e \u00e0 M.\u00a0X.\u00a0La cour d\u2019appel de Versailles en d\u00e9duit qu\u2019il\u00bb l\u2019indemnisation de la perte de chance\u00a0(seule indemnisable). Bien qu\u2019elle constate de Me\u00a0Y, elle refuse toute r\u00e9paration. Entre 1\u00a0%\u00a0et 99\u00a0% Unip\u00e2tis se pourvoit en cassation, et son troisi\u00e8me conseil, Me\u00a0Vincent Rebeyrol, soutient que , comme le juge la Cour de cassation, depuis le 17\u00a0juin\u00a02015 (14-17.740). Las, la premi\u00e8re chambre civile d\u00e9sire abandonner cette jurisprudence. Le premier pr\u00e9sident de la Cour de cassation, Christophe Soulard, soumet alors le pourvoi \u00e0 l\u2019assembl\u00e9e pl\u00e9ni\u00e8re, o\u00f9 sont repr\u00e9sent\u00e9es toutes les chambres. Lors d\u2019une audience film\u00e9e, Me\u00a0Rebeyrol affirme que la jurisprudence doit \u00eatre conserv\u00e9e, parce que . Il vous reste 31.02% de cet article \u00e0 lire. La suite est r\u00e9serv\u00e9e aux abonn\u00e9s.\",\"breadcrumb\":{\"@id\":\"https:\/\/vof-news.eu\/fr\/faute-dun-avocat-quelle-reparation-pour-le-client\/#breadcrumb\"},\"inLanguage\":\"fr-FR\",\"potentialAction\":[{\"@type\":\"ReadAction\",\"target\":[\"https:\/\/vof-news.eu\/fr\/faute-dun-avocat-quelle-reparation-pour-le-client\/\"]}]},{\"@type\":\"BreadcrumbList\",\"@id\":\"https:\/\/vof-news.eu\/fr\/faute-dun-avocat-quelle-reparation-pour-le-client\/#breadcrumb\",\"itemListElement\":[{\"@type\":\"ListItem\",\"position\":1,\"name\":\"Home\",\"item\":\"https:\/\/vof-news.eu\/fr\/\"},{\"@type\":\"ListItem\",\"position\":2,\"name\":\"Faute d\u2019un avocat\u00a0: quelle r\u00e9paration pour le client\u00a0?\"}]},{\"@type\":\"WebSite\",\"@id\":\"https:\/\/vof-news.eu\/fr\/#website\",\"url\":\"https:\/\/vof-news.eu\/fr\/\",\"name\":\"vof-news.eu\",\"description\":\"\",\"potentialAction\":[{\"@type\":\"SearchAction\",\"target\":{\"@type\":\"EntryPoint\",\"urlTemplate\":\"https:\/\/vof-news.eu\/fr\/?s={search_term_string}\"},\"query-input\":\"required name=search_term_string\"}],\"inLanguage\":\"fr-FR\"},{\"@type\":\"Person\",\"@id\":\"https:\/\/vof-news.eu\/fr\/#\/schema\/person\/f6a2a4309f0561835797fd8c19b333ed\",\"name\":\"Author\",\"image\":{\"@type\":\"ImageObject\",\"inLanguage\":\"fr-FR\",\"@id\":\"https:\/\/vof-news.eu\/fr\/#\/schema\/person\/image\/\",\"url\":\"https:\/\/secure.gravatar.com\/avatar\/b67e614b1b25b3e9c0c239efdd2fde5ab015b5affd6f1c3c85911ca4b384e790?s=96&d=mm&r=g\",\"contentUrl\":\"https:\/\/secure.gravatar.com\/avatar\/b67e614b1b25b3e9c0c239efdd2fde5ab015b5affd6f1c3c85911ca4b384e790?s=96&d=mm&r=g\",\"caption\":\"Author\"},\"sameAs\":[\"http:\/\/vof-news.eu\"],\"url\":\"https:\/\/vof-news.eu\/fr\/author\/zwt6qxnjulxbnyg\/\"}]}<\/script>\n<!-- \/ Yoast SEO plugin. -->","yoast_head_json":{"title":"Faute d\u2019un avocat\u00a0: quelle r\u00e9paration pour le client\u00a0? - vof-news.eu","description":"Il arrive\u00a0(h\u00e9las) qu\u2019un avocat omette de dire \u00e0 son client qu\u2019il risque tel dommage s\u2019il prend telle d\u00e9cision. Le client qui, apr\u00e8s avoir pris ladite d\u00e9cision, subit ledit dommage, ne peut demander l\u2019indemnisation de celui-ci aupr\u00e8s des tribunaux. En effet, juridiquement, le lien causal entre l\u2019omission du professionnel et la survenue du dommage est consid\u00e9r\u00e9 comme incertain, au motif que le client, m\u00eame correctement inform\u00e9, aurait pu s\u2019en tenir \u00e0 la d\u00e9cision litigieuse. Le client ne peut que se plaindre d\u2019une , dont l\u2019indemnisation sera toujours inf\u00e9rieure au montant du dommage. Si, n\u00e9anmoins, il r\u00e9clame la seule r\u00e9paration du dommage, que doit faire le juge\u00a0? Telle est la question que pose l\u2019affaire suivante.   En\u00a0\u00a02014, la soci\u00e9t\u00e9 Unip\u00e2tis, sp\u00e9cialis\u00e9e dans la production d\u2019ingr\u00e9dients de p\u00e2tisserie, licencie pour faute son chef de fabrication, M.\u00a0X, sans que son avocat, Me\u00a0Y, lui conseille de lever une clause de non-concurrence qui l\u2019oblige \u00e0 verser deux ans de salaire \u00e0 M.\u00a0X, alors qu\u2019elle est en difficult\u00e9. En\u00a02020, elle assigne Me\u00a0Y pour d\u00e9faut de conseil. Son nouvel avocat demande qu\u2019il soit condamn\u00e9 \u00e0 payer le total de l\u2019indemnit\u00e9 de non-concurrence vers\u00e9e \u00e0 M.\u00a0X.\u00a0La cour d\u2019appel de Versailles en d\u00e9duit qu\u2019il\u00bb l\u2019indemnisation de la perte de chance\u00a0(seule indemnisable). Bien qu\u2019elle constate de Me\u00a0Y, elle refuse toute r\u00e9paration. Entre 1\u00a0%\u00a0et 99\u00a0% Unip\u00e2tis se pourvoit en cassation, et son troisi\u00e8me conseil, Me\u00a0Vincent Rebeyrol, soutient que , comme le juge la Cour de cassation, depuis le 17\u00a0juin\u00a02015 (14-17.740). Las, la premi\u00e8re chambre civile d\u00e9sire abandonner cette jurisprudence. Le premier pr\u00e9sident de la Cour de cassation, Christophe Soulard, soumet alors le pourvoi \u00e0 l\u2019assembl\u00e9e pl\u00e9ni\u00e8re, o\u00f9 sont repr\u00e9sent\u00e9es toutes les chambres. Lors d\u2019une audience film\u00e9e, Me\u00a0Rebeyrol affirme que la jurisprudence doit \u00eatre conserv\u00e9e, parce que . Il vous reste 31.02% de cet article \u00e0 lire. La suite est r\u00e9serv\u00e9e aux abonn\u00e9s.","robots":{"index":"noindex","follow":"follow","max-snippet":"max-snippet:-1","max-image-preview":"max-image-preview:large","max-video-preview":"max-video-preview:-1"},"og_locale":"fr_FR","og_type":"article","og_title":"Faute d\u2019un avocat\u00a0: quelle r\u00e9paration pour le client\u00a0? - vof-news.eu","og_description":"Il arrive\u00a0(h\u00e9las) qu\u2019un avocat omette de dire \u00e0 son client qu\u2019il risque tel dommage s\u2019il prend telle d\u00e9cision. Le client qui, apr\u00e8s avoir pris ladite d\u00e9cision, subit ledit dommage, ne peut demander l\u2019indemnisation de celui-ci aupr\u00e8s des tribunaux. En effet, juridiquement, le lien causal entre l\u2019omission du professionnel et la survenue du dommage est consid\u00e9r\u00e9 comme incertain, au motif que le client, m\u00eame correctement inform\u00e9, aurait pu s\u2019en tenir \u00e0 la d\u00e9cision litigieuse. Le client ne peut que se plaindre d\u2019une , dont l\u2019indemnisation sera toujours inf\u00e9rieure au montant du dommage. Si, n\u00e9anmoins, il r\u00e9clame la seule r\u00e9paration du dommage, que doit faire le juge\u00a0? Telle est la question que pose l\u2019affaire suivante.   En\u00a0\u00a02014, la soci\u00e9t\u00e9 Unip\u00e2tis, sp\u00e9cialis\u00e9e dans la production d\u2019ingr\u00e9dients de p\u00e2tisserie, licencie pour faute son chef de fabrication, M.\u00a0X, sans que son avocat, Me\u00a0Y, lui conseille de lever une clause de non-concurrence qui l\u2019oblige \u00e0 verser deux ans de salaire \u00e0 M.\u00a0X, alors qu\u2019elle est en difficult\u00e9. En\u00a02020, elle assigne Me\u00a0Y pour d\u00e9faut de conseil. Son nouvel avocat demande qu\u2019il soit condamn\u00e9 \u00e0 payer le total de l\u2019indemnit\u00e9 de non-concurrence vers\u00e9e \u00e0 M.\u00a0X.\u00a0La cour d\u2019appel de Versailles en d\u00e9duit qu\u2019il\u00bb l\u2019indemnisation de la perte de chance\u00a0(seule indemnisable). Bien qu\u2019elle constate de Me\u00a0Y, elle refuse toute r\u00e9paration. Entre 1\u00a0%\u00a0et 99\u00a0% Unip\u00e2tis se pourvoit en cassation, et son troisi\u00e8me conseil, Me\u00a0Vincent Rebeyrol, soutient que , comme le juge la Cour de cassation, depuis le 17\u00a0juin\u00a02015 (14-17.740). Las, la premi\u00e8re chambre civile d\u00e9sire abandonner cette jurisprudence. Le premier pr\u00e9sident de la Cour de cassation, Christophe Soulard, soumet alors le pourvoi \u00e0 l\u2019assembl\u00e9e pl\u00e9ni\u00e8re, o\u00f9 sont repr\u00e9sent\u00e9es toutes les chambres. Lors d\u2019une audience film\u00e9e, Me\u00a0Rebeyrol affirme que la jurisprudence doit \u00eatre conserv\u00e9e, parce que . Il vous reste 31.02% de cet article \u00e0 lire. La suite est r\u00e9serv\u00e9e aux abonn\u00e9s.","og_url":"https:\/\/vof-news.eu\/fr\/faute-dun-avocat-quelle-reparation-pour-le-client\/","og_site_name":"vof-news.eu","article_published_time":"2025-07-07T04:30:06+00:00","article_modified_time":"2025-07-07T04:30:33+00:00","author":"Author","twitter_card":"summary_large_image","twitter_misc":{"\u00c9crit par":"Author","Dur\u00e9e de lecture estim\u00e9e":"2 minutes"},"schema":{"@context":"https:\/\/schema.org","@graph":[{"@type":"WebPage","@id":"https:\/\/vof-news.eu\/fr\/faute-dun-avocat-quelle-reparation-pour-le-client\/","url":"https:\/\/vof-news.eu\/fr\/faute-dun-avocat-quelle-reparation-pour-le-client\/","name":"Faute d\u2019un avocat\u00a0: quelle r\u00e9paration pour le client\u00a0? - vof-news.eu","isPartOf":{"@id":"https:\/\/vof-news.eu\/fr\/#website"},"datePublished":"2025-07-07T04:30:06+00:00","dateModified":"2025-07-07T04:30:33+00:00","author":{"@id":"https:\/\/vof-news.eu\/fr\/#\/schema\/person\/f6a2a4309f0561835797fd8c19b333ed"},"description":"Il arrive\u00a0(h\u00e9las) qu\u2019un avocat omette de dire \u00e0 son client qu\u2019il risque tel dommage s\u2019il prend telle d\u00e9cision. Le client qui, apr\u00e8s avoir pris ladite d\u00e9cision, subit ledit dommage, ne peut demander l\u2019indemnisation de celui-ci aupr\u00e8s des tribunaux. En effet, juridiquement, le lien causal entre l\u2019omission du professionnel et la survenue du dommage est consid\u00e9r\u00e9 comme incertain, au motif que le client, m\u00eame correctement inform\u00e9, aurait pu s\u2019en tenir \u00e0 la d\u00e9cision litigieuse. Le client ne peut que se plaindre d\u2019une , dont l\u2019indemnisation sera toujours inf\u00e9rieure au montant du dommage. Si, n\u00e9anmoins, il r\u00e9clame la seule r\u00e9paration du dommage, que doit faire le juge\u00a0? Telle est la question que pose l\u2019affaire suivante. En\u00a0\u00a02014, la soci\u00e9t\u00e9 Unip\u00e2tis, sp\u00e9cialis\u00e9e dans la production d\u2019ingr\u00e9dients de p\u00e2tisserie, licencie pour faute son chef de fabrication, M.\u00a0X, sans que son avocat, Me\u00a0Y, lui conseille de lever une clause de non-concurrence qui l\u2019oblige \u00e0 verser deux ans de salaire \u00e0 M.\u00a0X, alors qu\u2019elle est en difficult\u00e9. En\u00a02020, elle assigne Me\u00a0Y pour d\u00e9faut de conseil. Son nouvel avocat demande qu\u2019il soit condamn\u00e9 \u00e0 payer le total de l\u2019indemnit\u00e9 de non-concurrence vers\u00e9e \u00e0 M.\u00a0X.\u00a0La cour d\u2019appel de Versailles en d\u00e9duit qu\u2019il\u00bb l\u2019indemnisation de la perte de chance\u00a0(seule indemnisable). Bien qu\u2019elle constate de Me\u00a0Y, elle refuse toute r\u00e9paration. Entre 1\u00a0%\u00a0et 99\u00a0% Unip\u00e2tis se pourvoit en cassation, et son troisi\u00e8me conseil, Me\u00a0Vincent Rebeyrol, soutient que , comme le juge la Cour de cassation, depuis le 17\u00a0juin\u00a02015 (14-17.740). Las, la premi\u00e8re chambre civile d\u00e9sire abandonner cette jurisprudence. Le premier pr\u00e9sident de la Cour de cassation, Christophe Soulard, soumet alors le pourvoi \u00e0 l\u2019assembl\u00e9e pl\u00e9ni\u00e8re, o\u00f9 sont repr\u00e9sent\u00e9es toutes les chambres. Lors d\u2019une audience film\u00e9e, Me\u00a0Rebeyrol affirme que la jurisprudence doit \u00eatre conserv\u00e9e, parce que . Il vous reste 31.02% de cet article \u00e0 lire. La suite est r\u00e9serv\u00e9e aux abonn\u00e9s.","breadcrumb":{"@id":"https:\/\/vof-news.eu\/fr\/faute-dun-avocat-quelle-reparation-pour-le-client\/#breadcrumb"},"inLanguage":"fr-FR","potentialAction":[{"@type":"ReadAction","target":["https:\/\/vof-news.eu\/fr\/faute-dun-avocat-quelle-reparation-pour-le-client\/"]}]},{"@type":"BreadcrumbList","@id":"https:\/\/vof-news.eu\/fr\/faute-dun-avocat-quelle-reparation-pour-le-client\/#breadcrumb","itemListElement":[{"@type":"ListItem","position":1,"name":"Home","item":"https:\/\/vof-news.eu\/fr\/"},{"@type":"ListItem","position":2,"name":"Faute d\u2019un avocat\u00a0: quelle r\u00e9paration pour le client\u00a0?"}]},{"@type":"WebSite","@id":"https:\/\/vof-news.eu\/fr\/#website","url":"https:\/\/vof-news.eu\/fr\/","name":"vof-news.eu","description":"","potentialAction":[{"@type":"SearchAction","target":{"@type":"EntryPoint","urlTemplate":"https:\/\/vof-news.eu\/fr\/?s={search_term_string}"},"query-input":"required name=search_term_string"}],"inLanguage":"fr-FR"},{"@type":"Person","@id":"https:\/\/vof-news.eu\/fr\/#\/schema\/person\/f6a2a4309f0561835797fd8c19b333ed","name":"Author","image":{"@type":"ImageObject","inLanguage":"fr-FR","@id":"https:\/\/vof-news.eu\/fr\/#\/schema\/person\/image\/","url":"https:\/\/secure.gravatar.com\/avatar\/b67e614b1b25b3e9c0c239efdd2fde5ab015b5affd6f1c3c85911ca4b384e790?s=96&d=mm&r=g","contentUrl":"https:\/\/secure.gravatar.com\/avatar\/b67e614b1b25b3e9c0c239efdd2fde5ab015b5affd6f1c3c85911ca4b384e790?s=96&d=mm&r=g","caption":"Author"},"sameAs":["http:\/\/vof-news.eu"],"url":"https:\/\/vof-news.eu\/fr\/author\/zwt6qxnjulxbnyg\/"}]}},"yoast_meta":{"yoast_wpseo_title":"","yoast_wpseo_metadesc":"","yoast_wpseo_canonical":""},"_links":{"self":[{"href":"https:\/\/vof-news.eu\/fr\/wp-json\/wp\/v2\/posts\/248554","targetHints":{"allow":["GET"]}}],"collection":[{"href":"https:\/\/vof-news.eu\/fr\/wp-json\/wp\/v2\/posts"}],"about":[{"href":"https:\/\/vof-news.eu\/fr\/wp-json\/wp\/v2\/types\/post"}],"author":[{"embeddable":true,"href":"https:\/\/vof-news.eu\/fr\/wp-json\/wp\/v2\/users\/1"}],"replies":[{"embeddable":true,"href":"https:\/\/vof-news.eu\/fr\/wp-json\/wp\/v2\/comments?post=248554"}],"version-history":[{"count":1,"href":"https:\/\/vof-news.eu\/fr\/wp-json\/wp\/v2\/posts\/248554\/revisions"}],"predecessor-version":[{"id":248555,"href":"https:\/\/vof-news.eu\/fr\/wp-json\/wp\/v2\/posts\/248554\/revisions\/248555"}],"wp:attachment":[{"href":"https:\/\/vof-news.eu\/fr\/wp-json\/wp\/v2\/media?parent=248554"}],"wp:term":[{"taxonomy":"category","embeddable":true,"href":"https:\/\/vof-news.eu\/fr\/wp-json\/wp\/v2\/categories?post=248554"},{"taxonomy":"post_tag","embeddable":true,"href":"https:\/\/vof-news.eu\/fr\/wp-json\/wp\/v2\/tags?post=248554"}],"curies":[{"name":"wp","href":"https:\/\/api.w.org\/{rel}","templated":true}]}}