{"id":248483,"date":"2025-07-06T23:30:13","date_gmt":"2025-07-06T20:30:13","guid":{"rendered":"https:\/\/vof-news.eu\/mathieu-van-der-poel-nouveau-maillot-jaune-retarde-le-retour-au-pouvoir-de-tadej-pogacar-dans-le-tour-de-france\/"},"modified":"2025-07-06T23:30:41","modified_gmt":"2025-07-06T20:30:41","slug":"mathieu-van-der-poel-nouveau-maillot-jaune-retarde-le-retour-au-pouvoir-de-tadej-pogacar-dans-le-tour-de-france","status":"publish","type":"post","link":"https:\/\/vof-news.eu\/fr\/mathieu-van-der-poel-nouveau-maillot-jaune-retarde-le-retour-au-pouvoir-de-tadej-pogacar-dans-le-tour-de-france\/","title":{"rendered":"Mathieu van der Poel, nouveau maillot jaune, retarde le retour au pouvoir de Tadej Pogacar dans le Tour de France"},"content":{"rendered":"<article>\n<p>Il est \u00e9trange de constater \u00e0 quel point le cerveau peine \u00e0 accueillir certaines images. Tadej Pogacar avec le maillot \u00e0 pois de meilleur grimpeur sur les \u00e9paules, ce n\u2019est pas nouveau, c\u2019est d\u00e9j\u00e0 arriv\u00e9 par le pass\u00e9 mais trop peu pour que l\u2019int\u00e9ress\u00e9 lui-m\u00eame se souvienne du nombre de jours o\u00f9 il l\u2019a port\u00e9. Le public a davantage l\u2019habitude de voir<a href=\"https:\/\/www.lemonde.fr\/sport\/article\/2024\/07\/21\/tour-de-france-2024-la-suprematie-de-tadej-pogacar-l-ogre-slovene_6254843_3242.html\" rel=\"nofollow\"> le Slov\u00e8ne d\u00e9ambuler en jaune <\/a>sur les routes du Tour de France. Mais \u00e0 Boulogne-sur-Mer (Pas-de-Calais), dimanche 6\u00a0juillet, la p\u00eache fut infructueuse pour le triple vainqueur de la Grande Boucle, dauphin de la 2\u1d49 \u00e9tape derri\u00e8re Mathieu van der Poel (Alpecin-Deceuninck), nouveau porteur du maillot jaune.<\/p>\n<section>   <\/section>\n<p>Le N\u00e9erlandais s\u2019est impos\u00e9 au pied des murailles de la cit\u00e9 de la C\u00f4te d\u2019Opale, au sprint devant le leader d\u2019UAE Team Emirates-XRG et Jonas Vingegaard (Visma-Lease a Bike). Une victoire autant que le report d\u2019une \u00e9ch\u00e9ance que beaucoup, du peloton aux spectateurs en passant par les simples amateurs de suspense, redoutaient\u00a0: <a href=\"https:\/\/www.lemonde.fr\/sport\/article\/2025\/07\/05\/tadej-pogacar-contre-jonas-vingegaard-un-tour-de-france-2025-aux-allures-de-remake_6618543_3242.html\" rel=\"nofollow\">la prise de pouvoir annonc\u00e9e<\/a> des pr\u00e9tendants au classement g\u00e9n\u00e9ral et, plus sp\u00e9cifiquement, de Tadej Pogacar.<\/p>\n<p><strong>Il vous reste 77.29% de cet article \u00e0 lire. La suite est r\u00e9serv\u00e9e aux abonn\u00e9s.<\/strong><\/p>\n<\/article>\n","protected":false},"excerpt":{"rendered":"<p>Il est \u00e9trange de constater \u00e0 quel point le cerveau peine \u00e0 accueillir certaines images. Tadej Pogacar avec le maillot \u00e0 pois de meilleur grimpeur sur les \u00e9paules, ce n\u2019est pas nouveau, c\u2019est d\u00e9j\u00e0 arriv\u00e9 par le pass\u00e9 mais trop peu pour que l\u2019int\u00e9ress\u00e9 lui-m\u00eame se souvienne du nombre de jours o\u00f9 il l\u2019a port\u00e9.<\/p>\n","protected":false},"author":1,"featured_media":248484,"comment_status":"open","ping_status":"open","sticky":false,"template":"","format":"standard","meta":{"footnotes":""},"categories":[73],"tags":[],"class_list":["post-248483","post","type-post","status-publish","format-standard","has-post-thumbnail","hentry","category-sport-fr"],"acf":[],"yoast_head":"<!-- This site is optimized with the Yoast SEO plugin v22.9 - https:\/\/yoast.com\/wordpress\/plugins\/seo\/ -->\n<title>Mathieu van der Poel, nouveau maillot jaune, retarde le retour au pouvoir de Tadej Pogacar dans le Tour de France - vof-news.eu<\/title>\n<meta name=\"description\" content=\"Il est \u00e9trange de constater \u00e0 quel point le cerveau peine \u00e0 accueillir certaines images. Tadej Pogacar avec le maillot \u00e0 pois de meilleur grimpeur sur les \u00e9paules, ce n\u2019est pas nouveau, c\u2019est d\u00e9j\u00e0 arriv\u00e9 par le pass\u00e9 mais trop peu pour que l\u2019int\u00e9ress\u00e9 lui-m\u00eame se souvienne du nombre de jours o\u00f9 il l\u2019a port\u00e9. Le public a davantage l\u2019habitude de voir le Slov\u00e8ne d\u00e9ambuler en jaune sur les routes du Tour de France. Mais \u00e0 Boulogne-sur-Mer (Pas-de-Calais), dimanche 6\u00a0juillet, la p\u00eache fut infructueuse pour le triple vainqueur de la Grande Boucle, dauphin de la 2\u1d49 \u00e9tape derri\u00e8re Mathieu van der Poel (Alpecin-Deceuninck), nouveau porteur du maillot jaune.   Le N\u00e9erlandais s\u2019est impos\u00e9 au pied des murailles de la cit\u00e9 de la C\u00f4te d\u2019Opale, au sprint devant le leader d\u2019UAE Team Emirates-XRG et Jonas Vingegaard (Visma-Lease a Bike). Une victoire autant que le report d\u2019une \u00e9ch\u00e9ance que beaucoup, du peloton aux spectateurs en passant par les simples amateurs de suspense, redoutaient\u00a0: la prise de pouvoir annonc\u00e9e des pr\u00e9tendants au classement g\u00e9n\u00e9ral et, plus sp\u00e9cifiquement, de Tadej Pogacar. Il vous reste 77.29% de cet article \u00e0 lire. La suite est r\u00e9serv\u00e9e aux abonn\u00e9s.\" \/>\n<meta name=\"robots\" content=\"noindex, follow, max-snippet:-1, max-image-preview:large, max-video-preview:-1\" \/>\n<meta property=\"og:locale\" content=\"fr_FR\" \/>\n<meta property=\"og:type\" content=\"article\" \/>\n<meta property=\"og:title\" content=\"Mathieu van der Poel, nouveau maillot jaune, retarde le retour au pouvoir de Tadej Pogacar dans le Tour de France - vof-news.eu\" \/>\n<meta property=\"og:description\" content=\"Il est \u00e9trange de constater \u00e0 quel point le cerveau peine \u00e0 accueillir certaines images. Tadej Pogacar avec le maillot \u00e0 pois de meilleur grimpeur sur les \u00e9paules, ce n\u2019est pas nouveau, c\u2019est d\u00e9j\u00e0 arriv\u00e9 par le pass\u00e9 mais trop peu pour que l\u2019int\u00e9ress\u00e9 lui-m\u00eame se souvienne du nombre de jours o\u00f9 il l\u2019a port\u00e9. Le public a davantage l\u2019habitude de voir le Slov\u00e8ne d\u00e9ambuler en jaune sur les routes du Tour de France. Mais \u00e0 Boulogne-sur-Mer (Pas-de-Calais), dimanche 6\u00a0juillet, la p\u00eache fut infructueuse pour le triple vainqueur de la Grande Boucle, dauphin de la 2\u1d49 \u00e9tape derri\u00e8re Mathieu van der Poel (Alpecin-Deceuninck), nouveau porteur du maillot jaune.   Le N\u00e9erlandais s\u2019est impos\u00e9 au pied des murailles de la cit\u00e9 de la C\u00f4te d\u2019Opale, au sprint devant le leader d\u2019UAE Team Emirates-XRG et Jonas Vingegaard (Visma-Lease a Bike). Une victoire autant que le report d\u2019une \u00e9ch\u00e9ance que beaucoup, du peloton aux spectateurs en passant par les simples amateurs de suspense, redoutaient\u00a0: la prise de pouvoir annonc\u00e9e des pr\u00e9tendants au classement g\u00e9n\u00e9ral et, plus sp\u00e9cifiquement, de Tadej Pogacar. Il vous reste 77.29% de cet article \u00e0 lire. La suite est r\u00e9serv\u00e9e aux abonn\u00e9s.\" \/>\n<meta property=\"og:url\" content=\"https:\/\/vof-news.eu\/fr\/mathieu-van-der-poel-nouveau-maillot-jaune-retarde-le-retour-au-pouvoir-de-tadej-pogacar-dans-le-tour-de-france\/\" \/>\n<meta property=\"og:site_name\" content=\"vof-news.eu\" \/>\n<meta property=\"article:published_time\" content=\"2025-07-06T20:30:13+00:00\" \/>\n<meta property=\"article:modified_time\" content=\"2025-07-06T20:30:41+00:00\" \/>\n<meta property=\"og:image\" content=\"https:\/\/vof-news.eu\/wp-content\/uploads\/2025\/07\/76fdde3_ftp-import-images-1-4ijmnaj7dy1w-5345498-01-06.jpg\" \/>\n\t<meta property=\"og:image:width\" content=\"664\" \/>\n\t<meta property=\"og:image:height\" content=\"443\" \/>\n\t<meta property=\"og:image:type\" content=\"image\/jpeg\" \/>\n<meta name=\"author\" content=\"Author\" \/>\n<meta name=\"twitter:card\" content=\"summary_large_image\" \/>\n<meta name=\"twitter:label1\" content=\"\u00c9crit par\" \/>\n\t<meta name=\"twitter:data1\" content=\"Author\" \/>\n\t<meta name=\"twitter:label2\" content=\"Dur\u00e9e de lecture estim\u00e9e\" \/>\n\t<meta name=\"twitter:data2\" content=\"1 minute\" \/>\n<script type=\"application\/ld+json\" class=\"yoast-schema-graph\">{\"@context\":\"https:\/\/schema.org\",\"@graph\":[{\"@type\":\"WebPage\",\"@id\":\"https:\/\/vof-news.eu\/fr\/mathieu-van-der-poel-nouveau-maillot-jaune-retarde-le-retour-au-pouvoir-de-tadej-pogacar-dans-le-tour-de-france\/\",\"url\":\"https:\/\/vof-news.eu\/fr\/mathieu-van-der-poel-nouveau-maillot-jaune-retarde-le-retour-au-pouvoir-de-tadej-pogacar-dans-le-tour-de-france\/\",\"name\":\"Mathieu van der Poel, nouveau maillot jaune, retarde le retour au pouvoir de Tadej Pogacar dans le Tour de France - vof-news.eu\",\"isPartOf\":{\"@id\":\"https:\/\/vof-news.eu\/fr\/#website\"},\"primaryImageOfPage\":{\"@id\":\"https:\/\/vof-news.eu\/fr\/mathieu-van-der-poel-nouveau-maillot-jaune-retarde-le-retour-au-pouvoir-de-tadej-pogacar-dans-le-tour-de-france\/#primaryimage\"},\"image\":{\"@id\":\"https:\/\/vof-news.eu\/fr\/mathieu-van-der-poel-nouveau-maillot-jaune-retarde-le-retour-au-pouvoir-de-tadej-pogacar-dans-le-tour-de-france\/#primaryimage\"},\"thumbnailUrl\":\"https:\/\/vof-news.eu\/wp-content\/uploads\/2025\/07\/76fdde3_ftp-import-images-1-4ijmnaj7dy1w-5345498-01-06.jpg\",\"datePublished\":\"2025-07-06T20:30:13+00:00\",\"dateModified\":\"2025-07-06T20:30:41+00:00\",\"author\":{\"@id\":\"https:\/\/vof-news.eu\/fr\/#\/schema\/person\/f6a2a4309f0561835797fd8c19b333ed\"},\"description\":\"Il est \u00e9trange de constater \u00e0 quel point le cerveau peine \u00e0 accueillir certaines images. Tadej Pogacar avec le maillot \u00e0 pois de meilleur grimpeur sur les \u00e9paules, ce n\u2019est pas nouveau, c\u2019est d\u00e9j\u00e0 arriv\u00e9 par le pass\u00e9 mais trop peu pour que l\u2019int\u00e9ress\u00e9 lui-m\u00eame se souvienne du nombre de jours o\u00f9 il l\u2019a port\u00e9. Le public a davantage l\u2019habitude de voir le Slov\u00e8ne d\u00e9ambuler en jaune sur les routes du Tour de France. Mais \u00e0 Boulogne-sur-Mer (Pas-de-Calais), dimanche 6\u00a0juillet, la p\u00eache fut infructueuse pour le triple vainqueur de la Grande Boucle, dauphin de la 2\u1d49 \u00e9tape derri\u00e8re Mathieu van der Poel (Alpecin-Deceuninck), nouveau porteur du maillot jaune. Le N\u00e9erlandais s\u2019est impos\u00e9 au pied des murailles de la cit\u00e9 de la C\u00f4te d\u2019Opale, au sprint devant le leader d\u2019UAE Team Emirates-XRG et Jonas Vingegaard (Visma-Lease a Bike). Une victoire autant que le report d\u2019une \u00e9ch\u00e9ance que beaucoup, du peloton aux spectateurs en passant par les simples amateurs de suspense, redoutaient\u00a0: la prise de pouvoir annonc\u00e9e des pr\u00e9tendants au classement g\u00e9n\u00e9ral et, plus sp\u00e9cifiquement, de Tadej Pogacar. Il vous reste 77.29% de cet article \u00e0 lire. La suite est r\u00e9serv\u00e9e aux abonn\u00e9s.\",\"breadcrumb\":{\"@id\":\"https:\/\/vof-news.eu\/fr\/mathieu-van-der-poel-nouveau-maillot-jaune-retarde-le-retour-au-pouvoir-de-tadej-pogacar-dans-le-tour-de-france\/#breadcrumb\"},\"inLanguage\":\"fr-FR\",\"potentialAction\":[{\"@type\":\"ReadAction\",\"target\":[\"https:\/\/vof-news.eu\/fr\/mathieu-van-der-poel-nouveau-maillot-jaune-retarde-le-retour-au-pouvoir-de-tadej-pogacar-dans-le-tour-de-france\/\"]}]},{\"@type\":\"ImageObject\",\"inLanguage\":\"fr-FR\",\"@id\":\"https:\/\/vof-news.eu\/fr\/mathieu-van-der-poel-nouveau-maillot-jaune-retarde-le-retour-au-pouvoir-de-tadej-pogacar-dans-le-tour-de-france\/#primaryimage\",\"url\":\"https:\/\/vof-news.eu\/wp-content\/uploads\/2025\/07\/76fdde3_ftp-import-images-1-4ijmnaj7dy1w-5345498-01-06.jpg\",\"contentUrl\":\"https:\/\/vof-news.eu\/wp-content\/uploads\/2025\/07\/76fdde3_ftp-import-images-1-4ijmnaj7dy1w-5345498-01-06.jpg\",\"width\":664,\"height\":443},{\"@type\":\"BreadcrumbList\",\"@id\":\"https:\/\/vof-news.eu\/fr\/mathieu-van-der-poel-nouveau-maillot-jaune-retarde-le-retour-au-pouvoir-de-tadej-pogacar-dans-le-tour-de-france\/#breadcrumb\",\"itemListElement\":[{\"@type\":\"ListItem\",\"position\":1,\"name\":\"Home\",\"item\":\"https:\/\/vof-news.eu\/fr\/\"},{\"@type\":\"ListItem\",\"position\":2,\"name\":\"Mathieu van der Poel, nouveau maillot jaune, retarde le retour au pouvoir de Tadej Pogacar dans le Tour de France\"}]},{\"@type\":\"WebSite\",\"@id\":\"https:\/\/vof-news.eu\/fr\/#website\",\"url\":\"https:\/\/vof-news.eu\/fr\/\",\"name\":\"vof-news.eu\",\"description\":\"\",\"potentialAction\":[{\"@type\":\"SearchAction\",\"target\":{\"@type\":\"EntryPoint\",\"urlTemplate\":\"https:\/\/vof-news.eu\/fr\/?s={search_term_string}\"},\"query-input\":\"required name=search_term_string\"}],\"inLanguage\":\"fr-FR\"},{\"@type\":\"Person\",\"@id\":\"https:\/\/vof-news.eu\/fr\/#\/schema\/person\/f6a2a4309f0561835797fd8c19b333ed\",\"name\":\"Author\",\"image\":{\"@type\":\"ImageObject\",\"inLanguage\":\"fr-FR\",\"@id\":\"https:\/\/vof-news.eu\/fr\/#\/schema\/person\/image\/\",\"url\":\"https:\/\/secure.gravatar.com\/avatar\/b67e614b1b25b3e9c0c239efdd2fde5ab015b5affd6f1c3c85911ca4b384e790?s=96&d=mm&r=g\",\"contentUrl\":\"https:\/\/secure.gravatar.com\/avatar\/b67e614b1b25b3e9c0c239efdd2fde5ab015b5affd6f1c3c85911ca4b384e790?s=96&d=mm&r=g\",\"caption\":\"Author\"},\"sameAs\":[\"http:\/\/vof-news.eu\"],\"url\":\"https:\/\/vof-news.eu\/fr\/author\/zwt6qxnjulxbnyg\/\"}]}<\/script>\n<!-- \/ Yoast SEO plugin. -->","yoast_head_json":{"title":"Mathieu van der Poel, nouveau maillot jaune, retarde le retour au pouvoir de Tadej Pogacar dans le Tour de France - vof-news.eu","description":"Il est \u00e9trange de constater \u00e0 quel point le cerveau peine \u00e0 accueillir certaines images. Tadej Pogacar avec le maillot \u00e0 pois de meilleur grimpeur sur les \u00e9paules, ce n\u2019est pas nouveau, c\u2019est d\u00e9j\u00e0 arriv\u00e9 par le pass\u00e9 mais trop peu pour que l\u2019int\u00e9ress\u00e9 lui-m\u00eame se souvienne du nombre de jours o\u00f9 il l\u2019a port\u00e9. Le public a davantage l\u2019habitude de voir le Slov\u00e8ne d\u00e9ambuler en jaune sur les routes du Tour de France. Mais \u00e0 Boulogne-sur-Mer (Pas-de-Calais), dimanche 6\u00a0juillet, la p\u00eache fut infructueuse pour le triple vainqueur de la Grande Boucle, dauphin de la 2\u1d49 \u00e9tape derri\u00e8re Mathieu van der Poel (Alpecin-Deceuninck), nouveau porteur du maillot jaune.   Le N\u00e9erlandais s\u2019est impos\u00e9 au pied des murailles de la cit\u00e9 de la C\u00f4te d\u2019Opale, au sprint devant le leader d\u2019UAE Team Emirates-XRG et Jonas Vingegaard (Visma-Lease a Bike). Une victoire autant que le report d\u2019une \u00e9ch\u00e9ance que beaucoup, du peloton aux spectateurs en passant par les simples amateurs de suspense, redoutaient\u00a0: la prise de pouvoir annonc\u00e9e des pr\u00e9tendants au classement g\u00e9n\u00e9ral et, plus sp\u00e9cifiquement, de Tadej Pogacar. Il vous reste 77.29% de cet article \u00e0 lire. La suite est r\u00e9serv\u00e9e aux abonn\u00e9s.","robots":{"index":"noindex","follow":"follow","max-snippet":"max-snippet:-1","max-image-preview":"max-image-preview:large","max-video-preview":"max-video-preview:-1"},"og_locale":"fr_FR","og_type":"article","og_title":"Mathieu van der Poel, nouveau maillot jaune, retarde le retour au pouvoir de Tadej Pogacar dans le Tour de France - vof-news.eu","og_description":"Il est \u00e9trange de constater \u00e0 quel point le cerveau peine \u00e0 accueillir certaines images. Tadej Pogacar avec le maillot \u00e0 pois de meilleur grimpeur sur les \u00e9paules, ce n\u2019est pas nouveau, c\u2019est d\u00e9j\u00e0 arriv\u00e9 par le pass\u00e9 mais trop peu pour que l\u2019int\u00e9ress\u00e9 lui-m\u00eame se souvienne du nombre de jours o\u00f9 il l\u2019a port\u00e9. Le public a davantage l\u2019habitude de voir le Slov\u00e8ne d\u00e9ambuler en jaune sur les routes du Tour de France. Mais \u00e0 Boulogne-sur-Mer (Pas-de-Calais), dimanche 6\u00a0juillet, la p\u00eache fut infructueuse pour le triple vainqueur de la Grande Boucle, dauphin de la 2\u1d49 \u00e9tape derri\u00e8re Mathieu van der Poel (Alpecin-Deceuninck), nouveau porteur du maillot jaune.   Le N\u00e9erlandais s\u2019est impos\u00e9 au pied des murailles de la cit\u00e9 de la C\u00f4te d\u2019Opale, au sprint devant le leader d\u2019UAE Team Emirates-XRG et Jonas Vingegaard (Visma-Lease a Bike). Une victoire autant que le report d\u2019une \u00e9ch\u00e9ance que beaucoup, du peloton aux spectateurs en passant par les simples amateurs de suspense, redoutaient\u00a0: la prise de pouvoir annonc\u00e9e des pr\u00e9tendants au classement g\u00e9n\u00e9ral et, plus sp\u00e9cifiquement, de Tadej Pogacar. Il vous reste 77.29% de cet article \u00e0 lire. La suite est r\u00e9serv\u00e9e aux abonn\u00e9s.","og_url":"https:\/\/vof-news.eu\/fr\/mathieu-van-der-poel-nouveau-maillot-jaune-retarde-le-retour-au-pouvoir-de-tadej-pogacar-dans-le-tour-de-france\/","og_site_name":"vof-news.eu","article_published_time":"2025-07-06T20:30:13+00:00","article_modified_time":"2025-07-06T20:30:41+00:00","og_image":[{"width":664,"height":443,"url":"https:\/\/vof-news.eu\/wp-content\/uploads\/2025\/07\/76fdde3_ftp-import-images-1-4ijmnaj7dy1w-5345498-01-06.jpg","type":"image\/jpeg"}],"author":"Author","twitter_card":"summary_large_image","twitter_misc":{"\u00c9crit par":"Author","Dur\u00e9e de lecture estim\u00e9e":"1 minute"},"schema":{"@context":"https:\/\/schema.org","@graph":[{"@type":"WebPage","@id":"https:\/\/vof-news.eu\/fr\/mathieu-van-der-poel-nouveau-maillot-jaune-retarde-le-retour-au-pouvoir-de-tadej-pogacar-dans-le-tour-de-france\/","url":"https:\/\/vof-news.eu\/fr\/mathieu-van-der-poel-nouveau-maillot-jaune-retarde-le-retour-au-pouvoir-de-tadej-pogacar-dans-le-tour-de-france\/","name":"Mathieu van der Poel, nouveau maillot jaune, retarde le retour au pouvoir de Tadej Pogacar dans le Tour de France - vof-news.eu","isPartOf":{"@id":"https:\/\/vof-news.eu\/fr\/#website"},"primaryImageOfPage":{"@id":"https:\/\/vof-news.eu\/fr\/mathieu-van-der-poel-nouveau-maillot-jaune-retarde-le-retour-au-pouvoir-de-tadej-pogacar-dans-le-tour-de-france\/#primaryimage"},"image":{"@id":"https:\/\/vof-news.eu\/fr\/mathieu-van-der-poel-nouveau-maillot-jaune-retarde-le-retour-au-pouvoir-de-tadej-pogacar-dans-le-tour-de-france\/#primaryimage"},"thumbnailUrl":"https:\/\/vof-news.eu\/wp-content\/uploads\/2025\/07\/76fdde3_ftp-import-images-1-4ijmnaj7dy1w-5345498-01-06.jpg","datePublished":"2025-07-06T20:30:13+00:00","dateModified":"2025-07-06T20:30:41+00:00","author":{"@id":"https:\/\/vof-news.eu\/fr\/#\/schema\/person\/f6a2a4309f0561835797fd8c19b333ed"},"description":"Il est \u00e9trange de constater \u00e0 quel point le cerveau peine \u00e0 accueillir certaines images. Tadej Pogacar avec le maillot \u00e0 pois de meilleur grimpeur sur les \u00e9paules, ce n\u2019est pas nouveau, c\u2019est d\u00e9j\u00e0 arriv\u00e9 par le pass\u00e9 mais trop peu pour que l\u2019int\u00e9ress\u00e9 lui-m\u00eame se souvienne du nombre de jours o\u00f9 il l\u2019a port\u00e9. Le public a davantage l\u2019habitude de voir le Slov\u00e8ne d\u00e9ambuler en jaune sur les routes du Tour de France. Mais \u00e0 Boulogne-sur-Mer (Pas-de-Calais), dimanche 6\u00a0juillet, la p\u00eache fut infructueuse pour le triple vainqueur de la Grande Boucle, dauphin de la 2\u1d49 \u00e9tape derri\u00e8re Mathieu van der Poel (Alpecin-Deceuninck), nouveau porteur du maillot jaune. Le N\u00e9erlandais s\u2019est impos\u00e9 au pied des murailles de la cit\u00e9 de la C\u00f4te d\u2019Opale, au sprint devant le leader d\u2019UAE Team Emirates-XRG et Jonas Vingegaard (Visma-Lease a Bike). Une victoire autant que le report d\u2019une \u00e9ch\u00e9ance que beaucoup, du peloton aux spectateurs en passant par les simples amateurs de suspense, redoutaient\u00a0: la prise de pouvoir annonc\u00e9e des pr\u00e9tendants au classement g\u00e9n\u00e9ral et, plus sp\u00e9cifiquement, de Tadej Pogacar. Il vous reste 77.29% de cet article \u00e0 lire. La suite est r\u00e9serv\u00e9e aux abonn\u00e9s.","breadcrumb":{"@id":"https:\/\/vof-news.eu\/fr\/mathieu-van-der-poel-nouveau-maillot-jaune-retarde-le-retour-au-pouvoir-de-tadej-pogacar-dans-le-tour-de-france\/#breadcrumb"},"inLanguage":"fr-FR","potentialAction":[{"@type":"ReadAction","target":["https:\/\/vof-news.eu\/fr\/mathieu-van-der-poel-nouveau-maillot-jaune-retarde-le-retour-au-pouvoir-de-tadej-pogacar-dans-le-tour-de-france\/"]}]},{"@type":"ImageObject","inLanguage":"fr-FR","@id":"https:\/\/vof-news.eu\/fr\/mathieu-van-der-poel-nouveau-maillot-jaune-retarde-le-retour-au-pouvoir-de-tadej-pogacar-dans-le-tour-de-france\/#primaryimage","url":"https:\/\/vof-news.eu\/wp-content\/uploads\/2025\/07\/76fdde3_ftp-import-images-1-4ijmnaj7dy1w-5345498-01-06.jpg","contentUrl":"https:\/\/vof-news.eu\/wp-content\/uploads\/2025\/07\/76fdde3_ftp-import-images-1-4ijmnaj7dy1w-5345498-01-06.jpg","width":664,"height":443},{"@type":"BreadcrumbList","@id":"https:\/\/vof-news.eu\/fr\/mathieu-van-der-poel-nouveau-maillot-jaune-retarde-le-retour-au-pouvoir-de-tadej-pogacar-dans-le-tour-de-france\/#breadcrumb","itemListElement":[{"@type":"ListItem","position":1,"name":"Home","item":"https:\/\/vof-news.eu\/fr\/"},{"@type":"ListItem","position":2,"name":"Mathieu van der Poel, nouveau maillot jaune, retarde le retour au pouvoir de Tadej Pogacar dans le Tour de France"}]},{"@type":"WebSite","@id":"https:\/\/vof-news.eu\/fr\/#website","url":"https:\/\/vof-news.eu\/fr\/","name":"vof-news.eu","description":"","potentialAction":[{"@type":"SearchAction","target":{"@type":"EntryPoint","urlTemplate":"https:\/\/vof-news.eu\/fr\/?s={search_term_string}"},"query-input":"required name=search_term_string"}],"inLanguage":"fr-FR"},{"@type":"Person","@id":"https:\/\/vof-news.eu\/fr\/#\/schema\/person\/f6a2a4309f0561835797fd8c19b333ed","name":"Author","image":{"@type":"ImageObject","inLanguage":"fr-FR","@id":"https:\/\/vof-news.eu\/fr\/#\/schema\/person\/image\/","url":"https:\/\/secure.gravatar.com\/avatar\/b67e614b1b25b3e9c0c239efdd2fde5ab015b5affd6f1c3c85911ca4b384e790?s=96&d=mm&r=g","contentUrl":"https:\/\/secure.gravatar.com\/avatar\/b67e614b1b25b3e9c0c239efdd2fde5ab015b5affd6f1c3c85911ca4b384e790?s=96&d=mm&r=g","caption":"Author"},"sameAs":["http:\/\/vof-news.eu"],"url":"https:\/\/vof-news.eu\/fr\/author\/zwt6qxnjulxbnyg\/"}]}},"yoast_meta":{"yoast_wpseo_title":"","yoast_wpseo_metadesc":"","yoast_wpseo_canonical":""},"_links":{"self":[{"href":"https:\/\/vof-news.eu\/fr\/wp-json\/wp\/v2\/posts\/248483","targetHints":{"allow":["GET"]}}],"collection":[{"href":"https:\/\/vof-news.eu\/fr\/wp-json\/wp\/v2\/posts"}],"about":[{"href":"https:\/\/vof-news.eu\/fr\/wp-json\/wp\/v2\/types\/post"}],"author":[{"embeddable":true,"href":"https:\/\/vof-news.eu\/fr\/wp-json\/wp\/v2\/users\/1"}],"replies":[{"embeddable":true,"href":"https:\/\/vof-news.eu\/fr\/wp-json\/wp\/v2\/comments?post=248483"}],"version-history":[{"count":1,"href":"https:\/\/vof-news.eu\/fr\/wp-json\/wp\/v2\/posts\/248483\/revisions"}],"predecessor-version":[{"id":248490,"href":"https:\/\/vof-news.eu\/fr\/wp-json\/wp\/v2\/posts\/248483\/revisions\/248490"}],"wp:featuredmedia":[{"embeddable":true,"href":"https:\/\/vof-news.eu\/fr\/wp-json\/wp\/v2\/media\/248484"}],"wp:attachment":[{"href":"https:\/\/vof-news.eu\/fr\/wp-json\/wp\/v2\/media?parent=248483"}],"wp:term":[{"taxonomy":"category","embeddable":true,"href":"https:\/\/vof-news.eu\/fr\/wp-json\/wp\/v2\/categories?post=248483"},{"taxonomy":"post_tag","embeddable":true,"href":"https:\/\/vof-news.eu\/fr\/wp-json\/wp\/v2\/tags?post=248483"}],"curies":[{"name":"wp","href":"https:\/\/api.w.org\/{rel}","templated":true}]}}