{"id":248443,"date":"2025-07-06T21:33:49","date_gmt":"2025-07-06T18:33:49","guid":{"rendered":"https:\/\/vof-news.eu\/festival-daix-paul-antoine-benos-djian-un-contre-tenor-en-mode-melancolie\/"},"modified":"2025-07-06T21:34:21","modified_gmt":"2025-07-06T18:34:21","slug":"festival-daix-paul-antoine-benos-djian-un-contre-tenor-en-mode-melancolie","status":"publish","type":"post","link":"https:\/\/vof-news.eu\/fr\/festival-daix-paul-antoine-benos-djian-un-contre-tenor-en-mode-melancolie\/","title":{"rendered":"Festival d\u2019Aix\u00a0: Paul-Antoine B\u00e9nos-Djian, un contre-t\u00e9nor en mode m\u00e9lancolie"},"content":{"rendered":"<article>\n<p>En\u00a02018, le contre-t\u00e9nor fran\u00e7ais nous est apparu dans l\u2019ombre port\u00e9e de Philippe Jaroussky, dont il suivait l\u2019Acad\u00e9mie (promotion Vivaldi), \u00e0 La Seine musicale, avant de chanter sous sa direction dans l\u2019op\u00e9ra<a href=\"https:\/\/www.lemonde.fr\/culture\/article\/2021\/05\/28\/musique-classique-le-premier-homicide-de-philippe-jaroussky_6081828_3246.html\" rel=\"nofollow\"> d\u2019Alessandro Scarlatti<\/a>, puis dans le <a href=\"https:\/\/www.lemonde.fr\/culture\/article\/2022\/05\/19\/opera-giulio-cesare-dans-l-antichambre-de-la-mort_6126833_3246.html\" rel=\"nofollow\">de Haendel<\/a>, mis en sc\u00e8ne par Damiano Michieletto, au Th\u00e9\u00e2tre des Champs-Elys\u00e9es en\u00a02022. Timbre chaud, vocalit\u00e9 rayonnante, le temp\u00e9rament\u00a0ardent de Paul-Antoine B\u00e9nos-Djian, son aisance sur toute la tessiture, l\u2019ont d\u2019embl\u00e9e inscrit sur la liste des chanteurs les plus prometteurs.<\/p>\n<section>   <\/section>\n<p>Enfant ma\u00eetrisien, le natif de Montpellier a \u00e9t\u00e9 form\u00e9 au conservatoire de sa ville. Il partage la classe de solf\u00e8ge avec la mezzo-soprano Marianne Crebassa, mais c\u2019est avec un cursus en percussions qu\u2019il obtient son dipl\u00f4me. Ses premiers vrais cours de chant, Paul-Antoine B\u00e9nos-Djian les a pris alors qu\u2019il \u00e9tait d\u00e9j\u00e0 titulaire d\u2019une licence de droit public, apr\u00e8s avoir auditionn\u00e9 au Centre de musique baroque de Versailles\u00a0o\u00f9 il entrera \u00e0 22\u00a0ans\u00a0:  pr\u00e9cise l\u2019ancien \u00e9l\u00e8ve d\u2019Isabelle Desrochers, qui a poursuivi sa formation au Conservatoire de Paris.<\/p>\n<p><strong>Il vous reste 57.1% de cet article \u00e0 lire. La suite est r\u00e9serv\u00e9e aux abonn\u00e9s.<\/strong><\/p>\n<\/article>\n","protected":false},"excerpt":{"rendered":"<p>En\u00a02018, le contre-t\u00e9nor fran\u00e7ais nous est apparu dans l\u2019ombre port\u00e9e de Philippe Jaroussky, dont il suivait l\u2019Acad\u00e9mie (promotion Vivaldi), \u00e0 La Seine musicale, avant de chanter sous sa direction dans l\u2019op\u00e9ra d\u2019Alessandro Scarlatti, puis dans le de Haendel, mis en sc\u00e8ne par Damiano Michieletto, au Th\u00e9\u00e2tre des Champs-Elys\u00e9es en\u00a02022. Timbre chaud, vocalit\u00e9 rayonnante, le temp\u00e9rament\u00a0ardent<\/p>\n","protected":false},"author":1,"featured_media":248444,"comment_status":"open","ping_status":"open","sticky":false,"template":"","format":"standard","meta":{"footnotes":""},"categories":[63],"tags":[],"class_list":["post-248443","post","type-post","status-publish","format-standard","has-post-thumbnail","hentry","category-culture-fr"],"acf":[],"yoast_head":"<!-- This site is optimized with the Yoast SEO plugin v22.9 - https:\/\/yoast.com\/wordpress\/plugins\/seo\/ -->\n<title>Festival d\u2019Aix\u00a0: Paul-Antoine B\u00e9nos-Djian, un contre-t\u00e9nor en mode m\u00e9lancolie - vof-news.eu<\/title>\n<meta name=\"description\" content=\"En\u00a02018, le contre-t\u00e9nor fran\u00e7ais nous est apparu dans l\u2019ombre port\u00e9e de Philippe Jaroussky, dont il suivait l\u2019Acad\u00e9mie (promotion Vivaldi), \u00e0 La Seine musicale, avant de chanter sous sa direction dans l\u2019op\u00e9ra d\u2019Alessandro Scarlatti, puis dans le de Haendel, mis en sc\u00e8ne par Damiano Michieletto, au Th\u00e9\u00e2tre des Champs-Elys\u00e9es en\u00a02022. Timbre chaud, vocalit\u00e9 rayonnante, le temp\u00e9rament\u00a0ardent de Paul-Antoine B\u00e9nos-Djian, son aisance sur toute la tessiture, l\u2019ont d\u2019embl\u00e9e inscrit sur la liste des chanteurs les plus prometteurs.   Enfant ma\u00eetrisien, le natif de Montpellier a \u00e9t\u00e9 form\u00e9 au conservatoire de sa ville. Il partage la classe de solf\u00e8ge avec la mezzo-soprano Marianne Crebassa, mais c\u2019est avec un cursus en percussions qu\u2019il obtient son dipl\u00f4me. Ses premiers vrais cours de chant, Paul-Antoine B\u00e9nos-Djian les a pris alors qu\u2019il \u00e9tait d\u00e9j\u00e0 titulaire d\u2019une licence de droit public, apr\u00e8s avoir auditionn\u00e9 au Centre de musique baroque de Versailles\u00a0o\u00f9 il entrera \u00e0 22\u00a0ans\u00a0: pr\u00e9cise l\u2019ancien \u00e9l\u00e8ve d\u2019Isabelle Desrochers, qui a poursuivi sa formation au Conservatoire de Paris. Il vous reste 57.1% de cet article \u00e0 lire. La suite est r\u00e9serv\u00e9e aux abonn\u00e9s.\" \/>\n<meta name=\"robots\" content=\"noindex, follow, max-snippet:-1, max-image-preview:large, max-video-preview:-1\" \/>\n<meta property=\"og:locale\" content=\"fr_FR\" \/>\n<meta property=\"og:type\" content=\"article\" \/>\n<meta property=\"og:title\" content=\"Festival d\u2019Aix\u00a0: Paul-Antoine B\u00e9nos-Djian, un contre-t\u00e9nor en mode m\u00e9lancolie - vof-news.eu\" \/>\n<meta property=\"og:description\" content=\"En\u00a02018, le contre-t\u00e9nor fran\u00e7ais nous est apparu dans l\u2019ombre port\u00e9e de Philippe Jaroussky, dont il suivait l\u2019Acad\u00e9mie (promotion Vivaldi), \u00e0 La Seine musicale, avant de chanter sous sa direction dans l\u2019op\u00e9ra d\u2019Alessandro Scarlatti, puis dans le de Haendel, mis en sc\u00e8ne par Damiano Michieletto, au Th\u00e9\u00e2tre des Champs-Elys\u00e9es en\u00a02022. Timbre chaud, vocalit\u00e9 rayonnante, le temp\u00e9rament\u00a0ardent de Paul-Antoine B\u00e9nos-Djian, son aisance sur toute la tessiture, l\u2019ont d\u2019embl\u00e9e inscrit sur la liste des chanteurs les plus prometteurs.   Enfant ma\u00eetrisien, le natif de Montpellier a \u00e9t\u00e9 form\u00e9 au conservatoire de sa ville. Il partage la classe de solf\u00e8ge avec la mezzo-soprano Marianne Crebassa, mais c\u2019est avec un cursus en percussions qu\u2019il obtient son dipl\u00f4me. Ses premiers vrais cours de chant, Paul-Antoine B\u00e9nos-Djian les a pris alors qu\u2019il \u00e9tait d\u00e9j\u00e0 titulaire d\u2019une licence de droit public, apr\u00e8s avoir auditionn\u00e9 au Centre de musique baroque de Versailles\u00a0o\u00f9 il entrera \u00e0 22\u00a0ans\u00a0: pr\u00e9cise l\u2019ancien \u00e9l\u00e8ve d\u2019Isabelle Desrochers, qui a poursuivi sa formation au Conservatoire de Paris. Il vous reste 57.1% de cet article \u00e0 lire. La suite est r\u00e9serv\u00e9e aux abonn\u00e9s.\" \/>\n<meta property=\"og:url\" content=\"https:\/\/vof-news.eu\/fr\/festival-daix-paul-antoine-benos-djian-un-contre-tenor-en-mode-melancolie\/\" \/>\n<meta property=\"og:site_name\" content=\"vof-news.eu\" \/>\n<meta property=\"article:published_time\" content=\"2025-07-06T18:33:49+00:00\" \/>\n<meta property=\"article:modified_time\" content=\"2025-07-06T18:34:21+00:00\" \/>\n<meta property=\"og:image\" content=\"https:\/\/vof-news.eu\/wp-content\/uploads\/2025\/07\/422a031_upload-1-ypr2mlz152sa-credit-francois-le-guen.jpg\" \/>\n\t<meta property=\"og:image:width\" content=\"664\" \/>\n\t<meta property=\"og:image:height\" content=\"664\" \/>\n\t<meta property=\"og:image:type\" content=\"image\/jpeg\" \/>\n<meta name=\"author\" content=\"Author\" \/>\n<meta name=\"twitter:card\" content=\"summary_large_image\" \/>\n<meta name=\"twitter:label1\" content=\"\u00c9crit par\" \/>\n\t<meta name=\"twitter:data1\" content=\"Author\" \/>\n\t<meta name=\"twitter:label2\" content=\"Dur\u00e9e de lecture estim\u00e9e\" \/>\n\t<meta name=\"twitter:data2\" content=\"1 minute\" \/>\n<script type=\"application\/ld+json\" class=\"yoast-schema-graph\">{\"@context\":\"https:\/\/schema.org\",\"@graph\":[{\"@type\":\"WebPage\",\"@id\":\"https:\/\/vof-news.eu\/fr\/festival-daix-paul-antoine-benos-djian-un-contre-tenor-en-mode-melancolie\/\",\"url\":\"https:\/\/vof-news.eu\/fr\/festival-daix-paul-antoine-benos-djian-un-contre-tenor-en-mode-melancolie\/\",\"name\":\"Festival d\u2019Aix\u00a0: Paul-Antoine B\u00e9nos-Djian, un contre-t\u00e9nor en mode m\u00e9lancolie - vof-news.eu\",\"isPartOf\":{\"@id\":\"https:\/\/vof-news.eu\/fr\/#website\"},\"primaryImageOfPage\":{\"@id\":\"https:\/\/vof-news.eu\/fr\/festival-daix-paul-antoine-benos-djian-un-contre-tenor-en-mode-melancolie\/#primaryimage\"},\"image\":{\"@id\":\"https:\/\/vof-news.eu\/fr\/festival-daix-paul-antoine-benos-djian-un-contre-tenor-en-mode-melancolie\/#primaryimage\"},\"thumbnailUrl\":\"https:\/\/vof-news.eu\/wp-content\/uploads\/2025\/07\/422a031_upload-1-ypr2mlz152sa-credit-francois-le-guen.jpg\",\"datePublished\":\"2025-07-06T18:33:49+00:00\",\"dateModified\":\"2025-07-06T18:34:21+00:00\",\"author\":{\"@id\":\"https:\/\/vof-news.eu\/fr\/#\/schema\/person\/f6a2a4309f0561835797fd8c19b333ed\"},\"description\":\"En\u00a02018, le contre-t\u00e9nor fran\u00e7ais nous est apparu dans l\u2019ombre port\u00e9e de Philippe Jaroussky, dont il suivait l\u2019Acad\u00e9mie (promotion Vivaldi), \u00e0 La Seine musicale, avant de chanter sous sa direction dans l\u2019op\u00e9ra d\u2019Alessandro Scarlatti, puis dans le de Haendel, mis en sc\u00e8ne par Damiano Michieletto, au Th\u00e9\u00e2tre des Champs-Elys\u00e9es en\u00a02022. Timbre chaud, vocalit\u00e9 rayonnante, le temp\u00e9rament\u00a0ardent de Paul-Antoine B\u00e9nos-Djian, son aisance sur toute la tessiture, l\u2019ont d\u2019embl\u00e9e inscrit sur la liste des chanteurs les plus prometteurs. Enfant ma\u00eetrisien, le natif de Montpellier a \u00e9t\u00e9 form\u00e9 au conservatoire de sa ville. Il partage la classe de solf\u00e8ge avec la mezzo-soprano Marianne Crebassa, mais c\u2019est avec un cursus en percussions qu\u2019il obtient son dipl\u00f4me. Ses premiers vrais cours de chant, Paul-Antoine B\u00e9nos-Djian les a pris alors qu\u2019il \u00e9tait d\u00e9j\u00e0 titulaire d\u2019une licence de droit public, apr\u00e8s avoir auditionn\u00e9 au Centre de musique baroque de Versailles\u00a0o\u00f9 il entrera \u00e0 22\u00a0ans\u00a0: pr\u00e9cise l\u2019ancien \u00e9l\u00e8ve d\u2019Isabelle Desrochers, qui a poursuivi sa formation au Conservatoire de Paris. Il vous reste 57.1% de cet article \u00e0 lire. La suite est r\u00e9serv\u00e9e aux abonn\u00e9s.\",\"breadcrumb\":{\"@id\":\"https:\/\/vof-news.eu\/fr\/festival-daix-paul-antoine-benos-djian-un-contre-tenor-en-mode-melancolie\/#breadcrumb\"},\"inLanguage\":\"fr-FR\",\"potentialAction\":[{\"@type\":\"ReadAction\",\"target\":[\"https:\/\/vof-news.eu\/fr\/festival-daix-paul-antoine-benos-djian-un-contre-tenor-en-mode-melancolie\/\"]}]},{\"@type\":\"ImageObject\",\"inLanguage\":\"fr-FR\",\"@id\":\"https:\/\/vof-news.eu\/fr\/festival-daix-paul-antoine-benos-djian-un-contre-tenor-en-mode-melancolie\/#primaryimage\",\"url\":\"https:\/\/vof-news.eu\/wp-content\/uploads\/2025\/07\/422a031_upload-1-ypr2mlz152sa-credit-francois-le-guen.jpg\",\"contentUrl\":\"https:\/\/vof-news.eu\/wp-content\/uploads\/2025\/07\/422a031_upload-1-ypr2mlz152sa-credit-francois-le-guen.jpg\",\"width\":664,\"height\":664},{\"@type\":\"BreadcrumbList\",\"@id\":\"https:\/\/vof-news.eu\/fr\/festival-daix-paul-antoine-benos-djian-un-contre-tenor-en-mode-melancolie\/#breadcrumb\",\"itemListElement\":[{\"@type\":\"ListItem\",\"position\":1,\"name\":\"Home\",\"item\":\"https:\/\/vof-news.eu\/fr\/\"},{\"@type\":\"ListItem\",\"position\":2,\"name\":\"Festival d\u2019Aix\u00a0: Paul-Antoine B\u00e9nos-Djian, un contre-t\u00e9nor en mode m\u00e9lancolie\"}]},{\"@type\":\"WebSite\",\"@id\":\"https:\/\/vof-news.eu\/fr\/#website\",\"url\":\"https:\/\/vof-news.eu\/fr\/\",\"name\":\"vof-news.eu\",\"description\":\"\",\"potentialAction\":[{\"@type\":\"SearchAction\",\"target\":{\"@type\":\"EntryPoint\",\"urlTemplate\":\"https:\/\/vof-news.eu\/fr\/?s={search_term_string}\"},\"query-input\":\"required name=search_term_string\"}],\"inLanguage\":\"fr-FR\"},{\"@type\":\"Person\",\"@id\":\"https:\/\/vof-news.eu\/fr\/#\/schema\/person\/f6a2a4309f0561835797fd8c19b333ed\",\"name\":\"Author\",\"image\":{\"@type\":\"ImageObject\",\"inLanguage\":\"fr-FR\",\"@id\":\"https:\/\/vof-news.eu\/fr\/#\/schema\/person\/image\/\",\"url\":\"https:\/\/secure.gravatar.com\/avatar\/b67e614b1b25b3e9c0c239efdd2fde5ab015b5affd6f1c3c85911ca4b384e790?s=96&d=mm&r=g\",\"contentUrl\":\"https:\/\/secure.gravatar.com\/avatar\/b67e614b1b25b3e9c0c239efdd2fde5ab015b5affd6f1c3c85911ca4b384e790?s=96&d=mm&r=g\",\"caption\":\"Author\"},\"sameAs\":[\"http:\/\/vof-news.eu\"],\"url\":\"https:\/\/vof-news.eu\/fr\/author\/zwt6qxnjulxbnyg\/\"}]}<\/script>\n<!-- \/ Yoast SEO plugin. -->","yoast_head_json":{"title":"Festival d\u2019Aix\u00a0: Paul-Antoine B\u00e9nos-Djian, un contre-t\u00e9nor en mode m\u00e9lancolie - vof-news.eu","description":"En\u00a02018, le contre-t\u00e9nor fran\u00e7ais nous est apparu dans l\u2019ombre port\u00e9e de Philippe Jaroussky, dont il suivait l\u2019Acad\u00e9mie (promotion Vivaldi), \u00e0 La Seine musicale, avant de chanter sous sa direction dans l\u2019op\u00e9ra d\u2019Alessandro Scarlatti, puis dans le de Haendel, mis en sc\u00e8ne par Damiano Michieletto, au Th\u00e9\u00e2tre des Champs-Elys\u00e9es en\u00a02022. Timbre chaud, vocalit\u00e9 rayonnante, le temp\u00e9rament\u00a0ardent de Paul-Antoine B\u00e9nos-Djian, son aisance sur toute la tessiture, l\u2019ont d\u2019embl\u00e9e inscrit sur la liste des chanteurs les plus prometteurs.   Enfant ma\u00eetrisien, le natif de Montpellier a \u00e9t\u00e9 form\u00e9 au conservatoire de sa ville. Il partage la classe de solf\u00e8ge avec la mezzo-soprano Marianne Crebassa, mais c\u2019est avec un cursus en percussions qu\u2019il obtient son dipl\u00f4me. Ses premiers vrais cours de chant, Paul-Antoine B\u00e9nos-Djian les a pris alors qu\u2019il \u00e9tait d\u00e9j\u00e0 titulaire d\u2019une licence de droit public, apr\u00e8s avoir auditionn\u00e9 au Centre de musique baroque de Versailles\u00a0o\u00f9 il entrera \u00e0 22\u00a0ans\u00a0: pr\u00e9cise l\u2019ancien \u00e9l\u00e8ve d\u2019Isabelle Desrochers, qui a poursuivi sa formation au Conservatoire de Paris. Il vous reste 57.1% de cet article \u00e0 lire. La suite est r\u00e9serv\u00e9e aux abonn\u00e9s.","robots":{"index":"noindex","follow":"follow","max-snippet":"max-snippet:-1","max-image-preview":"max-image-preview:large","max-video-preview":"max-video-preview:-1"},"og_locale":"fr_FR","og_type":"article","og_title":"Festival d\u2019Aix\u00a0: Paul-Antoine B\u00e9nos-Djian, un contre-t\u00e9nor en mode m\u00e9lancolie - vof-news.eu","og_description":"En\u00a02018, le contre-t\u00e9nor fran\u00e7ais nous est apparu dans l\u2019ombre port\u00e9e de Philippe Jaroussky, dont il suivait l\u2019Acad\u00e9mie (promotion Vivaldi), \u00e0 La Seine musicale, avant de chanter sous sa direction dans l\u2019op\u00e9ra d\u2019Alessandro Scarlatti, puis dans le de Haendel, mis en sc\u00e8ne par Damiano Michieletto, au Th\u00e9\u00e2tre des Champs-Elys\u00e9es en\u00a02022. Timbre chaud, vocalit\u00e9 rayonnante, le temp\u00e9rament\u00a0ardent de Paul-Antoine B\u00e9nos-Djian, son aisance sur toute la tessiture, l\u2019ont d\u2019embl\u00e9e inscrit sur la liste des chanteurs les plus prometteurs.   Enfant ma\u00eetrisien, le natif de Montpellier a \u00e9t\u00e9 form\u00e9 au conservatoire de sa ville. Il partage la classe de solf\u00e8ge avec la mezzo-soprano Marianne Crebassa, mais c\u2019est avec un cursus en percussions qu\u2019il obtient son dipl\u00f4me. Ses premiers vrais cours de chant, Paul-Antoine B\u00e9nos-Djian les a pris alors qu\u2019il \u00e9tait d\u00e9j\u00e0 titulaire d\u2019une licence de droit public, apr\u00e8s avoir auditionn\u00e9 au Centre de musique baroque de Versailles\u00a0o\u00f9 il entrera \u00e0 22\u00a0ans\u00a0: pr\u00e9cise l\u2019ancien \u00e9l\u00e8ve d\u2019Isabelle Desrochers, qui a poursuivi sa formation au Conservatoire de Paris. Il vous reste 57.1% de cet article \u00e0 lire. La suite est r\u00e9serv\u00e9e aux abonn\u00e9s.","og_url":"https:\/\/vof-news.eu\/fr\/festival-daix-paul-antoine-benos-djian-un-contre-tenor-en-mode-melancolie\/","og_site_name":"vof-news.eu","article_published_time":"2025-07-06T18:33:49+00:00","article_modified_time":"2025-07-06T18:34:21+00:00","og_image":[{"width":664,"height":664,"url":"https:\/\/vof-news.eu\/wp-content\/uploads\/2025\/07\/422a031_upload-1-ypr2mlz152sa-credit-francois-le-guen.jpg","type":"image\/jpeg"}],"author":"Author","twitter_card":"summary_large_image","twitter_misc":{"\u00c9crit par":"Author","Dur\u00e9e de lecture estim\u00e9e":"1 minute"},"schema":{"@context":"https:\/\/schema.org","@graph":[{"@type":"WebPage","@id":"https:\/\/vof-news.eu\/fr\/festival-daix-paul-antoine-benos-djian-un-contre-tenor-en-mode-melancolie\/","url":"https:\/\/vof-news.eu\/fr\/festival-daix-paul-antoine-benos-djian-un-contre-tenor-en-mode-melancolie\/","name":"Festival d\u2019Aix\u00a0: Paul-Antoine B\u00e9nos-Djian, un contre-t\u00e9nor en mode m\u00e9lancolie - vof-news.eu","isPartOf":{"@id":"https:\/\/vof-news.eu\/fr\/#website"},"primaryImageOfPage":{"@id":"https:\/\/vof-news.eu\/fr\/festival-daix-paul-antoine-benos-djian-un-contre-tenor-en-mode-melancolie\/#primaryimage"},"image":{"@id":"https:\/\/vof-news.eu\/fr\/festival-daix-paul-antoine-benos-djian-un-contre-tenor-en-mode-melancolie\/#primaryimage"},"thumbnailUrl":"https:\/\/vof-news.eu\/wp-content\/uploads\/2025\/07\/422a031_upload-1-ypr2mlz152sa-credit-francois-le-guen.jpg","datePublished":"2025-07-06T18:33:49+00:00","dateModified":"2025-07-06T18:34:21+00:00","author":{"@id":"https:\/\/vof-news.eu\/fr\/#\/schema\/person\/f6a2a4309f0561835797fd8c19b333ed"},"description":"En\u00a02018, le contre-t\u00e9nor fran\u00e7ais nous est apparu dans l\u2019ombre port\u00e9e de Philippe Jaroussky, dont il suivait l\u2019Acad\u00e9mie (promotion Vivaldi), \u00e0 La Seine musicale, avant de chanter sous sa direction dans l\u2019op\u00e9ra d\u2019Alessandro Scarlatti, puis dans le de Haendel, mis en sc\u00e8ne par Damiano Michieletto, au Th\u00e9\u00e2tre des Champs-Elys\u00e9es en\u00a02022. Timbre chaud, vocalit\u00e9 rayonnante, le temp\u00e9rament\u00a0ardent de Paul-Antoine B\u00e9nos-Djian, son aisance sur toute la tessiture, l\u2019ont d\u2019embl\u00e9e inscrit sur la liste des chanteurs les plus prometteurs. Enfant ma\u00eetrisien, le natif de Montpellier a \u00e9t\u00e9 form\u00e9 au conservatoire de sa ville. Il partage la classe de solf\u00e8ge avec la mezzo-soprano Marianne Crebassa, mais c\u2019est avec un cursus en percussions qu\u2019il obtient son dipl\u00f4me. Ses premiers vrais cours de chant, Paul-Antoine B\u00e9nos-Djian les a pris alors qu\u2019il \u00e9tait d\u00e9j\u00e0 titulaire d\u2019une licence de droit public, apr\u00e8s avoir auditionn\u00e9 au Centre de musique baroque de Versailles\u00a0o\u00f9 il entrera \u00e0 22\u00a0ans\u00a0: pr\u00e9cise l\u2019ancien \u00e9l\u00e8ve d\u2019Isabelle Desrochers, qui a poursuivi sa formation au Conservatoire de Paris. Il vous reste 57.1% de cet article \u00e0 lire. La suite est r\u00e9serv\u00e9e aux abonn\u00e9s.","breadcrumb":{"@id":"https:\/\/vof-news.eu\/fr\/festival-daix-paul-antoine-benos-djian-un-contre-tenor-en-mode-melancolie\/#breadcrumb"},"inLanguage":"fr-FR","potentialAction":[{"@type":"ReadAction","target":["https:\/\/vof-news.eu\/fr\/festival-daix-paul-antoine-benos-djian-un-contre-tenor-en-mode-melancolie\/"]}]},{"@type":"ImageObject","inLanguage":"fr-FR","@id":"https:\/\/vof-news.eu\/fr\/festival-daix-paul-antoine-benos-djian-un-contre-tenor-en-mode-melancolie\/#primaryimage","url":"https:\/\/vof-news.eu\/wp-content\/uploads\/2025\/07\/422a031_upload-1-ypr2mlz152sa-credit-francois-le-guen.jpg","contentUrl":"https:\/\/vof-news.eu\/wp-content\/uploads\/2025\/07\/422a031_upload-1-ypr2mlz152sa-credit-francois-le-guen.jpg","width":664,"height":664},{"@type":"BreadcrumbList","@id":"https:\/\/vof-news.eu\/fr\/festival-daix-paul-antoine-benos-djian-un-contre-tenor-en-mode-melancolie\/#breadcrumb","itemListElement":[{"@type":"ListItem","position":1,"name":"Home","item":"https:\/\/vof-news.eu\/fr\/"},{"@type":"ListItem","position":2,"name":"Festival d\u2019Aix\u00a0: Paul-Antoine B\u00e9nos-Djian, un contre-t\u00e9nor en mode m\u00e9lancolie"}]},{"@type":"WebSite","@id":"https:\/\/vof-news.eu\/fr\/#website","url":"https:\/\/vof-news.eu\/fr\/","name":"vof-news.eu","description":"","potentialAction":[{"@type":"SearchAction","target":{"@type":"EntryPoint","urlTemplate":"https:\/\/vof-news.eu\/fr\/?s={search_term_string}"},"query-input":"required name=search_term_string"}],"inLanguage":"fr-FR"},{"@type":"Person","@id":"https:\/\/vof-news.eu\/fr\/#\/schema\/person\/f6a2a4309f0561835797fd8c19b333ed","name":"Author","image":{"@type":"ImageObject","inLanguage":"fr-FR","@id":"https:\/\/vof-news.eu\/fr\/#\/schema\/person\/image\/","url":"https:\/\/secure.gravatar.com\/avatar\/b67e614b1b25b3e9c0c239efdd2fde5ab015b5affd6f1c3c85911ca4b384e790?s=96&d=mm&r=g","contentUrl":"https:\/\/secure.gravatar.com\/avatar\/b67e614b1b25b3e9c0c239efdd2fde5ab015b5affd6f1c3c85911ca4b384e790?s=96&d=mm&r=g","caption":"Author"},"sameAs":["http:\/\/vof-news.eu"],"url":"https:\/\/vof-news.eu\/fr\/author\/zwt6qxnjulxbnyg\/"}]}},"yoast_meta":{"yoast_wpseo_title":"","yoast_wpseo_metadesc":"","yoast_wpseo_canonical":""},"_links":{"self":[{"href":"https:\/\/vof-news.eu\/fr\/wp-json\/wp\/v2\/posts\/248443","targetHints":{"allow":["GET"]}}],"collection":[{"href":"https:\/\/vof-news.eu\/fr\/wp-json\/wp\/v2\/posts"}],"about":[{"href":"https:\/\/vof-news.eu\/fr\/wp-json\/wp\/v2\/types\/post"}],"author":[{"embeddable":true,"href":"https:\/\/vof-news.eu\/fr\/wp-json\/wp\/v2\/users\/1"}],"replies":[{"embeddable":true,"href":"https:\/\/vof-news.eu\/fr\/wp-json\/wp\/v2\/comments?post=248443"}],"version-history":[{"count":1,"href":"https:\/\/vof-news.eu\/fr\/wp-json\/wp\/v2\/posts\/248443\/revisions"}],"predecessor-version":[{"id":248450,"href":"https:\/\/vof-news.eu\/fr\/wp-json\/wp\/v2\/posts\/248443\/revisions\/248450"}],"wp:featuredmedia":[{"embeddable":true,"href":"https:\/\/vof-news.eu\/fr\/wp-json\/wp\/v2\/media\/248444"}],"wp:attachment":[{"href":"https:\/\/vof-news.eu\/fr\/wp-json\/wp\/v2\/media?parent=248443"}],"wp:term":[{"taxonomy":"category","embeddable":true,"href":"https:\/\/vof-news.eu\/fr\/wp-json\/wp\/v2\/categories?post=248443"},{"taxonomy":"post_tag","embeddable":true,"href":"https:\/\/vof-news.eu\/fr\/wp-json\/wp\/v2\/tags?post=248443"}],"curies":[{"name":"wp","href":"https:\/\/api.w.org\/{rel}","templated":true}]}}