{"id":248435,"date":"2025-07-06T21:32:46","date_gmt":"2025-07-06T18:32:46","guid":{"rendered":"https:\/\/vof-news.eu\/tour-de-france-2025-le-resume-de-la-victoire-de-mathieu-van-der-poel-au-sprint-lors-de-la-deuxieme-etape\/"},"modified":"2025-07-06T21:33:10","modified_gmt":"2025-07-06T18:33:10","slug":"tour-de-france-2025-le-resume-de-la-victoire-de-mathieu-van-der-poel-au-sprint-lors-de-la-deuxieme-etape","status":"publish","type":"post","link":"https:\/\/vof-news.eu\/fr\/tour-de-france-2025-le-resume-de-la-victoire-de-mathieu-van-der-poel-au-sprint-lors-de-la-deuxieme-etape\/","title":{"rendered":"Tour de France 2025\u00a0: le r\u00e9sum\u00e9 de la victoire de Mathieu van der Poel au sprint lors de la deuxi\u00e8me \u00e9tape"},"content":{"rendered":"<article>\n<p>Apr\u00e8s 209,1\u00a0km \u00e0 travers les Hauts-de-France, entre pluie et \u00e9claircies, la plus longue \u00e9tape de cette 112<sup>e<\/sup> \u00e9dition du Tour de France s\u2019est r\u00e9gl\u00e9e au sprint, dans un final entre favoris. A Boulogne-sur-Mer (Pas-de-Calais), l\u2019air marin a r\u00e9ussi \u00e0 Mathieu van der Poel (Alpecin-Deceuninck) qui d\u00e9croche \u00e0 30\u00a0ans sa deuxi\u00e8me victoire d\u2019\u00e9tape dans le Tour, apr\u00e8s celle de Mur-de-Bretagne en\u00a02021. Le N\u00e9erlandais a devanc\u00e9 les deux derniers vainqueurs du Tour, Tadej Pogacar (UAE Team Emirates-XRG) et Jonas Vingegaard (Visma-Lease a Bike), pour se parer du maillot jaune \u2013 offrant un deuxi\u00e8me succ\u00e8s en deux jours \u00e0 la formation Alpecin-Deceuninck. Son co\u00e9quipier Jasper Philipsen, vainqueur la veille \u00e0 Lille, a franchi la ligne \u00e0 plus de 30 secondes.<\/p>\n<section>   <\/section>\n<h2><strong>Ce qu\u2019il faut retenir<\/strong><\/h2>\n<ul>\n<li><strong>Le cador\u00a0: <\/strong>Mathieu van der Poel.<\/li>\n<\/ul>\n<p>Qui d\u2019autre que Mathieu van der Poel pour postuler au titre de \u00ab\u00a0MVP\u00a0\u00bb (\u00ab\u00a0Most valuable player\u00a0\u00bb, meilleur coureur)\u00a0? Le N\u00e9erlandais s\u2019est montr\u00e9 le plus fort au sprint au sein d\u2019un groupe d\u2019une vingtaine de coureurs, comprenant Pogacar et Vingegaard. Pluie, c\u00f4tes et bagarre\u00a0: il y avait comme un air de d\u00e9j\u00e0-vu pour le champion du monde de cyclocross \u2013 209\u00a0km en plus.<\/p>\n<ul>\n<li><strong>Le fil de l\u2019\u00e9tape\u00a0:<\/strong><\/li>\n<\/ul>\n<p>Il y a eu deux courses pour le prix d\u2019une entre Lauwin-Planque (Nord) et Boulogne-sur-Mer dimanche. Pendant plusieurs heures, la deuxi\u00e8me \u00e9tape du Tour de France a ressembl\u00e9 \u00e0 tant d\u2019autres avant elle, avec quatre \u00e9chapp\u00e9s lanc\u00e9s dans une mission impossible \u00e0 l\u2019avant. Finalement, et comme attendu, Yevgeniy Fedorov (XDS-Astana), Andreas Leknessund (Uno-X Mobility), Brent Van Moer (Lotto) et Bruno Armirail (Decathlon-AG2R La Mondiale) ont \u00e9t\u00e9 repris \u00e0 50\u00a0kilom\u00e8tres de l\u2019arriv\u00e9e.<\/p>\n<p>Apr\u00e8s quelques kilom\u00e8tres de transition, l\u2019\u00e9tape a ensuite pris une nouvelle dimension au pied de la premi\u00e8re difficult\u00e9 du jour, la c\u00f4te de Cavron-Saint-Martin (1,1\u00a0kilom\u00e8tre \u00e0 5,9\u00a0%). Une brusque acc\u00e9l\u00e9ration a mis dans le rouge bon nombre de sprinteurs, incapables de suivre le rythme et de postuler \u00e0 la victoire. Toujours aux avant-postes, Mathieu van der Poel n\u2019a, lui, jamais montr\u00e9 de signes de faiblesses, a contr\u00f4l\u00e9 les attaques dans les derniers kilom\u00e8tres jusqu\u2019\u00e0 s\u2019imposer au sprint devant Tadej Pogacar.<\/p>\n<ul>\n<li><strong>La phrase\u00a0: <\/strong><\/li>\n<\/ul>\n<p>Julian Alaphilippe, au micro d\u2019Eurosport. Absent du Tour de France l\u2019an dernier, le coureur de l\u2019\u00e9quipe Tudor a \u00e9t\u00e9 le premier \u00e0 lancer le sprint dans le dernier kilom\u00e8tre, mais n\u2019a pas r\u00e9sist\u00e9 au retour des cadors du Tour.<\/p>\n<ul>\n<li><strong>Le chiffre\u00a0: 2<\/strong><\/li>\n<\/ul>\n<p>Comme le nombre de victoires de Mathieu van der Poel sur le Tour de France, \u00e0 chaque fois sur la\u2026. deuxi\u00e8me \u00e9tape. Un chiffre \u00e9tonnamment faible pour un coureur de ce standing, notamment triple vainqueur sur Paris-Roubaix. Le N\u00e9erlandais offre \u00e0 Alpecin-Deceuninck une deuxi\u00e8me victoire en\u2026 deux jours et se pare du maillot jaune pour la deuxi\u00e8me fois. Bref, d\u2019une pierre deux coups\u00a0!<\/p>\n<section>   <\/section>\n<p><strong>Le tournant de la journ\u00e9e\u00a0:<\/strong><\/p>\n<p>A 10\u00a0kilom\u00e8tres de l\u2019arriv\u00e9e, la c\u00f4te de Saint-Etienne-au-Mont (1\u00a0kilom\u00e8tre \u00e0 10,6\u00a0%) puis celle d\u2019Outreau (800\u00a0m\u00e8tres \u00e0 8,8\u00a0%) ressemblaient au dernier obstacle \u00e0 passer pour les pr\u00e9tendants \u00e0 la victoire. Pas le plus l\u00e9ger du peloton, Mathieu van der Poel n\u2019a pourtant jamais quitt\u00e9 la roue des Tadej Pogacar et Jonas Vingegaard, pour les battre ensuite au sprint.<\/p>\n<ul>\n<li><strong>La note\u00a0: <\/strong>B<\/li>\n<\/ul>\n<p>Une premi\u00e8re partie d\u2019\u00e9tape un brin ennuyante, puis un petit feu d\u2019artifice pour terminer\u00a0et du suspense\u00a0: nous accordons donc la note de \u00ab\u00a0B\u00a0\u00bb \u00e0 cette \u00e9tape dans notre syst\u00e8me de notation.<\/p>\n<ul>\n<li><strong>Le classement g\u00e9n\u00e9ral\u00a0:<\/strong><\/li>\n<\/ul>\n<ol>\n<li>Mathieu van der Poel (Alpecin-Deceuninck) en 8\u00a0h\u00a038\u00a0min 42<\/li>\n<li>Tadej Pogacar (UAE Team Emirates-XRG) \u00e0 4\u00a0s<\/li>\n<li>Jonas Vingegaard (Visma-Lease a Bike) \u00e0 6\u00a0s<\/li>\n<li>K\u00e9vin Vauquelin (Ark\u00e9a-B &amp;\u00a0B Hotels) \u00e0 10\u00a0s<\/li>\n<li>Matteo Jorgenson (Visma-Lease a Bike) \u00e0 10\u00a0s<\/li>\n<li>Enric Mas (Movistar) \u00e0 10\u00a0s<\/li>\n<li>Jasper Philipsen (Alpecin-Deceuninck) \u00e0 31\u00a0s<\/li>\n<li>Joseph Blackmore (Israel-Premier Tech) \u00e0 41\u00a0s<\/li>\n<li>Tobias Halland Johannessen (Uno-X Mobility) \u00e0 41\u00a0s<\/li>\n<li>Ben O\u2019Connor (Jayco AlUla) \u00e0 41\u00a0s<\/li>\n<\/ol>\n<ul>\n<li><strong>Le maillot jaune\u00a0: <\/strong>Mathieu van der Poel<strong> <\/strong>(Alpecin-Deceuninck)<\/li>\n<li><strong>Le maillot \u00e0 pois\u00a0: <\/strong>Tadej Pogacar (UAE Team Emirates-XRG)<\/li>\n<li><strong>Le maillot blanc\u00a0: <\/strong>K\u00e9vin Vauquelin (Ark\u00e9a-B &amp;\u00a0B Hotels)<\/li>\n<li><strong>Le maillot vert\u00a0: <\/strong>Jasper Philipsen (Alpecin-Deceuninck)<\/li>\n<li><strong>Le prix de la combativit\u00e9\u00a0: <\/strong>Bruno Armirail (Decathlon-AG2R La Mondiale)<\/li>\n<li><strong>L\u2019image du jour\u00a0:<\/strong><\/li>\n<\/ul>\n<section>\n<p> <span><a href=\"https:\/\/www.lemonde.fr\/signataires\/service-sports\/\" rel=\"nofollow\"> <span>Service Sports<\/span><\/a><\/span> <\/p>\n<\/section>\n<section>\n<section>\n<header>   <\/header>\n<section>\n<section> <a href=\"https:\/\/abo.lemonde.fr\/?lmd_medium=BOUTONS_LMFR&amp;lmd_campaign=CONTRIBUTION_ARTICLE\" rel=\"nofollow\">S\u2019abonner<\/a> <\/section>\n<\/section>\n<section><\/section>\n<\/section>\n<p>Contribuer<\/p>\n<p> <a href=\"https:\/\/www.lemonde.fr\/syndication\/\" rel=\"nofollow\">R\u00e9utiliser ce contenu<\/a> <\/section>\n<\/article>\n","protected":false},"excerpt":{"rendered":"<p>Apr\u00e8s 209,1\u00a0km \u00e0 travers les Hauts-de-France, entre pluie et \u00e9claircies, la plus longue \u00e9tape de cette 112e \u00e9dition du Tour de France s\u2019est r\u00e9gl\u00e9e au sprint, dans un final entre favoris. A Boulogne-sur-Mer (Pas-de-Calais), l\u2019air marin a r\u00e9ussi \u00e0 Mathieu van der Poel (Alpecin-Deceuninck) qui d\u00e9croche \u00e0 30\u00a0ans sa deuxi\u00e8me victoire d\u2019\u00e9tape dans le Tour,<\/p>\n","protected":false},"author":1,"featured_media":248436,"comment_status":"open","ping_status":"open","sticky":false,"template":"","format":"standard","meta":{"footnotes":""},"categories":[73],"tags":[],"class_list":["post-248435","post","type-post","status-publish","format-standard","has-post-thumbnail","hentry","category-sport-fr"],"acf":[],"yoast_head":"<!-- This site is optimized with the Yoast SEO plugin v22.9 - https:\/\/yoast.com\/wordpress\/plugins\/seo\/ -->\n<title>Tour de France 2025\u00a0: le r\u00e9sum\u00e9 de la victoire de Mathieu van der Poel au sprint lors de la deuxi\u00e8me \u00e9tape - vof-news.eu<\/title>\n<meta name=\"description\" content=\"Apr\u00e8s 209,1\u00a0km \u00e0 travers les Hauts-de-France, entre pluie et \u00e9claircies, la plus longue \u00e9tape de cette 112e \u00e9dition du Tour de France s\u2019est r\u00e9gl\u00e9e au sprint, dans un final entre favoris. A Boulogne-sur-Mer (Pas-de-Calais), l\u2019air marin a r\u00e9ussi \u00e0 Mathieu van der Poel (Alpecin-Deceuninck) qui d\u00e9croche \u00e0 30\u00a0ans sa deuxi\u00e8me victoire d\u2019\u00e9tape dans le Tour, apr\u00e8s celle de Mur-de-Bretagne en\u00a02021. Le N\u00e9erlandais a devanc\u00e9 les deux derniers vainqueurs du Tour, Tadej Pogacar (UAE Team Emirates-XRG) et Jonas Vingegaard (Visma-Lease a Bike), pour se parer du maillot jaune \u2013 offrant un deuxi\u00e8me succ\u00e8s en deux jours \u00e0 la formation Alpecin-Deceuninck. Son co\u00e9quipier Jasper Philipsen, vainqueur la veille \u00e0 Lille, a franchi la ligne \u00e0 plus de 30 secondes.   Ce qu\u2019il faut retenir Le cador\u00a0: Mathieu van der Poel. Qui d\u2019autre que Mathieu van der Poel pour postuler au titre de \u00ab\u00a0MVP\u00a0\u00bb (\u00ab\u00a0Most valuable player\u00a0\u00bb, meilleur coureur)\u00a0? Le N\u00e9erlandais s\u2019est montr\u00e9 le plus fort au sprint au sein d\u2019un groupe d\u2019une vingtaine de coureurs, comprenant Pogacar et Vingegaard. Pluie, c\u00f4tes et bagarre\u00a0: il y avait comme un air de d\u00e9j\u00e0-vu pour le champion du monde de cyclocross \u2013 209\u00a0km en plus. Le fil de l\u2019\u00e9tape\u00a0: Il y a eu deux courses pour le prix d\u2019une entre Lauwin-Planque (Nord) et Boulogne-sur-Mer dimanche. Pendant plusieurs heures, la deuxi\u00e8me \u00e9tape du Tour de France a ressembl\u00e9 \u00e0 tant d\u2019autres avant elle, avec quatre \u00e9chapp\u00e9s lanc\u00e9s dans une mission impossible \u00e0 l\u2019avant. Finalement, et comme attendu, Yevgeniy Fedorov (XDS-Astana), Andreas Leknessund (Uno-X Mobility), Brent Van Moer (Lotto) et Bruno Armirail (Decathlon-AG2R La Mondiale) ont \u00e9t\u00e9 repris \u00e0 50\u00a0kilom\u00e8tres de l\u2019arriv\u00e9e. Apr\u00e8s quelques kilom\u00e8tres de transition, l\u2019\u00e9tape a ensuite pris une nouvelle dimension au pied de la premi\u00e8re difficult\u00e9 du jour, la c\u00f4te de Cavron-Saint-Martin (1,1\u00a0kilom\u00e8tre \u00e0 5,9\u00a0%). Une brusque acc\u00e9l\u00e9ration a mis dans le rouge bon nombre de sprinteurs, incapables de suivre le rythme et de postuler \u00e0 la victoire. Toujours aux avant-postes, Mathieu van der Poel n\u2019a, lui, jamais montr\u00e9 de signes de faiblesses, a contr\u00f4l\u00e9 les attaques dans les derniers kilom\u00e8tres jusqu\u2019\u00e0 s\u2019imposer au sprint devant Tadej Pogacar. La phrase\u00a0: Julian Alaphilippe, au micro d\u2019Eurosport. Absent du Tour de France l\u2019an dernier, le coureur de l\u2019\u00e9quipe Tudor a \u00e9t\u00e9 le premier \u00e0 lancer le sprint dans le dernier kilom\u00e8tre, mais n\u2019a pas r\u00e9sist\u00e9 au retour des cadors du Tour. Le chiffre\u00a0: 2 Comme le nombre de victoires de Mathieu van der Poel sur le Tour de France, \u00e0 chaque fois sur la\u2026. deuxi\u00e8me \u00e9tape. Un chiffre \u00e9tonnamment faible pour un coureur de ce standing, notamment triple vainqueur sur Paris-Roubaix. Le N\u00e9erlandais offre \u00e0 Alpecin-Deceuninck une deuxi\u00e8me victoire en\u2026 deux jours et se pare du maillot jaune pour la deuxi\u00e8me fois. Bref, d\u2019une pierre deux coups\u00a0!   Le tournant de la journ\u00e9e\u00a0: A 10\u00a0kilom\u00e8tres de l\u2019arriv\u00e9e, la c\u00f4te de Saint-Etienne-au-Mont (1\u00a0kilom\u00e8tre \u00e0 10,6\u00a0%) puis celle d\u2019Outreau (800\u00a0m\u00e8tres \u00e0 8,8\u00a0%) ressemblaient au dernier obstacle \u00e0 passer pour les pr\u00e9tendants \u00e0 la victoire. Pas le plus l\u00e9ger du peloton, Mathieu van der Poel n\u2019a pourtant jamais quitt\u00e9 la roue des Tadej Pogacar et Jonas Vingegaard, pour les battre ensuite au sprint. La note\u00a0: B Une premi\u00e8re partie d\u2019\u00e9tape un brin ennuyante, puis un petit feu d\u2019artifice pour terminer\u00a0et du suspense\u00a0: nous accordons donc la note de \u00ab\u00a0B\u00a0\u00bb \u00e0 cette \u00e9tape dans notre syst\u00e8me de notation. Le classement g\u00e9n\u00e9ral\u00a0: Mathieu van der Poel (Alpecin-Deceuninck) en 8\u00a0h\u00a038\u00a0min 42Tadej Pogacar (UAE Team Emirates-XRG) \u00e0 4\u00a0sJonas Vingegaard (Visma-Lease a Bike) \u00e0 6\u00a0sK\u00e9vin Vauquelin (Ark\u00e9a-B &amp;\u00a0B Hotels) \u00e0 10\u00a0sMatteo Jorgenson (Visma-Lease a Bike) \u00e0 10\u00a0sEnric Mas (Movistar) \u00e0 10\u00a0sJasper Philipsen (Alpecin-Deceuninck) \u00e0 31\u00a0sJoseph Blackmore (Israel-Premier Tech) \u00e0 41\u00a0sTobias Halland Johannessen (Uno-X Mobility) \u00e0 41\u00a0sBen O\u2019Connor (Jayco AlUla) \u00e0 41\u00a0s Le maillot jaune\u00a0: Mathieu van der Poel (Alpecin-Deceuninck)Le maillot \u00e0 pois\u00a0: Tadej Pogacar (UAE Team Emirates-XRG)Le maillot blanc\u00a0: K\u00e9vin Vauquelin (Ark\u00e9a-B &amp;\u00a0B Hotels)Le maillot vert\u00a0: Jasper Philipsen (Alpecin-Deceuninck)Le prix de la combativit\u00e9\u00a0: Bruno Armirail (Decathlon-AG2R La Mondiale)L\u2019image du jour\u00a0:   Service Sports      S\u2019abonner   Contribuer R\u00e9utiliser ce contenu\" \/>\n<meta name=\"robots\" content=\"noindex, follow, max-snippet:-1, max-image-preview:large, max-video-preview:-1\" \/>\n<meta property=\"og:locale\" content=\"fr_FR\" \/>\n<meta property=\"og:type\" content=\"article\" \/>\n<meta property=\"og:title\" content=\"Tour de France 2025\u00a0: le r\u00e9sum\u00e9 de la victoire de Mathieu van der Poel au sprint lors de la deuxi\u00e8me \u00e9tape - vof-news.eu\" \/>\n<meta property=\"og:description\" content=\"Apr\u00e8s 209,1\u00a0km \u00e0 travers les Hauts-de-France, entre pluie et \u00e9claircies, la plus longue \u00e9tape de cette 112e \u00e9dition du Tour de France s\u2019est r\u00e9gl\u00e9e au sprint, dans un final entre favoris. A Boulogne-sur-Mer (Pas-de-Calais), l\u2019air marin a r\u00e9ussi \u00e0 Mathieu van der Poel (Alpecin-Deceuninck) qui d\u00e9croche \u00e0 30\u00a0ans sa deuxi\u00e8me victoire d\u2019\u00e9tape dans le Tour, apr\u00e8s celle de Mur-de-Bretagne en\u00a02021. Le N\u00e9erlandais a devanc\u00e9 les deux derniers vainqueurs du Tour, Tadej Pogacar (UAE Team Emirates-XRG) et Jonas Vingegaard (Visma-Lease a Bike), pour se parer du maillot jaune \u2013 offrant un deuxi\u00e8me succ\u00e8s en deux jours \u00e0 la formation Alpecin-Deceuninck. Son co\u00e9quipier Jasper Philipsen, vainqueur la veille \u00e0 Lille, a franchi la ligne \u00e0 plus de 30 secondes.   Ce qu\u2019il faut retenir Le cador\u00a0: Mathieu van der Poel. Qui d\u2019autre que Mathieu van der Poel pour postuler au titre de \u00ab\u00a0MVP\u00a0\u00bb (\u00ab\u00a0Most valuable player\u00a0\u00bb, meilleur coureur)\u00a0? Le N\u00e9erlandais s\u2019est montr\u00e9 le plus fort au sprint au sein d\u2019un groupe d\u2019une vingtaine de coureurs, comprenant Pogacar et Vingegaard. Pluie, c\u00f4tes et bagarre\u00a0: il y avait comme un air de d\u00e9j\u00e0-vu pour le champion du monde de cyclocross \u2013 209\u00a0km en plus. Le fil de l\u2019\u00e9tape\u00a0: Il y a eu deux courses pour le prix d\u2019une entre Lauwin-Planque (Nord) et Boulogne-sur-Mer dimanche. Pendant plusieurs heures, la deuxi\u00e8me \u00e9tape du Tour de France a ressembl\u00e9 \u00e0 tant d\u2019autres avant elle, avec quatre \u00e9chapp\u00e9s lanc\u00e9s dans une mission impossible \u00e0 l\u2019avant. Finalement, et comme attendu, Yevgeniy Fedorov (XDS-Astana), Andreas Leknessund (Uno-X Mobility), Brent Van Moer (Lotto) et Bruno Armirail (Decathlon-AG2R La Mondiale) ont \u00e9t\u00e9 repris \u00e0 50\u00a0kilom\u00e8tres de l\u2019arriv\u00e9e. Apr\u00e8s quelques kilom\u00e8tres de transition, l\u2019\u00e9tape a ensuite pris une nouvelle dimension au pied de la premi\u00e8re difficult\u00e9 du jour, la c\u00f4te de Cavron-Saint-Martin (1,1\u00a0kilom\u00e8tre \u00e0 5,9\u00a0%). Une brusque acc\u00e9l\u00e9ration a mis dans le rouge bon nombre de sprinteurs, incapables de suivre le rythme et de postuler \u00e0 la victoire. Toujours aux avant-postes, Mathieu van der Poel n\u2019a, lui, jamais montr\u00e9 de signes de faiblesses, a contr\u00f4l\u00e9 les attaques dans les derniers kilom\u00e8tres jusqu\u2019\u00e0 s\u2019imposer au sprint devant Tadej Pogacar. La phrase\u00a0: Julian Alaphilippe, au micro d\u2019Eurosport. Absent du Tour de France l\u2019an dernier, le coureur de l\u2019\u00e9quipe Tudor a \u00e9t\u00e9 le premier \u00e0 lancer le sprint dans le dernier kilom\u00e8tre, mais n\u2019a pas r\u00e9sist\u00e9 au retour des cadors du Tour. Le chiffre\u00a0: 2 Comme le nombre de victoires de Mathieu van der Poel sur le Tour de France, \u00e0 chaque fois sur la\u2026. deuxi\u00e8me \u00e9tape. Un chiffre \u00e9tonnamment faible pour un coureur de ce standing, notamment triple vainqueur sur Paris-Roubaix. Le N\u00e9erlandais offre \u00e0 Alpecin-Deceuninck une deuxi\u00e8me victoire en\u2026 deux jours et se pare du maillot jaune pour la deuxi\u00e8me fois. Bref, d\u2019une pierre deux coups\u00a0!   Le tournant de la journ\u00e9e\u00a0: A 10\u00a0kilom\u00e8tres de l\u2019arriv\u00e9e, la c\u00f4te de Saint-Etienne-au-Mont (1\u00a0kilom\u00e8tre \u00e0 10,6\u00a0%) puis celle d\u2019Outreau (800\u00a0m\u00e8tres \u00e0 8,8\u00a0%) ressemblaient au dernier obstacle \u00e0 passer pour les pr\u00e9tendants \u00e0 la victoire. Pas le plus l\u00e9ger du peloton, Mathieu van der Poel n\u2019a pourtant jamais quitt\u00e9 la roue des Tadej Pogacar et Jonas Vingegaard, pour les battre ensuite au sprint. La note\u00a0: B Une premi\u00e8re partie d\u2019\u00e9tape un brin ennuyante, puis un petit feu d\u2019artifice pour terminer\u00a0et du suspense\u00a0: nous accordons donc la note de \u00ab\u00a0B\u00a0\u00bb \u00e0 cette \u00e9tape dans notre syst\u00e8me de notation. Le classement g\u00e9n\u00e9ral\u00a0: Mathieu van der Poel (Alpecin-Deceuninck) en 8\u00a0h\u00a038\u00a0min 42Tadej Pogacar (UAE Team Emirates-XRG) \u00e0 4\u00a0sJonas Vingegaard (Visma-Lease a Bike) \u00e0 6\u00a0sK\u00e9vin Vauquelin (Ark\u00e9a-B &amp;\u00a0B Hotels) \u00e0 10\u00a0sMatteo Jorgenson (Visma-Lease a Bike) \u00e0 10\u00a0sEnric Mas (Movistar) \u00e0 10\u00a0sJasper Philipsen (Alpecin-Deceuninck) \u00e0 31\u00a0sJoseph Blackmore (Israel-Premier Tech) \u00e0 41\u00a0sTobias Halland Johannessen (Uno-X Mobility) \u00e0 41\u00a0sBen O\u2019Connor (Jayco AlUla) \u00e0 41\u00a0s Le maillot jaune\u00a0: Mathieu van der Poel (Alpecin-Deceuninck)Le maillot \u00e0 pois\u00a0: Tadej Pogacar (UAE Team Emirates-XRG)Le maillot blanc\u00a0: K\u00e9vin Vauquelin (Ark\u00e9a-B &amp;\u00a0B Hotels)Le maillot vert\u00a0: Jasper Philipsen (Alpecin-Deceuninck)Le prix de la combativit\u00e9\u00a0: Bruno Armirail (Decathlon-AG2R La Mondiale)L\u2019image du jour\u00a0:   Service Sports      S\u2019abonner   Contribuer R\u00e9utiliser ce contenu\" \/>\n<meta property=\"og:url\" content=\"https:\/\/vof-news.eu\/fr\/tour-de-france-2025-le-resume-de-la-victoire-de-mathieu-van-der-poel-au-sprint-lors-de-la-deuxieme-etape\/\" \/>\n<meta property=\"og:site_name\" content=\"vof-news.eu\" \/>\n<meta property=\"article:published_time\" content=\"2025-07-06T18:32:46+00:00\" \/>\n<meta property=\"article:modified_time\" content=\"2025-07-06T18:33:10+00:00\" \/>\n<meta property=\"og:image\" content=\"https:\/\/vof-news.eu\/wp-content\/uploads\/2025\/07\/eea6b3b_ftp-import-images-1-ffxo76a8yojj-5343483-01-06.jpg\" \/>\n\t<meta property=\"og:image:width\" content=\"664\" \/>\n\t<meta property=\"og:image:height\" content=\"443\" \/>\n\t<meta property=\"og:image:type\" content=\"image\/jpeg\" \/>\n<meta name=\"author\" content=\"Author\" \/>\n<meta name=\"twitter:card\" content=\"summary_large_image\" \/>\n<meta name=\"twitter:label1\" content=\"\u00c9crit par\" \/>\n\t<meta name=\"twitter:data1\" content=\"Author\" \/>\n\t<meta name=\"twitter:label2\" content=\"Dur\u00e9e de lecture estim\u00e9e\" \/>\n\t<meta name=\"twitter:data2\" content=\"4 minutes\" \/>\n<script type=\"application\/ld+json\" class=\"yoast-schema-graph\">{\"@context\":\"https:\/\/schema.org\",\"@graph\":[{\"@type\":\"WebPage\",\"@id\":\"https:\/\/vof-news.eu\/fr\/tour-de-france-2025-le-resume-de-la-victoire-de-mathieu-van-der-poel-au-sprint-lors-de-la-deuxieme-etape\/\",\"url\":\"https:\/\/vof-news.eu\/fr\/tour-de-france-2025-le-resume-de-la-victoire-de-mathieu-van-der-poel-au-sprint-lors-de-la-deuxieme-etape\/\",\"name\":\"Tour de France 2025\u00a0: le r\u00e9sum\u00e9 de la victoire de Mathieu van der Poel au sprint lors de la deuxi\u00e8me \u00e9tape - vof-news.eu\",\"isPartOf\":{\"@id\":\"https:\/\/vof-news.eu\/fr\/#website\"},\"primaryImageOfPage\":{\"@id\":\"https:\/\/vof-news.eu\/fr\/tour-de-france-2025-le-resume-de-la-victoire-de-mathieu-van-der-poel-au-sprint-lors-de-la-deuxieme-etape\/#primaryimage\"},\"image\":{\"@id\":\"https:\/\/vof-news.eu\/fr\/tour-de-france-2025-le-resume-de-la-victoire-de-mathieu-van-der-poel-au-sprint-lors-de-la-deuxieme-etape\/#primaryimage\"},\"thumbnailUrl\":\"https:\/\/vof-news.eu\/wp-content\/uploads\/2025\/07\/eea6b3b_ftp-import-images-1-ffxo76a8yojj-5343483-01-06.jpg\",\"datePublished\":\"2025-07-06T18:32:46+00:00\",\"dateModified\":\"2025-07-06T18:33:10+00:00\",\"author\":{\"@id\":\"https:\/\/vof-news.eu\/fr\/#\/schema\/person\/f6a2a4309f0561835797fd8c19b333ed\"},\"description\":\"Apr\u00e8s 209,1\u00a0km \u00e0 travers les Hauts-de-France, entre pluie et \u00e9claircies, la plus longue \u00e9tape de cette 112e \u00e9dition du Tour de France s\u2019est r\u00e9gl\u00e9e au sprint, dans un final entre favoris. A Boulogne-sur-Mer (Pas-de-Calais), l\u2019air marin a r\u00e9ussi \u00e0 Mathieu van der Poel (Alpecin-Deceuninck) qui d\u00e9croche \u00e0 30\u00a0ans sa deuxi\u00e8me victoire d\u2019\u00e9tape dans le Tour, apr\u00e8s celle de Mur-de-Bretagne en\u00a02021. Le N\u00e9erlandais a devanc\u00e9 les deux derniers vainqueurs du Tour, Tadej Pogacar (UAE Team Emirates-XRG) et Jonas Vingegaard (Visma-Lease a Bike), pour se parer du maillot jaune \u2013 offrant un deuxi\u00e8me succ\u00e8s en deux jours \u00e0 la formation Alpecin-Deceuninck. Son co\u00e9quipier Jasper Philipsen, vainqueur la veille \u00e0 Lille, a franchi la ligne \u00e0 plus de 30 secondes. Ce qu\u2019il faut retenir Le cador\u00a0: Mathieu van der Poel. Qui d\u2019autre que Mathieu van der Poel pour postuler au titre de \u00ab\u00a0MVP\u00a0\u00bb (\u00ab\u00a0Most valuable player\u00a0\u00bb, meilleur coureur)\u00a0? Le N\u00e9erlandais s\u2019est montr\u00e9 le plus fort au sprint au sein d\u2019un groupe d\u2019une vingtaine de coureurs, comprenant Pogacar et Vingegaard. Pluie, c\u00f4tes et bagarre\u00a0: il y avait comme un air de d\u00e9j\u00e0-vu pour le champion du monde de cyclocross \u2013 209\u00a0km en plus. Le fil de l\u2019\u00e9tape\u00a0: Il y a eu deux courses pour le prix d\u2019une entre Lauwin-Planque (Nord) et Boulogne-sur-Mer dimanche. Pendant plusieurs heures, la deuxi\u00e8me \u00e9tape du Tour de France a ressembl\u00e9 \u00e0 tant d\u2019autres avant elle, avec quatre \u00e9chapp\u00e9s lanc\u00e9s dans une mission impossible \u00e0 l\u2019avant. Finalement, et comme attendu, Yevgeniy Fedorov (XDS-Astana), Andreas Leknessund (Uno-X Mobility), Brent Van Moer (Lotto) et Bruno Armirail (Decathlon-AG2R La Mondiale) ont \u00e9t\u00e9 repris \u00e0 50\u00a0kilom\u00e8tres de l\u2019arriv\u00e9e. Apr\u00e8s quelques kilom\u00e8tres de transition, l\u2019\u00e9tape a ensuite pris une nouvelle dimension au pied de la premi\u00e8re difficult\u00e9 du jour, la c\u00f4te de Cavron-Saint-Martin (1,1\u00a0kilom\u00e8tre \u00e0 5,9\u00a0%). Une brusque acc\u00e9l\u00e9ration a mis dans le rouge bon nombre de sprinteurs, incapables de suivre le rythme et de postuler \u00e0 la victoire. Toujours aux avant-postes, Mathieu van der Poel n\u2019a, lui, jamais montr\u00e9 de signes de faiblesses, a contr\u00f4l\u00e9 les attaques dans les derniers kilom\u00e8tres jusqu\u2019\u00e0 s\u2019imposer au sprint devant Tadej Pogacar. La phrase\u00a0: Julian Alaphilippe, au micro d\u2019Eurosport. Absent du Tour de France l\u2019an dernier, le coureur de l\u2019\u00e9quipe Tudor a \u00e9t\u00e9 le premier \u00e0 lancer le sprint dans le dernier kilom\u00e8tre, mais n\u2019a pas r\u00e9sist\u00e9 au retour des cadors du Tour. Le chiffre\u00a0: 2 Comme le nombre de victoires de Mathieu van der Poel sur le Tour de France, \u00e0 chaque fois sur la\u2026. deuxi\u00e8me \u00e9tape. Un chiffre \u00e9tonnamment faible pour un coureur de ce standing, notamment triple vainqueur sur Paris-Roubaix. Le N\u00e9erlandais offre \u00e0 Alpecin-Deceuninck une deuxi\u00e8me victoire en\u2026 deux jours et se pare du maillot jaune pour la deuxi\u00e8me fois. Bref, d\u2019une pierre deux coups\u00a0! Le tournant de la journ\u00e9e\u00a0: A 10\u00a0kilom\u00e8tres de l\u2019arriv\u00e9e, la c\u00f4te de Saint-Etienne-au-Mont (1\u00a0kilom\u00e8tre \u00e0 10,6\u00a0%) puis celle d\u2019Outreau (800\u00a0m\u00e8tres \u00e0 8,8\u00a0%) ressemblaient au dernier obstacle \u00e0 passer pour les pr\u00e9tendants \u00e0 la victoire. Pas le plus l\u00e9ger du peloton, Mathieu van der Poel n\u2019a pourtant jamais quitt\u00e9 la roue des Tadej Pogacar et Jonas Vingegaard, pour les battre ensuite au sprint. La note\u00a0: B Une premi\u00e8re partie d\u2019\u00e9tape un brin ennuyante, puis un petit feu d\u2019artifice pour terminer\u00a0et du suspense\u00a0: nous accordons donc la note de \u00ab\u00a0B\u00a0\u00bb \u00e0 cette \u00e9tape dans notre syst\u00e8me de notation. Le classement g\u00e9n\u00e9ral\u00a0: Mathieu van der Poel (Alpecin-Deceuninck) en 8\u00a0h\u00a038\u00a0min 42Tadej Pogacar (UAE Team Emirates-XRG) \u00e0 4\u00a0sJonas Vingegaard (Visma-Lease a Bike) \u00e0 6\u00a0sK\u00e9vin Vauquelin (Ark\u00e9a-B &amp;\u00a0B Hotels) \u00e0 10\u00a0sMatteo Jorgenson (Visma-Lease a Bike) \u00e0 10\u00a0sEnric Mas (Movistar) \u00e0 10\u00a0sJasper Philipsen (Alpecin-Deceuninck) \u00e0 31\u00a0sJoseph Blackmore (Israel-Premier Tech) \u00e0 41\u00a0sTobias Halland Johannessen (Uno-X Mobility) \u00e0 41\u00a0sBen O\u2019Connor (Jayco AlUla) \u00e0 41\u00a0s Le maillot jaune\u00a0: Mathieu van der Poel (Alpecin-Deceuninck)Le maillot \u00e0 pois\u00a0: Tadej Pogacar (UAE Team Emirates-XRG)Le maillot blanc\u00a0: K\u00e9vin Vauquelin (Ark\u00e9a-B &amp;\u00a0B Hotels)Le maillot vert\u00a0: Jasper Philipsen (Alpecin-Deceuninck)Le prix de la combativit\u00e9\u00a0: Bruno Armirail (Decathlon-AG2R La Mondiale)L\u2019image du jour\u00a0: Service Sports S\u2019abonner Contribuer R\u00e9utiliser ce contenu\",\"breadcrumb\":{\"@id\":\"https:\/\/vof-news.eu\/fr\/tour-de-france-2025-le-resume-de-la-victoire-de-mathieu-van-der-poel-au-sprint-lors-de-la-deuxieme-etape\/#breadcrumb\"},\"inLanguage\":\"fr-FR\",\"potentialAction\":[{\"@type\":\"ReadAction\",\"target\":[\"https:\/\/vof-news.eu\/fr\/tour-de-france-2025-le-resume-de-la-victoire-de-mathieu-van-der-poel-au-sprint-lors-de-la-deuxieme-etape\/\"]}]},{\"@type\":\"ImageObject\",\"inLanguage\":\"fr-FR\",\"@id\":\"https:\/\/vof-news.eu\/fr\/tour-de-france-2025-le-resume-de-la-victoire-de-mathieu-van-der-poel-au-sprint-lors-de-la-deuxieme-etape\/#primaryimage\",\"url\":\"https:\/\/vof-news.eu\/wp-content\/uploads\/2025\/07\/eea6b3b_ftp-import-images-1-ffxo76a8yojj-5343483-01-06.jpg\",\"contentUrl\":\"https:\/\/vof-news.eu\/wp-content\/uploads\/2025\/07\/eea6b3b_ftp-import-images-1-ffxo76a8yojj-5343483-01-06.jpg\",\"width\":664,\"height\":443},{\"@type\":\"BreadcrumbList\",\"@id\":\"https:\/\/vof-news.eu\/fr\/tour-de-france-2025-le-resume-de-la-victoire-de-mathieu-van-der-poel-au-sprint-lors-de-la-deuxieme-etape\/#breadcrumb\",\"itemListElement\":[{\"@type\":\"ListItem\",\"position\":1,\"name\":\"Home\",\"item\":\"https:\/\/vof-news.eu\/fr\/\"},{\"@type\":\"ListItem\",\"position\":2,\"name\":\"Tour de France 2025\u00a0: le r\u00e9sum\u00e9 de la victoire de Mathieu van der Poel au sprint lors de la deuxi\u00e8me \u00e9tape\"}]},{\"@type\":\"WebSite\",\"@id\":\"https:\/\/vof-news.eu\/fr\/#website\",\"url\":\"https:\/\/vof-news.eu\/fr\/\",\"name\":\"vof-news.eu\",\"description\":\"\",\"potentialAction\":[{\"@type\":\"SearchAction\",\"target\":{\"@type\":\"EntryPoint\",\"urlTemplate\":\"https:\/\/vof-news.eu\/fr\/?s={search_term_string}\"},\"query-input\":\"required name=search_term_string\"}],\"inLanguage\":\"fr-FR\"},{\"@type\":\"Person\",\"@id\":\"https:\/\/vof-news.eu\/fr\/#\/schema\/person\/f6a2a4309f0561835797fd8c19b333ed\",\"name\":\"Author\",\"image\":{\"@type\":\"ImageObject\",\"inLanguage\":\"fr-FR\",\"@id\":\"https:\/\/vof-news.eu\/fr\/#\/schema\/person\/image\/\",\"url\":\"https:\/\/secure.gravatar.com\/avatar\/b67e614b1b25b3e9c0c239efdd2fde5ab015b5affd6f1c3c85911ca4b384e790?s=96&d=mm&r=g\",\"contentUrl\":\"https:\/\/secure.gravatar.com\/avatar\/b67e614b1b25b3e9c0c239efdd2fde5ab015b5affd6f1c3c85911ca4b384e790?s=96&d=mm&r=g\",\"caption\":\"Author\"},\"sameAs\":[\"http:\/\/vof-news.eu\"],\"url\":\"https:\/\/vof-news.eu\/fr\/author\/zwt6qxnjulxbnyg\/\"}]}<\/script>\n<!-- \/ Yoast SEO plugin. -->","yoast_head_json":{"title":"Tour de France 2025\u00a0: le r\u00e9sum\u00e9 de la victoire de Mathieu van der Poel au sprint lors de la deuxi\u00e8me \u00e9tape - vof-news.eu","description":"Apr\u00e8s 209,1\u00a0km \u00e0 travers les Hauts-de-France, entre pluie et \u00e9claircies, la plus longue \u00e9tape de cette 112e \u00e9dition du Tour de France s\u2019est r\u00e9gl\u00e9e au sprint, dans un final entre favoris. A Boulogne-sur-Mer (Pas-de-Calais), l\u2019air marin a r\u00e9ussi \u00e0 Mathieu van der Poel (Alpecin-Deceuninck) qui d\u00e9croche \u00e0 30\u00a0ans sa deuxi\u00e8me victoire d\u2019\u00e9tape dans le Tour, apr\u00e8s celle de Mur-de-Bretagne en\u00a02021. Le N\u00e9erlandais a devanc\u00e9 les deux derniers vainqueurs du Tour, Tadej Pogacar (UAE Team Emirates-XRG) et Jonas Vingegaard (Visma-Lease a Bike), pour se parer du maillot jaune \u2013 offrant un deuxi\u00e8me succ\u00e8s en deux jours \u00e0 la formation Alpecin-Deceuninck. Son co\u00e9quipier Jasper Philipsen, vainqueur la veille \u00e0 Lille, a franchi la ligne \u00e0 plus de 30 secondes.   Ce qu\u2019il faut retenir Le cador\u00a0: Mathieu van der Poel. Qui d\u2019autre que Mathieu van der Poel pour postuler au titre de \u00ab\u00a0MVP\u00a0\u00bb (\u00ab\u00a0Most valuable player\u00a0\u00bb, meilleur coureur)\u00a0? Le N\u00e9erlandais s\u2019est montr\u00e9 le plus fort au sprint au sein d\u2019un groupe d\u2019une vingtaine de coureurs, comprenant Pogacar et Vingegaard. Pluie, c\u00f4tes et bagarre\u00a0: il y avait comme un air de d\u00e9j\u00e0-vu pour le champion du monde de cyclocross \u2013 209\u00a0km en plus. Le fil de l\u2019\u00e9tape\u00a0: Il y a eu deux courses pour le prix d\u2019une entre Lauwin-Planque (Nord) et Boulogne-sur-Mer dimanche. Pendant plusieurs heures, la deuxi\u00e8me \u00e9tape du Tour de France a ressembl\u00e9 \u00e0 tant d\u2019autres avant elle, avec quatre \u00e9chapp\u00e9s lanc\u00e9s dans une mission impossible \u00e0 l\u2019avant. Finalement, et comme attendu, Yevgeniy Fedorov (XDS-Astana), Andreas Leknessund (Uno-X Mobility), Brent Van Moer (Lotto) et Bruno Armirail (Decathlon-AG2R La Mondiale) ont \u00e9t\u00e9 repris \u00e0 50\u00a0kilom\u00e8tres de l\u2019arriv\u00e9e. Apr\u00e8s quelques kilom\u00e8tres de transition, l\u2019\u00e9tape a ensuite pris une nouvelle dimension au pied de la premi\u00e8re difficult\u00e9 du jour, la c\u00f4te de Cavron-Saint-Martin (1,1\u00a0kilom\u00e8tre \u00e0 5,9\u00a0%). Une brusque acc\u00e9l\u00e9ration a mis dans le rouge bon nombre de sprinteurs, incapables de suivre le rythme et de postuler \u00e0 la victoire. Toujours aux avant-postes, Mathieu van der Poel n\u2019a, lui, jamais montr\u00e9 de signes de faiblesses, a contr\u00f4l\u00e9 les attaques dans les derniers kilom\u00e8tres jusqu\u2019\u00e0 s\u2019imposer au sprint devant Tadej Pogacar. La phrase\u00a0: Julian Alaphilippe, au micro d\u2019Eurosport. Absent du Tour de France l\u2019an dernier, le coureur de l\u2019\u00e9quipe Tudor a \u00e9t\u00e9 le premier \u00e0 lancer le sprint dans le dernier kilom\u00e8tre, mais n\u2019a pas r\u00e9sist\u00e9 au retour des cadors du Tour. Le chiffre\u00a0: 2 Comme le nombre de victoires de Mathieu van der Poel sur le Tour de France, \u00e0 chaque fois sur la\u2026. deuxi\u00e8me \u00e9tape. Un chiffre \u00e9tonnamment faible pour un coureur de ce standing, notamment triple vainqueur sur Paris-Roubaix. Le N\u00e9erlandais offre \u00e0 Alpecin-Deceuninck une deuxi\u00e8me victoire en\u2026 deux jours et se pare du maillot jaune pour la deuxi\u00e8me fois. Bref, d\u2019une pierre deux coups\u00a0!   Le tournant de la journ\u00e9e\u00a0: A 10\u00a0kilom\u00e8tres de l\u2019arriv\u00e9e, la c\u00f4te de Saint-Etienne-au-Mont (1\u00a0kilom\u00e8tre \u00e0 10,6\u00a0%) puis celle d\u2019Outreau (800\u00a0m\u00e8tres \u00e0 8,8\u00a0%) ressemblaient au dernier obstacle \u00e0 passer pour les pr\u00e9tendants \u00e0 la victoire. Pas le plus l\u00e9ger du peloton, Mathieu van der Poel n\u2019a pourtant jamais quitt\u00e9 la roue des Tadej Pogacar et Jonas Vingegaard, pour les battre ensuite au sprint. La note\u00a0: B Une premi\u00e8re partie d\u2019\u00e9tape un brin ennuyante, puis un petit feu d\u2019artifice pour terminer\u00a0et du suspense\u00a0: nous accordons donc la note de \u00ab\u00a0B\u00a0\u00bb \u00e0 cette \u00e9tape dans notre syst\u00e8me de notation. Le classement g\u00e9n\u00e9ral\u00a0: Mathieu van der Poel (Alpecin-Deceuninck) en 8\u00a0h\u00a038\u00a0min 42Tadej Pogacar (UAE Team Emirates-XRG) \u00e0 4\u00a0sJonas Vingegaard (Visma-Lease a Bike) \u00e0 6\u00a0sK\u00e9vin Vauquelin (Ark\u00e9a-B &amp;\u00a0B Hotels) \u00e0 10\u00a0sMatteo Jorgenson (Visma-Lease a Bike) \u00e0 10\u00a0sEnric Mas (Movistar) \u00e0 10\u00a0sJasper Philipsen (Alpecin-Deceuninck) \u00e0 31\u00a0sJoseph Blackmore (Israel-Premier Tech) \u00e0 41\u00a0sTobias Halland Johannessen (Uno-X Mobility) \u00e0 41\u00a0sBen O\u2019Connor (Jayco AlUla) \u00e0 41\u00a0s Le maillot jaune\u00a0: Mathieu van der Poel (Alpecin-Deceuninck)Le maillot \u00e0 pois\u00a0: Tadej Pogacar (UAE Team Emirates-XRG)Le maillot blanc\u00a0: K\u00e9vin Vauquelin (Ark\u00e9a-B &amp;\u00a0B Hotels)Le maillot vert\u00a0: Jasper Philipsen (Alpecin-Deceuninck)Le prix de la combativit\u00e9\u00a0: Bruno Armirail (Decathlon-AG2R La Mondiale)L\u2019image du jour\u00a0:   Service Sports      S\u2019abonner   Contribuer R\u00e9utiliser ce contenu","robots":{"index":"noindex","follow":"follow","max-snippet":"max-snippet:-1","max-image-preview":"max-image-preview:large","max-video-preview":"max-video-preview:-1"},"og_locale":"fr_FR","og_type":"article","og_title":"Tour de France 2025\u00a0: le r\u00e9sum\u00e9 de la victoire de Mathieu van der Poel au sprint lors de la deuxi\u00e8me \u00e9tape - vof-news.eu","og_description":"Apr\u00e8s 209,1\u00a0km \u00e0 travers les Hauts-de-France, entre pluie et \u00e9claircies, la plus longue \u00e9tape de cette 112e \u00e9dition du Tour de France s\u2019est r\u00e9gl\u00e9e au sprint, dans un final entre favoris. A Boulogne-sur-Mer (Pas-de-Calais), l\u2019air marin a r\u00e9ussi \u00e0 Mathieu van der Poel (Alpecin-Deceuninck) qui d\u00e9croche \u00e0 30\u00a0ans sa deuxi\u00e8me victoire d\u2019\u00e9tape dans le Tour, apr\u00e8s celle de Mur-de-Bretagne en\u00a02021. Le N\u00e9erlandais a devanc\u00e9 les deux derniers vainqueurs du Tour, Tadej Pogacar (UAE Team Emirates-XRG) et Jonas Vingegaard (Visma-Lease a Bike), pour se parer du maillot jaune \u2013 offrant un deuxi\u00e8me succ\u00e8s en deux jours \u00e0 la formation Alpecin-Deceuninck. Son co\u00e9quipier Jasper Philipsen, vainqueur la veille \u00e0 Lille, a franchi la ligne \u00e0 plus de 30 secondes.   Ce qu\u2019il faut retenir Le cador\u00a0: Mathieu van der Poel. Qui d\u2019autre que Mathieu van der Poel pour postuler au titre de \u00ab\u00a0MVP\u00a0\u00bb (\u00ab\u00a0Most valuable player\u00a0\u00bb, meilleur coureur)\u00a0? Le N\u00e9erlandais s\u2019est montr\u00e9 le plus fort au sprint au sein d\u2019un groupe d\u2019une vingtaine de coureurs, comprenant Pogacar et Vingegaard. Pluie, c\u00f4tes et bagarre\u00a0: il y avait comme un air de d\u00e9j\u00e0-vu pour le champion du monde de cyclocross \u2013 209\u00a0km en plus. Le fil de l\u2019\u00e9tape\u00a0: Il y a eu deux courses pour le prix d\u2019une entre Lauwin-Planque (Nord) et Boulogne-sur-Mer dimanche. Pendant plusieurs heures, la deuxi\u00e8me \u00e9tape du Tour de France a ressembl\u00e9 \u00e0 tant d\u2019autres avant elle, avec quatre \u00e9chapp\u00e9s lanc\u00e9s dans une mission impossible \u00e0 l\u2019avant. Finalement, et comme attendu, Yevgeniy Fedorov (XDS-Astana), Andreas Leknessund (Uno-X Mobility), Brent Van Moer (Lotto) et Bruno Armirail (Decathlon-AG2R La Mondiale) ont \u00e9t\u00e9 repris \u00e0 50\u00a0kilom\u00e8tres de l\u2019arriv\u00e9e. Apr\u00e8s quelques kilom\u00e8tres de transition, l\u2019\u00e9tape a ensuite pris une nouvelle dimension au pied de la premi\u00e8re difficult\u00e9 du jour, la c\u00f4te de Cavron-Saint-Martin (1,1\u00a0kilom\u00e8tre \u00e0 5,9\u00a0%). Une brusque acc\u00e9l\u00e9ration a mis dans le rouge bon nombre de sprinteurs, incapables de suivre le rythme et de postuler \u00e0 la victoire. Toujours aux avant-postes, Mathieu van der Poel n\u2019a, lui, jamais montr\u00e9 de signes de faiblesses, a contr\u00f4l\u00e9 les attaques dans les derniers kilom\u00e8tres jusqu\u2019\u00e0 s\u2019imposer au sprint devant Tadej Pogacar. La phrase\u00a0: Julian Alaphilippe, au micro d\u2019Eurosport. Absent du Tour de France l\u2019an dernier, le coureur de l\u2019\u00e9quipe Tudor a \u00e9t\u00e9 le premier \u00e0 lancer le sprint dans le dernier kilom\u00e8tre, mais n\u2019a pas r\u00e9sist\u00e9 au retour des cadors du Tour. Le chiffre\u00a0: 2 Comme le nombre de victoires de Mathieu van der Poel sur le Tour de France, \u00e0 chaque fois sur la\u2026. deuxi\u00e8me \u00e9tape. Un chiffre \u00e9tonnamment faible pour un coureur de ce standing, notamment triple vainqueur sur Paris-Roubaix. Le N\u00e9erlandais offre \u00e0 Alpecin-Deceuninck une deuxi\u00e8me victoire en\u2026 deux jours et se pare du maillot jaune pour la deuxi\u00e8me fois. Bref, d\u2019une pierre deux coups\u00a0!   Le tournant de la journ\u00e9e\u00a0: A 10\u00a0kilom\u00e8tres de l\u2019arriv\u00e9e, la c\u00f4te de Saint-Etienne-au-Mont (1\u00a0kilom\u00e8tre \u00e0 10,6\u00a0%) puis celle d\u2019Outreau (800\u00a0m\u00e8tres \u00e0 8,8\u00a0%) ressemblaient au dernier obstacle \u00e0 passer pour les pr\u00e9tendants \u00e0 la victoire. Pas le plus l\u00e9ger du peloton, Mathieu van der Poel n\u2019a pourtant jamais quitt\u00e9 la roue des Tadej Pogacar et Jonas Vingegaard, pour les battre ensuite au sprint. La note\u00a0: B Une premi\u00e8re partie d\u2019\u00e9tape un brin ennuyante, puis un petit feu d\u2019artifice pour terminer\u00a0et du suspense\u00a0: nous accordons donc la note de \u00ab\u00a0B\u00a0\u00bb \u00e0 cette \u00e9tape dans notre syst\u00e8me de notation. Le classement g\u00e9n\u00e9ral\u00a0: Mathieu van der Poel (Alpecin-Deceuninck) en 8\u00a0h\u00a038\u00a0min 42Tadej Pogacar (UAE Team Emirates-XRG) \u00e0 4\u00a0sJonas Vingegaard (Visma-Lease a Bike) \u00e0 6\u00a0sK\u00e9vin Vauquelin (Ark\u00e9a-B &amp;\u00a0B Hotels) \u00e0 10\u00a0sMatteo Jorgenson (Visma-Lease a Bike) \u00e0 10\u00a0sEnric Mas (Movistar) \u00e0 10\u00a0sJasper Philipsen (Alpecin-Deceuninck) \u00e0 31\u00a0sJoseph Blackmore (Israel-Premier Tech) \u00e0 41\u00a0sTobias Halland Johannessen (Uno-X Mobility) \u00e0 41\u00a0sBen O\u2019Connor (Jayco AlUla) \u00e0 41\u00a0s Le maillot jaune\u00a0: Mathieu van der Poel (Alpecin-Deceuninck)Le maillot \u00e0 pois\u00a0: Tadej Pogacar (UAE Team Emirates-XRG)Le maillot blanc\u00a0: K\u00e9vin Vauquelin (Ark\u00e9a-B &amp;\u00a0B Hotels)Le maillot vert\u00a0: Jasper Philipsen (Alpecin-Deceuninck)Le prix de la combativit\u00e9\u00a0: Bruno Armirail (Decathlon-AG2R La Mondiale)L\u2019image du jour\u00a0:   Service Sports      S\u2019abonner   Contribuer R\u00e9utiliser ce contenu","og_url":"https:\/\/vof-news.eu\/fr\/tour-de-france-2025-le-resume-de-la-victoire-de-mathieu-van-der-poel-au-sprint-lors-de-la-deuxieme-etape\/","og_site_name":"vof-news.eu","article_published_time":"2025-07-06T18:32:46+00:00","article_modified_time":"2025-07-06T18:33:10+00:00","og_image":[{"width":664,"height":443,"url":"https:\/\/vof-news.eu\/wp-content\/uploads\/2025\/07\/eea6b3b_ftp-import-images-1-ffxo76a8yojj-5343483-01-06.jpg","type":"image\/jpeg"}],"author":"Author","twitter_card":"summary_large_image","twitter_misc":{"\u00c9crit par":"Author","Dur\u00e9e de lecture estim\u00e9e":"4 minutes"},"schema":{"@context":"https:\/\/schema.org","@graph":[{"@type":"WebPage","@id":"https:\/\/vof-news.eu\/fr\/tour-de-france-2025-le-resume-de-la-victoire-de-mathieu-van-der-poel-au-sprint-lors-de-la-deuxieme-etape\/","url":"https:\/\/vof-news.eu\/fr\/tour-de-france-2025-le-resume-de-la-victoire-de-mathieu-van-der-poel-au-sprint-lors-de-la-deuxieme-etape\/","name":"Tour de France 2025\u00a0: le r\u00e9sum\u00e9 de la victoire de Mathieu van der Poel au sprint lors de la deuxi\u00e8me \u00e9tape - vof-news.eu","isPartOf":{"@id":"https:\/\/vof-news.eu\/fr\/#website"},"primaryImageOfPage":{"@id":"https:\/\/vof-news.eu\/fr\/tour-de-france-2025-le-resume-de-la-victoire-de-mathieu-van-der-poel-au-sprint-lors-de-la-deuxieme-etape\/#primaryimage"},"image":{"@id":"https:\/\/vof-news.eu\/fr\/tour-de-france-2025-le-resume-de-la-victoire-de-mathieu-van-der-poel-au-sprint-lors-de-la-deuxieme-etape\/#primaryimage"},"thumbnailUrl":"https:\/\/vof-news.eu\/wp-content\/uploads\/2025\/07\/eea6b3b_ftp-import-images-1-ffxo76a8yojj-5343483-01-06.jpg","datePublished":"2025-07-06T18:32:46+00:00","dateModified":"2025-07-06T18:33:10+00:00","author":{"@id":"https:\/\/vof-news.eu\/fr\/#\/schema\/person\/f6a2a4309f0561835797fd8c19b333ed"},"description":"Apr\u00e8s 209,1\u00a0km \u00e0 travers les Hauts-de-France, entre pluie et \u00e9claircies, la plus longue \u00e9tape de cette 112e \u00e9dition du Tour de France s\u2019est r\u00e9gl\u00e9e au sprint, dans un final entre favoris. A Boulogne-sur-Mer (Pas-de-Calais), l\u2019air marin a r\u00e9ussi \u00e0 Mathieu van der Poel (Alpecin-Deceuninck) qui d\u00e9croche \u00e0 30\u00a0ans sa deuxi\u00e8me victoire d\u2019\u00e9tape dans le Tour, apr\u00e8s celle de Mur-de-Bretagne en\u00a02021. Le N\u00e9erlandais a devanc\u00e9 les deux derniers vainqueurs du Tour, Tadej Pogacar (UAE Team Emirates-XRG) et Jonas Vingegaard (Visma-Lease a Bike), pour se parer du maillot jaune \u2013 offrant un deuxi\u00e8me succ\u00e8s en deux jours \u00e0 la formation Alpecin-Deceuninck. Son co\u00e9quipier Jasper Philipsen, vainqueur la veille \u00e0 Lille, a franchi la ligne \u00e0 plus de 30 secondes. Ce qu\u2019il faut retenir Le cador\u00a0: Mathieu van der Poel. Qui d\u2019autre que Mathieu van der Poel pour postuler au titre de \u00ab\u00a0MVP\u00a0\u00bb (\u00ab\u00a0Most valuable player\u00a0\u00bb, meilleur coureur)\u00a0? Le N\u00e9erlandais s\u2019est montr\u00e9 le plus fort au sprint au sein d\u2019un groupe d\u2019une vingtaine de coureurs, comprenant Pogacar et Vingegaard. Pluie, c\u00f4tes et bagarre\u00a0: il y avait comme un air de d\u00e9j\u00e0-vu pour le champion du monde de cyclocross \u2013 209\u00a0km en plus. Le fil de l\u2019\u00e9tape\u00a0: Il y a eu deux courses pour le prix d\u2019une entre Lauwin-Planque (Nord) et Boulogne-sur-Mer dimanche. Pendant plusieurs heures, la deuxi\u00e8me \u00e9tape du Tour de France a ressembl\u00e9 \u00e0 tant d\u2019autres avant elle, avec quatre \u00e9chapp\u00e9s lanc\u00e9s dans une mission impossible \u00e0 l\u2019avant. Finalement, et comme attendu, Yevgeniy Fedorov (XDS-Astana), Andreas Leknessund (Uno-X Mobility), Brent Van Moer (Lotto) et Bruno Armirail (Decathlon-AG2R La Mondiale) ont \u00e9t\u00e9 repris \u00e0 50\u00a0kilom\u00e8tres de l\u2019arriv\u00e9e. Apr\u00e8s quelques kilom\u00e8tres de transition, l\u2019\u00e9tape a ensuite pris une nouvelle dimension au pied de la premi\u00e8re difficult\u00e9 du jour, la c\u00f4te de Cavron-Saint-Martin (1,1\u00a0kilom\u00e8tre \u00e0 5,9\u00a0%). Une brusque acc\u00e9l\u00e9ration a mis dans le rouge bon nombre de sprinteurs, incapables de suivre le rythme et de postuler \u00e0 la victoire. Toujours aux avant-postes, Mathieu van der Poel n\u2019a, lui, jamais montr\u00e9 de signes de faiblesses, a contr\u00f4l\u00e9 les attaques dans les derniers kilom\u00e8tres jusqu\u2019\u00e0 s\u2019imposer au sprint devant Tadej Pogacar. La phrase\u00a0: Julian Alaphilippe, au micro d\u2019Eurosport. Absent du Tour de France l\u2019an dernier, le coureur de l\u2019\u00e9quipe Tudor a \u00e9t\u00e9 le premier \u00e0 lancer le sprint dans le dernier kilom\u00e8tre, mais n\u2019a pas r\u00e9sist\u00e9 au retour des cadors du Tour. Le chiffre\u00a0: 2 Comme le nombre de victoires de Mathieu van der Poel sur le Tour de France, \u00e0 chaque fois sur la\u2026. deuxi\u00e8me \u00e9tape. Un chiffre \u00e9tonnamment faible pour un coureur de ce standing, notamment triple vainqueur sur Paris-Roubaix. Le N\u00e9erlandais offre \u00e0 Alpecin-Deceuninck une deuxi\u00e8me victoire en\u2026 deux jours et se pare du maillot jaune pour la deuxi\u00e8me fois. Bref, d\u2019une pierre deux coups\u00a0! Le tournant de la journ\u00e9e\u00a0: A 10\u00a0kilom\u00e8tres de l\u2019arriv\u00e9e, la c\u00f4te de Saint-Etienne-au-Mont (1\u00a0kilom\u00e8tre \u00e0 10,6\u00a0%) puis celle d\u2019Outreau (800\u00a0m\u00e8tres \u00e0 8,8\u00a0%) ressemblaient au dernier obstacle \u00e0 passer pour les pr\u00e9tendants \u00e0 la victoire. Pas le plus l\u00e9ger du peloton, Mathieu van der Poel n\u2019a pourtant jamais quitt\u00e9 la roue des Tadej Pogacar et Jonas Vingegaard, pour les battre ensuite au sprint. La note\u00a0: B Une premi\u00e8re partie d\u2019\u00e9tape un brin ennuyante, puis un petit feu d\u2019artifice pour terminer\u00a0et du suspense\u00a0: nous accordons donc la note de \u00ab\u00a0B\u00a0\u00bb \u00e0 cette \u00e9tape dans notre syst\u00e8me de notation. Le classement g\u00e9n\u00e9ral\u00a0: Mathieu van der Poel (Alpecin-Deceuninck) en 8\u00a0h\u00a038\u00a0min 42Tadej Pogacar (UAE Team Emirates-XRG) \u00e0 4\u00a0sJonas Vingegaard (Visma-Lease a Bike) \u00e0 6\u00a0sK\u00e9vin Vauquelin (Ark\u00e9a-B &amp;\u00a0B Hotels) \u00e0 10\u00a0sMatteo Jorgenson (Visma-Lease a Bike) \u00e0 10\u00a0sEnric Mas (Movistar) \u00e0 10\u00a0sJasper Philipsen (Alpecin-Deceuninck) \u00e0 31\u00a0sJoseph Blackmore (Israel-Premier Tech) \u00e0 41\u00a0sTobias Halland Johannessen (Uno-X Mobility) \u00e0 41\u00a0sBen O\u2019Connor (Jayco AlUla) \u00e0 41\u00a0s Le maillot jaune\u00a0: Mathieu van der Poel (Alpecin-Deceuninck)Le maillot \u00e0 pois\u00a0: Tadej Pogacar (UAE Team Emirates-XRG)Le maillot blanc\u00a0: K\u00e9vin Vauquelin (Ark\u00e9a-B &amp;\u00a0B Hotels)Le maillot vert\u00a0: Jasper Philipsen (Alpecin-Deceuninck)Le prix de la combativit\u00e9\u00a0: Bruno Armirail (Decathlon-AG2R La Mondiale)L\u2019image du jour\u00a0: Service Sports S\u2019abonner Contribuer R\u00e9utiliser ce contenu","breadcrumb":{"@id":"https:\/\/vof-news.eu\/fr\/tour-de-france-2025-le-resume-de-la-victoire-de-mathieu-van-der-poel-au-sprint-lors-de-la-deuxieme-etape\/#breadcrumb"},"inLanguage":"fr-FR","potentialAction":[{"@type":"ReadAction","target":["https:\/\/vof-news.eu\/fr\/tour-de-france-2025-le-resume-de-la-victoire-de-mathieu-van-der-poel-au-sprint-lors-de-la-deuxieme-etape\/"]}]},{"@type":"ImageObject","inLanguage":"fr-FR","@id":"https:\/\/vof-news.eu\/fr\/tour-de-france-2025-le-resume-de-la-victoire-de-mathieu-van-der-poel-au-sprint-lors-de-la-deuxieme-etape\/#primaryimage","url":"https:\/\/vof-news.eu\/wp-content\/uploads\/2025\/07\/eea6b3b_ftp-import-images-1-ffxo76a8yojj-5343483-01-06.jpg","contentUrl":"https:\/\/vof-news.eu\/wp-content\/uploads\/2025\/07\/eea6b3b_ftp-import-images-1-ffxo76a8yojj-5343483-01-06.jpg","width":664,"height":443},{"@type":"BreadcrumbList","@id":"https:\/\/vof-news.eu\/fr\/tour-de-france-2025-le-resume-de-la-victoire-de-mathieu-van-der-poel-au-sprint-lors-de-la-deuxieme-etape\/#breadcrumb","itemListElement":[{"@type":"ListItem","position":1,"name":"Home","item":"https:\/\/vof-news.eu\/fr\/"},{"@type":"ListItem","position":2,"name":"Tour de France 2025\u00a0: le r\u00e9sum\u00e9 de la victoire de Mathieu van der Poel au sprint lors de la deuxi\u00e8me \u00e9tape"}]},{"@type":"WebSite","@id":"https:\/\/vof-news.eu\/fr\/#website","url":"https:\/\/vof-news.eu\/fr\/","name":"vof-news.eu","description":"","potentialAction":[{"@type":"SearchAction","target":{"@type":"EntryPoint","urlTemplate":"https:\/\/vof-news.eu\/fr\/?s={search_term_string}"},"query-input":"required name=search_term_string"}],"inLanguage":"fr-FR"},{"@type":"Person","@id":"https:\/\/vof-news.eu\/fr\/#\/schema\/person\/f6a2a4309f0561835797fd8c19b333ed","name":"Author","image":{"@type":"ImageObject","inLanguage":"fr-FR","@id":"https:\/\/vof-news.eu\/fr\/#\/schema\/person\/image\/","url":"https:\/\/secure.gravatar.com\/avatar\/b67e614b1b25b3e9c0c239efdd2fde5ab015b5affd6f1c3c85911ca4b384e790?s=96&d=mm&r=g","contentUrl":"https:\/\/secure.gravatar.com\/avatar\/b67e614b1b25b3e9c0c239efdd2fde5ab015b5affd6f1c3c85911ca4b384e790?s=96&d=mm&r=g","caption":"Author"},"sameAs":["http:\/\/vof-news.eu"],"url":"https:\/\/vof-news.eu\/fr\/author\/zwt6qxnjulxbnyg\/"}]}},"yoast_meta":{"yoast_wpseo_title":"","yoast_wpseo_metadesc":"","yoast_wpseo_canonical":""},"_links":{"self":[{"href":"https:\/\/vof-news.eu\/fr\/wp-json\/wp\/v2\/posts\/248435","targetHints":{"allow":["GET"]}}],"collection":[{"href":"https:\/\/vof-news.eu\/fr\/wp-json\/wp\/v2\/posts"}],"about":[{"href":"https:\/\/vof-news.eu\/fr\/wp-json\/wp\/v2\/types\/post"}],"author":[{"embeddable":true,"href":"https:\/\/vof-news.eu\/fr\/wp-json\/wp\/v2\/users\/1"}],"replies":[{"embeddable":true,"href":"https:\/\/vof-news.eu\/fr\/wp-json\/wp\/v2\/comments?post=248435"}],"version-history":[{"count":1,"href":"https:\/\/vof-news.eu\/fr\/wp-json\/wp\/v2\/posts\/248435\/revisions"}],"predecessor-version":[{"id":248442,"href":"https:\/\/vof-news.eu\/fr\/wp-json\/wp\/v2\/posts\/248435\/revisions\/248442"}],"wp:featuredmedia":[{"embeddable":true,"href":"https:\/\/vof-news.eu\/fr\/wp-json\/wp\/v2\/media\/248436"}],"wp:attachment":[{"href":"https:\/\/vof-news.eu\/fr\/wp-json\/wp\/v2\/media?parent=248435"}],"wp:term":[{"taxonomy":"category","embeddable":true,"href":"https:\/\/vof-news.eu\/fr\/wp-json\/wp\/v2\/categories?post=248435"},{"taxonomy":"post_tag","embeddable":true,"href":"https:\/\/vof-news.eu\/fr\/wp-json\/wp\/v2\/tags?post=248435"}],"curies":[{"name":"wp","href":"https:\/\/api.w.org\/{rel}","templated":true}]}}