{"id":248411,"date":"2025-07-06T21:30:11","date_gmt":"2025-07-06T18:30:11","guid":{"rendered":"https:\/\/vof-news.eu\/a-la-convention-citoyenne-sur-les-temps-de-lenfant-le-vertige-des-participants-changer-les-rythmes-ca-va-bouleverser-notre-economie\/"},"modified":"2025-07-06T21:30:31","modified_gmt":"2025-07-06T18:30:31","slug":"a-la-convention-citoyenne-sur-les-temps-de-lenfant-le-vertige-des-participants-changer-les-rythmes-ca-va-bouleverser-notre-economie","status":"publish","type":"post","link":"https:\/\/vof-news.eu\/fr\/a-la-convention-citoyenne-sur-les-temps-de-lenfant-le-vertige-des-participants-changer-les-rythmes-ca-va-bouleverser-notre-economie\/","title":{"rendered":"A la convention citoyenne sur les temps de l\u2019enfant, le vertige des participants\u00a0: \u00ab\u00a0Changer les rythmes, \u00e7a va bouleverser notre \u00e9conomie\u00a0\u00bb"},"content":{"rendered":"<article>\n<p>Sur quoi va plancher la convention citoyenne sur les temps de l\u2019enfant, lanc\u00e9e le 20\u00a0juin, qui vient d\u2019achever son deuxi\u00e8me week-end de travail, dimanche 6\u00a0juillet\u00a0? Le dispositif, voulu par le pr\u00e9sident de la R\u00e9publique, Emmanuel Macron, recouvre un sujet tr\u00e8s vaste, qui touche aux rythmes scolaires et au temps d\u2019\u00e9cran, au sommeil et aux transports, \u00e0 la cantine et \u00e0 la lutte contre le harc\u00e8lement. Pour d\u00e9terminer de quoi il va \u00eatre r\u00e9ellement question, les 140\u00a0citoyens tir\u00e9s au sort se sont r\u00e9unis deux fois trois jours au Palais d\u2019I\u00e9na sous l\u2019\u00e9gide du Conseil \u00e9conomique, social et environnemental (CESE)\u00a0: ces week-ends dits \u00ab\u00a0d\u2019acculturation\u00a0\u00bb, devaient permettre d\u2019identifier les sujets \u00e0 approfondir avant le deuxi\u00e8me temps, qui s\u2019ouvrira en septembre\u00a0: la phase de d\u00e9lib\u00e9ration.<\/p>\n<section>   <\/section>\n<p>Au total, 42\u00a0sujets ont \u00e9t\u00e9 identifi\u00e9s, regroup\u00e9s en neuf th\u00e9matiques. Les citoyens approfondiront les questions de la \u00ab\u00a0coordination entre les acteurs des temps de l\u2019enfant\u00a0\u00bb, des \u00ab\u00a0rythmes et temps scolaires\u00a0\u00bb, de la \u00ab\u00a0compl\u00e9mentarit\u00e9 des temps\u00a0et de la diversit\u00e9 des apprentissages\u00a0\u00bb, du \u00ab\u00a0temps des parents et la parentalit\u00e9\u00a0\u00bb, des \u00ab\u00a0\u00e9crans et du num\u00e9rique\u00a0\u00bb. Ces grands th\u00e8mes sont travers\u00e9s par quatre enjeux, des sujets si structurants qu\u2019on les retrouve partout\u00a0: le handicap, les in\u00e9galit\u00e9s sociales et territoriales, la sant\u00e9, la violence et le harc\u00e8lement.<\/p>\n<p><strong>Il vous reste 82.79% de cet article \u00e0 lire. La suite est r\u00e9serv\u00e9e aux abonn\u00e9s.<\/strong><\/p>\n<\/article>\n","protected":false},"excerpt":{"rendered":"<p>Sur quoi va plancher la convention citoyenne sur les temps de l\u2019enfant, lanc\u00e9e le 20\u00a0juin, qui vient d\u2019achever son deuxi\u00e8me week-end de travail, dimanche 6\u00a0juillet\u00a0? Le dispositif, voulu par le pr\u00e9sident de la R\u00e9publique, Emmanuel Macron, recouvre un sujet tr\u00e8s vaste, qui touche aux rythmes scolaires et au temps d\u2019\u00e9cran, au sommeil et aux transports,<\/p>\n","protected":false},"author":1,"featured_media":248412,"comment_status":"open","ping_status":"open","sticky":false,"template":"","format":"standard","meta":{"footnotes":""},"categories":[53],"tags":[],"class_list":["post-248411","post","type-post","status-publish","format-standard","has-post-thumbnail","hentry","category-main-news-fr"],"acf":[],"yoast_head":"<!-- This site is optimized with the Yoast SEO plugin v22.9 - https:\/\/yoast.com\/wordpress\/plugins\/seo\/ -->\n<title>A la convention citoyenne sur les temps de l\u2019enfant, le vertige des participants\u00a0: \u00ab\u00a0Changer les rythmes, \u00e7a va bouleverser notre \u00e9conomie\u00a0\u00bb - vof-news.eu<\/title>\n<meta name=\"description\" content=\"Sur quoi va plancher la convention citoyenne sur les temps de l\u2019enfant, lanc\u00e9e le 20\u00a0juin, qui vient d\u2019achever son deuxi\u00e8me week-end de travail, dimanche 6\u00a0juillet\u00a0? Le dispositif, voulu par le pr\u00e9sident de la R\u00e9publique, Emmanuel Macron, recouvre un sujet tr\u00e8s vaste, qui touche aux rythmes scolaires et au temps d\u2019\u00e9cran, au sommeil et aux transports, \u00e0 la cantine et \u00e0 la lutte contre le harc\u00e8lement. Pour d\u00e9terminer de quoi il va \u00eatre r\u00e9ellement question, les 140\u00a0citoyens tir\u00e9s au sort se sont r\u00e9unis deux fois trois jours au Palais d\u2019I\u00e9na sous l\u2019\u00e9gide du Conseil \u00e9conomique, social et environnemental (CESE)\u00a0: ces week-ends dits \u00ab\u00a0d\u2019acculturation\u00a0\u00bb, devaient permettre d\u2019identifier les sujets \u00e0 approfondir avant le deuxi\u00e8me temps, qui s\u2019ouvrira en septembre\u00a0: la phase de d\u00e9lib\u00e9ration.   Au total, 42\u00a0sujets ont \u00e9t\u00e9 identifi\u00e9s, regroup\u00e9s en neuf th\u00e9matiques. Les citoyens approfondiront les questions de la \u00ab\u00a0coordination entre les acteurs des temps de l\u2019enfant\u00a0\u00bb, des \u00ab\u00a0rythmes et temps scolaires\u00a0\u00bb, de la \u00ab\u00a0compl\u00e9mentarit\u00e9 des temps\u00a0et de la diversit\u00e9 des apprentissages\u00a0\u00bb, du \u00ab\u00a0temps des parents et la parentalit\u00e9\u00a0\u00bb, des \u00ab\u00a0\u00e9crans et du num\u00e9rique\u00a0\u00bb. Ces grands th\u00e8mes sont travers\u00e9s par quatre enjeux, des sujets si structurants qu\u2019on les retrouve partout\u00a0: le handicap, les in\u00e9galit\u00e9s sociales et territoriales, la sant\u00e9, la violence et le harc\u00e8lement. Il vous reste 82.79% de cet article \u00e0 lire. La suite est r\u00e9serv\u00e9e aux abonn\u00e9s.\" \/>\n<meta name=\"robots\" content=\"noindex, follow, max-snippet:-1, max-image-preview:large, max-video-preview:-1\" \/>\n<meta property=\"og:locale\" content=\"fr_FR\" \/>\n<meta property=\"og:type\" content=\"article\" \/>\n<meta property=\"og:title\" content=\"A la convention citoyenne sur les temps de l\u2019enfant, le vertige des participants\u00a0: \u00ab\u00a0Changer les rythmes, \u00e7a va bouleverser notre \u00e9conomie\u00a0\u00bb - vof-news.eu\" \/>\n<meta property=\"og:description\" content=\"Sur quoi va plancher la convention citoyenne sur les temps de l\u2019enfant, lanc\u00e9e le 20\u00a0juin, qui vient d\u2019achever son deuxi\u00e8me week-end de travail, dimanche 6\u00a0juillet\u00a0? Le dispositif, voulu par le pr\u00e9sident de la R\u00e9publique, Emmanuel Macron, recouvre un sujet tr\u00e8s vaste, qui touche aux rythmes scolaires et au temps d\u2019\u00e9cran, au sommeil et aux transports, \u00e0 la cantine et \u00e0 la lutte contre le harc\u00e8lement. Pour d\u00e9terminer de quoi il va \u00eatre r\u00e9ellement question, les 140\u00a0citoyens tir\u00e9s au sort se sont r\u00e9unis deux fois trois jours au Palais d\u2019I\u00e9na sous l\u2019\u00e9gide du Conseil \u00e9conomique, social et environnemental (CESE)\u00a0: ces week-ends dits \u00ab\u00a0d\u2019acculturation\u00a0\u00bb, devaient permettre d\u2019identifier les sujets \u00e0 approfondir avant le deuxi\u00e8me temps, qui s\u2019ouvrira en septembre\u00a0: la phase de d\u00e9lib\u00e9ration.   Au total, 42\u00a0sujets ont \u00e9t\u00e9 identifi\u00e9s, regroup\u00e9s en neuf th\u00e9matiques. Les citoyens approfondiront les questions de la \u00ab\u00a0coordination entre les acteurs des temps de l\u2019enfant\u00a0\u00bb, des \u00ab\u00a0rythmes et temps scolaires\u00a0\u00bb, de la \u00ab\u00a0compl\u00e9mentarit\u00e9 des temps\u00a0et de la diversit\u00e9 des apprentissages\u00a0\u00bb, du \u00ab\u00a0temps des parents et la parentalit\u00e9\u00a0\u00bb, des \u00ab\u00a0\u00e9crans et du num\u00e9rique\u00a0\u00bb. Ces grands th\u00e8mes sont travers\u00e9s par quatre enjeux, des sujets si structurants qu\u2019on les retrouve partout\u00a0: le handicap, les in\u00e9galit\u00e9s sociales et territoriales, la sant\u00e9, la violence et le harc\u00e8lement. Il vous reste 82.79% de cet article \u00e0 lire. La suite est r\u00e9serv\u00e9e aux abonn\u00e9s.\" \/>\n<meta property=\"og:url\" content=\"https:\/\/vof-news.eu\/fr\/a-la-convention-citoyenne-sur-les-temps-de-lenfant-le-vertige-des-participants-changer-les-rythmes-ca-va-bouleverser-notre-economie\/\" \/>\n<meta property=\"og:site_name\" content=\"vof-news.eu\" \/>\n<meta property=\"article:published_time\" content=\"2025-07-06T18:30:11+00:00\" \/>\n<meta property=\"article:modified_time\" content=\"2025-07-06T18:30:31+00:00\" \/>\n<meta property=\"og:image\" content=\"https:\/\/vof-news.eu\/wp-content\/uploads\/2025\/07\/94bb737_upload-1-87oj4lovqx0g-000-636r8ra.jpg\" \/>\n\t<meta property=\"og:image:width\" content=\"664\" \/>\n\t<meta property=\"og:image:height\" content=\"443\" \/>\n\t<meta property=\"og:image:type\" content=\"image\/jpeg\" \/>\n<meta name=\"author\" content=\"Author\" \/>\n<meta name=\"twitter:card\" content=\"summary_large_image\" \/>\n<meta name=\"twitter:label1\" content=\"\u00c9crit par\" \/>\n\t<meta name=\"twitter:data1\" content=\"Author\" \/>\n\t<meta name=\"twitter:label2\" content=\"Dur\u00e9e de lecture estim\u00e9e\" \/>\n\t<meta name=\"twitter:data2\" content=\"1 minute\" \/>\n<script type=\"application\/ld+json\" class=\"yoast-schema-graph\">{\"@context\":\"https:\/\/schema.org\",\"@graph\":[{\"@type\":\"WebPage\",\"@id\":\"https:\/\/vof-news.eu\/fr\/a-la-convention-citoyenne-sur-les-temps-de-lenfant-le-vertige-des-participants-changer-les-rythmes-ca-va-bouleverser-notre-economie\/\",\"url\":\"https:\/\/vof-news.eu\/fr\/a-la-convention-citoyenne-sur-les-temps-de-lenfant-le-vertige-des-participants-changer-les-rythmes-ca-va-bouleverser-notre-economie\/\",\"name\":\"A la convention citoyenne sur les temps de l\u2019enfant, le vertige des participants\u00a0: \u00ab\u00a0Changer les rythmes, \u00e7a va bouleverser notre \u00e9conomie\u00a0\u00bb - vof-news.eu\",\"isPartOf\":{\"@id\":\"https:\/\/vof-news.eu\/fr\/#website\"},\"primaryImageOfPage\":{\"@id\":\"https:\/\/vof-news.eu\/fr\/a-la-convention-citoyenne-sur-les-temps-de-lenfant-le-vertige-des-participants-changer-les-rythmes-ca-va-bouleverser-notre-economie\/#primaryimage\"},\"image\":{\"@id\":\"https:\/\/vof-news.eu\/fr\/a-la-convention-citoyenne-sur-les-temps-de-lenfant-le-vertige-des-participants-changer-les-rythmes-ca-va-bouleverser-notre-economie\/#primaryimage\"},\"thumbnailUrl\":\"https:\/\/vof-news.eu\/wp-content\/uploads\/2025\/07\/94bb737_upload-1-87oj4lovqx0g-000-636r8ra.jpg\",\"datePublished\":\"2025-07-06T18:30:11+00:00\",\"dateModified\":\"2025-07-06T18:30:31+00:00\",\"author\":{\"@id\":\"https:\/\/vof-news.eu\/fr\/#\/schema\/person\/f6a2a4309f0561835797fd8c19b333ed\"},\"description\":\"Sur quoi va plancher la convention citoyenne sur les temps de l\u2019enfant, lanc\u00e9e le 20\u00a0juin, qui vient d\u2019achever son deuxi\u00e8me week-end de travail, dimanche 6\u00a0juillet\u00a0? Le dispositif, voulu par le pr\u00e9sident de la R\u00e9publique, Emmanuel Macron, recouvre un sujet tr\u00e8s vaste, qui touche aux rythmes scolaires et au temps d\u2019\u00e9cran, au sommeil et aux transports, \u00e0 la cantine et \u00e0 la lutte contre le harc\u00e8lement. Pour d\u00e9terminer de quoi il va \u00eatre r\u00e9ellement question, les 140\u00a0citoyens tir\u00e9s au sort se sont r\u00e9unis deux fois trois jours au Palais d\u2019I\u00e9na sous l\u2019\u00e9gide du Conseil \u00e9conomique, social et environnemental (CESE)\u00a0: ces week-ends dits \u00ab\u00a0d\u2019acculturation\u00a0\u00bb, devaient permettre d\u2019identifier les sujets \u00e0 approfondir avant le deuxi\u00e8me temps, qui s\u2019ouvrira en septembre\u00a0: la phase de d\u00e9lib\u00e9ration. Au total, 42\u00a0sujets ont \u00e9t\u00e9 identifi\u00e9s, regroup\u00e9s en neuf th\u00e9matiques. Les citoyens approfondiront les questions de la \u00ab\u00a0coordination entre les acteurs des temps de l\u2019enfant\u00a0\u00bb, des \u00ab\u00a0rythmes et temps scolaires\u00a0\u00bb, de la \u00ab\u00a0compl\u00e9mentarit\u00e9 des temps\u00a0et de la diversit\u00e9 des apprentissages\u00a0\u00bb, du \u00ab\u00a0temps des parents et la parentalit\u00e9\u00a0\u00bb, des \u00ab\u00a0\u00e9crans et du num\u00e9rique\u00a0\u00bb. Ces grands th\u00e8mes sont travers\u00e9s par quatre enjeux, des sujets si structurants qu\u2019on les retrouve partout\u00a0: le handicap, les in\u00e9galit\u00e9s sociales et territoriales, la sant\u00e9, la violence et le harc\u00e8lement. Il vous reste 82.79% de cet article \u00e0 lire. La suite est r\u00e9serv\u00e9e aux abonn\u00e9s.\",\"breadcrumb\":{\"@id\":\"https:\/\/vof-news.eu\/fr\/a-la-convention-citoyenne-sur-les-temps-de-lenfant-le-vertige-des-participants-changer-les-rythmes-ca-va-bouleverser-notre-economie\/#breadcrumb\"},\"inLanguage\":\"fr-FR\",\"potentialAction\":[{\"@type\":\"ReadAction\",\"target\":[\"https:\/\/vof-news.eu\/fr\/a-la-convention-citoyenne-sur-les-temps-de-lenfant-le-vertige-des-participants-changer-les-rythmes-ca-va-bouleverser-notre-economie\/\"]}]},{\"@type\":\"ImageObject\",\"inLanguage\":\"fr-FR\",\"@id\":\"https:\/\/vof-news.eu\/fr\/a-la-convention-citoyenne-sur-les-temps-de-lenfant-le-vertige-des-participants-changer-les-rythmes-ca-va-bouleverser-notre-economie\/#primaryimage\",\"url\":\"https:\/\/vof-news.eu\/wp-content\/uploads\/2025\/07\/94bb737_upload-1-87oj4lovqx0g-000-636r8ra.jpg\",\"contentUrl\":\"https:\/\/vof-news.eu\/wp-content\/uploads\/2025\/07\/94bb737_upload-1-87oj4lovqx0g-000-636r8ra.jpg\",\"width\":664,\"height\":443},{\"@type\":\"BreadcrumbList\",\"@id\":\"https:\/\/vof-news.eu\/fr\/a-la-convention-citoyenne-sur-les-temps-de-lenfant-le-vertige-des-participants-changer-les-rythmes-ca-va-bouleverser-notre-economie\/#breadcrumb\",\"itemListElement\":[{\"@type\":\"ListItem\",\"position\":1,\"name\":\"Home\",\"item\":\"https:\/\/vof-news.eu\/fr\/\"},{\"@type\":\"ListItem\",\"position\":2,\"name\":\"A la convention citoyenne sur les temps de l\u2019enfant, le vertige des participants\u00a0: \u00ab\u00a0Changer les rythmes, \u00e7a va bouleverser notre \u00e9conomie\u00a0\u00bb\"}]},{\"@type\":\"WebSite\",\"@id\":\"https:\/\/vof-news.eu\/fr\/#website\",\"url\":\"https:\/\/vof-news.eu\/fr\/\",\"name\":\"vof-news.eu\",\"description\":\"\",\"potentialAction\":[{\"@type\":\"SearchAction\",\"target\":{\"@type\":\"EntryPoint\",\"urlTemplate\":\"https:\/\/vof-news.eu\/fr\/?s={search_term_string}\"},\"query-input\":\"required name=search_term_string\"}],\"inLanguage\":\"fr-FR\"},{\"@type\":\"Person\",\"@id\":\"https:\/\/vof-news.eu\/fr\/#\/schema\/person\/f6a2a4309f0561835797fd8c19b333ed\",\"name\":\"Author\",\"image\":{\"@type\":\"ImageObject\",\"inLanguage\":\"fr-FR\",\"@id\":\"https:\/\/vof-news.eu\/fr\/#\/schema\/person\/image\/\",\"url\":\"https:\/\/secure.gravatar.com\/avatar\/b67e614b1b25b3e9c0c239efdd2fde5ab015b5affd6f1c3c85911ca4b384e790?s=96&d=mm&r=g\",\"contentUrl\":\"https:\/\/secure.gravatar.com\/avatar\/b67e614b1b25b3e9c0c239efdd2fde5ab015b5affd6f1c3c85911ca4b384e790?s=96&d=mm&r=g\",\"caption\":\"Author\"},\"sameAs\":[\"http:\/\/vof-news.eu\"],\"url\":\"https:\/\/vof-news.eu\/fr\/author\/zwt6qxnjulxbnyg\/\"}]}<\/script>\n<!-- \/ Yoast SEO plugin. -->","yoast_head_json":{"title":"A la convention citoyenne sur les temps de l\u2019enfant, le vertige des participants\u00a0: \u00ab\u00a0Changer les rythmes, \u00e7a va bouleverser notre \u00e9conomie\u00a0\u00bb - vof-news.eu","description":"Sur quoi va plancher la convention citoyenne sur les temps de l\u2019enfant, lanc\u00e9e le 20\u00a0juin, qui vient d\u2019achever son deuxi\u00e8me week-end de travail, dimanche 6\u00a0juillet\u00a0? Le dispositif, voulu par le pr\u00e9sident de la R\u00e9publique, Emmanuel Macron, recouvre un sujet tr\u00e8s vaste, qui touche aux rythmes scolaires et au temps d\u2019\u00e9cran, au sommeil et aux transports, \u00e0 la cantine et \u00e0 la lutte contre le harc\u00e8lement. Pour d\u00e9terminer de quoi il va \u00eatre r\u00e9ellement question, les 140\u00a0citoyens tir\u00e9s au sort se sont r\u00e9unis deux fois trois jours au Palais d\u2019I\u00e9na sous l\u2019\u00e9gide du Conseil \u00e9conomique, social et environnemental (CESE)\u00a0: ces week-ends dits \u00ab\u00a0d\u2019acculturation\u00a0\u00bb, devaient permettre d\u2019identifier les sujets \u00e0 approfondir avant le deuxi\u00e8me temps, qui s\u2019ouvrira en septembre\u00a0: la phase de d\u00e9lib\u00e9ration.   Au total, 42\u00a0sujets ont \u00e9t\u00e9 identifi\u00e9s, regroup\u00e9s en neuf th\u00e9matiques. Les citoyens approfondiront les questions de la \u00ab\u00a0coordination entre les acteurs des temps de l\u2019enfant\u00a0\u00bb, des \u00ab\u00a0rythmes et temps scolaires\u00a0\u00bb, de la \u00ab\u00a0compl\u00e9mentarit\u00e9 des temps\u00a0et de la diversit\u00e9 des apprentissages\u00a0\u00bb, du \u00ab\u00a0temps des parents et la parentalit\u00e9\u00a0\u00bb, des \u00ab\u00a0\u00e9crans et du num\u00e9rique\u00a0\u00bb. Ces grands th\u00e8mes sont travers\u00e9s par quatre enjeux, des sujets si structurants qu\u2019on les retrouve partout\u00a0: le handicap, les in\u00e9galit\u00e9s sociales et territoriales, la sant\u00e9, la violence et le harc\u00e8lement. Il vous reste 82.79% de cet article \u00e0 lire. La suite est r\u00e9serv\u00e9e aux abonn\u00e9s.","robots":{"index":"noindex","follow":"follow","max-snippet":"max-snippet:-1","max-image-preview":"max-image-preview:large","max-video-preview":"max-video-preview:-1"},"og_locale":"fr_FR","og_type":"article","og_title":"A la convention citoyenne sur les temps de l\u2019enfant, le vertige des participants\u00a0: \u00ab\u00a0Changer les rythmes, \u00e7a va bouleverser notre \u00e9conomie\u00a0\u00bb - vof-news.eu","og_description":"Sur quoi va plancher la convention citoyenne sur les temps de l\u2019enfant, lanc\u00e9e le 20\u00a0juin, qui vient d\u2019achever son deuxi\u00e8me week-end de travail, dimanche 6\u00a0juillet\u00a0? Le dispositif, voulu par le pr\u00e9sident de la R\u00e9publique, Emmanuel Macron, recouvre un sujet tr\u00e8s vaste, qui touche aux rythmes scolaires et au temps d\u2019\u00e9cran, au sommeil et aux transports, \u00e0 la cantine et \u00e0 la lutte contre le harc\u00e8lement. Pour d\u00e9terminer de quoi il va \u00eatre r\u00e9ellement question, les 140\u00a0citoyens tir\u00e9s au sort se sont r\u00e9unis deux fois trois jours au Palais d\u2019I\u00e9na sous l\u2019\u00e9gide du Conseil \u00e9conomique, social et environnemental (CESE)\u00a0: ces week-ends dits \u00ab\u00a0d\u2019acculturation\u00a0\u00bb, devaient permettre d\u2019identifier les sujets \u00e0 approfondir avant le deuxi\u00e8me temps, qui s\u2019ouvrira en septembre\u00a0: la phase de d\u00e9lib\u00e9ration.   Au total, 42\u00a0sujets ont \u00e9t\u00e9 identifi\u00e9s, regroup\u00e9s en neuf th\u00e9matiques. Les citoyens approfondiront les questions de la \u00ab\u00a0coordination entre les acteurs des temps de l\u2019enfant\u00a0\u00bb, des \u00ab\u00a0rythmes et temps scolaires\u00a0\u00bb, de la \u00ab\u00a0compl\u00e9mentarit\u00e9 des temps\u00a0et de la diversit\u00e9 des apprentissages\u00a0\u00bb, du \u00ab\u00a0temps des parents et la parentalit\u00e9\u00a0\u00bb, des \u00ab\u00a0\u00e9crans et du num\u00e9rique\u00a0\u00bb. Ces grands th\u00e8mes sont travers\u00e9s par quatre enjeux, des sujets si structurants qu\u2019on les retrouve partout\u00a0: le handicap, les in\u00e9galit\u00e9s sociales et territoriales, la sant\u00e9, la violence et le harc\u00e8lement. Il vous reste 82.79% de cet article \u00e0 lire. La suite est r\u00e9serv\u00e9e aux abonn\u00e9s.","og_url":"https:\/\/vof-news.eu\/fr\/a-la-convention-citoyenne-sur-les-temps-de-lenfant-le-vertige-des-participants-changer-les-rythmes-ca-va-bouleverser-notre-economie\/","og_site_name":"vof-news.eu","article_published_time":"2025-07-06T18:30:11+00:00","article_modified_time":"2025-07-06T18:30:31+00:00","og_image":[{"width":664,"height":443,"url":"https:\/\/vof-news.eu\/wp-content\/uploads\/2025\/07\/94bb737_upload-1-87oj4lovqx0g-000-636r8ra.jpg","type":"image\/jpeg"}],"author":"Author","twitter_card":"summary_large_image","twitter_misc":{"\u00c9crit par":"Author","Dur\u00e9e de lecture estim\u00e9e":"1 minute"},"schema":{"@context":"https:\/\/schema.org","@graph":[{"@type":"WebPage","@id":"https:\/\/vof-news.eu\/fr\/a-la-convention-citoyenne-sur-les-temps-de-lenfant-le-vertige-des-participants-changer-les-rythmes-ca-va-bouleverser-notre-economie\/","url":"https:\/\/vof-news.eu\/fr\/a-la-convention-citoyenne-sur-les-temps-de-lenfant-le-vertige-des-participants-changer-les-rythmes-ca-va-bouleverser-notre-economie\/","name":"A la convention citoyenne sur les temps de l\u2019enfant, le vertige des participants\u00a0: \u00ab\u00a0Changer les rythmes, \u00e7a va bouleverser notre \u00e9conomie\u00a0\u00bb - vof-news.eu","isPartOf":{"@id":"https:\/\/vof-news.eu\/fr\/#website"},"primaryImageOfPage":{"@id":"https:\/\/vof-news.eu\/fr\/a-la-convention-citoyenne-sur-les-temps-de-lenfant-le-vertige-des-participants-changer-les-rythmes-ca-va-bouleverser-notre-economie\/#primaryimage"},"image":{"@id":"https:\/\/vof-news.eu\/fr\/a-la-convention-citoyenne-sur-les-temps-de-lenfant-le-vertige-des-participants-changer-les-rythmes-ca-va-bouleverser-notre-economie\/#primaryimage"},"thumbnailUrl":"https:\/\/vof-news.eu\/wp-content\/uploads\/2025\/07\/94bb737_upload-1-87oj4lovqx0g-000-636r8ra.jpg","datePublished":"2025-07-06T18:30:11+00:00","dateModified":"2025-07-06T18:30:31+00:00","author":{"@id":"https:\/\/vof-news.eu\/fr\/#\/schema\/person\/f6a2a4309f0561835797fd8c19b333ed"},"description":"Sur quoi va plancher la convention citoyenne sur les temps de l\u2019enfant, lanc\u00e9e le 20\u00a0juin, qui vient d\u2019achever son deuxi\u00e8me week-end de travail, dimanche 6\u00a0juillet\u00a0? Le dispositif, voulu par le pr\u00e9sident de la R\u00e9publique, Emmanuel Macron, recouvre un sujet tr\u00e8s vaste, qui touche aux rythmes scolaires et au temps d\u2019\u00e9cran, au sommeil et aux transports, \u00e0 la cantine et \u00e0 la lutte contre le harc\u00e8lement. Pour d\u00e9terminer de quoi il va \u00eatre r\u00e9ellement question, les 140\u00a0citoyens tir\u00e9s au sort se sont r\u00e9unis deux fois trois jours au Palais d\u2019I\u00e9na sous l\u2019\u00e9gide du Conseil \u00e9conomique, social et environnemental (CESE)\u00a0: ces week-ends dits \u00ab\u00a0d\u2019acculturation\u00a0\u00bb, devaient permettre d\u2019identifier les sujets \u00e0 approfondir avant le deuxi\u00e8me temps, qui s\u2019ouvrira en septembre\u00a0: la phase de d\u00e9lib\u00e9ration. Au total, 42\u00a0sujets ont \u00e9t\u00e9 identifi\u00e9s, regroup\u00e9s en neuf th\u00e9matiques. Les citoyens approfondiront les questions de la \u00ab\u00a0coordination entre les acteurs des temps de l\u2019enfant\u00a0\u00bb, des \u00ab\u00a0rythmes et temps scolaires\u00a0\u00bb, de la \u00ab\u00a0compl\u00e9mentarit\u00e9 des temps\u00a0et de la diversit\u00e9 des apprentissages\u00a0\u00bb, du \u00ab\u00a0temps des parents et la parentalit\u00e9\u00a0\u00bb, des \u00ab\u00a0\u00e9crans et du num\u00e9rique\u00a0\u00bb. Ces grands th\u00e8mes sont travers\u00e9s par quatre enjeux, des sujets si structurants qu\u2019on les retrouve partout\u00a0: le handicap, les in\u00e9galit\u00e9s sociales et territoriales, la sant\u00e9, la violence et le harc\u00e8lement. Il vous reste 82.79% de cet article \u00e0 lire. La suite est r\u00e9serv\u00e9e aux abonn\u00e9s.","breadcrumb":{"@id":"https:\/\/vof-news.eu\/fr\/a-la-convention-citoyenne-sur-les-temps-de-lenfant-le-vertige-des-participants-changer-les-rythmes-ca-va-bouleverser-notre-economie\/#breadcrumb"},"inLanguage":"fr-FR","potentialAction":[{"@type":"ReadAction","target":["https:\/\/vof-news.eu\/fr\/a-la-convention-citoyenne-sur-les-temps-de-lenfant-le-vertige-des-participants-changer-les-rythmes-ca-va-bouleverser-notre-economie\/"]}]},{"@type":"ImageObject","inLanguage":"fr-FR","@id":"https:\/\/vof-news.eu\/fr\/a-la-convention-citoyenne-sur-les-temps-de-lenfant-le-vertige-des-participants-changer-les-rythmes-ca-va-bouleverser-notre-economie\/#primaryimage","url":"https:\/\/vof-news.eu\/wp-content\/uploads\/2025\/07\/94bb737_upload-1-87oj4lovqx0g-000-636r8ra.jpg","contentUrl":"https:\/\/vof-news.eu\/wp-content\/uploads\/2025\/07\/94bb737_upload-1-87oj4lovqx0g-000-636r8ra.jpg","width":664,"height":443},{"@type":"BreadcrumbList","@id":"https:\/\/vof-news.eu\/fr\/a-la-convention-citoyenne-sur-les-temps-de-lenfant-le-vertige-des-participants-changer-les-rythmes-ca-va-bouleverser-notre-economie\/#breadcrumb","itemListElement":[{"@type":"ListItem","position":1,"name":"Home","item":"https:\/\/vof-news.eu\/fr\/"},{"@type":"ListItem","position":2,"name":"A la convention citoyenne sur les temps de l\u2019enfant, le vertige des participants\u00a0: \u00ab\u00a0Changer les rythmes, \u00e7a va bouleverser notre \u00e9conomie\u00a0\u00bb"}]},{"@type":"WebSite","@id":"https:\/\/vof-news.eu\/fr\/#website","url":"https:\/\/vof-news.eu\/fr\/","name":"vof-news.eu","description":"","potentialAction":[{"@type":"SearchAction","target":{"@type":"EntryPoint","urlTemplate":"https:\/\/vof-news.eu\/fr\/?s={search_term_string}"},"query-input":"required name=search_term_string"}],"inLanguage":"fr-FR"},{"@type":"Person","@id":"https:\/\/vof-news.eu\/fr\/#\/schema\/person\/f6a2a4309f0561835797fd8c19b333ed","name":"Author","image":{"@type":"ImageObject","inLanguage":"fr-FR","@id":"https:\/\/vof-news.eu\/fr\/#\/schema\/person\/image\/","url":"https:\/\/secure.gravatar.com\/avatar\/b67e614b1b25b3e9c0c239efdd2fde5ab015b5affd6f1c3c85911ca4b384e790?s=96&d=mm&r=g","contentUrl":"https:\/\/secure.gravatar.com\/avatar\/b67e614b1b25b3e9c0c239efdd2fde5ab015b5affd6f1c3c85911ca4b384e790?s=96&d=mm&r=g","caption":"Author"},"sameAs":["http:\/\/vof-news.eu"],"url":"https:\/\/vof-news.eu\/fr\/author\/zwt6qxnjulxbnyg\/"}]}},"yoast_meta":{"yoast_wpseo_title":"","yoast_wpseo_metadesc":"","yoast_wpseo_canonical":""},"_links":{"self":[{"href":"https:\/\/vof-news.eu\/fr\/wp-json\/wp\/v2\/posts\/248411","targetHints":{"allow":["GET"]}}],"collection":[{"href":"https:\/\/vof-news.eu\/fr\/wp-json\/wp\/v2\/posts"}],"about":[{"href":"https:\/\/vof-news.eu\/fr\/wp-json\/wp\/v2\/types\/post"}],"author":[{"embeddable":true,"href":"https:\/\/vof-news.eu\/fr\/wp-json\/wp\/v2\/users\/1"}],"replies":[{"embeddable":true,"href":"https:\/\/vof-news.eu\/fr\/wp-json\/wp\/v2\/comments?post=248411"}],"version-history":[{"count":1,"href":"https:\/\/vof-news.eu\/fr\/wp-json\/wp\/v2\/posts\/248411\/revisions"}],"predecessor-version":[{"id":248418,"href":"https:\/\/vof-news.eu\/fr\/wp-json\/wp\/v2\/posts\/248411\/revisions\/248418"}],"wp:featuredmedia":[{"embeddable":true,"href":"https:\/\/vof-news.eu\/fr\/wp-json\/wp\/v2\/media\/248412"}],"wp:attachment":[{"href":"https:\/\/vof-news.eu\/fr\/wp-json\/wp\/v2\/media?parent=248411"}],"wp:term":[{"taxonomy":"category","embeddable":true,"href":"https:\/\/vof-news.eu\/fr\/wp-json\/wp\/v2\/categories?post=248411"},{"taxonomy":"post_tag","embeddable":true,"href":"https:\/\/vof-news.eu\/fr\/wp-json\/wp\/v2\/tags?post=248411"}],"curies":[{"name":"wp","href":"https:\/\/api.w.org\/{rel}","templated":true}]}}