{"id":248369,"date":"2025-07-06T19:32:13","date_gmt":"2025-07-06T16:32:13","guid":{"rendered":"https:\/\/vof-news.eu\/gerald-darmanin-un-roc-dans-la-tempete-au-ministere-de-linterieur\/"},"modified":"2025-07-06T19:32:36","modified_gmt":"2025-07-06T16:32:36","slug":"gerald-darmanin-un-roc-dans-la-tempete-au-ministere-de-linterieur","status":"publish","type":"post","link":"https:\/\/vof-news.eu\/fr\/gerald-darmanin-un-roc-dans-la-tempete-au-ministere-de-linterieur\/","title":{"rendered":"G\u00e9rald Darmanin, un roc dans la \u00ab\u00a0Temp\u00eate\u00a0\u00bb au minist\u00e8re de l\u2019int\u00e9rieur"},"content":{"rendered":"<article>\n<blockquote>\n<p>FRANCE 5 \u2013 DIMANCHE 6\u00a0JUILLET \u00c0 21\u00a0H\u00a005 \u2013 DOCUMENTAIRE<\/p>\n<\/blockquote>\n<p>En ce 14\u00a0mai\u00a02024, le ministre de l\u2019int\u00e9rieur, G\u00e9rald Darmanin travaille sur la s\u00e9curit\u00e9 des Jeux olympiques. Dans son bureau de la place Beauvau, \u00e0 Paris, il cherche au sol un dossier avant de se rendre \u00e0 la r\u00e9ception du Conseil de la fonction militaire gendarmerie. L\u00e0, entour\u00e9 de chemises bleues, il devise, souriant, jusqu\u2019\u00e0 ce que son smartphone l\u2019alerte\u00a0: un commando vient <a href=\"https:\/\/www.lemonde.fr\/societe\/article\/2024\/05\/14\/attaque-mortelle-d-un-fourgon-penitentiaire-le-parcours-de-mohamed-amra-detenu-dangereux-passe-sous-les-radars_6233264_3224.html\" rel=\"nofollow\">d\u2019attaquer le convoi p\u00e9nitentiaire transportant Mohamed Amra<\/a> au p\u00e9age d\u2019Incarville (Eure).<\/p>\n<p>[urgence absolue][urgence relative], lui glisse un conseiller. , dit-il en direction de la cam\u00e9ra que tient Yann L\u2019H\u00e9noret, avant de dispara\u00eetre derri\u00e8re une porte. Le r\u00e9alisateur le suit depuis d\u00e9j\u00e0 deux semaines, pour r\u00e9aliser un documentaire immersif \u2013 sa sp\u00e9cialit\u00e9, depuis son (Troisi\u00e8me \u0152il Productions et Black Dynamite), en 2017.<\/p>\n<p>L\u2019avenir du ministre de l\u2019int\u00e9rieur comme celui du film viennent de basculer. Du portrait politique d\u2019un potentiel pr\u00e9tendant \u00e0 l\u2019Elys\u00e9e en 2027, le documentaire se transforme en un r\u00e9cit de crises in\u00e9dites. En trois mois vont en effet se succ\u00e9der la crise en Nouvelle-Cal\u00e9donie, les sabotages de lignes TGV, la dissolution de l\u2019Assembl\u00e9e nationale, les l\u00e9gislatives anticip\u00e9es, l\u2019attentat contre la synagogue de Rouen\u2026 et l\u2019attente interminable d\u2019un nouveau gouvernement.<\/p>\n<p><strong>Il vous reste 74.17% de cet article \u00e0 lire. La suite est r\u00e9serv\u00e9e aux abonn\u00e9s.<\/strong><\/p>\n<\/article>\n","protected":false},"excerpt":{"rendered":"<p>FRANCE 5 \u2013 DIMANCHE 6\u00a0JUILLET \u00c0 21\u00a0H\u00a005 \u2013 DOCUMENTAIRE En ce 14\u00a0mai\u00a02024, le ministre de l\u2019int\u00e9rieur, G\u00e9rald Darmanin travaille sur la s\u00e9curit\u00e9 des Jeux olympiques. Dans son bureau de la place Beauvau, \u00e0 Paris, il cherche au sol un dossier avant de se rendre \u00e0 la r\u00e9ception du Conseil de la fonction militaire gendarmerie. L\u00e0,<\/p>\n","protected":false},"author":1,"featured_media":248370,"comment_status":"open","ping_status":"open","sticky":false,"template":"","format":"standard","meta":{"footnotes":""},"categories":[63],"tags":[],"class_list":["post-248369","post","type-post","status-publish","format-standard","has-post-thumbnail","hentry","category-culture-fr"],"acf":[],"yoast_head":"<!-- This site is optimized with the Yoast SEO plugin v22.9 - https:\/\/yoast.com\/wordpress\/plugins\/seo\/ -->\n<title>G\u00e9rald Darmanin, un roc dans la \u00ab\u00a0Temp\u00eate\u00a0\u00bb au minist\u00e8re de l\u2019int\u00e9rieur - vof-news.eu<\/title>\n<meta name=\"description\" content=\"FRANCE 5 \u2013 DIMANCHE 6\u00a0JUILLET \u00c0 21\u00a0H\u00a005 \u2013 DOCUMENTAIRE En ce 14\u00a0mai\u00a02024, le ministre de l\u2019int\u00e9rieur, G\u00e9rald Darmanin travaille sur la s\u00e9curit\u00e9 des Jeux olympiques. Dans son bureau de la place Beauvau, \u00e0 Paris, il cherche au sol un dossier avant de se rendre \u00e0 la r\u00e9ception du Conseil de la fonction militaire gendarmerie. L\u00e0, entour\u00e9 de chemises bleues, il devise, souriant, jusqu\u2019\u00e0 ce que son smartphone l\u2019alerte\u00a0: un commando vient d\u2019attaquer le convoi p\u00e9nitentiaire transportant Mohamed Amra au p\u00e9age d\u2019Incarville (Eure). [urgence absolue][urgence relative], lui glisse un conseiller. , dit-il en direction de la cam\u00e9ra que tient Yann L\u2019H\u00e9noret, avant de dispara\u00eetre derri\u00e8re une porte. Le r\u00e9alisateur le suit depuis d\u00e9j\u00e0 deux semaines, pour r\u00e9aliser un documentaire immersif \u2013 sa sp\u00e9cialit\u00e9, depuis son (Troisi\u00e8me \u0152il Productions et Black Dynamite), en 2017. L\u2019avenir du ministre de l\u2019int\u00e9rieur comme celui du film viennent de basculer. Du portrait politique d\u2019un potentiel pr\u00e9tendant \u00e0 l\u2019Elys\u00e9e en 2027, le documentaire se transforme en un r\u00e9cit de crises in\u00e9dites. En trois mois vont en effet se succ\u00e9der la crise en Nouvelle-Cal\u00e9donie, les sabotages de lignes TGV, la dissolution de l\u2019Assembl\u00e9e nationale, les l\u00e9gislatives anticip\u00e9es, l\u2019attentat contre la synagogue de Rouen\u2026 et l\u2019attente interminable d\u2019un nouveau gouvernement. Il vous reste 74.17% de cet article \u00e0 lire. La suite est r\u00e9serv\u00e9e aux abonn\u00e9s.\" \/>\n<meta name=\"robots\" content=\"noindex, follow, max-snippet:-1, max-image-preview:large, max-video-preview:-1\" \/>\n<meta property=\"og:locale\" content=\"fr_FR\" \/>\n<meta property=\"og:type\" content=\"article\" \/>\n<meta property=\"og:title\" content=\"G\u00e9rald Darmanin, un roc dans la \u00ab\u00a0Temp\u00eate\u00a0\u00bb au minist\u00e8re de l\u2019int\u00e9rieur - vof-news.eu\" \/>\n<meta property=\"og:description\" content=\"FRANCE 5 \u2013 DIMANCHE 6\u00a0JUILLET \u00c0 21\u00a0H\u00a005 \u2013 DOCUMENTAIRE En ce 14\u00a0mai\u00a02024, le ministre de l\u2019int\u00e9rieur, G\u00e9rald Darmanin travaille sur la s\u00e9curit\u00e9 des Jeux olympiques. Dans son bureau de la place Beauvau, \u00e0 Paris, il cherche au sol un dossier avant de se rendre \u00e0 la r\u00e9ception du Conseil de la fonction militaire gendarmerie. L\u00e0, entour\u00e9 de chemises bleues, il devise, souriant, jusqu\u2019\u00e0 ce que son smartphone l\u2019alerte\u00a0: un commando vient d\u2019attaquer le convoi p\u00e9nitentiaire transportant Mohamed Amra au p\u00e9age d\u2019Incarville (Eure). [urgence absolue][urgence relative], lui glisse un conseiller. , dit-il en direction de la cam\u00e9ra que tient Yann L\u2019H\u00e9noret, avant de dispara\u00eetre derri\u00e8re une porte. Le r\u00e9alisateur le suit depuis d\u00e9j\u00e0 deux semaines, pour r\u00e9aliser un documentaire immersif \u2013 sa sp\u00e9cialit\u00e9, depuis son (Troisi\u00e8me \u0152il Productions et Black Dynamite), en 2017. L\u2019avenir du ministre de l\u2019int\u00e9rieur comme celui du film viennent de basculer. Du portrait politique d\u2019un potentiel pr\u00e9tendant \u00e0 l\u2019Elys\u00e9e en 2027, le documentaire se transforme en un r\u00e9cit de crises in\u00e9dites. En trois mois vont en effet se succ\u00e9der la crise en Nouvelle-Cal\u00e9donie, les sabotages de lignes TGV, la dissolution de l\u2019Assembl\u00e9e nationale, les l\u00e9gislatives anticip\u00e9es, l\u2019attentat contre la synagogue de Rouen\u2026 et l\u2019attente interminable d\u2019un nouveau gouvernement. Il vous reste 74.17% de cet article \u00e0 lire. La suite est r\u00e9serv\u00e9e aux abonn\u00e9s.\" \/>\n<meta property=\"og:url\" content=\"https:\/\/vof-news.eu\/fr\/gerald-darmanin-un-roc-dans-la-tempete-au-ministere-de-linterieur\/\" \/>\n<meta property=\"og:site_name\" content=\"vof-news.eu\" \/>\n<meta property=\"article:published_time\" content=\"2025-07-06T16:32:13+00:00\" \/>\n<meta property=\"article:modified_time\" content=\"2025-07-06T16:32:36+00:00\" \/>\n<meta property=\"og:image\" content=\"https:\/\/vof-news.eu\/wp-content\/uploads\/2025\/07\/7df1ade_upload-1-guguqbp93wsw-latempete-s01e02-7.jpg\" \/>\n\t<meta property=\"og:image:width\" content=\"664\" \/>\n\t<meta property=\"og:image:height\" content=\"373\" \/>\n\t<meta property=\"og:image:type\" content=\"image\/jpeg\" \/>\n<meta name=\"author\" content=\"Author\" \/>\n<meta name=\"twitter:card\" content=\"summary_large_image\" \/>\n<meta name=\"twitter:label1\" content=\"\u00c9crit par\" \/>\n\t<meta name=\"twitter:data1\" content=\"Author\" \/>\n\t<meta name=\"twitter:label2\" content=\"Dur\u00e9e de lecture estim\u00e9e\" \/>\n\t<meta name=\"twitter:data2\" content=\"1 minute\" \/>\n<script type=\"application\/ld+json\" class=\"yoast-schema-graph\">{\"@context\":\"https:\/\/schema.org\",\"@graph\":[{\"@type\":\"WebPage\",\"@id\":\"https:\/\/vof-news.eu\/fr\/gerald-darmanin-un-roc-dans-la-tempete-au-ministere-de-linterieur\/\",\"url\":\"https:\/\/vof-news.eu\/fr\/gerald-darmanin-un-roc-dans-la-tempete-au-ministere-de-linterieur\/\",\"name\":\"G\u00e9rald Darmanin, un roc dans la \u00ab\u00a0Temp\u00eate\u00a0\u00bb au minist\u00e8re de l\u2019int\u00e9rieur - vof-news.eu\",\"isPartOf\":{\"@id\":\"https:\/\/vof-news.eu\/fr\/#website\"},\"primaryImageOfPage\":{\"@id\":\"https:\/\/vof-news.eu\/fr\/gerald-darmanin-un-roc-dans-la-tempete-au-ministere-de-linterieur\/#primaryimage\"},\"image\":{\"@id\":\"https:\/\/vof-news.eu\/fr\/gerald-darmanin-un-roc-dans-la-tempete-au-ministere-de-linterieur\/#primaryimage\"},\"thumbnailUrl\":\"https:\/\/vof-news.eu\/wp-content\/uploads\/2025\/07\/7df1ade_upload-1-guguqbp93wsw-latempete-s01e02-7.jpg\",\"datePublished\":\"2025-07-06T16:32:13+00:00\",\"dateModified\":\"2025-07-06T16:32:36+00:00\",\"author\":{\"@id\":\"https:\/\/vof-news.eu\/fr\/#\/schema\/person\/f6a2a4309f0561835797fd8c19b333ed\"},\"description\":\"FRANCE 5 \u2013 DIMANCHE 6\u00a0JUILLET \u00c0 21\u00a0H\u00a005 \u2013 DOCUMENTAIRE En ce 14\u00a0mai\u00a02024, le ministre de l\u2019int\u00e9rieur, G\u00e9rald Darmanin travaille sur la s\u00e9curit\u00e9 des Jeux olympiques. Dans son bureau de la place Beauvau, \u00e0 Paris, il cherche au sol un dossier avant de se rendre \u00e0 la r\u00e9ception du Conseil de la fonction militaire gendarmerie. L\u00e0, entour\u00e9 de chemises bleues, il devise, souriant, jusqu\u2019\u00e0 ce que son smartphone l\u2019alerte\u00a0: un commando vient d\u2019attaquer le convoi p\u00e9nitentiaire transportant Mohamed Amra au p\u00e9age d\u2019Incarville (Eure). [urgence absolue][urgence relative], lui glisse un conseiller. , dit-il en direction de la cam\u00e9ra que tient Yann L\u2019H\u00e9noret, avant de dispara\u00eetre derri\u00e8re une porte. Le r\u00e9alisateur le suit depuis d\u00e9j\u00e0 deux semaines, pour r\u00e9aliser un documentaire immersif \u2013 sa sp\u00e9cialit\u00e9, depuis son (Troisi\u00e8me \u0152il Productions et Black Dynamite), en 2017. L\u2019avenir du ministre de l\u2019int\u00e9rieur comme celui du film viennent de basculer. Du portrait politique d\u2019un potentiel pr\u00e9tendant \u00e0 l\u2019Elys\u00e9e en 2027, le documentaire se transforme en un r\u00e9cit de crises in\u00e9dites. En trois mois vont en effet se succ\u00e9der la crise en Nouvelle-Cal\u00e9donie, les sabotages de lignes TGV, la dissolution de l\u2019Assembl\u00e9e nationale, les l\u00e9gislatives anticip\u00e9es, l\u2019attentat contre la synagogue de Rouen\u2026 et l\u2019attente interminable d\u2019un nouveau gouvernement. Il vous reste 74.17% de cet article \u00e0 lire. La suite est r\u00e9serv\u00e9e aux abonn\u00e9s.\",\"breadcrumb\":{\"@id\":\"https:\/\/vof-news.eu\/fr\/gerald-darmanin-un-roc-dans-la-tempete-au-ministere-de-linterieur\/#breadcrumb\"},\"inLanguage\":\"fr-FR\",\"potentialAction\":[{\"@type\":\"ReadAction\",\"target\":[\"https:\/\/vof-news.eu\/fr\/gerald-darmanin-un-roc-dans-la-tempete-au-ministere-de-linterieur\/\"]}]},{\"@type\":\"ImageObject\",\"inLanguage\":\"fr-FR\",\"@id\":\"https:\/\/vof-news.eu\/fr\/gerald-darmanin-un-roc-dans-la-tempete-au-ministere-de-linterieur\/#primaryimage\",\"url\":\"https:\/\/vof-news.eu\/wp-content\/uploads\/2025\/07\/7df1ade_upload-1-guguqbp93wsw-latempete-s01e02-7.jpg\",\"contentUrl\":\"https:\/\/vof-news.eu\/wp-content\/uploads\/2025\/07\/7df1ade_upload-1-guguqbp93wsw-latempete-s01e02-7.jpg\",\"width\":664,\"height\":373},{\"@type\":\"BreadcrumbList\",\"@id\":\"https:\/\/vof-news.eu\/fr\/gerald-darmanin-un-roc-dans-la-tempete-au-ministere-de-linterieur\/#breadcrumb\",\"itemListElement\":[{\"@type\":\"ListItem\",\"position\":1,\"name\":\"Home\",\"item\":\"https:\/\/vof-news.eu\/fr\/\"},{\"@type\":\"ListItem\",\"position\":2,\"name\":\"G\u00e9rald Darmanin, un roc dans la \u00ab\u00a0Temp\u00eate\u00a0\u00bb au minist\u00e8re de l\u2019int\u00e9rieur\"}]},{\"@type\":\"WebSite\",\"@id\":\"https:\/\/vof-news.eu\/fr\/#website\",\"url\":\"https:\/\/vof-news.eu\/fr\/\",\"name\":\"vof-news.eu\",\"description\":\"\",\"potentialAction\":[{\"@type\":\"SearchAction\",\"target\":{\"@type\":\"EntryPoint\",\"urlTemplate\":\"https:\/\/vof-news.eu\/fr\/?s={search_term_string}\"},\"query-input\":\"required name=search_term_string\"}],\"inLanguage\":\"fr-FR\"},{\"@type\":\"Person\",\"@id\":\"https:\/\/vof-news.eu\/fr\/#\/schema\/person\/f6a2a4309f0561835797fd8c19b333ed\",\"name\":\"Author\",\"image\":{\"@type\":\"ImageObject\",\"inLanguage\":\"fr-FR\",\"@id\":\"https:\/\/vof-news.eu\/fr\/#\/schema\/person\/image\/\",\"url\":\"https:\/\/secure.gravatar.com\/avatar\/b67e614b1b25b3e9c0c239efdd2fde5ab015b5affd6f1c3c85911ca4b384e790?s=96&d=mm&r=g\",\"contentUrl\":\"https:\/\/secure.gravatar.com\/avatar\/b67e614b1b25b3e9c0c239efdd2fde5ab015b5affd6f1c3c85911ca4b384e790?s=96&d=mm&r=g\",\"caption\":\"Author\"},\"sameAs\":[\"http:\/\/vof-news.eu\"],\"url\":\"https:\/\/vof-news.eu\/fr\/author\/zwt6qxnjulxbnyg\/\"}]}<\/script>\n<!-- \/ Yoast SEO plugin. -->","yoast_head_json":{"title":"G\u00e9rald Darmanin, un roc dans la \u00ab\u00a0Temp\u00eate\u00a0\u00bb au minist\u00e8re de l\u2019int\u00e9rieur - vof-news.eu","description":"FRANCE 5 \u2013 DIMANCHE 6\u00a0JUILLET \u00c0 21\u00a0H\u00a005 \u2013 DOCUMENTAIRE En ce 14\u00a0mai\u00a02024, le ministre de l\u2019int\u00e9rieur, G\u00e9rald Darmanin travaille sur la s\u00e9curit\u00e9 des Jeux olympiques. Dans son bureau de la place Beauvau, \u00e0 Paris, il cherche au sol un dossier avant de se rendre \u00e0 la r\u00e9ception du Conseil de la fonction militaire gendarmerie. L\u00e0, entour\u00e9 de chemises bleues, il devise, souriant, jusqu\u2019\u00e0 ce que son smartphone l\u2019alerte\u00a0: un commando vient d\u2019attaquer le convoi p\u00e9nitentiaire transportant Mohamed Amra au p\u00e9age d\u2019Incarville (Eure). [urgence absolue][urgence relative], lui glisse un conseiller. , dit-il en direction de la cam\u00e9ra que tient Yann L\u2019H\u00e9noret, avant de dispara\u00eetre derri\u00e8re une porte. Le r\u00e9alisateur le suit depuis d\u00e9j\u00e0 deux semaines, pour r\u00e9aliser un documentaire immersif \u2013 sa sp\u00e9cialit\u00e9, depuis son (Troisi\u00e8me \u0152il Productions et Black Dynamite), en 2017. L\u2019avenir du ministre de l\u2019int\u00e9rieur comme celui du film viennent de basculer. Du portrait politique d\u2019un potentiel pr\u00e9tendant \u00e0 l\u2019Elys\u00e9e en 2027, le documentaire se transforme en un r\u00e9cit de crises in\u00e9dites. En trois mois vont en effet se succ\u00e9der la crise en Nouvelle-Cal\u00e9donie, les sabotages de lignes TGV, la dissolution de l\u2019Assembl\u00e9e nationale, les l\u00e9gislatives anticip\u00e9es, l\u2019attentat contre la synagogue de Rouen\u2026 et l\u2019attente interminable d\u2019un nouveau gouvernement. Il vous reste 74.17% de cet article \u00e0 lire. La suite est r\u00e9serv\u00e9e aux abonn\u00e9s.","robots":{"index":"noindex","follow":"follow","max-snippet":"max-snippet:-1","max-image-preview":"max-image-preview:large","max-video-preview":"max-video-preview:-1"},"og_locale":"fr_FR","og_type":"article","og_title":"G\u00e9rald Darmanin, un roc dans la \u00ab\u00a0Temp\u00eate\u00a0\u00bb au minist\u00e8re de l\u2019int\u00e9rieur - vof-news.eu","og_description":"FRANCE 5 \u2013 DIMANCHE 6\u00a0JUILLET \u00c0 21\u00a0H\u00a005 \u2013 DOCUMENTAIRE En ce 14\u00a0mai\u00a02024, le ministre de l\u2019int\u00e9rieur, G\u00e9rald Darmanin travaille sur la s\u00e9curit\u00e9 des Jeux olympiques. Dans son bureau de la place Beauvau, \u00e0 Paris, il cherche au sol un dossier avant de se rendre \u00e0 la r\u00e9ception du Conseil de la fonction militaire gendarmerie. L\u00e0, entour\u00e9 de chemises bleues, il devise, souriant, jusqu\u2019\u00e0 ce que son smartphone l\u2019alerte\u00a0: un commando vient d\u2019attaquer le convoi p\u00e9nitentiaire transportant Mohamed Amra au p\u00e9age d\u2019Incarville (Eure). [urgence absolue][urgence relative], lui glisse un conseiller. , dit-il en direction de la cam\u00e9ra que tient Yann L\u2019H\u00e9noret, avant de dispara\u00eetre derri\u00e8re une porte. Le r\u00e9alisateur le suit depuis d\u00e9j\u00e0 deux semaines, pour r\u00e9aliser un documentaire immersif \u2013 sa sp\u00e9cialit\u00e9, depuis son (Troisi\u00e8me \u0152il Productions et Black Dynamite), en 2017. L\u2019avenir du ministre de l\u2019int\u00e9rieur comme celui du film viennent de basculer. Du portrait politique d\u2019un potentiel pr\u00e9tendant \u00e0 l\u2019Elys\u00e9e en 2027, le documentaire se transforme en un r\u00e9cit de crises in\u00e9dites. En trois mois vont en effet se succ\u00e9der la crise en Nouvelle-Cal\u00e9donie, les sabotages de lignes TGV, la dissolution de l\u2019Assembl\u00e9e nationale, les l\u00e9gislatives anticip\u00e9es, l\u2019attentat contre la synagogue de Rouen\u2026 et l\u2019attente interminable d\u2019un nouveau gouvernement. Il vous reste 74.17% de cet article \u00e0 lire. La suite est r\u00e9serv\u00e9e aux abonn\u00e9s.","og_url":"https:\/\/vof-news.eu\/fr\/gerald-darmanin-un-roc-dans-la-tempete-au-ministere-de-linterieur\/","og_site_name":"vof-news.eu","article_published_time":"2025-07-06T16:32:13+00:00","article_modified_time":"2025-07-06T16:32:36+00:00","og_image":[{"width":664,"height":373,"url":"https:\/\/vof-news.eu\/wp-content\/uploads\/2025\/07\/7df1ade_upload-1-guguqbp93wsw-latempete-s01e02-7.jpg","type":"image\/jpeg"}],"author":"Author","twitter_card":"summary_large_image","twitter_misc":{"\u00c9crit par":"Author","Dur\u00e9e de lecture estim\u00e9e":"1 minute"},"schema":{"@context":"https:\/\/schema.org","@graph":[{"@type":"WebPage","@id":"https:\/\/vof-news.eu\/fr\/gerald-darmanin-un-roc-dans-la-tempete-au-ministere-de-linterieur\/","url":"https:\/\/vof-news.eu\/fr\/gerald-darmanin-un-roc-dans-la-tempete-au-ministere-de-linterieur\/","name":"G\u00e9rald Darmanin, un roc dans la \u00ab\u00a0Temp\u00eate\u00a0\u00bb au minist\u00e8re de l\u2019int\u00e9rieur - vof-news.eu","isPartOf":{"@id":"https:\/\/vof-news.eu\/fr\/#website"},"primaryImageOfPage":{"@id":"https:\/\/vof-news.eu\/fr\/gerald-darmanin-un-roc-dans-la-tempete-au-ministere-de-linterieur\/#primaryimage"},"image":{"@id":"https:\/\/vof-news.eu\/fr\/gerald-darmanin-un-roc-dans-la-tempete-au-ministere-de-linterieur\/#primaryimage"},"thumbnailUrl":"https:\/\/vof-news.eu\/wp-content\/uploads\/2025\/07\/7df1ade_upload-1-guguqbp93wsw-latempete-s01e02-7.jpg","datePublished":"2025-07-06T16:32:13+00:00","dateModified":"2025-07-06T16:32:36+00:00","author":{"@id":"https:\/\/vof-news.eu\/fr\/#\/schema\/person\/f6a2a4309f0561835797fd8c19b333ed"},"description":"FRANCE 5 \u2013 DIMANCHE 6\u00a0JUILLET \u00c0 21\u00a0H\u00a005 \u2013 DOCUMENTAIRE En ce 14\u00a0mai\u00a02024, le ministre de l\u2019int\u00e9rieur, G\u00e9rald Darmanin travaille sur la s\u00e9curit\u00e9 des Jeux olympiques. Dans son bureau de la place Beauvau, \u00e0 Paris, il cherche au sol un dossier avant de se rendre \u00e0 la r\u00e9ception du Conseil de la fonction militaire gendarmerie. L\u00e0, entour\u00e9 de chemises bleues, il devise, souriant, jusqu\u2019\u00e0 ce que son smartphone l\u2019alerte\u00a0: un commando vient d\u2019attaquer le convoi p\u00e9nitentiaire transportant Mohamed Amra au p\u00e9age d\u2019Incarville (Eure). [urgence absolue][urgence relative], lui glisse un conseiller. , dit-il en direction de la cam\u00e9ra que tient Yann L\u2019H\u00e9noret, avant de dispara\u00eetre derri\u00e8re une porte. Le r\u00e9alisateur le suit depuis d\u00e9j\u00e0 deux semaines, pour r\u00e9aliser un documentaire immersif \u2013 sa sp\u00e9cialit\u00e9, depuis son (Troisi\u00e8me \u0152il Productions et Black Dynamite), en 2017. L\u2019avenir du ministre de l\u2019int\u00e9rieur comme celui du film viennent de basculer. Du portrait politique d\u2019un potentiel pr\u00e9tendant \u00e0 l\u2019Elys\u00e9e en 2027, le documentaire se transforme en un r\u00e9cit de crises in\u00e9dites. En trois mois vont en effet se succ\u00e9der la crise en Nouvelle-Cal\u00e9donie, les sabotages de lignes TGV, la dissolution de l\u2019Assembl\u00e9e nationale, les l\u00e9gislatives anticip\u00e9es, l\u2019attentat contre la synagogue de Rouen\u2026 et l\u2019attente interminable d\u2019un nouveau gouvernement. Il vous reste 74.17% de cet article \u00e0 lire. La suite est r\u00e9serv\u00e9e aux abonn\u00e9s.","breadcrumb":{"@id":"https:\/\/vof-news.eu\/fr\/gerald-darmanin-un-roc-dans-la-tempete-au-ministere-de-linterieur\/#breadcrumb"},"inLanguage":"fr-FR","potentialAction":[{"@type":"ReadAction","target":["https:\/\/vof-news.eu\/fr\/gerald-darmanin-un-roc-dans-la-tempete-au-ministere-de-linterieur\/"]}]},{"@type":"ImageObject","inLanguage":"fr-FR","@id":"https:\/\/vof-news.eu\/fr\/gerald-darmanin-un-roc-dans-la-tempete-au-ministere-de-linterieur\/#primaryimage","url":"https:\/\/vof-news.eu\/wp-content\/uploads\/2025\/07\/7df1ade_upload-1-guguqbp93wsw-latempete-s01e02-7.jpg","contentUrl":"https:\/\/vof-news.eu\/wp-content\/uploads\/2025\/07\/7df1ade_upload-1-guguqbp93wsw-latempete-s01e02-7.jpg","width":664,"height":373},{"@type":"BreadcrumbList","@id":"https:\/\/vof-news.eu\/fr\/gerald-darmanin-un-roc-dans-la-tempete-au-ministere-de-linterieur\/#breadcrumb","itemListElement":[{"@type":"ListItem","position":1,"name":"Home","item":"https:\/\/vof-news.eu\/fr\/"},{"@type":"ListItem","position":2,"name":"G\u00e9rald Darmanin, un roc dans la \u00ab\u00a0Temp\u00eate\u00a0\u00bb au minist\u00e8re de l\u2019int\u00e9rieur"}]},{"@type":"WebSite","@id":"https:\/\/vof-news.eu\/fr\/#website","url":"https:\/\/vof-news.eu\/fr\/","name":"vof-news.eu","description":"","potentialAction":[{"@type":"SearchAction","target":{"@type":"EntryPoint","urlTemplate":"https:\/\/vof-news.eu\/fr\/?s={search_term_string}"},"query-input":"required name=search_term_string"}],"inLanguage":"fr-FR"},{"@type":"Person","@id":"https:\/\/vof-news.eu\/fr\/#\/schema\/person\/f6a2a4309f0561835797fd8c19b333ed","name":"Author","image":{"@type":"ImageObject","inLanguage":"fr-FR","@id":"https:\/\/vof-news.eu\/fr\/#\/schema\/person\/image\/","url":"https:\/\/secure.gravatar.com\/avatar\/b67e614b1b25b3e9c0c239efdd2fde5ab015b5affd6f1c3c85911ca4b384e790?s=96&d=mm&r=g","contentUrl":"https:\/\/secure.gravatar.com\/avatar\/b67e614b1b25b3e9c0c239efdd2fde5ab015b5affd6f1c3c85911ca4b384e790?s=96&d=mm&r=g","caption":"Author"},"sameAs":["http:\/\/vof-news.eu"],"url":"https:\/\/vof-news.eu\/fr\/author\/zwt6qxnjulxbnyg\/"}]}},"yoast_meta":{"yoast_wpseo_title":"","yoast_wpseo_metadesc":"","yoast_wpseo_canonical":""},"_links":{"self":[{"href":"https:\/\/vof-news.eu\/fr\/wp-json\/wp\/v2\/posts\/248369","targetHints":{"allow":["GET"]}}],"collection":[{"href":"https:\/\/vof-news.eu\/fr\/wp-json\/wp\/v2\/posts"}],"about":[{"href":"https:\/\/vof-news.eu\/fr\/wp-json\/wp\/v2\/types\/post"}],"author":[{"embeddable":true,"href":"https:\/\/vof-news.eu\/fr\/wp-json\/wp\/v2\/users\/1"}],"replies":[{"embeddable":true,"href":"https:\/\/vof-news.eu\/fr\/wp-json\/wp\/v2\/comments?post=248369"}],"version-history":[{"count":1,"href":"https:\/\/vof-news.eu\/fr\/wp-json\/wp\/v2\/posts\/248369\/revisions"}],"predecessor-version":[{"id":248376,"href":"https:\/\/vof-news.eu\/fr\/wp-json\/wp\/v2\/posts\/248369\/revisions\/248376"}],"wp:featuredmedia":[{"embeddable":true,"href":"https:\/\/vof-news.eu\/fr\/wp-json\/wp\/v2\/media\/248370"}],"wp:attachment":[{"href":"https:\/\/vof-news.eu\/fr\/wp-json\/wp\/v2\/media?parent=248369"}],"wp:term":[{"taxonomy":"category","embeddable":true,"href":"https:\/\/vof-news.eu\/fr\/wp-json\/wp\/v2\/categories?post=248369"},{"taxonomy":"post_tag","embeddable":true,"href":"https:\/\/vof-news.eu\/fr\/wp-json\/wp\/v2\/tags?post=248369"}],"curies":[{"name":"wp","href":"https:\/\/api.w.org\/{rel}","templated":true}]}}