{"id":248344,"date":"2025-07-06T19:30:10","date_gmt":"2025-07-06T16:30:10","guid":{"rendered":"https:\/\/vof-news.eu\/en-seine-saint-denis-la-maternite-des-lilas-devrait-fermer-ses-portes-avant-la-fin-de-lannee\/"},"modified":"2025-07-06T19:30:26","modified_gmt":"2025-07-06T16:30:26","slug":"en-seine-saint-denis-la-maternite-des-lilas-devrait-fermer-ses-portes-avant-la-fin-de-lannee","status":"publish","type":"post","link":"https:\/\/vof-news.eu\/fr\/en-seine-saint-denis-la-maternite-des-lilas-devrait-fermer-ses-portes-avant-la-fin-de-lannee\/","title":{"rendered":"En Seine-Saint-Denis, la maternit\u00e9 des Lilas devrait fermer ses portes avant la fin de l\u2019ann\u00e9e"},"content":{"rendered":"<article>\n<p>Le calendrier n\u2019est pas encore tout \u00e0 fait arr\u00eat\u00e9, mais la d\u00e9cision est act\u00e9e\u00a0: la maternit\u00e9 des Lilas (Seine-Saint-Denis), c\u00e9l\u00e8bre pour ses accouchements physiologiques, va fermer ses portes. L\u2019annonce a \u00e9t\u00e9 faite, mardi 1<sup>er<\/sup>\u00a0juillet, par l\u2019agence r\u00e9gionale de sant\u00e9 (ARS) d\u2019Ile-de-France aux repr\u00e9sentants de cet \u00e9tablissement priv\u00e9 non lucratif, au statut associatif.<\/p>\n<section>   <\/section>\n<p>Elle intervient dans un contexte particulier\u00a0: celui du d\u00e9bat, r\u00e9current dans l\u2019espace public, sur la fermeture des petites maternit\u00e9s \u2013 celles dites de \u00ab\u00a0secteur 1\u00a0\u00bb, comme Les\u00a0Lilas, n\u2019accueillant pas de grossesses \u00e0 risques et pratiquant souvent moins d\u2019un millier d\u2019accouchements par an<\/p>\n<p>,explique-t-on \u00e0 l\u2019ARS francilienne, en invoquant, en premier lieu, la perte de sa certification par la Haute Autorit\u00e9 de sant\u00e9, le 15\u00a0janvier, .Autre argument mis en avant\u00a0: la baisse de l\u2019activit\u00e9 des Lilas. A ce stade, quelque 700\u00a0accouchements y ont \u00e9t\u00e9 pratiqu\u00e9s depuis le d\u00e9but de l\u2019ann\u00e9e, de source syndicale\u00a0; l\u2019ARS en comptabilisait environ 940 en\u00a02023, et 1\u00a0400 en\u00a02019. Troisi\u00e8me argument\u00a0: une cessation de paiements semble possible, le gestionnaire de l\u2019\u00e9tablissement \u2013 l\u2019association Naissance \u2013 ne parvenant plus \u00e0 assurer sa soutenabilit\u00e9 financi\u00e8re.<\/p>\n<p><strong>Il vous reste 78.32% de cet article \u00e0 lire. La suite est r\u00e9serv\u00e9e aux abonn\u00e9s.<\/strong><\/p>\n<\/article>\n","protected":false},"excerpt":{"rendered":"<p>Le calendrier n\u2019est pas encore tout \u00e0 fait arr\u00eat\u00e9, mais la d\u00e9cision est act\u00e9e\u00a0: la maternit\u00e9 des Lilas (Seine-Saint-Denis), c\u00e9l\u00e8bre pour ses accouchements physiologiques, va fermer ses portes. L\u2019annonce a \u00e9t\u00e9 faite, mardi 1er\u00a0juillet, par l\u2019agence r\u00e9gionale de sant\u00e9 (ARS) d\u2019Ile-de-France aux repr\u00e9sentants de cet \u00e9tablissement priv\u00e9 non lucratif, au statut associatif. Elle intervient dans<\/p>\n","protected":false},"author":1,"featured_media":248345,"comment_status":"open","ping_status":"open","sticky":false,"template":"","format":"standard","meta":{"footnotes":""},"categories":[53],"tags":[],"class_list":["post-248344","post","type-post","status-publish","format-standard","has-post-thumbnail","hentry","category-main-news-fr"],"acf":[],"yoast_head":"<!-- This site is optimized with the Yoast SEO plugin v22.9 - https:\/\/yoast.com\/wordpress\/plugins\/seo\/ -->\n<title>En Seine-Saint-Denis, la maternit\u00e9 des Lilas devrait fermer ses portes avant la fin de l\u2019ann\u00e9e - vof-news.eu<\/title>\n<meta name=\"description\" content=\"Le calendrier n\u2019est pas encore tout \u00e0 fait arr\u00eat\u00e9, mais la d\u00e9cision est act\u00e9e\u00a0: la maternit\u00e9 des Lilas (Seine-Saint-Denis), c\u00e9l\u00e8bre pour ses accouchements physiologiques, va fermer ses portes. L\u2019annonce a \u00e9t\u00e9 faite, mardi 1er\u00a0juillet, par l\u2019agence r\u00e9gionale de sant\u00e9 (ARS) d\u2019Ile-de-France aux repr\u00e9sentants de cet \u00e9tablissement priv\u00e9 non lucratif, au statut associatif.   Elle intervient dans un contexte particulier\u00a0: celui du d\u00e9bat, r\u00e9current dans l\u2019espace public, sur la fermeture des petites maternit\u00e9s \u2013 celles dites de \u00ab\u00a0secteur 1\u00a0\u00bb, comme Les\u00a0Lilas, n\u2019accueillant pas de grossesses \u00e0 risques et pratiquant souvent moins d\u2019un millier d\u2019accouchements par an ,explique-t-on \u00e0 l\u2019ARS francilienne, en invoquant, en premier lieu, la perte de sa certification par la Haute Autorit\u00e9 de sant\u00e9, le 15\u00a0janvier, .Autre argument mis en avant\u00a0: la baisse de l\u2019activit\u00e9 des Lilas. A ce stade, quelque 700\u00a0accouchements y ont \u00e9t\u00e9 pratiqu\u00e9s depuis le d\u00e9but de l\u2019ann\u00e9e, de source syndicale\u00a0; l\u2019ARS en comptabilisait environ 940 en\u00a02023, et 1\u00a0400 en\u00a02019. Troisi\u00e8me argument\u00a0: une cessation de paiements semble possible, le gestionnaire de l\u2019\u00e9tablissement \u2013 l\u2019association Naissance \u2013 ne parvenant plus \u00e0 assurer sa soutenabilit\u00e9 financi\u00e8re. Il vous reste 78.32% de cet article \u00e0 lire. La suite est r\u00e9serv\u00e9e aux abonn\u00e9s.\" \/>\n<meta name=\"robots\" content=\"noindex, follow, max-snippet:-1, max-image-preview:large, max-video-preview:-1\" \/>\n<meta property=\"og:locale\" content=\"fr_FR\" \/>\n<meta property=\"og:type\" content=\"article\" \/>\n<meta property=\"og:title\" content=\"En Seine-Saint-Denis, la maternit\u00e9 des Lilas devrait fermer ses portes avant la fin de l\u2019ann\u00e9e - vof-news.eu\" \/>\n<meta property=\"og:description\" content=\"Le calendrier n\u2019est pas encore tout \u00e0 fait arr\u00eat\u00e9, mais la d\u00e9cision est act\u00e9e\u00a0: la maternit\u00e9 des Lilas (Seine-Saint-Denis), c\u00e9l\u00e8bre pour ses accouchements physiologiques, va fermer ses portes. L\u2019annonce a \u00e9t\u00e9 faite, mardi 1er\u00a0juillet, par l\u2019agence r\u00e9gionale de sant\u00e9 (ARS) d\u2019Ile-de-France aux repr\u00e9sentants de cet \u00e9tablissement priv\u00e9 non lucratif, au statut associatif.   Elle intervient dans un contexte particulier\u00a0: celui du d\u00e9bat, r\u00e9current dans l\u2019espace public, sur la fermeture des petites maternit\u00e9s \u2013 celles dites de \u00ab\u00a0secteur 1\u00a0\u00bb, comme Les\u00a0Lilas, n\u2019accueillant pas de grossesses \u00e0 risques et pratiquant souvent moins d\u2019un millier d\u2019accouchements par an ,explique-t-on \u00e0 l\u2019ARS francilienne, en invoquant, en premier lieu, la perte de sa certification par la Haute Autorit\u00e9 de sant\u00e9, le 15\u00a0janvier, .Autre argument mis en avant\u00a0: la baisse de l\u2019activit\u00e9 des Lilas. A ce stade, quelque 700\u00a0accouchements y ont \u00e9t\u00e9 pratiqu\u00e9s depuis le d\u00e9but de l\u2019ann\u00e9e, de source syndicale\u00a0; l\u2019ARS en comptabilisait environ 940 en\u00a02023, et 1\u00a0400 en\u00a02019. Troisi\u00e8me argument\u00a0: une cessation de paiements semble possible, le gestionnaire de l\u2019\u00e9tablissement \u2013 l\u2019association Naissance \u2013 ne parvenant plus \u00e0 assurer sa soutenabilit\u00e9 financi\u00e8re. Il vous reste 78.32% de cet article \u00e0 lire. La suite est r\u00e9serv\u00e9e aux abonn\u00e9s.\" \/>\n<meta property=\"og:url\" content=\"https:\/\/vof-news.eu\/fr\/en-seine-saint-denis-la-maternite-des-lilas-devrait-fermer-ses-portes-avant-la-fin-de-lannee\/\" \/>\n<meta property=\"og:site_name\" content=\"vof-news.eu\" \/>\n<meta property=\"article:published_time\" content=\"2025-07-06T16:30:10+00:00\" \/>\n<meta property=\"article:modified_time\" content=\"2025-07-06T16:30:26+00:00\" \/>\n<meta property=\"og:image\" content=\"https:\/\/vof-news.eu\/wp-content\/uploads\/2025\/07\/ade622e_upload-1-bmhqxbmvxulo-000-par7629906.jpg\" \/>\n\t<meta property=\"og:image:width\" content=\"664\" \/>\n\t<meta property=\"og:image:height\" content=\"442\" \/>\n\t<meta property=\"og:image:type\" content=\"image\/jpeg\" \/>\n<meta name=\"author\" content=\"Author\" \/>\n<meta name=\"twitter:card\" content=\"summary_large_image\" \/>\n<meta name=\"twitter:label1\" content=\"\u00c9crit par\" \/>\n\t<meta name=\"twitter:data1\" content=\"Author\" \/>\n\t<meta name=\"twitter:label2\" content=\"Dur\u00e9e de lecture estim\u00e9e\" \/>\n\t<meta name=\"twitter:data2\" content=\"1 minute\" \/>\n<script type=\"application\/ld+json\" class=\"yoast-schema-graph\">{\"@context\":\"https:\/\/schema.org\",\"@graph\":[{\"@type\":\"WebPage\",\"@id\":\"https:\/\/vof-news.eu\/fr\/en-seine-saint-denis-la-maternite-des-lilas-devrait-fermer-ses-portes-avant-la-fin-de-lannee\/\",\"url\":\"https:\/\/vof-news.eu\/fr\/en-seine-saint-denis-la-maternite-des-lilas-devrait-fermer-ses-portes-avant-la-fin-de-lannee\/\",\"name\":\"En Seine-Saint-Denis, la maternit\u00e9 des Lilas devrait fermer ses portes avant la fin de l\u2019ann\u00e9e - vof-news.eu\",\"isPartOf\":{\"@id\":\"https:\/\/vof-news.eu\/fr\/#website\"},\"primaryImageOfPage\":{\"@id\":\"https:\/\/vof-news.eu\/fr\/en-seine-saint-denis-la-maternite-des-lilas-devrait-fermer-ses-portes-avant-la-fin-de-lannee\/#primaryimage\"},\"image\":{\"@id\":\"https:\/\/vof-news.eu\/fr\/en-seine-saint-denis-la-maternite-des-lilas-devrait-fermer-ses-portes-avant-la-fin-de-lannee\/#primaryimage\"},\"thumbnailUrl\":\"https:\/\/vof-news.eu\/wp-content\/uploads\/2025\/07\/ade622e_upload-1-bmhqxbmvxulo-000-par7629906.jpg\",\"datePublished\":\"2025-07-06T16:30:10+00:00\",\"dateModified\":\"2025-07-06T16:30:26+00:00\",\"author\":{\"@id\":\"https:\/\/vof-news.eu\/fr\/#\/schema\/person\/f6a2a4309f0561835797fd8c19b333ed\"},\"description\":\"Le calendrier n\u2019est pas encore tout \u00e0 fait arr\u00eat\u00e9, mais la d\u00e9cision est act\u00e9e\u00a0: la maternit\u00e9 des Lilas (Seine-Saint-Denis), c\u00e9l\u00e8bre pour ses accouchements physiologiques, va fermer ses portes. L\u2019annonce a \u00e9t\u00e9 faite, mardi 1er\u00a0juillet, par l\u2019agence r\u00e9gionale de sant\u00e9 (ARS) d\u2019Ile-de-France aux repr\u00e9sentants de cet \u00e9tablissement priv\u00e9 non lucratif, au statut associatif. Elle intervient dans un contexte particulier\u00a0: celui du d\u00e9bat, r\u00e9current dans l\u2019espace public, sur la fermeture des petites maternit\u00e9s \u2013 celles dites de \u00ab\u00a0secteur 1\u00a0\u00bb, comme Les\u00a0Lilas, n\u2019accueillant pas de grossesses \u00e0 risques et pratiquant souvent moins d\u2019un millier d\u2019accouchements par an ,explique-t-on \u00e0 l\u2019ARS francilienne, en invoquant, en premier lieu, la perte de sa certification par la Haute Autorit\u00e9 de sant\u00e9, le 15\u00a0janvier, .Autre argument mis en avant\u00a0: la baisse de l\u2019activit\u00e9 des Lilas. A ce stade, quelque 700\u00a0accouchements y ont \u00e9t\u00e9 pratiqu\u00e9s depuis le d\u00e9but de l\u2019ann\u00e9e, de source syndicale\u00a0; l\u2019ARS en comptabilisait environ 940 en\u00a02023, et 1\u00a0400 en\u00a02019. Troisi\u00e8me argument\u00a0: une cessation de paiements semble possible, le gestionnaire de l\u2019\u00e9tablissement \u2013 l\u2019association Naissance \u2013 ne parvenant plus \u00e0 assurer sa soutenabilit\u00e9 financi\u00e8re. Il vous reste 78.32% de cet article \u00e0 lire. La suite est r\u00e9serv\u00e9e aux abonn\u00e9s.\",\"breadcrumb\":{\"@id\":\"https:\/\/vof-news.eu\/fr\/en-seine-saint-denis-la-maternite-des-lilas-devrait-fermer-ses-portes-avant-la-fin-de-lannee\/#breadcrumb\"},\"inLanguage\":\"fr-FR\",\"potentialAction\":[{\"@type\":\"ReadAction\",\"target\":[\"https:\/\/vof-news.eu\/fr\/en-seine-saint-denis-la-maternite-des-lilas-devrait-fermer-ses-portes-avant-la-fin-de-lannee\/\"]}]},{\"@type\":\"ImageObject\",\"inLanguage\":\"fr-FR\",\"@id\":\"https:\/\/vof-news.eu\/fr\/en-seine-saint-denis-la-maternite-des-lilas-devrait-fermer-ses-portes-avant-la-fin-de-lannee\/#primaryimage\",\"url\":\"https:\/\/vof-news.eu\/wp-content\/uploads\/2025\/07\/ade622e_upload-1-bmhqxbmvxulo-000-par7629906.jpg\",\"contentUrl\":\"https:\/\/vof-news.eu\/wp-content\/uploads\/2025\/07\/ade622e_upload-1-bmhqxbmvxulo-000-par7629906.jpg\",\"width\":664,\"height\":442},{\"@type\":\"BreadcrumbList\",\"@id\":\"https:\/\/vof-news.eu\/fr\/en-seine-saint-denis-la-maternite-des-lilas-devrait-fermer-ses-portes-avant-la-fin-de-lannee\/#breadcrumb\",\"itemListElement\":[{\"@type\":\"ListItem\",\"position\":1,\"name\":\"Home\",\"item\":\"https:\/\/vof-news.eu\/fr\/\"},{\"@type\":\"ListItem\",\"position\":2,\"name\":\"En Seine-Saint-Denis, la maternit\u00e9 des Lilas devrait fermer ses portes avant la fin de l\u2019ann\u00e9e\"}]},{\"@type\":\"WebSite\",\"@id\":\"https:\/\/vof-news.eu\/fr\/#website\",\"url\":\"https:\/\/vof-news.eu\/fr\/\",\"name\":\"vof-news.eu\",\"description\":\"\",\"potentialAction\":[{\"@type\":\"SearchAction\",\"target\":{\"@type\":\"EntryPoint\",\"urlTemplate\":\"https:\/\/vof-news.eu\/fr\/?s={search_term_string}\"},\"query-input\":\"required name=search_term_string\"}],\"inLanguage\":\"fr-FR\"},{\"@type\":\"Person\",\"@id\":\"https:\/\/vof-news.eu\/fr\/#\/schema\/person\/f6a2a4309f0561835797fd8c19b333ed\",\"name\":\"Author\",\"image\":{\"@type\":\"ImageObject\",\"inLanguage\":\"fr-FR\",\"@id\":\"https:\/\/vof-news.eu\/fr\/#\/schema\/person\/image\/\",\"url\":\"https:\/\/secure.gravatar.com\/avatar\/b67e614b1b25b3e9c0c239efdd2fde5ab015b5affd6f1c3c85911ca4b384e790?s=96&d=mm&r=g\",\"contentUrl\":\"https:\/\/secure.gravatar.com\/avatar\/b67e614b1b25b3e9c0c239efdd2fde5ab015b5affd6f1c3c85911ca4b384e790?s=96&d=mm&r=g\",\"caption\":\"Author\"},\"sameAs\":[\"http:\/\/vof-news.eu\"],\"url\":\"https:\/\/vof-news.eu\/fr\/author\/zwt6qxnjulxbnyg\/\"}]}<\/script>\n<!-- \/ Yoast SEO plugin. -->","yoast_head_json":{"title":"En Seine-Saint-Denis, la maternit\u00e9 des Lilas devrait fermer ses portes avant la fin de l\u2019ann\u00e9e - vof-news.eu","description":"Le calendrier n\u2019est pas encore tout \u00e0 fait arr\u00eat\u00e9, mais la d\u00e9cision est act\u00e9e\u00a0: la maternit\u00e9 des Lilas (Seine-Saint-Denis), c\u00e9l\u00e8bre pour ses accouchements physiologiques, va fermer ses portes. L\u2019annonce a \u00e9t\u00e9 faite, mardi 1er\u00a0juillet, par l\u2019agence r\u00e9gionale de sant\u00e9 (ARS) d\u2019Ile-de-France aux repr\u00e9sentants de cet \u00e9tablissement priv\u00e9 non lucratif, au statut associatif.   Elle intervient dans un contexte particulier\u00a0: celui du d\u00e9bat, r\u00e9current dans l\u2019espace public, sur la fermeture des petites maternit\u00e9s \u2013 celles dites de \u00ab\u00a0secteur 1\u00a0\u00bb, comme Les\u00a0Lilas, n\u2019accueillant pas de grossesses \u00e0 risques et pratiquant souvent moins d\u2019un millier d\u2019accouchements par an ,explique-t-on \u00e0 l\u2019ARS francilienne, en invoquant, en premier lieu, la perte de sa certification par la Haute Autorit\u00e9 de sant\u00e9, le 15\u00a0janvier, .Autre argument mis en avant\u00a0: la baisse de l\u2019activit\u00e9 des Lilas. A ce stade, quelque 700\u00a0accouchements y ont \u00e9t\u00e9 pratiqu\u00e9s depuis le d\u00e9but de l\u2019ann\u00e9e, de source syndicale\u00a0; l\u2019ARS en comptabilisait environ 940 en\u00a02023, et 1\u00a0400 en\u00a02019. Troisi\u00e8me argument\u00a0: une cessation de paiements semble possible, le gestionnaire de l\u2019\u00e9tablissement \u2013 l\u2019association Naissance \u2013 ne parvenant plus \u00e0 assurer sa soutenabilit\u00e9 financi\u00e8re. Il vous reste 78.32% de cet article \u00e0 lire. La suite est r\u00e9serv\u00e9e aux abonn\u00e9s.","robots":{"index":"noindex","follow":"follow","max-snippet":"max-snippet:-1","max-image-preview":"max-image-preview:large","max-video-preview":"max-video-preview:-1"},"og_locale":"fr_FR","og_type":"article","og_title":"En Seine-Saint-Denis, la maternit\u00e9 des Lilas devrait fermer ses portes avant la fin de l\u2019ann\u00e9e - vof-news.eu","og_description":"Le calendrier n\u2019est pas encore tout \u00e0 fait arr\u00eat\u00e9, mais la d\u00e9cision est act\u00e9e\u00a0: la maternit\u00e9 des Lilas (Seine-Saint-Denis), c\u00e9l\u00e8bre pour ses accouchements physiologiques, va fermer ses portes. L\u2019annonce a \u00e9t\u00e9 faite, mardi 1er\u00a0juillet, par l\u2019agence r\u00e9gionale de sant\u00e9 (ARS) d\u2019Ile-de-France aux repr\u00e9sentants de cet \u00e9tablissement priv\u00e9 non lucratif, au statut associatif.   Elle intervient dans un contexte particulier\u00a0: celui du d\u00e9bat, r\u00e9current dans l\u2019espace public, sur la fermeture des petites maternit\u00e9s \u2013 celles dites de \u00ab\u00a0secteur 1\u00a0\u00bb, comme Les\u00a0Lilas, n\u2019accueillant pas de grossesses \u00e0 risques et pratiquant souvent moins d\u2019un millier d\u2019accouchements par an ,explique-t-on \u00e0 l\u2019ARS francilienne, en invoquant, en premier lieu, la perte de sa certification par la Haute Autorit\u00e9 de sant\u00e9, le 15\u00a0janvier, .Autre argument mis en avant\u00a0: la baisse de l\u2019activit\u00e9 des Lilas. A ce stade, quelque 700\u00a0accouchements y ont \u00e9t\u00e9 pratiqu\u00e9s depuis le d\u00e9but de l\u2019ann\u00e9e, de source syndicale\u00a0; l\u2019ARS en comptabilisait environ 940 en\u00a02023, et 1\u00a0400 en\u00a02019. Troisi\u00e8me argument\u00a0: une cessation de paiements semble possible, le gestionnaire de l\u2019\u00e9tablissement \u2013 l\u2019association Naissance \u2013 ne parvenant plus \u00e0 assurer sa soutenabilit\u00e9 financi\u00e8re. Il vous reste 78.32% de cet article \u00e0 lire. La suite est r\u00e9serv\u00e9e aux abonn\u00e9s.","og_url":"https:\/\/vof-news.eu\/fr\/en-seine-saint-denis-la-maternite-des-lilas-devrait-fermer-ses-portes-avant-la-fin-de-lannee\/","og_site_name":"vof-news.eu","article_published_time":"2025-07-06T16:30:10+00:00","article_modified_time":"2025-07-06T16:30:26+00:00","og_image":[{"width":664,"height":442,"url":"https:\/\/vof-news.eu\/wp-content\/uploads\/2025\/07\/ade622e_upload-1-bmhqxbmvxulo-000-par7629906.jpg","type":"image\/jpeg"}],"author":"Author","twitter_card":"summary_large_image","twitter_misc":{"\u00c9crit par":"Author","Dur\u00e9e de lecture estim\u00e9e":"1 minute"},"schema":{"@context":"https:\/\/schema.org","@graph":[{"@type":"WebPage","@id":"https:\/\/vof-news.eu\/fr\/en-seine-saint-denis-la-maternite-des-lilas-devrait-fermer-ses-portes-avant-la-fin-de-lannee\/","url":"https:\/\/vof-news.eu\/fr\/en-seine-saint-denis-la-maternite-des-lilas-devrait-fermer-ses-portes-avant-la-fin-de-lannee\/","name":"En Seine-Saint-Denis, la maternit\u00e9 des Lilas devrait fermer ses portes avant la fin de l\u2019ann\u00e9e - vof-news.eu","isPartOf":{"@id":"https:\/\/vof-news.eu\/fr\/#website"},"primaryImageOfPage":{"@id":"https:\/\/vof-news.eu\/fr\/en-seine-saint-denis-la-maternite-des-lilas-devrait-fermer-ses-portes-avant-la-fin-de-lannee\/#primaryimage"},"image":{"@id":"https:\/\/vof-news.eu\/fr\/en-seine-saint-denis-la-maternite-des-lilas-devrait-fermer-ses-portes-avant-la-fin-de-lannee\/#primaryimage"},"thumbnailUrl":"https:\/\/vof-news.eu\/wp-content\/uploads\/2025\/07\/ade622e_upload-1-bmhqxbmvxulo-000-par7629906.jpg","datePublished":"2025-07-06T16:30:10+00:00","dateModified":"2025-07-06T16:30:26+00:00","author":{"@id":"https:\/\/vof-news.eu\/fr\/#\/schema\/person\/f6a2a4309f0561835797fd8c19b333ed"},"description":"Le calendrier n\u2019est pas encore tout \u00e0 fait arr\u00eat\u00e9, mais la d\u00e9cision est act\u00e9e\u00a0: la maternit\u00e9 des Lilas (Seine-Saint-Denis), c\u00e9l\u00e8bre pour ses accouchements physiologiques, va fermer ses portes. L\u2019annonce a \u00e9t\u00e9 faite, mardi 1er\u00a0juillet, par l\u2019agence r\u00e9gionale de sant\u00e9 (ARS) d\u2019Ile-de-France aux repr\u00e9sentants de cet \u00e9tablissement priv\u00e9 non lucratif, au statut associatif. Elle intervient dans un contexte particulier\u00a0: celui du d\u00e9bat, r\u00e9current dans l\u2019espace public, sur la fermeture des petites maternit\u00e9s \u2013 celles dites de \u00ab\u00a0secteur 1\u00a0\u00bb, comme Les\u00a0Lilas, n\u2019accueillant pas de grossesses \u00e0 risques et pratiquant souvent moins d\u2019un millier d\u2019accouchements par an ,explique-t-on \u00e0 l\u2019ARS francilienne, en invoquant, en premier lieu, la perte de sa certification par la Haute Autorit\u00e9 de sant\u00e9, le 15\u00a0janvier, .Autre argument mis en avant\u00a0: la baisse de l\u2019activit\u00e9 des Lilas. A ce stade, quelque 700\u00a0accouchements y ont \u00e9t\u00e9 pratiqu\u00e9s depuis le d\u00e9but de l\u2019ann\u00e9e, de source syndicale\u00a0; l\u2019ARS en comptabilisait environ 940 en\u00a02023, et 1\u00a0400 en\u00a02019. Troisi\u00e8me argument\u00a0: une cessation de paiements semble possible, le gestionnaire de l\u2019\u00e9tablissement \u2013 l\u2019association Naissance \u2013 ne parvenant plus \u00e0 assurer sa soutenabilit\u00e9 financi\u00e8re. Il vous reste 78.32% de cet article \u00e0 lire. La suite est r\u00e9serv\u00e9e aux abonn\u00e9s.","breadcrumb":{"@id":"https:\/\/vof-news.eu\/fr\/en-seine-saint-denis-la-maternite-des-lilas-devrait-fermer-ses-portes-avant-la-fin-de-lannee\/#breadcrumb"},"inLanguage":"fr-FR","potentialAction":[{"@type":"ReadAction","target":["https:\/\/vof-news.eu\/fr\/en-seine-saint-denis-la-maternite-des-lilas-devrait-fermer-ses-portes-avant-la-fin-de-lannee\/"]}]},{"@type":"ImageObject","inLanguage":"fr-FR","@id":"https:\/\/vof-news.eu\/fr\/en-seine-saint-denis-la-maternite-des-lilas-devrait-fermer-ses-portes-avant-la-fin-de-lannee\/#primaryimage","url":"https:\/\/vof-news.eu\/wp-content\/uploads\/2025\/07\/ade622e_upload-1-bmhqxbmvxulo-000-par7629906.jpg","contentUrl":"https:\/\/vof-news.eu\/wp-content\/uploads\/2025\/07\/ade622e_upload-1-bmhqxbmvxulo-000-par7629906.jpg","width":664,"height":442},{"@type":"BreadcrumbList","@id":"https:\/\/vof-news.eu\/fr\/en-seine-saint-denis-la-maternite-des-lilas-devrait-fermer-ses-portes-avant-la-fin-de-lannee\/#breadcrumb","itemListElement":[{"@type":"ListItem","position":1,"name":"Home","item":"https:\/\/vof-news.eu\/fr\/"},{"@type":"ListItem","position":2,"name":"En Seine-Saint-Denis, la maternit\u00e9 des Lilas devrait fermer ses portes avant la fin de l\u2019ann\u00e9e"}]},{"@type":"WebSite","@id":"https:\/\/vof-news.eu\/fr\/#website","url":"https:\/\/vof-news.eu\/fr\/","name":"vof-news.eu","description":"","potentialAction":[{"@type":"SearchAction","target":{"@type":"EntryPoint","urlTemplate":"https:\/\/vof-news.eu\/fr\/?s={search_term_string}"},"query-input":"required name=search_term_string"}],"inLanguage":"fr-FR"},{"@type":"Person","@id":"https:\/\/vof-news.eu\/fr\/#\/schema\/person\/f6a2a4309f0561835797fd8c19b333ed","name":"Author","image":{"@type":"ImageObject","inLanguage":"fr-FR","@id":"https:\/\/vof-news.eu\/fr\/#\/schema\/person\/image\/","url":"https:\/\/secure.gravatar.com\/avatar\/b67e614b1b25b3e9c0c239efdd2fde5ab015b5affd6f1c3c85911ca4b384e790?s=96&d=mm&r=g","contentUrl":"https:\/\/secure.gravatar.com\/avatar\/b67e614b1b25b3e9c0c239efdd2fde5ab015b5affd6f1c3c85911ca4b384e790?s=96&d=mm&r=g","caption":"Author"},"sameAs":["http:\/\/vof-news.eu"],"url":"https:\/\/vof-news.eu\/fr\/author\/zwt6qxnjulxbnyg\/"}]}},"yoast_meta":{"yoast_wpseo_title":"","yoast_wpseo_metadesc":"","yoast_wpseo_canonical":""},"_links":{"self":[{"href":"https:\/\/vof-news.eu\/fr\/wp-json\/wp\/v2\/posts\/248344","targetHints":{"allow":["GET"]}}],"collection":[{"href":"https:\/\/vof-news.eu\/fr\/wp-json\/wp\/v2\/posts"}],"about":[{"href":"https:\/\/vof-news.eu\/fr\/wp-json\/wp\/v2\/types\/post"}],"author":[{"embeddable":true,"href":"https:\/\/vof-news.eu\/fr\/wp-json\/wp\/v2\/users\/1"}],"replies":[{"embeddable":true,"href":"https:\/\/vof-news.eu\/fr\/wp-json\/wp\/v2\/comments?post=248344"}],"version-history":[{"count":1,"href":"https:\/\/vof-news.eu\/fr\/wp-json\/wp\/v2\/posts\/248344\/revisions"}],"predecessor-version":[{"id":248352,"href":"https:\/\/vof-news.eu\/fr\/wp-json\/wp\/v2\/posts\/248344\/revisions\/248352"}],"wp:featuredmedia":[{"embeddable":true,"href":"https:\/\/vof-news.eu\/fr\/wp-json\/wp\/v2\/media\/248345"}],"wp:attachment":[{"href":"https:\/\/vof-news.eu\/fr\/wp-json\/wp\/v2\/media?parent=248344"}],"wp:term":[{"taxonomy":"category","embeddable":true,"href":"https:\/\/vof-news.eu\/fr\/wp-json\/wp\/v2\/categories?post=248344"},{"taxonomy":"post_tag","embeddable":true,"href":"https:\/\/vof-news.eu\/fr\/wp-json\/wp\/v2\/tags?post=248344"}],"curies":[{"name":"wp","href":"https:\/\/api.w.org\/{rel}","templated":true}]}}