{"id":248305,"date":"2025-07-06T17:31:51","date_gmt":"2025-07-06T14:31:51","guid":{"rendered":"https:\/\/vof-news.eu\/les-ateliers-portes-ouvertes-de-la-revue-study\/"},"modified":"2025-07-06T17:32:05","modified_gmt":"2025-07-06T14:32:05","slug":"les-ateliers-portes-ouvertes-de-la-revue-study","status":"publish","type":"post","link":"https:\/\/vof-news.eu\/fr\/les-ateliers-portes-ouvertes-de-la-revue-study\/","title":{"rendered":"Les ateliers portes ouvertes de la revue \u00ab\u00a0Study\u00a0\u00bb"},"content":{"rendered":"<article>\n<p>Depuis son lancement, en\u00a02022, le magazine s\u2019est impos\u00e9 comme l\u2019une des publications les plus attendues de la sc\u00e8ne \u00e9ditoriale ind\u00e9pendante. Imagin\u00e9e par Christopher Niquet, r\u00e9dacteur en chef, styliste, auteur et \u00e9diteur fran\u00e7ais,<strong> <\/strong>cette revue trimestrielle cultive une obsession\u00a0: consacrer chaque num\u00e9ro \u00e0 une figure artistique, \u00e0 un lieu ou \u00e0 un sujet particulier, explor\u00e9 sous toutes ses facettes.<\/p>\n<p>Publi\u00e9 en anglais,  se pr\u00e9sente comme un objet \u00e0 collectionner. Chaque volume combine entretiens, archives, photographies originales et contributions \u00e9ditoriales. En dix volumes, le magazines\u2019est int\u00e9ress\u00e9 au travail d\u2019artistes tr\u00e8s diff\u00e9rents, des \u00e9crivains, des photographes, des plasticiens (tels qu\u2019Adrienne Kennedy, G\u00f6sta Peterson ou Thea Djordjadze), s\u2019attachant \u00e0 raconter diff\u00e9remment leur travail et l\u2019\u00e9poque.<\/p>\n<p><strong>Il vous reste 77.49% de cet article \u00e0 lire. La suite est r\u00e9serv\u00e9e aux abonn\u00e9s.<\/strong><\/p>\n<\/article>\n","protected":false},"excerpt":{"rendered":"<p>Depuis son lancement, en\u00a02022, le magazine s\u2019est impos\u00e9 comme l\u2019une des publications les plus attendues de la sc\u00e8ne \u00e9ditoriale ind\u00e9pendante. Imagin\u00e9e par Christopher Niquet, r\u00e9dacteur en chef, styliste, auteur et \u00e9diteur fran\u00e7ais, cette revue trimestrielle cultive une obsession\u00a0: consacrer chaque num\u00e9ro \u00e0 une figure artistique, \u00e0 un lieu ou \u00e0 un sujet particulier, explor\u00e9 sous<\/p>\n","protected":false},"author":1,"featured_media":248306,"comment_status":"open","ping_status":"open","sticky":false,"template":"","format":"standard","meta":{"footnotes":""},"categories":[63],"tags":[],"class_list":["post-248305","post","type-post","status-publish","format-standard","has-post-thumbnail","hentry","category-culture-fr"],"acf":[],"yoast_head":"<!-- This site is optimized with the Yoast SEO plugin v22.9 - https:\/\/yoast.com\/wordpress\/plugins\/seo\/ -->\n<title>Les ateliers portes ouvertes de la revue \u00ab\u00a0Study\u00a0\u00bb - vof-news.eu<\/title>\n<meta name=\"description\" content=\"Depuis son lancement, en\u00a02022, le magazine s\u2019est impos\u00e9 comme l\u2019une des publications les plus attendues de la sc\u00e8ne \u00e9ditoriale ind\u00e9pendante. Imagin\u00e9e par Christopher Niquet, r\u00e9dacteur en chef, styliste, auteur et \u00e9diteur fran\u00e7ais, cette revue trimestrielle cultive une obsession\u00a0: consacrer chaque num\u00e9ro \u00e0 une figure artistique, \u00e0 un lieu ou \u00e0 un sujet particulier, explor\u00e9 sous toutes ses facettes. Publi\u00e9 en anglais, se pr\u00e9sente comme un objet \u00e0 collectionner. Chaque volume combine entretiens, archives, photographies originales et contributions \u00e9ditoriales. En dix volumes, le magazines\u2019est int\u00e9ress\u00e9 au travail d\u2019artistes tr\u00e8s diff\u00e9rents, des \u00e9crivains, des photographes, des plasticiens (tels qu\u2019Adrienne Kennedy, G\u00f6sta Peterson ou Thea Djordjadze), s\u2019attachant \u00e0 raconter diff\u00e9remment leur travail et l\u2019\u00e9poque. Il vous reste 77.49% de cet article \u00e0 lire. La suite est r\u00e9serv\u00e9e aux abonn\u00e9s.\" \/>\n<meta name=\"robots\" content=\"noindex, follow, max-snippet:-1, max-image-preview:large, max-video-preview:-1\" \/>\n<meta property=\"og:locale\" content=\"fr_FR\" \/>\n<meta property=\"og:type\" content=\"article\" \/>\n<meta property=\"og:title\" content=\"Les ateliers portes ouvertes de la revue \u00ab\u00a0Study\u00a0\u00bb - vof-news.eu\" \/>\n<meta property=\"og:description\" content=\"Depuis son lancement, en\u00a02022, le magazine s\u2019est impos\u00e9 comme l\u2019une des publications les plus attendues de la sc\u00e8ne \u00e9ditoriale ind\u00e9pendante. Imagin\u00e9e par Christopher Niquet, r\u00e9dacteur en chef, styliste, auteur et \u00e9diteur fran\u00e7ais, cette revue trimestrielle cultive une obsession\u00a0: consacrer chaque num\u00e9ro \u00e0 une figure artistique, \u00e0 un lieu ou \u00e0 un sujet particulier, explor\u00e9 sous toutes ses facettes. Publi\u00e9 en anglais, se pr\u00e9sente comme un objet \u00e0 collectionner. Chaque volume combine entretiens, archives, photographies originales et contributions \u00e9ditoriales. En dix volumes, le magazines\u2019est int\u00e9ress\u00e9 au travail d\u2019artistes tr\u00e8s diff\u00e9rents, des \u00e9crivains, des photographes, des plasticiens (tels qu\u2019Adrienne Kennedy, G\u00f6sta Peterson ou Thea Djordjadze), s\u2019attachant \u00e0 raconter diff\u00e9remment leur travail et l\u2019\u00e9poque. Il vous reste 77.49% de cet article \u00e0 lire. La suite est r\u00e9serv\u00e9e aux abonn\u00e9s.\" \/>\n<meta property=\"og:url\" content=\"https:\/\/vof-news.eu\/fr\/les-ateliers-portes-ouvertes-de-la-revue-study\/\" \/>\n<meta property=\"og:site_name\" content=\"vof-news.eu\" \/>\n<meta property=\"article:published_time\" content=\"2025-07-06T14:31:51+00:00\" \/>\n<meta property=\"article:modified_time\" content=\"2025-07-06T14:32:05+00:00\" \/>\n<meta property=\"og:image\" content=\"https:\/\/vof-news.eu\/wp-content\/uploads\/2025\/07\/df2283d_ftp-import-images-1-o4gx3qny94kk-388654-3428785.jpg\" \/>\n\t<meta property=\"og:image:width\" content=\"664\" \/>\n\t<meta property=\"og:image:height\" content=\"885\" \/>\n\t<meta property=\"og:image:type\" content=\"image\/jpeg\" \/>\n<meta name=\"author\" content=\"Author\" \/>\n<meta name=\"twitter:card\" content=\"summary_large_image\" \/>\n<meta name=\"twitter:label1\" content=\"\u00c9crit par\" \/>\n\t<meta name=\"twitter:data1\" content=\"Author\" \/>\n\t<meta name=\"twitter:label2\" content=\"Dur\u00e9e de lecture estim\u00e9e\" \/>\n\t<meta name=\"twitter:data2\" content=\"1 minute\" \/>\n<script type=\"application\/ld+json\" class=\"yoast-schema-graph\">{\"@context\":\"https:\/\/schema.org\",\"@graph\":[{\"@type\":\"WebPage\",\"@id\":\"https:\/\/vof-news.eu\/fr\/les-ateliers-portes-ouvertes-de-la-revue-study\/\",\"url\":\"https:\/\/vof-news.eu\/fr\/les-ateliers-portes-ouvertes-de-la-revue-study\/\",\"name\":\"Les ateliers portes ouvertes de la revue \u00ab\u00a0Study\u00a0\u00bb - vof-news.eu\",\"isPartOf\":{\"@id\":\"https:\/\/vof-news.eu\/fr\/#website\"},\"primaryImageOfPage\":{\"@id\":\"https:\/\/vof-news.eu\/fr\/les-ateliers-portes-ouvertes-de-la-revue-study\/#primaryimage\"},\"image\":{\"@id\":\"https:\/\/vof-news.eu\/fr\/les-ateliers-portes-ouvertes-de-la-revue-study\/#primaryimage\"},\"thumbnailUrl\":\"https:\/\/vof-news.eu\/wp-content\/uploads\/2025\/07\/df2283d_ftp-import-images-1-o4gx3qny94kk-388654-3428785.jpg\",\"datePublished\":\"2025-07-06T14:31:51+00:00\",\"dateModified\":\"2025-07-06T14:32:05+00:00\",\"author\":{\"@id\":\"https:\/\/vof-news.eu\/fr\/#\/schema\/person\/f6a2a4309f0561835797fd8c19b333ed\"},\"description\":\"Depuis son lancement, en\u00a02022, le magazine s\u2019est impos\u00e9 comme l\u2019une des publications les plus attendues de la sc\u00e8ne \u00e9ditoriale ind\u00e9pendante. Imagin\u00e9e par Christopher Niquet, r\u00e9dacteur en chef, styliste, auteur et \u00e9diteur fran\u00e7ais, cette revue trimestrielle cultive une obsession\u00a0: consacrer chaque num\u00e9ro \u00e0 une figure artistique, \u00e0 un lieu ou \u00e0 un sujet particulier, explor\u00e9 sous toutes ses facettes. Publi\u00e9 en anglais, se pr\u00e9sente comme un objet \u00e0 collectionner. Chaque volume combine entretiens, archives, photographies originales et contributions \u00e9ditoriales. En dix volumes, le magazines\u2019est int\u00e9ress\u00e9 au travail d\u2019artistes tr\u00e8s diff\u00e9rents, des \u00e9crivains, des photographes, des plasticiens (tels qu\u2019Adrienne Kennedy, G\u00f6sta Peterson ou Thea Djordjadze), s\u2019attachant \u00e0 raconter diff\u00e9remment leur travail et l\u2019\u00e9poque. Il vous reste 77.49% de cet article \u00e0 lire. La suite est r\u00e9serv\u00e9e aux abonn\u00e9s.\",\"breadcrumb\":{\"@id\":\"https:\/\/vof-news.eu\/fr\/les-ateliers-portes-ouvertes-de-la-revue-study\/#breadcrumb\"},\"inLanguage\":\"fr-FR\",\"potentialAction\":[{\"@type\":\"ReadAction\",\"target\":[\"https:\/\/vof-news.eu\/fr\/les-ateliers-portes-ouvertes-de-la-revue-study\/\"]}]},{\"@type\":\"ImageObject\",\"inLanguage\":\"fr-FR\",\"@id\":\"https:\/\/vof-news.eu\/fr\/les-ateliers-portes-ouvertes-de-la-revue-study\/#primaryimage\",\"url\":\"https:\/\/vof-news.eu\/wp-content\/uploads\/2025\/07\/df2283d_ftp-import-images-1-o4gx3qny94kk-388654-3428785.jpg\",\"contentUrl\":\"https:\/\/vof-news.eu\/wp-content\/uploads\/2025\/07\/df2283d_ftp-import-images-1-o4gx3qny94kk-388654-3428785.jpg\",\"width\":664,\"height\":885},{\"@type\":\"BreadcrumbList\",\"@id\":\"https:\/\/vof-news.eu\/fr\/les-ateliers-portes-ouvertes-de-la-revue-study\/#breadcrumb\",\"itemListElement\":[{\"@type\":\"ListItem\",\"position\":1,\"name\":\"Home\",\"item\":\"https:\/\/vof-news.eu\/fr\/\"},{\"@type\":\"ListItem\",\"position\":2,\"name\":\"Les ateliers portes ouvertes de la revue \u00ab\u00a0Study\u00a0\u00bb\"}]},{\"@type\":\"WebSite\",\"@id\":\"https:\/\/vof-news.eu\/fr\/#website\",\"url\":\"https:\/\/vof-news.eu\/fr\/\",\"name\":\"vof-news.eu\",\"description\":\"\",\"potentialAction\":[{\"@type\":\"SearchAction\",\"target\":{\"@type\":\"EntryPoint\",\"urlTemplate\":\"https:\/\/vof-news.eu\/fr\/?s={search_term_string}\"},\"query-input\":\"required name=search_term_string\"}],\"inLanguage\":\"fr-FR\"},{\"@type\":\"Person\",\"@id\":\"https:\/\/vof-news.eu\/fr\/#\/schema\/person\/f6a2a4309f0561835797fd8c19b333ed\",\"name\":\"Author\",\"image\":{\"@type\":\"ImageObject\",\"inLanguage\":\"fr-FR\",\"@id\":\"https:\/\/vof-news.eu\/fr\/#\/schema\/person\/image\/\",\"url\":\"https:\/\/secure.gravatar.com\/avatar\/b67e614b1b25b3e9c0c239efdd2fde5ab015b5affd6f1c3c85911ca4b384e790?s=96&d=mm&r=g\",\"contentUrl\":\"https:\/\/secure.gravatar.com\/avatar\/b67e614b1b25b3e9c0c239efdd2fde5ab015b5affd6f1c3c85911ca4b384e790?s=96&d=mm&r=g\",\"caption\":\"Author\"},\"sameAs\":[\"http:\/\/vof-news.eu\"],\"url\":\"https:\/\/vof-news.eu\/fr\/author\/zwt6qxnjulxbnyg\/\"}]}<\/script>\n<!-- \/ Yoast SEO plugin. -->","yoast_head_json":{"title":"Les ateliers portes ouvertes de la revue \u00ab\u00a0Study\u00a0\u00bb - vof-news.eu","description":"Depuis son lancement, en\u00a02022, le magazine s\u2019est impos\u00e9 comme l\u2019une des publications les plus attendues de la sc\u00e8ne \u00e9ditoriale ind\u00e9pendante. Imagin\u00e9e par Christopher Niquet, r\u00e9dacteur en chef, styliste, auteur et \u00e9diteur fran\u00e7ais, cette revue trimestrielle cultive une obsession\u00a0: consacrer chaque num\u00e9ro \u00e0 une figure artistique, \u00e0 un lieu ou \u00e0 un sujet particulier, explor\u00e9 sous toutes ses facettes. Publi\u00e9 en anglais, se pr\u00e9sente comme un objet \u00e0 collectionner. Chaque volume combine entretiens, archives, photographies originales et contributions \u00e9ditoriales. En dix volumes, le magazines\u2019est int\u00e9ress\u00e9 au travail d\u2019artistes tr\u00e8s diff\u00e9rents, des \u00e9crivains, des photographes, des plasticiens (tels qu\u2019Adrienne Kennedy, G\u00f6sta Peterson ou Thea Djordjadze), s\u2019attachant \u00e0 raconter diff\u00e9remment leur travail et l\u2019\u00e9poque. Il vous reste 77.49% de cet article \u00e0 lire. La suite est r\u00e9serv\u00e9e aux abonn\u00e9s.","robots":{"index":"noindex","follow":"follow","max-snippet":"max-snippet:-1","max-image-preview":"max-image-preview:large","max-video-preview":"max-video-preview:-1"},"og_locale":"fr_FR","og_type":"article","og_title":"Les ateliers portes ouvertes de la revue \u00ab\u00a0Study\u00a0\u00bb - vof-news.eu","og_description":"Depuis son lancement, en\u00a02022, le magazine s\u2019est impos\u00e9 comme l\u2019une des publications les plus attendues de la sc\u00e8ne \u00e9ditoriale ind\u00e9pendante. Imagin\u00e9e par Christopher Niquet, r\u00e9dacteur en chef, styliste, auteur et \u00e9diteur fran\u00e7ais, cette revue trimestrielle cultive une obsession\u00a0: consacrer chaque num\u00e9ro \u00e0 une figure artistique, \u00e0 un lieu ou \u00e0 un sujet particulier, explor\u00e9 sous toutes ses facettes. Publi\u00e9 en anglais, se pr\u00e9sente comme un objet \u00e0 collectionner. Chaque volume combine entretiens, archives, photographies originales et contributions \u00e9ditoriales. En dix volumes, le magazines\u2019est int\u00e9ress\u00e9 au travail d\u2019artistes tr\u00e8s diff\u00e9rents, des \u00e9crivains, des photographes, des plasticiens (tels qu\u2019Adrienne Kennedy, G\u00f6sta Peterson ou Thea Djordjadze), s\u2019attachant \u00e0 raconter diff\u00e9remment leur travail et l\u2019\u00e9poque. Il vous reste 77.49% de cet article \u00e0 lire. La suite est r\u00e9serv\u00e9e aux abonn\u00e9s.","og_url":"https:\/\/vof-news.eu\/fr\/les-ateliers-portes-ouvertes-de-la-revue-study\/","og_site_name":"vof-news.eu","article_published_time":"2025-07-06T14:31:51+00:00","article_modified_time":"2025-07-06T14:32:05+00:00","og_image":[{"width":664,"height":885,"url":"https:\/\/vof-news.eu\/wp-content\/uploads\/2025\/07\/df2283d_ftp-import-images-1-o4gx3qny94kk-388654-3428785.jpg","type":"image\/jpeg"}],"author":"Author","twitter_card":"summary_large_image","twitter_misc":{"\u00c9crit par":"Author","Dur\u00e9e de lecture estim\u00e9e":"1 minute"},"schema":{"@context":"https:\/\/schema.org","@graph":[{"@type":"WebPage","@id":"https:\/\/vof-news.eu\/fr\/les-ateliers-portes-ouvertes-de-la-revue-study\/","url":"https:\/\/vof-news.eu\/fr\/les-ateliers-portes-ouvertes-de-la-revue-study\/","name":"Les ateliers portes ouvertes de la revue \u00ab\u00a0Study\u00a0\u00bb - vof-news.eu","isPartOf":{"@id":"https:\/\/vof-news.eu\/fr\/#website"},"primaryImageOfPage":{"@id":"https:\/\/vof-news.eu\/fr\/les-ateliers-portes-ouvertes-de-la-revue-study\/#primaryimage"},"image":{"@id":"https:\/\/vof-news.eu\/fr\/les-ateliers-portes-ouvertes-de-la-revue-study\/#primaryimage"},"thumbnailUrl":"https:\/\/vof-news.eu\/wp-content\/uploads\/2025\/07\/df2283d_ftp-import-images-1-o4gx3qny94kk-388654-3428785.jpg","datePublished":"2025-07-06T14:31:51+00:00","dateModified":"2025-07-06T14:32:05+00:00","author":{"@id":"https:\/\/vof-news.eu\/fr\/#\/schema\/person\/f6a2a4309f0561835797fd8c19b333ed"},"description":"Depuis son lancement, en\u00a02022, le magazine s\u2019est impos\u00e9 comme l\u2019une des publications les plus attendues de la sc\u00e8ne \u00e9ditoriale ind\u00e9pendante. Imagin\u00e9e par Christopher Niquet, r\u00e9dacteur en chef, styliste, auteur et \u00e9diteur fran\u00e7ais, cette revue trimestrielle cultive une obsession\u00a0: consacrer chaque num\u00e9ro \u00e0 une figure artistique, \u00e0 un lieu ou \u00e0 un sujet particulier, explor\u00e9 sous toutes ses facettes. Publi\u00e9 en anglais, se pr\u00e9sente comme un objet \u00e0 collectionner. Chaque volume combine entretiens, archives, photographies originales et contributions \u00e9ditoriales. En dix volumes, le magazines\u2019est int\u00e9ress\u00e9 au travail d\u2019artistes tr\u00e8s diff\u00e9rents, des \u00e9crivains, des photographes, des plasticiens (tels qu\u2019Adrienne Kennedy, G\u00f6sta Peterson ou Thea Djordjadze), s\u2019attachant \u00e0 raconter diff\u00e9remment leur travail et l\u2019\u00e9poque. Il vous reste 77.49% de cet article \u00e0 lire. La suite est r\u00e9serv\u00e9e aux abonn\u00e9s.","breadcrumb":{"@id":"https:\/\/vof-news.eu\/fr\/les-ateliers-portes-ouvertes-de-la-revue-study\/#breadcrumb"},"inLanguage":"fr-FR","potentialAction":[{"@type":"ReadAction","target":["https:\/\/vof-news.eu\/fr\/les-ateliers-portes-ouvertes-de-la-revue-study\/"]}]},{"@type":"ImageObject","inLanguage":"fr-FR","@id":"https:\/\/vof-news.eu\/fr\/les-ateliers-portes-ouvertes-de-la-revue-study\/#primaryimage","url":"https:\/\/vof-news.eu\/wp-content\/uploads\/2025\/07\/df2283d_ftp-import-images-1-o4gx3qny94kk-388654-3428785.jpg","contentUrl":"https:\/\/vof-news.eu\/wp-content\/uploads\/2025\/07\/df2283d_ftp-import-images-1-o4gx3qny94kk-388654-3428785.jpg","width":664,"height":885},{"@type":"BreadcrumbList","@id":"https:\/\/vof-news.eu\/fr\/les-ateliers-portes-ouvertes-de-la-revue-study\/#breadcrumb","itemListElement":[{"@type":"ListItem","position":1,"name":"Home","item":"https:\/\/vof-news.eu\/fr\/"},{"@type":"ListItem","position":2,"name":"Les ateliers portes ouvertes de la revue \u00ab\u00a0Study\u00a0\u00bb"}]},{"@type":"WebSite","@id":"https:\/\/vof-news.eu\/fr\/#website","url":"https:\/\/vof-news.eu\/fr\/","name":"vof-news.eu","description":"","potentialAction":[{"@type":"SearchAction","target":{"@type":"EntryPoint","urlTemplate":"https:\/\/vof-news.eu\/fr\/?s={search_term_string}"},"query-input":"required name=search_term_string"}],"inLanguage":"fr-FR"},{"@type":"Person","@id":"https:\/\/vof-news.eu\/fr\/#\/schema\/person\/f6a2a4309f0561835797fd8c19b333ed","name":"Author","image":{"@type":"ImageObject","inLanguage":"fr-FR","@id":"https:\/\/vof-news.eu\/fr\/#\/schema\/person\/image\/","url":"https:\/\/secure.gravatar.com\/avatar\/b67e614b1b25b3e9c0c239efdd2fde5ab015b5affd6f1c3c85911ca4b384e790?s=96&d=mm&r=g","contentUrl":"https:\/\/secure.gravatar.com\/avatar\/b67e614b1b25b3e9c0c239efdd2fde5ab015b5affd6f1c3c85911ca4b384e790?s=96&d=mm&r=g","caption":"Author"},"sameAs":["http:\/\/vof-news.eu"],"url":"https:\/\/vof-news.eu\/fr\/author\/zwt6qxnjulxbnyg\/"}]}},"yoast_meta":{"yoast_wpseo_title":"","yoast_wpseo_metadesc":"","yoast_wpseo_canonical":""},"_links":{"self":[{"href":"https:\/\/vof-news.eu\/fr\/wp-json\/wp\/v2\/posts\/248305","targetHints":{"allow":["GET"]}}],"collection":[{"href":"https:\/\/vof-news.eu\/fr\/wp-json\/wp\/v2\/posts"}],"about":[{"href":"https:\/\/vof-news.eu\/fr\/wp-json\/wp\/v2\/types\/post"}],"author":[{"embeddable":true,"href":"https:\/\/vof-news.eu\/fr\/wp-json\/wp\/v2\/users\/1"}],"replies":[{"embeddable":true,"href":"https:\/\/vof-news.eu\/fr\/wp-json\/wp\/v2\/comments?post=248305"}],"version-history":[{"count":1,"href":"https:\/\/vof-news.eu\/fr\/wp-json\/wp\/v2\/posts\/248305\/revisions"}],"predecessor-version":[{"id":248312,"href":"https:\/\/vof-news.eu\/fr\/wp-json\/wp\/v2\/posts\/248305\/revisions\/248312"}],"wp:featuredmedia":[{"embeddable":true,"href":"https:\/\/vof-news.eu\/fr\/wp-json\/wp\/v2\/media\/248306"}],"wp:attachment":[{"href":"https:\/\/vof-news.eu\/fr\/wp-json\/wp\/v2\/media?parent=248305"}],"wp:term":[{"taxonomy":"category","embeddable":true,"href":"https:\/\/vof-news.eu\/fr\/wp-json\/wp\/v2\/categories?post=248305"},{"taxonomy":"post_tag","embeddable":true,"href":"https:\/\/vof-news.eu\/fr\/wp-json\/wp\/v2\/tags?post=248305"}],"curies":[{"name":"wp","href":"https:\/\/api.w.org\/{rel}","templated":true}]}}