{"id":248297,"date":"2025-07-06T17:31:25","date_gmt":"2025-07-06T14:31:25","guid":{"rendered":"https:\/\/vof-news.eu\/festival-davignon-alison-dechamps-le-verbe-dans-la-peau\/"},"modified":"2025-07-06T17:31:37","modified_gmt":"2025-07-06T14:31:37","slug":"festival-davignon-alison-dechamps-le-verbe-dans-la-peau","status":"publish","type":"post","link":"https:\/\/vof-news.eu\/fr\/festival-davignon-alison-dechamps-le-verbe-dans-la-peau\/","title":{"rendered":"Festival d\u2019Avignon\u00a0: Alison Dechamps, le verbe dans la peau"},"content":{"rendered":"<article>\n<p>: alors que viennent de commencer, au mois de mai, les r\u00e9p\u00e9titions de \u00e9crit et mis en sc\u00e8ne par le directeur du Festival d\u2019Avignon, Tiago Rodrigues, la com\u00e9dienne Alison Dechamps n\u2019en dira pas davantage sur le r\u00f4le qu\u2019elle interpr\u00e8te, cet \u00e9t\u00e9, en t\u00eate \u00e0 t\u00eate avec l\u2019acteur Adama Diop. A 25\u00a0ans, l\u2019actrice qui, en\u00a02024, \u00e9tait encore \u00e9l\u00e8ve \u00e0 l\u2019\u00e9cole du Th\u00e9\u00e2tre national de Bretagne (TNB), se pr\u00e9pare \u00e0 un triple bapt\u00eame du feu\u00a0: premier spectacle professionnel, premi\u00e8re fois au Festival, premi\u00e8re venue \u00e0 Avignon.,soupire-t-elle, sans peur apparente.<\/p>\n<h2>Vocation<\/h2>\n<p>Rep\u00e9r\u00e9e par Tiago Rodrigues alors qu\u2019elle jouait avec ses camarades de promo dans (un spectacle de Guillaume Vincent), elle s\u2019appr\u00eate \u00e0 sauter dans le grand bain festivalier avec, en m\u00e9moire, le choc ressenti enfant face \u00e0 un cirque qui se produisait dans son village de Vend\u00e9e\u00a0:Un p\u00e8re ouvrier, une m\u00e8re ling\u00e8re, de tous c\u00f4t\u00e9s des adultes pour lui dire que  il fallait avoir la vocation chevill\u00e9e au corps pour s\u2019affranchir des interdits.<\/p>\n<p><strong>Il vous reste 36.07% de cet article \u00e0 lire. La suite est r\u00e9serv\u00e9e aux abonn\u00e9s.<\/strong><\/p>\n<\/article>\n","protected":false},"excerpt":{"rendered":"<p>: alors que viennent de commencer, au mois de mai, les r\u00e9p\u00e9titions de \u00e9crit et mis en sc\u00e8ne par le directeur du Festival d\u2019Avignon, Tiago Rodrigues, la com\u00e9dienne Alison Dechamps n\u2019en dira pas davantage sur le r\u00f4le qu\u2019elle interpr\u00e8te, cet \u00e9t\u00e9, en t\u00eate \u00e0 t\u00eate avec l\u2019acteur Adama Diop. A 25\u00a0ans, l\u2019actrice qui, en\u00a02024, \u00e9tait<\/p>\n","protected":false},"author":1,"featured_media":248298,"comment_status":"open","ping_status":"open","sticky":false,"template":"","format":"standard","meta":{"footnotes":""},"categories":[63],"tags":[],"class_list":["post-248297","post","type-post","status-publish","format-standard","has-post-thumbnail","hentry","category-culture-fr"],"acf":[],"yoast_head":"<!-- This site is optimized with the Yoast SEO plugin v22.9 - https:\/\/yoast.com\/wordpress\/plugins\/seo\/ -->\n<title>Festival d\u2019Avignon\u00a0: Alison Dechamps, le verbe dans la peau - vof-news.eu<\/title>\n<meta name=\"description\" content=\": alors que viennent de commencer, au mois de mai, les r\u00e9p\u00e9titions de \u00e9crit et mis en sc\u00e8ne par le directeur du Festival d\u2019Avignon, Tiago Rodrigues, la com\u00e9dienne Alison Dechamps n\u2019en dira pas davantage sur le r\u00f4le qu\u2019elle interpr\u00e8te, cet \u00e9t\u00e9, en t\u00eate \u00e0 t\u00eate avec l\u2019acteur Adama Diop. A 25\u00a0ans, l\u2019actrice qui, en\u00a02024, \u00e9tait encore \u00e9l\u00e8ve \u00e0 l\u2019\u00e9cole du Th\u00e9\u00e2tre national de Bretagne (TNB), se pr\u00e9pare \u00e0 un triple bapt\u00eame du feu\u00a0: premier spectacle professionnel, premi\u00e8re fois au Festival, premi\u00e8re venue \u00e0 Avignon.,soupire-t-elle, sans peur apparente. Vocation Rep\u00e9r\u00e9e par Tiago Rodrigues alors qu\u2019elle jouait avec ses camarades de promo dans (un spectacle de Guillaume Vincent), elle s\u2019appr\u00eate \u00e0 sauter dans le grand bain festivalier avec, en m\u00e9moire, le choc ressenti enfant face \u00e0 un cirque qui se produisait dans son village de Vend\u00e9e\u00a0:Un p\u00e8re ouvrier, une m\u00e8re ling\u00e8re, de tous c\u00f4t\u00e9s des adultes pour lui dire que il fallait avoir la vocation chevill\u00e9e au corps pour s\u2019affranchir des interdits. Il vous reste 36.07% de cet article \u00e0 lire. La suite est r\u00e9serv\u00e9e aux abonn\u00e9s.\" \/>\n<meta name=\"robots\" content=\"noindex, follow, max-snippet:-1, max-image-preview:large, max-video-preview:-1\" \/>\n<meta property=\"og:locale\" content=\"fr_FR\" \/>\n<meta property=\"og:type\" content=\"article\" \/>\n<meta property=\"og:title\" content=\"Festival d\u2019Avignon\u00a0: Alison Dechamps, le verbe dans la peau - vof-news.eu\" \/>\n<meta property=\"og:description\" content=\": alors que viennent de commencer, au mois de mai, les r\u00e9p\u00e9titions de \u00e9crit et mis en sc\u00e8ne par le directeur du Festival d\u2019Avignon, Tiago Rodrigues, la com\u00e9dienne Alison Dechamps n\u2019en dira pas davantage sur le r\u00f4le qu\u2019elle interpr\u00e8te, cet \u00e9t\u00e9, en t\u00eate \u00e0 t\u00eate avec l\u2019acteur Adama Diop. A 25\u00a0ans, l\u2019actrice qui, en\u00a02024, \u00e9tait encore \u00e9l\u00e8ve \u00e0 l\u2019\u00e9cole du Th\u00e9\u00e2tre national de Bretagne (TNB), se pr\u00e9pare \u00e0 un triple bapt\u00eame du feu\u00a0: premier spectacle professionnel, premi\u00e8re fois au Festival, premi\u00e8re venue \u00e0 Avignon.,soupire-t-elle, sans peur apparente. Vocation Rep\u00e9r\u00e9e par Tiago Rodrigues alors qu\u2019elle jouait avec ses camarades de promo dans (un spectacle de Guillaume Vincent), elle s\u2019appr\u00eate \u00e0 sauter dans le grand bain festivalier avec, en m\u00e9moire, le choc ressenti enfant face \u00e0 un cirque qui se produisait dans son village de Vend\u00e9e\u00a0:Un p\u00e8re ouvrier, une m\u00e8re ling\u00e8re, de tous c\u00f4t\u00e9s des adultes pour lui dire que il fallait avoir la vocation chevill\u00e9e au corps pour s\u2019affranchir des interdits. Il vous reste 36.07% de cet article \u00e0 lire. La suite est r\u00e9serv\u00e9e aux abonn\u00e9s.\" \/>\n<meta property=\"og:url\" content=\"https:\/\/vof-news.eu\/fr\/festival-davignon-alison-dechamps-le-verbe-dans-la-peau\/\" \/>\n<meta property=\"og:site_name\" content=\"vof-news.eu\" \/>\n<meta property=\"article:published_time\" content=\"2025-07-06T14:31:25+00:00\" \/>\n<meta property=\"article:modified_time\" content=\"2025-07-06T14:31:37+00:00\" \/>\n<meta property=\"og:image\" content=\"https:\/\/vof-news.eu\/wp-content\/uploads\/2025\/07\/4e6746c_upload-1-6ivi1n03cpv8-dechamps.jpg\" \/>\n\t<meta property=\"og:image:width\" content=\"664\" \/>\n\t<meta property=\"og:image:height\" content=\"929\" \/>\n\t<meta property=\"og:image:type\" content=\"image\/jpeg\" \/>\n<meta name=\"author\" content=\"Author\" \/>\n<meta name=\"twitter:card\" content=\"summary_large_image\" \/>\n<meta name=\"twitter:label1\" content=\"\u00c9crit par\" \/>\n\t<meta name=\"twitter:data1\" content=\"Author\" \/>\n\t<meta name=\"twitter:label2\" content=\"Dur\u00e9e de lecture estim\u00e9e\" \/>\n\t<meta name=\"twitter:data2\" content=\"1 minute\" \/>\n<script type=\"application\/ld+json\" class=\"yoast-schema-graph\">{\"@context\":\"https:\/\/schema.org\",\"@graph\":[{\"@type\":\"WebPage\",\"@id\":\"https:\/\/vof-news.eu\/fr\/festival-davignon-alison-dechamps-le-verbe-dans-la-peau\/\",\"url\":\"https:\/\/vof-news.eu\/fr\/festival-davignon-alison-dechamps-le-verbe-dans-la-peau\/\",\"name\":\"Festival d\u2019Avignon\u00a0: Alison Dechamps, le verbe dans la peau - vof-news.eu\",\"isPartOf\":{\"@id\":\"https:\/\/vof-news.eu\/fr\/#website\"},\"primaryImageOfPage\":{\"@id\":\"https:\/\/vof-news.eu\/fr\/festival-davignon-alison-dechamps-le-verbe-dans-la-peau\/#primaryimage\"},\"image\":{\"@id\":\"https:\/\/vof-news.eu\/fr\/festival-davignon-alison-dechamps-le-verbe-dans-la-peau\/#primaryimage\"},\"thumbnailUrl\":\"https:\/\/vof-news.eu\/wp-content\/uploads\/2025\/07\/4e6746c_upload-1-6ivi1n03cpv8-dechamps.jpg\",\"datePublished\":\"2025-07-06T14:31:25+00:00\",\"dateModified\":\"2025-07-06T14:31:37+00:00\",\"author\":{\"@id\":\"https:\/\/vof-news.eu\/fr\/#\/schema\/person\/f6a2a4309f0561835797fd8c19b333ed\"},\"description\":\": alors que viennent de commencer, au mois de mai, les r\u00e9p\u00e9titions de \u00e9crit et mis en sc\u00e8ne par le directeur du Festival d\u2019Avignon, Tiago Rodrigues, la com\u00e9dienne Alison Dechamps n\u2019en dira pas davantage sur le r\u00f4le qu\u2019elle interpr\u00e8te, cet \u00e9t\u00e9, en t\u00eate \u00e0 t\u00eate avec l\u2019acteur Adama Diop. A 25\u00a0ans, l\u2019actrice qui, en\u00a02024, \u00e9tait encore \u00e9l\u00e8ve \u00e0 l\u2019\u00e9cole du Th\u00e9\u00e2tre national de Bretagne (TNB), se pr\u00e9pare \u00e0 un triple bapt\u00eame du feu\u00a0: premier spectacle professionnel, premi\u00e8re fois au Festival, premi\u00e8re venue \u00e0 Avignon.,soupire-t-elle, sans peur apparente. Vocation Rep\u00e9r\u00e9e par Tiago Rodrigues alors qu\u2019elle jouait avec ses camarades de promo dans (un spectacle de Guillaume Vincent), elle s\u2019appr\u00eate \u00e0 sauter dans le grand bain festivalier avec, en m\u00e9moire, le choc ressenti enfant face \u00e0 un cirque qui se produisait dans son village de Vend\u00e9e\u00a0:Un p\u00e8re ouvrier, une m\u00e8re ling\u00e8re, de tous c\u00f4t\u00e9s des adultes pour lui dire que il fallait avoir la vocation chevill\u00e9e au corps pour s\u2019affranchir des interdits. Il vous reste 36.07% de cet article \u00e0 lire. La suite est r\u00e9serv\u00e9e aux abonn\u00e9s.\",\"breadcrumb\":{\"@id\":\"https:\/\/vof-news.eu\/fr\/festival-davignon-alison-dechamps-le-verbe-dans-la-peau\/#breadcrumb\"},\"inLanguage\":\"fr-FR\",\"potentialAction\":[{\"@type\":\"ReadAction\",\"target\":[\"https:\/\/vof-news.eu\/fr\/festival-davignon-alison-dechamps-le-verbe-dans-la-peau\/\"]}]},{\"@type\":\"ImageObject\",\"inLanguage\":\"fr-FR\",\"@id\":\"https:\/\/vof-news.eu\/fr\/festival-davignon-alison-dechamps-le-verbe-dans-la-peau\/#primaryimage\",\"url\":\"https:\/\/vof-news.eu\/wp-content\/uploads\/2025\/07\/4e6746c_upload-1-6ivi1n03cpv8-dechamps.jpg\",\"contentUrl\":\"https:\/\/vof-news.eu\/wp-content\/uploads\/2025\/07\/4e6746c_upload-1-6ivi1n03cpv8-dechamps.jpg\",\"width\":664,\"height\":929},{\"@type\":\"BreadcrumbList\",\"@id\":\"https:\/\/vof-news.eu\/fr\/festival-davignon-alison-dechamps-le-verbe-dans-la-peau\/#breadcrumb\",\"itemListElement\":[{\"@type\":\"ListItem\",\"position\":1,\"name\":\"Home\",\"item\":\"https:\/\/vof-news.eu\/fr\/\"},{\"@type\":\"ListItem\",\"position\":2,\"name\":\"Festival d\u2019Avignon\u00a0: Alison Dechamps, le verbe dans la peau\"}]},{\"@type\":\"WebSite\",\"@id\":\"https:\/\/vof-news.eu\/fr\/#website\",\"url\":\"https:\/\/vof-news.eu\/fr\/\",\"name\":\"vof-news.eu\",\"description\":\"\",\"potentialAction\":[{\"@type\":\"SearchAction\",\"target\":{\"@type\":\"EntryPoint\",\"urlTemplate\":\"https:\/\/vof-news.eu\/fr\/?s={search_term_string}\"},\"query-input\":\"required name=search_term_string\"}],\"inLanguage\":\"fr-FR\"},{\"@type\":\"Person\",\"@id\":\"https:\/\/vof-news.eu\/fr\/#\/schema\/person\/f6a2a4309f0561835797fd8c19b333ed\",\"name\":\"Author\",\"image\":{\"@type\":\"ImageObject\",\"inLanguage\":\"fr-FR\",\"@id\":\"https:\/\/vof-news.eu\/fr\/#\/schema\/person\/image\/\",\"url\":\"https:\/\/secure.gravatar.com\/avatar\/b67e614b1b25b3e9c0c239efdd2fde5ab015b5affd6f1c3c85911ca4b384e790?s=96&d=mm&r=g\",\"contentUrl\":\"https:\/\/secure.gravatar.com\/avatar\/b67e614b1b25b3e9c0c239efdd2fde5ab015b5affd6f1c3c85911ca4b384e790?s=96&d=mm&r=g\",\"caption\":\"Author\"},\"sameAs\":[\"http:\/\/vof-news.eu\"],\"url\":\"https:\/\/vof-news.eu\/fr\/author\/zwt6qxnjulxbnyg\/\"}]}<\/script>\n<!-- \/ Yoast SEO plugin. -->","yoast_head_json":{"title":"Festival d\u2019Avignon\u00a0: Alison Dechamps, le verbe dans la peau - vof-news.eu","description":": alors que viennent de commencer, au mois de mai, les r\u00e9p\u00e9titions de \u00e9crit et mis en sc\u00e8ne par le directeur du Festival d\u2019Avignon, Tiago Rodrigues, la com\u00e9dienne Alison Dechamps n\u2019en dira pas davantage sur le r\u00f4le qu\u2019elle interpr\u00e8te, cet \u00e9t\u00e9, en t\u00eate \u00e0 t\u00eate avec l\u2019acteur Adama Diop. A 25\u00a0ans, l\u2019actrice qui, en\u00a02024, \u00e9tait encore \u00e9l\u00e8ve \u00e0 l\u2019\u00e9cole du Th\u00e9\u00e2tre national de Bretagne (TNB), se pr\u00e9pare \u00e0 un triple bapt\u00eame du feu\u00a0: premier spectacle professionnel, premi\u00e8re fois au Festival, premi\u00e8re venue \u00e0 Avignon.,soupire-t-elle, sans peur apparente. Vocation Rep\u00e9r\u00e9e par Tiago Rodrigues alors qu\u2019elle jouait avec ses camarades de promo dans (un spectacle de Guillaume Vincent), elle s\u2019appr\u00eate \u00e0 sauter dans le grand bain festivalier avec, en m\u00e9moire, le choc ressenti enfant face \u00e0 un cirque qui se produisait dans son village de Vend\u00e9e\u00a0:Un p\u00e8re ouvrier, une m\u00e8re ling\u00e8re, de tous c\u00f4t\u00e9s des adultes pour lui dire que il fallait avoir la vocation chevill\u00e9e au corps pour s\u2019affranchir des interdits. Il vous reste 36.07% de cet article \u00e0 lire. La suite est r\u00e9serv\u00e9e aux abonn\u00e9s.","robots":{"index":"noindex","follow":"follow","max-snippet":"max-snippet:-1","max-image-preview":"max-image-preview:large","max-video-preview":"max-video-preview:-1"},"og_locale":"fr_FR","og_type":"article","og_title":"Festival d\u2019Avignon\u00a0: Alison Dechamps, le verbe dans la peau - vof-news.eu","og_description":": alors que viennent de commencer, au mois de mai, les r\u00e9p\u00e9titions de \u00e9crit et mis en sc\u00e8ne par le directeur du Festival d\u2019Avignon, Tiago Rodrigues, la com\u00e9dienne Alison Dechamps n\u2019en dira pas davantage sur le r\u00f4le qu\u2019elle interpr\u00e8te, cet \u00e9t\u00e9, en t\u00eate \u00e0 t\u00eate avec l\u2019acteur Adama Diop. A 25\u00a0ans, l\u2019actrice qui, en\u00a02024, \u00e9tait encore \u00e9l\u00e8ve \u00e0 l\u2019\u00e9cole du Th\u00e9\u00e2tre national de Bretagne (TNB), se pr\u00e9pare \u00e0 un triple bapt\u00eame du feu\u00a0: premier spectacle professionnel, premi\u00e8re fois au Festival, premi\u00e8re venue \u00e0 Avignon.,soupire-t-elle, sans peur apparente. Vocation Rep\u00e9r\u00e9e par Tiago Rodrigues alors qu\u2019elle jouait avec ses camarades de promo dans (un spectacle de Guillaume Vincent), elle s\u2019appr\u00eate \u00e0 sauter dans le grand bain festivalier avec, en m\u00e9moire, le choc ressenti enfant face \u00e0 un cirque qui se produisait dans son village de Vend\u00e9e\u00a0:Un p\u00e8re ouvrier, une m\u00e8re ling\u00e8re, de tous c\u00f4t\u00e9s des adultes pour lui dire que il fallait avoir la vocation chevill\u00e9e au corps pour s\u2019affranchir des interdits. Il vous reste 36.07% de cet article \u00e0 lire. La suite est r\u00e9serv\u00e9e aux abonn\u00e9s.","og_url":"https:\/\/vof-news.eu\/fr\/festival-davignon-alison-dechamps-le-verbe-dans-la-peau\/","og_site_name":"vof-news.eu","article_published_time":"2025-07-06T14:31:25+00:00","article_modified_time":"2025-07-06T14:31:37+00:00","og_image":[{"width":664,"height":929,"url":"https:\/\/vof-news.eu\/wp-content\/uploads\/2025\/07\/4e6746c_upload-1-6ivi1n03cpv8-dechamps.jpg","type":"image\/jpeg"}],"author":"Author","twitter_card":"summary_large_image","twitter_misc":{"\u00c9crit par":"Author","Dur\u00e9e de lecture estim\u00e9e":"1 minute"},"schema":{"@context":"https:\/\/schema.org","@graph":[{"@type":"WebPage","@id":"https:\/\/vof-news.eu\/fr\/festival-davignon-alison-dechamps-le-verbe-dans-la-peau\/","url":"https:\/\/vof-news.eu\/fr\/festival-davignon-alison-dechamps-le-verbe-dans-la-peau\/","name":"Festival d\u2019Avignon\u00a0: Alison Dechamps, le verbe dans la peau - vof-news.eu","isPartOf":{"@id":"https:\/\/vof-news.eu\/fr\/#website"},"primaryImageOfPage":{"@id":"https:\/\/vof-news.eu\/fr\/festival-davignon-alison-dechamps-le-verbe-dans-la-peau\/#primaryimage"},"image":{"@id":"https:\/\/vof-news.eu\/fr\/festival-davignon-alison-dechamps-le-verbe-dans-la-peau\/#primaryimage"},"thumbnailUrl":"https:\/\/vof-news.eu\/wp-content\/uploads\/2025\/07\/4e6746c_upload-1-6ivi1n03cpv8-dechamps.jpg","datePublished":"2025-07-06T14:31:25+00:00","dateModified":"2025-07-06T14:31:37+00:00","author":{"@id":"https:\/\/vof-news.eu\/fr\/#\/schema\/person\/f6a2a4309f0561835797fd8c19b333ed"},"description":": alors que viennent de commencer, au mois de mai, les r\u00e9p\u00e9titions de \u00e9crit et mis en sc\u00e8ne par le directeur du Festival d\u2019Avignon, Tiago Rodrigues, la com\u00e9dienne Alison Dechamps n\u2019en dira pas davantage sur le r\u00f4le qu\u2019elle interpr\u00e8te, cet \u00e9t\u00e9, en t\u00eate \u00e0 t\u00eate avec l\u2019acteur Adama Diop. A 25\u00a0ans, l\u2019actrice qui, en\u00a02024, \u00e9tait encore \u00e9l\u00e8ve \u00e0 l\u2019\u00e9cole du Th\u00e9\u00e2tre national de Bretagne (TNB), se pr\u00e9pare \u00e0 un triple bapt\u00eame du feu\u00a0: premier spectacle professionnel, premi\u00e8re fois au Festival, premi\u00e8re venue \u00e0 Avignon.,soupire-t-elle, sans peur apparente. Vocation Rep\u00e9r\u00e9e par Tiago Rodrigues alors qu\u2019elle jouait avec ses camarades de promo dans (un spectacle de Guillaume Vincent), elle s\u2019appr\u00eate \u00e0 sauter dans le grand bain festivalier avec, en m\u00e9moire, le choc ressenti enfant face \u00e0 un cirque qui se produisait dans son village de Vend\u00e9e\u00a0:Un p\u00e8re ouvrier, une m\u00e8re ling\u00e8re, de tous c\u00f4t\u00e9s des adultes pour lui dire que il fallait avoir la vocation chevill\u00e9e au corps pour s\u2019affranchir des interdits. Il vous reste 36.07% de cet article \u00e0 lire. La suite est r\u00e9serv\u00e9e aux abonn\u00e9s.","breadcrumb":{"@id":"https:\/\/vof-news.eu\/fr\/festival-davignon-alison-dechamps-le-verbe-dans-la-peau\/#breadcrumb"},"inLanguage":"fr-FR","potentialAction":[{"@type":"ReadAction","target":["https:\/\/vof-news.eu\/fr\/festival-davignon-alison-dechamps-le-verbe-dans-la-peau\/"]}]},{"@type":"ImageObject","inLanguage":"fr-FR","@id":"https:\/\/vof-news.eu\/fr\/festival-davignon-alison-dechamps-le-verbe-dans-la-peau\/#primaryimage","url":"https:\/\/vof-news.eu\/wp-content\/uploads\/2025\/07\/4e6746c_upload-1-6ivi1n03cpv8-dechamps.jpg","contentUrl":"https:\/\/vof-news.eu\/wp-content\/uploads\/2025\/07\/4e6746c_upload-1-6ivi1n03cpv8-dechamps.jpg","width":664,"height":929},{"@type":"BreadcrumbList","@id":"https:\/\/vof-news.eu\/fr\/festival-davignon-alison-dechamps-le-verbe-dans-la-peau\/#breadcrumb","itemListElement":[{"@type":"ListItem","position":1,"name":"Home","item":"https:\/\/vof-news.eu\/fr\/"},{"@type":"ListItem","position":2,"name":"Festival d\u2019Avignon\u00a0: Alison Dechamps, le verbe dans la peau"}]},{"@type":"WebSite","@id":"https:\/\/vof-news.eu\/fr\/#website","url":"https:\/\/vof-news.eu\/fr\/","name":"vof-news.eu","description":"","potentialAction":[{"@type":"SearchAction","target":{"@type":"EntryPoint","urlTemplate":"https:\/\/vof-news.eu\/fr\/?s={search_term_string}"},"query-input":"required name=search_term_string"}],"inLanguage":"fr-FR"},{"@type":"Person","@id":"https:\/\/vof-news.eu\/fr\/#\/schema\/person\/f6a2a4309f0561835797fd8c19b333ed","name":"Author","image":{"@type":"ImageObject","inLanguage":"fr-FR","@id":"https:\/\/vof-news.eu\/fr\/#\/schema\/person\/image\/","url":"https:\/\/secure.gravatar.com\/avatar\/b67e614b1b25b3e9c0c239efdd2fde5ab015b5affd6f1c3c85911ca4b384e790?s=96&d=mm&r=g","contentUrl":"https:\/\/secure.gravatar.com\/avatar\/b67e614b1b25b3e9c0c239efdd2fde5ab015b5affd6f1c3c85911ca4b384e790?s=96&d=mm&r=g","caption":"Author"},"sameAs":["http:\/\/vof-news.eu"],"url":"https:\/\/vof-news.eu\/fr\/author\/zwt6qxnjulxbnyg\/"}]}},"yoast_meta":{"yoast_wpseo_title":"","yoast_wpseo_metadesc":"","yoast_wpseo_canonical":""},"_links":{"self":[{"href":"https:\/\/vof-news.eu\/fr\/wp-json\/wp\/v2\/posts\/248297","targetHints":{"allow":["GET"]}}],"collection":[{"href":"https:\/\/vof-news.eu\/fr\/wp-json\/wp\/v2\/posts"}],"about":[{"href":"https:\/\/vof-news.eu\/fr\/wp-json\/wp\/v2\/types\/post"}],"author":[{"embeddable":true,"href":"https:\/\/vof-news.eu\/fr\/wp-json\/wp\/v2\/users\/1"}],"replies":[{"embeddable":true,"href":"https:\/\/vof-news.eu\/fr\/wp-json\/wp\/v2\/comments?post=248297"}],"version-history":[{"count":1,"href":"https:\/\/vof-news.eu\/fr\/wp-json\/wp\/v2\/posts\/248297\/revisions"}],"predecessor-version":[{"id":248304,"href":"https:\/\/vof-news.eu\/fr\/wp-json\/wp\/v2\/posts\/248297\/revisions\/248304"}],"wp:featuredmedia":[{"embeddable":true,"href":"https:\/\/vof-news.eu\/fr\/wp-json\/wp\/v2\/media\/248298"}],"wp:attachment":[{"href":"https:\/\/vof-news.eu\/fr\/wp-json\/wp\/v2\/media?parent=248297"}],"wp:term":[{"taxonomy":"category","embeddable":true,"href":"https:\/\/vof-news.eu\/fr\/wp-json\/wp\/v2\/categories?post=248297"},{"taxonomy":"post_tag","embeddable":true,"href":"https:\/\/vof-news.eu\/fr\/wp-json\/wp\/v2\/tags?post=248297"}],"curies":[{"name":"wp","href":"https:\/\/api.w.org\/{rel}","templated":true}]}}