{"id":248289,"date":"2025-07-06T17:30:17","date_gmt":"2025-07-06T14:30:17","guid":{"rendered":"https:\/\/vof-news.eu\/tour-de-france-2025-onze-velos-derobes-a-lequipe-cofidis-avant-la-deuxieme-etape-143-000-euros-de-prejudice\/"},"modified":"2025-07-06T17:30:50","modified_gmt":"2025-07-06T14:30:50","slug":"tour-de-france-2025-onze-velos-derobes-a-lequipe-cofidis-avant-la-deuxieme-etape-143-000-euros-de-prejudice","status":"publish","type":"post","link":"https:\/\/vof-news.eu\/fr\/tour-de-france-2025-onze-velos-derobes-a-lequipe-cofidis-avant-la-deuxieme-etape-143-000-euros-de-prejudice\/","title":{"rendered":"Tour de France 2025\u00a0: onze v\u00e9los d\u00e9rob\u00e9s \u00e0 l\u2019\u00e9quipe Cofidis avant la deuxi\u00e8me \u00e9tape, 143\u00a0000\u00a0euros de pr\u00e9judice"},"content":{"rendered":"<article>\n<p>Au soir de la premi\u00e8re \u00e9tape du Tour de France 2025, remport\u00e9e par <a href=\"https:\/\/www.lemonde.fr\/sport\/article\/2025\/07\/05\/tour-de-france-2025-le-resume-de-la-victoire-de-jasper-philipsen-et-de-la-deception-de-remco-evenepoel-lors-de-la-premiere-etape_6618870_3242.html\" rel=\"nofollow\">Jasper Philipsen autour de Lille<\/a>, samedi 5\u00a0juillet, l\u2019\u00e9quipe fran\u00e7aise Cofidis a \u00e9t\u00e9 victime d\u2019un cambriolage, dans son h\u00f4tel situ\u00e9 \u00e0 Bondues (Nord). pr\u00e9cise Cofidis dans un communiqu\u00e9 dimanche. <\/p>\n<section>   <\/section>\n<p>Selon nos informations, le montant du pr\u00e9judice est estim\u00e9 \u00e0 143\u00a0000\u00a0euros \u2013 chacun des onze v\u00e9los vol\u00e9s valant 13\u00a0000\u00a0euros, pr\u00e9cise l\u2019\u00e9quipe nordiste au. Dans son infortune, \u00e0 l\u2019inverse d\u2019autres formations \u00e0 qui pareille m\u00e9saventure est arriv\u00e9e, la Cofidis, dont le si\u00e8ge est bas\u00e9 \u00e0 Villeneuve-d\u2019Ascq (Nord), dans la m\u00e9tropole lilloise, n\u2019a pas eu \u00e0 aller loin pour trouver des v\u00e9los de remplacements. \u00ab\u00a0, expose l\u2019\u00e9quipe.<\/p>\n<h2>ASO s\u2019en remet \u00e0 la justice<\/h2>\n<p>Il y a un an, lors de l\u2019\u00e9dition 2024, l\u2019\u00e9quipe TotalEnergies s\u2019\u00e9tait \u00e9galement fait voler (d\u00e9j\u00e0) onze v\u00e9los, pour un montant total estim\u00e9 \u00e0 150\u00a0000\u00a0euros, avant la douzi\u00e8me \u00e9tape, dans un h\u00f4tel au Lioran (Cantal) \u2013 et notamment le v\u00e9lo ayant vu <a href=\"https:\/\/www.lemonde.fr\/sport\/article\/2024\/07\/07\/tour-de-france-2024-anthony-turgis-vainqueur-du-c-ur-sur-une-etape-au-decor-de-legende_6247548_3242.html\" rel=\"nofollow\">Anthony Turgis s\u2019imposer lors de l\u2019\u00e9tape des chemins blancs de l\u2019Aube<\/a>, quelques jours auparavant. L\u2019\u00e9quipe fran\u00e7aise dirig\u00e9e par Jean-Ren\u00e9 Bernaudeau avait d\u00fb rapatrier des v\u00e9los de Vend\u00e9e, o\u00f9 se situe son si\u00e8ge.<\/p>\n<section>   <\/section>\n<p>Interrog\u00e9 dimanche, un membre d\u2019Amaury Sport Organisation (ASO), soci\u00e9t\u00e9 organisatrice du Tour de France, le vol dont est victime Cofidis. Face \u00e0 la multiplication de ces cambriolages, ASO s\u2019en remet \u00e0 la justice et \u00e0 l\u2019\u00e9quipe \u2013 qui dans son communiqu\u00e9  \u2013 pour g\u00e9rer au mieux ce fait divers.<\/p>\n<p>Cette annonce prolonge la premi\u00e8re \u00e9tape agit\u00e9e v\u00e9cue par Cofidis, samedi. Le champion olympique de Paris 2024\u00a0Benjamin Thomas \u2013 en omnium, sur piste \u2013 s\u2019y est illustr\u00e9, endossant le maillot \u00e0 pois de meilleur grimpeur apr\u00e8s avoir pass\u00e9 les deux premi\u00e8res c\u00f4tes en t\u00eate. Il avait \u00e9galement chut\u00e9 en fauchant son compatriote Matt\u00e9o Vercher (TotalEnergies), au sommet du mont Cassel.<\/p>\n<section>   <\/section>\n<section>\n<p> <span><a href=\"https:\/\/www.lemonde.fr\/signataires\/oscar-korbosli\/\" rel=\"nofollow\"> <span>Oscar Korbosli<\/span><\/a><\/span> et  <span><a href=\"https:\/\/www.lemonde.fr\/signataires\/denis-menetrier\/\" rel=\"nofollow\"> <span>Denis M\u00e9n\u00e9trier<\/span><span>\u00a0(Boulogne-sur-Mer, Pas-de-Calais, envoy\u00e9s sp\u00e9ciaux)<\/span><\/a><\/span> <\/p>\n<\/section>\n<section>\n<section>\n<header>   <\/header>\n<section>\n<section> <a href=\"https:\/\/abo.lemonde.fr\/?lmd_medium=BOUTONS_LMFR&amp;lmd_campaign=CONTRIBUTION_ARTICLE\" rel=\"nofollow\">S\u2019abonner<\/a> <\/section>\n<\/section>\n<section><\/section>\n<\/section>\n<p>Contribuer<\/p>\n<p> <a href=\"https:\/\/www.lemonde.fr\/syndication\/\" rel=\"nofollow\">R\u00e9utiliser ce contenu<\/a> <\/section>\n<\/article>\n","protected":false},"excerpt":{"rendered":"<p>Au soir de la premi\u00e8re \u00e9tape du Tour de France 2025, remport\u00e9e par Jasper Philipsen autour de Lille, samedi 5\u00a0juillet, l\u2019\u00e9quipe fran\u00e7aise Cofidis a \u00e9t\u00e9 victime d\u2019un cambriolage, dans son h\u00f4tel situ\u00e9 \u00e0 Bondues (Nord). pr\u00e9cise Cofidis dans un communiqu\u00e9 dimanche. Selon nos informations, le montant du pr\u00e9judice est estim\u00e9 \u00e0 143\u00a0000\u00a0euros \u2013 chacun des<\/p>\n","protected":false},"author":1,"featured_media":248290,"comment_status":"open","ping_status":"open","sticky":false,"template":"","format":"standard","meta":{"footnotes":""},"categories":[73],"tags":[],"class_list":["post-248289","post","type-post","status-publish","format-standard","has-post-thumbnail","hentry","category-sport-fr"],"acf":[],"yoast_head":"<!-- This site is optimized with the Yoast SEO plugin v22.9 - https:\/\/yoast.com\/wordpress\/plugins\/seo\/ -->\n<title>Tour de France 2025\u00a0: onze v\u00e9los d\u00e9rob\u00e9s \u00e0 l\u2019\u00e9quipe Cofidis avant la deuxi\u00e8me \u00e9tape, 143\u00a0000\u00a0euros de pr\u00e9judice - vof-news.eu<\/title>\n<meta name=\"description\" content=\"Au soir de la premi\u00e8re \u00e9tape du Tour de France 2025, remport\u00e9e par Jasper Philipsen autour de Lille, samedi 5\u00a0juillet, l\u2019\u00e9quipe fran\u00e7aise Cofidis a \u00e9t\u00e9 victime d\u2019un cambriolage, dans son h\u00f4tel situ\u00e9 \u00e0 Bondues (Nord). pr\u00e9cise Cofidis dans un communiqu\u00e9 dimanche.    Selon nos informations, le montant du pr\u00e9judice est estim\u00e9 \u00e0 143\u00a0000\u00a0euros \u2013 chacun des onze v\u00e9los vol\u00e9s valant 13\u00a0000\u00a0euros, pr\u00e9cise l\u2019\u00e9quipe nordiste au. Dans son infortune, \u00e0 l\u2019inverse d\u2019autres formations \u00e0 qui pareille m\u00e9saventure est arriv\u00e9e, la Cofidis, dont le si\u00e8ge est bas\u00e9 \u00e0 Villeneuve-d\u2019Ascq (Nord), dans la m\u00e9tropole lilloise, n\u2019a pas eu \u00e0 aller loin pour trouver des v\u00e9los de remplacements. \u00ab\u00a0, expose l\u2019\u00e9quipe. ASO s\u2019en remet \u00e0 la justice Il y a un an, lors de l\u2019\u00e9dition 2024, l\u2019\u00e9quipe TotalEnergies s\u2019\u00e9tait \u00e9galement fait voler (d\u00e9j\u00e0) onze v\u00e9los, pour un montant total estim\u00e9 \u00e0 150\u00a0000\u00a0euros, avant la douzi\u00e8me \u00e9tape, dans un h\u00f4tel au Lioran (Cantal) \u2013 et notamment le v\u00e9lo ayant vu Anthony Turgis s\u2019imposer lors de l\u2019\u00e9tape des chemins blancs de l\u2019Aube, quelques jours auparavant. L\u2019\u00e9quipe fran\u00e7aise dirig\u00e9e par Jean-Ren\u00e9 Bernaudeau avait d\u00fb rapatrier des v\u00e9los de Vend\u00e9e, o\u00f9 se situe son si\u00e8ge.   Interrog\u00e9 dimanche, un membre d\u2019Amaury Sport Organisation (ASO), soci\u00e9t\u00e9 organisatrice du Tour de France, le vol dont est victime Cofidis. Face \u00e0 la multiplication de ces cambriolages, ASO s\u2019en remet \u00e0 la justice et \u00e0 l\u2019\u00e9quipe \u2013 qui dans son communiqu\u00e9 \u2013 pour g\u00e9rer au mieux ce fait divers. Cette annonce prolonge la premi\u00e8re \u00e9tape agit\u00e9e v\u00e9cue par Cofidis, samedi. Le champion olympique de Paris 2024\u00a0Benjamin Thomas \u2013 en omnium, sur piste \u2013 s\u2019y est illustr\u00e9, endossant le maillot \u00e0 pois de meilleur grimpeur apr\u00e8s avoir pass\u00e9 les deux premi\u00e8res c\u00f4tes en t\u00eate. Il avait \u00e9galement chut\u00e9 en fauchant son compatriote Matt\u00e9o Vercher (TotalEnergies), au sommet du mont Cassel.    Oscar Korbosli et  Denis M\u00e9n\u00e9trier\u00a0(Boulogne-sur-Mer, Pas-de-Calais, envoy\u00e9s sp\u00e9ciaux)      S\u2019abonner   Contribuer R\u00e9utiliser ce contenu\" \/>\n<meta name=\"robots\" content=\"noindex, follow, max-snippet:-1, max-image-preview:large, max-video-preview:-1\" \/>\n<meta property=\"og:locale\" content=\"fr_FR\" \/>\n<meta property=\"og:type\" content=\"article\" \/>\n<meta property=\"og:title\" content=\"Tour de France 2025\u00a0: onze v\u00e9los d\u00e9rob\u00e9s \u00e0 l\u2019\u00e9quipe Cofidis avant la deuxi\u00e8me \u00e9tape, 143\u00a0000\u00a0euros de pr\u00e9judice - vof-news.eu\" \/>\n<meta property=\"og:description\" content=\"Au soir de la premi\u00e8re \u00e9tape du Tour de France 2025, remport\u00e9e par Jasper Philipsen autour de Lille, samedi 5\u00a0juillet, l\u2019\u00e9quipe fran\u00e7aise Cofidis a \u00e9t\u00e9 victime d\u2019un cambriolage, dans son h\u00f4tel situ\u00e9 \u00e0 Bondues (Nord). pr\u00e9cise Cofidis dans un communiqu\u00e9 dimanche.    Selon nos informations, le montant du pr\u00e9judice est estim\u00e9 \u00e0 143\u00a0000\u00a0euros \u2013 chacun des onze v\u00e9los vol\u00e9s valant 13\u00a0000\u00a0euros, pr\u00e9cise l\u2019\u00e9quipe nordiste au. Dans son infortune, \u00e0 l\u2019inverse d\u2019autres formations \u00e0 qui pareille m\u00e9saventure est arriv\u00e9e, la Cofidis, dont le si\u00e8ge est bas\u00e9 \u00e0 Villeneuve-d\u2019Ascq (Nord), dans la m\u00e9tropole lilloise, n\u2019a pas eu \u00e0 aller loin pour trouver des v\u00e9los de remplacements. \u00ab\u00a0, expose l\u2019\u00e9quipe. ASO s\u2019en remet \u00e0 la justice Il y a un an, lors de l\u2019\u00e9dition 2024, l\u2019\u00e9quipe TotalEnergies s\u2019\u00e9tait \u00e9galement fait voler (d\u00e9j\u00e0) onze v\u00e9los, pour un montant total estim\u00e9 \u00e0 150\u00a0000\u00a0euros, avant la douzi\u00e8me \u00e9tape, dans un h\u00f4tel au Lioran (Cantal) \u2013 et notamment le v\u00e9lo ayant vu Anthony Turgis s\u2019imposer lors de l\u2019\u00e9tape des chemins blancs de l\u2019Aube, quelques jours auparavant. L\u2019\u00e9quipe fran\u00e7aise dirig\u00e9e par Jean-Ren\u00e9 Bernaudeau avait d\u00fb rapatrier des v\u00e9los de Vend\u00e9e, o\u00f9 se situe son si\u00e8ge.   Interrog\u00e9 dimanche, un membre d\u2019Amaury Sport Organisation (ASO), soci\u00e9t\u00e9 organisatrice du Tour de France, le vol dont est victime Cofidis. Face \u00e0 la multiplication de ces cambriolages, ASO s\u2019en remet \u00e0 la justice et \u00e0 l\u2019\u00e9quipe \u2013 qui dans son communiqu\u00e9 \u2013 pour g\u00e9rer au mieux ce fait divers. Cette annonce prolonge la premi\u00e8re \u00e9tape agit\u00e9e v\u00e9cue par Cofidis, samedi. Le champion olympique de Paris 2024\u00a0Benjamin Thomas \u2013 en omnium, sur piste \u2013 s\u2019y est illustr\u00e9, endossant le maillot \u00e0 pois de meilleur grimpeur apr\u00e8s avoir pass\u00e9 les deux premi\u00e8res c\u00f4tes en t\u00eate. Il avait \u00e9galement chut\u00e9 en fauchant son compatriote Matt\u00e9o Vercher (TotalEnergies), au sommet du mont Cassel.    Oscar Korbosli et  Denis M\u00e9n\u00e9trier\u00a0(Boulogne-sur-Mer, Pas-de-Calais, envoy\u00e9s sp\u00e9ciaux)      S\u2019abonner   Contribuer R\u00e9utiliser ce contenu\" \/>\n<meta property=\"og:url\" content=\"https:\/\/vof-news.eu\/fr\/tour-de-france-2025-onze-velos-derobes-a-lequipe-cofidis-avant-la-deuxieme-etape-143-000-euros-de-prejudice\/\" \/>\n<meta property=\"og:site_name\" content=\"vof-news.eu\" \/>\n<meta property=\"article:published_time\" content=\"2025-07-06T14:30:17+00:00\" \/>\n<meta property=\"article:modified_time\" content=\"2025-07-06T14:30:50+00:00\" \/>\n<meta property=\"og:image\" content=\"https:\/\/vof-news.eu\/wp-content\/uploads\/2025\/07\/ef0514f_ftp-import-images-1-p2zf8g6htwyn-2025-07-06t103936z-64746160-up1el760tlypg-rtrmadp-3-cycling-france.jpg\" \/>\n\t<meta property=\"og:image:width\" content=\"664\" \/>\n\t<meta property=\"og:image:height\" content=\"421\" \/>\n\t<meta property=\"og:image:type\" content=\"image\/jpeg\" \/>\n<meta name=\"author\" content=\"Author\" \/>\n<meta name=\"twitter:card\" content=\"summary_large_image\" \/>\n<meta name=\"twitter:label1\" content=\"\u00c9crit par\" \/>\n\t<meta name=\"twitter:data1\" content=\"Author\" \/>\n\t<meta name=\"twitter:label2\" content=\"Dur\u00e9e de lecture estim\u00e9e\" \/>\n\t<meta name=\"twitter:data2\" content=\"2 minutes\" \/>\n<script type=\"application\/ld+json\" class=\"yoast-schema-graph\">{\"@context\":\"https:\/\/schema.org\",\"@graph\":[{\"@type\":\"WebPage\",\"@id\":\"https:\/\/vof-news.eu\/fr\/tour-de-france-2025-onze-velos-derobes-a-lequipe-cofidis-avant-la-deuxieme-etape-143-000-euros-de-prejudice\/\",\"url\":\"https:\/\/vof-news.eu\/fr\/tour-de-france-2025-onze-velos-derobes-a-lequipe-cofidis-avant-la-deuxieme-etape-143-000-euros-de-prejudice\/\",\"name\":\"Tour de France 2025\u00a0: onze v\u00e9los d\u00e9rob\u00e9s \u00e0 l\u2019\u00e9quipe Cofidis avant la deuxi\u00e8me \u00e9tape, 143\u00a0000\u00a0euros de pr\u00e9judice - vof-news.eu\",\"isPartOf\":{\"@id\":\"https:\/\/vof-news.eu\/fr\/#website\"},\"primaryImageOfPage\":{\"@id\":\"https:\/\/vof-news.eu\/fr\/tour-de-france-2025-onze-velos-derobes-a-lequipe-cofidis-avant-la-deuxieme-etape-143-000-euros-de-prejudice\/#primaryimage\"},\"image\":{\"@id\":\"https:\/\/vof-news.eu\/fr\/tour-de-france-2025-onze-velos-derobes-a-lequipe-cofidis-avant-la-deuxieme-etape-143-000-euros-de-prejudice\/#primaryimage\"},\"thumbnailUrl\":\"https:\/\/vof-news.eu\/wp-content\/uploads\/2025\/07\/ef0514f_ftp-import-images-1-p2zf8g6htwyn-2025-07-06t103936z-64746160-up1el760tlypg-rtrmadp-3-cycling-france.jpg\",\"datePublished\":\"2025-07-06T14:30:17+00:00\",\"dateModified\":\"2025-07-06T14:30:50+00:00\",\"author\":{\"@id\":\"https:\/\/vof-news.eu\/fr\/#\/schema\/person\/f6a2a4309f0561835797fd8c19b333ed\"},\"description\":\"Au soir de la premi\u00e8re \u00e9tape du Tour de France 2025, remport\u00e9e par Jasper Philipsen autour de Lille, samedi 5\u00a0juillet, l\u2019\u00e9quipe fran\u00e7aise Cofidis a \u00e9t\u00e9 victime d\u2019un cambriolage, dans son h\u00f4tel situ\u00e9 \u00e0 Bondues (Nord). pr\u00e9cise Cofidis dans un communiqu\u00e9 dimanche. Selon nos informations, le montant du pr\u00e9judice est estim\u00e9 \u00e0 143\u00a0000\u00a0euros \u2013 chacun des onze v\u00e9los vol\u00e9s valant 13\u00a0000\u00a0euros, pr\u00e9cise l\u2019\u00e9quipe nordiste au. Dans son infortune, \u00e0 l\u2019inverse d\u2019autres formations \u00e0 qui pareille m\u00e9saventure est arriv\u00e9e, la Cofidis, dont le si\u00e8ge est bas\u00e9 \u00e0 Villeneuve-d\u2019Ascq (Nord), dans la m\u00e9tropole lilloise, n\u2019a pas eu \u00e0 aller loin pour trouver des v\u00e9los de remplacements. \u00ab\u00a0, expose l\u2019\u00e9quipe. ASO s\u2019en remet \u00e0 la justice Il y a un an, lors de l\u2019\u00e9dition 2024, l\u2019\u00e9quipe TotalEnergies s\u2019\u00e9tait \u00e9galement fait voler (d\u00e9j\u00e0) onze v\u00e9los, pour un montant total estim\u00e9 \u00e0 150\u00a0000\u00a0euros, avant la douzi\u00e8me \u00e9tape, dans un h\u00f4tel au Lioran (Cantal) \u2013 et notamment le v\u00e9lo ayant vu Anthony Turgis s\u2019imposer lors de l\u2019\u00e9tape des chemins blancs de l\u2019Aube, quelques jours auparavant. L\u2019\u00e9quipe fran\u00e7aise dirig\u00e9e par Jean-Ren\u00e9 Bernaudeau avait d\u00fb rapatrier des v\u00e9los de Vend\u00e9e, o\u00f9 se situe son si\u00e8ge. Interrog\u00e9 dimanche, un membre d\u2019Amaury Sport Organisation (ASO), soci\u00e9t\u00e9 organisatrice du Tour de France, le vol dont est victime Cofidis. Face \u00e0 la multiplication de ces cambriolages, ASO s\u2019en remet \u00e0 la justice et \u00e0 l\u2019\u00e9quipe \u2013 qui dans son communiqu\u00e9 \u2013 pour g\u00e9rer au mieux ce fait divers. Cette annonce prolonge la premi\u00e8re \u00e9tape agit\u00e9e v\u00e9cue par Cofidis, samedi. Le champion olympique de Paris 2024\u00a0Benjamin Thomas \u2013 en omnium, sur piste \u2013 s\u2019y est illustr\u00e9, endossant le maillot \u00e0 pois de meilleur grimpeur apr\u00e8s avoir pass\u00e9 les deux premi\u00e8res c\u00f4tes en t\u00eate. Il avait \u00e9galement chut\u00e9 en fauchant son compatriote Matt\u00e9o Vercher (TotalEnergies), au sommet du mont Cassel. Oscar Korbosli et Denis M\u00e9n\u00e9trier\u00a0(Boulogne-sur-Mer, Pas-de-Calais, envoy\u00e9s sp\u00e9ciaux) S\u2019abonner Contribuer R\u00e9utiliser ce contenu\",\"breadcrumb\":{\"@id\":\"https:\/\/vof-news.eu\/fr\/tour-de-france-2025-onze-velos-derobes-a-lequipe-cofidis-avant-la-deuxieme-etape-143-000-euros-de-prejudice\/#breadcrumb\"},\"inLanguage\":\"fr-FR\",\"potentialAction\":[{\"@type\":\"ReadAction\",\"target\":[\"https:\/\/vof-news.eu\/fr\/tour-de-france-2025-onze-velos-derobes-a-lequipe-cofidis-avant-la-deuxieme-etape-143-000-euros-de-prejudice\/\"]}]},{\"@type\":\"ImageObject\",\"inLanguage\":\"fr-FR\",\"@id\":\"https:\/\/vof-news.eu\/fr\/tour-de-france-2025-onze-velos-derobes-a-lequipe-cofidis-avant-la-deuxieme-etape-143-000-euros-de-prejudice\/#primaryimage\",\"url\":\"https:\/\/vof-news.eu\/wp-content\/uploads\/2025\/07\/ef0514f_ftp-import-images-1-p2zf8g6htwyn-2025-07-06t103936z-64746160-up1el760tlypg-rtrmadp-3-cycling-france.jpg\",\"contentUrl\":\"https:\/\/vof-news.eu\/wp-content\/uploads\/2025\/07\/ef0514f_ftp-import-images-1-p2zf8g6htwyn-2025-07-06t103936z-64746160-up1el760tlypg-rtrmadp-3-cycling-france.jpg\",\"width\":664,\"height\":421},{\"@type\":\"BreadcrumbList\",\"@id\":\"https:\/\/vof-news.eu\/fr\/tour-de-france-2025-onze-velos-derobes-a-lequipe-cofidis-avant-la-deuxieme-etape-143-000-euros-de-prejudice\/#breadcrumb\",\"itemListElement\":[{\"@type\":\"ListItem\",\"position\":1,\"name\":\"Home\",\"item\":\"https:\/\/vof-news.eu\/fr\/\"},{\"@type\":\"ListItem\",\"position\":2,\"name\":\"Tour de France 2025\u00a0: onze v\u00e9los d\u00e9rob\u00e9s \u00e0 l\u2019\u00e9quipe Cofidis avant la deuxi\u00e8me \u00e9tape, 143\u00a0000\u00a0euros de pr\u00e9judice\"}]},{\"@type\":\"WebSite\",\"@id\":\"https:\/\/vof-news.eu\/fr\/#website\",\"url\":\"https:\/\/vof-news.eu\/fr\/\",\"name\":\"vof-news.eu\",\"description\":\"\",\"potentialAction\":[{\"@type\":\"SearchAction\",\"target\":{\"@type\":\"EntryPoint\",\"urlTemplate\":\"https:\/\/vof-news.eu\/fr\/?s={search_term_string}\"},\"query-input\":\"required name=search_term_string\"}],\"inLanguage\":\"fr-FR\"},{\"@type\":\"Person\",\"@id\":\"https:\/\/vof-news.eu\/fr\/#\/schema\/person\/f6a2a4309f0561835797fd8c19b333ed\",\"name\":\"Author\",\"image\":{\"@type\":\"ImageObject\",\"inLanguage\":\"fr-FR\",\"@id\":\"https:\/\/vof-news.eu\/fr\/#\/schema\/person\/image\/\",\"url\":\"https:\/\/secure.gravatar.com\/avatar\/b67e614b1b25b3e9c0c239efdd2fde5ab015b5affd6f1c3c85911ca4b384e790?s=96&d=mm&r=g\",\"contentUrl\":\"https:\/\/secure.gravatar.com\/avatar\/b67e614b1b25b3e9c0c239efdd2fde5ab015b5affd6f1c3c85911ca4b384e790?s=96&d=mm&r=g\",\"caption\":\"Author\"},\"sameAs\":[\"http:\/\/vof-news.eu\"],\"url\":\"https:\/\/vof-news.eu\/fr\/author\/zwt6qxnjulxbnyg\/\"}]}<\/script>\n<!-- \/ Yoast SEO plugin. -->","yoast_head_json":{"title":"Tour de France 2025\u00a0: onze v\u00e9los d\u00e9rob\u00e9s \u00e0 l\u2019\u00e9quipe Cofidis avant la deuxi\u00e8me \u00e9tape, 143\u00a0000\u00a0euros de pr\u00e9judice - vof-news.eu","description":"Au soir de la premi\u00e8re \u00e9tape du Tour de France 2025, remport\u00e9e par Jasper Philipsen autour de Lille, samedi 5\u00a0juillet, l\u2019\u00e9quipe fran\u00e7aise Cofidis a \u00e9t\u00e9 victime d\u2019un cambriolage, dans son h\u00f4tel situ\u00e9 \u00e0 Bondues (Nord). pr\u00e9cise Cofidis dans un communiqu\u00e9 dimanche.    Selon nos informations, le montant du pr\u00e9judice est estim\u00e9 \u00e0 143\u00a0000\u00a0euros \u2013 chacun des onze v\u00e9los vol\u00e9s valant 13\u00a0000\u00a0euros, pr\u00e9cise l\u2019\u00e9quipe nordiste au. Dans son infortune, \u00e0 l\u2019inverse d\u2019autres formations \u00e0 qui pareille m\u00e9saventure est arriv\u00e9e, la Cofidis, dont le si\u00e8ge est bas\u00e9 \u00e0 Villeneuve-d\u2019Ascq (Nord), dans la m\u00e9tropole lilloise, n\u2019a pas eu \u00e0 aller loin pour trouver des v\u00e9los de remplacements. \u00ab\u00a0, expose l\u2019\u00e9quipe. ASO s\u2019en remet \u00e0 la justice Il y a un an, lors de l\u2019\u00e9dition 2024, l\u2019\u00e9quipe TotalEnergies s\u2019\u00e9tait \u00e9galement fait voler (d\u00e9j\u00e0) onze v\u00e9los, pour un montant total estim\u00e9 \u00e0 150\u00a0000\u00a0euros, avant la douzi\u00e8me \u00e9tape, dans un h\u00f4tel au Lioran (Cantal) \u2013 et notamment le v\u00e9lo ayant vu Anthony Turgis s\u2019imposer lors de l\u2019\u00e9tape des chemins blancs de l\u2019Aube, quelques jours auparavant. L\u2019\u00e9quipe fran\u00e7aise dirig\u00e9e par Jean-Ren\u00e9 Bernaudeau avait d\u00fb rapatrier des v\u00e9los de Vend\u00e9e, o\u00f9 se situe son si\u00e8ge.   Interrog\u00e9 dimanche, un membre d\u2019Amaury Sport Organisation (ASO), soci\u00e9t\u00e9 organisatrice du Tour de France, le vol dont est victime Cofidis. Face \u00e0 la multiplication de ces cambriolages, ASO s\u2019en remet \u00e0 la justice et \u00e0 l\u2019\u00e9quipe \u2013 qui dans son communiqu\u00e9 \u2013 pour g\u00e9rer au mieux ce fait divers. Cette annonce prolonge la premi\u00e8re \u00e9tape agit\u00e9e v\u00e9cue par Cofidis, samedi. Le champion olympique de Paris 2024\u00a0Benjamin Thomas \u2013 en omnium, sur piste \u2013 s\u2019y est illustr\u00e9, endossant le maillot \u00e0 pois de meilleur grimpeur apr\u00e8s avoir pass\u00e9 les deux premi\u00e8res c\u00f4tes en t\u00eate. Il avait \u00e9galement chut\u00e9 en fauchant son compatriote Matt\u00e9o Vercher (TotalEnergies), au sommet du mont Cassel.    Oscar Korbosli et  Denis M\u00e9n\u00e9trier\u00a0(Boulogne-sur-Mer, Pas-de-Calais, envoy\u00e9s sp\u00e9ciaux)      S\u2019abonner   Contribuer R\u00e9utiliser ce contenu","robots":{"index":"noindex","follow":"follow","max-snippet":"max-snippet:-1","max-image-preview":"max-image-preview:large","max-video-preview":"max-video-preview:-1"},"og_locale":"fr_FR","og_type":"article","og_title":"Tour de France 2025\u00a0: onze v\u00e9los d\u00e9rob\u00e9s \u00e0 l\u2019\u00e9quipe Cofidis avant la deuxi\u00e8me \u00e9tape, 143\u00a0000\u00a0euros de pr\u00e9judice - vof-news.eu","og_description":"Au soir de la premi\u00e8re \u00e9tape du Tour de France 2025, remport\u00e9e par Jasper Philipsen autour de Lille, samedi 5\u00a0juillet, l\u2019\u00e9quipe fran\u00e7aise Cofidis a \u00e9t\u00e9 victime d\u2019un cambriolage, dans son h\u00f4tel situ\u00e9 \u00e0 Bondues (Nord). pr\u00e9cise Cofidis dans un communiqu\u00e9 dimanche.    Selon nos informations, le montant du pr\u00e9judice est estim\u00e9 \u00e0 143\u00a0000\u00a0euros \u2013 chacun des onze v\u00e9los vol\u00e9s valant 13\u00a0000\u00a0euros, pr\u00e9cise l\u2019\u00e9quipe nordiste au. Dans son infortune, \u00e0 l\u2019inverse d\u2019autres formations \u00e0 qui pareille m\u00e9saventure est arriv\u00e9e, la Cofidis, dont le si\u00e8ge est bas\u00e9 \u00e0 Villeneuve-d\u2019Ascq (Nord), dans la m\u00e9tropole lilloise, n\u2019a pas eu \u00e0 aller loin pour trouver des v\u00e9los de remplacements. \u00ab\u00a0, expose l\u2019\u00e9quipe. ASO s\u2019en remet \u00e0 la justice Il y a un an, lors de l\u2019\u00e9dition 2024, l\u2019\u00e9quipe TotalEnergies s\u2019\u00e9tait \u00e9galement fait voler (d\u00e9j\u00e0) onze v\u00e9los, pour un montant total estim\u00e9 \u00e0 150\u00a0000\u00a0euros, avant la douzi\u00e8me \u00e9tape, dans un h\u00f4tel au Lioran (Cantal) \u2013 et notamment le v\u00e9lo ayant vu Anthony Turgis s\u2019imposer lors de l\u2019\u00e9tape des chemins blancs de l\u2019Aube, quelques jours auparavant. L\u2019\u00e9quipe fran\u00e7aise dirig\u00e9e par Jean-Ren\u00e9 Bernaudeau avait d\u00fb rapatrier des v\u00e9los de Vend\u00e9e, o\u00f9 se situe son si\u00e8ge.   Interrog\u00e9 dimanche, un membre d\u2019Amaury Sport Organisation (ASO), soci\u00e9t\u00e9 organisatrice du Tour de France, le vol dont est victime Cofidis. Face \u00e0 la multiplication de ces cambriolages, ASO s\u2019en remet \u00e0 la justice et \u00e0 l\u2019\u00e9quipe \u2013 qui dans son communiqu\u00e9 \u2013 pour g\u00e9rer au mieux ce fait divers. Cette annonce prolonge la premi\u00e8re \u00e9tape agit\u00e9e v\u00e9cue par Cofidis, samedi. Le champion olympique de Paris 2024\u00a0Benjamin Thomas \u2013 en omnium, sur piste \u2013 s\u2019y est illustr\u00e9, endossant le maillot \u00e0 pois de meilleur grimpeur apr\u00e8s avoir pass\u00e9 les deux premi\u00e8res c\u00f4tes en t\u00eate. Il avait \u00e9galement chut\u00e9 en fauchant son compatriote Matt\u00e9o Vercher (TotalEnergies), au sommet du mont Cassel.    Oscar Korbosli et  Denis M\u00e9n\u00e9trier\u00a0(Boulogne-sur-Mer, Pas-de-Calais, envoy\u00e9s sp\u00e9ciaux)      S\u2019abonner   Contribuer R\u00e9utiliser ce contenu","og_url":"https:\/\/vof-news.eu\/fr\/tour-de-france-2025-onze-velos-derobes-a-lequipe-cofidis-avant-la-deuxieme-etape-143-000-euros-de-prejudice\/","og_site_name":"vof-news.eu","article_published_time":"2025-07-06T14:30:17+00:00","article_modified_time":"2025-07-06T14:30:50+00:00","og_image":[{"width":664,"height":421,"url":"https:\/\/vof-news.eu\/wp-content\/uploads\/2025\/07\/ef0514f_ftp-import-images-1-p2zf8g6htwyn-2025-07-06t103936z-64746160-up1el760tlypg-rtrmadp-3-cycling-france.jpg","type":"image\/jpeg"}],"author":"Author","twitter_card":"summary_large_image","twitter_misc":{"\u00c9crit par":"Author","Dur\u00e9e de lecture estim\u00e9e":"2 minutes"},"schema":{"@context":"https:\/\/schema.org","@graph":[{"@type":"WebPage","@id":"https:\/\/vof-news.eu\/fr\/tour-de-france-2025-onze-velos-derobes-a-lequipe-cofidis-avant-la-deuxieme-etape-143-000-euros-de-prejudice\/","url":"https:\/\/vof-news.eu\/fr\/tour-de-france-2025-onze-velos-derobes-a-lequipe-cofidis-avant-la-deuxieme-etape-143-000-euros-de-prejudice\/","name":"Tour de France 2025\u00a0: onze v\u00e9los d\u00e9rob\u00e9s \u00e0 l\u2019\u00e9quipe Cofidis avant la deuxi\u00e8me \u00e9tape, 143\u00a0000\u00a0euros de pr\u00e9judice - vof-news.eu","isPartOf":{"@id":"https:\/\/vof-news.eu\/fr\/#website"},"primaryImageOfPage":{"@id":"https:\/\/vof-news.eu\/fr\/tour-de-france-2025-onze-velos-derobes-a-lequipe-cofidis-avant-la-deuxieme-etape-143-000-euros-de-prejudice\/#primaryimage"},"image":{"@id":"https:\/\/vof-news.eu\/fr\/tour-de-france-2025-onze-velos-derobes-a-lequipe-cofidis-avant-la-deuxieme-etape-143-000-euros-de-prejudice\/#primaryimage"},"thumbnailUrl":"https:\/\/vof-news.eu\/wp-content\/uploads\/2025\/07\/ef0514f_ftp-import-images-1-p2zf8g6htwyn-2025-07-06t103936z-64746160-up1el760tlypg-rtrmadp-3-cycling-france.jpg","datePublished":"2025-07-06T14:30:17+00:00","dateModified":"2025-07-06T14:30:50+00:00","author":{"@id":"https:\/\/vof-news.eu\/fr\/#\/schema\/person\/f6a2a4309f0561835797fd8c19b333ed"},"description":"Au soir de la premi\u00e8re \u00e9tape du Tour de France 2025, remport\u00e9e par Jasper Philipsen autour de Lille, samedi 5\u00a0juillet, l\u2019\u00e9quipe fran\u00e7aise Cofidis a \u00e9t\u00e9 victime d\u2019un cambriolage, dans son h\u00f4tel situ\u00e9 \u00e0 Bondues (Nord). pr\u00e9cise Cofidis dans un communiqu\u00e9 dimanche. Selon nos informations, le montant du pr\u00e9judice est estim\u00e9 \u00e0 143\u00a0000\u00a0euros \u2013 chacun des onze v\u00e9los vol\u00e9s valant 13\u00a0000\u00a0euros, pr\u00e9cise l\u2019\u00e9quipe nordiste au. Dans son infortune, \u00e0 l\u2019inverse d\u2019autres formations \u00e0 qui pareille m\u00e9saventure est arriv\u00e9e, la Cofidis, dont le si\u00e8ge est bas\u00e9 \u00e0 Villeneuve-d\u2019Ascq (Nord), dans la m\u00e9tropole lilloise, n\u2019a pas eu \u00e0 aller loin pour trouver des v\u00e9los de remplacements. \u00ab\u00a0, expose l\u2019\u00e9quipe. ASO s\u2019en remet \u00e0 la justice Il y a un an, lors de l\u2019\u00e9dition 2024, l\u2019\u00e9quipe TotalEnergies s\u2019\u00e9tait \u00e9galement fait voler (d\u00e9j\u00e0) onze v\u00e9los, pour un montant total estim\u00e9 \u00e0 150\u00a0000\u00a0euros, avant la douzi\u00e8me \u00e9tape, dans un h\u00f4tel au Lioran (Cantal) \u2013 et notamment le v\u00e9lo ayant vu Anthony Turgis s\u2019imposer lors de l\u2019\u00e9tape des chemins blancs de l\u2019Aube, quelques jours auparavant. L\u2019\u00e9quipe fran\u00e7aise dirig\u00e9e par Jean-Ren\u00e9 Bernaudeau avait d\u00fb rapatrier des v\u00e9los de Vend\u00e9e, o\u00f9 se situe son si\u00e8ge. Interrog\u00e9 dimanche, un membre d\u2019Amaury Sport Organisation (ASO), soci\u00e9t\u00e9 organisatrice du Tour de France, le vol dont est victime Cofidis. Face \u00e0 la multiplication de ces cambriolages, ASO s\u2019en remet \u00e0 la justice et \u00e0 l\u2019\u00e9quipe \u2013 qui dans son communiqu\u00e9 \u2013 pour g\u00e9rer au mieux ce fait divers. Cette annonce prolonge la premi\u00e8re \u00e9tape agit\u00e9e v\u00e9cue par Cofidis, samedi. Le champion olympique de Paris 2024\u00a0Benjamin Thomas \u2013 en omnium, sur piste \u2013 s\u2019y est illustr\u00e9, endossant le maillot \u00e0 pois de meilleur grimpeur apr\u00e8s avoir pass\u00e9 les deux premi\u00e8res c\u00f4tes en t\u00eate. Il avait \u00e9galement chut\u00e9 en fauchant son compatriote Matt\u00e9o Vercher (TotalEnergies), au sommet du mont Cassel. Oscar Korbosli et Denis M\u00e9n\u00e9trier\u00a0(Boulogne-sur-Mer, Pas-de-Calais, envoy\u00e9s sp\u00e9ciaux) S\u2019abonner Contribuer R\u00e9utiliser ce contenu","breadcrumb":{"@id":"https:\/\/vof-news.eu\/fr\/tour-de-france-2025-onze-velos-derobes-a-lequipe-cofidis-avant-la-deuxieme-etape-143-000-euros-de-prejudice\/#breadcrumb"},"inLanguage":"fr-FR","potentialAction":[{"@type":"ReadAction","target":["https:\/\/vof-news.eu\/fr\/tour-de-france-2025-onze-velos-derobes-a-lequipe-cofidis-avant-la-deuxieme-etape-143-000-euros-de-prejudice\/"]}]},{"@type":"ImageObject","inLanguage":"fr-FR","@id":"https:\/\/vof-news.eu\/fr\/tour-de-france-2025-onze-velos-derobes-a-lequipe-cofidis-avant-la-deuxieme-etape-143-000-euros-de-prejudice\/#primaryimage","url":"https:\/\/vof-news.eu\/wp-content\/uploads\/2025\/07\/ef0514f_ftp-import-images-1-p2zf8g6htwyn-2025-07-06t103936z-64746160-up1el760tlypg-rtrmadp-3-cycling-france.jpg","contentUrl":"https:\/\/vof-news.eu\/wp-content\/uploads\/2025\/07\/ef0514f_ftp-import-images-1-p2zf8g6htwyn-2025-07-06t103936z-64746160-up1el760tlypg-rtrmadp-3-cycling-france.jpg","width":664,"height":421},{"@type":"BreadcrumbList","@id":"https:\/\/vof-news.eu\/fr\/tour-de-france-2025-onze-velos-derobes-a-lequipe-cofidis-avant-la-deuxieme-etape-143-000-euros-de-prejudice\/#breadcrumb","itemListElement":[{"@type":"ListItem","position":1,"name":"Home","item":"https:\/\/vof-news.eu\/fr\/"},{"@type":"ListItem","position":2,"name":"Tour de France 2025\u00a0: onze v\u00e9los d\u00e9rob\u00e9s \u00e0 l\u2019\u00e9quipe Cofidis avant la deuxi\u00e8me \u00e9tape, 143\u00a0000\u00a0euros de pr\u00e9judice"}]},{"@type":"WebSite","@id":"https:\/\/vof-news.eu\/fr\/#website","url":"https:\/\/vof-news.eu\/fr\/","name":"vof-news.eu","description":"","potentialAction":[{"@type":"SearchAction","target":{"@type":"EntryPoint","urlTemplate":"https:\/\/vof-news.eu\/fr\/?s={search_term_string}"},"query-input":"required name=search_term_string"}],"inLanguage":"fr-FR"},{"@type":"Person","@id":"https:\/\/vof-news.eu\/fr\/#\/schema\/person\/f6a2a4309f0561835797fd8c19b333ed","name":"Author","image":{"@type":"ImageObject","inLanguage":"fr-FR","@id":"https:\/\/vof-news.eu\/fr\/#\/schema\/person\/image\/","url":"https:\/\/secure.gravatar.com\/avatar\/b67e614b1b25b3e9c0c239efdd2fde5ab015b5affd6f1c3c85911ca4b384e790?s=96&d=mm&r=g","contentUrl":"https:\/\/secure.gravatar.com\/avatar\/b67e614b1b25b3e9c0c239efdd2fde5ab015b5affd6f1c3c85911ca4b384e790?s=96&d=mm&r=g","caption":"Author"},"sameAs":["http:\/\/vof-news.eu"],"url":"https:\/\/vof-news.eu\/fr\/author\/zwt6qxnjulxbnyg\/"}]}},"yoast_meta":{"yoast_wpseo_title":"","yoast_wpseo_metadesc":"","yoast_wpseo_canonical":""},"_links":{"self":[{"href":"https:\/\/vof-news.eu\/fr\/wp-json\/wp\/v2\/posts\/248289","targetHints":{"allow":["GET"]}}],"collection":[{"href":"https:\/\/vof-news.eu\/fr\/wp-json\/wp\/v2\/posts"}],"about":[{"href":"https:\/\/vof-news.eu\/fr\/wp-json\/wp\/v2\/types\/post"}],"author":[{"embeddable":true,"href":"https:\/\/vof-news.eu\/fr\/wp-json\/wp\/v2\/users\/1"}],"replies":[{"embeddable":true,"href":"https:\/\/vof-news.eu\/fr\/wp-json\/wp\/v2\/comments?post=248289"}],"version-history":[{"count":1,"href":"https:\/\/vof-news.eu\/fr\/wp-json\/wp\/v2\/posts\/248289\/revisions"}],"predecessor-version":[{"id":248296,"href":"https:\/\/vof-news.eu\/fr\/wp-json\/wp\/v2\/posts\/248289\/revisions\/248296"}],"wp:featuredmedia":[{"embeddable":true,"href":"https:\/\/vof-news.eu\/fr\/wp-json\/wp\/v2\/media\/248290"}],"wp:attachment":[{"href":"https:\/\/vof-news.eu\/fr\/wp-json\/wp\/v2\/media?parent=248289"}],"wp:term":[{"taxonomy":"category","embeddable":true,"href":"https:\/\/vof-news.eu\/fr\/wp-json\/wp\/v2\/categories?post=248289"},{"taxonomy":"post_tag","embeddable":true,"href":"https:\/\/vof-news.eu\/fr\/wp-json\/wp\/v2\/tags?post=248289"}],"curies":[{"name":"wp","href":"https:\/\/api.w.org\/{rel}","templated":true}]}}