{"id":248251,"date":"2025-07-06T15:32:25","date_gmt":"2025-07-06T12:32:25","guid":{"rendered":"https:\/\/vof-news.eu\/louis-stettner-de-new-york-a-saint-ouen\/"},"modified":"2025-07-06T15:32:39","modified_gmt":"2025-07-06T12:32:39","slug":"louis-stettner-de-new-york-a-saint-ouen","status":"publish","type":"post","link":"https:\/\/vof-news.eu\/fr\/louis-stettner-de-new-york-a-saint-ouen\/","title":{"rendered":"Louis Stettner, de New York \u00e0 Saint-Ouen"},"content":{"rendered":"<article>\n<p>A Saint-Ouen (Seine-Saint-Denis), dans un ancien quartier ouvrier, une maison discr\u00e8te, au petit jardin plant\u00e9 d\u2019un grand noyer, abrite un tr\u00e9sor insoup\u00e7onnable\u00a0: l\u2019ancien quartier g\u00e9n\u00e9ral de Louis Stettner (1922-2016), photographe am\u00e9ricain qui ne cessa d\u2019osciller entre les Etats-Unis et la France, et finit sa vie l\u00e0, \u00e0 deux pas du c\u00e9l\u00e8bre march\u00e9 aux puces. La chambre noire o\u00f9 il tirait lui-m\u00eame ses photos, la maison remplie d\u2019un bric-\u00e0-brac extraordinaire d\u2019objets chin\u00e9s ou rapport\u00e9s de ses voyages, l\u2019atelier qui abrite non seulement ses n\u00e9gatifs, ses tirages, ses collages, mais aussi ses textes, ses sculptures aux formes organiques et ses peintures en forme d\u2019autoportraits grin\u00e7ants, disent bien le bouillonnement artistique qui a caract\u00e9ris\u00e9 le personnage jusqu\u2019\u00e0 sa mort, \u00e0 93\u00a0ans.<\/p>\n<section>   <\/section>\n<p>Aujourd\u2019hui, c\u2019est Janet Stettner, 74\u00a0ans, sa veuve, qui veille sur ses archives, exhume des in\u00e9dits et promeut son \u0153uvre, ouvrant largement sa porte aux chercheurs. , explique cette femme vive et chaleureuse, qui rencontra son mari lors d\u2019une panne de m\u00e9tro \u00e0 New York, alors qu\u2019il avait d\u00e9j\u00e0 58\u00a0ans, et a plong\u00e9 les pieds joints dans son univers. C\u2019est elle qui fit longtemps bouillir la marmite gr\u00e2ce \u00e0 son travail comme art-th\u00e9rapeuthe puis comme \u00e9ducatrice sp\u00e9cialis\u00e9e. Pour les Rencontres d\u2019Arles, elle a travaill\u00e9 main dans la main avec la commissaire ind\u00e9pendante Virginie Chardin, qui a mont\u00e9 une exposition \u00e0 Arles, \u00abLe Monde de Louis Stettner\u00a0\u00bb, riche en tirages d\u2019\u00e9poque et en in\u00e9dits. ,dit cette derni\u00e8re.<\/p>\n<p><strong>Il vous reste 75.4% de cet article \u00e0 lire. La suite est r\u00e9serv\u00e9e aux abonn\u00e9s.<\/strong><\/p>\n<\/article>\n","protected":false},"excerpt":{"rendered":"<p>A Saint-Ouen (Seine-Saint-Denis), dans un ancien quartier ouvrier, une maison discr\u00e8te, au petit jardin plant\u00e9 d\u2019un grand noyer, abrite un tr\u00e9sor insoup\u00e7onnable\u00a0: l\u2019ancien quartier g\u00e9n\u00e9ral de Louis Stettner (1922-2016), photographe am\u00e9ricain qui ne cessa d\u2019osciller entre les Etats-Unis et la France, et finit sa vie l\u00e0, \u00e0 deux pas du c\u00e9l\u00e8bre march\u00e9 aux puces. La<\/p>\n","protected":false},"author":1,"featured_media":248252,"comment_status":"open","ping_status":"open","sticky":false,"template":"","format":"standard","meta":{"footnotes":""},"categories":[63],"tags":[],"class_list":["post-248251","post","type-post","status-publish","format-standard","has-post-thumbnail","hentry","category-culture-fr"],"acf":[],"yoast_head":"<!-- This site is optimized with the Yoast SEO plugin v22.9 - https:\/\/yoast.com\/wordpress\/plugins\/seo\/ -->\n<title>Louis Stettner, de New York \u00e0 Saint-Ouen - vof-news.eu<\/title>\n<meta name=\"description\" content=\"A Saint-Ouen (Seine-Saint-Denis), dans un ancien quartier ouvrier, une maison discr\u00e8te, au petit jardin plant\u00e9 d\u2019un grand noyer, abrite un tr\u00e9sor insoup\u00e7onnable\u00a0: l\u2019ancien quartier g\u00e9n\u00e9ral de Louis Stettner (1922-2016), photographe am\u00e9ricain qui ne cessa d\u2019osciller entre les Etats-Unis et la France, et finit sa vie l\u00e0, \u00e0 deux pas du c\u00e9l\u00e8bre march\u00e9 aux puces. La chambre noire o\u00f9 il tirait lui-m\u00eame ses photos, la maison remplie d\u2019un bric-\u00e0-brac extraordinaire d\u2019objets chin\u00e9s ou rapport\u00e9s de ses voyages, l\u2019atelier qui abrite non seulement ses n\u00e9gatifs, ses tirages, ses collages, mais aussi ses textes, ses sculptures aux formes organiques et ses peintures en forme d\u2019autoportraits grin\u00e7ants, disent bien le bouillonnement artistique qui a caract\u00e9ris\u00e9 le personnage jusqu\u2019\u00e0 sa mort, \u00e0 93\u00a0ans.   Aujourd\u2019hui, c\u2019est Janet Stettner, 74\u00a0ans, sa veuve, qui veille sur ses archives, exhume des in\u00e9dits et promeut son \u0153uvre, ouvrant largement sa porte aux chercheurs. , explique cette femme vive et chaleureuse, qui rencontra son mari lors d\u2019une panne de m\u00e9tro \u00e0 New York, alors qu\u2019il avait d\u00e9j\u00e0 58\u00a0ans, et a plong\u00e9 les pieds joints dans son univers. C\u2019est elle qui fit longtemps bouillir la marmite gr\u00e2ce \u00e0 son travail comme art-th\u00e9rapeuthe puis comme \u00e9ducatrice sp\u00e9cialis\u00e9e. Pour les Rencontres d\u2019Arles, elle a travaill\u00e9 main dans la main avec la commissaire ind\u00e9pendante Virginie Chardin, qui a mont\u00e9 une exposition \u00e0 Arles, \u00abLe Monde de Louis Stettner\u00a0\u00bb, riche en tirages d\u2019\u00e9poque et en in\u00e9dits. ,dit cette derni\u00e8re. Il vous reste 75.4% de cet article \u00e0 lire. La suite est r\u00e9serv\u00e9e aux abonn\u00e9s.\" \/>\n<meta name=\"robots\" content=\"noindex, follow, max-snippet:-1, max-image-preview:large, max-video-preview:-1\" \/>\n<meta property=\"og:locale\" content=\"fr_FR\" \/>\n<meta property=\"og:type\" content=\"article\" \/>\n<meta property=\"og:title\" content=\"Louis Stettner, de New York \u00e0 Saint-Ouen - vof-news.eu\" \/>\n<meta property=\"og:description\" content=\"A Saint-Ouen (Seine-Saint-Denis), dans un ancien quartier ouvrier, une maison discr\u00e8te, au petit jardin plant\u00e9 d\u2019un grand noyer, abrite un tr\u00e9sor insoup\u00e7onnable\u00a0: l\u2019ancien quartier g\u00e9n\u00e9ral de Louis Stettner (1922-2016), photographe am\u00e9ricain qui ne cessa d\u2019osciller entre les Etats-Unis et la France, et finit sa vie l\u00e0, \u00e0 deux pas du c\u00e9l\u00e8bre march\u00e9 aux puces. La chambre noire o\u00f9 il tirait lui-m\u00eame ses photos, la maison remplie d\u2019un bric-\u00e0-brac extraordinaire d\u2019objets chin\u00e9s ou rapport\u00e9s de ses voyages, l\u2019atelier qui abrite non seulement ses n\u00e9gatifs, ses tirages, ses collages, mais aussi ses textes, ses sculptures aux formes organiques et ses peintures en forme d\u2019autoportraits grin\u00e7ants, disent bien le bouillonnement artistique qui a caract\u00e9ris\u00e9 le personnage jusqu\u2019\u00e0 sa mort, \u00e0 93\u00a0ans.   Aujourd\u2019hui, c\u2019est Janet Stettner, 74\u00a0ans, sa veuve, qui veille sur ses archives, exhume des in\u00e9dits et promeut son \u0153uvre, ouvrant largement sa porte aux chercheurs. , explique cette femme vive et chaleureuse, qui rencontra son mari lors d\u2019une panne de m\u00e9tro \u00e0 New York, alors qu\u2019il avait d\u00e9j\u00e0 58\u00a0ans, et a plong\u00e9 les pieds joints dans son univers. C\u2019est elle qui fit longtemps bouillir la marmite gr\u00e2ce \u00e0 son travail comme art-th\u00e9rapeuthe puis comme \u00e9ducatrice sp\u00e9cialis\u00e9e. Pour les Rencontres d\u2019Arles, elle a travaill\u00e9 main dans la main avec la commissaire ind\u00e9pendante Virginie Chardin, qui a mont\u00e9 une exposition \u00e0 Arles, \u00abLe Monde de Louis Stettner\u00a0\u00bb, riche en tirages d\u2019\u00e9poque et en in\u00e9dits. ,dit cette derni\u00e8re. Il vous reste 75.4% de cet article \u00e0 lire. La suite est r\u00e9serv\u00e9e aux abonn\u00e9s.\" \/>\n<meta property=\"og:url\" content=\"https:\/\/vof-news.eu\/fr\/louis-stettner-de-new-york-a-saint-ouen\/\" \/>\n<meta property=\"og:site_name\" content=\"vof-news.eu\" \/>\n<meta property=\"article:published_time\" content=\"2025-07-06T12:32:25+00:00\" \/>\n<meta property=\"article:modified_time\" content=\"2025-07-06T12:32:39+00:00\" \/>\n<meta property=\"og:image\" content=\"https:\/\/vof-news.eu\/wp-content\/uploads\/2025\/07\/b3c0717_upload-1-9h8bgdwdfuq4-04-stettner-portfolio-p69-copie.jpg\" \/>\n\t<meta property=\"og:image:width\" content=\"664\" \/>\n\t<meta property=\"og:image:height\" content=\"442\" \/>\n\t<meta property=\"og:image:type\" content=\"image\/jpeg\" \/>\n<meta name=\"author\" content=\"Author\" \/>\n<meta name=\"twitter:card\" content=\"summary_large_image\" \/>\n<meta name=\"twitter:label1\" content=\"\u00c9crit par\" \/>\n\t<meta name=\"twitter:data1\" content=\"Author\" \/>\n\t<meta name=\"twitter:label2\" content=\"Dur\u00e9e de lecture estim\u00e9e\" \/>\n\t<meta name=\"twitter:data2\" content=\"1 minute\" \/>\n<script type=\"application\/ld+json\" class=\"yoast-schema-graph\">{\"@context\":\"https:\/\/schema.org\",\"@graph\":[{\"@type\":\"WebPage\",\"@id\":\"https:\/\/vof-news.eu\/fr\/louis-stettner-de-new-york-a-saint-ouen\/\",\"url\":\"https:\/\/vof-news.eu\/fr\/louis-stettner-de-new-york-a-saint-ouen\/\",\"name\":\"Louis Stettner, de New York \u00e0 Saint-Ouen - vof-news.eu\",\"isPartOf\":{\"@id\":\"https:\/\/vof-news.eu\/fr\/#website\"},\"primaryImageOfPage\":{\"@id\":\"https:\/\/vof-news.eu\/fr\/louis-stettner-de-new-york-a-saint-ouen\/#primaryimage\"},\"image\":{\"@id\":\"https:\/\/vof-news.eu\/fr\/louis-stettner-de-new-york-a-saint-ouen\/#primaryimage\"},\"thumbnailUrl\":\"https:\/\/vof-news.eu\/wp-content\/uploads\/2025\/07\/b3c0717_upload-1-9h8bgdwdfuq4-04-stettner-portfolio-p69-copie.jpg\",\"datePublished\":\"2025-07-06T12:32:25+00:00\",\"dateModified\":\"2025-07-06T12:32:39+00:00\",\"author\":{\"@id\":\"https:\/\/vof-news.eu\/fr\/#\/schema\/person\/f6a2a4309f0561835797fd8c19b333ed\"},\"description\":\"A Saint-Ouen (Seine-Saint-Denis), dans un ancien quartier ouvrier, une maison discr\u00e8te, au petit jardin plant\u00e9 d\u2019un grand noyer, abrite un tr\u00e9sor insoup\u00e7onnable\u00a0: l\u2019ancien quartier g\u00e9n\u00e9ral de Louis Stettner (1922-2016), photographe am\u00e9ricain qui ne cessa d\u2019osciller entre les Etats-Unis et la France, et finit sa vie l\u00e0, \u00e0 deux pas du c\u00e9l\u00e8bre march\u00e9 aux puces. La chambre noire o\u00f9 il tirait lui-m\u00eame ses photos, la maison remplie d\u2019un bric-\u00e0-brac extraordinaire d\u2019objets chin\u00e9s ou rapport\u00e9s de ses voyages, l\u2019atelier qui abrite non seulement ses n\u00e9gatifs, ses tirages, ses collages, mais aussi ses textes, ses sculptures aux formes organiques et ses peintures en forme d\u2019autoportraits grin\u00e7ants, disent bien le bouillonnement artistique qui a caract\u00e9ris\u00e9 le personnage jusqu\u2019\u00e0 sa mort, \u00e0 93\u00a0ans. Aujourd\u2019hui, c\u2019est Janet Stettner, 74\u00a0ans, sa veuve, qui veille sur ses archives, exhume des in\u00e9dits et promeut son \u0153uvre, ouvrant largement sa porte aux chercheurs. , explique cette femme vive et chaleureuse, qui rencontra son mari lors d\u2019une panne de m\u00e9tro \u00e0 New York, alors qu\u2019il avait d\u00e9j\u00e0 58\u00a0ans, et a plong\u00e9 les pieds joints dans son univers. C\u2019est elle qui fit longtemps bouillir la marmite gr\u00e2ce \u00e0 son travail comme art-th\u00e9rapeuthe puis comme \u00e9ducatrice sp\u00e9cialis\u00e9e. Pour les Rencontres d\u2019Arles, elle a travaill\u00e9 main dans la main avec la commissaire ind\u00e9pendante Virginie Chardin, qui a mont\u00e9 une exposition \u00e0 Arles, \u00abLe Monde de Louis Stettner\u00a0\u00bb, riche en tirages d\u2019\u00e9poque et en in\u00e9dits. ,dit cette derni\u00e8re. Il vous reste 75.4% de cet article \u00e0 lire. La suite est r\u00e9serv\u00e9e aux abonn\u00e9s.\",\"breadcrumb\":{\"@id\":\"https:\/\/vof-news.eu\/fr\/louis-stettner-de-new-york-a-saint-ouen\/#breadcrumb\"},\"inLanguage\":\"fr-FR\",\"potentialAction\":[{\"@type\":\"ReadAction\",\"target\":[\"https:\/\/vof-news.eu\/fr\/louis-stettner-de-new-york-a-saint-ouen\/\"]}]},{\"@type\":\"ImageObject\",\"inLanguage\":\"fr-FR\",\"@id\":\"https:\/\/vof-news.eu\/fr\/louis-stettner-de-new-york-a-saint-ouen\/#primaryimage\",\"url\":\"https:\/\/vof-news.eu\/wp-content\/uploads\/2025\/07\/b3c0717_upload-1-9h8bgdwdfuq4-04-stettner-portfolio-p69-copie.jpg\",\"contentUrl\":\"https:\/\/vof-news.eu\/wp-content\/uploads\/2025\/07\/b3c0717_upload-1-9h8bgdwdfuq4-04-stettner-portfolio-p69-copie.jpg\",\"width\":664,\"height\":442},{\"@type\":\"BreadcrumbList\",\"@id\":\"https:\/\/vof-news.eu\/fr\/louis-stettner-de-new-york-a-saint-ouen\/#breadcrumb\",\"itemListElement\":[{\"@type\":\"ListItem\",\"position\":1,\"name\":\"Home\",\"item\":\"https:\/\/vof-news.eu\/fr\/\"},{\"@type\":\"ListItem\",\"position\":2,\"name\":\"Louis Stettner, de New York \u00e0 Saint-Ouen\"}]},{\"@type\":\"WebSite\",\"@id\":\"https:\/\/vof-news.eu\/fr\/#website\",\"url\":\"https:\/\/vof-news.eu\/fr\/\",\"name\":\"vof-news.eu\",\"description\":\"\",\"potentialAction\":[{\"@type\":\"SearchAction\",\"target\":{\"@type\":\"EntryPoint\",\"urlTemplate\":\"https:\/\/vof-news.eu\/fr\/?s={search_term_string}\"},\"query-input\":\"required name=search_term_string\"}],\"inLanguage\":\"fr-FR\"},{\"@type\":\"Person\",\"@id\":\"https:\/\/vof-news.eu\/fr\/#\/schema\/person\/f6a2a4309f0561835797fd8c19b333ed\",\"name\":\"Author\",\"image\":{\"@type\":\"ImageObject\",\"inLanguage\":\"fr-FR\",\"@id\":\"https:\/\/vof-news.eu\/fr\/#\/schema\/person\/image\/\",\"url\":\"https:\/\/secure.gravatar.com\/avatar\/b67e614b1b25b3e9c0c239efdd2fde5ab015b5affd6f1c3c85911ca4b384e790?s=96&d=mm&r=g\",\"contentUrl\":\"https:\/\/secure.gravatar.com\/avatar\/b67e614b1b25b3e9c0c239efdd2fde5ab015b5affd6f1c3c85911ca4b384e790?s=96&d=mm&r=g\",\"caption\":\"Author\"},\"sameAs\":[\"http:\/\/vof-news.eu\"],\"url\":\"https:\/\/vof-news.eu\/fr\/author\/zwt6qxnjulxbnyg\/\"}]}<\/script>\n<!-- \/ Yoast SEO plugin. -->","yoast_head_json":{"title":"Louis Stettner, de New York \u00e0 Saint-Ouen - vof-news.eu","description":"A Saint-Ouen (Seine-Saint-Denis), dans un ancien quartier ouvrier, une maison discr\u00e8te, au petit jardin plant\u00e9 d\u2019un grand noyer, abrite un tr\u00e9sor insoup\u00e7onnable\u00a0: l\u2019ancien quartier g\u00e9n\u00e9ral de Louis Stettner (1922-2016), photographe am\u00e9ricain qui ne cessa d\u2019osciller entre les Etats-Unis et la France, et finit sa vie l\u00e0, \u00e0 deux pas du c\u00e9l\u00e8bre march\u00e9 aux puces. La chambre noire o\u00f9 il tirait lui-m\u00eame ses photos, la maison remplie d\u2019un bric-\u00e0-brac extraordinaire d\u2019objets chin\u00e9s ou rapport\u00e9s de ses voyages, l\u2019atelier qui abrite non seulement ses n\u00e9gatifs, ses tirages, ses collages, mais aussi ses textes, ses sculptures aux formes organiques et ses peintures en forme d\u2019autoportraits grin\u00e7ants, disent bien le bouillonnement artistique qui a caract\u00e9ris\u00e9 le personnage jusqu\u2019\u00e0 sa mort, \u00e0 93\u00a0ans.   Aujourd\u2019hui, c\u2019est Janet Stettner, 74\u00a0ans, sa veuve, qui veille sur ses archives, exhume des in\u00e9dits et promeut son \u0153uvre, ouvrant largement sa porte aux chercheurs. , explique cette femme vive et chaleureuse, qui rencontra son mari lors d\u2019une panne de m\u00e9tro \u00e0 New York, alors qu\u2019il avait d\u00e9j\u00e0 58\u00a0ans, et a plong\u00e9 les pieds joints dans son univers. C\u2019est elle qui fit longtemps bouillir la marmite gr\u00e2ce \u00e0 son travail comme art-th\u00e9rapeuthe puis comme \u00e9ducatrice sp\u00e9cialis\u00e9e. Pour les Rencontres d\u2019Arles, elle a travaill\u00e9 main dans la main avec la commissaire ind\u00e9pendante Virginie Chardin, qui a mont\u00e9 une exposition \u00e0 Arles, \u00abLe Monde de Louis Stettner\u00a0\u00bb, riche en tirages d\u2019\u00e9poque et en in\u00e9dits. ,dit cette derni\u00e8re. Il vous reste 75.4% de cet article \u00e0 lire. La suite est r\u00e9serv\u00e9e aux abonn\u00e9s.","robots":{"index":"noindex","follow":"follow","max-snippet":"max-snippet:-1","max-image-preview":"max-image-preview:large","max-video-preview":"max-video-preview:-1"},"og_locale":"fr_FR","og_type":"article","og_title":"Louis Stettner, de New York \u00e0 Saint-Ouen - vof-news.eu","og_description":"A Saint-Ouen (Seine-Saint-Denis), dans un ancien quartier ouvrier, une maison discr\u00e8te, au petit jardin plant\u00e9 d\u2019un grand noyer, abrite un tr\u00e9sor insoup\u00e7onnable\u00a0: l\u2019ancien quartier g\u00e9n\u00e9ral de Louis Stettner (1922-2016), photographe am\u00e9ricain qui ne cessa d\u2019osciller entre les Etats-Unis et la France, et finit sa vie l\u00e0, \u00e0 deux pas du c\u00e9l\u00e8bre march\u00e9 aux puces. La chambre noire o\u00f9 il tirait lui-m\u00eame ses photos, la maison remplie d\u2019un bric-\u00e0-brac extraordinaire d\u2019objets chin\u00e9s ou rapport\u00e9s de ses voyages, l\u2019atelier qui abrite non seulement ses n\u00e9gatifs, ses tirages, ses collages, mais aussi ses textes, ses sculptures aux formes organiques et ses peintures en forme d\u2019autoportraits grin\u00e7ants, disent bien le bouillonnement artistique qui a caract\u00e9ris\u00e9 le personnage jusqu\u2019\u00e0 sa mort, \u00e0 93\u00a0ans.   Aujourd\u2019hui, c\u2019est Janet Stettner, 74\u00a0ans, sa veuve, qui veille sur ses archives, exhume des in\u00e9dits et promeut son \u0153uvre, ouvrant largement sa porte aux chercheurs. , explique cette femme vive et chaleureuse, qui rencontra son mari lors d\u2019une panne de m\u00e9tro \u00e0 New York, alors qu\u2019il avait d\u00e9j\u00e0 58\u00a0ans, et a plong\u00e9 les pieds joints dans son univers. C\u2019est elle qui fit longtemps bouillir la marmite gr\u00e2ce \u00e0 son travail comme art-th\u00e9rapeuthe puis comme \u00e9ducatrice sp\u00e9cialis\u00e9e. Pour les Rencontres d\u2019Arles, elle a travaill\u00e9 main dans la main avec la commissaire ind\u00e9pendante Virginie Chardin, qui a mont\u00e9 une exposition \u00e0 Arles, \u00abLe Monde de Louis Stettner\u00a0\u00bb, riche en tirages d\u2019\u00e9poque et en in\u00e9dits. ,dit cette derni\u00e8re. Il vous reste 75.4% de cet article \u00e0 lire. La suite est r\u00e9serv\u00e9e aux abonn\u00e9s.","og_url":"https:\/\/vof-news.eu\/fr\/louis-stettner-de-new-york-a-saint-ouen\/","og_site_name":"vof-news.eu","article_published_time":"2025-07-06T12:32:25+00:00","article_modified_time":"2025-07-06T12:32:39+00:00","og_image":[{"width":664,"height":442,"url":"https:\/\/vof-news.eu\/wp-content\/uploads\/2025\/07\/b3c0717_upload-1-9h8bgdwdfuq4-04-stettner-portfolio-p69-copie.jpg","type":"image\/jpeg"}],"author":"Author","twitter_card":"summary_large_image","twitter_misc":{"\u00c9crit par":"Author","Dur\u00e9e de lecture estim\u00e9e":"1 minute"},"schema":{"@context":"https:\/\/schema.org","@graph":[{"@type":"WebPage","@id":"https:\/\/vof-news.eu\/fr\/louis-stettner-de-new-york-a-saint-ouen\/","url":"https:\/\/vof-news.eu\/fr\/louis-stettner-de-new-york-a-saint-ouen\/","name":"Louis Stettner, de New York \u00e0 Saint-Ouen - vof-news.eu","isPartOf":{"@id":"https:\/\/vof-news.eu\/fr\/#website"},"primaryImageOfPage":{"@id":"https:\/\/vof-news.eu\/fr\/louis-stettner-de-new-york-a-saint-ouen\/#primaryimage"},"image":{"@id":"https:\/\/vof-news.eu\/fr\/louis-stettner-de-new-york-a-saint-ouen\/#primaryimage"},"thumbnailUrl":"https:\/\/vof-news.eu\/wp-content\/uploads\/2025\/07\/b3c0717_upload-1-9h8bgdwdfuq4-04-stettner-portfolio-p69-copie.jpg","datePublished":"2025-07-06T12:32:25+00:00","dateModified":"2025-07-06T12:32:39+00:00","author":{"@id":"https:\/\/vof-news.eu\/fr\/#\/schema\/person\/f6a2a4309f0561835797fd8c19b333ed"},"description":"A Saint-Ouen (Seine-Saint-Denis), dans un ancien quartier ouvrier, une maison discr\u00e8te, au petit jardin plant\u00e9 d\u2019un grand noyer, abrite un tr\u00e9sor insoup\u00e7onnable\u00a0: l\u2019ancien quartier g\u00e9n\u00e9ral de Louis Stettner (1922-2016), photographe am\u00e9ricain qui ne cessa d\u2019osciller entre les Etats-Unis et la France, et finit sa vie l\u00e0, \u00e0 deux pas du c\u00e9l\u00e8bre march\u00e9 aux puces. La chambre noire o\u00f9 il tirait lui-m\u00eame ses photos, la maison remplie d\u2019un bric-\u00e0-brac extraordinaire d\u2019objets chin\u00e9s ou rapport\u00e9s de ses voyages, l\u2019atelier qui abrite non seulement ses n\u00e9gatifs, ses tirages, ses collages, mais aussi ses textes, ses sculptures aux formes organiques et ses peintures en forme d\u2019autoportraits grin\u00e7ants, disent bien le bouillonnement artistique qui a caract\u00e9ris\u00e9 le personnage jusqu\u2019\u00e0 sa mort, \u00e0 93\u00a0ans. Aujourd\u2019hui, c\u2019est Janet Stettner, 74\u00a0ans, sa veuve, qui veille sur ses archives, exhume des in\u00e9dits et promeut son \u0153uvre, ouvrant largement sa porte aux chercheurs. , explique cette femme vive et chaleureuse, qui rencontra son mari lors d\u2019une panne de m\u00e9tro \u00e0 New York, alors qu\u2019il avait d\u00e9j\u00e0 58\u00a0ans, et a plong\u00e9 les pieds joints dans son univers. C\u2019est elle qui fit longtemps bouillir la marmite gr\u00e2ce \u00e0 son travail comme art-th\u00e9rapeuthe puis comme \u00e9ducatrice sp\u00e9cialis\u00e9e. Pour les Rencontres d\u2019Arles, elle a travaill\u00e9 main dans la main avec la commissaire ind\u00e9pendante Virginie Chardin, qui a mont\u00e9 une exposition \u00e0 Arles, \u00abLe Monde de Louis Stettner\u00a0\u00bb, riche en tirages d\u2019\u00e9poque et en in\u00e9dits. ,dit cette derni\u00e8re. Il vous reste 75.4% de cet article \u00e0 lire. La suite est r\u00e9serv\u00e9e aux abonn\u00e9s.","breadcrumb":{"@id":"https:\/\/vof-news.eu\/fr\/louis-stettner-de-new-york-a-saint-ouen\/#breadcrumb"},"inLanguage":"fr-FR","potentialAction":[{"@type":"ReadAction","target":["https:\/\/vof-news.eu\/fr\/louis-stettner-de-new-york-a-saint-ouen\/"]}]},{"@type":"ImageObject","inLanguage":"fr-FR","@id":"https:\/\/vof-news.eu\/fr\/louis-stettner-de-new-york-a-saint-ouen\/#primaryimage","url":"https:\/\/vof-news.eu\/wp-content\/uploads\/2025\/07\/b3c0717_upload-1-9h8bgdwdfuq4-04-stettner-portfolio-p69-copie.jpg","contentUrl":"https:\/\/vof-news.eu\/wp-content\/uploads\/2025\/07\/b3c0717_upload-1-9h8bgdwdfuq4-04-stettner-portfolio-p69-copie.jpg","width":664,"height":442},{"@type":"BreadcrumbList","@id":"https:\/\/vof-news.eu\/fr\/louis-stettner-de-new-york-a-saint-ouen\/#breadcrumb","itemListElement":[{"@type":"ListItem","position":1,"name":"Home","item":"https:\/\/vof-news.eu\/fr\/"},{"@type":"ListItem","position":2,"name":"Louis Stettner, de New York \u00e0 Saint-Ouen"}]},{"@type":"WebSite","@id":"https:\/\/vof-news.eu\/fr\/#website","url":"https:\/\/vof-news.eu\/fr\/","name":"vof-news.eu","description":"","potentialAction":[{"@type":"SearchAction","target":{"@type":"EntryPoint","urlTemplate":"https:\/\/vof-news.eu\/fr\/?s={search_term_string}"},"query-input":"required name=search_term_string"}],"inLanguage":"fr-FR"},{"@type":"Person","@id":"https:\/\/vof-news.eu\/fr\/#\/schema\/person\/f6a2a4309f0561835797fd8c19b333ed","name":"Author","image":{"@type":"ImageObject","inLanguage":"fr-FR","@id":"https:\/\/vof-news.eu\/fr\/#\/schema\/person\/image\/","url":"https:\/\/secure.gravatar.com\/avatar\/b67e614b1b25b3e9c0c239efdd2fde5ab015b5affd6f1c3c85911ca4b384e790?s=96&d=mm&r=g","contentUrl":"https:\/\/secure.gravatar.com\/avatar\/b67e614b1b25b3e9c0c239efdd2fde5ab015b5affd6f1c3c85911ca4b384e790?s=96&d=mm&r=g","caption":"Author"},"sameAs":["http:\/\/vof-news.eu"],"url":"https:\/\/vof-news.eu\/fr\/author\/zwt6qxnjulxbnyg\/"}]}},"yoast_meta":{"yoast_wpseo_title":"","yoast_wpseo_metadesc":"","yoast_wpseo_canonical":""},"_links":{"self":[{"href":"https:\/\/vof-news.eu\/fr\/wp-json\/wp\/v2\/posts\/248251","targetHints":{"allow":["GET"]}}],"collection":[{"href":"https:\/\/vof-news.eu\/fr\/wp-json\/wp\/v2\/posts"}],"about":[{"href":"https:\/\/vof-news.eu\/fr\/wp-json\/wp\/v2\/types\/post"}],"author":[{"embeddable":true,"href":"https:\/\/vof-news.eu\/fr\/wp-json\/wp\/v2\/users\/1"}],"replies":[{"embeddable":true,"href":"https:\/\/vof-news.eu\/fr\/wp-json\/wp\/v2\/comments?post=248251"}],"version-history":[{"count":1,"href":"https:\/\/vof-news.eu\/fr\/wp-json\/wp\/v2\/posts\/248251\/revisions"}],"predecessor-version":[{"id":248258,"href":"https:\/\/vof-news.eu\/fr\/wp-json\/wp\/v2\/posts\/248251\/revisions\/248258"}],"wp:featuredmedia":[{"embeddable":true,"href":"https:\/\/vof-news.eu\/fr\/wp-json\/wp\/v2\/media\/248252"}],"wp:attachment":[{"href":"https:\/\/vof-news.eu\/fr\/wp-json\/wp\/v2\/media?parent=248251"}],"wp:term":[{"taxonomy":"category","embeddable":true,"href":"https:\/\/vof-news.eu\/fr\/wp-json\/wp\/v2\/categories?post=248251"},{"taxonomy":"post_tag","embeddable":true,"href":"https:\/\/vof-news.eu\/fr\/wp-json\/wp\/v2\/tags?post=248251"}],"curies":[{"name":"wp","href":"https:\/\/api.w.org\/{rel}","templated":true}]}}