{"id":248243,"date":"2025-07-06T15:31:16","date_gmt":"2025-07-06T12:31:16","guid":{"rendered":"https:\/\/vof-news.eu\/budget-2026-la-piste-dune-annee-blanche-examinee-par-le-gouvernement-critiquee-de-la-gauche-a-lextreme-droite\/"},"modified":"2025-07-06T15:31:37","modified_gmt":"2025-07-06T12:31:37","slug":"budget-2026-la-piste-dune-annee-blanche-examinee-par-le-gouvernement-critiquee-de-la-gauche-a-lextreme-droite","status":"publish","type":"post","link":"https:\/\/vof-news.eu\/fr\/budget-2026-la-piste-dune-annee-blanche-examinee-par-le-gouvernement-critiquee-de-la-gauche-a-lextreme-droite\/","title":{"rendered":"Budget 2026\u00a0: la piste d\u2019une \u00ab\u00a0ann\u00e9e blanche\u00a0\u00bb, examin\u00e9e par le gouvernement, critiqu\u00e9e de la gauche \u00e0 l\u2019extr\u00eame droite"},"content":{"rendered":"<article>\n<p>L\u2019id\u00e9e d\u2019une , qui consiste \u00e0 geler, en\u00a02026, les d\u00e9penses publiques \u00e0 leur niveau de 2025, pour r\u00e9duire le d\u00e9ficit budg\u00e9taire, revient avec force \u00e0 l\u2019approche des grands arbitrages financiers, pr\u00e9vus mi-juillet. Mais ce projet pouss\u00e9 par divers soutiens du gouvernement est loin de faire consensus. \u00ab\u00a0a d\u00e9clar\u00e9 le pr\u00e9sident de la commission des finances, Eric Coquerel (La France insoumise), dimanche 6\u00a0juillet, sur LCI.<\/p>\n<p>Citant une \u00e9tude de l\u2019Institut des politiques publiques (IPP), M.\u00a0Coquerel a soulign\u00e9 qu\u2019une telle mesure rapporterait , avec des (\u2026)estimant que ce serait pour la consommation.<\/p>\n<p>Le gouvernement veut faire un effort total de 40\u00a0milliards d\u2019euros pour le budget 2026, r\u00e9parti entre l\u2019Etat, la S\u00e9curit\u00e9 sociale et les collectivit\u00e9s locales, afin de respecter l\u2019objectif de diminution du d\u00e9ficit public. Une , qui consisterait \u00e0 geler les retraites, les prestations sociales et le bar\u00e8me de l\u2019imp\u00f4t sur le revenu, engendrerait un gain budg\u00e9taire de 5,7\u00a0milliards d\u2019euros, a estim\u00e9 fin juin l\u2019IPP \u00e0 propos de cette piste d\u2019\u00e9conomies.<\/p>\n<section>   <\/section>\n<h2>\u00ab\u00a0Une logique de coups de rabot\u00a0\u00bb<\/h2>\n<p>Le d\u00e9put\u00e9 de Seine-Saint-Denis pr\u00f4ne, lui, un  dans les niches fiscales et d\u2019augmenter les imp\u00f4ts des plus riches et des grandes entreprises (\u00ab\u00a0taxe Zucman\u00a0\u00bbsur le patrimoine et sur les multinationales, imp\u00f4t sur la fortune climatique\u2026).<\/p>\n<p>Invit\u00e9 d\u2019Europe 1, le vice-pr\u00e9sident d\u00e9l\u00e9gu\u00e9 des R\u00e9publicains, Fran\u00e7ois-Xavier Bellamy, a, lui aussi, estim\u00e9 dimanche qu\u2019une  serait , invitant \u00e0 (\u2026) , citant le revenu de solidarit\u00e9 active et les allocations de ch\u00f4mage.<\/p>\n<p>M\u00eame son de cloche du c\u00f4t\u00e9 du vice-pr\u00e9sident du Rassemblement national, S\u00e9bastien Chenu, qui a fustig\u00e9 dans <a href=\"https:\/\/www.lejdd.fr\/politique\/sebastien-chenu-au-jdd-la-dissolution-est-la-seule-issue-democratique-159870\" rel=\"nofollow\"><\/a> , qui n\u2019est, selon lui, \u00ab quand il faudrait  et .<\/p>\n<p>La veille, le pr\u00e9sident du Medef, Patrick Martin, s\u2019\u00e9tait aussi positionn\u00e9 contre cette solution, estimant que ce serait \u00ab\u00a0dans une interview diffus\u00e9e sur Boursorama.Et [cachant] , avait-il insist\u00e9.<\/p>\n<section>   <\/section>\n<section>\n<p> <span>Le Monde avec AFP<\/span> <\/p>\n<\/section>\n<section>\n<section>\n<header>   <\/header>\n<section>\n<section> <a href=\"https:\/\/abo.lemonde.fr\/?lmd_medium=BOUTONS_LMFR&amp;lmd_campaign=CONTRIBUTION_ARTICLE\" rel=\"nofollow\">S\u2019abonner<\/a> <\/section>\n<\/section>\n<section><\/section>\n<\/section>\n<p>Contribuer<\/p>\n<p> <a href=\"https:\/\/www.lemonde.fr\/syndication\/\" rel=\"nofollow\">R\u00e9utiliser ce contenu<\/a> <\/section>\n<\/article>\n","protected":false},"excerpt":{"rendered":"<p>L\u2019id\u00e9e d\u2019une , qui consiste \u00e0 geler, en\u00a02026, les d\u00e9penses publiques \u00e0 leur niveau de 2025, pour r\u00e9duire le d\u00e9ficit budg\u00e9taire, revient avec force \u00e0 l\u2019approche des grands arbitrages financiers, pr\u00e9vus mi-juillet. Mais ce projet pouss\u00e9 par divers soutiens du gouvernement est loin de faire consensus. \u00ab\u00a0a d\u00e9clar\u00e9 le pr\u00e9sident de la commission des finances,<\/p>\n","protected":false},"author":1,"featured_media":248244,"comment_status":"open","ping_status":"open","sticky":false,"template":"","format":"standard","meta":{"footnotes":""},"categories":[68],"tags":[],"class_list":["post-248243","post","type-post","status-publish","format-standard","has-post-thumbnail","hentry","category-politics-fr"],"acf":[],"yoast_head":"<!-- This site is optimized with the Yoast SEO plugin v22.9 - https:\/\/yoast.com\/wordpress\/plugins\/seo\/ -->\n<title>Budget 2026\u00a0: la piste d\u2019une \u00ab\u00a0ann\u00e9e blanche\u00a0\u00bb, examin\u00e9e par le gouvernement, critiqu\u00e9e de la gauche \u00e0 l\u2019extr\u00eame droite - vof-news.eu<\/title>\n<meta name=\"description\" content=\"L\u2019id\u00e9e d\u2019une , qui consiste \u00e0 geler, en\u00a02026, les d\u00e9penses publiques \u00e0 leur niveau de 2025, pour r\u00e9duire le d\u00e9ficit budg\u00e9taire, revient avec force \u00e0 l\u2019approche des grands arbitrages financiers, pr\u00e9vus mi-juillet. Mais ce projet pouss\u00e9 par divers soutiens du gouvernement est loin de faire consensus. \u00ab\u00a0a d\u00e9clar\u00e9 le pr\u00e9sident de la commission des finances, Eric Coquerel (La France insoumise), dimanche 6\u00a0juillet, sur LCI. Citant une \u00e9tude de l\u2019Institut des politiques publiques (IPP), M.\u00a0Coquerel a soulign\u00e9 qu\u2019une telle mesure rapporterait , avec des (\u2026)estimant que ce serait pour la consommation. Le gouvernement veut faire un effort total de 40\u00a0milliards d\u2019euros pour le budget 2026, r\u00e9parti entre l\u2019Etat, la S\u00e9curit\u00e9 sociale et les collectivit\u00e9s locales, afin de respecter l\u2019objectif de diminution du d\u00e9ficit public. Une , qui consisterait \u00e0 geler les retraites, les prestations sociales et le bar\u00e8me de l\u2019imp\u00f4t sur le revenu, engendrerait un gain budg\u00e9taire de 5,7\u00a0milliards d\u2019euros, a estim\u00e9 fin juin l\u2019IPP \u00e0 propos de cette piste d\u2019\u00e9conomies.   \u00ab\u00a0Une logique de coups de rabot\u00a0\u00bb Le d\u00e9put\u00e9 de Seine-Saint-Denis pr\u00f4ne, lui, un dans les niches fiscales et d\u2019augmenter les imp\u00f4ts des plus riches et des grandes entreprises (\u00ab\u00a0taxe Zucman\u00a0\u00bbsur le patrimoine et sur les multinationales, imp\u00f4t sur la fortune climatique\u2026). Invit\u00e9 d\u2019Europe 1, le vice-pr\u00e9sident d\u00e9l\u00e9gu\u00e9 des R\u00e9publicains, Fran\u00e7ois-Xavier Bellamy, a, lui aussi, estim\u00e9 dimanche qu\u2019une serait , invitant \u00e0 (\u2026) , citant le revenu de solidarit\u00e9 active et les allocations de ch\u00f4mage. M\u00eame son de cloche du c\u00f4t\u00e9 du vice-pr\u00e9sident du Rassemblement national, S\u00e9bastien Chenu, qui a fustig\u00e9 dans , qui n\u2019est, selon lui, \u00ab quand il faudrait et . La veille, le pr\u00e9sident du Medef, Patrick Martin, s\u2019\u00e9tait aussi positionn\u00e9 contre cette solution, estimant que ce serait \u00ab\u00a0dans une interview diffus\u00e9e sur Boursorama.Et [cachant] , avait-il insist\u00e9.    Le Monde avec AFP      S\u2019abonner   Contribuer R\u00e9utiliser ce contenu\" \/>\n<meta name=\"robots\" content=\"noindex, follow, max-snippet:-1, max-image-preview:large, max-video-preview:-1\" \/>\n<meta property=\"og:locale\" content=\"fr_FR\" \/>\n<meta property=\"og:type\" content=\"article\" \/>\n<meta property=\"og:title\" content=\"Budget 2026\u00a0: la piste d\u2019une \u00ab\u00a0ann\u00e9e blanche\u00a0\u00bb, examin\u00e9e par le gouvernement, critiqu\u00e9e de la gauche \u00e0 l\u2019extr\u00eame droite - vof-news.eu\" \/>\n<meta property=\"og:description\" content=\"L\u2019id\u00e9e d\u2019une , qui consiste \u00e0 geler, en\u00a02026, les d\u00e9penses publiques \u00e0 leur niveau de 2025, pour r\u00e9duire le d\u00e9ficit budg\u00e9taire, revient avec force \u00e0 l\u2019approche des grands arbitrages financiers, pr\u00e9vus mi-juillet. Mais ce projet pouss\u00e9 par divers soutiens du gouvernement est loin de faire consensus. \u00ab\u00a0a d\u00e9clar\u00e9 le pr\u00e9sident de la commission des finances, Eric Coquerel (La France insoumise), dimanche 6\u00a0juillet, sur LCI. Citant une \u00e9tude de l\u2019Institut des politiques publiques (IPP), M.\u00a0Coquerel a soulign\u00e9 qu\u2019une telle mesure rapporterait , avec des (\u2026)estimant que ce serait pour la consommation. Le gouvernement veut faire un effort total de 40\u00a0milliards d\u2019euros pour le budget 2026, r\u00e9parti entre l\u2019Etat, la S\u00e9curit\u00e9 sociale et les collectivit\u00e9s locales, afin de respecter l\u2019objectif de diminution du d\u00e9ficit public. Une , qui consisterait \u00e0 geler les retraites, les prestations sociales et le bar\u00e8me de l\u2019imp\u00f4t sur le revenu, engendrerait un gain budg\u00e9taire de 5,7\u00a0milliards d\u2019euros, a estim\u00e9 fin juin l\u2019IPP \u00e0 propos de cette piste d\u2019\u00e9conomies.   \u00ab\u00a0Une logique de coups de rabot\u00a0\u00bb Le d\u00e9put\u00e9 de Seine-Saint-Denis pr\u00f4ne, lui, un dans les niches fiscales et d\u2019augmenter les imp\u00f4ts des plus riches et des grandes entreprises (\u00ab\u00a0taxe Zucman\u00a0\u00bbsur le patrimoine et sur les multinationales, imp\u00f4t sur la fortune climatique\u2026). Invit\u00e9 d\u2019Europe 1, le vice-pr\u00e9sident d\u00e9l\u00e9gu\u00e9 des R\u00e9publicains, Fran\u00e7ois-Xavier Bellamy, a, lui aussi, estim\u00e9 dimanche qu\u2019une serait , invitant \u00e0 (\u2026) , citant le revenu de solidarit\u00e9 active et les allocations de ch\u00f4mage. M\u00eame son de cloche du c\u00f4t\u00e9 du vice-pr\u00e9sident du Rassemblement national, S\u00e9bastien Chenu, qui a fustig\u00e9 dans , qui n\u2019est, selon lui, \u00ab quand il faudrait et . La veille, le pr\u00e9sident du Medef, Patrick Martin, s\u2019\u00e9tait aussi positionn\u00e9 contre cette solution, estimant que ce serait \u00ab\u00a0dans une interview diffus\u00e9e sur Boursorama.Et [cachant] , avait-il insist\u00e9.    Le Monde avec AFP      S\u2019abonner   Contribuer R\u00e9utiliser ce contenu\" \/>\n<meta property=\"og:url\" content=\"https:\/\/vof-news.eu\/fr\/budget-2026-la-piste-dune-annee-blanche-examinee-par-le-gouvernement-critiquee-de-la-gauche-a-lextreme-droite\/\" \/>\n<meta property=\"og:site_name\" content=\"vof-news.eu\" \/>\n<meta property=\"article:published_time\" content=\"2025-07-06T12:31:16+00:00\" \/>\n<meta property=\"article:modified_time\" content=\"2025-07-06T12:31:37+00:00\" \/>\n<meta property=\"og:image\" content=\"https:\/\/vof-news.eu\/wp-content\/uploads\/2025\/07\/f8fd734_upload-1-bdai1cq8xipv-jmug250701079.jpg\" \/>\n\t<meta property=\"og:image:width\" content=\"664\" \/>\n\t<meta property=\"og:image:height\" content=\"443\" \/>\n\t<meta property=\"og:image:type\" content=\"image\/jpeg\" \/>\n<meta name=\"author\" content=\"Author\" \/>\n<meta name=\"twitter:card\" content=\"summary_large_image\" \/>\n<meta name=\"twitter:label1\" content=\"\u00c9crit par\" \/>\n\t<meta name=\"twitter:data1\" content=\"Author\" \/>\n\t<meta name=\"twitter:label2\" content=\"Dur\u00e9e de lecture estim\u00e9e\" \/>\n\t<meta name=\"twitter:data2\" content=\"2 minutes\" \/>\n<script type=\"application\/ld+json\" class=\"yoast-schema-graph\">{\"@context\":\"https:\/\/schema.org\",\"@graph\":[{\"@type\":\"WebPage\",\"@id\":\"https:\/\/vof-news.eu\/fr\/budget-2026-la-piste-dune-annee-blanche-examinee-par-le-gouvernement-critiquee-de-la-gauche-a-lextreme-droite\/\",\"url\":\"https:\/\/vof-news.eu\/fr\/budget-2026-la-piste-dune-annee-blanche-examinee-par-le-gouvernement-critiquee-de-la-gauche-a-lextreme-droite\/\",\"name\":\"Budget 2026\u00a0: la piste d\u2019une \u00ab\u00a0ann\u00e9e blanche\u00a0\u00bb, examin\u00e9e par le gouvernement, critiqu\u00e9e de la gauche \u00e0 l\u2019extr\u00eame droite - vof-news.eu\",\"isPartOf\":{\"@id\":\"https:\/\/vof-news.eu\/fr\/#website\"},\"primaryImageOfPage\":{\"@id\":\"https:\/\/vof-news.eu\/fr\/budget-2026-la-piste-dune-annee-blanche-examinee-par-le-gouvernement-critiquee-de-la-gauche-a-lextreme-droite\/#primaryimage\"},\"image\":{\"@id\":\"https:\/\/vof-news.eu\/fr\/budget-2026-la-piste-dune-annee-blanche-examinee-par-le-gouvernement-critiquee-de-la-gauche-a-lextreme-droite\/#primaryimage\"},\"thumbnailUrl\":\"https:\/\/vof-news.eu\/wp-content\/uploads\/2025\/07\/f8fd734_upload-1-bdai1cq8xipv-jmug250701079.jpg\",\"datePublished\":\"2025-07-06T12:31:16+00:00\",\"dateModified\":\"2025-07-06T12:31:37+00:00\",\"author\":{\"@id\":\"https:\/\/vof-news.eu\/fr\/#\/schema\/person\/f6a2a4309f0561835797fd8c19b333ed\"},\"description\":\"L\u2019id\u00e9e d\u2019une , qui consiste \u00e0 geler, en\u00a02026, les d\u00e9penses publiques \u00e0 leur niveau de 2025, pour r\u00e9duire le d\u00e9ficit budg\u00e9taire, revient avec force \u00e0 l\u2019approche des grands arbitrages financiers, pr\u00e9vus mi-juillet. Mais ce projet pouss\u00e9 par divers soutiens du gouvernement est loin de faire consensus. \u00ab\u00a0a d\u00e9clar\u00e9 le pr\u00e9sident de la commission des finances, Eric Coquerel (La France insoumise), dimanche 6\u00a0juillet, sur LCI. Citant une \u00e9tude de l\u2019Institut des politiques publiques (IPP), M.\u00a0Coquerel a soulign\u00e9 qu\u2019une telle mesure rapporterait , avec des (\u2026)estimant que ce serait pour la consommation. Le gouvernement veut faire un effort total de 40\u00a0milliards d\u2019euros pour le budget 2026, r\u00e9parti entre l\u2019Etat, la S\u00e9curit\u00e9 sociale et les collectivit\u00e9s locales, afin de respecter l\u2019objectif de diminution du d\u00e9ficit public. Une , qui consisterait \u00e0 geler les retraites, les prestations sociales et le bar\u00e8me de l\u2019imp\u00f4t sur le revenu, engendrerait un gain budg\u00e9taire de 5,7\u00a0milliards d\u2019euros, a estim\u00e9 fin juin l\u2019IPP \u00e0 propos de cette piste d\u2019\u00e9conomies. \u00ab\u00a0Une logique de coups de rabot\u00a0\u00bb Le d\u00e9put\u00e9 de Seine-Saint-Denis pr\u00f4ne, lui, un dans les niches fiscales et d\u2019augmenter les imp\u00f4ts des plus riches et des grandes entreprises (\u00ab\u00a0taxe Zucman\u00a0\u00bbsur le patrimoine et sur les multinationales, imp\u00f4t sur la fortune climatique\u2026). Invit\u00e9 d\u2019Europe 1, le vice-pr\u00e9sident d\u00e9l\u00e9gu\u00e9 des R\u00e9publicains, Fran\u00e7ois-Xavier Bellamy, a, lui aussi, estim\u00e9 dimanche qu\u2019une serait , invitant \u00e0 (\u2026) , citant le revenu de solidarit\u00e9 active et les allocations de ch\u00f4mage. M\u00eame son de cloche du c\u00f4t\u00e9 du vice-pr\u00e9sident du Rassemblement national, S\u00e9bastien Chenu, qui a fustig\u00e9 dans , qui n\u2019est, selon lui, \u00ab quand il faudrait et . La veille, le pr\u00e9sident du Medef, Patrick Martin, s\u2019\u00e9tait aussi positionn\u00e9 contre cette solution, estimant que ce serait \u00ab\u00a0dans une interview diffus\u00e9e sur Boursorama.Et [cachant] , avait-il insist\u00e9. Le Monde avec AFP S\u2019abonner Contribuer R\u00e9utiliser ce contenu\",\"breadcrumb\":{\"@id\":\"https:\/\/vof-news.eu\/fr\/budget-2026-la-piste-dune-annee-blanche-examinee-par-le-gouvernement-critiquee-de-la-gauche-a-lextreme-droite\/#breadcrumb\"},\"inLanguage\":\"fr-FR\",\"potentialAction\":[{\"@type\":\"ReadAction\",\"target\":[\"https:\/\/vof-news.eu\/fr\/budget-2026-la-piste-dune-annee-blanche-examinee-par-le-gouvernement-critiquee-de-la-gauche-a-lextreme-droite\/\"]}]},{\"@type\":\"ImageObject\",\"inLanguage\":\"fr-FR\",\"@id\":\"https:\/\/vof-news.eu\/fr\/budget-2026-la-piste-dune-annee-blanche-examinee-par-le-gouvernement-critiquee-de-la-gauche-a-lextreme-droite\/#primaryimage\",\"url\":\"https:\/\/vof-news.eu\/wp-content\/uploads\/2025\/07\/f8fd734_upload-1-bdai1cq8xipv-jmug250701079.jpg\",\"contentUrl\":\"https:\/\/vof-news.eu\/wp-content\/uploads\/2025\/07\/f8fd734_upload-1-bdai1cq8xipv-jmug250701079.jpg\",\"width\":664,\"height\":443},{\"@type\":\"BreadcrumbList\",\"@id\":\"https:\/\/vof-news.eu\/fr\/budget-2026-la-piste-dune-annee-blanche-examinee-par-le-gouvernement-critiquee-de-la-gauche-a-lextreme-droite\/#breadcrumb\",\"itemListElement\":[{\"@type\":\"ListItem\",\"position\":1,\"name\":\"Home\",\"item\":\"https:\/\/vof-news.eu\/fr\/\"},{\"@type\":\"ListItem\",\"position\":2,\"name\":\"Budget 2026\u00a0: la piste d\u2019une \u00ab\u00a0ann\u00e9e blanche\u00a0\u00bb, examin\u00e9e par le gouvernement, critiqu\u00e9e de la gauche \u00e0 l\u2019extr\u00eame droite\"}]},{\"@type\":\"WebSite\",\"@id\":\"https:\/\/vof-news.eu\/fr\/#website\",\"url\":\"https:\/\/vof-news.eu\/fr\/\",\"name\":\"vof-news.eu\",\"description\":\"\",\"potentialAction\":[{\"@type\":\"SearchAction\",\"target\":{\"@type\":\"EntryPoint\",\"urlTemplate\":\"https:\/\/vof-news.eu\/fr\/?s={search_term_string}\"},\"query-input\":\"required name=search_term_string\"}],\"inLanguage\":\"fr-FR\"},{\"@type\":\"Person\",\"@id\":\"https:\/\/vof-news.eu\/fr\/#\/schema\/person\/f6a2a4309f0561835797fd8c19b333ed\",\"name\":\"Author\",\"image\":{\"@type\":\"ImageObject\",\"inLanguage\":\"fr-FR\",\"@id\":\"https:\/\/vof-news.eu\/fr\/#\/schema\/person\/image\/\",\"url\":\"https:\/\/secure.gravatar.com\/avatar\/b67e614b1b25b3e9c0c239efdd2fde5ab015b5affd6f1c3c85911ca4b384e790?s=96&d=mm&r=g\",\"contentUrl\":\"https:\/\/secure.gravatar.com\/avatar\/b67e614b1b25b3e9c0c239efdd2fde5ab015b5affd6f1c3c85911ca4b384e790?s=96&d=mm&r=g\",\"caption\":\"Author\"},\"sameAs\":[\"http:\/\/vof-news.eu\"],\"url\":\"https:\/\/vof-news.eu\/fr\/author\/zwt6qxnjulxbnyg\/\"}]}<\/script>\n<!-- \/ Yoast SEO plugin. -->","yoast_head_json":{"title":"Budget 2026\u00a0: la piste d\u2019une \u00ab\u00a0ann\u00e9e blanche\u00a0\u00bb, examin\u00e9e par le gouvernement, critiqu\u00e9e de la gauche \u00e0 l\u2019extr\u00eame droite - vof-news.eu","description":"L\u2019id\u00e9e d\u2019une , qui consiste \u00e0 geler, en\u00a02026, les d\u00e9penses publiques \u00e0 leur niveau de 2025, pour r\u00e9duire le d\u00e9ficit budg\u00e9taire, revient avec force \u00e0 l\u2019approche des grands arbitrages financiers, pr\u00e9vus mi-juillet. Mais ce projet pouss\u00e9 par divers soutiens du gouvernement est loin de faire consensus. \u00ab\u00a0a d\u00e9clar\u00e9 le pr\u00e9sident de la commission des finances, Eric Coquerel (La France insoumise), dimanche 6\u00a0juillet, sur LCI. Citant une \u00e9tude de l\u2019Institut des politiques publiques (IPP), M.\u00a0Coquerel a soulign\u00e9 qu\u2019une telle mesure rapporterait , avec des (\u2026)estimant que ce serait pour la consommation. Le gouvernement veut faire un effort total de 40\u00a0milliards d\u2019euros pour le budget 2026, r\u00e9parti entre l\u2019Etat, la S\u00e9curit\u00e9 sociale et les collectivit\u00e9s locales, afin de respecter l\u2019objectif de diminution du d\u00e9ficit public. Une , qui consisterait \u00e0 geler les retraites, les prestations sociales et le bar\u00e8me de l\u2019imp\u00f4t sur le revenu, engendrerait un gain budg\u00e9taire de 5,7\u00a0milliards d\u2019euros, a estim\u00e9 fin juin l\u2019IPP \u00e0 propos de cette piste d\u2019\u00e9conomies.   \u00ab\u00a0Une logique de coups de rabot\u00a0\u00bb Le d\u00e9put\u00e9 de Seine-Saint-Denis pr\u00f4ne, lui, un dans les niches fiscales et d\u2019augmenter les imp\u00f4ts des plus riches et des grandes entreprises (\u00ab\u00a0taxe Zucman\u00a0\u00bbsur le patrimoine et sur les multinationales, imp\u00f4t sur la fortune climatique\u2026). Invit\u00e9 d\u2019Europe 1, le vice-pr\u00e9sident d\u00e9l\u00e9gu\u00e9 des R\u00e9publicains, Fran\u00e7ois-Xavier Bellamy, a, lui aussi, estim\u00e9 dimanche qu\u2019une serait , invitant \u00e0 (\u2026) , citant le revenu de solidarit\u00e9 active et les allocations de ch\u00f4mage. M\u00eame son de cloche du c\u00f4t\u00e9 du vice-pr\u00e9sident du Rassemblement national, S\u00e9bastien Chenu, qui a fustig\u00e9 dans , qui n\u2019est, selon lui, \u00ab quand il faudrait et . La veille, le pr\u00e9sident du Medef, Patrick Martin, s\u2019\u00e9tait aussi positionn\u00e9 contre cette solution, estimant que ce serait \u00ab\u00a0dans une interview diffus\u00e9e sur Boursorama.Et [cachant] , avait-il insist\u00e9.    Le Monde avec AFP      S\u2019abonner   Contribuer R\u00e9utiliser ce contenu","robots":{"index":"noindex","follow":"follow","max-snippet":"max-snippet:-1","max-image-preview":"max-image-preview:large","max-video-preview":"max-video-preview:-1"},"og_locale":"fr_FR","og_type":"article","og_title":"Budget 2026\u00a0: la piste d\u2019une \u00ab\u00a0ann\u00e9e blanche\u00a0\u00bb, examin\u00e9e par le gouvernement, critiqu\u00e9e de la gauche \u00e0 l\u2019extr\u00eame droite - vof-news.eu","og_description":"L\u2019id\u00e9e d\u2019une , qui consiste \u00e0 geler, en\u00a02026, les d\u00e9penses publiques \u00e0 leur niveau de 2025, pour r\u00e9duire le d\u00e9ficit budg\u00e9taire, revient avec force \u00e0 l\u2019approche des grands arbitrages financiers, pr\u00e9vus mi-juillet. Mais ce projet pouss\u00e9 par divers soutiens du gouvernement est loin de faire consensus. \u00ab\u00a0a d\u00e9clar\u00e9 le pr\u00e9sident de la commission des finances, Eric Coquerel (La France insoumise), dimanche 6\u00a0juillet, sur LCI. Citant une \u00e9tude de l\u2019Institut des politiques publiques (IPP), M.\u00a0Coquerel a soulign\u00e9 qu\u2019une telle mesure rapporterait , avec des (\u2026)estimant que ce serait pour la consommation. Le gouvernement veut faire un effort total de 40\u00a0milliards d\u2019euros pour le budget 2026, r\u00e9parti entre l\u2019Etat, la S\u00e9curit\u00e9 sociale et les collectivit\u00e9s locales, afin de respecter l\u2019objectif de diminution du d\u00e9ficit public. Une , qui consisterait \u00e0 geler les retraites, les prestations sociales et le bar\u00e8me de l\u2019imp\u00f4t sur le revenu, engendrerait un gain budg\u00e9taire de 5,7\u00a0milliards d\u2019euros, a estim\u00e9 fin juin l\u2019IPP \u00e0 propos de cette piste d\u2019\u00e9conomies.   \u00ab\u00a0Une logique de coups de rabot\u00a0\u00bb Le d\u00e9put\u00e9 de Seine-Saint-Denis pr\u00f4ne, lui, un dans les niches fiscales et d\u2019augmenter les imp\u00f4ts des plus riches et des grandes entreprises (\u00ab\u00a0taxe Zucman\u00a0\u00bbsur le patrimoine et sur les multinationales, imp\u00f4t sur la fortune climatique\u2026). Invit\u00e9 d\u2019Europe 1, le vice-pr\u00e9sident d\u00e9l\u00e9gu\u00e9 des R\u00e9publicains, Fran\u00e7ois-Xavier Bellamy, a, lui aussi, estim\u00e9 dimanche qu\u2019une serait , invitant \u00e0 (\u2026) , citant le revenu de solidarit\u00e9 active et les allocations de ch\u00f4mage. M\u00eame son de cloche du c\u00f4t\u00e9 du vice-pr\u00e9sident du Rassemblement national, S\u00e9bastien Chenu, qui a fustig\u00e9 dans , qui n\u2019est, selon lui, \u00ab quand il faudrait et . La veille, le pr\u00e9sident du Medef, Patrick Martin, s\u2019\u00e9tait aussi positionn\u00e9 contre cette solution, estimant que ce serait \u00ab\u00a0dans une interview diffus\u00e9e sur Boursorama.Et [cachant] , avait-il insist\u00e9.    Le Monde avec AFP      S\u2019abonner   Contribuer R\u00e9utiliser ce contenu","og_url":"https:\/\/vof-news.eu\/fr\/budget-2026-la-piste-dune-annee-blanche-examinee-par-le-gouvernement-critiquee-de-la-gauche-a-lextreme-droite\/","og_site_name":"vof-news.eu","article_published_time":"2025-07-06T12:31:16+00:00","article_modified_time":"2025-07-06T12:31:37+00:00","og_image":[{"width":664,"height":443,"url":"https:\/\/vof-news.eu\/wp-content\/uploads\/2025\/07\/f8fd734_upload-1-bdai1cq8xipv-jmug250701079.jpg","type":"image\/jpeg"}],"author":"Author","twitter_card":"summary_large_image","twitter_misc":{"\u00c9crit par":"Author","Dur\u00e9e de lecture estim\u00e9e":"2 minutes"},"schema":{"@context":"https:\/\/schema.org","@graph":[{"@type":"WebPage","@id":"https:\/\/vof-news.eu\/fr\/budget-2026-la-piste-dune-annee-blanche-examinee-par-le-gouvernement-critiquee-de-la-gauche-a-lextreme-droite\/","url":"https:\/\/vof-news.eu\/fr\/budget-2026-la-piste-dune-annee-blanche-examinee-par-le-gouvernement-critiquee-de-la-gauche-a-lextreme-droite\/","name":"Budget 2026\u00a0: la piste d\u2019une \u00ab\u00a0ann\u00e9e blanche\u00a0\u00bb, examin\u00e9e par le gouvernement, critiqu\u00e9e de la gauche \u00e0 l\u2019extr\u00eame droite - vof-news.eu","isPartOf":{"@id":"https:\/\/vof-news.eu\/fr\/#website"},"primaryImageOfPage":{"@id":"https:\/\/vof-news.eu\/fr\/budget-2026-la-piste-dune-annee-blanche-examinee-par-le-gouvernement-critiquee-de-la-gauche-a-lextreme-droite\/#primaryimage"},"image":{"@id":"https:\/\/vof-news.eu\/fr\/budget-2026-la-piste-dune-annee-blanche-examinee-par-le-gouvernement-critiquee-de-la-gauche-a-lextreme-droite\/#primaryimage"},"thumbnailUrl":"https:\/\/vof-news.eu\/wp-content\/uploads\/2025\/07\/f8fd734_upload-1-bdai1cq8xipv-jmug250701079.jpg","datePublished":"2025-07-06T12:31:16+00:00","dateModified":"2025-07-06T12:31:37+00:00","author":{"@id":"https:\/\/vof-news.eu\/fr\/#\/schema\/person\/f6a2a4309f0561835797fd8c19b333ed"},"description":"L\u2019id\u00e9e d\u2019une , qui consiste \u00e0 geler, en\u00a02026, les d\u00e9penses publiques \u00e0 leur niveau de 2025, pour r\u00e9duire le d\u00e9ficit budg\u00e9taire, revient avec force \u00e0 l\u2019approche des grands arbitrages financiers, pr\u00e9vus mi-juillet. Mais ce projet pouss\u00e9 par divers soutiens du gouvernement est loin de faire consensus. \u00ab\u00a0a d\u00e9clar\u00e9 le pr\u00e9sident de la commission des finances, Eric Coquerel (La France insoumise), dimanche 6\u00a0juillet, sur LCI. Citant une \u00e9tude de l\u2019Institut des politiques publiques (IPP), M.\u00a0Coquerel a soulign\u00e9 qu\u2019une telle mesure rapporterait , avec des (\u2026)estimant que ce serait pour la consommation. Le gouvernement veut faire un effort total de 40\u00a0milliards d\u2019euros pour le budget 2026, r\u00e9parti entre l\u2019Etat, la S\u00e9curit\u00e9 sociale et les collectivit\u00e9s locales, afin de respecter l\u2019objectif de diminution du d\u00e9ficit public. Une , qui consisterait \u00e0 geler les retraites, les prestations sociales et le bar\u00e8me de l\u2019imp\u00f4t sur le revenu, engendrerait un gain budg\u00e9taire de 5,7\u00a0milliards d\u2019euros, a estim\u00e9 fin juin l\u2019IPP \u00e0 propos de cette piste d\u2019\u00e9conomies. \u00ab\u00a0Une logique de coups de rabot\u00a0\u00bb Le d\u00e9put\u00e9 de Seine-Saint-Denis pr\u00f4ne, lui, un dans les niches fiscales et d\u2019augmenter les imp\u00f4ts des plus riches et des grandes entreprises (\u00ab\u00a0taxe Zucman\u00a0\u00bbsur le patrimoine et sur les multinationales, imp\u00f4t sur la fortune climatique\u2026). Invit\u00e9 d\u2019Europe 1, le vice-pr\u00e9sident d\u00e9l\u00e9gu\u00e9 des R\u00e9publicains, Fran\u00e7ois-Xavier Bellamy, a, lui aussi, estim\u00e9 dimanche qu\u2019une serait , invitant \u00e0 (\u2026) , citant le revenu de solidarit\u00e9 active et les allocations de ch\u00f4mage. M\u00eame son de cloche du c\u00f4t\u00e9 du vice-pr\u00e9sident du Rassemblement national, S\u00e9bastien Chenu, qui a fustig\u00e9 dans , qui n\u2019est, selon lui, \u00ab quand il faudrait et . La veille, le pr\u00e9sident du Medef, Patrick Martin, s\u2019\u00e9tait aussi positionn\u00e9 contre cette solution, estimant que ce serait \u00ab\u00a0dans une interview diffus\u00e9e sur Boursorama.Et [cachant] , avait-il insist\u00e9. Le Monde avec AFP S\u2019abonner Contribuer R\u00e9utiliser ce contenu","breadcrumb":{"@id":"https:\/\/vof-news.eu\/fr\/budget-2026-la-piste-dune-annee-blanche-examinee-par-le-gouvernement-critiquee-de-la-gauche-a-lextreme-droite\/#breadcrumb"},"inLanguage":"fr-FR","potentialAction":[{"@type":"ReadAction","target":["https:\/\/vof-news.eu\/fr\/budget-2026-la-piste-dune-annee-blanche-examinee-par-le-gouvernement-critiquee-de-la-gauche-a-lextreme-droite\/"]}]},{"@type":"ImageObject","inLanguage":"fr-FR","@id":"https:\/\/vof-news.eu\/fr\/budget-2026-la-piste-dune-annee-blanche-examinee-par-le-gouvernement-critiquee-de-la-gauche-a-lextreme-droite\/#primaryimage","url":"https:\/\/vof-news.eu\/wp-content\/uploads\/2025\/07\/f8fd734_upload-1-bdai1cq8xipv-jmug250701079.jpg","contentUrl":"https:\/\/vof-news.eu\/wp-content\/uploads\/2025\/07\/f8fd734_upload-1-bdai1cq8xipv-jmug250701079.jpg","width":664,"height":443},{"@type":"BreadcrumbList","@id":"https:\/\/vof-news.eu\/fr\/budget-2026-la-piste-dune-annee-blanche-examinee-par-le-gouvernement-critiquee-de-la-gauche-a-lextreme-droite\/#breadcrumb","itemListElement":[{"@type":"ListItem","position":1,"name":"Home","item":"https:\/\/vof-news.eu\/fr\/"},{"@type":"ListItem","position":2,"name":"Budget 2026\u00a0: la piste d\u2019une \u00ab\u00a0ann\u00e9e blanche\u00a0\u00bb, examin\u00e9e par le gouvernement, critiqu\u00e9e de la gauche \u00e0 l\u2019extr\u00eame droite"}]},{"@type":"WebSite","@id":"https:\/\/vof-news.eu\/fr\/#website","url":"https:\/\/vof-news.eu\/fr\/","name":"vof-news.eu","description":"","potentialAction":[{"@type":"SearchAction","target":{"@type":"EntryPoint","urlTemplate":"https:\/\/vof-news.eu\/fr\/?s={search_term_string}"},"query-input":"required name=search_term_string"}],"inLanguage":"fr-FR"},{"@type":"Person","@id":"https:\/\/vof-news.eu\/fr\/#\/schema\/person\/f6a2a4309f0561835797fd8c19b333ed","name":"Author","image":{"@type":"ImageObject","inLanguage":"fr-FR","@id":"https:\/\/vof-news.eu\/fr\/#\/schema\/person\/image\/","url":"https:\/\/secure.gravatar.com\/avatar\/b67e614b1b25b3e9c0c239efdd2fde5ab015b5affd6f1c3c85911ca4b384e790?s=96&d=mm&r=g","contentUrl":"https:\/\/secure.gravatar.com\/avatar\/b67e614b1b25b3e9c0c239efdd2fde5ab015b5affd6f1c3c85911ca4b384e790?s=96&d=mm&r=g","caption":"Author"},"sameAs":["http:\/\/vof-news.eu"],"url":"https:\/\/vof-news.eu\/fr\/author\/zwt6qxnjulxbnyg\/"}]}},"yoast_meta":{"yoast_wpseo_title":"","yoast_wpseo_metadesc":"","yoast_wpseo_canonical":""},"_links":{"self":[{"href":"https:\/\/vof-news.eu\/fr\/wp-json\/wp\/v2\/posts\/248243","targetHints":{"allow":["GET"]}}],"collection":[{"href":"https:\/\/vof-news.eu\/fr\/wp-json\/wp\/v2\/posts"}],"about":[{"href":"https:\/\/vof-news.eu\/fr\/wp-json\/wp\/v2\/types\/post"}],"author":[{"embeddable":true,"href":"https:\/\/vof-news.eu\/fr\/wp-json\/wp\/v2\/users\/1"}],"replies":[{"embeddable":true,"href":"https:\/\/vof-news.eu\/fr\/wp-json\/wp\/v2\/comments?post=248243"}],"version-history":[{"count":1,"href":"https:\/\/vof-news.eu\/fr\/wp-json\/wp\/v2\/posts\/248243\/revisions"}],"predecessor-version":[{"id":248250,"href":"https:\/\/vof-news.eu\/fr\/wp-json\/wp\/v2\/posts\/248243\/revisions\/248250"}],"wp:featuredmedia":[{"embeddable":true,"href":"https:\/\/vof-news.eu\/fr\/wp-json\/wp\/v2\/media\/248244"}],"wp:attachment":[{"href":"https:\/\/vof-news.eu\/fr\/wp-json\/wp\/v2\/media?parent=248243"}],"wp:term":[{"taxonomy":"category","embeddable":true,"href":"https:\/\/vof-news.eu\/fr\/wp-json\/wp\/v2\/categories?post=248243"},{"taxonomy":"post_tag","embeddable":true,"href":"https:\/\/vof-news.eu\/fr\/wp-json\/wp\/v2\/tags?post=248243"}],"curies":[{"name":"wp","href":"https:\/\/api.w.org\/{rel}","templated":true}]}}