{"id":248241,"date":"2025-07-06T15:30:08","date_gmt":"2025-07-06T12:30:08","guid":{"rendered":"https:\/\/vof-news.eu\/tensions-entre-le-dalai-lama-et-la-chine-a-propos-de-sa-succession\/"},"modified":"2025-07-06T15:30:38","modified_gmt":"2025-07-06T12:30:38","slug":"tensions-entre-le-dalai-lama-et-la-chine-a-propos-de-sa-succession","status":"publish","type":"post","link":"https:\/\/vof-news.eu\/fr\/tensions-entre-le-dalai-lama-et-la-chine-a-propos-de-sa-succession\/","title":{"rendered":"Tensions entre le dala\u00ef-lama et la Chine \u00e0 propos de sa succession"},"content":{"rendered":"<article>\n<p>Au fil des c\u00e9l\u00e9brations qui se sont \u00e9tal\u00e9es toute la semaine, le chef spirituel n\u2019a pu \u00e9viter le lourd sujet de l\u2019apr\u00e8s, alors que la Chine exige de pouvoir approuver le nom de son successeur.\u00a0Une demande \u00e0 laquelle le dala\u00ef-lama s\u2019oppose. Il affirme que celui qui lui succ\u00e9dera sera .<\/p>\n<p>Consid\u00e9r\u00e9 comme un dangereux s\u00e9paratiste par P\u00e9kin, le dala\u00ef-lama a fui la r\u00e9pression chinoise en\u00a01959. Depuis, il vit en Inde, o\u00f9 il se bat pour la libert\u00e9 du Tibet.<\/p>\n<section>\n<p> <span><a href=\"https:\/\/www.lemonde.fr\/signataires\/service-video\/\" rel=\"nofollow\"> <span>Service vid\u00e9o du Monde<\/span><\/a><\/span> (avec Reuters) <\/p>\n<\/section>\n<section>\n<section>\n<header>   <\/header>\n<section>\n<section> <a href=\"https:\/\/abo.lemonde.fr\/?lmd_medium=BOUTONS_LMFR&amp;lmd_campaign=CONTRIBUTION_ARTICLE\" rel=\"nofollow\">S\u2019abonner<\/a> <\/section>\n<\/section>\n<section><\/section>\n<\/section>\n<p>Contribuer<\/p>\n<p> <a href=\"https:\/\/www.lemonde.fr\/syndication\/\" rel=\"nofollow\">R\u00e9utiliser ce contenu<\/a> <\/section>\n<\/article>\n","protected":false},"excerpt":{"rendered":"<p>Au fil des c\u00e9l\u00e9brations qui se sont \u00e9tal\u00e9es toute la semaine, le chef spirituel n\u2019a pu \u00e9viter le lourd sujet de l\u2019apr\u00e8s, alors que la Chine exige de pouvoir approuver le nom de son successeur.\u00a0Une demande \u00e0 laquelle le dala\u00ef-lama s\u2019oppose. Il affirme que celui qui lui succ\u00e9dera sera . Consid\u00e9r\u00e9 comme un dangereux s\u00e9paratiste<\/p>\n","protected":false},"author":1,"featured_media":0,"comment_status":"open","ping_status":"open","sticky":false,"template":"","format":"standard","meta":{"footnotes":""},"categories":[53],"tags":[],"class_list":["post-248241","post","type-post","status-publish","format-standard","hentry","category-main-news-fr"],"acf":[],"yoast_head":"<!-- This site is optimized with the Yoast SEO plugin v22.9 - https:\/\/yoast.com\/wordpress\/plugins\/seo\/ -->\n<title>Tensions entre le dala\u00ef-lama et la Chine \u00e0 propos de sa succession - vof-news.eu<\/title>\n<meta name=\"description\" content=\"Au fil des c\u00e9l\u00e9brations qui se sont \u00e9tal\u00e9es toute la semaine, le chef spirituel n\u2019a pu \u00e9viter le lourd sujet de l\u2019apr\u00e8s, alors que la Chine exige de pouvoir approuver le nom de son successeur.\u00a0Une demande \u00e0 laquelle le dala\u00ef-lama s\u2019oppose. Il affirme que celui qui lui succ\u00e9dera sera . Consid\u00e9r\u00e9 comme un dangereux s\u00e9paratiste par P\u00e9kin, le dala\u00ef-lama a fui la r\u00e9pression chinoise en\u00a01959. Depuis, il vit en Inde, o\u00f9 il se bat pour la libert\u00e9 du Tibet.  Service vid\u00e9o du Monde (avec Reuters)      S\u2019abonner   Contribuer R\u00e9utiliser ce contenu\" \/>\n<meta name=\"robots\" content=\"noindex, follow, max-snippet:-1, max-image-preview:large, max-video-preview:-1\" \/>\n<meta property=\"og:locale\" content=\"fr_FR\" \/>\n<meta property=\"og:type\" content=\"article\" \/>\n<meta property=\"og:title\" content=\"Tensions entre le dala\u00ef-lama et la Chine \u00e0 propos de sa succession - vof-news.eu\" \/>\n<meta property=\"og:description\" content=\"Au fil des c\u00e9l\u00e9brations qui se sont \u00e9tal\u00e9es toute la semaine, le chef spirituel n\u2019a pu \u00e9viter le lourd sujet de l\u2019apr\u00e8s, alors que la Chine exige de pouvoir approuver le nom de son successeur.\u00a0Une demande \u00e0 laquelle le dala\u00ef-lama s\u2019oppose. Il affirme que celui qui lui succ\u00e9dera sera . Consid\u00e9r\u00e9 comme un dangereux s\u00e9paratiste par P\u00e9kin, le dala\u00ef-lama a fui la r\u00e9pression chinoise en\u00a01959. Depuis, il vit en Inde, o\u00f9 il se bat pour la libert\u00e9 du Tibet.  Service vid\u00e9o du Monde (avec Reuters)      S\u2019abonner   Contribuer R\u00e9utiliser ce contenu\" \/>\n<meta property=\"og:url\" content=\"https:\/\/vof-news.eu\/fr\/tensions-entre-le-dalai-lama-et-la-chine-a-propos-de-sa-succession\/\" \/>\n<meta property=\"og:site_name\" content=\"vof-news.eu\" \/>\n<meta property=\"article:published_time\" content=\"2025-07-06T12:30:08+00:00\" \/>\n<meta property=\"article:modified_time\" content=\"2025-07-06T12:30:38+00:00\" \/>\n<meta name=\"author\" content=\"Author\" \/>\n<meta name=\"twitter:card\" content=\"summary_large_image\" \/>\n<meta name=\"twitter:label1\" content=\"\u00c9crit par\" \/>\n\t<meta name=\"twitter:data1\" content=\"Author\" \/>\n\t<meta name=\"twitter:label2\" content=\"Dur\u00e9e de lecture estim\u00e9e\" \/>\n\t<meta name=\"twitter:data2\" content=\"1 minute\" \/>\n<script type=\"application\/ld+json\" class=\"yoast-schema-graph\">{\"@context\":\"https:\/\/schema.org\",\"@graph\":[{\"@type\":\"WebPage\",\"@id\":\"https:\/\/vof-news.eu\/fr\/tensions-entre-le-dalai-lama-et-la-chine-a-propos-de-sa-succession\/\",\"url\":\"https:\/\/vof-news.eu\/fr\/tensions-entre-le-dalai-lama-et-la-chine-a-propos-de-sa-succession\/\",\"name\":\"Tensions entre le dala\u00ef-lama et la Chine \u00e0 propos de sa succession - vof-news.eu\",\"isPartOf\":{\"@id\":\"https:\/\/vof-news.eu\/fr\/#website\"},\"datePublished\":\"2025-07-06T12:30:08+00:00\",\"dateModified\":\"2025-07-06T12:30:38+00:00\",\"author\":{\"@id\":\"https:\/\/vof-news.eu\/fr\/#\/schema\/person\/f6a2a4309f0561835797fd8c19b333ed\"},\"description\":\"Au fil des c\u00e9l\u00e9brations qui se sont \u00e9tal\u00e9es toute la semaine, le chef spirituel n\u2019a pu \u00e9viter le lourd sujet de l\u2019apr\u00e8s, alors que la Chine exige de pouvoir approuver le nom de son successeur.\u00a0Une demande \u00e0 laquelle le dala\u00ef-lama s\u2019oppose. Il affirme que celui qui lui succ\u00e9dera sera . Consid\u00e9r\u00e9 comme un dangereux s\u00e9paratiste par P\u00e9kin, le dala\u00ef-lama a fui la r\u00e9pression chinoise en\u00a01959. Depuis, il vit en Inde, o\u00f9 il se bat pour la libert\u00e9 du Tibet. Service vid\u00e9o du Monde (avec Reuters) S\u2019abonner Contribuer R\u00e9utiliser ce contenu\",\"breadcrumb\":{\"@id\":\"https:\/\/vof-news.eu\/fr\/tensions-entre-le-dalai-lama-et-la-chine-a-propos-de-sa-succession\/#breadcrumb\"},\"inLanguage\":\"fr-FR\",\"potentialAction\":[{\"@type\":\"ReadAction\",\"target\":[\"https:\/\/vof-news.eu\/fr\/tensions-entre-le-dalai-lama-et-la-chine-a-propos-de-sa-succession\/\"]}]},{\"@type\":\"BreadcrumbList\",\"@id\":\"https:\/\/vof-news.eu\/fr\/tensions-entre-le-dalai-lama-et-la-chine-a-propos-de-sa-succession\/#breadcrumb\",\"itemListElement\":[{\"@type\":\"ListItem\",\"position\":1,\"name\":\"Home\",\"item\":\"https:\/\/vof-news.eu\/fr\/\"},{\"@type\":\"ListItem\",\"position\":2,\"name\":\"Tensions entre le dala\u00ef-lama et la Chine \u00e0 propos de sa succession\"}]},{\"@type\":\"WebSite\",\"@id\":\"https:\/\/vof-news.eu\/fr\/#website\",\"url\":\"https:\/\/vof-news.eu\/fr\/\",\"name\":\"vof-news.eu\",\"description\":\"\",\"potentialAction\":[{\"@type\":\"SearchAction\",\"target\":{\"@type\":\"EntryPoint\",\"urlTemplate\":\"https:\/\/vof-news.eu\/fr\/?s={search_term_string}\"},\"query-input\":\"required name=search_term_string\"}],\"inLanguage\":\"fr-FR\"},{\"@type\":\"Person\",\"@id\":\"https:\/\/vof-news.eu\/fr\/#\/schema\/person\/f6a2a4309f0561835797fd8c19b333ed\",\"name\":\"Author\",\"image\":{\"@type\":\"ImageObject\",\"inLanguage\":\"fr-FR\",\"@id\":\"https:\/\/vof-news.eu\/fr\/#\/schema\/person\/image\/\",\"url\":\"https:\/\/secure.gravatar.com\/avatar\/b67e614b1b25b3e9c0c239efdd2fde5ab015b5affd6f1c3c85911ca4b384e790?s=96&d=mm&r=g\",\"contentUrl\":\"https:\/\/secure.gravatar.com\/avatar\/b67e614b1b25b3e9c0c239efdd2fde5ab015b5affd6f1c3c85911ca4b384e790?s=96&d=mm&r=g\",\"caption\":\"Author\"},\"sameAs\":[\"http:\/\/vof-news.eu\"],\"url\":\"https:\/\/vof-news.eu\/fr\/author\/zwt6qxnjulxbnyg\/\"}]}<\/script>\n<!-- \/ Yoast SEO plugin. -->","yoast_head_json":{"title":"Tensions entre le dala\u00ef-lama et la Chine \u00e0 propos de sa succession - vof-news.eu","description":"Au fil des c\u00e9l\u00e9brations qui se sont \u00e9tal\u00e9es toute la semaine, le chef spirituel n\u2019a pu \u00e9viter le lourd sujet de l\u2019apr\u00e8s, alors que la Chine exige de pouvoir approuver le nom de son successeur.\u00a0Une demande \u00e0 laquelle le dala\u00ef-lama s\u2019oppose. Il affirme que celui qui lui succ\u00e9dera sera . Consid\u00e9r\u00e9 comme un dangereux s\u00e9paratiste par P\u00e9kin, le dala\u00ef-lama a fui la r\u00e9pression chinoise en\u00a01959. Depuis, il vit en Inde, o\u00f9 il se bat pour la libert\u00e9 du Tibet.  Service vid\u00e9o du Monde (avec Reuters)      S\u2019abonner   Contribuer R\u00e9utiliser ce contenu","robots":{"index":"noindex","follow":"follow","max-snippet":"max-snippet:-1","max-image-preview":"max-image-preview:large","max-video-preview":"max-video-preview:-1"},"og_locale":"fr_FR","og_type":"article","og_title":"Tensions entre le dala\u00ef-lama et la Chine \u00e0 propos de sa succession - vof-news.eu","og_description":"Au fil des c\u00e9l\u00e9brations qui se sont \u00e9tal\u00e9es toute la semaine, le chef spirituel n\u2019a pu \u00e9viter le lourd sujet de l\u2019apr\u00e8s, alors que la Chine exige de pouvoir approuver le nom de son successeur.\u00a0Une demande \u00e0 laquelle le dala\u00ef-lama s\u2019oppose. Il affirme que celui qui lui succ\u00e9dera sera . Consid\u00e9r\u00e9 comme un dangereux s\u00e9paratiste par P\u00e9kin, le dala\u00ef-lama a fui la r\u00e9pression chinoise en\u00a01959. Depuis, il vit en Inde, o\u00f9 il se bat pour la libert\u00e9 du Tibet.  Service vid\u00e9o du Monde (avec Reuters)      S\u2019abonner   Contribuer R\u00e9utiliser ce contenu","og_url":"https:\/\/vof-news.eu\/fr\/tensions-entre-le-dalai-lama-et-la-chine-a-propos-de-sa-succession\/","og_site_name":"vof-news.eu","article_published_time":"2025-07-06T12:30:08+00:00","article_modified_time":"2025-07-06T12:30:38+00:00","author":"Author","twitter_card":"summary_large_image","twitter_misc":{"\u00c9crit par":"Author","Dur\u00e9e de lecture estim\u00e9e":"1 minute"},"schema":{"@context":"https:\/\/schema.org","@graph":[{"@type":"WebPage","@id":"https:\/\/vof-news.eu\/fr\/tensions-entre-le-dalai-lama-et-la-chine-a-propos-de-sa-succession\/","url":"https:\/\/vof-news.eu\/fr\/tensions-entre-le-dalai-lama-et-la-chine-a-propos-de-sa-succession\/","name":"Tensions entre le dala\u00ef-lama et la Chine \u00e0 propos de sa succession - vof-news.eu","isPartOf":{"@id":"https:\/\/vof-news.eu\/fr\/#website"},"datePublished":"2025-07-06T12:30:08+00:00","dateModified":"2025-07-06T12:30:38+00:00","author":{"@id":"https:\/\/vof-news.eu\/fr\/#\/schema\/person\/f6a2a4309f0561835797fd8c19b333ed"},"description":"Au fil des c\u00e9l\u00e9brations qui se sont \u00e9tal\u00e9es toute la semaine, le chef spirituel n\u2019a pu \u00e9viter le lourd sujet de l\u2019apr\u00e8s, alors que la Chine exige de pouvoir approuver le nom de son successeur.\u00a0Une demande \u00e0 laquelle le dala\u00ef-lama s\u2019oppose. Il affirme que celui qui lui succ\u00e9dera sera . Consid\u00e9r\u00e9 comme un dangereux s\u00e9paratiste par P\u00e9kin, le dala\u00ef-lama a fui la r\u00e9pression chinoise en\u00a01959. Depuis, il vit en Inde, o\u00f9 il se bat pour la libert\u00e9 du Tibet. Service vid\u00e9o du Monde (avec Reuters) S\u2019abonner Contribuer R\u00e9utiliser ce contenu","breadcrumb":{"@id":"https:\/\/vof-news.eu\/fr\/tensions-entre-le-dalai-lama-et-la-chine-a-propos-de-sa-succession\/#breadcrumb"},"inLanguage":"fr-FR","potentialAction":[{"@type":"ReadAction","target":["https:\/\/vof-news.eu\/fr\/tensions-entre-le-dalai-lama-et-la-chine-a-propos-de-sa-succession\/"]}]},{"@type":"BreadcrumbList","@id":"https:\/\/vof-news.eu\/fr\/tensions-entre-le-dalai-lama-et-la-chine-a-propos-de-sa-succession\/#breadcrumb","itemListElement":[{"@type":"ListItem","position":1,"name":"Home","item":"https:\/\/vof-news.eu\/fr\/"},{"@type":"ListItem","position":2,"name":"Tensions entre le dala\u00ef-lama et la Chine \u00e0 propos de sa succession"}]},{"@type":"WebSite","@id":"https:\/\/vof-news.eu\/fr\/#website","url":"https:\/\/vof-news.eu\/fr\/","name":"vof-news.eu","description":"","potentialAction":[{"@type":"SearchAction","target":{"@type":"EntryPoint","urlTemplate":"https:\/\/vof-news.eu\/fr\/?s={search_term_string}"},"query-input":"required name=search_term_string"}],"inLanguage":"fr-FR"},{"@type":"Person","@id":"https:\/\/vof-news.eu\/fr\/#\/schema\/person\/f6a2a4309f0561835797fd8c19b333ed","name":"Author","image":{"@type":"ImageObject","inLanguage":"fr-FR","@id":"https:\/\/vof-news.eu\/fr\/#\/schema\/person\/image\/","url":"https:\/\/secure.gravatar.com\/avatar\/b67e614b1b25b3e9c0c239efdd2fde5ab015b5affd6f1c3c85911ca4b384e790?s=96&d=mm&r=g","contentUrl":"https:\/\/secure.gravatar.com\/avatar\/b67e614b1b25b3e9c0c239efdd2fde5ab015b5affd6f1c3c85911ca4b384e790?s=96&d=mm&r=g","caption":"Author"},"sameAs":["http:\/\/vof-news.eu"],"url":"https:\/\/vof-news.eu\/fr\/author\/zwt6qxnjulxbnyg\/"}]}},"yoast_meta":{"yoast_wpseo_title":"","yoast_wpseo_metadesc":"","yoast_wpseo_canonical":""},"_links":{"self":[{"href":"https:\/\/vof-news.eu\/fr\/wp-json\/wp\/v2\/posts\/248241","targetHints":{"allow":["GET"]}}],"collection":[{"href":"https:\/\/vof-news.eu\/fr\/wp-json\/wp\/v2\/posts"}],"about":[{"href":"https:\/\/vof-news.eu\/fr\/wp-json\/wp\/v2\/types\/post"}],"author":[{"embeddable":true,"href":"https:\/\/vof-news.eu\/fr\/wp-json\/wp\/v2\/users\/1"}],"replies":[{"embeddable":true,"href":"https:\/\/vof-news.eu\/fr\/wp-json\/wp\/v2\/comments?post=248241"}],"version-history":[{"count":1,"href":"https:\/\/vof-news.eu\/fr\/wp-json\/wp\/v2\/posts\/248241\/revisions"}],"predecessor-version":[{"id":248242,"href":"https:\/\/vof-news.eu\/fr\/wp-json\/wp\/v2\/posts\/248241\/revisions\/248242"}],"wp:attachment":[{"href":"https:\/\/vof-news.eu\/fr\/wp-json\/wp\/v2\/media?parent=248241"}],"wp:term":[{"taxonomy":"category","embeddable":true,"href":"https:\/\/vof-news.eu\/fr\/wp-json\/wp\/v2\/categories?post=248241"},{"taxonomy":"post_tag","embeddable":true,"href":"https:\/\/vof-news.eu\/fr\/wp-json\/wp\/v2\/tags?post=248241"}],"curies":[{"name":"wp","href":"https:\/\/api.w.org\/{rel}","templated":true}]}}