{"id":248200,"date":"2025-07-06T13:31:42","date_gmt":"2025-07-06T10:31:42","guid":{"rendered":"https:\/\/vof-news.eu\/laurent-saint-martin-ministre-delegue-charge-du-commerce-exterieur-est-linvite-de-questions-politiques\/"},"modified":"2025-07-06T13:32:15","modified_gmt":"2025-07-06T10:32:15","slug":"laurent-saint-martin-ministre-delegue-charge-du-commerce-exterieur-est-linvite-de-questions-politiques","status":"publish","type":"post","link":"https:\/\/vof-news.eu\/fr\/laurent-saint-martin-ministre-delegue-charge-du-commerce-exterieur-est-linvite-de-questions-politiques\/","title":{"rendered":"Laurent Saint-Martin, ministre d\u00e9l\u00e9gu\u00e9 charg\u00e9 du commerce ext\u00e9rieur, est l\u2019invit\u00e9 de \u00ab\u00a0Questions politiques\u00a0\u00bb"},"content":{"rendered":"<article>\n<p>Chaque dimanche, de midi \u00e0 13\u00a0heures, s\u2019associe \u00e0 France Inter pour animer et diffuser l\u2019\u00e9mission \u00ab\u00a0Questions politiques\u00a0\u00bb, pr\u00e9sent\u00e9e par Carine B\u00e9card avec Alix Bouilhaguet (France TV) et Fran\u00e7oise Fressoz ().<\/p>\n<section>\n<p> <span>Le Monde<\/span> <\/p>\n<\/section>\n<section>\n<section>\n<header>   <\/header>\n<section>\n<section> <a href=\"https:\/\/abo.lemonde.fr\/?lmd_medium=BOUTONS_LMFR&amp;lmd_campaign=CONTRIBUTION_ARTICLE\" rel=\"nofollow\">S\u2019abonner<\/a> <\/section>\n<\/section>\n<section><\/section>\n<\/section>\n<p>Contribuer<\/p>\n<p> <a href=\"https:\/\/www.lemonde.fr\/syndication\/\" rel=\"nofollow\">R\u00e9utiliser ce contenu<\/a> <\/section>\n<\/article>\n","protected":false},"excerpt":{"rendered":"<p>Chaque dimanche, de midi \u00e0 13\u00a0heures, s\u2019associe \u00e0 France Inter pour animer et diffuser l\u2019\u00e9mission \u00ab\u00a0Questions politiques\u00a0\u00bb, pr\u00e9sent\u00e9e par Carine B\u00e9card avec Alix Bouilhaguet (France TV) et Fran\u00e7oise Fressoz (). Le Monde S\u2019abonner Contribuer R\u00e9utiliser ce contenu<\/p>\n","protected":false},"author":1,"featured_media":248201,"comment_status":"open","ping_status":"open","sticky":false,"template":"","format":"standard","meta":{"footnotes":""},"categories":[68],"tags":[],"class_list":["post-248200","post","type-post","status-publish","format-standard","has-post-thumbnail","hentry","category-politics-fr"],"acf":[],"yoast_head":"<!-- This site is optimized with the Yoast SEO plugin v22.9 - https:\/\/yoast.com\/wordpress\/plugins\/seo\/ -->\n<title>Laurent Saint-Martin, ministre d\u00e9l\u00e9gu\u00e9 charg\u00e9 du commerce ext\u00e9rieur, est l\u2019invit\u00e9 de \u00ab\u00a0Questions politiques\u00a0\u00bb - vof-news.eu<\/title>\n<meta name=\"description\" content=\"Chaque dimanche, de midi \u00e0 13\u00a0heures, s\u2019associe \u00e0 France Inter pour animer et diffuser l\u2019\u00e9mission \u00ab\u00a0Questions politiques\u00a0\u00bb, pr\u00e9sent\u00e9e par Carine B\u00e9card avec Alix Bouilhaguet (France TV) et Fran\u00e7oise Fressoz ().  Le Monde      S\u2019abonner   Contribuer R\u00e9utiliser ce contenu\" \/>\n<meta name=\"robots\" content=\"noindex, follow, max-snippet:-1, max-image-preview:large, max-video-preview:-1\" \/>\n<meta property=\"og:locale\" content=\"fr_FR\" \/>\n<meta property=\"og:type\" content=\"article\" \/>\n<meta property=\"og:title\" content=\"Laurent Saint-Martin, ministre d\u00e9l\u00e9gu\u00e9 charg\u00e9 du commerce ext\u00e9rieur, est l\u2019invit\u00e9 de \u00ab\u00a0Questions politiques\u00a0\u00bb - vof-news.eu\" \/>\n<meta property=\"og:description\" content=\"Chaque dimanche, de midi \u00e0 13\u00a0heures, s\u2019associe \u00e0 France Inter pour animer et diffuser l\u2019\u00e9mission \u00ab\u00a0Questions politiques\u00a0\u00bb, pr\u00e9sent\u00e9e par Carine B\u00e9card avec Alix Bouilhaguet (France TV) et Fran\u00e7oise Fressoz ().  Le Monde      S\u2019abonner   Contribuer R\u00e9utiliser ce contenu\" \/>\n<meta property=\"og:url\" content=\"https:\/\/vof-news.eu\/fr\/laurent-saint-martin-ministre-delegue-charge-du-commerce-exterieur-est-linvite-de-questions-politiques\/\" \/>\n<meta property=\"og:site_name\" content=\"vof-news.eu\" \/>\n<meta property=\"article:published_time\" content=\"2025-07-06T10:31:42+00:00\" \/>\n<meta property=\"article:modified_time\" content=\"2025-07-06T10:32:15+00:00\" \/>\n<meta property=\"og:image\" content=\"https:\/\/vof-news.eu\/wp-content\/uploads\/2025\/07\/8baba24_ftp-import-images-1-k0mfz4un5cmr-5311449-01-06.jpg\" \/>\n\t<meta property=\"og:image:width\" content=\"664\" \/>\n\t<meta property=\"og:image:height\" content=\"450\" \/>\n\t<meta property=\"og:image:type\" content=\"image\/jpeg\" \/>\n<meta name=\"author\" content=\"Author\" \/>\n<meta name=\"twitter:card\" content=\"summary_large_image\" \/>\n<meta name=\"twitter:label1\" content=\"\u00c9crit par\" \/>\n\t<meta name=\"twitter:data1\" content=\"Author\" \/>\n<script type=\"application\/ld+json\" class=\"yoast-schema-graph\">{\"@context\":\"https:\/\/schema.org\",\"@graph\":[{\"@type\":\"WebPage\",\"@id\":\"https:\/\/vof-news.eu\/fr\/laurent-saint-martin-ministre-delegue-charge-du-commerce-exterieur-est-linvite-de-questions-politiques\/\",\"url\":\"https:\/\/vof-news.eu\/fr\/laurent-saint-martin-ministre-delegue-charge-du-commerce-exterieur-est-linvite-de-questions-politiques\/\",\"name\":\"Laurent Saint-Martin, ministre d\u00e9l\u00e9gu\u00e9 charg\u00e9 du commerce ext\u00e9rieur, est l\u2019invit\u00e9 de \u00ab\u00a0Questions politiques\u00a0\u00bb - vof-news.eu\",\"isPartOf\":{\"@id\":\"https:\/\/vof-news.eu\/fr\/#website\"},\"primaryImageOfPage\":{\"@id\":\"https:\/\/vof-news.eu\/fr\/laurent-saint-martin-ministre-delegue-charge-du-commerce-exterieur-est-linvite-de-questions-politiques\/#primaryimage\"},\"image\":{\"@id\":\"https:\/\/vof-news.eu\/fr\/laurent-saint-martin-ministre-delegue-charge-du-commerce-exterieur-est-linvite-de-questions-politiques\/#primaryimage\"},\"thumbnailUrl\":\"https:\/\/vof-news.eu\/wp-content\/uploads\/2025\/07\/8baba24_ftp-import-images-1-k0mfz4un5cmr-5311449-01-06.jpg\",\"datePublished\":\"2025-07-06T10:31:42+00:00\",\"dateModified\":\"2025-07-06T10:32:15+00:00\",\"author\":{\"@id\":\"https:\/\/vof-news.eu\/fr\/#\/schema\/person\/f6a2a4309f0561835797fd8c19b333ed\"},\"description\":\"Chaque dimanche, de midi \u00e0 13\u00a0heures, s\u2019associe \u00e0 France Inter pour animer et diffuser l\u2019\u00e9mission \u00ab\u00a0Questions politiques\u00a0\u00bb, pr\u00e9sent\u00e9e par Carine B\u00e9card avec Alix Bouilhaguet (France TV) et Fran\u00e7oise Fressoz (). Le Monde S\u2019abonner Contribuer R\u00e9utiliser ce contenu\",\"breadcrumb\":{\"@id\":\"https:\/\/vof-news.eu\/fr\/laurent-saint-martin-ministre-delegue-charge-du-commerce-exterieur-est-linvite-de-questions-politiques\/#breadcrumb\"},\"inLanguage\":\"fr-FR\",\"potentialAction\":[{\"@type\":\"ReadAction\",\"target\":[\"https:\/\/vof-news.eu\/fr\/laurent-saint-martin-ministre-delegue-charge-du-commerce-exterieur-est-linvite-de-questions-politiques\/\"]}]},{\"@type\":\"ImageObject\",\"inLanguage\":\"fr-FR\",\"@id\":\"https:\/\/vof-news.eu\/fr\/laurent-saint-martin-ministre-delegue-charge-du-commerce-exterieur-est-linvite-de-questions-politiques\/#primaryimage\",\"url\":\"https:\/\/vof-news.eu\/wp-content\/uploads\/2025\/07\/8baba24_ftp-import-images-1-k0mfz4un5cmr-5311449-01-06.jpg\",\"contentUrl\":\"https:\/\/vof-news.eu\/wp-content\/uploads\/2025\/07\/8baba24_ftp-import-images-1-k0mfz4un5cmr-5311449-01-06.jpg\",\"width\":664,\"height\":450},{\"@type\":\"BreadcrumbList\",\"@id\":\"https:\/\/vof-news.eu\/fr\/laurent-saint-martin-ministre-delegue-charge-du-commerce-exterieur-est-linvite-de-questions-politiques\/#breadcrumb\",\"itemListElement\":[{\"@type\":\"ListItem\",\"position\":1,\"name\":\"Home\",\"item\":\"https:\/\/vof-news.eu\/fr\/\"},{\"@type\":\"ListItem\",\"position\":2,\"name\":\"Laurent Saint-Martin, ministre d\u00e9l\u00e9gu\u00e9 charg\u00e9 du commerce ext\u00e9rieur, est l\u2019invit\u00e9 de \u00ab\u00a0Questions politiques\u00a0\u00bb\"}]},{\"@type\":\"WebSite\",\"@id\":\"https:\/\/vof-news.eu\/fr\/#website\",\"url\":\"https:\/\/vof-news.eu\/fr\/\",\"name\":\"vof-news.eu\",\"description\":\"\",\"potentialAction\":[{\"@type\":\"SearchAction\",\"target\":{\"@type\":\"EntryPoint\",\"urlTemplate\":\"https:\/\/vof-news.eu\/fr\/?s={search_term_string}\"},\"query-input\":\"required name=search_term_string\"}],\"inLanguage\":\"fr-FR\"},{\"@type\":\"Person\",\"@id\":\"https:\/\/vof-news.eu\/fr\/#\/schema\/person\/f6a2a4309f0561835797fd8c19b333ed\",\"name\":\"Author\",\"image\":{\"@type\":\"ImageObject\",\"inLanguage\":\"fr-FR\",\"@id\":\"https:\/\/vof-news.eu\/fr\/#\/schema\/person\/image\/\",\"url\":\"https:\/\/secure.gravatar.com\/avatar\/b67e614b1b25b3e9c0c239efdd2fde5ab015b5affd6f1c3c85911ca4b384e790?s=96&d=mm&r=g\",\"contentUrl\":\"https:\/\/secure.gravatar.com\/avatar\/b67e614b1b25b3e9c0c239efdd2fde5ab015b5affd6f1c3c85911ca4b384e790?s=96&d=mm&r=g\",\"caption\":\"Author\"},\"sameAs\":[\"http:\/\/vof-news.eu\"],\"url\":\"https:\/\/vof-news.eu\/fr\/author\/zwt6qxnjulxbnyg\/\"}]}<\/script>\n<!-- \/ Yoast SEO plugin. -->","yoast_head_json":{"title":"Laurent Saint-Martin, ministre d\u00e9l\u00e9gu\u00e9 charg\u00e9 du commerce ext\u00e9rieur, est l\u2019invit\u00e9 de \u00ab\u00a0Questions politiques\u00a0\u00bb - vof-news.eu","description":"Chaque dimanche, de midi \u00e0 13\u00a0heures, s\u2019associe \u00e0 France Inter pour animer et diffuser l\u2019\u00e9mission \u00ab\u00a0Questions politiques\u00a0\u00bb, pr\u00e9sent\u00e9e par Carine B\u00e9card avec Alix Bouilhaguet (France TV) et Fran\u00e7oise Fressoz ().  Le Monde      S\u2019abonner   Contribuer R\u00e9utiliser ce contenu","robots":{"index":"noindex","follow":"follow","max-snippet":"max-snippet:-1","max-image-preview":"max-image-preview:large","max-video-preview":"max-video-preview:-1"},"og_locale":"fr_FR","og_type":"article","og_title":"Laurent Saint-Martin, ministre d\u00e9l\u00e9gu\u00e9 charg\u00e9 du commerce ext\u00e9rieur, est l\u2019invit\u00e9 de \u00ab\u00a0Questions politiques\u00a0\u00bb - vof-news.eu","og_description":"Chaque dimanche, de midi \u00e0 13\u00a0heures, s\u2019associe \u00e0 France Inter pour animer et diffuser l\u2019\u00e9mission \u00ab\u00a0Questions politiques\u00a0\u00bb, pr\u00e9sent\u00e9e par Carine B\u00e9card avec Alix Bouilhaguet (France TV) et Fran\u00e7oise Fressoz ().  Le Monde      S\u2019abonner   Contribuer R\u00e9utiliser ce contenu","og_url":"https:\/\/vof-news.eu\/fr\/laurent-saint-martin-ministre-delegue-charge-du-commerce-exterieur-est-linvite-de-questions-politiques\/","og_site_name":"vof-news.eu","article_published_time":"2025-07-06T10:31:42+00:00","article_modified_time":"2025-07-06T10:32:15+00:00","og_image":[{"width":664,"height":450,"url":"https:\/\/vof-news.eu\/wp-content\/uploads\/2025\/07\/8baba24_ftp-import-images-1-k0mfz4un5cmr-5311449-01-06.jpg","type":"image\/jpeg"}],"author":"Author","twitter_card":"summary_large_image","twitter_misc":{"\u00c9crit par":"Author"},"schema":{"@context":"https:\/\/schema.org","@graph":[{"@type":"WebPage","@id":"https:\/\/vof-news.eu\/fr\/laurent-saint-martin-ministre-delegue-charge-du-commerce-exterieur-est-linvite-de-questions-politiques\/","url":"https:\/\/vof-news.eu\/fr\/laurent-saint-martin-ministre-delegue-charge-du-commerce-exterieur-est-linvite-de-questions-politiques\/","name":"Laurent Saint-Martin, ministre d\u00e9l\u00e9gu\u00e9 charg\u00e9 du commerce ext\u00e9rieur, est l\u2019invit\u00e9 de \u00ab\u00a0Questions politiques\u00a0\u00bb - vof-news.eu","isPartOf":{"@id":"https:\/\/vof-news.eu\/fr\/#website"},"primaryImageOfPage":{"@id":"https:\/\/vof-news.eu\/fr\/laurent-saint-martin-ministre-delegue-charge-du-commerce-exterieur-est-linvite-de-questions-politiques\/#primaryimage"},"image":{"@id":"https:\/\/vof-news.eu\/fr\/laurent-saint-martin-ministre-delegue-charge-du-commerce-exterieur-est-linvite-de-questions-politiques\/#primaryimage"},"thumbnailUrl":"https:\/\/vof-news.eu\/wp-content\/uploads\/2025\/07\/8baba24_ftp-import-images-1-k0mfz4un5cmr-5311449-01-06.jpg","datePublished":"2025-07-06T10:31:42+00:00","dateModified":"2025-07-06T10:32:15+00:00","author":{"@id":"https:\/\/vof-news.eu\/fr\/#\/schema\/person\/f6a2a4309f0561835797fd8c19b333ed"},"description":"Chaque dimanche, de midi \u00e0 13\u00a0heures, s\u2019associe \u00e0 France Inter pour animer et diffuser l\u2019\u00e9mission \u00ab\u00a0Questions politiques\u00a0\u00bb, pr\u00e9sent\u00e9e par Carine B\u00e9card avec Alix Bouilhaguet (France TV) et Fran\u00e7oise Fressoz (). Le Monde S\u2019abonner Contribuer R\u00e9utiliser ce contenu","breadcrumb":{"@id":"https:\/\/vof-news.eu\/fr\/laurent-saint-martin-ministre-delegue-charge-du-commerce-exterieur-est-linvite-de-questions-politiques\/#breadcrumb"},"inLanguage":"fr-FR","potentialAction":[{"@type":"ReadAction","target":["https:\/\/vof-news.eu\/fr\/laurent-saint-martin-ministre-delegue-charge-du-commerce-exterieur-est-linvite-de-questions-politiques\/"]}]},{"@type":"ImageObject","inLanguage":"fr-FR","@id":"https:\/\/vof-news.eu\/fr\/laurent-saint-martin-ministre-delegue-charge-du-commerce-exterieur-est-linvite-de-questions-politiques\/#primaryimage","url":"https:\/\/vof-news.eu\/wp-content\/uploads\/2025\/07\/8baba24_ftp-import-images-1-k0mfz4un5cmr-5311449-01-06.jpg","contentUrl":"https:\/\/vof-news.eu\/wp-content\/uploads\/2025\/07\/8baba24_ftp-import-images-1-k0mfz4un5cmr-5311449-01-06.jpg","width":664,"height":450},{"@type":"BreadcrumbList","@id":"https:\/\/vof-news.eu\/fr\/laurent-saint-martin-ministre-delegue-charge-du-commerce-exterieur-est-linvite-de-questions-politiques\/#breadcrumb","itemListElement":[{"@type":"ListItem","position":1,"name":"Home","item":"https:\/\/vof-news.eu\/fr\/"},{"@type":"ListItem","position":2,"name":"Laurent Saint-Martin, ministre d\u00e9l\u00e9gu\u00e9 charg\u00e9 du commerce ext\u00e9rieur, est l\u2019invit\u00e9 de \u00ab\u00a0Questions politiques\u00a0\u00bb"}]},{"@type":"WebSite","@id":"https:\/\/vof-news.eu\/fr\/#website","url":"https:\/\/vof-news.eu\/fr\/","name":"vof-news.eu","description":"","potentialAction":[{"@type":"SearchAction","target":{"@type":"EntryPoint","urlTemplate":"https:\/\/vof-news.eu\/fr\/?s={search_term_string}"},"query-input":"required name=search_term_string"}],"inLanguage":"fr-FR"},{"@type":"Person","@id":"https:\/\/vof-news.eu\/fr\/#\/schema\/person\/f6a2a4309f0561835797fd8c19b333ed","name":"Author","image":{"@type":"ImageObject","inLanguage":"fr-FR","@id":"https:\/\/vof-news.eu\/fr\/#\/schema\/person\/image\/","url":"https:\/\/secure.gravatar.com\/avatar\/b67e614b1b25b3e9c0c239efdd2fde5ab015b5affd6f1c3c85911ca4b384e790?s=96&d=mm&r=g","contentUrl":"https:\/\/secure.gravatar.com\/avatar\/b67e614b1b25b3e9c0c239efdd2fde5ab015b5affd6f1c3c85911ca4b384e790?s=96&d=mm&r=g","caption":"Author"},"sameAs":["http:\/\/vof-news.eu"],"url":"https:\/\/vof-news.eu\/fr\/author\/zwt6qxnjulxbnyg\/"}]}},"yoast_meta":{"yoast_wpseo_title":"","yoast_wpseo_metadesc":"","yoast_wpseo_canonical":""},"_links":{"self":[{"href":"https:\/\/vof-news.eu\/fr\/wp-json\/wp\/v2\/posts\/248200","targetHints":{"allow":["GET"]}}],"collection":[{"href":"https:\/\/vof-news.eu\/fr\/wp-json\/wp\/v2\/posts"}],"about":[{"href":"https:\/\/vof-news.eu\/fr\/wp-json\/wp\/v2\/types\/post"}],"author":[{"embeddable":true,"href":"https:\/\/vof-news.eu\/fr\/wp-json\/wp\/v2\/users\/1"}],"replies":[{"embeddable":true,"href":"https:\/\/vof-news.eu\/fr\/wp-json\/wp\/v2\/comments?post=248200"}],"version-history":[{"count":1,"href":"https:\/\/vof-news.eu\/fr\/wp-json\/wp\/v2\/posts\/248200\/revisions"}],"predecessor-version":[{"id":248207,"href":"https:\/\/vof-news.eu\/fr\/wp-json\/wp\/v2\/posts\/248200\/revisions\/248207"}],"wp:featuredmedia":[{"embeddable":true,"href":"https:\/\/vof-news.eu\/fr\/wp-json\/wp\/v2\/media\/248201"}],"wp:attachment":[{"href":"https:\/\/vof-news.eu\/fr\/wp-json\/wp\/v2\/media?parent=248200"}],"wp:term":[{"taxonomy":"category","embeddable":true,"href":"https:\/\/vof-news.eu\/fr\/wp-json\/wp\/v2\/categories?post=248200"},{"taxonomy":"post_tag","embeddable":true,"href":"https:\/\/vof-news.eu\/fr\/wp-json\/wp\/v2\/tags?post=248200"}],"curies":[{"name":"wp","href":"https:\/\/api.w.org\/{rel}","templated":true}]}}