{"id":248142,"date":"2025-07-06T11:32:05","date_gmt":"2025-07-06T08:32:05","guid":{"rendered":"https:\/\/vof-news.eu\/valentin-madouas-au-tour-de-france-il-ma-toujours-manque-un-petit-quelque-chose-pour-remporter-une-etape\/"},"modified":"2025-07-06T11:32:31","modified_gmt":"2025-07-06T08:32:31","slug":"valentin-madouas-au-tour-de-france-il-ma-toujours-manque-un-petit-quelque-chose-pour-remporter-une-etape","status":"publish","type":"post","link":"https:\/\/vof-news.eu\/fr\/valentin-madouas-au-tour-de-france-il-ma-toujours-manque-un-petit-quelque-chose-pour-remporter-une-etape\/","title":{"rendered":"Valentin Madouas\u00a0: \u00ab\u00a0Au Tour de France, il m\u2019a toujours manqu\u00e9 un petit quelque chose pour remporter une \u00e9tape\u00a0\u00bb"},"content":{"rendered":"<article>\n<p>Et si la deuxi\u00e8me \u00e9tape du Tour de France, faite pour les puncheurs, \u00e9tait pour lui\u00a0? A Boulogne-sur-Mer (Pas-de-Calais), dimanche 6\u00a0juillet, comme ailleurs, <a href=\"https:\/\/www.lemonde.fr\/sport\/article\/2023\/06\/25\/cyclisme-valentin-madouas-sacre-champion-de-france-sur-route_6179177_3242.html\" rel=\"nofollow\">Valentin Madouas<\/a> r\u00eave de lever les bras sur la Grande Boucle, \u00e0 laquelle il participe pour la sixi\u00e8me fois de sa carri\u00e8re. A bient\u00f4t 29\u00a0ans \u2013 il les f\u00eatera le 12\u00a0juillet \u2013, le Breton en a fait l\u2019un de ses objectifs pour cette \u00e9dition 2025\u00a0et esp\u00e8re revivre les <a href=\"https:\/\/www.lemonde.fr\/sport\/article\/2024\/08\/11\/jo-2024-les-quinze-jours-d-un-paris-enchante_6276831_3242.html\" rel=\"nofollow\">\u00e9motions v\u00e9cues lors des Jeux olympiques (JO) de Paris 2024<\/a>, o\u00f9 il s\u2019est class\u00e9 deuxi\u00e8me de la course en ligne derri\u00e8re <a href=\"https:\/\/www.lemonde.fr\/sport\/article\/2025\/04\/27\/remco-evenepoel-pret-a-defier-enfin-tadej-pogacar-sur-liege-bastogne-liege_6600520_3242.html\" rel=\"nofollow\">le Belge Remco Evenepoel<\/a>.  raconte le coureur de l\u2019\u00e9quipe Groupama-FDJ<\/p>\n<section>   <\/section>\n<h3>Pensez-vous pouvoir revivre un jour, sur un v\u00e9lo, ce que vous avez connu lors de l\u2019\u00e9preuve en ligne des JO de Paris\u00a02024\u00a0?<\/h3>\n<p>Je ne pense pas, mais j\u2019esp\u00e8re \u00eatre surpris. Les Jeux olympiques, c\u2019\u00e9tait quelque chose d\u2019incroyable, surtout en France et \u00e0 Paris\u00a0! La course \u00e9tait magnifique. Il y a encore de tr\u00e8s belles \u00e9motions \u00e0 aller chercher un peu partout et j\u2019esp\u00e8re vivre de nouveaux moments magiques, mais qu\u2019ils soient aussi forts que lors des JO, je ne suis pas certain.<\/p>\n<p><strong>Il vous reste 80.07% de cet article \u00e0 lire. La suite est r\u00e9serv\u00e9e aux abonn\u00e9s.<\/strong><\/p>\n<\/article>\n","protected":false},"excerpt":{"rendered":"<p>Et si la deuxi\u00e8me \u00e9tape du Tour de France, faite pour les puncheurs, \u00e9tait pour lui\u00a0? A Boulogne-sur-Mer (Pas-de-Calais), dimanche 6\u00a0juillet, comme ailleurs, Valentin Madouas r\u00eave de lever les bras sur la Grande Boucle, \u00e0 laquelle il participe pour la sixi\u00e8me fois de sa carri\u00e8re. A bient\u00f4t 29\u00a0ans \u2013 il les f\u00eatera le 12\u00a0juillet \u2013,<\/p>\n","protected":false},"author":1,"featured_media":248143,"comment_status":"open","ping_status":"open","sticky":false,"template":"","format":"standard","meta":{"footnotes":""},"categories":[73],"tags":[],"class_list":["post-248142","post","type-post","status-publish","format-standard","has-post-thumbnail","hentry","category-sport-fr"],"acf":[],"yoast_head":"<!-- This site is optimized with the Yoast SEO plugin v22.9 - https:\/\/yoast.com\/wordpress\/plugins\/seo\/ -->\n<title>Valentin Madouas\u00a0: \u00ab\u00a0Au Tour de France, il m\u2019a toujours manqu\u00e9 un petit quelque chose pour remporter une \u00e9tape\u00a0\u00bb - vof-news.eu<\/title>\n<meta name=\"description\" content=\"Et si la deuxi\u00e8me \u00e9tape du Tour de France, faite pour les puncheurs, \u00e9tait pour lui\u00a0? A Boulogne-sur-Mer (Pas-de-Calais), dimanche 6\u00a0juillet, comme ailleurs, Valentin Madouas r\u00eave de lever les bras sur la Grande Boucle, \u00e0 laquelle il participe pour la sixi\u00e8me fois de sa carri\u00e8re. A bient\u00f4t 29\u00a0ans \u2013 il les f\u00eatera le 12\u00a0juillet \u2013, le Breton en a fait l\u2019un de ses objectifs pour cette \u00e9dition 2025\u00a0et esp\u00e8re revivre les \u00e9motions v\u00e9cues lors des Jeux olympiques (JO) de Paris 2024, o\u00f9 il s\u2019est class\u00e9 deuxi\u00e8me de la course en ligne derri\u00e8re le Belge Remco Evenepoel. raconte le coureur de l\u2019\u00e9quipe Groupama-FDJ   Pensez-vous pouvoir revivre un jour, sur un v\u00e9lo, ce que vous avez connu lors de l\u2019\u00e9preuve en ligne des JO de Paris\u00a02024\u00a0? Je ne pense pas, mais j\u2019esp\u00e8re \u00eatre surpris. Les Jeux olympiques, c\u2019\u00e9tait quelque chose d\u2019incroyable, surtout en France et \u00e0 Paris\u00a0! La course \u00e9tait magnifique. Il y a encore de tr\u00e8s belles \u00e9motions \u00e0 aller chercher un peu partout et j\u2019esp\u00e8re vivre de nouveaux moments magiques, mais qu\u2019ils soient aussi forts que lors des JO, je ne suis pas certain. Il vous reste 80.07% de cet article \u00e0 lire. La suite est r\u00e9serv\u00e9e aux abonn\u00e9s.\" \/>\n<meta name=\"robots\" content=\"noindex, follow, max-snippet:-1, max-image-preview:large, max-video-preview:-1\" \/>\n<meta property=\"og:locale\" content=\"fr_FR\" \/>\n<meta property=\"og:type\" content=\"article\" \/>\n<meta property=\"og:title\" content=\"Valentin Madouas\u00a0: \u00ab\u00a0Au Tour de France, il m\u2019a toujours manqu\u00e9 un petit quelque chose pour remporter une \u00e9tape\u00a0\u00bb - vof-news.eu\" \/>\n<meta property=\"og:description\" content=\"Et si la deuxi\u00e8me \u00e9tape du Tour de France, faite pour les puncheurs, \u00e9tait pour lui\u00a0? A Boulogne-sur-Mer (Pas-de-Calais), dimanche 6\u00a0juillet, comme ailleurs, Valentin Madouas r\u00eave de lever les bras sur la Grande Boucle, \u00e0 laquelle il participe pour la sixi\u00e8me fois de sa carri\u00e8re. A bient\u00f4t 29\u00a0ans \u2013 il les f\u00eatera le 12\u00a0juillet \u2013, le Breton en a fait l\u2019un de ses objectifs pour cette \u00e9dition 2025\u00a0et esp\u00e8re revivre les \u00e9motions v\u00e9cues lors des Jeux olympiques (JO) de Paris 2024, o\u00f9 il s\u2019est class\u00e9 deuxi\u00e8me de la course en ligne derri\u00e8re le Belge Remco Evenepoel. raconte le coureur de l\u2019\u00e9quipe Groupama-FDJ   Pensez-vous pouvoir revivre un jour, sur un v\u00e9lo, ce que vous avez connu lors de l\u2019\u00e9preuve en ligne des JO de Paris\u00a02024\u00a0? Je ne pense pas, mais j\u2019esp\u00e8re \u00eatre surpris. Les Jeux olympiques, c\u2019\u00e9tait quelque chose d\u2019incroyable, surtout en France et \u00e0 Paris\u00a0! La course \u00e9tait magnifique. Il y a encore de tr\u00e8s belles \u00e9motions \u00e0 aller chercher un peu partout et j\u2019esp\u00e8re vivre de nouveaux moments magiques, mais qu\u2019ils soient aussi forts que lors des JO, je ne suis pas certain. Il vous reste 80.07% de cet article \u00e0 lire. La suite est r\u00e9serv\u00e9e aux abonn\u00e9s.\" \/>\n<meta property=\"og:url\" content=\"https:\/\/vof-news.eu\/fr\/valentin-madouas-au-tour-de-france-il-ma-toujours-manque-un-petit-quelque-chose-pour-remporter-une-etape\/\" \/>\n<meta property=\"og:site_name\" content=\"vof-news.eu\" \/>\n<meta property=\"article:published_time\" content=\"2025-07-06T08:32:05+00:00\" \/>\n<meta property=\"article:modified_time\" content=\"2025-07-06T08:32:31+00:00\" \/>\n<meta property=\"og:image\" content=\"https:\/\/vof-news.eu\/wp-content\/uploads\/2025\/07\/b686b95_upload-1-jvlixqbiwkrz-000-34cp734.jpg\" \/>\n\t<meta property=\"og:image:width\" content=\"664\" \/>\n\t<meta property=\"og:image:height\" content=\"443\" \/>\n\t<meta property=\"og:image:type\" content=\"image\/jpeg\" \/>\n<meta name=\"author\" content=\"Author\" \/>\n<meta name=\"twitter:card\" content=\"summary_large_image\" \/>\n<meta name=\"twitter:label1\" content=\"\u00c9crit par\" \/>\n\t<meta name=\"twitter:data1\" content=\"Author\" \/>\n\t<meta name=\"twitter:label2\" content=\"Dur\u00e9e de lecture estim\u00e9e\" \/>\n\t<meta name=\"twitter:data2\" content=\"1 minute\" \/>\n<script type=\"application\/ld+json\" class=\"yoast-schema-graph\">{\"@context\":\"https:\/\/schema.org\",\"@graph\":[{\"@type\":\"WebPage\",\"@id\":\"https:\/\/vof-news.eu\/fr\/valentin-madouas-au-tour-de-france-il-ma-toujours-manque-un-petit-quelque-chose-pour-remporter-une-etape\/\",\"url\":\"https:\/\/vof-news.eu\/fr\/valentin-madouas-au-tour-de-france-il-ma-toujours-manque-un-petit-quelque-chose-pour-remporter-une-etape\/\",\"name\":\"Valentin Madouas\u00a0: \u00ab\u00a0Au Tour de France, il m\u2019a toujours manqu\u00e9 un petit quelque chose pour remporter une \u00e9tape\u00a0\u00bb - vof-news.eu\",\"isPartOf\":{\"@id\":\"https:\/\/vof-news.eu\/fr\/#website\"},\"primaryImageOfPage\":{\"@id\":\"https:\/\/vof-news.eu\/fr\/valentin-madouas-au-tour-de-france-il-ma-toujours-manque-un-petit-quelque-chose-pour-remporter-une-etape\/#primaryimage\"},\"image\":{\"@id\":\"https:\/\/vof-news.eu\/fr\/valentin-madouas-au-tour-de-france-il-ma-toujours-manque-un-petit-quelque-chose-pour-remporter-une-etape\/#primaryimage\"},\"thumbnailUrl\":\"https:\/\/vof-news.eu\/wp-content\/uploads\/2025\/07\/b686b95_upload-1-jvlixqbiwkrz-000-34cp734.jpg\",\"datePublished\":\"2025-07-06T08:32:05+00:00\",\"dateModified\":\"2025-07-06T08:32:31+00:00\",\"author\":{\"@id\":\"https:\/\/vof-news.eu\/fr\/#\/schema\/person\/f6a2a4309f0561835797fd8c19b333ed\"},\"description\":\"Et si la deuxi\u00e8me \u00e9tape du Tour de France, faite pour les puncheurs, \u00e9tait pour lui\u00a0? A Boulogne-sur-Mer (Pas-de-Calais), dimanche 6\u00a0juillet, comme ailleurs, Valentin Madouas r\u00eave de lever les bras sur la Grande Boucle, \u00e0 laquelle il participe pour la sixi\u00e8me fois de sa carri\u00e8re. A bient\u00f4t 29\u00a0ans \u2013 il les f\u00eatera le 12\u00a0juillet \u2013, le Breton en a fait l\u2019un de ses objectifs pour cette \u00e9dition 2025\u00a0et esp\u00e8re revivre les \u00e9motions v\u00e9cues lors des Jeux olympiques (JO) de Paris 2024, o\u00f9 il s\u2019est class\u00e9 deuxi\u00e8me de la course en ligne derri\u00e8re le Belge Remco Evenepoel. raconte le coureur de l\u2019\u00e9quipe Groupama-FDJ Pensez-vous pouvoir revivre un jour, sur un v\u00e9lo, ce que vous avez connu lors de l\u2019\u00e9preuve en ligne des JO de Paris\u00a02024\u00a0? Je ne pense pas, mais j\u2019esp\u00e8re \u00eatre surpris. Les Jeux olympiques, c\u2019\u00e9tait quelque chose d\u2019incroyable, surtout en France et \u00e0 Paris\u00a0! La course \u00e9tait magnifique. Il y a encore de tr\u00e8s belles \u00e9motions \u00e0 aller chercher un peu partout et j\u2019esp\u00e8re vivre de nouveaux moments magiques, mais qu\u2019ils soient aussi forts que lors des JO, je ne suis pas certain. Il vous reste 80.07% de cet article \u00e0 lire. La suite est r\u00e9serv\u00e9e aux abonn\u00e9s.\",\"breadcrumb\":{\"@id\":\"https:\/\/vof-news.eu\/fr\/valentin-madouas-au-tour-de-france-il-ma-toujours-manque-un-petit-quelque-chose-pour-remporter-une-etape\/#breadcrumb\"},\"inLanguage\":\"fr-FR\",\"potentialAction\":[{\"@type\":\"ReadAction\",\"target\":[\"https:\/\/vof-news.eu\/fr\/valentin-madouas-au-tour-de-france-il-ma-toujours-manque-un-petit-quelque-chose-pour-remporter-une-etape\/\"]}]},{\"@type\":\"ImageObject\",\"inLanguage\":\"fr-FR\",\"@id\":\"https:\/\/vof-news.eu\/fr\/valentin-madouas-au-tour-de-france-il-ma-toujours-manque-un-petit-quelque-chose-pour-remporter-une-etape\/#primaryimage\",\"url\":\"https:\/\/vof-news.eu\/wp-content\/uploads\/2025\/07\/b686b95_upload-1-jvlixqbiwkrz-000-34cp734.jpg\",\"contentUrl\":\"https:\/\/vof-news.eu\/wp-content\/uploads\/2025\/07\/b686b95_upload-1-jvlixqbiwkrz-000-34cp734.jpg\",\"width\":664,\"height\":443},{\"@type\":\"BreadcrumbList\",\"@id\":\"https:\/\/vof-news.eu\/fr\/valentin-madouas-au-tour-de-france-il-ma-toujours-manque-un-petit-quelque-chose-pour-remporter-une-etape\/#breadcrumb\",\"itemListElement\":[{\"@type\":\"ListItem\",\"position\":1,\"name\":\"Home\",\"item\":\"https:\/\/vof-news.eu\/fr\/\"},{\"@type\":\"ListItem\",\"position\":2,\"name\":\"Valentin Madouas\u00a0: \u00ab\u00a0Au Tour de France, il m\u2019a toujours manqu\u00e9 un petit quelque chose pour remporter une \u00e9tape\u00a0\u00bb\"}]},{\"@type\":\"WebSite\",\"@id\":\"https:\/\/vof-news.eu\/fr\/#website\",\"url\":\"https:\/\/vof-news.eu\/fr\/\",\"name\":\"vof-news.eu\",\"description\":\"\",\"potentialAction\":[{\"@type\":\"SearchAction\",\"target\":{\"@type\":\"EntryPoint\",\"urlTemplate\":\"https:\/\/vof-news.eu\/fr\/?s={search_term_string}\"},\"query-input\":\"required name=search_term_string\"}],\"inLanguage\":\"fr-FR\"},{\"@type\":\"Person\",\"@id\":\"https:\/\/vof-news.eu\/fr\/#\/schema\/person\/f6a2a4309f0561835797fd8c19b333ed\",\"name\":\"Author\",\"image\":{\"@type\":\"ImageObject\",\"inLanguage\":\"fr-FR\",\"@id\":\"https:\/\/vof-news.eu\/fr\/#\/schema\/person\/image\/\",\"url\":\"https:\/\/secure.gravatar.com\/avatar\/b67e614b1b25b3e9c0c239efdd2fde5ab015b5affd6f1c3c85911ca4b384e790?s=96&d=mm&r=g\",\"contentUrl\":\"https:\/\/secure.gravatar.com\/avatar\/b67e614b1b25b3e9c0c239efdd2fde5ab015b5affd6f1c3c85911ca4b384e790?s=96&d=mm&r=g\",\"caption\":\"Author\"},\"sameAs\":[\"http:\/\/vof-news.eu\"],\"url\":\"https:\/\/vof-news.eu\/fr\/author\/zwt6qxnjulxbnyg\/\"}]}<\/script>\n<!-- \/ Yoast SEO plugin. -->","yoast_head_json":{"title":"Valentin Madouas\u00a0: \u00ab\u00a0Au Tour de France, il m\u2019a toujours manqu\u00e9 un petit quelque chose pour remporter une \u00e9tape\u00a0\u00bb - vof-news.eu","description":"Et si la deuxi\u00e8me \u00e9tape du Tour de France, faite pour les puncheurs, \u00e9tait pour lui\u00a0? A Boulogne-sur-Mer (Pas-de-Calais), dimanche 6\u00a0juillet, comme ailleurs, Valentin Madouas r\u00eave de lever les bras sur la Grande Boucle, \u00e0 laquelle il participe pour la sixi\u00e8me fois de sa carri\u00e8re. A bient\u00f4t 29\u00a0ans \u2013 il les f\u00eatera le 12\u00a0juillet \u2013, le Breton en a fait l\u2019un de ses objectifs pour cette \u00e9dition 2025\u00a0et esp\u00e8re revivre les \u00e9motions v\u00e9cues lors des Jeux olympiques (JO) de Paris 2024, o\u00f9 il s\u2019est class\u00e9 deuxi\u00e8me de la course en ligne derri\u00e8re le Belge Remco Evenepoel. raconte le coureur de l\u2019\u00e9quipe Groupama-FDJ   Pensez-vous pouvoir revivre un jour, sur un v\u00e9lo, ce que vous avez connu lors de l\u2019\u00e9preuve en ligne des JO de Paris\u00a02024\u00a0? Je ne pense pas, mais j\u2019esp\u00e8re \u00eatre surpris. Les Jeux olympiques, c\u2019\u00e9tait quelque chose d\u2019incroyable, surtout en France et \u00e0 Paris\u00a0! La course \u00e9tait magnifique. Il y a encore de tr\u00e8s belles \u00e9motions \u00e0 aller chercher un peu partout et j\u2019esp\u00e8re vivre de nouveaux moments magiques, mais qu\u2019ils soient aussi forts que lors des JO, je ne suis pas certain. Il vous reste 80.07% de cet article \u00e0 lire. La suite est r\u00e9serv\u00e9e aux abonn\u00e9s.","robots":{"index":"noindex","follow":"follow","max-snippet":"max-snippet:-1","max-image-preview":"max-image-preview:large","max-video-preview":"max-video-preview:-1"},"og_locale":"fr_FR","og_type":"article","og_title":"Valentin Madouas\u00a0: \u00ab\u00a0Au Tour de France, il m\u2019a toujours manqu\u00e9 un petit quelque chose pour remporter une \u00e9tape\u00a0\u00bb - vof-news.eu","og_description":"Et si la deuxi\u00e8me \u00e9tape du Tour de France, faite pour les puncheurs, \u00e9tait pour lui\u00a0? A Boulogne-sur-Mer (Pas-de-Calais), dimanche 6\u00a0juillet, comme ailleurs, Valentin Madouas r\u00eave de lever les bras sur la Grande Boucle, \u00e0 laquelle il participe pour la sixi\u00e8me fois de sa carri\u00e8re. A bient\u00f4t 29\u00a0ans \u2013 il les f\u00eatera le 12\u00a0juillet \u2013, le Breton en a fait l\u2019un de ses objectifs pour cette \u00e9dition 2025\u00a0et esp\u00e8re revivre les \u00e9motions v\u00e9cues lors des Jeux olympiques (JO) de Paris 2024, o\u00f9 il s\u2019est class\u00e9 deuxi\u00e8me de la course en ligne derri\u00e8re le Belge Remco Evenepoel. raconte le coureur de l\u2019\u00e9quipe Groupama-FDJ   Pensez-vous pouvoir revivre un jour, sur un v\u00e9lo, ce que vous avez connu lors de l\u2019\u00e9preuve en ligne des JO de Paris\u00a02024\u00a0? Je ne pense pas, mais j\u2019esp\u00e8re \u00eatre surpris. Les Jeux olympiques, c\u2019\u00e9tait quelque chose d\u2019incroyable, surtout en France et \u00e0 Paris\u00a0! La course \u00e9tait magnifique. Il y a encore de tr\u00e8s belles \u00e9motions \u00e0 aller chercher un peu partout et j\u2019esp\u00e8re vivre de nouveaux moments magiques, mais qu\u2019ils soient aussi forts que lors des JO, je ne suis pas certain. Il vous reste 80.07% de cet article \u00e0 lire. La suite est r\u00e9serv\u00e9e aux abonn\u00e9s.","og_url":"https:\/\/vof-news.eu\/fr\/valentin-madouas-au-tour-de-france-il-ma-toujours-manque-un-petit-quelque-chose-pour-remporter-une-etape\/","og_site_name":"vof-news.eu","article_published_time":"2025-07-06T08:32:05+00:00","article_modified_time":"2025-07-06T08:32:31+00:00","og_image":[{"width":664,"height":443,"url":"https:\/\/vof-news.eu\/wp-content\/uploads\/2025\/07\/b686b95_upload-1-jvlixqbiwkrz-000-34cp734.jpg","type":"image\/jpeg"}],"author":"Author","twitter_card":"summary_large_image","twitter_misc":{"\u00c9crit par":"Author","Dur\u00e9e de lecture estim\u00e9e":"1 minute"},"schema":{"@context":"https:\/\/schema.org","@graph":[{"@type":"WebPage","@id":"https:\/\/vof-news.eu\/fr\/valentin-madouas-au-tour-de-france-il-ma-toujours-manque-un-petit-quelque-chose-pour-remporter-une-etape\/","url":"https:\/\/vof-news.eu\/fr\/valentin-madouas-au-tour-de-france-il-ma-toujours-manque-un-petit-quelque-chose-pour-remporter-une-etape\/","name":"Valentin Madouas\u00a0: \u00ab\u00a0Au Tour de France, il m\u2019a toujours manqu\u00e9 un petit quelque chose pour remporter une \u00e9tape\u00a0\u00bb - vof-news.eu","isPartOf":{"@id":"https:\/\/vof-news.eu\/fr\/#website"},"primaryImageOfPage":{"@id":"https:\/\/vof-news.eu\/fr\/valentin-madouas-au-tour-de-france-il-ma-toujours-manque-un-petit-quelque-chose-pour-remporter-une-etape\/#primaryimage"},"image":{"@id":"https:\/\/vof-news.eu\/fr\/valentin-madouas-au-tour-de-france-il-ma-toujours-manque-un-petit-quelque-chose-pour-remporter-une-etape\/#primaryimage"},"thumbnailUrl":"https:\/\/vof-news.eu\/wp-content\/uploads\/2025\/07\/b686b95_upload-1-jvlixqbiwkrz-000-34cp734.jpg","datePublished":"2025-07-06T08:32:05+00:00","dateModified":"2025-07-06T08:32:31+00:00","author":{"@id":"https:\/\/vof-news.eu\/fr\/#\/schema\/person\/f6a2a4309f0561835797fd8c19b333ed"},"description":"Et si la deuxi\u00e8me \u00e9tape du Tour de France, faite pour les puncheurs, \u00e9tait pour lui\u00a0? A Boulogne-sur-Mer (Pas-de-Calais), dimanche 6\u00a0juillet, comme ailleurs, Valentin Madouas r\u00eave de lever les bras sur la Grande Boucle, \u00e0 laquelle il participe pour la sixi\u00e8me fois de sa carri\u00e8re. A bient\u00f4t 29\u00a0ans \u2013 il les f\u00eatera le 12\u00a0juillet \u2013, le Breton en a fait l\u2019un de ses objectifs pour cette \u00e9dition 2025\u00a0et esp\u00e8re revivre les \u00e9motions v\u00e9cues lors des Jeux olympiques (JO) de Paris 2024, o\u00f9 il s\u2019est class\u00e9 deuxi\u00e8me de la course en ligne derri\u00e8re le Belge Remco Evenepoel. raconte le coureur de l\u2019\u00e9quipe Groupama-FDJ Pensez-vous pouvoir revivre un jour, sur un v\u00e9lo, ce que vous avez connu lors de l\u2019\u00e9preuve en ligne des JO de Paris\u00a02024\u00a0? Je ne pense pas, mais j\u2019esp\u00e8re \u00eatre surpris. Les Jeux olympiques, c\u2019\u00e9tait quelque chose d\u2019incroyable, surtout en France et \u00e0 Paris\u00a0! La course \u00e9tait magnifique. Il y a encore de tr\u00e8s belles \u00e9motions \u00e0 aller chercher un peu partout et j\u2019esp\u00e8re vivre de nouveaux moments magiques, mais qu\u2019ils soient aussi forts que lors des JO, je ne suis pas certain. Il vous reste 80.07% de cet article \u00e0 lire. La suite est r\u00e9serv\u00e9e aux abonn\u00e9s.","breadcrumb":{"@id":"https:\/\/vof-news.eu\/fr\/valentin-madouas-au-tour-de-france-il-ma-toujours-manque-un-petit-quelque-chose-pour-remporter-une-etape\/#breadcrumb"},"inLanguage":"fr-FR","potentialAction":[{"@type":"ReadAction","target":["https:\/\/vof-news.eu\/fr\/valentin-madouas-au-tour-de-france-il-ma-toujours-manque-un-petit-quelque-chose-pour-remporter-une-etape\/"]}]},{"@type":"ImageObject","inLanguage":"fr-FR","@id":"https:\/\/vof-news.eu\/fr\/valentin-madouas-au-tour-de-france-il-ma-toujours-manque-un-petit-quelque-chose-pour-remporter-une-etape\/#primaryimage","url":"https:\/\/vof-news.eu\/wp-content\/uploads\/2025\/07\/b686b95_upload-1-jvlixqbiwkrz-000-34cp734.jpg","contentUrl":"https:\/\/vof-news.eu\/wp-content\/uploads\/2025\/07\/b686b95_upload-1-jvlixqbiwkrz-000-34cp734.jpg","width":664,"height":443},{"@type":"BreadcrumbList","@id":"https:\/\/vof-news.eu\/fr\/valentin-madouas-au-tour-de-france-il-ma-toujours-manque-un-petit-quelque-chose-pour-remporter-une-etape\/#breadcrumb","itemListElement":[{"@type":"ListItem","position":1,"name":"Home","item":"https:\/\/vof-news.eu\/fr\/"},{"@type":"ListItem","position":2,"name":"Valentin Madouas\u00a0: \u00ab\u00a0Au Tour de France, il m\u2019a toujours manqu\u00e9 un petit quelque chose pour remporter une \u00e9tape\u00a0\u00bb"}]},{"@type":"WebSite","@id":"https:\/\/vof-news.eu\/fr\/#website","url":"https:\/\/vof-news.eu\/fr\/","name":"vof-news.eu","description":"","potentialAction":[{"@type":"SearchAction","target":{"@type":"EntryPoint","urlTemplate":"https:\/\/vof-news.eu\/fr\/?s={search_term_string}"},"query-input":"required name=search_term_string"}],"inLanguage":"fr-FR"},{"@type":"Person","@id":"https:\/\/vof-news.eu\/fr\/#\/schema\/person\/f6a2a4309f0561835797fd8c19b333ed","name":"Author","image":{"@type":"ImageObject","inLanguage":"fr-FR","@id":"https:\/\/vof-news.eu\/fr\/#\/schema\/person\/image\/","url":"https:\/\/secure.gravatar.com\/avatar\/b67e614b1b25b3e9c0c239efdd2fde5ab015b5affd6f1c3c85911ca4b384e790?s=96&d=mm&r=g","contentUrl":"https:\/\/secure.gravatar.com\/avatar\/b67e614b1b25b3e9c0c239efdd2fde5ab015b5affd6f1c3c85911ca4b384e790?s=96&d=mm&r=g","caption":"Author"},"sameAs":["http:\/\/vof-news.eu"],"url":"https:\/\/vof-news.eu\/fr\/author\/zwt6qxnjulxbnyg\/"}]}},"yoast_meta":{"yoast_wpseo_title":"","yoast_wpseo_metadesc":"","yoast_wpseo_canonical":""},"_links":{"self":[{"href":"https:\/\/vof-news.eu\/fr\/wp-json\/wp\/v2\/posts\/248142","targetHints":{"allow":["GET"]}}],"collection":[{"href":"https:\/\/vof-news.eu\/fr\/wp-json\/wp\/v2\/posts"}],"about":[{"href":"https:\/\/vof-news.eu\/fr\/wp-json\/wp\/v2\/types\/post"}],"author":[{"embeddable":true,"href":"https:\/\/vof-news.eu\/fr\/wp-json\/wp\/v2\/users\/1"}],"replies":[{"embeddable":true,"href":"https:\/\/vof-news.eu\/fr\/wp-json\/wp\/v2\/comments?post=248142"}],"version-history":[{"count":1,"href":"https:\/\/vof-news.eu\/fr\/wp-json\/wp\/v2\/posts\/248142\/revisions"}],"predecessor-version":[{"id":248149,"href":"https:\/\/vof-news.eu\/fr\/wp-json\/wp\/v2\/posts\/248142\/revisions\/248149"}],"wp:featuredmedia":[{"embeddable":true,"href":"https:\/\/vof-news.eu\/fr\/wp-json\/wp\/v2\/media\/248143"}],"wp:attachment":[{"href":"https:\/\/vof-news.eu\/fr\/wp-json\/wp\/v2\/media?parent=248142"}],"wp:term":[{"taxonomy":"category","embeddable":true,"href":"https:\/\/vof-news.eu\/fr\/wp-json\/wp\/v2\/categories?post=248142"},{"taxonomy":"post_tag","embeddable":true,"href":"https:\/\/vof-news.eu\/fr\/wp-json\/wp\/v2\/tags?post=248142"}],"curies":[{"name":"wp","href":"https:\/\/api.w.org\/{rel}","templated":true}]}}