{"id":248134,"date":"2025-07-06T11:31:24","date_gmt":"2025-07-06T08:31:24","guid":{"rendered":"https:\/\/vof-news.eu\/emmanuel-macron-dit-aux-jeunes-en-marche-quil-aura-besoin-deux-pour-dans-deux-ans-pour-dans-cinq-ans-pour-dans-dix-ans\/"},"modified":"2025-07-06T11:31:37","modified_gmt":"2025-07-06T08:31:37","slug":"emmanuel-macron-dit-aux-jeunes-en-marche-quil-aura-besoin-deux-pour-dans-deux-ans-pour-dans-cinq-ans-pour-dans-dix-ans","status":"publish","type":"post","link":"https:\/\/vof-news.eu\/fr\/emmanuel-macron-dit-aux-jeunes-en-marche-quil-aura-besoin-deux-pour-dans-deux-ans-pour-dans-cinq-ans-pour-dans-dix-ans\/","title":{"rendered":"Emmanuel Macron dit aux Jeunes en marche qu\u2019il aura \u00ab\u00a0besoin d\u2019eux pour dans deux ans, pour dans cinq ans, pour dans dix ans\u00a0\u00bb"},"content":{"rendered":"<article>\n<p>Les Jeunes avec Macron ont pr\u00e9c\u00e9d\u00e9 l\u2019arriv\u00e9e au pouvoir d\u2019Emmanuel Macron, en\u00a02015. Le chef de l\u2019Etat aimerait d\u00e9sormais que l\u2019organisation, devenue samedi 5\u00a0juillet, \u00e0 l\u2019occasion des dix ans du mouvement, les Jeunes en marche, survive \u00e0 son second mandat pr\u00e9sidentiel. Invit\u00e9 surprise d\u2019un meeting organis\u00e9 \u00e0 Paris, le pr\u00e9sident de la R\u00e9publique a lanc\u00e9 \u00e0 la foule qu\u2019il aura \u00ab\u00a0\u00bb. Si Emmanuel Macron ne peut constitutionnellement pas se repr\u00e9senter en\u00a02027, rien ne l\u2019emp\u00eache d\u2019\u00eatre candidat en\u00a02032.<\/p>\n<p>De nombreux cadres de Renaissance avaient fait le d\u00e9placement, comme le secr\u00e9taire g\u00e9n\u00e9ral du parti, Gabriel Attal, la ministre de l\u2019\u00e9ducation nationale, Elisabeth Borne, ou la ministre de la transition \u00e9cologique, Agn\u00e8s Pannier-Runacher. Le fondateur d\u2019En marche\u00a0! a tenu \u00e0 remercier ceux qui y \u00ab\u00a0[lui-m\u00eame]\u00a0\u00bb. Faisant les cent pas au milieu de la petite sc\u00e8ne circulaire, Emmanuel Macron exprime sa \u00ab[Person] [Houli\u00e9][Gaborit]\u00a0\u00bb, premiers \u00ab\u00a0marcheurs\u00a0\u00bb, alors que le futur candidat \u00e0 l\u2019Elys\u00e9e n\u2019\u00e9tait encore que ministre de l\u2019\u00e9conomie.<\/p>\n<p><strong>Il vous reste 70.9% de cet article \u00e0 lire. La suite est r\u00e9serv\u00e9e aux abonn\u00e9s.<\/strong><\/p>\n<\/article>\n","protected":false},"excerpt":{"rendered":"<p>Les Jeunes avec Macron ont pr\u00e9c\u00e9d\u00e9 l\u2019arriv\u00e9e au pouvoir d\u2019Emmanuel Macron, en\u00a02015. Le chef de l\u2019Etat aimerait d\u00e9sormais que l\u2019organisation, devenue samedi 5\u00a0juillet, \u00e0 l\u2019occasion des dix ans du mouvement, les Jeunes en marche, survive \u00e0 son second mandat pr\u00e9sidentiel. Invit\u00e9 surprise d\u2019un meeting organis\u00e9 \u00e0 Paris, le pr\u00e9sident de la R\u00e9publique a lanc\u00e9 \u00e0<\/p>\n","protected":false},"author":1,"featured_media":248135,"comment_status":"open","ping_status":"open","sticky":false,"template":"","format":"standard","meta":{"footnotes":""},"categories":[68],"tags":[],"class_list":["post-248134","post","type-post","status-publish","format-standard","has-post-thumbnail","hentry","category-politics-fr"],"acf":[],"yoast_head":"<!-- This site is optimized with the Yoast SEO plugin v22.9 - https:\/\/yoast.com\/wordpress\/plugins\/seo\/ -->\n<title>Emmanuel Macron dit aux Jeunes en marche qu\u2019il aura \u00ab\u00a0besoin d\u2019eux pour dans deux ans, pour dans cinq ans, pour dans dix ans\u00a0\u00bb - vof-news.eu<\/title>\n<meta name=\"description\" content=\"Les Jeunes avec Macron ont pr\u00e9c\u00e9d\u00e9 l\u2019arriv\u00e9e au pouvoir d\u2019Emmanuel Macron, en\u00a02015. Le chef de l\u2019Etat aimerait d\u00e9sormais que l\u2019organisation, devenue samedi 5\u00a0juillet, \u00e0 l\u2019occasion des dix ans du mouvement, les Jeunes en marche, survive \u00e0 son second mandat pr\u00e9sidentiel. Invit\u00e9 surprise d\u2019un meeting organis\u00e9 \u00e0 Paris, le pr\u00e9sident de la R\u00e9publique a lanc\u00e9 \u00e0 la foule qu\u2019il aura \u00ab\u00a0\u00bb. Si Emmanuel Macron ne peut constitutionnellement pas se repr\u00e9senter en\u00a02027, rien ne l\u2019emp\u00eache d\u2019\u00eatre candidat en\u00a02032. De nombreux cadres de Renaissance avaient fait le d\u00e9placement, comme le secr\u00e9taire g\u00e9n\u00e9ral du parti, Gabriel Attal, la ministre de l\u2019\u00e9ducation nationale, Elisabeth Borne, ou la ministre de la transition \u00e9cologique, Agn\u00e8s Pannier-Runacher. Le fondateur d\u2019En marche\u00a0! a tenu \u00e0 remercier ceux qui y \u00ab\u00a0[lui-m\u00eame]\u00a0\u00bb. Faisant les cent pas au milieu de la petite sc\u00e8ne circulaire, Emmanuel Macron exprime sa \u00ab[Person] [Houli\u00e9][Gaborit]\u00a0\u00bb, premiers \u00ab\u00a0marcheurs\u00a0\u00bb, alors que le futur candidat \u00e0 l\u2019Elys\u00e9e n\u2019\u00e9tait encore que ministre de l\u2019\u00e9conomie. Il vous reste 70.9% de cet article \u00e0 lire. La suite est r\u00e9serv\u00e9e aux abonn\u00e9s.\" \/>\n<meta name=\"robots\" content=\"noindex, follow, max-snippet:-1, max-image-preview:large, max-video-preview:-1\" \/>\n<meta property=\"og:locale\" content=\"fr_FR\" \/>\n<meta property=\"og:type\" content=\"article\" \/>\n<meta property=\"og:title\" content=\"Emmanuel Macron dit aux Jeunes en marche qu\u2019il aura \u00ab\u00a0besoin d\u2019eux pour dans deux ans, pour dans cinq ans, pour dans dix ans\u00a0\u00bb - vof-news.eu\" \/>\n<meta property=\"og:description\" content=\"Les Jeunes avec Macron ont pr\u00e9c\u00e9d\u00e9 l\u2019arriv\u00e9e au pouvoir d\u2019Emmanuel Macron, en\u00a02015. Le chef de l\u2019Etat aimerait d\u00e9sormais que l\u2019organisation, devenue samedi 5\u00a0juillet, \u00e0 l\u2019occasion des dix ans du mouvement, les Jeunes en marche, survive \u00e0 son second mandat pr\u00e9sidentiel. Invit\u00e9 surprise d\u2019un meeting organis\u00e9 \u00e0 Paris, le pr\u00e9sident de la R\u00e9publique a lanc\u00e9 \u00e0 la foule qu\u2019il aura \u00ab\u00a0\u00bb. Si Emmanuel Macron ne peut constitutionnellement pas se repr\u00e9senter en\u00a02027, rien ne l\u2019emp\u00eache d\u2019\u00eatre candidat en\u00a02032. De nombreux cadres de Renaissance avaient fait le d\u00e9placement, comme le secr\u00e9taire g\u00e9n\u00e9ral du parti, Gabriel Attal, la ministre de l\u2019\u00e9ducation nationale, Elisabeth Borne, ou la ministre de la transition \u00e9cologique, Agn\u00e8s Pannier-Runacher. Le fondateur d\u2019En marche\u00a0! a tenu \u00e0 remercier ceux qui y \u00ab\u00a0[lui-m\u00eame]\u00a0\u00bb. Faisant les cent pas au milieu de la petite sc\u00e8ne circulaire, Emmanuel Macron exprime sa \u00ab[Person] [Houli\u00e9][Gaborit]\u00a0\u00bb, premiers \u00ab\u00a0marcheurs\u00a0\u00bb, alors que le futur candidat \u00e0 l\u2019Elys\u00e9e n\u2019\u00e9tait encore que ministre de l\u2019\u00e9conomie. Il vous reste 70.9% de cet article \u00e0 lire. La suite est r\u00e9serv\u00e9e aux abonn\u00e9s.\" \/>\n<meta property=\"og:url\" content=\"https:\/\/vof-news.eu\/fr\/emmanuel-macron-dit-aux-jeunes-en-marche-quil-aura-besoin-deux-pour-dans-deux-ans-pour-dans-cinq-ans-pour-dans-dix-ans\/\" \/>\n<meta property=\"og:site_name\" content=\"vof-news.eu\" \/>\n<meta property=\"article:published_time\" content=\"2025-07-06T08:31:24+00:00\" \/>\n<meta property=\"article:modified_time\" content=\"2025-07-06T08:31:37+00:00\" \/>\n<meta property=\"og:image\" content=\"https:\/\/vof-news.eu\/wp-content\/uploads\/2025\/07\/baf9d56_ftp-import-images-1-r9ngqwb3kkr7-5337992-01-06.jpg\" \/>\n\t<meta property=\"og:image:width\" content=\"664\" \/>\n\t<meta property=\"og:image:height\" content=\"443\" \/>\n\t<meta property=\"og:image:type\" content=\"image\/jpeg\" \/>\n<meta name=\"author\" content=\"Author\" \/>\n<meta name=\"twitter:card\" content=\"summary_large_image\" \/>\n<meta name=\"twitter:label1\" content=\"\u00c9crit par\" \/>\n\t<meta name=\"twitter:data1\" content=\"Author\" \/>\n\t<meta name=\"twitter:label2\" content=\"Dur\u00e9e de lecture estim\u00e9e\" \/>\n\t<meta name=\"twitter:data2\" content=\"1 minute\" \/>\n<script type=\"application\/ld+json\" class=\"yoast-schema-graph\">{\"@context\":\"https:\/\/schema.org\",\"@graph\":[{\"@type\":\"WebPage\",\"@id\":\"https:\/\/vof-news.eu\/fr\/emmanuel-macron-dit-aux-jeunes-en-marche-quil-aura-besoin-deux-pour-dans-deux-ans-pour-dans-cinq-ans-pour-dans-dix-ans\/\",\"url\":\"https:\/\/vof-news.eu\/fr\/emmanuel-macron-dit-aux-jeunes-en-marche-quil-aura-besoin-deux-pour-dans-deux-ans-pour-dans-cinq-ans-pour-dans-dix-ans\/\",\"name\":\"Emmanuel Macron dit aux Jeunes en marche qu\u2019il aura \u00ab\u00a0besoin d\u2019eux pour dans deux ans, pour dans cinq ans, pour dans dix ans\u00a0\u00bb - vof-news.eu\",\"isPartOf\":{\"@id\":\"https:\/\/vof-news.eu\/fr\/#website\"},\"primaryImageOfPage\":{\"@id\":\"https:\/\/vof-news.eu\/fr\/emmanuel-macron-dit-aux-jeunes-en-marche-quil-aura-besoin-deux-pour-dans-deux-ans-pour-dans-cinq-ans-pour-dans-dix-ans\/#primaryimage\"},\"image\":{\"@id\":\"https:\/\/vof-news.eu\/fr\/emmanuel-macron-dit-aux-jeunes-en-marche-quil-aura-besoin-deux-pour-dans-deux-ans-pour-dans-cinq-ans-pour-dans-dix-ans\/#primaryimage\"},\"thumbnailUrl\":\"https:\/\/vof-news.eu\/wp-content\/uploads\/2025\/07\/baf9d56_ftp-import-images-1-r9ngqwb3kkr7-5337992-01-06.jpg\",\"datePublished\":\"2025-07-06T08:31:24+00:00\",\"dateModified\":\"2025-07-06T08:31:37+00:00\",\"author\":{\"@id\":\"https:\/\/vof-news.eu\/fr\/#\/schema\/person\/f6a2a4309f0561835797fd8c19b333ed\"},\"description\":\"Les Jeunes avec Macron ont pr\u00e9c\u00e9d\u00e9 l\u2019arriv\u00e9e au pouvoir d\u2019Emmanuel Macron, en\u00a02015. Le chef de l\u2019Etat aimerait d\u00e9sormais que l\u2019organisation, devenue samedi 5\u00a0juillet, \u00e0 l\u2019occasion des dix ans du mouvement, les Jeunes en marche, survive \u00e0 son second mandat pr\u00e9sidentiel. Invit\u00e9 surprise d\u2019un meeting organis\u00e9 \u00e0 Paris, le pr\u00e9sident de la R\u00e9publique a lanc\u00e9 \u00e0 la foule qu\u2019il aura \u00ab\u00a0\u00bb. Si Emmanuel Macron ne peut constitutionnellement pas se repr\u00e9senter en\u00a02027, rien ne l\u2019emp\u00eache d\u2019\u00eatre candidat en\u00a02032. De nombreux cadres de Renaissance avaient fait le d\u00e9placement, comme le secr\u00e9taire g\u00e9n\u00e9ral du parti, Gabriel Attal, la ministre de l\u2019\u00e9ducation nationale, Elisabeth Borne, ou la ministre de la transition \u00e9cologique, Agn\u00e8s Pannier-Runacher. Le fondateur d\u2019En marche\u00a0! a tenu \u00e0 remercier ceux qui y \u00ab\u00a0[lui-m\u00eame]\u00a0\u00bb. Faisant les cent pas au milieu de la petite sc\u00e8ne circulaire, Emmanuel Macron exprime sa \u00ab[Person] [Houli\u00e9][Gaborit]\u00a0\u00bb, premiers \u00ab\u00a0marcheurs\u00a0\u00bb, alors que le futur candidat \u00e0 l\u2019Elys\u00e9e n\u2019\u00e9tait encore que ministre de l\u2019\u00e9conomie. Il vous reste 70.9% de cet article \u00e0 lire. La suite est r\u00e9serv\u00e9e aux abonn\u00e9s.\",\"breadcrumb\":{\"@id\":\"https:\/\/vof-news.eu\/fr\/emmanuel-macron-dit-aux-jeunes-en-marche-quil-aura-besoin-deux-pour-dans-deux-ans-pour-dans-cinq-ans-pour-dans-dix-ans\/#breadcrumb\"},\"inLanguage\":\"fr-FR\",\"potentialAction\":[{\"@type\":\"ReadAction\",\"target\":[\"https:\/\/vof-news.eu\/fr\/emmanuel-macron-dit-aux-jeunes-en-marche-quil-aura-besoin-deux-pour-dans-deux-ans-pour-dans-cinq-ans-pour-dans-dix-ans\/\"]}]},{\"@type\":\"ImageObject\",\"inLanguage\":\"fr-FR\",\"@id\":\"https:\/\/vof-news.eu\/fr\/emmanuel-macron-dit-aux-jeunes-en-marche-quil-aura-besoin-deux-pour-dans-deux-ans-pour-dans-cinq-ans-pour-dans-dix-ans\/#primaryimage\",\"url\":\"https:\/\/vof-news.eu\/wp-content\/uploads\/2025\/07\/baf9d56_ftp-import-images-1-r9ngqwb3kkr7-5337992-01-06.jpg\",\"contentUrl\":\"https:\/\/vof-news.eu\/wp-content\/uploads\/2025\/07\/baf9d56_ftp-import-images-1-r9ngqwb3kkr7-5337992-01-06.jpg\",\"width\":664,\"height\":443},{\"@type\":\"BreadcrumbList\",\"@id\":\"https:\/\/vof-news.eu\/fr\/emmanuel-macron-dit-aux-jeunes-en-marche-quil-aura-besoin-deux-pour-dans-deux-ans-pour-dans-cinq-ans-pour-dans-dix-ans\/#breadcrumb\",\"itemListElement\":[{\"@type\":\"ListItem\",\"position\":1,\"name\":\"Home\",\"item\":\"https:\/\/vof-news.eu\/fr\/\"},{\"@type\":\"ListItem\",\"position\":2,\"name\":\"Emmanuel Macron dit aux Jeunes en marche qu\u2019il aura \u00ab\u00a0besoin d\u2019eux pour dans deux ans, pour dans cinq ans, pour dans dix ans\u00a0\u00bb\"}]},{\"@type\":\"WebSite\",\"@id\":\"https:\/\/vof-news.eu\/fr\/#website\",\"url\":\"https:\/\/vof-news.eu\/fr\/\",\"name\":\"vof-news.eu\",\"description\":\"\",\"potentialAction\":[{\"@type\":\"SearchAction\",\"target\":{\"@type\":\"EntryPoint\",\"urlTemplate\":\"https:\/\/vof-news.eu\/fr\/?s={search_term_string}\"},\"query-input\":\"required name=search_term_string\"}],\"inLanguage\":\"fr-FR\"},{\"@type\":\"Person\",\"@id\":\"https:\/\/vof-news.eu\/fr\/#\/schema\/person\/f6a2a4309f0561835797fd8c19b333ed\",\"name\":\"Author\",\"image\":{\"@type\":\"ImageObject\",\"inLanguage\":\"fr-FR\",\"@id\":\"https:\/\/vof-news.eu\/fr\/#\/schema\/person\/image\/\",\"url\":\"https:\/\/secure.gravatar.com\/avatar\/b67e614b1b25b3e9c0c239efdd2fde5ab015b5affd6f1c3c85911ca4b384e790?s=96&d=mm&r=g\",\"contentUrl\":\"https:\/\/secure.gravatar.com\/avatar\/b67e614b1b25b3e9c0c239efdd2fde5ab015b5affd6f1c3c85911ca4b384e790?s=96&d=mm&r=g\",\"caption\":\"Author\"},\"sameAs\":[\"http:\/\/vof-news.eu\"],\"url\":\"https:\/\/vof-news.eu\/fr\/author\/zwt6qxnjulxbnyg\/\"}]}<\/script>\n<!-- \/ Yoast SEO plugin. -->","yoast_head_json":{"title":"Emmanuel Macron dit aux Jeunes en marche qu\u2019il aura \u00ab\u00a0besoin d\u2019eux pour dans deux ans, pour dans cinq ans, pour dans dix ans\u00a0\u00bb - vof-news.eu","description":"Les Jeunes avec Macron ont pr\u00e9c\u00e9d\u00e9 l\u2019arriv\u00e9e au pouvoir d\u2019Emmanuel Macron, en\u00a02015. Le chef de l\u2019Etat aimerait d\u00e9sormais que l\u2019organisation, devenue samedi 5\u00a0juillet, \u00e0 l\u2019occasion des dix ans du mouvement, les Jeunes en marche, survive \u00e0 son second mandat pr\u00e9sidentiel. Invit\u00e9 surprise d\u2019un meeting organis\u00e9 \u00e0 Paris, le pr\u00e9sident de la R\u00e9publique a lanc\u00e9 \u00e0 la foule qu\u2019il aura \u00ab\u00a0\u00bb. Si Emmanuel Macron ne peut constitutionnellement pas se repr\u00e9senter en\u00a02027, rien ne l\u2019emp\u00eache d\u2019\u00eatre candidat en\u00a02032. De nombreux cadres de Renaissance avaient fait le d\u00e9placement, comme le secr\u00e9taire g\u00e9n\u00e9ral du parti, Gabriel Attal, la ministre de l\u2019\u00e9ducation nationale, Elisabeth Borne, ou la ministre de la transition \u00e9cologique, Agn\u00e8s Pannier-Runacher. Le fondateur d\u2019En marche\u00a0! a tenu \u00e0 remercier ceux qui y \u00ab\u00a0[lui-m\u00eame]\u00a0\u00bb. Faisant les cent pas au milieu de la petite sc\u00e8ne circulaire, Emmanuel Macron exprime sa \u00ab[Person] [Houli\u00e9][Gaborit]\u00a0\u00bb, premiers \u00ab\u00a0marcheurs\u00a0\u00bb, alors que le futur candidat \u00e0 l\u2019Elys\u00e9e n\u2019\u00e9tait encore que ministre de l\u2019\u00e9conomie. Il vous reste 70.9% de cet article \u00e0 lire. La suite est r\u00e9serv\u00e9e aux abonn\u00e9s.","robots":{"index":"noindex","follow":"follow","max-snippet":"max-snippet:-1","max-image-preview":"max-image-preview:large","max-video-preview":"max-video-preview:-1"},"og_locale":"fr_FR","og_type":"article","og_title":"Emmanuel Macron dit aux Jeunes en marche qu\u2019il aura \u00ab\u00a0besoin d\u2019eux pour dans deux ans, pour dans cinq ans, pour dans dix ans\u00a0\u00bb - vof-news.eu","og_description":"Les Jeunes avec Macron ont pr\u00e9c\u00e9d\u00e9 l\u2019arriv\u00e9e au pouvoir d\u2019Emmanuel Macron, en\u00a02015. Le chef de l\u2019Etat aimerait d\u00e9sormais que l\u2019organisation, devenue samedi 5\u00a0juillet, \u00e0 l\u2019occasion des dix ans du mouvement, les Jeunes en marche, survive \u00e0 son second mandat pr\u00e9sidentiel. Invit\u00e9 surprise d\u2019un meeting organis\u00e9 \u00e0 Paris, le pr\u00e9sident de la R\u00e9publique a lanc\u00e9 \u00e0 la foule qu\u2019il aura \u00ab\u00a0\u00bb. Si Emmanuel Macron ne peut constitutionnellement pas se repr\u00e9senter en\u00a02027, rien ne l\u2019emp\u00eache d\u2019\u00eatre candidat en\u00a02032. De nombreux cadres de Renaissance avaient fait le d\u00e9placement, comme le secr\u00e9taire g\u00e9n\u00e9ral du parti, Gabriel Attal, la ministre de l\u2019\u00e9ducation nationale, Elisabeth Borne, ou la ministre de la transition \u00e9cologique, Agn\u00e8s Pannier-Runacher. Le fondateur d\u2019En marche\u00a0! a tenu \u00e0 remercier ceux qui y \u00ab\u00a0[lui-m\u00eame]\u00a0\u00bb. Faisant les cent pas au milieu de la petite sc\u00e8ne circulaire, Emmanuel Macron exprime sa \u00ab[Person] [Houli\u00e9][Gaborit]\u00a0\u00bb, premiers \u00ab\u00a0marcheurs\u00a0\u00bb, alors que le futur candidat \u00e0 l\u2019Elys\u00e9e n\u2019\u00e9tait encore que ministre de l\u2019\u00e9conomie. Il vous reste 70.9% de cet article \u00e0 lire. La suite est r\u00e9serv\u00e9e aux abonn\u00e9s.","og_url":"https:\/\/vof-news.eu\/fr\/emmanuel-macron-dit-aux-jeunes-en-marche-quil-aura-besoin-deux-pour-dans-deux-ans-pour-dans-cinq-ans-pour-dans-dix-ans\/","og_site_name":"vof-news.eu","article_published_time":"2025-07-06T08:31:24+00:00","article_modified_time":"2025-07-06T08:31:37+00:00","og_image":[{"width":664,"height":443,"url":"https:\/\/vof-news.eu\/wp-content\/uploads\/2025\/07\/baf9d56_ftp-import-images-1-r9ngqwb3kkr7-5337992-01-06.jpg","type":"image\/jpeg"}],"author":"Author","twitter_card":"summary_large_image","twitter_misc":{"\u00c9crit par":"Author","Dur\u00e9e de lecture estim\u00e9e":"1 minute"},"schema":{"@context":"https:\/\/schema.org","@graph":[{"@type":"WebPage","@id":"https:\/\/vof-news.eu\/fr\/emmanuel-macron-dit-aux-jeunes-en-marche-quil-aura-besoin-deux-pour-dans-deux-ans-pour-dans-cinq-ans-pour-dans-dix-ans\/","url":"https:\/\/vof-news.eu\/fr\/emmanuel-macron-dit-aux-jeunes-en-marche-quil-aura-besoin-deux-pour-dans-deux-ans-pour-dans-cinq-ans-pour-dans-dix-ans\/","name":"Emmanuel Macron dit aux Jeunes en marche qu\u2019il aura \u00ab\u00a0besoin d\u2019eux pour dans deux ans, pour dans cinq ans, pour dans dix ans\u00a0\u00bb - vof-news.eu","isPartOf":{"@id":"https:\/\/vof-news.eu\/fr\/#website"},"primaryImageOfPage":{"@id":"https:\/\/vof-news.eu\/fr\/emmanuel-macron-dit-aux-jeunes-en-marche-quil-aura-besoin-deux-pour-dans-deux-ans-pour-dans-cinq-ans-pour-dans-dix-ans\/#primaryimage"},"image":{"@id":"https:\/\/vof-news.eu\/fr\/emmanuel-macron-dit-aux-jeunes-en-marche-quil-aura-besoin-deux-pour-dans-deux-ans-pour-dans-cinq-ans-pour-dans-dix-ans\/#primaryimage"},"thumbnailUrl":"https:\/\/vof-news.eu\/wp-content\/uploads\/2025\/07\/baf9d56_ftp-import-images-1-r9ngqwb3kkr7-5337992-01-06.jpg","datePublished":"2025-07-06T08:31:24+00:00","dateModified":"2025-07-06T08:31:37+00:00","author":{"@id":"https:\/\/vof-news.eu\/fr\/#\/schema\/person\/f6a2a4309f0561835797fd8c19b333ed"},"description":"Les Jeunes avec Macron ont pr\u00e9c\u00e9d\u00e9 l\u2019arriv\u00e9e au pouvoir d\u2019Emmanuel Macron, en\u00a02015. Le chef de l\u2019Etat aimerait d\u00e9sormais que l\u2019organisation, devenue samedi 5\u00a0juillet, \u00e0 l\u2019occasion des dix ans du mouvement, les Jeunes en marche, survive \u00e0 son second mandat pr\u00e9sidentiel. Invit\u00e9 surprise d\u2019un meeting organis\u00e9 \u00e0 Paris, le pr\u00e9sident de la R\u00e9publique a lanc\u00e9 \u00e0 la foule qu\u2019il aura \u00ab\u00a0\u00bb. Si Emmanuel Macron ne peut constitutionnellement pas se repr\u00e9senter en\u00a02027, rien ne l\u2019emp\u00eache d\u2019\u00eatre candidat en\u00a02032. De nombreux cadres de Renaissance avaient fait le d\u00e9placement, comme le secr\u00e9taire g\u00e9n\u00e9ral du parti, Gabriel Attal, la ministre de l\u2019\u00e9ducation nationale, Elisabeth Borne, ou la ministre de la transition \u00e9cologique, Agn\u00e8s Pannier-Runacher. Le fondateur d\u2019En marche\u00a0! a tenu \u00e0 remercier ceux qui y \u00ab\u00a0[lui-m\u00eame]\u00a0\u00bb. Faisant les cent pas au milieu de la petite sc\u00e8ne circulaire, Emmanuel Macron exprime sa \u00ab[Person] [Houli\u00e9][Gaborit]\u00a0\u00bb, premiers \u00ab\u00a0marcheurs\u00a0\u00bb, alors que le futur candidat \u00e0 l\u2019Elys\u00e9e n\u2019\u00e9tait encore que ministre de l\u2019\u00e9conomie. Il vous reste 70.9% de cet article \u00e0 lire. La suite est r\u00e9serv\u00e9e aux abonn\u00e9s.","breadcrumb":{"@id":"https:\/\/vof-news.eu\/fr\/emmanuel-macron-dit-aux-jeunes-en-marche-quil-aura-besoin-deux-pour-dans-deux-ans-pour-dans-cinq-ans-pour-dans-dix-ans\/#breadcrumb"},"inLanguage":"fr-FR","potentialAction":[{"@type":"ReadAction","target":["https:\/\/vof-news.eu\/fr\/emmanuel-macron-dit-aux-jeunes-en-marche-quil-aura-besoin-deux-pour-dans-deux-ans-pour-dans-cinq-ans-pour-dans-dix-ans\/"]}]},{"@type":"ImageObject","inLanguage":"fr-FR","@id":"https:\/\/vof-news.eu\/fr\/emmanuel-macron-dit-aux-jeunes-en-marche-quil-aura-besoin-deux-pour-dans-deux-ans-pour-dans-cinq-ans-pour-dans-dix-ans\/#primaryimage","url":"https:\/\/vof-news.eu\/wp-content\/uploads\/2025\/07\/baf9d56_ftp-import-images-1-r9ngqwb3kkr7-5337992-01-06.jpg","contentUrl":"https:\/\/vof-news.eu\/wp-content\/uploads\/2025\/07\/baf9d56_ftp-import-images-1-r9ngqwb3kkr7-5337992-01-06.jpg","width":664,"height":443},{"@type":"BreadcrumbList","@id":"https:\/\/vof-news.eu\/fr\/emmanuel-macron-dit-aux-jeunes-en-marche-quil-aura-besoin-deux-pour-dans-deux-ans-pour-dans-cinq-ans-pour-dans-dix-ans\/#breadcrumb","itemListElement":[{"@type":"ListItem","position":1,"name":"Home","item":"https:\/\/vof-news.eu\/fr\/"},{"@type":"ListItem","position":2,"name":"Emmanuel Macron dit aux Jeunes en marche qu\u2019il aura \u00ab\u00a0besoin d\u2019eux pour dans deux ans, pour dans cinq ans, pour dans dix ans\u00a0\u00bb"}]},{"@type":"WebSite","@id":"https:\/\/vof-news.eu\/fr\/#website","url":"https:\/\/vof-news.eu\/fr\/","name":"vof-news.eu","description":"","potentialAction":[{"@type":"SearchAction","target":{"@type":"EntryPoint","urlTemplate":"https:\/\/vof-news.eu\/fr\/?s={search_term_string}"},"query-input":"required name=search_term_string"}],"inLanguage":"fr-FR"},{"@type":"Person","@id":"https:\/\/vof-news.eu\/fr\/#\/schema\/person\/f6a2a4309f0561835797fd8c19b333ed","name":"Author","image":{"@type":"ImageObject","inLanguage":"fr-FR","@id":"https:\/\/vof-news.eu\/fr\/#\/schema\/person\/image\/","url":"https:\/\/secure.gravatar.com\/avatar\/b67e614b1b25b3e9c0c239efdd2fde5ab015b5affd6f1c3c85911ca4b384e790?s=96&d=mm&r=g","contentUrl":"https:\/\/secure.gravatar.com\/avatar\/b67e614b1b25b3e9c0c239efdd2fde5ab015b5affd6f1c3c85911ca4b384e790?s=96&d=mm&r=g","caption":"Author"},"sameAs":["http:\/\/vof-news.eu"],"url":"https:\/\/vof-news.eu\/fr\/author\/zwt6qxnjulxbnyg\/"}]}},"yoast_meta":{"yoast_wpseo_title":"","yoast_wpseo_metadesc":"","yoast_wpseo_canonical":""},"_links":{"self":[{"href":"https:\/\/vof-news.eu\/fr\/wp-json\/wp\/v2\/posts\/248134","targetHints":{"allow":["GET"]}}],"collection":[{"href":"https:\/\/vof-news.eu\/fr\/wp-json\/wp\/v2\/posts"}],"about":[{"href":"https:\/\/vof-news.eu\/fr\/wp-json\/wp\/v2\/types\/post"}],"author":[{"embeddable":true,"href":"https:\/\/vof-news.eu\/fr\/wp-json\/wp\/v2\/users\/1"}],"replies":[{"embeddable":true,"href":"https:\/\/vof-news.eu\/fr\/wp-json\/wp\/v2\/comments?post=248134"}],"version-history":[{"count":1,"href":"https:\/\/vof-news.eu\/fr\/wp-json\/wp\/v2\/posts\/248134\/revisions"}],"predecessor-version":[{"id":248141,"href":"https:\/\/vof-news.eu\/fr\/wp-json\/wp\/v2\/posts\/248134\/revisions\/248141"}],"wp:featuredmedia":[{"embeddable":true,"href":"https:\/\/vof-news.eu\/fr\/wp-json\/wp\/v2\/media\/248135"}],"wp:attachment":[{"href":"https:\/\/vof-news.eu\/fr\/wp-json\/wp\/v2\/media?parent=248134"}],"wp:term":[{"taxonomy":"category","embeddable":true,"href":"https:\/\/vof-news.eu\/fr\/wp-json\/wp\/v2\/categories?post=248134"},{"taxonomy":"post_tag","embeddable":true,"href":"https:\/\/vof-news.eu\/fr\/wp-json\/wp\/v2\/tags?post=248134"}],"curies":[{"name":"wp","href":"https:\/\/api.w.org\/{rel}","templated":true}]}}