{"id":248126,"date":"2025-07-06T11:30:11","date_gmt":"2025-07-06T08:30:11","guid":{"rendered":"https:\/\/vof-news.eu\/le-dalai-lama-fete-ses-90-ans-en-exil-en-priant-pour-la-paix\/"},"modified":"2025-07-06T11:30:39","modified_gmt":"2025-07-06T08:30:39","slug":"le-dalai-lama-fete-ses-90-ans-en-exil-en-priant-pour-la-paix","status":"publish","type":"post","link":"https:\/\/vof-news.eu\/fr\/le-dalai-lama-fete-ses-90-ans-en-exil-en-priant-pour-la-paix\/","title":{"rendered":"Le dala\u00ef-lama f\u00eate ses 90\u00a0ans en exil, en priant pour la paix"},"content":{"rendered":"<article>\n<p>Le dala\u00ef-lama a f\u00eat\u00e9 ses 90\u00a0ans, dimanche 6\u00a0juillet, avec une pri\u00e8re en faveur de la paix, au terme d\u2019une semaine de c\u00e9l\u00e9brations dans les contreforts de l\u2019Himalaya indien, o\u00f9 il vit en exil. , a d\u00e9clar\u00e9 dans un message celui qui, la veille, faisait part de son r\u00eave de vivre .<\/p>\n<p>Drap\u00e9 dans sa robe bordeaux et son \u00e9charpe jaune, le chef spirituel des Tib\u00e9tains a adress\u00e9 un sourire \u00e0 des milliers de fid\u00e8les avant le d\u00e9but des pri\u00e8res. Les psalmodies des moines bouddhistes ont r\u00e9sonn\u00e9 depuis le monast\u00e8re de McLeod Ganj, dans le nord de l\u2019Inde, o\u00f9 le dala\u00ef-lama passe l\u2019essentiel de son temps depuis sa fuite de la r\u00e9pression chinoise de 1959 \u00e0 Lhassa, au Tibet.<\/p>\n<p>Au fil des c\u00e9l\u00e9brations qui se sont \u00e9tal\u00e9es toute la semaine, Tenzin Gyatso (de son nom d\u2019\u00e9tat civil) n\u2019a pu \u00e9viter le lourd sujet de l\u2019apr\u00e8s, alors que la Chine exige de pouvoir approuver le nom de son successeur. Extr\u00eamement attendu sur la question, <a href=\"https:\/\/www.lemonde.fr\/international\/article\/2025\/07\/02\/le-dalai-lama-confirme-qu-un-successeur-assurera-la-continuite-de-sa-fonction-de-chef-spirituel-de-la-communaute-tibetaine_6617339_3210.html\" rel=\"nofollow\">il avait affirm\u00e9 mercredi que l\u2019institution serait <\/a>, d\u00e9clenchant aussit\u00f4t une r\u00e9action ferme de P\u00e9kin, soulignant que tout successeur devait \u00eatre .<\/p>\n<section>   <\/section>\n<p>L\u2019actuel dala\u00ef-lama a assur\u00e9 de son c\u00f4t\u00e9 que celui qui lui succ\u00e9dera sera . La responsabilit\u00e9 de d\u00e9signer un successeur , affirmait-il. .<\/p>\n<h2>\u00ab\u00a0Symbole durable d\u2019amour, de compassion\u00a0\u00bb<\/h2>\n<p>N\u00e9 le 6\u00a0juillet\u00a01935, Tenzin Gyatso est devenu d\u00e8s l\u2019\u00e2ge de 2\u00a0ans le quatorzi\u00e8me chef spirituel et politique des Tib\u00e9tains, d\u00fbment identifi\u00e9 par la tradition bouddhiste comme la r\u00e9incarnation de son pr\u00e9d\u00e9cesseur. Consid\u00e9r\u00e9 comme un dangereux s\u00e9paratiste par P\u00e9kin, le laur\u00e9at du prix Nobel de la paix en\u00a01989 incarne dans le monde entier le combat pour la libert\u00e9 du Tibet.<\/p>\n<section>   <\/section>\n<p>Ce vaste territoire himalayen, d\u2019une taille comparable \u00e0 celle de l\u2019Afrique du Sud, a \u00e9t\u00e9 envahi en\u00a01950 par les troupes chinoises, qui en ont fait une province de Chine. Tenzin Gyatso n\u2019y a jamais remis les pieds depuis son exil en Inde.<\/p>\n<p>Le chef spirituel a re\u00e7u dimanche les v\u0153ux du premier ministre du pays qui l\u2019h\u00e9berge. , a d\u00e9clar\u00e9 Narendra Modi dans un communiqu\u00e9. , a-t-il ajout\u00e9, lui souhaitant une .<\/p>\n<p>Le chef de la diplomatie am\u00e9ricaine, Marco Rubio, a assur\u00e9 dans un communiqu\u00e9 que Washington \u00e9tait . D\u2019autres personnalit\u00e9s, comme les anciens pr\u00e9sidents des Etats-Unis Barack Obama, Bill Clinton et George W. Bush, ou l\u2019acteur Richard Gere, un soutien de longue date de sa cause, ont aussi salu\u00e9 l\u2019\u0153uvre du dala\u00ef-lama.<\/p>\n<p>L\u2019anniversaire du dala\u00ef-lama marque l\u2019aboutissement d\u2019une semaine enti\u00e8re de c\u00e9l\u00e9brations en l\u2019honneur de l\u2019un des dirigeants religieux les plus populaires au monde, appr\u00e9ci\u00e9 pour son humour et ses enseignements. , a-t-il fait valoir dimanche. <\/p>\n<section>   <\/section>\n<section>\n<p> <span>Le Monde avec AFP<\/span> <\/p>\n<\/section>\n<section>\n<section>\n<header>   <\/header>\n<section>\n<section> <a href=\"https:\/\/abo.lemonde.fr\/?lmd_medium=BOUTONS_LMFR&amp;lmd_campaign=CONTRIBUTION_ARTICLE\" rel=\"nofollow\">S\u2019abonner<\/a> <\/section>\n<\/section>\n<section><\/section>\n<\/section>\n<p>Contribuer<\/p>\n<p> <a href=\"https:\/\/www.lemonde.fr\/syndication\/\" rel=\"nofollow\">R\u00e9utiliser ce contenu<\/a> <\/section>\n<\/article>\n","protected":false},"excerpt":{"rendered":"<p>Le dala\u00ef-lama a f\u00eat\u00e9 ses 90\u00a0ans, dimanche 6\u00a0juillet, avec une pri\u00e8re en faveur de la paix, au terme d\u2019une semaine de c\u00e9l\u00e9brations dans les contreforts de l\u2019Himalaya indien, o\u00f9 il vit en exil. , a d\u00e9clar\u00e9 dans un message celui qui, la veille, faisait part de son r\u00eave de vivre . Drap\u00e9 dans sa robe<\/p>\n","protected":false},"author":1,"featured_media":248127,"comment_status":"open","ping_status":"open","sticky":false,"template":"","format":"standard","meta":{"footnotes":""},"categories":[53],"tags":[],"class_list":["post-248126","post","type-post","status-publish","format-standard","has-post-thumbnail","hentry","category-main-news-fr"],"acf":[],"yoast_head":"<!-- This site is optimized with the Yoast SEO plugin v22.9 - https:\/\/yoast.com\/wordpress\/plugins\/seo\/ -->\n<title>Le dala\u00ef-lama f\u00eate ses 90\u00a0ans en exil, en priant pour la paix - vof-news.eu<\/title>\n<meta name=\"description\" content=\"Le dala\u00ef-lama a f\u00eat\u00e9 ses 90\u00a0ans, dimanche 6\u00a0juillet, avec une pri\u00e8re en faveur de la paix, au terme d\u2019une semaine de c\u00e9l\u00e9brations dans les contreforts de l\u2019Himalaya indien, o\u00f9 il vit en exil. , a d\u00e9clar\u00e9 dans un message celui qui, la veille, faisait part de son r\u00eave de vivre . Drap\u00e9 dans sa robe bordeaux et son \u00e9charpe jaune, le chef spirituel des Tib\u00e9tains a adress\u00e9 un sourire \u00e0 des milliers de fid\u00e8les avant le d\u00e9but des pri\u00e8res. Les psalmodies des moines bouddhistes ont r\u00e9sonn\u00e9 depuis le monast\u00e8re de McLeod Ganj, dans le nord de l\u2019Inde, o\u00f9 le dala\u00ef-lama passe l\u2019essentiel de son temps depuis sa fuite de la r\u00e9pression chinoise de 1959 \u00e0 Lhassa, au Tibet. Au fil des c\u00e9l\u00e9brations qui se sont \u00e9tal\u00e9es toute la semaine, Tenzin Gyatso (de son nom d\u2019\u00e9tat civil) n\u2019a pu \u00e9viter le lourd sujet de l\u2019apr\u00e8s, alors que la Chine exige de pouvoir approuver le nom de son successeur. Extr\u00eamement attendu sur la question, il avait affirm\u00e9 mercredi que l\u2019institution serait , d\u00e9clenchant aussit\u00f4t une r\u00e9action ferme de P\u00e9kin, soulignant que tout successeur devait \u00eatre .   L\u2019actuel dala\u00ef-lama a assur\u00e9 de son c\u00f4t\u00e9 que celui qui lui succ\u00e9dera sera . La responsabilit\u00e9 de d\u00e9signer un successeur , affirmait-il. . \u00ab\u00a0Symbole durable d\u2019amour, de compassion\u00a0\u00bb N\u00e9 le 6\u00a0juillet\u00a01935, Tenzin Gyatso est devenu d\u00e8s l\u2019\u00e2ge de 2\u00a0ans le quatorzi\u00e8me chef spirituel et politique des Tib\u00e9tains, d\u00fbment identifi\u00e9 par la tradition bouddhiste comme la r\u00e9incarnation de son pr\u00e9d\u00e9cesseur. Consid\u00e9r\u00e9 comme un dangereux s\u00e9paratiste par P\u00e9kin, le laur\u00e9at du prix Nobel de la paix en\u00a01989 incarne dans le monde entier le combat pour la libert\u00e9 du Tibet.   Ce vaste territoire himalayen, d\u2019une taille comparable \u00e0 celle de l\u2019Afrique du Sud, a \u00e9t\u00e9 envahi en\u00a01950 par les troupes chinoises, qui en ont fait une province de Chine. Tenzin Gyatso n\u2019y a jamais remis les pieds depuis son exil en Inde. Le chef spirituel a re\u00e7u dimanche les v\u0153ux du premier ministre du pays qui l\u2019h\u00e9berge. , a d\u00e9clar\u00e9 Narendra Modi dans un communiqu\u00e9. , a-t-il ajout\u00e9, lui souhaitant une . Le chef de la diplomatie am\u00e9ricaine, Marco Rubio, a assur\u00e9 dans un communiqu\u00e9 que Washington \u00e9tait . D\u2019autres personnalit\u00e9s, comme les anciens pr\u00e9sidents des Etats-Unis Barack Obama, Bill Clinton et George W. Bush, ou l\u2019acteur Richard Gere, un soutien de longue date de sa cause, ont aussi salu\u00e9 l\u2019\u0153uvre du dala\u00ef-lama. L\u2019anniversaire du dala\u00ef-lama marque l\u2019aboutissement d\u2019une semaine enti\u00e8re de c\u00e9l\u00e9brations en l\u2019honneur de l\u2019un des dirigeants religieux les plus populaires au monde, appr\u00e9ci\u00e9 pour son humour et ses enseignements. , a-t-il fait valoir dimanche.    Le Monde avec AFP      S\u2019abonner   Contribuer R\u00e9utiliser ce contenu\" \/>\n<meta name=\"robots\" content=\"noindex, follow, max-snippet:-1, max-image-preview:large, max-video-preview:-1\" \/>\n<meta property=\"og:locale\" content=\"fr_FR\" \/>\n<meta property=\"og:type\" content=\"article\" \/>\n<meta property=\"og:title\" content=\"Le dala\u00ef-lama f\u00eate ses 90\u00a0ans en exil, en priant pour la paix - vof-news.eu\" \/>\n<meta property=\"og:description\" content=\"Le dala\u00ef-lama a f\u00eat\u00e9 ses 90\u00a0ans, dimanche 6\u00a0juillet, avec une pri\u00e8re en faveur de la paix, au terme d\u2019une semaine de c\u00e9l\u00e9brations dans les contreforts de l\u2019Himalaya indien, o\u00f9 il vit en exil. , a d\u00e9clar\u00e9 dans un message celui qui, la veille, faisait part de son r\u00eave de vivre . Drap\u00e9 dans sa robe bordeaux et son \u00e9charpe jaune, le chef spirituel des Tib\u00e9tains a adress\u00e9 un sourire \u00e0 des milliers de fid\u00e8les avant le d\u00e9but des pri\u00e8res. Les psalmodies des moines bouddhistes ont r\u00e9sonn\u00e9 depuis le monast\u00e8re de McLeod Ganj, dans le nord de l\u2019Inde, o\u00f9 le dala\u00ef-lama passe l\u2019essentiel de son temps depuis sa fuite de la r\u00e9pression chinoise de 1959 \u00e0 Lhassa, au Tibet. Au fil des c\u00e9l\u00e9brations qui se sont \u00e9tal\u00e9es toute la semaine, Tenzin Gyatso (de son nom d\u2019\u00e9tat civil) n\u2019a pu \u00e9viter le lourd sujet de l\u2019apr\u00e8s, alors que la Chine exige de pouvoir approuver le nom de son successeur. Extr\u00eamement attendu sur la question, il avait affirm\u00e9 mercredi que l\u2019institution serait , d\u00e9clenchant aussit\u00f4t une r\u00e9action ferme de P\u00e9kin, soulignant que tout successeur devait \u00eatre .   L\u2019actuel dala\u00ef-lama a assur\u00e9 de son c\u00f4t\u00e9 que celui qui lui succ\u00e9dera sera . La responsabilit\u00e9 de d\u00e9signer un successeur , affirmait-il. . \u00ab\u00a0Symbole durable d\u2019amour, de compassion\u00a0\u00bb N\u00e9 le 6\u00a0juillet\u00a01935, Tenzin Gyatso est devenu d\u00e8s l\u2019\u00e2ge de 2\u00a0ans le quatorzi\u00e8me chef spirituel et politique des Tib\u00e9tains, d\u00fbment identifi\u00e9 par la tradition bouddhiste comme la r\u00e9incarnation de son pr\u00e9d\u00e9cesseur. Consid\u00e9r\u00e9 comme un dangereux s\u00e9paratiste par P\u00e9kin, le laur\u00e9at du prix Nobel de la paix en\u00a01989 incarne dans le monde entier le combat pour la libert\u00e9 du Tibet.   Ce vaste territoire himalayen, d\u2019une taille comparable \u00e0 celle de l\u2019Afrique du Sud, a \u00e9t\u00e9 envahi en\u00a01950 par les troupes chinoises, qui en ont fait une province de Chine. Tenzin Gyatso n\u2019y a jamais remis les pieds depuis son exil en Inde. Le chef spirituel a re\u00e7u dimanche les v\u0153ux du premier ministre du pays qui l\u2019h\u00e9berge. , a d\u00e9clar\u00e9 Narendra Modi dans un communiqu\u00e9. , a-t-il ajout\u00e9, lui souhaitant une . Le chef de la diplomatie am\u00e9ricaine, Marco Rubio, a assur\u00e9 dans un communiqu\u00e9 que Washington \u00e9tait . D\u2019autres personnalit\u00e9s, comme les anciens pr\u00e9sidents des Etats-Unis Barack Obama, Bill Clinton et George W. Bush, ou l\u2019acteur Richard Gere, un soutien de longue date de sa cause, ont aussi salu\u00e9 l\u2019\u0153uvre du dala\u00ef-lama. L\u2019anniversaire du dala\u00ef-lama marque l\u2019aboutissement d\u2019une semaine enti\u00e8re de c\u00e9l\u00e9brations en l\u2019honneur de l\u2019un des dirigeants religieux les plus populaires au monde, appr\u00e9ci\u00e9 pour son humour et ses enseignements. , a-t-il fait valoir dimanche.    Le Monde avec AFP      S\u2019abonner   Contribuer R\u00e9utiliser ce contenu\" \/>\n<meta property=\"og:url\" content=\"https:\/\/vof-news.eu\/fr\/le-dalai-lama-fete-ses-90-ans-en-exil-en-priant-pour-la-paix\/\" \/>\n<meta property=\"og:site_name\" content=\"vof-news.eu\" \/>\n<meta property=\"article:published_time\" content=\"2025-07-06T08:30:11+00:00\" \/>\n<meta property=\"article:modified_time\" content=\"2025-07-06T08:30:39+00:00\" \/>\n<meta property=\"og:image\" content=\"https:\/\/vof-news.eu\/wp-content\/uploads\/2025\/07\/e7d5c82_ftp-import-images-1-i6nniueyy7x6-5333482-01-06.jpg\" \/>\n\t<meta property=\"og:image:width\" content=\"664\" \/>\n\t<meta property=\"og:image:height\" content=\"443\" \/>\n\t<meta property=\"og:image:type\" content=\"image\/jpeg\" \/>\n<meta name=\"author\" content=\"Author\" \/>\n<meta name=\"twitter:card\" content=\"summary_large_image\" \/>\n<meta name=\"twitter:label1\" content=\"\u00c9crit par\" \/>\n\t<meta name=\"twitter:data1\" content=\"Author\" \/>\n\t<meta name=\"twitter:label2\" content=\"Dur\u00e9e de lecture estim\u00e9e\" \/>\n\t<meta name=\"twitter:data2\" content=\"2 minutes\" \/>\n<script type=\"application\/ld+json\" class=\"yoast-schema-graph\">{\"@context\":\"https:\/\/schema.org\",\"@graph\":[{\"@type\":\"WebPage\",\"@id\":\"https:\/\/vof-news.eu\/fr\/le-dalai-lama-fete-ses-90-ans-en-exil-en-priant-pour-la-paix\/\",\"url\":\"https:\/\/vof-news.eu\/fr\/le-dalai-lama-fete-ses-90-ans-en-exil-en-priant-pour-la-paix\/\",\"name\":\"Le dala\u00ef-lama f\u00eate ses 90\u00a0ans en exil, en priant pour la paix - vof-news.eu\",\"isPartOf\":{\"@id\":\"https:\/\/vof-news.eu\/fr\/#website\"},\"primaryImageOfPage\":{\"@id\":\"https:\/\/vof-news.eu\/fr\/le-dalai-lama-fete-ses-90-ans-en-exil-en-priant-pour-la-paix\/#primaryimage\"},\"image\":{\"@id\":\"https:\/\/vof-news.eu\/fr\/le-dalai-lama-fete-ses-90-ans-en-exil-en-priant-pour-la-paix\/#primaryimage\"},\"thumbnailUrl\":\"https:\/\/vof-news.eu\/wp-content\/uploads\/2025\/07\/e7d5c82_ftp-import-images-1-i6nniueyy7x6-5333482-01-06.jpg\",\"datePublished\":\"2025-07-06T08:30:11+00:00\",\"dateModified\":\"2025-07-06T08:30:39+00:00\",\"author\":{\"@id\":\"https:\/\/vof-news.eu\/fr\/#\/schema\/person\/f6a2a4309f0561835797fd8c19b333ed\"},\"description\":\"Le dala\u00ef-lama a f\u00eat\u00e9 ses 90\u00a0ans, dimanche 6\u00a0juillet, avec une pri\u00e8re en faveur de la paix, au terme d\u2019une semaine de c\u00e9l\u00e9brations dans les contreforts de l\u2019Himalaya indien, o\u00f9 il vit en exil. , a d\u00e9clar\u00e9 dans un message celui qui, la veille, faisait part de son r\u00eave de vivre . Drap\u00e9 dans sa robe bordeaux et son \u00e9charpe jaune, le chef spirituel des Tib\u00e9tains a adress\u00e9 un sourire \u00e0 des milliers de fid\u00e8les avant le d\u00e9but des pri\u00e8res. Les psalmodies des moines bouddhistes ont r\u00e9sonn\u00e9 depuis le monast\u00e8re de McLeod Ganj, dans le nord de l\u2019Inde, o\u00f9 le dala\u00ef-lama passe l\u2019essentiel de son temps depuis sa fuite de la r\u00e9pression chinoise de 1959 \u00e0 Lhassa, au Tibet. Au fil des c\u00e9l\u00e9brations qui se sont \u00e9tal\u00e9es toute la semaine, Tenzin Gyatso (de son nom d\u2019\u00e9tat civil) n\u2019a pu \u00e9viter le lourd sujet de l\u2019apr\u00e8s, alors que la Chine exige de pouvoir approuver le nom de son successeur. Extr\u00eamement attendu sur la question, il avait affirm\u00e9 mercredi que l\u2019institution serait , d\u00e9clenchant aussit\u00f4t une r\u00e9action ferme de P\u00e9kin, soulignant que tout successeur devait \u00eatre . L\u2019actuel dala\u00ef-lama a assur\u00e9 de son c\u00f4t\u00e9 que celui qui lui succ\u00e9dera sera . La responsabilit\u00e9 de d\u00e9signer un successeur , affirmait-il. . \u00ab\u00a0Symbole durable d\u2019amour, de compassion\u00a0\u00bb N\u00e9 le 6\u00a0juillet\u00a01935, Tenzin Gyatso est devenu d\u00e8s l\u2019\u00e2ge de 2\u00a0ans le quatorzi\u00e8me chef spirituel et politique des Tib\u00e9tains, d\u00fbment identifi\u00e9 par la tradition bouddhiste comme la r\u00e9incarnation de son pr\u00e9d\u00e9cesseur. Consid\u00e9r\u00e9 comme un dangereux s\u00e9paratiste par P\u00e9kin, le laur\u00e9at du prix Nobel de la paix en\u00a01989 incarne dans le monde entier le combat pour la libert\u00e9 du Tibet. Ce vaste territoire himalayen, d\u2019une taille comparable \u00e0 celle de l\u2019Afrique du Sud, a \u00e9t\u00e9 envahi en\u00a01950 par les troupes chinoises, qui en ont fait une province de Chine. Tenzin Gyatso n\u2019y a jamais remis les pieds depuis son exil en Inde. Le chef spirituel a re\u00e7u dimanche les v\u0153ux du premier ministre du pays qui l\u2019h\u00e9berge. , a d\u00e9clar\u00e9 Narendra Modi dans un communiqu\u00e9. , a-t-il ajout\u00e9, lui souhaitant une . Le chef de la diplomatie am\u00e9ricaine, Marco Rubio, a assur\u00e9 dans un communiqu\u00e9 que Washington \u00e9tait . D\u2019autres personnalit\u00e9s, comme les anciens pr\u00e9sidents des Etats-Unis Barack Obama, Bill Clinton et George W. Bush, ou l\u2019acteur Richard Gere, un soutien de longue date de sa cause, ont aussi salu\u00e9 l\u2019\u0153uvre du dala\u00ef-lama. L\u2019anniversaire du dala\u00ef-lama marque l\u2019aboutissement d\u2019une semaine enti\u00e8re de c\u00e9l\u00e9brations en l\u2019honneur de l\u2019un des dirigeants religieux les plus populaires au monde, appr\u00e9ci\u00e9 pour son humour et ses enseignements. , a-t-il fait valoir dimanche. Le Monde avec AFP S\u2019abonner Contribuer R\u00e9utiliser ce contenu\",\"breadcrumb\":{\"@id\":\"https:\/\/vof-news.eu\/fr\/le-dalai-lama-fete-ses-90-ans-en-exil-en-priant-pour-la-paix\/#breadcrumb\"},\"inLanguage\":\"fr-FR\",\"potentialAction\":[{\"@type\":\"ReadAction\",\"target\":[\"https:\/\/vof-news.eu\/fr\/le-dalai-lama-fete-ses-90-ans-en-exil-en-priant-pour-la-paix\/\"]}]},{\"@type\":\"ImageObject\",\"inLanguage\":\"fr-FR\",\"@id\":\"https:\/\/vof-news.eu\/fr\/le-dalai-lama-fete-ses-90-ans-en-exil-en-priant-pour-la-paix\/#primaryimage\",\"url\":\"https:\/\/vof-news.eu\/wp-content\/uploads\/2025\/07\/e7d5c82_ftp-import-images-1-i6nniueyy7x6-5333482-01-06.jpg\",\"contentUrl\":\"https:\/\/vof-news.eu\/wp-content\/uploads\/2025\/07\/e7d5c82_ftp-import-images-1-i6nniueyy7x6-5333482-01-06.jpg\",\"width\":664,\"height\":443},{\"@type\":\"BreadcrumbList\",\"@id\":\"https:\/\/vof-news.eu\/fr\/le-dalai-lama-fete-ses-90-ans-en-exil-en-priant-pour-la-paix\/#breadcrumb\",\"itemListElement\":[{\"@type\":\"ListItem\",\"position\":1,\"name\":\"Home\",\"item\":\"https:\/\/vof-news.eu\/fr\/\"},{\"@type\":\"ListItem\",\"position\":2,\"name\":\"Le dala\u00ef-lama f\u00eate ses 90\u00a0ans en exil, en priant pour la paix\"}]},{\"@type\":\"WebSite\",\"@id\":\"https:\/\/vof-news.eu\/fr\/#website\",\"url\":\"https:\/\/vof-news.eu\/fr\/\",\"name\":\"vof-news.eu\",\"description\":\"\",\"potentialAction\":[{\"@type\":\"SearchAction\",\"target\":{\"@type\":\"EntryPoint\",\"urlTemplate\":\"https:\/\/vof-news.eu\/fr\/?s={search_term_string}\"},\"query-input\":\"required name=search_term_string\"}],\"inLanguage\":\"fr-FR\"},{\"@type\":\"Person\",\"@id\":\"https:\/\/vof-news.eu\/fr\/#\/schema\/person\/f6a2a4309f0561835797fd8c19b333ed\",\"name\":\"Author\",\"image\":{\"@type\":\"ImageObject\",\"inLanguage\":\"fr-FR\",\"@id\":\"https:\/\/vof-news.eu\/fr\/#\/schema\/person\/image\/\",\"url\":\"https:\/\/secure.gravatar.com\/avatar\/b67e614b1b25b3e9c0c239efdd2fde5ab015b5affd6f1c3c85911ca4b384e790?s=96&d=mm&r=g\",\"contentUrl\":\"https:\/\/secure.gravatar.com\/avatar\/b67e614b1b25b3e9c0c239efdd2fde5ab015b5affd6f1c3c85911ca4b384e790?s=96&d=mm&r=g\",\"caption\":\"Author\"},\"sameAs\":[\"http:\/\/vof-news.eu\"],\"url\":\"https:\/\/vof-news.eu\/fr\/author\/zwt6qxnjulxbnyg\/\"}]}<\/script>\n<!-- \/ Yoast SEO plugin. -->","yoast_head_json":{"title":"Le dala\u00ef-lama f\u00eate ses 90\u00a0ans en exil, en priant pour la paix - vof-news.eu","description":"Le dala\u00ef-lama a f\u00eat\u00e9 ses 90\u00a0ans, dimanche 6\u00a0juillet, avec une pri\u00e8re en faveur de la paix, au terme d\u2019une semaine de c\u00e9l\u00e9brations dans les contreforts de l\u2019Himalaya indien, o\u00f9 il vit en exil. , a d\u00e9clar\u00e9 dans un message celui qui, la veille, faisait part de son r\u00eave de vivre . Drap\u00e9 dans sa robe bordeaux et son \u00e9charpe jaune, le chef spirituel des Tib\u00e9tains a adress\u00e9 un sourire \u00e0 des milliers de fid\u00e8les avant le d\u00e9but des pri\u00e8res. Les psalmodies des moines bouddhistes ont r\u00e9sonn\u00e9 depuis le monast\u00e8re de McLeod Ganj, dans le nord de l\u2019Inde, o\u00f9 le dala\u00ef-lama passe l\u2019essentiel de son temps depuis sa fuite de la r\u00e9pression chinoise de 1959 \u00e0 Lhassa, au Tibet. Au fil des c\u00e9l\u00e9brations qui se sont \u00e9tal\u00e9es toute la semaine, Tenzin Gyatso (de son nom d\u2019\u00e9tat civil) n\u2019a pu \u00e9viter le lourd sujet de l\u2019apr\u00e8s, alors que la Chine exige de pouvoir approuver le nom de son successeur. Extr\u00eamement attendu sur la question, il avait affirm\u00e9 mercredi que l\u2019institution serait , d\u00e9clenchant aussit\u00f4t une r\u00e9action ferme de P\u00e9kin, soulignant que tout successeur devait \u00eatre .   L\u2019actuel dala\u00ef-lama a assur\u00e9 de son c\u00f4t\u00e9 que celui qui lui succ\u00e9dera sera . La responsabilit\u00e9 de d\u00e9signer un successeur , affirmait-il. . \u00ab\u00a0Symbole durable d\u2019amour, de compassion\u00a0\u00bb N\u00e9 le 6\u00a0juillet\u00a01935, Tenzin Gyatso est devenu d\u00e8s l\u2019\u00e2ge de 2\u00a0ans le quatorzi\u00e8me chef spirituel et politique des Tib\u00e9tains, d\u00fbment identifi\u00e9 par la tradition bouddhiste comme la r\u00e9incarnation de son pr\u00e9d\u00e9cesseur. Consid\u00e9r\u00e9 comme un dangereux s\u00e9paratiste par P\u00e9kin, le laur\u00e9at du prix Nobel de la paix en\u00a01989 incarne dans le monde entier le combat pour la libert\u00e9 du Tibet.   Ce vaste territoire himalayen, d\u2019une taille comparable \u00e0 celle de l\u2019Afrique du Sud, a \u00e9t\u00e9 envahi en\u00a01950 par les troupes chinoises, qui en ont fait une province de Chine. Tenzin Gyatso n\u2019y a jamais remis les pieds depuis son exil en Inde. Le chef spirituel a re\u00e7u dimanche les v\u0153ux du premier ministre du pays qui l\u2019h\u00e9berge. , a d\u00e9clar\u00e9 Narendra Modi dans un communiqu\u00e9. , a-t-il ajout\u00e9, lui souhaitant une . Le chef de la diplomatie am\u00e9ricaine, Marco Rubio, a assur\u00e9 dans un communiqu\u00e9 que Washington \u00e9tait . D\u2019autres personnalit\u00e9s, comme les anciens pr\u00e9sidents des Etats-Unis Barack Obama, Bill Clinton et George W. Bush, ou l\u2019acteur Richard Gere, un soutien de longue date de sa cause, ont aussi salu\u00e9 l\u2019\u0153uvre du dala\u00ef-lama. L\u2019anniversaire du dala\u00ef-lama marque l\u2019aboutissement d\u2019une semaine enti\u00e8re de c\u00e9l\u00e9brations en l\u2019honneur de l\u2019un des dirigeants religieux les plus populaires au monde, appr\u00e9ci\u00e9 pour son humour et ses enseignements. , a-t-il fait valoir dimanche.    Le Monde avec AFP      S\u2019abonner   Contribuer R\u00e9utiliser ce contenu","robots":{"index":"noindex","follow":"follow","max-snippet":"max-snippet:-1","max-image-preview":"max-image-preview:large","max-video-preview":"max-video-preview:-1"},"og_locale":"fr_FR","og_type":"article","og_title":"Le dala\u00ef-lama f\u00eate ses 90\u00a0ans en exil, en priant pour la paix - vof-news.eu","og_description":"Le dala\u00ef-lama a f\u00eat\u00e9 ses 90\u00a0ans, dimanche 6\u00a0juillet, avec une pri\u00e8re en faveur de la paix, au terme d\u2019une semaine de c\u00e9l\u00e9brations dans les contreforts de l\u2019Himalaya indien, o\u00f9 il vit en exil. , a d\u00e9clar\u00e9 dans un message celui qui, la veille, faisait part de son r\u00eave de vivre . Drap\u00e9 dans sa robe bordeaux et son \u00e9charpe jaune, le chef spirituel des Tib\u00e9tains a adress\u00e9 un sourire \u00e0 des milliers de fid\u00e8les avant le d\u00e9but des pri\u00e8res. Les psalmodies des moines bouddhistes ont r\u00e9sonn\u00e9 depuis le monast\u00e8re de McLeod Ganj, dans le nord de l\u2019Inde, o\u00f9 le dala\u00ef-lama passe l\u2019essentiel de son temps depuis sa fuite de la r\u00e9pression chinoise de 1959 \u00e0 Lhassa, au Tibet. Au fil des c\u00e9l\u00e9brations qui se sont \u00e9tal\u00e9es toute la semaine, Tenzin Gyatso (de son nom d\u2019\u00e9tat civil) n\u2019a pu \u00e9viter le lourd sujet de l\u2019apr\u00e8s, alors que la Chine exige de pouvoir approuver le nom de son successeur. Extr\u00eamement attendu sur la question, il avait affirm\u00e9 mercredi que l\u2019institution serait , d\u00e9clenchant aussit\u00f4t une r\u00e9action ferme de P\u00e9kin, soulignant que tout successeur devait \u00eatre .   L\u2019actuel dala\u00ef-lama a assur\u00e9 de son c\u00f4t\u00e9 que celui qui lui succ\u00e9dera sera . La responsabilit\u00e9 de d\u00e9signer un successeur , affirmait-il. . \u00ab\u00a0Symbole durable d\u2019amour, de compassion\u00a0\u00bb N\u00e9 le 6\u00a0juillet\u00a01935, Tenzin Gyatso est devenu d\u00e8s l\u2019\u00e2ge de 2\u00a0ans le quatorzi\u00e8me chef spirituel et politique des Tib\u00e9tains, d\u00fbment identifi\u00e9 par la tradition bouddhiste comme la r\u00e9incarnation de son pr\u00e9d\u00e9cesseur. Consid\u00e9r\u00e9 comme un dangereux s\u00e9paratiste par P\u00e9kin, le laur\u00e9at du prix Nobel de la paix en\u00a01989 incarne dans le monde entier le combat pour la libert\u00e9 du Tibet.   Ce vaste territoire himalayen, d\u2019une taille comparable \u00e0 celle de l\u2019Afrique du Sud, a \u00e9t\u00e9 envahi en\u00a01950 par les troupes chinoises, qui en ont fait une province de Chine. Tenzin Gyatso n\u2019y a jamais remis les pieds depuis son exil en Inde. Le chef spirituel a re\u00e7u dimanche les v\u0153ux du premier ministre du pays qui l\u2019h\u00e9berge. , a d\u00e9clar\u00e9 Narendra Modi dans un communiqu\u00e9. , a-t-il ajout\u00e9, lui souhaitant une . Le chef de la diplomatie am\u00e9ricaine, Marco Rubio, a assur\u00e9 dans un communiqu\u00e9 que Washington \u00e9tait . D\u2019autres personnalit\u00e9s, comme les anciens pr\u00e9sidents des Etats-Unis Barack Obama, Bill Clinton et George W. Bush, ou l\u2019acteur Richard Gere, un soutien de longue date de sa cause, ont aussi salu\u00e9 l\u2019\u0153uvre du dala\u00ef-lama. L\u2019anniversaire du dala\u00ef-lama marque l\u2019aboutissement d\u2019une semaine enti\u00e8re de c\u00e9l\u00e9brations en l\u2019honneur de l\u2019un des dirigeants religieux les plus populaires au monde, appr\u00e9ci\u00e9 pour son humour et ses enseignements. , a-t-il fait valoir dimanche.    Le Monde avec AFP      S\u2019abonner   Contribuer R\u00e9utiliser ce contenu","og_url":"https:\/\/vof-news.eu\/fr\/le-dalai-lama-fete-ses-90-ans-en-exil-en-priant-pour-la-paix\/","og_site_name":"vof-news.eu","article_published_time":"2025-07-06T08:30:11+00:00","article_modified_time":"2025-07-06T08:30:39+00:00","og_image":[{"width":664,"height":443,"url":"https:\/\/vof-news.eu\/wp-content\/uploads\/2025\/07\/e7d5c82_ftp-import-images-1-i6nniueyy7x6-5333482-01-06.jpg","type":"image\/jpeg"}],"author":"Author","twitter_card":"summary_large_image","twitter_misc":{"\u00c9crit par":"Author","Dur\u00e9e de lecture estim\u00e9e":"2 minutes"},"schema":{"@context":"https:\/\/schema.org","@graph":[{"@type":"WebPage","@id":"https:\/\/vof-news.eu\/fr\/le-dalai-lama-fete-ses-90-ans-en-exil-en-priant-pour-la-paix\/","url":"https:\/\/vof-news.eu\/fr\/le-dalai-lama-fete-ses-90-ans-en-exil-en-priant-pour-la-paix\/","name":"Le dala\u00ef-lama f\u00eate ses 90\u00a0ans en exil, en priant pour la paix - vof-news.eu","isPartOf":{"@id":"https:\/\/vof-news.eu\/fr\/#website"},"primaryImageOfPage":{"@id":"https:\/\/vof-news.eu\/fr\/le-dalai-lama-fete-ses-90-ans-en-exil-en-priant-pour-la-paix\/#primaryimage"},"image":{"@id":"https:\/\/vof-news.eu\/fr\/le-dalai-lama-fete-ses-90-ans-en-exil-en-priant-pour-la-paix\/#primaryimage"},"thumbnailUrl":"https:\/\/vof-news.eu\/wp-content\/uploads\/2025\/07\/e7d5c82_ftp-import-images-1-i6nniueyy7x6-5333482-01-06.jpg","datePublished":"2025-07-06T08:30:11+00:00","dateModified":"2025-07-06T08:30:39+00:00","author":{"@id":"https:\/\/vof-news.eu\/fr\/#\/schema\/person\/f6a2a4309f0561835797fd8c19b333ed"},"description":"Le dala\u00ef-lama a f\u00eat\u00e9 ses 90\u00a0ans, dimanche 6\u00a0juillet, avec une pri\u00e8re en faveur de la paix, au terme d\u2019une semaine de c\u00e9l\u00e9brations dans les contreforts de l\u2019Himalaya indien, o\u00f9 il vit en exil. , a d\u00e9clar\u00e9 dans un message celui qui, la veille, faisait part de son r\u00eave de vivre . Drap\u00e9 dans sa robe bordeaux et son \u00e9charpe jaune, le chef spirituel des Tib\u00e9tains a adress\u00e9 un sourire \u00e0 des milliers de fid\u00e8les avant le d\u00e9but des pri\u00e8res. Les psalmodies des moines bouddhistes ont r\u00e9sonn\u00e9 depuis le monast\u00e8re de McLeod Ganj, dans le nord de l\u2019Inde, o\u00f9 le dala\u00ef-lama passe l\u2019essentiel de son temps depuis sa fuite de la r\u00e9pression chinoise de 1959 \u00e0 Lhassa, au Tibet. Au fil des c\u00e9l\u00e9brations qui se sont \u00e9tal\u00e9es toute la semaine, Tenzin Gyatso (de son nom d\u2019\u00e9tat civil) n\u2019a pu \u00e9viter le lourd sujet de l\u2019apr\u00e8s, alors que la Chine exige de pouvoir approuver le nom de son successeur. Extr\u00eamement attendu sur la question, il avait affirm\u00e9 mercredi que l\u2019institution serait , d\u00e9clenchant aussit\u00f4t une r\u00e9action ferme de P\u00e9kin, soulignant que tout successeur devait \u00eatre . L\u2019actuel dala\u00ef-lama a assur\u00e9 de son c\u00f4t\u00e9 que celui qui lui succ\u00e9dera sera . La responsabilit\u00e9 de d\u00e9signer un successeur , affirmait-il. . \u00ab\u00a0Symbole durable d\u2019amour, de compassion\u00a0\u00bb N\u00e9 le 6\u00a0juillet\u00a01935, Tenzin Gyatso est devenu d\u00e8s l\u2019\u00e2ge de 2\u00a0ans le quatorzi\u00e8me chef spirituel et politique des Tib\u00e9tains, d\u00fbment identifi\u00e9 par la tradition bouddhiste comme la r\u00e9incarnation de son pr\u00e9d\u00e9cesseur. Consid\u00e9r\u00e9 comme un dangereux s\u00e9paratiste par P\u00e9kin, le laur\u00e9at du prix Nobel de la paix en\u00a01989 incarne dans le monde entier le combat pour la libert\u00e9 du Tibet. Ce vaste territoire himalayen, d\u2019une taille comparable \u00e0 celle de l\u2019Afrique du Sud, a \u00e9t\u00e9 envahi en\u00a01950 par les troupes chinoises, qui en ont fait une province de Chine. Tenzin Gyatso n\u2019y a jamais remis les pieds depuis son exil en Inde. Le chef spirituel a re\u00e7u dimanche les v\u0153ux du premier ministre du pays qui l\u2019h\u00e9berge. , a d\u00e9clar\u00e9 Narendra Modi dans un communiqu\u00e9. , a-t-il ajout\u00e9, lui souhaitant une . Le chef de la diplomatie am\u00e9ricaine, Marco Rubio, a assur\u00e9 dans un communiqu\u00e9 que Washington \u00e9tait . D\u2019autres personnalit\u00e9s, comme les anciens pr\u00e9sidents des Etats-Unis Barack Obama, Bill Clinton et George W. Bush, ou l\u2019acteur Richard Gere, un soutien de longue date de sa cause, ont aussi salu\u00e9 l\u2019\u0153uvre du dala\u00ef-lama. L\u2019anniversaire du dala\u00ef-lama marque l\u2019aboutissement d\u2019une semaine enti\u00e8re de c\u00e9l\u00e9brations en l\u2019honneur de l\u2019un des dirigeants religieux les plus populaires au monde, appr\u00e9ci\u00e9 pour son humour et ses enseignements. , a-t-il fait valoir dimanche. Le Monde avec AFP S\u2019abonner Contribuer R\u00e9utiliser ce contenu","breadcrumb":{"@id":"https:\/\/vof-news.eu\/fr\/le-dalai-lama-fete-ses-90-ans-en-exil-en-priant-pour-la-paix\/#breadcrumb"},"inLanguage":"fr-FR","potentialAction":[{"@type":"ReadAction","target":["https:\/\/vof-news.eu\/fr\/le-dalai-lama-fete-ses-90-ans-en-exil-en-priant-pour-la-paix\/"]}]},{"@type":"ImageObject","inLanguage":"fr-FR","@id":"https:\/\/vof-news.eu\/fr\/le-dalai-lama-fete-ses-90-ans-en-exil-en-priant-pour-la-paix\/#primaryimage","url":"https:\/\/vof-news.eu\/wp-content\/uploads\/2025\/07\/e7d5c82_ftp-import-images-1-i6nniueyy7x6-5333482-01-06.jpg","contentUrl":"https:\/\/vof-news.eu\/wp-content\/uploads\/2025\/07\/e7d5c82_ftp-import-images-1-i6nniueyy7x6-5333482-01-06.jpg","width":664,"height":443},{"@type":"BreadcrumbList","@id":"https:\/\/vof-news.eu\/fr\/le-dalai-lama-fete-ses-90-ans-en-exil-en-priant-pour-la-paix\/#breadcrumb","itemListElement":[{"@type":"ListItem","position":1,"name":"Home","item":"https:\/\/vof-news.eu\/fr\/"},{"@type":"ListItem","position":2,"name":"Le dala\u00ef-lama f\u00eate ses 90\u00a0ans en exil, en priant pour la paix"}]},{"@type":"WebSite","@id":"https:\/\/vof-news.eu\/fr\/#website","url":"https:\/\/vof-news.eu\/fr\/","name":"vof-news.eu","description":"","potentialAction":[{"@type":"SearchAction","target":{"@type":"EntryPoint","urlTemplate":"https:\/\/vof-news.eu\/fr\/?s={search_term_string}"},"query-input":"required name=search_term_string"}],"inLanguage":"fr-FR"},{"@type":"Person","@id":"https:\/\/vof-news.eu\/fr\/#\/schema\/person\/f6a2a4309f0561835797fd8c19b333ed","name":"Author","image":{"@type":"ImageObject","inLanguage":"fr-FR","@id":"https:\/\/vof-news.eu\/fr\/#\/schema\/person\/image\/","url":"https:\/\/secure.gravatar.com\/avatar\/b67e614b1b25b3e9c0c239efdd2fde5ab015b5affd6f1c3c85911ca4b384e790?s=96&d=mm&r=g","contentUrl":"https:\/\/secure.gravatar.com\/avatar\/b67e614b1b25b3e9c0c239efdd2fde5ab015b5affd6f1c3c85911ca4b384e790?s=96&d=mm&r=g","caption":"Author"},"sameAs":["http:\/\/vof-news.eu"],"url":"https:\/\/vof-news.eu\/fr\/author\/zwt6qxnjulxbnyg\/"}]}},"yoast_meta":{"yoast_wpseo_title":"","yoast_wpseo_metadesc":"","yoast_wpseo_canonical":""},"_links":{"self":[{"href":"https:\/\/vof-news.eu\/fr\/wp-json\/wp\/v2\/posts\/248126","targetHints":{"allow":["GET"]}}],"collection":[{"href":"https:\/\/vof-news.eu\/fr\/wp-json\/wp\/v2\/posts"}],"about":[{"href":"https:\/\/vof-news.eu\/fr\/wp-json\/wp\/v2\/types\/post"}],"author":[{"embeddable":true,"href":"https:\/\/vof-news.eu\/fr\/wp-json\/wp\/v2\/users\/1"}],"replies":[{"embeddable":true,"href":"https:\/\/vof-news.eu\/fr\/wp-json\/wp\/v2\/comments?post=248126"}],"version-history":[{"count":1,"href":"https:\/\/vof-news.eu\/fr\/wp-json\/wp\/v2\/posts\/248126\/revisions"}],"predecessor-version":[{"id":248133,"href":"https:\/\/vof-news.eu\/fr\/wp-json\/wp\/v2\/posts\/248126\/revisions\/248133"}],"wp:featuredmedia":[{"embeddable":true,"href":"https:\/\/vof-news.eu\/fr\/wp-json\/wp\/v2\/media\/248127"}],"wp:attachment":[{"href":"https:\/\/vof-news.eu\/fr\/wp-json\/wp\/v2\/media?parent=248126"}],"wp:term":[{"taxonomy":"category","embeddable":true,"href":"https:\/\/vof-news.eu\/fr\/wp-json\/wp\/v2\/categories?post=248126"},{"taxonomy":"post_tag","embeddable":true,"href":"https:\/\/vof-news.eu\/fr\/wp-json\/wp\/v2\/tags?post=248126"}],"curies":[{"name":"wp","href":"https:\/\/api.w.org\/{rel}","templated":true}]}}