{"id":248078,"date":"2025-07-06T09:31:47","date_gmt":"2025-07-06T06:31:47","guid":{"rendered":"https:\/\/vof-news.eu\/tour-de-france-2025-le-parcours-de-la-deuxieme-etape\/"},"modified":"2025-07-06T09:32:20","modified_gmt":"2025-07-06T06:32:20","slug":"tour-de-france-2025-le-parcours-de-la-deuxieme-etape","status":"publish","type":"post","link":"https:\/\/vof-news.eu\/fr\/tour-de-france-2025-le-parcours-de-la-deuxieme-etape\/","title":{"rendered":"Tour de France 2025\u00a0: le parcours de la deuxi\u00e8me \u00e9tape"},"content":{"rendered":"<article>\n<p>Pour la deuxi\u00e8me \u00e9tape du Tour de France 2025, dimanche 6\u00a0juillet, le peloton reste dans les Hauts-de-France, en se d\u00e9pla\u00e7ant d\u2019est en ouest vers la Manche, \u00e0 travers le d\u00e9partement du Pas-de-Calais.<\/p>\n<p>Cette \u00e9tape de 209,1\u00a0kilom\u00e8tres, dont le d\u00e9part r\u00e9el sera donn\u00e9 \u00e0 12\u00a0h\u00a035, est la plus longue de la Grande Boucle cette ann\u00e9e. En chemin, les coureurs vont devoir affronter deux difficult\u00e9s de 3<sup>e<\/sup>\u00a0cat\u00e9gorie\u00a0: la c\u00f4te du Haut-Pichot (1,1\u00a0kilom\u00e8tre \u00e0 9,4\u00a0%), puis celle de Saint-Etienne-au-Mont (1\u00a0kilom\u00e8tre \u00e0 10,6\u00a0%). Ces deux courtes ascensions seront encadr\u00e9es sur le parcours par deux difficult\u00e9s de 4<sup>e<\/sup>\u00a0cat\u00e9gorie, la c\u00f4te de Cavron-Saint-Martin (1,1\u00a0kilom\u00e8tre \u00e0 5,9\u00a0%), \u00e0 mi-parcours, et la c\u00f4te d\u2019Outreau (800\u00a0m\u00e8tres \u00e0 8,8\u00a0%), dans le final, \u00e0 moins de 10\u00a0kilom\u00e8tres de l\u2019arriv\u00e9e. Cette derni\u00e8re est jug\u00e9e au sommet d\u2019une s\u00e9v\u00e8re mont\u00e9e de plus de 1\u00a0kilom\u00e8tre.<\/p>\n<p>Ce profil accident\u00e9 pourrait convenir aux puncheurs en jambes ou aux sprinteurs capables de franchir les diff\u00e9rentes bosses que propose le parcours.<\/p>\n<section>\n<p> <span><a href=\"https:\/\/www.lemonde.fr\/signataires\/service-sports\/\" rel=\"nofollow\"> <span>Service Sports<\/span><\/a><\/span> <\/p>\n<\/section>\n<section>\n<section>\n<header>   <\/header>\n<section>\n<section> <a href=\"https:\/\/abo.lemonde.fr\/?lmd_medium=BOUTONS_LMFR&amp;lmd_campaign=CONTRIBUTION_ARTICLE\" rel=\"nofollow\">S\u2019abonner<\/a> <\/section>\n<\/section>\n<section><\/section>\n<\/section>\n<p>Contribuer<\/p>\n<p> <a href=\"https:\/\/www.lemonde.fr\/syndication\/\" rel=\"nofollow\">R\u00e9utiliser ce contenu<\/a> <\/section>\n<\/article>\n","protected":false},"excerpt":{"rendered":"<p>Pour la deuxi\u00e8me \u00e9tape du Tour de France 2025, dimanche 6\u00a0juillet, le peloton reste dans les Hauts-de-France, en se d\u00e9pla\u00e7ant d\u2019est en ouest vers la Manche, \u00e0 travers le d\u00e9partement du Pas-de-Calais. Cette \u00e9tape de 209,1\u00a0kilom\u00e8tres, dont le d\u00e9part r\u00e9el sera donn\u00e9 \u00e0 12\u00a0h\u00a035, est la plus longue de la Grande Boucle cette ann\u00e9e. En<\/p>\n","protected":false},"author":1,"featured_media":248079,"comment_status":"open","ping_status":"open","sticky":false,"template":"","format":"standard","meta":{"footnotes":""},"categories":[73],"tags":[],"class_list":["post-248078","post","type-post","status-publish","format-standard","has-post-thumbnail","hentry","category-sport-fr"],"acf":[],"yoast_head":"<!-- This site is optimized with the Yoast SEO plugin v22.9 - https:\/\/yoast.com\/wordpress\/plugins\/seo\/ -->\n<title>Tour de France 2025\u00a0: le parcours de la deuxi\u00e8me \u00e9tape - vof-news.eu<\/title>\n<meta name=\"description\" content=\"Pour la deuxi\u00e8me \u00e9tape du Tour de France 2025, dimanche 6\u00a0juillet, le peloton reste dans les Hauts-de-France, en se d\u00e9pla\u00e7ant d\u2019est en ouest vers la Manche, \u00e0 travers le d\u00e9partement du Pas-de-Calais. Cette \u00e9tape de 209,1\u00a0kilom\u00e8tres, dont le d\u00e9part r\u00e9el sera donn\u00e9 \u00e0 12\u00a0h\u00a035, est la plus longue de la Grande Boucle cette ann\u00e9e. En chemin, les coureurs vont devoir affronter deux difficult\u00e9s de 3e\u00a0cat\u00e9gorie\u00a0: la c\u00f4te du Haut-Pichot (1,1\u00a0kilom\u00e8tre \u00e0 9,4\u00a0%), puis celle de Saint-Etienne-au-Mont (1\u00a0kilom\u00e8tre \u00e0 10,6\u00a0%). Ces deux courtes ascensions seront encadr\u00e9es sur le parcours par deux difficult\u00e9s de 4e\u00a0cat\u00e9gorie, la c\u00f4te de Cavron-Saint-Martin (1,1\u00a0kilom\u00e8tre \u00e0 5,9\u00a0%), \u00e0 mi-parcours, et la c\u00f4te d\u2019Outreau (800\u00a0m\u00e8tres \u00e0 8,8\u00a0%), dans le final, \u00e0 moins de 10\u00a0kilom\u00e8tres de l\u2019arriv\u00e9e. Cette derni\u00e8re est jug\u00e9e au sommet d\u2019une s\u00e9v\u00e8re mont\u00e9e de plus de 1\u00a0kilom\u00e8tre. Ce profil accident\u00e9 pourrait convenir aux puncheurs en jambes ou aux sprinteurs capables de franchir les diff\u00e9rentes bosses que propose le parcours.  Service Sports      S\u2019abonner   Contribuer R\u00e9utiliser ce contenu\" \/>\n<meta name=\"robots\" content=\"noindex, follow, max-snippet:-1, max-image-preview:large, max-video-preview:-1\" \/>\n<meta property=\"og:locale\" content=\"fr_FR\" \/>\n<meta property=\"og:type\" content=\"article\" \/>\n<meta property=\"og:title\" content=\"Tour de France 2025\u00a0: le parcours de la deuxi\u00e8me \u00e9tape - vof-news.eu\" \/>\n<meta property=\"og:description\" content=\"Pour la deuxi\u00e8me \u00e9tape du Tour de France 2025, dimanche 6\u00a0juillet, le peloton reste dans les Hauts-de-France, en se d\u00e9pla\u00e7ant d\u2019est en ouest vers la Manche, \u00e0 travers le d\u00e9partement du Pas-de-Calais. Cette \u00e9tape de 209,1\u00a0kilom\u00e8tres, dont le d\u00e9part r\u00e9el sera donn\u00e9 \u00e0 12\u00a0h\u00a035, est la plus longue de la Grande Boucle cette ann\u00e9e. En chemin, les coureurs vont devoir affronter deux difficult\u00e9s de 3e\u00a0cat\u00e9gorie\u00a0: la c\u00f4te du Haut-Pichot (1,1\u00a0kilom\u00e8tre \u00e0 9,4\u00a0%), puis celle de Saint-Etienne-au-Mont (1\u00a0kilom\u00e8tre \u00e0 10,6\u00a0%). Ces deux courtes ascensions seront encadr\u00e9es sur le parcours par deux difficult\u00e9s de 4e\u00a0cat\u00e9gorie, la c\u00f4te de Cavron-Saint-Martin (1,1\u00a0kilom\u00e8tre \u00e0 5,9\u00a0%), \u00e0 mi-parcours, et la c\u00f4te d\u2019Outreau (800\u00a0m\u00e8tres \u00e0 8,8\u00a0%), dans le final, \u00e0 moins de 10\u00a0kilom\u00e8tres de l\u2019arriv\u00e9e. Cette derni\u00e8re est jug\u00e9e au sommet d\u2019une s\u00e9v\u00e8re mont\u00e9e de plus de 1\u00a0kilom\u00e8tre. Ce profil accident\u00e9 pourrait convenir aux puncheurs en jambes ou aux sprinteurs capables de franchir les diff\u00e9rentes bosses que propose le parcours.  Service Sports      S\u2019abonner   Contribuer R\u00e9utiliser ce contenu\" \/>\n<meta property=\"og:url\" content=\"https:\/\/vof-news.eu\/fr\/tour-de-france-2025-le-parcours-de-la-deuxieme-etape\/\" \/>\n<meta property=\"og:site_name\" content=\"vof-news.eu\" \/>\n<meta property=\"article:published_time\" content=\"2025-07-06T06:31:47+00:00\" \/>\n<meta property=\"article:modified_time\" content=\"2025-07-06T06:32:20+00:00\" \/>\n<meta property=\"og:image\" content=\"https:\/\/vof-news.eu\/wp-content\/uploads\/2025\/07\/46607bf_upload-1-87z61ysn3fcs-tdf25-profil-et02-page-0001.jpg\" \/>\n\t<meta property=\"og:image:width\" content=\"664\" \/>\n\t<meta property=\"og:image:height\" content=\"522\" \/>\n\t<meta property=\"og:image:type\" content=\"image\/jpeg\" \/>\n<meta name=\"author\" content=\"Author\" \/>\n<meta name=\"twitter:card\" content=\"summary_large_image\" \/>\n<meta name=\"twitter:label1\" content=\"\u00c9crit par\" \/>\n\t<meta name=\"twitter:data1\" content=\"Author\" \/>\n\t<meta name=\"twitter:label2\" content=\"Dur\u00e9e de lecture estim\u00e9e\" \/>\n\t<meta name=\"twitter:data2\" content=\"1 minute\" \/>\n<script type=\"application\/ld+json\" class=\"yoast-schema-graph\">{\"@context\":\"https:\/\/schema.org\",\"@graph\":[{\"@type\":\"WebPage\",\"@id\":\"https:\/\/vof-news.eu\/fr\/tour-de-france-2025-le-parcours-de-la-deuxieme-etape\/\",\"url\":\"https:\/\/vof-news.eu\/fr\/tour-de-france-2025-le-parcours-de-la-deuxieme-etape\/\",\"name\":\"Tour de France 2025\u00a0: le parcours de la deuxi\u00e8me \u00e9tape - vof-news.eu\",\"isPartOf\":{\"@id\":\"https:\/\/vof-news.eu\/fr\/#website\"},\"primaryImageOfPage\":{\"@id\":\"https:\/\/vof-news.eu\/fr\/tour-de-france-2025-le-parcours-de-la-deuxieme-etape\/#primaryimage\"},\"image\":{\"@id\":\"https:\/\/vof-news.eu\/fr\/tour-de-france-2025-le-parcours-de-la-deuxieme-etape\/#primaryimage\"},\"thumbnailUrl\":\"https:\/\/vof-news.eu\/wp-content\/uploads\/2025\/07\/46607bf_upload-1-87z61ysn3fcs-tdf25-profil-et02-page-0001.jpg\",\"datePublished\":\"2025-07-06T06:31:47+00:00\",\"dateModified\":\"2025-07-06T06:32:20+00:00\",\"author\":{\"@id\":\"https:\/\/vof-news.eu\/fr\/#\/schema\/person\/f6a2a4309f0561835797fd8c19b333ed\"},\"description\":\"Pour la deuxi\u00e8me \u00e9tape du Tour de France 2025, dimanche 6\u00a0juillet, le peloton reste dans les Hauts-de-France, en se d\u00e9pla\u00e7ant d\u2019est en ouest vers la Manche, \u00e0 travers le d\u00e9partement du Pas-de-Calais. Cette \u00e9tape de 209,1\u00a0kilom\u00e8tres, dont le d\u00e9part r\u00e9el sera donn\u00e9 \u00e0 12\u00a0h\u00a035, est la plus longue de la Grande Boucle cette ann\u00e9e. En chemin, les coureurs vont devoir affronter deux difficult\u00e9s de 3e\u00a0cat\u00e9gorie\u00a0: la c\u00f4te du Haut-Pichot (1,1\u00a0kilom\u00e8tre \u00e0 9,4\u00a0%), puis celle de Saint-Etienne-au-Mont (1\u00a0kilom\u00e8tre \u00e0 10,6\u00a0%). Ces deux courtes ascensions seront encadr\u00e9es sur le parcours par deux difficult\u00e9s de 4e\u00a0cat\u00e9gorie, la c\u00f4te de Cavron-Saint-Martin (1,1\u00a0kilom\u00e8tre \u00e0 5,9\u00a0%), \u00e0 mi-parcours, et la c\u00f4te d\u2019Outreau (800\u00a0m\u00e8tres \u00e0 8,8\u00a0%), dans le final, \u00e0 moins de 10\u00a0kilom\u00e8tres de l\u2019arriv\u00e9e. Cette derni\u00e8re est jug\u00e9e au sommet d\u2019une s\u00e9v\u00e8re mont\u00e9e de plus de 1\u00a0kilom\u00e8tre. Ce profil accident\u00e9 pourrait convenir aux puncheurs en jambes ou aux sprinteurs capables de franchir les diff\u00e9rentes bosses que propose le parcours. Service Sports S\u2019abonner Contribuer R\u00e9utiliser ce contenu\",\"breadcrumb\":{\"@id\":\"https:\/\/vof-news.eu\/fr\/tour-de-france-2025-le-parcours-de-la-deuxieme-etape\/#breadcrumb\"},\"inLanguage\":\"fr-FR\",\"potentialAction\":[{\"@type\":\"ReadAction\",\"target\":[\"https:\/\/vof-news.eu\/fr\/tour-de-france-2025-le-parcours-de-la-deuxieme-etape\/\"]}]},{\"@type\":\"ImageObject\",\"inLanguage\":\"fr-FR\",\"@id\":\"https:\/\/vof-news.eu\/fr\/tour-de-france-2025-le-parcours-de-la-deuxieme-etape\/#primaryimage\",\"url\":\"https:\/\/vof-news.eu\/wp-content\/uploads\/2025\/07\/46607bf_upload-1-87z61ysn3fcs-tdf25-profil-et02-page-0001.jpg\",\"contentUrl\":\"https:\/\/vof-news.eu\/wp-content\/uploads\/2025\/07\/46607bf_upload-1-87z61ysn3fcs-tdf25-profil-et02-page-0001.jpg\",\"width\":664,\"height\":522},{\"@type\":\"BreadcrumbList\",\"@id\":\"https:\/\/vof-news.eu\/fr\/tour-de-france-2025-le-parcours-de-la-deuxieme-etape\/#breadcrumb\",\"itemListElement\":[{\"@type\":\"ListItem\",\"position\":1,\"name\":\"Home\",\"item\":\"https:\/\/vof-news.eu\/fr\/\"},{\"@type\":\"ListItem\",\"position\":2,\"name\":\"Tour de France 2025\u00a0: le parcours de la deuxi\u00e8me \u00e9tape\"}]},{\"@type\":\"WebSite\",\"@id\":\"https:\/\/vof-news.eu\/fr\/#website\",\"url\":\"https:\/\/vof-news.eu\/fr\/\",\"name\":\"vof-news.eu\",\"description\":\"\",\"potentialAction\":[{\"@type\":\"SearchAction\",\"target\":{\"@type\":\"EntryPoint\",\"urlTemplate\":\"https:\/\/vof-news.eu\/fr\/?s={search_term_string}\"},\"query-input\":\"required name=search_term_string\"}],\"inLanguage\":\"fr-FR\"},{\"@type\":\"Person\",\"@id\":\"https:\/\/vof-news.eu\/fr\/#\/schema\/person\/f6a2a4309f0561835797fd8c19b333ed\",\"name\":\"Author\",\"image\":{\"@type\":\"ImageObject\",\"inLanguage\":\"fr-FR\",\"@id\":\"https:\/\/vof-news.eu\/fr\/#\/schema\/person\/image\/\",\"url\":\"https:\/\/secure.gravatar.com\/avatar\/b67e614b1b25b3e9c0c239efdd2fde5ab015b5affd6f1c3c85911ca4b384e790?s=96&d=mm&r=g\",\"contentUrl\":\"https:\/\/secure.gravatar.com\/avatar\/b67e614b1b25b3e9c0c239efdd2fde5ab015b5affd6f1c3c85911ca4b384e790?s=96&d=mm&r=g\",\"caption\":\"Author\"},\"sameAs\":[\"http:\/\/vof-news.eu\"],\"url\":\"https:\/\/vof-news.eu\/fr\/author\/zwt6qxnjulxbnyg\/\"}]}<\/script>\n<!-- \/ Yoast SEO plugin. -->","yoast_head_json":{"title":"Tour de France 2025\u00a0: le parcours de la deuxi\u00e8me \u00e9tape - vof-news.eu","description":"Pour la deuxi\u00e8me \u00e9tape du Tour de France 2025, dimanche 6\u00a0juillet, le peloton reste dans les Hauts-de-France, en se d\u00e9pla\u00e7ant d\u2019est en ouest vers la Manche, \u00e0 travers le d\u00e9partement du Pas-de-Calais. Cette \u00e9tape de 209,1\u00a0kilom\u00e8tres, dont le d\u00e9part r\u00e9el sera donn\u00e9 \u00e0 12\u00a0h\u00a035, est la plus longue de la Grande Boucle cette ann\u00e9e. En chemin, les coureurs vont devoir affronter deux difficult\u00e9s de 3e\u00a0cat\u00e9gorie\u00a0: la c\u00f4te du Haut-Pichot (1,1\u00a0kilom\u00e8tre \u00e0 9,4\u00a0%), puis celle de Saint-Etienne-au-Mont (1\u00a0kilom\u00e8tre \u00e0 10,6\u00a0%). Ces deux courtes ascensions seront encadr\u00e9es sur le parcours par deux difficult\u00e9s de 4e\u00a0cat\u00e9gorie, la c\u00f4te de Cavron-Saint-Martin (1,1\u00a0kilom\u00e8tre \u00e0 5,9\u00a0%), \u00e0 mi-parcours, et la c\u00f4te d\u2019Outreau (800\u00a0m\u00e8tres \u00e0 8,8\u00a0%), dans le final, \u00e0 moins de 10\u00a0kilom\u00e8tres de l\u2019arriv\u00e9e. Cette derni\u00e8re est jug\u00e9e au sommet d\u2019une s\u00e9v\u00e8re mont\u00e9e de plus de 1\u00a0kilom\u00e8tre. Ce profil accident\u00e9 pourrait convenir aux puncheurs en jambes ou aux sprinteurs capables de franchir les diff\u00e9rentes bosses que propose le parcours.  Service Sports      S\u2019abonner   Contribuer R\u00e9utiliser ce contenu","robots":{"index":"noindex","follow":"follow","max-snippet":"max-snippet:-1","max-image-preview":"max-image-preview:large","max-video-preview":"max-video-preview:-1"},"og_locale":"fr_FR","og_type":"article","og_title":"Tour de France 2025\u00a0: le parcours de la deuxi\u00e8me \u00e9tape - vof-news.eu","og_description":"Pour la deuxi\u00e8me \u00e9tape du Tour de France 2025, dimanche 6\u00a0juillet, le peloton reste dans les Hauts-de-France, en se d\u00e9pla\u00e7ant d\u2019est en ouest vers la Manche, \u00e0 travers le d\u00e9partement du Pas-de-Calais. Cette \u00e9tape de 209,1\u00a0kilom\u00e8tres, dont le d\u00e9part r\u00e9el sera donn\u00e9 \u00e0 12\u00a0h\u00a035, est la plus longue de la Grande Boucle cette ann\u00e9e. En chemin, les coureurs vont devoir affronter deux difficult\u00e9s de 3e\u00a0cat\u00e9gorie\u00a0: la c\u00f4te du Haut-Pichot (1,1\u00a0kilom\u00e8tre \u00e0 9,4\u00a0%), puis celle de Saint-Etienne-au-Mont (1\u00a0kilom\u00e8tre \u00e0 10,6\u00a0%). Ces deux courtes ascensions seront encadr\u00e9es sur le parcours par deux difficult\u00e9s de 4e\u00a0cat\u00e9gorie, la c\u00f4te de Cavron-Saint-Martin (1,1\u00a0kilom\u00e8tre \u00e0 5,9\u00a0%), \u00e0 mi-parcours, et la c\u00f4te d\u2019Outreau (800\u00a0m\u00e8tres \u00e0 8,8\u00a0%), dans le final, \u00e0 moins de 10\u00a0kilom\u00e8tres de l\u2019arriv\u00e9e. Cette derni\u00e8re est jug\u00e9e au sommet d\u2019une s\u00e9v\u00e8re mont\u00e9e de plus de 1\u00a0kilom\u00e8tre. Ce profil accident\u00e9 pourrait convenir aux puncheurs en jambes ou aux sprinteurs capables de franchir les diff\u00e9rentes bosses que propose le parcours.  Service Sports      S\u2019abonner   Contribuer R\u00e9utiliser ce contenu","og_url":"https:\/\/vof-news.eu\/fr\/tour-de-france-2025-le-parcours-de-la-deuxieme-etape\/","og_site_name":"vof-news.eu","article_published_time":"2025-07-06T06:31:47+00:00","article_modified_time":"2025-07-06T06:32:20+00:00","og_image":[{"width":664,"height":522,"url":"https:\/\/vof-news.eu\/wp-content\/uploads\/2025\/07\/46607bf_upload-1-87z61ysn3fcs-tdf25-profil-et02-page-0001.jpg","type":"image\/jpeg"}],"author":"Author","twitter_card":"summary_large_image","twitter_misc":{"\u00c9crit par":"Author","Dur\u00e9e de lecture estim\u00e9e":"1 minute"},"schema":{"@context":"https:\/\/schema.org","@graph":[{"@type":"WebPage","@id":"https:\/\/vof-news.eu\/fr\/tour-de-france-2025-le-parcours-de-la-deuxieme-etape\/","url":"https:\/\/vof-news.eu\/fr\/tour-de-france-2025-le-parcours-de-la-deuxieme-etape\/","name":"Tour de France 2025\u00a0: le parcours de la deuxi\u00e8me \u00e9tape - vof-news.eu","isPartOf":{"@id":"https:\/\/vof-news.eu\/fr\/#website"},"primaryImageOfPage":{"@id":"https:\/\/vof-news.eu\/fr\/tour-de-france-2025-le-parcours-de-la-deuxieme-etape\/#primaryimage"},"image":{"@id":"https:\/\/vof-news.eu\/fr\/tour-de-france-2025-le-parcours-de-la-deuxieme-etape\/#primaryimage"},"thumbnailUrl":"https:\/\/vof-news.eu\/wp-content\/uploads\/2025\/07\/46607bf_upload-1-87z61ysn3fcs-tdf25-profil-et02-page-0001.jpg","datePublished":"2025-07-06T06:31:47+00:00","dateModified":"2025-07-06T06:32:20+00:00","author":{"@id":"https:\/\/vof-news.eu\/fr\/#\/schema\/person\/f6a2a4309f0561835797fd8c19b333ed"},"description":"Pour la deuxi\u00e8me \u00e9tape du Tour de France 2025, dimanche 6\u00a0juillet, le peloton reste dans les Hauts-de-France, en se d\u00e9pla\u00e7ant d\u2019est en ouest vers la Manche, \u00e0 travers le d\u00e9partement du Pas-de-Calais. Cette \u00e9tape de 209,1\u00a0kilom\u00e8tres, dont le d\u00e9part r\u00e9el sera donn\u00e9 \u00e0 12\u00a0h\u00a035, est la plus longue de la Grande Boucle cette ann\u00e9e. En chemin, les coureurs vont devoir affronter deux difficult\u00e9s de 3e\u00a0cat\u00e9gorie\u00a0: la c\u00f4te du Haut-Pichot (1,1\u00a0kilom\u00e8tre \u00e0 9,4\u00a0%), puis celle de Saint-Etienne-au-Mont (1\u00a0kilom\u00e8tre \u00e0 10,6\u00a0%). Ces deux courtes ascensions seront encadr\u00e9es sur le parcours par deux difficult\u00e9s de 4e\u00a0cat\u00e9gorie, la c\u00f4te de Cavron-Saint-Martin (1,1\u00a0kilom\u00e8tre \u00e0 5,9\u00a0%), \u00e0 mi-parcours, et la c\u00f4te d\u2019Outreau (800\u00a0m\u00e8tres \u00e0 8,8\u00a0%), dans le final, \u00e0 moins de 10\u00a0kilom\u00e8tres de l\u2019arriv\u00e9e. Cette derni\u00e8re est jug\u00e9e au sommet d\u2019une s\u00e9v\u00e8re mont\u00e9e de plus de 1\u00a0kilom\u00e8tre. Ce profil accident\u00e9 pourrait convenir aux puncheurs en jambes ou aux sprinteurs capables de franchir les diff\u00e9rentes bosses que propose le parcours. Service Sports S\u2019abonner Contribuer R\u00e9utiliser ce contenu","breadcrumb":{"@id":"https:\/\/vof-news.eu\/fr\/tour-de-france-2025-le-parcours-de-la-deuxieme-etape\/#breadcrumb"},"inLanguage":"fr-FR","potentialAction":[{"@type":"ReadAction","target":["https:\/\/vof-news.eu\/fr\/tour-de-france-2025-le-parcours-de-la-deuxieme-etape\/"]}]},{"@type":"ImageObject","inLanguage":"fr-FR","@id":"https:\/\/vof-news.eu\/fr\/tour-de-france-2025-le-parcours-de-la-deuxieme-etape\/#primaryimage","url":"https:\/\/vof-news.eu\/wp-content\/uploads\/2025\/07\/46607bf_upload-1-87z61ysn3fcs-tdf25-profil-et02-page-0001.jpg","contentUrl":"https:\/\/vof-news.eu\/wp-content\/uploads\/2025\/07\/46607bf_upload-1-87z61ysn3fcs-tdf25-profil-et02-page-0001.jpg","width":664,"height":522},{"@type":"BreadcrumbList","@id":"https:\/\/vof-news.eu\/fr\/tour-de-france-2025-le-parcours-de-la-deuxieme-etape\/#breadcrumb","itemListElement":[{"@type":"ListItem","position":1,"name":"Home","item":"https:\/\/vof-news.eu\/fr\/"},{"@type":"ListItem","position":2,"name":"Tour de France 2025\u00a0: le parcours de la deuxi\u00e8me \u00e9tape"}]},{"@type":"WebSite","@id":"https:\/\/vof-news.eu\/fr\/#website","url":"https:\/\/vof-news.eu\/fr\/","name":"vof-news.eu","description":"","potentialAction":[{"@type":"SearchAction","target":{"@type":"EntryPoint","urlTemplate":"https:\/\/vof-news.eu\/fr\/?s={search_term_string}"},"query-input":"required name=search_term_string"}],"inLanguage":"fr-FR"},{"@type":"Person","@id":"https:\/\/vof-news.eu\/fr\/#\/schema\/person\/f6a2a4309f0561835797fd8c19b333ed","name":"Author","image":{"@type":"ImageObject","inLanguage":"fr-FR","@id":"https:\/\/vof-news.eu\/fr\/#\/schema\/person\/image\/","url":"https:\/\/secure.gravatar.com\/avatar\/b67e614b1b25b3e9c0c239efdd2fde5ab015b5affd6f1c3c85911ca4b384e790?s=96&d=mm&r=g","contentUrl":"https:\/\/secure.gravatar.com\/avatar\/b67e614b1b25b3e9c0c239efdd2fde5ab015b5affd6f1c3c85911ca4b384e790?s=96&d=mm&r=g","caption":"Author"},"sameAs":["http:\/\/vof-news.eu"],"url":"https:\/\/vof-news.eu\/fr\/author\/zwt6qxnjulxbnyg\/"}]}},"yoast_meta":{"yoast_wpseo_title":"","yoast_wpseo_metadesc":"","yoast_wpseo_canonical":""},"_links":{"self":[{"href":"https:\/\/vof-news.eu\/fr\/wp-json\/wp\/v2\/posts\/248078","targetHints":{"allow":["GET"]}}],"collection":[{"href":"https:\/\/vof-news.eu\/fr\/wp-json\/wp\/v2\/posts"}],"about":[{"href":"https:\/\/vof-news.eu\/fr\/wp-json\/wp\/v2\/types\/post"}],"author":[{"embeddable":true,"href":"https:\/\/vof-news.eu\/fr\/wp-json\/wp\/v2\/users\/1"}],"replies":[{"embeddable":true,"href":"https:\/\/vof-news.eu\/fr\/wp-json\/wp\/v2\/comments?post=248078"}],"version-history":[{"count":1,"href":"https:\/\/vof-news.eu\/fr\/wp-json\/wp\/v2\/posts\/248078\/revisions"}],"predecessor-version":[{"id":248085,"href":"https:\/\/vof-news.eu\/fr\/wp-json\/wp\/v2\/posts\/248078\/revisions\/248085"}],"wp:featuredmedia":[{"embeddable":true,"href":"https:\/\/vof-news.eu\/fr\/wp-json\/wp\/v2\/media\/248079"}],"wp:attachment":[{"href":"https:\/\/vof-news.eu\/fr\/wp-json\/wp\/v2\/media?parent=248078"}],"wp:term":[{"taxonomy":"category","embeddable":true,"href":"https:\/\/vof-news.eu\/fr\/wp-json\/wp\/v2\/categories?post=248078"},{"taxonomy":"post_tag","embeddable":true,"href":"https:\/\/vof-news.eu\/fr\/wp-json\/wp\/v2\/tags?post=248078"}],"curies":[{"name":"wp","href":"https:\/\/api.w.org\/{rel}","templated":true}]}}