{"id":248076,"date":"2025-07-06T09:31:18","date_gmt":"2025-07-06T06:31:18","guid":{"rendered":"https:\/\/vof-news.eu\/la-transition-ecologique-doit-sinscrire-dans-le-fonctionnement-quotidien-de-ladministration-et-des-services-publics\/"},"modified":"2025-07-06T09:31:31","modified_gmt":"2025-07-06T06:31:31","slug":"la-transition-ecologique-doit-sinscrire-dans-le-fonctionnement-quotidien-de-ladministration-et-des-services-publics","status":"publish","type":"post","link":"https:\/\/vof-news.eu\/fr\/la-transition-ecologique-doit-sinscrire-dans-le-fonctionnement-quotidien-de-ladministration-et-des-services-publics\/","title":{"rendered":"\u00ab\u00a0La transition \u00e9cologique doit s\u2019inscrire dans le fonctionnement quotidien de l\u2019administration et des services publics\u00a0\u00bb"},"content":{"rendered":"<article>\n<p><span>D<\/span>epuis plusieurs ann\u00e9es, la transition \u00e9cologique suit, en France, une trajectoire h\u00e9sitante. A des d\u00e9cisions structurantes succ\u00e8dent r\u00e9guli\u00e8rement des reculs ou des ralentissements. R\u00e9cemment, la loi Climat et r\u00e9silience, la cr\u00e9ation du secr\u00e9tariat g\u00e9n\u00e9ral \u00e0 la planification \u00e9cologique en\u00a02022, le lancement du plan de transformation \u00e9cologique de l\u2019Etat se sont vus remis en cause par la suspension des zones \u00e0 faibles \u00e9missions, le d\u00e9mant\u00e8lement progressif de l\u2019objectif z\u00e9ro artificialisation nette, le moratoire sur les \u00e9nergies renouvelables et bien d\u2019autres reculs.<\/p>\n<section>   <\/section>\n<p>Cette alternance est assez famili\u00e8re des politiques publiques, presque install\u00e9e. Pourtant, dans le cadre de la transition \u00e9cologique, elle entre chaque jour davantage en contradiction avec ce que les sciences de l\u2019environnement nous indiquent et, plus encore, avec ce que la r\u00e9alit\u00e9 physique nous impose. Le climat se r\u00e9chauffe, les s\u00e9cheresses s\u2019intensifient, la perte de biodiversit\u00e9 menace notre agriculture, les in\u00e9galit\u00e9s socio-\u00e9conomiques face aux risques s\u2019aggravent. Les politiques publiques qui ne s\u2019adaptent pas sont d\u00e9j\u00e0 d\u00e9pass\u00e9es. Ce qui n\u2019avance pas sera corrig\u00e9, non par sursaut politique, mais par les effets de plus en plus visibles de l\u2019irr\u00e9versibilit\u00e9.<\/p>\n<p>Dans ce contexte, la nomination d\u2019un nouveau secr\u00e9taire g\u00e9n\u00e9ral \u00e0 la planification \u00e9cologique (Augustin Augier, le 12\u00a0juin) repr\u00e9sente une chance pour redonner du souffle \u00e0 une ambition commune. Non pas en relan\u00e7ant un \u00e9ni\u00e8me plan, mais en ancrant durablement la planification \u00e9cologique dans le fonctionnement quotidien de l\u2019administration et des services publics, sans qu\u2019elle soit tributaire des crises, qu\u2019elles soient politiques, g\u00e9opolitiques ou budg\u00e9taires. Il ne s\u2019agit plus seulement de piloter une strat\u00e9gie \u00e0 partir du centre, mais de permettre \u00e0 chaque minist\u00e8re et \u00e0 chacune de ses directions, \u00e0 chaque service d\u00e9concentr\u00e9, de s\u2019approprier ces objectifs et de les traduire dans ses pratiques.<\/p>\n<p><strong>Il vous reste 64.49% de cet article \u00e0 lire. La suite est r\u00e9serv\u00e9e aux abonn\u00e9s.<\/strong><\/p>\n<\/article>\n","protected":false},"excerpt":{"rendered":"<p>Depuis plusieurs ann\u00e9es, la transition \u00e9cologique suit, en France, une trajectoire h\u00e9sitante. A des d\u00e9cisions structurantes succ\u00e8dent r\u00e9guli\u00e8rement des reculs ou des ralentissements. R\u00e9cemment, la loi Climat et r\u00e9silience, la cr\u00e9ation du secr\u00e9tariat g\u00e9n\u00e9ral \u00e0 la planification \u00e9cologique en\u00a02022, le lancement du plan de transformation \u00e9cologique de l\u2019Etat se sont vus remis en cause par<\/p>\n","protected":false},"author":1,"featured_media":0,"comment_status":"open","ping_status":"open","sticky":false,"template":"","format":"standard","meta":{"footnotes":""},"categories":[68],"tags":[],"class_list":["post-248076","post","type-post","status-publish","format-standard","hentry","category-politics-fr"],"acf":[],"yoast_head":"<!-- This site is optimized with the Yoast SEO plugin v22.9 - https:\/\/yoast.com\/wordpress\/plugins\/seo\/ -->\n<title>\u00ab\u00a0La transition \u00e9cologique doit s\u2019inscrire dans le fonctionnement quotidien de l\u2019administration et des services publics\u00a0\u00bb - vof-news.eu<\/title>\n<meta name=\"description\" content=\"Depuis plusieurs ann\u00e9es, la transition \u00e9cologique suit, en France, une trajectoire h\u00e9sitante. A des d\u00e9cisions structurantes succ\u00e8dent r\u00e9guli\u00e8rement des reculs ou des ralentissements. R\u00e9cemment, la loi Climat et r\u00e9silience, la cr\u00e9ation du secr\u00e9tariat g\u00e9n\u00e9ral \u00e0 la planification \u00e9cologique en\u00a02022, le lancement du plan de transformation \u00e9cologique de l\u2019Etat se sont vus remis en cause par la suspension des zones \u00e0 faibles \u00e9missions, le d\u00e9mant\u00e8lement progressif de l\u2019objectif z\u00e9ro artificialisation nette, le moratoire sur les \u00e9nergies renouvelables et bien d\u2019autres reculs.   Cette alternance est assez famili\u00e8re des politiques publiques, presque install\u00e9e. Pourtant, dans le cadre de la transition \u00e9cologique, elle entre chaque jour davantage en contradiction avec ce que les sciences de l\u2019environnement nous indiquent et, plus encore, avec ce que la r\u00e9alit\u00e9 physique nous impose. Le climat se r\u00e9chauffe, les s\u00e9cheresses s\u2019intensifient, la perte de biodiversit\u00e9 menace notre agriculture, les in\u00e9galit\u00e9s socio-\u00e9conomiques face aux risques s\u2019aggravent. Les politiques publiques qui ne s\u2019adaptent pas sont d\u00e9j\u00e0 d\u00e9pass\u00e9es. Ce qui n\u2019avance pas sera corrig\u00e9, non par sursaut politique, mais par les effets de plus en plus visibles de l\u2019irr\u00e9versibilit\u00e9. Dans ce contexte, la nomination d\u2019un nouveau secr\u00e9taire g\u00e9n\u00e9ral \u00e0 la planification \u00e9cologique (Augustin Augier, le 12\u00a0juin) repr\u00e9sente une chance pour redonner du souffle \u00e0 une ambition commune. Non pas en relan\u00e7ant un \u00e9ni\u00e8me plan, mais en ancrant durablement la planification \u00e9cologique dans le fonctionnement quotidien de l\u2019administration et des services publics, sans qu\u2019elle soit tributaire des crises, qu\u2019elles soient politiques, g\u00e9opolitiques ou budg\u00e9taires. Il ne s\u2019agit plus seulement de piloter une strat\u00e9gie \u00e0 partir du centre, mais de permettre \u00e0 chaque minist\u00e8re et \u00e0 chacune de ses directions, \u00e0 chaque service d\u00e9concentr\u00e9, de s\u2019approprier ces objectifs et de les traduire dans ses pratiques. Il vous reste 64.49% de cet article \u00e0 lire. La suite est r\u00e9serv\u00e9e aux abonn\u00e9s.\" \/>\n<meta name=\"robots\" content=\"noindex, follow, max-snippet:-1, max-image-preview:large, max-video-preview:-1\" \/>\n<meta property=\"og:locale\" content=\"fr_FR\" \/>\n<meta property=\"og:type\" content=\"article\" \/>\n<meta property=\"og:title\" content=\"\u00ab\u00a0La transition \u00e9cologique doit s\u2019inscrire dans le fonctionnement quotidien de l\u2019administration et des services publics\u00a0\u00bb - vof-news.eu\" \/>\n<meta property=\"og:description\" content=\"Depuis plusieurs ann\u00e9es, la transition \u00e9cologique suit, en France, une trajectoire h\u00e9sitante. A des d\u00e9cisions structurantes succ\u00e8dent r\u00e9guli\u00e8rement des reculs ou des ralentissements. R\u00e9cemment, la loi Climat et r\u00e9silience, la cr\u00e9ation du secr\u00e9tariat g\u00e9n\u00e9ral \u00e0 la planification \u00e9cologique en\u00a02022, le lancement du plan de transformation \u00e9cologique de l\u2019Etat se sont vus remis en cause par la suspension des zones \u00e0 faibles \u00e9missions, le d\u00e9mant\u00e8lement progressif de l\u2019objectif z\u00e9ro artificialisation nette, le moratoire sur les \u00e9nergies renouvelables et bien d\u2019autres reculs.   Cette alternance est assez famili\u00e8re des politiques publiques, presque install\u00e9e. Pourtant, dans le cadre de la transition \u00e9cologique, elle entre chaque jour davantage en contradiction avec ce que les sciences de l\u2019environnement nous indiquent et, plus encore, avec ce que la r\u00e9alit\u00e9 physique nous impose. Le climat se r\u00e9chauffe, les s\u00e9cheresses s\u2019intensifient, la perte de biodiversit\u00e9 menace notre agriculture, les in\u00e9galit\u00e9s socio-\u00e9conomiques face aux risques s\u2019aggravent. Les politiques publiques qui ne s\u2019adaptent pas sont d\u00e9j\u00e0 d\u00e9pass\u00e9es. Ce qui n\u2019avance pas sera corrig\u00e9, non par sursaut politique, mais par les effets de plus en plus visibles de l\u2019irr\u00e9versibilit\u00e9. Dans ce contexte, la nomination d\u2019un nouveau secr\u00e9taire g\u00e9n\u00e9ral \u00e0 la planification \u00e9cologique (Augustin Augier, le 12\u00a0juin) repr\u00e9sente une chance pour redonner du souffle \u00e0 une ambition commune. Non pas en relan\u00e7ant un \u00e9ni\u00e8me plan, mais en ancrant durablement la planification \u00e9cologique dans le fonctionnement quotidien de l\u2019administration et des services publics, sans qu\u2019elle soit tributaire des crises, qu\u2019elles soient politiques, g\u00e9opolitiques ou budg\u00e9taires. Il ne s\u2019agit plus seulement de piloter une strat\u00e9gie \u00e0 partir du centre, mais de permettre \u00e0 chaque minist\u00e8re et \u00e0 chacune de ses directions, \u00e0 chaque service d\u00e9concentr\u00e9, de s\u2019approprier ces objectifs et de les traduire dans ses pratiques. Il vous reste 64.49% de cet article \u00e0 lire. La suite est r\u00e9serv\u00e9e aux abonn\u00e9s.\" \/>\n<meta property=\"og:url\" content=\"https:\/\/vof-news.eu\/fr\/la-transition-ecologique-doit-sinscrire-dans-le-fonctionnement-quotidien-de-ladministration-et-des-services-publics\/\" \/>\n<meta property=\"og:site_name\" content=\"vof-news.eu\" \/>\n<meta property=\"article:published_time\" content=\"2025-07-06T06:31:18+00:00\" \/>\n<meta property=\"article:modified_time\" content=\"2025-07-06T06:31:31+00:00\" \/>\n<meta name=\"author\" content=\"Author\" \/>\n<meta name=\"twitter:card\" content=\"summary_large_image\" \/>\n<meta name=\"twitter:label1\" content=\"\u00c9crit par\" \/>\n\t<meta name=\"twitter:data1\" content=\"Author\" \/>\n\t<meta name=\"twitter:label2\" content=\"Dur\u00e9e de lecture estim\u00e9e\" \/>\n\t<meta name=\"twitter:data2\" content=\"2 minutes\" \/>\n<script type=\"application\/ld+json\" class=\"yoast-schema-graph\">{\"@context\":\"https:\/\/schema.org\",\"@graph\":[{\"@type\":\"WebPage\",\"@id\":\"https:\/\/vof-news.eu\/fr\/la-transition-ecologique-doit-sinscrire-dans-le-fonctionnement-quotidien-de-ladministration-et-des-services-publics\/\",\"url\":\"https:\/\/vof-news.eu\/fr\/la-transition-ecologique-doit-sinscrire-dans-le-fonctionnement-quotidien-de-ladministration-et-des-services-publics\/\",\"name\":\"\u00ab\u00a0La transition \u00e9cologique doit s\u2019inscrire dans le fonctionnement quotidien de l\u2019administration et des services publics\u00a0\u00bb - vof-news.eu\",\"isPartOf\":{\"@id\":\"https:\/\/vof-news.eu\/fr\/#website\"},\"datePublished\":\"2025-07-06T06:31:18+00:00\",\"dateModified\":\"2025-07-06T06:31:31+00:00\",\"author\":{\"@id\":\"https:\/\/vof-news.eu\/fr\/#\/schema\/person\/f6a2a4309f0561835797fd8c19b333ed\"},\"description\":\"Depuis plusieurs ann\u00e9es, la transition \u00e9cologique suit, en France, une trajectoire h\u00e9sitante. A des d\u00e9cisions structurantes succ\u00e8dent r\u00e9guli\u00e8rement des reculs ou des ralentissements. R\u00e9cemment, la loi Climat et r\u00e9silience, la cr\u00e9ation du secr\u00e9tariat g\u00e9n\u00e9ral \u00e0 la planification \u00e9cologique en\u00a02022, le lancement du plan de transformation \u00e9cologique de l\u2019Etat se sont vus remis en cause par la suspension des zones \u00e0 faibles \u00e9missions, le d\u00e9mant\u00e8lement progressif de l\u2019objectif z\u00e9ro artificialisation nette, le moratoire sur les \u00e9nergies renouvelables et bien d\u2019autres reculs. Cette alternance est assez famili\u00e8re des politiques publiques, presque install\u00e9e. Pourtant, dans le cadre de la transition \u00e9cologique, elle entre chaque jour davantage en contradiction avec ce que les sciences de l\u2019environnement nous indiquent et, plus encore, avec ce que la r\u00e9alit\u00e9 physique nous impose. Le climat se r\u00e9chauffe, les s\u00e9cheresses s\u2019intensifient, la perte de biodiversit\u00e9 menace notre agriculture, les in\u00e9galit\u00e9s socio-\u00e9conomiques face aux risques s\u2019aggravent. Les politiques publiques qui ne s\u2019adaptent pas sont d\u00e9j\u00e0 d\u00e9pass\u00e9es. Ce qui n\u2019avance pas sera corrig\u00e9, non par sursaut politique, mais par les effets de plus en plus visibles de l\u2019irr\u00e9versibilit\u00e9. Dans ce contexte, la nomination d\u2019un nouveau secr\u00e9taire g\u00e9n\u00e9ral \u00e0 la planification \u00e9cologique (Augustin Augier, le 12\u00a0juin) repr\u00e9sente une chance pour redonner du souffle \u00e0 une ambition commune. Non pas en relan\u00e7ant un \u00e9ni\u00e8me plan, mais en ancrant durablement la planification \u00e9cologique dans le fonctionnement quotidien de l\u2019administration et des services publics, sans qu\u2019elle soit tributaire des crises, qu\u2019elles soient politiques, g\u00e9opolitiques ou budg\u00e9taires. Il ne s\u2019agit plus seulement de piloter une strat\u00e9gie \u00e0 partir du centre, mais de permettre \u00e0 chaque minist\u00e8re et \u00e0 chacune de ses directions, \u00e0 chaque service d\u00e9concentr\u00e9, de s\u2019approprier ces objectifs et de les traduire dans ses pratiques. Il vous reste 64.49% de cet article \u00e0 lire. La suite est r\u00e9serv\u00e9e aux abonn\u00e9s.\",\"breadcrumb\":{\"@id\":\"https:\/\/vof-news.eu\/fr\/la-transition-ecologique-doit-sinscrire-dans-le-fonctionnement-quotidien-de-ladministration-et-des-services-publics\/#breadcrumb\"},\"inLanguage\":\"fr-FR\",\"potentialAction\":[{\"@type\":\"ReadAction\",\"target\":[\"https:\/\/vof-news.eu\/fr\/la-transition-ecologique-doit-sinscrire-dans-le-fonctionnement-quotidien-de-ladministration-et-des-services-publics\/\"]}]},{\"@type\":\"BreadcrumbList\",\"@id\":\"https:\/\/vof-news.eu\/fr\/la-transition-ecologique-doit-sinscrire-dans-le-fonctionnement-quotidien-de-ladministration-et-des-services-publics\/#breadcrumb\",\"itemListElement\":[{\"@type\":\"ListItem\",\"position\":1,\"name\":\"Home\",\"item\":\"https:\/\/vof-news.eu\/fr\/\"},{\"@type\":\"ListItem\",\"position\":2,\"name\":\"\u00ab\u00a0La transition \u00e9cologique doit s\u2019inscrire dans le fonctionnement quotidien de l\u2019administration et des services publics\u00a0\u00bb\"}]},{\"@type\":\"WebSite\",\"@id\":\"https:\/\/vof-news.eu\/fr\/#website\",\"url\":\"https:\/\/vof-news.eu\/fr\/\",\"name\":\"vof-news.eu\",\"description\":\"\",\"potentialAction\":[{\"@type\":\"SearchAction\",\"target\":{\"@type\":\"EntryPoint\",\"urlTemplate\":\"https:\/\/vof-news.eu\/fr\/?s={search_term_string}\"},\"query-input\":\"required name=search_term_string\"}],\"inLanguage\":\"fr-FR\"},{\"@type\":\"Person\",\"@id\":\"https:\/\/vof-news.eu\/fr\/#\/schema\/person\/f6a2a4309f0561835797fd8c19b333ed\",\"name\":\"Author\",\"image\":{\"@type\":\"ImageObject\",\"inLanguage\":\"fr-FR\",\"@id\":\"https:\/\/vof-news.eu\/fr\/#\/schema\/person\/image\/\",\"url\":\"https:\/\/secure.gravatar.com\/avatar\/b67e614b1b25b3e9c0c239efdd2fde5ab015b5affd6f1c3c85911ca4b384e790?s=96&d=mm&r=g\",\"contentUrl\":\"https:\/\/secure.gravatar.com\/avatar\/b67e614b1b25b3e9c0c239efdd2fde5ab015b5affd6f1c3c85911ca4b384e790?s=96&d=mm&r=g\",\"caption\":\"Author\"},\"sameAs\":[\"http:\/\/vof-news.eu\"],\"url\":\"https:\/\/vof-news.eu\/fr\/author\/zwt6qxnjulxbnyg\/\"}]}<\/script>\n<!-- \/ Yoast SEO plugin. -->","yoast_head_json":{"title":"\u00ab\u00a0La transition \u00e9cologique doit s\u2019inscrire dans le fonctionnement quotidien de l\u2019administration et des services publics\u00a0\u00bb - vof-news.eu","description":"Depuis plusieurs ann\u00e9es, la transition \u00e9cologique suit, en France, une trajectoire h\u00e9sitante. A des d\u00e9cisions structurantes succ\u00e8dent r\u00e9guli\u00e8rement des reculs ou des ralentissements. R\u00e9cemment, la loi Climat et r\u00e9silience, la cr\u00e9ation du secr\u00e9tariat g\u00e9n\u00e9ral \u00e0 la planification \u00e9cologique en\u00a02022, le lancement du plan de transformation \u00e9cologique de l\u2019Etat se sont vus remis en cause par la suspension des zones \u00e0 faibles \u00e9missions, le d\u00e9mant\u00e8lement progressif de l\u2019objectif z\u00e9ro artificialisation nette, le moratoire sur les \u00e9nergies renouvelables et bien d\u2019autres reculs.   Cette alternance est assez famili\u00e8re des politiques publiques, presque install\u00e9e. Pourtant, dans le cadre de la transition \u00e9cologique, elle entre chaque jour davantage en contradiction avec ce que les sciences de l\u2019environnement nous indiquent et, plus encore, avec ce que la r\u00e9alit\u00e9 physique nous impose. Le climat se r\u00e9chauffe, les s\u00e9cheresses s\u2019intensifient, la perte de biodiversit\u00e9 menace notre agriculture, les in\u00e9galit\u00e9s socio-\u00e9conomiques face aux risques s\u2019aggravent. Les politiques publiques qui ne s\u2019adaptent pas sont d\u00e9j\u00e0 d\u00e9pass\u00e9es. Ce qui n\u2019avance pas sera corrig\u00e9, non par sursaut politique, mais par les effets de plus en plus visibles de l\u2019irr\u00e9versibilit\u00e9. Dans ce contexte, la nomination d\u2019un nouveau secr\u00e9taire g\u00e9n\u00e9ral \u00e0 la planification \u00e9cologique (Augustin Augier, le 12\u00a0juin) repr\u00e9sente une chance pour redonner du souffle \u00e0 une ambition commune. Non pas en relan\u00e7ant un \u00e9ni\u00e8me plan, mais en ancrant durablement la planification \u00e9cologique dans le fonctionnement quotidien de l\u2019administration et des services publics, sans qu\u2019elle soit tributaire des crises, qu\u2019elles soient politiques, g\u00e9opolitiques ou budg\u00e9taires. Il ne s\u2019agit plus seulement de piloter une strat\u00e9gie \u00e0 partir du centre, mais de permettre \u00e0 chaque minist\u00e8re et \u00e0 chacune de ses directions, \u00e0 chaque service d\u00e9concentr\u00e9, de s\u2019approprier ces objectifs et de les traduire dans ses pratiques. Il vous reste 64.49% de cet article \u00e0 lire. La suite est r\u00e9serv\u00e9e aux abonn\u00e9s.","robots":{"index":"noindex","follow":"follow","max-snippet":"max-snippet:-1","max-image-preview":"max-image-preview:large","max-video-preview":"max-video-preview:-1"},"og_locale":"fr_FR","og_type":"article","og_title":"\u00ab\u00a0La transition \u00e9cologique doit s\u2019inscrire dans le fonctionnement quotidien de l\u2019administration et des services publics\u00a0\u00bb - vof-news.eu","og_description":"Depuis plusieurs ann\u00e9es, la transition \u00e9cologique suit, en France, une trajectoire h\u00e9sitante. A des d\u00e9cisions structurantes succ\u00e8dent r\u00e9guli\u00e8rement des reculs ou des ralentissements. R\u00e9cemment, la loi Climat et r\u00e9silience, la cr\u00e9ation du secr\u00e9tariat g\u00e9n\u00e9ral \u00e0 la planification \u00e9cologique en\u00a02022, le lancement du plan de transformation \u00e9cologique de l\u2019Etat se sont vus remis en cause par la suspension des zones \u00e0 faibles \u00e9missions, le d\u00e9mant\u00e8lement progressif de l\u2019objectif z\u00e9ro artificialisation nette, le moratoire sur les \u00e9nergies renouvelables et bien d\u2019autres reculs.   Cette alternance est assez famili\u00e8re des politiques publiques, presque install\u00e9e. Pourtant, dans le cadre de la transition \u00e9cologique, elle entre chaque jour davantage en contradiction avec ce que les sciences de l\u2019environnement nous indiquent et, plus encore, avec ce que la r\u00e9alit\u00e9 physique nous impose. Le climat se r\u00e9chauffe, les s\u00e9cheresses s\u2019intensifient, la perte de biodiversit\u00e9 menace notre agriculture, les in\u00e9galit\u00e9s socio-\u00e9conomiques face aux risques s\u2019aggravent. Les politiques publiques qui ne s\u2019adaptent pas sont d\u00e9j\u00e0 d\u00e9pass\u00e9es. Ce qui n\u2019avance pas sera corrig\u00e9, non par sursaut politique, mais par les effets de plus en plus visibles de l\u2019irr\u00e9versibilit\u00e9. Dans ce contexte, la nomination d\u2019un nouveau secr\u00e9taire g\u00e9n\u00e9ral \u00e0 la planification \u00e9cologique (Augustin Augier, le 12\u00a0juin) repr\u00e9sente une chance pour redonner du souffle \u00e0 une ambition commune. Non pas en relan\u00e7ant un \u00e9ni\u00e8me plan, mais en ancrant durablement la planification \u00e9cologique dans le fonctionnement quotidien de l\u2019administration et des services publics, sans qu\u2019elle soit tributaire des crises, qu\u2019elles soient politiques, g\u00e9opolitiques ou budg\u00e9taires. Il ne s\u2019agit plus seulement de piloter une strat\u00e9gie \u00e0 partir du centre, mais de permettre \u00e0 chaque minist\u00e8re et \u00e0 chacune de ses directions, \u00e0 chaque service d\u00e9concentr\u00e9, de s\u2019approprier ces objectifs et de les traduire dans ses pratiques. Il vous reste 64.49% de cet article \u00e0 lire. La suite est r\u00e9serv\u00e9e aux abonn\u00e9s.","og_url":"https:\/\/vof-news.eu\/fr\/la-transition-ecologique-doit-sinscrire-dans-le-fonctionnement-quotidien-de-ladministration-et-des-services-publics\/","og_site_name":"vof-news.eu","article_published_time":"2025-07-06T06:31:18+00:00","article_modified_time":"2025-07-06T06:31:31+00:00","author":"Author","twitter_card":"summary_large_image","twitter_misc":{"\u00c9crit par":"Author","Dur\u00e9e de lecture estim\u00e9e":"2 minutes"},"schema":{"@context":"https:\/\/schema.org","@graph":[{"@type":"WebPage","@id":"https:\/\/vof-news.eu\/fr\/la-transition-ecologique-doit-sinscrire-dans-le-fonctionnement-quotidien-de-ladministration-et-des-services-publics\/","url":"https:\/\/vof-news.eu\/fr\/la-transition-ecologique-doit-sinscrire-dans-le-fonctionnement-quotidien-de-ladministration-et-des-services-publics\/","name":"\u00ab\u00a0La transition \u00e9cologique doit s\u2019inscrire dans le fonctionnement quotidien de l\u2019administration et des services publics\u00a0\u00bb - vof-news.eu","isPartOf":{"@id":"https:\/\/vof-news.eu\/fr\/#website"},"datePublished":"2025-07-06T06:31:18+00:00","dateModified":"2025-07-06T06:31:31+00:00","author":{"@id":"https:\/\/vof-news.eu\/fr\/#\/schema\/person\/f6a2a4309f0561835797fd8c19b333ed"},"description":"Depuis plusieurs ann\u00e9es, la transition \u00e9cologique suit, en France, une trajectoire h\u00e9sitante. A des d\u00e9cisions structurantes succ\u00e8dent r\u00e9guli\u00e8rement des reculs ou des ralentissements. R\u00e9cemment, la loi Climat et r\u00e9silience, la cr\u00e9ation du secr\u00e9tariat g\u00e9n\u00e9ral \u00e0 la planification \u00e9cologique en\u00a02022, le lancement du plan de transformation \u00e9cologique de l\u2019Etat se sont vus remis en cause par la suspension des zones \u00e0 faibles \u00e9missions, le d\u00e9mant\u00e8lement progressif de l\u2019objectif z\u00e9ro artificialisation nette, le moratoire sur les \u00e9nergies renouvelables et bien d\u2019autres reculs. Cette alternance est assez famili\u00e8re des politiques publiques, presque install\u00e9e. Pourtant, dans le cadre de la transition \u00e9cologique, elle entre chaque jour davantage en contradiction avec ce que les sciences de l\u2019environnement nous indiquent et, plus encore, avec ce que la r\u00e9alit\u00e9 physique nous impose. Le climat se r\u00e9chauffe, les s\u00e9cheresses s\u2019intensifient, la perte de biodiversit\u00e9 menace notre agriculture, les in\u00e9galit\u00e9s socio-\u00e9conomiques face aux risques s\u2019aggravent. Les politiques publiques qui ne s\u2019adaptent pas sont d\u00e9j\u00e0 d\u00e9pass\u00e9es. Ce qui n\u2019avance pas sera corrig\u00e9, non par sursaut politique, mais par les effets de plus en plus visibles de l\u2019irr\u00e9versibilit\u00e9. Dans ce contexte, la nomination d\u2019un nouveau secr\u00e9taire g\u00e9n\u00e9ral \u00e0 la planification \u00e9cologique (Augustin Augier, le 12\u00a0juin) repr\u00e9sente une chance pour redonner du souffle \u00e0 une ambition commune. Non pas en relan\u00e7ant un \u00e9ni\u00e8me plan, mais en ancrant durablement la planification \u00e9cologique dans le fonctionnement quotidien de l\u2019administration et des services publics, sans qu\u2019elle soit tributaire des crises, qu\u2019elles soient politiques, g\u00e9opolitiques ou budg\u00e9taires. Il ne s\u2019agit plus seulement de piloter une strat\u00e9gie \u00e0 partir du centre, mais de permettre \u00e0 chaque minist\u00e8re et \u00e0 chacune de ses directions, \u00e0 chaque service d\u00e9concentr\u00e9, de s\u2019approprier ces objectifs et de les traduire dans ses pratiques. Il vous reste 64.49% de cet article \u00e0 lire. La suite est r\u00e9serv\u00e9e aux abonn\u00e9s.","breadcrumb":{"@id":"https:\/\/vof-news.eu\/fr\/la-transition-ecologique-doit-sinscrire-dans-le-fonctionnement-quotidien-de-ladministration-et-des-services-publics\/#breadcrumb"},"inLanguage":"fr-FR","potentialAction":[{"@type":"ReadAction","target":["https:\/\/vof-news.eu\/fr\/la-transition-ecologique-doit-sinscrire-dans-le-fonctionnement-quotidien-de-ladministration-et-des-services-publics\/"]}]},{"@type":"BreadcrumbList","@id":"https:\/\/vof-news.eu\/fr\/la-transition-ecologique-doit-sinscrire-dans-le-fonctionnement-quotidien-de-ladministration-et-des-services-publics\/#breadcrumb","itemListElement":[{"@type":"ListItem","position":1,"name":"Home","item":"https:\/\/vof-news.eu\/fr\/"},{"@type":"ListItem","position":2,"name":"\u00ab\u00a0La transition \u00e9cologique doit s\u2019inscrire dans le fonctionnement quotidien de l\u2019administration et des services publics\u00a0\u00bb"}]},{"@type":"WebSite","@id":"https:\/\/vof-news.eu\/fr\/#website","url":"https:\/\/vof-news.eu\/fr\/","name":"vof-news.eu","description":"","potentialAction":[{"@type":"SearchAction","target":{"@type":"EntryPoint","urlTemplate":"https:\/\/vof-news.eu\/fr\/?s={search_term_string}"},"query-input":"required name=search_term_string"}],"inLanguage":"fr-FR"},{"@type":"Person","@id":"https:\/\/vof-news.eu\/fr\/#\/schema\/person\/f6a2a4309f0561835797fd8c19b333ed","name":"Author","image":{"@type":"ImageObject","inLanguage":"fr-FR","@id":"https:\/\/vof-news.eu\/fr\/#\/schema\/person\/image\/","url":"https:\/\/secure.gravatar.com\/avatar\/b67e614b1b25b3e9c0c239efdd2fde5ab015b5affd6f1c3c85911ca4b384e790?s=96&d=mm&r=g","contentUrl":"https:\/\/secure.gravatar.com\/avatar\/b67e614b1b25b3e9c0c239efdd2fde5ab015b5affd6f1c3c85911ca4b384e790?s=96&d=mm&r=g","caption":"Author"},"sameAs":["http:\/\/vof-news.eu"],"url":"https:\/\/vof-news.eu\/fr\/author\/zwt6qxnjulxbnyg\/"}]}},"yoast_meta":{"yoast_wpseo_title":"","yoast_wpseo_metadesc":"","yoast_wpseo_canonical":""},"_links":{"self":[{"href":"https:\/\/vof-news.eu\/fr\/wp-json\/wp\/v2\/posts\/248076","targetHints":{"allow":["GET"]}}],"collection":[{"href":"https:\/\/vof-news.eu\/fr\/wp-json\/wp\/v2\/posts"}],"about":[{"href":"https:\/\/vof-news.eu\/fr\/wp-json\/wp\/v2\/types\/post"}],"author":[{"embeddable":true,"href":"https:\/\/vof-news.eu\/fr\/wp-json\/wp\/v2\/users\/1"}],"replies":[{"embeddable":true,"href":"https:\/\/vof-news.eu\/fr\/wp-json\/wp\/v2\/comments?post=248076"}],"version-history":[{"count":1,"href":"https:\/\/vof-news.eu\/fr\/wp-json\/wp\/v2\/posts\/248076\/revisions"}],"predecessor-version":[{"id":248077,"href":"https:\/\/vof-news.eu\/fr\/wp-json\/wp\/v2\/posts\/248076\/revisions\/248077"}],"wp:attachment":[{"href":"https:\/\/vof-news.eu\/fr\/wp-json\/wp\/v2\/media?parent=248076"}],"wp:term":[{"taxonomy":"category","embeddable":true,"href":"https:\/\/vof-news.eu\/fr\/wp-json\/wp\/v2\/categories?post=248076"},{"taxonomy":"post_tag","embeddable":true,"href":"https:\/\/vof-news.eu\/fr\/wp-json\/wp\/v2\/tags?post=248076"}],"curies":[{"name":"wp","href":"https:\/\/api.w.org\/{rel}","templated":true}]}}