{"id":248068,"date":"2025-07-06T09:30:15","date_gmt":"2025-07-06T06:30:15","guid":{"rendered":"https:\/\/vof-news.eu\/incendie-maitrise-dans-lherault-les-bouches-du-rhone-placees-en-vigilance-rouge-pour-les-feux-de-foret\/"},"modified":"2025-07-06T09:30:44","modified_gmt":"2025-07-06T06:30:44","slug":"incendie-maitrise-dans-lherault-les-bouches-du-rhone-placees-en-vigilance-rouge-pour-les-feux-de-foret","status":"publish","type":"post","link":"https:\/\/vof-news.eu\/fr\/incendie-maitrise-dans-lherault-les-bouches-du-rhone-placees-en-vigilance-rouge-pour-les-feux-de-foret\/","title":{"rendered":"Incendie ma\u00eetris\u00e9 dans l\u2019H\u00e9rault\u00a0; les Bouches-du-Rh\u00f4ne plac\u00e9es en vigilance rouge pour les feux de for\u00eat"},"content":{"rendered":"<article>\n<p>L\u2019incendie qui a parcouru samedi environ 400 hectares de for\u00eat et de v\u00e9g\u00e9tation dans l\u2019H\u00e9rault est depuis environ 1\u00a0heure du matin, mais reste sous surveillance, a appris l\u2019Agence France-Presse (AFP) aupr\u00e8s des pompiers, dimanche 6\u00a0juillet. , a d\u00e9clar\u00e9 le lieutenant-colonel J\u00e9r\u00f4me Bonnafoux du service d\u00e9partemental d\u2019incendie et de secours (Sdis34), pr\u00e9cisant que .<\/p>\n<p>Des <a href=\"https:\/\/www.lemonde.fr\/planete\/article\/2025\/07\/05\/dans-les-bouches-du-rhone-le-premier-incendie-d-ampleur-de-la-saison-a-parcouru-100-hectares-avant-d-etre-stabilise_6618619_3245.html\" rel=\"nofollow\">incendies d\u2019ampleur ont \u00e9clat\u00e9 samedi<\/a> dans l\u2019H\u00e9rault, les Bouches-du-Rh\u00f4ne et l\u2019Aude, trois d\u00e9partements o\u00f9 la vigilance orange canicule, en vigueur depuis le 27\u00a0juin, a \u00e9t\u00e9 lev\u00e9e dimanche matin par M\u00e9t\u00e9o-France. Mais une partie de l\u2019H\u00e9rault et tout le d\u00e9partement des Bouches-du-Rh\u00f4ne ont \u00e9t\u00e9 plac\u00e9s dimanche en alerte rouge pour les feux de for\u00eats. Ce niveau sera aussi d\u00e9clench\u00e9 lundi dans le Var et l\u2019Aude, avec interdiction d\u2019acc\u00e8s aux massifs forestiers.<\/p>\n<p>Dans l\u2019H\u00e9rault, le feu qui avait pris samedi en d\u00e9but d\u2019apr\u00e8s-midi sur le massif de la Gardiole, situ\u00e9 entre Montpellier et S\u00e8te, avait entra\u00een\u00e9 la fermeture de l\u2019autoroute A9 pendant cinq heures, provoquant d\u2019importants bouchons en plein week-end de d\u00e9parts en vacances.<\/p>\n<p>Plus \u00e0 l\u2019est, dans les Bouches-du-Rh\u00f4ne, un incendie sur la tr\u00e8s touristique C\u00f4te bleue, \u00e0 une quinzaine de kilom\u00e8tres au nord-ouest de Marseille, avait \u00e9t\u00e9  samedi matin apr\u00e8s avoir parcouru une centaine d\u2019hectares de for\u00eat.<\/p>\n<p>Dans l\u2019Aude, une semaine apr\u00e8s un premier incendie d\u2019ampleur, un nouveau feu, d\u00e9clench\u00e9 par un feu de voiture sur l\u2019autoroute A61, avait parcouru 400 hectares de v\u00e9g\u00e9tation en fin de journ\u00e9e, mobilisant plus de 300 pompiers et d\u2019importants moyens a\u00e9riens.<\/p>\n<section>  <span>\u00c9couter aussi<\/span> <span> <a href=\"https:\/\/www.lemonde.fr\/chaleur-humaine\/article\/2025\/06\/10\/climat-comment-faire-face-aux-megafeux_6611937_6125299.html\" rel=\"nofollow\"> Climat\u00a0: Comment faire face aux m\u00e9gafeux\u00a0? <\/a> <\/span> <\/section>\n<section>\n<p> <span>Le Monde avec AFP<\/span> <\/p>\n<\/section>\n<section>\n<section>\n<header>   <\/header>\n<section>\n<section> <a href=\"https:\/\/abo.lemonde.fr\/?lmd_medium=BOUTONS_LMFR&amp;lmd_campaign=CONTRIBUTION_ARTICLE\" rel=\"nofollow\">S\u2019abonner<\/a> <\/section>\n<\/section>\n<section><\/section>\n<\/section>\n<p>Contribuer<\/p>\n<p> <a href=\"https:\/\/www.lemonde.fr\/syndication\/\" rel=\"nofollow\">R\u00e9utiliser ce contenu<\/a> <\/section>\n<\/article>\n","protected":false},"excerpt":{"rendered":"<p>L\u2019incendie qui a parcouru samedi environ 400 hectares de for\u00eat et de v\u00e9g\u00e9tation dans l\u2019H\u00e9rault est depuis environ 1\u00a0heure du matin, mais reste sous surveillance, a appris l\u2019Agence France-Presse (AFP) aupr\u00e8s des pompiers, dimanche 6\u00a0juillet. , a d\u00e9clar\u00e9 le lieutenant-colonel J\u00e9r\u00f4me Bonnafoux du service d\u00e9partemental d\u2019incendie et de secours (Sdis34), pr\u00e9cisant que . Des incendies<\/p>\n","protected":false},"author":1,"featured_media":248069,"comment_status":"open","ping_status":"open","sticky":false,"template":"","format":"standard","meta":{"footnotes":""},"categories":[53],"tags":[],"class_list":["post-248068","post","type-post","status-publish","format-standard","has-post-thumbnail","hentry","category-main-news-fr"],"acf":[],"yoast_head":"<!-- This site is optimized with the Yoast SEO plugin v22.9 - https:\/\/yoast.com\/wordpress\/plugins\/seo\/ -->\n<title>Incendie ma\u00eetris\u00e9 dans l\u2019H\u00e9rault\u00a0; les Bouches-du-Rh\u00f4ne plac\u00e9es en vigilance rouge pour les feux de for\u00eat - vof-news.eu<\/title>\n<meta name=\"description\" content=\"L\u2019incendie qui a parcouru samedi environ 400 hectares de for\u00eat et de v\u00e9g\u00e9tation dans l\u2019H\u00e9rault est depuis environ 1\u00a0heure du matin, mais reste sous surveillance, a appris l\u2019Agence France-Presse (AFP) aupr\u00e8s des pompiers, dimanche 6\u00a0juillet. , a d\u00e9clar\u00e9 le lieutenant-colonel J\u00e9r\u00f4me Bonnafoux du service d\u00e9partemental d\u2019incendie et de secours (Sdis34), pr\u00e9cisant que . Des incendies d\u2019ampleur ont \u00e9clat\u00e9 samedi dans l\u2019H\u00e9rault, les Bouches-du-Rh\u00f4ne et l\u2019Aude, trois d\u00e9partements o\u00f9 la vigilance orange canicule, en vigueur depuis le 27\u00a0juin, a \u00e9t\u00e9 lev\u00e9e dimanche matin par M\u00e9t\u00e9o-France. Mais une partie de l\u2019H\u00e9rault et tout le d\u00e9partement des Bouches-du-Rh\u00f4ne ont \u00e9t\u00e9 plac\u00e9s dimanche en alerte rouge pour les feux de for\u00eats. Ce niveau sera aussi d\u00e9clench\u00e9 lundi dans le Var et l\u2019Aude, avec interdiction d\u2019acc\u00e8s aux massifs forestiers. Dans l\u2019H\u00e9rault, le feu qui avait pris samedi en d\u00e9but d\u2019apr\u00e8s-midi sur le massif de la Gardiole, situ\u00e9 entre Montpellier et S\u00e8te, avait entra\u00een\u00e9 la fermeture de l\u2019autoroute A9 pendant cinq heures, provoquant d\u2019importants bouchons en plein week-end de d\u00e9parts en vacances. Plus \u00e0 l\u2019est, dans les Bouches-du-Rh\u00f4ne, un incendie sur la tr\u00e8s touristique C\u00f4te bleue, \u00e0 une quinzaine de kilom\u00e8tres au nord-ouest de Marseille, avait \u00e9t\u00e9 samedi matin apr\u00e8s avoir parcouru une centaine d\u2019hectares de for\u00eat. Dans l\u2019Aude, une semaine apr\u00e8s un premier incendie d\u2019ampleur, un nouveau feu, d\u00e9clench\u00e9 par un feu de voiture sur l\u2019autoroute A61, avait parcouru 400 hectares de v\u00e9g\u00e9tation en fin de journ\u00e9e, mobilisant plus de 300 pompiers et d\u2019importants moyens a\u00e9riens.  \u00c9couter aussi  Climat\u00a0: Comment faire face aux m\u00e9gafeux\u00a0?   Le Monde avec AFP      S\u2019abonner   Contribuer R\u00e9utiliser ce contenu\" \/>\n<meta name=\"robots\" content=\"noindex, follow, max-snippet:-1, max-image-preview:large, max-video-preview:-1\" \/>\n<meta property=\"og:locale\" content=\"fr_FR\" \/>\n<meta property=\"og:type\" content=\"article\" \/>\n<meta property=\"og:title\" content=\"Incendie ma\u00eetris\u00e9 dans l\u2019H\u00e9rault\u00a0; les Bouches-du-Rh\u00f4ne plac\u00e9es en vigilance rouge pour les feux de for\u00eat - vof-news.eu\" \/>\n<meta property=\"og:description\" content=\"L\u2019incendie qui a parcouru samedi environ 400 hectares de for\u00eat et de v\u00e9g\u00e9tation dans l\u2019H\u00e9rault est depuis environ 1\u00a0heure du matin, mais reste sous surveillance, a appris l\u2019Agence France-Presse (AFP) aupr\u00e8s des pompiers, dimanche 6\u00a0juillet. , a d\u00e9clar\u00e9 le lieutenant-colonel J\u00e9r\u00f4me Bonnafoux du service d\u00e9partemental d\u2019incendie et de secours (Sdis34), pr\u00e9cisant que . Des incendies d\u2019ampleur ont \u00e9clat\u00e9 samedi dans l\u2019H\u00e9rault, les Bouches-du-Rh\u00f4ne et l\u2019Aude, trois d\u00e9partements o\u00f9 la vigilance orange canicule, en vigueur depuis le 27\u00a0juin, a \u00e9t\u00e9 lev\u00e9e dimanche matin par M\u00e9t\u00e9o-France. Mais une partie de l\u2019H\u00e9rault et tout le d\u00e9partement des Bouches-du-Rh\u00f4ne ont \u00e9t\u00e9 plac\u00e9s dimanche en alerte rouge pour les feux de for\u00eats. Ce niveau sera aussi d\u00e9clench\u00e9 lundi dans le Var et l\u2019Aude, avec interdiction d\u2019acc\u00e8s aux massifs forestiers. Dans l\u2019H\u00e9rault, le feu qui avait pris samedi en d\u00e9but d\u2019apr\u00e8s-midi sur le massif de la Gardiole, situ\u00e9 entre Montpellier et S\u00e8te, avait entra\u00een\u00e9 la fermeture de l\u2019autoroute A9 pendant cinq heures, provoquant d\u2019importants bouchons en plein week-end de d\u00e9parts en vacances. Plus \u00e0 l\u2019est, dans les Bouches-du-Rh\u00f4ne, un incendie sur la tr\u00e8s touristique C\u00f4te bleue, \u00e0 une quinzaine de kilom\u00e8tres au nord-ouest de Marseille, avait \u00e9t\u00e9 samedi matin apr\u00e8s avoir parcouru une centaine d\u2019hectares de for\u00eat. Dans l\u2019Aude, une semaine apr\u00e8s un premier incendie d\u2019ampleur, un nouveau feu, d\u00e9clench\u00e9 par un feu de voiture sur l\u2019autoroute A61, avait parcouru 400 hectares de v\u00e9g\u00e9tation en fin de journ\u00e9e, mobilisant plus de 300 pompiers et d\u2019importants moyens a\u00e9riens.  \u00c9couter aussi  Climat\u00a0: Comment faire face aux m\u00e9gafeux\u00a0?   Le Monde avec AFP      S\u2019abonner   Contribuer R\u00e9utiliser ce contenu\" \/>\n<meta property=\"og:url\" content=\"https:\/\/vof-news.eu\/fr\/incendie-maitrise-dans-lherault-les-bouches-du-rhone-placees-en-vigilance-rouge-pour-les-feux-de-foret\/\" \/>\n<meta property=\"og:site_name\" content=\"vof-news.eu\" \/>\n<meta property=\"article:published_time\" content=\"2025-07-06T06:30:15+00:00\" \/>\n<meta property=\"article:modified_time\" content=\"2025-07-06T06:30:44+00:00\" \/>\n<meta property=\"og:image\" content=\"https:\/\/vof-news.eu\/wp-content\/uploads\/2025\/07\/e2357b9_ftp-import-images-1-845cvxkn3ndy-5339549-01-06.jpg\" \/>\n\t<meta property=\"og:image:width\" content=\"664\" \/>\n\t<meta property=\"og:image:height\" content=\"443\" \/>\n\t<meta property=\"og:image:type\" content=\"image\/jpeg\" \/>\n<meta name=\"author\" content=\"Author\" \/>\n<meta name=\"twitter:card\" content=\"summary_large_image\" \/>\n<meta name=\"twitter:label1\" content=\"\u00c9crit par\" \/>\n\t<meta name=\"twitter:data1\" content=\"Author\" \/>\n\t<meta name=\"twitter:label2\" content=\"Dur\u00e9e de lecture estim\u00e9e\" \/>\n\t<meta name=\"twitter:data2\" content=\"2 minutes\" \/>\n<script type=\"application\/ld+json\" class=\"yoast-schema-graph\">{\"@context\":\"https:\/\/schema.org\",\"@graph\":[{\"@type\":\"WebPage\",\"@id\":\"https:\/\/vof-news.eu\/fr\/incendie-maitrise-dans-lherault-les-bouches-du-rhone-placees-en-vigilance-rouge-pour-les-feux-de-foret\/\",\"url\":\"https:\/\/vof-news.eu\/fr\/incendie-maitrise-dans-lherault-les-bouches-du-rhone-placees-en-vigilance-rouge-pour-les-feux-de-foret\/\",\"name\":\"Incendie ma\u00eetris\u00e9 dans l\u2019H\u00e9rault\u00a0; les Bouches-du-Rh\u00f4ne plac\u00e9es en vigilance rouge pour les feux de for\u00eat - vof-news.eu\",\"isPartOf\":{\"@id\":\"https:\/\/vof-news.eu\/fr\/#website\"},\"primaryImageOfPage\":{\"@id\":\"https:\/\/vof-news.eu\/fr\/incendie-maitrise-dans-lherault-les-bouches-du-rhone-placees-en-vigilance-rouge-pour-les-feux-de-foret\/#primaryimage\"},\"image\":{\"@id\":\"https:\/\/vof-news.eu\/fr\/incendie-maitrise-dans-lherault-les-bouches-du-rhone-placees-en-vigilance-rouge-pour-les-feux-de-foret\/#primaryimage\"},\"thumbnailUrl\":\"https:\/\/vof-news.eu\/wp-content\/uploads\/2025\/07\/e2357b9_ftp-import-images-1-845cvxkn3ndy-5339549-01-06.jpg\",\"datePublished\":\"2025-07-06T06:30:15+00:00\",\"dateModified\":\"2025-07-06T06:30:44+00:00\",\"author\":{\"@id\":\"https:\/\/vof-news.eu\/fr\/#\/schema\/person\/f6a2a4309f0561835797fd8c19b333ed\"},\"description\":\"L\u2019incendie qui a parcouru samedi environ 400 hectares de for\u00eat et de v\u00e9g\u00e9tation dans l\u2019H\u00e9rault est depuis environ 1\u00a0heure du matin, mais reste sous surveillance, a appris l\u2019Agence France-Presse (AFP) aupr\u00e8s des pompiers, dimanche 6\u00a0juillet. , a d\u00e9clar\u00e9 le lieutenant-colonel J\u00e9r\u00f4me Bonnafoux du service d\u00e9partemental d\u2019incendie et de secours (Sdis34), pr\u00e9cisant que . Des incendies d\u2019ampleur ont \u00e9clat\u00e9 samedi dans l\u2019H\u00e9rault, les Bouches-du-Rh\u00f4ne et l\u2019Aude, trois d\u00e9partements o\u00f9 la vigilance orange canicule, en vigueur depuis le 27\u00a0juin, a \u00e9t\u00e9 lev\u00e9e dimanche matin par M\u00e9t\u00e9o-France. Mais une partie de l\u2019H\u00e9rault et tout le d\u00e9partement des Bouches-du-Rh\u00f4ne ont \u00e9t\u00e9 plac\u00e9s dimanche en alerte rouge pour les feux de for\u00eats. Ce niveau sera aussi d\u00e9clench\u00e9 lundi dans le Var et l\u2019Aude, avec interdiction d\u2019acc\u00e8s aux massifs forestiers. Dans l\u2019H\u00e9rault, le feu qui avait pris samedi en d\u00e9but d\u2019apr\u00e8s-midi sur le massif de la Gardiole, situ\u00e9 entre Montpellier et S\u00e8te, avait entra\u00een\u00e9 la fermeture de l\u2019autoroute A9 pendant cinq heures, provoquant d\u2019importants bouchons en plein week-end de d\u00e9parts en vacances. Plus \u00e0 l\u2019est, dans les Bouches-du-Rh\u00f4ne, un incendie sur la tr\u00e8s touristique C\u00f4te bleue, \u00e0 une quinzaine de kilom\u00e8tres au nord-ouest de Marseille, avait \u00e9t\u00e9 samedi matin apr\u00e8s avoir parcouru une centaine d\u2019hectares de for\u00eat. Dans l\u2019Aude, une semaine apr\u00e8s un premier incendie d\u2019ampleur, un nouveau feu, d\u00e9clench\u00e9 par un feu de voiture sur l\u2019autoroute A61, avait parcouru 400 hectares de v\u00e9g\u00e9tation en fin de journ\u00e9e, mobilisant plus de 300 pompiers et d\u2019importants moyens a\u00e9riens. \u00c9couter aussi Climat\u00a0: Comment faire face aux m\u00e9gafeux\u00a0? Le Monde avec AFP S\u2019abonner Contribuer R\u00e9utiliser ce contenu\",\"breadcrumb\":{\"@id\":\"https:\/\/vof-news.eu\/fr\/incendie-maitrise-dans-lherault-les-bouches-du-rhone-placees-en-vigilance-rouge-pour-les-feux-de-foret\/#breadcrumb\"},\"inLanguage\":\"fr-FR\",\"potentialAction\":[{\"@type\":\"ReadAction\",\"target\":[\"https:\/\/vof-news.eu\/fr\/incendie-maitrise-dans-lherault-les-bouches-du-rhone-placees-en-vigilance-rouge-pour-les-feux-de-foret\/\"]}]},{\"@type\":\"ImageObject\",\"inLanguage\":\"fr-FR\",\"@id\":\"https:\/\/vof-news.eu\/fr\/incendie-maitrise-dans-lherault-les-bouches-du-rhone-placees-en-vigilance-rouge-pour-les-feux-de-foret\/#primaryimage\",\"url\":\"https:\/\/vof-news.eu\/wp-content\/uploads\/2025\/07\/e2357b9_ftp-import-images-1-845cvxkn3ndy-5339549-01-06.jpg\",\"contentUrl\":\"https:\/\/vof-news.eu\/wp-content\/uploads\/2025\/07\/e2357b9_ftp-import-images-1-845cvxkn3ndy-5339549-01-06.jpg\",\"width\":664,\"height\":443},{\"@type\":\"BreadcrumbList\",\"@id\":\"https:\/\/vof-news.eu\/fr\/incendie-maitrise-dans-lherault-les-bouches-du-rhone-placees-en-vigilance-rouge-pour-les-feux-de-foret\/#breadcrumb\",\"itemListElement\":[{\"@type\":\"ListItem\",\"position\":1,\"name\":\"Home\",\"item\":\"https:\/\/vof-news.eu\/fr\/\"},{\"@type\":\"ListItem\",\"position\":2,\"name\":\"Incendie ma\u00eetris\u00e9 dans l\u2019H\u00e9rault\u00a0; les Bouches-du-Rh\u00f4ne plac\u00e9es en vigilance rouge pour les feux de for\u00eat\"}]},{\"@type\":\"WebSite\",\"@id\":\"https:\/\/vof-news.eu\/fr\/#website\",\"url\":\"https:\/\/vof-news.eu\/fr\/\",\"name\":\"vof-news.eu\",\"description\":\"\",\"potentialAction\":[{\"@type\":\"SearchAction\",\"target\":{\"@type\":\"EntryPoint\",\"urlTemplate\":\"https:\/\/vof-news.eu\/fr\/?s={search_term_string}\"},\"query-input\":\"required name=search_term_string\"}],\"inLanguage\":\"fr-FR\"},{\"@type\":\"Person\",\"@id\":\"https:\/\/vof-news.eu\/fr\/#\/schema\/person\/f6a2a4309f0561835797fd8c19b333ed\",\"name\":\"Author\",\"image\":{\"@type\":\"ImageObject\",\"inLanguage\":\"fr-FR\",\"@id\":\"https:\/\/vof-news.eu\/fr\/#\/schema\/person\/image\/\",\"url\":\"https:\/\/secure.gravatar.com\/avatar\/b67e614b1b25b3e9c0c239efdd2fde5ab015b5affd6f1c3c85911ca4b384e790?s=96&d=mm&r=g\",\"contentUrl\":\"https:\/\/secure.gravatar.com\/avatar\/b67e614b1b25b3e9c0c239efdd2fde5ab015b5affd6f1c3c85911ca4b384e790?s=96&d=mm&r=g\",\"caption\":\"Author\"},\"sameAs\":[\"http:\/\/vof-news.eu\"],\"url\":\"https:\/\/vof-news.eu\/fr\/author\/zwt6qxnjulxbnyg\/\"}]}<\/script>\n<!-- \/ Yoast SEO plugin. -->","yoast_head_json":{"title":"Incendie ma\u00eetris\u00e9 dans l\u2019H\u00e9rault\u00a0; les Bouches-du-Rh\u00f4ne plac\u00e9es en vigilance rouge pour les feux de for\u00eat - vof-news.eu","description":"L\u2019incendie qui a parcouru samedi environ 400 hectares de for\u00eat et de v\u00e9g\u00e9tation dans l\u2019H\u00e9rault est depuis environ 1\u00a0heure du matin, mais reste sous surveillance, a appris l\u2019Agence France-Presse (AFP) aupr\u00e8s des pompiers, dimanche 6\u00a0juillet. , a d\u00e9clar\u00e9 le lieutenant-colonel J\u00e9r\u00f4me Bonnafoux du service d\u00e9partemental d\u2019incendie et de secours (Sdis34), pr\u00e9cisant que . Des incendies d\u2019ampleur ont \u00e9clat\u00e9 samedi dans l\u2019H\u00e9rault, les Bouches-du-Rh\u00f4ne et l\u2019Aude, trois d\u00e9partements o\u00f9 la vigilance orange canicule, en vigueur depuis le 27\u00a0juin, a \u00e9t\u00e9 lev\u00e9e dimanche matin par M\u00e9t\u00e9o-France. Mais une partie de l\u2019H\u00e9rault et tout le d\u00e9partement des Bouches-du-Rh\u00f4ne ont \u00e9t\u00e9 plac\u00e9s dimanche en alerte rouge pour les feux de for\u00eats. Ce niveau sera aussi d\u00e9clench\u00e9 lundi dans le Var et l\u2019Aude, avec interdiction d\u2019acc\u00e8s aux massifs forestiers. Dans l\u2019H\u00e9rault, le feu qui avait pris samedi en d\u00e9but d\u2019apr\u00e8s-midi sur le massif de la Gardiole, situ\u00e9 entre Montpellier et S\u00e8te, avait entra\u00een\u00e9 la fermeture de l\u2019autoroute A9 pendant cinq heures, provoquant d\u2019importants bouchons en plein week-end de d\u00e9parts en vacances. Plus \u00e0 l\u2019est, dans les Bouches-du-Rh\u00f4ne, un incendie sur la tr\u00e8s touristique C\u00f4te bleue, \u00e0 une quinzaine de kilom\u00e8tres au nord-ouest de Marseille, avait \u00e9t\u00e9 samedi matin apr\u00e8s avoir parcouru une centaine d\u2019hectares de for\u00eat. Dans l\u2019Aude, une semaine apr\u00e8s un premier incendie d\u2019ampleur, un nouveau feu, d\u00e9clench\u00e9 par un feu de voiture sur l\u2019autoroute A61, avait parcouru 400 hectares de v\u00e9g\u00e9tation en fin de journ\u00e9e, mobilisant plus de 300 pompiers et d\u2019importants moyens a\u00e9riens.  \u00c9couter aussi  Climat\u00a0: Comment faire face aux m\u00e9gafeux\u00a0?   Le Monde avec AFP      S\u2019abonner   Contribuer R\u00e9utiliser ce contenu","robots":{"index":"noindex","follow":"follow","max-snippet":"max-snippet:-1","max-image-preview":"max-image-preview:large","max-video-preview":"max-video-preview:-1"},"og_locale":"fr_FR","og_type":"article","og_title":"Incendie ma\u00eetris\u00e9 dans l\u2019H\u00e9rault\u00a0; les Bouches-du-Rh\u00f4ne plac\u00e9es en vigilance rouge pour les feux de for\u00eat - vof-news.eu","og_description":"L\u2019incendie qui a parcouru samedi environ 400 hectares de for\u00eat et de v\u00e9g\u00e9tation dans l\u2019H\u00e9rault est depuis environ 1\u00a0heure du matin, mais reste sous surveillance, a appris l\u2019Agence France-Presse (AFP) aupr\u00e8s des pompiers, dimanche 6\u00a0juillet. , a d\u00e9clar\u00e9 le lieutenant-colonel J\u00e9r\u00f4me Bonnafoux du service d\u00e9partemental d\u2019incendie et de secours (Sdis34), pr\u00e9cisant que . Des incendies d\u2019ampleur ont \u00e9clat\u00e9 samedi dans l\u2019H\u00e9rault, les Bouches-du-Rh\u00f4ne et l\u2019Aude, trois d\u00e9partements o\u00f9 la vigilance orange canicule, en vigueur depuis le 27\u00a0juin, a \u00e9t\u00e9 lev\u00e9e dimanche matin par M\u00e9t\u00e9o-France. Mais une partie de l\u2019H\u00e9rault et tout le d\u00e9partement des Bouches-du-Rh\u00f4ne ont \u00e9t\u00e9 plac\u00e9s dimanche en alerte rouge pour les feux de for\u00eats. Ce niveau sera aussi d\u00e9clench\u00e9 lundi dans le Var et l\u2019Aude, avec interdiction d\u2019acc\u00e8s aux massifs forestiers. Dans l\u2019H\u00e9rault, le feu qui avait pris samedi en d\u00e9but d\u2019apr\u00e8s-midi sur le massif de la Gardiole, situ\u00e9 entre Montpellier et S\u00e8te, avait entra\u00een\u00e9 la fermeture de l\u2019autoroute A9 pendant cinq heures, provoquant d\u2019importants bouchons en plein week-end de d\u00e9parts en vacances. Plus \u00e0 l\u2019est, dans les Bouches-du-Rh\u00f4ne, un incendie sur la tr\u00e8s touristique C\u00f4te bleue, \u00e0 une quinzaine de kilom\u00e8tres au nord-ouest de Marseille, avait \u00e9t\u00e9 samedi matin apr\u00e8s avoir parcouru une centaine d\u2019hectares de for\u00eat. Dans l\u2019Aude, une semaine apr\u00e8s un premier incendie d\u2019ampleur, un nouveau feu, d\u00e9clench\u00e9 par un feu de voiture sur l\u2019autoroute A61, avait parcouru 400 hectares de v\u00e9g\u00e9tation en fin de journ\u00e9e, mobilisant plus de 300 pompiers et d\u2019importants moyens a\u00e9riens.  \u00c9couter aussi  Climat\u00a0: Comment faire face aux m\u00e9gafeux\u00a0?   Le Monde avec AFP      S\u2019abonner   Contribuer R\u00e9utiliser ce contenu","og_url":"https:\/\/vof-news.eu\/fr\/incendie-maitrise-dans-lherault-les-bouches-du-rhone-placees-en-vigilance-rouge-pour-les-feux-de-foret\/","og_site_name":"vof-news.eu","article_published_time":"2025-07-06T06:30:15+00:00","article_modified_time":"2025-07-06T06:30:44+00:00","og_image":[{"width":664,"height":443,"url":"https:\/\/vof-news.eu\/wp-content\/uploads\/2025\/07\/e2357b9_ftp-import-images-1-845cvxkn3ndy-5339549-01-06.jpg","type":"image\/jpeg"}],"author":"Author","twitter_card":"summary_large_image","twitter_misc":{"\u00c9crit par":"Author","Dur\u00e9e de lecture estim\u00e9e":"2 minutes"},"schema":{"@context":"https:\/\/schema.org","@graph":[{"@type":"WebPage","@id":"https:\/\/vof-news.eu\/fr\/incendie-maitrise-dans-lherault-les-bouches-du-rhone-placees-en-vigilance-rouge-pour-les-feux-de-foret\/","url":"https:\/\/vof-news.eu\/fr\/incendie-maitrise-dans-lherault-les-bouches-du-rhone-placees-en-vigilance-rouge-pour-les-feux-de-foret\/","name":"Incendie ma\u00eetris\u00e9 dans l\u2019H\u00e9rault\u00a0; les Bouches-du-Rh\u00f4ne plac\u00e9es en vigilance rouge pour les feux de for\u00eat - vof-news.eu","isPartOf":{"@id":"https:\/\/vof-news.eu\/fr\/#website"},"primaryImageOfPage":{"@id":"https:\/\/vof-news.eu\/fr\/incendie-maitrise-dans-lherault-les-bouches-du-rhone-placees-en-vigilance-rouge-pour-les-feux-de-foret\/#primaryimage"},"image":{"@id":"https:\/\/vof-news.eu\/fr\/incendie-maitrise-dans-lherault-les-bouches-du-rhone-placees-en-vigilance-rouge-pour-les-feux-de-foret\/#primaryimage"},"thumbnailUrl":"https:\/\/vof-news.eu\/wp-content\/uploads\/2025\/07\/e2357b9_ftp-import-images-1-845cvxkn3ndy-5339549-01-06.jpg","datePublished":"2025-07-06T06:30:15+00:00","dateModified":"2025-07-06T06:30:44+00:00","author":{"@id":"https:\/\/vof-news.eu\/fr\/#\/schema\/person\/f6a2a4309f0561835797fd8c19b333ed"},"description":"L\u2019incendie qui a parcouru samedi environ 400 hectares de for\u00eat et de v\u00e9g\u00e9tation dans l\u2019H\u00e9rault est depuis environ 1\u00a0heure du matin, mais reste sous surveillance, a appris l\u2019Agence France-Presse (AFP) aupr\u00e8s des pompiers, dimanche 6\u00a0juillet. , a d\u00e9clar\u00e9 le lieutenant-colonel J\u00e9r\u00f4me Bonnafoux du service d\u00e9partemental d\u2019incendie et de secours (Sdis34), pr\u00e9cisant que . Des incendies d\u2019ampleur ont \u00e9clat\u00e9 samedi dans l\u2019H\u00e9rault, les Bouches-du-Rh\u00f4ne et l\u2019Aude, trois d\u00e9partements o\u00f9 la vigilance orange canicule, en vigueur depuis le 27\u00a0juin, a \u00e9t\u00e9 lev\u00e9e dimanche matin par M\u00e9t\u00e9o-France. Mais une partie de l\u2019H\u00e9rault et tout le d\u00e9partement des Bouches-du-Rh\u00f4ne ont \u00e9t\u00e9 plac\u00e9s dimanche en alerte rouge pour les feux de for\u00eats. Ce niveau sera aussi d\u00e9clench\u00e9 lundi dans le Var et l\u2019Aude, avec interdiction d\u2019acc\u00e8s aux massifs forestiers. Dans l\u2019H\u00e9rault, le feu qui avait pris samedi en d\u00e9but d\u2019apr\u00e8s-midi sur le massif de la Gardiole, situ\u00e9 entre Montpellier et S\u00e8te, avait entra\u00een\u00e9 la fermeture de l\u2019autoroute A9 pendant cinq heures, provoquant d\u2019importants bouchons en plein week-end de d\u00e9parts en vacances. Plus \u00e0 l\u2019est, dans les Bouches-du-Rh\u00f4ne, un incendie sur la tr\u00e8s touristique C\u00f4te bleue, \u00e0 une quinzaine de kilom\u00e8tres au nord-ouest de Marseille, avait \u00e9t\u00e9 samedi matin apr\u00e8s avoir parcouru une centaine d\u2019hectares de for\u00eat. Dans l\u2019Aude, une semaine apr\u00e8s un premier incendie d\u2019ampleur, un nouveau feu, d\u00e9clench\u00e9 par un feu de voiture sur l\u2019autoroute A61, avait parcouru 400 hectares de v\u00e9g\u00e9tation en fin de journ\u00e9e, mobilisant plus de 300 pompiers et d\u2019importants moyens a\u00e9riens. \u00c9couter aussi Climat\u00a0: Comment faire face aux m\u00e9gafeux\u00a0? Le Monde avec AFP S\u2019abonner Contribuer R\u00e9utiliser ce contenu","breadcrumb":{"@id":"https:\/\/vof-news.eu\/fr\/incendie-maitrise-dans-lherault-les-bouches-du-rhone-placees-en-vigilance-rouge-pour-les-feux-de-foret\/#breadcrumb"},"inLanguage":"fr-FR","potentialAction":[{"@type":"ReadAction","target":["https:\/\/vof-news.eu\/fr\/incendie-maitrise-dans-lherault-les-bouches-du-rhone-placees-en-vigilance-rouge-pour-les-feux-de-foret\/"]}]},{"@type":"ImageObject","inLanguage":"fr-FR","@id":"https:\/\/vof-news.eu\/fr\/incendie-maitrise-dans-lherault-les-bouches-du-rhone-placees-en-vigilance-rouge-pour-les-feux-de-foret\/#primaryimage","url":"https:\/\/vof-news.eu\/wp-content\/uploads\/2025\/07\/e2357b9_ftp-import-images-1-845cvxkn3ndy-5339549-01-06.jpg","contentUrl":"https:\/\/vof-news.eu\/wp-content\/uploads\/2025\/07\/e2357b9_ftp-import-images-1-845cvxkn3ndy-5339549-01-06.jpg","width":664,"height":443},{"@type":"BreadcrumbList","@id":"https:\/\/vof-news.eu\/fr\/incendie-maitrise-dans-lherault-les-bouches-du-rhone-placees-en-vigilance-rouge-pour-les-feux-de-foret\/#breadcrumb","itemListElement":[{"@type":"ListItem","position":1,"name":"Home","item":"https:\/\/vof-news.eu\/fr\/"},{"@type":"ListItem","position":2,"name":"Incendie ma\u00eetris\u00e9 dans l\u2019H\u00e9rault\u00a0; les Bouches-du-Rh\u00f4ne plac\u00e9es en vigilance rouge pour les feux de for\u00eat"}]},{"@type":"WebSite","@id":"https:\/\/vof-news.eu\/fr\/#website","url":"https:\/\/vof-news.eu\/fr\/","name":"vof-news.eu","description":"","potentialAction":[{"@type":"SearchAction","target":{"@type":"EntryPoint","urlTemplate":"https:\/\/vof-news.eu\/fr\/?s={search_term_string}"},"query-input":"required name=search_term_string"}],"inLanguage":"fr-FR"},{"@type":"Person","@id":"https:\/\/vof-news.eu\/fr\/#\/schema\/person\/f6a2a4309f0561835797fd8c19b333ed","name":"Author","image":{"@type":"ImageObject","inLanguage":"fr-FR","@id":"https:\/\/vof-news.eu\/fr\/#\/schema\/person\/image\/","url":"https:\/\/secure.gravatar.com\/avatar\/b67e614b1b25b3e9c0c239efdd2fde5ab015b5affd6f1c3c85911ca4b384e790?s=96&d=mm&r=g","contentUrl":"https:\/\/secure.gravatar.com\/avatar\/b67e614b1b25b3e9c0c239efdd2fde5ab015b5affd6f1c3c85911ca4b384e790?s=96&d=mm&r=g","caption":"Author"},"sameAs":["http:\/\/vof-news.eu"],"url":"https:\/\/vof-news.eu\/fr\/author\/zwt6qxnjulxbnyg\/"}]}},"yoast_meta":{"yoast_wpseo_title":"","yoast_wpseo_metadesc":"","yoast_wpseo_canonical":""},"_links":{"self":[{"href":"https:\/\/vof-news.eu\/fr\/wp-json\/wp\/v2\/posts\/248068","targetHints":{"allow":["GET"]}}],"collection":[{"href":"https:\/\/vof-news.eu\/fr\/wp-json\/wp\/v2\/posts"}],"about":[{"href":"https:\/\/vof-news.eu\/fr\/wp-json\/wp\/v2\/types\/post"}],"author":[{"embeddable":true,"href":"https:\/\/vof-news.eu\/fr\/wp-json\/wp\/v2\/users\/1"}],"replies":[{"embeddable":true,"href":"https:\/\/vof-news.eu\/fr\/wp-json\/wp\/v2\/comments?post=248068"}],"version-history":[{"count":1,"href":"https:\/\/vof-news.eu\/fr\/wp-json\/wp\/v2\/posts\/248068\/revisions"}],"predecessor-version":[{"id":248075,"href":"https:\/\/vof-news.eu\/fr\/wp-json\/wp\/v2\/posts\/248068\/revisions\/248075"}],"wp:featuredmedia":[{"embeddable":true,"href":"https:\/\/vof-news.eu\/fr\/wp-json\/wp\/v2\/media\/248069"}],"wp:attachment":[{"href":"https:\/\/vof-news.eu\/fr\/wp-json\/wp\/v2\/media?parent=248068"}],"wp:term":[{"taxonomy":"category","embeddable":true,"href":"https:\/\/vof-news.eu\/fr\/wp-json\/wp\/v2\/categories?post=248068"},{"taxonomy":"post_tag","embeddable":true,"href":"https:\/\/vof-news.eu\/fr\/wp-json\/wp\/v2\/tags?post=248068"}],"curies":[{"name":"wp","href":"https:\/\/api.w.org\/{rel}","templated":true}]}}